{"id":69655,"date":"2026-04-17T07:00:32","date_gmt":"2026-04-17T05:00:32","guid":{"rendered":"https:\/\/orthodoxalbania.org\/2020\/?p=69655"},"modified":"2026-04-28T12:49:52","modified_gmt":"2026-04-28T10:49:52","slug":"10-vjetori-i-fronezimit-te-hiresise-se-tij-imzot-andoni-si-mitropolit-i-elbasanit-16-04-2026-liturgjia-hyjnore-dokumentari","status":"publish","type":"post","link":"https:\/\/orthodoxalbania.org\/2020\/2026\/04\/17\/10-vjetori-i-fronezimit-te-hiresise-se-tij-imzot-andoni-si-mitropolit-i-elbasanit-16-04-2026-liturgjia-hyjnore-dokumentari\/","title":{"rendered":"10-Vjetori i Fron\u00ebzimit t\u00eb Hir\u00ebsis\u00eb s\u00eb tij imzot Andoni si Mitropolit i Elbasanit, 16.04.2026, Liturgjia Hyjnore &#038; Dokumentari."},"content":{"rendered":"<h4 class=\"style-scope ytd-watch-metadata\" style=\"text-align: center;\"><span class=\"ez-toc-section\" id=\"10-Vjetori_i_Fronezimit_te_Hiresise_se_tij_imzot_Andoni_si_Mitropolit_i_Elbasanit\"><\/span><strong>10-Vjetori i Fron\u00ebzimit t\u00eb Hir\u00ebsis\u00eb s\u00eb tij imzot Andoni si Mitropolit i Elbasanit<\/strong><span class=\"ez-toc-section-end\"><\/span><\/h4>\n<p>&nbsp;<\/p>\n<h4><span class=\"ez-toc-section\" id=\"Liturgjia_Hyjnore\"><\/span><em><strong>Liturgjia Hyjnore<\/strong><\/em><span class=\"ez-toc-section-end\"><\/span><\/h4>\n<p>&nbsp;<\/p>\n<p><iframe style=\"border: none; overflow: hidden;\" src=\"https:\/\/www.facebook.com\/plugins\/post.php?href=https%3A%2F%2Fwww.facebook.com%2Fkoash1991%2Fposts%2Fpfbid02yuCxc3mVAZa3wBHmkFbABs9843J58gVjn8uTbSkBhviWdd7gEFrGLTMrToMUVt1kl&amp;show_text=true&amp;width=500\" width=\"500\" height=\"451\" frameborder=\"0\" scrolling=\"no\" allowfullscreen=\"allowfullscreen\"><\/iframe><\/p>\n<p>&nbsp;<\/p>\n<hr \/>\n<div class=\"xdj266r x14z9mp xat24cr x1lziwak x1vvkbs x126k92a\">\n<div class=\"xdj266r x14z9mp xat24cr x1lziwak x1vvkbs x126k92a\">\n<h4 dir=\"auto\"><span class=\"ez-toc-section\" id=\"Fortlumturia_e_Tij_Joani_drejton_Liturgjine_Hyjnore_sot_me_17_prill_2026_ne_kishen_e_Shen_Nikolles_ne_Elbasan_me_rastin_e_pervjetorit_te_dhjete_te_Fronezimit_te_Imzot_Andonit_si_Mitropolit_i_Elbasanit\"><\/span><strong>Fortlumturia e Tij, Joani, drejton Liturgjin\u00eb Hyjnore sot, m\u00eb 17 prill 2026, n\u00eb kish\u00ebn e Sh\u00ebn Nikoll\u00ebs n\u00eb Elbasan me rastin e p\u00ebrvjetorit t\u00eb dhjet\u00eb t\u00eb Fron\u00ebzimit t\u00eb Imzot Andonit si Mitropolit i Elbasanit.<\/strong><span class=\"ez-toc-section-end\"><\/span><\/h4>\n<\/div>\n<div class=\"x14z9mp xat24cr x1lziwak x1vvkbs xtlvy1s x126k92a\">\n<h4 dir=\"auto\"><span class=\"ez-toc-section\" id=\"Fotoalbum\"><\/span><strong>Fotoalbum<\/strong><span class=\"ez-toc-section-end\"><\/span><\/h4>\n<h4 dir=\"auto\"><strong>Kisha e Sh\u00ebn Nikoll\u00ebs<br \/>\n<\/strong><strong>Elbasan, 17 prill 2026<\/strong><\/h4>\n<\/div>\n<\/div>\n<p>&nbsp;<\/p>\n<p><iframe style=\"border: none; overflow: hidden;\" src=\"https:\/\/www.facebook.com\/plugins\/post.php?href=https%3A%2F%2Fwww.facebook.com%2Fkoash1991%2Fposts%2Fpfbid02QCF37PDJB46f7GKQdW6Puqj4i51JigmEuLttTwaJhmb22CLzJxA9gGY1QvL4hGeXl&amp;show_text=true&amp;width=500\" width=\"500\" height=\"747\" frameborder=\"0\" scrolling=\"no\" allowfullscreen=\"allowfullscreen\"><\/iframe><\/p>\n<div class=\"xdj266r x14z9mp xat24cr x1lziwak x1vvkbs x126k92a\">\n<h4 dir=\"auto\"><\/h4>\n<hr \/>\n<h4 dir=\"auto\" style=\"text-align: center;\"><span class=\"ez-toc-section\" id=\"Fjala_e_Fortlumturise_se_Tij_Joani_ne_pervjetorin_e_dhjete_te_Hiresi_Andonit_si_Mitropolit_i_Elbasanit_Kisha_e_Shen_Nikolles_Elbasan_17_prill_2026_Tekst\"><\/span><strong>Fjala e Fortlumturis\u00eb s\u00eb Tij, Joani, n\u00eb p\u00ebrvjetorin e dhjet\u00eb t\u00eb Hir\u00ebsi Andonit, si Mitropolit i Elbasanit, Kisha e Sh\u00ebn Nikoll\u00ebs, <\/strong><strong>Elbasan, 17 prill 2026 (Tekst)<\/strong><span class=\"ez-toc-section-end\"><\/span><\/h4>\n<p>&nbsp;<\/p>\n<p dir=\"auto\" style=\"text-align: justify;\">Falenderoj Mitropolitin e Elbasanit p\u00ebr fjal\u00ebt e ngrohta. Nj\u00eb p\u00ebrvjetor \u00ebsht\u00eb gjithmon\u00eb g\u00ebzim i madh, sepse \u00ebsht\u00eb rast p\u00ebr meditim q\u00eb t\u00eb kthejm\u00eb kok\u00ebn pas dhe k\u00ebshtu t\u00eb kemi mund\u00ebsin\u00eb t\u00eb ecim p\u00ebrpara. Kjo \u00ebsht\u00eb nj\u00eb th\u00ebnie e lasht\u00eb q\u00eb vet\u00ebm njer\u00ebzit q\u00eb kthejn\u00eb kok\u00ebn pas kan\u00eb shansin t\u00eb ecin edhe p\u00ebrpara. Kjo do t\u00eb thot\u00eb t\u00eb m\u00ebsojn\u00eb nga historia, sepse historia \u00ebsht\u00eb nj\u00eb m\u00ebsues shum\u00eb i mir\u00eb p\u00ebr gjithsecilin nga ne. Ju t\u00eb gjith\u00eb e dini q\u00eb kisha k\u00ebtu tek ne kaloi n\u00ebp\u00ebrmjet nj\u00eb Kalvari shum\u00eb t\u00eb friksh\u00ebm, saq\u00eb Kisha pothuajse u shkat\u00ebrrua. Pak njer\u00ebz do ta besonin q\u00eb Kisha do t\u00eb rind\u00ebrtohej p\u00ebrs\u00ebri; por ajo q\u00eb \u00ebsht\u00eb e pamundur p\u00ebr njer\u00ebzit, \u00ebsht\u00eb e mundur p\u00ebr Per\u00ebndin\u00eb. Per\u00ebndia zgjodhi njer\u00ebz t\u00eb ve\u00e7ant\u00eb p\u00ebr ta b\u00ebr\u00eb k\u00ebt\u00eb pun\u00eb. Ne e p\u00ebrs\u00ebrisim gjithmon\u00eb k\u00ebt\u00eb, sepse gjithmon\u00eb duhet t\u00eb jemi mir\u00ebnjoh\u00ebs p\u00ebr vepr\u00ebn madhore q\u00eb ka b\u00ebr\u00eb Kryepiskopi Anastas n\u00eb t\u00eb gjitha k\u00ebto vite.<\/p>\n<p dir=\"auto\" style=\"text-align: justify;\">N\u00eb qytetin e Elbasanit, nj\u00eb qytet historik, me nj\u00eb tradit\u00eb jasht\u00ebzakonisht t\u00eb lasht\u00eb dhe shum\u00eb t\u00eb fort\u00eb kishtare ndodh\u00ebn disa ngjarje q\u00eb do t\u00eb donim t\u00eb mos kishin ndodhur, por besojm\u00eb q\u00eb shum\u00eb shpejt do t\u00eb zgjidhen. Elbasani duhet t\u00eb q\u00ebndroj\u00eb n\u00eb ball\u00eb t\u00eb Krishterimit n\u00eb Shqip\u00ebri jo vet\u00ebm nga traditat e m\u00ebdha, por dhe nga pjes\u00ebmarrja e madhe e orthodhoks\u00ebve n\u00eb k\u00ebt\u00eb qytet, t\u00eb cil\u00ebt duke u bashkuar do t\u00eb jen\u00eb nj\u00eb forc\u00eb shum\u00eb e madhe. Kisha Orthodhokse \u00ebsht\u00eb nj\u00eb bekim p\u00ebr vendin ton\u00eb dhe p\u00ebr \u00e7do qytet, sepse \u00ebsht\u00eb nj\u00eb Kish\u00eb q\u00eb predikon gjithmon\u00eb dashurin\u00eb, mir\u00ebkuptimin, respektin p\u00ebr \u00e7do njeri, kushdo qoft\u00eb ai. Ne mundohemi t\u00eb kemi respekt dhe p\u00ebr njer\u00ebzit q\u00eb na sulmojn\u00eb, sepse besojm\u00eb q\u00eb \u00e7do njeri, pa p\u00ebrjashtim, \u00ebsht\u00eb krijuar sipas ikon\u00ebs s\u00eb Per\u00ebndis\u00eb. Tek t\u00eb gjith\u00eb njer\u00ebzit ndodhet ikona e Per\u00ebndis\u00eb. Kisha na m\u00ebson t\u00eb jemi t\u00eb aft\u00eb p\u00ebr t\u00eb par\u00eb pik\u00ebrisht k\u00ebt\u00eb ikon\u00eb tek njer\u00ebzit dhe t\u00eb mos shohim shtremb\u00ebrimet ose inatet e ndryshme q\u00eb mund t\u00eb ket\u00eb ai njeri. \u00c7do njeri \u00ebsht\u00eb i vlefsh\u00ebm n\u00eb syt\u00eb e Per\u00ebndis\u00eb (Shih Isa.43:4). Dhe ky \u00ebsht\u00eb nj\u00eb m\u00ebsim i jasht\u00ebzakonsh\u00ebm. N\u00ebse ky m\u00ebsim p\u00ebrhapet, do t\u00eb ket\u00eb paqe nd\u00ebrmjet njer\u00ebzve dhe paqe kudo, sepse paqja \u00ebsht\u00eb prishur. Paqja nuk b\u00ebhet nga jasht\u00eb, por nga brenda. Sa m\u00eb shum\u00eb paqtohemi me veten brenda nesh, aq m\u00eb shum\u00eb paqtohemi edhe me t\u00eb tjer\u00ebt. Prandaj dhe kam shpres\u00eb q\u00eb dioqeza e Elbasanit do t\u00eb ket\u00eb nj\u00eb t\u00eb ardhme shum\u00eb m\u00eb t\u00eb mir\u00eb.<\/p>\n<p dir=\"auto\" style=\"text-align: justify;\">Dua t\u00eb p\u00ebrg\u00ebzoj Mitropolitin e Elbasanit, Andonin p\u00ebr pun\u00ebn e tij gjat\u00eb k\u00ebtyre 10 vjet\u00ebve, t\u00eb cilat nuk kan\u00eb qen\u00eb t\u00eb lehta. Terreni nuk ishte shum\u00eb i leht\u00eb. Po n\u00ebse q\u00ebndrojm\u00eb tek Per\u00ebndia, gjith\u00e7ka mund t\u00eb realizohet. Si\u00e7 thot\u00eb Zoti tek Zbulesa q\u00eb Un\u00eb jam Ai q\u00eb hap dhe askush nuk mbyll; Ai q\u00eb mbyll dhe askush nuk hap (Shih Zbul.3:7). Dhe Zoti e ka hapur k\u00ebt\u00eb der\u00eb t\u00eb Kish\u00ebs son\u00eb. Tani \u00ebsht\u00eb detyra jon\u00eb q\u00eb ta lul\u00ebzojm\u00eb akoma dhe m\u00eb shum\u00eb dhe ta b\u00ebjm\u00eb qytetin e Elbasanit nj\u00eb shembull p\u00ebr t\u00eb gjith\u00eb Kish\u00ebn Orthodhokse n\u00eb Shqip\u00ebri. Le t\u00eb kuptojm\u00eb di\u00e7ka t\u00eb cil\u00ebn e p\u00ebrs\u00ebris vazhdimisht nga fjal\u00ebt e Sh\u00ebn Pavlit, jo t\u00eb miat: Analogjin\u00eb q\u00eb ai b\u00ebn p\u00ebr Kish\u00ebn. Ai e shikon Kish\u00ebn si nj\u00eb trup i t\u00eb gjith\u00ebve s\u00eb bashku edhe b\u00ebn analogjin\u00eb e saj me trupin e njeriut. N\u00ebse dh\u00ebmb dora, dh\u00ebmb trupi; n\u00ebse dh\u00ebmb syri, dh\u00ebmb i gjith\u00eb trupi. N\u00ebse dh\u00ebmb k\u00ebmb\u00eb apo i gjith\u00eb trupi, ne nuk jemi pjes\u00eb t\u00eb ndara, jemi nj\u00eb Kish\u00eb. N\u00ebse n\u00eb nj\u00eb vend lul\u00ebzon Kisha, \u00ebsht\u00eb g\u00ebzim p\u00ebr gjithsecilin nga ne. N\u00ebse n\u00eb nj\u00eb vend ajo vuan, at\u00ebher\u00eb i gjith\u00eb trupi i Kish\u00ebs vuan. Prandaj, kemi qen\u00eb gjithmon\u00eb me shpirt dhe me zem\u00ebr pran\u00eb qytetit t\u00eb Elbasanit, q\u00eb ai t\u00eb ket\u00eb p\u00ebrs\u00ebri lul\u00ebzimin q\u00eb ka pasur n\u00eb shekuj.<\/p>\n<p dir=\"auto\" style=\"text-align: justify;\">Uroj me gjith\u00eb shpirt q\u00eb Per\u00ebndia t\u00eb na ndri\u00e7oj\u00eb t\u00eb gjith\u00ebve dhe t&#8217;i jap\u00eb k\u00ebtij qyteti shk\u00eblqimin q\u00eb meriton. Dhe Kish\u00ebs Orthodhokse t&#8217;i jap\u00eb nj\u00eb d\u00ebshmi shum\u00eb t\u00eb mir\u00eb p\u00ebr nj\u00eb bashk\u00ebpunim me t\u00eb gjith\u00eb njer\u00ebzit e tjer\u00eb, edhe kur kemi mendime t\u00eb ndryshme, edhe kur kemi besime t\u00eb ndryshme, sepse \u00ebsht\u00eb e mundur q\u00eb njer\u00ebzit t\u00eb jetojn\u00eb n\u00eb paqe, n\u00ebse respektojn\u00eb nj\u00ebri-tjetrin. Respekti ndaj qenieve t\u00eb tjera nuk \u00ebsht\u00eb privilegj, por \u00ebsht\u00eb nj\u00eb e drejt\u00eb q\u00eb i ka dh\u00ebn\u00eb Zoti \u00e7do njeriu, \u00e7do qenieje njer\u00ebzore e cila \u00ebsht\u00eb krijuar sipas ikon\u00ebs s\u00eb Per\u00ebndis\u00eb.<\/p>\n<p dir=\"auto\" style=\"text-align: justify;\">Lavd\u00ebroj Per\u00ebndin\u00eb p\u00ebr gjith\u00e7ka q\u00eb ka b\u00ebr\u00eb p\u00ebr Kish\u00ebn ton\u00eb dhe uroj dhe nj\u00ebher\u00eb q\u00eb Kisha Orthodhokse n\u00eb k\u00ebt\u00eb qytet t\u00eb ken\u00eb nj\u00eb t\u00eb ardhme t\u00eb ndri\u00e7uar p\u00ebr t\u00eb mir\u00ebn e saj dhe p\u00ebr t\u00eb mir\u00ebn e t\u00eb gjith\u00ebve. Amin.<br \/>\nKrishti u Ngjall, V\u00ebrtet u Ngjall!<\/p>\n<\/div>\n<p dir=\"auto\">&#8212;&#8212;&#8212;&#8212;-<\/p>\n<h4 dir=\"auto\"><span class=\"ez-toc-section\" id=\"Video\"><\/span><em><strong>Video<\/strong><\/em><span class=\"ez-toc-section-end\"><\/span><\/h4>\n<p><iframe style=\"border: none; overflow: hidden;\" src=\"https:\/\/www.facebook.com\/plugins\/post.php?href=https%3A%2F%2Fwww.facebook.com%2Fkoash1991%2Fposts%2Fpfbid02NCopvQ6cjCfKMNfcVeJN42zETf4xEB2qFwT1s2C3nLVtfzm4AWVuqh2fUmtSnbmrl&amp;show_text=true&amp;width=500\" width=\"500\" height=\"451\" frameborder=\"0\" scrolling=\"no\" allowfullscreen=\"allowfullscreen\"><\/iframe><\/p>\n<p>&nbsp;<\/p>\n<p>&nbsp;<\/p>\n<hr \/>\n<p>&nbsp;<\/p>\n<div class=\"xdj266r x14z9mp xat24cr x1lziwak x1vvkbs x126k92a\">\n<h4 dir=\"auto\"><\/h4>\n<h4 dir=\"auto\" style=\"text-align: center;\"><span class=\"ez-toc-section\" id=\"%E2%80%9C10_Vjet_Sherbese_Krzeprifterore%E2%80%9D_Mitropoliti_i_Elbasanit_Shpatit_dhe_Librazhdit_Hiresia_e_Tij_Imzot_AndoniDokumentar\"><\/span><strong>\u201c10 Vjet Sh\u00ebrbes\u00eb Krzeprift\u00ebrore\u201d Mitropoliti i Elbasanit, Shpatit dhe Librazhdit, Hir\u00ebsia e Tij, Imzot Andoni.(Dokumentar).<\/strong><span class=\"ez-toc-section-end\"><\/span><\/h4>\n<\/div>\n<p>&nbsp;<\/p>\n<p><iframe style=\"border: none; overflow: hidden;\" src=\"https:\/\/www.facebook.com\/plugins\/video.php?height=314&amp;href=https%3A%2F%2Fwww.facebook.com%2Freel%2F1191880926239361%2F&amp;show_text=true&amp;width=560&amp;t=0\" width=\"560\" height=\"429\" frameborder=\"0\" scrolling=\"no\" allowfullscreen=\"allowfullscreen\"><\/iframe><\/p>\n<p>&nbsp;<\/p>\n<p>&nbsp;<\/p>\n","protected":false},"excerpt":{"rendered":"<p>10-Vjetori i Fron\u00ebzimit t\u00eb Hir\u00ebsis\u00eb s\u00eb tij imzot Andoni si Mitropolit i Elbasanit &nbsp; Liturgjia Hyjnore &nbsp; &nbsp; Fortlumturia e Tij, Joani, drejton Liturgjin\u00eb Hyjnore sot, m\u00eb 17 prill 2026, n\u00eb kish\u00ebn e Sh\u00ebn Nikoll\u00ebs n\u00eb Elbasan me rastin e p\u00ebrvjetorit t\u00eb dhjet\u00eb t\u00eb Fron\u00ebzimit t\u00eb Imzot Andonit si Mitropolit i Elbasanit. Fotoalbum Kisha e Sh\u00ebn Nikoll\u00ebs Elbasan, 17 prill 2026 &nbsp; Fjala e Fortlumturis\u00eb<\/p>\n","protected":false},"author":7,"featured_media":69659,"comment_status":"closed","ping_status":"closed","sticky":false,"template":"","format":"standard","meta":{"_acf_changed":false,"pagelayer_contact_templates":[],"_pagelayer_content":"","inline_featured_image":false,"fifu_image_url":"","fifu_image_alt":"","footnotes":""},"categories":[108,1935],"tags":[4841,212],"class_list":["post-69655","post","type-post","status-publish","format-standard","has-post-thumbnail","hentry","category-lajme","category-news-sq","tag-4841","tag-lajme-d27"],"acf":[],"yoast_head":"<!-- This site is optimized with the Yoast SEO plugin v27.2 - https:\/\/yoast.com\/product\/yoast-seo-wordpress\/ -->\n<title>10-Vjetori i Fron\u00ebzimit t\u00eb Hir\u00ebsis\u00eb s\u00eb tij imzot Andoni si Mitropolit i Elbasanit, 16.04.2026, Liturgjia Hyjnore &amp; Dokumentari. - Kisha Orthodh\u03bfkse Autoqefale e Shqip\u00ebris\u00eb<\/title>\n<meta name=\"robots\" content=\"index, follow, max-snippet:-1, max-image-preview:large, max-video-preview:-1\" \/>\n<link rel=\"canonical\" href=\"https:\/\/orthodoxalbania.org\/2020\/2026\/04\/17\/10-vjetori-i-fronezimit-te-hiresise-se-tij-imzot-andoni-si-mitropolit-i-elbasanit-16-04-2026-liturgjia-hyjnore-dokumentari\/\" \/>\n<meta property=\"og:locale\" content=\"en_US\" \/>\n<meta property=\"og:type\" content=\"article\" \/>\n<meta property=\"og:title\" content=\"10-Vjetori i Fron\u00ebzimit t\u00eb Hir\u00ebsis\u00eb s\u00eb tij imzot Andoni si Mitropolit i Elbasanit, 16.04.2026, Liturgjia Hyjnore &amp; Dokumentari. - Kisha Orthodh\u03bfkse Autoqefale e Shqip\u00ebris\u00eb\" \/>\n<meta property=\"og:description\" content=\"10-Vjetori i Fron\u00ebzimit t\u00eb Hir\u00ebsis\u00eb s\u00eb tij imzot Andoni si Mitropolit i Elbasanit &nbsp; Liturgjia Hyjnore &nbsp; &nbsp; Fortlumturia e Tij, Joani, drejton Liturgjin\u00eb Hyjnore sot, m\u00eb 17 prill 2026, n\u00eb kish\u00ebn e Sh\u00ebn Nikoll\u00ebs n\u00eb Elbasan me rastin e p\u00ebrvjetorit t\u00eb dhjet\u00eb t\u00eb Fron\u00ebzimit t\u00eb Imzot Andonit si Mitropolit i Elbasanit. Fotoalbum Kisha e Sh\u00ebn Nikoll\u00ebs Elbasan, 17 prill 2026 &nbsp; Fjala e Fortlumturis\u00eb\" \/>\n<meta property=\"og:url\" content=\"https:\/\/orthodoxalbania.org\/2020\/2026\/04\/17\/10-vjetori-i-fronezimit-te-hiresise-se-tij-imzot-andoni-si-mitropolit-i-elbasanit-16-04-2026-liturgjia-hyjnore-dokumentari\/\" \/>\n<meta property=\"og:site_name\" content=\"Kisha Orthodh\u03bfkse Autoqefale e Shqip\u00ebris\u00eb\" \/>\n<meta property=\"article:publisher\" content=\"https:\/\/www.facebook.com\/koash1991\" \/>\n<meta property=\"article:published_time\" content=\"2026-04-17T05:00:32+00:00\" \/>\n<meta property=\"article:modified_time\" content=\"2026-04-28T10:49:52+00:00\" \/>\n<meta property=\"og:image\" content=\"https:\/\/orthodoxalbania.org\/2020\/wp-content\/uploads\/2026\/04\/Screenshot-2026-04-17-120024-1.png\" \/>\n\t<meta property=\"og:image:width\" content=\"1295\" \/>\n\t<meta property=\"og:image:height\" content=\"893\" \/>\n\t<meta property=\"og:image:type\" content=\"image\/png\" \/>\n<meta name=\"author\" content=\"Kisha Orthodhokse\" \/>\n<meta name=\"twitter:card\" content=\"summary_large_image\" \/>\n<meta name=\"twitter:label1\" content=\"Written by\" \/>\n\t<meta name=\"twitter:data1\" content=\"Kisha Orthodhokse\" \/>\n\t<meta name=\"twitter:label2\" content=\"Est. reading time\" \/>\n\t<meta name=\"twitter:data2\" content=\"1 minute\" \/>\n<script type=\"application\/ld+json\" class=\"yoast-schema-graph\">{\"@context\":\"https:\/\/schema.org\",\"@graph\":[{\"@type\":\"Article\",\"@id\":\"https:\/\/orthodoxalbania.org\/2020\/2026\/04\/17\/10-vjetori-i-fronezimit-te-hiresise-se-tij-imzot-andoni-si-mitropolit-i-elbasanit-16-04-2026-liturgjia-hyjnore-dokumentari\/#article\",\"isPartOf\":{\"@id\":\"https:\/\/orthodoxalbania.org\/2020\/2026\/04\/17\/10-vjetori-i-fronezimit-te-hiresise-se-tij-imzot-andoni-si-mitropolit-i-elbasanit-16-04-2026-liturgjia-hyjnore-dokumentari\/\"},\"author\":{\"name\":\"Kisha Orthodhokse\",\"@id\":\"https:\/\/orthodoxalbania.org\/2020\/#\/schema\/person\/df745f942b70e045b3dc05a30211f0de\"},\"headline\":\"10-Vjetori i Fron\u00ebzimit t\u00eb Hir\u00ebsis\u00eb s\u00eb tij imzot Andoni si Mitropolit i Elbasanit, 16.04.2026, Liturgjia Hyjnore &#038; Dokumentari.\",\"datePublished\":\"2026-04-17T05:00:32+00:00\",\"dateModified\":\"2026-04-28T10:49:52+00:00\",\"mainEntityOfPage\":{\"@id\":\"https:\/\/orthodoxalbania.org\/2020\/2026\/04\/17\/10-vjetori-i-fronezimit-te-hiresise-se-tij-imzot-andoni-si-mitropolit-i-elbasanit-16-04-2026-liturgjia-hyjnore-dokumentari\/\"},\"wordCount\":1059,\"publisher\":{\"@id\":\"https:\/\/orthodoxalbania.org\/2020\/#organization\"},\"image\":{\"@id\":\"https:\/\/orthodoxalbania.org\/2020\/2026\/04\/17\/10-vjetori-i-fronezimit-te-hiresise-se-tij-imzot-andoni-si-mitropolit-i-elbasanit-16-04-2026-liturgjia-hyjnore-dokumentari\/#primaryimage\"},\"thumbnailUrl\":\"https:\/\/orthodoxalbania.org\/2020\/wp-content\/uploads\/2026\/04\/Screenshot-2026-04-17-120024-1.png\",\"keywords\":[\"2026\",\"lajme\"],\"articleSection\":[\"Lajme\",\"Lajme AL\"],\"inLanguage\":\"en-US\"},{\"@type\":\"WebPage\",\"@id\":\"https:\/\/orthodoxalbania.org\/2020\/2026\/04\/17\/10-vjetori-i-fronezimit-te-hiresise-se-tij-imzot-andoni-si-mitropolit-i-elbasanit-16-04-2026-liturgjia-hyjnore-dokumentari\/\",\"url\":\"https:\/\/orthodoxalbania.org\/2020\/2026\/04\/17\/10-vjetori-i-fronezimit-te-hiresise-se-tij-imzot-andoni-si-mitropolit-i-elbasanit-16-04-2026-liturgjia-hyjnore-dokumentari\/\",\"name\":\"10-Vjetori i Fron\u00ebzimit t\u00eb Hir\u00ebsis\u00eb s\u00eb tij imzot Andoni si Mitropolit i Elbasanit, 16.04.2026, Liturgjia Hyjnore & Dokumentari. - Kisha Orthodh\u03bfkse Autoqefale e Shqip\u00ebris\u00eb\",\"isPartOf\":{\"@id\":\"https:\/\/orthodoxalbania.org\/2020\/#website\"},\"primaryImageOfPage\":{\"@id\":\"https:\/\/orthodoxalbania.org\/2020\/2026\/04\/17\/10-vjetori-i-fronezimit-te-hiresise-se-tij-imzot-andoni-si-mitropolit-i-elbasanit-16-04-2026-liturgjia-hyjnore-dokumentari\/#primaryimage\"},\"image\":{\"@id\":\"https:\/\/orthodoxalbania.org\/2020\/2026\/04\/17\/10-vjetori-i-fronezimit-te-hiresise-se-tij-imzot-andoni-si-mitropolit-i-elbasanit-16-04-2026-liturgjia-hyjnore-dokumentari\/#primaryimage\"},\"thumbnailUrl\":\"https:\/\/orthodoxalbania.org\/2020\/wp-content\/uploads\/2026\/04\/Screenshot-2026-04-17-120024-1.png\",\"datePublished\":\"2026-04-17T05:00:32+00:00\",\"dateModified\":\"2026-04-28T10:49:52+00:00\",\"breadcrumb\":{\"@id\":\"https:\/\/orthodoxalbania.org\/2020\/2026\/04\/17\/10-vjetori-i-fronezimit-te-hiresise-se-tij-imzot-andoni-si-mitropolit-i-elbasanit-16-04-2026-liturgjia-hyjnore-dokumentari\/#breadcrumb\"},\"inLanguage\":\"en-US\",\"potentialAction\":[{\"@type\":\"ReadAction\",\"target\":[\"https:\/\/orthodoxalbania.org\/2020\/2026\/04\/17\/10-vjetori-i-fronezimit-te-hiresise-se-tij-imzot-andoni-si-mitropolit-i-elbasanit-16-04-2026-liturgjia-hyjnore-dokumentari\/\"]}]},{\"@type\":\"ImageObject\",\"inLanguage\":\"en-US\",\"@id\":\"https:\/\/orthodoxalbania.org\/2020\/2026\/04\/17\/10-vjetori-i-fronezimit-te-hiresise-se-tij-imzot-andoni-si-mitropolit-i-elbasanit-16-04-2026-liturgjia-hyjnore-dokumentari\/#primaryimage\",\"url\":\"https:\/\/orthodoxalbania.org\/2020\/wp-content\/uploads\/2026\/04\/Screenshot-2026-04-17-120024-1.png\",\"contentUrl\":\"https:\/\/orthodoxalbania.org\/2020\/wp-content\/uploads\/2026\/04\/Screenshot-2026-04-17-120024-1.png\",\"width\":1295,\"height\":893},{\"@type\":\"BreadcrumbList\",\"@id\":\"https:\/\/orthodoxalbania.org\/2020\/2026\/04\/17\/10-vjetori-i-fronezimit-te-hiresise-se-tij-imzot-andoni-si-mitropolit-i-elbasanit-16-04-2026-liturgjia-hyjnore-dokumentari\/#breadcrumb\",\"itemListElement\":[{\"@type\":\"ListItem\",\"position\":1,\"name\":\"Home\",\"item\":\"https:\/\/orthodoxalbania.org\/2020\/\"},{\"@type\":\"ListItem\",\"position\":2,\"name\":\"10-Vjetori i Fron\u00ebzimit t\u00eb Hir\u00ebsis\u00eb s\u00eb tij imzot Andoni si Mitropolit i Elbasanit, 16.04.2026, Liturgjia Hyjnore &#038; Dokumentari.\"}]},{\"@type\":\"WebSite\",\"@id\":\"https:\/\/orthodoxalbania.org\/2020\/#website\",\"url\":\"https:\/\/orthodoxalbania.org\/2020\/\",\"name\":\"Kisha Orthodh\u03bfkse Autoqefale e Shqip\u00ebris\u00eb\",\"description\":\"Fqja Zyrtare e Kish\u00ebs Orthodhokse Autoqefale e Shqip\u00ebris\u00eb me lajmet edhe informacionet zyrtare p\u00ebr struktur\u00ebn edhe veprimtarin e saj.\",\"publisher\":{\"@id\":\"https:\/\/orthodoxalbania.org\/2020\/#organization\"},\"potentialAction\":[{\"@type\":\"SearchAction\",\"target\":{\"@type\":\"EntryPoint\",\"urlTemplate\":\"https:\/\/orthodoxalbania.org\/2020\/?s={search_term_string}\"},\"query-input\":{\"@type\":\"PropertyValueSpecification\",\"valueRequired\":true,\"valueName\":\"search_term_string\"}}],\"inLanguage\":\"en-US\"},{\"@type\":\"Organization\",\"@id\":\"https:\/\/orthodoxalbania.org\/2020\/#organization\",\"name\":\"Kisha Orthodhokse Autoqefale e Shqip\u00ebris\u00eb\",\"url\":\"https:\/\/orthodoxalbania.org\/2020\/\",\"logo\":{\"@type\":\"ImageObject\",\"inLanguage\":\"en-US\",\"@id\":\"https:\/\/orthodoxalbania.org\/2020\/#\/schema\/logo\/image\/\",\"url\":\"https:\/\/orthodoxalbania.org\/2020\/wp-content\/uploads\/2020\/05\/albania.jpeg\",\"contentUrl\":\"https:\/\/orthodoxalbania.org\/2020\/wp-content\/uploads\/2020\/05\/albania.jpeg\",\"width\":540,\"height\":540,\"caption\":\"Kisha Orthodhokse Autoqefale e Shqip\u00ebris\u00eb\"},\"image\":{\"@id\":\"https:\/\/orthodoxalbania.org\/2020\/#\/schema\/logo\/image\/\"},\"sameAs\":[\"https:\/\/www.facebook.com\/koash1991\"]},{\"@type\":\"Person\",\"@id\":\"https:\/\/orthodoxalbania.org\/2020\/#\/schema\/person\/df745f942b70e045b3dc05a30211f0de\",\"name\":\"Kisha Orthodhokse\",\"image\":{\"@type\":\"ImageObject\",\"inLanguage\":\"en-US\",\"@id\":\"https:\/\/secure.gravatar.com\/avatar\/2676eb8d97178435c9f691a7871595a1da6c33542dec218bce40885573150e28?s=96&d=mm&r=g\",\"url\":\"https:\/\/secure.gravatar.com\/avatar\/2676eb8d97178435c9f691a7871595a1da6c33542dec218bce40885573150e28?s=96&d=mm&r=g\",\"contentUrl\":\"https:\/\/secure.gravatar.com\/avatar\/2676eb8d97178435c9f691a7871595a1da6c33542dec218bce40885573150e28?s=96&d=mm&r=g\",\"caption\":\"Kisha Orthodhokse\"}}]}<\/script>\n<!-- \/ Yoast SEO plugin. -->","yoast_head_json":{"title":"10-Vjetori i Fron\u00ebzimit t\u00eb Hir\u00ebsis\u00eb s\u00eb tij imzot Andoni si Mitropolit i Elbasanit, 16.04.2026, Liturgjia Hyjnore & Dokumentari. - Kisha Orthodh\u03bfkse Autoqefale e Shqip\u00ebris\u00eb","robots":{"index":"index","follow":"follow","max-snippet":"max-snippet:-1","max-image-preview":"max-image-preview:large","max-video-preview":"max-video-preview:-1"},"canonical":"https:\/\/orthodoxalbania.org\/2020\/2026\/04\/17\/10-vjetori-i-fronezimit-te-hiresise-se-tij-imzot-andoni-si-mitropolit-i-elbasanit-16-04-2026-liturgjia-hyjnore-dokumentari\/","og_locale":"en_US","og_type":"article","og_title":"10-Vjetori i Fron\u00ebzimit t\u00eb Hir\u00ebsis\u00eb s\u00eb tij imzot Andoni si Mitropolit i Elbasanit, 16.04.2026, Liturgjia Hyjnore & Dokumentari. - Kisha Orthodh\u03bfkse Autoqefale e Shqip\u00ebris\u00eb","og_description":"10-Vjetori i Fron\u00ebzimit t\u00eb Hir\u00ebsis\u00eb s\u00eb tij imzot Andoni si Mitropolit i Elbasanit &nbsp; Liturgjia Hyjnore &nbsp; &nbsp; Fortlumturia e Tij, Joani, drejton Liturgjin\u00eb Hyjnore sot, m\u00eb 17 prill 2026, n\u00eb kish\u00ebn e Sh\u00ebn Nikoll\u00ebs n\u00eb Elbasan me rastin e p\u00ebrvjetorit t\u00eb dhjet\u00eb t\u00eb Fron\u00ebzimit t\u00eb Imzot Andonit si Mitropolit i Elbasanit. Fotoalbum Kisha e Sh\u00ebn Nikoll\u00ebs Elbasan, 17 prill 2026 &nbsp; Fjala e Fortlumturis\u00eb","og_url":"https:\/\/orthodoxalbania.org\/2020\/2026\/04\/17\/10-vjetori-i-fronezimit-te-hiresise-se-tij-imzot-andoni-si-mitropolit-i-elbasanit-16-04-2026-liturgjia-hyjnore-dokumentari\/","og_site_name":"Kisha Orthodh\u03bfkse Autoqefale e Shqip\u00ebris\u00eb","article_publisher":"https:\/\/www.facebook.com\/koash1991","article_published_time":"2026-04-17T05:00:32+00:00","article_modified_time":"2026-04-28T10:49:52+00:00","og_image":[{"width":1295,"height":893,"url":"https:\/\/orthodoxalbania.org\/2020\/wp-content\/uploads\/2026\/04\/Screenshot-2026-04-17-120024-1.png","type":"image\/png"}],"author":"Kisha Orthodhokse","twitter_card":"summary_large_image","twitter_misc":{"Written by":"Kisha Orthodhokse","Est. reading time":"1 minute"},"schema":{"@context":"https:\/\/schema.org","@graph":[{"@type":"Article","@id":"https:\/\/orthodoxalbania.org\/2020\/2026\/04\/17\/10-vjetori-i-fronezimit-te-hiresise-se-tij-imzot-andoni-si-mitropolit-i-elbasanit-16-04-2026-liturgjia-hyjnore-dokumentari\/#article","isPartOf":{"@id":"https:\/\/orthodoxalbania.org\/2020\/2026\/04\/17\/10-vjetori-i-fronezimit-te-hiresise-se-tij-imzot-andoni-si-mitropolit-i-elbasanit-16-04-2026-liturgjia-hyjnore-dokumentari\/"},"author":{"name":"Kisha Orthodhokse","@id":"https:\/\/orthodoxalbania.org\/2020\/#\/schema\/person\/df745f942b70e045b3dc05a30211f0de"},"headline":"10-Vjetori i Fron\u00ebzimit t\u00eb Hir\u00ebsis\u00eb s\u00eb tij imzot Andoni si Mitropolit i Elbasanit, 16.04.2026, Liturgjia Hyjnore &#038; Dokumentari.","datePublished":"2026-04-17T05:00:32+00:00","dateModified":"2026-04-28T10:49:52+00:00","mainEntityOfPage":{"@id":"https:\/\/orthodoxalbania.org\/2020\/2026\/04\/17\/10-vjetori-i-fronezimit-te-hiresise-se-tij-imzot-andoni-si-mitropolit-i-elbasanit-16-04-2026-liturgjia-hyjnore-dokumentari\/"},"wordCount":1059,"publisher":{"@id":"https:\/\/orthodoxalbania.org\/2020\/#organization"},"image":{"@id":"https:\/\/orthodoxalbania.org\/2020\/2026\/04\/17\/10-vjetori-i-fronezimit-te-hiresise-se-tij-imzot-andoni-si-mitropolit-i-elbasanit-16-04-2026-liturgjia-hyjnore-dokumentari\/#primaryimage"},"thumbnailUrl":"https:\/\/orthodoxalbania.org\/2020\/wp-content\/uploads\/2026\/04\/Screenshot-2026-04-17-120024-1.png","keywords":["2026","lajme"],"articleSection":["Lajme","Lajme AL"],"inLanguage":"en-US"},{"@type":"WebPage","@id":"https:\/\/orthodoxalbania.org\/2020\/2026\/04\/17\/10-vjetori-i-fronezimit-te-hiresise-se-tij-imzot-andoni-si-mitropolit-i-elbasanit-16-04-2026-liturgjia-hyjnore-dokumentari\/","url":"https:\/\/orthodoxalbania.org\/2020\/2026\/04\/17\/10-vjetori-i-fronezimit-te-hiresise-se-tij-imzot-andoni-si-mitropolit-i-elbasanit-16-04-2026-liturgjia-hyjnore-dokumentari\/","name":"10-Vjetori i Fron\u00ebzimit t\u00eb Hir\u00ebsis\u00eb s\u00eb tij imzot Andoni si Mitropolit i Elbasanit, 16.04.2026, Liturgjia Hyjnore & Dokumentari. - Kisha Orthodh\u03bfkse Autoqefale e Shqip\u00ebris\u00eb","isPartOf":{"@id":"https:\/\/orthodoxalbania.org\/2020\/#website"},"primaryImageOfPage":{"@id":"https:\/\/orthodoxalbania.org\/2020\/2026\/04\/17\/10-vjetori-i-fronezimit-te-hiresise-se-tij-imzot-andoni-si-mitropolit-i-elbasanit-16-04-2026-liturgjia-hyjnore-dokumentari\/#primaryimage"},"image":{"@id":"https:\/\/orthodoxalbania.org\/2020\/2026\/04\/17\/10-vjetori-i-fronezimit-te-hiresise-se-tij-imzot-andoni-si-mitropolit-i-elbasanit-16-04-2026-liturgjia-hyjnore-dokumentari\/#primaryimage"},"thumbnailUrl":"https:\/\/orthodoxalbania.org\/2020\/wp-content\/uploads\/2026\/04\/Screenshot-2026-04-17-120024-1.png","datePublished":"2026-04-17T05:00:32+00:00","dateModified":"2026-04-28T10:49:52+00:00","breadcrumb":{"@id":"https:\/\/orthodoxalbania.org\/2020\/2026\/04\/17\/10-vjetori-i-fronezimit-te-hiresise-se-tij-imzot-andoni-si-mitropolit-i-elbasanit-16-04-2026-liturgjia-hyjnore-dokumentari\/#breadcrumb"},"inLanguage":"en-US","potentialAction":[{"@type":"ReadAction","target":["https:\/\/orthodoxalbania.org\/2020\/2026\/04\/17\/10-vjetori-i-fronezimit-te-hiresise-se-tij-imzot-andoni-si-mitropolit-i-elbasanit-16-04-2026-liturgjia-hyjnore-dokumentari\/"]}]},{"@type":"ImageObject","inLanguage":"en-US","@id":"https:\/\/orthodoxalbania.org\/2020\/2026\/04\/17\/10-vjetori-i-fronezimit-te-hiresise-se-tij-imzot-andoni-si-mitropolit-i-elbasanit-16-04-2026-liturgjia-hyjnore-dokumentari\/#primaryimage","url":"https:\/\/orthodoxalbania.org\/2020\/wp-content\/uploads\/2026\/04\/Screenshot-2026-04-17-120024-1.png","contentUrl":"https:\/\/orthodoxalbania.org\/2020\/wp-content\/uploads\/2026\/04\/Screenshot-2026-04-17-120024-1.png","width":1295,"height":893},{"@type":"BreadcrumbList","@id":"https:\/\/orthodoxalbania.org\/2020\/2026\/04\/17\/10-vjetori-i-fronezimit-te-hiresise-se-tij-imzot-andoni-si-mitropolit-i-elbasanit-16-04-2026-liturgjia-hyjnore-dokumentari\/#breadcrumb","itemListElement":[{"@type":"ListItem","position":1,"name":"Home","item":"https:\/\/orthodoxalbania.org\/2020\/"},{"@type":"ListItem","position":2,"name":"10-Vjetori i Fron\u00ebzimit t\u00eb Hir\u00ebsis\u00eb s\u00eb tij imzot Andoni si Mitropolit i Elbasanit, 16.04.2026, Liturgjia Hyjnore &#038; Dokumentari."}]},{"@type":"WebSite","@id":"https:\/\/orthodoxalbania.org\/2020\/#website","url":"https:\/\/orthodoxalbania.org\/2020\/","name":"Kisha Orthodh\u03bfkse Autoqefale e Shqip\u00ebris\u00eb","description":"Fqja Zyrtare e Kish\u00ebs Orthodhokse Autoqefale e Shqip\u00ebris\u00eb me lajmet edhe informacionet zyrtare p\u00ebr struktur\u00ebn edhe veprimtarin e saj.","publisher":{"@id":"https:\/\/orthodoxalbania.org\/2020\/#organization"},"potentialAction":[{"@type":"SearchAction","target":{"@type":"EntryPoint","urlTemplate":"https:\/\/orthodoxalbania.org\/2020\/?s={search_term_string}"},"query-input":{"@type":"PropertyValueSpecification","valueRequired":true,"valueName":"search_term_string"}}],"inLanguage":"en-US"},{"@type":"Organization","@id":"https:\/\/orthodoxalbania.org\/2020\/#organization","name":"Kisha Orthodhokse Autoqefale e Shqip\u00ebris\u00eb","url":"https:\/\/orthodoxalbania.org\/2020\/","logo":{"@type":"ImageObject","inLanguage":"en-US","@id":"https:\/\/orthodoxalbania.org\/2020\/#\/schema\/logo\/image\/","url":"https:\/\/orthodoxalbania.org\/2020\/wp-content\/uploads\/2020\/05\/albania.jpeg","contentUrl":"https:\/\/orthodoxalbania.org\/2020\/wp-content\/uploads\/2020\/05\/albania.jpeg","width":540,"height":540,"caption":"Kisha Orthodhokse Autoqefale e Shqip\u00ebris\u00eb"},"image":{"@id":"https:\/\/orthodoxalbania.org\/2020\/#\/schema\/logo\/image\/"},"sameAs":["https:\/\/www.facebook.com\/koash1991"]},{"@type":"Person","@id":"https:\/\/orthodoxalbania.org\/2020\/#\/schema\/person\/df745f942b70e045b3dc05a30211f0de","name":"Kisha Orthodhokse","image":{"@type":"ImageObject","inLanguage":"en-US","@id":"https:\/\/secure.gravatar.com\/avatar\/2676eb8d97178435c9f691a7871595a1da6c33542dec218bce40885573150e28?s=96&d=mm&r=g","url":"https:\/\/secure.gravatar.com\/avatar\/2676eb8d97178435c9f691a7871595a1da6c33542dec218bce40885573150e28?s=96&d=mm&r=g","contentUrl":"https:\/\/secure.gravatar.com\/avatar\/2676eb8d97178435c9f691a7871595a1da6c33542dec218bce40885573150e28?s=96&d=mm&r=g","caption":"Kisha Orthodhokse"}}]}},"_links":{"self":[{"href":"https:\/\/orthodoxalbania.org\/2020\/wp-json\/wp\/v2\/posts\/69655","targetHints":{"allow":["GET"]}}],"collection":[{"href":"https:\/\/orthodoxalbania.org\/2020\/wp-json\/wp\/v2\/posts"}],"about":[{"href":"https:\/\/orthodoxalbania.org\/2020\/wp-json\/wp\/v2\/types\/post"}],"author":[{"embeddable":true,"href":"https:\/\/orthodoxalbania.org\/2020\/wp-json\/wp\/v2\/users\/7"}],"replies":[{"embeddable":true,"href":"https:\/\/orthodoxalbania.org\/2020\/wp-json\/wp\/v2\/comments?post=69655"}],"version-history":[{"count":3,"href":"https:\/\/orthodoxalbania.org\/2020\/wp-json\/wp\/v2\/posts\/69655\/revisions"}],"predecessor-version":[{"id":69674,"href":"https:\/\/orthodoxalbania.org\/2020\/wp-json\/wp\/v2\/posts\/69655\/revisions\/69674"}],"wp:featuredmedia":[{"embeddable":true,"href":"https:\/\/orthodoxalbania.org\/2020\/wp-json\/wp\/v2\/media\/69659"}],"wp:attachment":[{"href":"https:\/\/orthodoxalbania.org\/2020\/wp-json\/wp\/v2\/media?parent=69655"}],"wp:term":[{"taxonomy":"category","embeddable":true,"href":"https:\/\/orthodoxalbania.org\/2020\/wp-json\/wp\/v2\/categories?post=69655"},{"taxonomy":"post_tag","embeddable":true,"href":"https:\/\/orthodoxalbania.org\/2020\/wp-json\/wp\/v2\/tags?post=69655"}],"curies":[{"name":"wp","href":"https:\/\/api.w.org\/{rel}","templated":true}]}}