{"id":69532,"date":"2026-03-18T16:36:21","date_gmt":"2026-03-18T15:36:21","guid":{"rendered":"https:\/\/orthodoxalbania.org\/2020\/?p=69532"},"modified":"2026-03-18T16:38:10","modified_gmt":"2026-03-18T15:38:10","slug":"kryepiskopi-joan-shpreh-ngushellime-per-ndarjen-nga-jeta-te-patriarkut-ilia-ii-te-gjeorgjise-tirane-18-mars-2026","status":"publish","type":"post","link":"https:\/\/orthodoxalbania.org\/2020\/2026\/03\/18\/kryepiskopi-joan-shpreh-ngushellime-per-ndarjen-nga-jeta-te-patriarkut-ilia-ii-te-gjeorgjise-tirane-18-mars-2026\/","title":{"rendered":"Kryepiskopi Joan shpreh ngush\u00ebllime p\u00ebr ndarjen nga jeta t\u00eb Patriarkut Ilia II t\u00eb Gjeorgjis\u00eb Tiran\u00eb, 18 mars 2026"},"content":{"rendered":"<div class=\"html-div xdj266r x14z9mp xat24cr x1lziwak xexx8yu xyri2b x18d9i69 x1c1uobl\" data-ad-rendering-role=\"story_message\">\n<div class=\"x1l90r2v x1iorvi4 x1g0dm76 xpdmqnj\" data-ad-comet-preview=\"message\" data-ad-preview=\"message\">\n<div class=\"x78zum5 xdt5ytf xz62fqu x16ldp7u\">\n<div class=\"xu06os2 x1ok221b\">\n<div class=\"html-div xdj266r x14z9mp xat24cr x1lziwak xexx8yu xyri2b x18d9i69 x1c1uobl\">\n<div class=\"xdj266r x14z9mp xat24cr x1lziwak x1vvkbs x126k92a\">\n<h4 dir=\"auto\" style=\"text-align: center;\"><strong>Kryepiskopi Joan shpreh ngush\u00ebllime p\u00ebr ndarjen nga jeta t\u00eb Patriarkut Ilia II t\u00eb Gjeorgjis\u00eb<\/strong><\/h4>\n<h4 dir=\"auto\" style=\"text-align: center;\"><strong>Tiran\u00eb, 18 mars 2026<\/strong><\/h4>\n<\/div>\n<\/div>\n<\/div>\n<div dir=\"auto\"><\/div>\n<div class=\"xu06os2 x1ok221b\">\n<div class=\"html-div xdj266r x14z9mp xat24cr x1lziwak xexx8yu xyri2b x18d9i69 x1c1uobl\">\n<div class=\"xdj266r x14z9mp xat24cr x1lziwak x1vvkbs x126k92a\">\n<div dir=\"auto\"><\/div>\n<div dir=\"auto\" style=\"text-align: justify;\">Kryepiskopi i Tiran\u00ebs, Durr\u00ebsit dhe i gjith\u00eb Shqip\u00ebris\u00eb, Imzot Joani, i d\u00ebrgoi nj\u00eb let\u00ebr ngush\u00ebllimi Metropolitit Shio t\u00eb Senakut dhe \u00c7khorotskut, Locum Tenens i Fronit Patriarkal t\u00eb Gjeorgjis\u00eb, me rastin e ndarjes nga jeta t\u00eb Patriarkut-Katolikos t\u00eb Gjith\u00eb Gjeorgjis\u00eb Ilia II.<\/div>\n<div dir=\"auto\" style=\"text-align: justify;\">N\u00eb letr\u00ebn e tij, Kryepiskopi Joan e cil\u00ebsoi Patriarkun e ndjer\u00eb si &#8220;v\u00ebllan\u00eb ton\u00eb m\u00eb t\u00eb dashur n\u00eb Zotin&#8221;, i cili p\u00ebr gati pes\u00eb dekada e udh\u00ebhoqi Kish\u00ebn e Gjeorgjis\u00eb me urt\u00ebsi, durim dhe besim t\u00eb thell\u00eb. Kryepiskopi theksoi ve\u00e7an\u00ebrisht rolin e Patriarkut Ilia II gjat\u00eb periudh\u00ebs s\u00eb v\u00ebshtir\u00eb t\u00eb shtypjes sovjetike, ku ai arriti t\u00eb ngrinte Kish\u00ebn nga rr\u00ebnojat, duke nd\u00ebrtuar kisha e manastire dhe duke frym\u00ebzuar popullin t\u00eb kthehej n\u00eb besimin e et\u00ebrve t\u00eb tyre.<\/div>\n<div dir=\"auto\" style=\"text-align: justify;\">Kryepiskopi Joan iu shpreh ngush\u00ebllimet Sinodit t\u00eb Shenjt\u00eb, klerit dhe popullit besimtar t\u00eb Kish\u00ebs s\u00eb Gjeorgjis\u00eb.<\/div>\n<div dir=\"auto\" style=\"text-align: justify;\">N\u00eb paraklisin e Kryepiskopat\u00ebs ai b\u00ebri nj\u00eb p\u00ebrshpirtje p\u00ebr prehjen e shpirtit t\u00eb tij.<\/div>\n<div dir=\"auto\"><\/div>\n<div dir=\"auto\" style=\"text-align: justify;\">I p\u00ebrjetsh\u00ebm qoft\u00eb Kujtimi i tij!<\/div>\n<\/div>\n<\/div>\n<\/div>\n<\/div>\n<\/div>\n<\/div>\n<div dir=\"auto\"><\/div>\n<div class=\"x1l90r2v xv54qhq x1g0dm76 x1iorvi4\" style=\"text-align: justify;\">&#8212;&#8212;&#8212;&#8212;-<\/div>\n<div><img decoding=\"async\" class=\"lazyload aligncenter size-fusion-600 wp-image-69534\" src=\"https:\/\/orthodoxalbania.org\/2020\/wp-content\/uploads\/2026\/03\/Kryepiskopi-Joan-shpreh-ngushellime-per-ndarjen-nga-jeta-te-Patriarkut-Ilia-II-te-Gjeorgjise-600x785.jpg\" data-orig-src=\"https:\/\/orthodoxalbania.org\/2020\/wp-content\/uploads\/2026\/03\/Kryepiskopi-Joan-shpreh-ngushellime-per-ndarjen-nga-jeta-te-Patriarkut-Ilia-II-te-Gjeorgjise-600x785.jpg\" alt=\"\" width=\"600\" height=\"785\" srcset=\"data:image\/svg+xml,%3Csvg%20xmlns%3D%27http%3A%2F%2Fwww.w3.org%2F2000%2Fsvg%27%20width%3D%27600%27%20height%3D%27785%27%20viewBox%3D%270%200%20600%20785%27%3E%3Crect%20width%3D%27600%27%20height%3D%27785%27%20fill-opacity%3D%220%22%2F%3E%3C%2Fsvg%3E\" data-srcset=\"https:\/\/orthodoxalbania.org\/2020\/wp-content\/uploads\/2026\/03\/Kryepiskopi-Joan-shpreh-ngushellime-per-ndarjen-nga-jeta-te-Patriarkut-Ilia-II-te-Gjeorgjise-200x262.jpg 200w, https:\/\/orthodoxalbania.org\/2020\/wp-content\/uploads\/2026\/03\/Kryepiskopi-Joan-shpreh-ngushellime-per-ndarjen-nga-jeta-te-Patriarkut-Ilia-II-te-Gjeorgjise-229x300.jpg 229w, https:\/\/orthodoxalbania.org\/2020\/wp-content\/uploads\/2026\/03\/Kryepiskopi-Joan-shpreh-ngushellime-per-ndarjen-nga-jeta-te-Patriarkut-Ilia-II-te-Gjeorgjise-400x524.jpg 400w, https:\/\/orthodoxalbania.org\/2020\/wp-content\/uploads\/2026\/03\/Kryepiskopi-Joan-shpreh-ngushellime-per-ndarjen-nga-jeta-te-Patriarkut-Ilia-II-te-Gjeorgjise-600x785.jpg 600w, https:\/\/orthodoxalbania.org\/2020\/wp-content\/uploads\/2026\/03\/Kryepiskopi-Joan-shpreh-ngushellime-per-ndarjen-nga-jeta-te-Patriarkut-Ilia-II-te-Gjeorgjise.jpg 706w\" data-sizes=\"auto\" data-orig-sizes=\"(max-width: 600px) 100vw, 600px\" \/><\/div>\n<div><\/div>\n","protected":false},"excerpt":{"rendered":"<p>Kryepiskopi Joan shpreh ngush\u00ebllime p\u00ebr ndarjen nga jeta t\u00eb Patriarkut Ilia II t\u00eb Gjeorgjis\u00eb Tiran\u00eb, 18 mars 2026 Kryepiskopi i Tiran\u00ebs, Durr\u00ebsit dhe i gjith\u00eb Shqip\u00ebris\u00eb, Imzot Joani, i d\u00ebrgoi nj\u00eb let\u00ebr ngush\u00ebllimi Metropolitit Shio t\u00eb Senakut dhe \u00c7khorotskut, Locum Tenens i Fronit Patriarkal t\u00eb Gjeorgjis\u00eb, me rastin e ndarjes nga jeta t\u00eb Patriarkut-Katolikos t\u00eb Gjith\u00eb Gjeorgjis\u00eb Ilia II. N\u00eb letr\u00ebn e tij, Kryepiskopi Joan<\/p>\n","protected":false},"author":7,"featured_media":69537,"comment_status":"closed","ping_status":"closed","sticky":false,"template":"","format":"standard","meta":{"_acf_changed":false,"pagelayer_contact_templates":[],"_pagelayer_content":"","inline_featured_image":false,"fifu_image_url":"","fifu_image_alt":"","footnotes":""},"categories":[108,1935],"tags":[5501,4841,5499,212],"class_list":["post-69532","post","type-post","status-publish","format-standard","has-post-thumbnail","hentry","category-lajme","category-news-sq","tag-18-mars-2026","tag-4841","tag-kryepiskopi-joan-shpreh-ngushellime-per-ndarjen-nga-jeta-te-patriarkut-ilia-ii-te-gjeorgjise-tirane","tag-lajme-d27"],"acf":[],"yoast_head":"<!-- This site is optimized with the Yoast SEO plugin v27.2 - https:\/\/yoast.com\/product\/yoast-seo-wordpress\/ -->\n<title>Kryepiskopi Joan shpreh ngush\u00ebllime p\u00ebr ndarjen nga jeta t\u00eb Patriarkut Ilia II t\u00eb Gjeorgjis\u00eb Tiran\u00eb, 18 mars 2026 - Kisha Orthodh\u03bfkse Autoqefale e Shqip\u00ebris\u00eb<\/title>\n<meta name=\"robots\" content=\"index, follow, max-snippet:-1, max-image-preview:large, max-video-preview:-1\" \/>\n<link rel=\"canonical\" href=\"https:\/\/orthodoxalbania.org\/2020\/2026\/03\/18\/kryepiskopi-joan-shpreh-ngushellime-per-ndarjen-nga-jeta-te-patriarkut-ilia-ii-te-gjeorgjise-tirane-18-mars-2026\/\" \/>\n<meta property=\"og:locale\" content=\"en_US\" \/>\n<meta property=\"og:type\" content=\"article\" \/>\n<meta property=\"og:title\" content=\"Kryepiskopi Joan shpreh ngush\u00ebllime p\u00ebr ndarjen nga jeta t\u00eb Patriarkut Ilia II t\u00eb Gjeorgjis\u00eb Tiran\u00eb, 18 mars 2026 - Kisha Orthodh\u03bfkse Autoqefale e Shqip\u00ebris\u00eb\" \/>\n<meta property=\"og:description\" content=\"Kryepiskopi Joan shpreh ngush\u00ebllime p\u00ebr ndarjen nga jeta t\u00eb Patriarkut Ilia II t\u00eb Gjeorgjis\u00eb Tiran\u00eb, 18 mars 2026 Kryepiskopi i Tiran\u00ebs, Durr\u00ebsit dhe i gjith\u00eb Shqip\u00ebris\u00eb, Imzot Joani, i d\u00ebrgoi nj\u00eb let\u00ebr ngush\u00ebllimi Metropolitit Shio t\u00eb Senakut dhe \u00c7khorotskut, Locum Tenens i Fronit Patriarkal t\u00eb Gjeorgjis\u00eb, me rastin e ndarjes nga jeta t\u00eb Patriarkut-Katolikos t\u00eb Gjith\u00eb Gjeorgjis\u00eb Ilia II. N\u00eb letr\u00ebn e tij, Kryepiskopi Joan\" \/>\n<meta property=\"og:url\" content=\"https:\/\/orthodoxalbania.org\/2020\/2026\/03\/18\/kryepiskopi-joan-shpreh-ngushellime-per-ndarjen-nga-jeta-te-patriarkut-ilia-ii-te-gjeorgjise-tirane-18-mars-2026\/\" \/>\n<meta property=\"og:site_name\" content=\"Kisha Orthodh\u03bfkse Autoqefale e Shqip\u00ebris\u00eb\" \/>\n<meta property=\"article:publisher\" content=\"https:\/\/www.facebook.com\/koash1991\" \/>\n<meta property=\"article:published_time\" content=\"2026-03-18T15:36:21+00:00\" \/>\n<meta property=\"article:modified_time\" content=\"2026-03-18T15:38:10+00:00\" \/>\n<meta property=\"og:image\" content=\"https:\/\/orthodoxalbania.org\/2020\/wp-content\/uploads\/2026\/03\/Kryepiskopi-Joan-9.jpg\" \/>\n\t<meta property=\"og:image:width\" content=\"400\" \/>\n\t<meta property=\"og:image:height\" content=\"312\" \/>\n\t<meta property=\"og:image:type\" content=\"image\/jpeg\" \/>\n<meta name=\"author\" content=\"Kisha Orthodhokse\" \/>\n<meta name=\"twitter:card\" content=\"summary_large_image\" \/>\n<meta name=\"twitter:label1\" content=\"Written by\" \/>\n\t<meta name=\"twitter:data1\" content=\"Kisha Orthodhokse\" \/>\n\t<meta name=\"twitter:label2\" content=\"Est. reading time\" \/>\n\t<meta name=\"twitter:data2\" content=\"2 minutes\" \/>\n<script type=\"application\/ld+json\" class=\"yoast-schema-graph\">{\"@context\":\"https:\/\/schema.org\",\"@graph\":[{\"@type\":\"Article\",\"@id\":\"https:\/\/orthodoxalbania.org\/2020\/2026\/03\/18\/kryepiskopi-joan-shpreh-ngushellime-per-ndarjen-nga-jeta-te-patriarkut-ilia-ii-te-gjeorgjise-tirane-18-mars-2026\/#article\",\"isPartOf\":{\"@id\":\"https:\/\/orthodoxalbania.org\/2020\/2026\/03\/18\/kryepiskopi-joan-shpreh-ngushellime-per-ndarjen-nga-jeta-te-patriarkut-ilia-ii-te-gjeorgjise-tirane-18-mars-2026\/\"},\"author\":{\"name\":\"Kisha Orthodhokse\",\"@id\":\"https:\/\/orthodoxalbania.org\/2020\/#\/schema\/person\/df745f942b70e045b3dc05a30211f0de\"},\"headline\":\"Kryepiskopi Joan shpreh ngush\u00ebllime p\u00ebr ndarjen nga jeta t\u00eb Patriarkut Ilia II t\u00eb Gjeorgjis\u00eb Tiran\u00eb, 18 mars 2026\",\"datePublished\":\"2026-03-18T15:36:21+00:00\",\"dateModified\":\"2026-03-18T15:38:10+00:00\",\"mainEntityOfPage\":{\"@id\":\"https:\/\/orthodoxalbania.org\/2020\/2026\/03\/18\/kryepiskopi-joan-shpreh-ngushellime-per-ndarjen-nga-jeta-te-patriarkut-ilia-ii-te-gjeorgjise-tirane-18-mars-2026\/\"},\"wordCount\":221,\"publisher\":{\"@id\":\"https:\/\/orthodoxalbania.org\/2020\/#organization\"},\"image\":{\"@id\":\"https:\/\/orthodoxalbania.org\/2020\/2026\/03\/18\/kryepiskopi-joan-shpreh-ngushellime-per-ndarjen-nga-jeta-te-patriarkut-ilia-ii-te-gjeorgjise-tirane-18-mars-2026\/#primaryimage\"},\"thumbnailUrl\":\"https:\/\/orthodoxalbania.org\/2020\/wp-content\/uploads\/2026\/03\/Kryepiskopi-Joan-9.jpg\",\"keywords\":[\"18 mars 2026\",\"2026\",\"Kryepiskopi Joan shpreh ngush\u00ebllime p\u00ebr ndarjen nga jeta t\u00eb Patriarkut Ilia II t\u00eb Gjeorgjis\u00eb Tiran\u00eb\",\"lajme\"],\"articleSection\":[\"Lajme\",\"Lajme AL\"],\"inLanguage\":\"en-US\"},{\"@type\":\"WebPage\",\"@id\":\"https:\/\/orthodoxalbania.org\/2020\/2026\/03\/18\/kryepiskopi-joan-shpreh-ngushellime-per-ndarjen-nga-jeta-te-patriarkut-ilia-ii-te-gjeorgjise-tirane-18-mars-2026\/\",\"url\":\"https:\/\/orthodoxalbania.org\/2020\/2026\/03\/18\/kryepiskopi-joan-shpreh-ngushellime-per-ndarjen-nga-jeta-te-patriarkut-ilia-ii-te-gjeorgjise-tirane-18-mars-2026\/\",\"name\":\"Kryepiskopi Joan shpreh ngush\u00ebllime p\u00ebr ndarjen nga jeta t\u00eb Patriarkut Ilia II t\u00eb Gjeorgjis\u00eb Tiran\u00eb, 18 mars 2026 - Kisha Orthodh\u03bfkse Autoqefale e Shqip\u00ebris\u00eb\",\"isPartOf\":{\"@id\":\"https:\/\/orthodoxalbania.org\/2020\/#website\"},\"primaryImageOfPage\":{\"@id\":\"https:\/\/orthodoxalbania.org\/2020\/2026\/03\/18\/kryepiskopi-joan-shpreh-ngushellime-per-ndarjen-nga-jeta-te-patriarkut-ilia-ii-te-gjeorgjise-tirane-18-mars-2026\/#primaryimage\"},\"image\":{\"@id\":\"https:\/\/orthodoxalbania.org\/2020\/2026\/03\/18\/kryepiskopi-joan-shpreh-ngushellime-per-ndarjen-nga-jeta-te-patriarkut-ilia-ii-te-gjeorgjise-tirane-18-mars-2026\/#primaryimage\"},\"thumbnailUrl\":\"https:\/\/orthodoxalbania.org\/2020\/wp-content\/uploads\/2026\/03\/Kryepiskopi-Joan-9.jpg\",\"datePublished\":\"2026-03-18T15:36:21+00:00\",\"dateModified\":\"2026-03-18T15:38:10+00:00\",\"breadcrumb\":{\"@id\":\"https:\/\/orthodoxalbania.org\/2020\/2026\/03\/18\/kryepiskopi-joan-shpreh-ngushellime-per-ndarjen-nga-jeta-te-patriarkut-ilia-ii-te-gjeorgjise-tirane-18-mars-2026\/#breadcrumb\"},\"inLanguage\":\"en-US\",\"potentialAction\":[{\"@type\":\"ReadAction\",\"target\":[\"https:\/\/orthodoxalbania.org\/2020\/2026\/03\/18\/kryepiskopi-joan-shpreh-ngushellime-per-ndarjen-nga-jeta-te-patriarkut-ilia-ii-te-gjeorgjise-tirane-18-mars-2026\/\"]}]},{\"@type\":\"ImageObject\",\"inLanguage\":\"en-US\",\"@id\":\"https:\/\/orthodoxalbania.org\/2020\/2026\/03\/18\/kryepiskopi-joan-shpreh-ngushellime-per-ndarjen-nga-jeta-te-patriarkut-ilia-ii-te-gjeorgjise-tirane-18-mars-2026\/#primaryimage\",\"url\":\"https:\/\/orthodoxalbania.org\/2020\/wp-content\/uploads\/2026\/03\/Kryepiskopi-Joan-9.jpg\",\"contentUrl\":\"https:\/\/orthodoxalbania.org\/2020\/wp-content\/uploads\/2026\/03\/Kryepiskopi-Joan-9.jpg\",\"width\":400,\"height\":312},{\"@type\":\"BreadcrumbList\",\"@id\":\"https:\/\/orthodoxalbania.org\/2020\/2026\/03\/18\/kryepiskopi-joan-shpreh-ngushellime-per-ndarjen-nga-jeta-te-patriarkut-ilia-ii-te-gjeorgjise-tirane-18-mars-2026\/#breadcrumb\",\"itemListElement\":[{\"@type\":\"ListItem\",\"position\":1,\"name\":\"Home\",\"item\":\"https:\/\/orthodoxalbania.org\/2020\/\"},{\"@type\":\"ListItem\",\"position\":2,\"name\":\"Kryepiskopi Joan shpreh ngush\u00ebllime p\u00ebr ndarjen nga jeta t\u00eb Patriarkut Ilia II t\u00eb Gjeorgjis\u00eb Tiran\u00eb, 18 mars 2026\"}]},{\"@type\":\"WebSite\",\"@id\":\"https:\/\/orthodoxalbania.org\/2020\/#website\",\"url\":\"https:\/\/orthodoxalbania.org\/2020\/\",\"name\":\"Kisha Orthodh\u03bfkse Autoqefale e Shqip\u00ebris\u00eb\",\"description\":\"Fqja Zyrtare e Kish\u00ebs Orthodhokse Autoqefale e Shqip\u00ebris\u00eb me lajmet edhe informacionet zyrtare p\u00ebr struktur\u00ebn edhe veprimtarin e saj.\",\"publisher\":{\"@id\":\"https:\/\/orthodoxalbania.org\/2020\/#organization\"},\"potentialAction\":[{\"@type\":\"SearchAction\",\"target\":{\"@type\":\"EntryPoint\",\"urlTemplate\":\"https:\/\/orthodoxalbania.org\/2020\/?s={search_term_string}\"},\"query-input\":{\"@type\":\"PropertyValueSpecification\",\"valueRequired\":true,\"valueName\":\"search_term_string\"}}],\"inLanguage\":\"en-US\"},{\"@type\":\"Organization\",\"@id\":\"https:\/\/orthodoxalbania.org\/2020\/#organization\",\"name\":\"Kisha Orthodhokse Autoqefale e Shqip\u00ebris\u00eb\",\"url\":\"https:\/\/orthodoxalbania.org\/2020\/\",\"logo\":{\"@type\":\"ImageObject\",\"inLanguage\":\"en-US\",\"@id\":\"https:\/\/orthodoxalbania.org\/2020\/#\/schema\/logo\/image\/\",\"url\":\"https:\/\/orthodoxalbania.org\/2020\/wp-content\/uploads\/2020\/05\/albania.jpeg\",\"contentUrl\":\"https:\/\/orthodoxalbania.org\/2020\/wp-content\/uploads\/2020\/05\/albania.jpeg\",\"width\":540,\"height\":540,\"caption\":\"Kisha Orthodhokse Autoqefale e Shqip\u00ebris\u00eb\"},\"image\":{\"@id\":\"https:\/\/orthodoxalbania.org\/2020\/#\/schema\/logo\/image\/\"},\"sameAs\":[\"https:\/\/www.facebook.com\/koash1991\"]},{\"@type\":\"Person\",\"@id\":\"https:\/\/orthodoxalbania.org\/2020\/#\/schema\/person\/df745f942b70e045b3dc05a30211f0de\",\"name\":\"Kisha Orthodhokse\",\"image\":{\"@type\":\"ImageObject\",\"inLanguage\":\"en-US\",\"@id\":\"https:\/\/secure.gravatar.com\/avatar\/2676eb8d97178435c9f691a7871595a1da6c33542dec218bce40885573150e28?s=96&d=mm&r=g\",\"url\":\"https:\/\/secure.gravatar.com\/avatar\/2676eb8d97178435c9f691a7871595a1da6c33542dec218bce40885573150e28?s=96&d=mm&r=g\",\"contentUrl\":\"https:\/\/secure.gravatar.com\/avatar\/2676eb8d97178435c9f691a7871595a1da6c33542dec218bce40885573150e28?s=96&d=mm&r=g\",\"caption\":\"Kisha Orthodhokse\"}}]}<\/script>\n<!-- \/ Yoast SEO plugin. -->","yoast_head_json":{"title":"Kryepiskopi Joan shpreh ngush\u00ebllime p\u00ebr ndarjen nga jeta t\u00eb Patriarkut Ilia II t\u00eb Gjeorgjis\u00eb Tiran\u00eb, 18 mars 2026 - Kisha Orthodh\u03bfkse Autoqefale e Shqip\u00ebris\u00eb","robots":{"index":"index","follow":"follow","max-snippet":"max-snippet:-1","max-image-preview":"max-image-preview:large","max-video-preview":"max-video-preview:-1"},"canonical":"https:\/\/orthodoxalbania.org\/2020\/2026\/03\/18\/kryepiskopi-joan-shpreh-ngushellime-per-ndarjen-nga-jeta-te-patriarkut-ilia-ii-te-gjeorgjise-tirane-18-mars-2026\/","og_locale":"en_US","og_type":"article","og_title":"Kryepiskopi Joan shpreh ngush\u00ebllime p\u00ebr ndarjen nga jeta t\u00eb Patriarkut Ilia II t\u00eb Gjeorgjis\u00eb Tiran\u00eb, 18 mars 2026 - Kisha Orthodh\u03bfkse Autoqefale e Shqip\u00ebris\u00eb","og_description":"Kryepiskopi Joan shpreh ngush\u00ebllime p\u00ebr ndarjen nga jeta t\u00eb Patriarkut Ilia II t\u00eb Gjeorgjis\u00eb Tiran\u00eb, 18 mars 2026 Kryepiskopi i Tiran\u00ebs, Durr\u00ebsit dhe i gjith\u00eb Shqip\u00ebris\u00eb, Imzot Joani, i d\u00ebrgoi nj\u00eb let\u00ebr ngush\u00ebllimi Metropolitit Shio t\u00eb Senakut dhe \u00c7khorotskut, Locum Tenens i Fronit Patriarkal t\u00eb Gjeorgjis\u00eb, me rastin e ndarjes nga jeta t\u00eb Patriarkut-Katolikos t\u00eb Gjith\u00eb Gjeorgjis\u00eb Ilia II. N\u00eb letr\u00ebn e tij, Kryepiskopi Joan","og_url":"https:\/\/orthodoxalbania.org\/2020\/2026\/03\/18\/kryepiskopi-joan-shpreh-ngushellime-per-ndarjen-nga-jeta-te-patriarkut-ilia-ii-te-gjeorgjise-tirane-18-mars-2026\/","og_site_name":"Kisha Orthodh\u03bfkse Autoqefale e Shqip\u00ebris\u00eb","article_publisher":"https:\/\/www.facebook.com\/koash1991","article_published_time":"2026-03-18T15:36:21+00:00","article_modified_time":"2026-03-18T15:38:10+00:00","og_image":[{"width":400,"height":312,"url":"https:\/\/orthodoxalbania.org\/2020\/wp-content\/uploads\/2026\/03\/Kryepiskopi-Joan-9.jpg","type":"image\/jpeg"}],"author":"Kisha Orthodhokse","twitter_card":"summary_large_image","twitter_misc":{"Written by":"Kisha Orthodhokse","Est. reading time":"2 minutes"},"schema":{"@context":"https:\/\/schema.org","@graph":[{"@type":"Article","@id":"https:\/\/orthodoxalbania.org\/2020\/2026\/03\/18\/kryepiskopi-joan-shpreh-ngushellime-per-ndarjen-nga-jeta-te-patriarkut-ilia-ii-te-gjeorgjise-tirane-18-mars-2026\/#article","isPartOf":{"@id":"https:\/\/orthodoxalbania.org\/2020\/2026\/03\/18\/kryepiskopi-joan-shpreh-ngushellime-per-ndarjen-nga-jeta-te-patriarkut-ilia-ii-te-gjeorgjise-tirane-18-mars-2026\/"},"author":{"name":"Kisha Orthodhokse","@id":"https:\/\/orthodoxalbania.org\/2020\/#\/schema\/person\/df745f942b70e045b3dc05a30211f0de"},"headline":"Kryepiskopi Joan shpreh ngush\u00ebllime p\u00ebr ndarjen nga jeta t\u00eb Patriarkut Ilia II t\u00eb Gjeorgjis\u00eb Tiran\u00eb, 18 mars 2026","datePublished":"2026-03-18T15:36:21+00:00","dateModified":"2026-03-18T15:38:10+00:00","mainEntityOfPage":{"@id":"https:\/\/orthodoxalbania.org\/2020\/2026\/03\/18\/kryepiskopi-joan-shpreh-ngushellime-per-ndarjen-nga-jeta-te-patriarkut-ilia-ii-te-gjeorgjise-tirane-18-mars-2026\/"},"wordCount":221,"publisher":{"@id":"https:\/\/orthodoxalbania.org\/2020\/#organization"},"image":{"@id":"https:\/\/orthodoxalbania.org\/2020\/2026\/03\/18\/kryepiskopi-joan-shpreh-ngushellime-per-ndarjen-nga-jeta-te-patriarkut-ilia-ii-te-gjeorgjise-tirane-18-mars-2026\/#primaryimage"},"thumbnailUrl":"https:\/\/orthodoxalbania.org\/2020\/wp-content\/uploads\/2026\/03\/Kryepiskopi-Joan-9.jpg","keywords":["18 mars 2026","2026","Kryepiskopi Joan shpreh ngush\u00ebllime p\u00ebr ndarjen nga jeta t\u00eb Patriarkut Ilia II t\u00eb Gjeorgjis\u00eb Tiran\u00eb","lajme"],"articleSection":["Lajme","Lajme AL"],"inLanguage":"en-US"},{"@type":"WebPage","@id":"https:\/\/orthodoxalbania.org\/2020\/2026\/03\/18\/kryepiskopi-joan-shpreh-ngushellime-per-ndarjen-nga-jeta-te-patriarkut-ilia-ii-te-gjeorgjise-tirane-18-mars-2026\/","url":"https:\/\/orthodoxalbania.org\/2020\/2026\/03\/18\/kryepiskopi-joan-shpreh-ngushellime-per-ndarjen-nga-jeta-te-patriarkut-ilia-ii-te-gjeorgjise-tirane-18-mars-2026\/","name":"Kryepiskopi Joan shpreh ngush\u00ebllime p\u00ebr ndarjen nga jeta t\u00eb Patriarkut Ilia II t\u00eb Gjeorgjis\u00eb Tiran\u00eb, 18 mars 2026 - Kisha Orthodh\u03bfkse Autoqefale e Shqip\u00ebris\u00eb","isPartOf":{"@id":"https:\/\/orthodoxalbania.org\/2020\/#website"},"primaryImageOfPage":{"@id":"https:\/\/orthodoxalbania.org\/2020\/2026\/03\/18\/kryepiskopi-joan-shpreh-ngushellime-per-ndarjen-nga-jeta-te-patriarkut-ilia-ii-te-gjeorgjise-tirane-18-mars-2026\/#primaryimage"},"image":{"@id":"https:\/\/orthodoxalbania.org\/2020\/2026\/03\/18\/kryepiskopi-joan-shpreh-ngushellime-per-ndarjen-nga-jeta-te-patriarkut-ilia-ii-te-gjeorgjise-tirane-18-mars-2026\/#primaryimage"},"thumbnailUrl":"https:\/\/orthodoxalbania.org\/2020\/wp-content\/uploads\/2026\/03\/Kryepiskopi-Joan-9.jpg","datePublished":"2026-03-18T15:36:21+00:00","dateModified":"2026-03-18T15:38:10+00:00","breadcrumb":{"@id":"https:\/\/orthodoxalbania.org\/2020\/2026\/03\/18\/kryepiskopi-joan-shpreh-ngushellime-per-ndarjen-nga-jeta-te-patriarkut-ilia-ii-te-gjeorgjise-tirane-18-mars-2026\/#breadcrumb"},"inLanguage":"en-US","potentialAction":[{"@type":"ReadAction","target":["https:\/\/orthodoxalbania.org\/2020\/2026\/03\/18\/kryepiskopi-joan-shpreh-ngushellime-per-ndarjen-nga-jeta-te-patriarkut-ilia-ii-te-gjeorgjise-tirane-18-mars-2026\/"]}]},{"@type":"ImageObject","inLanguage":"en-US","@id":"https:\/\/orthodoxalbania.org\/2020\/2026\/03\/18\/kryepiskopi-joan-shpreh-ngushellime-per-ndarjen-nga-jeta-te-patriarkut-ilia-ii-te-gjeorgjise-tirane-18-mars-2026\/#primaryimage","url":"https:\/\/orthodoxalbania.org\/2020\/wp-content\/uploads\/2026\/03\/Kryepiskopi-Joan-9.jpg","contentUrl":"https:\/\/orthodoxalbania.org\/2020\/wp-content\/uploads\/2026\/03\/Kryepiskopi-Joan-9.jpg","width":400,"height":312},{"@type":"BreadcrumbList","@id":"https:\/\/orthodoxalbania.org\/2020\/2026\/03\/18\/kryepiskopi-joan-shpreh-ngushellime-per-ndarjen-nga-jeta-te-patriarkut-ilia-ii-te-gjeorgjise-tirane-18-mars-2026\/#breadcrumb","itemListElement":[{"@type":"ListItem","position":1,"name":"Home","item":"https:\/\/orthodoxalbania.org\/2020\/"},{"@type":"ListItem","position":2,"name":"Kryepiskopi Joan shpreh ngush\u00ebllime p\u00ebr ndarjen nga jeta t\u00eb Patriarkut Ilia II t\u00eb Gjeorgjis\u00eb Tiran\u00eb, 18 mars 2026"}]},{"@type":"WebSite","@id":"https:\/\/orthodoxalbania.org\/2020\/#website","url":"https:\/\/orthodoxalbania.org\/2020\/","name":"Kisha Orthodh\u03bfkse Autoqefale e Shqip\u00ebris\u00eb","description":"Fqja Zyrtare e Kish\u00ebs Orthodhokse Autoqefale e Shqip\u00ebris\u00eb me lajmet edhe informacionet zyrtare p\u00ebr struktur\u00ebn edhe veprimtarin e saj.","publisher":{"@id":"https:\/\/orthodoxalbania.org\/2020\/#organization"},"potentialAction":[{"@type":"SearchAction","target":{"@type":"EntryPoint","urlTemplate":"https:\/\/orthodoxalbania.org\/2020\/?s={search_term_string}"},"query-input":{"@type":"PropertyValueSpecification","valueRequired":true,"valueName":"search_term_string"}}],"inLanguage":"en-US"},{"@type":"Organization","@id":"https:\/\/orthodoxalbania.org\/2020\/#organization","name":"Kisha Orthodhokse Autoqefale e Shqip\u00ebris\u00eb","url":"https:\/\/orthodoxalbania.org\/2020\/","logo":{"@type":"ImageObject","inLanguage":"en-US","@id":"https:\/\/orthodoxalbania.org\/2020\/#\/schema\/logo\/image\/","url":"https:\/\/orthodoxalbania.org\/2020\/wp-content\/uploads\/2020\/05\/albania.jpeg","contentUrl":"https:\/\/orthodoxalbania.org\/2020\/wp-content\/uploads\/2020\/05\/albania.jpeg","width":540,"height":540,"caption":"Kisha Orthodhokse Autoqefale e Shqip\u00ebris\u00eb"},"image":{"@id":"https:\/\/orthodoxalbania.org\/2020\/#\/schema\/logo\/image\/"},"sameAs":["https:\/\/www.facebook.com\/koash1991"]},{"@type":"Person","@id":"https:\/\/orthodoxalbania.org\/2020\/#\/schema\/person\/df745f942b70e045b3dc05a30211f0de","name":"Kisha Orthodhokse","image":{"@type":"ImageObject","inLanguage":"en-US","@id":"https:\/\/secure.gravatar.com\/avatar\/2676eb8d97178435c9f691a7871595a1da6c33542dec218bce40885573150e28?s=96&d=mm&r=g","url":"https:\/\/secure.gravatar.com\/avatar\/2676eb8d97178435c9f691a7871595a1da6c33542dec218bce40885573150e28?s=96&d=mm&r=g","contentUrl":"https:\/\/secure.gravatar.com\/avatar\/2676eb8d97178435c9f691a7871595a1da6c33542dec218bce40885573150e28?s=96&d=mm&r=g","caption":"Kisha Orthodhokse"}}]}},"_links":{"self":[{"href":"https:\/\/orthodoxalbania.org\/2020\/wp-json\/wp\/v2\/posts\/69532","targetHints":{"allow":["GET"]}}],"collection":[{"href":"https:\/\/orthodoxalbania.org\/2020\/wp-json\/wp\/v2\/posts"}],"about":[{"href":"https:\/\/orthodoxalbania.org\/2020\/wp-json\/wp\/v2\/types\/post"}],"author":[{"embeddable":true,"href":"https:\/\/orthodoxalbania.org\/2020\/wp-json\/wp\/v2\/users\/7"}],"replies":[{"embeddable":true,"href":"https:\/\/orthodoxalbania.org\/2020\/wp-json\/wp\/v2\/comments?post=69532"}],"version-history":[{"count":1,"href":"https:\/\/orthodoxalbania.org\/2020\/wp-json\/wp\/v2\/posts\/69532\/revisions"}],"predecessor-version":[{"id":69536,"href":"https:\/\/orthodoxalbania.org\/2020\/wp-json\/wp\/v2\/posts\/69532\/revisions\/69536"}],"wp:featuredmedia":[{"embeddable":true,"href":"https:\/\/orthodoxalbania.org\/2020\/wp-json\/wp\/v2\/media\/69537"}],"wp:attachment":[{"href":"https:\/\/orthodoxalbania.org\/2020\/wp-json\/wp\/v2\/media?parent=69532"}],"wp:term":[{"taxonomy":"category","embeddable":true,"href":"https:\/\/orthodoxalbania.org\/2020\/wp-json\/wp\/v2\/categories?post=69532"},{"taxonomy":"post_tag","embeddable":true,"href":"https:\/\/orthodoxalbania.org\/2020\/wp-json\/wp\/v2\/tags?post=69532"}],"curies":[{"name":"wp","href":"https:\/\/api.w.org\/{rel}","templated":true}]}}