{"id":695,"date":"2007-02-26T00:00:00","date_gmt":"2007-02-26T00:00:00","guid":{"rendered":""},"modified":"2020-04-06T22:35:35","modified_gmt":"2020-04-06T20:35:35","slug":"kampi-i-femijeve-zvernec-mbresa-dhe-kujtime-te-paharruara-korrik-2007","status":"publish","type":"post","link":"https:\/\/orthodoxalbania.org\/2020\/2007\/02\/26\/kampi-i-femijeve-zvernec-mbresa-dhe-kujtime-te-paharruara-korrik-2007\/","title":{"rendered":"Kampi i f\u00ebmij\u00ebve, Zv\u00ebrnec &#8211; Mbresa dhe kujtime t\u00eb paharruara. (Korrik 2007)"},"content":{"rendered":"<div>&nbsp;<\/div>\n<table id=\"AutoNumber2\" style=\"width: 773px; height: 1482px;\" border=\"0\">\n<tbody>\n<tr>\n<td>\n<div><span style=\"color: #000000;\"><span style=\"font-family: tahoma,geneva,sans-serif;\"><span style=\"font-size: 12px;\"><img decoding=\"async\" class=\"lazyload HAa Eha\" style=\"border-width: 1px; border-style: solid; margin: 10px auto; display: block;\" alt=\"\" src=\"data:image\/gif;base64,R0lGODlhAQABAAAAACH5BAEKAAEALAAAAAABAAEAAAICTAEAOw==\" data-orig-src=\"https:\/\/lh4.googleusercontent.com\/-AbnmlPw05jg\/VIqw_IpjS7I\/AAAAAAAAGyc\/I-es3hdVYVo\/w400-h300-no\/pic1.jpg\" \/><\/span><\/span><\/span><\/div>\n<\/td>\n<td>\n<div style=\"text-align: justify;\"><span style=\"color: #000000;\"><span style=\"font-family: tahoma,geneva,sans-serif;\"><span style=\"font-size: 12px;\">&nbsp;&nbsp;&nbsp;&nbsp; Sezoni i ver\u00ebs, bashk\u00eb me koh\u00ebn e bukur dhe \u00e7lodh\u00ebse, vjen si \u00e7do vit me kampet edukative dhe arg\u00ebtuese q\u00eb organizon Kisha Orthodhokse n\u00eb mbar\u00eb Shqip\u00ebrin\u00eb. F\u00ebmij\u00ebt jan\u00eb t\u00eb par\u00ebt ata q\u00eb&nbsp; i presin dit\u00ebt e kampit me padurim. Peizazhi i bukur i ishullit brilant t\u00eb Zv\u00ebrnecit q\u00eb ndodhet pran\u00eb qytetit t\u00eb Vlor\u00ebs, priti k\u00ebt\u00eb vit rreth 120 f\u00ebmij\u00eb nga i gjith\u00eb vendi. Me bekimin e Kryepiskopit Anastas ky kamp u zhvillua nga data 25 Qershor &#8211; 5 Korrik n\u00eb Manastirin \u201cFjetja e Hyjlind\u00ebses\u201d t\u00eb Zv\u00ebrnecit, kampi \u201cRilindja\u201d me f\u00ebmij\u00ebt e grupmosh\u00ebs 11-14 vje\u00e7 me tem\u00ebn kryesore: \u201cT\u00eb gjitha u mbush\u00ebn me drit\u00eb\u201d. Veprimtaria u organizua n\u00eb bashk\u00ebpunimin midis Zyr\u00ebs Rinore dhe Zyr\u00ebs s\u00eb Katekizmit t\u00eb Kish\u00ebs Orthodhokse Autoqefale t\u00eb Shqip\u00ebris\u00eb.<\/span><\/span><\/span><\/div>\n<\/td>\n<\/tr>\n<tr>\n<td colspan=\"2\">\n<div style=\"text-align: justify;\"><span style=\"color: #000000;\"><span style=\"font-family: tahoma,geneva,sans-serif;\"><span style=\"font-size: 12px;\">&nbsp;&nbsp;&nbsp;&nbsp; P\u00ebr 10 dit\u00eb, f\u00ebmij\u00ebt t\u00eb ndar\u00eb n\u00eb 10 grupe ku secili grup mbante emrin e nj\u00eb shenjtori t\u00eb Kish\u00ebs, mor\u00ebn pjes\u00eb n\u00eb programin e p\u00ebrditsh\u00ebm t\u00eb kampit q\u00eb ishte i mbushur me sh\u00ebrbesa n\u00eb kish\u00ebn e manastirit, biseda shpirt\u00ebrore n\u00eb grupe si edhe loj\u00ebra e aktivitete t\u00eb shumta zbavit\u00ebse, t\u00eb cilat e b\u00ebn\u00eb edhe m\u00eb t\u00eb bukur atmosfer\u00ebn. Gjithashtu koha e pushimit n\u00eb plazhin e Zv\u00ebrnecit, me aktivitete sportive t\u00eb pasdites, konkurset pyetje-p\u00ebrgjigje, si dhe me kalimin s\u00eb bashku t\u00eb koh\u00ebs s\u00eb ngr\u00ebnies n\u00eb mens\u00ebn t\u00ebr\u00ebsisht t\u00eb shnd\u00ebrruar n\u00eb nj\u00eb ambient m\u00eb t\u00eb gjer\u00eb dhe me kushte bashk\u00ebkohore i b\u00ebn\u00eb f\u00ebmij\u00ebt aktiv\u00eb dhe t\u00eb g\u00ebzuar.<\/span><\/span><\/span><\/div>\n<\/td>\n<\/tr>\n<tr>\n<td>\n<div style=\"text-align: justify;\"><span style=\"color: #000000;\"><span style=\"font-family: tahoma,geneva,sans-serif;\"><span style=\"font-size: 12px;\">&nbsp;&nbsp;&nbsp;&nbsp; Programi i p\u00ebrditsh\u00ebm pasurohej edhe me aktivitete t\u00eb ve\u00e7anta q\u00eb ndodh\u00ebn n\u00eb k\u00ebt\u00eb kamp. Pjes\u00ebmarr\u00ebsit pat\u00ebn bekimin t\u00eb merrnin pjes\u00eb n\u00eb dy sh\u00ebrbesa t\u00eb Liturgjis\u00eb Hyjnore t\u00eb kryera nga at\u00eb Jani Tereziu dhe dhjakon Niko Lushi, shumica e t\u00eb cil\u00ebve takuan Zotin Krisht n\u00eb misterin e Eukaristis\u00eb Hyjnore. F\u00ebmij\u00ebt mor\u00ebn pjes\u00eb edhe n\u00eb misterin e Pendim-Rr\u00ebfimit me atin shpirt\u00ebror At Jani Trebicka, i cili q\u00ebndroi p\u00ebr dy dit\u00eb n\u00eb kamp dhe priti shum\u00eb f\u00ebmij\u00eb n\u00eb k\u00ebt\u00eb mister. Bekim i ve\u00e7ant\u00eb ishte pag\u00ebzimi i 24 f\u00ebmij\u00ebve, t\u00eb cil\u00ebt pasi u katekizuan, u pag\u00ebzuan n\u00eb detin e plazhit t\u00eb Zv\u00ebrnecit.<\/span><\/span><\/span><\/div>\n<\/td>\n<td>\n<div><span style=\"color: #000000;\"><span style=\"font-family: tahoma,geneva,sans-serif;\"><span style=\"font-size: 12px;\"><img decoding=\"async\" class=\"lazyload HAa Eha\" style=\"border-width: 1px; border-style: solid; margin: 10px auto; display: block;\" alt=\"\" src=\"data:image\/gif;base64,R0lGODlhAQABAAAAACH5BAEKAAEALAAAAAABAAEAAAICTAEAOw==\" data-orig-src=\"https:\/\/lh6.googleusercontent.com\/-HGCpRQg9ywg\/VIqw-0d6c3I\/AAAAAAAAGyM\/lqSlw53AH9Y\/w400-h300-no\/pic2.jpg\" \/><\/span><\/span><\/span><\/div>\n<\/td>\n<\/tr>\n<tr>\n<td colspan=\"2\">\n<div style=\"text-align: justify;\"><span style=\"color: #000000;\"><span style=\"font-family: tahoma,geneva,sans-serif;\"><span style=\"font-size: 12px;\">&nbsp;&nbsp;&nbsp;&nbsp; Nd\u00ebr aktivitetet sportive, u ve\u00e7uan organizmi i kampionatit t\u00eb futbollit, kup\u00ebn e t\u00eb cilit e fitoi grupi i Sh\u00ebn Astit me drejtues grupi, z. Gjergj Pulia, katekist; kampionati i ping-pongut me fitues Vangjel Dog\u00ebn; kampionati i shahut me fitues Julian Andrean; kampioni i tavll\u00ebs me fitues Xhejms Jakun; i loj\u00ebrave olimpike me fitues grupin e Sh\u00ebn Pjetrit me kryetar katekist\u00ebt z. Andi Bardhin dhe Arben Matan; i maraton\u00ebs me fitues Vildan Kepecan dhe festivali i k\u00ebng\u00ebs \u201cFest-Zv\u00ebrnec 2007\u201d me fitues grupin e drejtuar nga studenti i sapodiplomuar i Akademis\u00eb Teologjike z. Gabriel Shani. Aktivitetet kulturore ishin t\u00eb p\u00ebrditshme dhe kishin karakterin e konkurseve midis dy grupeve p\u00ebr njohuri nga besimi, let\u00ebrsia, histori-gjeografia dhe sporti.<\/span><\/span><\/span><\/div>\n<\/td>\n<\/tr>\n<tr>\n<td>\n<div><span style=\"color: #000000;\"><span style=\"font-family: tahoma,geneva,sans-serif;\"><span style=\"font-size: 12px;\"><img decoding=\"async\" class=\"lazyload HAa Eha\" style=\"border-width: 1px; border-style: solid; margin: 10px auto; display: block;\" alt=\"\" src=\"data:image\/gif;base64,R0lGODlhAQABAAAAACH5BAEKAAEALAAAAAABAAEAAAICTAEAOw==\" data-orig-src=\"https:\/\/lh6.googleusercontent.com\/-fcHAQM4Hr3A\/VIqw-2VmxzI\/AAAAAAAAGyQ\/tRGWLY6JC-8\/w400-h300-no\/pic3.jpg\" \/><\/span><\/span><\/span><\/div>\n<\/td>\n<td>\n<div dir=\"ltr\" style=\"text-align: justify;\"><span style=\"color: #000000;\"><span style=\"font-family: tahoma,geneva,sans-serif;\"><span style=\"font-size: 12px;\">&nbsp;&nbsp;&nbsp;&nbsp; Bashk\u00eb m\u00eb nj\u00eb shoq\u00ebri t\u00eb re t\u00eb krishter\u00eb, f\u00ebmij\u00ebt njoh\u00ebn edhe disa \u00e7\u00ebshtje t\u00eb r\u00ebnd\u00ebsishme t\u00eb besimit t\u00eb krishter\u00eb orthodhoks. Vlen t\u00eb p\u00ebrmendet biseda e shkurt\u00ebr e m\u00ebngjesit n\u00eb mens\u00eb apo e organizuar edhe n\u00ebp\u00ebr grupe, duke iu dh\u00ebn\u00eb nj\u00eb karakter bashk\u00ebbisedimi me f\u00ebmij\u00ebt p\u00ebr tema q\u00eb ata d\u00ebshironin t\u2019i preknin. N\u00eb k\u00ebt\u00eb kuad\u00ebr, ky kamp kishte edhe tem\u00ebn e m\u00ebsimdh\u00ebnies s\u00eb tij:<\/span><\/span><\/span><\/div>\n<\/td>\n<\/tr>\n<tr>\n<td>\n<div style=\"text-align: justify;\"><span style=\"color: #000000;\"><span style=\"font-family: tahoma,geneva,sans-serif;\"><span style=\"font-size: 12px;\">&nbsp;&nbsp;&nbsp;&nbsp; \u201cTani t\u00eb gjitha u mbush\u00ebn me drit\u00eb\u201d \u2013 duke marr\u00eb shkas nga titulli i librit m\u00eb t\u00eb fundit t\u00eb Kryepiskopit ton\u00eb Anastas, i cili pati interesimin e tij at\u00ebror, qoft\u00eb nga ana materiale edhe nga ajo shpirt\u00ebrore q\u00eb f\u00ebmij\u00ebt t\u00eb mbeteshin me kujtime mbres\u00ebl\u00ebn\u00ebse nga ky kamp dhe t\u00eb largoheshin prej tij si drita q\u00eb shp\u00ebrndahet n\u00eb bot\u00eb.<\/span><\/span><\/span><\/div>\n<\/td>\n<td>\n<div><span style=\"color: #000000;\"><span style=\"font-family: tahoma,geneva,sans-serif;\"><span style=\"font-size: 12px;\"><img decoding=\"async\" class=\"lazyload HAa Eha\" style=\"border-width: 1px; border-style: solid; margin: 10px auto; display: block;\" alt=\"\" src=\"data:image\/gif;base64,R0lGODlhAQABAAAAACH5BAEKAAEALAAAAAABAAEAAAICTAEAOw==\" data-orig-src=\"https:\/\/lh4.googleusercontent.com\/-OV_FgE20fAw\/VIqw_SpO-SI\/AAAAAAAAGyU\/xhcBuLfG_Hc\/w400-h300-no\/pic4.jpg\" \/><\/span><\/span><\/span><\/div>\n<\/td>\n<\/tr>\n<tr>\n<td colspan=\"2\">\n<div style=\"text-align: justify;\"><span style=\"color: #000000;\"><span style=\"font-family: tahoma,geneva,sans-serif;\"><span style=\"font-size: 12px;\">&nbsp;&nbsp;&nbsp;&nbsp; F\u00ebmij\u00ebt shpreh\u00ebn momentet se si i kishin kaluar dit\u00ebt e kampit, duke l\u00ebn\u00eb p\u00ebrshtypjet e tyre m\u00eb t\u00eb mira se kishin mbetur t\u00eb k\u00ebnaqur dhe prisnin vitin e ardhsh\u00ebm p\u00ebr t\u00eb marr\u00eb pjes\u00eb n\u00eb k\u00ebt\u00eb aktivitet kaq t\u00eb ve\u00e7ant\u00eb dhe mbres\u00ebl\u00ebn\u00ebs.<\/span><\/span><\/span><\/div>\n<\/td>\n<\/tr>\n<tr>\n<td>\n<div>&nbsp;<\/div>\n<\/td>\n<td>\n<div>&nbsp;<\/div>\n<\/td>\n<\/tr>\n<\/tbody>\n<\/table>\n<div>&nbsp;<\/div>\n<div><span style=\"color: #000000;\"><span style=\"font-family: tahoma,geneva,sans-serif;\"><span style=\"font-size: 12px;\"><strong>Aleksand\u00ebr Dimro\u00e7i<\/strong><\/span><\/span><\/span><\/div>\n","protected":false},"excerpt":{"rendered":"<p>&nbsp; &nbsp;&nbsp;&nbsp;&nbsp; Sezoni i ver\u00ebs, bashk\u00eb me koh\u00ebn e bukur dhe \u00e7lodh\u00ebse, vjen si \u00e7do vit me kampet edukative dhe arg\u00ebtuese q\u00eb organizon Kisha Orthodhokse n\u00eb mbar\u00eb Shqip\u00ebrin\u00eb. F\u00ebmij\u00ebt jan\u00eb t\u00eb par\u00ebt ata q\u00eb&nbsp; i presin dit\u00ebt e kampit me padurim. Peizazhi i bukur i ishullit brilant t\u00eb Zv\u00ebrnecit q\u00eb ndodhet pran\u00eb qytetit t\u00eb Vlor\u00ebs, priti k\u00ebt\u00eb vit rreth 120 f\u00ebmij\u00eb nga i gjith\u00eb vendi.<\/p>\n","protected":false},"author":1,"featured_media":0,"comment_status":"open","ping_status":"open","sticky":false,"template":"","format":"standard","meta":{"_acf_changed":false,"pagelayer_contact_templates":[],"_pagelayer_content":"","inline_featured_image":false,"fifu_image_url":"","fifu_image_alt":"","footnotes":""},"categories":[108],"tags":[147,200,196,212,156],"class_list":["post-695","post","type-post","status-publish","format-standard","hentry","category-lajme","tag-147","tag-kampe-verore","tag-tirane","tag-lajme-d27","tag-femijet"],"acf":[],"yoast_head":"<!-- This site is optimized with the Yoast SEO plugin v27.2 - https:\/\/yoast.com\/product\/yoast-seo-wordpress\/ -->\n<title>Kampi i f\u00ebmij\u00ebve, Zv\u00ebrnec - Mbresa dhe kujtime t\u00eb paharruara. (Korrik 2007) - Kisha Orthodh\u03bfkse Autoqefale e Shqip\u00ebris\u00eb<\/title>\n<meta name=\"robots\" content=\"index, follow, max-snippet:-1, max-image-preview:large, max-video-preview:-1\" \/>\n<link rel=\"canonical\" href=\"https:\/\/orthodoxalbania.org\/2020\/2007\/02\/26\/kampi-i-femijeve-zvernec-mbresa-dhe-kujtime-te-paharruara-korrik-2007\/\" \/>\n<meta property=\"og:locale\" content=\"en_US\" \/>\n<meta property=\"og:type\" content=\"article\" \/>\n<meta property=\"og:title\" content=\"Kampi i f\u00ebmij\u00ebve, Zv\u00ebrnec - Mbresa dhe kujtime t\u00eb paharruara. (Korrik 2007) - Kisha Orthodh\u03bfkse Autoqefale e Shqip\u00ebris\u00eb\" \/>\n<meta property=\"og:description\" content=\"&nbsp; &nbsp;&nbsp;&nbsp;&nbsp; Sezoni i ver\u00ebs, bashk\u00eb me koh\u00ebn e bukur dhe \u00e7lodh\u00ebse, vjen si \u00e7do vit me kampet edukative dhe arg\u00ebtuese q\u00eb organizon Kisha Orthodhokse n\u00eb mbar\u00eb Shqip\u00ebrin\u00eb. F\u00ebmij\u00ebt jan\u00eb t\u00eb par\u00ebt ata q\u00eb&nbsp; i presin dit\u00ebt e kampit me padurim. Peizazhi i bukur i ishullit brilant t\u00eb Zv\u00ebrnecit q\u00eb ndodhet pran\u00eb qytetit t\u00eb Vlor\u00ebs, priti k\u00ebt\u00eb vit rreth 120 f\u00ebmij\u00eb nga i gjith\u00eb vendi.\" \/>\n<meta property=\"og:url\" content=\"https:\/\/orthodoxalbania.org\/2020\/2007\/02\/26\/kampi-i-femijeve-zvernec-mbresa-dhe-kujtime-te-paharruara-korrik-2007\/\" \/>\n<meta property=\"og:site_name\" content=\"Kisha Orthodh\u03bfkse Autoqefale e Shqip\u00ebris\u00eb\" \/>\n<meta property=\"article:publisher\" content=\"https:\/\/www.facebook.com\/koash1991\" \/>\n<meta property=\"article:published_time\" content=\"2007-02-26T00:00:00+00:00\" \/>\n<meta property=\"article:modified_time\" content=\"2020-04-06T20:35:35+00:00\" \/>\n<meta property=\"og:image\" content=\"https:\/\/lh4.googleusercontent.com\/-AbnmlPw05jg\/VIqw_IpjS7I\/AAAAAAAAGyc\/I-es3hdVYVo\/w400-h300-no\/pic1.jpg\" \/>\n<meta name=\"author\" content=\"Kisha Orthodhokse\" \/>\n<meta name=\"twitter:card\" content=\"summary_large_image\" \/>\n<meta name=\"twitter:label1\" content=\"Written by\" \/>\n\t<meta name=\"twitter:data1\" content=\"Kisha Orthodhokse\" \/>\n\t<meta name=\"twitter:label2\" content=\"Est. reading time\" \/>\n\t<meta name=\"twitter:data2\" content=\"4 minutes\" \/>\n<script type=\"application\/ld+json\" class=\"yoast-schema-graph\">{\"@context\":\"https:\/\/schema.org\",\"@graph\":[{\"@type\":\"Article\",\"@id\":\"https:\/\/orthodoxalbania.org\/2020\/2007\/02\/26\/kampi-i-femijeve-zvernec-mbresa-dhe-kujtime-te-paharruara-korrik-2007\/#article\",\"isPartOf\":{\"@id\":\"https:\/\/orthodoxalbania.org\/2020\/2007\/02\/26\/kampi-i-femijeve-zvernec-mbresa-dhe-kujtime-te-paharruara-korrik-2007\/\"},\"author\":{\"name\":\"Kisha Orthodhokse\",\"@id\":\"https:\/\/orthodoxalbania.org\/2020\/#\/schema\/person\/0c387634a7063ac612d7ed9ce71c7e86\"},\"headline\":\"Kampi i f\u00ebmij\u00ebve, Zv\u00ebrnec &#8211; Mbresa dhe kujtime t\u00eb paharruara. (Korrik 2007)\",\"datePublished\":\"2007-02-26T00:00:00+00:00\",\"dateModified\":\"2020-04-06T20:35:35+00:00\",\"mainEntityOfPage\":{\"@id\":\"https:\/\/orthodoxalbania.org\/2020\/2007\/02\/26\/kampi-i-femijeve-zvernec-mbresa-dhe-kujtime-te-paharruara-korrik-2007\/\"},\"wordCount\":783,\"commentCount\":0,\"publisher\":{\"@id\":\"https:\/\/orthodoxalbania.org\/2020\/#organization\"},\"image\":{\"@id\":\"https:\/\/orthodoxalbania.org\/2020\/2007\/02\/26\/kampi-i-femijeve-zvernec-mbresa-dhe-kujtime-te-paharruara-korrik-2007\/#primaryimage\"},\"thumbnailUrl\":\"https:\/\/lh4.googleusercontent.com\/-AbnmlPw05jg\/VIqw_IpjS7I\/AAAAAAAAGyc\/I-es3hdVYVo\/w400-h300-no\/pic1.jpg\",\"keywords\":[\"2007\",\"Kampe verore\",\"Kryepiskopata Tiran\u00eb\",\"lajme\",\"Zyra e F\u00ebmij\u00ebve\"],\"articleSection\":[\"Lajme\"],\"inLanguage\":\"en-US\"},{\"@type\":\"WebPage\",\"@id\":\"https:\/\/orthodoxalbania.org\/2020\/2007\/02\/26\/kampi-i-femijeve-zvernec-mbresa-dhe-kujtime-te-paharruara-korrik-2007\/\",\"url\":\"https:\/\/orthodoxalbania.org\/2020\/2007\/02\/26\/kampi-i-femijeve-zvernec-mbresa-dhe-kujtime-te-paharruara-korrik-2007\/\",\"name\":\"Kampi i f\u00ebmij\u00ebve, Zv\u00ebrnec - Mbresa dhe kujtime t\u00eb paharruara. (Korrik 2007) - Kisha Orthodh\u03bfkse Autoqefale e Shqip\u00ebris\u00eb\",\"isPartOf\":{\"@id\":\"https:\/\/orthodoxalbania.org\/2020\/#website\"},\"primaryImageOfPage\":{\"@id\":\"https:\/\/orthodoxalbania.org\/2020\/2007\/02\/26\/kampi-i-femijeve-zvernec-mbresa-dhe-kujtime-te-paharruara-korrik-2007\/#primaryimage\"},\"image\":{\"@id\":\"https:\/\/orthodoxalbania.org\/2020\/2007\/02\/26\/kampi-i-femijeve-zvernec-mbresa-dhe-kujtime-te-paharruara-korrik-2007\/#primaryimage\"},\"thumbnailUrl\":\"https:\/\/lh4.googleusercontent.com\/-AbnmlPw05jg\/VIqw_IpjS7I\/AAAAAAAAGyc\/I-es3hdVYVo\/w400-h300-no\/pic1.jpg\",\"datePublished\":\"2007-02-26T00:00:00+00:00\",\"dateModified\":\"2020-04-06T20:35:35+00:00\",\"breadcrumb\":{\"@id\":\"https:\/\/orthodoxalbania.org\/2020\/2007\/02\/26\/kampi-i-femijeve-zvernec-mbresa-dhe-kujtime-te-paharruara-korrik-2007\/#breadcrumb\"},\"inLanguage\":\"en-US\",\"potentialAction\":[{\"@type\":\"ReadAction\",\"target\":[\"https:\/\/orthodoxalbania.org\/2020\/2007\/02\/26\/kampi-i-femijeve-zvernec-mbresa-dhe-kujtime-te-paharruara-korrik-2007\/\"]}]},{\"@type\":\"ImageObject\",\"inLanguage\":\"en-US\",\"@id\":\"https:\/\/orthodoxalbania.org\/2020\/2007\/02\/26\/kampi-i-femijeve-zvernec-mbresa-dhe-kujtime-te-paharruara-korrik-2007\/#primaryimage\",\"url\":\"https:\/\/lh4.googleusercontent.com\/-AbnmlPw05jg\/VIqw_IpjS7I\/AAAAAAAAGyc\/I-es3hdVYVo\/w400-h300-no\/pic1.jpg\",\"contentUrl\":\"https:\/\/lh4.googleusercontent.com\/-AbnmlPw05jg\/VIqw_IpjS7I\/AAAAAAAAGyc\/I-es3hdVYVo\/w400-h300-no\/pic1.jpg\"},{\"@type\":\"BreadcrumbList\",\"@id\":\"https:\/\/orthodoxalbania.org\/2020\/2007\/02\/26\/kampi-i-femijeve-zvernec-mbresa-dhe-kujtime-te-paharruara-korrik-2007\/#breadcrumb\",\"itemListElement\":[{\"@type\":\"ListItem\",\"position\":1,\"name\":\"Home\",\"item\":\"https:\/\/orthodoxalbania.org\/2020\/\"},{\"@type\":\"ListItem\",\"position\":2,\"name\":\"Kampi i f\u00ebmij\u00ebve, Zv\u00ebrnec &#8211; Mbresa dhe kujtime t\u00eb paharruara. (Korrik 2007)\"}]},{\"@type\":\"WebSite\",\"@id\":\"https:\/\/orthodoxalbania.org\/2020\/#website\",\"url\":\"https:\/\/orthodoxalbania.org\/2020\/\",\"name\":\"Kisha Orthodh\u03bfkse Autoqefale e Shqip\u00ebris\u00eb\",\"description\":\"Fqja Zyrtare e Kish\u00ebs Orthodhokse Autoqefale e Shqip\u00ebris\u00eb me lajmet edhe informacionet zyrtare p\u00ebr struktur\u00ebn edhe veprimtarin e saj.\",\"publisher\":{\"@id\":\"https:\/\/orthodoxalbania.org\/2020\/#organization\"},\"potentialAction\":[{\"@type\":\"SearchAction\",\"target\":{\"@type\":\"EntryPoint\",\"urlTemplate\":\"https:\/\/orthodoxalbania.org\/2020\/?s={search_term_string}\"},\"query-input\":{\"@type\":\"PropertyValueSpecification\",\"valueRequired\":true,\"valueName\":\"search_term_string\"}}],\"inLanguage\":\"en-US\"},{\"@type\":\"Organization\",\"@id\":\"https:\/\/orthodoxalbania.org\/2020\/#organization\",\"name\":\"Kisha Orthodhokse Autoqefale e Shqip\u00ebris\u00eb\",\"url\":\"https:\/\/orthodoxalbania.org\/2020\/\",\"logo\":{\"@type\":\"ImageObject\",\"inLanguage\":\"en-US\",\"@id\":\"https:\/\/orthodoxalbania.org\/2020\/#\/schema\/logo\/image\/\",\"url\":\"https:\/\/orthodoxalbania.org\/2020\/wp-content\/uploads\/2020\/05\/albania.jpeg\",\"contentUrl\":\"https:\/\/orthodoxalbania.org\/2020\/wp-content\/uploads\/2020\/05\/albania.jpeg\",\"width\":540,\"height\":540,\"caption\":\"Kisha Orthodhokse Autoqefale e Shqip\u00ebris\u00eb\"},\"image\":{\"@id\":\"https:\/\/orthodoxalbania.org\/2020\/#\/schema\/logo\/image\/\"},\"sameAs\":[\"https:\/\/www.facebook.com\/koash1991\"]},{\"@type\":\"Person\",\"@id\":\"https:\/\/orthodoxalbania.org\/2020\/#\/schema\/person\/0c387634a7063ac612d7ed9ce71c7e86\",\"name\":\"Kisha Orthodhokse\",\"image\":{\"@type\":\"ImageObject\",\"inLanguage\":\"en-US\",\"@id\":\"https:\/\/secure.gravatar.com\/avatar\/596e7c417251e30f2fbb9c00e026fce61a695a00e51c889caded71c96cbbdde5?s=96&d=mm&r=g\",\"url\":\"https:\/\/secure.gravatar.com\/avatar\/596e7c417251e30f2fbb9c00e026fce61a695a00e51c889caded71c96cbbdde5?s=96&d=mm&r=g\",\"contentUrl\":\"https:\/\/secure.gravatar.com\/avatar\/596e7c417251e30f2fbb9c00e026fce61a695a00e51c889caded71c96cbbdde5?s=96&d=mm&r=g\",\"caption\":\"Kisha Orthodhokse\"}}]}<\/script>\n<!-- \/ Yoast SEO plugin. -->","yoast_head_json":{"title":"Kampi i f\u00ebmij\u00ebve, Zv\u00ebrnec - Mbresa dhe kujtime t\u00eb paharruara. (Korrik 2007) - Kisha Orthodh\u03bfkse Autoqefale e Shqip\u00ebris\u00eb","robots":{"index":"index","follow":"follow","max-snippet":"max-snippet:-1","max-image-preview":"max-image-preview:large","max-video-preview":"max-video-preview:-1"},"canonical":"https:\/\/orthodoxalbania.org\/2020\/2007\/02\/26\/kampi-i-femijeve-zvernec-mbresa-dhe-kujtime-te-paharruara-korrik-2007\/","og_locale":"en_US","og_type":"article","og_title":"Kampi i f\u00ebmij\u00ebve, Zv\u00ebrnec - Mbresa dhe kujtime t\u00eb paharruara. (Korrik 2007) - Kisha Orthodh\u03bfkse Autoqefale e Shqip\u00ebris\u00eb","og_description":"&nbsp; &nbsp;&nbsp;&nbsp;&nbsp; Sezoni i ver\u00ebs, bashk\u00eb me koh\u00ebn e bukur dhe \u00e7lodh\u00ebse, vjen si \u00e7do vit me kampet edukative dhe arg\u00ebtuese q\u00eb organizon Kisha Orthodhokse n\u00eb mbar\u00eb Shqip\u00ebrin\u00eb. F\u00ebmij\u00ebt jan\u00eb t\u00eb par\u00ebt ata q\u00eb&nbsp; i presin dit\u00ebt e kampit me padurim. Peizazhi i bukur i ishullit brilant t\u00eb Zv\u00ebrnecit q\u00eb ndodhet pran\u00eb qytetit t\u00eb Vlor\u00ebs, priti k\u00ebt\u00eb vit rreth 120 f\u00ebmij\u00eb nga i gjith\u00eb vendi.","og_url":"https:\/\/orthodoxalbania.org\/2020\/2007\/02\/26\/kampi-i-femijeve-zvernec-mbresa-dhe-kujtime-te-paharruara-korrik-2007\/","og_site_name":"Kisha Orthodh\u03bfkse Autoqefale e Shqip\u00ebris\u00eb","article_publisher":"https:\/\/www.facebook.com\/koash1991","article_published_time":"2007-02-26T00:00:00+00:00","article_modified_time":"2020-04-06T20:35:35+00:00","og_image":[{"url":"https:\/\/lh4.googleusercontent.com\/-AbnmlPw05jg\/VIqw_IpjS7I\/AAAAAAAAGyc\/I-es3hdVYVo\/w400-h300-no\/pic1.jpg","type":"","width":"","height":""}],"author":"Kisha Orthodhokse","twitter_card":"summary_large_image","twitter_misc":{"Written by":"Kisha Orthodhokse","Est. reading time":"4 minutes"},"schema":{"@context":"https:\/\/schema.org","@graph":[{"@type":"Article","@id":"https:\/\/orthodoxalbania.org\/2020\/2007\/02\/26\/kampi-i-femijeve-zvernec-mbresa-dhe-kujtime-te-paharruara-korrik-2007\/#article","isPartOf":{"@id":"https:\/\/orthodoxalbania.org\/2020\/2007\/02\/26\/kampi-i-femijeve-zvernec-mbresa-dhe-kujtime-te-paharruara-korrik-2007\/"},"author":{"name":"Kisha Orthodhokse","@id":"https:\/\/orthodoxalbania.org\/2020\/#\/schema\/person\/0c387634a7063ac612d7ed9ce71c7e86"},"headline":"Kampi i f\u00ebmij\u00ebve, Zv\u00ebrnec &#8211; Mbresa dhe kujtime t\u00eb paharruara. (Korrik 2007)","datePublished":"2007-02-26T00:00:00+00:00","dateModified":"2020-04-06T20:35:35+00:00","mainEntityOfPage":{"@id":"https:\/\/orthodoxalbania.org\/2020\/2007\/02\/26\/kampi-i-femijeve-zvernec-mbresa-dhe-kujtime-te-paharruara-korrik-2007\/"},"wordCount":783,"commentCount":0,"publisher":{"@id":"https:\/\/orthodoxalbania.org\/2020\/#organization"},"image":{"@id":"https:\/\/orthodoxalbania.org\/2020\/2007\/02\/26\/kampi-i-femijeve-zvernec-mbresa-dhe-kujtime-te-paharruara-korrik-2007\/#primaryimage"},"thumbnailUrl":"https:\/\/lh4.googleusercontent.com\/-AbnmlPw05jg\/VIqw_IpjS7I\/AAAAAAAAGyc\/I-es3hdVYVo\/w400-h300-no\/pic1.jpg","keywords":["2007","Kampe verore","Kryepiskopata Tiran\u00eb","lajme","Zyra e F\u00ebmij\u00ebve"],"articleSection":["Lajme"],"inLanguage":"en-US"},{"@type":"WebPage","@id":"https:\/\/orthodoxalbania.org\/2020\/2007\/02\/26\/kampi-i-femijeve-zvernec-mbresa-dhe-kujtime-te-paharruara-korrik-2007\/","url":"https:\/\/orthodoxalbania.org\/2020\/2007\/02\/26\/kampi-i-femijeve-zvernec-mbresa-dhe-kujtime-te-paharruara-korrik-2007\/","name":"Kampi i f\u00ebmij\u00ebve, Zv\u00ebrnec - Mbresa dhe kujtime t\u00eb paharruara. (Korrik 2007) - Kisha Orthodh\u03bfkse Autoqefale e Shqip\u00ebris\u00eb","isPartOf":{"@id":"https:\/\/orthodoxalbania.org\/2020\/#website"},"primaryImageOfPage":{"@id":"https:\/\/orthodoxalbania.org\/2020\/2007\/02\/26\/kampi-i-femijeve-zvernec-mbresa-dhe-kujtime-te-paharruara-korrik-2007\/#primaryimage"},"image":{"@id":"https:\/\/orthodoxalbania.org\/2020\/2007\/02\/26\/kampi-i-femijeve-zvernec-mbresa-dhe-kujtime-te-paharruara-korrik-2007\/#primaryimage"},"thumbnailUrl":"https:\/\/lh4.googleusercontent.com\/-AbnmlPw05jg\/VIqw_IpjS7I\/AAAAAAAAGyc\/I-es3hdVYVo\/w400-h300-no\/pic1.jpg","datePublished":"2007-02-26T00:00:00+00:00","dateModified":"2020-04-06T20:35:35+00:00","breadcrumb":{"@id":"https:\/\/orthodoxalbania.org\/2020\/2007\/02\/26\/kampi-i-femijeve-zvernec-mbresa-dhe-kujtime-te-paharruara-korrik-2007\/#breadcrumb"},"inLanguage":"en-US","potentialAction":[{"@type":"ReadAction","target":["https:\/\/orthodoxalbania.org\/2020\/2007\/02\/26\/kampi-i-femijeve-zvernec-mbresa-dhe-kujtime-te-paharruara-korrik-2007\/"]}]},{"@type":"ImageObject","inLanguage":"en-US","@id":"https:\/\/orthodoxalbania.org\/2020\/2007\/02\/26\/kampi-i-femijeve-zvernec-mbresa-dhe-kujtime-te-paharruara-korrik-2007\/#primaryimage","url":"https:\/\/lh4.googleusercontent.com\/-AbnmlPw05jg\/VIqw_IpjS7I\/AAAAAAAAGyc\/I-es3hdVYVo\/w400-h300-no\/pic1.jpg","contentUrl":"https:\/\/lh4.googleusercontent.com\/-AbnmlPw05jg\/VIqw_IpjS7I\/AAAAAAAAGyc\/I-es3hdVYVo\/w400-h300-no\/pic1.jpg"},{"@type":"BreadcrumbList","@id":"https:\/\/orthodoxalbania.org\/2020\/2007\/02\/26\/kampi-i-femijeve-zvernec-mbresa-dhe-kujtime-te-paharruara-korrik-2007\/#breadcrumb","itemListElement":[{"@type":"ListItem","position":1,"name":"Home","item":"https:\/\/orthodoxalbania.org\/2020\/"},{"@type":"ListItem","position":2,"name":"Kampi i f\u00ebmij\u00ebve, Zv\u00ebrnec &#8211; Mbresa dhe kujtime t\u00eb paharruara. (Korrik 2007)"}]},{"@type":"WebSite","@id":"https:\/\/orthodoxalbania.org\/2020\/#website","url":"https:\/\/orthodoxalbania.org\/2020\/","name":"Kisha Orthodh\u03bfkse Autoqefale e Shqip\u00ebris\u00eb","description":"Fqja Zyrtare e Kish\u00ebs Orthodhokse Autoqefale e Shqip\u00ebris\u00eb me lajmet edhe informacionet zyrtare p\u00ebr struktur\u00ebn edhe veprimtarin e saj.","publisher":{"@id":"https:\/\/orthodoxalbania.org\/2020\/#organization"},"potentialAction":[{"@type":"SearchAction","target":{"@type":"EntryPoint","urlTemplate":"https:\/\/orthodoxalbania.org\/2020\/?s={search_term_string}"},"query-input":{"@type":"PropertyValueSpecification","valueRequired":true,"valueName":"search_term_string"}}],"inLanguage":"en-US"},{"@type":"Organization","@id":"https:\/\/orthodoxalbania.org\/2020\/#organization","name":"Kisha Orthodhokse Autoqefale e Shqip\u00ebris\u00eb","url":"https:\/\/orthodoxalbania.org\/2020\/","logo":{"@type":"ImageObject","inLanguage":"en-US","@id":"https:\/\/orthodoxalbania.org\/2020\/#\/schema\/logo\/image\/","url":"https:\/\/orthodoxalbania.org\/2020\/wp-content\/uploads\/2020\/05\/albania.jpeg","contentUrl":"https:\/\/orthodoxalbania.org\/2020\/wp-content\/uploads\/2020\/05\/albania.jpeg","width":540,"height":540,"caption":"Kisha Orthodhokse Autoqefale e Shqip\u00ebris\u00eb"},"image":{"@id":"https:\/\/orthodoxalbania.org\/2020\/#\/schema\/logo\/image\/"},"sameAs":["https:\/\/www.facebook.com\/koash1991"]},{"@type":"Person","@id":"https:\/\/orthodoxalbania.org\/2020\/#\/schema\/person\/0c387634a7063ac612d7ed9ce71c7e86","name":"Kisha Orthodhokse","image":{"@type":"ImageObject","inLanguage":"en-US","@id":"https:\/\/secure.gravatar.com\/avatar\/596e7c417251e30f2fbb9c00e026fce61a695a00e51c889caded71c96cbbdde5?s=96&d=mm&r=g","url":"https:\/\/secure.gravatar.com\/avatar\/596e7c417251e30f2fbb9c00e026fce61a695a00e51c889caded71c96cbbdde5?s=96&d=mm&r=g","contentUrl":"https:\/\/secure.gravatar.com\/avatar\/596e7c417251e30f2fbb9c00e026fce61a695a00e51c889caded71c96cbbdde5?s=96&d=mm&r=g","caption":"Kisha Orthodhokse"}}]}},"_links":{"self":[{"href":"https:\/\/orthodoxalbania.org\/2020\/wp-json\/wp\/v2\/posts\/695","targetHints":{"allow":["GET"]}}],"collection":[{"href":"https:\/\/orthodoxalbania.org\/2020\/wp-json\/wp\/v2\/posts"}],"about":[{"href":"https:\/\/orthodoxalbania.org\/2020\/wp-json\/wp\/v2\/types\/post"}],"author":[{"embeddable":true,"href":"https:\/\/orthodoxalbania.org\/2020\/wp-json\/wp\/v2\/users\/1"}],"replies":[{"embeddable":true,"href":"https:\/\/orthodoxalbania.org\/2020\/wp-json\/wp\/v2\/comments?post=695"}],"version-history":[{"count":1,"href":"https:\/\/orthodoxalbania.org\/2020\/wp-json\/wp\/v2\/posts\/695\/revisions"}],"predecessor-version":[{"id":15715,"href":"https:\/\/orthodoxalbania.org\/2020\/wp-json\/wp\/v2\/posts\/695\/revisions\/15715"}],"wp:attachment":[{"href":"https:\/\/orthodoxalbania.org\/2020\/wp-json\/wp\/v2\/media?parent=695"}],"wp:term":[{"taxonomy":"category","embeddable":true,"href":"https:\/\/orthodoxalbania.org\/2020\/wp-json\/wp\/v2\/categories?post=695"},{"taxonomy":"post_tag","embeddable":true,"href":"https:\/\/orthodoxalbania.org\/2020\/wp-json\/wp\/v2\/tags?post=695"}],"curies":[{"name":"wp","href":"https:\/\/api.w.org\/{rel}","templated":true}]}}