{"id":691,"date":"2006-02-26T00:00:00","date_gmt":"2006-02-26T00:00:00","guid":{"rendered":""},"modified":"2020-04-06T22:41:51","modified_gmt":"2020-04-06T20:41:51","slug":"kampi-i-dyte-ne-kosove-nga-kisha-jone-ne-prag-te-vitit-te-ri-arsimor-nentor-06","status":"publish","type":"post","link":"https:\/\/orthodoxalbania.org\/2020\/2006\/02\/26\/kampi-i-dyte-ne-kosove-nga-kisha-jone-ne-prag-te-vitit-te-ri-arsimor-nentor-06\/","title":{"rendered":"Kampi i dyt\u00eb n\u00eb Kosov\u00eb nga Kisha jon\u00eb n\u00eb prag t\u00eb vitit t\u00eb ri arsimor. (Gusht 2006)"},"content":{"rendered":"<div style=\"text-align: justify;\"><span style=\"color: #000000;\"><span style=\"font-family: tahoma,geneva,sans-serif;\"><span style=\"font-size: 12px;\"><span style=\"font-family: tahoma,geneva,sans-serif;\"><span style=\"font-size: 12px;\"><img decoding=\"async\" class=\"lazyload HAa Eha\" style=\"height: 225px; width: 300px; border-width: 1px; border-style: solid; margin: 10px; float: left;\" alt=\"\" src=\"data:image\/gif;base64,R0lGODlhAQABAAAAACH5BAEKAAEALAAAAAABAAEAAAICTAEAOw==\" data-orig-src=\"https:\/\/lh5.googleusercontent.com\/-hz2aWgw7pT4\/VIgibHjEpjI\/AAAAAAAAFx4\/kxSeUInJrQE\/w400-h300-no\/untitled1.jpg\" \/><\/span><\/span>&nbsp;&nbsp;&nbsp; Bashk\u00ebpunimi i krijuar midis t\u00eb rinjve orthodhoks\u00eb shqiptar\u00eb dhe t\u00eb rinjve kosovar\u00eb t\u00eb cil\u00ebt erdh\u00ebn n\u00eb Shqip\u00ebri gjat\u00eb 1999-\u00ebs ka ndjekur nj\u00eb tradit\u00eb t\u00eb ve\u00e7ant\u00eb p\u00ebrgjat\u00eb k\u00ebtyre viteve. P\u00ebrmes kampeve me natyr\u00eb edukative dhe arg\u00ebtuese me f\u00ebmij\u00ebt e familjeve kosovare \u00ebsht\u00eb realizuar nj\u00eb bashk\u00ebpunim i ngusht\u00eb n\u00eb shk\u00ebmbimin e eksperiencave dhe thellimin e miq\u00ebsis\u00eb, e cila nisi gjat\u00eb koh\u00ebs s\u00eb luft\u00ebs dhe vijon t\u00eb rritet \u00e7do vit.<br \/> <\/span><\/span><\/span><\/div>\n<div style=\"text-align: justify;\">&nbsp;<\/div>\n<div style=\"text-align: justify;\"><span style=\"color: #000000;\"><span style=\"font-family: tahoma,geneva,sans-serif;\"><span style=\"font-size: 12px;\">&nbsp;&nbsp;&nbsp; Nj\u00eb grup prej 15 t\u00eb rinjsh nga Kisha Orthodhokse Autoqefale e Shqip\u00ebris\u00eb&nbsp; organizoi, n\u00eb fund t\u00eb muajit gusht, kampin e fundit p\u00ebr k\u00ebt\u00eb vit \u201cG\u00ebzimi\u201d n\u00eb fshatin Caralluk\u00eb t\u00eb komun\u00ebs s\u00eb Malishev\u00ebs. Pas tre kampeve me rreth 1200 f\u00ebmij\u00eb&nbsp; t\u00eb shkollave 9-vje\u00e7are \u201cIbrahim Mazreku\u201d n\u00eb Malishev\u00eb, \u201cNaim Frash\u00ebri\u201d n\u00eb Banja dhe n\u00eb deg\u00ebn e saj me t\u00eb nj\u00ebjtin em\u00ebr n\u00eb Begaj, t\u00eb organizuara n\u00eb muajin qershor, t\u00eb cilat u pasqyruan edhe n\u00eb disa media kosovare si gazeta Lajm, Z\u00ebri, radio Dukagjini, Kosovaonline, ky kamp ezauroi aktivitet e vitit 2006 q\u00eb organizon Kisha Orthodhokse e Shqip\u00ebris\u00eb n\u00eb Kosov\u00eb.<br \/> <\/span><\/span><\/span><\/div>\n<div style=\"text-align: justify;\">&nbsp;<\/div>\n<div style=\"text-align: justify;\"><span style=\"color: #000000;\"><span style=\"font-family: tahoma,geneva,sans-serif;\"><span style=\"font-size: 12px;\">&nbsp;&nbsp;&nbsp; Ky kamp zgjati kat\u00ebr dit\u00eb dhe organizohej me lejen e Drejtoris\u00eb Arsimore t\u00eb k\u00ebsaj komune. N\u00eb t\u00eb mor\u00ebn pjes\u00eb rreth 300 f\u00ebmij\u00eb, t\u00eb cil\u00ebt pat\u00ebn mund\u00ebsi t\u00eb arg\u00ebtoheshin dhe t\u00eb kalonin nj\u00eb koh\u00eb t\u00eb k\u00ebndshme n\u00ebp\u00ebrmjet loj\u00ebrave t\u00eb ndryshme, k\u00ebng\u00ebve, valleve, diskutimeve n\u00eb grupe dhe pun\u00ebs s\u00eb dor\u00ebs. F\u00ebmij\u00ebt nga mosha 6-9 vje\u00e7 pat\u00ebn si pun\u00eb dore ngjyrosje t\u00eb disa makinave prej druri. Nd\u00ebrsa f\u00ebmij\u00ebt nga mosha 10-14 vje\u00e7 pikturuan mbi shalle logon e kampit \u201cG\u00ebzimi\u201d.<br \/> <\/span><\/span><\/span><\/div>\n<div style=\"text-align: justify;\">&nbsp;<\/div>\n<div style=\"text-align: justify;\">&nbsp;<\/div>\n<div style=\"text-align: justify;\"><span style=\"color: #000000;\"><span style=\"font-family: tahoma,geneva,sans-serif;\"><span style=\"font-size: 12px;\"><img decoding=\"async\" class=\"lazyload HAa Eha\" style=\"height: 225px; width: 300px; border-width: 1px; border-style: solid; margin: 10px; float: right;\" alt=\"\" src=\"data:image\/gif;base64,R0lGODlhAQABAAAAACH5BAEKAAEALAAAAAABAAEAAAICTAEAOw==\" data-orig-src=\"https:\/\/lh5.googleusercontent.com\/-UCCwLvFuSow\/VIgia7XhAdI\/AAAAAAAAFx8\/3sPdDWtgRM8\/w400-h300-no\/untitled2.jpg\" \/><\/span><\/span><\/span><\/div>\n<div style=\"text-align: justify;\"><span style=\"color: #000000;\"><span style=\"font-family: tahoma,geneva,sans-serif;\"><span style=\"font-size: 12px;\">&nbsp;&nbsp;&nbsp; N\u00eb dit\u00ebn e dyt\u00eb t\u00eb kampit u zhvilluan Lojrat Olimpike dhe grupet konkuruan midis tyre duke treguar se kush prej tyre ishte m\u00eb i shpejti dhe m\u00eb i vendosuri p\u00ebr ta \u00e7uar gar\u00ebn deri n\u00eb fund. Kampi u mbyll me nj\u00eb festival, i cili u p\u00ebrgatit nga vet\u00eb f\u00ebmij\u00ebt pjes\u00ebmarr\u00ebs. Ata shpalos\u00ebn aft\u00ebsit\u00eb e tyre n\u00eb fushat e krijimit, recitimit, k\u00ebng\u00ebs dhe valles duke arg\u00ebtuar t\u00eb gjith\u00eb t\u00eb pranishmit. N\u00eb t\u00eb ishin t\u00eb ftuar m\u00ebsuesit e shkoll\u00ebs dhe prind\u00ebrit e f\u00ebmij\u00ebve. Grupi nga Shqip\u00ebria k\u00ebndoi n\u00eb k\u00ebt\u00eb festival k\u00ebng\u00ebn \u201cG\u00ebzimi\u201d, e cila lidhej dhe me tem\u00ebn e k\u00ebtij kampi si dhe nj\u00eb potpuri k\u00ebng\u00ebsh popullore nga treva t\u00eb ndryshme t\u00eb vendit.. N\u00eb fund t\u00eb k\u00ebtij festivali drejtori i shkoll\u00ebs Z. Mifail Krasniqi, n\u00eb fjal\u00ebn p\u00ebrsh\u00ebndet\u00ebse fal\u00ebnderoi grupin e t\u00eb rinjve orthodhoks\u00eb nga Shqip\u00ebria p\u00ebr organizimin e k\u00ebtij kampi. \u201cN\u00eb k\u00ebt\u00eb kamp shum\u00eb prej f\u00ebmij\u00ebve tan\u00eb u ngaz\u00ebllyen. P\u00ebrsh\u00ebndes dhe falenderoj n\u00eb m\u00ebnyr\u00eb t\u00eb ve\u00e7ant\u00eb Z. Nathan Hoppe q\u00eb p\u00ebr&nbsp; 5 vjet ka dh\u00ebn\u00eb kontributin e tij n\u00eb k\u00ebt\u00eb shkoll\u00eb dhe n\u00eb disa shkolla t\u00eb tjera n\u00eb Malishev\u00eb, i cili p\u00ebr arsye familjare nuk mundi t\u00eb ishte i pranish\u00ebm n\u00eb k\u00ebt\u00eb kamp dhe i k\u00ebrkoj stafit t\u00eb kampit q\u00eb n\u00eb em\u00ebr t\u00eb t\u00eb gjith\u00eb m\u00ebsuesve t\u00eb shkoll\u00ebs t\u2019i p\u00ebrcjellim atij ngush\u00ebllimet p\u00ebr humbjen e bashk\u00ebshortes. K\u00ebto aktivitet jan\u00eb t\u00eb mir\u00ebpritura gjithmon\u00eb n\u00eb shkoll\u00ebn ton\u00eb\u201d- n\u00ebnvizoi z. Krasniqi. Gjithashtu gjat\u00eb ceremonis\u00eb mbyll\u00ebse foli edhe profesori i Universitetit t\u00eb Prishtin\u00ebs Prof. Dr. Ramiz Hoti i cili e konsideroi k\u00ebt\u00eb kamp nj\u00eb ogur t\u00eb mir\u00eb p\u00ebr fillimin e vitit t\u00eb ri arsimor n\u00eb Kosov\u00eb.<br \/> <\/span><\/span><\/span><\/div>\n<div style=\"text-align: justify;\">&nbsp;<\/div>\n<div style=\"text-align: justify;\"><span style=\"color: #000000;\"><span style=\"font-family: tahoma,geneva,sans-serif;\"><span style=\"font-size: 12px;\"><img decoding=\"async\" class=\"lazyload HAa Eha\" style=\"height: 225px; width: 300px; border-width: 1px; border-style: solid; margin: 10px; float: left;\" alt=\"\" src=\"data:image\/gif;base64,R0lGODlhAQABAAAAACH5BAEKAAEALAAAAAABAAEAAAICTAEAOw==\" data-orig-src=\"https:\/\/lh4.googleusercontent.com\/-IpLBPz_f88s\/VIgibCaF26I\/AAAAAAAAFyA\/x7pYs9UI1Og\/w400-h300-no\/untitled3.jpg\" \/><\/span><\/span><\/span><\/div>\n<div style=\"text-align: justify;\"><span style=\"color: #000000;\"><span style=\"font-family: tahoma,geneva,sans-serif;\"><span style=\"font-size: 12px;\">&nbsp;&nbsp;&nbsp; Zelli dhe d\u00ebshira e 15 vullnetar\u00ebve dhe puna e tyre me gjith\u00eb zem\u00ebr p\u00ebr v\u00ebllez\u00ebrit e tyre kosovar\u00eb ishte p\u00ebr t\u2019u admiruar. Ata ndihmuan personelin e shkoll\u00ebs, pastruan ambientet e k\u00ebsaj shkolle, n\u00eb m\u00ebnyr\u00eb q\u00eb f\u00ebmij\u00ebt n\u00eb dit\u00ebn e par\u00eb t\u00eb shkoll\u00ebs t\u00eb hynin n\u00eb ambiente t\u00eb pastra.<br \/> <\/span><\/span><\/span><\/div>\n<div style=\"text-align: justify;\">&nbsp;<\/div>\n<div style=\"text-align: justify;\"><span style=\"color: #000000;\"><span style=\"font-family: tahoma,geneva,sans-serif;\"><span style=\"font-size: 12px;\">&nbsp;&nbsp;&nbsp; N\u00eb mbr\u00ebmjen e fundit, stafi i kampit kishte organizuar nj\u00eb dark\u00eb me m\u00ebsuesit e k\u00ebsaj shkolle p\u00ebr t\u2019u shprehur atyre fal\u00ebnderimet p\u00ebr bashk\u00ebpunimin dhe mb\u00ebshtetjen dhe kujdesin q\u00eb kishin treguar gjat\u00eb kampit. Kjo shenj\u00eb bashk\u00ebpunimi prej 5 vjet\u00ebsh e Kish\u00ebs Orthodhokse t\u00eb Shqip\u00ebris\u00eb duke organizuar kampe t\u00eb tilla n\u00eb shkolla t\u00eb ndryshme t\u00eb k\u00ebsaj komune, ka thelluar edhe m\u00eb tej lidhjet mes f\u00ebmij\u00ebve dhe arsimtar\u00ebve kosovar\u00eb me t\u00eb rinjt\u00eb shqiptar\u00eb. Tek t\u00eb rinjt\u00eb orthodhoks\u00eb nga Shqip\u00ebria gjithmon\u00eb ka ekzistuar shpresa se miq\u00ebsia midis shqiptar\u00ebve t\u00eb Kosov\u00ebs dhe Shqip\u00ebris\u00eb do t\u00eb rritet m\u00eb shum\u00eb n\u00ebp\u00ebrmjet aktiviteteve t\u00eb tilla dhe sot ata ndihen shum\u00eb t\u00eb g\u00ebzuar t\u00eb shikojn\u00eb se si kjo miq\u00ebsi \u00ebsht\u00eb rritur dhe forcuar m\u00eb shum\u00eb. \u201cGjith\u00e7ka ka filluar gjat\u00eb koh\u00ebs s\u00eb luft\u00ebs kur Kisha Orthodhokse Autoqefale e Shqip\u00ebris\u00eb ka ndihmuar mbi 33.000 kosovar\u00eb duke u siguruar atyre nj\u00eb ndihm\u00eb prej rreth 12 milion dollar\u00eb. Ajo vazhdoi t\u00eb ofroj\u00eb ndihm\u00ebn e saj edhe kur shum\u00eb kosovar\u00eb u kthyen n\u00eb Kosov\u00eb duke i ndihmuar ata n\u00eb nevojat m\u00eb imediate. K\u00ebshtu lindi nj\u00eb miq\u00ebsi t\u00eb cil\u00ebn e vazhduam me k\u00ebto kampe\u201d\u2013 u shpreh Gabriela Bezhani, koordinatore e Zyr\u00ebs s\u00eb F\u00ebmij\u00ebve t\u00eb Kish\u00ebn Orthodhokse Autoqefale t\u00eb Shqip\u00ebris\u00eb. T\u00eb g\u00ebzuar, n\u00eb koherenc\u00eb edhe me tem\u00ebn e kampit ata e mbyll\u00ebm k\u00ebt\u00eb aktivitet me shpres\u00ebn e organizimit t\u00eb aktivitete t\u00eb tjera.<\/p>\n<p> &nbsp;&nbsp;&nbsp;&nbsp;&nbsp;&nbsp;&nbsp;&nbsp;&nbsp;&nbsp;&nbsp;&nbsp;&nbsp;&nbsp;&nbsp;&nbsp;&nbsp;&nbsp;&nbsp;&nbsp;&nbsp;&nbsp;&nbsp;&nbsp;&nbsp;&nbsp;&nbsp;&nbsp;&nbsp;&nbsp;&nbsp;&nbsp;&nbsp;&nbsp;&nbsp;&nbsp;&nbsp;&nbsp;&nbsp;&nbsp;&nbsp;&nbsp;&nbsp;&nbsp; <\/span><\/span><\/span><\/div>\n","protected":false},"excerpt":{"rendered":"<p>&nbsp;&nbsp;&nbsp; Bashk\u00ebpunimi i krijuar midis t\u00eb rinjve orthodhoks\u00eb shqiptar\u00eb dhe t\u00eb rinjve kosovar\u00eb t\u00eb cil\u00ebt erdh\u00ebn n\u00eb Shqip\u00ebri gjat\u00eb 1999-\u00ebs ka ndjekur nj\u00eb tradit\u00eb t\u00eb ve\u00e7ant\u00eb p\u00ebrgjat\u00eb k\u00ebtyre viteve. P\u00ebrmes kampeve me natyr\u00eb edukative dhe arg\u00ebtuese me f\u00ebmij\u00ebt e familjeve kosovare \u00ebsht\u00eb realizuar nj\u00eb bashk\u00ebpunim i ngusht\u00eb n\u00eb shk\u00ebmbimin e eksperiencave dhe thellimin e miq\u00ebsis\u00eb, e cila nisi gjat\u00eb koh\u00ebs s\u00eb luft\u00ebs dhe vijon t\u00eb<\/p>\n","protected":false},"author":1,"featured_media":0,"comment_status":"open","ping_status":"open","sticky":false,"template":"","format":"standard","meta":{"_acf_changed":false,"pagelayer_contact_templates":[],"_pagelayer_content":"","inline_featured_image":false,"fifu_image_url":"","fifu_image_alt":"","footnotes":""},"categories":[108],"tags":[148,200,196,212,176],"class_list":["post-691","post","type-post","status-publish","format-standard","hentry","category-lajme","tag-148","tag-kampe-verore","tag-tirane","tag-lajme-d27","tag-rinia-orthodhokse"],"acf":[],"yoast_head":"<!-- This site is optimized with the Yoast SEO plugin v27.2 - https:\/\/yoast.com\/product\/yoast-seo-wordpress\/ -->\n<title>Kampi i dyt\u00eb n\u00eb Kosov\u00eb nga Kisha jon\u00eb n\u00eb prag t\u00eb vitit t\u00eb ri arsimor. (Gusht 2006) - Kisha Orthodh\u03bfkse Autoqefale e Shqip\u00ebris\u00eb<\/title>\n<meta name=\"robots\" content=\"index, follow, max-snippet:-1, max-image-preview:large, max-video-preview:-1\" \/>\n<link rel=\"canonical\" href=\"https:\/\/orthodoxalbania.org\/2020\/2006\/02\/26\/kampi-i-dyte-ne-kosove-nga-kisha-jone-ne-prag-te-vitit-te-ri-arsimor-nentor-06\/\" \/>\n<meta property=\"og:locale\" content=\"en_US\" \/>\n<meta property=\"og:type\" content=\"article\" \/>\n<meta property=\"og:title\" content=\"Kampi i dyt\u00eb n\u00eb Kosov\u00eb nga Kisha jon\u00eb n\u00eb prag t\u00eb vitit t\u00eb ri arsimor. (Gusht 2006) - Kisha Orthodh\u03bfkse Autoqefale e Shqip\u00ebris\u00eb\" \/>\n<meta property=\"og:description\" content=\"&nbsp;&nbsp;&nbsp; Bashk\u00ebpunimi i krijuar midis t\u00eb rinjve orthodhoks\u00eb shqiptar\u00eb dhe t\u00eb rinjve kosovar\u00eb t\u00eb cil\u00ebt erdh\u00ebn n\u00eb Shqip\u00ebri gjat\u00eb 1999-\u00ebs ka ndjekur nj\u00eb tradit\u00eb t\u00eb ve\u00e7ant\u00eb p\u00ebrgjat\u00eb k\u00ebtyre viteve. P\u00ebrmes kampeve me natyr\u00eb edukative dhe arg\u00ebtuese me f\u00ebmij\u00ebt e familjeve kosovare \u00ebsht\u00eb realizuar nj\u00eb bashk\u00ebpunim i ngusht\u00eb n\u00eb shk\u00ebmbimin e eksperiencave dhe thellimin e miq\u00ebsis\u00eb, e cila nisi gjat\u00eb koh\u00ebs s\u00eb luft\u00ebs dhe vijon t\u00eb\" \/>\n<meta property=\"og:url\" content=\"https:\/\/orthodoxalbania.org\/2020\/2006\/02\/26\/kampi-i-dyte-ne-kosove-nga-kisha-jone-ne-prag-te-vitit-te-ri-arsimor-nentor-06\/\" \/>\n<meta property=\"og:site_name\" content=\"Kisha Orthodh\u03bfkse Autoqefale e Shqip\u00ebris\u00eb\" \/>\n<meta property=\"article:publisher\" content=\"https:\/\/www.facebook.com\/koash1991\" \/>\n<meta property=\"article:published_time\" content=\"2006-02-26T00:00:00+00:00\" \/>\n<meta property=\"article:modified_time\" content=\"2020-04-06T20:41:51+00:00\" \/>\n<meta property=\"og:image\" content=\"https:\/\/lh5.googleusercontent.com\/-hz2aWgw7pT4\/VIgibHjEpjI\/AAAAAAAAFx4\/kxSeUInJrQE\/w400-h300-no\/untitled1.jpg\" \/>\n<meta name=\"author\" content=\"Kisha Orthodhokse\" \/>\n<meta name=\"twitter:card\" content=\"summary_large_image\" \/>\n<meta name=\"twitter:label1\" content=\"Written by\" \/>\n\t<meta name=\"twitter:data1\" content=\"Kisha Orthodhokse\" \/>\n\t<meta name=\"twitter:label2\" content=\"Est. reading time\" \/>\n\t<meta name=\"twitter:data2\" content=\"5 minutes\" \/>\n<script type=\"application\/ld+json\" class=\"yoast-schema-graph\">{\"@context\":\"https:\/\/schema.org\",\"@graph\":[{\"@type\":\"Article\",\"@id\":\"https:\/\/orthodoxalbania.org\/2020\/2006\/02\/26\/kampi-i-dyte-ne-kosove-nga-kisha-jone-ne-prag-te-vitit-te-ri-arsimor-nentor-06\/#article\",\"isPartOf\":{\"@id\":\"https:\/\/orthodoxalbania.org\/2020\/2006\/02\/26\/kampi-i-dyte-ne-kosove-nga-kisha-jone-ne-prag-te-vitit-te-ri-arsimor-nentor-06\/\"},\"author\":{\"name\":\"Kisha Orthodhokse\",\"@id\":\"https:\/\/orthodoxalbania.org\/2020\/#\/schema\/person\/0c387634a7063ac612d7ed9ce71c7e86\"},\"headline\":\"Kampi i dyt\u00eb n\u00eb Kosov\u00eb nga Kisha jon\u00eb n\u00eb prag t\u00eb vitit t\u00eb ri arsimor. (Gusht 2006)\",\"datePublished\":\"2006-02-26T00:00:00+00:00\",\"dateModified\":\"2020-04-06T20:41:51+00:00\",\"mainEntityOfPage\":{\"@id\":\"https:\/\/orthodoxalbania.org\/2020\/2006\/02\/26\/kampi-i-dyte-ne-kosove-nga-kisha-jone-ne-prag-te-vitit-te-ri-arsimor-nentor-06\/\"},\"wordCount\":1026,\"commentCount\":0,\"publisher\":{\"@id\":\"https:\/\/orthodoxalbania.org\/2020\/#organization\"},\"image\":{\"@id\":\"https:\/\/orthodoxalbania.org\/2020\/2006\/02\/26\/kampi-i-dyte-ne-kosove-nga-kisha-jone-ne-prag-te-vitit-te-ri-arsimor-nentor-06\/#primaryimage\"},\"thumbnailUrl\":\"https:\/\/lh5.googleusercontent.com\/-hz2aWgw7pT4\/VIgibHjEpjI\/AAAAAAAAFx4\/kxSeUInJrQE\/w400-h300-no\/untitled1.jpg\",\"keywords\":[\"2006\",\"Kampe verore\",\"Kryepiskopata Tiran\u00eb\",\"lajme\",\"Rinia Orthodhokse\"],\"articleSection\":[\"Lajme\"],\"inLanguage\":\"en-US\"},{\"@type\":\"WebPage\",\"@id\":\"https:\/\/orthodoxalbania.org\/2020\/2006\/02\/26\/kampi-i-dyte-ne-kosove-nga-kisha-jone-ne-prag-te-vitit-te-ri-arsimor-nentor-06\/\",\"url\":\"https:\/\/orthodoxalbania.org\/2020\/2006\/02\/26\/kampi-i-dyte-ne-kosove-nga-kisha-jone-ne-prag-te-vitit-te-ri-arsimor-nentor-06\/\",\"name\":\"Kampi i dyt\u00eb n\u00eb Kosov\u00eb nga Kisha jon\u00eb n\u00eb prag t\u00eb vitit t\u00eb ri arsimor. (Gusht 2006) - Kisha Orthodh\u03bfkse Autoqefale e Shqip\u00ebris\u00eb\",\"isPartOf\":{\"@id\":\"https:\/\/orthodoxalbania.org\/2020\/#website\"},\"primaryImageOfPage\":{\"@id\":\"https:\/\/orthodoxalbania.org\/2020\/2006\/02\/26\/kampi-i-dyte-ne-kosove-nga-kisha-jone-ne-prag-te-vitit-te-ri-arsimor-nentor-06\/#primaryimage\"},\"image\":{\"@id\":\"https:\/\/orthodoxalbania.org\/2020\/2006\/02\/26\/kampi-i-dyte-ne-kosove-nga-kisha-jone-ne-prag-te-vitit-te-ri-arsimor-nentor-06\/#primaryimage\"},\"thumbnailUrl\":\"https:\/\/lh5.googleusercontent.com\/-hz2aWgw7pT4\/VIgibHjEpjI\/AAAAAAAAFx4\/kxSeUInJrQE\/w400-h300-no\/untitled1.jpg\",\"datePublished\":\"2006-02-26T00:00:00+00:00\",\"dateModified\":\"2020-04-06T20:41:51+00:00\",\"breadcrumb\":{\"@id\":\"https:\/\/orthodoxalbania.org\/2020\/2006\/02\/26\/kampi-i-dyte-ne-kosove-nga-kisha-jone-ne-prag-te-vitit-te-ri-arsimor-nentor-06\/#breadcrumb\"},\"inLanguage\":\"en-US\",\"potentialAction\":[{\"@type\":\"ReadAction\",\"target\":[\"https:\/\/orthodoxalbania.org\/2020\/2006\/02\/26\/kampi-i-dyte-ne-kosove-nga-kisha-jone-ne-prag-te-vitit-te-ri-arsimor-nentor-06\/\"]}]},{\"@type\":\"ImageObject\",\"inLanguage\":\"en-US\",\"@id\":\"https:\/\/orthodoxalbania.org\/2020\/2006\/02\/26\/kampi-i-dyte-ne-kosove-nga-kisha-jone-ne-prag-te-vitit-te-ri-arsimor-nentor-06\/#primaryimage\",\"url\":\"https:\/\/lh5.googleusercontent.com\/-hz2aWgw7pT4\/VIgibHjEpjI\/AAAAAAAAFx4\/kxSeUInJrQE\/w400-h300-no\/untitled1.jpg\",\"contentUrl\":\"https:\/\/lh5.googleusercontent.com\/-hz2aWgw7pT4\/VIgibHjEpjI\/AAAAAAAAFx4\/kxSeUInJrQE\/w400-h300-no\/untitled1.jpg\"},{\"@type\":\"BreadcrumbList\",\"@id\":\"https:\/\/orthodoxalbania.org\/2020\/2006\/02\/26\/kampi-i-dyte-ne-kosove-nga-kisha-jone-ne-prag-te-vitit-te-ri-arsimor-nentor-06\/#breadcrumb\",\"itemListElement\":[{\"@type\":\"ListItem\",\"position\":1,\"name\":\"Home\",\"item\":\"https:\/\/orthodoxalbania.org\/2020\/\"},{\"@type\":\"ListItem\",\"position\":2,\"name\":\"Kampi i dyt\u00eb n\u00eb Kosov\u00eb nga Kisha jon\u00eb n\u00eb prag t\u00eb vitit t\u00eb ri arsimor. (Gusht 2006)\"}]},{\"@type\":\"WebSite\",\"@id\":\"https:\/\/orthodoxalbania.org\/2020\/#website\",\"url\":\"https:\/\/orthodoxalbania.org\/2020\/\",\"name\":\"Kisha Orthodh\u03bfkse Autoqefale e Shqip\u00ebris\u00eb\",\"description\":\"Fqja Zyrtare e Kish\u00ebs Orthodhokse Autoqefale e Shqip\u00ebris\u00eb me lajmet edhe informacionet zyrtare p\u00ebr struktur\u00ebn edhe veprimtarin e saj.\",\"publisher\":{\"@id\":\"https:\/\/orthodoxalbania.org\/2020\/#organization\"},\"potentialAction\":[{\"@type\":\"SearchAction\",\"target\":{\"@type\":\"EntryPoint\",\"urlTemplate\":\"https:\/\/orthodoxalbania.org\/2020\/?s={search_term_string}\"},\"query-input\":{\"@type\":\"PropertyValueSpecification\",\"valueRequired\":true,\"valueName\":\"search_term_string\"}}],\"inLanguage\":\"en-US\"},{\"@type\":\"Organization\",\"@id\":\"https:\/\/orthodoxalbania.org\/2020\/#organization\",\"name\":\"Kisha Orthodhokse Autoqefale e Shqip\u00ebris\u00eb\",\"url\":\"https:\/\/orthodoxalbania.org\/2020\/\",\"logo\":{\"@type\":\"ImageObject\",\"inLanguage\":\"en-US\",\"@id\":\"https:\/\/orthodoxalbania.org\/2020\/#\/schema\/logo\/image\/\",\"url\":\"https:\/\/orthodoxalbania.org\/2020\/wp-content\/uploads\/2020\/05\/albania.jpeg\",\"contentUrl\":\"https:\/\/orthodoxalbania.org\/2020\/wp-content\/uploads\/2020\/05\/albania.jpeg\",\"width\":540,\"height\":540,\"caption\":\"Kisha Orthodhokse Autoqefale e Shqip\u00ebris\u00eb\"},\"image\":{\"@id\":\"https:\/\/orthodoxalbania.org\/2020\/#\/schema\/logo\/image\/\"},\"sameAs\":[\"https:\/\/www.facebook.com\/koash1991\"]},{\"@type\":\"Person\",\"@id\":\"https:\/\/orthodoxalbania.org\/2020\/#\/schema\/person\/0c387634a7063ac612d7ed9ce71c7e86\",\"name\":\"Kisha Orthodhokse\",\"image\":{\"@type\":\"ImageObject\",\"inLanguage\":\"en-US\",\"@id\":\"https:\/\/secure.gravatar.com\/avatar\/596e7c417251e30f2fbb9c00e026fce61a695a00e51c889caded71c96cbbdde5?s=96&d=mm&r=g\",\"url\":\"https:\/\/secure.gravatar.com\/avatar\/596e7c417251e30f2fbb9c00e026fce61a695a00e51c889caded71c96cbbdde5?s=96&d=mm&r=g\",\"contentUrl\":\"https:\/\/secure.gravatar.com\/avatar\/596e7c417251e30f2fbb9c00e026fce61a695a00e51c889caded71c96cbbdde5?s=96&d=mm&r=g\",\"caption\":\"Kisha Orthodhokse\"}}]}<\/script>\n<!-- \/ Yoast SEO plugin. -->","yoast_head_json":{"title":"Kampi i dyt\u00eb n\u00eb Kosov\u00eb nga Kisha jon\u00eb n\u00eb prag t\u00eb vitit t\u00eb ri arsimor. (Gusht 2006) - Kisha Orthodh\u03bfkse Autoqefale e Shqip\u00ebris\u00eb","robots":{"index":"index","follow":"follow","max-snippet":"max-snippet:-1","max-image-preview":"max-image-preview:large","max-video-preview":"max-video-preview:-1"},"canonical":"https:\/\/orthodoxalbania.org\/2020\/2006\/02\/26\/kampi-i-dyte-ne-kosove-nga-kisha-jone-ne-prag-te-vitit-te-ri-arsimor-nentor-06\/","og_locale":"en_US","og_type":"article","og_title":"Kampi i dyt\u00eb n\u00eb Kosov\u00eb nga Kisha jon\u00eb n\u00eb prag t\u00eb vitit t\u00eb ri arsimor. (Gusht 2006) - Kisha Orthodh\u03bfkse Autoqefale e Shqip\u00ebris\u00eb","og_description":"&nbsp;&nbsp;&nbsp; Bashk\u00ebpunimi i krijuar midis t\u00eb rinjve orthodhoks\u00eb shqiptar\u00eb dhe t\u00eb rinjve kosovar\u00eb t\u00eb cil\u00ebt erdh\u00ebn n\u00eb Shqip\u00ebri gjat\u00eb 1999-\u00ebs ka ndjekur nj\u00eb tradit\u00eb t\u00eb ve\u00e7ant\u00eb p\u00ebrgjat\u00eb k\u00ebtyre viteve. P\u00ebrmes kampeve me natyr\u00eb edukative dhe arg\u00ebtuese me f\u00ebmij\u00ebt e familjeve kosovare \u00ebsht\u00eb realizuar nj\u00eb bashk\u00ebpunim i ngusht\u00eb n\u00eb shk\u00ebmbimin e eksperiencave dhe thellimin e miq\u00ebsis\u00eb, e cila nisi gjat\u00eb koh\u00ebs s\u00eb luft\u00ebs dhe vijon t\u00eb","og_url":"https:\/\/orthodoxalbania.org\/2020\/2006\/02\/26\/kampi-i-dyte-ne-kosove-nga-kisha-jone-ne-prag-te-vitit-te-ri-arsimor-nentor-06\/","og_site_name":"Kisha Orthodh\u03bfkse Autoqefale e Shqip\u00ebris\u00eb","article_publisher":"https:\/\/www.facebook.com\/koash1991","article_published_time":"2006-02-26T00:00:00+00:00","article_modified_time":"2020-04-06T20:41:51+00:00","og_image":[{"url":"https:\/\/lh5.googleusercontent.com\/-hz2aWgw7pT4\/VIgibHjEpjI\/AAAAAAAAFx4\/kxSeUInJrQE\/w400-h300-no\/untitled1.jpg","type":"","width":"","height":""}],"author":"Kisha Orthodhokse","twitter_card":"summary_large_image","twitter_misc":{"Written by":"Kisha Orthodhokse","Est. reading time":"5 minutes"},"schema":{"@context":"https:\/\/schema.org","@graph":[{"@type":"Article","@id":"https:\/\/orthodoxalbania.org\/2020\/2006\/02\/26\/kampi-i-dyte-ne-kosove-nga-kisha-jone-ne-prag-te-vitit-te-ri-arsimor-nentor-06\/#article","isPartOf":{"@id":"https:\/\/orthodoxalbania.org\/2020\/2006\/02\/26\/kampi-i-dyte-ne-kosove-nga-kisha-jone-ne-prag-te-vitit-te-ri-arsimor-nentor-06\/"},"author":{"name":"Kisha Orthodhokse","@id":"https:\/\/orthodoxalbania.org\/2020\/#\/schema\/person\/0c387634a7063ac612d7ed9ce71c7e86"},"headline":"Kampi i dyt\u00eb n\u00eb Kosov\u00eb nga Kisha jon\u00eb n\u00eb prag t\u00eb vitit t\u00eb ri arsimor. (Gusht 2006)","datePublished":"2006-02-26T00:00:00+00:00","dateModified":"2020-04-06T20:41:51+00:00","mainEntityOfPage":{"@id":"https:\/\/orthodoxalbania.org\/2020\/2006\/02\/26\/kampi-i-dyte-ne-kosove-nga-kisha-jone-ne-prag-te-vitit-te-ri-arsimor-nentor-06\/"},"wordCount":1026,"commentCount":0,"publisher":{"@id":"https:\/\/orthodoxalbania.org\/2020\/#organization"},"image":{"@id":"https:\/\/orthodoxalbania.org\/2020\/2006\/02\/26\/kampi-i-dyte-ne-kosove-nga-kisha-jone-ne-prag-te-vitit-te-ri-arsimor-nentor-06\/#primaryimage"},"thumbnailUrl":"https:\/\/lh5.googleusercontent.com\/-hz2aWgw7pT4\/VIgibHjEpjI\/AAAAAAAAFx4\/kxSeUInJrQE\/w400-h300-no\/untitled1.jpg","keywords":["2006","Kampe verore","Kryepiskopata Tiran\u00eb","lajme","Rinia Orthodhokse"],"articleSection":["Lajme"],"inLanguage":"en-US"},{"@type":"WebPage","@id":"https:\/\/orthodoxalbania.org\/2020\/2006\/02\/26\/kampi-i-dyte-ne-kosove-nga-kisha-jone-ne-prag-te-vitit-te-ri-arsimor-nentor-06\/","url":"https:\/\/orthodoxalbania.org\/2020\/2006\/02\/26\/kampi-i-dyte-ne-kosove-nga-kisha-jone-ne-prag-te-vitit-te-ri-arsimor-nentor-06\/","name":"Kampi i dyt\u00eb n\u00eb Kosov\u00eb nga Kisha jon\u00eb n\u00eb prag t\u00eb vitit t\u00eb ri arsimor. (Gusht 2006) - Kisha Orthodh\u03bfkse Autoqefale e Shqip\u00ebris\u00eb","isPartOf":{"@id":"https:\/\/orthodoxalbania.org\/2020\/#website"},"primaryImageOfPage":{"@id":"https:\/\/orthodoxalbania.org\/2020\/2006\/02\/26\/kampi-i-dyte-ne-kosove-nga-kisha-jone-ne-prag-te-vitit-te-ri-arsimor-nentor-06\/#primaryimage"},"image":{"@id":"https:\/\/orthodoxalbania.org\/2020\/2006\/02\/26\/kampi-i-dyte-ne-kosove-nga-kisha-jone-ne-prag-te-vitit-te-ri-arsimor-nentor-06\/#primaryimage"},"thumbnailUrl":"https:\/\/lh5.googleusercontent.com\/-hz2aWgw7pT4\/VIgibHjEpjI\/AAAAAAAAFx4\/kxSeUInJrQE\/w400-h300-no\/untitled1.jpg","datePublished":"2006-02-26T00:00:00+00:00","dateModified":"2020-04-06T20:41:51+00:00","breadcrumb":{"@id":"https:\/\/orthodoxalbania.org\/2020\/2006\/02\/26\/kampi-i-dyte-ne-kosove-nga-kisha-jone-ne-prag-te-vitit-te-ri-arsimor-nentor-06\/#breadcrumb"},"inLanguage":"en-US","potentialAction":[{"@type":"ReadAction","target":["https:\/\/orthodoxalbania.org\/2020\/2006\/02\/26\/kampi-i-dyte-ne-kosove-nga-kisha-jone-ne-prag-te-vitit-te-ri-arsimor-nentor-06\/"]}]},{"@type":"ImageObject","inLanguage":"en-US","@id":"https:\/\/orthodoxalbania.org\/2020\/2006\/02\/26\/kampi-i-dyte-ne-kosove-nga-kisha-jone-ne-prag-te-vitit-te-ri-arsimor-nentor-06\/#primaryimage","url":"https:\/\/lh5.googleusercontent.com\/-hz2aWgw7pT4\/VIgibHjEpjI\/AAAAAAAAFx4\/kxSeUInJrQE\/w400-h300-no\/untitled1.jpg","contentUrl":"https:\/\/lh5.googleusercontent.com\/-hz2aWgw7pT4\/VIgibHjEpjI\/AAAAAAAAFx4\/kxSeUInJrQE\/w400-h300-no\/untitled1.jpg"},{"@type":"BreadcrumbList","@id":"https:\/\/orthodoxalbania.org\/2020\/2006\/02\/26\/kampi-i-dyte-ne-kosove-nga-kisha-jone-ne-prag-te-vitit-te-ri-arsimor-nentor-06\/#breadcrumb","itemListElement":[{"@type":"ListItem","position":1,"name":"Home","item":"https:\/\/orthodoxalbania.org\/2020\/"},{"@type":"ListItem","position":2,"name":"Kampi i dyt\u00eb n\u00eb Kosov\u00eb nga Kisha jon\u00eb n\u00eb prag t\u00eb vitit t\u00eb ri arsimor. (Gusht 2006)"}]},{"@type":"WebSite","@id":"https:\/\/orthodoxalbania.org\/2020\/#website","url":"https:\/\/orthodoxalbania.org\/2020\/","name":"Kisha Orthodh\u03bfkse Autoqefale e Shqip\u00ebris\u00eb","description":"Fqja Zyrtare e Kish\u00ebs Orthodhokse Autoqefale e Shqip\u00ebris\u00eb me lajmet edhe informacionet zyrtare p\u00ebr struktur\u00ebn edhe veprimtarin e saj.","publisher":{"@id":"https:\/\/orthodoxalbania.org\/2020\/#organization"},"potentialAction":[{"@type":"SearchAction","target":{"@type":"EntryPoint","urlTemplate":"https:\/\/orthodoxalbania.org\/2020\/?s={search_term_string}"},"query-input":{"@type":"PropertyValueSpecification","valueRequired":true,"valueName":"search_term_string"}}],"inLanguage":"en-US"},{"@type":"Organization","@id":"https:\/\/orthodoxalbania.org\/2020\/#organization","name":"Kisha Orthodhokse Autoqefale e Shqip\u00ebris\u00eb","url":"https:\/\/orthodoxalbania.org\/2020\/","logo":{"@type":"ImageObject","inLanguage":"en-US","@id":"https:\/\/orthodoxalbania.org\/2020\/#\/schema\/logo\/image\/","url":"https:\/\/orthodoxalbania.org\/2020\/wp-content\/uploads\/2020\/05\/albania.jpeg","contentUrl":"https:\/\/orthodoxalbania.org\/2020\/wp-content\/uploads\/2020\/05\/albania.jpeg","width":540,"height":540,"caption":"Kisha Orthodhokse Autoqefale e Shqip\u00ebris\u00eb"},"image":{"@id":"https:\/\/orthodoxalbania.org\/2020\/#\/schema\/logo\/image\/"},"sameAs":["https:\/\/www.facebook.com\/koash1991"]},{"@type":"Person","@id":"https:\/\/orthodoxalbania.org\/2020\/#\/schema\/person\/0c387634a7063ac612d7ed9ce71c7e86","name":"Kisha Orthodhokse","image":{"@type":"ImageObject","inLanguage":"en-US","@id":"https:\/\/secure.gravatar.com\/avatar\/596e7c417251e30f2fbb9c00e026fce61a695a00e51c889caded71c96cbbdde5?s=96&d=mm&r=g","url":"https:\/\/secure.gravatar.com\/avatar\/596e7c417251e30f2fbb9c00e026fce61a695a00e51c889caded71c96cbbdde5?s=96&d=mm&r=g","contentUrl":"https:\/\/secure.gravatar.com\/avatar\/596e7c417251e30f2fbb9c00e026fce61a695a00e51c889caded71c96cbbdde5?s=96&d=mm&r=g","caption":"Kisha Orthodhokse"}}]}},"_links":{"self":[{"href":"https:\/\/orthodoxalbania.org\/2020\/wp-json\/wp\/v2\/posts\/691","targetHints":{"allow":["GET"]}}],"collection":[{"href":"https:\/\/orthodoxalbania.org\/2020\/wp-json\/wp\/v2\/posts"}],"about":[{"href":"https:\/\/orthodoxalbania.org\/2020\/wp-json\/wp\/v2\/types\/post"}],"author":[{"embeddable":true,"href":"https:\/\/orthodoxalbania.org\/2020\/wp-json\/wp\/v2\/users\/1"}],"replies":[{"embeddable":true,"href":"https:\/\/orthodoxalbania.org\/2020\/wp-json\/wp\/v2\/comments?post=691"}],"version-history":[{"count":1,"href":"https:\/\/orthodoxalbania.org\/2020\/wp-json\/wp\/v2\/posts\/691\/revisions"}],"predecessor-version":[{"id":15847,"href":"https:\/\/orthodoxalbania.org\/2020\/wp-json\/wp\/v2\/posts\/691\/revisions\/15847"}],"wp:attachment":[{"href":"https:\/\/orthodoxalbania.org\/2020\/wp-json\/wp\/v2\/media?parent=691"}],"wp:term":[{"taxonomy":"category","embeddable":true,"href":"https:\/\/orthodoxalbania.org\/2020\/wp-json\/wp\/v2\/categories?post=691"},{"taxonomy":"post_tag","embeddable":true,"href":"https:\/\/orthodoxalbania.org\/2020\/wp-json\/wp\/v2\/tags?post=691"}],"curies":[{"name":"wp","href":"https:\/\/api.w.org\/{rel}","templated":true}]}}