{"id":6905,"date":"2018-10-23T08:16:43","date_gmt":"2018-10-23T08:16:43","guid":{"rendered":""},"modified":"2020-04-06T21:58:02","modified_gmt":"2020-04-06T19:58:02","slug":"mblidhet-presidenca-e-keshillit-nderfetar-te-shqiperise","status":"publish","type":"post","link":"https:\/\/orthodoxalbania.org\/2020\/2018\/10\/23\/mblidhet-presidenca-e-keshillit-nderfetar-te-shqiperise\/","title":{"rendered":"MBLIDHET PRESIDENCA E KESHILLIT NDERFETAR TE SHQIPERISE"},"content":{"rendered":"<p><a href=\"https:\/\/www.flickr.com\/photos\/39339102@N05\/45513535791\/in\/dateposted-public\/\" title=\"44568876_1125885627586454_3189173677258178560_n\" data-flickr-embed=\"true\" data-header=\"true\"><img class=\"lazyload\" decoding=\"async\" alt=\"44568876_1125885627586454_3189173677258178560_n\" src=\"data:image\/svg+xml,%3Csvg%20xmlns%3D%27http%3A%2F%2Fwww.w3.org%2F2000%2Fsvg%27%20width%3D%27960%27%20height%3D%27636%27%20viewBox%3D%270%200%20960%20636%27%3E%3Crect%20width%3D%27960%27%20height%3D%27636%27%20fill-opacity%3D%220%22%2F%3E%3C%2Fsvg%3E\" data-orig-src=\"https:\/\/farm2.staticflickr.com\/1933\/45513535791_9eb5c0d4b7_b.jpg\" height=\"636\" width=\"960\" \/><\/a><\/p>\n<p style=\"text-align: justify;\"><span style=\"font-family: arial, helvetica, sans-serif; font-size: 12pt; color: #000000;\"><\/span><\/p>\n<p style=\"text-align: justify;\"><span style=\"font-family: arial, helvetica, sans-serif; font-size: 12pt; color: #000000;\"> &nbsp;Pas disa takimesh dhe mbledhje pune, drejtuesit m\u00eb t\u00eb lart\u00eb t\u00eb komuniteteve fetare t\u00eb Shqip\u00ebris\u00eb jan\u00eb mbledhur sot m\u00eb dt. 22.10.2018 n\u00eb Selin\u00eb e Komunitetit Mysliman t\u00eb Shqip\u00ebris\u00eb, ku jan\u00eb marr\u00eb disa vendime t\u00eb r\u00ebnd\u00ebsishme, lidhur me mir\u00ebfunksionimin dhe disa ndryshime statusore t\u00eb K\u00ebshillit Nd\u00ebrfetar t\u00eb Shqip\u00ebris\u00eb, themeluar n\u00eb vitin 2007 nga komunitetet fetare tradicionale n\u00eb vend.<\/span><\/p>\n<p style=\"text-align: justify;\"><span style=\"font-family: arial, helvetica, sans-serif; font-size: 12pt; color: #000000;\">&nbsp; &nbsp;N\u00eb mbledhjen e zhvilluar dit\u00ebn e sotme, mor\u00ebn pjes\u00eb H. Sk\u00ebnder Bru\u00e7aj, kryetar i Komuniteti Mysliman t\u00eb Shqip\u00ebris\u00eb, Fortlumturia e tij, Anastas Janullatos, kreu i Kish\u00ebs Ortodokse Autoqefale t\u00eb Shqip\u00ebris\u00eb, Mons. George Frendo, kreu i Konferenc\u00ebs Ipeshkvnore Katolike t\u00eb Shqip\u00ebris\u00eb, H. Dede Edmond Brahimaj, kreu i Kryegjyshat\u00ebs Bot\u00ebrore Bektashiane, si dhe Pastor Ylli Do\u00e7i, kryetar i V\u00ebllaz\u00ebris\u00eb Ungjillore t\u00eb Shqip\u00ebris\u00eb.<\/span><\/p>\n<p style=\"text-align: justify;\"><span style=\"font-family: arial, helvetica, sans-serif; font-size: 12pt; color: #000000;\">&nbsp; &nbsp;Gjat\u00eb k\u00ebsaj mbledhjeje, krahas ndryshimeve statusore, u mor\u00ebn edhe disa vendime lidhur me disa ndryshime n\u00eb aspektin drejtues institucional t\u00eb K\u00ebshillit Nd\u00ebr fetar, institucion i cili ka n\u00eb p\u00ebrb\u00ebrjen e vet K\u00ebshillin e Presidenc\u00ebs, K\u00ebshillin Ekzekutiv dhe sekretarin e p\u00ebrgjithsh\u00ebm.<\/span><\/p>\n<p style=\"text-align: justify;\"><span style=\"font-family: arial, helvetica, sans-serif; font-size: 12pt; color: #000000;\">&nbsp; &nbsp;Organi m\u00eb i lart\u00eb vendimmarr\u00ebs i Qendr\u00ebs s\u00eb KNFSH-s\u00eb \u00ebsht\u00eb K\u00ebshilli i Presidenc\u00ebs, i cili p\u00ebrb\u00ebhet nga Kryetar\u00ebt e Komuniteteve fetare, pjes\u00ebmarr\u00ebs t\u00eb Qendr\u00ebs, nd\u00ebrsa K\u00ebshilli Ekzekutiv p\u00ebrb\u00ebhet nga dy an\u00ebtar\u00eb p\u00ebr \u00e7do komunitet.<\/span><\/p>\n<p style=\"text-align: justify;\"><span style=\"font-family: arial, helvetica, sans-serif; font-size: 12pt; color: #000000;\">&nbsp; &nbsp;Kryetari i K\u00ebshillit t\u00eb Presidenc\u00ebs, ka nj\u00eb mandat nj\u00eb vje\u00e7ar dhe krer\u00ebt e komuniteteve fetare do ta ken\u00eb k\u00ebt\u00eb detyr\u00eb me rotacion. P\u00ebr k\u00ebt\u00eb mandat u caktua kreu i Kish\u00ebs Ortodokse Autoqefale t\u00eb Shqip\u00ebris\u00eb, Fortlumturia e tij, Anastas Janullatos, nd\u00ebrsa sekretar i p\u00ebrgjithsh\u00ebm u zgjodh Dr. Genti Kruja me nj\u00eb mandat tre vje\u00e7ar.<\/span><\/p>\n<p style=\"text-align: justify;\"><span style=\"font-family: arial, helvetica, sans-serif; font-size: 12pt; color: #000000;\">&nbsp; &nbsp; N\u00eb k\u00ebt\u00eb mbledhje u vendos gjithashtu botimi i literaturave t\u00eb ndryshme, ku do t\u00eb pasqyrohet veprimtaria nd\u00ebr fetare n\u00eb Shqip\u00ebri, si dhe takimet periodike sipas statutit t\u00eb KNFSH-s\u00eb.<\/span><\/p>\n<p style=\"text-align: justify;\"><span style=\"font-family: arial, helvetica, sans-serif; font-size: 12pt; color: #000000;\">&nbsp; &nbsp; K\u00ebshilli Nd\u00ebr fetar i Shqip\u00ebris\u00eb ka si mision t\u00eb vetin promovimin e dialogut dhe harmonis\u00eb nd\u00ebr fetare, n\u00ebp\u00ebrmjet projekteve dhe aktiviteteve te p\u00ebrbashk\u00ebta.<\/span><\/p>\n","protected":false},"excerpt":{"rendered":"<p>&nbsp;Pas disa takimesh dhe mbledhje pune, drejtuesit m\u00eb t\u00eb lart\u00eb t\u00eb komuniteteve fetare t\u00eb Shqip\u00ebris\u00eb jan\u00eb mbledhur sot m\u00eb dt. 22.10.2018 n\u00eb Selin\u00eb e Komunitetit Mysliman t\u00eb Shqip\u00ebris\u00eb, ku jan\u00eb marr\u00eb disa vendime t\u00eb r\u00ebnd\u00ebsishme, lidhur me mir\u00ebfunksionimin dhe disa ndryshime statusore t\u00eb K\u00ebshillit Nd\u00ebrfetar t\u00eb Shqip\u00ebris\u00eb, themeluar n\u00eb vitin 2007 nga komunitetet fetare tradicionale n\u00eb vend. &nbsp; &nbsp;N\u00eb mbledhjen e zhvilluar dit\u00ebn e sotme,<\/p>\n","protected":false},"author":14,"featured_media":6906,"comment_status":"open","ping_status":"open","sticky":false,"template":"","format":"standard","meta":{"_acf_changed":false,"pagelayer_contact_templates":[],"_pagelayer_content":"","inline_featured_image":false,"fifu_image_url":"","fifu_image_alt":"","footnotes":""},"categories":[108],"tags":[220,212],"class_list":["post-6905","post","type-post","status-publish","format-standard","has-post-thumbnail","hentry","category-lajme","tag-220","tag-lajme-d27"],"acf":[],"yoast_head":"<!-- This site is optimized with the Yoast SEO plugin v27.2 - https:\/\/yoast.com\/product\/yoast-seo-wordpress\/ -->\n<title>MBLIDHET PRESIDENCA E KESHILLIT NDERFETAR TE SHQIPERISE - Kisha Orthodh\u03bfkse Autoqefale e Shqip\u00ebris\u00eb<\/title>\n<meta name=\"robots\" content=\"index, follow, max-snippet:-1, max-image-preview:large, max-video-preview:-1\" \/>\n<link rel=\"canonical\" href=\"https:\/\/orthodoxalbania.org\/2020\/2018\/10\/23\/mblidhet-presidenca-e-keshillit-nderfetar-te-shqiperise\/\" \/>\n<meta property=\"og:locale\" content=\"en_US\" \/>\n<meta property=\"og:type\" content=\"article\" \/>\n<meta property=\"og:title\" content=\"MBLIDHET PRESIDENCA E KESHILLIT NDERFETAR TE SHQIPERISE - Kisha Orthodh\u03bfkse Autoqefale e Shqip\u00ebris\u00eb\" \/>\n<meta property=\"og:description\" content=\"&nbsp;Pas disa takimesh dhe mbledhje pune, drejtuesit m\u00eb t\u00eb lart\u00eb t\u00eb komuniteteve fetare t\u00eb Shqip\u00ebris\u00eb jan\u00eb mbledhur sot m\u00eb dt. 22.10.2018 n\u00eb Selin\u00eb e Komunitetit Mysliman t\u00eb Shqip\u00ebris\u00eb, ku jan\u00eb marr\u00eb disa vendime t\u00eb r\u00ebnd\u00ebsishme, lidhur me mir\u00ebfunksionimin dhe disa ndryshime statusore t\u00eb K\u00ebshillit Nd\u00ebrfetar t\u00eb Shqip\u00ebris\u00eb, themeluar n\u00eb vitin 2007 nga komunitetet fetare tradicionale n\u00eb vend. &nbsp; &nbsp;N\u00eb mbledhjen e zhvilluar dit\u00ebn e sotme,\" \/>\n<meta property=\"og:url\" content=\"https:\/\/orthodoxalbania.org\/2020\/2018\/10\/23\/mblidhet-presidenca-e-keshillit-nderfetar-te-shqiperise\/\" \/>\n<meta property=\"og:site_name\" content=\"Kisha Orthodh\u03bfkse Autoqefale e Shqip\u00ebris\u00eb\" \/>\n<meta property=\"article:publisher\" content=\"https:\/\/www.facebook.com\/koash1991\" \/>\n<meta property=\"article:published_time\" content=\"2018-10-23T08:16:43+00:00\" \/>\n<meta property=\"article:modified_time\" content=\"2020-04-06T19:58:02+00:00\" \/>\n<meta property=\"og:image\" content=\"https:\/\/orthodoxalbania.org\/2020\/wp-content\/uploads\/2020\/04\/45513535791_9eb5c0d4b7_b.jpg\" \/>\n\t<meta property=\"og:image:width\" content=\"960\" \/>\n\t<meta property=\"og:image:height\" content=\"636\" \/>\n\t<meta property=\"og:image:type\" content=\"image\/jpeg\" \/>\n<meta name=\"author\" content=\"neo_admin\" \/>\n<meta name=\"twitter:card\" content=\"summary_large_image\" \/>\n<meta name=\"twitter:label1\" content=\"Written by\" \/>\n\t<meta name=\"twitter:data1\" content=\"neo_admin\" \/>\n\t<meta name=\"twitter:label2\" content=\"Est. reading time\" \/>\n\t<meta name=\"twitter:data2\" content=\"2 minutes\" \/>\n<script type=\"application\/ld+json\" class=\"yoast-schema-graph\">{\"@context\":\"https:\/\/schema.org\",\"@graph\":[{\"@type\":\"Article\",\"@id\":\"https:\/\/orthodoxalbania.org\/2020\/2018\/10\/23\/mblidhet-presidenca-e-keshillit-nderfetar-te-shqiperise\/#article\",\"isPartOf\":{\"@id\":\"https:\/\/orthodoxalbania.org\/2020\/2018\/10\/23\/mblidhet-presidenca-e-keshillit-nderfetar-te-shqiperise\/\"},\"author\":{\"name\":\"neo_admin\",\"@id\":\"https:\/\/orthodoxalbania.org\/2020\/#\/schema\/person\/dd2bdc135b53c60d45b8bb329565cf6d\"},\"headline\":\"MBLIDHET PRESIDENCA E KESHILLIT NDERFETAR TE SHQIPERISE\",\"datePublished\":\"2018-10-23T08:16:43+00:00\",\"dateModified\":\"2020-04-06T19:58:02+00:00\",\"mainEntityOfPage\":{\"@id\":\"https:\/\/orthodoxalbania.org\/2020\/2018\/10\/23\/mblidhet-presidenca-e-keshillit-nderfetar-te-shqiperise\/\"},\"wordCount\":387,\"commentCount\":0,\"publisher\":{\"@id\":\"https:\/\/orthodoxalbania.org\/2020\/#organization\"},\"image\":{\"@id\":\"https:\/\/orthodoxalbania.org\/2020\/2018\/10\/23\/mblidhet-presidenca-e-keshillit-nderfetar-te-shqiperise\/#primaryimage\"},\"thumbnailUrl\":\"https:\/\/orthodoxalbania.org\/2020\/wp-content\/uploads\/2020\/04\/45513535791_9eb5c0d4b7_b.jpg\",\"keywords\":[\"2018\",\"lajme\"],\"articleSection\":[\"Lajme\"],\"inLanguage\":\"en-US\"},{\"@type\":\"WebPage\",\"@id\":\"https:\/\/orthodoxalbania.org\/2020\/2018\/10\/23\/mblidhet-presidenca-e-keshillit-nderfetar-te-shqiperise\/\",\"url\":\"https:\/\/orthodoxalbania.org\/2020\/2018\/10\/23\/mblidhet-presidenca-e-keshillit-nderfetar-te-shqiperise\/\",\"name\":\"MBLIDHET PRESIDENCA E KESHILLIT NDERFETAR TE SHQIPERISE - Kisha Orthodh\u03bfkse Autoqefale e Shqip\u00ebris\u00eb\",\"isPartOf\":{\"@id\":\"https:\/\/orthodoxalbania.org\/2020\/#website\"},\"primaryImageOfPage\":{\"@id\":\"https:\/\/orthodoxalbania.org\/2020\/2018\/10\/23\/mblidhet-presidenca-e-keshillit-nderfetar-te-shqiperise\/#primaryimage\"},\"image\":{\"@id\":\"https:\/\/orthodoxalbania.org\/2020\/2018\/10\/23\/mblidhet-presidenca-e-keshillit-nderfetar-te-shqiperise\/#primaryimage\"},\"thumbnailUrl\":\"https:\/\/orthodoxalbania.org\/2020\/wp-content\/uploads\/2020\/04\/45513535791_9eb5c0d4b7_b.jpg\",\"datePublished\":\"2018-10-23T08:16:43+00:00\",\"dateModified\":\"2020-04-06T19:58:02+00:00\",\"breadcrumb\":{\"@id\":\"https:\/\/orthodoxalbania.org\/2020\/2018\/10\/23\/mblidhet-presidenca-e-keshillit-nderfetar-te-shqiperise\/#breadcrumb\"},\"inLanguage\":\"en-US\",\"potentialAction\":[{\"@type\":\"ReadAction\",\"target\":[\"https:\/\/orthodoxalbania.org\/2020\/2018\/10\/23\/mblidhet-presidenca-e-keshillit-nderfetar-te-shqiperise\/\"]}]},{\"@type\":\"ImageObject\",\"inLanguage\":\"en-US\",\"@id\":\"https:\/\/orthodoxalbania.org\/2020\/2018\/10\/23\/mblidhet-presidenca-e-keshillit-nderfetar-te-shqiperise\/#primaryimage\",\"url\":\"https:\/\/orthodoxalbania.org\/2020\/wp-content\/uploads\/2020\/04\/45513535791_9eb5c0d4b7_b.jpg\",\"contentUrl\":\"https:\/\/orthodoxalbania.org\/2020\/wp-content\/uploads\/2020\/04\/45513535791_9eb5c0d4b7_b.jpg\",\"width\":960,\"height\":636},{\"@type\":\"BreadcrumbList\",\"@id\":\"https:\/\/orthodoxalbania.org\/2020\/2018\/10\/23\/mblidhet-presidenca-e-keshillit-nderfetar-te-shqiperise\/#breadcrumb\",\"itemListElement\":[{\"@type\":\"ListItem\",\"position\":1,\"name\":\"Home\",\"item\":\"https:\/\/orthodoxalbania.org\/2020\/\"},{\"@type\":\"ListItem\",\"position\":2,\"name\":\"MBLIDHET PRESIDENCA E KESHILLIT NDERFETAR TE SHQIPERISE\"}]},{\"@type\":\"WebSite\",\"@id\":\"https:\/\/orthodoxalbania.org\/2020\/#website\",\"url\":\"https:\/\/orthodoxalbania.org\/2020\/\",\"name\":\"Kisha Orthodh\u03bfkse Autoqefale e Shqip\u00ebris\u00eb\",\"description\":\"Fqja Zyrtare e Kish\u00ebs Orthodhokse Autoqefale e Shqip\u00ebris\u00eb me lajmet edhe informacionet zyrtare p\u00ebr struktur\u00ebn edhe veprimtarin e saj.\",\"publisher\":{\"@id\":\"https:\/\/orthodoxalbania.org\/2020\/#organization\"},\"potentialAction\":[{\"@type\":\"SearchAction\",\"target\":{\"@type\":\"EntryPoint\",\"urlTemplate\":\"https:\/\/orthodoxalbania.org\/2020\/?s={search_term_string}\"},\"query-input\":{\"@type\":\"PropertyValueSpecification\",\"valueRequired\":true,\"valueName\":\"search_term_string\"}}],\"inLanguage\":\"en-US\"},{\"@type\":\"Organization\",\"@id\":\"https:\/\/orthodoxalbania.org\/2020\/#organization\",\"name\":\"Kisha Orthodhokse Autoqefale e Shqip\u00ebris\u00eb\",\"url\":\"https:\/\/orthodoxalbania.org\/2020\/\",\"logo\":{\"@type\":\"ImageObject\",\"inLanguage\":\"en-US\",\"@id\":\"https:\/\/orthodoxalbania.org\/2020\/#\/schema\/logo\/image\/\",\"url\":\"https:\/\/orthodoxalbania.org\/2020\/wp-content\/uploads\/2020\/05\/albania.jpeg\",\"contentUrl\":\"https:\/\/orthodoxalbania.org\/2020\/wp-content\/uploads\/2020\/05\/albania.jpeg\",\"width\":540,\"height\":540,\"caption\":\"Kisha Orthodhokse Autoqefale e Shqip\u00ebris\u00eb\"},\"image\":{\"@id\":\"https:\/\/orthodoxalbania.org\/2020\/#\/schema\/logo\/image\/\"},\"sameAs\":[\"https:\/\/www.facebook.com\/koash1991\"]},{\"@type\":\"Person\",\"@id\":\"https:\/\/orthodoxalbania.org\/2020\/#\/schema\/person\/dd2bdc135b53c60d45b8bb329565cf6d\",\"name\":\"neo_admin\",\"image\":{\"@type\":\"ImageObject\",\"inLanguage\":\"en-US\",\"@id\":\"https:\/\/secure.gravatar.com\/avatar\/53e6cdc30765aade0129f85e5aeb50124b1d3f5bb9a70373be31e4eb328371e0?s=96&d=mm&r=g\",\"url\":\"https:\/\/secure.gravatar.com\/avatar\/53e6cdc30765aade0129f85e5aeb50124b1d3f5bb9a70373be31e4eb328371e0?s=96&d=mm&r=g\",\"contentUrl\":\"https:\/\/secure.gravatar.com\/avatar\/53e6cdc30765aade0129f85e5aeb50124b1d3f5bb9a70373be31e4eb328371e0?s=96&d=mm&r=g\",\"caption\":\"neo_admin\"}}]}<\/script>\n<!-- \/ Yoast SEO plugin. -->","yoast_head_json":{"title":"MBLIDHET PRESIDENCA E KESHILLIT NDERFETAR TE SHQIPERISE - Kisha Orthodh\u03bfkse Autoqefale e Shqip\u00ebris\u00eb","robots":{"index":"index","follow":"follow","max-snippet":"max-snippet:-1","max-image-preview":"max-image-preview:large","max-video-preview":"max-video-preview:-1"},"canonical":"https:\/\/orthodoxalbania.org\/2020\/2018\/10\/23\/mblidhet-presidenca-e-keshillit-nderfetar-te-shqiperise\/","og_locale":"en_US","og_type":"article","og_title":"MBLIDHET PRESIDENCA E KESHILLIT NDERFETAR TE SHQIPERISE - Kisha Orthodh\u03bfkse Autoqefale e Shqip\u00ebris\u00eb","og_description":"&nbsp;Pas disa takimesh dhe mbledhje pune, drejtuesit m\u00eb t\u00eb lart\u00eb t\u00eb komuniteteve fetare t\u00eb Shqip\u00ebris\u00eb jan\u00eb mbledhur sot m\u00eb dt. 22.10.2018 n\u00eb Selin\u00eb e Komunitetit Mysliman t\u00eb Shqip\u00ebris\u00eb, ku jan\u00eb marr\u00eb disa vendime t\u00eb r\u00ebnd\u00ebsishme, lidhur me mir\u00ebfunksionimin dhe disa ndryshime statusore t\u00eb K\u00ebshillit Nd\u00ebrfetar t\u00eb Shqip\u00ebris\u00eb, themeluar n\u00eb vitin 2007 nga komunitetet fetare tradicionale n\u00eb vend. &nbsp; &nbsp;N\u00eb mbledhjen e zhvilluar dit\u00ebn e sotme,","og_url":"https:\/\/orthodoxalbania.org\/2020\/2018\/10\/23\/mblidhet-presidenca-e-keshillit-nderfetar-te-shqiperise\/","og_site_name":"Kisha Orthodh\u03bfkse Autoqefale e Shqip\u00ebris\u00eb","article_publisher":"https:\/\/www.facebook.com\/koash1991","article_published_time":"2018-10-23T08:16:43+00:00","article_modified_time":"2020-04-06T19:58:02+00:00","og_image":[{"width":960,"height":636,"url":"https:\/\/orthodoxalbania.org\/2020\/wp-content\/uploads\/2020\/04\/45513535791_9eb5c0d4b7_b.jpg","type":"image\/jpeg"}],"author":"neo_admin","twitter_card":"summary_large_image","twitter_misc":{"Written by":"neo_admin","Est. reading time":"2 minutes"},"schema":{"@context":"https:\/\/schema.org","@graph":[{"@type":"Article","@id":"https:\/\/orthodoxalbania.org\/2020\/2018\/10\/23\/mblidhet-presidenca-e-keshillit-nderfetar-te-shqiperise\/#article","isPartOf":{"@id":"https:\/\/orthodoxalbania.org\/2020\/2018\/10\/23\/mblidhet-presidenca-e-keshillit-nderfetar-te-shqiperise\/"},"author":{"name":"neo_admin","@id":"https:\/\/orthodoxalbania.org\/2020\/#\/schema\/person\/dd2bdc135b53c60d45b8bb329565cf6d"},"headline":"MBLIDHET PRESIDENCA E KESHILLIT NDERFETAR TE SHQIPERISE","datePublished":"2018-10-23T08:16:43+00:00","dateModified":"2020-04-06T19:58:02+00:00","mainEntityOfPage":{"@id":"https:\/\/orthodoxalbania.org\/2020\/2018\/10\/23\/mblidhet-presidenca-e-keshillit-nderfetar-te-shqiperise\/"},"wordCount":387,"commentCount":0,"publisher":{"@id":"https:\/\/orthodoxalbania.org\/2020\/#organization"},"image":{"@id":"https:\/\/orthodoxalbania.org\/2020\/2018\/10\/23\/mblidhet-presidenca-e-keshillit-nderfetar-te-shqiperise\/#primaryimage"},"thumbnailUrl":"https:\/\/orthodoxalbania.org\/2020\/wp-content\/uploads\/2020\/04\/45513535791_9eb5c0d4b7_b.jpg","keywords":["2018","lajme"],"articleSection":["Lajme"],"inLanguage":"en-US"},{"@type":"WebPage","@id":"https:\/\/orthodoxalbania.org\/2020\/2018\/10\/23\/mblidhet-presidenca-e-keshillit-nderfetar-te-shqiperise\/","url":"https:\/\/orthodoxalbania.org\/2020\/2018\/10\/23\/mblidhet-presidenca-e-keshillit-nderfetar-te-shqiperise\/","name":"MBLIDHET PRESIDENCA E KESHILLIT NDERFETAR TE SHQIPERISE - Kisha Orthodh\u03bfkse Autoqefale e Shqip\u00ebris\u00eb","isPartOf":{"@id":"https:\/\/orthodoxalbania.org\/2020\/#website"},"primaryImageOfPage":{"@id":"https:\/\/orthodoxalbania.org\/2020\/2018\/10\/23\/mblidhet-presidenca-e-keshillit-nderfetar-te-shqiperise\/#primaryimage"},"image":{"@id":"https:\/\/orthodoxalbania.org\/2020\/2018\/10\/23\/mblidhet-presidenca-e-keshillit-nderfetar-te-shqiperise\/#primaryimage"},"thumbnailUrl":"https:\/\/orthodoxalbania.org\/2020\/wp-content\/uploads\/2020\/04\/45513535791_9eb5c0d4b7_b.jpg","datePublished":"2018-10-23T08:16:43+00:00","dateModified":"2020-04-06T19:58:02+00:00","breadcrumb":{"@id":"https:\/\/orthodoxalbania.org\/2020\/2018\/10\/23\/mblidhet-presidenca-e-keshillit-nderfetar-te-shqiperise\/#breadcrumb"},"inLanguage":"en-US","potentialAction":[{"@type":"ReadAction","target":["https:\/\/orthodoxalbania.org\/2020\/2018\/10\/23\/mblidhet-presidenca-e-keshillit-nderfetar-te-shqiperise\/"]}]},{"@type":"ImageObject","inLanguage":"en-US","@id":"https:\/\/orthodoxalbania.org\/2020\/2018\/10\/23\/mblidhet-presidenca-e-keshillit-nderfetar-te-shqiperise\/#primaryimage","url":"https:\/\/orthodoxalbania.org\/2020\/wp-content\/uploads\/2020\/04\/45513535791_9eb5c0d4b7_b.jpg","contentUrl":"https:\/\/orthodoxalbania.org\/2020\/wp-content\/uploads\/2020\/04\/45513535791_9eb5c0d4b7_b.jpg","width":960,"height":636},{"@type":"BreadcrumbList","@id":"https:\/\/orthodoxalbania.org\/2020\/2018\/10\/23\/mblidhet-presidenca-e-keshillit-nderfetar-te-shqiperise\/#breadcrumb","itemListElement":[{"@type":"ListItem","position":1,"name":"Home","item":"https:\/\/orthodoxalbania.org\/2020\/"},{"@type":"ListItem","position":2,"name":"MBLIDHET PRESIDENCA E KESHILLIT NDERFETAR TE SHQIPERISE"}]},{"@type":"WebSite","@id":"https:\/\/orthodoxalbania.org\/2020\/#website","url":"https:\/\/orthodoxalbania.org\/2020\/","name":"Kisha Orthodh\u03bfkse Autoqefale e Shqip\u00ebris\u00eb","description":"Fqja Zyrtare e Kish\u00ebs Orthodhokse Autoqefale e Shqip\u00ebris\u00eb me lajmet edhe informacionet zyrtare p\u00ebr struktur\u00ebn edhe veprimtarin e saj.","publisher":{"@id":"https:\/\/orthodoxalbania.org\/2020\/#organization"},"potentialAction":[{"@type":"SearchAction","target":{"@type":"EntryPoint","urlTemplate":"https:\/\/orthodoxalbania.org\/2020\/?s={search_term_string}"},"query-input":{"@type":"PropertyValueSpecification","valueRequired":true,"valueName":"search_term_string"}}],"inLanguage":"en-US"},{"@type":"Organization","@id":"https:\/\/orthodoxalbania.org\/2020\/#organization","name":"Kisha Orthodhokse Autoqefale e Shqip\u00ebris\u00eb","url":"https:\/\/orthodoxalbania.org\/2020\/","logo":{"@type":"ImageObject","inLanguage":"en-US","@id":"https:\/\/orthodoxalbania.org\/2020\/#\/schema\/logo\/image\/","url":"https:\/\/orthodoxalbania.org\/2020\/wp-content\/uploads\/2020\/05\/albania.jpeg","contentUrl":"https:\/\/orthodoxalbania.org\/2020\/wp-content\/uploads\/2020\/05\/albania.jpeg","width":540,"height":540,"caption":"Kisha Orthodhokse Autoqefale e Shqip\u00ebris\u00eb"},"image":{"@id":"https:\/\/orthodoxalbania.org\/2020\/#\/schema\/logo\/image\/"},"sameAs":["https:\/\/www.facebook.com\/koash1991"]},{"@type":"Person","@id":"https:\/\/orthodoxalbania.org\/2020\/#\/schema\/person\/dd2bdc135b53c60d45b8bb329565cf6d","name":"neo_admin","image":{"@type":"ImageObject","inLanguage":"en-US","@id":"https:\/\/secure.gravatar.com\/avatar\/53e6cdc30765aade0129f85e5aeb50124b1d3f5bb9a70373be31e4eb328371e0?s=96&d=mm&r=g","url":"https:\/\/secure.gravatar.com\/avatar\/53e6cdc30765aade0129f85e5aeb50124b1d3f5bb9a70373be31e4eb328371e0?s=96&d=mm&r=g","contentUrl":"https:\/\/secure.gravatar.com\/avatar\/53e6cdc30765aade0129f85e5aeb50124b1d3f5bb9a70373be31e4eb328371e0?s=96&d=mm&r=g","caption":"neo_admin"}}]}},"_links":{"self":[{"href":"https:\/\/orthodoxalbania.org\/2020\/wp-json\/wp\/v2\/posts\/6905","targetHints":{"allow":["GET"]}}],"collection":[{"href":"https:\/\/orthodoxalbania.org\/2020\/wp-json\/wp\/v2\/posts"}],"about":[{"href":"https:\/\/orthodoxalbania.org\/2020\/wp-json\/wp\/v2\/types\/post"}],"author":[{"embeddable":true,"href":"https:\/\/orthodoxalbania.org\/2020\/wp-json\/wp\/v2\/users\/14"}],"replies":[{"embeddable":true,"href":"https:\/\/orthodoxalbania.org\/2020\/wp-json\/wp\/v2\/comments?post=6905"}],"version-history":[{"count":1,"href":"https:\/\/orthodoxalbania.org\/2020\/wp-json\/wp\/v2\/posts\/6905\/revisions"}],"predecessor-version":[{"id":14742,"href":"https:\/\/orthodoxalbania.org\/2020\/wp-json\/wp\/v2\/posts\/6905\/revisions\/14742"}],"wp:featuredmedia":[{"embeddable":true,"href":"https:\/\/orthodoxalbania.org\/2020\/wp-json\/wp\/v2\/media\/6906"}],"wp:attachment":[{"href":"https:\/\/orthodoxalbania.org\/2020\/wp-json\/wp\/v2\/media?parent=6905"}],"wp:term":[{"taxonomy":"category","embeddable":true,"href":"https:\/\/orthodoxalbania.org\/2020\/wp-json\/wp\/v2\/categories?post=6905"},{"taxonomy":"post_tag","embeddable":true,"href":"https:\/\/orthodoxalbania.org\/2020\/wp-json\/wp\/v2\/tags?post=6905"}],"curies":[{"name":"wp","href":"https:\/\/api.w.org\/{rel}","templated":true}]}}