{"id":6903,"date":"2018-10-19T21:00:34","date_gmt":"2018-10-19T21:00:34","guid":{"rendered":""},"modified":"2020-04-06T21:58:02","modified_gmt":"2020-04-06T19:58:02","slug":"kryepiskopi-anastas-nderohet-me-aristototeli-i-arte-nga-universiteti-i-selanikut","status":"publish","type":"post","link":"https:\/\/orthodoxalbania.org\/2020\/2018\/10\/19\/kryepiskopi-anastas-nderohet-me-aristototeli-i-arte-nga-universiteti-i-selanikut\/","title":{"rendered":"Kryepiskopi Anastas nderohet me \u201cAristoteli i art\u00eb\u201d nga Universiteti i Selanikut"},"content":{"rendered":"<p style=\"text-align: justify;\">\n\t<span style=\"font-family: arial, helvetica, sans-serif; font-size: 12pt; color: #000000;\">&nbsp; &nbsp; &nbsp;Dje, e enjte 18 tetor 2018, Universiteti Aristotelian i Selanikut nderoi me titullin e lart\u00eb \u201cAristoteli i art\u00eb\u201d, Fortlumturin\u00eb e tij, Kryepiskopin e Tiran\u00ebs, Durr\u00ebsit dhe t\u00eb Gjith\u00eb Shqip\u00ebris\u00eb Anastasin, si personalitetin me rrezatim bot\u00ebror dhe me rol hierapostolik. <\/span><br \/>\n\t<span style=\"font-family: arial, helvetica, sans-serif; font-size: 12pt; color: #000000;\">Mbledhja panegjirike publike e Senatit t\u00eb Universitetit Aristotelian t\u00eb Selanikut u zhvillua n\u00eb Sall\u00ebn e Ceremonive t\u00eb Universitetit, e cila ishte mbushur plot me p\u00ebrfaq\u00ebsues t\u00eb autoriteteve m\u00eb t\u00eb larta kishtare dhe politike lokale, si edhe nga qindra besimtar\u00eb q\u00eb kishin ardhur p\u00ebr t\u00eb nderuar Kryepiskopin e Shqip\u00ebris\u00eb. <\/span><br \/>\n\t<span style=\"font-family: arial, helvetica, sans-serif; font-size: 12pt; color: #000000;\">&nbsp; &nbsp; &nbsp;Rektori i Universitetit Aristotelian t\u00eb Selanikut, z. Periklis Mitkas, i dor\u00ebzoi Primatit t\u00eb Kish\u00ebs son\u00eb titullin \u201cAristoteli i art\u00eb\u201d. N\u00eb fjal\u00ebn e tij p\u00ebrsh\u00ebndet\u00ebse ai e karakterizoi Kryepiskopin Anastas \u201cnjeri t\u00eb fjal\u00ebs dhe t\u00eb veprimit, personalitet me rrezatim nd\u00ebrkomb\u00ebtar\u201d.<\/span><br \/>\n\t<span style=\"font-family: arial, helvetica, sans-serif; font-size: 12pt; color: #000000;\">&nbsp; &nbsp; &nbsp;Duke iu drejtuar Kryepiskopit Anastas, Rektori i Universitetit Aristotelian tha se \u201cna keni m\u00ebsuar me pen\u00ebn tuaj se p\u00ebr nj\u00eb njeri t\u00eb shpirtit \u00ebsht\u00eb e mundur t\u00eb takoj\u00eb njer\u00ebzit e tjer\u00eb, ata qe jan\u00eb n\u00eb nevoj\u00eb. Na frym\u00ebzoni&nbsp; t\u00eb jemi n\u00eb k\u00ebrkim t\u00eb m\u00ebnyrave t\u00eb paq\u00ebsimit dhe t\u00eb mir\u00ebkuptimit\u201d. Duke iu referuar m\u00eb shum\u00eb personalitetit t\u00eb Kryepiskopit Anastas, Rektori Mitkas theksoi se \u201cstigma e Kryepiskopit \u00ebsht\u00eb prekja shpirtit. \u00cbsht\u00eb dashuria si\u00e7 na e m\u00ebsoi vet\u00eb Krishti. Kryepiskopi i Shqip\u00ebris\u00eb ka dhuntin\u00eb e per\u00ebndishme t\u00eb \u00e7ky\u00e7\u00eb zemr\u00ebn e bashk\u00ebbiseduesit\u201d. <\/span><br \/>\n\t<span style=\"font-family: arial, helvetica, sans-serif; font-size: 12pt; color: #000000;\">&nbsp; &nbsp; &nbsp;Duke p\u00ebrfunduar Rektori Mitkas uroi q\u00eb \u201cprania Juaj e p\u00ebrndritur t\u00eb na ndihmoj\u00eb p\u00ebr tu b\u00ebr\u00eb shkenc\u00ebtar\u00eb m\u00eb t\u00eb mir\u00eb dhe njer\u00ebz m\u00eb t\u00eb mir\u00eb dhe iu drejtua Kryepiskopit Anastas me thirrjen \u201cI denj\u00eb!\u201d. <\/span><br \/>\n\t<span style=\"font-family: arial, helvetica, sans-serif; font-size: 12pt; color: #000000;\">P\u00ebr Kryepiskopin Anastas fol\u00ebn n\u00eb vazhdim profesor\u00ebt Theodhoros Dhardhavesis, Dekan i Fakultetit t\u00eb Shkencave t\u00eb Sh\u00ebndetit, Emilios Mavrudhis, p\u00ebrgjegjes i Departamentit t\u00eb Filologjis\u00eb dhe Simeon Paskalidhis, p\u00ebrgjegj\u00ebs i Departamentit t\u00eb Pimantik\u00ebs dhe t\u00eb Teologjis\u00eb Sociale. <\/span><br \/>\n\t<span style=\"font-family: arial, helvetica, sans-serif; font-size: 12pt; color: #000000;\">&nbsp; &nbsp; &nbsp;Zoti Dhardhavesis u p\u00ebrqendrua n\u00eb vepr\u00ebn hirapostolik\u00ebe dhe sociale t\u00eb Kryepiskopit Anastas duke theksuar respektin q\u00eb tregoi ndaj popujve t\u00eb Afrik\u00ebs dhe traditave t\u00eb tyre. \u201cNuk ushtroi kurr\u00eb presion mbi afrikan\u00ebt tu largoheshin traditave t\u00eb tyre\u201d, theksoi ai, duke shtuar se \u201cvepra e Kryepiskopit Anastas n\u00eb Afrik\u00eb p\u00ebrb\u00ebn manual se si duhet ushtruar vepra ne rajonet e varf\u00ebra t\u00eb Planetit\u201d. Duke iu referuar veprave t\u00eb Kryepiskopit n\u00eb Shqip\u00ebri, zoti Dhardhavesis theksoi se \u201cKryepiskopi Anastas realizoi n\u00eb Shqip\u00ebri nj\u00eb \u00e7udi\u201d, p\u00ebr t\u00eb shtuar se \u201c\u00ebsht\u00eb p\u00ebrpjekur dhe vazhdon t\u00eb p\u00ebrpiqet p\u00ebr zbutjen e konflikteve n\u00eb Ballkan\u201d. <\/span><br \/>\n\t<span style=\"font-family: arial, helvetica, sans-serif; font-size: 12pt; color: #000000;\">&nbsp; &nbsp; Zoti Mavrudhis foli p\u00ebr vepr\u00ebn shum\u00ebv\u00ebllim\u00ebshe dhe t\u00eb shumanshme t\u00eb Kryepiskopit Anastas. Prezantoi studimet e Tij m\u00eb t\u00eb ve\u00e7anta dhe iu referua vlerave t\u00eb librave t\u00eb Kryepiskopit.<\/span><\/p>\n<p style=\"text-align: justify;\">\n\t<span style=\"font-family: arial, helvetica, sans-serif; font-size: 12pt; color: #000000;\">&nbsp; &nbsp; &nbsp; Zoti Paskalidhis iu referua vizionit ekumenik q\u00eb p\u00ebrcjell vepra e Kryepiskopit Anastas, i cili \u201ckultivoi dhe promovoi n\u00eb praktik\u00eb dialogun nd\u00ebrfetar p\u00ebr arritjen e paqes midis popujve\u201d. E karakterizoi si \u201ct\u00eb dimensioneve kolosale\u201d vepr\u00ebn e Kryepiskopit Anastas p\u00ebr nd\u00ebrtimin e kishave n\u00eb \u201c\u00e7do vend q\u00eb P\u00ebrkujdesja Hyjnore i ngarkoi t\u00eb sh\u00ebrbej\u00eb\u201d. Madje ai e karakterizoi vepr\u00ebn e Kryepiskopit Anastas n\u00eb Shqip\u00ebri me at\u00eb t\u00eb Sh\u00ebn Kirillit dhe Methodhit tek popujt sllav\u00eb. <\/span><br \/>\n\t<span style=\"font-size: 12pt; color: #000000;\">&nbsp; &nbsp; Kryepiskopi Anastas mbajti para pedagogeve dhe besimtar\u00ebve t\u00eb shumt\u00eb kumtes\u00ebn \u201cPluralizmi fetar dhe bashk\u00ebjetesa paqesore: disa mendime\u201d, ku n\u00ebnvizoi se \u201ckultivimi i nj\u00eb nd\u00ebrgjegje t\u00eb sh\u00ebndosh\u00eb fetare p\u00ebrb\u00ebn mjedisin p\u00ebr arritjen e bashk\u00ebjetes\u00ebs paq\u00ebsore\u201d. <\/span><br \/>\n\t<span style=\"font-size: 12pt; color: #000000;\">Kryepiskopi theksoi nevoj\u00ebn e kultivimit nga t\u00eb gjith\u00eb entet fetare t\u00eb nj\u00eb teologjie paq\u00ebsore. \u201cApelohemi t\u00eb d\u00ebnojm\u00eb \u00e7do form\u00eb dhune dhe urrejtjeje fetare. \u00c7do krim n\u00eb em\u00ebr t\u00eb fes\u00eb \u00ebsht\u00eb edhe nj\u00eb krim kund\u00ebr vet\u00eb fes\u00eb. Askush nuk ka t\u00eb drejt\u00eb t\u00eb p\u00ebrdor\u00eb vajin e fes\u00eb p\u00ebr t\u00eb p\u00ebrforcuar konfliktet\u201d, tha konkretisht. <\/span><br \/>\n\t<span style=\"font-size: 12pt; color: #000000;\">\u00abVarf\u00ebria \u00ebsht\u00eb nj\u00eb nga format m\u00eb t\u00eb k\u00ebqija t\u00eb dhun\u00ebs\u00bb<\/span><br \/>\n\t<span style=\"font-size: 12pt; color: #000000;\">&nbsp; &nbsp; &nbsp;\u00abPaqja lidhet ngusht\u00eb me drejt\u00ebsin\u00eb. Nj\u00eb bot\u00eb e padrejt\u00eb nuk mund t\u00eb jet\u00eb paq\u00ebsore. N\u00eb shekullin ton\u00eb paqja dhe drejt\u00ebsia kan\u00eb p\u00ebrftuar edhe nj\u00eb sinonim tjet\u00ebr, zhvillimin. Varf\u00ebria \u00ebsht\u00eb nj\u00eb nga format m\u00eb t\u00eb k\u00ebqija t\u00eb dhun\u00ebs. Nuk \u00ebsht\u00eb \u00e7udi q\u00eb kur njer\u00ebzve u mungojn\u00eb gj\u00ebrat m\u00eb t\u00eb nevojshme t\u00eb p\u00ebrqafojn\u00eb ide radikale p\u00ebr arritjen e drejt\u00ebsis\u00eb. Duhet t\u00eb k\u00ebrkojm\u00eb m\u00eb shum\u00eb drejt\u00ebsi p\u00ebr t\u00eb gjith\u00eb popujt, pavar\u00ebsisht fes\u00eb dhe traditave\u201d, shpjegoi Kryepiskopi Anastas. <\/span><br \/>\n\t<span style=\"font-size: 12pt; color: #000000;\">&nbsp; &nbsp; \u00abP\u00ebr dashurin\u00eb jetojm\u00eb dhe vdesim\u00bb<\/span><br \/>\n\t<span style=\"font-size: 12pt; color: #000000;\">&nbsp; &nbsp; &nbsp;N\u00eb p\u00ebrmbyllje t\u00eb fjal\u00ebs se vet, Kryepiskopi Anastas, ngriti lart r\u00ebnd\u00ebsin\u00eb e dashuris\u00eb. \u201cP\u00ebr dashurin\u00eb jetojm\u00eb dhe vdesim. Dashuria \u00ebsht\u00eb Per\u00ebndia dhe Per\u00ebndia \u00ebsht\u00eb dashuria. Vet\u00ebm pushteti i dashuris\u00eb mund t\u00eb triumfoj\u00eb mbi dashurin\u00eb p\u00ebr pushtetin. Karburanti mistik qe ve n\u00eb l\u00ebvizje motorin e dashuris\u00eb tek \u00e7donj\u00ebri prej nesh \u00ebsht\u00eb besimi i krishter\u00eb. Orthodhoksia \u00ebsht\u00eb nj\u00eb punishte dashurie\u201d <\/span><br \/>\n\t<span style=\"font-size: 12pt; color: #000000;\">Pas fjal\u00ebs se Kryepiskopit u shfaq nj\u00eb dokumentar i shkurt\u00ebr p\u00ebr jet\u00ebn dhe vepr\u00ebn e Tij, si n\u00eb Afrik\u00eb edhe n\u00eb Shqip\u00ebri ku, p\u00ebrmes skenave emocionuese u prezantuan veprimtarit\u00eb e shumanshme t\u00eb Kryepiskopit Anastas. <\/span><br \/>\n\t<span style=\"font-size: 12pt; color: #000000;\">Veprimtara p\u00ebr nder t\u00eb Kryepiskopit Anastas u mbyll me k\u00ebng\u00eb nga kabineti muzikor i Departamentit t\u00eb Studimeve Muzikore t\u00eb Univeristetit Aristotelian t\u00eb Selanikut. <\/span><br \/>\n\t<span style=\"font-size: 12pt; color: #000000;\">&nbsp; &nbsp;T\u00eb pranish\u00ebm n\u00eb veprimtari ishin Mitropoliti i Arkallohorit, Andreas, si p\u00ebrfaq\u00ebsues i Patriarkut Ekumenik, Mitropolit\u00ebt e Selanikut, Anthimos; t\u00eb Llangadhas\u00eb, Joanis; t\u00eb Kassandhrias, Nikodhimos; t\u00eb Ierissos, Theoklitos; t\u00eb Neas Krinis, Justinos dhe t\u00eb Kavall\u00ebs, Stefanos, si edhe Episkopi i Amorios Nikiforos. Kryepiskopi shoq\u00ebrohej nga Mitropoliti i Amantias, Nathanaili dhe Episkopi i Bylisit, Asti. <\/span><br \/>\n\t<span style=\"font-size: 12pt; color: #000000;\">&nbsp; &nbsp; &nbsp; Titulli \u201cAristoteli i art\u00eb\u201d, ky nderim i lart\u00eb, q\u00eb presupozon personalitete me kontribut t\u00eb ve\u00e7ant\u00eb n\u00eb Shkenc\u00eb dhe n\u00eb Shoq\u00ebri, \u00ebsht\u00eb dh\u00ebn\u00eb vet\u00ebm p\u00ebr ish-Presidentin e Greqis\u00eb, Kostis Stefanopoullos, p\u00ebr Patriarkun Ekumenik Vartholomeu dhe p\u00ebr Profesor\u00ebt e shquar Vasilis Skuri dhe Emanuil Kriaras.<\/span><\/p>\n<p style=\"text-align: justify;\">\n\t&nbsp;<\/p>\n<p style=\"text-align: center; line-height: 150%;\">\n\t<span style=\"color: #000000;\"><span style=\"font-family: arial, helvetica, sans-serif; font-size: 12pt;\"><b><span style=\"line-height: 150%;\">Kryepiskopi Anastas nderohet me \u201cAristototeli i art\u00eb\u201d&nbsp;<\/span><\/b><\/span><span style=\"font-family: arial, helvetica, sans-serif; font-size: 12pt;\"><b><span style=\"line-height: 150%;\">nga Universiteti i Selanikut<\/span><\/b><\/span><\/span><\/p>\n<p style=\"text-indent: 0.5in; line-height: 150%; text-align: justify;\">\n\t<span style=\"line-height: 150%; font-family: arial, helvetica, sans-serif; color: #000000; background: white; font-size: 12pt;\">Me vendim unanim t\u00eb Senatit t\u00eb Universitetit \u201cAristoteli\u201d t\u00eb Selanikut, Fortlumturia e Tij, Anastasi, Kryepiskop i Tiran\u00ebs, Durr\u00ebsit dhe i Gjith\u00eb Shqip\u00ebris\u00eb, u nderua p\u00ebr vepr\u00ebn e jasht\u00ebzakonshme hierapostolike, bamir\u00ebse e sociale gjat\u00eb q\u00ebndrimit n\u00eb Afrik\u00eb, si Kryepiskop i Kenias, Ugand\u00ebs dhe Tanzanis\u00eb (Patriarkana e Aleksandris\u00eb) dhe vepr\u00ebn titanike p\u00ebr ringritjen nga g\u00ebrmadhat t\u00eb Kish\u00ebs Orthodhokse Autoqefale t\u00eb Shqip\u00ebris\u00eb. Ai u nderua p\u00ebr p\u00ebrpjekjet e pand\u00ebrprera n\u00eb mbrojtje t\u00eb t\u00eb drejtave njr\u00ebzore, p\u00ebr barazi sociale, p\u00ebr pranimin e kujtdo pa dallim racial apo fetar dhe aktivitetin e tij n\u00eb p\u00ebrgjith\u00ebsi.<\/span><\/p>\n<p style=\"text-indent: 0.5in; line-height: 150%; text-align: justify;\">\n\t<span style=\"line-height: 150%; font-family: arial, helvetica, sans-serif; color: #000000; background: white; font-size: 12pt;\">N\u00eb veprimtarin\u00eb e organizuar me k\u00ebt\u00eb rast, pasditen e s\u00eb enjtes, 18 tetor, n\u00eb sall\u00ebn qendrore t\u00eb Universitetit \u201cAristoteli\u201d, fjala e hapjes u mbajt nga Rektori i tij, Prof. Periklis Mitkas. Vazhdoi m\u00eb pas dor\u00ebzimi Kryepiskopit Anastas i nderimit m\u00eb t\u00eb lart\u00eb t\u00eb k\u00ebtij Universiteti, \u201cAristoteli i art\u00eb\u201d, q\u00eb jepet vet\u00ebm n\u00eb raste shum\u00eb t\u00eb ve\u00e7anta. Dor\u00ebzimi i medaljes u b\u00eb nga dekani Theodhoros Dardavesis dhe shefat e departamenteve, profesor\u00ebt Emilios Mavrudis dhe A. Paskalides. Pastaj u vazhdua me leximin e motivacionit nga Rektori i Universitetit.<\/span><\/p>\n<p style=\"text-indent: 0.5in; line-height: 150%; text-align: justify;\">\n\t<span style=\"line-height: 150%; font-family: arial, helvetica, sans-serif; color: #000000; background: white; font-size: 12pt;\">Veprimtaria u mbyll me referatin e mbajtur nga Kryepiskopi, Prof. Dr. Anastasi: \u201cPluralizmi fetar dhe bashk\u00ebjetesa paq\u00ebsore, disa konstatime\u201d.<\/span><\/p>\n<p style=\"text-indent: 0.5in; line-height: 150%; text-align: justify;\">\n\t&nbsp;<\/p>\n<p>\n\t<img class=\"lazyload\" decoding=\"async\" alt=\"\" src=\"data:image\/gif;base64,R0lGODlhAQABAAAAACH5BAEKAAEALAAAAAABAAEAAAICTAEAOw==\" data-orig-src=\"https:\/\/imgur.com\/oAdr0KW https:\/\/imgur.com\/taQMpKX https:\/\/imgur.com\/eZEBZyG https:\/\/imgur.com\/yQPkIWr https:\/\/imgur.com\/2fpKfgw https:\/\/imgur.com\/MXgQZYo\" \/><\/p>\n<p>\n\t<a data-flickr-embed=\"true\" href=\"https:\/\/www.flickr.com\/photos\/39339102@N05\/albums\/72157701061142461\" title=\"Selanik2018\"><img class=\"lazyload\" decoding=\"async\" alt=\"Selanik2018\" height=\"399\" src=\"data:image\/svg+xml,%3Csvg%20xmlns%3D%27http%3A%2F%2Fwww.w3.org%2F2000%2Fsvg%27%20width%3D%27600%27%20height%3D%27399%27%20viewBox%3D%270%200%20600%20399%27%3E%3Crect%20width%3D%27600%27%20height%3D%27399%27%20fill-opacity%3D%220%22%2F%3E%3C%2Fsvg%3E\" data-orig-src=\"https:\/\/farm2.staticflickr.com\/1911\/45384009052_148b0b95a5_z.jpg\" width=\"600\" \/><\/a><\/p>\n","protected":false},"excerpt":{"rendered":"<p>&nbsp; &nbsp; &nbsp;Dje, e enjte 18 tetor 2018, Universiteti Aristotelian i Selanikut nderoi me titullin e lart\u00eb \u201cAristoteli i art\u00eb\u201d, Fortlumturin\u00eb e tij, Kryepiskopin e Tiran\u00ebs, Durr\u00ebsit dhe t\u00eb Gjith\u00eb Shqip\u00ebris\u00eb Anastasin, si personalitetin me rrezatim bot\u00ebror dhe me rol hierapostolik. Mbledhja panegjirike publike e Senatit t\u00eb Universitetit Aristotelian t\u00eb Selanikut u zhvillua n\u00eb Sall\u00ebn e Ceremonive t\u00eb Universitetit, e cila ishte mbushur plot me<\/p>\n","protected":false},"author":14,"featured_media":6904,"comment_status":"open","ping_status":"open","sticky":false,"template":"","format":"standard","meta":{"_acf_changed":false,"pagelayer_contact_templates":[],"_pagelayer_content":"","inline_featured_image":false,"fifu_image_url":"","fifu_image_alt":"","footnotes":""},"categories":[108],"tags":[220,201,212],"class_list":["post-6903","post","type-post","status-publish","format-standard","has-post-thumbnail","hentry","category-lajme","tag-220","tag-kryepiskopi-anastas","tag-lajme-d27"],"acf":[],"yoast_head":"<!-- This site is optimized with the Yoast SEO plugin v27.2 - https:\/\/yoast.com\/product\/yoast-seo-wordpress\/ -->\n<title>Kryepiskopi Anastas nderohet me \u201cAristoteli i art\u00eb\u201d nga Universiteti i Selanikut - Kisha Orthodh\u03bfkse Autoqefale e Shqip\u00ebris\u00eb<\/title>\n<meta name=\"robots\" content=\"index, follow, max-snippet:-1, max-image-preview:large, max-video-preview:-1\" \/>\n<link rel=\"canonical\" href=\"https:\/\/orthodoxalbania.org\/2020\/2018\/10\/19\/kryepiskopi-anastas-nderohet-me-aristototeli-i-arte-nga-universiteti-i-selanikut\/\" \/>\n<meta property=\"og:locale\" content=\"en_US\" \/>\n<meta property=\"og:type\" content=\"article\" \/>\n<meta property=\"og:title\" content=\"Kryepiskopi Anastas nderohet me \u201cAristoteli i art\u00eb\u201d nga Universiteti i Selanikut - Kisha Orthodh\u03bfkse Autoqefale e Shqip\u00ebris\u00eb\" \/>\n<meta property=\"og:description\" content=\"&nbsp; &nbsp; &nbsp;Dje, e enjte 18 tetor 2018, Universiteti Aristotelian i Selanikut nderoi me titullin e lart\u00eb \u201cAristoteli i art\u00eb\u201d, Fortlumturin\u00eb e tij, Kryepiskopin e Tiran\u00ebs, Durr\u00ebsit dhe t\u00eb Gjith\u00eb Shqip\u00ebris\u00eb Anastasin, si personalitetin me rrezatim bot\u00ebror dhe me rol hierapostolik. Mbledhja panegjirike publike e Senatit t\u00eb Universitetit Aristotelian t\u00eb Selanikut u zhvillua n\u00eb Sall\u00ebn e Ceremonive t\u00eb Universitetit, e cila ishte mbushur plot me\" \/>\n<meta property=\"og:url\" content=\"https:\/\/orthodoxalbania.org\/2020\/2018\/10\/19\/kryepiskopi-anastas-nderohet-me-aristototeli-i-arte-nga-universiteti-i-selanikut\/\" \/>\n<meta property=\"og:site_name\" content=\"Kisha Orthodh\u03bfkse Autoqefale e Shqip\u00ebris\u00eb\" \/>\n<meta property=\"article:publisher\" content=\"https:\/\/www.facebook.com\/koash1991\" \/>\n<meta property=\"article:published_time\" content=\"2018-10-19T21:00:34+00:00\" \/>\n<meta property=\"article:modified_time\" content=\"2020-04-06T19:58:02+00:00\" \/>\n<meta property=\"og:image\" content=\"https:\/\/orthodoxalbania.org\/2020\/wp-content\/uploads\/2020\/04\/yQPkIWr.jpg\" \/>\n\t<meta property=\"og:image:width\" content=\"600\" \/>\n\t<meta property=\"og:image:height\" content=\"399\" \/>\n\t<meta property=\"og:image:type\" content=\"image\/jpeg\" \/>\n<meta name=\"author\" content=\"neo_admin\" \/>\n<meta name=\"twitter:card\" content=\"summary_large_image\" \/>\n<meta name=\"twitter:label1\" content=\"Written by\" \/>\n\t<meta name=\"twitter:data1\" content=\"neo_admin\" \/>\n\t<meta name=\"twitter:label2\" content=\"Est. reading time\" \/>\n\t<meta name=\"twitter:data2\" content=\"6 minutes\" \/>\n<script type=\"application\/ld+json\" class=\"yoast-schema-graph\">{\"@context\":\"https:\/\/schema.org\",\"@graph\":[{\"@type\":\"Article\",\"@id\":\"https:\/\/orthodoxalbania.org\/2020\/2018\/10\/19\/kryepiskopi-anastas-nderohet-me-aristototeli-i-arte-nga-universiteti-i-selanikut\/#article\",\"isPartOf\":{\"@id\":\"https:\/\/orthodoxalbania.org\/2020\/2018\/10\/19\/kryepiskopi-anastas-nderohet-me-aristototeli-i-arte-nga-universiteti-i-selanikut\/\"},\"author\":{\"name\":\"neo_admin\",\"@id\":\"https:\/\/orthodoxalbania.org\/2020\/#\/schema\/person\/dd2bdc135b53c60d45b8bb329565cf6d\"},\"headline\":\"Kryepiskopi Anastas nderohet me \u201cAristoteli i art\u00eb\u201d nga Universiteti i Selanikut\",\"datePublished\":\"2018-10-19T21:00:34+00:00\",\"dateModified\":\"2020-04-06T19:58:02+00:00\",\"mainEntityOfPage\":{\"@id\":\"https:\/\/orthodoxalbania.org\/2020\/2018\/10\/19\/kryepiskopi-anastas-nderohet-me-aristototeli-i-arte-nga-universiteti-i-selanikut\/\"},\"wordCount\":1299,\"commentCount\":0,\"publisher\":{\"@id\":\"https:\/\/orthodoxalbania.org\/2020\/#organization\"},\"image\":{\"@id\":\"https:\/\/orthodoxalbania.org\/2020\/2018\/10\/19\/kryepiskopi-anastas-nderohet-me-aristototeli-i-arte-nga-universiteti-i-selanikut\/#primaryimage\"},\"thumbnailUrl\":\"https:\/\/orthodoxalbania.org\/2020\/wp-content\/uploads\/2020\/04\/yQPkIWr.jpg\",\"keywords\":[\"2018\",\"Kryepiskopi Anastas\",\"lajme\"],\"articleSection\":[\"Lajme\"],\"inLanguage\":\"en-US\"},{\"@type\":\"WebPage\",\"@id\":\"https:\/\/orthodoxalbania.org\/2020\/2018\/10\/19\/kryepiskopi-anastas-nderohet-me-aristototeli-i-arte-nga-universiteti-i-selanikut\/\",\"url\":\"https:\/\/orthodoxalbania.org\/2020\/2018\/10\/19\/kryepiskopi-anastas-nderohet-me-aristototeli-i-arte-nga-universiteti-i-selanikut\/\",\"name\":\"Kryepiskopi Anastas nderohet me \u201cAristoteli i art\u00eb\u201d nga Universiteti i Selanikut - Kisha Orthodh\u03bfkse Autoqefale e Shqip\u00ebris\u00eb\",\"isPartOf\":{\"@id\":\"https:\/\/orthodoxalbania.org\/2020\/#website\"},\"primaryImageOfPage\":{\"@id\":\"https:\/\/orthodoxalbania.org\/2020\/2018\/10\/19\/kryepiskopi-anastas-nderohet-me-aristototeli-i-arte-nga-universiteti-i-selanikut\/#primaryimage\"},\"image\":{\"@id\":\"https:\/\/orthodoxalbania.org\/2020\/2018\/10\/19\/kryepiskopi-anastas-nderohet-me-aristototeli-i-arte-nga-universiteti-i-selanikut\/#primaryimage\"},\"thumbnailUrl\":\"https:\/\/orthodoxalbania.org\/2020\/wp-content\/uploads\/2020\/04\/yQPkIWr.jpg\",\"datePublished\":\"2018-10-19T21:00:34+00:00\",\"dateModified\":\"2020-04-06T19:58:02+00:00\",\"breadcrumb\":{\"@id\":\"https:\/\/orthodoxalbania.org\/2020\/2018\/10\/19\/kryepiskopi-anastas-nderohet-me-aristototeli-i-arte-nga-universiteti-i-selanikut\/#breadcrumb\"},\"inLanguage\":\"en-US\",\"potentialAction\":[{\"@type\":\"ReadAction\",\"target\":[\"https:\/\/orthodoxalbania.org\/2020\/2018\/10\/19\/kryepiskopi-anastas-nderohet-me-aristototeli-i-arte-nga-universiteti-i-selanikut\/\"]}]},{\"@type\":\"ImageObject\",\"inLanguage\":\"en-US\",\"@id\":\"https:\/\/orthodoxalbania.org\/2020\/2018\/10\/19\/kryepiskopi-anastas-nderohet-me-aristototeli-i-arte-nga-universiteti-i-selanikut\/#primaryimage\",\"url\":\"https:\/\/orthodoxalbania.org\/2020\/wp-content\/uploads\/2020\/04\/yQPkIWr.jpg\",\"contentUrl\":\"https:\/\/orthodoxalbania.org\/2020\/wp-content\/uploads\/2020\/04\/yQPkIWr.jpg\",\"width\":600,\"height\":399},{\"@type\":\"BreadcrumbList\",\"@id\":\"https:\/\/orthodoxalbania.org\/2020\/2018\/10\/19\/kryepiskopi-anastas-nderohet-me-aristototeli-i-arte-nga-universiteti-i-selanikut\/#breadcrumb\",\"itemListElement\":[{\"@type\":\"ListItem\",\"position\":1,\"name\":\"Home\",\"item\":\"https:\/\/orthodoxalbania.org\/2020\/\"},{\"@type\":\"ListItem\",\"position\":2,\"name\":\"Kryepiskopi Anastas nderohet me \u201cAristoteli i art\u00eb\u201d nga Universiteti i Selanikut\"}]},{\"@type\":\"WebSite\",\"@id\":\"https:\/\/orthodoxalbania.org\/2020\/#website\",\"url\":\"https:\/\/orthodoxalbania.org\/2020\/\",\"name\":\"Kisha Orthodh\u03bfkse Autoqefale e Shqip\u00ebris\u00eb\",\"description\":\"Fqja Zyrtare e Kish\u00ebs Orthodhokse Autoqefale e Shqip\u00ebris\u00eb me lajmet edhe informacionet zyrtare p\u00ebr struktur\u00ebn edhe veprimtarin e saj.\",\"publisher\":{\"@id\":\"https:\/\/orthodoxalbania.org\/2020\/#organization\"},\"potentialAction\":[{\"@type\":\"SearchAction\",\"target\":{\"@type\":\"EntryPoint\",\"urlTemplate\":\"https:\/\/orthodoxalbania.org\/2020\/?s={search_term_string}\"},\"query-input\":{\"@type\":\"PropertyValueSpecification\",\"valueRequired\":true,\"valueName\":\"search_term_string\"}}],\"inLanguage\":\"en-US\"},{\"@type\":\"Organization\",\"@id\":\"https:\/\/orthodoxalbania.org\/2020\/#organization\",\"name\":\"Kisha Orthodhokse Autoqefale e Shqip\u00ebris\u00eb\",\"url\":\"https:\/\/orthodoxalbania.org\/2020\/\",\"logo\":{\"@type\":\"ImageObject\",\"inLanguage\":\"en-US\",\"@id\":\"https:\/\/orthodoxalbania.org\/2020\/#\/schema\/logo\/image\/\",\"url\":\"https:\/\/orthodoxalbania.org\/2020\/wp-content\/uploads\/2020\/05\/albania.jpeg\",\"contentUrl\":\"https:\/\/orthodoxalbania.org\/2020\/wp-content\/uploads\/2020\/05\/albania.jpeg\",\"width\":540,\"height\":540,\"caption\":\"Kisha Orthodhokse Autoqefale e Shqip\u00ebris\u00eb\"},\"image\":{\"@id\":\"https:\/\/orthodoxalbania.org\/2020\/#\/schema\/logo\/image\/\"},\"sameAs\":[\"https:\/\/www.facebook.com\/koash1991\"]},{\"@type\":\"Person\",\"@id\":\"https:\/\/orthodoxalbania.org\/2020\/#\/schema\/person\/dd2bdc135b53c60d45b8bb329565cf6d\",\"name\":\"neo_admin\",\"image\":{\"@type\":\"ImageObject\",\"inLanguage\":\"en-US\",\"@id\":\"https:\/\/secure.gravatar.com\/avatar\/53e6cdc30765aade0129f85e5aeb50124b1d3f5bb9a70373be31e4eb328371e0?s=96&d=mm&r=g\",\"url\":\"https:\/\/secure.gravatar.com\/avatar\/53e6cdc30765aade0129f85e5aeb50124b1d3f5bb9a70373be31e4eb328371e0?s=96&d=mm&r=g\",\"contentUrl\":\"https:\/\/secure.gravatar.com\/avatar\/53e6cdc30765aade0129f85e5aeb50124b1d3f5bb9a70373be31e4eb328371e0?s=96&d=mm&r=g\",\"caption\":\"neo_admin\"}}]}<\/script>\n<!-- \/ Yoast SEO plugin. -->","yoast_head_json":{"title":"Kryepiskopi Anastas nderohet me \u201cAristoteli i art\u00eb\u201d nga Universiteti i Selanikut - Kisha Orthodh\u03bfkse Autoqefale e Shqip\u00ebris\u00eb","robots":{"index":"index","follow":"follow","max-snippet":"max-snippet:-1","max-image-preview":"max-image-preview:large","max-video-preview":"max-video-preview:-1"},"canonical":"https:\/\/orthodoxalbania.org\/2020\/2018\/10\/19\/kryepiskopi-anastas-nderohet-me-aristototeli-i-arte-nga-universiteti-i-selanikut\/","og_locale":"en_US","og_type":"article","og_title":"Kryepiskopi Anastas nderohet me \u201cAristoteli i art\u00eb\u201d nga Universiteti i Selanikut - Kisha Orthodh\u03bfkse Autoqefale e Shqip\u00ebris\u00eb","og_description":"&nbsp; &nbsp; &nbsp;Dje, e enjte 18 tetor 2018, Universiteti Aristotelian i Selanikut nderoi me titullin e lart\u00eb \u201cAristoteli i art\u00eb\u201d, Fortlumturin\u00eb e tij, Kryepiskopin e Tiran\u00ebs, Durr\u00ebsit dhe t\u00eb Gjith\u00eb Shqip\u00ebris\u00eb Anastasin, si personalitetin me rrezatim bot\u00ebror dhe me rol hierapostolik. Mbledhja panegjirike publike e Senatit t\u00eb Universitetit Aristotelian t\u00eb Selanikut u zhvillua n\u00eb Sall\u00ebn e Ceremonive t\u00eb Universitetit, e cila ishte mbushur plot me","og_url":"https:\/\/orthodoxalbania.org\/2020\/2018\/10\/19\/kryepiskopi-anastas-nderohet-me-aristototeli-i-arte-nga-universiteti-i-selanikut\/","og_site_name":"Kisha Orthodh\u03bfkse Autoqefale e Shqip\u00ebris\u00eb","article_publisher":"https:\/\/www.facebook.com\/koash1991","article_published_time":"2018-10-19T21:00:34+00:00","article_modified_time":"2020-04-06T19:58:02+00:00","og_image":[{"width":600,"height":399,"url":"https:\/\/orthodoxalbania.org\/2020\/wp-content\/uploads\/2020\/04\/yQPkIWr.jpg","type":"image\/jpeg"}],"author":"neo_admin","twitter_card":"summary_large_image","twitter_misc":{"Written by":"neo_admin","Est. reading time":"6 minutes"},"schema":{"@context":"https:\/\/schema.org","@graph":[{"@type":"Article","@id":"https:\/\/orthodoxalbania.org\/2020\/2018\/10\/19\/kryepiskopi-anastas-nderohet-me-aristototeli-i-arte-nga-universiteti-i-selanikut\/#article","isPartOf":{"@id":"https:\/\/orthodoxalbania.org\/2020\/2018\/10\/19\/kryepiskopi-anastas-nderohet-me-aristototeli-i-arte-nga-universiteti-i-selanikut\/"},"author":{"name":"neo_admin","@id":"https:\/\/orthodoxalbania.org\/2020\/#\/schema\/person\/dd2bdc135b53c60d45b8bb329565cf6d"},"headline":"Kryepiskopi Anastas nderohet me \u201cAristoteli i art\u00eb\u201d nga Universiteti i Selanikut","datePublished":"2018-10-19T21:00:34+00:00","dateModified":"2020-04-06T19:58:02+00:00","mainEntityOfPage":{"@id":"https:\/\/orthodoxalbania.org\/2020\/2018\/10\/19\/kryepiskopi-anastas-nderohet-me-aristototeli-i-arte-nga-universiteti-i-selanikut\/"},"wordCount":1299,"commentCount":0,"publisher":{"@id":"https:\/\/orthodoxalbania.org\/2020\/#organization"},"image":{"@id":"https:\/\/orthodoxalbania.org\/2020\/2018\/10\/19\/kryepiskopi-anastas-nderohet-me-aristototeli-i-arte-nga-universiteti-i-selanikut\/#primaryimage"},"thumbnailUrl":"https:\/\/orthodoxalbania.org\/2020\/wp-content\/uploads\/2020\/04\/yQPkIWr.jpg","keywords":["2018","Kryepiskopi Anastas","lajme"],"articleSection":["Lajme"],"inLanguage":"en-US"},{"@type":"WebPage","@id":"https:\/\/orthodoxalbania.org\/2020\/2018\/10\/19\/kryepiskopi-anastas-nderohet-me-aristototeli-i-arte-nga-universiteti-i-selanikut\/","url":"https:\/\/orthodoxalbania.org\/2020\/2018\/10\/19\/kryepiskopi-anastas-nderohet-me-aristototeli-i-arte-nga-universiteti-i-selanikut\/","name":"Kryepiskopi Anastas nderohet me \u201cAristoteli i art\u00eb\u201d nga Universiteti i Selanikut - Kisha Orthodh\u03bfkse Autoqefale e Shqip\u00ebris\u00eb","isPartOf":{"@id":"https:\/\/orthodoxalbania.org\/2020\/#website"},"primaryImageOfPage":{"@id":"https:\/\/orthodoxalbania.org\/2020\/2018\/10\/19\/kryepiskopi-anastas-nderohet-me-aristototeli-i-arte-nga-universiteti-i-selanikut\/#primaryimage"},"image":{"@id":"https:\/\/orthodoxalbania.org\/2020\/2018\/10\/19\/kryepiskopi-anastas-nderohet-me-aristototeli-i-arte-nga-universiteti-i-selanikut\/#primaryimage"},"thumbnailUrl":"https:\/\/orthodoxalbania.org\/2020\/wp-content\/uploads\/2020\/04\/yQPkIWr.jpg","datePublished":"2018-10-19T21:00:34+00:00","dateModified":"2020-04-06T19:58:02+00:00","breadcrumb":{"@id":"https:\/\/orthodoxalbania.org\/2020\/2018\/10\/19\/kryepiskopi-anastas-nderohet-me-aristototeli-i-arte-nga-universiteti-i-selanikut\/#breadcrumb"},"inLanguage":"en-US","potentialAction":[{"@type":"ReadAction","target":["https:\/\/orthodoxalbania.org\/2020\/2018\/10\/19\/kryepiskopi-anastas-nderohet-me-aristototeli-i-arte-nga-universiteti-i-selanikut\/"]}]},{"@type":"ImageObject","inLanguage":"en-US","@id":"https:\/\/orthodoxalbania.org\/2020\/2018\/10\/19\/kryepiskopi-anastas-nderohet-me-aristototeli-i-arte-nga-universiteti-i-selanikut\/#primaryimage","url":"https:\/\/orthodoxalbania.org\/2020\/wp-content\/uploads\/2020\/04\/yQPkIWr.jpg","contentUrl":"https:\/\/orthodoxalbania.org\/2020\/wp-content\/uploads\/2020\/04\/yQPkIWr.jpg","width":600,"height":399},{"@type":"BreadcrumbList","@id":"https:\/\/orthodoxalbania.org\/2020\/2018\/10\/19\/kryepiskopi-anastas-nderohet-me-aristototeli-i-arte-nga-universiteti-i-selanikut\/#breadcrumb","itemListElement":[{"@type":"ListItem","position":1,"name":"Home","item":"https:\/\/orthodoxalbania.org\/2020\/"},{"@type":"ListItem","position":2,"name":"Kryepiskopi Anastas nderohet me \u201cAristoteli i art\u00eb\u201d nga Universiteti i Selanikut"}]},{"@type":"WebSite","@id":"https:\/\/orthodoxalbania.org\/2020\/#website","url":"https:\/\/orthodoxalbania.org\/2020\/","name":"Kisha Orthodh\u03bfkse Autoqefale e Shqip\u00ebris\u00eb","description":"Fqja Zyrtare e Kish\u00ebs Orthodhokse Autoqefale e Shqip\u00ebris\u00eb me lajmet edhe informacionet zyrtare p\u00ebr struktur\u00ebn edhe veprimtarin e saj.","publisher":{"@id":"https:\/\/orthodoxalbania.org\/2020\/#organization"},"potentialAction":[{"@type":"SearchAction","target":{"@type":"EntryPoint","urlTemplate":"https:\/\/orthodoxalbania.org\/2020\/?s={search_term_string}"},"query-input":{"@type":"PropertyValueSpecification","valueRequired":true,"valueName":"search_term_string"}}],"inLanguage":"en-US"},{"@type":"Organization","@id":"https:\/\/orthodoxalbania.org\/2020\/#organization","name":"Kisha Orthodhokse Autoqefale e Shqip\u00ebris\u00eb","url":"https:\/\/orthodoxalbania.org\/2020\/","logo":{"@type":"ImageObject","inLanguage":"en-US","@id":"https:\/\/orthodoxalbania.org\/2020\/#\/schema\/logo\/image\/","url":"https:\/\/orthodoxalbania.org\/2020\/wp-content\/uploads\/2020\/05\/albania.jpeg","contentUrl":"https:\/\/orthodoxalbania.org\/2020\/wp-content\/uploads\/2020\/05\/albania.jpeg","width":540,"height":540,"caption":"Kisha Orthodhokse Autoqefale e Shqip\u00ebris\u00eb"},"image":{"@id":"https:\/\/orthodoxalbania.org\/2020\/#\/schema\/logo\/image\/"},"sameAs":["https:\/\/www.facebook.com\/koash1991"]},{"@type":"Person","@id":"https:\/\/orthodoxalbania.org\/2020\/#\/schema\/person\/dd2bdc135b53c60d45b8bb329565cf6d","name":"neo_admin","image":{"@type":"ImageObject","inLanguage":"en-US","@id":"https:\/\/secure.gravatar.com\/avatar\/53e6cdc30765aade0129f85e5aeb50124b1d3f5bb9a70373be31e4eb328371e0?s=96&d=mm&r=g","url":"https:\/\/secure.gravatar.com\/avatar\/53e6cdc30765aade0129f85e5aeb50124b1d3f5bb9a70373be31e4eb328371e0?s=96&d=mm&r=g","contentUrl":"https:\/\/secure.gravatar.com\/avatar\/53e6cdc30765aade0129f85e5aeb50124b1d3f5bb9a70373be31e4eb328371e0?s=96&d=mm&r=g","caption":"neo_admin"}}]}},"_links":{"self":[{"href":"https:\/\/orthodoxalbania.org\/2020\/wp-json\/wp\/v2\/posts\/6903","targetHints":{"allow":["GET"]}}],"collection":[{"href":"https:\/\/orthodoxalbania.org\/2020\/wp-json\/wp\/v2\/posts"}],"about":[{"href":"https:\/\/orthodoxalbania.org\/2020\/wp-json\/wp\/v2\/types\/post"}],"author":[{"embeddable":true,"href":"https:\/\/orthodoxalbania.org\/2020\/wp-json\/wp\/v2\/users\/14"}],"replies":[{"embeddable":true,"href":"https:\/\/orthodoxalbania.org\/2020\/wp-json\/wp\/v2\/comments?post=6903"}],"version-history":[{"count":1,"href":"https:\/\/orthodoxalbania.org\/2020\/wp-json\/wp\/v2\/posts\/6903\/revisions"}],"predecessor-version":[{"id":14743,"href":"https:\/\/orthodoxalbania.org\/2020\/wp-json\/wp\/v2\/posts\/6903\/revisions\/14743"}],"wp:featuredmedia":[{"embeddable":true,"href":"https:\/\/orthodoxalbania.org\/2020\/wp-json\/wp\/v2\/media\/6904"}],"wp:attachment":[{"href":"https:\/\/orthodoxalbania.org\/2020\/wp-json\/wp\/v2\/media?parent=6903"}],"wp:term":[{"taxonomy":"category","embeddable":true,"href":"https:\/\/orthodoxalbania.org\/2020\/wp-json\/wp\/v2\/categories?post=6903"},{"taxonomy":"post_tag","embeddable":true,"href":"https:\/\/orthodoxalbania.org\/2020\/wp-json\/wp\/v2\/tags?post=6903"}],"curies":[{"name":"wp","href":"https:\/\/api.w.org\/{rel}","templated":true}]}}