{"id":690,"date":"2008-02-26T00:00:00","date_gmt":"2008-02-26T00:00:00","guid":{"rendered":""},"modified":"2020-04-06T22:35:28","modified_gmt":"2020-04-06T20:35:28","slug":"kampi-i-dyte-i-vajzave-bariu-i-mire-ne-shen-joan-vladimir-2008","status":"publish","type":"post","link":"https:\/\/orthodoxalbania.org\/2020\/2008\/02\/26\/kampi-i-dyte-i-vajzave-bariu-i-mire-ne-shen-joan-vladimir-2008\/","title":{"rendered":"Kampi i dyt\u00eb i vajzave \u201cBariu i mir\u00eb\u201d n\u00eb Sh\u00ebn Joan Vladimir. (2008)"},"content":{"rendered":"<div style=\"text-align: center;\"><span style=\"color: #b22222;\"><span style=\"font-family: tahoma,geneva,sans-serif;\"><span style=\"font-size: 12px;\"><span class=\"style5\"><strong>\u201cS\u2019ka jet\u00eb m\u00eb t\u00eb bukur, se jeta me Zotin\u201d<\/strong><\/span><\/span><\/span><\/span><\/div>\n<div style=\"text-align: center;\">&nbsp;<\/div>\n<table style=\"width: 789px; height: 3976px; margin-right: auto; margin-left: auto;\">\n<tbody>\n<tr>\n<td>\n<div><span style=\"color: #000000;\"><span style=\"font-family: tahoma,geneva,sans-serif;\"><span style=\"font-size: 12px;\"><img decoding=\"async\" class=\"lazyload HAa Eha\" style=\"border-width: 1px; border-style: solid; margin: 10px auto; display: block;\" alt=\"\" src=\"data:image\/svg+xml,%3Csvg%20xmlns%3D%27http%3A%2F%2Fwww.w3.org%2F2000%2Fsvg%27%20width%3D%27301%27%20height%3D%27225%27%20viewBox%3D%270%200%20301%20225%27%3E%3Crect%20width%3D%27301%27%20height%3D%27225%27%20fill-opacity%3D%220%22%2F%3E%3C%2Fsvg%3E\" data-orig-src=\"https:\/\/lh5.googleusercontent.com\/-n1JgjjCGzQ4\/VJFGbbNLFWI\/AAAAAAAAH1A\/JKeqlnR_7JQ\/w448-h336-no\/1%2B-%2Bprane%2Bpoezise%2Bne%2Bfillim.JPG\" height=\"225\" width=\"301\" \/><\/span><\/span><\/span><\/div>\n<\/td>\n<td>\n<div style=\"text-align: center;\"><span style=\"color: #b22222;\"><span style=\"font-family: tahoma,geneva,sans-serif;\"><span style=\"font-size: 12px;\"><strong><em>Kur gjendesh vet\u00ebm motra ime<\/em><\/strong><br \/> <strong><em>Per\u00ebndis\u00eb drejtoji lutje dhe p\u00ebrgj\u00ebrime<\/em><\/strong><br \/> <strong><em>shum\u00eb shpejt do t\u00eb kuptosh<\/em><\/strong><br \/> <strong><em>se jeta jote nuk \u00ebsht\u00eb bosh.<\/em><\/strong><br \/> <strong><em>Vet\u00ebm Per\u00ebndia heq trishtimin<\/em><\/strong><br \/> <strong><em>dhe realisht t\u00eb rikthen g\u00ebzimin.<\/em><\/strong><br \/> <strong><em>S\u2019ka jet\u00eb m\u00eb t\u00eb bukur, se jeta me Zotin!<\/em><\/strong><br \/> <strong><em>Vet\u00ebm kjo jet\u00eb \u00ebsht\u00eb tani, p\u00ebrher\u00eb e p\u00ebrjet\u00eb<\/em><\/strong><br \/> <strong><em>Amin!<\/em><\/strong><\/span><\/span><\/span><\/div>\n<\/td>\n<\/tr>\n<tr>\n<td>\n<div style=\"text-align: justify;\"><span style=\"color: #000000;\"><span style=\"font-family: tahoma,geneva,sans-serif;\"><span style=\"font-size: 12px;\"><strong><em>&nbsp;&nbsp;&nbsp; <\/em><\/strong><\/span><\/span><\/span><span style=\"color: #b22222;\"><span style=\"font-family: tahoma,geneva,sans-serif;\"><span style=\"font-size: 12px;\"><strong><em>\u201cS\u2019ka jet\u00eb m\u00eb t\u00eb bukur, se jeta me Zotin\u201d<\/em><\/strong><\/span><\/span><\/span><span style=\"color: #000000;\"><span style=\"font-family: tahoma,geneva,sans-serif;\"><span style=\"font-size: 12px;\"><strong><em>.<\/em><\/strong> Kjo fraz\u00eb kaq dometh\u00ebn\u00ebse ishte tema e kampit t\u00eb vajzave \u201cBariu i Mir\u00eb\u201d 2008, i zhvilluar n\u00eb ambientet e Manastirit t\u00eb Sh\u00ebn Joan Vladimirit, n\u00eb Elbasan.<\/span><\/span><\/span><\/div>\n<\/td>\n<td>\n<div><span style=\"color: #000000;\"><span style=\"font-family: tahoma,geneva,sans-serif;\"><span style=\"font-size: 12px;\"><img decoding=\"async\" class=\"lazyload HAa Eha\" style=\"border-width: 1px; border-style: solid; margin: 10px auto; display: block;\" alt=\"\" src=\"data:image\/svg+xml,%3Csvg%20xmlns%3D%27http%3A%2F%2Fwww.w3.org%2F2000%2Fsvg%27%20width%3D%27357%27%20height%3D%27268%27%20viewBox%3D%270%200%20357%20268%27%3E%3Crect%20width%3D%27357%27%20height%3D%27268%27%20fill-opacity%3D%220%22%2F%3E%3C%2Fsvg%3E\" data-orig-src=\"https:\/\/lh4.googleusercontent.com\/-_-OWX6BLQNs\/VJFGd-JiwyI\/AAAAAAAAH1k\/Z8em2RhwwnU\/w448-h336-no\/8.JPG\" height=\"268\" width=\"357\" \/><\/span><\/span><\/span><\/div>\n<\/td>\n<\/tr>\n<tr>\n<td>\n<div>&nbsp;<\/div>\n<p><span style=\"color: #000000;\"><img decoding=\"async\" class=\"lazyload HAa Eha\" style=\"border-width: 1px; border-style: solid; margin: 10px auto; display: block;\" alt=\"\" src=\"data:image\/svg+xml,%3Csvg%20xmlns%3D%27http%3A%2F%2Fwww.w3.org%2F2000%2Fsvg%27%20width%3D%27301%27%20height%3D%27226%27%20viewBox%3D%270%200%20301%20226%27%3E%3Crect%20width%3D%27301%27%20height%3D%27226%27%20fill-opacity%3D%220%22%2F%3E%3C%2Fsvg%3E\" data-orig-src=\"https:\/\/lh5.googleusercontent.com\/-9JoY0Syb2Hw\/VJFGbe6VKbI\/AAAAAAAAH2E\/5aUI3dCmsMk\/w448-h336-no\/11.JPG\" height=\"226\" width=\"301\" \/><\/span><\/p>\n<\/td>\n<td>\n<div style=\"text-align: justify;\"><span style=\"color: #000000;\"><span style=\"font-family: tahoma,geneva,sans-serif;\"><span style=\"font-size: 12px;\">&nbsp;&nbsp;&nbsp; N\u00eb periudh\u00ebn e dyt\u00eb t\u00eb k\u00ebtij kampi, i cili u krye nga datat 14 korrik deri n\u00eb 23 korrik 2008 mor\u00ebn pjes\u00eb vajza t\u00eb mosh\u00ebs mbi 14 vje\u00e7e. Vajzave iu afrua nj\u00eb mund\u00ebsi e pap\u00ebrshkrueshme p\u00ebr t\u00eb jetuar realisht me Zotin, Per\u00ebndin\u00eb ton\u00eb.<\/span><\/span><\/span><\/div>\n<\/td>\n<\/tr>\n<tr>\n<td>\n<div style=\"text-align: justify;\"><span style=\"color: #000000;\"><span style=\"font-family: tahoma,geneva,sans-serif;\"><span style=\"font-size: 12px;\">&nbsp;&nbsp;&nbsp; Programi i larmish\u00ebm i mbushur me aktivitete nga m\u00eb t\u00eb ndryshmet si: lutje t\u00eb p\u00ebrbashk\u00ebta dhe personale, studime biblike, referate, m\u00ebsime praktike t\u00eb besimit orthodhoks dhe himneve, pun\u00ebdore dhe loj\u00ebra t\u00eb ndryshme b\u00ebn\u00eb t\u00eb mundur q\u00eb vajzat t\u00eb lidheshin m\u00eb shum\u00eb m\u00eb nj\u00ebra-tjetr\u00ebn dhe m\u00eb kryesorja t\u00eb krijonin nj\u00eb marr\u00ebdh\u00ebnie m\u00eb personale me Per\u00ebndin\u00eb.<\/span><\/span><\/span><\/div>\n<\/td>\n<td>\n<div><span style=\"color: #000000;\"><span style=\"font-family: tahoma,geneva,sans-serif;\"><span style=\"font-size: 12px;\"><img decoding=\"async\" class=\"lazyload HAa Eha\" style=\"border-width: 1px; border-style: solid; margin: 10px auto; display: block;\" alt=\"\" src=\"data:image\/svg+xml,%3Csvg%20xmlns%3D%27http%3A%2F%2Fwww.w3.org%2F2000%2Fsvg%27%20width%3D%27359%27%20height%3D%27269%27%20viewBox%3D%270%200%20359%20269%27%3E%3Crect%20width%3D%27359%27%20height%3D%27269%27%20fill-opacity%3D%220%22%2F%3E%3C%2Fsvg%3E\" data-orig-src=\"https:\/\/lh5.googleusercontent.com\/-FFFQavyCWEA\/VJFGcTFt9VI\/AAAAAAAAH18\/nJiTZWrU7JY\/w448-h336-no\/4.JPG\" height=\"269\" width=\"359\" \/><\/span><\/span><\/span><\/div>\n<\/td>\n<\/tr>\n<tr>\n<td>\n<div><span style=\"color: #000000;\"><span style=\"font-family: tahoma,geneva,sans-serif;\"><span style=\"font-size: 12px;\"><img decoding=\"async\" class=\"lazyload HAa Eha\" style=\"border-width: 1px; border-style: solid; margin: 10px auto; display: block;\" alt=\"\" src=\"data:image\/svg+xml,%3Csvg%20xmlns%3D%27http%3A%2F%2Fwww.w3.org%2F2000%2Fsvg%27%20width%3D%27294%27%20height%3D%27220%27%20viewBox%3D%270%200%20294%20220%27%3E%3Crect%20width%3D%27294%27%20height%3D%27220%27%20fill-opacity%3D%220%22%2F%3E%3C%2Fsvg%3E\" data-orig-src=\"https:\/\/lh5.googleusercontent.com\/-jVL3FOO9cDo\/VJFGdFYwqlI\/AAAAAAAAH1w\/QFnq-zk9Bxk\/w448-h336-no\/7.JPG\" height=\"220\" width=\"294\" \/><\/span><\/span><\/span><\/div>\n<\/td>\n<td>\n<div style=\"text-align: justify;\"><span style=\"color: #000000;\"><span style=\"font-family: tahoma,geneva,sans-serif;\"><span style=\"font-size: 12px;\">&nbsp;&nbsp;&nbsp; Dita n\u00eb kamp niste me tingujt e kamban\u00ebs dhe cic\u00ebrimat e zogjve, si ftes\u00eb p\u00ebr t\u00eb gjitha vajzat p\u00ebr lutjen e m\u00ebngjesit, n\u00eb kish\u00eb. \u00c7do dit\u00eb p\u00ebrfundonte me lutjen e mbr\u00ebmjes, n\u00eb kish\u00eb, ku h\u00ebna dhe yjet na p\u00ebrsh\u00ebndesnin, duke na l\u00ebn\u00eb t\u00eb kuptojm\u00eb se sa t\u00eb mrekullueshme jan\u00eb veprat e Zotit. Pjes\u00eb e k\u00ebtij programi kaq t\u00eb larmish\u00ebm ishte edhe vizita n\u00eb Berat n\u00eb dat\u00eb 18 korrik dhe liturgjia n\u00eb kish\u00ebn e Sh\u00ebn Spiridhonit me rastin e 10-vjetorit t\u00eb fron\u00ebzimit t\u00eb Hir\u00ebsi Ignatit.<\/span><\/span><\/span><\/div>\n<\/td>\n<\/tr>\n<tr>\n<td>\n<div style=\"text-align: justify;\"><span style=\"color: #000000;\"><span style=\"font-family: tahoma,geneva,sans-serif;\"><span style=\"font-size: 12px;\">&nbsp;&nbsp;&nbsp; N\u00eb numrin e madh t\u00eb vajzave pjes\u00ebmarr\u00ebse n\u00eb k\u00ebt\u00eb kamp kishte edhe vajza t\u00eb papag\u00ebzuara, 11 nga t\u00eb cilat mor\u00ebn vendimin t\u00eb pag\u00ebzoheshin n\u00eb kamp dhe t\u00eb b\u00ebheshin pjes\u00ebtare t\u00eb Kish\u00ebs s\u00eb Krishtit, duke u veshur me Krishtin dhe duke u b\u00ebr\u00eb pjes\u00eb e Trupit t\u00eb Kish\u00ebs. P\u00ebr t\u00eb gjith\u00eb kampin kjo ishte nj\u00eb dit\u00eb plot emocione.<\/span><\/span><\/span><\/div>\n<\/td>\n<td>\n<div><span style=\"color: #000000;\"><span style=\"font-family: tahoma,geneva,sans-serif;\"><span style=\"font-size: 12px;\"><img decoding=\"async\" class=\"lazyload HAa Eha\" style=\"border-width: 1px; border-style: solid; margin: 10px auto; display: block;\" alt=\"\" src=\"data:image\/svg+xml,%3Csvg%20xmlns%3D%27http%3A%2F%2Fwww.w3.org%2F2000%2Fsvg%27%20width%3D%27301%27%20height%3D%27262%27%20viewBox%3D%270%200%20301%20262%27%3E%3Crect%20width%3D%27301%27%20height%3D%27262%27%20fill-opacity%3D%220%22%2F%3E%3C%2Fsvg%3E\" data-orig-src=\"https:\/\/lh5.googleusercontent.com\/-HNAemzQSr2A\/VJFGbcA6FGI\/AAAAAAAAH2M\/1pdY6vWDXNo\/w386-h336-no\/10.JPG\" height=\"262\" width=\"301\" \/><\/span><\/span><\/span><\/div>\n<\/td>\n<\/tr>\n<tr>\n<td>\n<div><span style=\"color: #000000;\"><span style=\"font-family: tahoma,geneva,sans-serif;\"><span style=\"font-size: 12px;\"><img decoding=\"async\" class=\"lazyload HAa Eha\" style=\"border-width: 1px; border-style: solid; margin: 10px auto; display: block;\" alt=\"\" src=\"data:image\/svg+xml,%3Csvg%20xmlns%3D%27http%3A%2F%2Fwww.w3.org%2F2000%2Fsvg%27%20width%3D%27307%27%20height%3D%27230%27%20viewBox%3D%270%200%20307%20230%27%3E%3Crect%20width%3D%27307%27%20height%3D%27230%27%20fill-opacity%3D%220%22%2F%3E%3C%2Fsvg%3E\" data-orig-src=\"https:\/\/lh3.googleusercontent.com\/-B39KyY133N4\/VJFGbq-e_lI\/AAAAAAAAH2Q\/9iNPGxTskd8\/w448-h336-no\/12.JPG\" height=\"230\" width=\"307\" \/><\/span><\/span><\/span><\/div>\n<\/td>\n<td>\n<div style=\"text-align: justify;\"><span style=\"color: #000000;\"><span style=\"font-family: tahoma,geneva,sans-serif;\"><span style=\"font-size: 12px;\">&nbsp;&nbsp;&nbsp; P\u00ebrve\u00e7 misterit t\u00eb Pag\u00ebzimit, gjat\u00eb periudh\u00ebs 10 ditore t\u00eb kampit u kryen edhe misteri i Pendim-Rr\u00ebfimit nga At\u00eb Jani Trebicka si edhe Liturgjia Hyjnore nga prifti i kampit At\u00eb Viktor B\u00ebrdufi. T\u00eb gjitha vajzat e pag\u00ebzuara dhe t\u00eb p\u00ebrgatitura pat\u00ebn mund\u00ebsin\u00eb t\u00eb merrnin Trupin dhe Gjakun e Krishtit.<\/span><\/span><\/span><\/div>\n<\/td>\n<\/tr>\n<tr>\n<td>\n<div style=\"text-align: justify;\"><span style=\"color: #000000;\"><span style=\"font-family: tahoma,geneva,sans-serif;\"><span style=\"font-size: 12px;\">&nbsp;&nbsp;&nbsp; Papritur erdhi dhe dita e fundit e k\u00ebtij rrug\u00ebtimi veror, shpirt\u00ebror dhe shum\u00eb arg\u00ebtues. Mes g\u00ebzimit dhe lot\u00ebve, vajzat u ndan\u00eb nga rrethi shoq\u00ebror q\u00eb krijuan gjat\u00eb q\u00ebndrimit s\u00eb bashku.<\/span><\/span><\/span><\/div>\n<\/td>\n<td>\n<div><span style=\"color: #000000;\"><span style=\"font-family: tahoma,geneva,sans-serif;\"><span style=\"font-size: 12px;\"><img decoding=\"async\" class=\"lazyload HAa Eha\" style=\"border-width: 1px; border-style: solid; margin: 10px auto; display: block;\" alt=\"\" src=\"data:image\/svg+xml,%3Csvg%20xmlns%3D%27http%3A%2F%2Fwww.w3.org%2F2000%2Fsvg%27%20width%3D%27364%27%20height%3D%27235%27%20viewBox%3D%270%200%20364%20235%27%3E%3Crect%20width%3D%27364%27%20height%3D%27235%27%20fill-opacity%3D%220%22%2F%3E%3C%2Fsvg%3E\" data-orig-src=\"https:\/\/lh6.googleusercontent.com\/-J8ID9jQHc7Y\/VJFGcF6SZ1I\/AAAAAAAAH1M\/SosUJx7B7eI\/w448-h289-no\/3.JPG\" height=\"235\" width=\"364\" \/><\/span><\/span><\/span><\/div>\n<\/td>\n<\/tr>\n<tr>\n<td>\n<div style=\"text-align: center;\">&nbsp;<\/div>\n<p><span style=\"color: #000000;\"><img decoding=\"async\" class=\"lazyload HAa Eha\" style=\"border-width: 1px; border-style: solid; margin: 10px auto; display: block;\" alt=\"\" src=\"data:image\/svg+xml,%3Csvg%20xmlns%3D%27http%3A%2F%2Fwww.w3.org%2F2000%2Fsvg%27%20width%3D%27304%27%20height%3D%27228%27%20viewBox%3D%270%200%20304%20228%27%3E%3Crect%20width%3D%27304%27%20height%3D%27228%27%20fill-opacity%3D%220%22%2F%3E%3C%2Fsvg%3E\" data-orig-src=\"https:\/\/lh4.googleusercontent.com\/--MZrL7kzH2g\/VJFGd_T-XuI\/AAAAAAAAH1s\/PHEk5VQZ-dg\/w448-h336-no\/9.JPG\" height=\"228\" width=\"304\" \/><\/span><\/p>\n<\/td>\n<td>\n<div style=\"text-align: justify;\"><span style=\"color: #000000;\"><span style=\"font-family: tahoma,geneva,sans-serif;\"><span style=\"font-size: 12px;\">&nbsp;&nbsp;&nbsp; Duke uruar, shpresuar dhe lutur q\u00eb secila prej tyre t\u00eb ket\u00eb kuptuar tem\u00ebn dhe q\u00ebllimin e k\u00ebtij kampi, le t\u00eb mos harrojm\u00eb q\u00eb \u00e7do dit\u00eb \u00ebsht\u00eb dhurat\u00eb e Per\u00ebndis\u00eb p\u00ebr ne personalisht. Duhet t\u00eb shfryt\u00ebzojm\u00eb \u00e7do dit\u00eb q\u00eb na jepet m\u00eb gjall\u00ebri dhe p\u00ebrpjekje.<\/span><\/span><\/span><\/div>\n<\/td>\n<\/tr>\n<tr>\n<td>\n<div style=\"text-align: justify;\"><span style=\"color: #000000;\"><span style=\"font-family: tahoma,geneva,sans-serif;\"><span style=\"font-size: 12px;\">&nbsp;&nbsp;&nbsp; Dit\u00ebt ikin dhe nuk kthehen dhe Per\u00ebndia na flet me shum\u00eb m\u00ebnyra gjat\u00eb gjith\u00eb dit\u00ebs. Le t\u00eb lutemi vazhdimisht q\u00eb t\u00eb jemi gjithmon\u00eb gati t\u00eb d\u00ebgjojm\u00eb z\u00ebrin e Tij!<\/span><\/span><\/span><\/div>\n<\/td>\n<td>\n<div><span style=\"color: #000000;\"><span style=\"font-family: tahoma,geneva,sans-serif;\"><span style=\"font-size: 12px;\"><img decoding=\"async\" class=\"lazyload HAa Eha\" style=\"margin: 10px auto; display: block; border: 1px solid;\" alt=\"\" src=\"data:image\/svg+xml,%3Csvg%20xmlns%3D%27http%3A%2F%2Fwww.w3.org%2F2000%2Fsvg%27%20width%3D%27350%27%20height%3D%27263%27%20viewBox%3D%270%200%20350%20263%27%3E%3Crect%20width%3D%27350%27%20height%3D%27263%27%20fill-opacity%3D%220%22%2F%3E%3C%2Fsvg%3E\" data-orig-src=\"https:\/\/lh3.googleusercontent.com\/-SKkpnK3I3oM\/VJFGdJbAJyI\/AAAAAAAAH14\/nTHtvEdFcJQ\/w448-h336-no\/6.JPG\" height=\"263\" width=\"350\" \/><\/span><\/span><\/span><\/div>\n<\/td>\n<\/tr>\n<tr>\n<td>\n<div><span style=\"color: #000000;\"><span style=\"font-family: tahoma,geneva,sans-serif;\"><span style=\"font-size: 12px;\"><img decoding=\"async\" class=\"lazyload HAa Eha\" style=\"margin: 10px auto; display: block; border: 1px solid;\" alt=\"\" src=\"data:image\/svg+xml,%3Csvg%20xmlns%3D%27http%3A%2F%2Fwww.w3.org%2F2000%2Fsvg%27%20width%3D%27300%27%20height%3D%27224%27%20viewBox%3D%270%200%20300%20224%27%3E%3Crect%20width%3D%27300%27%20height%3D%27224%27%20fill-opacity%3D%220%22%2F%3E%3C%2Fsvg%3E\" data-orig-src=\"https:\/\/lh3.googleusercontent.com\/-AOOizPyeUw4\/VJFGb-zVcxI\/AAAAAAAAH2A\/S3K0zgrG1zg\/w448-h336-no\/2-.JPG\" height=\"224\" width=\"300\" \/><\/span><\/span><\/span><\/div>\n<\/td>\n<td>\n<div><span style=\"color: #000000;\"><span style=\"font-family: tahoma,geneva,sans-serif;\"><span style=\"font-size: 12px;\"><img decoding=\"async\" class=\"lazyload HAa Eha\" style=\"margin: 10px auto; display: block; border: 1px solid;\" alt=\"\" src=\"data:image\/svg+xml,%3Csvg%20xmlns%3D%27http%3A%2F%2Fwww.w3.org%2F2000%2Fsvg%27%20width%3D%27300%27%20height%3D%27225%27%20viewBox%3D%270%200%20300%20225%27%3E%3Crect%20width%3D%27300%27%20height%3D%27225%27%20fill-opacity%3D%220%22%2F%3E%3C%2Fsvg%3E\" data-orig-src=\"https:\/\/lh6.googleusercontent.com\/-WgVfgZm_vaw\/VJFGcrnZCnI\/AAAAAAAAH1Y\/2mU-kaF4bes\/w448-h336-no\/5.JPG\" height=\"225\" width=\"300\" \/><\/span><\/span><\/span><\/div>\n<\/td>\n<\/tr>\n<tr>\n<td>\n<div> <span style=\"color: #000000;\"><span style=\"font-family: tahoma,geneva,sans-serif;\"><span style=\"font-size: 12px;\"><strong><em>Dhjakonesha Theano Kostoli<\/em><\/strong><\/span><\/span><\/span><\/div>\n<\/td>\n<td>\n<div>&nbsp;<\/div>\n<\/td>\n<\/tr>\n<\/tbody>\n<\/table>\n","protected":false},"excerpt":{"rendered":"<p>\u201cS\u2019ka jet\u00eb m\u00eb t\u00eb bukur, se jeta me Zotin\u201d &nbsp; Kur gjendesh vet\u00ebm motra ime Per\u00ebndis\u00eb drejtoji lutje dhe p\u00ebrgj\u00ebrime shum\u00eb shpejt do t\u00eb kuptosh se jeta jote nuk \u00ebsht\u00eb bosh. Vet\u00ebm Per\u00ebndia heq trishtimin dhe realisht t\u00eb rikthen g\u00ebzimin. S\u2019ka jet\u00eb m\u00eb t\u00eb bukur, se jeta me Zotin! Vet\u00ebm kjo jet\u00eb \u00ebsht\u00eb tani, p\u00ebrher\u00eb e p\u00ebrjet\u00eb Amin! &nbsp;&nbsp;&nbsp; \u201cS\u2019ka jet\u00eb m\u00eb t\u00eb bukur, se<\/p>\n","protected":false},"author":1,"featured_media":0,"comment_status":"open","ping_status":"open","sticky":false,"template":"","format":"standard","meta":{"_acf_changed":false,"pagelayer_contact_templates":[],"_pagelayer_content":"","inline_featured_image":false,"fifu_image_url":"","fifu_image_alt":"","footnotes":""},"categories":[108],"tags":[146,200,196,212,176],"class_list":["post-690","post","type-post","status-publish","format-standard","hentry","category-lajme","tag-146","tag-kampe-verore","tag-tirane","tag-lajme-d27","tag-rinia-orthodhokse"],"acf":[],"yoast_head":"<!-- This site is optimized with the Yoast SEO plugin v27.2 - https:\/\/yoast.com\/product\/yoast-seo-wordpress\/ -->\n<title>Kampi i dyt\u00eb i vajzave \u201cBariu i mir\u00eb\u201d n\u00eb Sh\u00ebn Joan Vladimir. (2008) - Kisha Orthodh\u03bfkse Autoqefale e Shqip\u00ebris\u00eb<\/title>\n<meta name=\"robots\" content=\"index, follow, max-snippet:-1, max-image-preview:large, max-video-preview:-1\" \/>\n<link rel=\"canonical\" href=\"https:\/\/orthodoxalbania.org\/2020\/2008\/02\/26\/kampi-i-dyte-i-vajzave-bariu-i-mire-ne-shen-joan-vladimir-2008\/\" \/>\n<meta property=\"og:locale\" content=\"en_US\" \/>\n<meta property=\"og:type\" content=\"article\" \/>\n<meta property=\"og:title\" content=\"Kampi i dyt\u00eb i vajzave \u201cBariu i mir\u00eb\u201d n\u00eb Sh\u00ebn Joan Vladimir. (2008) - Kisha Orthodh\u03bfkse Autoqefale e Shqip\u00ebris\u00eb\" \/>\n<meta property=\"og:description\" content=\"\u201cS\u2019ka jet\u00eb m\u00eb t\u00eb bukur, se jeta me Zotin\u201d &nbsp; Kur gjendesh vet\u00ebm motra ime Per\u00ebndis\u00eb drejtoji lutje dhe p\u00ebrgj\u00ebrime shum\u00eb shpejt do t\u00eb kuptosh se jeta jote nuk \u00ebsht\u00eb bosh. Vet\u00ebm Per\u00ebndia heq trishtimin dhe realisht t\u00eb rikthen g\u00ebzimin. S\u2019ka jet\u00eb m\u00eb t\u00eb bukur, se jeta me Zotin! Vet\u00ebm kjo jet\u00eb \u00ebsht\u00eb tani, p\u00ebrher\u00eb e p\u00ebrjet\u00eb Amin! &nbsp;&nbsp;&nbsp; \u201cS\u2019ka jet\u00eb m\u00eb t\u00eb bukur, se\" \/>\n<meta property=\"og:url\" content=\"https:\/\/orthodoxalbania.org\/2020\/2008\/02\/26\/kampi-i-dyte-i-vajzave-bariu-i-mire-ne-shen-joan-vladimir-2008\/\" \/>\n<meta property=\"og:site_name\" content=\"Kisha Orthodh\u03bfkse Autoqefale e Shqip\u00ebris\u00eb\" \/>\n<meta property=\"article:publisher\" content=\"https:\/\/www.facebook.com\/koash1991\" \/>\n<meta property=\"article:published_time\" content=\"2008-02-26T00:00:00+00:00\" \/>\n<meta property=\"article:modified_time\" content=\"2020-04-06T20:35:28+00:00\" \/>\n<meta property=\"og:image\" content=\"https:\/\/lh5.googleusercontent.com\/-n1JgjjCGzQ4\/VJFGbbNLFWI\/AAAAAAAAH1A\/JKeqlnR_7JQ\/w448-h336-no\/1%2B-%2Bprane%2Bpoezise%2Bne%2Bfillim.JPG\" \/>\n<meta name=\"author\" content=\"Kisha Orthodhokse\" \/>\n<meta name=\"twitter:card\" content=\"summary_large_image\" \/>\n<meta name=\"twitter:label1\" content=\"Written by\" \/>\n\t<meta name=\"twitter:data1\" content=\"Kisha Orthodhokse\" \/>\n\t<meta name=\"twitter:label2\" content=\"Est. reading time\" \/>\n\t<meta name=\"twitter:data2\" content=\"3 minutes\" \/>\n<script type=\"application\/ld+json\" class=\"yoast-schema-graph\">{\"@context\":\"https:\/\/schema.org\",\"@graph\":[{\"@type\":\"Article\",\"@id\":\"https:\/\/orthodoxalbania.org\/2020\/2008\/02\/26\/kampi-i-dyte-i-vajzave-bariu-i-mire-ne-shen-joan-vladimir-2008\/#article\",\"isPartOf\":{\"@id\":\"https:\/\/orthodoxalbania.org\/2020\/2008\/02\/26\/kampi-i-dyte-i-vajzave-bariu-i-mire-ne-shen-joan-vladimir-2008\/\"},\"author\":{\"name\":\"Kisha Orthodhokse\",\"@id\":\"https:\/\/orthodoxalbania.org\/2020\/#\/schema\/person\/0c387634a7063ac612d7ed9ce71c7e86\"},\"headline\":\"Kampi i dyt\u00eb i vajzave \u201cBariu i mir\u00eb\u201d n\u00eb Sh\u00ebn Joan Vladimir. (2008)\",\"datePublished\":\"2008-02-26T00:00:00+00:00\",\"dateModified\":\"2020-04-06T20:35:28+00:00\",\"mainEntityOfPage\":{\"@id\":\"https:\/\/orthodoxalbania.org\/2020\/2008\/02\/26\/kampi-i-dyte-i-vajzave-bariu-i-mire-ne-shen-joan-vladimir-2008\/\"},\"wordCount\":617,\"commentCount\":0,\"publisher\":{\"@id\":\"https:\/\/orthodoxalbania.org\/2020\/#organization\"},\"image\":{\"@id\":\"https:\/\/orthodoxalbania.org\/2020\/2008\/02\/26\/kampi-i-dyte-i-vajzave-bariu-i-mire-ne-shen-joan-vladimir-2008\/#primaryimage\"},\"thumbnailUrl\":\"https:\/\/lh5.googleusercontent.com\/-n1JgjjCGzQ4\/VJFGbbNLFWI\/AAAAAAAAH1A\/JKeqlnR_7JQ\/w448-h336-no\/1%2B-%2Bprane%2Bpoezise%2Bne%2Bfillim.JPG\",\"keywords\":[\"2008\",\"Kampe verore\",\"Kryepiskopata Tiran\u00eb\",\"lajme\",\"Rinia Orthodhokse\"],\"articleSection\":[\"Lajme\"],\"inLanguage\":\"en-US\"},{\"@type\":\"WebPage\",\"@id\":\"https:\/\/orthodoxalbania.org\/2020\/2008\/02\/26\/kampi-i-dyte-i-vajzave-bariu-i-mire-ne-shen-joan-vladimir-2008\/\",\"url\":\"https:\/\/orthodoxalbania.org\/2020\/2008\/02\/26\/kampi-i-dyte-i-vajzave-bariu-i-mire-ne-shen-joan-vladimir-2008\/\",\"name\":\"Kampi i dyt\u00eb i vajzave \u201cBariu i mir\u00eb\u201d n\u00eb Sh\u00ebn Joan Vladimir. (2008) - Kisha Orthodh\u03bfkse Autoqefale e Shqip\u00ebris\u00eb\",\"isPartOf\":{\"@id\":\"https:\/\/orthodoxalbania.org\/2020\/#website\"},\"primaryImageOfPage\":{\"@id\":\"https:\/\/orthodoxalbania.org\/2020\/2008\/02\/26\/kampi-i-dyte-i-vajzave-bariu-i-mire-ne-shen-joan-vladimir-2008\/#primaryimage\"},\"image\":{\"@id\":\"https:\/\/orthodoxalbania.org\/2020\/2008\/02\/26\/kampi-i-dyte-i-vajzave-bariu-i-mire-ne-shen-joan-vladimir-2008\/#primaryimage\"},\"thumbnailUrl\":\"https:\/\/lh5.googleusercontent.com\/-n1JgjjCGzQ4\/VJFGbbNLFWI\/AAAAAAAAH1A\/JKeqlnR_7JQ\/w448-h336-no\/1%2B-%2Bprane%2Bpoezise%2Bne%2Bfillim.JPG\",\"datePublished\":\"2008-02-26T00:00:00+00:00\",\"dateModified\":\"2020-04-06T20:35:28+00:00\",\"breadcrumb\":{\"@id\":\"https:\/\/orthodoxalbania.org\/2020\/2008\/02\/26\/kampi-i-dyte-i-vajzave-bariu-i-mire-ne-shen-joan-vladimir-2008\/#breadcrumb\"},\"inLanguage\":\"en-US\",\"potentialAction\":[{\"@type\":\"ReadAction\",\"target\":[\"https:\/\/orthodoxalbania.org\/2020\/2008\/02\/26\/kampi-i-dyte-i-vajzave-bariu-i-mire-ne-shen-joan-vladimir-2008\/\"]}]},{\"@type\":\"ImageObject\",\"inLanguage\":\"en-US\",\"@id\":\"https:\/\/orthodoxalbania.org\/2020\/2008\/02\/26\/kampi-i-dyte-i-vajzave-bariu-i-mire-ne-shen-joan-vladimir-2008\/#primaryimage\",\"url\":\"https:\/\/lh5.googleusercontent.com\/-n1JgjjCGzQ4\/VJFGbbNLFWI\/AAAAAAAAH1A\/JKeqlnR_7JQ\/w448-h336-no\/1%2B-%2Bprane%2Bpoezise%2Bne%2Bfillim.JPG\",\"contentUrl\":\"https:\/\/lh5.googleusercontent.com\/-n1JgjjCGzQ4\/VJFGbbNLFWI\/AAAAAAAAH1A\/JKeqlnR_7JQ\/w448-h336-no\/1%2B-%2Bprane%2Bpoezise%2Bne%2Bfillim.JPG\"},{\"@type\":\"BreadcrumbList\",\"@id\":\"https:\/\/orthodoxalbania.org\/2020\/2008\/02\/26\/kampi-i-dyte-i-vajzave-bariu-i-mire-ne-shen-joan-vladimir-2008\/#breadcrumb\",\"itemListElement\":[{\"@type\":\"ListItem\",\"position\":1,\"name\":\"Home\",\"item\":\"https:\/\/orthodoxalbania.org\/2020\/\"},{\"@type\":\"ListItem\",\"position\":2,\"name\":\"Kampi i dyt\u00eb i vajzave \u201cBariu i mir\u00eb\u201d n\u00eb Sh\u00ebn Joan Vladimir. (2008)\"}]},{\"@type\":\"WebSite\",\"@id\":\"https:\/\/orthodoxalbania.org\/2020\/#website\",\"url\":\"https:\/\/orthodoxalbania.org\/2020\/\",\"name\":\"Kisha Orthodh\u03bfkse Autoqefale e Shqip\u00ebris\u00eb\",\"description\":\"Fqja Zyrtare e Kish\u00ebs Orthodhokse Autoqefale e Shqip\u00ebris\u00eb me lajmet edhe informacionet zyrtare p\u00ebr struktur\u00ebn edhe veprimtarin e saj.\",\"publisher\":{\"@id\":\"https:\/\/orthodoxalbania.org\/2020\/#organization\"},\"potentialAction\":[{\"@type\":\"SearchAction\",\"target\":{\"@type\":\"EntryPoint\",\"urlTemplate\":\"https:\/\/orthodoxalbania.org\/2020\/?s={search_term_string}\"},\"query-input\":{\"@type\":\"PropertyValueSpecification\",\"valueRequired\":true,\"valueName\":\"search_term_string\"}}],\"inLanguage\":\"en-US\"},{\"@type\":\"Organization\",\"@id\":\"https:\/\/orthodoxalbania.org\/2020\/#organization\",\"name\":\"Kisha Orthodhokse Autoqefale e Shqip\u00ebris\u00eb\",\"url\":\"https:\/\/orthodoxalbania.org\/2020\/\",\"logo\":{\"@type\":\"ImageObject\",\"inLanguage\":\"en-US\",\"@id\":\"https:\/\/orthodoxalbania.org\/2020\/#\/schema\/logo\/image\/\",\"url\":\"https:\/\/orthodoxalbania.org\/2020\/wp-content\/uploads\/2020\/05\/albania.jpeg\",\"contentUrl\":\"https:\/\/orthodoxalbania.org\/2020\/wp-content\/uploads\/2020\/05\/albania.jpeg\",\"width\":540,\"height\":540,\"caption\":\"Kisha Orthodhokse Autoqefale e Shqip\u00ebris\u00eb\"},\"image\":{\"@id\":\"https:\/\/orthodoxalbania.org\/2020\/#\/schema\/logo\/image\/\"},\"sameAs\":[\"https:\/\/www.facebook.com\/koash1991\"]},{\"@type\":\"Person\",\"@id\":\"https:\/\/orthodoxalbania.org\/2020\/#\/schema\/person\/0c387634a7063ac612d7ed9ce71c7e86\",\"name\":\"Kisha Orthodhokse\",\"image\":{\"@type\":\"ImageObject\",\"inLanguage\":\"en-US\",\"@id\":\"https:\/\/secure.gravatar.com\/avatar\/596e7c417251e30f2fbb9c00e026fce61a695a00e51c889caded71c96cbbdde5?s=96&d=mm&r=g\",\"url\":\"https:\/\/secure.gravatar.com\/avatar\/596e7c417251e30f2fbb9c00e026fce61a695a00e51c889caded71c96cbbdde5?s=96&d=mm&r=g\",\"contentUrl\":\"https:\/\/secure.gravatar.com\/avatar\/596e7c417251e30f2fbb9c00e026fce61a695a00e51c889caded71c96cbbdde5?s=96&d=mm&r=g\",\"caption\":\"Kisha Orthodhokse\"}}]}<\/script>\n<!-- \/ Yoast SEO plugin. -->","yoast_head_json":{"title":"Kampi i dyt\u00eb i vajzave \u201cBariu i mir\u00eb\u201d n\u00eb Sh\u00ebn Joan Vladimir. (2008) - Kisha Orthodh\u03bfkse Autoqefale e Shqip\u00ebris\u00eb","robots":{"index":"index","follow":"follow","max-snippet":"max-snippet:-1","max-image-preview":"max-image-preview:large","max-video-preview":"max-video-preview:-1"},"canonical":"https:\/\/orthodoxalbania.org\/2020\/2008\/02\/26\/kampi-i-dyte-i-vajzave-bariu-i-mire-ne-shen-joan-vladimir-2008\/","og_locale":"en_US","og_type":"article","og_title":"Kampi i dyt\u00eb i vajzave \u201cBariu i mir\u00eb\u201d n\u00eb Sh\u00ebn Joan Vladimir. (2008) - Kisha Orthodh\u03bfkse Autoqefale e Shqip\u00ebris\u00eb","og_description":"\u201cS\u2019ka jet\u00eb m\u00eb t\u00eb bukur, se jeta me Zotin\u201d &nbsp; Kur gjendesh vet\u00ebm motra ime Per\u00ebndis\u00eb drejtoji lutje dhe p\u00ebrgj\u00ebrime shum\u00eb shpejt do t\u00eb kuptosh se jeta jote nuk \u00ebsht\u00eb bosh. Vet\u00ebm Per\u00ebndia heq trishtimin dhe realisht t\u00eb rikthen g\u00ebzimin. S\u2019ka jet\u00eb m\u00eb t\u00eb bukur, se jeta me Zotin! Vet\u00ebm kjo jet\u00eb \u00ebsht\u00eb tani, p\u00ebrher\u00eb e p\u00ebrjet\u00eb Amin! &nbsp;&nbsp;&nbsp; \u201cS\u2019ka jet\u00eb m\u00eb t\u00eb bukur, se","og_url":"https:\/\/orthodoxalbania.org\/2020\/2008\/02\/26\/kampi-i-dyte-i-vajzave-bariu-i-mire-ne-shen-joan-vladimir-2008\/","og_site_name":"Kisha Orthodh\u03bfkse Autoqefale e Shqip\u00ebris\u00eb","article_publisher":"https:\/\/www.facebook.com\/koash1991","article_published_time":"2008-02-26T00:00:00+00:00","article_modified_time":"2020-04-06T20:35:28+00:00","og_image":[{"url":"https:\/\/lh5.googleusercontent.com\/-n1JgjjCGzQ4\/VJFGbbNLFWI\/AAAAAAAAH1A\/JKeqlnR_7JQ\/w448-h336-no\/1%2B-%2Bprane%2Bpoezise%2Bne%2Bfillim.JPG","type":"","width":"","height":""}],"author":"Kisha Orthodhokse","twitter_card":"summary_large_image","twitter_misc":{"Written by":"Kisha Orthodhokse","Est. reading time":"3 minutes"},"schema":{"@context":"https:\/\/schema.org","@graph":[{"@type":"Article","@id":"https:\/\/orthodoxalbania.org\/2020\/2008\/02\/26\/kampi-i-dyte-i-vajzave-bariu-i-mire-ne-shen-joan-vladimir-2008\/#article","isPartOf":{"@id":"https:\/\/orthodoxalbania.org\/2020\/2008\/02\/26\/kampi-i-dyte-i-vajzave-bariu-i-mire-ne-shen-joan-vladimir-2008\/"},"author":{"name":"Kisha Orthodhokse","@id":"https:\/\/orthodoxalbania.org\/2020\/#\/schema\/person\/0c387634a7063ac612d7ed9ce71c7e86"},"headline":"Kampi i dyt\u00eb i vajzave \u201cBariu i mir\u00eb\u201d n\u00eb Sh\u00ebn Joan Vladimir. (2008)","datePublished":"2008-02-26T00:00:00+00:00","dateModified":"2020-04-06T20:35:28+00:00","mainEntityOfPage":{"@id":"https:\/\/orthodoxalbania.org\/2020\/2008\/02\/26\/kampi-i-dyte-i-vajzave-bariu-i-mire-ne-shen-joan-vladimir-2008\/"},"wordCount":617,"commentCount":0,"publisher":{"@id":"https:\/\/orthodoxalbania.org\/2020\/#organization"},"image":{"@id":"https:\/\/orthodoxalbania.org\/2020\/2008\/02\/26\/kampi-i-dyte-i-vajzave-bariu-i-mire-ne-shen-joan-vladimir-2008\/#primaryimage"},"thumbnailUrl":"https:\/\/lh5.googleusercontent.com\/-n1JgjjCGzQ4\/VJFGbbNLFWI\/AAAAAAAAH1A\/JKeqlnR_7JQ\/w448-h336-no\/1%2B-%2Bprane%2Bpoezise%2Bne%2Bfillim.JPG","keywords":["2008","Kampe verore","Kryepiskopata Tiran\u00eb","lajme","Rinia Orthodhokse"],"articleSection":["Lajme"],"inLanguage":"en-US"},{"@type":"WebPage","@id":"https:\/\/orthodoxalbania.org\/2020\/2008\/02\/26\/kampi-i-dyte-i-vajzave-bariu-i-mire-ne-shen-joan-vladimir-2008\/","url":"https:\/\/orthodoxalbania.org\/2020\/2008\/02\/26\/kampi-i-dyte-i-vajzave-bariu-i-mire-ne-shen-joan-vladimir-2008\/","name":"Kampi i dyt\u00eb i vajzave \u201cBariu i mir\u00eb\u201d n\u00eb Sh\u00ebn Joan Vladimir. (2008) - Kisha Orthodh\u03bfkse Autoqefale e Shqip\u00ebris\u00eb","isPartOf":{"@id":"https:\/\/orthodoxalbania.org\/2020\/#website"},"primaryImageOfPage":{"@id":"https:\/\/orthodoxalbania.org\/2020\/2008\/02\/26\/kampi-i-dyte-i-vajzave-bariu-i-mire-ne-shen-joan-vladimir-2008\/#primaryimage"},"image":{"@id":"https:\/\/orthodoxalbania.org\/2020\/2008\/02\/26\/kampi-i-dyte-i-vajzave-bariu-i-mire-ne-shen-joan-vladimir-2008\/#primaryimage"},"thumbnailUrl":"https:\/\/lh5.googleusercontent.com\/-n1JgjjCGzQ4\/VJFGbbNLFWI\/AAAAAAAAH1A\/JKeqlnR_7JQ\/w448-h336-no\/1%2B-%2Bprane%2Bpoezise%2Bne%2Bfillim.JPG","datePublished":"2008-02-26T00:00:00+00:00","dateModified":"2020-04-06T20:35:28+00:00","breadcrumb":{"@id":"https:\/\/orthodoxalbania.org\/2020\/2008\/02\/26\/kampi-i-dyte-i-vajzave-bariu-i-mire-ne-shen-joan-vladimir-2008\/#breadcrumb"},"inLanguage":"en-US","potentialAction":[{"@type":"ReadAction","target":["https:\/\/orthodoxalbania.org\/2020\/2008\/02\/26\/kampi-i-dyte-i-vajzave-bariu-i-mire-ne-shen-joan-vladimir-2008\/"]}]},{"@type":"ImageObject","inLanguage":"en-US","@id":"https:\/\/orthodoxalbania.org\/2020\/2008\/02\/26\/kampi-i-dyte-i-vajzave-bariu-i-mire-ne-shen-joan-vladimir-2008\/#primaryimage","url":"https:\/\/lh5.googleusercontent.com\/-n1JgjjCGzQ4\/VJFGbbNLFWI\/AAAAAAAAH1A\/JKeqlnR_7JQ\/w448-h336-no\/1%2B-%2Bprane%2Bpoezise%2Bne%2Bfillim.JPG","contentUrl":"https:\/\/lh5.googleusercontent.com\/-n1JgjjCGzQ4\/VJFGbbNLFWI\/AAAAAAAAH1A\/JKeqlnR_7JQ\/w448-h336-no\/1%2B-%2Bprane%2Bpoezise%2Bne%2Bfillim.JPG"},{"@type":"BreadcrumbList","@id":"https:\/\/orthodoxalbania.org\/2020\/2008\/02\/26\/kampi-i-dyte-i-vajzave-bariu-i-mire-ne-shen-joan-vladimir-2008\/#breadcrumb","itemListElement":[{"@type":"ListItem","position":1,"name":"Home","item":"https:\/\/orthodoxalbania.org\/2020\/"},{"@type":"ListItem","position":2,"name":"Kampi i dyt\u00eb i vajzave \u201cBariu i mir\u00eb\u201d n\u00eb Sh\u00ebn Joan Vladimir. (2008)"}]},{"@type":"WebSite","@id":"https:\/\/orthodoxalbania.org\/2020\/#website","url":"https:\/\/orthodoxalbania.org\/2020\/","name":"Kisha Orthodh\u03bfkse Autoqefale e Shqip\u00ebris\u00eb","description":"Fqja Zyrtare e Kish\u00ebs Orthodhokse Autoqefale e Shqip\u00ebris\u00eb me lajmet edhe informacionet zyrtare p\u00ebr struktur\u00ebn edhe veprimtarin e saj.","publisher":{"@id":"https:\/\/orthodoxalbania.org\/2020\/#organization"},"potentialAction":[{"@type":"SearchAction","target":{"@type":"EntryPoint","urlTemplate":"https:\/\/orthodoxalbania.org\/2020\/?s={search_term_string}"},"query-input":{"@type":"PropertyValueSpecification","valueRequired":true,"valueName":"search_term_string"}}],"inLanguage":"en-US"},{"@type":"Organization","@id":"https:\/\/orthodoxalbania.org\/2020\/#organization","name":"Kisha Orthodhokse Autoqefale e Shqip\u00ebris\u00eb","url":"https:\/\/orthodoxalbania.org\/2020\/","logo":{"@type":"ImageObject","inLanguage":"en-US","@id":"https:\/\/orthodoxalbania.org\/2020\/#\/schema\/logo\/image\/","url":"https:\/\/orthodoxalbania.org\/2020\/wp-content\/uploads\/2020\/05\/albania.jpeg","contentUrl":"https:\/\/orthodoxalbania.org\/2020\/wp-content\/uploads\/2020\/05\/albania.jpeg","width":540,"height":540,"caption":"Kisha Orthodhokse Autoqefale e Shqip\u00ebris\u00eb"},"image":{"@id":"https:\/\/orthodoxalbania.org\/2020\/#\/schema\/logo\/image\/"},"sameAs":["https:\/\/www.facebook.com\/koash1991"]},{"@type":"Person","@id":"https:\/\/orthodoxalbania.org\/2020\/#\/schema\/person\/0c387634a7063ac612d7ed9ce71c7e86","name":"Kisha Orthodhokse","image":{"@type":"ImageObject","inLanguage":"en-US","@id":"https:\/\/secure.gravatar.com\/avatar\/596e7c417251e30f2fbb9c00e026fce61a695a00e51c889caded71c96cbbdde5?s=96&d=mm&r=g","url":"https:\/\/secure.gravatar.com\/avatar\/596e7c417251e30f2fbb9c00e026fce61a695a00e51c889caded71c96cbbdde5?s=96&d=mm&r=g","contentUrl":"https:\/\/secure.gravatar.com\/avatar\/596e7c417251e30f2fbb9c00e026fce61a695a00e51c889caded71c96cbbdde5?s=96&d=mm&r=g","caption":"Kisha Orthodhokse"}}]}},"_links":{"self":[{"href":"https:\/\/orthodoxalbania.org\/2020\/wp-json\/wp\/v2\/posts\/690","targetHints":{"allow":["GET"]}}],"collection":[{"href":"https:\/\/orthodoxalbania.org\/2020\/wp-json\/wp\/v2\/posts"}],"about":[{"href":"https:\/\/orthodoxalbania.org\/2020\/wp-json\/wp\/v2\/types\/post"}],"author":[{"embeddable":true,"href":"https:\/\/orthodoxalbania.org\/2020\/wp-json\/wp\/v2\/users\/1"}],"replies":[{"embeddable":true,"href":"https:\/\/orthodoxalbania.org\/2020\/wp-json\/wp\/v2\/comments?post=690"}],"version-history":[{"count":1,"href":"https:\/\/orthodoxalbania.org\/2020\/wp-json\/wp\/v2\/posts\/690\/revisions"}],"predecessor-version":[{"id":15690,"href":"https:\/\/orthodoxalbania.org\/2020\/wp-json\/wp\/v2\/posts\/690\/revisions\/15690"}],"wp:attachment":[{"href":"https:\/\/orthodoxalbania.org\/2020\/wp-json\/wp\/v2\/media?parent=690"}],"wp:term":[{"taxonomy":"category","embeddable":true,"href":"https:\/\/orthodoxalbania.org\/2020\/wp-json\/wp\/v2\/categories?post=690"},{"taxonomy":"post_tag","embeddable":true,"href":"https:\/\/orthodoxalbania.org\/2020\/wp-json\/wp\/v2\/tags?post=690"}],"curies":[{"name":"wp","href":"https:\/\/api.w.org\/{rel}","templated":true}]}}