{"id":68904,"date":"2025-12-18T11:44:45","date_gmt":"2025-12-18T10:44:45","guid":{"rendered":"https:\/\/orthodoxalbania.org\/2020\/2025\/12\/18\/biography-of-his-beatitude-archbishop-john-of-tirana-durres-and-all-albania\/"},"modified":"2026-02-24T09:28:45","modified_gmt":"2026-02-24T08:28:45","slug":"biography-of-his-beatitude-archbishop-john-of-tirana-durres-and-all-albania","status":"publish","type":"post","link":"https:\/\/orthodoxalbania.org\/2020\/en\/2025\/12\/18\/biography-of-his-beatitude-archbishop-john-of-tirana-durres-and-all-albania\/","title":{"rendered":"Biography of His Beatitude Archbishop John of Tirana, Durr\u00ebs and All Albania"},"content":{"rendered":"<p><strong>His Beatitude Archbishop John<\/strong>, born <strong>Fatmir Pelushi<\/strong> in <strong>Tirana, Albania<\/strong> on <strong>January 1, 1956<\/strong>. In his youth, during the period of relentless religious persecution, he discovered the Orthodox Christian faith and was secretly baptized (1979) by the heroic priest <strong>Fr. Kosmas Kyrios<\/strong>, who later became the Bishop of Apollonia. He then joined a small underground group of the Church which operated secretly.<\/p>\n<p>From <strong>1979 to 1990<\/strong>, he worked in the occupational therapy rehabilitation department of the Psychiatric Hospital of Tirana. His father had already been labeled an enemy of the regime since 1944, and the regime persecuted all religious communities.<\/p>\n<p>In <strong>1990<\/strong>, he fled to Italy and then to Boston, USA, where he studied theology at <strong>Holy Cross Greek Orthodox School of Theology<\/strong>, with a scholarship from the Albanian community. In <strong>1993<\/strong>, he received a Master of Theological Studies (MTS) degree with <strong>High Distinction<\/strong>.<\/p>\n<p>In 1992, when Albanians were fleeing the country en masse, he expressed his desire to contribute to the reconstruction of the Church of Albania and informed <strong>Archbishop Anastasios<\/strong> of his decision to return. Encouraged warmly by the Archbishop, he was appointed as a professor at the <strong>Theological Academy of the Autocephalous Orthodox Church of Albania<\/strong> in September of that year.<\/p>\n<p>On <strong>February 27, 1994<\/strong>, he was ordained a deacon, and on <strong>December 4<\/strong> of the same year, he was ordained a priest. In 1995, at the encouragement of Archbishop Anastasios, he continued his postgraduate theological studies at the Holy Cross School of Theology in Boston. Excelling in his studies (1995-1996), his name was included in the <strong>National Dean&#8217;s List<\/strong> among the best students of all higher education institutions in the USA. In <strong>1996<\/strong>, he was granted the title of <strong>Archimandrite<\/strong>, and in <strong>1997<\/strong>, he obtained a Master of Theology degree with High Distinction.<\/p>\n<p>From 1996 to 1998, he served as the <strong>Dean of the Theological Academy<\/strong> of the Orthodox Church. In <strong>1998<\/strong> he was elected and consecrated as <strong>Metropolitan of Kor\u00e7\u00eb<\/strong>, being enthroned on <strong>July 20<\/strong>, while continuing his teaching duties.<\/p>\n<p>His advanced knowledge of <strong>English, French, Italian, and Greek<\/strong>, as well as his familiarity with Latin and Hebrew, facilitated his work in translating significant theological and patristic texts into Albanian. Among these, he translated <strong>St. Basil the Great&#8217;s doctrinal treatise On the Holy Spirit<\/strong>. Additionally, he authored the <strong>first Dogmatics textbook in Albanian<\/strong>, which became an official publication of the Orthodox Church.<\/p>\n<p>In <strong>2000<\/strong>, he founded and has since directed the academic periodical <strong>Tempulli (The Temple)<\/strong>, which has become a widely respected scholarly journal, featuring articles by well-known intellectuals, researchers, and Albanologists from Albania and abroad.<\/p>\n<p>He has represented the Autocephalous Orthodox Church of Albania in numerous inter-Orthodox meetings. For a decade, he participated in the preparatory committees for drafting the texts of the <strong>Holy and Great Council of Crete<\/strong> (<strong>2016<\/strong>). He has also been a member of significant working groups within the <strong>World Council of Churches<\/strong>, particularly the <strong>Joint Working Group<\/strong> which drafted the defining document for cooperation between the World Council of Churches and the Roman Catholic Church. For many years, he has represented the Autocephalous Orthodox Church of Albania in the important bilateral dialogues between the Orthodox Churches and the Roman Catholic Church, as well as between the Orthodox Churches and the Ancient Oriental Orthodox Churches.<\/p>\n<p>In the city of Kor\u00e7a, he contributes to social, educational, and cultural advancement, consistently fostering the spirit of peaceful coexistence among religious communities. On his initiative, a daily food service has been operating for <strong>27 years<\/strong> to support the city&#8217;s less fortunate residents.<\/p>\n<h3>Honors and Awards<\/h3>\n<p>On <strong>July 23, 2003<\/strong>, he was declared an <strong>&#8220;Honorary Citizen of the Kor\u00e7a Region&#8221;<\/strong> for his exceptional contribution to fostering religious tolerance and understanding.<\/p>\n<p>On <strong>August 18, 2008<\/strong>, the Kor\u00e7a City Council honored him as an <strong>&#8220;Honorary Citizen&#8221;<\/strong> for his outstanding services in the revival of faith and his many humanitarian and social works.<\/p>\n<p>On <strong>July 23, 2018<\/strong>, <strong>Fan S. Noli University of Kor\u00e7a<\/strong> awarded him the title of <strong>Doctor Honoris Causa<\/strong>.<\/p>\n<p>On <strong>May 29, 2019<\/strong>, the Municipality of Tirana honored him with a <strong>&#8220;Certificate of Gratitude&#8221;<\/strong>, recognizing him as a figure of national and international significance.<\/p>\n<p>Since 1998, he has been shepherding with devotion the historic and highly significant <strong>Metropolis of Kor\u00e7a<\/strong>, which also includes the regions of Pogradec, Devoll, and Kolonj\u00eb.<\/p>\n<p>On <strong>March 16, 2025<\/strong>, His Beatitude, the Metropolitan of Kor\u00e7\u00eb, Joan, was elected by unanimous vote as Archbishop of Tirana, Durr\u00ebs and all Albania, succeeding the late Archbishop Anastasios. He was enthroned on <strong>March 29<\/strong> at the &#8220;Resurrection of Christ&#8221; Cathedral in Tirana.<\/p>\n<p><!-- OCB_GALLERY_START --><\/p>\n<h3>Photos<\/h3>\n<div class=\"ocb-gallery\">\n<p><a href=\"https:\/\/orthodoxalbania.org\/2020\/wp-content\/uploads\/2025\/12\/biografia_e_fortlumturise_se_tij_kryepiskopit_te_tiranes_durresit_dhe_gjithe_shq_02.jpg\" rel=\"noopener\"><img class=\"lazyload\" decoding=\"async\" src=\"data:image\/svg+xml,%3Csvg%20xmlns%3D%27http%3A%2F%2Fwww.w3.org%2F2000%2Fsvg%27%20width%3D%271177%27%20height%3D%271600%27%20viewBox%3D%270%200%201177%201600%27%3E%3Crect%20width%3D%271177%27%20height%3D%271600%27%20fill-opacity%3D%220%22%2F%3E%3C%2Fsvg%3E\" data-orig-src=\"https:\/\/orthodoxalbania.org\/2020\/wp-content\/uploads\/2025\/12\/biografia_e_fortlumturise_se_tij_kryepiskopit_te_tiranes_durresit_dhe_gjithe_shq_02.jpg\" alt=\"\" \/><\/a><\/p>\n<p><a href=\"https:\/\/orthodoxalbania.org\/2020\/wp-content\/uploads\/2025\/12\/biografia_e_fortlumturise_se_tij_kryepiskopit_te_tiranes_durresit_dhe_gjithe_shq_03.jpg\" rel=\"noopener\"><img class=\"lazyload\" decoding=\"async\" src=\"data:image\/svg+xml,%3Csvg%20xmlns%3D%27http%3A%2F%2Fwww.w3.org%2F2000%2Fsvg%27%20width%3D%271177%27%20height%3D%271600%27%20viewBox%3D%270%200%201177%201600%27%3E%3Crect%20width%3D%271177%27%20height%3D%271600%27%20fill-opacity%3D%220%22%2F%3E%3C%2Fsvg%3E\" data-orig-src=\"https:\/\/orthodoxalbania.org\/2020\/wp-content\/uploads\/2025\/12\/biografia_e_fortlumturise_se_tij_kryepiskopit_te_tiranes_durresit_dhe_gjithe_shq_03.jpg\" alt=\"\" \/><\/a><\/p>\n<p><a href=\"https:\/\/orthodoxalbania.org\/2020\/wp-content\/uploads\/2025\/12\/biografia_e_fortlumturise_se_tij_kryepiskopit_te_tiranes_durresit_dhe_gjithe_shq_02.jpg\" rel=\"noopener\"><img class=\"lazyload\" decoding=\"async\" src=\"data:image\/svg+xml,%3Csvg%20xmlns%3D%27http%3A%2F%2Fwww.w3.org%2F2000%2Fsvg%27%20width%3D%271177%27%20height%3D%271600%27%20viewBox%3D%270%200%201177%201600%27%3E%3Crect%20width%3D%271177%27%20height%3D%271600%27%20fill-opacity%3D%220%22%2F%3E%3C%2Fsvg%3E\" data-orig-src=\"https:\/\/orthodoxalbania.org\/2020\/wp-content\/uploads\/2025\/12\/biografia_e_fortlumturise_se_tij_kryepiskopit_te_tiranes_durresit_dhe_gjithe_shq_02.jpg\" alt=\"\" \/><\/a><\/p>\n<p><a href=\"https:\/\/orthodoxalbania.org\/2020\/wp-content\/uploads\/2025\/12\/biografia_e_fortlumturise_se_tij_kryepiskopit_te_tiranes_durresit_dhe_gjithe_shq_03.jpg\" rel=\"noopener\"><img class=\"lazyload\" decoding=\"async\" src=\"data:image\/svg+xml,%3Csvg%20xmlns%3D%27http%3A%2F%2Fwww.w3.org%2F2000%2Fsvg%27%20width%3D%271177%27%20height%3D%271600%27%20viewBox%3D%270%200%201177%201600%27%3E%3Crect%20width%3D%271177%27%20height%3D%271600%27%20fill-opacity%3D%220%22%2F%3E%3C%2Fsvg%3E\" data-orig-src=\"https:\/\/orthodoxalbania.org\/2020\/wp-content\/uploads\/2025\/12\/biografia_e_fortlumturise_se_tij_kryepiskopit_te_tiranes_durresit_dhe_gjithe_shq_03.jpg\" alt=\"\" \/><\/a><\/p>\n<\/div>\n<p><!-- OCB_GALLERY_END --><\/p>\n","protected":false},"excerpt":{"rendered":"<p>His Beatitude Archbishop John was born in Tirana on January 1, 1956. On March 16, 2025, he was unanimously elected Archbishop of Tirana, Durr\u00ebs, and All Albania.<\/p>\n","protected":false},"author":5,"featured_media":68899,"comment_status":"closed","ping_status":"closed","sticky":false,"template":"","format":"standard","meta":{"_acf_changed":false,"pagelayer_contact_templates":[],"_pagelayer_content":"","inline_featured_image":false,"fifu_image_url":"","fifu_image_alt":"","footnotes":""},"categories":[1443],"tags":[2024,4469,4481,1181],"class_list":["post-68904","post","type-post","status-publish","format-standard","has-post-thumbnail","hentry","category-archbishop","tag-archbishop-anastasios","tag-doctor-honoris-causa-en","tag-tempulli-en","tag-theological-academy"],"acf":[],"yoast_head":"<!-- This site is optimized with the Yoast SEO plugin v27.2 - https:\/\/yoast.com\/product\/yoast-seo-wordpress\/ -->\n<title>Biography of His Beatitude Archbishop John of Tirana, Durr\u00ebs and All Albania - Kisha Orthodh\u03bfkse Autoqefale e Shqip\u00ebris\u00eb<\/title>\n<meta name=\"robots\" content=\"index, follow, max-snippet:-1, max-image-preview:large, max-video-preview:-1\" \/>\n<link rel=\"canonical\" href=\"https:\/\/orthodoxalbania.org\/2020\/en\/2025\/12\/18\/biography-of-his-beatitude-archbishop-john-of-tirana-durres-and-all-albania\/\" \/>\n<meta property=\"og:locale\" content=\"en_US\" \/>\n<meta property=\"og:type\" content=\"article\" \/>\n<meta property=\"og:title\" content=\"Biography of His Beatitude Archbishop John of Tirana, Durr\u00ebs and All Albania - Kisha Orthodh\u03bfkse Autoqefale e Shqip\u00ebris\u00eb\" \/>\n<meta property=\"og:description\" content=\"His Beatitude Archbishop John was born in Tirana on January 1, 1956. On March 16, 2025, he was unanimously elected Archbishop of Tirana, Durr\u00ebs, and All Albania.\" \/>\n<meta property=\"og:url\" content=\"https:\/\/orthodoxalbania.org\/2020\/en\/2025\/12\/18\/biography-of-his-beatitude-archbishop-john-of-tirana-durres-and-all-albania\/\" \/>\n<meta property=\"og:site_name\" content=\"Kisha Orthodh\u03bfkse Autoqefale e Shqip\u00ebris\u00eb\" \/>\n<meta property=\"article:publisher\" content=\"https:\/\/www.facebook.com\/koash1991\" \/>\n<meta property=\"article:published_time\" content=\"2025-12-18T10:44:45+00:00\" \/>\n<meta property=\"article:modified_time\" content=\"2026-02-24T08:28:45+00:00\" \/>\n<meta property=\"og:image\" content=\"https:\/\/orthodoxalbania.org\/2020\/wp-content\/uploads\/2025\/12\/biografia_e_fortlumturise_se_tij_kryepiskopit_te_tiranes_durresit_dhe_gjithe_shq_01.jpg\" \/>\n\t<meta property=\"og:image:width\" content=\"1067\" \/>\n\t<meta property=\"og:image:height\" content=\"1600\" \/>\n\t<meta property=\"og:image:type\" content=\"image\/jpeg\" \/>\n<meta name=\"author\" content=\"Administrator3\" \/>\n<meta name=\"twitter:card\" content=\"summary_large_image\" \/>\n<meta name=\"twitter:label1\" content=\"Written by\" \/>\n\t<meta name=\"twitter:data1\" content=\"Administrator3\" \/>\n\t<meta name=\"twitter:label2\" content=\"Est. reading time\" \/>\n\t<meta name=\"twitter:data2\" content=\"5 minutes\" \/>\n<script type=\"application\/ld+json\" class=\"yoast-schema-graph\">{\"@context\":\"https:\/\/schema.org\",\"@graph\":[{\"@type\":\"Article\",\"@id\":\"https:\/\/orthodoxalbania.org\/2020\/en\/2025\/12\/18\/biography-of-his-beatitude-archbishop-john-of-tirana-durres-and-all-albania\/#article\",\"isPartOf\":{\"@id\":\"https:\/\/orthodoxalbania.org\/2020\/en\/2025\/12\/18\/biography-of-his-beatitude-archbishop-john-of-tirana-durres-and-all-albania\/\"},\"author\":{\"name\":\"Administrator3\",\"@id\":\"https:\/\/orthodoxalbania.org\/2020\/#\/schema\/person\/8f81792a8d818674e96c380e1085eb43\"},\"headline\":\"Biography of His Beatitude Archbishop John of Tirana, Durr\u00ebs and All Albania\",\"datePublished\":\"2025-12-18T10:44:45+00:00\",\"dateModified\":\"2026-02-24T08:28:45+00:00\",\"mainEntityOfPage\":{\"@id\":\"https:\/\/orthodoxalbania.org\/2020\/en\/2025\/12\/18\/biography-of-his-beatitude-archbishop-john-of-tirana-durres-and-all-albania\/\"},\"wordCount\":742,\"publisher\":{\"@id\":\"https:\/\/orthodoxalbania.org\/2020\/#organization\"},\"image\":{\"@id\":\"https:\/\/orthodoxalbania.org\/2020\/en\/2025\/12\/18\/biography-of-his-beatitude-archbishop-john-of-tirana-durres-and-all-albania\/#primaryimage\"},\"thumbnailUrl\":\"https:\/\/orthodoxalbania.org\/2020\/wp-content\/uploads\/2025\/12\/biografia_e_fortlumturise_se_tij_kryepiskopit_te_tiranes_durresit_dhe_gjithe_shq_01.jpg\",\"keywords\":[\"Archbishop Anastasios\",\"Doctor Honoris Causa\",\"Tempulli\",\"Theological Academy\"],\"articleSection\":[\"Archbishop\"],\"inLanguage\":\"en-US\"},{\"@type\":\"WebPage\",\"@id\":\"https:\/\/orthodoxalbania.org\/2020\/en\/2025\/12\/18\/biography-of-his-beatitude-archbishop-john-of-tirana-durres-and-all-albania\/\",\"url\":\"https:\/\/orthodoxalbania.org\/2020\/en\/2025\/12\/18\/biography-of-his-beatitude-archbishop-john-of-tirana-durres-and-all-albania\/\",\"name\":\"Biography of His Beatitude Archbishop John of Tirana, Durr\u00ebs and All Albania - Kisha Orthodh\u03bfkse Autoqefale e Shqip\u00ebris\u00eb\",\"isPartOf\":{\"@id\":\"https:\/\/orthodoxalbania.org\/2020\/#website\"},\"primaryImageOfPage\":{\"@id\":\"https:\/\/orthodoxalbania.org\/2020\/en\/2025\/12\/18\/biography-of-his-beatitude-archbishop-john-of-tirana-durres-and-all-albania\/#primaryimage\"},\"image\":{\"@id\":\"https:\/\/orthodoxalbania.org\/2020\/en\/2025\/12\/18\/biography-of-his-beatitude-archbishop-john-of-tirana-durres-and-all-albania\/#primaryimage\"},\"thumbnailUrl\":\"https:\/\/orthodoxalbania.org\/2020\/wp-content\/uploads\/2025\/12\/biografia_e_fortlumturise_se_tij_kryepiskopit_te_tiranes_durresit_dhe_gjithe_shq_01.jpg\",\"datePublished\":\"2025-12-18T10:44:45+00:00\",\"dateModified\":\"2026-02-24T08:28:45+00:00\",\"breadcrumb\":{\"@id\":\"https:\/\/orthodoxalbania.org\/2020\/en\/2025\/12\/18\/biography-of-his-beatitude-archbishop-john-of-tirana-durres-and-all-albania\/#breadcrumb\"},\"inLanguage\":\"en-US\",\"potentialAction\":[{\"@type\":\"ReadAction\",\"target\":[\"https:\/\/orthodoxalbania.org\/2020\/en\/2025\/12\/18\/biography-of-his-beatitude-archbishop-john-of-tirana-durres-and-all-albania\/\"]}]},{\"@type\":\"ImageObject\",\"inLanguage\":\"en-US\",\"@id\":\"https:\/\/orthodoxalbania.org\/2020\/en\/2025\/12\/18\/biography-of-his-beatitude-archbishop-john-of-tirana-durres-and-all-albania\/#primaryimage\",\"url\":\"https:\/\/orthodoxalbania.org\/2020\/wp-content\/uploads\/2025\/12\/biografia_e_fortlumturise_se_tij_kryepiskopit_te_tiranes_durresit_dhe_gjithe_shq_01.jpg\",\"contentUrl\":\"https:\/\/orthodoxalbania.org\/2020\/wp-content\/uploads\/2025\/12\/biografia_e_fortlumturise_se_tij_kryepiskopit_te_tiranes_durresit_dhe_gjithe_shq_01.jpg\",\"width\":1067,\"height\":1600},{\"@type\":\"BreadcrumbList\",\"@id\":\"https:\/\/orthodoxalbania.org\/2020\/en\/2025\/12\/18\/biography-of-his-beatitude-archbishop-john-of-tirana-durres-and-all-albania\/#breadcrumb\",\"itemListElement\":[{\"@type\":\"ListItem\",\"position\":1,\"name\":\"Home\",\"item\":\"https:\/\/orthodoxalbania.org\/2020\/\"},{\"@type\":\"ListItem\",\"position\":2,\"name\":\"Biography of His Beatitude Archbishop John of Tirana, Durr\u00ebs and All Albania\"}]},{\"@type\":\"WebSite\",\"@id\":\"https:\/\/orthodoxalbania.org\/2020\/#website\",\"url\":\"https:\/\/orthodoxalbania.org\/2020\/\",\"name\":\"Kisha Orthodh\u03bfkse Autoqefale e Shqip\u00ebris\u00eb\",\"description\":\"Fqja Zyrtare e Kish\u00ebs Orthodhokse Autoqefale e Shqip\u00ebris\u00eb me lajmet edhe informacionet zyrtare p\u00ebr struktur\u00ebn edhe veprimtarin e saj.\",\"publisher\":{\"@id\":\"https:\/\/orthodoxalbania.org\/2020\/#organization\"},\"potentialAction\":[{\"@type\":\"SearchAction\",\"target\":{\"@type\":\"EntryPoint\",\"urlTemplate\":\"https:\/\/orthodoxalbania.org\/2020\/?s={search_term_string}\"},\"query-input\":{\"@type\":\"PropertyValueSpecification\",\"valueRequired\":true,\"valueName\":\"search_term_string\"}}],\"inLanguage\":\"en-US\"},{\"@type\":\"Organization\",\"@id\":\"https:\/\/orthodoxalbania.org\/2020\/#organization\",\"name\":\"Kisha Orthodhokse Autoqefale e Shqip\u00ebris\u00eb\",\"url\":\"https:\/\/orthodoxalbania.org\/2020\/\",\"logo\":{\"@type\":\"ImageObject\",\"inLanguage\":\"en-US\",\"@id\":\"https:\/\/orthodoxalbania.org\/2020\/#\/schema\/logo\/image\/\",\"url\":\"https:\/\/orthodoxalbania.org\/2020\/wp-content\/uploads\/2020\/05\/albania.jpeg\",\"contentUrl\":\"https:\/\/orthodoxalbania.org\/2020\/wp-content\/uploads\/2020\/05\/albania.jpeg\",\"width\":540,\"height\":540,\"caption\":\"Kisha Orthodhokse Autoqefale e Shqip\u00ebris\u00eb\"},\"image\":{\"@id\":\"https:\/\/orthodoxalbania.org\/2020\/#\/schema\/logo\/image\/\"},\"sameAs\":[\"https:\/\/www.facebook.com\/koash1991\"]},{\"@type\":\"Person\",\"@id\":\"https:\/\/orthodoxalbania.org\/2020\/#\/schema\/person\/8f81792a8d818674e96c380e1085eb43\",\"name\":\"Administrator3\",\"image\":{\"@type\":\"ImageObject\",\"inLanguage\":\"en-US\",\"@id\":\"https:\/\/secure.gravatar.com\/avatar\/f6b85b21b3f9159ff2c0d0cf50724456629c45a3e9069c9124ecd8a6cb95f6ca?s=96&d=mm&r=g\",\"url\":\"https:\/\/secure.gravatar.com\/avatar\/f6b85b21b3f9159ff2c0d0cf50724456629c45a3e9069c9124ecd8a6cb95f6ca?s=96&d=mm&r=g\",\"contentUrl\":\"https:\/\/secure.gravatar.com\/avatar\/f6b85b21b3f9159ff2c0d0cf50724456629c45a3e9069c9124ecd8a6cb95f6ca?s=96&d=mm&r=g\",\"caption\":\"Administrator3\"}}]}<\/script>\n<!-- \/ Yoast SEO plugin. -->","yoast_head_json":{"title":"Biography of His Beatitude Archbishop John of Tirana, Durr\u00ebs and All Albania - Kisha Orthodh\u03bfkse Autoqefale e Shqip\u00ebris\u00eb","robots":{"index":"index","follow":"follow","max-snippet":"max-snippet:-1","max-image-preview":"max-image-preview:large","max-video-preview":"max-video-preview:-1"},"canonical":"https:\/\/orthodoxalbania.org\/2020\/en\/2025\/12\/18\/biography-of-his-beatitude-archbishop-john-of-tirana-durres-and-all-albania\/","og_locale":"en_US","og_type":"article","og_title":"Biography of His Beatitude Archbishop John of Tirana, Durr\u00ebs and All Albania - Kisha Orthodh\u03bfkse Autoqefale e Shqip\u00ebris\u00eb","og_description":"His Beatitude Archbishop John was born in Tirana on January 1, 1956. On March 16, 2025, he was unanimously elected Archbishop of Tirana, Durr\u00ebs, and All Albania.","og_url":"https:\/\/orthodoxalbania.org\/2020\/en\/2025\/12\/18\/biography-of-his-beatitude-archbishop-john-of-tirana-durres-and-all-albania\/","og_site_name":"Kisha Orthodh\u03bfkse Autoqefale e Shqip\u00ebris\u00eb","article_publisher":"https:\/\/www.facebook.com\/koash1991","article_published_time":"2025-12-18T10:44:45+00:00","article_modified_time":"2026-02-24T08:28:45+00:00","og_image":[{"width":1067,"height":1600,"url":"https:\/\/orthodoxalbania.org\/2020\/wp-content\/uploads\/2025\/12\/biografia_e_fortlumturise_se_tij_kryepiskopit_te_tiranes_durresit_dhe_gjithe_shq_01.jpg","type":"image\/jpeg"}],"author":"Administrator3","twitter_card":"summary_large_image","twitter_misc":{"Written by":"Administrator3","Est. reading time":"5 minutes"},"schema":{"@context":"https:\/\/schema.org","@graph":[{"@type":"Article","@id":"https:\/\/orthodoxalbania.org\/2020\/en\/2025\/12\/18\/biography-of-his-beatitude-archbishop-john-of-tirana-durres-and-all-albania\/#article","isPartOf":{"@id":"https:\/\/orthodoxalbania.org\/2020\/en\/2025\/12\/18\/biography-of-his-beatitude-archbishop-john-of-tirana-durres-and-all-albania\/"},"author":{"name":"Administrator3","@id":"https:\/\/orthodoxalbania.org\/2020\/#\/schema\/person\/8f81792a8d818674e96c380e1085eb43"},"headline":"Biography of His Beatitude Archbishop John of Tirana, Durr\u00ebs and All Albania","datePublished":"2025-12-18T10:44:45+00:00","dateModified":"2026-02-24T08:28:45+00:00","mainEntityOfPage":{"@id":"https:\/\/orthodoxalbania.org\/2020\/en\/2025\/12\/18\/biography-of-his-beatitude-archbishop-john-of-tirana-durres-and-all-albania\/"},"wordCount":742,"publisher":{"@id":"https:\/\/orthodoxalbania.org\/2020\/#organization"},"image":{"@id":"https:\/\/orthodoxalbania.org\/2020\/en\/2025\/12\/18\/biography-of-his-beatitude-archbishop-john-of-tirana-durres-and-all-albania\/#primaryimage"},"thumbnailUrl":"https:\/\/orthodoxalbania.org\/2020\/wp-content\/uploads\/2025\/12\/biografia_e_fortlumturise_se_tij_kryepiskopit_te_tiranes_durresit_dhe_gjithe_shq_01.jpg","keywords":["Archbishop Anastasios","Doctor Honoris Causa","Tempulli","Theological Academy"],"articleSection":["Archbishop"],"inLanguage":"en-US"},{"@type":"WebPage","@id":"https:\/\/orthodoxalbania.org\/2020\/en\/2025\/12\/18\/biography-of-his-beatitude-archbishop-john-of-tirana-durres-and-all-albania\/","url":"https:\/\/orthodoxalbania.org\/2020\/en\/2025\/12\/18\/biography-of-his-beatitude-archbishop-john-of-tirana-durres-and-all-albania\/","name":"Biography of His Beatitude Archbishop John of Tirana, Durr\u00ebs and All Albania - Kisha Orthodh\u03bfkse Autoqefale e Shqip\u00ebris\u00eb","isPartOf":{"@id":"https:\/\/orthodoxalbania.org\/2020\/#website"},"primaryImageOfPage":{"@id":"https:\/\/orthodoxalbania.org\/2020\/en\/2025\/12\/18\/biography-of-his-beatitude-archbishop-john-of-tirana-durres-and-all-albania\/#primaryimage"},"image":{"@id":"https:\/\/orthodoxalbania.org\/2020\/en\/2025\/12\/18\/biography-of-his-beatitude-archbishop-john-of-tirana-durres-and-all-albania\/#primaryimage"},"thumbnailUrl":"https:\/\/orthodoxalbania.org\/2020\/wp-content\/uploads\/2025\/12\/biografia_e_fortlumturise_se_tij_kryepiskopit_te_tiranes_durresit_dhe_gjithe_shq_01.jpg","datePublished":"2025-12-18T10:44:45+00:00","dateModified":"2026-02-24T08:28:45+00:00","breadcrumb":{"@id":"https:\/\/orthodoxalbania.org\/2020\/en\/2025\/12\/18\/biography-of-his-beatitude-archbishop-john-of-tirana-durres-and-all-albania\/#breadcrumb"},"inLanguage":"en-US","potentialAction":[{"@type":"ReadAction","target":["https:\/\/orthodoxalbania.org\/2020\/en\/2025\/12\/18\/biography-of-his-beatitude-archbishop-john-of-tirana-durres-and-all-albania\/"]}]},{"@type":"ImageObject","inLanguage":"en-US","@id":"https:\/\/orthodoxalbania.org\/2020\/en\/2025\/12\/18\/biography-of-his-beatitude-archbishop-john-of-tirana-durres-and-all-albania\/#primaryimage","url":"https:\/\/orthodoxalbania.org\/2020\/wp-content\/uploads\/2025\/12\/biografia_e_fortlumturise_se_tij_kryepiskopit_te_tiranes_durresit_dhe_gjithe_shq_01.jpg","contentUrl":"https:\/\/orthodoxalbania.org\/2020\/wp-content\/uploads\/2025\/12\/biografia_e_fortlumturise_se_tij_kryepiskopit_te_tiranes_durresit_dhe_gjithe_shq_01.jpg","width":1067,"height":1600},{"@type":"BreadcrumbList","@id":"https:\/\/orthodoxalbania.org\/2020\/en\/2025\/12\/18\/biography-of-his-beatitude-archbishop-john-of-tirana-durres-and-all-albania\/#breadcrumb","itemListElement":[{"@type":"ListItem","position":1,"name":"Home","item":"https:\/\/orthodoxalbania.org\/2020\/"},{"@type":"ListItem","position":2,"name":"Biography of His Beatitude Archbishop John of Tirana, Durr\u00ebs and All Albania"}]},{"@type":"WebSite","@id":"https:\/\/orthodoxalbania.org\/2020\/#website","url":"https:\/\/orthodoxalbania.org\/2020\/","name":"Kisha Orthodh\u03bfkse Autoqefale e Shqip\u00ebris\u00eb","description":"Fqja Zyrtare e Kish\u00ebs Orthodhokse Autoqefale e Shqip\u00ebris\u00eb me lajmet edhe informacionet zyrtare p\u00ebr struktur\u00ebn edhe veprimtarin e saj.","publisher":{"@id":"https:\/\/orthodoxalbania.org\/2020\/#organization"},"potentialAction":[{"@type":"SearchAction","target":{"@type":"EntryPoint","urlTemplate":"https:\/\/orthodoxalbania.org\/2020\/?s={search_term_string}"},"query-input":{"@type":"PropertyValueSpecification","valueRequired":true,"valueName":"search_term_string"}}],"inLanguage":"en-US"},{"@type":"Organization","@id":"https:\/\/orthodoxalbania.org\/2020\/#organization","name":"Kisha Orthodhokse Autoqefale e Shqip\u00ebris\u00eb","url":"https:\/\/orthodoxalbania.org\/2020\/","logo":{"@type":"ImageObject","inLanguage":"en-US","@id":"https:\/\/orthodoxalbania.org\/2020\/#\/schema\/logo\/image\/","url":"https:\/\/orthodoxalbania.org\/2020\/wp-content\/uploads\/2020\/05\/albania.jpeg","contentUrl":"https:\/\/orthodoxalbania.org\/2020\/wp-content\/uploads\/2020\/05\/albania.jpeg","width":540,"height":540,"caption":"Kisha Orthodhokse Autoqefale e Shqip\u00ebris\u00eb"},"image":{"@id":"https:\/\/orthodoxalbania.org\/2020\/#\/schema\/logo\/image\/"},"sameAs":["https:\/\/www.facebook.com\/koash1991"]},{"@type":"Person","@id":"https:\/\/orthodoxalbania.org\/2020\/#\/schema\/person\/8f81792a8d818674e96c380e1085eb43","name":"Administrator3","image":{"@type":"ImageObject","inLanguage":"en-US","@id":"https:\/\/secure.gravatar.com\/avatar\/f6b85b21b3f9159ff2c0d0cf50724456629c45a3e9069c9124ecd8a6cb95f6ca?s=96&d=mm&r=g","url":"https:\/\/secure.gravatar.com\/avatar\/f6b85b21b3f9159ff2c0d0cf50724456629c45a3e9069c9124ecd8a6cb95f6ca?s=96&d=mm&r=g","contentUrl":"https:\/\/secure.gravatar.com\/avatar\/f6b85b21b3f9159ff2c0d0cf50724456629c45a3e9069c9124ecd8a6cb95f6ca?s=96&d=mm&r=g","caption":"Administrator3"}}]}},"_links":{"self":[{"href":"https:\/\/orthodoxalbania.org\/2020\/wp-json\/wp\/v2\/posts\/68904","targetHints":{"allow":["GET"]}}],"collection":[{"href":"https:\/\/orthodoxalbania.org\/2020\/wp-json\/wp\/v2\/posts"}],"about":[{"href":"https:\/\/orthodoxalbania.org\/2020\/wp-json\/wp\/v2\/types\/post"}],"author":[{"embeddable":true,"href":"https:\/\/orthodoxalbania.org\/2020\/wp-json\/wp\/v2\/users\/5"}],"replies":[{"embeddable":true,"href":"https:\/\/orthodoxalbania.org\/2020\/wp-json\/wp\/v2\/comments?post=68904"}],"version-history":[{"count":1,"href":"https:\/\/orthodoxalbania.org\/2020\/wp-json\/wp\/v2\/posts\/68904\/revisions"}],"predecessor-version":[{"id":69293,"href":"https:\/\/orthodoxalbania.org\/2020\/wp-json\/wp\/v2\/posts\/68904\/revisions\/69293"}],"wp:featuredmedia":[{"embeddable":true,"href":"https:\/\/orthodoxalbania.org\/2020\/wp-json\/wp\/v2\/media\/68899"}],"wp:attachment":[{"href":"https:\/\/orthodoxalbania.org\/2020\/wp-json\/wp\/v2\/media?parent=68904"}],"wp:term":[{"taxonomy":"category","embeddable":true,"href":"https:\/\/orthodoxalbania.org\/2020\/wp-json\/wp\/v2\/categories?post=68904"},{"taxonomy":"post_tag","embeddable":true,"href":"https:\/\/orthodoxalbania.org\/2020\/wp-json\/wp\/v2\/tags?post=68904"}],"curies":[{"name":"wp","href":"https:\/\/api.w.org\/{rel}","templated":true}]}}