{"id":68902,"date":"2025-12-18T11:44:45","date_gmt":"2025-12-18T10:44:45","guid":{"rendered":"https:\/\/orthodoxalbania.org\/2020\/2025\/12\/18\/biografia-e-fortlumturise-se-tij-kryepiskopit-te-tiranes-durresit-dhe-gjithe-shqiperise-imzot-joan-pelushi\/"},"modified":"2026-02-24T09:26:01","modified_gmt":"2026-02-24T08:26:01","slug":"biografia-e-fortlumturise-se-tij-kryepiskopit-te-tiranes-durresit-dhe-gjithe-shqiperise-imzot-joan-pelushi","status":"publish","type":"post","link":"https:\/\/orthodoxalbania.org\/2020\/2025\/12\/18\/biografia-e-fortlumturise-se-tij-kryepiskopit-te-tiranes-durresit-dhe-gjithe-shqiperise-imzot-joan-pelushi\/","title":{"rendered":"Biografia e Fortlumturis\u00eb s\u00eb Tij, Kryepiskopit t\u00eb Tiran\u00ebs, Durr\u00ebsit dhe gjith\u00eb Shqip\u00ebris\u00eb Imzot Joan Pelushi"},"content":{"rendered":"<p><strong>Fortlumturia e Tij, Kryepiskopi i Tiran\u00ebs, Durr\u00ebsit dhe gjith\u00eb Shqip\u00ebris\u00eb Imzot Joan Pelushi<\/strong>, ka lindur n\u00eb <strong>Tiran\u00eb<\/strong> n\u00eb <strong>01.01.1956<\/strong>. Qysh n\u00eb rinin\u00eb e tij t\u00eb hershme, n\u00eb koh\u00ebn m\u00eb t\u00eb eg\u00ebr t\u00eb persekutimit fetar, u pag\u00ebzua fshehurazi nga prifti hero, m\u00eb von\u00eb peshkopi i Apollonis\u00eb, <strong>z. Kozma Qirio<\/strong>, duke u b\u00ebr\u00eb pjes\u00eb e nj\u00eb grupi t\u00eb vog\u00ebl t\u00eb kish\u00ebs s\u00eb n\u00ebndheshme.<\/p>\n<p>N\u00eb vitet <strong>1979-1990<\/strong> punoi n\u00eb Spitalin Psikiatrik t\u00eb Tiran\u00ebs, n\u00eb pavionin e reabilitimit n\u00ebp\u00ebrmjet terapis\u00eb okupacionale. N\u00eb vitin <strong>1990<\/strong> u largua nga Shqip\u00ebria p\u00ebr n\u00eb USA ku kreu studimet n\u00eb teologji n\u00eb Universitetin <strong>&#8220;Holy Cross Greek Orthodox School of Theology&#8221;<\/strong> n\u00eb Boston, ku u diplomua me <strong>&#8220;High Distinction&#8221;<\/strong> n\u00eb MTS (Master i Studimeve Teologjike) n\u00eb vitin <strong>1993<\/strong>.<\/p>\n<p>Qysh n\u00eb vitin 1992, i nxitur nga d\u00ebshira p\u00ebr t\u00eb dh\u00ebn\u00eb nj\u00eb kontribut n\u00eb rind\u00ebrtimin e Kish\u00ebs, ai kontaktoi <strong>Kryepeshkopin Anastas<\/strong> dhe i parashtroi vendimin e tij p\u00ebr tu kthyer n\u00eb Shqip\u00ebri. N\u00eb Shtator t\u00eb atij viti u kthye n\u00eb Shqip\u00ebri dhe filloi t\u00eb punonte si pedagog n\u00eb <strong>Akademin\u00eb Teologjike t\u00eb Kish\u00ebs Ortodokse Autoqefale t\u00eb Shqip\u00ebris\u00eb<\/strong>.<\/p>\n<p>N\u00eb <strong>27 Shkurt 1994<\/strong> u dor\u00ebzua dhjakon dhe n\u00eb <strong>4 Dhjetor<\/strong> prift, duke vazhduar t\u00eb jepte m\u00ebsim n\u00eb Akademin\u00eb Teologjike. N\u00eb 1995 shkon p\u00ebrs\u00ebri p\u00ebr t\u00eb ndjekur studime t\u00eb m\u00ebtejshme n\u00eb Holy Cross. P\u00ebr rezultate t\u00eb larta n\u00eb sezonin akademik 1995-1996 ishte n\u00eb <strong>List\u00ebn Komb\u00ebtare t\u00eb Dekanit<\/strong> (The National Dean&#8217;s List). N\u00eb vitin <strong>1996<\/strong> u ngrit n\u00eb rangun e <strong>arkimandritit<\/strong>. N\u00eb vitin <strong>1997<\/strong> u diplomua p\u00ebrs\u00ebri me &#8220;High Distinction&#8221; n\u00eb MT (Master i Teologjis\u00eb).<\/p>\n<p>U kthye n\u00eb Shqip\u00ebri ku u em\u00ebrua <strong>dekan i Akademis\u00eb Teologjike<\/strong> t\u00eb Kish\u00ebs Ortodokse, detyr\u00eb n\u00eb t\u00eb cil\u00ebn q\u00ebndroi nga viti 1996 deri n\u00eb 1998. N\u00eb vitin <strong>1998<\/strong> u zgjodh dhe u dor\u00ebzua peshkop, si <strong>Mitropolit i Kor\u00e7\u00ebs<\/strong>, duke vazhduar t\u00eb ishte p\u00ebrs\u00ebri pedagog n\u00eb Akademin\u00eb Teologjike.<\/p>\n<p>Ai ka p\u00ebrgatitur tekstet e <strong>Dogmatik\u00ebs<\/strong> dhe ka p\u00ebrkthyer shum\u00eb libra, si edhe ka botuar shum\u00eb artikuj n\u00eb gazeta, revista dhe periodik\u00eb studimor\u00eb. P\u00ebrve\u00e7 gjuh\u00ebs s\u00eb tij amtare shqipes, zot\u00ebron <strong>anglishten, fr\u00ebngjishten, italishten, greqishten<\/strong> dhe ka njohuri n\u00eb latinishten dhe hebraishten.<\/p>\n<p>Ka p\u00ebrkthyer disa libra teologjik\u00eb n\u00eb shqip, p\u00ebrfshir\u00eb <strong>&#8220;Mbi Shpirtin e Shenjt\u00eb&#8221;<\/strong> t\u00eb <strong>Vasilit t\u00eb Madh<\/strong>. Kontributi i Kryepiskopit Imzot Joan Pelushit n\u00eb fush\u00ebn e terminologjis\u00eb \u00ebsht\u00eb vler\u00ebsuar nga studjues t\u00eb vendit dhe t\u00eb huaj. Ka shkruar <strong>tekstin e par\u00eb t\u00eb Dogmatik\u00ebs n\u00eb shqip<\/strong>, tekst q\u00eb p\u00ebrdoret si botimi zyrtar i Kish\u00ebs Ortodokse n\u00eb Shqip\u00ebri.<\/p>\n<p>N\u00eb vitin <strong>2000<\/strong> ka themeluar dhe vazhdon t\u00eb drejtoj\u00eb <strong>Revist\u00ebn periodike &#8220;Tempulli&#8221;<\/strong>, q\u00eb \u00ebsht\u00eb b\u00ebr\u00eb tashm\u00eb nj\u00eb nga revistat m\u00eb serioze n\u00eb fush\u00ebn studimore dhe kulturore.<\/p>\n<p>Ka p\u00ebrfaq\u00ebsuar Kish\u00ebn Ortodokse Autoqefale t\u00eb Shqip\u00ebris\u00eb n\u00eb shum\u00eb takime nd\u00ebrkomb\u00ebtare. Ka p\u00ebrfaq\u00ebsuar n\u00eb nivel t\u00eb lart\u00eb Kish\u00ebn Ortodokse Bot\u00ebrore n\u00eb shum\u00eb grupe pune t\u00eb <strong>K\u00ebshillit Bot\u00ebror t\u00eb Kishave<\/strong> dhe ishte nj\u00eb nga an\u00ebtar\u00ebt e grupit t\u00eb r\u00ebnd\u00ebsish\u00ebm t\u00eb pun\u00ebs (<strong>Joint Working Group<\/strong>) p\u00ebr hartimin e bashk\u00ebpunimit nd\u00ebrmjet K\u00ebshillit Bot\u00ebror t\u00eb Kishave dhe Kish\u00ebs Romano-Katolike. P\u00ebrfaq\u00ebsoi Kish\u00ebn Ortodokse Autoqefale t\u00eb Shqip\u00ebris\u00eb n\u00eb hartimin e dokumenteve p\u00ebr p\u00ebrgatitjen e <strong>Sinodit t\u00eb Madh dhe t\u00eb Shenjt\u00eb<\/strong>, q\u00eb u mbajt n\u00eb qershor t\u00eb vitit <strong>2016<\/strong>, n\u00eb Kret\u00eb.<\/p>\n<p>Vazhdon t\u00eb p\u00ebrfaq\u00ebsoj\u00eb me dinjitet Kish\u00ebn Ortodokse Autoqefale t\u00eb Shqip\u00ebris\u00eb n\u00eb dialogun nd\u00ebrmjet Kishave Orthodhokse dhe asaj Romano-Katolike, si edhe nd\u00ebrmjet Kishave Orthodokse dhe Kishave Orientale.<\/p>\n<p>Jep nj\u00eb kontribut t\u00eb madh n\u00eb jet\u00ebn shoq\u00ebrore dhe humanitare t\u00eb qytetit t\u00eb Kor\u00e7\u00ebs. Me inisiativ\u00ebn e tij \u00ebsht\u00eb hapur nj\u00eb menc\u00eb p\u00ebr t\u00eb ndihmuar \u00e7do dit\u00eb njer\u00ebzit n\u00eb nevoj\u00eb, e cila funksionon prej tashm\u00eb <strong>27 vjet\u00ebsh<\/strong>.<\/p>\n<h3>Nderimet dhe \u00e7mimet<\/h3>\n<p>N\u00eb <strong>23.07.2003<\/strong> u shpall <strong>&#8220;Qytetar Nderi i Qarkut Kor\u00e7\u00eb&#8221;<\/strong> me motivacionin: &#8220;P\u00ebr kontribut t\u00eb shquar n\u00eb kultivimin e toleranc\u00ebs dhe mir\u00ebkuptimit fetar.&#8221;<\/p>\n<p>N\u00eb <strong>18.08.2008<\/strong> u shpall nga K\u00ebshilli bashkiak i qytetit t\u00eb Kor\u00e7\u00ebs <strong>&#8220;Qytetar Nderi&#8221;<\/strong> me motivacionin: &#8220;P\u00ebr merita t\u00eb shquara p\u00ebr ringjalljen e besimit si dhe p\u00ebr veprat e shumta n\u00eb fush\u00ebn humane dhe sociale.&#8221;<\/p>\n<p>N\u00eb <strong>23.07.2018<\/strong> Universiteti <strong>&#8220;Fan S. Noli&#8221; Kor\u00e7\u00eb<\/strong> i jep titullin <strong>&#8220;Doctor Honoris Causa&#8221;<\/strong>.<\/p>\n<p>N\u00eb <strong>29.05.2019<\/strong>, Bashkia Tiran\u00eb i jep <strong>\u00c7ertifikat\u00eb Mir\u00ebnjohje<\/strong> si nj\u00eb vler\u00eb me p\u00ebrmasa komb\u00ebtare dhe nd\u00ebrkomb\u00ebtare.<\/p>\n<p>M\u00eb<strong> 16 mars 2025<\/strong>, Fortlumturia e Tij, Mitropoliti i Kor\u00e7\u00ebs, Imzot Joani, u zgjodh me vot\u00eb unanime Kryepiskop i Tiran\u00ebs, Durr\u00ebsit dhe i gjith\u00eb Shqip\u00ebris\u00eb, duke pasuar t\u00eb ndjerin Kryepiskop Anastas. U fron\u00ebzua m\u00eb <strong>29 mars 2025<\/strong> te Katedralja &#8220;Ngjallja e Krishtit&#8221; n\u00eb Tiran\u00eb.<\/p>\n<p><!-- OCB_GALLERY_START --><\/p>\n<h3>Fotografi<\/h3>\n<div class=\"ocb-gallery\">\n<p><a href=\"https:\/\/orthodoxalbania.org\/2020\/wp-content\/uploads\/2025\/12\/biografia_e_fortlumturise_se_tij_kryepiskopit_te_tiranes_durresit_dhe_gjithe_shq_02.jpg\" rel=\"noopener\"><img class=\"lazyload\" decoding=\"async\" src=\"data:image\/svg+xml,%3Csvg%20xmlns%3D%27http%3A%2F%2Fwww.w3.org%2F2000%2Fsvg%27%20width%3D%271177%27%20height%3D%271600%27%20viewBox%3D%270%200%201177%201600%27%3E%3Crect%20width%3D%271177%27%20height%3D%271600%27%20fill-opacity%3D%220%22%2F%3E%3C%2Fsvg%3E\" data-orig-src=\"https:\/\/orthodoxalbania.org\/2020\/wp-content\/uploads\/2025\/12\/biografia_e_fortlumturise_se_tij_kryepiskopit_te_tiranes_durresit_dhe_gjithe_shq_02.jpg\" alt=\"\" \/><\/a><\/p>\n<p><a href=\"https:\/\/orthodoxalbania.org\/2020\/wp-content\/uploads\/2025\/12\/biografia_e_fortlumturise_se_tij_kryepiskopit_te_tiranes_durresit_dhe_gjithe_shq_03.jpg\" rel=\"noopener\"><img class=\"lazyload\" decoding=\"async\" src=\"data:image\/svg+xml,%3Csvg%20xmlns%3D%27http%3A%2F%2Fwww.w3.org%2F2000%2Fsvg%27%20width%3D%271177%27%20height%3D%271600%27%20viewBox%3D%270%200%201177%201600%27%3E%3Crect%20width%3D%271177%27%20height%3D%271600%27%20fill-opacity%3D%220%22%2F%3E%3C%2Fsvg%3E\" data-orig-src=\"https:\/\/orthodoxalbania.org\/2020\/wp-content\/uploads\/2025\/12\/biografia_e_fortlumturise_se_tij_kryepiskopit_te_tiranes_durresit_dhe_gjithe_shq_03.jpg\" alt=\"\" \/><\/a><\/p>\n<p><a href=\"https:\/\/orthodoxalbania.org\/2020\/wp-content\/uploads\/2025\/12\/biografia_e_fortlumturise_se_tij_kryepiskopit_te_tiranes_durresit_dhe_gjithe_shq_02.jpg\" rel=\"noopener\"><img class=\"lazyload\" decoding=\"async\" src=\"data:image\/svg+xml,%3Csvg%20xmlns%3D%27http%3A%2F%2Fwww.w3.org%2F2000%2Fsvg%27%20width%3D%271177%27%20height%3D%271600%27%20viewBox%3D%270%200%201177%201600%27%3E%3Crect%20width%3D%271177%27%20height%3D%271600%27%20fill-opacity%3D%220%22%2F%3E%3C%2Fsvg%3E\" data-orig-src=\"https:\/\/orthodoxalbania.org\/2020\/wp-content\/uploads\/2025\/12\/biografia_e_fortlumturise_se_tij_kryepiskopit_te_tiranes_durresit_dhe_gjithe_shq_02.jpg\" alt=\"\" \/><\/a><\/p>\n<p><a href=\"https:\/\/orthodoxalbania.org\/2020\/wp-content\/uploads\/2025\/12\/biografia_e_fortlumturise_se_tij_kryepiskopit_te_tiranes_durresit_dhe_gjithe_shq_03.jpg\" rel=\"noopener\"><img class=\"lazyload\" decoding=\"async\" src=\"data:image\/svg+xml,%3Csvg%20xmlns%3D%27http%3A%2F%2Fwww.w3.org%2F2000%2Fsvg%27%20width%3D%271177%27%20height%3D%271600%27%20viewBox%3D%270%200%201177%201600%27%3E%3Crect%20width%3D%271177%27%20height%3D%271600%27%20fill-opacity%3D%220%22%2F%3E%3C%2Fsvg%3E\" data-orig-src=\"https:\/\/orthodoxalbania.org\/2020\/wp-content\/uploads\/2025\/12\/biografia_e_fortlumturise_se_tij_kryepiskopit_te_tiranes_durresit_dhe_gjithe_shq_03.jpg\" alt=\"\" \/><\/a><\/p>\n<\/div>\n<p><!-- OCB_GALLERY_END --><\/p>\n","protected":false},"excerpt":{"rendered":"<p>Fortlumturia e Tij, Kryepiskopi Imzot Joan Pelushi, u lind n\u00eb Tiran\u00eb m\u00eb 01.01.1956. M\u00eb 16 Mars 2025 u zgjodh unanimisht Kryepiskop i Kish\u00ebs Ortodokse Autoqefale t\u00eb Shqip\u00ebris\u00eb.<\/p>\n","protected":false},"author":5,"featured_media":68899,"comment_status":"closed","ping_status":"closed","sticky":false,"template":"","format":"standard","meta":{"_acf_changed":false,"pagelayer_contact_templates":[],"_pagelayer_content":"","inline_featured_image":false,"fifu_image_url":"","fifu_image_alt":"","footnotes":""},"categories":[257],"tags":[169,4423,4419,4415,4409,4411,201,4010,4413,4421,4417],"class_list":["post-68902","post","type-post","status-publish","format-standard","has-post-thumbnail","hentry","category-kryepiskopi","tag-akademia-teologjike","tag-dialogu-nderfetar","tag-doctor-honoris-causa","tag-holy-cross","tag-imzot-joan-pelushi","tag-kisha-ortodokse-autoqefale-e-shqiperise","tag-kryepiskopi-anastas","tag-kryepiskopi-joan","tag-mitropolia-e-korces","tag-sinodi-i-madh","tag-tempulli"],"acf":[],"yoast_head":"<!-- This site is optimized with the Yoast SEO plugin v27.2 - https:\/\/yoast.com\/product\/yoast-seo-wordpress\/ -->\n<title>Biografia e Fortlumturis\u00eb s\u00eb Tij, Kryepiskopit t\u00eb Tiran\u00ebs, Durr\u00ebsit dhe gjith\u00eb Shqip\u00ebris\u00eb Imzot Joan Pelushi - Kisha Orthodh\u03bfkse Autoqefale e Shqip\u00ebris\u00eb<\/title>\n<meta name=\"robots\" content=\"index, follow, max-snippet:-1, max-image-preview:large, max-video-preview:-1\" \/>\n<link rel=\"canonical\" href=\"https:\/\/orthodoxalbania.org\/2020\/2025\/12\/18\/biografia-e-fortlumturise-se-tij-kryepiskopit-te-tiranes-durresit-dhe-gjithe-shqiperise-imzot-joan-pelushi\/\" \/>\n<meta property=\"og:locale\" content=\"en_US\" \/>\n<meta property=\"og:type\" content=\"article\" \/>\n<meta property=\"og:title\" content=\"Biografia e Fortlumturis\u00eb s\u00eb Tij, Kryepiskopit t\u00eb Tiran\u00ebs, Durr\u00ebsit dhe gjith\u00eb Shqip\u00ebris\u00eb Imzot Joan Pelushi - Kisha Orthodh\u03bfkse Autoqefale e Shqip\u00ebris\u00eb\" \/>\n<meta property=\"og:description\" content=\"Fortlumturia e Tij, Kryepiskopi Imzot Joan Pelushi, u lind n\u00eb Tiran\u00eb m\u00eb 01.01.1956. M\u00eb 16 Mars 2025 u zgjodh unanimisht Kryepiskop i Kish\u00ebs Ortodokse Autoqefale t\u00eb Shqip\u00ebris\u00eb.\" \/>\n<meta property=\"og:url\" content=\"https:\/\/orthodoxalbania.org\/2020\/2025\/12\/18\/biografia-e-fortlumturise-se-tij-kryepiskopit-te-tiranes-durresit-dhe-gjithe-shqiperise-imzot-joan-pelushi\/\" \/>\n<meta property=\"og:site_name\" content=\"Kisha Orthodh\u03bfkse Autoqefale e Shqip\u00ebris\u00eb\" \/>\n<meta property=\"article:publisher\" content=\"https:\/\/www.facebook.com\/koash1991\" \/>\n<meta property=\"article:published_time\" content=\"2025-12-18T10:44:45+00:00\" \/>\n<meta property=\"article:modified_time\" content=\"2026-02-24T08:26:01+00:00\" \/>\n<meta property=\"og:image\" content=\"https:\/\/orthodoxalbania.org\/2020\/wp-content\/uploads\/2025\/12\/biografia_e_fortlumturise_se_tij_kryepiskopit_te_tiranes_durresit_dhe_gjithe_shq_01.jpg\" \/>\n\t<meta property=\"og:image:width\" content=\"1067\" \/>\n\t<meta property=\"og:image:height\" content=\"1600\" \/>\n\t<meta property=\"og:image:type\" content=\"image\/jpeg\" \/>\n<meta name=\"author\" content=\"Administrator3\" \/>\n<meta name=\"twitter:card\" content=\"summary_large_image\" \/>\n<meta name=\"twitter:label1\" content=\"Written by\" \/>\n\t<meta name=\"twitter:data1\" content=\"Administrator3\" \/>\n\t<meta name=\"twitter:label2\" content=\"Est. reading time\" \/>\n\t<meta name=\"twitter:data2\" content=\"4 minutes\" \/>\n<script type=\"application\/ld+json\" class=\"yoast-schema-graph\">{\"@context\":\"https:\/\/schema.org\",\"@graph\":[{\"@type\":\"Article\",\"@id\":\"https:\/\/orthodoxalbania.org\/2020\/2025\/12\/18\/biografia-e-fortlumturise-se-tij-kryepiskopit-te-tiranes-durresit-dhe-gjithe-shqiperise-imzot-joan-pelushi\/#article\",\"isPartOf\":{\"@id\":\"https:\/\/orthodoxalbania.org\/2020\/2025\/12\/18\/biografia-e-fortlumturise-se-tij-kryepiskopit-te-tiranes-durresit-dhe-gjithe-shqiperise-imzot-joan-pelushi\/\"},\"author\":{\"name\":\"Administrator3\",\"@id\":\"https:\/\/orthodoxalbania.org\/2020\/#\/schema\/person\/8f81792a8d818674e96c380e1085eb43\"},\"headline\":\"Biografia e Fortlumturis\u00eb s\u00eb Tij, Kryepiskopit t\u00eb Tiran\u00ebs, Durr\u00ebsit dhe gjith\u00eb Shqip\u00ebris\u00eb Imzot Joan Pelushi\",\"datePublished\":\"2025-12-18T10:44:45+00:00\",\"dateModified\":\"2026-02-24T08:26:01+00:00\",\"mainEntityOfPage\":{\"@id\":\"https:\/\/orthodoxalbania.org\/2020\/2025\/12\/18\/biografia-e-fortlumturise-se-tij-kryepiskopit-te-tiranes-durresit-dhe-gjithe-shqiperise-imzot-joan-pelushi\/\"},\"wordCount\":816,\"publisher\":{\"@id\":\"https:\/\/orthodoxalbania.org\/2020\/#organization\"},\"image\":{\"@id\":\"https:\/\/orthodoxalbania.org\/2020\/2025\/12\/18\/biografia-e-fortlumturise-se-tij-kryepiskopit-te-tiranes-durresit-dhe-gjithe-shqiperise-imzot-joan-pelushi\/#primaryimage\"},\"thumbnailUrl\":\"https:\/\/orthodoxalbania.org\/2020\/wp-content\/uploads\/2025\/12\/biografia_e_fortlumturise_se_tij_kryepiskopit_te_tiranes_durresit_dhe_gjithe_shq_01.jpg\",\"keywords\":[\"Akademia Teologjike\",\"dialogu nd\u00ebrfetar\",\"Doctor Honoris Causa\",\"Holy Cross\",\"Imzot Joan Pelushi\",\"Kisha Ortodokse Autoqefale e Shqip\u00ebris\u00eb\",\"Kryepiskopi Anastas\",\"Kryepiskopi Joan\",\"Mitropolia e Kor\u00e7\u00ebs\",\"Sinodi i Madh\",\"Tempulli\"],\"articleSection\":[\"Kryepiskopi\"],\"inLanguage\":\"en-US\"},{\"@type\":\"WebPage\",\"@id\":\"https:\/\/orthodoxalbania.org\/2020\/2025\/12\/18\/biografia-e-fortlumturise-se-tij-kryepiskopit-te-tiranes-durresit-dhe-gjithe-shqiperise-imzot-joan-pelushi\/\",\"url\":\"https:\/\/orthodoxalbania.org\/2020\/2025\/12\/18\/biografia-e-fortlumturise-se-tij-kryepiskopit-te-tiranes-durresit-dhe-gjithe-shqiperise-imzot-joan-pelushi\/\",\"name\":\"Biografia e Fortlumturis\u00eb s\u00eb Tij, Kryepiskopit t\u00eb Tiran\u00ebs, Durr\u00ebsit dhe gjith\u00eb Shqip\u00ebris\u00eb Imzot Joan Pelushi - Kisha Orthodh\u03bfkse Autoqefale e Shqip\u00ebris\u00eb\",\"isPartOf\":{\"@id\":\"https:\/\/orthodoxalbania.org\/2020\/#website\"},\"primaryImageOfPage\":{\"@id\":\"https:\/\/orthodoxalbania.org\/2020\/2025\/12\/18\/biografia-e-fortlumturise-se-tij-kryepiskopit-te-tiranes-durresit-dhe-gjithe-shqiperise-imzot-joan-pelushi\/#primaryimage\"},\"image\":{\"@id\":\"https:\/\/orthodoxalbania.org\/2020\/2025\/12\/18\/biografia-e-fortlumturise-se-tij-kryepiskopit-te-tiranes-durresit-dhe-gjithe-shqiperise-imzot-joan-pelushi\/#primaryimage\"},\"thumbnailUrl\":\"https:\/\/orthodoxalbania.org\/2020\/wp-content\/uploads\/2025\/12\/biografia_e_fortlumturise_se_tij_kryepiskopit_te_tiranes_durresit_dhe_gjithe_shq_01.jpg\",\"datePublished\":\"2025-12-18T10:44:45+00:00\",\"dateModified\":\"2026-02-24T08:26:01+00:00\",\"breadcrumb\":{\"@id\":\"https:\/\/orthodoxalbania.org\/2020\/2025\/12\/18\/biografia-e-fortlumturise-se-tij-kryepiskopit-te-tiranes-durresit-dhe-gjithe-shqiperise-imzot-joan-pelushi\/#breadcrumb\"},\"inLanguage\":\"en-US\",\"potentialAction\":[{\"@type\":\"ReadAction\",\"target\":[\"https:\/\/orthodoxalbania.org\/2020\/2025\/12\/18\/biografia-e-fortlumturise-se-tij-kryepiskopit-te-tiranes-durresit-dhe-gjithe-shqiperise-imzot-joan-pelushi\/\"]}]},{\"@type\":\"ImageObject\",\"inLanguage\":\"en-US\",\"@id\":\"https:\/\/orthodoxalbania.org\/2020\/2025\/12\/18\/biografia-e-fortlumturise-se-tij-kryepiskopit-te-tiranes-durresit-dhe-gjithe-shqiperise-imzot-joan-pelushi\/#primaryimage\",\"url\":\"https:\/\/orthodoxalbania.org\/2020\/wp-content\/uploads\/2025\/12\/biografia_e_fortlumturise_se_tij_kryepiskopit_te_tiranes_durresit_dhe_gjithe_shq_01.jpg\",\"contentUrl\":\"https:\/\/orthodoxalbania.org\/2020\/wp-content\/uploads\/2025\/12\/biografia_e_fortlumturise_se_tij_kryepiskopit_te_tiranes_durresit_dhe_gjithe_shq_01.jpg\",\"width\":1067,\"height\":1600},{\"@type\":\"BreadcrumbList\",\"@id\":\"https:\/\/orthodoxalbania.org\/2020\/2025\/12\/18\/biografia-e-fortlumturise-se-tij-kryepiskopit-te-tiranes-durresit-dhe-gjithe-shqiperise-imzot-joan-pelushi\/#breadcrumb\",\"itemListElement\":[{\"@type\":\"ListItem\",\"position\":1,\"name\":\"Home\",\"item\":\"https:\/\/orthodoxalbania.org\/2020\/\"},{\"@type\":\"ListItem\",\"position\":2,\"name\":\"Biografia e Fortlumturis\u00eb s\u00eb Tij, Kryepiskopit t\u00eb Tiran\u00ebs, Durr\u00ebsit dhe gjith\u00eb Shqip\u00ebris\u00eb Imzot Joan Pelushi\"}]},{\"@type\":\"WebSite\",\"@id\":\"https:\/\/orthodoxalbania.org\/2020\/#website\",\"url\":\"https:\/\/orthodoxalbania.org\/2020\/\",\"name\":\"Kisha Orthodh\u03bfkse Autoqefale e Shqip\u00ebris\u00eb\",\"description\":\"Fqja Zyrtare e Kish\u00ebs Orthodhokse Autoqefale e Shqip\u00ebris\u00eb me lajmet edhe informacionet zyrtare p\u00ebr struktur\u00ebn edhe veprimtarin e saj.\",\"publisher\":{\"@id\":\"https:\/\/orthodoxalbania.org\/2020\/#organization\"},\"potentialAction\":[{\"@type\":\"SearchAction\",\"target\":{\"@type\":\"EntryPoint\",\"urlTemplate\":\"https:\/\/orthodoxalbania.org\/2020\/?s={search_term_string}\"},\"query-input\":{\"@type\":\"PropertyValueSpecification\",\"valueRequired\":true,\"valueName\":\"search_term_string\"}}],\"inLanguage\":\"en-US\"},{\"@type\":\"Organization\",\"@id\":\"https:\/\/orthodoxalbania.org\/2020\/#organization\",\"name\":\"Kisha Orthodhokse Autoqefale e Shqip\u00ebris\u00eb\",\"url\":\"https:\/\/orthodoxalbania.org\/2020\/\",\"logo\":{\"@type\":\"ImageObject\",\"inLanguage\":\"en-US\",\"@id\":\"https:\/\/orthodoxalbania.org\/2020\/#\/schema\/logo\/image\/\",\"url\":\"https:\/\/orthodoxalbania.org\/2020\/wp-content\/uploads\/2020\/05\/albania.jpeg\",\"contentUrl\":\"https:\/\/orthodoxalbania.org\/2020\/wp-content\/uploads\/2020\/05\/albania.jpeg\",\"width\":540,\"height\":540,\"caption\":\"Kisha Orthodhokse Autoqefale e Shqip\u00ebris\u00eb\"},\"image\":{\"@id\":\"https:\/\/orthodoxalbania.org\/2020\/#\/schema\/logo\/image\/\"},\"sameAs\":[\"https:\/\/www.facebook.com\/koash1991\"]},{\"@type\":\"Person\",\"@id\":\"https:\/\/orthodoxalbania.org\/2020\/#\/schema\/person\/8f81792a8d818674e96c380e1085eb43\",\"name\":\"Administrator3\",\"image\":{\"@type\":\"ImageObject\",\"inLanguage\":\"en-US\",\"@id\":\"https:\/\/secure.gravatar.com\/avatar\/f6b85b21b3f9159ff2c0d0cf50724456629c45a3e9069c9124ecd8a6cb95f6ca?s=96&d=mm&r=g\",\"url\":\"https:\/\/secure.gravatar.com\/avatar\/f6b85b21b3f9159ff2c0d0cf50724456629c45a3e9069c9124ecd8a6cb95f6ca?s=96&d=mm&r=g\",\"contentUrl\":\"https:\/\/secure.gravatar.com\/avatar\/f6b85b21b3f9159ff2c0d0cf50724456629c45a3e9069c9124ecd8a6cb95f6ca?s=96&d=mm&r=g\",\"caption\":\"Administrator3\"}}]}<\/script>\n<!-- \/ Yoast SEO plugin. -->","yoast_head_json":{"title":"Biografia e Fortlumturis\u00eb s\u00eb Tij, Kryepiskopit t\u00eb Tiran\u00ebs, Durr\u00ebsit dhe gjith\u00eb Shqip\u00ebris\u00eb Imzot Joan Pelushi - Kisha Orthodh\u03bfkse Autoqefale e Shqip\u00ebris\u00eb","robots":{"index":"index","follow":"follow","max-snippet":"max-snippet:-1","max-image-preview":"max-image-preview:large","max-video-preview":"max-video-preview:-1"},"canonical":"https:\/\/orthodoxalbania.org\/2020\/2025\/12\/18\/biografia-e-fortlumturise-se-tij-kryepiskopit-te-tiranes-durresit-dhe-gjithe-shqiperise-imzot-joan-pelushi\/","og_locale":"en_US","og_type":"article","og_title":"Biografia e Fortlumturis\u00eb s\u00eb Tij, Kryepiskopit t\u00eb Tiran\u00ebs, Durr\u00ebsit dhe gjith\u00eb Shqip\u00ebris\u00eb Imzot Joan Pelushi - Kisha Orthodh\u03bfkse Autoqefale e Shqip\u00ebris\u00eb","og_description":"Fortlumturia e Tij, Kryepiskopi Imzot Joan Pelushi, u lind n\u00eb Tiran\u00eb m\u00eb 01.01.1956. M\u00eb 16 Mars 2025 u zgjodh unanimisht Kryepiskop i Kish\u00ebs Ortodokse Autoqefale t\u00eb Shqip\u00ebris\u00eb.","og_url":"https:\/\/orthodoxalbania.org\/2020\/2025\/12\/18\/biografia-e-fortlumturise-se-tij-kryepiskopit-te-tiranes-durresit-dhe-gjithe-shqiperise-imzot-joan-pelushi\/","og_site_name":"Kisha Orthodh\u03bfkse Autoqefale e Shqip\u00ebris\u00eb","article_publisher":"https:\/\/www.facebook.com\/koash1991","article_published_time":"2025-12-18T10:44:45+00:00","article_modified_time":"2026-02-24T08:26:01+00:00","og_image":[{"width":1067,"height":1600,"url":"https:\/\/orthodoxalbania.org\/2020\/wp-content\/uploads\/2025\/12\/biografia_e_fortlumturise_se_tij_kryepiskopit_te_tiranes_durresit_dhe_gjithe_shq_01.jpg","type":"image\/jpeg"}],"author":"Administrator3","twitter_card":"summary_large_image","twitter_misc":{"Written by":"Administrator3","Est. reading time":"4 minutes"},"schema":{"@context":"https:\/\/schema.org","@graph":[{"@type":"Article","@id":"https:\/\/orthodoxalbania.org\/2020\/2025\/12\/18\/biografia-e-fortlumturise-se-tij-kryepiskopit-te-tiranes-durresit-dhe-gjithe-shqiperise-imzot-joan-pelushi\/#article","isPartOf":{"@id":"https:\/\/orthodoxalbania.org\/2020\/2025\/12\/18\/biografia-e-fortlumturise-se-tij-kryepiskopit-te-tiranes-durresit-dhe-gjithe-shqiperise-imzot-joan-pelushi\/"},"author":{"name":"Administrator3","@id":"https:\/\/orthodoxalbania.org\/2020\/#\/schema\/person\/8f81792a8d818674e96c380e1085eb43"},"headline":"Biografia e Fortlumturis\u00eb s\u00eb Tij, Kryepiskopit t\u00eb Tiran\u00ebs, Durr\u00ebsit dhe gjith\u00eb Shqip\u00ebris\u00eb Imzot Joan Pelushi","datePublished":"2025-12-18T10:44:45+00:00","dateModified":"2026-02-24T08:26:01+00:00","mainEntityOfPage":{"@id":"https:\/\/orthodoxalbania.org\/2020\/2025\/12\/18\/biografia-e-fortlumturise-se-tij-kryepiskopit-te-tiranes-durresit-dhe-gjithe-shqiperise-imzot-joan-pelushi\/"},"wordCount":816,"publisher":{"@id":"https:\/\/orthodoxalbania.org\/2020\/#organization"},"image":{"@id":"https:\/\/orthodoxalbania.org\/2020\/2025\/12\/18\/biografia-e-fortlumturise-se-tij-kryepiskopit-te-tiranes-durresit-dhe-gjithe-shqiperise-imzot-joan-pelushi\/#primaryimage"},"thumbnailUrl":"https:\/\/orthodoxalbania.org\/2020\/wp-content\/uploads\/2025\/12\/biografia_e_fortlumturise_se_tij_kryepiskopit_te_tiranes_durresit_dhe_gjithe_shq_01.jpg","keywords":["Akademia Teologjike","dialogu nd\u00ebrfetar","Doctor Honoris Causa","Holy Cross","Imzot Joan Pelushi","Kisha Ortodokse Autoqefale e Shqip\u00ebris\u00eb","Kryepiskopi Anastas","Kryepiskopi Joan","Mitropolia e Kor\u00e7\u00ebs","Sinodi i Madh","Tempulli"],"articleSection":["Kryepiskopi"],"inLanguage":"en-US"},{"@type":"WebPage","@id":"https:\/\/orthodoxalbania.org\/2020\/2025\/12\/18\/biografia-e-fortlumturise-se-tij-kryepiskopit-te-tiranes-durresit-dhe-gjithe-shqiperise-imzot-joan-pelushi\/","url":"https:\/\/orthodoxalbania.org\/2020\/2025\/12\/18\/biografia-e-fortlumturise-se-tij-kryepiskopit-te-tiranes-durresit-dhe-gjithe-shqiperise-imzot-joan-pelushi\/","name":"Biografia e Fortlumturis\u00eb s\u00eb Tij, Kryepiskopit t\u00eb Tiran\u00ebs, Durr\u00ebsit dhe gjith\u00eb Shqip\u00ebris\u00eb Imzot Joan Pelushi - Kisha Orthodh\u03bfkse Autoqefale e Shqip\u00ebris\u00eb","isPartOf":{"@id":"https:\/\/orthodoxalbania.org\/2020\/#website"},"primaryImageOfPage":{"@id":"https:\/\/orthodoxalbania.org\/2020\/2025\/12\/18\/biografia-e-fortlumturise-se-tij-kryepiskopit-te-tiranes-durresit-dhe-gjithe-shqiperise-imzot-joan-pelushi\/#primaryimage"},"image":{"@id":"https:\/\/orthodoxalbania.org\/2020\/2025\/12\/18\/biografia-e-fortlumturise-se-tij-kryepiskopit-te-tiranes-durresit-dhe-gjithe-shqiperise-imzot-joan-pelushi\/#primaryimage"},"thumbnailUrl":"https:\/\/orthodoxalbania.org\/2020\/wp-content\/uploads\/2025\/12\/biografia_e_fortlumturise_se_tij_kryepiskopit_te_tiranes_durresit_dhe_gjithe_shq_01.jpg","datePublished":"2025-12-18T10:44:45+00:00","dateModified":"2026-02-24T08:26:01+00:00","breadcrumb":{"@id":"https:\/\/orthodoxalbania.org\/2020\/2025\/12\/18\/biografia-e-fortlumturise-se-tij-kryepiskopit-te-tiranes-durresit-dhe-gjithe-shqiperise-imzot-joan-pelushi\/#breadcrumb"},"inLanguage":"en-US","potentialAction":[{"@type":"ReadAction","target":["https:\/\/orthodoxalbania.org\/2020\/2025\/12\/18\/biografia-e-fortlumturise-se-tij-kryepiskopit-te-tiranes-durresit-dhe-gjithe-shqiperise-imzot-joan-pelushi\/"]}]},{"@type":"ImageObject","inLanguage":"en-US","@id":"https:\/\/orthodoxalbania.org\/2020\/2025\/12\/18\/biografia-e-fortlumturise-se-tij-kryepiskopit-te-tiranes-durresit-dhe-gjithe-shqiperise-imzot-joan-pelushi\/#primaryimage","url":"https:\/\/orthodoxalbania.org\/2020\/wp-content\/uploads\/2025\/12\/biografia_e_fortlumturise_se_tij_kryepiskopit_te_tiranes_durresit_dhe_gjithe_shq_01.jpg","contentUrl":"https:\/\/orthodoxalbania.org\/2020\/wp-content\/uploads\/2025\/12\/biografia_e_fortlumturise_se_tij_kryepiskopit_te_tiranes_durresit_dhe_gjithe_shq_01.jpg","width":1067,"height":1600},{"@type":"BreadcrumbList","@id":"https:\/\/orthodoxalbania.org\/2020\/2025\/12\/18\/biografia-e-fortlumturise-se-tij-kryepiskopit-te-tiranes-durresit-dhe-gjithe-shqiperise-imzot-joan-pelushi\/#breadcrumb","itemListElement":[{"@type":"ListItem","position":1,"name":"Home","item":"https:\/\/orthodoxalbania.org\/2020\/"},{"@type":"ListItem","position":2,"name":"Biografia e Fortlumturis\u00eb s\u00eb Tij, Kryepiskopit t\u00eb Tiran\u00ebs, Durr\u00ebsit dhe gjith\u00eb Shqip\u00ebris\u00eb Imzot Joan Pelushi"}]},{"@type":"WebSite","@id":"https:\/\/orthodoxalbania.org\/2020\/#website","url":"https:\/\/orthodoxalbania.org\/2020\/","name":"Kisha Orthodh\u03bfkse Autoqefale e Shqip\u00ebris\u00eb","description":"Fqja Zyrtare e Kish\u00ebs Orthodhokse Autoqefale e Shqip\u00ebris\u00eb me lajmet edhe informacionet zyrtare p\u00ebr struktur\u00ebn edhe veprimtarin e saj.","publisher":{"@id":"https:\/\/orthodoxalbania.org\/2020\/#organization"},"potentialAction":[{"@type":"SearchAction","target":{"@type":"EntryPoint","urlTemplate":"https:\/\/orthodoxalbania.org\/2020\/?s={search_term_string}"},"query-input":{"@type":"PropertyValueSpecification","valueRequired":true,"valueName":"search_term_string"}}],"inLanguage":"en-US"},{"@type":"Organization","@id":"https:\/\/orthodoxalbania.org\/2020\/#organization","name":"Kisha Orthodhokse Autoqefale e Shqip\u00ebris\u00eb","url":"https:\/\/orthodoxalbania.org\/2020\/","logo":{"@type":"ImageObject","inLanguage":"en-US","@id":"https:\/\/orthodoxalbania.org\/2020\/#\/schema\/logo\/image\/","url":"https:\/\/orthodoxalbania.org\/2020\/wp-content\/uploads\/2020\/05\/albania.jpeg","contentUrl":"https:\/\/orthodoxalbania.org\/2020\/wp-content\/uploads\/2020\/05\/albania.jpeg","width":540,"height":540,"caption":"Kisha Orthodhokse Autoqefale e Shqip\u00ebris\u00eb"},"image":{"@id":"https:\/\/orthodoxalbania.org\/2020\/#\/schema\/logo\/image\/"},"sameAs":["https:\/\/www.facebook.com\/koash1991"]},{"@type":"Person","@id":"https:\/\/orthodoxalbania.org\/2020\/#\/schema\/person\/8f81792a8d818674e96c380e1085eb43","name":"Administrator3","image":{"@type":"ImageObject","inLanguage":"en-US","@id":"https:\/\/secure.gravatar.com\/avatar\/f6b85b21b3f9159ff2c0d0cf50724456629c45a3e9069c9124ecd8a6cb95f6ca?s=96&d=mm&r=g","url":"https:\/\/secure.gravatar.com\/avatar\/f6b85b21b3f9159ff2c0d0cf50724456629c45a3e9069c9124ecd8a6cb95f6ca?s=96&d=mm&r=g","contentUrl":"https:\/\/secure.gravatar.com\/avatar\/f6b85b21b3f9159ff2c0d0cf50724456629c45a3e9069c9124ecd8a6cb95f6ca?s=96&d=mm&r=g","caption":"Administrator3"}}]}},"_links":{"self":[{"href":"https:\/\/orthodoxalbania.org\/2020\/wp-json\/wp\/v2\/posts\/68902","targetHints":{"allow":["GET"]}}],"collection":[{"href":"https:\/\/orthodoxalbania.org\/2020\/wp-json\/wp\/v2\/posts"}],"about":[{"href":"https:\/\/orthodoxalbania.org\/2020\/wp-json\/wp\/v2\/types\/post"}],"author":[{"embeddable":true,"href":"https:\/\/orthodoxalbania.org\/2020\/wp-json\/wp\/v2\/users\/5"}],"replies":[{"embeddable":true,"href":"https:\/\/orthodoxalbania.org\/2020\/wp-json\/wp\/v2\/comments?post=68902"}],"version-history":[{"count":3,"href":"https:\/\/orthodoxalbania.org\/2020\/wp-json\/wp\/v2\/posts\/68902\/revisions"}],"predecessor-version":[{"id":69290,"href":"https:\/\/orthodoxalbania.org\/2020\/wp-json\/wp\/v2\/posts\/68902\/revisions\/69290"}],"wp:featuredmedia":[{"embeddable":true,"href":"https:\/\/orthodoxalbania.org\/2020\/wp-json\/wp\/v2\/media\/68899"}],"wp:attachment":[{"href":"https:\/\/orthodoxalbania.org\/2020\/wp-json\/wp\/v2\/media?parent=68902"}],"wp:term":[{"taxonomy":"category","embeddable":true,"href":"https:\/\/orthodoxalbania.org\/2020\/wp-json\/wp\/v2\/categories?post=68902"},{"taxonomy":"post_tag","embeddable":true,"href":"https:\/\/orthodoxalbania.org\/2020\/wp-json\/wp\/v2\/tags?post=68902"}],"curies":[{"name":"wp","href":"https:\/\/api.w.org\/{rel}","templated":true}]}}