{"id":689,"date":"2006-02-26T00:00:00","date_gmt":"2006-02-26T00:00:00","guid":{"rendered":""},"modified":"2020-04-06T22:41:50","modified_gmt":"2020-04-06T20:41:50","slug":"kampi-i-dyte-i-vajzave-bariu-i-mire-ne-shen-joan-vladimir-gusht-06","status":"publish","type":"post","link":"https:\/\/orthodoxalbania.org\/2020\/2006\/02\/26\/kampi-i-dyte-i-vajzave-bariu-i-mire-ne-shen-joan-vladimir-gusht-06\/","title":{"rendered":"Kampi i dyt\u00eb i vajzave &#8220;Bariu i Mir\u00eb&#8221; n\u00eb Sh\u00ebn Joan Vladimir. (24 Korrik &#8211; 4 Gusht 2006)"},"content":{"rendered":"<div style=\"text-align: justify;\"><span style=\"color: #000000;\"><span style=\"font-family: tahoma,geneva,sans-serif;\"><span style=\"font-size: 12px;\"><img decoding=\"async\" class=\"lazyload HAa Eha\" style=\"height: 166px; width: 250px; border-width: 1px; border-style: solid; margin: 10px; float: left;\" alt=\"\" src=\"data:image\/gif;base64,R0lGODlhAQABAAAAACH5BAEKAAEALAAAAAABAAEAAAICTAEAOw==\" data-orig-src=\"https:\/\/lh3.googleusercontent.com\/-lYElaYWFWBU\/VIf-PK9JFrI\/AAAAAAAAFqc\/Xt0HLELgebs\/w350-h232-no\/1text.jpg\" \/>&nbsp;&nbsp;&nbsp; P\u00ebrfundoi n\u00eb dat\u00ebn 4 gusht 2006 kampi i dyt\u00eb i vajzave i zhvilluar edhe k\u00ebt\u00eb vit n\u00eb manastirin e bukur t\u00eb Sh\u00ebn Joan Vladimirit, pran\u00eb qytetit t\u00eb Elbasanit. Ky manastir q\u00eb p\u00ebr t\u00eb n\u00ebntin vit \u00e7do ver\u00eb mir\u00ebpret vajza nga e gjith\u00eb Shqip\u00ebria, mikpriti p\u00ebr 12 dit\u00eb (24 korrik \u2013 4 gusht) rreth 80 vajza pothuajse nga t\u00eb gjitha rrethet e Shqip\u00ebris\u00eb, nga t\u00eb cilat rreth 25 prej tyre vinin p\u00ebr her\u00eb t\u00eb par\u00eb n\u00eb k\u00ebt\u00eb aktivitet kaq mbres\u00ebl\u00ebn\u00ebs, i cili organizohet n\u00ebn kujdesin dhe mb\u00ebshtetjen e ve\u00e7ant\u00eb financiare t\u00eb vet\u00eb Kryepiskopit Anastas.<\/span><\/span><\/span><\/div>\n<div style=\"text-align: justify;\">&nbsp;<\/div>\n<div style=\"text-align: justify;\"><span style=\"color: #000000;\"><span style=\"font-family: tahoma,geneva,sans-serif;\"><span style=\"font-size: 12px;\">&nbsp;&nbsp; Tema kryesore e kampit t\u00eb vajzave p\u00ebr k\u00ebt\u00eb vit (p\u00ebr t\u00eb tre periudhat) ishte \u201cMos u mund nga e keqja, por munde t\u00eb keqen me t\u00eb mir\u00ebn\u201d, varg ky i shk\u00ebputur nga letra e apostull Pavlit drejtuar Romak\u00ebve (12:21).&nbsp;<\/span><\/span><\/span><\/div>\n<div style=\"text-align: justify;\">&nbsp;<\/div>\n<div style=\"text-align: justify;\"><span style=\"color: #000000;\"><span style=\"font-family: tahoma,geneva,sans-serif;\"><span style=\"font-size: 12px;\"><img decoding=\"async\" class=\"lazyload HAa Eha\" style=\"height: 166px; width: 250px; border-width: 1px; border-style: solid; margin: 10px; float: right;\" alt=\"\" src=\"data:image\/gif;base64,R0lGODlhAQABAAAAACH5BAEKAAEALAAAAAABAAEAAAICTAEAOw==\" data-orig-src=\"https:\/\/lh4.googleusercontent.com\/-UmR0Q_eUN3M\/VIf-WciV7AI\/AAAAAAAAFp4\/dH4UfAqr2as\/w350-h232-no\/2text.jpg\" \/>&nbsp;&nbsp; Drejtueset e kampit t\u00eb dyt\u00eb, znj. Sonila Dedja dhe znj. Elena Krakulli, n\u00eb bashk\u00ebpunim me koordinatoren kryesore t\u00eb kampit t\u00eb vajzave znj. Ana Baba, u p\u00ebrpoq\u00ebn q\u00eb t\u00eb krijonin nj\u00eb program t\u00eb larmish\u00ebm duke nd\u00ebrthurur programin shpirt\u00ebror me at\u00eb arg\u00ebtues. Drejtuesit shpirt\u00ebror p\u00ebr kampin e dyt\u00eb ishin misionar\u00ebt amerikan\u00eb, znj. Lynette Hoppe dhe bashk\u00ebshorti i saj z. Nathan Hoppe si edhemisionarja tjet\u00ebr, e cila q\u00eb prej dy vjet\u00ebsh ndihmon Kish\u00ebn Orthodhokse Autoqefale t\u00eb Shqip\u00ebris\u00eb znj. Christine Pappas. Klerik p\u00ebr kryerjen e sh\u00ebrbesave t\u00eb m\u00ebngjesit dhe t\u00eb dark\u00ebs ishte at\u00eb Kristo Sharko.<\/span><\/span><\/span><\/div>\n<div style=\"text-align: justify;\">&nbsp;<\/div>\n<div style=\"text-align: justify;\"><span style=\"color: #000000;\"><span style=\"font-family: tahoma,geneva,sans-serif;\"><span style=\"font-size: 12px;\">&nbsp;&nbsp; Vajzat u ndan\u00eb n\u00eb tet\u00eb grupe me emrat: Misionar\u00ebt, Shenjtor\u00ebt, Osh\u00ebnar\u00ebt, Profet\u00ebt, D\u00ebshmor\u00ebt, M\u00ebsuesit, Martir\u00ebt, Dishepujt, drejtuese t\u00eb t\u00eb cilave ishin vajzat, studente t\u00eb Akademis\u00eb Teologjike \u201cNgjallja e Krishtit\u201d Sh\u00ebn Vlash t\u00eb Durr\u00ebsit (Cveta Thanasi, Nikola Marku (e diplomuar), Parashqevi Gega, Elisabeta Shqahu, Sevastiani Semini, Gregora Sk\u00ebnderi (e diplomuar), Eleni Baba (e diplomuar), Sofia Bregu, Varvara Bo\u00e7o (e diplomuar) Elisabeta Pelushi).<\/span><\/span><\/span><\/div>\n<div style=\"text-align: justify;\">&nbsp;<\/div>\n<div style=\"text-align: justify;\"><span style=\"color: #000000;\"><span style=\"font-family: tahoma,geneva,sans-serif;\"><span style=\"font-size: 12px;\">&nbsp;<img decoding=\"async\" class=\"lazyload HAa Eha\" style=\"height: 187px; width: 250px; border-width: 1px; border-style: solid; margin: 10px; float: left;\" alt=\"\" src=\"data:image\/gif;base64,R0lGODlhAQABAAAAACH5BAEKAAEALAAAAAABAAEAAAICTAEAOw==\" data-orig-src=\"https:\/\/lh5.googleusercontent.com\/-F4WTKOFNizA\/VIf-PlwkvKI\/AAAAAAAAFqc\/J5VCLRuXJvQ\/w350-h262-no\/3text.jpg\" \/>&nbsp; Gjat\u00eb periudh\u00ebs s\u00eb kampit u organizuan mjaft aktivitete, t\u00eb cilat kishin si q\u00ebllim formimin dhe pasurimin e jet\u00ebs fetare t\u00eb t\u00eb gjitha vajzave pjes\u00ebmarr\u00ebseve. Programi i nj\u00eb dite fillonte me sh\u00ebrbes\u00ebn e M\u00ebngjesores n\u00eb fund t\u00eb t\u00eb cil\u00ebs \u00e7do drejtuese grupi, duke respektuar nj\u00eb rradh\u00eb b\u00ebnte nj\u00eb meditim rreth 5 minuta (n\u00eb kish\u00eb) me p\u00ebrmbajtje nga apostulli ose ungjilli i dit\u00ebs, ose nj\u00eb d\u00ebshmi personale e jet\u00ebs s\u00eb tyre me Per\u00ebndin\u00eb. M\u00eb pas programi vazhdonte me&nbsp; koh\u00ebn e qet\u00eb, e cila p\u00ebr t\u00eb gjitha vajzat \u00ebsht\u00eb nj\u00eb moment shum\u00eb i bukur gjat\u00eb gjith\u00eb dit\u00ebs. P\u00ebr 15 minuta ato p\u00ebrpiqen t\u00eb ken\u00eb nj\u00eb koh\u00eb t\u00eb qet\u00eb vet\u00ebm me Per\u00ebndin\u00eb.<\/span><\/span><\/span><\/div>\n<div style=\"text-align: justify;\">&nbsp;<\/div>\n<div style=\"text-align: justify;\"><span style=\"color: #000000;\"><span style=\"font-family: tahoma,geneva,sans-serif;\"><span style=\"font-size: 12px;\">&nbsp;&nbsp;&nbsp; Vakti i m\u00ebngjesit i mblidhte t\u00eb gjitha vajzat n\u00eb mens\u00eb nga ku edhe m\u00eb pas shp\u00ebrndaheshin p\u00ebr t\u2019umarr\u00eb me pastimin rreth kampit (pun\u00eb q\u00eb kryheshin n\u00eb baz\u00eb t\u00eb nj\u00eb rradhe). Gjat\u00eb dit\u00ebs n\u00eb program b\u00ebhej nj\u00eb studim biblik ose nje referat. Studimet biblike ishin me tema t\u00eb ndryshme rreth besimit dhe p\u00ebr k\u00ebt\u00eb vit ishin p\u00ebrzgjedhur temat e r\u00ebnd\u00ebsishme si: rreth kish\u00ebs, rreth lutjes n\u00eb Kish\u00ebn ton\u00eb rrethmistereve etj. Nd\u00ebrsa referatet ishin me tem\u00eb nga vargjet e paragrafit t\u00eb shk\u00ebputur nga letra e apostull Pavlit drejtuar Romak\u00ebve 12:9\u201321. Referuesit ishin nj\u00ebkoh\u00ebsisht edhe t\u00eb ftuarit n\u00eb kampin ton\u00eb. Nj\u00eb falenderim t\u00eb ve\u00e7ant\u00eb p\u00ebr t\u00eb gjith\u00eb ata q\u00eb pranuan t\u00eb ndanin me pjes\u00ebmarr\u00ebset n\u00eb k\u00ebt\u00eb kamp njohurit\u00eb e tyre rreth k\u00ebtyre temave duke p\u00ebrmendur k\u00ebtu: Christine Pappas, Hierdhjakon Asti Bakallbashi, Arkimandrit Andon Merdani, Nathan Hoppe dhe Lynette Hoppe.<\/span><\/span><\/span><\/div>\n<div style=\"text-align: justify;\">&nbsp;<\/div>\n<div style=\"text-align: justify;\"><span style=\"color: #000000;\"><span style=\"font-family: tahoma,geneva,sans-serif;\"><span style=\"font-size: 12px;\"><img decoding=\"async\" class=\"lazyload HAa Eha\" style=\"height: 187px; width: 250px; border-width: 1px; border-style: solid; margin: 10px; float: right;\" alt=\"\" src=\"data:image\/gif;base64,R0lGODlhAQABAAAAACH5BAEKAAEALAAAAAABAAEAAAICTAEAOw==\" data-orig-src=\"https:\/\/lh4.googleusercontent.com\/-x9yXQ9oSgds\/VIf-P18OlbI\/AAAAAAAAFqc\/kbeNYnKDim8\/w350-h262-no\/5text.jpg\" \/>&nbsp;&nbsp;&nbsp; Si \u00e7do vit n\u00eb programin e kampit \u00ebsht\u00eb edhe puna e dor\u00ebs q\u00eb p\u00ebr k\u00ebt\u00eb vit ishte nj\u00eb punim dore me rruaza dhe fije, e cila mund t\u00eb p\u00ebrdorej si var\u00ebse ose zbukurim p\u00ebr korniza, kartolina etj. P\u00ebrgjegj\u00ebse p\u00ebr pun\u00ebn e dor\u00ebs ishte znj. Lynette Hoppe, e cila e paraqiti dhe e punoi k\u00ebt\u00eb projekt me t\u00eb gjitha vajzat me shum\u00eb dashuri dhe durim.<\/span><\/span><\/span><\/div>\n<div style=\"text-align: justify;\">&nbsp;<\/div>\n<div style=\"text-align: justify;\"><span style=\"color: #000000;\"><span style=\"font-family: tahoma,geneva,sans-serif;\"><span style=\"font-size: 12px;\">&nbsp;&nbsp;&nbsp; Mbasditja p\u00ebr vajzat ishte shum\u00eb arg\u00ebtuese, sepse t\u00eb gjitha grupet merrnin pjes\u00eb n\u00eb kampionatin e volejbollit t\u00eb drejtuar me shum\u00eb p\u00ebrkushtim nga nj\u00ebra nga p\u00ebrgjegj\u00ebset p\u00ebr aktivitetet e ve\u00e7anta, znj. Parashqevi Gjergo. Vajzat e tjera t\u00eb cilat nuk kishin ndeshjen e radh\u00ebs merreshin me lojra t\u00eb tjera ose p\u00ebrgatiteshin p\u00ebr aktivitetet e p\u00ebrbashk\u00ebta si\u00e7 ishte krijimi i himnit t\u00eb grupit p\u00ebr dit\u00ebn e Lojrave Olimpike, e cila u zhvillua n\u00eb dat\u00eb 30 korrik. P\u00ebrfundimi i k\u00ebtyre lojrave na dhuroi shum\u00eb k\u00ebnaq\u00ebsi, sepse t\u00eb gjith\u00eb grupet u vl\u00ebr\u00ebsuan me nj\u00eb \u00e7mim duke p\u00ebrfshir\u00eb k\u00ebtu edhe \u00e7mimin p\u00ebr grupin q\u00eb ka luajtur me m\u00eb shum\u00eb paqe, grupi m\u00eb i g\u00ebzuar, grupi q\u00eb \u00ebsht\u00eb sjell\u00eb me m\u00eb shum\u00eb dashuri etj. T\u00eb gjitha k\u00ebto \u00e7mime vler\u00ebsuan n\u00eb nj\u00eb m\u00ebnyr\u00eb m\u00eb t\u00eb ve\u00e7ant\u00eb vajzat dhe marr\u00ebdh\u00ebniet e tyre me nj\u00ebra-tjetr\u00ebn gjat\u00eb q\u00ebndrimit n\u00eb kamp. K\u00ebt\u00ebvit programi p\u00ebrmbante edhe disa aktivitete t\u00eb ve\u00e7anta, t\u00eb cilat i dhan\u00eb m\u00eb tep\u00ebr gjall\u00ebri jet\u00ebs n\u00eb kamp. Nj\u00eb nat\u00eb u organizua nj\u00eb dark\u00eb e ve\u00e7ant\u00eb, e cila nuk pati mens\u00ebn si vend p\u00ebr t\u00eb ngr\u00ebn\u00eb, por ambjentin jasht\u00eb. Tavolinat ishin zbukuruar me qirinj dhe lule dhe po at\u00eb nat\u00eb u organizua edhe konkursi i kostumeve t\u00eb b\u00ebra nga vet\u00eb vajzat me letra me ngjyra. Ishte nj\u00eb mbr\u00ebmje shum\u00eb e bukur dhe disa nga vajzat p\u00ebrsh\u00ebndet\u00ebn me k\u00ebng\u00eb ose recitime.<\/span><\/span><\/span><\/div>\n<div style=\"text-align: justify;\">&nbsp;<\/div>\n<div style=\"text-align: justify;\"><span style=\"color: #000000;\"><span style=\"font-family: tahoma,geneva,sans-serif;\"><span style=\"font-size: 12px;\"><img decoding=\"async\" class=\"lazyload HAa Eha\" style=\"height: 187px; width: 250px; border-width: 1px; border-style: solid; margin: 10px; float: left;\" alt=\"\" src=\"data:image\/gif;base64,R0lGODlhAQABAAAAACH5BAEKAAEALAAAAAABAAEAAAICTAEAOw==\" data-orig-src=\"https:\/\/lh4.googleusercontent.com\/-TmEpoTc1qdo\/VIf-QAzf3tI\/AAAAAAAAFqc\/DKr8gUQVPyM\/w350-h262-no\/6text.jpg\" \/>&nbsp;&nbsp;&nbsp; Aktiviteti tjet\u00ebr i ri ishte edhe organizimi i nj\u00eb konkursi mbi temat e referateve, studimet biblike dhe diskutimeve t\u00eb tjera q\u00eb u b\u00ebn\u00eb n\u00eb kamp. Projekti i organizimit t\u00eb ditarit p\u00ebr dit\u00ebt n\u00eb kamp ishte shum\u00eb kuptimplot\u00eb dhe t\u00eb gjitha pjes\u00ebmarr\u00ebset shpreh\u00ebn mendimet dhe p\u00ebrshtypjet e tyre p\u00ebr programin, aktivitetet dhe jet\u00ebn n\u00eb kamp, duke ndihmuar n\u00eb k\u00ebt\u00eb m\u00ebnyr\u00eb organizuesit e kampit p\u00ebr programet n\u00eb vazhdim. Nj\u00eb mbasdite e ve\u00e7ant\u00eb iu dedikua prezantimit t\u00eb Akademis\u00eb Teologjike \u201cNgjallja e Krishtit\u201d n\u00eb sh\u00ebn Vlash, Durr\u00ebs. Ky prezantim u paraqit me power point nd\u00ebrkoh\u00eb q\u00eb mbi jet\u00ebn akademike d\u00ebshmuan dy vajza t\u00eb sapo diplomuara nga kjo Akademi. Z. Nathan Hoppe, duke q\u00ebn\u00eb nj\u00eb prej an\u00ebtar\u00ebve t\u00eb stafit pedagogjik t\u00eb k\u00ebsaj Akademie, theksoi r\u00ebnd\u00ebsin\u00eb e m\u00ebsimdh\u00ebnies n\u00eb k\u00ebt\u00eb shkoll\u00eb si edhe ftoi t\u00eb gjith\u00eb ato q\u00eb do t\u00eb donin t\u00eb pranonin thirrjen \u201cKushdo t\u00eb shkoj\u00eb p\u00ebrmua?\u201d<\/span><\/span><\/span><\/div>\n<div style=\"text-align: justify;\">&nbsp;<\/div>\n<div style=\"text-align: justify;\"><span style=\"color: #000000;\"><span style=\"font-family: tahoma,geneva,sans-serif;\"><span style=\"font-size: 12px;\"><img decoding=\"async\" class=\"lazyload HAa Eha\" style=\"height: 187px; width: 250px; border-width: 1px; border-style: solid; margin: 10px; float: right;\" alt=\"\" src=\"data:image\/gif;base64,R0lGODlhAQABAAAAACH5BAEKAAEALAAAAAABAAEAAAICTAEAOw==\" data-orig-src=\"https:\/\/lh6.googleusercontent.com\/-pdME0Q7GMjc\/VIf-QfskbQI\/AAAAAAAAFoY\/BaxT3Pg-s4w\/w350-h262-no\/7text.jpg\" \/>&nbsp;&nbsp;&nbsp; Gjat\u00eb dit\u00ebve, vajzat pat\u00ebn mund\u00ebsin\u00eb t\u00eb merrnin pjes\u00eb edhe n\u00eb diskutimet me tema sociale si psh: &#8220;Familja e krishter\u00eb&#8221;, &#8220;Marrdh\u00ebniet seksuale p\u00ebrpara martes\u00ebs&#8221;, t\u00eb mbajtura k\u00ebto nga drejtuesit shpirt\u00ebror\u00eb t\u00eb kampit. U zhvillua edhe nj\u00eb tem\u00eb e ve\u00e7ant\u00eb mbi misterin e rr\u00ebfimit, e cila i ndihmoi vajzat t\u00eb merrnin pjes\u00eb n\u00eb k\u00ebt\u00eb mister, q\u00eb u b\u00eb i mundur t\u00eb kryhej nga at\u00eb Jani Trebicka.<\/span><\/span><\/span><\/div>\n<div style=\"text-align: justify;\">&nbsp;<\/div>\n<div style=\"text-align: justify;\"><span style=\"color: #000000;\"><span style=\"font-family: tahoma,geneva,sans-serif;\"><span style=\"font-size: 12px;\">&nbsp;&nbsp;&nbsp;&nbsp; Shtat\u00eb vajza pat\u00ebn mund\u00ebsin\u00eb t\u00eb pag\u00ebzoheshin n\u00eb kamp dhe t\u00eb fillojn\u00eb k\u00ebshtu jet\u00ebn e re me Krishtin, duke kujtuar gjithmon\u00eb q\u00ebllimin kryesor t\u00eb jet\u00ebs me Per\u00ebndin\u00eb.<\/span><\/span><\/span><\/div>\n<div style=\"text-align: justify;\">&nbsp;<\/div>\n<div style=\"text-align: justify;\"><span style=\"color: #000000;\"><span style=\"font-family: tahoma,geneva,sans-serif;\"><span style=\"font-size: 12px;\">&nbsp;&nbsp; &nbsp; N\u00eb dat\u00ebn 2 gusht, dit\u00ebn e 14-vjetorit t\u00eb fron\u00ebzimit t\u00eb Kryepiskopit Anastas kampi organizoi nj\u00ebekskursion dhe t\u00eb gjitha vajzat mor\u00ebn pjes\u00eb n\u00eb liturgjin\u00eb hyjnore zhvilluar n\u00eb kish\u00ebn&nbsp; \u201cUngjillizimi i Per\u00ebndilin\u00ebses\u201d n\u00eb Tiran\u00eb. M\u00eb pas u krye nj\u00eb vizit\u00eb e shkurt\u00ebr n\u00eb manastirin e Sh\u00ebn Vlashit dhe disa or\u00eb t\u00eb k\u00ebndshme n\u00eb plazhin e Durr\u00ebsit.<\/span><\/span><\/span><\/div>\n<div style=\"text-align: justify;\">&nbsp;<\/div>\n<div style=\"text-align: justify;\"><span style=\"color: #000000;\"><span style=\"font-family: tahoma,geneva,sans-serif;\"><span style=\"font-size: 12px;\"><img decoding=\"async\" class=\"lazyload HAa Eha\" style=\"height: 187px; width: 250px; border-width: 1px; border-style: solid; margin: 10px; float: left;\" alt=\"\" src=\"data:image\/gif;base64,R0lGODlhAQABAAAAACH5BAEKAAEALAAAAAABAAEAAAICTAEAOw==\" data-orig-src=\"https:\/\/lh5.googleusercontent.com\/-A8btSw3GPLc\/VIf-Q-KdIRI\/AAAAAAAAFoc\/dsGsoiPKQ6E\/w350-h262-no\/8text.jpg\" \/>&nbsp;&nbsp;&nbsp; P\u00ebrve\u00e7 sh\u00ebrbesave t\u00eb M\u00ebngjesores dhe Pasdark\u00ebs, vajzat pat\u00ebn mund\u00ebsin\u00eb t\u00eb merrnin pjes\u00eb n\u00eb dy Liturgji Hyjnore t\u00eb organizuara n\u00eb kamp dhe n\u00eb nj\u00ebr\u00ebn prej tyre d\u00ebgjuan edhe nj\u00eb shpjegim t\u00eb k\u00ebsaj sh\u00ebrbese dh\u00ebn\u00eb nga hierodhjakon Asti Bakallbashi.<\/span><\/span><\/span><\/div>\n<div style=\"text-align: justify;\">&nbsp;<\/div>\n<div style=\"text-align: justify;\"><span style=\"color: #000000;\"><span style=\"font-family: tahoma,geneva,sans-serif;\"><span style=\"font-size: 12px;\"><img decoding=\"async\" class=\"lazyload HAa Eha\" style=\"height: 187px; width: 250px; border-width: 1px; border-style: solid; margin: 10px; float: right;\" alt=\"\" src=\"data:image\/gif;base64,R0lGODlhAQABAAAAACH5BAEKAAEALAAAAAABAAEAAAICTAEAOw==\" data-orig-src=\"https:\/\/lh6.googleusercontent.com\/-ujQUh90XpLs\/VIf-PU4m5mI\/AAAAAAAAFoI\/mVXuHLCj4Eo\/w350-h262-no\/10text.jpg\" \/>&nbsp;&nbsp;&nbsp; Loja e motr\u00ebs misterioze dhe aktivitetet n\u00eb grup p\u00ebr t\u00eb njohur nj\u00ebra-tjetr\u00ebn jan\u00eb kthyer n\u00eb tradit\u00eb dhe priten me shum\u00eb d\u00ebshir\u00eb nga vajzat. Nuk mund t\u00eb lem\u00eb pa p\u00ebrmendur dhe falenderuar p\u00ebrgjegj\u00ebsen e kuzhin\u00ebs prift\u00ebresh\u00ebn Julita Sharko, e cila s\u00eb bashku me stafin u kujdes\u00ebn q\u00eb t\u00eb kishim nj\u00eb ushqim t\u00eb mir\u00eb dhe me shum\u00eb vitamina. Nj\u00eb sh\u00ebrbim i ve\u00e7ant\u00eb u ofrua p\u00ebr vajzat k\u00ebt\u00eb vit sindihm\u00eb nga Qendra Mjek\u00ebsore Diagnostike Ungjillizimi, Tiran\u00eb, e cila konsistonte n\u00eb sh\u00ebrbimin dentar me an\u00ebn e nj\u00eb makinerie l\u00ebviz\u00ebse e drejtuar nga Dr. Genci Naka.<\/span><\/span><\/span><\/div>\n<div style=\"text-align: justify;\">&nbsp;<\/div>\n<div style=\"text-align: justify;\"><span style=\"color: #000000;\"><span style=\"font-family: tahoma,geneva,sans-serif;\"><span style=\"font-size: 12px;\">&nbsp;&nbsp;&nbsp;&nbsp; Nata e fundit e programit t\u00eb kampit ishte shum\u00eb arg\u00ebtuese (me k\u00ebng\u00eb dhe valle), e cila pasoi me momentet e jet\u00ebs n\u00eb kamp gjat\u00eb 12 dit\u00ebve t\u00eb paraqitura me foto.<\/span><\/span><\/span><br \/> &nbsp;<\/div>\n<div style=\"text-align: justify;\"><span style=\"color: #000000;\"><span style=\"font-family: tahoma,geneva,sans-serif;\"><span style=\"font-size: 12px;\">&nbsp;&nbsp;&nbsp;&nbsp; T\u00eb gjitha vajzat p\u00ebr k\u00ebto dit\u00eb n\u00eb kamp paguan vet\u00ebm 2000 lek\u00eb, nj\u00eb shum\u00eb e cila \u00ebsht\u00eb vet\u00ebm nj\u00eb pjes\u00eb e vog\u00ebl e gjith\u00eb shpezimeve p\u00ebr aktivitetin. P\u00ebrfundoi edhe ky kamp duke i uruar mir\u00ebseardhjen kampit tjet\u00ebr, atij p\u00ebr vajzat studente dhe me falenderim e mir\u00ebnjohje p\u00ebr t\u00eb gjith\u00eb ata, t\u00eb cil\u00ebt mund\u00ebsuan k\u00ebt\u00eb aktivitet.<\/span><\/span><\/span><\/div>\n<div style=\"text-align: justify;\">&nbsp;<\/div>\n<div style=\"text-align: justify;\"><span style=\"font-size: 12px;\"><span style=\"color: #000000;\"><b><span style=\"font-family: Arial;\">Sonila Dedja<\/span><\/b><\/span><\/span><\/div>\n<div style=\"text-align: justify;\">&nbsp;<\/div>\n<div style=\"text-align: center;\"><img decoding=\"async\" class=\"lazyload HAa Eha\" style=\"height: 233px; width: 350px; border-width: 1px; border-style: solid; margin: 10px;\" alt=\"\" src=\"data:image\/gif;base64,R0lGODlhAQABAAAAACH5BAEKAAEALAAAAAABAAEAAAICTAEAOw==\" data-orig-src=\"https:\/\/lh6.googleusercontent.com\/-sxedZ_Fw29A\/VIf-SDBeQ5I\/AAAAAAAAFpA\/WSD7TLScpa4\/w600-h399-no\/untitled1.jpg\" \/><\/div>\n<div style=\"text-align: center;\">&nbsp;<\/div>\n<div style=\"text-align: center;\"><img decoding=\"async\" class=\"lazyload HAa Eha\" style=\"height: 259px; width: 350px; border-width: 1px; border-style: solid; margin: 10px;\" alt=\"\" src=\"data:image\/gif;base64,R0lGODlhAQABAAAAACH5BAEKAAEALAAAAAABAAEAAAICTAEAOw==\" data-orig-src=\"https:\/\/lh6.googleusercontent.com\/-NPEJKa3jJGU\/VIf-TgA_NlI\/AAAAAAAAFqU\/antDmdmnNg4\/w600-h444-no\/untitled2.jpg\" \/><\/div>\n<div style=\"text-align: center;\">&nbsp;<\/div>\n<div style=\"text-align: center;\"><img decoding=\"async\" class=\"lazyload HAa Eha\" style=\"height: 263px; width: 350px; border-width: 1px; border-style: solid; margin: 10px;\" alt=\"\" src=\"data:image\/gif;base64,R0lGODlhAQABAAAAACH5BAEKAAEALAAAAAABAAEAAAICTAEAOw==\" data-orig-src=\"https:\/\/lh4.googleusercontent.com\/-2L6O6MxOWP8\/VIf-UOOy9yI\/AAAAAAAAFpc\/nje49FWuKQg\/w600-h450-no\/untitled3.jpg\" \/><\/div>\n<div style=\"text-align: center;\">&nbsp;<\/div>\n<div style=\"text-align: center;\"><img decoding=\"async\" class=\"lazyload HAa Eha\" style=\"height: 263px; width: 350px; border-width: 1px; border-style: solid; margin: 10px;\" alt=\"\" src=\"data:image\/gif;base64,R0lGODlhAQABAAAAACH5BAEKAAEALAAAAAABAAEAAAICTAEAOw==\" data-orig-src=\"https:\/\/lh3.googleusercontent.com\/-JhI4yjATykU\/VIf-Ua5NE2I\/AAAAAAAAFpk\/zQlvXHEkK_U\/w448-h336-no\/untitled4.jpg\" \/><\/div>\n<div style=\"text-align: center;\">&nbsp;<\/div>\n<div style=\"text-align: center;\"><img decoding=\"async\" class=\"lazyload HAa Eha\" style=\"height: 263px; width: 350px; border-width: 1px; border-style: solid; margin: 10px;\" alt=\"\" src=\"data:image\/gif;base64,R0lGODlhAQABAAAAACH5BAEKAAEALAAAAAABAAEAAAICTAEAOw==\" data-orig-src=\"https:\/\/lh6.googleusercontent.com\/-3WsfgNsCFDo\/VIf-U8hD4EI\/AAAAAAAAFqA\/x4k5ZZLmiAE\/w600-h450-no\/untitled5.jpg\" \/><\/div>\n<div style=\"text-align: center;\">&nbsp;<\/div>\n<div style=\"text-align: center;\"><img decoding=\"async\" class=\"lazyload HAa Eha\" style=\"height: 233px; width: 350px; border-width: 1px; border-style: solid; margin: 10px;\" alt=\"\" src=\"data:image\/gif;base64,R0lGODlhAQABAAAAACH5BAEKAAEALAAAAAABAAEAAAICTAEAOw==\" data-orig-src=\"https:\/\/lh4.googleusercontent.com\/-Yj_twe8E2Mg\/VIf-VAwWhSI\/AAAAAAAAFpo\/4eksJp8ReBw\/w600-h399-no\/untitled6.jpg\" \/><\/div>\n<div style=\"text-align: center;\">&nbsp;<\/div>\n<div style=\"text-align: center;\"><img decoding=\"async\" class=\"lazyload HAa Eha\" style=\"height: 263px; width: 350px; border-width: 1px; border-style: solid; margin: 10px;\" alt=\"\" src=\"data:image\/gif;base64,R0lGODlhAQABAAAAACH5BAEKAAEALAAAAAABAAEAAAICTAEAOw==\" data-orig-src=\"https:\/\/lh6.googleusercontent.com\/-jvTJESq3_co\/VIf-V5kB31I\/AAAAAAAAFp8\/-0O64vqv41A\/w600-h450-no\/untitled7.jpg\" \/><\/div>\n<div style=\"text-align: center;\">&nbsp;<\/div>\n<div style=\"text-align: center;\"><img decoding=\"async\" class=\"lazyload HAa Eha\" style=\"height: 263px; width: 350px; border-width: 1px; border-style: solid; margin: 10px;\" alt=\"\" src=\"data:image\/gif;base64,R0lGODlhAQABAAAAACH5BAEKAAEALAAAAAABAAEAAAICTAEAOw==\" data-orig-src=\"https:\/\/lh6.googleusercontent.com\/-nBLT0utf6qU\/VIf-W6fbukI\/AAAAAAAAFqQ\/oeCC05DHlQ8\/w600-h450-no\/untitled8.jpg\" \/><\/div>\n<div style=\"text-align: center;\">&nbsp;<\/div>\n<div style=\"text-align: center;\"><img decoding=\"async\" class=\"lazyload HAa Eha\" style=\"height: 263px; width: 350px; border-width: 1px; border-style: solid; margin: 10px;\" alt=\"\" src=\"data:image\/gif;base64,R0lGODlhAQABAAAAACH5BAEKAAEALAAAAAABAAEAAAICTAEAOw==\" data-orig-src=\"https:\/\/lh6.googleusercontent.com\/-nH3WPX6J8os\/VIf-XDemjtI\/AAAAAAAAFqM\/CJyIkD3CW1c\/w600-h450-no\/untitled9.jpg\" \/><\/div>\n<div style=\"text-align: center;\">&nbsp;<\/div>\n<div style=\"text-align: center;\"><img decoding=\"async\" class=\"lazyload HAa Eha\" style=\"height: 263px; width: 350px; border-width: 1px; border-style: solid; margin: 10px;\" alt=\"\" src=\"data:image\/gif;base64,R0lGODlhAQABAAAAACH5BAEKAAEALAAAAAABAAEAAAICTAEAOw==\" data-orig-src=\"https:\/\/lh6.googleusercontent.com\/-X9ER3l16SJ4\/VIf-ScN9bnI\/AAAAAAAAFo0\/mioUSKKF0Pw\/w600-h450-no\/untitled10.jpg\" \/><\/div>\n<div style=\"text-align: center;\">&nbsp;<\/div>\n<div style=\"text-align: center;\"><img decoding=\"async\" class=\"lazyload HAa Eha\" style=\"height: 467px; width: 350px; border-width: 1px; border-style: solid; margin: 10px;\" alt=\"\" src=\"data:image\/gif;base64,R0lGODlhAQABAAAAACH5BAEKAAEALAAAAAABAAEAAAICTAEAOw==\" data-orig-src=\"https:\/\/lh4.googleusercontent.com\/-2fJh-HWKDTs\/VIf-S3_PsbI\/AAAAAAAAFpE\/LWR3CUt4pDE\/w450-h600-no\/untitled11.jpg\" \/><\/div>\n<div style=\"text-align: center;\">&nbsp;<\/div>\n<div style=\"text-align: center;\"><img decoding=\"async\" class=\"lazyload HAa Eha\" style=\"height: 526px; width: 350px; border-width: 1px; border-style: solid; margin: 10px;\" alt=\"\" src=\"data:image\/gif;base64,R0lGODlhAQABAAAAACH5BAEKAAEALAAAAAABAAEAAAICTAEAOw==\" data-orig-src=\"https:\/\/lh4.googleusercontent.com\/-DV3NuYcoPf4\/VIf-TBniRHI\/AAAAAAAAFpY\/dKQmJijXKjM\/w399-h600-no\/untitled12.jpg\" \/><\/div>\n<div style=\"text-align: center;\">&nbsp;<\/div>\n<div style=\"text-align: center;\"><img decoding=\"async\" class=\"lazyload HAa Eha\" style=\"height: 263px; width: 350px; border-width: 1px; border-style: solid; margin: 10px;\" alt=\"\" src=\"data:image\/gif;base64,R0lGODlhAQABAAAAACH5BAEKAAEALAAAAAABAAEAAAICTAEAOw==\" data-orig-src=\"https:\/\/lh4.googleusercontent.com\/-jAY3tlrKJmE\/VIf-RgDstgI\/AAAAAAAAFo4\/zkJhHfL8Ky4\/w400-h300-no\/9text.jpg\" \/><\/div>\n<div style=\"text-align: center;\">&nbsp;<\/div>\n<div style=\"text-align: center;\"><img decoding=\"async\" class=\"lazyload HAa Eha\" style=\"height: 526px; width: 350px; border-width: 1px; border-style: solid; margin: 10px;\" alt=\"\" src=\"data:image\/gif;base64,R0lGODlhAQABAAAAACH5BAEKAAEALAAAAAABAAEAAAICTAEAOw==\" data-orig-src=\"https:\/\/lh6.googleusercontent.com\/-SGV8uDjY63U\/VIf-RjVWmGI\/AAAAAAAAFoo\/bIYu-EAxonk\/w298-h448-no\/pic13.jpg\" \/><\/div>\n","protected":false},"excerpt":{"rendered":"<p>&nbsp;&nbsp;&nbsp; P\u00ebrfundoi n\u00eb dat\u00ebn 4 gusht 2006 kampi i dyt\u00eb i vajzave i zhvilluar edhe k\u00ebt\u00eb vit n\u00eb manastirin e bukur t\u00eb Sh\u00ebn Joan Vladimirit, pran\u00eb qytetit t\u00eb Elbasanit. Ky manastir q\u00eb p\u00ebr t\u00eb n\u00ebntin vit \u00e7do ver\u00eb mir\u00ebpret vajza nga e gjith\u00eb Shqip\u00ebria, mikpriti p\u00ebr 12 dit\u00eb (24 korrik \u2013 4 gusht) rreth 80 vajza pothuajse nga t\u00eb gjitha rrethet e Shqip\u00ebris\u00eb, nga t\u00eb<\/p>\n","protected":false},"author":1,"featured_media":0,"comment_status":"open","ping_status":"open","sticky":false,"template":"","format":"standard","meta":{"_acf_changed":false,"pagelayer_contact_templates":[],"_pagelayer_content":"","inline_featured_image":false,"fifu_image_url":"","fifu_image_alt":"","footnotes":""},"categories":[108],"tags":[148,200,196,212,176],"class_list":["post-689","post","type-post","status-publish","format-standard","hentry","category-lajme","tag-148","tag-kampe-verore","tag-tirane","tag-lajme-d27","tag-rinia-orthodhokse"],"acf":[],"yoast_head":"<!-- This site is optimized with the Yoast SEO plugin v27.2 - https:\/\/yoast.com\/product\/yoast-seo-wordpress\/ -->\n<title>Kampi i dyt\u00eb i vajzave &quot;Bariu i Mir\u00eb&quot; n\u00eb Sh\u00ebn Joan Vladimir. (24 Korrik - 4 Gusht 2006) - Kisha Orthodh\u03bfkse Autoqefale e Shqip\u00ebris\u00eb<\/title>\n<meta name=\"robots\" content=\"index, follow, max-snippet:-1, max-image-preview:large, max-video-preview:-1\" \/>\n<link rel=\"canonical\" href=\"https:\/\/orthodoxalbania.org\/2020\/2006\/02\/26\/kampi-i-dyte-i-vajzave-bariu-i-mire-ne-shen-joan-vladimir-gusht-06\/\" \/>\n<meta property=\"og:locale\" content=\"en_US\" \/>\n<meta property=\"og:type\" content=\"article\" \/>\n<meta property=\"og:title\" content=\"Kampi i dyt\u00eb i vajzave &quot;Bariu i Mir\u00eb&quot; n\u00eb Sh\u00ebn Joan Vladimir. (24 Korrik - 4 Gusht 2006) - Kisha Orthodh\u03bfkse Autoqefale e Shqip\u00ebris\u00eb\" \/>\n<meta property=\"og:description\" content=\"&nbsp;&nbsp;&nbsp; P\u00ebrfundoi n\u00eb dat\u00ebn 4 gusht 2006 kampi i dyt\u00eb i vajzave i zhvilluar edhe k\u00ebt\u00eb vit n\u00eb manastirin e bukur t\u00eb Sh\u00ebn Joan Vladimirit, pran\u00eb qytetit t\u00eb Elbasanit. Ky manastir q\u00eb p\u00ebr t\u00eb n\u00ebntin vit \u00e7do ver\u00eb mir\u00ebpret vajza nga e gjith\u00eb Shqip\u00ebria, mikpriti p\u00ebr 12 dit\u00eb (24 korrik \u2013 4 gusht) rreth 80 vajza pothuajse nga t\u00eb gjitha rrethet e Shqip\u00ebris\u00eb, nga t\u00eb\" \/>\n<meta property=\"og:url\" content=\"https:\/\/orthodoxalbania.org\/2020\/2006\/02\/26\/kampi-i-dyte-i-vajzave-bariu-i-mire-ne-shen-joan-vladimir-gusht-06\/\" \/>\n<meta property=\"og:site_name\" content=\"Kisha Orthodh\u03bfkse Autoqefale e Shqip\u00ebris\u00eb\" \/>\n<meta property=\"article:publisher\" content=\"https:\/\/www.facebook.com\/koash1991\" \/>\n<meta property=\"article:published_time\" content=\"2006-02-26T00:00:00+00:00\" \/>\n<meta property=\"article:modified_time\" content=\"2020-04-06T20:41:50+00:00\" \/>\n<meta property=\"og:image\" content=\"https:\/\/lh3.googleusercontent.com\/-lYElaYWFWBU\/VIf-PK9JFrI\/AAAAAAAAFqc\/Xt0HLELgebs\/w350-h232-no\/1text.jpg\" \/>\n<meta name=\"author\" content=\"Kisha Orthodhokse\" \/>\n<meta name=\"twitter:card\" content=\"summary_large_image\" \/>\n<meta name=\"twitter:label1\" content=\"Written by\" \/>\n\t<meta name=\"twitter:data1\" content=\"Kisha Orthodhokse\" \/>\n\t<meta name=\"twitter:label2\" content=\"Est. reading time\" \/>\n\t<meta name=\"twitter:data2\" content=\"8 minutes\" \/>\n<script type=\"application\/ld+json\" class=\"yoast-schema-graph\">{\"@context\":\"https:\/\/schema.org\",\"@graph\":[{\"@type\":\"Article\",\"@id\":\"https:\/\/orthodoxalbania.org\/2020\/2006\/02\/26\/kampi-i-dyte-i-vajzave-bariu-i-mire-ne-shen-joan-vladimir-gusht-06\/#article\",\"isPartOf\":{\"@id\":\"https:\/\/orthodoxalbania.org\/2020\/2006\/02\/26\/kampi-i-dyte-i-vajzave-bariu-i-mire-ne-shen-joan-vladimir-gusht-06\/\"},\"author\":{\"name\":\"Kisha Orthodhokse\",\"@id\":\"https:\/\/orthodoxalbania.org\/2020\/#\/schema\/person\/0c387634a7063ac612d7ed9ce71c7e86\"},\"headline\":\"Kampi i dyt\u00eb i vajzave &#8220;Bariu i Mir\u00eb&#8221; n\u00eb Sh\u00ebn Joan Vladimir. (24 Korrik &#8211; 4 Gusht 2006)\",\"datePublished\":\"2006-02-26T00:00:00+00:00\",\"dateModified\":\"2020-04-06T20:41:50+00:00\",\"mainEntityOfPage\":{\"@id\":\"https:\/\/orthodoxalbania.org\/2020\/2006\/02\/26\/kampi-i-dyte-i-vajzave-bariu-i-mire-ne-shen-joan-vladimir-gusht-06\/\"},\"wordCount\":1671,\"commentCount\":0,\"publisher\":{\"@id\":\"https:\/\/orthodoxalbania.org\/2020\/#organization\"},\"image\":{\"@id\":\"https:\/\/orthodoxalbania.org\/2020\/2006\/02\/26\/kampi-i-dyte-i-vajzave-bariu-i-mire-ne-shen-joan-vladimir-gusht-06\/#primaryimage\"},\"thumbnailUrl\":\"https:\/\/lh3.googleusercontent.com\/-lYElaYWFWBU\/VIf-PK9JFrI\/AAAAAAAAFqc\/Xt0HLELgebs\/w350-h232-no\/1text.jpg\",\"keywords\":[\"2006\",\"Kampe verore\",\"Kryepiskopata Tiran\u00eb\",\"lajme\",\"Rinia Orthodhokse\"],\"articleSection\":[\"Lajme\"],\"inLanguage\":\"en-US\"},{\"@type\":\"WebPage\",\"@id\":\"https:\/\/orthodoxalbania.org\/2020\/2006\/02\/26\/kampi-i-dyte-i-vajzave-bariu-i-mire-ne-shen-joan-vladimir-gusht-06\/\",\"url\":\"https:\/\/orthodoxalbania.org\/2020\/2006\/02\/26\/kampi-i-dyte-i-vajzave-bariu-i-mire-ne-shen-joan-vladimir-gusht-06\/\",\"name\":\"Kampi i dyt\u00eb i vajzave \\\"Bariu i Mir\u00eb\\\" n\u00eb Sh\u00ebn Joan Vladimir. (24 Korrik - 4 Gusht 2006) - Kisha Orthodh\u03bfkse Autoqefale e Shqip\u00ebris\u00eb\",\"isPartOf\":{\"@id\":\"https:\/\/orthodoxalbania.org\/2020\/#website\"},\"primaryImageOfPage\":{\"@id\":\"https:\/\/orthodoxalbania.org\/2020\/2006\/02\/26\/kampi-i-dyte-i-vajzave-bariu-i-mire-ne-shen-joan-vladimir-gusht-06\/#primaryimage\"},\"image\":{\"@id\":\"https:\/\/orthodoxalbania.org\/2020\/2006\/02\/26\/kampi-i-dyte-i-vajzave-bariu-i-mire-ne-shen-joan-vladimir-gusht-06\/#primaryimage\"},\"thumbnailUrl\":\"https:\/\/lh3.googleusercontent.com\/-lYElaYWFWBU\/VIf-PK9JFrI\/AAAAAAAAFqc\/Xt0HLELgebs\/w350-h232-no\/1text.jpg\",\"datePublished\":\"2006-02-26T00:00:00+00:00\",\"dateModified\":\"2020-04-06T20:41:50+00:00\",\"breadcrumb\":{\"@id\":\"https:\/\/orthodoxalbania.org\/2020\/2006\/02\/26\/kampi-i-dyte-i-vajzave-bariu-i-mire-ne-shen-joan-vladimir-gusht-06\/#breadcrumb\"},\"inLanguage\":\"en-US\",\"potentialAction\":[{\"@type\":\"ReadAction\",\"target\":[\"https:\/\/orthodoxalbania.org\/2020\/2006\/02\/26\/kampi-i-dyte-i-vajzave-bariu-i-mire-ne-shen-joan-vladimir-gusht-06\/\"]}]},{\"@type\":\"ImageObject\",\"inLanguage\":\"en-US\",\"@id\":\"https:\/\/orthodoxalbania.org\/2020\/2006\/02\/26\/kampi-i-dyte-i-vajzave-bariu-i-mire-ne-shen-joan-vladimir-gusht-06\/#primaryimage\",\"url\":\"https:\/\/lh3.googleusercontent.com\/-lYElaYWFWBU\/VIf-PK9JFrI\/AAAAAAAAFqc\/Xt0HLELgebs\/w350-h232-no\/1text.jpg\",\"contentUrl\":\"https:\/\/lh3.googleusercontent.com\/-lYElaYWFWBU\/VIf-PK9JFrI\/AAAAAAAAFqc\/Xt0HLELgebs\/w350-h232-no\/1text.jpg\"},{\"@type\":\"BreadcrumbList\",\"@id\":\"https:\/\/orthodoxalbania.org\/2020\/2006\/02\/26\/kampi-i-dyte-i-vajzave-bariu-i-mire-ne-shen-joan-vladimir-gusht-06\/#breadcrumb\",\"itemListElement\":[{\"@type\":\"ListItem\",\"position\":1,\"name\":\"Home\",\"item\":\"https:\/\/orthodoxalbania.org\/2020\/\"},{\"@type\":\"ListItem\",\"position\":2,\"name\":\"Kampi i dyt\u00eb i vajzave &#8220;Bariu i Mir\u00eb&#8221; n\u00eb Sh\u00ebn Joan Vladimir. (24 Korrik &#8211; 4 Gusht 2006)\"}]},{\"@type\":\"WebSite\",\"@id\":\"https:\/\/orthodoxalbania.org\/2020\/#website\",\"url\":\"https:\/\/orthodoxalbania.org\/2020\/\",\"name\":\"Kisha Orthodh\u03bfkse Autoqefale e Shqip\u00ebris\u00eb\",\"description\":\"Fqja Zyrtare e Kish\u00ebs Orthodhokse Autoqefale e Shqip\u00ebris\u00eb me lajmet edhe informacionet zyrtare p\u00ebr struktur\u00ebn edhe veprimtarin e saj.\",\"publisher\":{\"@id\":\"https:\/\/orthodoxalbania.org\/2020\/#organization\"},\"potentialAction\":[{\"@type\":\"SearchAction\",\"target\":{\"@type\":\"EntryPoint\",\"urlTemplate\":\"https:\/\/orthodoxalbania.org\/2020\/?s={search_term_string}\"},\"query-input\":{\"@type\":\"PropertyValueSpecification\",\"valueRequired\":true,\"valueName\":\"search_term_string\"}}],\"inLanguage\":\"en-US\"},{\"@type\":\"Organization\",\"@id\":\"https:\/\/orthodoxalbania.org\/2020\/#organization\",\"name\":\"Kisha Orthodhokse Autoqefale e Shqip\u00ebris\u00eb\",\"url\":\"https:\/\/orthodoxalbania.org\/2020\/\",\"logo\":{\"@type\":\"ImageObject\",\"inLanguage\":\"en-US\",\"@id\":\"https:\/\/orthodoxalbania.org\/2020\/#\/schema\/logo\/image\/\",\"url\":\"https:\/\/orthodoxalbania.org\/2020\/wp-content\/uploads\/2020\/05\/albania.jpeg\",\"contentUrl\":\"https:\/\/orthodoxalbania.org\/2020\/wp-content\/uploads\/2020\/05\/albania.jpeg\",\"width\":540,\"height\":540,\"caption\":\"Kisha Orthodhokse Autoqefale e Shqip\u00ebris\u00eb\"},\"image\":{\"@id\":\"https:\/\/orthodoxalbania.org\/2020\/#\/schema\/logo\/image\/\"},\"sameAs\":[\"https:\/\/www.facebook.com\/koash1991\"]},{\"@type\":\"Person\",\"@id\":\"https:\/\/orthodoxalbania.org\/2020\/#\/schema\/person\/0c387634a7063ac612d7ed9ce71c7e86\",\"name\":\"Kisha Orthodhokse\",\"image\":{\"@type\":\"ImageObject\",\"inLanguage\":\"en-US\",\"@id\":\"https:\/\/secure.gravatar.com\/avatar\/596e7c417251e30f2fbb9c00e026fce61a695a00e51c889caded71c96cbbdde5?s=96&d=mm&r=g\",\"url\":\"https:\/\/secure.gravatar.com\/avatar\/596e7c417251e30f2fbb9c00e026fce61a695a00e51c889caded71c96cbbdde5?s=96&d=mm&r=g\",\"contentUrl\":\"https:\/\/secure.gravatar.com\/avatar\/596e7c417251e30f2fbb9c00e026fce61a695a00e51c889caded71c96cbbdde5?s=96&d=mm&r=g\",\"caption\":\"Kisha Orthodhokse\"}}]}<\/script>\n<!-- \/ Yoast SEO plugin. -->","yoast_head_json":{"title":"Kampi i dyt\u00eb i vajzave \"Bariu i Mir\u00eb\" n\u00eb Sh\u00ebn Joan Vladimir. (24 Korrik - 4 Gusht 2006) - Kisha Orthodh\u03bfkse Autoqefale e Shqip\u00ebris\u00eb","robots":{"index":"index","follow":"follow","max-snippet":"max-snippet:-1","max-image-preview":"max-image-preview:large","max-video-preview":"max-video-preview:-1"},"canonical":"https:\/\/orthodoxalbania.org\/2020\/2006\/02\/26\/kampi-i-dyte-i-vajzave-bariu-i-mire-ne-shen-joan-vladimir-gusht-06\/","og_locale":"en_US","og_type":"article","og_title":"Kampi i dyt\u00eb i vajzave \"Bariu i Mir\u00eb\" n\u00eb Sh\u00ebn Joan Vladimir. (24 Korrik - 4 Gusht 2006) - Kisha Orthodh\u03bfkse Autoqefale e Shqip\u00ebris\u00eb","og_description":"&nbsp;&nbsp;&nbsp; P\u00ebrfundoi n\u00eb dat\u00ebn 4 gusht 2006 kampi i dyt\u00eb i vajzave i zhvilluar edhe k\u00ebt\u00eb vit n\u00eb manastirin e bukur t\u00eb Sh\u00ebn Joan Vladimirit, pran\u00eb qytetit t\u00eb Elbasanit. Ky manastir q\u00eb p\u00ebr t\u00eb n\u00ebntin vit \u00e7do ver\u00eb mir\u00ebpret vajza nga e gjith\u00eb Shqip\u00ebria, mikpriti p\u00ebr 12 dit\u00eb (24 korrik \u2013 4 gusht) rreth 80 vajza pothuajse nga t\u00eb gjitha rrethet e Shqip\u00ebris\u00eb, nga t\u00eb","og_url":"https:\/\/orthodoxalbania.org\/2020\/2006\/02\/26\/kampi-i-dyte-i-vajzave-bariu-i-mire-ne-shen-joan-vladimir-gusht-06\/","og_site_name":"Kisha Orthodh\u03bfkse Autoqefale e Shqip\u00ebris\u00eb","article_publisher":"https:\/\/www.facebook.com\/koash1991","article_published_time":"2006-02-26T00:00:00+00:00","article_modified_time":"2020-04-06T20:41:50+00:00","og_image":[{"url":"https:\/\/lh3.googleusercontent.com\/-lYElaYWFWBU\/VIf-PK9JFrI\/AAAAAAAAFqc\/Xt0HLELgebs\/w350-h232-no\/1text.jpg","type":"","width":"","height":""}],"author":"Kisha Orthodhokse","twitter_card":"summary_large_image","twitter_misc":{"Written by":"Kisha Orthodhokse","Est. reading time":"8 minutes"},"schema":{"@context":"https:\/\/schema.org","@graph":[{"@type":"Article","@id":"https:\/\/orthodoxalbania.org\/2020\/2006\/02\/26\/kampi-i-dyte-i-vajzave-bariu-i-mire-ne-shen-joan-vladimir-gusht-06\/#article","isPartOf":{"@id":"https:\/\/orthodoxalbania.org\/2020\/2006\/02\/26\/kampi-i-dyte-i-vajzave-bariu-i-mire-ne-shen-joan-vladimir-gusht-06\/"},"author":{"name":"Kisha Orthodhokse","@id":"https:\/\/orthodoxalbania.org\/2020\/#\/schema\/person\/0c387634a7063ac612d7ed9ce71c7e86"},"headline":"Kampi i dyt\u00eb i vajzave &#8220;Bariu i Mir\u00eb&#8221; n\u00eb Sh\u00ebn Joan Vladimir. (24 Korrik &#8211; 4 Gusht 2006)","datePublished":"2006-02-26T00:00:00+00:00","dateModified":"2020-04-06T20:41:50+00:00","mainEntityOfPage":{"@id":"https:\/\/orthodoxalbania.org\/2020\/2006\/02\/26\/kampi-i-dyte-i-vajzave-bariu-i-mire-ne-shen-joan-vladimir-gusht-06\/"},"wordCount":1671,"commentCount":0,"publisher":{"@id":"https:\/\/orthodoxalbania.org\/2020\/#organization"},"image":{"@id":"https:\/\/orthodoxalbania.org\/2020\/2006\/02\/26\/kampi-i-dyte-i-vajzave-bariu-i-mire-ne-shen-joan-vladimir-gusht-06\/#primaryimage"},"thumbnailUrl":"https:\/\/lh3.googleusercontent.com\/-lYElaYWFWBU\/VIf-PK9JFrI\/AAAAAAAAFqc\/Xt0HLELgebs\/w350-h232-no\/1text.jpg","keywords":["2006","Kampe verore","Kryepiskopata Tiran\u00eb","lajme","Rinia Orthodhokse"],"articleSection":["Lajme"],"inLanguage":"en-US"},{"@type":"WebPage","@id":"https:\/\/orthodoxalbania.org\/2020\/2006\/02\/26\/kampi-i-dyte-i-vajzave-bariu-i-mire-ne-shen-joan-vladimir-gusht-06\/","url":"https:\/\/orthodoxalbania.org\/2020\/2006\/02\/26\/kampi-i-dyte-i-vajzave-bariu-i-mire-ne-shen-joan-vladimir-gusht-06\/","name":"Kampi i dyt\u00eb i vajzave \"Bariu i Mir\u00eb\" n\u00eb Sh\u00ebn Joan Vladimir. (24 Korrik - 4 Gusht 2006) - Kisha Orthodh\u03bfkse Autoqefale e Shqip\u00ebris\u00eb","isPartOf":{"@id":"https:\/\/orthodoxalbania.org\/2020\/#website"},"primaryImageOfPage":{"@id":"https:\/\/orthodoxalbania.org\/2020\/2006\/02\/26\/kampi-i-dyte-i-vajzave-bariu-i-mire-ne-shen-joan-vladimir-gusht-06\/#primaryimage"},"image":{"@id":"https:\/\/orthodoxalbania.org\/2020\/2006\/02\/26\/kampi-i-dyte-i-vajzave-bariu-i-mire-ne-shen-joan-vladimir-gusht-06\/#primaryimage"},"thumbnailUrl":"https:\/\/lh3.googleusercontent.com\/-lYElaYWFWBU\/VIf-PK9JFrI\/AAAAAAAAFqc\/Xt0HLELgebs\/w350-h232-no\/1text.jpg","datePublished":"2006-02-26T00:00:00+00:00","dateModified":"2020-04-06T20:41:50+00:00","breadcrumb":{"@id":"https:\/\/orthodoxalbania.org\/2020\/2006\/02\/26\/kampi-i-dyte-i-vajzave-bariu-i-mire-ne-shen-joan-vladimir-gusht-06\/#breadcrumb"},"inLanguage":"en-US","potentialAction":[{"@type":"ReadAction","target":["https:\/\/orthodoxalbania.org\/2020\/2006\/02\/26\/kampi-i-dyte-i-vajzave-bariu-i-mire-ne-shen-joan-vladimir-gusht-06\/"]}]},{"@type":"ImageObject","inLanguage":"en-US","@id":"https:\/\/orthodoxalbania.org\/2020\/2006\/02\/26\/kampi-i-dyte-i-vajzave-bariu-i-mire-ne-shen-joan-vladimir-gusht-06\/#primaryimage","url":"https:\/\/lh3.googleusercontent.com\/-lYElaYWFWBU\/VIf-PK9JFrI\/AAAAAAAAFqc\/Xt0HLELgebs\/w350-h232-no\/1text.jpg","contentUrl":"https:\/\/lh3.googleusercontent.com\/-lYElaYWFWBU\/VIf-PK9JFrI\/AAAAAAAAFqc\/Xt0HLELgebs\/w350-h232-no\/1text.jpg"},{"@type":"BreadcrumbList","@id":"https:\/\/orthodoxalbania.org\/2020\/2006\/02\/26\/kampi-i-dyte-i-vajzave-bariu-i-mire-ne-shen-joan-vladimir-gusht-06\/#breadcrumb","itemListElement":[{"@type":"ListItem","position":1,"name":"Home","item":"https:\/\/orthodoxalbania.org\/2020\/"},{"@type":"ListItem","position":2,"name":"Kampi i dyt\u00eb i vajzave &#8220;Bariu i Mir\u00eb&#8221; n\u00eb Sh\u00ebn Joan Vladimir. (24 Korrik &#8211; 4 Gusht 2006)"}]},{"@type":"WebSite","@id":"https:\/\/orthodoxalbania.org\/2020\/#website","url":"https:\/\/orthodoxalbania.org\/2020\/","name":"Kisha Orthodh\u03bfkse Autoqefale e Shqip\u00ebris\u00eb","description":"Fqja Zyrtare e Kish\u00ebs Orthodhokse Autoqefale e Shqip\u00ebris\u00eb me lajmet edhe informacionet zyrtare p\u00ebr struktur\u00ebn edhe veprimtarin e saj.","publisher":{"@id":"https:\/\/orthodoxalbania.org\/2020\/#organization"},"potentialAction":[{"@type":"SearchAction","target":{"@type":"EntryPoint","urlTemplate":"https:\/\/orthodoxalbania.org\/2020\/?s={search_term_string}"},"query-input":{"@type":"PropertyValueSpecification","valueRequired":true,"valueName":"search_term_string"}}],"inLanguage":"en-US"},{"@type":"Organization","@id":"https:\/\/orthodoxalbania.org\/2020\/#organization","name":"Kisha Orthodhokse Autoqefale e Shqip\u00ebris\u00eb","url":"https:\/\/orthodoxalbania.org\/2020\/","logo":{"@type":"ImageObject","inLanguage":"en-US","@id":"https:\/\/orthodoxalbania.org\/2020\/#\/schema\/logo\/image\/","url":"https:\/\/orthodoxalbania.org\/2020\/wp-content\/uploads\/2020\/05\/albania.jpeg","contentUrl":"https:\/\/orthodoxalbania.org\/2020\/wp-content\/uploads\/2020\/05\/albania.jpeg","width":540,"height":540,"caption":"Kisha Orthodhokse Autoqefale e Shqip\u00ebris\u00eb"},"image":{"@id":"https:\/\/orthodoxalbania.org\/2020\/#\/schema\/logo\/image\/"},"sameAs":["https:\/\/www.facebook.com\/koash1991"]},{"@type":"Person","@id":"https:\/\/orthodoxalbania.org\/2020\/#\/schema\/person\/0c387634a7063ac612d7ed9ce71c7e86","name":"Kisha Orthodhokse","image":{"@type":"ImageObject","inLanguage":"en-US","@id":"https:\/\/secure.gravatar.com\/avatar\/596e7c417251e30f2fbb9c00e026fce61a695a00e51c889caded71c96cbbdde5?s=96&d=mm&r=g","url":"https:\/\/secure.gravatar.com\/avatar\/596e7c417251e30f2fbb9c00e026fce61a695a00e51c889caded71c96cbbdde5?s=96&d=mm&r=g","contentUrl":"https:\/\/secure.gravatar.com\/avatar\/596e7c417251e30f2fbb9c00e026fce61a695a00e51c889caded71c96cbbdde5?s=96&d=mm&r=g","caption":"Kisha Orthodhokse"}}]}},"_links":{"self":[{"href":"https:\/\/orthodoxalbania.org\/2020\/wp-json\/wp\/v2\/posts\/689","targetHints":{"allow":["GET"]}}],"collection":[{"href":"https:\/\/orthodoxalbania.org\/2020\/wp-json\/wp\/v2\/posts"}],"about":[{"href":"https:\/\/orthodoxalbania.org\/2020\/wp-json\/wp\/v2\/types\/post"}],"author":[{"embeddable":true,"href":"https:\/\/orthodoxalbania.org\/2020\/wp-json\/wp\/v2\/users\/1"}],"replies":[{"embeddable":true,"href":"https:\/\/orthodoxalbania.org\/2020\/wp-json\/wp\/v2\/comments?post=689"}],"version-history":[{"count":1,"href":"https:\/\/orthodoxalbania.org\/2020\/wp-json\/wp\/v2\/posts\/689\/revisions"}],"predecessor-version":[{"id":15843,"href":"https:\/\/orthodoxalbania.org\/2020\/wp-json\/wp\/v2\/posts\/689\/revisions\/15843"}],"wp:attachment":[{"href":"https:\/\/orthodoxalbania.org\/2020\/wp-json\/wp\/v2\/media?parent=689"}],"wp:term":[{"taxonomy":"category","embeddable":true,"href":"https:\/\/orthodoxalbania.org\/2020\/wp-json\/wp\/v2\/categories?post=689"},{"taxonomy":"post_tag","embeddable":true,"href":"https:\/\/orthodoxalbania.org\/2020\/wp-json\/wp\/v2\/tags?post=689"}],"curies":[{"name":"wp","href":"https:\/\/api.w.org\/{rel}","templated":true}]}}