{"id":68821,"date":"2025-12-14T22:24:48","date_gmt":"2025-12-14T21:24:48","guid":{"rendered":"https:\/\/orthodoxalbania.org\/2020\/2025\/12\/14\/first-international-conference-albania-in-the-byzantine-period-a-historic-milestone-for-byzantine-studies\/"},"modified":"2025-12-14T22:24:56","modified_gmt":"2025-12-14T21:24:56","slug":"first-international-conference-albania-in-the-byzantine-period-a-historic-milestone-for-byzantine-studies","status":"publish","type":"post","link":"https:\/\/orthodoxalbania.org\/2020\/en\/2025\/12\/14\/first-international-conference-albania-in-the-byzantine-period-a-historic-milestone-for-byzantine-studies\/","title":{"rendered":"First International Conference &#8220;Albania in the Byzantine Period&#8221;: A Historic Milestone for Byzantine Studies"},"content":{"rendered":"<p>On <strong>December 5-6, 2025<\/strong>, <strong>Tirana<\/strong> hosted the <strong>First International Conference &#8220;Albania in the Byzantine Period&#8221;<\/strong>, a landmark event for Byzantine studies in Albania. The conference was organized by the <strong>Academy of Sciences of Albania<\/strong>, the <strong>University of Tirana<\/strong>, the <strong>Autocephalous Orthodox Church of Albania<\/strong>, and other institutions, with <strong>Mr. Andi Rembeci<\/strong> as Chair of the Organizing Committee.<\/p>\n<p>Approximately <strong>50 scholars<\/strong> participated from Albania, Kosovo, Greece, Cyprus, North Macedonia, Italy, Spain, Austria, Germany, France, and the USA. <strong>Archbishop Ioannis of Tirana<\/strong> emphasized that the Byzantine period constitutes a living layer of the spiritual and cultural identity of the Albanian people. <strong>Prof. Peter Schreiner<\/strong> called the conference \u00abthe best he has ever attended in Albania\u00bb and described Albania as an \u00ab<strong>El Dorado of Byzantine manuscripts<\/strong>\u00bb.<\/p>\n<p>The conference featured <strong>6 thematic sessions<\/strong>: political relations, art and architecture, post-Byzantine art, paleography, archaeology, and spiritual heritage. Special attention was given to <strong>Saint John Koukouzelis (1280-1336)<\/strong>, the Dyrrachium-born founder of Byzantine music.<\/p>\n<p>The conference concluded with a <strong>Byzantine music concert<\/strong> at the Cultural Center of the Cathedral, dedicated to Saint John Koukouzelis.<\/p>\n<p class=\"ai-translation-note\"><em>\ud83d\udcdd Translation: AI<\/em><\/p>\n<p><!-- OCB_GALLERY_START --><\/p>\n<h3>Photos<\/h3>\n<div class=\"ocb-gallery\">\n<p><a href=\"https:\/\/orthodoxalbania.org\/2020\/wp-content\/uploads\/2025\/12\/konferenca_i_nderkombetare_shqiperia_ne_periudhen_bizantine_nje_momentum_shkenco_02.jpg\" rel=\"noopener\"><img class=\"lazyload\" decoding=\"async\" src=\"data:image\/svg+xml,%3Csvg%20xmlns%3D%27http%3A%2F%2Fwww.w3.org%2F2000%2Fsvg%27%20width%3D%271600%27%20height%3D%27816%27%20viewBox%3D%270%200%201600%20816%27%3E%3Crect%20width%3D%271600%27%20height%3D%27816%27%20fill-opacity%3D%220%22%2F%3E%3C%2Fsvg%3E\" data-orig-src=\"https:\/\/orthodoxalbania.org\/2020\/wp-content\/uploads\/2025\/12\/konferenca_i_nderkombetare_shqiperia_ne_periudhen_bizantine_nje_momentum_shkenco_02.jpg\" alt=\"\"><\/a><\/p>\n<p><a href=\"https:\/\/orthodoxalbania.org\/2020\/wp-content\/uploads\/2025\/12\/konferenca_i_nderkombetare_shqiperia_ne_periudhen_bizantine_nje_momentum_shkenco_03.jpg\" rel=\"noopener\"><img class=\"lazyload\" decoding=\"async\" src=\"data:image\/svg+xml,%3Csvg%20xmlns%3D%27http%3A%2F%2Fwww.w3.org%2F2000%2Fsvg%27%20width%3D%271600%27%20height%3D%271066%27%20viewBox%3D%270%200%201600%201066%27%3E%3Crect%20width%3D%271600%27%20height%3D%271066%27%20fill-opacity%3D%220%22%2F%3E%3C%2Fsvg%3E\" data-orig-src=\"https:\/\/orthodoxalbania.org\/2020\/wp-content\/uploads\/2025\/12\/konferenca_i_nderkombetare_shqiperia_ne_periudhen_bizantine_nje_momentum_shkenco_03.jpg\" alt=\"\"><\/a><\/p>\n<p><a href=\"https:\/\/orthodoxalbania.org\/2020\/wp-content\/uploads\/2025\/12\/konferenca_i_nderkombetare_shqiperia_ne_periudhen_bizantine_nje_momentum_shkenco_04.jpg\" rel=\"noopener\"><img class=\"lazyload\" decoding=\"async\" src=\"data:image\/svg+xml,%3Csvg%20xmlns%3D%27http%3A%2F%2Fwww.w3.org%2F2000%2Fsvg%27%20width%3D%27640%27%20height%3D%27960%27%20viewBox%3D%270%200%20640%20960%27%3E%3Crect%20width%3D%27640%27%20height%3D%27960%27%20fill-opacity%3D%220%22%2F%3E%3C%2Fsvg%3E\" data-orig-src=\"https:\/\/orthodoxalbania.org\/2020\/wp-content\/uploads\/2025\/12\/konferenca_i_nderkombetare_shqiperia_ne_periudhen_bizantine_nje_momentum_shkenco_04.jpg\" alt=\"\"><\/a><\/p>\n<p><a href=\"https:\/\/orthodoxalbania.org\/2020\/wp-content\/uploads\/2025\/12\/konferenca_i_nderkombetare_shqiperia_ne_periudhen_bizantine_nje_momentum_shkenco_05.jpg\" rel=\"noopener\"><img class=\"lazyload\" decoding=\"async\" src=\"data:image\/svg+xml,%3Csvg%20xmlns%3D%27http%3A%2F%2Fwww.w3.org%2F2000%2Fsvg%27%20width%3D%271600%27%20height%3D%271066%27%20viewBox%3D%270%200%201600%201066%27%3E%3Crect%20width%3D%271600%27%20height%3D%271066%27%20fill-opacity%3D%220%22%2F%3E%3C%2Fsvg%3E\" data-orig-src=\"https:\/\/orthodoxalbania.org\/2020\/wp-content\/uploads\/2025\/12\/konferenca_i_nderkombetare_shqiperia_ne_periudhen_bizantine_nje_momentum_shkenco_05.jpg\" alt=\"\"><\/a><\/p>\n<p><a href=\"https:\/\/orthodoxalbania.org\/2020\/wp-content\/uploads\/2025\/12\/konferenca_i_nderkombetare_shqiperia_ne_periudhen_bizantine_nje_momentum_shkenco_06.jpg\" rel=\"noopener\"><img class=\"lazyload\" decoding=\"async\" src=\"data:image\/svg+xml,%3Csvg%20xmlns%3D%27http%3A%2F%2Fwww.w3.org%2F2000%2Fsvg%27%20width%3D%271500%27%20height%3D%271000%27%20viewBox%3D%270%200%201500%201000%27%3E%3Crect%20width%3D%271500%27%20height%3D%271000%27%20fill-opacity%3D%220%22%2F%3E%3C%2Fsvg%3E\" data-orig-src=\"https:\/\/orthodoxalbania.org\/2020\/wp-content\/uploads\/2025\/12\/konferenca_i_nderkombetare_shqiperia_ne_periudhen_bizantine_nje_momentum_shkenco_06.jpg\" alt=\"\"><\/a><\/p>\n<p><a href=\"https:\/\/orthodoxalbania.org\/2020\/wp-content\/uploads\/2025\/12\/konferenca_i_nderkombetare_shqiperia_ne_periudhen_bizantine_nje_momentum_shkenco_07.jpg\" rel=\"noopener\"><img class=\"lazyload\" decoding=\"async\" src=\"data:image\/svg+xml,%3Csvg%20xmlns%3D%27http%3A%2F%2Fwww.w3.org%2F2000%2Fsvg%27%20width%3D%271338%27%20height%3D%27760%27%20viewBox%3D%270%200%201338%20760%27%3E%3Crect%20width%3D%271338%27%20height%3D%27760%27%20fill-opacity%3D%220%22%2F%3E%3C%2Fsvg%3E\" data-orig-src=\"https:\/\/orthodoxalbania.org\/2020\/wp-content\/uploads\/2025\/12\/konferenca_i_nderkombetare_shqiperia_ne_periudhen_bizantine_nje_momentum_shkenco_07.jpg\" alt=\"\"><\/a><\/p>\n<p><a href=\"https:\/\/orthodoxalbania.org\/2020\/wp-content\/uploads\/2025\/12\/konferenca_i_nderkombetare_shqiperia_ne_periudhen_bizantine_nje_momentum_shkenco_08.jpg\" rel=\"noopener\"><img class=\"lazyload\" decoding=\"async\" src=\"data:image\/svg+xml,%3Csvg%20xmlns%3D%27http%3A%2F%2Fwww.w3.org%2F2000%2Fsvg%27%20width%3D%271339%27%20height%3D%27751%27%20viewBox%3D%270%200%201339%20751%27%3E%3Crect%20width%3D%271339%27%20height%3D%27751%27%20fill-opacity%3D%220%22%2F%3E%3C%2Fsvg%3E\" data-orig-src=\"https:\/\/orthodoxalbania.org\/2020\/wp-content\/uploads\/2025\/12\/konferenca_i_nderkombetare_shqiperia_ne_periudhen_bizantine_nje_momentum_shkenco_08.jpg\" alt=\"\"><\/a><\/p>\n<p><a href=\"https:\/\/orthodoxalbania.org\/2020\/wp-content\/uploads\/2025\/12\/konferenca_i_nderkombetare_shqiperia_ne_periudhen_bizantine_nje_momentum_shkenco_09.jpg\" rel=\"noopener\"><img class=\"lazyload\" decoding=\"async\" src=\"data:image\/svg+xml,%3Csvg%20xmlns%3D%27http%3A%2F%2Fwww.w3.org%2F2000%2Fsvg%27%20width%3D%271600%27%20height%3D%271066%27%20viewBox%3D%270%200%201600%201066%27%3E%3Crect%20width%3D%271600%27%20height%3D%271066%27%20fill-opacity%3D%220%22%2F%3E%3C%2Fsvg%3E\" data-orig-src=\"https:\/\/orthodoxalbania.org\/2020\/wp-content\/uploads\/2025\/12\/konferenca_i_nderkombetare_shqiperia_ne_periudhen_bizantine_nje_momentum_shkenco_09.jpg\" alt=\"\"><\/a><\/p>\n<p><a href=\"https:\/\/orthodoxalbania.org\/2020\/wp-content\/uploads\/2025\/12\/konferenca_i_nderkombetare_shqiperia_ne_periudhen_bizantine_nje_momentum_shkenco_10.jpg\" rel=\"noopener\"><img class=\"lazyload\" decoding=\"async\" src=\"data:image\/svg+xml,%3Csvg%20xmlns%3D%27http%3A%2F%2Fwww.w3.org%2F2000%2Fsvg%27%20width%3D%271059%27%20height%3D%27739%27%20viewBox%3D%270%200%201059%20739%27%3E%3Crect%20width%3D%271059%27%20height%3D%27739%27%20fill-opacity%3D%220%22%2F%3E%3C%2Fsvg%3E\" data-orig-src=\"https:\/\/orthodoxalbania.org\/2020\/wp-content\/uploads\/2025\/12\/konferenca_i_nderkombetare_shqiperia_ne_periudhen_bizantine_nje_momentum_shkenco_10.jpg\" alt=\"\"><\/a><\/p>\n<p><a href=\"https:\/\/orthodoxalbania.org\/2020\/wp-content\/uploads\/2025\/12\/konferenca_i_nderkombetare_shqiperia_ne_periudhen_bizantine_nje_momentum_shkenco_11.jpg\" rel=\"noopener\"><img class=\"lazyload\" decoding=\"async\" src=\"data:image\/svg+xml,%3Csvg%20xmlns%3D%27http%3A%2F%2Fwww.w3.org%2F2000%2Fsvg%27%20width%3D%271600%27%20height%3D%27810%27%20viewBox%3D%270%200%201600%20810%27%3E%3Crect%20width%3D%271600%27%20height%3D%27810%27%20fill-opacity%3D%220%22%2F%3E%3C%2Fsvg%3E\" data-orig-src=\"https:\/\/orthodoxalbania.org\/2020\/wp-content\/uploads\/2025\/12\/konferenca_i_nderkombetare_shqiperia_ne_periudhen_bizantine_nje_momentum_shkenco_11.jpg\" alt=\"\"><\/a><\/p>\n<p><a href=\"https:\/\/orthodoxalbania.org\/2020\/wp-content\/uploads\/2025\/12\/konferenca_i_nderkombetare_shqiperia_ne_periudhen_bizantine_nje_momentum_shkenco_12.jpg\" rel=\"noopener\"><img class=\"lazyload\" decoding=\"async\" src=\"data:image\/svg+xml,%3Csvg%20xmlns%3D%27http%3A%2F%2Fwww.w3.org%2F2000%2Fsvg%27%20width%3D%271600%27%20height%3D%27814%27%20viewBox%3D%270%200%201600%20814%27%3E%3Crect%20width%3D%271600%27%20height%3D%27814%27%20fill-opacity%3D%220%22%2F%3E%3C%2Fsvg%3E\" data-orig-src=\"https:\/\/orthodoxalbania.org\/2020\/wp-content\/uploads\/2025\/12\/konferenca_i_nderkombetare_shqiperia_ne_periudhen_bizantine_nje_momentum_shkenco_12.jpg\" alt=\"\"><\/a><\/p>\n<p><a href=\"https:\/\/orthodoxalbania.org\/2020\/wp-content\/uploads\/2025\/12\/konferenca_i_nderkombetare_shqiperia_ne_periudhen_bizantine_nje_momentum_shkenco_13.jpg\" rel=\"noopener\"><img class=\"lazyload\" decoding=\"async\" src=\"data:image\/svg+xml,%3Csvg%20xmlns%3D%27http%3A%2F%2Fwww.w3.org%2F2000%2Fsvg%27%20width%3D%271600%27%20height%3D%271066%27%20viewBox%3D%270%200%201600%201066%27%3E%3Crect%20width%3D%271600%27%20height%3D%271066%27%20fill-opacity%3D%220%22%2F%3E%3C%2Fsvg%3E\" data-orig-src=\"https:\/\/orthodoxalbania.org\/2020\/wp-content\/uploads\/2025\/12\/konferenca_i_nderkombetare_shqiperia_ne_periudhen_bizantine_nje_momentum_shkenco_13.jpg\" alt=\"\"><\/a><\/p>\n<p><a href=\"https:\/\/orthodoxalbania.org\/2020\/wp-content\/uploads\/2025\/12\/konferenca_i_nderkombetare_shqiperia_ne_periudhen_bizantine_nje_momentum_shkenco_14.jpg\" rel=\"noopener\"><img class=\"lazyload\" decoding=\"async\" src=\"data:image\/svg+xml,%3Csvg%20xmlns%3D%27http%3A%2F%2Fwww.w3.org%2F2000%2Fsvg%27%20width%3D%271600%27%20height%3D%27798%27%20viewBox%3D%270%200%201600%20798%27%3E%3Crect%20width%3D%271600%27%20height%3D%27798%27%20fill-opacity%3D%220%22%2F%3E%3C%2Fsvg%3E\" data-orig-src=\"https:\/\/orthodoxalbania.org\/2020\/wp-content\/uploads\/2025\/12\/konferenca_i_nderkombetare_shqiperia_ne_periudhen_bizantine_nje_momentum_shkenco_14.jpg\" alt=\"\"><\/a><\/p>\n<p><a href=\"https:\/\/orthodoxalbania.org\/2020\/wp-content\/uploads\/2025\/12\/konferenca_i_nderkombetare_shqiperia_ne_periudhen_bizantine_nje_momentum_shkenco_15.jpg\" rel=\"noopener\"><img class=\"lazyload\" decoding=\"async\" src=\"data:image\/svg+xml,%3Csvg%20xmlns%3D%27http%3A%2F%2Fwww.w3.org%2F2000%2Fsvg%27%20width%3D%271066%27%20height%3D%271600%27%20viewBox%3D%270%200%201066%201600%27%3E%3Crect%20width%3D%271066%27%20height%3D%271600%27%20fill-opacity%3D%220%22%2F%3E%3C%2Fsvg%3E\" data-orig-src=\"https:\/\/orthodoxalbania.org\/2020\/wp-content\/uploads\/2025\/12\/konferenca_i_nderkombetare_shqiperia_ne_periudhen_bizantine_nje_momentum_shkenco_15.jpg\" alt=\"\"><\/a><\/p>\n<p><a href=\"https:\/\/orthodoxalbania.org\/2020\/wp-content\/uploads\/2025\/12\/konferenca_i_nderkombetare_shqiperia_ne_periudhen_bizantine_nje_momentum_shkenco_16.jpg\" rel=\"noopener\"><img class=\"lazyload\" decoding=\"async\" src=\"data:image\/svg+xml,%3Csvg%20xmlns%3D%27http%3A%2F%2Fwww.w3.org%2F2000%2Fsvg%27%20width%3D%271339%27%20height%3D%27753%27%20viewBox%3D%270%200%201339%20753%27%3E%3Crect%20width%3D%271339%27%20height%3D%27753%27%20fill-opacity%3D%220%22%2F%3E%3C%2Fsvg%3E\" data-orig-src=\"https:\/\/orthodoxalbania.org\/2020\/wp-content\/uploads\/2025\/12\/konferenca_i_nderkombetare_shqiperia_ne_periudhen_bizantine_nje_momentum_shkenco_16.jpg\" alt=\"\"><\/a><\/p>\n<p><a href=\"https:\/\/orthodoxalbania.org\/2020\/wp-content\/uploads\/2025\/12\/konferenca_i_nderkombetare_shqiperia_ne_periudhen_bizantine_nje_momentum_shkenco_17.jpg\" rel=\"noopener\"><img class=\"lazyload\" decoding=\"async\" src=\"data:image\/svg+xml,%3Csvg%20xmlns%3D%27http%3A%2F%2Fwww.w3.org%2F2000%2Fsvg%27%20width%3D%271600%27%20height%3D%271066%27%20viewBox%3D%270%200%201600%201066%27%3E%3Crect%20width%3D%271600%27%20height%3D%271066%27%20fill-opacity%3D%220%22%2F%3E%3C%2Fsvg%3E\" data-orig-src=\"https:\/\/orthodoxalbania.org\/2020\/wp-content\/uploads\/2025\/12\/konferenca_i_nderkombetare_shqiperia_ne_periudhen_bizantine_nje_momentum_shkenco_17.jpg\" alt=\"\"><\/a><\/p>\n<p><a href=\"https:\/\/orthodoxalbania.org\/2020\/wp-content\/uploads\/2025\/12\/konferenca_i_nderkombetare_shqiperia_ne_periudhen_bizantine_nje_momentum_shkenco_18.jpg\" rel=\"noopener\"><img class=\"lazyload\" decoding=\"async\" src=\"data:image\/svg+xml,%3Csvg%20xmlns%3D%27http%3A%2F%2Fwww.w3.org%2F2000%2Fsvg%27%20width%3D%271600%27%20height%3D%27794%27%20viewBox%3D%270%200%201600%20794%27%3E%3Crect%20width%3D%271600%27%20height%3D%27794%27%20fill-opacity%3D%220%22%2F%3E%3C%2Fsvg%3E\" data-orig-src=\"https:\/\/orthodoxalbania.org\/2020\/wp-content\/uploads\/2025\/12\/konferenca_i_nderkombetare_shqiperia_ne_periudhen_bizantine_nje_momentum_shkenco_18.jpg\" alt=\"\"><\/a><\/p>\n<p><a href=\"https:\/\/orthodoxalbania.org\/2020\/wp-content\/uploads\/2025\/12\/konferenca_i_nderkombetare_shqiperia_ne_periudhen_bizantine_nje_momentum_shkenco_19.jpg\" rel=\"noopener\"><img class=\"lazyload\" decoding=\"async\" src=\"data:image\/svg+xml,%3Csvg%20xmlns%3D%27http%3A%2F%2Fwww.w3.org%2F2000%2Fsvg%27%20width%3D%271600%27%20height%3D%271066%27%20viewBox%3D%270%200%201600%201066%27%3E%3Crect%20width%3D%271600%27%20height%3D%271066%27%20fill-opacity%3D%220%22%2F%3E%3C%2Fsvg%3E\" data-orig-src=\"https:\/\/orthodoxalbania.org\/2020\/wp-content\/uploads\/2025\/12\/konferenca_i_nderkombetare_shqiperia_ne_periudhen_bizantine_nje_momentum_shkenco_19.jpg\" alt=\"\"><\/a><\/p>\n<p><a href=\"https:\/\/orthodoxalbania.org\/2020\/wp-content\/uploads\/2025\/12\/konferenca_i_nderkombetare_shqiperia_ne_periudhen_bizantine_nje_momentum_shkenco_20.jpg\" rel=\"noopener\"><img class=\"lazyload\" decoding=\"async\" src=\"data:image\/svg+xml,%3Csvg%20xmlns%3D%27http%3A%2F%2Fwww.w3.org%2F2000%2Fsvg%27%20width%3D%271600%27%20height%3D%271066%27%20viewBox%3D%270%200%201600%201066%27%3E%3Crect%20width%3D%271600%27%20height%3D%271066%27%20fill-opacity%3D%220%22%2F%3E%3C%2Fsvg%3E\" data-orig-src=\"https:\/\/orthodoxalbania.org\/2020\/wp-content\/uploads\/2025\/12\/konferenca_i_nderkombetare_shqiperia_ne_periudhen_bizantine_nje_momentum_shkenco_20.jpg\" alt=\"\"><\/a><\/p>\n<p><a href=\"https:\/\/orthodoxalbania.org\/2020\/wp-content\/uploads\/2025\/12\/konferenca_i_nderkombetare_shqiperia_ne_periudhen_bizantine_nje_momentum_shkenco_21.jpg\" rel=\"noopener\"><img class=\"lazyload\" decoding=\"async\" src=\"data:image\/svg+xml,%3Csvg%20xmlns%3D%27http%3A%2F%2Fwww.w3.org%2F2000%2Fsvg%27%20width%3D%271600%27%20height%3D%271066%27%20viewBox%3D%270%200%201600%201066%27%3E%3Crect%20width%3D%271600%27%20height%3D%271066%27%20fill-opacity%3D%220%22%2F%3E%3C%2Fsvg%3E\" data-orig-src=\"https:\/\/orthodoxalbania.org\/2020\/wp-content\/uploads\/2025\/12\/konferenca_i_nderkombetare_shqiperia_ne_periudhen_bizantine_nje_momentum_shkenco_21.jpg\" alt=\"\"><\/a><\/p>\n<p><a href=\"https:\/\/orthodoxalbania.org\/2020\/wp-content\/uploads\/2025\/12\/konferenca_i_nderkombetare_shqiperia_ne_periudhen_bizantine_nje_momentum_shkenco_22.jpg\" rel=\"noopener\"><img class=\"lazyload\" decoding=\"async\" src=\"data:image\/svg+xml,%3Csvg%20xmlns%3D%27http%3A%2F%2Fwww.w3.org%2F2000%2Fsvg%27%20width%3D%271600%27%20height%3D%271066%27%20viewBox%3D%270%200%201600%201066%27%3E%3Crect%20width%3D%271600%27%20height%3D%271066%27%20fill-opacity%3D%220%22%2F%3E%3C%2Fsvg%3E\" data-orig-src=\"https:\/\/orthodoxalbania.org\/2020\/wp-content\/uploads\/2025\/12\/konferenca_i_nderkombetare_shqiperia_ne_periudhen_bizantine_nje_momentum_shkenco_22.jpg\" alt=\"\"><\/a><\/p>\n<p><a href=\"https:\/\/orthodoxalbania.org\/2020\/wp-content\/uploads\/2025\/12\/konferenca_i_nderkombetare_shqiperia_ne_periudhen_bizantine_nje_momentum_shkenco_23.jpg\" rel=\"noopener\"><img class=\"lazyload\" decoding=\"async\" src=\"data:image\/svg+xml,%3Csvg%20xmlns%3D%27http%3A%2F%2Fwww.w3.org%2F2000%2Fsvg%27%20width%3D%271600%27%20height%3D%271066%27%20viewBox%3D%270%200%201600%201066%27%3E%3Crect%20width%3D%271600%27%20height%3D%271066%27%20fill-opacity%3D%220%22%2F%3E%3C%2Fsvg%3E\" data-orig-src=\"https:\/\/orthodoxalbania.org\/2020\/wp-content\/uploads\/2025\/12\/konferenca_i_nderkombetare_shqiperia_ne_periudhen_bizantine_nje_momentum_shkenco_23.jpg\" alt=\"\"><\/a><\/p>\n<p><a href=\"https:\/\/orthodoxalbania.org\/2020\/wp-content\/uploads\/2025\/12\/konferenca_i_nderkombetare_shqiperia_ne_periudhen_bizantine_nje_momentum_shkenco_24.jpg\" rel=\"noopener\"><img class=\"lazyload\" decoding=\"async\" src=\"data:image\/svg+xml,%3Csvg%20xmlns%3D%27http%3A%2F%2Fwww.w3.org%2F2000%2Fsvg%27%20width%3D%271600%27%20height%3D%271200%27%20viewBox%3D%270%200%201600%201200%27%3E%3Crect%20width%3D%271600%27%20height%3D%271200%27%20fill-opacity%3D%220%22%2F%3E%3C%2Fsvg%3E\" data-orig-src=\"https:\/\/orthodoxalbania.org\/2020\/wp-content\/uploads\/2025\/12\/konferenca_i_nderkombetare_shqiperia_ne_periudhen_bizantine_nje_momentum_shkenco_24.jpg\" alt=\"\"><\/a><\/p>\n<p><a href=\"https:\/\/orthodoxalbania.org\/2020\/wp-content\/uploads\/2025\/12\/konferenca_i_nderkombetare_shqiperia_ne_periudhen_bizantine_nje_momentum_shkenco_25.jpg\" rel=\"noopener\"><img class=\"lazyload\" decoding=\"async\" src=\"data:image\/svg+xml,%3Csvg%20xmlns%3D%27http%3A%2F%2Fwww.w3.org%2F2000%2Fsvg%27%20width%3D%271600%27%20height%3D%271066%27%20viewBox%3D%270%200%201600%201066%27%3E%3Crect%20width%3D%271600%27%20height%3D%271066%27%20fill-opacity%3D%220%22%2F%3E%3C%2Fsvg%3E\" data-orig-src=\"https:\/\/orthodoxalbania.org\/2020\/wp-content\/uploads\/2025\/12\/konferenca_i_nderkombetare_shqiperia_ne_periudhen_bizantine_nje_momentum_shkenco_25.jpg\" alt=\"\"><\/a><\/p>\n<p><a href=\"https:\/\/orthodoxalbania.org\/2020\/wp-content\/uploads\/2025\/12\/konferenca_i_nderkombetare_shqiperia_ne_periudhen_bizantine_nje_momentum_shkenco_26.jpg\" rel=\"noopener\"><img class=\"lazyload\" decoding=\"async\" src=\"data:image\/svg+xml,%3Csvg%20xmlns%3D%27http%3A%2F%2Fwww.w3.org%2F2000%2Fsvg%27%20width%3D%271600%27%20height%3D%27900%27%20viewBox%3D%270%200%201600%20900%27%3E%3Crect%20width%3D%271600%27%20height%3D%27900%27%20fill-opacity%3D%220%22%2F%3E%3C%2Fsvg%3E\" data-orig-src=\"https:\/\/orthodoxalbania.org\/2020\/wp-content\/uploads\/2025\/12\/konferenca_i_nderkombetare_shqiperia_ne_periudhen_bizantine_nje_momentum_shkenco_26.jpg\" alt=\"\"><\/a><\/p>\n<p><a href=\"https:\/\/orthodoxalbania.org\/2020\/wp-content\/uploads\/2025\/12\/konferenca_i_nderkombetare_shqiperia_ne_periudhen_bizantine_nje_momentum_shkenco_27.jpg\" rel=\"noopener\"><img class=\"lazyload\" decoding=\"async\" src=\"data:image\/svg+xml,%3Csvg%20xmlns%3D%27http%3A%2F%2Fwww.w3.org%2F2000%2Fsvg%27%20width%3D%271600%27%20height%3D%27740%27%20viewBox%3D%270%200%201600%20740%27%3E%3Crect%20width%3D%271600%27%20height%3D%27740%27%20fill-opacity%3D%220%22%2F%3E%3C%2Fsvg%3E\" data-orig-src=\"https:\/\/orthodoxalbania.org\/2020\/wp-content\/uploads\/2025\/12\/konferenca_i_nderkombetare_shqiperia_ne_periudhen_bizantine_nje_momentum_shkenco_27.jpg\" alt=\"\"><\/a><\/p>\n<p><a href=\"https:\/\/orthodoxalbania.org\/2020\/wp-content\/uploads\/2025\/12\/konferenca_i_nderkombetare_shqiperia_ne_periudhen_bizantine_nje_momentum_shkenco_28.jpg\" rel=\"noopener\"><img class=\"lazyload\" decoding=\"async\" src=\"data:image\/svg+xml,%3Csvg%20xmlns%3D%27http%3A%2F%2Fwww.w3.org%2F2000%2Fsvg%27%20width%3D%271600%27%20height%3D%27900%27%20viewBox%3D%270%200%201600%20900%27%3E%3Crect%20width%3D%271600%27%20height%3D%27900%27%20fill-opacity%3D%220%22%2F%3E%3C%2Fsvg%3E\" data-orig-src=\"https:\/\/orthodoxalbania.org\/2020\/wp-content\/uploads\/2025\/12\/konferenca_i_nderkombetare_shqiperia_ne_periudhen_bizantine_nje_momentum_shkenco_28.jpg\" alt=\"\"><\/a><\/p>\n<p><a href=\"https:\/\/orthodoxalbania.org\/2020\/wp-content\/uploads\/2025\/12\/konferenca_i_nderkombetare_shqiperia_ne_periudhen_bizantine_nje_momentum_shkenco_29.jpg\" rel=\"noopener\"><img class=\"lazyload\" decoding=\"async\" src=\"data:image\/svg+xml,%3Csvg%20xmlns%3D%27http%3A%2F%2Fwww.w3.org%2F2000%2Fsvg%27%20width%3D%271600%27%20height%3D%271066%27%20viewBox%3D%270%200%201600%201066%27%3E%3Crect%20width%3D%271600%27%20height%3D%271066%27%20fill-opacity%3D%220%22%2F%3E%3C%2Fsvg%3E\" data-orig-src=\"https:\/\/orthodoxalbania.org\/2020\/wp-content\/uploads\/2025\/12\/konferenca_i_nderkombetare_shqiperia_ne_periudhen_bizantine_nje_momentum_shkenco_29.jpg\" alt=\"\"><\/a><\/p>\n<p><a href=\"https:\/\/orthodoxalbania.org\/2020\/wp-content\/uploads\/2025\/12\/konferenca_i_nderkombetare_shqiperia_ne_periudhen_bizantine_nje_momentum_shkenco_30.jpg\" rel=\"noopener\"><img class=\"lazyload\" decoding=\"async\" src=\"data:image\/svg+xml,%3Csvg%20xmlns%3D%27http%3A%2F%2Fwww.w3.org%2F2000%2Fsvg%27%20width%3D%271200%27%20height%3D%271600%27%20viewBox%3D%270%200%201200%201600%27%3E%3Crect%20width%3D%271200%27%20height%3D%271600%27%20fill-opacity%3D%220%22%2F%3E%3C%2Fsvg%3E\" data-orig-src=\"https:\/\/orthodoxalbania.org\/2020\/wp-content\/uploads\/2025\/12\/konferenca_i_nderkombetare_shqiperia_ne_periudhen_bizantine_nje_momentum_shkenco_30.jpg\" alt=\"\"><\/a><\/p>\n<p><a href=\"https:\/\/orthodoxalbania.org\/2020\/wp-content\/uploads\/2025\/12\/konferenca_i_nderkombetare_shqiperia_ne_periudhen_bizantine_nje_momentum_shkenco_31.jpg\" rel=\"noopener\"><img class=\"lazyload\" decoding=\"async\" src=\"data:image\/svg+xml,%3Csvg%20xmlns%3D%27http%3A%2F%2Fwww.w3.org%2F2000%2Fsvg%27%20width%3D%271600%27%20height%3D%27900%27%20viewBox%3D%270%200%201600%20900%27%3E%3Crect%20width%3D%271600%27%20height%3D%27900%27%20fill-opacity%3D%220%22%2F%3E%3C%2Fsvg%3E\" data-orig-src=\"https:\/\/orthodoxalbania.org\/2020\/wp-content\/uploads\/2025\/12\/konferenca_i_nderkombetare_shqiperia_ne_periudhen_bizantine_nje_momentum_shkenco_31.jpg\" alt=\"\"><\/a><\/p>\n<p><a href=\"https:\/\/orthodoxalbania.org\/2020\/wp-content\/uploads\/2025\/12\/konferenca_i_nderkombetare_shqiperia_ne_periudhen_bizantine_nje_momentum_shkenco_32.jpg\" rel=\"noopener\"><img class=\"lazyload\" decoding=\"async\" src=\"data:image\/svg+xml,%3Csvg%20xmlns%3D%27http%3A%2F%2Fwww.w3.org%2F2000%2Fsvg%27%20width%3D%271600%27%20height%3D%271066%27%20viewBox%3D%270%200%201600%201066%27%3E%3Crect%20width%3D%271600%27%20height%3D%271066%27%20fill-opacity%3D%220%22%2F%3E%3C%2Fsvg%3E\" data-orig-src=\"https:\/\/orthodoxalbania.org\/2020\/wp-content\/uploads\/2025\/12\/konferenca_i_nderkombetare_shqiperia_ne_periudhen_bizantine_nje_momentum_shkenco_32.jpg\" alt=\"\"><\/a><\/p>\n<p><a href=\"https:\/\/orthodoxalbania.org\/2020\/wp-content\/uploads\/2025\/12\/konferenca_i_nderkombetare_shqiperia_ne_periudhen_bizantine_nje_momentum_shkenco_33.jpg\" rel=\"noopener\"><img class=\"lazyload\" decoding=\"async\" src=\"data:image\/svg+xml,%3Csvg%20xmlns%3D%27http%3A%2F%2Fwww.w3.org%2F2000%2Fsvg%27%20width%3D%271600%27%20height%3D%27900%27%20viewBox%3D%270%200%201600%20900%27%3E%3Crect%20width%3D%271600%27%20height%3D%27900%27%20fill-opacity%3D%220%22%2F%3E%3C%2Fsvg%3E\" data-orig-src=\"https:\/\/orthodoxalbania.org\/2020\/wp-content\/uploads\/2025\/12\/konferenca_i_nderkombetare_shqiperia_ne_periudhen_bizantine_nje_momentum_shkenco_33.jpg\" alt=\"\"><\/a><\/p>\n<p><a href=\"https:\/\/orthodoxalbania.org\/2020\/wp-content\/uploads\/2025\/12\/konferenca_i_nderkombetare_shqiperia_ne_periudhen_bizantine_nje_momentum_shkenco_34.jpg\" rel=\"noopener\"><img class=\"lazyload\" decoding=\"async\" src=\"data:image\/svg+xml,%3Csvg%20xmlns%3D%27http%3A%2F%2Fwww.w3.org%2F2000%2Fsvg%27%20width%3D%271600%27%20height%3D%27900%27%20viewBox%3D%270%200%201600%20900%27%3E%3Crect%20width%3D%271600%27%20height%3D%27900%27%20fill-opacity%3D%220%22%2F%3E%3C%2Fsvg%3E\" data-orig-src=\"https:\/\/orthodoxalbania.org\/2020\/wp-content\/uploads\/2025\/12\/konferenca_i_nderkombetare_shqiperia_ne_periudhen_bizantine_nje_momentum_shkenco_34.jpg\" alt=\"\"><\/a><\/p>\n<p><a href=\"https:\/\/orthodoxalbania.org\/2020\/wp-content\/uploads\/2025\/12\/konferenca_i_nderkombetare_shqiperia_ne_periudhen_bizantine_nje_momentum_shkenco_35.jpg\" rel=\"noopener\"><img class=\"lazyload\" decoding=\"async\" src=\"data:image\/svg+xml,%3Csvg%20xmlns%3D%27http%3A%2F%2Fwww.w3.org%2F2000%2Fsvg%27%20width%3D%271600%27%20height%3D%271066%27%20viewBox%3D%270%200%201600%201066%27%3E%3Crect%20width%3D%271600%27%20height%3D%271066%27%20fill-opacity%3D%220%22%2F%3E%3C%2Fsvg%3E\" data-orig-src=\"https:\/\/orthodoxalbania.org\/2020\/wp-content\/uploads\/2025\/12\/konferenca_i_nderkombetare_shqiperia_ne_periudhen_bizantine_nje_momentum_shkenco_35.jpg\" alt=\"\"><\/a><\/p>\n<p><a href=\"https:\/\/orthodoxalbania.org\/2020\/wp-content\/uploads\/2025\/12\/konferenca_i_nderkombetare_shqiperia_ne_periudhen_bizantine_nje_momentum_shkenco_36.jpg\" rel=\"noopener\"><img class=\"lazyload\" decoding=\"async\" src=\"data:image\/svg+xml,%3Csvg%20xmlns%3D%27http%3A%2F%2Fwww.w3.org%2F2000%2Fsvg%27%20width%3D%271600%27%20height%3D%271066%27%20viewBox%3D%270%200%201600%201066%27%3E%3Crect%20width%3D%271600%27%20height%3D%271066%27%20fill-opacity%3D%220%22%2F%3E%3C%2Fsvg%3E\" data-orig-src=\"https:\/\/orthodoxalbania.org\/2020\/wp-content\/uploads\/2025\/12\/konferenca_i_nderkombetare_shqiperia_ne_periudhen_bizantine_nje_momentum_shkenco_36.jpg\" alt=\"\"><\/a><\/p>\n<p><a href=\"https:\/\/orthodoxalbania.org\/2020\/wp-content\/uploads\/2025\/12\/konferenca_i_nderkombetare_shqiperia_ne_periudhen_bizantine_nje_momentum_shkenco_37.jpg\" rel=\"noopener\"><img class=\"lazyload\" decoding=\"async\" src=\"data:image\/svg+xml,%3Csvg%20xmlns%3D%27http%3A%2F%2Fwww.w3.org%2F2000%2Fsvg%27%20width%3D%271600%27%20height%3D%271066%27%20viewBox%3D%270%200%201600%201066%27%3E%3Crect%20width%3D%271600%27%20height%3D%271066%27%20fill-opacity%3D%220%22%2F%3E%3C%2Fsvg%3E\" data-orig-src=\"https:\/\/orthodoxalbania.org\/2020\/wp-content\/uploads\/2025\/12\/konferenca_i_nderkombetare_shqiperia_ne_periudhen_bizantine_nje_momentum_shkenco_37.jpg\" alt=\"\"><\/a><\/p>\n<p><a href=\"https:\/\/orthodoxalbania.org\/2020\/wp-content\/uploads\/2025\/12\/konferenca_i_nderkombetare_shqiperia_ne_periudhen_bizantine_nje_momentum_shkenco_38.jpg\" rel=\"noopener\"><img class=\"lazyload\" decoding=\"async\" src=\"data:image\/svg+xml,%3Csvg%20xmlns%3D%27http%3A%2F%2Fwww.w3.org%2F2000%2Fsvg%27%20width%3D%271600%27%20height%3D%271066%27%20viewBox%3D%270%200%201600%201066%27%3E%3Crect%20width%3D%271600%27%20height%3D%271066%27%20fill-opacity%3D%220%22%2F%3E%3C%2Fsvg%3E\" data-orig-src=\"https:\/\/orthodoxalbania.org\/2020\/wp-content\/uploads\/2025\/12\/konferenca_i_nderkombetare_shqiperia_ne_periudhen_bizantine_nje_momentum_shkenco_38.jpg\" alt=\"\"><\/a><\/p>\n<p><a href=\"https:\/\/orthodoxalbania.org\/2020\/wp-content\/uploads\/2025\/12\/konferenca_i_nderkombetare_shqiperia_ne_periudhen_bizantine_nje_momentum_shkenco_39.jpg\" rel=\"noopener\"><img class=\"lazyload\" decoding=\"async\" src=\"data:image\/svg+xml,%3Csvg%20xmlns%3D%27http%3A%2F%2Fwww.w3.org%2F2000%2Fsvg%27%20width%3D%271600%27%20height%3D%271066%27%20viewBox%3D%270%200%201600%201066%27%3E%3Crect%20width%3D%271600%27%20height%3D%271066%27%20fill-opacity%3D%220%22%2F%3E%3C%2Fsvg%3E\" data-orig-src=\"https:\/\/orthodoxalbania.org\/2020\/wp-content\/uploads\/2025\/12\/konferenca_i_nderkombetare_shqiperia_ne_periudhen_bizantine_nje_momentum_shkenco_39.jpg\" alt=\"\"><\/a><\/p>\n<p><a href=\"https:\/\/orthodoxalbania.org\/2020\/wp-content\/uploads\/2025\/12\/konferenca_i_nderkombetare_shqiperia_ne_periudhen_bizantine_nje_momentum_shkenco_40.jpg\" rel=\"noopener\"><img class=\"lazyload\" decoding=\"async\" src=\"data:image\/svg+xml,%3Csvg%20xmlns%3D%27http%3A%2F%2Fwww.w3.org%2F2000%2Fsvg%27%20width%3D%271200%27%20height%3D%271600%27%20viewBox%3D%270%200%201200%201600%27%3E%3Crect%20width%3D%271200%27%20height%3D%271600%27%20fill-opacity%3D%220%22%2F%3E%3C%2Fsvg%3E\" data-orig-src=\"https:\/\/orthodoxalbania.org\/2020\/wp-content\/uploads\/2025\/12\/konferenca_i_nderkombetare_shqiperia_ne_periudhen_bizantine_nje_momentum_shkenco_40.jpg\" alt=\"\"><\/a><\/p>\n<p><a href=\"https:\/\/orthodoxalbania.org\/2020\/wp-content\/uploads\/2025\/12\/konferenca_i_nderkombetare_shqiperia_ne_periudhen_bizantine_nje_momentum_shkenco_02.jpg\" rel=\"noopener\"><img class=\"lazyload\" decoding=\"async\" src=\"data:image\/svg+xml,%3Csvg%20xmlns%3D%27http%3A%2F%2Fwww.w3.org%2F2000%2Fsvg%27%20width%3D%271600%27%20height%3D%27816%27%20viewBox%3D%270%200%201600%20816%27%3E%3Crect%20width%3D%271600%27%20height%3D%27816%27%20fill-opacity%3D%220%22%2F%3E%3C%2Fsvg%3E\" data-orig-src=\"https:\/\/orthodoxalbania.org\/2020\/wp-content\/uploads\/2025\/12\/konferenca_i_nderkombetare_shqiperia_ne_periudhen_bizantine_nje_momentum_shkenco_02.jpg\" alt=\"\"><\/a><\/p>\n<p><a href=\"https:\/\/orthodoxalbania.org\/2020\/wp-content\/uploads\/2025\/12\/konferenca_i_nderkombetare_shqiperia_ne_periudhen_bizantine_nje_momentum_shkenco_03.jpg\" rel=\"noopener\"><img class=\"lazyload\" decoding=\"async\" src=\"data:image\/svg+xml,%3Csvg%20xmlns%3D%27http%3A%2F%2Fwww.w3.org%2F2000%2Fsvg%27%20width%3D%271600%27%20height%3D%271066%27%20viewBox%3D%270%200%201600%201066%27%3E%3Crect%20width%3D%271600%27%20height%3D%271066%27%20fill-opacity%3D%220%22%2F%3E%3C%2Fsvg%3E\" data-orig-src=\"https:\/\/orthodoxalbania.org\/2020\/wp-content\/uploads\/2025\/12\/konferenca_i_nderkombetare_shqiperia_ne_periudhen_bizantine_nje_momentum_shkenco_03.jpg\" alt=\"\"><\/a><\/p>\n<p><a href=\"https:\/\/orthodoxalbania.org\/2020\/wp-content\/uploads\/2025\/12\/konferenca_i_nderkombetare_shqiperia_ne_periudhen_bizantine_nje_momentum_shkenco_04.jpg\" rel=\"noopener\"><img class=\"lazyload\" decoding=\"async\" src=\"data:image\/svg+xml,%3Csvg%20xmlns%3D%27http%3A%2F%2Fwww.w3.org%2F2000%2Fsvg%27%20width%3D%27640%27%20height%3D%27960%27%20viewBox%3D%270%200%20640%20960%27%3E%3Crect%20width%3D%27640%27%20height%3D%27960%27%20fill-opacity%3D%220%22%2F%3E%3C%2Fsvg%3E\" data-orig-src=\"https:\/\/orthodoxalbania.org\/2020\/wp-content\/uploads\/2025\/12\/konferenca_i_nderkombetare_shqiperia_ne_periudhen_bizantine_nje_momentum_shkenco_04.jpg\" alt=\"\"><\/a><\/p>\n<p><a href=\"https:\/\/orthodoxalbania.org\/2020\/wp-content\/uploads\/2025\/12\/konferenca_i_nderkombetare_shqiperia_ne_periudhen_bizantine_nje_momentum_shkenco_05.jpg\" rel=\"noopener\"><img class=\"lazyload\" decoding=\"async\" src=\"data:image\/svg+xml,%3Csvg%20xmlns%3D%27http%3A%2F%2Fwww.w3.org%2F2000%2Fsvg%27%20width%3D%271600%27%20height%3D%271066%27%20viewBox%3D%270%200%201600%201066%27%3E%3Crect%20width%3D%271600%27%20height%3D%271066%27%20fill-opacity%3D%220%22%2F%3E%3C%2Fsvg%3E\" data-orig-src=\"https:\/\/orthodoxalbania.org\/2020\/wp-content\/uploads\/2025\/12\/konferenca_i_nderkombetare_shqiperia_ne_periudhen_bizantine_nje_momentum_shkenco_05.jpg\" alt=\"\"><\/a><\/p>\n<p><a href=\"https:\/\/orthodoxalbania.org\/2020\/wp-content\/uploads\/2025\/12\/konferenca_i_nderkombetare_shqiperia_ne_periudhen_bizantine_nje_momentum_shkenco_06.jpg\" rel=\"noopener\"><img class=\"lazyload\" decoding=\"async\" src=\"data:image\/svg+xml,%3Csvg%20xmlns%3D%27http%3A%2F%2Fwww.w3.org%2F2000%2Fsvg%27%20width%3D%271500%27%20height%3D%271000%27%20viewBox%3D%270%200%201500%201000%27%3E%3Crect%20width%3D%271500%27%20height%3D%271000%27%20fill-opacity%3D%220%22%2F%3E%3C%2Fsvg%3E\" data-orig-src=\"https:\/\/orthodoxalbania.org\/2020\/wp-content\/uploads\/2025\/12\/konferenca_i_nderkombetare_shqiperia_ne_periudhen_bizantine_nje_momentum_shkenco_06.jpg\" alt=\"\"><\/a><\/p>\n<p><a href=\"https:\/\/orthodoxalbania.org\/2020\/wp-content\/uploads\/2025\/12\/konferenca_i_nderkombetare_shqiperia_ne_periudhen_bizantine_nje_momentum_shkenco_07.jpg\" rel=\"noopener\"><img class=\"lazyload\" decoding=\"async\" src=\"data:image\/svg+xml,%3Csvg%20xmlns%3D%27http%3A%2F%2Fwww.w3.org%2F2000%2Fsvg%27%20width%3D%271338%27%20height%3D%27760%27%20viewBox%3D%270%200%201338%20760%27%3E%3Crect%20width%3D%271338%27%20height%3D%27760%27%20fill-opacity%3D%220%22%2F%3E%3C%2Fsvg%3E\" data-orig-src=\"https:\/\/orthodoxalbania.org\/2020\/wp-content\/uploads\/2025\/12\/konferenca_i_nderkombetare_shqiperia_ne_periudhen_bizantine_nje_momentum_shkenco_07.jpg\" alt=\"\"><\/a><\/p>\n<p><a href=\"https:\/\/orthodoxalbania.org\/2020\/wp-content\/uploads\/2025\/12\/konferenca_i_nderkombetare_shqiperia_ne_periudhen_bizantine_nje_momentum_shkenco_08.jpg\" rel=\"noopener\"><img class=\"lazyload\" decoding=\"async\" src=\"data:image\/svg+xml,%3Csvg%20xmlns%3D%27http%3A%2F%2Fwww.w3.org%2F2000%2Fsvg%27%20width%3D%271339%27%20height%3D%27751%27%20viewBox%3D%270%200%201339%20751%27%3E%3Crect%20width%3D%271339%27%20height%3D%27751%27%20fill-opacity%3D%220%22%2F%3E%3C%2Fsvg%3E\" data-orig-src=\"https:\/\/orthodoxalbania.org\/2020\/wp-content\/uploads\/2025\/12\/konferenca_i_nderkombetare_shqiperia_ne_periudhen_bizantine_nje_momentum_shkenco_08.jpg\" alt=\"\"><\/a><\/p>\n<p><a href=\"https:\/\/orthodoxalbania.org\/2020\/wp-content\/uploads\/2025\/12\/konferenca_i_nderkombetare_shqiperia_ne_periudhen_bizantine_nje_momentum_shkenco_09.jpg\" rel=\"noopener\"><img class=\"lazyload\" decoding=\"async\" src=\"data:image\/svg+xml,%3Csvg%20xmlns%3D%27http%3A%2F%2Fwww.w3.org%2F2000%2Fsvg%27%20width%3D%271600%27%20height%3D%271066%27%20viewBox%3D%270%200%201600%201066%27%3E%3Crect%20width%3D%271600%27%20height%3D%271066%27%20fill-opacity%3D%220%22%2F%3E%3C%2Fsvg%3E\" data-orig-src=\"https:\/\/orthodoxalbania.org\/2020\/wp-content\/uploads\/2025\/12\/konferenca_i_nderkombetare_shqiperia_ne_periudhen_bizantine_nje_momentum_shkenco_09.jpg\" alt=\"\"><\/a><\/p>\n<p><a href=\"https:\/\/orthodoxalbania.org\/2020\/wp-content\/uploads\/2025\/12\/konferenca_i_nderkombetare_shqiperia_ne_periudhen_bizantine_nje_momentum_shkenco_10.jpg\" rel=\"noopener\"><img class=\"lazyload\" decoding=\"async\" src=\"data:image\/svg+xml,%3Csvg%20xmlns%3D%27http%3A%2F%2Fwww.w3.org%2F2000%2Fsvg%27%20width%3D%271059%27%20height%3D%27739%27%20viewBox%3D%270%200%201059%20739%27%3E%3Crect%20width%3D%271059%27%20height%3D%27739%27%20fill-opacity%3D%220%22%2F%3E%3C%2Fsvg%3E\" data-orig-src=\"https:\/\/orthodoxalbania.org\/2020\/wp-content\/uploads\/2025\/12\/konferenca_i_nderkombetare_shqiperia_ne_periudhen_bizantine_nje_momentum_shkenco_10.jpg\" alt=\"\"><\/a><\/p>\n<p><a href=\"https:\/\/orthodoxalbania.org\/2020\/wp-content\/uploads\/2025\/12\/konferenca_i_nderkombetare_shqiperia_ne_periudhen_bizantine_nje_momentum_shkenco_11.jpg\" rel=\"noopener\"><img class=\"lazyload\" decoding=\"async\" src=\"data:image\/svg+xml,%3Csvg%20xmlns%3D%27http%3A%2F%2Fwww.w3.org%2F2000%2Fsvg%27%20width%3D%271600%27%20height%3D%27810%27%20viewBox%3D%270%200%201600%20810%27%3E%3Crect%20width%3D%271600%27%20height%3D%27810%27%20fill-opacity%3D%220%22%2F%3E%3C%2Fsvg%3E\" data-orig-src=\"https:\/\/orthodoxalbania.org\/2020\/wp-content\/uploads\/2025\/12\/konferenca_i_nderkombetare_shqiperia_ne_periudhen_bizantine_nje_momentum_shkenco_11.jpg\" alt=\"\"><\/a><\/p>\n<p><a href=\"https:\/\/orthodoxalbania.org\/2020\/wp-content\/uploads\/2025\/12\/konferenca_i_nderkombetare_shqiperia_ne_periudhen_bizantine_nje_momentum_shkenco_12.jpg\" rel=\"noopener\"><img class=\"lazyload\" decoding=\"async\" src=\"data:image\/svg+xml,%3Csvg%20xmlns%3D%27http%3A%2F%2Fwww.w3.org%2F2000%2Fsvg%27%20width%3D%271600%27%20height%3D%27814%27%20viewBox%3D%270%200%201600%20814%27%3E%3Crect%20width%3D%271600%27%20height%3D%27814%27%20fill-opacity%3D%220%22%2F%3E%3C%2Fsvg%3E\" data-orig-src=\"https:\/\/orthodoxalbania.org\/2020\/wp-content\/uploads\/2025\/12\/konferenca_i_nderkombetare_shqiperia_ne_periudhen_bizantine_nje_momentum_shkenco_12.jpg\" alt=\"\"><\/a><\/p>\n<p><a href=\"https:\/\/orthodoxalbania.org\/2020\/wp-content\/uploads\/2025\/12\/konferenca_i_nderkombetare_shqiperia_ne_periudhen_bizantine_nje_momentum_shkenco_13.jpg\" rel=\"noopener\"><img class=\"lazyload\" decoding=\"async\" src=\"data:image\/svg+xml,%3Csvg%20xmlns%3D%27http%3A%2F%2Fwww.w3.org%2F2000%2Fsvg%27%20width%3D%271600%27%20height%3D%271066%27%20viewBox%3D%270%200%201600%201066%27%3E%3Crect%20width%3D%271600%27%20height%3D%271066%27%20fill-opacity%3D%220%22%2F%3E%3C%2Fsvg%3E\" data-orig-src=\"https:\/\/orthodoxalbania.org\/2020\/wp-content\/uploads\/2025\/12\/konferenca_i_nderkombetare_shqiperia_ne_periudhen_bizantine_nje_momentum_shkenco_13.jpg\" alt=\"\"><\/a><\/p>\n<p><a href=\"https:\/\/orthodoxalbania.org\/2020\/wp-content\/uploads\/2025\/12\/konferenca_i_nderkombetare_shqiperia_ne_periudhen_bizantine_nje_momentum_shkenco_14.jpg\" rel=\"noopener\"><img class=\"lazyload\" decoding=\"async\" src=\"data:image\/svg+xml,%3Csvg%20xmlns%3D%27http%3A%2F%2Fwww.w3.org%2F2000%2Fsvg%27%20width%3D%271600%27%20height%3D%27798%27%20viewBox%3D%270%200%201600%20798%27%3E%3Crect%20width%3D%271600%27%20height%3D%27798%27%20fill-opacity%3D%220%22%2F%3E%3C%2Fsvg%3E\" data-orig-src=\"https:\/\/orthodoxalbania.org\/2020\/wp-content\/uploads\/2025\/12\/konferenca_i_nderkombetare_shqiperia_ne_periudhen_bizantine_nje_momentum_shkenco_14.jpg\" alt=\"\"><\/a><\/p>\n<p><a href=\"https:\/\/orthodoxalbania.org\/2020\/wp-content\/uploads\/2025\/12\/konferenca_i_nderkombetare_shqiperia_ne_periudhen_bizantine_nje_momentum_shkenco_15.jpg\" rel=\"noopener\"><img class=\"lazyload\" decoding=\"async\" src=\"data:image\/svg+xml,%3Csvg%20xmlns%3D%27http%3A%2F%2Fwww.w3.org%2F2000%2Fsvg%27%20width%3D%271066%27%20height%3D%271600%27%20viewBox%3D%270%200%201066%201600%27%3E%3Crect%20width%3D%271066%27%20height%3D%271600%27%20fill-opacity%3D%220%22%2F%3E%3C%2Fsvg%3E\" data-orig-src=\"https:\/\/orthodoxalbania.org\/2020\/wp-content\/uploads\/2025\/12\/konferenca_i_nderkombetare_shqiperia_ne_periudhen_bizantine_nje_momentum_shkenco_15.jpg\" alt=\"\"><\/a><\/p>\n<p><a href=\"https:\/\/orthodoxalbania.org\/2020\/wp-content\/uploads\/2025\/12\/konferenca_i_nderkombetare_shqiperia_ne_periudhen_bizantine_nje_momentum_shkenco_16.jpg\" rel=\"noopener\"><img class=\"lazyload\" decoding=\"async\" src=\"data:image\/svg+xml,%3Csvg%20xmlns%3D%27http%3A%2F%2Fwww.w3.org%2F2000%2Fsvg%27%20width%3D%271339%27%20height%3D%27753%27%20viewBox%3D%270%200%201339%20753%27%3E%3Crect%20width%3D%271339%27%20height%3D%27753%27%20fill-opacity%3D%220%22%2F%3E%3C%2Fsvg%3E\" data-orig-src=\"https:\/\/orthodoxalbania.org\/2020\/wp-content\/uploads\/2025\/12\/konferenca_i_nderkombetare_shqiperia_ne_periudhen_bizantine_nje_momentum_shkenco_16.jpg\" alt=\"\"><\/a><\/p>\n<p><a href=\"https:\/\/orthodoxalbania.org\/2020\/wp-content\/uploads\/2025\/12\/konferenca_i_nderkombetare_shqiperia_ne_periudhen_bizantine_nje_momentum_shkenco_17.jpg\" rel=\"noopener\"><img class=\"lazyload\" decoding=\"async\" src=\"data:image\/svg+xml,%3Csvg%20xmlns%3D%27http%3A%2F%2Fwww.w3.org%2F2000%2Fsvg%27%20width%3D%271600%27%20height%3D%271066%27%20viewBox%3D%270%200%201600%201066%27%3E%3Crect%20width%3D%271600%27%20height%3D%271066%27%20fill-opacity%3D%220%22%2F%3E%3C%2Fsvg%3E\" data-orig-src=\"https:\/\/orthodoxalbania.org\/2020\/wp-content\/uploads\/2025\/12\/konferenca_i_nderkombetare_shqiperia_ne_periudhen_bizantine_nje_momentum_shkenco_17.jpg\" alt=\"\"><\/a><\/p>\n<p><a href=\"https:\/\/orthodoxalbania.org\/2020\/wp-content\/uploads\/2025\/12\/konferenca_i_nderkombetare_shqiperia_ne_periudhen_bizantine_nje_momentum_shkenco_18.jpg\" rel=\"noopener\"><img class=\"lazyload\" decoding=\"async\" src=\"data:image\/svg+xml,%3Csvg%20xmlns%3D%27http%3A%2F%2Fwww.w3.org%2F2000%2Fsvg%27%20width%3D%271600%27%20height%3D%27794%27%20viewBox%3D%270%200%201600%20794%27%3E%3Crect%20width%3D%271600%27%20height%3D%27794%27%20fill-opacity%3D%220%22%2F%3E%3C%2Fsvg%3E\" data-orig-src=\"https:\/\/orthodoxalbania.org\/2020\/wp-content\/uploads\/2025\/12\/konferenca_i_nderkombetare_shqiperia_ne_periudhen_bizantine_nje_momentum_shkenco_18.jpg\" alt=\"\"><\/a><\/p>\n<p><a href=\"https:\/\/orthodoxalbania.org\/2020\/wp-content\/uploads\/2025\/12\/konferenca_i_nderkombetare_shqiperia_ne_periudhen_bizantine_nje_momentum_shkenco_19.jpg\" rel=\"noopener\"><img class=\"lazyload\" decoding=\"async\" src=\"data:image\/svg+xml,%3Csvg%20xmlns%3D%27http%3A%2F%2Fwww.w3.org%2F2000%2Fsvg%27%20width%3D%271600%27%20height%3D%271066%27%20viewBox%3D%270%200%201600%201066%27%3E%3Crect%20width%3D%271600%27%20height%3D%271066%27%20fill-opacity%3D%220%22%2F%3E%3C%2Fsvg%3E\" data-orig-src=\"https:\/\/orthodoxalbania.org\/2020\/wp-content\/uploads\/2025\/12\/konferenca_i_nderkombetare_shqiperia_ne_periudhen_bizantine_nje_momentum_shkenco_19.jpg\" alt=\"\"><\/a><\/p>\n<p><a href=\"https:\/\/orthodoxalbania.org\/2020\/wp-content\/uploads\/2025\/12\/konferenca_i_nderkombetare_shqiperia_ne_periudhen_bizantine_nje_momentum_shkenco_20.jpg\" rel=\"noopener\"><img class=\"lazyload\" decoding=\"async\" src=\"data:image\/svg+xml,%3Csvg%20xmlns%3D%27http%3A%2F%2Fwww.w3.org%2F2000%2Fsvg%27%20width%3D%271600%27%20height%3D%271066%27%20viewBox%3D%270%200%201600%201066%27%3E%3Crect%20width%3D%271600%27%20height%3D%271066%27%20fill-opacity%3D%220%22%2F%3E%3C%2Fsvg%3E\" data-orig-src=\"https:\/\/orthodoxalbania.org\/2020\/wp-content\/uploads\/2025\/12\/konferenca_i_nderkombetare_shqiperia_ne_periudhen_bizantine_nje_momentum_shkenco_20.jpg\" alt=\"\"><\/a><\/p>\n<p><a href=\"https:\/\/orthodoxalbania.org\/2020\/wp-content\/uploads\/2025\/12\/konferenca_i_nderkombetare_shqiperia_ne_periudhen_bizantine_nje_momentum_shkenco_21.jpg\" rel=\"noopener\"><img class=\"lazyload\" decoding=\"async\" src=\"data:image\/svg+xml,%3Csvg%20xmlns%3D%27http%3A%2F%2Fwww.w3.org%2F2000%2Fsvg%27%20width%3D%271600%27%20height%3D%271066%27%20viewBox%3D%270%200%201600%201066%27%3E%3Crect%20width%3D%271600%27%20height%3D%271066%27%20fill-opacity%3D%220%22%2F%3E%3C%2Fsvg%3E\" data-orig-src=\"https:\/\/orthodoxalbania.org\/2020\/wp-content\/uploads\/2025\/12\/konferenca_i_nderkombetare_shqiperia_ne_periudhen_bizantine_nje_momentum_shkenco_21.jpg\" alt=\"\"><\/a><\/p>\n<p><a href=\"https:\/\/orthodoxalbania.org\/2020\/wp-content\/uploads\/2025\/12\/konferenca_i_nderkombetare_shqiperia_ne_periudhen_bizantine_nje_momentum_shkenco_22.jpg\" rel=\"noopener\"><img class=\"lazyload\" decoding=\"async\" src=\"data:image\/svg+xml,%3Csvg%20xmlns%3D%27http%3A%2F%2Fwww.w3.org%2F2000%2Fsvg%27%20width%3D%271600%27%20height%3D%271066%27%20viewBox%3D%270%200%201600%201066%27%3E%3Crect%20width%3D%271600%27%20height%3D%271066%27%20fill-opacity%3D%220%22%2F%3E%3C%2Fsvg%3E\" data-orig-src=\"https:\/\/orthodoxalbania.org\/2020\/wp-content\/uploads\/2025\/12\/konferenca_i_nderkombetare_shqiperia_ne_periudhen_bizantine_nje_momentum_shkenco_22.jpg\" alt=\"\"><\/a><\/p>\n<p><a href=\"https:\/\/orthodoxalbania.org\/2020\/wp-content\/uploads\/2025\/12\/konferenca_i_nderkombetare_shqiperia_ne_periudhen_bizantine_nje_momentum_shkenco_23.jpg\" rel=\"noopener\"><img class=\"lazyload\" decoding=\"async\" src=\"data:image\/svg+xml,%3Csvg%20xmlns%3D%27http%3A%2F%2Fwww.w3.org%2F2000%2Fsvg%27%20width%3D%271600%27%20height%3D%271066%27%20viewBox%3D%270%200%201600%201066%27%3E%3Crect%20width%3D%271600%27%20height%3D%271066%27%20fill-opacity%3D%220%22%2F%3E%3C%2Fsvg%3E\" data-orig-src=\"https:\/\/orthodoxalbania.org\/2020\/wp-content\/uploads\/2025\/12\/konferenca_i_nderkombetare_shqiperia_ne_periudhen_bizantine_nje_momentum_shkenco_23.jpg\" alt=\"\"><\/a><\/p>\n<p><a href=\"https:\/\/orthodoxalbania.org\/2020\/wp-content\/uploads\/2025\/12\/konferenca_i_nderkombetare_shqiperia_ne_periudhen_bizantine_nje_momentum_shkenco_24.jpg\" rel=\"noopener\"><img class=\"lazyload\" decoding=\"async\" src=\"data:image\/svg+xml,%3Csvg%20xmlns%3D%27http%3A%2F%2Fwww.w3.org%2F2000%2Fsvg%27%20width%3D%271600%27%20height%3D%271200%27%20viewBox%3D%270%200%201600%201200%27%3E%3Crect%20width%3D%271600%27%20height%3D%271200%27%20fill-opacity%3D%220%22%2F%3E%3C%2Fsvg%3E\" data-orig-src=\"https:\/\/orthodoxalbania.org\/2020\/wp-content\/uploads\/2025\/12\/konferenca_i_nderkombetare_shqiperia_ne_periudhen_bizantine_nje_momentum_shkenco_24.jpg\" alt=\"\"><\/a><\/p>\n<p><a href=\"https:\/\/orthodoxalbania.org\/2020\/wp-content\/uploads\/2025\/12\/konferenca_i_nderkombetare_shqiperia_ne_periudhen_bizantine_nje_momentum_shkenco_25.jpg\" rel=\"noopener\"><img class=\"lazyload\" decoding=\"async\" src=\"data:image\/svg+xml,%3Csvg%20xmlns%3D%27http%3A%2F%2Fwww.w3.org%2F2000%2Fsvg%27%20width%3D%271600%27%20height%3D%271066%27%20viewBox%3D%270%200%201600%201066%27%3E%3Crect%20width%3D%271600%27%20height%3D%271066%27%20fill-opacity%3D%220%22%2F%3E%3C%2Fsvg%3E\" data-orig-src=\"https:\/\/orthodoxalbania.org\/2020\/wp-content\/uploads\/2025\/12\/konferenca_i_nderkombetare_shqiperia_ne_periudhen_bizantine_nje_momentum_shkenco_25.jpg\" alt=\"\"><\/a><\/p>\n<p><a href=\"https:\/\/orthodoxalbania.org\/2020\/wp-content\/uploads\/2025\/12\/konferenca_i_nderkombetare_shqiperia_ne_periudhen_bizantine_nje_momentum_shkenco_26.jpg\" rel=\"noopener\"><img class=\"lazyload\" decoding=\"async\" src=\"data:image\/svg+xml,%3Csvg%20xmlns%3D%27http%3A%2F%2Fwww.w3.org%2F2000%2Fsvg%27%20width%3D%271600%27%20height%3D%27900%27%20viewBox%3D%270%200%201600%20900%27%3E%3Crect%20width%3D%271600%27%20height%3D%27900%27%20fill-opacity%3D%220%22%2F%3E%3C%2Fsvg%3E\" data-orig-src=\"https:\/\/orthodoxalbania.org\/2020\/wp-content\/uploads\/2025\/12\/konferenca_i_nderkombetare_shqiperia_ne_periudhen_bizantine_nje_momentum_shkenco_26.jpg\" alt=\"\"><\/a><\/p>\n<p><a href=\"https:\/\/orthodoxalbania.org\/2020\/wp-content\/uploads\/2025\/12\/konferenca_i_nderkombetare_shqiperia_ne_periudhen_bizantine_nje_momentum_shkenco_27.jpg\" rel=\"noopener\"><img class=\"lazyload\" decoding=\"async\" src=\"data:image\/svg+xml,%3Csvg%20xmlns%3D%27http%3A%2F%2Fwww.w3.org%2F2000%2Fsvg%27%20width%3D%271600%27%20height%3D%27740%27%20viewBox%3D%270%200%201600%20740%27%3E%3Crect%20width%3D%271600%27%20height%3D%27740%27%20fill-opacity%3D%220%22%2F%3E%3C%2Fsvg%3E\" data-orig-src=\"https:\/\/orthodoxalbania.org\/2020\/wp-content\/uploads\/2025\/12\/konferenca_i_nderkombetare_shqiperia_ne_periudhen_bizantine_nje_momentum_shkenco_27.jpg\" alt=\"\"><\/a><\/p>\n<p><a href=\"https:\/\/orthodoxalbania.org\/2020\/wp-content\/uploads\/2025\/12\/konferenca_i_nderkombetare_shqiperia_ne_periudhen_bizantine_nje_momentum_shkenco_28.jpg\" rel=\"noopener\"><img class=\"lazyload\" decoding=\"async\" src=\"data:image\/svg+xml,%3Csvg%20xmlns%3D%27http%3A%2F%2Fwww.w3.org%2F2000%2Fsvg%27%20width%3D%271600%27%20height%3D%27900%27%20viewBox%3D%270%200%201600%20900%27%3E%3Crect%20width%3D%271600%27%20height%3D%27900%27%20fill-opacity%3D%220%22%2F%3E%3C%2Fsvg%3E\" data-orig-src=\"https:\/\/orthodoxalbania.org\/2020\/wp-content\/uploads\/2025\/12\/konferenca_i_nderkombetare_shqiperia_ne_periudhen_bizantine_nje_momentum_shkenco_28.jpg\" alt=\"\"><\/a><\/p>\n<p><a href=\"https:\/\/orthodoxalbania.org\/2020\/wp-content\/uploads\/2025\/12\/konferenca_i_nderkombetare_shqiperia_ne_periudhen_bizantine_nje_momentum_shkenco_29.jpg\" rel=\"noopener\"><img class=\"lazyload\" decoding=\"async\" src=\"data:image\/svg+xml,%3Csvg%20xmlns%3D%27http%3A%2F%2Fwww.w3.org%2F2000%2Fsvg%27%20width%3D%271600%27%20height%3D%271066%27%20viewBox%3D%270%200%201600%201066%27%3E%3Crect%20width%3D%271600%27%20height%3D%271066%27%20fill-opacity%3D%220%22%2F%3E%3C%2Fsvg%3E\" data-orig-src=\"https:\/\/orthodoxalbania.org\/2020\/wp-content\/uploads\/2025\/12\/konferenca_i_nderkombetare_shqiperia_ne_periudhen_bizantine_nje_momentum_shkenco_29.jpg\" alt=\"\"><\/a><\/p>\n<p><a href=\"https:\/\/orthodoxalbania.org\/2020\/wp-content\/uploads\/2025\/12\/konferenca_i_nderkombetare_shqiperia_ne_periudhen_bizantine_nje_momentum_shkenco_30.jpg\" rel=\"noopener\"><img class=\"lazyload\" decoding=\"async\" src=\"data:image\/svg+xml,%3Csvg%20xmlns%3D%27http%3A%2F%2Fwww.w3.org%2F2000%2Fsvg%27%20width%3D%271200%27%20height%3D%271600%27%20viewBox%3D%270%200%201200%201600%27%3E%3Crect%20width%3D%271200%27%20height%3D%271600%27%20fill-opacity%3D%220%22%2F%3E%3C%2Fsvg%3E\" data-orig-src=\"https:\/\/orthodoxalbania.org\/2020\/wp-content\/uploads\/2025\/12\/konferenca_i_nderkombetare_shqiperia_ne_periudhen_bizantine_nje_momentum_shkenco_30.jpg\" alt=\"\"><\/a><\/p>\n<p><a href=\"https:\/\/orthodoxalbania.org\/2020\/wp-content\/uploads\/2025\/12\/konferenca_i_nderkombetare_shqiperia_ne_periudhen_bizantine_nje_momentum_shkenco_31.jpg\" rel=\"noopener\"><img class=\"lazyload\" decoding=\"async\" src=\"data:image\/svg+xml,%3Csvg%20xmlns%3D%27http%3A%2F%2Fwww.w3.org%2F2000%2Fsvg%27%20width%3D%271600%27%20height%3D%27900%27%20viewBox%3D%270%200%201600%20900%27%3E%3Crect%20width%3D%271600%27%20height%3D%27900%27%20fill-opacity%3D%220%22%2F%3E%3C%2Fsvg%3E\" data-orig-src=\"https:\/\/orthodoxalbania.org\/2020\/wp-content\/uploads\/2025\/12\/konferenca_i_nderkombetare_shqiperia_ne_periudhen_bizantine_nje_momentum_shkenco_31.jpg\" alt=\"\"><\/a><\/p>\n<p><a href=\"https:\/\/orthodoxalbania.org\/2020\/wp-content\/uploads\/2025\/12\/konferenca_i_nderkombetare_shqiperia_ne_periudhen_bizantine_nje_momentum_shkenco_32.jpg\" rel=\"noopener\"><img class=\"lazyload\" decoding=\"async\" src=\"data:image\/svg+xml,%3Csvg%20xmlns%3D%27http%3A%2F%2Fwww.w3.org%2F2000%2Fsvg%27%20width%3D%271600%27%20height%3D%271066%27%20viewBox%3D%270%200%201600%201066%27%3E%3Crect%20width%3D%271600%27%20height%3D%271066%27%20fill-opacity%3D%220%22%2F%3E%3C%2Fsvg%3E\" data-orig-src=\"https:\/\/orthodoxalbania.org\/2020\/wp-content\/uploads\/2025\/12\/konferenca_i_nderkombetare_shqiperia_ne_periudhen_bizantine_nje_momentum_shkenco_32.jpg\" alt=\"\"><\/a><\/p>\n<p><a href=\"https:\/\/orthodoxalbania.org\/2020\/wp-content\/uploads\/2025\/12\/konferenca_i_nderkombetare_shqiperia_ne_periudhen_bizantine_nje_momentum_shkenco_33.jpg\" rel=\"noopener\"><img class=\"lazyload\" decoding=\"async\" src=\"data:image\/svg+xml,%3Csvg%20xmlns%3D%27http%3A%2F%2Fwww.w3.org%2F2000%2Fsvg%27%20width%3D%271600%27%20height%3D%27900%27%20viewBox%3D%270%200%201600%20900%27%3E%3Crect%20width%3D%271600%27%20height%3D%27900%27%20fill-opacity%3D%220%22%2F%3E%3C%2Fsvg%3E\" data-orig-src=\"https:\/\/orthodoxalbania.org\/2020\/wp-content\/uploads\/2025\/12\/konferenca_i_nderkombetare_shqiperia_ne_periudhen_bizantine_nje_momentum_shkenco_33.jpg\" alt=\"\"><\/a><\/p>\n<p><a href=\"https:\/\/orthodoxalbania.org\/2020\/wp-content\/uploads\/2025\/12\/konferenca_i_nderkombetare_shqiperia_ne_periudhen_bizantine_nje_momentum_shkenco_34.jpg\" rel=\"noopener\"><img class=\"lazyload\" decoding=\"async\" src=\"data:image\/svg+xml,%3Csvg%20xmlns%3D%27http%3A%2F%2Fwww.w3.org%2F2000%2Fsvg%27%20width%3D%271600%27%20height%3D%27900%27%20viewBox%3D%270%200%201600%20900%27%3E%3Crect%20width%3D%271600%27%20height%3D%27900%27%20fill-opacity%3D%220%22%2F%3E%3C%2Fsvg%3E\" data-orig-src=\"https:\/\/orthodoxalbania.org\/2020\/wp-content\/uploads\/2025\/12\/konferenca_i_nderkombetare_shqiperia_ne_periudhen_bizantine_nje_momentum_shkenco_34.jpg\" alt=\"\"><\/a><\/p>\n<p><a href=\"https:\/\/orthodoxalbania.org\/2020\/wp-content\/uploads\/2025\/12\/konferenca_i_nderkombetare_shqiperia_ne_periudhen_bizantine_nje_momentum_shkenco_35.jpg\" rel=\"noopener\"><img class=\"lazyload\" decoding=\"async\" src=\"data:image\/svg+xml,%3Csvg%20xmlns%3D%27http%3A%2F%2Fwww.w3.org%2F2000%2Fsvg%27%20width%3D%271600%27%20height%3D%271066%27%20viewBox%3D%270%200%201600%201066%27%3E%3Crect%20width%3D%271600%27%20height%3D%271066%27%20fill-opacity%3D%220%22%2F%3E%3C%2Fsvg%3E\" data-orig-src=\"https:\/\/orthodoxalbania.org\/2020\/wp-content\/uploads\/2025\/12\/konferenca_i_nderkombetare_shqiperia_ne_periudhen_bizantine_nje_momentum_shkenco_35.jpg\" alt=\"\"><\/a><\/p>\n<p><a href=\"https:\/\/orthodoxalbania.org\/2020\/wp-content\/uploads\/2025\/12\/konferenca_i_nderkombetare_shqiperia_ne_periudhen_bizantine_nje_momentum_shkenco_36.jpg\" rel=\"noopener\"><img class=\"lazyload\" decoding=\"async\" src=\"data:image\/svg+xml,%3Csvg%20xmlns%3D%27http%3A%2F%2Fwww.w3.org%2F2000%2Fsvg%27%20width%3D%271600%27%20height%3D%271066%27%20viewBox%3D%270%200%201600%201066%27%3E%3Crect%20width%3D%271600%27%20height%3D%271066%27%20fill-opacity%3D%220%22%2F%3E%3C%2Fsvg%3E\" data-orig-src=\"https:\/\/orthodoxalbania.org\/2020\/wp-content\/uploads\/2025\/12\/konferenca_i_nderkombetare_shqiperia_ne_periudhen_bizantine_nje_momentum_shkenco_36.jpg\" alt=\"\"><\/a><\/p>\n<p><a href=\"https:\/\/orthodoxalbania.org\/2020\/wp-content\/uploads\/2025\/12\/konferenca_i_nderkombetare_shqiperia_ne_periudhen_bizantine_nje_momentum_shkenco_37.jpg\" rel=\"noopener\"><img class=\"lazyload\" decoding=\"async\" src=\"data:image\/svg+xml,%3Csvg%20xmlns%3D%27http%3A%2F%2Fwww.w3.org%2F2000%2Fsvg%27%20width%3D%271600%27%20height%3D%271066%27%20viewBox%3D%270%200%201600%201066%27%3E%3Crect%20width%3D%271600%27%20height%3D%271066%27%20fill-opacity%3D%220%22%2F%3E%3C%2Fsvg%3E\" data-orig-src=\"https:\/\/orthodoxalbania.org\/2020\/wp-content\/uploads\/2025\/12\/konferenca_i_nderkombetare_shqiperia_ne_periudhen_bizantine_nje_momentum_shkenco_37.jpg\" alt=\"\"><\/a><\/p>\n<p><a href=\"https:\/\/orthodoxalbania.org\/2020\/wp-content\/uploads\/2025\/12\/konferenca_i_nderkombetare_shqiperia_ne_periudhen_bizantine_nje_momentum_shkenco_38.jpg\" rel=\"noopener\"><img class=\"lazyload\" decoding=\"async\" src=\"data:image\/svg+xml,%3Csvg%20xmlns%3D%27http%3A%2F%2Fwww.w3.org%2F2000%2Fsvg%27%20width%3D%271600%27%20height%3D%271066%27%20viewBox%3D%270%200%201600%201066%27%3E%3Crect%20width%3D%271600%27%20height%3D%271066%27%20fill-opacity%3D%220%22%2F%3E%3C%2Fsvg%3E\" data-orig-src=\"https:\/\/orthodoxalbania.org\/2020\/wp-content\/uploads\/2025\/12\/konferenca_i_nderkombetare_shqiperia_ne_periudhen_bizantine_nje_momentum_shkenco_38.jpg\" alt=\"\"><\/a><\/p>\n<p><a href=\"https:\/\/orthodoxalbania.org\/2020\/wp-content\/uploads\/2025\/12\/konferenca_i_nderkombetare_shqiperia_ne_periudhen_bizantine_nje_momentum_shkenco_39.jpg\" rel=\"noopener\"><img class=\"lazyload\" decoding=\"async\" src=\"data:image\/svg+xml,%3Csvg%20xmlns%3D%27http%3A%2F%2Fwww.w3.org%2F2000%2Fsvg%27%20width%3D%271600%27%20height%3D%271066%27%20viewBox%3D%270%200%201600%201066%27%3E%3Crect%20width%3D%271600%27%20height%3D%271066%27%20fill-opacity%3D%220%22%2F%3E%3C%2Fsvg%3E\" data-orig-src=\"https:\/\/orthodoxalbania.org\/2020\/wp-content\/uploads\/2025\/12\/konferenca_i_nderkombetare_shqiperia_ne_periudhen_bizantine_nje_momentum_shkenco_39.jpg\" alt=\"\"><\/a><\/p>\n<p><a href=\"https:\/\/orthodoxalbania.org\/2020\/wp-content\/uploads\/2025\/12\/konferenca_i_nderkombetare_shqiperia_ne_periudhen_bizantine_nje_momentum_shkenco_40.jpg\" rel=\"noopener\"><img class=\"lazyload\" decoding=\"async\" src=\"data:image\/svg+xml,%3Csvg%20xmlns%3D%27http%3A%2F%2Fwww.w3.org%2F2000%2Fsvg%27%20width%3D%271200%27%20height%3D%271600%27%20viewBox%3D%270%200%201200%201600%27%3E%3Crect%20width%3D%271200%27%20height%3D%271600%27%20fill-opacity%3D%220%22%2F%3E%3C%2Fsvg%3E\" data-orig-src=\"https:\/\/orthodoxalbania.org\/2020\/wp-content\/uploads\/2025\/12\/konferenca_i_nderkombetare_shqiperia_ne_periudhen_bizantine_nje_momentum_shkenco_40.jpg\" alt=\"\"><\/a><\/p>\n<\/div>\n<p><!-- OCB_GALLERY_END --><\/p>\n","protected":false},"excerpt":{"rendered":"<p>On December 5-6, 2025, Tirana hosted the First International Conference &#8220;Albania in the Byzantine Period,&#8221; bringing together 50 scholars from around the world.<\/p>\n","protected":false},"author":0,"featured_media":68779,"comment_status":"closed","ping_status":"closed","sticky":false,"template":"","format":"standard","meta":{"_acf_changed":false,"pagelayer_contact_templates":[],"_pagelayer_content":"","inline_featured_image":false,"fifu_image_url":"","fifu_image_alt":"","footnotes":""},"categories":[524,1455],"tags":[],"class_list":["post-68821","post","type-post","status-publish","format-standard","has-post-thumbnail","hentry","category-news","category-news-en"],"acf":[],"yoast_head":"<!-- This site is optimized with the Yoast SEO plugin v27.2 - https:\/\/yoast.com\/product\/yoast-seo-wordpress\/ -->\n<title>First International Conference &quot;Albania in the Byzantine Period&quot;: A Historic Milestone for Byzantine Studies - Kisha Orthodh\u03bfkse Autoqefale e Shqip\u00ebris\u00eb<\/title>\n<meta name=\"robots\" content=\"index, follow, max-snippet:-1, max-image-preview:large, max-video-preview:-1\" \/>\n<link rel=\"canonical\" href=\"https:\/\/orthodoxalbania.org\/2020\/en\/2025\/12\/14\/first-international-conference-albania-in-the-byzantine-period-a-historic-milestone-for-byzantine-studies\/\" \/>\n<meta property=\"og:locale\" content=\"en_US\" \/>\n<meta property=\"og:type\" content=\"article\" \/>\n<meta property=\"og:title\" content=\"First International Conference &quot;Albania in the Byzantine Period&quot;: A Historic Milestone for Byzantine Studies - Kisha Orthodh\u03bfkse Autoqefale e Shqip\u00ebris\u00eb\" \/>\n<meta property=\"og:description\" content=\"On December 5-6, 2025, Tirana hosted the First International Conference &quot;Albania in the Byzantine Period,&quot; bringing together 50 scholars from around the world.\" \/>\n<meta property=\"og:url\" content=\"https:\/\/orthodoxalbania.org\/2020\/en\/2025\/12\/14\/first-international-conference-albania-in-the-byzantine-period-a-historic-milestone-for-byzantine-studies\/\" \/>\n<meta property=\"og:site_name\" content=\"Kisha Orthodh\u03bfkse Autoqefale e Shqip\u00ebris\u00eb\" \/>\n<meta property=\"article:publisher\" content=\"https:\/\/www.facebook.com\/koash1991\" \/>\n<meta property=\"article:published_time\" content=\"2025-12-14T21:24:48+00:00\" \/>\n<meta property=\"article:modified_time\" content=\"2025-12-14T21:24:56+00:00\" \/>\n<meta property=\"og:image\" content=\"https:\/\/orthodoxalbania.org\/2020\/wp-content\/uploads\/2025\/12\/konferenca_i_nderkombetare_shqiperia_ne_periudhen_bizantine_nje_momentum_shkenco_01-1.jpg\" \/>\n\t<meta property=\"og:image:width\" content=\"1600\" \/>\n\t<meta property=\"og:image:height\" content=\"1066\" \/>\n\t<meta property=\"og:image:type\" content=\"image\/jpeg\" \/>\n<meta name=\"twitter:card\" content=\"summary_large_image\" \/>\n<meta name=\"twitter:label1\" content=\"Est. reading time\" \/>\n\t<meta name=\"twitter:data1\" content=\"1 minute\" \/>\n<script type=\"application\/ld+json\" class=\"yoast-schema-graph\">{\"@context\":\"https:\/\/schema.org\",\"@graph\":[{\"@type\":\"Article\",\"@id\":\"https:\/\/orthodoxalbania.org\/2020\/en\/2025\/12\/14\/first-international-conference-albania-in-the-byzantine-period-a-historic-milestone-for-byzantine-studies\/#article\",\"isPartOf\":{\"@id\":\"https:\/\/orthodoxalbania.org\/2020\/en\/2025\/12\/14\/first-international-conference-albania-in-the-byzantine-period-a-historic-milestone-for-byzantine-studies\/\"},\"author\":{\"name\":\"\",\"@id\":\"\"},\"headline\":\"First International Conference &#8220;Albania in the Byzantine Period&#8221;: A Historic Milestone for Byzantine Studies\",\"datePublished\":\"2025-12-14T21:24:48+00:00\",\"dateModified\":\"2025-12-14T21:24:56+00:00\",\"mainEntityOfPage\":{\"@id\":\"https:\/\/orthodoxalbania.org\/2020\/en\/2025\/12\/14\/first-international-conference-albania-in-the-byzantine-period-a-historic-milestone-for-byzantine-studies\/\"},\"wordCount\":190,\"publisher\":{\"@id\":\"https:\/\/orthodoxalbania.org\/2020\/#organization\"},\"image\":{\"@id\":\"https:\/\/orthodoxalbania.org\/2020\/en\/2025\/12\/14\/first-international-conference-albania-in-the-byzantine-period-a-historic-milestone-for-byzantine-studies\/#primaryimage\"},\"thumbnailUrl\":\"https:\/\/orthodoxalbania.org\/2020\/wp-content\/uploads\/2025\/12\/konferenca_i_nderkombetare_shqiperia_ne_periudhen_bizantine_nje_momentum_shkenco_01-1.jpg\",\"articleSection\":[\"News\",\"News - \u0395\u039d\"],\"inLanguage\":\"en-US\"},{\"@type\":\"WebPage\",\"@id\":\"https:\/\/orthodoxalbania.org\/2020\/en\/2025\/12\/14\/first-international-conference-albania-in-the-byzantine-period-a-historic-milestone-for-byzantine-studies\/\",\"url\":\"https:\/\/orthodoxalbania.org\/2020\/en\/2025\/12\/14\/first-international-conference-albania-in-the-byzantine-period-a-historic-milestone-for-byzantine-studies\/\",\"name\":\"First International Conference \\\"Albania in the Byzantine Period\\\": A Historic Milestone for Byzantine Studies - Kisha Orthodh\u03bfkse Autoqefale e Shqip\u00ebris\u00eb\",\"isPartOf\":{\"@id\":\"https:\/\/orthodoxalbania.org\/2020\/#website\"},\"primaryImageOfPage\":{\"@id\":\"https:\/\/orthodoxalbania.org\/2020\/en\/2025\/12\/14\/first-international-conference-albania-in-the-byzantine-period-a-historic-milestone-for-byzantine-studies\/#primaryimage\"},\"image\":{\"@id\":\"https:\/\/orthodoxalbania.org\/2020\/en\/2025\/12\/14\/first-international-conference-albania-in-the-byzantine-period-a-historic-milestone-for-byzantine-studies\/#primaryimage\"},\"thumbnailUrl\":\"https:\/\/orthodoxalbania.org\/2020\/wp-content\/uploads\/2025\/12\/konferenca_i_nderkombetare_shqiperia_ne_periudhen_bizantine_nje_momentum_shkenco_01-1.jpg\",\"datePublished\":\"2025-12-14T21:24:48+00:00\",\"dateModified\":\"2025-12-14T21:24:56+00:00\",\"breadcrumb\":{\"@id\":\"https:\/\/orthodoxalbania.org\/2020\/en\/2025\/12\/14\/first-international-conference-albania-in-the-byzantine-period-a-historic-milestone-for-byzantine-studies\/#breadcrumb\"},\"inLanguage\":\"en-US\",\"potentialAction\":[{\"@type\":\"ReadAction\",\"target\":[\"https:\/\/orthodoxalbania.org\/2020\/en\/2025\/12\/14\/first-international-conference-albania-in-the-byzantine-period-a-historic-milestone-for-byzantine-studies\/\"]}]},{\"@type\":\"ImageObject\",\"inLanguage\":\"en-US\",\"@id\":\"https:\/\/orthodoxalbania.org\/2020\/en\/2025\/12\/14\/first-international-conference-albania-in-the-byzantine-period-a-historic-milestone-for-byzantine-studies\/#primaryimage\",\"url\":\"https:\/\/orthodoxalbania.org\/2020\/wp-content\/uploads\/2025\/12\/konferenca_i_nderkombetare_shqiperia_ne_periudhen_bizantine_nje_momentum_shkenco_01-1.jpg\",\"contentUrl\":\"https:\/\/orthodoxalbania.org\/2020\/wp-content\/uploads\/2025\/12\/konferenca_i_nderkombetare_shqiperia_ne_periudhen_bizantine_nje_momentum_shkenco_01-1.jpg\",\"width\":1600,\"height\":1066},{\"@type\":\"BreadcrumbList\",\"@id\":\"https:\/\/orthodoxalbania.org\/2020\/en\/2025\/12\/14\/first-international-conference-albania-in-the-byzantine-period-a-historic-milestone-for-byzantine-studies\/#breadcrumb\",\"itemListElement\":[{\"@type\":\"ListItem\",\"position\":1,\"name\":\"Home\",\"item\":\"https:\/\/orthodoxalbania.org\/2020\/\"},{\"@type\":\"ListItem\",\"position\":2,\"name\":\"First International Conference &#8220;Albania in the Byzantine Period&#8221;: A Historic Milestone for Byzantine Studies\"}]},{\"@type\":\"WebSite\",\"@id\":\"https:\/\/orthodoxalbania.org\/2020\/#website\",\"url\":\"https:\/\/orthodoxalbania.org\/2020\/\",\"name\":\"Kisha Orthodh\u03bfkse Autoqefale e Shqip\u00ebris\u00eb\",\"description\":\"Fqja Zyrtare e Kish\u00ebs Orthodhokse Autoqefale e Shqip\u00ebris\u00eb me lajmet edhe informacionet zyrtare p\u00ebr struktur\u00ebn edhe veprimtarin e saj.\",\"publisher\":{\"@id\":\"https:\/\/orthodoxalbania.org\/2020\/#organization\"},\"potentialAction\":[{\"@type\":\"SearchAction\",\"target\":{\"@type\":\"EntryPoint\",\"urlTemplate\":\"https:\/\/orthodoxalbania.org\/2020\/?s={search_term_string}\"},\"query-input\":{\"@type\":\"PropertyValueSpecification\",\"valueRequired\":true,\"valueName\":\"search_term_string\"}}],\"inLanguage\":\"en-US\"},{\"@type\":\"Organization\",\"@id\":\"https:\/\/orthodoxalbania.org\/2020\/#organization\",\"name\":\"Kisha Orthodhokse Autoqefale e Shqip\u00ebris\u00eb\",\"url\":\"https:\/\/orthodoxalbania.org\/2020\/\",\"logo\":{\"@type\":\"ImageObject\",\"inLanguage\":\"en-US\",\"@id\":\"https:\/\/orthodoxalbania.org\/2020\/#\/schema\/logo\/image\/\",\"url\":\"https:\/\/orthodoxalbania.org\/2020\/wp-content\/uploads\/2020\/05\/albania.jpeg\",\"contentUrl\":\"https:\/\/orthodoxalbania.org\/2020\/wp-content\/uploads\/2020\/05\/albania.jpeg\",\"width\":540,\"height\":540,\"caption\":\"Kisha Orthodhokse Autoqefale e Shqip\u00ebris\u00eb\"},\"image\":{\"@id\":\"https:\/\/orthodoxalbania.org\/2020\/#\/schema\/logo\/image\/\"},\"sameAs\":[\"https:\/\/www.facebook.com\/koash1991\"]}]}<\/script>\n<!-- \/ Yoast SEO plugin. -->","yoast_head_json":{"title":"First International Conference \"Albania in the Byzantine Period\": A Historic Milestone for Byzantine Studies - Kisha Orthodh\u03bfkse Autoqefale e Shqip\u00ebris\u00eb","robots":{"index":"index","follow":"follow","max-snippet":"max-snippet:-1","max-image-preview":"max-image-preview:large","max-video-preview":"max-video-preview:-1"},"canonical":"https:\/\/orthodoxalbania.org\/2020\/en\/2025\/12\/14\/first-international-conference-albania-in-the-byzantine-period-a-historic-milestone-for-byzantine-studies\/","og_locale":"en_US","og_type":"article","og_title":"First International Conference \"Albania in the Byzantine Period\": A Historic Milestone for Byzantine Studies - Kisha Orthodh\u03bfkse Autoqefale e Shqip\u00ebris\u00eb","og_description":"On December 5-6, 2025, Tirana hosted the First International Conference \"Albania in the Byzantine Period,\" bringing together 50 scholars from around the world.","og_url":"https:\/\/orthodoxalbania.org\/2020\/en\/2025\/12\/14\/first-international-conference-albania-in-the-byzantine-period-a-historic-milestone-for-byzantine-studies\/","og_site_name":"Kisha Orthodh\u03bfkse Autoqefale e Shqip\u00ebris\u00eb","article_publisher":"https:\/\/www.facebook.com\/koash1991","article_published_time":"2025-12-14T21:24:48+00:00","article_modified_time":"2025-12-14T21:24:56+00:00","og_image":[{"width":1600,"height":1066,"url":"https:\/\/orthodoxalbania.org\/2020\/wp-content\/uploads\/2025\/12\/konferenca_i_nderkombetare_shqiperia_ne_periudhen_bizantine_nje_momentum_shkenco_01-1.jpg","type":"image\/jpeg"}],"twitter_card":"summary_large_image","twitter_misc":{"Est. reading time":"1 minute"},"schema":{"@context":"https:\/\/schema.org","@graph":[{"@type":"Article","@id":"https:\/\/orthodoxalbania.org\/2020\/en\/2025\/12\/14\/first-international-conference-albania-in-the-byzantine-period-a-historic-milestone-for-byzantine-studies\/#article","isPartOf":{"@id":"https:\/\/orthodoxalbania.org\/2020\/en\/2025\/12\/14\/first-international-conference-albania-in-the-byzantine-period-a-historic-milestone-for-byzantine-studies\/"},"author":{"name":"","@id":""},"headline":"First International Conference &#8220;Albania in the Byzantine Period&#8221;: A Historic Milestone for Byzantine Studies","datePublished":"2025-12-14T21:24:48+00:00","dateModified":"2025-12-14T21:24:56+00:00","mainEntityOfPage":{"@id":"https:\/\/orthodoxalbania.org\/2020\/en\/2025\/12\/14\/first-international-conference-albania-in-the-byzantine-period-a-historic-milestone-for-byzantine-studies\/"},"wordCount":190,"publisher":{"@id":"https:\/\/orthodoxalbania.org\/2020\/#organization"},"image":{"@id":"https:\/\/orthodoxalbania.org\/2020\/en\/2025\/12\/14\/first-international-conference-albania-in-the-byzantine-period-a-historic-milestone-for-byzantine-studies\/#primaryimage"},"thumbnailUrl":"https:\/\/orthodoxalbania.org\/2020\/wp-content\/uploads\/2025\/12\/konferenca_i_nderkombetare_shqiperia_ne_periudhen_bizantine_nje_momentum_shkenco_01-1.jpg","articleSection":["News","News - \u0395\u039d"],"inLanguage":"en-US"},{"@type":"WebPage","@id":"https:\/\/orthodoxalbania.org\/2020\/en\/2025\/12\/14\/first-international-conference-albania-in-the-byzantine-period-a-historic-milestone-for-byzantine-studies\/","url":"https:\/\/orthodoxalbania.org\/2020\/en\/2025\/12\/14\/first-international-conference-albania-in-the-byzantine-period-a-historic-milestone-for-byzantine-studies\/","name":"First International Conference \"Albania in the Byzantine Period\": A Historic Milestone for Byzantine Studies - Kisha Orthodh\u03bfkse Autoqefale e Shqip\u00ebris\u00eb","isPartOf":{"@id":"https:\/\/orthodoxalbania.org\/2020\/#website"},"primaryImageOfPage":{"@id":"https:\/\/orthodoxalbania.org\/2020\/en\/2025\/12\/14\/first-international-conference-albania-in-the-byzantine-period-a-historic-milestone-for-byzantine-studies\/#primaryimage"},"image":{"@id":"https:\/\/orthodoxalbania.org\/2020\/en\/2025\/12\/14\/first-international-conference-albania-in-the-byzantine-period-a-historic-milestone-for-byzantine-studies\/#primaryimage"},"thumbnailUrl":"https:\/\/orthodoxalbania.org\/2020\/wp-content\/uploads\/2025\/12\/konferenca_i_nderkombetare_shqiperia_ne_periudhen_bizantine_nje_momentum_shkenco_01-1.jpg","datePublished":"2025-12-14T21:24:48+00:00","dateModified":"2025-12-14T21:24:56+00:00","breadcrumb":{"@id":"https:\/\/orthodoxalbania.org\/2020\/en\/2025\/12\/14\/first-international-conference-albania-in-the-byzantine-period-a-historic-milestone-for-byzantine-studies\/#breadcrumb"},"inLanguage":"en-US","potentialAction":[{"@type":"ReadAction","target":["https:\/\/orthodoxalbania.org\/2020\/en\/2025\/12\/14\/first-international-conference-albania-in-the-byzantine-period-a-historic-milestone-for-byzantine-studies\/"]}]},{"@type":"ImageObject","inLanguage":"en-US","@id":"https:\/\/orthodoxalbania.org\/2020\/en\/2025\/12\/14\/first-international-conference-albania-in-the-byzantine-period-a-historic-milestone-for-byzantine-studies\/#primaryimage","url":"https:\/\/orthodoxalbania.org\/2020\/wp-content\/uploads\/2025\/12\/konferenca_i_nderkombetare_shqiperia_ne_periudhen_bizantine_nje_momentum_shkenco_01-1.jpg","contentUrl":"https:\/\/orthodoxalbania.org\/2020\/wp-content\/uploads\/2025\/12\/konferenca_i_nderkombetare_shqiperia_ne_periudhen_bizantine_nje_momentum_shkenco_01-1.jpg","width":1600,"height":1066},{"@type":"BreadcrumbList","@id":"https:\/\/orthodoxalbania.org\/2020\/en\/2025\/12\/14\/first-international-conference-albania-in-the-byzantine-period-a-historic-milestone-for-byzantine-studies\/#breadcrumb","itemListElement":[{"@type":"ListItem","position":1,"name":"Home","item":"https:\/\/orthodoxalbania.org\/2020\/"},{"@type":"ListItem","position":2,"name":"First International Conference &#8220;Albania in the Byzantine Period&#8221;: A Historic Milestone for Byzantine Studies"}]},{"@type":"WebSite","@id":"https:\/\/orthodoxalbania.org\/2020\/#website","url":"https:\/\/orthodoxalbania.org\/2020\/","name":"Kisha Orthodh\u03bfkse Autoqefale e Shqip\u00ebris\u00eb","description":"Fqja Zyrtare e Kish\u00ebs Orthodhokse Autoqefale e Shqip\u00ebris\u00eb me lajmet edhe informacionet zyrtare p\u00ebr struktur\u00ebn edhe veprimtarin e saj.","publisher":{"@id":"https:\/\/orthodoxalbania.org\/2020\/#organization"},"potentialAction":[{"@type":"SearchAction","target":{"@type":"EntryPoint","urlTemplate":"https:\/\/orthodoxalbania.org\/2020\/?s={search_term_string}"},"query-input":{"@type":"PropertyValueSpecification","valueRequired":true,"valueName":"search_term_string"}}],"inLanguage":"en-US"},{"@type":"Organization","@id":"https:\/\/orthodoxalbania.org\/2020\/#organization","name":"Kisha Orthodhokse Autoqefale e Shqip\u00ebris\u00eb","url":"https:\/\/orthodoxalbania.org\/2020\/","logo":{"@type":"ImageObject","inLanguage":"en-US","@id":"https:\/\/orthodoxalbania.org\/2020\/#\/schema\/logo\/image\/","url":"https:\/\/orthodoxalbania.org\/2020\/wp-content\/uploads\/2020\/05\/albania.jpeg","contentUrl":"https:\/\/orthodoxalbania.org\/2020\/wp-content\/uploads\/2020\/05\/albania.jpeg","width":540,"height":540,"caption":"Kisha Orthodhokse Autoqefale e Shqip\u00ebris\u00eb"},"image":{"@id":"https:\/\/orthodoxalbania.org\/2020\/#\/schema\/logo\/image\/"},"sameAs":["https:\/\/www.facebook.com\/koash1991"]}]}},"_links":{"self":[{"href":"https:\/\/orthodoxalbania.org\/2020\/wp-json\/wp\/v2\/posts\/68821","targetHints":{"allow":["GET"]}}],"collection":[{"href":"https:\/\/orthodoxalbania.org\/2020\/wp-json\/wp\/v2\/posts"}],"about":[{"href":"https:\/\/orthodoxalbania.org\/2020\/wp-json\/wp\/v2\/types\/post"}],"replies":[{"embeddable":true,"href":"https:\/\/orthodoxalbania.org\/2020\/wp-json\/wp\/v2\/comments?post=68821"}],"version-history":[{"count":0,"href":"https:\/\/orthodoxalbania.org\/2020\/wp-json\/wp\/v2\/posts\/68821\/revisions"}],"wp:featuredmedia":[{"embeddable":true,"href":"https:\/\/orthodoxalbania.org\/2020\/wp-json\/wp\/v2\/media\/68779"}],"wp:attachment":[{"href":"https:\/\/orthodoxalbania.org\/2020\/wp-json\/wp\/v2\/media?parent=68821"}],"wp:term":[{"taxonomy":"category","embeddable":true,"href":"https:\/\/orthodoxalbania.org\/2020\/wp-json\/wp\/v2\/categories?post=68821"},{"taxonomy":"post_tag","embeddable":true,"href":"https:\/\/orthodoxalbania.org\/2020\/wp-json\/wp\/v2\/tags?post=68821"}],"curies":[{"name":"wp","href":"https:\/\/api.w.org\/{rel}","templated":true}]}}