{"id":68819,"date":"2025-12-14T22:24:48","date_gmt":"2025-12-14T21:24:48","guid":{"rendered":"https:\/\/orthodoxalbania.org\/2020\/2025\/12\/14\/konferenca-i-nderkombetare-shqiperia-ne-periudhen-bizantine-nje-momentum-shkencor-qe-vendosi-standard-te-ri-ne-boten-akademike-te-shqiperise\/"},"modified":"2025-12-14T22:28:39","modified_gmt":"2025-12-14T21:28:39","slug":"konferenca-i-nderkombetare-shqiperia-ne-periudhen-bizantine-nje-momentum-shkencor-qe-vendosi-standard-te-ri-ne-boten-akademike-te-shqiperise","status":"publish","type":"post","link":"https:\/\/orthodoxalbania.org\/2020\/2025\/12\/14\/konferenca-i-nderkombetare-shqiperia-ne-periudhen-bizantine-nje-momentum-shkencor-qe-vendosi-standard-te-ri-ne-boten-akademike-te-shqiperise\/","title":{"rendered":"Konferenca I Nd\u00ebrkomb\u00ebtare &#8220;Shqip\u00ebria n\u00eb periudh\u00ebn bizantine&#8221;: Nj\u00eb momentum shkencor q\u00eb vendosi standard t\u00eb ri n\u00eb bot\u00ebn akademike t\u00eb Shqip\u00ebris\u00eb"},"content":{"rendered":"<p style=\"text-align: justify;\">M\u00eb 5 dhe 6 dhjetor 2025, Tirana u shnd\u00ebrrua n\u00eb epiqendr\u00ebn e k\u00ebrkimit shkencor nd\u00ebrkomb\u00ebtar mbi Bizantin, duke mir\u00ebpritur Konferenc\u00ebn I Nd\u00ebrkomb\u00ebtare \u201cShqip\u00ebria n\u00eb periudh\u00ebn bizantine\u201d, nj\u00eb ngjarje e cila u vler\u00ebsua gjer\u00ebsisht si gur themeli p\u00ebr studimet bizantine n\u00eb Shqip\u00ebri dhe si nj\u00eb hap i domosdosh\u00ebm drejt njohjes nd\u00ebrkomb\u00ebtare t\u00eb trash\u00ebgimis\u00eb s\u00eb hershme kulturore t\u00eb vendit. Konferenca, e organizuar nga Akademia e Shkencave e Shqip\u00ebris\u00eb n\u00eb bashk\u00ebpunim me Universitetin e Tiran\u00ebs (Fakultetin e Historis\u00eb dhe Filologjis\u00eb), Kish\u00ebn Orthodhokse Autoqefale t\u00eb Shqip\u00ebris\u00eb, Drejtorin\u00eb e P\u00ebrgjithshme t\u00eb Arkivave dhe Shoqat\u00ebn Shqiptare t\u00eb Studimeve Bizantine, u konceptua dhe u realizua n\u00ebn p\u00ebrgjegj\u00ebsin\u00eb organizative t\u00eb z. Andi Rembeci (Universiteti i Tiran\u00ebs), Kryetar i Komisionit Organizativ, i cili ndoqi dhe koordinoi t\u00eb gjith\u00eb procesin e p\u00ebrgatitjes dhe zhvillimit t\u00eb saj. Ajo mblodhi rreth 50 studiues e profesor\u00eb nga Shqip\u00ebria, Kosov\u00eb, Greqia, Qipro, Maqedonia e Veriut, Italia, Spanj\u00eb, Austria, Gjermania, Franca, Shtetet e Bashkuara dhe vende t\u00eb tjera me tradit\u00eb t\u00eb fort\u00eb n\u00eb studimet bizantine, duke krijuar nj\u00eb platform\u00eb t\u00eb gjer\u00eb bashk\u00ebpunimi shkencor nd\u00ebrkomb\u00ebtar, p\u00ebr t\u2019i rikthyer vendit ton\u00eb nj\u00eb pjes\u00eb t\u00eb historis\u00eb s\u00eb tij t\u00eb thell\u00eb, q\u00eb shpesh ka mbetur n\u00eb hije.<\/p>\n<p style=\"text-align: justify;\">Ceremonia hap\u00ebse, e moderuar me profesionaliz\u00ebm nga prof. dr. Paskal Milo, sh\u00ebnoi nj\u00eb moment t\u00eb ve\u00e7ant\u00eb, ku figura t\u00eb r\u00ebnd\u00ebsishme t\u00eb bot\u00ebs shkencore dhe kishtare theksuan vler\u00ebn e k\u00ebtij takimi. Akad. Sk\u00ebnder Gjinushi, Kryetar i Akademis\u00eb s\u00eb Shkencave, solli nj\u00eb analiz\u00eb t\u00eb gjer\u00eb mbi nevoj\u00ebn p\u00ebr t\u00eb krijuar nj\u00eb qasje shum\u00ebdimensionale n\u00eb studimin e periudh\u00ebs bizantine, duke e par\u00eb Shqip\u00ebrin\u00eb si nj\u00eb hap\u00ebsir\u00eb ku nd\u00ebrthuren natyrsh\u00ebm ndikimet e Lindjes dhe t\u00eb Per\u00ebndimit dhe ku identiteti kulturor \u00ebsht\u00eb pasuruar p\u00ebrmes nj\u00eb historie t\u00eb gjat\u00eb t\u00eb nd\u00ebrveprimeve fetare, politike dhe artistike. N\u00eb t\u00eb nj\u00ebjt\u00ebn frym\u00eb, prof. dr. Antonio Rigo, President i International Association of Byzantine Studies, vuri n\u00eb dukje rolin e paz\u00ebvend\u00ebsuesh\u00ebm t\u00eb Shqip\u00ebris\u00eb n\u00eb hart\u00ebn e k\u00ebrkimeve bizantine, duke e quajtur vendin ton\u00eb \u201cnj\u00eb thesar ende t\u00eb paeksploruar plot\u00ebsisht\u201d.<\/p>\n<p style=\"text-align: justify;\">Nd\u00ebrkoh\u00eb, fjala e Kryepiskopit t\u00eb Tiran\u00ebs, Durr\u00ebsit dhe gjith\u00eb Shqip\u00ebris\u00eb, Imzot Joanit, u shqua p\u00ebr tonin e saj t\u00eb thell\u00eb reflektues. Ai theksoi se periudha bizantine nuk \u00ebsht\u00eb thjesht nj\u00eb kapitull i larg\u00ebt i historis\u00eb, por nj\u00eb shtres\u00eb e gjall\u00eb e identitetit shpirt\u00ebror dhe kulturor t\u00eb popullit shqiptar. Kryepiskopi Joan e cil\u00ebsoi Kish\u00ebn Orthodhokse si nj\u00eb ur\u00eb t\u00eb pand\u00ebrprer\u00eb lidhjeje q\u00eb nga Iliriku e deri n\u00eb koh\u00ebt moderne, nj\u00eb d\u00ebshmi e gjall\u00eb e vijim\u00ebsis\u00eb shpirt\u00ebrore dhe kulturore n\u00eb trojet shqiptare. N\u00eb fjalimin e tij ai u p\u00ebrqendrua te roli i Kish\u00ebs n\u00eb ruajtjen e tradit\u00ebs s\u00eb shkrimit, te mbrojtja e monumenteve dhe te kontributi i dor\u00ebshkrimeve t\u00eb ruajtura n\u00eb arkiva e manastire, duke theksuar se trash\u00ebgimia bizantine sh\u00ebrben si nj\u00eb kujtes\u00eb e \u00e7muar p\u00ebr identitetin dhe kultur\u00ebn e vendit dhe si nj\u00eb mjet p\u00ebr forcimin e vet\u00ebdijes historike.<\/p>\n<p style=\"text-align: justify;\">Gjat\u00eb dy dit\u00ebve t\u00eb konferenc\u00ebs u zhvilluan 6 seksione tematike, t\u00eb cilat n\u00eb m\u00ebnyr\u00eb organike shpalos\u00ebn nj\u00eb tablo t\u00eb gjer\u00eb t\u00eb jet\u00ebs politike, kishtare, kulturore, artistike dhe dokumentare t\u00eb Shqip\u00ebris\u00eb gjat\u00eb shekujve t\u00eb sundimit bizantin.<\/p>\n<p style=\"text-align: justify;\"><strong><em>Seanca I<\/em><\/strong>, kushtuar tem\u00ebs \u201c<em>Shqip\u00ebria nd\u00ebrmjet Bizantit dhe Per\u00ebndimit<\/em>\u201d, ishte nj\u00eb hap\u00ebsir\u00eb dialogu akademik ku u trajtuan marr\u00ebdh\u00ebniet politike, kulturore dhe kishtare t\u00eb trojeve shqiptare me bot\u00ebn bizantine. Seanca, e drejtuar nga Peter Schreiner\u00a0 (Universiteti i K\u00eblnit) dhe P\u00ebllumb Xhufi (Akademia e Shkencave t\u00eb Shqip\u00ebris\u00eb), u hap me kumtes\u00ebn e Imzot Joanit, Kryepiskopit t\u00eb Tiran\u00ebs, Durr\u00ebsit dhe t\u00eb gjith\u00eb Shqip\u00ebris\u00eb, i cili solli nj\u00eb vizion t\u00eb thelluar mbi rolin e Kish\u00ebs si nj\u00eb \u201cur\u00eb e gjall\u00eb besimi dhe qytet\u00ebrimi\u201d nga Iliriku n\u00eb Bizant e deri sot. Profesor Peter Schreiner analizoi vendin e shqiptar\u00ebve nd\u00ebrmjet bullgar\u00ebve dhe grek\u00ebve n\u00eb Epir gjat\u00eb shek. XI-XII, nd\u00ebrsa akad. P\u00ebllumb Xhufi trajtoi marr\u00ebdh\u00ebniet shum\u00ebplan\u00ebshe midis Shqip\u00ebris\u00eb dhe Italis\u00eb bizantine nd\u00ebr shekujt VI-XI. M\u00eb tej, Taxiarchis Kolias (Universiteti Komb\u00ebtar dhe Kapodistrian i Athin\u00ebs) foli p\u00ebr r\u00ebnd\u00ebsin\u00eb strategjike t\u00eb territoreve shqiptare p\u00ebr Perandorin\u00eb Bizantine, nd\u00ebrsa Andrea Di Giuseppe (Universiteti \u201cRoma Tre\u201d) solli nj\u00eb analiz\u00eb t\u00eb thelluar mbi diplomacin\u00eb papnore me Arb\u00ebrin\u00eb n\u00eb periudh\u00ebn e Dhimit\u00ebr Progonit. Katerina B. Korre (Instituti Helen i Studimeve Bizantine dhe Pasbizantine, Venecia) paraqiti nj\u00eb studim mbi familjen Bokalis dhe negocimin e pushtetit n\u00eb aristokracin\u00eb e von\u00eb bizantine, nd\u00ebrsa Ardian Muhaj (Akademia e Shkencave e Shqip\u00ebris\u00eb) trajtoi konceptin e \u201cAdriatikut bizantin\u201d si nj\u00eb hap\u00ebsir\u00eb nd\u00ebrmjet\u00ebse e ndikimeve lindore dhe per\u00ebndimore. Seanca u mbyll me kumtes\u00ebn e Ermal Baze dhe Ilira \u00c7aushi (Universiteti i Tiran\u00ebs) mbi lidhjet nd\u00ebrmjet Statuteve t\u00eb Shkodr\u00ebs dhe Ligjit Agrar Bizantin. Ky sesion i par\u00eb hapi rrug\u00ebn p\u00ebr diskutime t\u00eb thelluara dhe perspektiva t\u00eb reja k\u00ebrkimore, duke treguar qart\u00eb se periudha bizantine n\u00eb Shqip\u00ebri mbetet nj\u00eb fush\u00eb thelb\u00ebsore p\u00ebr historin\u00eb, identitetin dhe trash\u00ebgimin\u00eb kulturore t\u00eb vendit.<\/p>\n<p style=\"text-align: justify;\">Pas sesioni t\u00eb par\u00eb t\u00eb pasur me perspektiva historike, konferenca vijoi me <strong><em>Seanc\u00ebn II<\/em><\/strong>, kushtuar tem\u00ebs \u201c<em>Arti dhe Arkitektura Bizantine<\/em>\u201d, e cila solli nj\u00eb panoram\u00eb t\u00eb gjer\u00eb t\u00eb zhvillimeve artistike, nd\u00ebrtimore dhe ikonografike n\u00eb hap\u00ebsirat shqiptare gjat\u00eb periudh\u00ebs bizantine dhe pasbizantine. Seanca u drejtua nga Aleksand\u00ebr Meksi (Albanian Association of Byzantine Studies) dhe Ioannis Vitaliotis (Akademia e Athin\u00ebs). Hapjen e b\u00ebri Vitaliotis, i cili analizoi afresket e Kish\u00ebs s\u00eb Sh\u00ebn M\u00ebris\u00eb n\u00eb Kepin e Rodonit n\u00eb kontekstin e sundimit t\u00eb Karl Topis\u00eb mbi Arb\u00ebrin\u00eb. M\u00eb pas, Aleksand\u00ebr Meksi solli nj\u00eb reflektim mbi tiparet kryesore t\u00eb historis\u00eb dhe nd\u00ebrtimeve bizantine nga shek. VI-XI, duke v\u00ebn\u00eb n\u00eb dukje evoluimin e formave nd\u00ebrtimore dhe ndikimet nd\u00ebrrajonale. Lida Miraj (Albanian Association of Byzantine Studies) paraqiti nj\u00eb studim mbi arkitektur\u00ebn e Epidamnosit\/Durr\u00ebsit nga Antikiteti deri n\u00eb periudh\u00ebn bizantine, duke i dh\u00ebn\u00eb v\u00ebmendje transformimeve urbane. Kontribut dometh\u00ebn\u00ebs dha edhe Snezhana Filipova (Universiteti \u201cSh\u00ebn Kirili dhe Metodi\u201d, Shkup), e cila ofroi nj\u00eb qasje krahasuese nd\u00ebrmjet traditave artistike t\u00eb Maqedonis\u00eb s\u00eb Veriut dhe Shqip\u00ebris\u00eb. N\u00eb vijim, Nevila Molla (Akademia e Shkencave e Shqip\u00ebris\u00eb) prezantoi nd\u00ebrtimin e kishave n\u00eb episkopat\u00ebn e Butrintit gjat\u00eb periudh\u00ebs s\u00eb von\u00eb bizantine, duke analizuar perspektivat urbane e rurale, nd\u00ebrsa Thoma Shkira (Kolegji Universitar \u201cLogos\u201d) trajtoi lidhjen nd\u00ebrmjet monumenteve kishtare dhe toponimis\u00eb s\u00eb krishter\u00eb t\u00eb vendit. Seanca u mbyll me kumtes\u00ebn e Jani Ko\u00e7illarit (Universiteti i Tiran\u00ebs), i cili diskutoi vazhdim\u00ebsin\u00eb romake dhe formimin e identitetit territorial n\u00eb Perandorin\u00eb Lindore. Seanca e dyt\u00eb d\u00ebshmoi edhe nj\u00eb her\u00eb pasurin\u00eb e materialit artistik dhe arkitektonik bizantin n\u00eb Shqip\u00ebri, duke hapur dritare t\u00eb reja k\u00ebrkimi p\u00ebr studimet e monumenteve dhe traditave kulturore q\u00eb lidhin vendin ton\u00eb me oikumen\u00ebn bizantine.<\/p>\n<p style=\"text-align: justify;\">Pas diskutimeve mbi artin dhe arkitektur\u00ebn bizantine, konferenca vijoi me <strong><em>Seanc\u00ebn III<\/em><\/strong>, e cila iu kushtua tem\u00ebs \u201c<em>Arti pasbizantin dhe restaurimi<\/em>\u201d, nj\u00eb fush\u00eb ku historia, tradita ikonografike dhe qasjet moderne konservuese nd\u00ebrthuren n\u00eb m\u00ebnyr\u00eb t\u00eb ve\u00e7ant\u00eb. Seanca u drejtua nga Pirro Thomo (Albanian Association of Byzantine Studies) dhe Edlira \u00c7aushi (Universiteti i Tiran\u00ebs). Kumtesa e par\u00eb, nga Molly Green (Princeton University, SHBA), solli nj\u00eb panoram\u00eb t\u00eb pasur mbi peizazhin monastik t\u00eb maleve t\u00eb Pindit gjat\u00eb periudh\u00ebs osmane, duke treguar rolin e komuniteteve monastike si bart\u00ebse t\u00eb tradit\u00ebs shpirt\u00ebrore dhe kulturore. N\u00eb vijim, Pirro Thomo analizoi vazhdim\u00ebsin\u00eb dhe ndryshimet midis arkitektur\u00ebs bizantine dhe asaj pasbizantine, duke ofruar nj\u00eb lexueshm\u00ebri t\u00eb qart\u00eb mbi transformimet stilistike nd\u00ebr shekuj. Ferit Duka (European University of Tirana) ndri\u00e7oi pranin\u00eb e elementeve t\u00eb trash\u00ebgimis\u00eb bizantine n\u00eb qytetet shqiptare gjat\u00eb periudh\u00ebs osmane, me rastin e Beratit si shembull kryesor, nd\u00ebrsa Edlira \u00c7aushi trajtoi nd\u00ebrhyrjet restauruese dhe fazat dekorative t\u00eb Kish\u00ebs s\u00eb Profetit Ilia n\u00eb Stegopul, duke e lidhur artin me proceset e kujdesit dhe ruajtjes. Nj\u00eb tjet\u00ebr kontribut i \u00e7muar erdhi nga Rozela Dhimgjini (Universiteti i Arteve), e cila analizoi programin ikonografik dhe stilin e piktor\u00ebve t\u00eb panjohur n\u00eb Kish\u00ebn e Sh\u00ebn M\u00ebhillit n\u00eb Vithkuq, nj\u00eb d\u00ebshmi e bashk\u00ebjetes\u00ebs mes tradit\u00ebs dhe risis\u00eb n\u00eb artin pasbizantin. M\u00eb tej, Charalampos Chotzakoglou (Cypriot Committee for Byzantine Studies) paraqiti m\u00ebnyrat se si d\u00ebshmit\u00eb kulturore n\u00eb Shqip\u00ebrin\u00eb e sotme ndihmojn\u00eb n\u00eb rikrijimin e oikumen\u00ebs bizantine. Seanca u mbyll me prezantimin e Flora Marollit (University of West Attica, Greece), e cila shpjegoi p\u00ebrdorimin e metodave moderne analitike n\u00eb restaurimin e ikonave bizantine e pasbizantine, duke sjell\u00eb si shembull ikon\u00ebn \u201cSh\u00ebn Maria me Shenjtor\u00eb\u201d (Nr. In. 3622), nj\u00eb model i qasjes shkencore n\u00eb sh\u00ebrbim t\u00eb ruajtjes s\u00eb trash\u00ebgimis\u00eb. Seanca III nxori n\u00eb pah pasurin\u00eb e vyer t\u00eb artit pasbizantin n\u00eb Shqip\u00ebri dhe r\u00ebnd\u00ebsin\u00eb e metodave bashk\u00ebkohore t\u00eb restaurimit p\u00ebr t\u00eb ruajtur k\u00ebt\u00eb trash\u00ebgimi t\u00eb \u00e7muar p\u00ebr brezat q\u00eb vijn\u00eb.<\/p>\n<p style=\"text-align: justify;\">N\u00eb kuad\u00ebr t\u00eb Konferenc\u00ebs s\u00eb Par\u00eb Nd\u00ebrkomb\u00ebtare \u201cShqip\u00ebria n\u00eb periudh\u00ebn bizantine\u201d, n\u00eb mjediset e Drejtoris\u00eb s\u00eb P\u00ebrgjithshme t\u00eb Arkivave u \u00e7el <strong><em>ekspozita<\/em><\/strong> <strong><em>\u201cDor\u00ebshkrime Bizantine dhe Pasbizantine n\u00eb Shqip\u00ebri\u201d<\/em><\/strong>, kuruar nga Andi Rembeci (Universiteti i Tiran\u00ebs) dhe Sokol \u00c7unga (Drejtoria e P\u00ebrgjithshme e Arkivave), e cila solli p\u00ebr publikun disa prej thesareve m\u00eb t\u00eb vyera t\u00eb kultur\u00ebs dor\u00ebshkrimore. Ekspozita p\u00ebrfshiu nj\u00eb p\u00ebrzgjedhje t\u00eb kodik\u00ebve bizantin\u00eb dhe pasbizantin\u00eb t\u00eb ruajtur n\u00eb AQSh, t\u00eb cilat d\u00ebshmojn\u00eb mjesht\u00ebrin\u00eb e kopist\u00ebve, estetik\u00ebn e miniatur\u00ebs dhe vazhdim\u00ebsin\u00eb shpirt\u00ebrore q\u00eb ka shoq\u00ebruar hap\u00ebsir\u00ebn shqiptare nd\u00ebr shekuj. Vizitor\u00ebt pat\u00ebn mund\u00ebsin\u00eb t\u00eb njohin nga af\u00ebr detajet ikonografike, germat e zbukuruara nistore dhe shkrimin kaligrafik q\u00eb e b\u00ebjn\u00eb \u00e7do kodik nj\u00eb vep\u00ebr arti n\u00eb vetvete. Ekspozita theksoi rolin e Shqip\u00ebris\u00eb si nj\u00eb ur\u00eb lidh\u00ebse mes Lindjes dhe Per\u00ebndimit, duke v\u00ebn\u00eb n\u00eb dukje r\u00ebnd\u00ebsin\u00eb unike t\u00eb trash\u00ebgimis\u00eb s\u00eb saj dor\u00ebshkrimore p\u00ebr historin\u00eb e studimeve bizantine n\u00eb rajon dhe m\u00eb gjer\u00eb. Ky prezantim i rrall\u00eb i kodik\u00ebve tan\u00eb p\u00ebrb\u00ebn nj\u00eb ftes\u00eb p\u00ebr t\u00eb njohur m\u00eb thell\u00eb historin\u00eb e shkrimit, artit dhe besimit n\u00eb trojet shqiptare, duke rikujtuar se trash\u00ebgimia shpirt\u00ebrore \u00ebsht\u00eb nj\u00eb nga thesaret m\u00eb t\u00eb vyera t\u00eb kultur\u00ebs son\u00eb.<\/p>\n<p style=\"text-align: justify;\">Dita e dyt\u00eb e konferenc\u00ebs u hap me <strong><em>Seksionin IV<\/em><\/strong>, kushtuar tem\u00ebs \u201c<em>Paleografi, epigrafia dhe tradita tekstuale<\/em>\u201d, nj\u00eb nga fushat m\u00eb t\u00eb r\u00ebnd\u00ebsishme p\u00ebr t\u00eb kuptuar historin\u00eb kulturore dhe kishtare t\u00eb Shqip\u00ebris\u00eb n\u00eb periudh\u00ebn bizantine. Seanca u drejtua nga Agamemnon Tselikas (Instituti Mesdhetar \u201cArethas\u201d), Andi Rembeci (Universiteti i Tiran\u00ebs) dhe Andreas Rhoby (Austrian Academy of Sciences). Punimet nis\u00ebn me G\u00ebzim Hoxh\u00ebn (Akademia e Shkencave t\u00eb Shqip\u00ebris\u00eb), i cili analizoi nj\u00eb rast t\u00eb deformimit paleografik n\u00eb aktet e Koncilit II Ekumenik t\u00eb Kostandinopoj\u00ebs (553), duke sjell\u00eb v\u00ebmendjen te r\u00ebnd\u00ebsia e leximit t\u00eb kujdessh\u00ebm t\u00eb tradit\u00ebs s\u00eb shkruar. M\u00eb pas, Agamemnon Tselikas (Instituti Mesdhetar \u201cArethas\u201d) paraqiti v\u00ebzhgime paleografike mbi dor\u00ebshkrimet bizantine dhe pasbizantine t\u00eb Arkivit Shtet\u00ebror t\u00eb Tiran\u00ebs, duke evidentuar tiparet e tyre t\u00eb ve\u00e7anta dhe nd\u00ebrlidhjet me tradita t\u00eb tjera mesdhetare. Andreas Rhoby (Akademia Austriake e Shkencave) ofroi nj\u00eb panoram\u00eb t\u00eb epigrafis\u00eb greke n\u00eb Shqip\u00ebrin\u00eb mesjetare, duke interpretuar mbishkrimet si burime themelore p\u00ebr t\u00eb kuptuar jet\u00ebn kishtare, edukative dhe institucionale t\u00eb periudh\u00ebs. N\u00eb vijim, Konstantinos Giakoumis (Kolegji Universitar \u201cLogos\u201d) dhe Joana Dhiamandi (Universiteti Epoka) trajtuan d\u00ebshmit\u00eb epigrafike t\u00eb Beratit, duke hetuar topometonimin\u00eb dhe konsolidimin dogmatik nga Antipatrea n\u00eb Pulheriupolis. Kumtesa e Andi Rembecit (Universiteti i Tiran\u00ebs) solli n\u00eb qend\u00ebr t\u00eb v\u00ebmendjes dor\u00ebshkrimet e Rilindjes Maqedonase n\u00eb hap\u00ebsir\u00ebn shqiptare, duke e pozicionuar Shqip\u00ebrin\u00eb si nj\u00eb pik\u00eb ky\u00e7e n\u00eb qarkullimin kulturor t\u00eb librit bizantin. Majlinda To\u00e7i dhe Jola Tasellari (Biblioteka Komb\u00ebtare e Shqip\u00ebris\u00eb) paraqit\u00ebn gjurm\u00ebt e Bizantit n\u00eb dor\u00ebshkrimet e Koleksionit Grek t\u00eb institucionit, duke nxjerr\u00eb n\u00eb pah tradita t\u00eb ruajtura n\u00eb fondet e hershme bibliotekare. Seanca u mbyll me Vilson De Markun (Universiteti i Grazit, Austri), i cili propozoi nj\u00eb rivler\u00ebsim t\u00eb tekstit t\u00eb kodikut Beratinus 1 (\u03a6043) n\u00eb kritik\u00ebn e Dhiat\u00ebs s\u00eb Re, duke shpjeguar r\u00ebnd\u00ebsin\u00eb e tij p\u00ebr historin\u00eb e tekstit biblik. Seksioni IV d\u00ebshmoi qart\u00eb se tradita tekstuale dhe epigrafike p\u00ebrb\u00ebn nj\u00eb shtres\u00eb t\u00eb paz\u00ebvend\u00ebsueshme p\u00ebr studimin e Shqip\u00ebris\u00eb bizantine, duke hapur horizonte t\u00eb reja k\u00ebrkimore p\u00ebr studiuesit e fush\u00ebs.<\/p>\n<p style=\"text-align: justify;\">Pas nj\u00eb sesioni t\u00eb pasur mbi tradit\u00ebn tekstuale dhe epigrafin\u00eb, konferenca vijoi me <strong><em>Seksionin V<\/em><\/strong>, dedikuar <em>Arkeologjis\u00eb dhe Kultur\u00ebs Materiale<\/em>, nj\u00eb fush\u00eb thelb\u00ebsore p\u00ebr t\u00eb kuptuar jet\u00ebn shoq\u00ebrore, fetare dhe institucionale t\u00eb hap\u00ebsir\u00ebs shqiptare gjat\u00eb periudh\u00ebs bizantine. Seanca u drejtua nga Christos Stavrakos (University of Ioannina, Greece), G\u00ebzim Hoxha (Akademia e Shkencave t\u00eb Shqip\u00ebris\u00eb) dhe Brikena Shkodra (Akademia e Shkencave t\u00eb Shqip\u00ebris\u00eb). Punimet nis\u00ebn me prezantimin e Christos Stavrakos, i cili solli nj\u00eb analiz\u00eb t\u00eb holl\u00ebsishme t\u00eb vulave t\u00eb plumbta bizantine nga Dyrrahion, nj\u00eb burim i vyer p\u00ebr studimin e administrat\u00ebs dhe komunikimit perandorak. M\u00eb pas, Neritan Ceka (Akademia e Shkencave t\u00eb Shqip\u00ebris\u00eb) trajtoi marr\u00ebdh\u00ebniet mes Bizantit t\u00eb hersh\u00ebm dhe Ilir\u00ebve t\u00eb von\u00eb, duke sjell\u00eb prova t\u00eb r\u00ebnd\u00ebsishme arkeologjike q\u00eb ndri\u00e7ojn\u00eb tranzicionet kulturore t\u00eb shekujve IV-VI. Brikena Shkodra dhe Eduard Shehi (Akademia e Shkencave t\u00eb Shqip\u00ebris\u00eb) prezantuan nj\u00eb studim mbi tri vula liturgjike t\u00eb buk\u00ebs s\u00eb shenjt\u00eb nga Durr\u00ebsi, si d\u00ebshmi dometh\u00ebn\u00ebse t\u00eb kultur\u00ebs sakrale dhe praktikave liturgjike urbane t\u00eb periudh\u00ebs bizantine. Nj\u00eb qasje t\u00eb gjer\u00eb dhe nd\u00ebrdisiplinore soll\u00ebn Stavros Oikonomodis, Aris Papayiannis dhe Akis Tsonos (Universiteti \u201cArcadia\u201d n\u00eb Glenside, SHBA \/ Democritus University of Thrace), t\u00eb cil\u00ebt analizuan pushtimet, migrimet dhe ndryshimet demografike t\u00eb Ballkanit n\u00eb shekujt V-VI, duke nd\u00ebrthurur d\u00ebshmit\u00eb e teksteve dhe t\u00eb arkeologjis\u00eb. Kontribut i \u00e7muar erdhi edhe nga Paulin Pushimaj (Akademia e Shkencave t\u00eb Shqip\u00ebris\u00eb), i cili paraqiti rezultatet arkeologjike e historike mbi Drishtin n\u00eb periudh\u00ebn bizantine, nj\u00eb qend\u00ebr e r\u00ebnd\u00ebsishme fortifikuese dhe tregtare. M\u00eb tej, Sonia Antonelli, Chiara Casolino dhe Elvana Metalla (Universiteti \u201cG. d\u2019Annunzio\u201d, Chieti-Pescara \/ Akademia e Shkencave) analizuan Amfiteatrin e Durr\u00ebsit n\u00eb periudh\u00ebn bizantine, duke e interpretuar at\u00eb n\u00eb drit\u00ebn e t\u00eb dh\u00ebnave t\u00eb reja arkeologjike. Seksioni V tregoi qart\u00eb se arkeologjia nuk \u00ebsht\u00eb vet\u00ebm shkenca e s\u00eb shkuar\u00ebs materiale, por nj\u00eb mjet i fuqish\u00ebm p\u00ebr t\u00eb kuptuar strukturat e jet\u00ebs s\u00eb p\u00ebrditshme, l\u00ebvizjet e popullsis\u00eb, idet\u00eb fetare dhe organizimin shoq\u00ebror n\u00eb Shqip\u00ebrin\u00eb bizantine.<\/p>\n<p style=\"text-align: justify;\">Konferenca u p\u00ebrmbyll me <strong><em>Seksionin VI<\/em><\/strong>, t\u00eb dedikuar tem\u00ebs <em>\u201cTrash\u00ebgimia shpirt\u00ebrore dhe kulturore\u201d<\/em>, nj\u00eb sesion q\u00eb solli nj\u00eb panoram\u00eb t\u00eb gjer\u00eb mbi marr\u00ebdh\u00ebniet religjioze, muzikore, kulturore dhe identitare t\u00eb hap\u00ebsir\u00ebs shqiptare gjat\u00eb periudh\u00ebs bizantine dhe asaj pasbizantine. Seanca u drejtua nga Molly Green (Princeton University), Vasil Tole (Akademia e Shkencave t\u00eb Shqip\u00ebris\u00eb) dhe Toni Filiposki (Universiteti \u201cSh\u00ebn Kirili dhe Metodi\u201d, Shkup).\u00a0 Punimet nis\u00ebn me Isabel Grimm-Stadelmann (Universiteti Ludwig-Maximilian i Munihut), e cila trajtoi raportet nd\u00ebrmjet popullsis\u00eb shqiptare dhe traditave mjek\u00ebsore bizantine n\u00eb dhe rreth Epirit, duke ndri\u00e7uar lidhjen mes praktikave sh\u00ebndet\u00ebsore dhe bot\u00ebs s\u00eb besimit. M\u00eb pas, Vasil Tole analizoi rolin e k\u00ebng\u00ebs bizantine n\u00eb UNESCO dhe kontributin e muzikant\u00ebve t\u00eb shenjt\u00eb shqiptar\u00eb n\u00eb k\u00ebt\u00eb trash\u00ebgimi bot\u00ebrore, duke theksuar vler\u00ebn e tradit\u00ebs son\u00eb muzikore n\u00eb kontekstin nd\u00ebrkomb\u00ebtar. Kontribut t\u00eb r\u00ebnd\u00ebsish\u00ebm dha edhe Boban Petrovski (Universiteti \u201cSh\u00ebn Kirili dhe Metodi\u201d, Shkup), i cili foli mbi modelet ekleziologjike konkurruese n\u00eb zonat malore t\u00eb Shqip\u00ebris\u00eb dhe dinamikat bizantino-bullgare n\u00eb shekujt IX-X. Mikaela Minga (Akademia e Shkencave t\u00eb Shqip\u00ebris\u00eb) solli nj\u00eb rast studimor t\u00eb ve\u00e7ant\u00eb mbi nj\u00eb dokument zanor t\u00eb muzik\u00ebs bizantine n\u00eb Shqip\u00ebrin\u00eb komuniste, duke ndri\u00e7uar figur\u00ebn enigmatike t\u00eb Taqi (Dhimit\u00ebr) Delian\u00ebs. Toni Filiposki analizoi marr\u00ebdh\u00ebniet politike, kishtare dhe kulturore mes Beratit dhe Ohrit n\u00eb Mesjet\u00eb, duke treguar af\u00ebrsi t\u00eb thella civilizuese nd\u00ebrmjet dy qyteteve. Nj\u00eb moment i r\u00ebnd\u00ebsish\u00ebm i seanc\u00ebs ishte kumtesa e Theodhor Pecit (Universiteti i Arteve), i cili trajtoi figur\u00ebn e Joan Kukuzelit (1280-1336), durrsakut q\u00eb u b\u00eb burimi kryesor i muzik\u00ebs bizantine dhe nj\u00eb nga inovator\u00ebt m\u00eb t\u00eb m\u00ebdhenj t\u00eb tradit\u00ebs s\u00eb artit psaltik. N\u00eb vijim, Marin Haxhimihalit (Universiteti i Tiran\u00ebs) trajtoi strategjit\u00eb kishtare dhe ambiciet territoriale t\u00eb projektit t\u00eb ribashkimit t\u00eb Kish\u00ebs n\u00eb shek. XIII, duke shpjeguar dimensionet politike dhe teologjike t\u00eb koh\u00ebs. Seanca u mbyll me Serena Cuomo (Universiteti \u201cSantiago de Kompostela\u201d, Spanj\u00eb), e cila analizoi kultin e Dyzet\u00eb Shenjtor\u00ebve t\u00eb Sebastis\u00eb n\u00eb Shqip\u00ebrin\u00eb e Jugut, duke treguar vazhdim\u00ebsin\u00eb dhe transformimin e nj\u00eb prej ikonografive m\u00eb t\u00eb r\u00ebnd\u00ebsishme t\u00eb bizantinizmit. Seksioni VI u vler\u00ebsua si nj\u00eb nga m\u00eb t\u00eb pasurit e konferenc\u00ebs, duke sjell\u00eb d\u00ebshmi dhe interpretime q\u00eb lidhin identitetin shpirt\u00ebror t\u00eb shqiptar\u00ebve me universin e gjer\u00eb bizantin, si dhe m\u00ebnyrat se si kjo trash\u00ebgimi ka mbijetuar, \u00ebsht\u00eb transformuar dhe vazhdon t\u00eb ndikoj\u00eb kultur\u00ebn e sotme.<\/p>\n<p style=\"text-align: justify;\">Konferenca e Par\u00eb Nd\u00ebrkomb\u00ebtare \u201cShqip\u00ebria n\u00eb Periudh\u00ebn Bizantine\u201d u mbyll me reflektimet e thella dhe frym\u00ebzuese t\u00eb Prof. Peter Schreiner, nj\u00eb prej bizantolog\u00ebve m\u00eb t\u00eb shquar t\u00eb Evrop\u00ebs. Ai e cil\u00ebsoi k\u00ebt\u00eb konferenc\u00eb si \u201cm\u00eb t\u00eb mir\u00ebn ku ka marr\u00eb pjes\u00eb ndonj\u00ebher\u00eb n\u00eb Shqip\u00ebri\u201d, duke vler\u00ebsuar shum\u00ebllojshm\u00ebrin\u00eb e temave, nivelin e lart\u00eb shkencor t\u00eb kumtesave dhe koherenc\u00ebn e sesioneve. Prof. Schreiner theksoi se Shqip\u00ebria \u00ebsht\u00eb nj\u00eb \u201cEl Dorado i dor\u00ebshkrimeve bizantine\u201d, nj\u00eb thesar unik p\u00ebr studimet bizantine, i cili duhet t\u00eb njihet dhe t\u00eb studiohet m\u00eb gjer\u00ebsisht. Ai u ndal te r\u00ebnd\u00ebsia e artit, arkeologjis\u00eb, tradit\u00ebs shkrimore dhe trash\u00ebgimis\u00eb shpirt\u00ebrore, duke n\u00ebnvizuar se n\u00eb territorin shqiptar ka pasur historikisht nj\u00eb takim t\u00eb fuqish\u00ebm midis Lindjes dhe Per\u00ebndimit.<\/p>\n<p style=\"text-align: justify;\">N\u00eb vijim, Andi Rembeci, Kryetar i Komitetit Organizator, shprehu mir\u00ebnjohjen p\u00ebr institucionet partnere, referuesit, moderator\u00ebt dhe t\u00eb gjith\u00eb pjes\u00ebmarr\u00ebsit, t\u00eb cil\u00ebt, p\u00ebrmes kumtesave, diskutimeve dhe shk\u00ebmbimit t\u00eb ideve, e shnd\u00ebrruan k\u00ebt\u00eb konferenc\u00eb t\u00eb par\u00eb nd\u00ebrkomb\u00ebtare mbi Shqip\u00ebrin\u00eb n\u00eb periudh\u00ebn bizantine n\u00eb nj\u00eb ngjarje me vler\u00eb t\u00eb ve\u00e7ant\u00eb akademike.<\/p>\n<p style=\"text-align: justify;\">Pas dy dit\u00ebsh t\u00eb mbushura me kumtesa dhe diskutime shkencore, Konferenca e Par\u00eb Nd\u00ebrkomb\u00ebtare \u201cShqip\u00ebria n\u00eb Periudh\u00ebn Bizantine\u201d u mbyll n\u00eb m\u00ebnyr\u00ebn m\u00eb t\u00eb denj\u00eb me nj\u00eb <strong><em>koncert t\u00eb jasht\u00ebzakonsh\u00ebm t\u00eb muzik\u00ebs bizantine<\/em><\/strong>, t\u00eb zhvilluar n\u00eb Qendr\u00ebn Kulturore t\u00eb Katedrales \u201cNgjallja e Krishtit\u201d, m\u00eb 6 dhjetor. Ky koncert p\u00ebrmbyll\u00ebs, i organizuar nga Kisha Orthodhokse Autoqefale t\u00eb Shqip\u00ebris\u00eb, n\u00eb kuad\u00ebr t\u00eb konferenc\u00ebs, u konceptua si kurora shpirt\u00ebrore e k\u00ebsaj veprimtarie shkencore. Kushtuar mjesht\u00ebrit t\u00eb madh t\u00eb muzik\u00ebs bizantine, Sh\u00ebn Joan Kukuzelit, koncerti solli vepra t\u00eb tij t\u00eb interpretuara me mjesht\u00ebri nga kori bizantin \u201cSh\u00ebn Joan Kukuzeli\u201d, n\u00ebn drejtimin artistik t\u00eb z. Theodhor Peci. Vargjet kalofonike, pjes\u00ebt me anagramatiz\u00ebm dhe himnet liturgjike t\u00eb p\u00ebrpunuara n\u00eb gjuh\u00ebn shqipe krijuan nj\u00eb atmosfer\u00eb t\u00eb thell\u00eb shpirt\u00ebrore dhe nj\u00eb p\u00ebrjetim muzikor t\u00eb rrall\u00eb. Koncerti sh\u00ebrbeu si kuror\u00ebzim i dy dit\u00ebve t\u00eb punimeve shkencore, duke lidhur bukur k\u00ebrkimin akademik me tradit\u00ebn ton\u00eb shpirt\u00ebrore dhe muzikore. Publiku, studiuesit dhe t\u00eb ftuarit e konferenc\u00ebs pat\u00ebn mund\u00ebsin\u00eb t\u00eb p\u00ebrjetojn\u00eb nj\u00eb udh\u00ebtim n\u00eb thell\u00ebsit\u00eb e kultur\u00ebs bizantine, ku arti dhe historia takohen natyrsh\u00ebm.<\/p>\n<p style=\"text-align: justify;\">Andi Rembeci<\/p>\n<p style=\"text-align: justify;\">Universiteti i Tiran\u00ebs<\/p>\n<p style=\"text-align: justify;\">Kryetar i Komisionit\u00a0Organizativ<\/p>\n<div class=\"ocb-gallery\"><img decoding=\"async\" class=\"lazyload alignnone size-medium wp-image-68780\" src=\"https:\/\/orthodoxalbania.org\/2020\/wp-content\/uploads\/2025\/12\/konferenca_i_nderkombetare_shqiperia_ne_periudhen_bizantine_nje_momentum_shkenco_02-300x153.jpg\" data-orig-src=\"https:\/\/orthodoxalbania.org\/2020\/wp-content\/uploads\/2025\/12\/konferenca_i_nderkombetare_shqiperia_ne_periudhen_bizantine_nje_momentum_shkenco_02-300x153.jpg\" alt=\"\" width=\"300\" height=\"153\" srcset=\"data:image\/svg+xml,%3Csvg%20xmlns%3D%27http%3A%2F%2Fwww.w3.org%2F2000%2Fsvg%27%20width%3D%27300%27%20height%3D%27153%27%20viewBox%3D%270%200%20300%20153%27%3E%3Crect%20width%3D%27300%27%20height%3D%27153%27%20fill-opacity%3D%220%22%2F%3E%3C%2Fsvg%3E\" data-srcset=\"https:\/\/orthodoxalbania.org\/2020\/wp-content\/uploads\/2025\/12\/konferenca_i_nderkombetare_shqiperia_ne_periudhen_bizantine_nje_momentum_shkenco_02-200x102.jpg 200w, https:\/\/orthodoxalbania.org\/2020\/wp-content\/uploads\/2025\/12\/konferenca_i_nderkombetare_shqiperia_ne_periudhen_bizantine_nje_momentum_shkenco_02-300x153.jpg 300w, https:\/\/orthodoxalbania.org\/2020\/wp-content\/uploads\/2025\/12\/konferenca_i_nderkombetare_shqiperia_ne_periudhen_bizantine_nje_momentum_shkenco_02-400x204.jpg 400w, https:\/\/orthodoxalbania.org\/2020\/wp-content\/uploads\/2025\/12\/konferenca_i_nderkombetare_shqiperia_ne_periudhen_bizantine_nje_momentum_shkenco_02-600x306.jpg 600w, https:\/\/orthodoxalbania.org\/2020\/wp-content\/uploads\/2025\/12\/konferenca_i_nderkombetare_shqiperia_ne_periudhen_bizantine_nje_momentum_shkenco_02-768x392.jpg 768w, https:\/\/orthodoxalbania.org\/2020\/wp-content\/uploads\/2025\/12\/konferenca_i_nderkombetare_shqiperia_ne_periudhen_bizantine_nje_momentum_shkenco_02-800x408.jpg 800w, https:\/\/orthodoxalbania.org\/2020\/wp-content\/uploads\/2025\/12\/konferenca_i_nderkombetare_shqiperia_ne_periudhen_bizantine_nje_momentum_shkenco_02-1024x522.jpg 1024w, https:\/\/orthodoxalbania.org\/2020\/wp-content\/uploads\/2025\/12\/konferenca_i_nderkombetare_shqiperia_ne_periudhen_bizantine_nje_momentum_shkenco_02-1200x612.jpg 1200w, https:\/\/orthodoxalbania.org\/2020\/wp-content\/uploads\/2025\/12\/konferenca_i_nderkombetare_shqiperia_ne_periudhen_bizantine_nje_momentum_shkenco_02-1536x783.jpg 1536w, https:\/\/orthodoxalbania.org\/2020\/wp-content\/uploads\/2025\/12\/konferenca_i_nderkombetare_shqiperia_ne_periudhen_bizantine_nje_momentum_shkenco_02.jpg 1600w\" data-sizes=\"auto\" data-orig-sizes=\"(max-width: 300px) 100vw, 300px\" \/> <img decoding=\"async\" class=\"lazyload alignnone size-medium wp-image-68818\" src=\"https:\/\/orthodoxalbania.org\/2020\/wp-content\/uploads\/2025\/12\/konferenca_i_nderkombetare_shqiperia_ne_periudhen_bizantine_nje_momentum_shkenco_40-225x300.jpg\" data-orig-src=\"https:\/\/orthodoxalbania.org\/2020\/wp-content\/uploads\/2025\/12\/konferenca_i_nderkombetare_shqiperia_ne_periudhen_bizantine_nje_momentum_shkenco_40-225x300.jpg\" alt=\"\" width=\"225\" height=\"300\" srcset=\"data:image\/svg+xml,%3Csvg%20xmlns%3D%27http%3A%2F%2Fwww.w3.org%2F2000%2Fsvg%27%20width%3D%27225%27%20height%3D%27300%27%20viewBox%3D%270%200%20225%20300%27%3E%3Crect%20width%3D%27225%27%20height%3D%27300%27%20fill-opacity%3D%220%22%2F%3E%3C%2Fsvg%3E\" data-srcset=\"https:\/\/orthodoxalbania.org\/2020\/wp-content\/uploads\/2025\/12\/konferenca_i_nderkombetare_shqiperia_ne_periudhen_bizantine_nje_momentum_shkenco_40-200x267.jpg 200w, https:\/\/orthodoxalbania.org\/2020\/wp-content\/uploads\/2025\/12\/konferenca_i_nderkombetare_shqiperia_ne_periudhen_bizantine_nje_momentum_shkenco_40-225x300.jpg 225w, https:\/\/orthodoxalbania.org\/2020\/wp-content\/uploads\/2025\/12\/konferenca_i_nderkombetare_shqiperia_ne_periudhen_bizantine_nje_momentum_shkenco_40-400x533.jpg 400w, https:\/\/orthodoxalbania.org\/2020\/wp-content\/uploads\/2025\/12\/konferenca_i_nderkombetare_shqiperia_ne_periudhen_bizantine_nje_momentum_shkenco_40-600x800.jpg 600w, https:\/\/orthodoxalbania.org\/2020\/wp-content\/uploads\/2025\/12\/konferenca_i_nderkombetare_shqiperia_ne_periudhen_bizantine_nje_momentum_shkenco_40-768x1024.jpg 768w, https:\/\/orthodoxalbania.org\/2020\/wp-content\/uploads\/2025\/12\/konferenca_i_nderkombetare_shqiperia_ne_periudhen_bizantine_nje_momentum_shkenco_40-800x1067.jpg 800w, https:\/\/orthodoxalbania.org\/2020\/wp-content\/uploads\/2025\/12\/konferenca_i_nderkombetare_shqiperia_ne_periudhen_bizantine_nje_momentum_shkenco_40-1152x1536.jpg 1152w, https:\/\/orthodoxalbania.org\/2020\/wp-content\/uploads\/2025\/12\/konferenca_i_nderkombetare_shqiperia_ne_periudhen_bizantine_nje_momentum_shkenco_40.jpg 1200w\" data-sizes=\"auto\" data-orig-sizes=\"(max-width: 225px) 100vw, 225px\" \/> <img decoding=\"async\" class=\"lazyload alignnone size-medium wp-image-68817\" src=\"https:\/\/orthodoxalbania.org\/2020\/wp-content\/uploads\/2025\/12\/konferenca_i_nderkombetare_shqiperia_ne_periudhen_bizantine_nje_momentum_shkenco_39-300x200.jpg\" data-orig-src=\"https:\/\/orthodoxalbania.org\/2020\/wp-content\/uploads\/2025\/12\/konferenca_i_nderkombetare_shqiperia_ne_periudhen_bizantine_nje_momentum_shkenco_39-300x200.jpg\" alt=\"\" width=\"300\" height=\"200\" srcset=\"data:image\/svg+xml,%3Csvg%20xmlns%3D%27http%3A%2F%2Fwww.w3.org%2F2000%2Fsvg%27%20width%3D%27300%27%20height%3D%27200%27%20viewBox%3D%270%200%20300%20200%27%3E%3Crect%20width%3D%27300%27%20height%3D%27200%27%20fill-opacity%3D%220%22%2F%3E%3C%2Fsvg%3E\" data-srcset=\"https:\/\/orthodoxalbania.org\/2020\/wp-content\/uploads\/2025\/12\/konferenca_i_nderkombetare_shqiperia_ne_periudhen_bizantine_nje_momentum_shkenco_39-200x133.jpg 200w, https:\/\/orthodoxalbania.org\/2020\/wp-content\/uploads\/2025\/12\/konferenca_i_nderkombetare_shqiperia_ne_periudhen_bizantine_nje_momentum_shkenco_39-300x200.jpg 300w, https:\/\/orthodoxalbania.org\/2020\/wp-content\/uploads\/2025\/12\/konferenca_i_nderkombetare_shqiperia_ne_periudhen_bizantine_nje_momentum_shkenco_39-400x267.jpg 400w, https:\/\/orthodoxalbania.org\/2020\/wp-content\/uploads\/2025\/12\/konferenca_i_nderkombetare_shqiperia_ne_periudhen_bizantine_nje_momentum_shkenco_39-600x400.jpg 600w, https:\/\/orthodoxalbania.org\/2020\/wp-content\/uploads\/2025\/12\/konferenca_i_nderkombetare_shqiperia_ne_periudhen_bizantine_nje_momentum_shkenco_39-768x512.jpg 768w, https:\/\/orthodoxalbania.org\/2020\/wp-content\/uploads\/2025\/12\/konferenca_i_nderkombetare_shqiperia_ne_periudhen_bizantine_nje_momentum_shkenco_39-800x533.jpg 800w, https:\/\/orthodoxalbania.org\/2020\/wp-content\/uploads\/2025\/12\/konferenca_i_nderkombetare_shqiperia_ne_periudhen_bizantine_nje_momentum_shkenco_39-1024x682.jpg 1024w, https:\/\/orthodoxalbania.org\/2020\/wp-content\/uploads\/2025\/12\/konferenca_i_nderkombetare_shqiperia_ne_periudhen_bizantine_nje_momentum_shkenco_39-1200x800.jpg 1200w, https:\/\/orthodoxalbania.org\/2020\/wp-content\/uploads\/2025\/12\/konferenca_i_nderkombetare_shqiperia_ne_periudhen_bizantine_nje_momentum_shkenco_39-1536x1023.jpg 1536w, https:\/\/orthodoxalbania.org\/2020\/wp-content\/uploads\/2025\/12\/konferenca_i_nderkombetare_shqiperia_ne_periudhen_bizantine_nje_momentum_shkenco_39.jpg 1600w\" data-sizes=\"auto\" data-orig-sizes=\"(max-width: 300px) 100vw, 300px\" \/> <img decoding=\"async\" class=\"lazyload alignnone size-medium wp-image-68816\" src=\"https:\/\/orthodoxalbania.org\/2020\/wp-content\/uploads\/2025\/12\/konferenca_i_nderkombetare_shqiperia_ne_periudhen_bizantine_nje_momentum_shkenco_38-300x200.jpg\" data-orig-src=\"https:\/\/orthodoxalbania.org\/2020\/wp-content\/uploads\/2025\/12\/konferenca_i_nderkombetare_shqiperia_ne_periudhen_bizantine_nje_momentum_shkenco_38-300x200.jpg\" alt=\"\" width=\"300\" height=\"200\" srcset=\"data:image\/svg+xml,%3Csvg%20xmlns%3D%27http%3A%2F%2Fwww.w3.org%2F2000%2Fsvg%27%20width%3D%27300%27%20height%3D%27200%27%20viewBox%3D%270%200%20300%20200%27%3E%3Crect%20width%3D%27300%27%20height%3D%27200%27%20fill-opacity%3D%220%22%2F%3E%3C%2Fsvg%3E\" data-srcset=\"https:\/\/orthodoxalbania.org\/2020\/wp-content\/uploads\/2025\/12\/konferenca_i_nderkombetare_shqiperia_ne_periudhen_bizantine_nje_momentum_shkenco_38-200x133.jpg 200w, https:\/\/orthodoxalbania.org\/2020\/wp-content\/uploads\/2025\/12\/konferenca_i_nderkombetare_shqiperia_ne_periudhen_bizantine_nje_momentum_shkenco_38-300x200.jpg 300w, https:\/\/orthodoxalbania.org\/2020\/wp-content\/uploads\/2025\/12\/konferenca_i_nderkombetare_shqiperia_ne_periudhen_bizantine_nje_momentum_shkenco_38-400x267.jpg 400w, https:\/\/orthodoxalbania.org\/2020\/wp-content\/uploads\/2025\/12\/konferenca_i_nderkombetare_shqiperia_ne_periudhen_bizantine_nje_momentum_shkenco_38-600x400.jpg 600w, https:\/\/orthodoxalbania.org\/2020\/wp-content\/uploads\/2025\/12\/konferenca_i_nderkombetare_shqiperia_ne_periudhen_bizantine_nje_momentum_shkenco_38-768x512.jpg 768w, https:\/\/orthodoxalbania.org\/2020\/wp-content\/uploads\/2025\/12\/konferenca_i_nderkombetare_shqiperia_ne_periudhen_bizantine_nje_momentum_shkenco_38-800x533.jpg 800w, https:\/\/orthodoxalbania.org\/2020\/wp-content\/uploads\/2025\/12\/konferenca_i_nderkombetare_shqiperia_ne_periudhen_bizantine_nje_momentum_shkenco_38-1024x682.jpg 1024w, https:\/\/orthodoxalbania.org\/2020\/wp-content\/uploads\/2025\/12\/konferenca_i_nderkombetare_shqiperia_ne_periudhen_bizantine_nje_momentum_shkenco_38-1200x800.jpg 1200w, https:\/\/orthodoxalbania.org\/2020\/wp-content\/uploads\/2025\/12\/konferenca_i_nderkombetare_shqiperia_ne_periudhen_bizantine_nje_momentum_shkenco_38-1536x1023.jpg 1536w, https:\/\/orthodoxalbania.org\/2020\/wp-content\/uploads\/2025\/12\/konferenca_i_nderkombetare_shqiperia_ne_periudhen_bizantine_nje_momentum_shkenco_38.jpg 1600w\" data-sizes=\"auto\" data-orig-sizes=\"(max-width: 300px) 100vw, 300px\" \/> <img decoding=\"async\" class=\"lazyload alignnone size-medium wp-image-68815\" src=\"https:\/\/orthodoxalbania.org\/2020\/wp-content\/uploads\/2025\/12\/konferenca_i_nderkombetare_shqiperia_ne_periudhen_bizantine_nje_momentum_shkenco_37-300x200.jpg\" data-orig-src=\"https:\/\/orthodoxalbania.org\/2020\/wp-content\/uploads\/2025\/12\/konferenca_i_nderkombetare_shqiperia_ne_periudhen_bizantine_nje_momentum_shkenco_37-300x200.jpg\" alt=\"\" width=\"300\" height=\"200\" srcset=\"data:image\/svg+xml,%3Csvg%20xmlns%3D%27http%3A%2F%2Fwww.w3.org%2F2000%2Fsvg%27%20width%3D%27300%27%20height%3D%27200%27%20viewBox%3D%270%200%20300%20200%27%3E%3Crect%20width%3D%27300%27%20height%3D%27200%27%20fill-opacity%3D%220%22%2F%3E%3C%2Fsvg%3E\" data-srcset=\"https:\/\/orthodoxalbania.org\/2020\/wp-content\/uploads\/2025\/12\/konferenca_i_nderkombetare_shqiperia_ne_periudhen_bizantine_nje_momentum_shkenco_37-200x133.jpg 200w, https:\/\/orthodoxalbania.org\/2020\/wp-content\/uploads\/2025\/12\/konferenca_i_nderkombetare_shqiperia_ne_periudhen_bizantine_nje_momentum_shkenco_37-300x200.jpg 300w, https:\/\/orthodoxalbania.org\/2020\/wp-content\/uploads\/2025\/12\/konferenca_i_nderkombetare_shqiperia_ne_periudhen_bizantine_nje_momentum_shkenco_37-400x267.jpg 400w, https:\/\/orthodoxalbania.org\/2020\/wp-content\/uploads\/2025\/12\/konferenca_i_nderkombetare_shqiperia_ne_periudhen_bizantine_nje_momentum_shkenco_37-600x400.jpg 600w, https:\/\/orthodoxalbania.org\/2020\/wp-content\/uploads\/2025\/12\/konferenca_i_nderkombetare_shqiperia_ne_periudhen_bizantine_nje_momentum_shkenco_37-768x512.jpg 768w, https:\/\/orthodoxalbania.org\/2020\/wp-content\/uploads\/2025\/12\/konferenca_i_nderkombetare_shqiperia_ne_periudhen_bizantine_nje_momentum_shkenco_37-800x533.jpg 800w, https:\/\/orthodoxalbania.org\/2020\/wp-content\/uploads\/2025\/12\/konferenca_i_nderkombetare_shqiperia_ne_periudhen_bizantine_nje_momentum_shkenco_37-1024x682.jpg 1024w, https:\/\/orthodoxalbania.org\/2020\/wp-content\/uploads\/2025\/12\/konferenca_i_nderkombetare_shqiperia_ne_periudhen_bizantine_nje_momentum_shkenco_37-1200x800.jpg 1200w, https:\/\/orthodoxalbania.org\/2020\/wp-content\/uploads\/2025\/12\/konferenca_i_nderkombetare_shqiperia_ne_periudhen_bizantine_nje_momentum_shkenco_37-1536x1023.jpg 1536w, https:\/\/orthodoxalbania.org\/2020\/wp-content\/uploads\/2025\/12\/konferenca_i_nderkombetare_shqiperia_ne_periudhen_bizantine_nje_momentum_shkenco_37.jpg 1600w\" data-sizes=\"auto\" data-orig-sizes=\"(max-width: 300px) 100vw, 300px\" \/> <img decoding=\"async\" class=\"lazyload alignnone size-medium wp-image-68814\" src=\"https:\/\/orthodoxalbania.org\/2020\/wp-content\/uploads\/2025\/12\/konferenca_i_nderkombetare_shqiperia_ne_periudhen_bizantine_nje_momentum_shkenco_36-300x200.jpg\" data-orig-src=\"https:\/\/orthodoxalbania.org\/2020\/wp-content\/uploads\/2025\/12\/konferenca_i_nderkombetare_shqiperia_ne_periudhen_bizantine_nje_momentum_shkenco_36-300x200.jpg\" alt=\"\" width=\"300\" height=\"200\" srcset=\"data:image\/svg+xml,%3Csvg%20xmlns%3D%27http%3A%2F%2Fwww.w3.org%2F2000%2Fsvg%27%20width%3D%27300%27%20height%3D%27200%27%20viewBox%3D%270%200%20300%20200%27%3E%3Crect%20width%3D%27300%27%20height%3D%27200%27%20fill-opacity%3D%220%22%2F%3E%3C%2Fsvg%3E\" data-srcset=\"https:\/\/orthodoxalbania.org\/2020\/wp-content\/uploads\/2025\/12\/konferenca_i_nderkombetare_shqiperia_ne_periudhen_bizantine_nje_momentum_shkenco_36-200x133.jpg 200w, https:\/\/orthodoxalbania.org\/2020\/wp-content\/uploads\/2025\/12\/konferenca_i_nderkombetare_shqiperia_ne_periudhen_bizantine_nje_momentum_shkenco_36-300x200.jpg 300w, https:\/\/orthodoxalbania.org\/2020\/wp-content\/uploads\/2025\/12\/konferenca_i_nderkombetare_shqiperia_ne_periudhen_bizantine_nje_momentum_shkenco_36-400x267.jpg 400w, https:\/\/orthodoxalbania.org\/2020\/wp-content\/uploads\/2025\/12\/konferenca_i_nderkombetare_shqiperia_ne_periudhen_bizantine_nje_momentum_shkenco_36-600x400.jpg 600w, https:\/\/orthodoxalbania.org\/2020\/wp-content\/uploads\/2025\/12\/konferenca_i_nderkombetare_shqiperia_ne_periudhen_bizantine_nje_momentum_shkenco_36-768x512.jpg 768w, https:\/\/orthodoxalbania.org\/2020\/wp-content\/uploads\/2025\/12\/konferenca_i_nderkombetare_shqiperia_ne_periudhen_bizantine_nje_momentum_shkenco_36-800x533.jpg 800w, https:\/\/orthodoxalbania.org\/2020\/wp-content\/uploads\/2025\/12\/konferenca_i_nderkombetare_shqiperia_ne_periudhen_bizantine_nje_momentum_shkenco_36-1024x682.jpg 1024w, https:\/\/orthodoxalbania.org\/2020\/wp-content\/uploads\/2025\/12\/konferenca_i_nderkombetare_shqiperia_ne_periudhen_bizantine_nje_momentum_shkenco_36-1200x800.jpg 1200w, https:\/\/orthodoxalbania.org\/2020\/wp-content\/uploads\/2025\/12\/konferenca_i_nderkombetare_shqiperia_ne_periudhen_bizantine_nje_momentum_shkenco_36-1536x1023.jpg 1536w, https:\/\/orthodoxalbania.org\/2020\/wp-content\/uploads\/2025\/12\/konferenca_i_nderkombetare_shqiperia_ne_periudhen_bizantine_nje_momentum_shkenco_36.jpg 1600w\" data-sizes=\"auto\" data-orig-sizes=\"(max-width: 300px) 100vw, 300px\" \/> <img decoding=\"async\" class=\"lazyload alignnone size-medium wp-image-68813\" src=\"https:\/\/orthodoxalbania.org\/2020\/wp-content\/uploads\/2025\/12\/konferenca_i_nderkombetare_shqiperia_ne_periudhen_bizantine_nje_momentum_shkenco_35-300x200.jpg\" data-orig-src=\"https:\/\/orthodoxalbania.org\/2020\/wp-content\/uploads\/2025\/12\/konferenca_i_nderkombetare_shqiperia_ne_periudhen_bizantine_nje_momentum_shkenco_35-300x200.jpg\" alt=\"\" width=\"300\" height=\"200\" srcset=\"data:image\/svg+xml,%3Csvg%20xmlns%3D%27http%3A%2F%2Fwww.w3.org%2F2000%2Fsvg%27%20width%3D%27300%27%20height%3D%27200%27%20viewBox%3D%270%200%20300%20200%27%3E%3Crect%20width%3D%27300%27%20height%3D%27200%27%20fill-opacity%3D%220%22%2F%3E%3C%2Fsvg%3E\" data-srcset=\"https:\/\/orthodoxalbania.org\/2020\/wp-content\/uploads\/2025\/12\/konferenca_i_nderkombetare_shqiperia_ne_periudhen_bizantine_nje_momentum_shkenco_35-200x133.jpg 200w, https:\/\/orthodoxalbania.org\/2020\/wp-content\/uploads\/2025\/12\/konferenca_i_nderkombetare_shqiperia_ne_periudhen_bizantine_nje_momentum_shkenco_35-300x200.jpg 300w, https:\/\/orthodoxalbania.org\/2020\/wp-content\/uploads\/2025\/12\/konferenca_i_nderkombetare_shqiperia_ne_periudhen_bizantine_nje_momentum_shkenco_35-400x267.jpg 400w, https:\/\/orthodoxalbania.org\/2020\/wp-content\/uploads\/2025\/12\/konferenca_i_nderkombetare_shqiperia_ne_periudhen_bizantine_nje_momentum_shkenco_35-600x400.jpg 600w, https:\/\/orthodoxalbania.org\/2020\/wp-content\/uploads\/2025\/12\/konferenca_i_nderkombetare_shqiperia_ne_periudhen_bizantine_nje_momentum_shkenco_35-768x512.jpg 768w, https:\/\/orthodoxalbania.org\/2020\/wp-content\/uploads\/2025\/12\/konferenca_i_nderkombetare_shqiperia_ne_periudhen_bizantine_nje_momentum_shkenco_35-800x533.jpg 800w, https:\/\/orthodoxalbania.org\/2020\/wp-content\/uploads\/2025\/12\/konferenca_i_nderkombetare_shqiperia_ne_periudhen_bizantine_nje_momentum_shkenco_35-1024x682.jpg 1024w, https:\/\/orthodoxalbania.org\/2020\/wp-content\/uploads\/2025\/12\/konferenca_i_nderkombetare_shqiperia_ne_periudhen_bizantine_nje_momentum_shkenco_35-1200x800.jpg 1200w, https:\/\/orthodoxalbania.org\/2020\/wp-content\/uploads\/2025\/12\/konferenca_i_nderkombetare_shqiperia_ne_periudhen_bizantine_nje_momentum_shkenco_35-1536x1023.jpg 1536w, https:\/\/orthodoxalbania.org\/2020\/wp-content\/uploads\/2025\/12\/konferenca_i_nderkombetare_shqiperia_ne_periudhen_bizantine_nje_momentum_shkenco_35.jpg 1600w\" data-sizes=\"auto\" data-orig-sizes=\"(max-width: 300px) 100vw, 300px\" \/> <img decoding=\"async\" class=\"lazyload alignnone size-medium wp-image-68812\" src=\"https:\/\/orthodoxalbania.org\/2020\/wp-content\/uploads\/2025\/12\/konferenca_i_nderkombetare_shqiperia_ne_periudhen_bizantine_nje_momentum_shkenco_34-300x169.jpg\" data-orig-src=\"https:\/\/orthodoxalbania.org\/2020\/wp-content\/uploads\/2025\/12\/konferenca_i_nderkombetare_shqiperia_ne_periudhen_bizantine_nje_momentum_shkenco_34-300x169.jpg\" alt=\"\" width=\"300\" height=\"169\" srcset=\"data:image\/svg+xml,%3Csvg%20xmlns%3D%27http%3A%2F%2Fwww.w3.org%2F2000%2Fsvg%27%20width%3D%27300%27%20height%3D%27169%27%20viewBox%3D%270%200%20300%20169%27%3E%3Crect%20width%3D%27300%27%20height%3D%27169%27%20fill-opacity%3D%220%22%2F%3E%3C%2Fsvg%3E\" data-srcset=\"https:\/\/orthodoxalbania.org\/2020\/wp-content\/uploads\/2025\/12\/konferenca_i_nderkombetare_shqiperia_ne_periudhen_bizantine_nje_momentum_shkenco_34-200x113.jpg 200w, https:\/\/orthodoxalbania.org\/2020\/wp-content\/uploads\/2025\/12\/konferenca_i_nderkombetare_shqiperia_ne_periudhen_bizantine_nje_momentum_shkenco_34-300x169.jpg 300w, https:\/\/orthodoxalbania.org\/2020\/wp-content\/uploads\/2025\/12\/konferenca_i_nderkombetare_shqiperia_ne_periudhen_bizantine_nje_momentum_shkenco_34-400x225.jpg 400w, https:\/\/orthodoxalbania.org\/2020\/wp-content\/uploads\/2025\/12\/konferenca_i_nderkombetare_shqiperia_ne_periudhen_bizantine_nje_momentum_shkenco_34-600x338.jpg 600w, https:\/\/orthodoxalbania.org\/2020\/wp-content\/uploads\/2025\/12\/konferenca_i_nderkombetare_shqiperia_ne_periudhen_bizantine_nje_momentum_shkenco_34-768x432.jpg 768w, https:\/\/orthodoxalbania.org\/2020\/wp-content\/uploads\/2025\/12\/konferenca_i_nderkombetare_shqiperia_ne_periudhen_bizantine_nje_momentum_shkenco_34-800x450.jpg 800w, https:\/\/orthodoxalbania.org\/2020\/wp-content\/uploads\/2025\/12\/konferenca_i_nderkombetare_shqiperia_ne_periudhen_bizantine_nje_momentum_shkenco_34-1024x576.jpg 1024w, https:\/\/orthodoxalbania.org\/2020\/wp-content\/uploads\/2025\/12\/konferenca_i_nderkombetare_shqiperia_ne_periudhen_bizantine_nje_momentum_shkenco_34-1200x675.jpg 1200w, https:\/\/orthodoxalbania.org\/2020\/wp-content\/uploads\/2025\/12\/konferenca_i_nderkombetare_shqiperia_ne_periudhen_bizantine_nje_momentum_shkenco_34-1536x864.jpg 1536w, https:\/\/orthodoxalbania.org\/2020\/wp-content\/uploads\/2025\/12\/konferenca_i_nderkombetare_shqiperia_ne_periudhen_bizantine_nje_momentum_shkenco_34.jpg 1600w\" data-sizes=\"auto\" data-orig-sizes=\"(max-width: 300px) 100vw, 300px\" \/> <img decoding=\"async\" class=\"lazyload alignnone size-medium wp-image-68811\" src=\"https:\/\/orthodoxalbania.org\/2020\/wp-content\/uploads\/2025\/12\/konferenca_i_nderkombetare_shqiperia_ne_periudhen_bizantine_nje_momentum_shkenco_33-300x169.jpg\" data-orig-src=\"https:\/\/orthodoxalbania.org\/2020\/wp-content\/uploads\/2025\/12\/konferenca_i_nderkombetare_shqiperia_ne_periudhen_bizantine_nje_momentum_shkenco_33-300x169.jpg\" alt=\"\" width=\"300\" height=\"169\" srcset=\"data:image\/svg+xml,%3Csvg%20xmlns%3D%27http%3A%2F%2Fwww.w3.org%2F2000%2Fsvg%27%20width%3D%27300%27%20height%3D%27169%27%20viewBox%3D%270%200%20300%20169%27%3E%3Crect%20width%3D%27300%27%20height%3D%27169%27%20fill-opacity%3D%220%22%2F%3E%3C%2Fsvg%3E\" data-srcset=\"https:\/\/orthodoxalbania.org\/2020\/wp-content\/uploads\/2025\/12\/konferenca_i_nderkombetare_shqiperia_ne_periudhen_bizantine_nje_momentum_shkenco_33-200x113.jpg 200w, https:\/\/orthodoxalbania.org\/2020\/wp-content\/uploads\/2025\/12\/konferenca_i_nderkombetare_shqiperia_ne_periudhen_bizantine_nje_momentum_shkenco_33-300x169.jpg 300w, https:\/\/orthodoxalbania.org\/2020\/wp-content\/uploads\/2025\/12\/konferenca_i_nderkombetare_shqiperia_ne_periudhen_bizantine_nje_momentum_shkenco_33-400x225.jpg 400w, https:\/\/orthodoxalbania.org\/2020\/wp-content\/uploads\/2025\/12\/konferenca_i_nderkombetare_shqiperia_ne_periudhen_bizantine_nje_momentum_shkenco_33-600x338.jpg 600w, https:\/\/orthodoxalbania.org\/2020\/wp-content\/uploads\/2025\/12\/konferenca_i_nderkombetare_shqiperia_ne_periudhen_bizantine_nje_momentum_shkenco_33-768x432.jpg 768w, https:\/\/orthodoxalbania.org\/2020\/wp-content\/uploads\/2025\/12\/konferenca_i_nderkombetare_shqiperia_ne_periudhen_bizantine_nje_momentum_shkenco_33-800x450.jpg 800w, https:\/\/orthodoxalbania.org\/2020\/wp-content\/uploads\/2025\/12\/konferenca_i_nderkombetare_shqiperia_ne_periudhen_bizantine_nje_momentum_shkenco_33-1024x576.jpg 1024w, https:\/\/orthodoxalbania.org\/2020\/wp-content\/uploads\/2025\/12\/konferenca_i_nderkombetare_shqiperia_ne_periudhen_bizantine_nje_momentum_shkenco_33-1200x675.jpg 1200w, https:\/\/orthodoxalbania.org\/2020\/wp-content\/uploads\/2025\/12\/konferenca_i_nderkombetare_shqiperia_ne_periudhen_bizantine_nje_momentum_shkenco_33-1536x864.jpg 1536w, https:\/\/orthodoxalbania.org\/2020\/wp-content\/uploads\/2025\/12\/konferenca_i_nderkombetare_shqiperia_ne_periudhen_bizantine_nje_momentum_shkenco_33.jpg 1600w\" data-sizes=\"auto\" data-orig-sizes=\"(max-width: 300px) 100vw, 300px\" \/> <img decoding=\"async\" class=\"lazyload alignnone size-medium wp-image-68810\" src=\"https:\/\/orthodoxalbania.org\/2020\/wp-content\/uploads\/2025\/12\/konferenca_i_nderkombetare_shqiperia_ne_periudhen_bizantine_nje_momentum_shkenco_32-300x200.jpg\" data-orig-src=\"https:\/\/orthodoxalbania.org\/2020\/wp-content\/uploads\/2025\/12\/konferenca_i_nderkombetare_shqiperia_ne_periudhen_bizantine_nje_momentum_shkenco_32-300x200.jpg\" alt=\"\" width=\"300\" height=\"200\" srcset=\"data:image\/svg+xml,%3Csvg%20xmlns%3D%27http%3A%2F%2Fwww.w3.org%2F2000%2Fsvg%27%20width%3D%27300%27%20height%3D%27200%27%20viewBox%3D%270%200%20300%20200%27%3E%3Crect%20width%3D%27300%27%20height%3D%27200%27%20fill-opacity%3D%220%22%2F%3E%3C%2Fsvg%3E\" data-srcset=\"https:\/\/orthodoxalbania.org\/2020\/wp-content\/uploads\/2025\/12\/konferenca_i_nderkombetare_shqiperia_ne_periudhen_bizantine_nje_momentum_shkenco_32-200x133.jpg 200w, https:\/\/orthodoxalbania.org\/2020\/wp-content\/uploads\/2025\/12\/konferenca_i_nderkombetare_shqiperia_ne_periudhen_bizantine_nje_momentum_shkenco_32-300x200.jpg 300w, https:\/\/orthodoxalbania.org\/2020\/wp-content\/uploads\/2025\/12\/konferenca_i_nderkombetare_shqiperia_ne_periudhen_bizantine_nje_momentum_shkenco_32-400x267.jpg 400w, https:\/\/orthodoxalbania.org\/2020\/wp-content\/uploads\/2025\/12\/konferenca_i_nderkombetare_shqiperia_ne_periudhen_bizantine_nje_momentum_shkenco_32-600x400.jpg 600w, https:\/\/orthodoxalbania.org\/2020\/wp-content\/uploads\/2025\/12\/konferenca_i_nderkombetare_shqiperia_ne_periudhen_bizantine_nje_momentum_shkenco_32-768x512.jpg 768w, https:\/\/orthodoxalbania.org\/2020\/wp-content\/uploads\/2025\/12\/konferenca_i_nderkombetare_shqiperia_ne_periudhen_bizantine_nje_momentum_shkenco_32-800x533.jpg 800w, https:\/\/orthodoxalbania.org\/2020\/wp-content\/uploads\/2025\/12\/konferenca_i_nderkombetare_shqiperia_ne_periudhen_bizantine_nje_momentum_shkenco_32-1024x682.jpg 1024w, https:\/\/orthodoxalbania.org\/2020\/wp-content\/uploads\/2025\/12\/konferenca_i_nderkombetare_shqiperia_ne_periudhen_bizantine_nje_momentum_shkenco_32-1200x800.jpg 1200w, https:\/\/orthodoxalbania.org\/2020\/wp-content\/uploads\/2025\/12\/konferenca_i_nderkombetare_shqiperia_ne_periudhen_bizantine_nje_momentum_shkenco_32-1536x1023.jpg 1536w, https:\/\/orthodoxalbania.org\/2020\/wp-content\/uploads\/2025\/12\/konferenca_i_nderkombetare_shqiperia_ne_periudhen_bizantine_nje_momentum_shkenco_32.jpg 1600w\" data-sizes=\"auto\" data-orig-sizes=\"(max-width: 300px) 100vw, 300px\" \/> <img decoding=\"async\" class=\"lazyload alignnone size-medium wp-image-68809\" src=\"https:\/\/orthodoxalbania.org\/2020\/wp-content\/uploads\/2025\/12\/konferenca_i_nderkombetare_shqiperia_ne_periudhen_bizantine_nje_momentum_shkenco_31-300x169.jpg\" data-orig-src=\"https:\/\/orthodoxalbania.org\/2020\/wp-content\/uploads\/2025\/12\/konferenca_i_nderkombetare_shqiperia_ne_periudhen_bizantine_nje_momentum_shkenco_31-300x169.jpg\" alt=\"\" width=\"300\" height=\"169\" srcset=\"data:image\/svg+xml,%3Csvg%20xmlns%3D%27http%3A%2F%2Fwww.w3.org%2F2000%2Fsvg%27%20width%3D%27300%27%20height%3D%27169%27%20viewBox%3D%270%200%20300%20169%27%3E%3Crect%20width%3D%27300%27%20height%3D%27169%27%20fill-opacity%3D%220%22%2F%3E%3C%2Fsvg%3E\" data-srcset=\"https:\/\/orthodoxalbania.org\/2020\/wp-content\/uploads\/2025\/12\/konferenca_i_nderkombetare_shqiperia_ne_periudhen_bizantine_nje_momentum_shkenco_31-200x113.jpg 200w, https:\/\/orthodoxalbania.org\/2020\/wp-content\/uploads\/2025\/12\/konferenca_i_nderkombetare_shqiperia_ne_periudhen_bizantine_nje_momentum_shkenco_31-300x169.jpg 300w, https:\/\/orthodoxalbania.org\/2020\/wp-content\/uploads\/2025\/12\/konferenca_i_nderkombetare_shqiperia_ne_periudhen_bizantine_nje_momentum_shkenco_31-400x225.jpg 400w, https:\/\/orthodoxalbania.org\/2020\/wp-content\/uploads\/2025\/12\/konferenca_i_nderkombetare_shqiperia_ne_periudhen_bizantine_nje_momentum_shkenco_31-600x338.jpg 600w, https:\/\/orthodoxalbania.org\/2020\/wp-content\/uploads\/2025\/12\/konferenca_i_nderkombetare_shqiperia_ne_periudhen_bizantine_nje_momentum_shkenco_31-768x432.jpg 768w, https:\/\/orthodoxalbania.org\/2020\/wp-content\/uploads\/2025\/12\/konferenca_i_nderkombetare_shqiperia_ne_periudhen_bizantine_nje_momentum_shkenco_31-800x450.jpg 800w, https:\/\/orthodoxalbania.org\/2020\/wp-content\/uploads\/2025\/12\/konferenca_i_nderkombetare_shqiperia_ne_periudhen_bizantine_nje_momentum_shkenco_31-1024x576.jpg 1024w, https:\/\/orthodoxalbania.org\/2020\/wp-content\/uploads\/2025\/12\/konferenca_i_nderkombetare_shqiperia_ne_periudhen_bizantine_nje_momentum_shkenco_31-1200x675.jpg 1200w, https:\/\/orthodoxalbania.org\/2020\/wp-content\/uploads\/2025\/12\/konferenca_i_nderkombetare_shqiperia_ne_periudhen_bizantine_nje_momentum_shkenco_31-1536x864.jpg 1536w, https:\/\/orthodoxalbania.org\/2020\/wp-content\/uploads\/2025\/12\/konferenca_i_nderkombetare_shqiperia_ne_periudhen_bizantine_nje_momentum_shkenco_31.jpg 1600w\" data-sizes=\"auto\" data-orig-sizes=\"(max-width: 300px) 100vw, 300px\" \/> <img decoding=\"async\" class=\"lazyload alignnone size-medium wp-image-68808\" src=\"https:\/\/orthodoxalbania.org\/2020\/wp-content\/uploads\/2025\/12\/konferenca_i_nderkombetare_shqiperia_ne_periudhen_bizantine_nje_momentum_shkenco_30-225x300.jpg\" data-orig-src=\"https:\/\/orthodoxalbania.org\/2020\/wp-content\/uploads\/2025\/12\/konferenca_i_nderkombetare_shqiperia_ne_periudhen_bizantine_nje_momentum_shkenco_30-225x300.jpg\" alt=\"\" width=\"225\" height=\"300\" srcset=\"data:image\/svg+xml,%3Csvg%20xmlns%3D%27http%3A%2F%2Fwww.w3.org%2F2000%2Fsvg%27%20width%3D%27225%27%20height%3D%27300%27%20viewBox%3D%270%200%20225%20300%27%3E%3Crect%20width%3D%27225%27%20height%3D%27300%27%20fill-opacity%3D%220%22%2F%3E%3C%2Fsvg%3E\" data-srcset=\"https:\/\/orthodoxalbania.org\/2020\/wp-content\/uploads\/2025\/12\/konferenca_i_nderkombetare_shqiperia_ne_periudhen_bizantine_nje_momentum_shkenco_30-200x267.jpg 200w, https:\/\/orthodoxalbania.org\/2020\/wp-content\/uploads\/2025\/12\/konferenca_i_nderkombetare_shqiperia_ne_periudhen_bizantine_nje_momentum_shkenco_30-225x300.jpg 225w, https:\/\/orthodoxalbania.org\/2020\/wp-content\/uploads\/2025\/12\/konferenca_i_nderkombetare_shqiperia_ne_periudhen_bizantine_nje_momentum_shkenco_30-400x533.jpg 400w, https:\/\/orthodoxalbania.org\/2020\/wp-content\/uploads\/2025\/12\/konferenca_i_nderkombetare_shqiperia_ne_periudhen_bizantine_nje_momentum_shkenco_30-600x800.jpg 600w, https:\/\/orthodoxalbania.org\/2020\/wp-content\/uploads\/2025\/12\/konferenca_i_nderkombetare_shqiperia_ne_periudhen_bizantine_nje_momentum_shkenco_30-768x1024.jpg 768w, https:\/\/orthodoxalbania.org\/2020\/wp-content\/uploads\/2025\/12\/konferenca_i_nderkombetare_shqiperia_ne_periudhen_bizantine_nje_momentum_shkenco_30-800x1067.jpg 800w, https:\/\/orthodoxalbania.org\/2020\/wp-content\/uploads\/2025\/12\/konferenca_i_nderkombetare_shqiperia_ne_periudhen_bizantine_nje_momentum_shkenco_30-1152x1536.jpg 1152w, https:\/\/orthodoxalbania.org\/2020\/wp-content\/uploads\/2025\/12\/konferenca_i_nderkombetare_shqiperia_ne_periudhen_bizantine_nje_momentum_shkenco_30.jpg 1200w\" data-sizes=\"auto\" data-orig-sizes=\"(max-width: 225px) 100vw, 225px\" \/> <img decoding=\"async\" class=\"lazyload alignnone size-medium wp-image-68807\" src=\"https:\/\/orthodoxalbania.org\/2020\/wp-content\/uploads\/2025\/12\/konferenca_i_nderkombetare_shqiperia_ne_periudhen_bizantine_nje_momentum_shkenco_29-300x200.jpg\" data-orig-src=\"https:\/\/orthodoxalbania.org\/2020\/wp-content\/uploads\/2025\/12\/konferenca_i_nderkombetare_shqiperia_ne_periudhen_bizantine_nje_momentum_shkenco_29-300x200.jpg\" alt=\"\" width=\"300\" height=\"200\" srcset=\"data:image\/svg+xml,%3Csvg%20xmlns%3D%27http%3A%2F%2Fwww.w3.org%2F2000%2Fsvg%27%20width%3D%27300%27%20height%3D%27200%27%20viewBox%3D%270%200%20300%20200%27%3E%3Crect%20width%3D%27300%27%20height%3D%27200%27%20fill-opacity%3D%220%22%2F%3E%3C%2Fsvg%3E\" data-srcset=\"https:\/\/orthodoxalbania.org\/2020\/wp-content\/uploads\/2025\/12\/konferenca_i_nderkombetare_shqiperia_ne_periudhen_bizantine_nje_momentum_shkenco_29-200x133.jpg 200w, https:\/\/orthodoxalbania.org\/2020\/wp-content\/uploads\/2025\/12\/konferenca_i_nderkombetare_shqiperia_ne_periudhen_bizantine_nje_momentum_shkenco_29-300x200.jpg 300w, https:\/\/orthodoxalbania.org\/2020\/wp-content\/uploads\/2025\/12\/konferenca_i_nderkombetare_shqiperia_ne_periudhen_bizantine_nje_momentum_shkenco_29-400x267.jpg 400w, https:\/\/orthodoxalbania.org\/2020\/wp-content\/uploads\/2025\/12\/konferenca_i_nderkombetare_shqiperia_ne_periudhen_bizantine_nje_momentum_shkenco_29-600x400.jpg 600w, https:\/\/orthodoxalbania.org\/2020\/wp-content\/uploads\/2025\/12\/konferenca_i_nderkombetare_shqiperia_ne_periudhen_bizantine_nje_momentum_shkenco_29-768x512.jpg 768w, https:\/\/orthodoxalbania.org\/2020\/wp-content\/uploads\/2025\/12\/konferenca_i_nderkombetare_shqiperia_ne_periudhen_bizantine_nje_momentum_shkenco_29-800x533.jpg 800w, https:\/\/orthodoxalbania.org\/2020\/wp-content\/uploads\/2025\/12\/konferenca_i_nderkombetare_shqiperia_ne_periudhen_bizantine_nje_momentum_shkenco_29-1024x682.jpg 1024w, https:\/\/orthodoxalbania.org\/2020\/wp-content\/uploads\/2025\/12\/konferenca_i_nderkombetare_shqiperia_ne_periudhen_bizantine_nje_momentum_shkenco_29-1200x800.jpg 1200w, https:\/\/orthodoxalbania.org\/2020\/wp-content\/uploads\/2025\/12\/konferenca_i_nderkombetare_shqiperia_ne_periudhen_bizantine_nje_momentum_shkenco_29-1536x1023.jpg 1536w, https:\/\/orthodoxalbania.org\/2020\/wp-content\/uploads\/2025\/12\/konferenca_i_nderkombetare_shqiperia_ne_periudhen_bizantine_nje_momentum_shkenco_29.jpg 1600w\" data-sizes=\"auto\" data-orig-sizes=\"(max-width: 300px) 100vw, 300px\" \/> <img decoding=\"async\" class=\"lazyload alignnone size-medium wp-image-68806\" src=\"https:\/\/orthodoxalbania.org\/2020\/wp-content\/uploads\/2025\/12\/konferenca_i_nderkombetare_shqiperia_ne_periudhen_bizantine_nje_momentum_shkenco_28-300x169.jpg\" data-orig-src=\"https:\/\/orthodoxalbania.org\/2020\/wp-content\/uploads\/2025\/12\/konferenca_i_nderkombetare_shqiperia_ne_periudhen_bizantine_nje_momentum_shkenco_28-300x169.jpg\" alt=\"\" width=\"300\" height=\"169\" srcset=\"data:image\/svg+xml,%3Csvg%20xmlns%3D%27http%3A%2F%2Fwww.w3.org%2F2000%2Fsvg%27%20width%3D%27300%27%20height%3D%27169%27%20viewBox%3D%270%200%20300%20169%27%3E%3Crect%20width%3D%27300%27%20height%3D%27169%27%20fill-opacity%3D%220%22%2F%3E%3C%2Fsvg%3E\" data-srcset=\"https:\/\/orthodoxalbania.org\/2020\/wp-content\/uploads\/2025\/12\/konferenca_i_nderkombetare_shqiperia_ne_periudhen_bizantine_nje_momentum_shkenco_28-200x113.jpg 200w, https:\/\/orthodoxalbania.org\/2020\/wp-content\/uploads\/2025\/12\/konferenca_i_nderkombetare_shqiperia_ne_periudhen_bizantine_nje_momentum_shkenco_28-300x169.jpg 300w, https:\/\/orthodoxalbania.org\/2020\/wp-content\/uploads\/2025\/12\/konferenca_i_nderkombetare_shqiperia_ne_periudhen_bizantine_nje_momentum_shkenco_28-400x225.jpg 400w, https:\/\/orthodoxalbania.org\/2020\/wp-content\/uploads\/2025\/12\/konferenca_i_nderkombetare_shqiperia_ne_periudhen_bizantine_nje_momentum_shkenco_28-600x338.jpg 600w, https:\/\/orthodoxalbania.org\/2020\/wp-content\/uploads\/2025\/12\/konferenca_i_nderkombetare_shqiperia_ne_periudhen_bizantine_nje_momentum_shkenco_28-768x432.jpg 768w, https:\/\/orthodoxalbania.org\/2020\/wp-content\/uploads\/2025\/12\/konferenca_i_nderkombetare_shqiperia_ne_periudhen_bizantine_nje_momentum_shkenco_28-800x450.jpg 800w, https:\/\/orthodoxalbania.org\/2020\/wp-content\/uploads\/2025\/12\/konferenca_i_nderkombetare_shqiperia_ne_periudhen_bizantine_nje_momentum_shkenco_28-1024x576.jpg 1024w, https:\/\/orthodoxalbania.org\/2020\/wp-content\/uploads\/2025\/12\/konferenca_i_nderkombetare_shqiperia_ne_periudhen_bizantine_nje_momentum_shkenco_28-1200x675.jpg 1200w, https:\/\/orthodoxalbania.org\/2020\/wp-content\/uploads\/2025\/12\/konferenca_i_nderkombetare_shqiperia_ne_periudhen_bizantine_nje_momentum_shkenco_28-1536x864.jpg 1536w, https:\/\/orthodoxalbania.org\/2020\/wp-content\/uploads\/2025\/12\/konferenca_i_nderkombetare_shqiperia_ne_periudhen_bizantine_nje_momentum_shkenco_28.jpg 1600w\" data-sizes=\"auto\" data-orig-sizes=\"(max-width: 300px) 100vw, 300px\" \/> <img decoding=\"async\" class=\"lazyload alignnone size-medium wp-image-68805\" src=\"https:\/\/orthodoxalbania.org\/2020\/wp-content\/uploads\/2025\/12\/konferenca_i_nderkombetare_shqiperia_ne_periudhen_bizantine_nje_momentum_shkenco_27-300x139.jpg\" data-orig-src=\"https:\/\/orthodoxalbania.org\/2020\/wp-content\/uploads\/2025\/12\/konferenca_i_nderkombetare_shqiperia_ne_periudhen_bizantine_nje_momentum_shkenco_27-300x139.jpg\" alt=\"\" width=\"300\" height=\"139\" srcset=\"data:image\/svg+xml,%3Csvg%20xmlns%3D%27http%3A%2F%2Fwww.w3.org%2F2000%2Fsvg%27%20width%3D%27300%27%20height%3D%27139%27%20viewBox%3D%270%200%20300%20139%27%3E%3Crect%20width%3D%27300%27%20height%3D%27139%27%20fill-opacity%3D%220%22%2F%3E%3C%2Fsvg%3E\" data-srcset=\"https:\/\/orthodoxalbania.org\/2020\/wp-content\/uploads\/2025\/12\/konferenca_i_nderkombetare_shqiperia_ne_periudhen_bizantine_nje_momentum_shkenco_27-200x93.jpg 200w, https:\/\/orthodoxalbania.org\/2020\/wp-content\/uploads\/2025\/12\/konferenca_i_nderkombetare_shqiperia_ne_periudhen_bizantine_nje_momentum_shkenco_27-300x139.jpg 300w, https:\/\/orthodoxalbania.org\/2020\/wp-content\/uploads\/2025\/12\/konferenca_i_nderkombetare_shqiperia_ne_periudhen_bizantine_nje_momentum_shkenco_27-400x185.jpg 400w, https:\/\/orthodoxalbania.org\/2020\/wp-content\/uploads\/2025\/12\/konferenca_i_nderkombetare_shqiperia_ne_periudhen_bizantine_nje_momentum_shkenco_27-600x278.jpg 600w, https:\/\/orthodoxalbania.org\/2020\/wp-content\/uploads\/2025\/12\/konferenca_i_nderkombetare_shqiperia_ne_periudhen_bizantine_nje_momentum_shkenco_27-768x355.jpg 768w, https:\/\/orthodoxalbania.org\/2020\/wp-content\/uploads\/2025\/12\/konferenca_i_nderkombetare_shqiperia_ne_periudhen_bizantine_nje_momentum_shkenco_27-800x370.jpg 800w, https:\/\/orthodoxalbania.org\/2020\/wp-content\/uploads\/2025\/12\/konferenca_i_nderkombetare_shqiperia_ne_periudhen_bizantine_nje_momentum_shkenco_27-1024x474.jpg 1024w, https:\/\/orthodoxalbania.org\/2020\/wp-content\/uploads\/2025\/12\/konferenca_i_nderkombetare_shqiperia_ne_periudhen_bizantine_nje_momentum_shkenco_27-1200x555.jpg 1200w, https:\/\/orthodoxalbania.org\/2020\/wp-content\/uploads\/2025\/12\/konferenca_i_nderkombetare_shqiperia_ne_periudhen_bizantine_nje_momentum_shkenco_27-1536x710.jpg 1536w, https:\/\/orthodoxalbania.org\/2020\/wp-content\/uploads\/2025\/12\/konferenca_i_nderkombetare_shqiperia_ne_periudhen_bizantine_nje_momentum_shkenco_27.jpg 1600w\" data-sizes=\"auto\" data-orig-sizes=\"(max-width: 300px) 100vw, 300px\" \/> <img decoding=\"async\" class=\"lazyload alignnone size-medium wp-image-68804\" src=\"https:\/\/orthodoxalbania.org\/2020\/wp-content\/uploads\/2025\/12\/konferenca_i_nderkombetare_shqiperia_ne_periudhen_bizantine_nje_momentum_shkenco_26-300x169.jpg\" data-orig-src=\"https:\/\/orthodoxalbania.org\/2020\/wp-content\/uploads\/2025\/12\/konferenca_i_nderkombetare_shqiperia_ne_periudhen_bizantine_nje_momentum_shkenco_26-300x169.jpg\" alt=\"\" width=\"300\" height=\"169\" srcset=\"data:image\/svg+xml,%3Csvg%20xmlns%3D%27http%3A%2F%2Fwww.w3.org%2F2000%2Fsvg%27%20width%3D%27300%27%20height%3D%27169%27%20viewBox%3D%270%200%20300%20169%27%3E%3Crect%20width%3D%27300%27%20height%3D%27169%27%20fill-opacity%3D%220%22%2F%3E%3C%2Fsvg%3E\" data-srcset=\"https:\/\/orthodoxalbania.org\/2020\/wp-content\/uploads\/2025\/12\/konferenca_i_nderkombetare_shqiperia_ne_periudhen_bizantine_nje_momentum_shkenco_26-200x113.jpg 200w, https:\/\/orthodoxalbania.org\/2020\/wp-content\/uploads\/2025\/12\/konferenca_i_nderkombetare_shqiperia_ne_periudhen_bizantine_nje_momentum_shkenco_26-300x169.jpg 300w, https:\/\/orthodoxalbania.org\/2020\/wp-content\/uploads\/2025\/12\/konferenca_i_nderkombetare_shqiperia_ne_periudhen_bizantine_nje_momentum_shkenco_26-400x225.jpg 400w, https:\/\/orthodoxalbania.org\/2020\/wp-content\/uploads\/2025\/12\/konferenca_i_nderkombetare_shqiperia_ne_periudhen_bizantine_nje_momentum_shkenco_26-600x338.jpg 600w, https:\/\/orthodoxalbania.org\/2020\/wp-content\/uploads\/2025\/12\/konferenca_i_nderkombetare_shqiperia_ne_periudhen_bizantine_nje_momentum_shkenco_26-768x432.jpg 768w, https:\/\/orthodoxalbania.org\/2020\/wp-content\/uploads\/2025\/12\/konferenca_i_nderkombetare_shqiperia_ne_periudhen_bizantine_nje_momentum_shkenco_26-800x450.jpg 800w, https:\/\/orthodoxalbania.org\/2020\/wp-content\/uploads\/2025\/12\/konferenca_i_nderkombetare_shqiperia_ne_periudhen_bizantine_nje_momentum_shkenco_26-1024x576.jpg 1024w, https:\/\/orthodoxalbania.org\/2020\/wp-content\/uploads\/2025\/12\/konferenca_i_nderkombetare_shqiperia_ne_periudhen_bizantine_nje_momentum_shkenco_26-1200x675.jpg 1200w, https:\/\/orthodoxalbania.org\/2020\/wp-content\/uploads\/2025\/12\/konferenca_i_nderkombetare_shqiperia_ne_periudhen_bizantine_nje_momentum_shkenco_26-1536x864.jpg 1536w, https:\/\/orthodoxalbania.org\/2020\/wp-content\/uploads\/2025\/12\/konferenca_i_nderkombetare_shqiperia_ne_periudhen_bizantine_nje_momentum_shkenco_26.jpg 1600w\" data-sizes=\"auto\" data-orig-sizes=\"(max-width: 300px) 100vw, 300px\" \/> <img decoding=\"async\" class=\"lazyload alignnone size-medium wp-image-68803\" src=\"https:\/\/orthodoxalbania.org\/2020\/wp-content\/uploads\/2025\/12\/konferenca_i_nderkombetare_shqiperia_ne_periudhen_bizantine_nje_momentum_shkenco_25-300x200.jpg\" data-orig-src=\"https:\/\/orthodoxalbania.org\/2020\/wp-content\/uploads\/2025\/12\/konferenca_i_nderkombetare_shqiperia_ne_periudhen_bizantine_nje_momentum_shkenco_25-300x200.jpg\" alt=\"\" width=\"300\" height=\"200\" srcset=\"data:image\/svg+xml,%3Csvg%20xmlns%3D%27http%3A%2F%2Fwww.w3.org%2F2000%2Fsvg%27%20width%3D%27300%27%20height%3D%27200%27%20viewBox%3D%270%200%20300%20200%27%3E%3Crect%20width%3D%27300%27%20height%3D%27200%27%20fill-opacity%3D%220%22%2F%3E%3C%2Fsvg%3E\" data-srcset=\"https:\/\/orthodoxalbania.org\/2020\/wp-content\/uploads\/2025\/12\/konferenca_i_nderkombetare_shqiperia_ne_periudhen_bizantine_nje_momentum_shkenco_25-200x133.jpg 200w, https:\/\/orthodoxalbania.org\/2020\/wp-content\/uploads\/2025\/12\/konferenca_i_nderkombetare_shqiperia_ne_periudhen_bizantine_nje_momentum_shkenco_25-300x200.jpg 300w, https:\/\/orthodoxalbania.org\/2020\/wp-content\/uploads\/2025\/12\/konferenca_i_nderkombetare_shqiperia_ne_periudhen_bizantine_nje_momentum_shkenco_25-400x267.jpg 400w, https:\/\/orthodoxalbania.org\/2020\/wp-content\/uploads\/2025\/12\/konferenca_i_nderkombetare_shqiperia_ne_periudhen_bizantine_nje_momentum_shkenco_25-600x400.jpg 600w, https:\/\/orthodoxalbania.org\/2020\/wp-content\/uploads\/2025\/12\/konferenca_i_nderkombetare_shqiperia_ne_periudhen_bizantine_nje_momentum_shkenco_25-768x512.jpg 768w, https:\/\/orthodoxalbania.org\/2020\/wp-content\/uploads\/2025\/12\/konferenca_i_nderkombetare_shqiperia_ne_periudhen_bizantine_nje_momentum_shkenco_25-800x533.jpg 800w, https:\/\/orthodoxalbania.org\/2020\/wp-content\/uploads\/2025\/12\/konferenca_i_nderkombetare_shqiperia_ne_periudhen_bizantine_nje_momentum_shkenco_25-1024x682.jpg 1024w, https:\/\/orthodoxalbania.org\/2020\/wp-content\/uploads\/2025\/12\/konferenca_i_nderkombetare_shqiperia_ne_periudhen_bizantine_nje_momentum_shkenco_25-1200x800.jpg 1200w, https:\/\/orthodoxalbania.org\/2020\/wp-content\/uploads\/2025\/12\/konferenca_i_nderkombetare_shqiperia_ne_periudhen_bizantine_nje_momentum_shkenco_25-1536x1023.jpg 1536w, https:\/\/orthodoxalbania.org\/2020\/wp-content\/uploads\/2025\/12\/konferenca_i_nderkombetare_shqiperia_ne_periudhen_bizantine_nje_momentum_shkenco_25.jpg 1600w\" data-sizes=\"auto\" data-orig-sizes=\"(max-width: 300px) 100vw, 300px\" \/> <img decoding=\"async\" class=\"lazyload alignnone size-medium wp-image-68802\" src=\"https:\/\/orthodoxalbania.org\/2020\/wp-content\/uploads\/2025\/12\/konferenca_i_nderkombetare_shqiperia_ne_periudhen_bizantine_nje_momentum_shkenco_24-300x225.jpg\" data-orig-src=\"https:\/\/orthodoxalbania.org\/2020\/wp-content\/uploads\/2025\/12\/konferenca_i_nderkombetare_shqiperia_ne_periudhen_bizantine_nje_momentum_shkenco_24-300x225.jpg\" alt=\"\" width=\"300\" height=\"225\" srcset=\"data:image\/svg+xml,%3Csvg%20xmlns%3D%27http%3A%2F%2Fwww.w3.org%2F2000%2Fsvg%27%20width%3D%27300%27%20height%3D%27225%27%20viewBox%3D%270%200%20300%20225%27%3E%3Crect%20width%3D%27300%27%20height%3D%27225%27%20fill-opacity%3D%220%22%2F%3E%3C%2Fsvg%3E\" data-srcset=\"https:\/\/orthodoxalbania.org\/2020\/wp-content\/uploads\/2025\/12\/konferenca_i_nderkombetare_shqiperia_ne_periudhen_bizantine_nje_momentum_shkenco_24-200x150.jpg 200w, https:\/\/orthodoxalbania.org\/2020\/wp-content\/uploads\/2025\/12\/konferenca_i_nderkombetare_shqiperia_ne_periudhen_bizantine_nje_momentum_shkenco_24-300x225.jpg 300w, https:\/\/orthodoxalbania.org\/2020\/wp-content\/uploads\/2025\/12\/konferenca_i_nderkombetare_shqiperia_ne_periudhen_bizantine_nje_momentum_shkenco_24-400x300.jpg 400w, https:\/\/orthodoxalbania.org\/2020\/wp-content\/uploads\/2025\/12\/konferenca_i_nderkombetare_shqiperia_ne_periudhen_bizantine_nje_momentum_shkenco_24-600x450.jpg 600w, https:\/\/orthodoxalbania.org\/2020\/wp-content\/uploads\/2025\/12\/konferenca_i_nderkombetare_shqiperia_ne_periudhen_bizantine_nje_momentum_shkenco_24-768x576.jpg 768w, https:\/\/orthodoxalbania.org\/2020\/wp-content\/uploads\/2025\/12\/konferenca_i_nderkombetare_shqiperia_ne_periudhen_bizantine_nje_momentum_shkenco_24-800x600.jpg 800w, https:\/\/orthodoxalbania.org\/2020\/wp-content\/uploads\/2025\/12\/konferenca_i_nderkombetare_shqiperia_ne_periudhen_bizantine_nje_momentum_shkenco_24-1024x768.jpg 1024w, https:\/\/orthodoxalbania.org\/2020\/wp-content\/uploads\/2025\/12\/konferenca_i_nderkombetare_shqiperia_ne_periudhen_bizantine_nje_momentum_shkenco_24-1200x900.jpg 1200w, https:\/\/orthodoxalbania.org\/2020\/wp-content\/uploads\/2025\/12\/konferenca_i_nderkombetare_shqiperia_ne_periudhen_bizantine_nje_momentum_shkenco_24-1536x1152.jpg 1536w, https:\/\/orthodoxalbania.org\/2020\/wp-content\/uploads\/2025\/12\/konferenca_i_nderkombetare_shqiperia_ne_periudhen_bizantine_nje_momentum_shkenco_24.jpg 1600w\" data-sizes=\"auto\" data-orig-sizes=\"(max-width: 300px) 100vw, 300px\" \/> <img decoding=\"async\" class=\"lazyload alignnone size-medium wp-image-68801\" src=\"https:\/\/orthodoxalbania.org\/2020\/wp-content\/uploads\/2025\/12\/konferenca_i_nderkombetare_shqiperia_ne_periudhen_bizantine_nje_momentum_shkenco_23-300x200.jpg\" data-orig-src=\"https:\/\/orthodoxalbania.org\/2020\/wp-content\/uploads\/2025\/12\/konferenca_i_nderkombetare_shqiperia_ne_periudhen_bizantine_nje_momentum_shkenco_23-300x200.jpg\" alt=\"\" width=\"300\" height=\"200\" srcset=\"data:image\/svg+xml,%3Csvg%20xmlns%3D%27http%3A%2F%2Fwww.w3.org%2F2000%2Fsvg%27%20width%3D%27300%27%20height%3D%27200%27%20viewBox%3D%270%200%20300%20200%27%3E%3Crect%20width%3D%27300%27%20height%3D%27200%27%20fill-opacity%3D%220%22%2F%3E%3C%2Fsvg%3E\" data-srcset=\"https:\/\/orthodoxalbania.org\/2020\/wp-content\/uploads\/2025\/12\/konferenca_i_nderkombetare_shqiperia_ne_periudhen_bizantine_nje_momentum_shkenco_23-200x133.jpg 200w, https:\/\/orthodoxalbania.org\/2020\/wp-content\/uploads\/2025\/12\/konferenca_i_nderkombetare_shqiperia_ne_periudhen_bizantine_nje_momentum_shkenco_23-300x200.jpg 300w, https:\/\/orthodoxalbania.org\/2020\/wp-content\/uploads\/2025\/12\/konferenca_i_nderkombetare_shqiperia_ne_periudhen_bizantine_nje_momentum_shkenco_23-400x267.jpg 400w, https:\/\/orthodoxalbania.org\/2020\/wp-content\/uploads\/2025\/12\/konferenca_i_nderkombetare_shqiperia_ne_periudhen_bizantine_nje_momentum_shkenco_23-600x400.jpg 600w, https:\/\/orthodoxalbania.org\/2020\/wp-content\/uploads\/2025\/12\/konferenca_i_nderkombetare_shqiperia_ne_periudhen_bizantine_nje_momentum_shkenco_23-768x512.jpg 768w, https:\/\/orthodoxalbania.org\/2020\/wp-content\/uploads\/2025\/12\/konferenca_i_nderkombetare_shqiperia_ne_periudhen_bizantine_nje_momentum_shkenco_23-800x533.jpg 800w, https:\/\/orthodoxalbania.org\/2020\/wp-content\/uploads\/2025\/12\/konferenca_i_nderkombetare_shqiperia_ne_periudhen_bizantine_nje_momentum_shkenco_23-1024x682.jpg 1024w, https:\/\/orthodoxalbania.org\/2020\/wp-content\/uploads\/2025\/12\/konferenca_i_nderkombetare_shqiperia_ne_periudhen_bizantine_nje_momentum_shkenco_23-1200x800.jpg 1200w, https:\/\/orthodoxalbania.org\/2020\/wp-content\/uploads\/2025\/12\/konferenca_i_nderkombetare_shqiperia_ne_periudhen_bizantine_nje_momentum_shkenco_23-1536x1023.jpg 1536w, https:\/\/orthodoxalbania.org\/2020\/wp-content\/uploads\/2025\/12\/konferenca_i_nderkombetare_shqiperia_ne_periudhen_bizantine_nje_momentum_shkenco_23.jpg 1600w\" data-sizes=\"auto\" data-orig-sizes=\"(max-width: 300px) 100vw, 300px\" \/> <img decoding=\"async\" class=\"lazyload alignnone size-medium wp-image-68800\" src=\"https:\/\/orthodoxalbania.org\/2020\/wp-content\/uploads\/2025\/12\/konferenca_i_nderkombetare_shqiperia_ne_periudhen_bizantine_nje_momentum_shkenco_22-300x200.jpg\" data-orig-src=\"https:\/\/orthodoxalbania.org\/2020\/wp-content\/uploads\/2025\/12\/konferenca_i_nderkombetare_shqiperia_ne_periudhen_bizantine_nje_momentum_shkenco_22-300x200.jpg\" alt=\"\" width=\"300\" height=\"200\" srcset=\"data:image\/svg+xml,%3Csvg%20xmlns%3D%27http%3A%2F%2Fwww.w3.org%2F2000%2Fsvg%27%20width%3D%27300%27%20height%3D%27200%27%20viewBox%3D%270%200%20300%20200%27%3E%3Crect%20width%3D%27300%27%20height%3D%27200%27%20fill-opacity%3D%220%22%2F%3E%3C%2Fsvg%3E\" data-srcset=\"https:\/\/orthodoxalbania.org\/2020\/wp-content\/uploads\/2025\/12\/konferenca_i_nderkombetare_shqiperia_ne_periudhen_bizantine_nje_momentum_shkenco_22-200x133.jpg 200w, https:\/\/orthodoxalbania.org\/2020\/wp-content\/uploads\/2025\/12\/konferenca_i_nderkombetare_shqiperia_ne_periudhen_bizantine_nje_momentum_shkenco_22-300x200.jpg 300w, https:\/\/orthodoxalbania.org\/2020\/wp-content\/uploads\/2025\/12\/konferenca_i_nderkombetare_shqiperia_ne_periudhen_bizantine_nje_momentum_shkenco_22-400x267.jpg 400w, https:\/\/orthodoxalbania.org\/2020\/wp-content\/uploads\/2025\/12\/konferenca_i_nderkombetare_shqiperia_ne_periudhen_bizantine_nje_momentum_shkenco_22-600x400.jpg 600w, https:\/\/orthodoxalbania.org\/2020\/wp-content\/uploads\/2025\/12\/konferenca_i_nderkombetare_shqiperia_ne_periudhen_bizantine_nje_momentum_shkenco_22-768x512.jpg 768w, https:\/\/orthodoxalbania.org\/2020\/wp-content\/uploads\/2025\/12\/konferenca_i_nderkombetare_shqiperia_ne_periudhen_bizantine_nje_momentum_shkenco_22-800x533.jpg 800w, https:\/\/orthodoxalbania.org\/2020\/wp-content\/uploads\/2025\/12\/konferenca_i_nderkombetare_shqiperia_ne_periudhen_bizantine_nje_momentum_shkenco_22-1024x682.jpg 1024w, https:\/\/orthodoxalbania.org\/2020\/wp-content\/uploads\/2025\/12\/konferenca_i_nderkombetare_shqiperia_ne_periudhen_bizantine_nje_momentum_shkenco_22-1200x800.jpg 1200w, https:\/\/orthodoxalbania.org\/2020\/wp-content\/uploads\/2025\/12\/konferenca_i_nderkombetare_shqiperia_ne_periudhen_bizantine_nje_momentum_shkenco_22-1536x1023.jpg 1536w, https:\/\/orthodoxalbania.org\/2020\/wp-content\/uploads\/2025\/12\/konferenca_i_nderkombetare_shqiperia_ne_periudhen_bizantine_nje_momentum_shkenco_22.jpg 1600w\" data-sizes=\"auto\" data-orig-sizes=\"(max-width: 300px) 100vw, 300px\" \/> <img decoding=\"async\" class=\"lazyload alignnone size-medium wp-image-68799\" src=\"https:\/\/orthodoxalbania.org\/2020\/wp-content\/uploads\/2025\/12\/konferenca_i_nderkombetare_shqiperia_ne_periudhen_bizantine_nje_momentum_shkenco_21-300x200.jpg\" data-orig-src=\"https:\/\/orthodoxalbania.org\/2020\/wp-content\/uploads\/2025\/12\/konferenca_i_nderkombetare_shqiperia_ne_periudhen_bizantine_nje_momentum_shkenco_21-300x200.jpg\" alt=\"\" width=\"300\" height=\"200\" srcset=\"data:image\/svg+xml,%3Csvg%20xmlns%3D%27http%3A%2F%2Fwww.w3.org%2F2000%2Fsvg%27%20width%3D%27300%27%20height%3D%27200%27%20viewBox%3D%270%200%20300%20200%27%3E%3Crect%20width%3D%27300%27%20height%3D%27200%27%20fill-opacity%3D%220%22%2F%3E%3C%2Fsvg%3E\" data-srcset=\"https:\/\/orthodoxalbania.org\/2020\/wp-content\/uploads\/2025\/12\/konferenca_i_nderkombetare_shqiperia_ne_periudhen_bizantine_nje_momentum_shkenco_21-200x133.jpg 200w, https:\/\/orthodoxalbania.org\/2020\/wp-content\/uploads\/2025\/12\/konferenca_i_nderkombetare_shqiperia_ne_periudhen_bizantine_nje_momentum_shkenco_21-300x200.jpg 300w, https:\/\/orthodoxalbania.org\/2020\/wp-content\/uploads\/2025\/12\/konferenca_i_nderkombetare_shqiperia_ne_periudhen_bizantine_nje_momentum_shkenco_21-400x267.jpg 400w, https:\/\/orthodoxalbania.org\/2020\/wp-content\/uploads\/2025\/12\/konferenca_i_nderkombetare_shqiperia_ne_periudhen_bizantine_nje_momentum_shkenco_21-600x400.jpg 600w, https:\/\/orthodoxalbania.org\/2020\/wp-content\/uploads\/2025\/12\/konferenca_i_nderkombetare_shqiperia_ne_periudhen_bizantine_nje_momentum_shkenco_21-768x512.jpg 768w, https:\/\/orthodoxalbania.org\/2020\/wp-content\/uploads\/2025\/12\/konferenca_i_nderkombetare_shqiperia_ne_periudhen_bizantine_nje_momentum_shkenco_21-800x533.jpg 800w, https:\/\/orthodoxalbania.org\/2020\/wp-content\/uploads\/2025\/12\/konferenca_i_nderkombetare_shqiperia_ne_periudhen_bizantine_nje_momentum_shkenco_21-1024x682.jpg 1024w, https:\/\/orthodoxalbania.org\/2020\/wp-content\/uploads\/2025\/12\/konferenca_i_nderkombetare_shqiperia_ne_periudhen_bizantine_nje_momentum_shkenco_21-1200x800.jpg 1200w, https:\/\/orthodoxalbania.org\/2020\/wp-content\/uploads\/2025\/12\/konferenca_i_nderkombetare_shqiperia_ne_periudhen_bizantine_nje_momentum_shkenco_21-1536x1023.jpg 1536w, https:\/\/orthodoxalbania.org\/2020\/wp-content\/uploads\/2025\/12\/konferenca_i_nderkombetare_shqiperia_ne_periudhen_bizantine_nje_momentum_shkenco_21.jpg 1600w\" data-sizes=\"auto\" data-orig-sizes=\"(max-width: 300px) 100vw, 300px\" \/> <img decoding=\"async\" class=\"lazyload alignnone size-medium wp-image-68798\" src=\"https:\/\/orthodoxalbania.org\/2020\/wp-content\/uploads\/2025\/12\/konferenca_i_nderkombetare_shqiperia_ne_periudhen_bizantine_nje_momentum_shkenco_20-300x200.jpg\" data-orig-src=\"https:\/\/orthodoxalbania.org\/2020\/wp-content\/uploads\/2025\/12\/konferenca_i_nderkombetare_shqiperia_ne_periudhen_bizantine_nje_momentum_shkenco_20-300x200.jpg\" alt=\"\" width=\"300\" height=\"200\" srcset=\"data:image\/svg+xml,%3Csvg%20xmlns%3D%27http%3A%2F%2Fwww.w3.org%2F2000%2Fsvg%27%20width%3D%27300%27%20height%3D%27200%27%20viewBox%3D%270%200%20300%20200%27%3E%3Crect%20width%3D%27300%27%20height%3D%27200%27%20fill-opacity%3D%220%22%2F%3E%3C%2Fsvg%3E\" data-srcset=\"https:\/\/orthodoxalbania.org\/2020\/wp-content\/uploads\/2025\/12\/konferenca_i_nderkombetare_shqiperia_ne_periudhen_bizantine_nje_momentum_shkenco_20-200x133.jpg 200w, https:\/\/orthodoxalbania.org\/2020\/wp-content\/uploads\/2025\/12\/konferenca_i_nderkombetare_shqiperia_ne_periudhen_bizantine_nje_momentum_shkenco_20-300x200.jpg 300w, https:\/\/orthodoxalbania.org\/2020\/wp-content\/uploads\/2025\/12\/konferenca_i_nderkombetare_shqiperia_ne_periudhen_bizantine_nje_momentum_shkenco_20-400x267.jpg 400w, https:\/\/orthodoxalbania.org\/2020\/wp-content\/uploads\/2025\/12\/konferenca_i_nderkombetare_shqiperia_ne_periudhen_bizantine_nje_momentum_shkenco_20-600x400.jpg 600w, https:\/\/orthodoxalbania.org\/2020\/wp-content\/uploads\/2025\/12\/konferenca_i_nderkombetare_shqiperia_ne_periudhen_bizantine_nje_momentum_shkenco_20-768x512.jpg 768w, https:\/\/orthodoxalbania.org\/2020\/wp-content\/uploads\/2025\/12\/konferenca_i_nderkombetare_shqiperia_ne_periudhen_bizantine_nje_momentum_shkenco_20-800x533.jpg 800w, https:\/\/orthodoxalbania.org\/2020\/wp-content\/uploads\/2025\/12\/konferenca_i_nderkombetare_shqiperia_ne_periudhen_bizantine_nje_momentum_shkenco_20-1024x682.jpg 1024w, https:\/\/orthodoxalbania.org\/2020\/wp-content\/uploads\/2025\/12\/konferenca_i_nderkombetare_shqiperia_ne_periudhen_bizantine_nje_momentum_shkenco_20-1200x800.jpg 1200w, https:\/\/orthodoxalbania.org\/2020\/wp-content\/uploads\/2025\/12\/konferenca_i_nderkombetare_shqiperia_ne_periudhen_bizantine_nje_momentum_shkenco_20-1536x1023.jpg 1536w, https:\/\/orthodoxalbania.org\/2020\/wp-content\/uploads\/2025\/12\/konferenca_i_nderkombetare_shqiperia_ne_periudhen_bizantine_nje_momentum_shkenco_20.jpg 1600w\" data-sizes=\"auto\" data-orig-sizes=\"(max-width: 300px) 100vw, 300px\" \/> <img decoding=\"async\" class=\"lazyload alignnone size-medium wp-image-68797\" src=\"https:\/\/orthodoxalbania.org\/2020\/wp-content\/uploads\/2025\/12\/konferenca_i_nderkombetare_shqiperia_ne_periudhen_bizantine_nje_momentum_shkenco_19-300x200.jpg\" data-orig-src=\"https:\/\/orthodoxalbania.org\/2020\/wp-content\/uploads\/2025\/12\/konferenca_i_nderkombetare_shqiperia_ne_periudhen_bizantine_nje_momentum_shkenco_19-300x200.jpg\" alt=\"\" width=\"300\" height=\"200\" srcset=\"data:image\/svg+xml,%3Csvg%20xmlns%3D%27http%3A%2F%2Fwww.w3.org%2F2000%2Fsvg%27%20width%3D%27300%27%20height%3D%27200%27%20viewBox%3D%270%200%20300%20200%27%3E%3Crect%20width%3D%27300%27%20height%3D%27200%27%20fill-opacity%3D%220%22%2F%3E%3C%2Fsvg%3E\" data-srcset=\"https:\/\/orthodoxalbania.org\/2020\/wp-content\/uploads\/2025\/12\/konferenca_i_nderkombetare_shqiperia_ne_periudhen_bizantine_nje_momentum_shkenco_19-200x133.jpg 200w, https:\/\/orthodoxalbania.org\/2020\/wp-content\/uploads\/2025\/12\/konferenca_i_nderkombetare_shqiperia_ne_periudhen_bizantine_nje_momentum_shkenco_19-300x200.jpg 300w, https:\/\/orthodoxalbania.org\/2020\/wp-content\/uploads\/2025\/12\/konferenca_i_nderkombetare_shqiperia_ne_periudhen_bizantine_nje_momentum_shkenco_19-400x267.jpg 400w, https:\/\/orthodoxalbania.org\/2020\/wp-content\/uploads\/2025\/12\/konferenca_i_nderkombetare_shqiperia_ne_periudhen_bizantine_nje_momentum_shkenco_19-600x400.jpg 600w, https:\/\/orthodoxalbania.org\/2020\/wp-content\/uploads\/2025\/12\/konferenca_i_nderkombetare_shqiperia_ne_periudhen_bizantine_nje_momentum_shkenco_19-768x512.jpg 768w, https:\/\/orthodoxalbania.org\/2020\/wp-content\/uploads\/2025\/12\/konferenca_i_nderkombetare_shqiperia_ne_periudhen_bizantine_nje_momentum_shkenco_19-800x533.jpg 800w, https:\/\/orthodoxalbania.org\/2020\/wp-content\/uploads\/2025\/12\/konferenca_i_nderkombetare_shqiperia_ne_periudhen_bizantine_nje_momentum_shkenco_19-1024x682.jpg 1024w, https:\/\/orthodoxalbania.org\/2020\/wp-content\/uploads\/2025\/12\/konferenca_i_nderkombetare_shqiperia_ne_periudhen_bizantine_nje_momentum_shkenco_19-1200x800.jpg 1200w, https:\/\/orthodoxalbania.org\/2020\/wp-content\/uploads\/2025\/12\/konferenca_i_nderkombetare_shqiperia_ne_periudhen_bizantine_nje_momentum_shkenco_19-1536x1023.jpg 1536w, https:\/\/orthodoxalbania.org\/2020\/wp-content\/uploads\/2025\/12\/konferenca_i_nderkombetare_shqiperia_ne_periudhen_bizantine_nje_momentum_shkenco_19.jpg 1600w\" data-sizes=\"auto\" data-orig-sizes=\"(max-width: 300px) 100vw, 300px\" \/> <img decoding=\"async\" class=\"lazyload alignnone size-medium wp-image-68796\" src=\"https:\/\/orthodoxalbania.org\/2020\/wp-content\/uploads\/2025\/12\/konferenca_i_nderkombetare_shqiperia_ne_periudhen_bizantine_nje_momentum_shkenco_18-300x149.jpg\" data-orig-src=\"https:\/\/orthodoxalbania.org\/2020\/wp-content\/uploads\/2025\/12\/konferenca_i_nderkombetare_shqiperia_ne_periudhen_bizantine_nje_momentum_shkenco_18-300x149.jpg\" alt=\"\" width=\"300\" height=\"149\" srcset=\"data:image\/svg+xml,%3Csvg%20xmlns%3D%27http%3A%2F%2Fwww.w3.org%2F2000%2Fsvg%27%20width%3D%27300%27%20height%3D%27149%27%20viewBox%3D%270%200%20300%20149%27%3E%3Crect%20width%3D%27300%27%20height%3D%27149%27%20fill-opacity%3D%220%22%2F%3E%3C%2Fsvg%3E\" data-srcset=\"https:\/\/orthodoxalbania.org\/2020\/wp-content\/uploads\/2025\/12\/konferenca_i_nderkombetare_shqiperia_ne_periudhen_bizantine_nje_momentum_shkenco_18-200x99.jpg 200w, https:\/\/orthodoxalbania.org\/2020\/wp-content\/uploads\/2025\/12\/konferenca_i_nderkombetare_shqiperia_ne_periudhen_bizantine_nje_momentum_shkenco_18-300x149.jpg 300w, https:\/\/orthodoxalbania.org\/2020\/wp-content\/uploads\/2025\/12\/konferenca_i_nderkombetare_shqiperia_ne_periudhen_bizantine_nje_momentum_shkenco_18-400x199.jpg 400w, https:\/\/orthodoxalbania.org\/2020\/wp-content\/uploads\/2025\/12\/konferenca_i_nderkombetare_shqiperia_ne_periudhen_bizantine_nje_momentum_shkenco_18-600x298.jpg 600w, https:\/\/orthodoxalbania.org\/2020\/wp-content\/uploads\/2025\/12\/konferenca_i_nderkombetare_shqiperia_ne_periudhen_bizantine_nje_momentum_shkenco_18-768x381.jpg 768w, https:\/\/orthodoxalbania.org\/2020\/wp-content\/uploads\/2025\/12\/konferenca_i_nderkombetare_shqiperia_ne_periudhen_bizantine_nje_momentum_shkenco_18-800x397.jpg 800w, https:\/\/orthodoxalbania.org\/2020\/wp-content\/uploads\/2025\/12\/konferenca_i_nderkombetare_shqiperia_ne_periudhen_bizantine_nje_momentum_shkenco_18-1024x508.jpg 1024w, https:\/\/orthodoxalbania.org\/2020\/wp-content\/uploads\/2025\/12\/konferenca_i_nderkombetare_shqiperia_ne_periudhen_bizantine_nje_momentum_shkenco_18-1200x596.jpg 1200w, https:\/\/orthodoxalbania.org\/2020\/wp-content\/uploads\/2025\/12\/konferenca_i_nderkombetare_shqiperia_ne_periudhen_bizantine_nje_momentum_shkenco_18-1536x762.jpg 1536w, https:\/\/orthodoxalbania.org\/2020\/wp-content\/uploads\/2025\/12\/konferenca_i_nderkombetare_shqiperia_ne_periudhen_bizantine_nje_momentum_shkenco_18.jpg 1600w\" data-sizes=\"auto\" data-orig-sizes=\"(max-width: 300px) 100vw, 300px\" \/> <img decoding=\"async\" class=\"lazyload alignnone size-medium wp-image-68795\" src=\"https:\/\/orthodoxalbania.org\/2020\/wp-content\/uploads\/2025\/12\/konferenca_i_nderkombetare_shqiperia_ne_periudhen_bizantine_nje_momentum_shkenco_17-300x200.jpg\" data-orig-src=\"https:\/\/orthodoxalbania.org\/2020\/wp-content\/uploads\/2025\/12\/konferenca_i_nderkombetare_shqiperia_ne_periudhen_bizantine_nje_momentum_shkenco_17-300x200.jpg\" alt=\"\" width=\"300\" height=\"200\" srcset=\"data:image\/svg+xml,%3Csvg%20xmlns%3D%27http%3A%2F%2Fwww.w3.org%2F2000%2Fsvg%27%20width%3D%27300%27%20height%3D%27200%27%20viewBox%3D%270%200%20300%20200%27%3E%3Crect%20width%3D%27300%27%20height%3D%27200%27%20fill-opacity%3D%220%22%2F%3E%3C%2Fsvg%3E\" data-srcset=\"https:\/\/orthodoxalbania.org\/2020\/wp-content\/uploads\/2025\/12\/konferenca_i_nderkombetare_shqiperia_ne_periudhen_bizantine_nje_momentum_shkenco_17-200x133.jpg 200w, https:\/\/orthodoxalbania.org\/2020\/wp-content\/uploads\/2025\/12\/konferenca_i_nderkombetare_shqiperia_ne_periudhen_bizantine_nje_momentum_shkenco_17-300x200.jpg 300w, https:\/\/orthodoxalbania.org\/2020\/wp-content\/uploads\/2025\/12\/konferenca_i_nderkombetare_shqiperia_ne_periudhen_bizantine_nje_momentum_shkenco_17-400x267.jpg 400w, https:\/\/orthodoxalbania.org\/2020\/wp-content\/uploads\/2025\/12\/konferenca_i_nderkombetare_shqiperia_ne_periudhen_bizantine_nje_momentum_shkenco_17-600x400.jpg 600w, https:\/\/orthodoxalbania.org\/2020\/wp-content\/uploads\/2025\/12\/konferenca_i_nderkombetare_shqiperia_ne_periudhen_bizantine_nje_momentum_shkenco_17-768x512.jpg 768w, https:\/\/orthodoxalbania.org\/2020\/wp-content\/uploads\/2025\/12\/konferenca_i_nderkombetare_shqiperia_ne_periudhen_bizantine_nje_momentum_shkenco_17-800x533.jpg 800w, https:\/\/orthodoxalbania.org\/2020\/wp-content\/uploads\/2025\/12\/konferenca_i_nderkombetare_shqiperia_ne_periudhen_bizantine_nje_momentum_shkenco_17-1024x682.jpg 1024w, https:\/\/orthodoxalbania.org\/2020\/wp-content\/uploads\/2025\/12\/konferenca_i_nderkombetare_shqiperia_ne_periudhen_bizantine_nje_momentum_shkenco_17-1200x800.jpg 1200w, https:\/\/orthodoxalbania.org\/2020\/wp-content\/uploads\/2025\/12\/konferenca_i_nderkombetare_shqiperia_ne_periudhen_bizantine_nje_momentum_shkenco_17-1536x1023.jpg 1536w, https:\/\/orthodoxalbania.org\/2020\/wp-content\/uploads\/2025\/12\/konferenca_i_nderkombetare_shqiperia_ne_periudhen_bizantine_nje_momentum_shkenco_17.jpg 1600w\" data-sizes=\"auto\" data-orig-sizes=\"(max-width: 300px) 100vw, 300px\" \/> <img decoding=\"async\" class=\"lazyload alignnone size-medium wp-image-68794\" src=\"https:\/\/orthodoxalbania.org\/2020\/wp-content\/uploads\/2025\/12\/konferenca_i_nderkombetare_shqiperia_ne_periudhen_bizantine_nje_momentum_shkenco_16-300x169.jpg\" data-orig-src=\"https:\/\/orthodoxalbania.org\/2020\/wp-content\/uploads\/2025\/12\/konferenca_i_nderkombetare_shqiperia_ne_periudhen_bizantine_nje_momentum_shkenco_16-300x169.jpg\" alt=\"\" width=\"300\" height=\"169\" srcset=\"data:image\/svg+xml,%3Csvg%20xmlns%3D%27http%3A%2F%2Fwww.w3.org%2F2000%2Fsvg%27%20width%3D%27300%27%20height%3D%27169%27%20viewBox%3D%270%200%20300%20169%27%3E%3Crect%20width%3D%27300%27%20height%3D%27169%27%20fill-opacity%3D%220%22%2F%3E%3C%2Fsvg%3E\" data-srcset=\"https:\/\/orthodoxalbania.org\/2020\/wp-content\/uploads\/2025\/12\/konferenca_i_nderkombetare_shqiperia_ne_periudhen_bizantine_nje_momentum_shkenco_16-200x112.jpg 200w, https:\/\/orthodoxalbania.org\/2020\/wp-content\/uploads\/2025\/12\/konferenca_i_nderkombetare_shqiperia_ne_periudhen_bizantine_nje_momentum_shkenco_16-300x169.jpg 300w, https:\/\/orthodoxalbania.org\/2020\/wp-content\/uploads\/2025\/12\/konferenca_i_nderkombetare_shqiperia_ne_periudhen_bizantine_nje_momentum_shkenco_16-400x225.jpg 400w, https:\/\/orthodoxalbania.org\/2020\/wp-content\/uploads\/2025\/12\/konferenca_i_nderkombetare_shqiperia_ne_periudhen_bizantine_nje_momentum_shkenco_16-600x337.jpg 600w, https:\/\/orthodoxalbania.org\/2020\/wp-content\/uploads\/2025\/12\/konferenca_i_nderkombetare_shqiperia_ne_periudhen_bizantine_nje_momentum_shkenco_16-768x432.jpg 768w, https:\/\/orthodoxalbania.org\/2020\/wp-content\/uploads\/2025\/12\/konferenca_i_nderkombetare_shqiperia_ne_periudhen_bizantine_nje_momentum_shkenco_16-800x450.jpg 800w, https:\/\/orthodoxalbania.org\/2020\/wp-content\/uploads\/2025\/12\/konferenca_i_nderkombetare_shqiperia_ne_periudhen_bizantine_nje_momentum_shkenco_16-1024x576.jpg 1024w, https:\/\/orthodoxalbania.org\/2020\/wp-content\/uploads\/2025\/12\/konferenca_i_nderkombetare_shqiperia_ne_periudhen_bizantine_nje_momentum_shkenco_16-1200x675.jpg 1200w, https:\/\/orthodoxalbania.org\/2020\/wp-content\/uploads\/2025\/12\/konferenca_i_nderkombetare_shqiperia_ne_periudhen_bizantine_nje_momentum_shkenco_16.jpg 1339w\" data-sizes=\"auto\" data-orig-sizes=\"(max-width: 300px) 100vw, 300px\" \/> <img decoding=\"async\" class=\"lazyload alignnone size-medium wp-image-68793\" src=\"https:\/\/orthodoxalbania.org\/2020\/wp-content\/uploads\/2025\/12\/konferenca_i_nderkombetare_shqiperia_ne_periudhen_bizantine_nje_momentum_shkenco_15-200x300.jpg\" data-orig-src=\"https:\/\/orthodoxalbania.org\/2020\/wp-content\/uploads\/2025\/12\/konferenca_i_nderkombetare_shqiperia_ne_periudhen_bizantine_nje_momentum_shkenco_15-200x300.jpg\" alt=\"\" width=\"200\" height=\"300\" srcset=\"data:image\/svg+xml,%3Csvg%20xmlns%3D%27http%3A%2F%2Fwww.w3.org%2F2000%2Fsvg%27%20width%3D%27200%27%20height%3D%27300%27%20viewBox%3D%270%200%20200%20300%27%3E%3Crect%20width%3D%27200%27%20height%3D%27300%27%20fill-opacity%3D%220%22%2F%3E%3C%2Fsvg%3E\" data-srcset=\"https:\/\/orthodoxalbania.org\/2020\/wp-content\/uploads\/2025\/12\/konferenca_i_nderkombetare_shqiperia_ne_periudhen_bizantine_nje_momentum_shkenco_15-200x300.jpg 200w, https:\/\/orthodoxalbania.org\/2020\/wp-content\/uploads\/2025\/12\/konferenca_i_nderkombetare_shqiperia_ne_periudhen_bizantine_nje_momentum_shkenco_15-400x600.jpg 400w, https:\/\/orthodoxalbania.org\/2020\/wp-content\/uploads\/2025\/12\/konferenca_i_nderkombetare_shqiperia_ne_periudhen_bizantine_nje_momentum_shkenco_15-600x901.jpg 600w, https:\/\/orthodoxalbania.org\/2020\/wp-content\/uploads\/2025\/12\/konferenca_i_nderkombetare_shqiperia_ne_periudhen_bizantine_nje_momentum_shkenco_15-682x1024.jpg 682w, https:\/\/orthodoxalbania.org\/2020\/wp-content\/uploads\/2025\/12\/konferenca_i_nderkombetare_shqiperia_ne_periudhen_bizantine_nje_momentum_shkenco_15-768x1153.jpg 768w, https:\/\/orthodoxalbania.org\/2020\/wp-content\/uploads\/2025\/12\/konferenca_i_nderkombetare_shqiperia_ne_periudhen_bizantine_nje_momentum_shkenco_15-800x1201.jpg 800w, https:\/\/orthodoxalbania.org\/2020\/wp-content\/uploads\/2025\/12\/konferenca_i_nderkombetare_shqiperia_ne_periudhen_bizantine_nje_momentum_shkenco_15-1023x1536.jpg 1023w, https:\/\/orthodoxalbania.org\/2020\/wp-content\/uploads\/2025\/12\/konferenca_i_nderkombetare_shqiperia_ne_periudhen_bizantine_nje_momentum_shkenco_15.jpg 1066w\" data-sizes=\"auto\" data-orig-sizes=\"(max-width: 200px) 100vw, 200px\" \/> <img decoding=\"async\" class=\"lazyload alignnone size-medium wp-image-68792\" src=\"https:\/\/orthodoxalbania.org\/2020\/wp-content\/uploads\/2025\/12\/konferenca_i_nderkombetare_shqiperia_ne_periudhen_bizantine_nje_momentum_shkenco_14-300x150.jpg\" data-orig-src=\"https:\/\/orthodoxalbania.org\/2020\/wp-content\/uploads\/2025\/12\/konferenca_i_nderkombetare_shqiperia_ne_periudhen_bizantine_nje_momentum_shkenco_14-300x150.jpg\" alt=\"\" width=\"300\" height=\"150\" srcset=\"data:image\/svg+xml,%3Csvg%20xmlns%3D%27http%3A%2F%2Fwww.w3.org%2F2000%2Fsvg%27%20width%3D%27300%27%20height%3D%27150%27%20viewBox%3D%270%200%20300%20150%27%3E%3Crect%20width%3D%27300%27%20height%3D%27150%27%20fill-opacity%3D%220%22%2F%3E%3C%2Fsvg%3E\" data-srcset=\"https:\/\/orthodoxalbania.org\/2020\/wp-content\/uploads\/2025\/12\/konferenca_i_nderkombetare_shqiperia_ne_periudhen_bizantine_nje_momentum_shkenco_14-200x100.jpg 200w, https:\/\/orthodoxalbania.org\/2020\/wp-content\/uploads\/2025\/12\/konferenca_i_nderkombetare_shqiperia_ne_periudhen_bizantine_nje_momentum_shkenco_14-300x150.jpg 300w, https:\/\/orthodoxalbania.org\/2020\/wp-content\/uploads\/2025\/12\/konferenca_i_nderkombetare_shqiperia_ne_periudhen_bizantine_nje_momentum_shkenco_14-400x200.jpg 400w, https:\/\/orthodoxalbania.org\/2020\/wp-content\/uploads\/2025\/12\/konferenca_i_nderkombetare_shqiperia_ne_periudhen_bizantine_nje_momentum_shkenco_14-540x272.jpg 540w, https:\/\/orthodoxalbania.org\/2020\/wp-content\/uploads\/2025\/12\/konferenca_i_nderkombetare_shqiperia_ne_periudhen_bizantine_nje_momentum_shkenco_14-600x299.jpg 600w, https:\/\/orthodoxalbania.org\/2020\/wp-content\/uploads\/2025\/12\/konferenca_i_nderkombetare_shqiperia_ne_periudhen_bizantine_nje_momentum_shkenco_14-768x383.jpg 768w, https:\/\/orthodoxalbania.org\/2020\/wp-content\/uploads\/2025\/12\/konferenca_i_nderkombetare_shqiperia_ne_periudhen_bizantine_nje_momentum_shkenco_14-800x399.jpg 800w, https:\/\/orthodoxalbania.org\/2020\/wp-content\/uploads\/2025\/12\/konferenca_i_nderkombetare_shqiperia_ne_periudhen_bizantine_nje_momentum_shkenco_14-1024x511.jpg 1024w, https:\/\/orthodoxalbania.org\/2020\/wp-content\/uploads\/2025\/12\/konferenca_i_nderkombetare_shqiperia_ne_periudhen_bizantine_nje_momentum_shkenco_14-1200x599.jpg 1200w, https:\/\/orthodoxalbania.org\/2020\/wp-content\/uploads\/2025\/12\/konferenca_i_nderkombetare_shqiperia_ne_periudhen_bizantine_nje_momentum_shkenco_14-1536x766.jpg 1536w, https:\/\/orthodoxalbania.org\/2020\/wp-content\/uploads\/2025\/12\/konferenca_i_nderkombetare_shqiperia_ne_periudhen_bizantine_nje_momentum_shkenco_14.jpg 1600w\" data-sizes=\"auto\" data-orig-sizes=\"(max-width: 300px) 100vw, 300px\" \/> <img decoding=\"async\" class=\"lazyload alignnone size-medium wp-image-68791\" src=\"https:\/\/orthodoxalbania.org\/2020\/wp-content\/uploads\/2025\/12\/konferenca_i_nderkombetare_shqiperia_ne_periudhen_bizantine_nje_momentum_shkenco_13-300x200.jpg\" data-orig-src=\"https:\/\/orthodoxalbania.org\/2020\/wp-content\/uploads\/2025\/12\/konferenca_i_nderkombetare_shqiperia_ne_periudhen_bizantine_nje_momentum_shkenco_13-300x200.jpg\" alt=\"\" width=\"300\" height=\"200\" srcset=\"data:image\/svg+xml,%3Csvg%20xmlns%3D%27http%3A%2F%2Fwww.w3.org%2F2000%2Fsvg%27%20width%3D%27300%27%20height%3D%27200%27%20viewBox%3D%270%200%20300%20200%27%3E%3Crect%20width%3D%27300%27%20height%3D%27200%27%20fill-opacity%3D%220%22%2F%3E%3C%2Fsvg%3E\" data-srcset=\"https:\/\/orthodoxalbania.org\/2020\/wp-content\/uploads\/2025\/12\/konferenca_i_nderkombetare_shqiperia_ne_periudhen_bizantine_nje_momentum_shkenco_13-200x133.jpg 200w, https:\/\/orthodoxalbania.org\/2020\/wp-content\/uploads\/2025\/12\/konferenca_i_nderkombetare_shqiperia_ne_periudhen_bizantine_nje_momentum_shkenco_13-300x200.jpg 300w, https:\/\/orthodoxalbania.org\/2020\/wp-content\/uploads\/2025\/12\/konferenca_i_nderkombetare_shqiperia_ne_periudhen_bizantine_nje_momentum_shkenco_13-400x267.jpg 400w, https:\/\/orthodoxalbania.org\/2020\/wp-content\/uploads\/2025\/12\/konferenca_i_nderkombetare_shqiperia_ne_periudhen_bizantine_nje_momentum_shkenco_13-600x400.jpg 600w, https:\/\/orthodoxalbania.org\/2020\/wp-content\/uploads\/2025\/12\/konferenca_i_nderkombetare_shqiperia_ne_periudhen_bizantine_nje_momentum_shkenco_13-768x512.jpg 768w, https:\/\/orthodoxalbania.org\/2020\/wp-content\/uploads\/2025\/12\/konferenca_i_nderkombetare_shqiperia_ne_periudhen_bizantine_nje_momentum_shkenco_13-800x533.jpg 800w, https:\/\/orthodoxalbania.org\/2020\/wp-content\/uploads\/2025\/12\/konferenca_i_nderkombetare_shqiperia_ne_periudhen_bizantine_nje_momentum_shkenco_13-1024x682.jpg 1024w, https:\/\/orthodoxalbania.org\/2020\/wp-content\/uploads\/2025\/12\/konferenca_i_nderkombetare_shqiperia_ne_periudhen_bizantine_nje_momentum_shkenco_13-1200x800.jpg 1200w, https:\/\/orthodoxalbania.org\/2020\/wp-content\/uploads\/2025\/12\/konferenca_i_nderkombetare_shqiperia_ne_periudhen_bizantine_nje_momentum_shkenco_13-1536x1023.jpg 1536w, https:\/\/orthodoxalbania.org\/2020\/wp-content\/uploads\/2025\/12\/konferenca_i_nderkombetare_shqiperia_ne_periudhen_bizantine_nje_momentum_shkenco_13.jpg 1600w\" data-sizes=\"auto\" data-orig-sizes=\"(max-width: 300px) 100vw, 300px\" \/> <img decoding=\"async\" class=\"lazyload alignnone size-medium wp-image-68790\" src=\"https:\/\/orthodoxalbania.org\/2020\/wp-content\/uploads\/2025\/12\/konferenca_i_nderkombetare_shqiperia_ne_periudhen_bizantine_nje_momentum_shkenco_12-300x153.jpg\" data-orig-src=\"https:\/\/orthodoxalbania.org\/2020\/wp-content\/uploads\/2025\/12\/konferenca_i_nderkombetare_shqiperia_ne_periudhen_bizantine_nje_momentum_shkenco_12-300x153.jpg\" alt=\"\" width=\"300\" height=\"153\" srcset=\"data:image\/svg+xml,%3Csvg%20xmlns%3D%27http%3A%2F%2Fwww.w3.org%2F2000%2Fsvg%27%20width%3D%27300%27%20height%3D%27153%27%20viewBox%3D%270%200%20300%20153%27%3E%3Crect%20width%3D%27300%27%20height%3D%27153%27%20fill-opacity%3D%220%22%2F%3E%3C%2Fsvg%3E\" data-srcset=\"https:\/\/orthodoxalbania.org\/2020\/wp-content\/uploads\/2025\/12\/konferenca_i_nderkombetare_shqiperia_ne_periudhen_bizantine_nje_momentum_shkenco_12-200x102.jpg 200w, https:\/\/orthodoxalbania.org\/2020\/wp-content\/uploads\/2025\/12\/konferenca_i_nderkombetare_shqiperia_ne_periudhen_bizantine_nje_momentum_shkenco_12-300x153.jpg 300w, https:\/\/orthodoxalbania.org\/2020\/wp-content\/uploads\/2025\/12\/konferenca_i_nderkombetare_shqiperia_ne_periudhen_bizantine_nje_momentum_shkenco_12-400x204.jpg 400w, https:\/\/orthodoxalbania.org\/2020\/wp-content\/uploads\/2025\/12\/konferenca_i_nderkombetare_shqiperia_ne_periudhen_bizantine_nje_momentum_shkenco_12-600x305.jpg 600w, https:\/\/orthodoxalbania.org\/2020\/wp-content\/uploads\/2025\/12\/konferenca_i_nderkombetare_shqiperia_ne_periudhen_bizantine_nje_momentum_shkenco_12-768x391.jpg 768w, https:\/\/orthodoxalbania.org\/2020\/wp-content\/uploads\/2025\/12\/konferenca_i_nderkombetare_shqiperia_ne_periudhen_bizantine_nje_momentum_shkenco_12-800x407.jpg 800w, https:\/\/orthodoxalbania.org\/2020\/wp-content\/uploads\/2025\/12\/konferenca_i_nderkombetare_shqiperia_ne_periudhen_bizantine_nje_momentum_shkenco_12-1024x521.jpg 1024w, https:\/\/orthodoxalbania.org\/2020\/wp-content\/uploads\/2025\/12\/konferenca_i_nderkombetare_shqiperia_ne_periudhen_bizantine_nje_momentum_shkenco_12-1200x611.jpg 1200w, https:\/\/orthodoxalbania.org\/2020\/wp-content\/uploads\/2025\/12\/konferenca_i_nderkombetare_shqiperia_ne_periudhen_bizantine_nje_momentum_shkenco_12-1536x781.jpg 1536w, https:\/\/orthodoxalbania.org\/2020\/wp-content\/uploads\/2025\/12\/konferenca_i_nderkombetare_shqiperia_ne_periudhen_bizantine_nje_momentum_shkenco_12.jpg 1600w\" data-sizes=\"auto\" data-orig-sizes=\"(max-width: 300px) 100vw, 300px\" \/> <img decoding=\"async\" class=\"lazyload alignnone size-medium wp-image-68789\" src=\"https:\/\/orthodoxalbania.org\/2020\/wp-content\/uploads\/2025\/12\/konferenca_i_nderkombetare_shqiperia_ne_periudhen_bizantine_nje_momentum_shkenco_11-300x152.jpg\" data-orig-src=\"https:\/\/orthodoxalbania.org\/2020\/wp-content\/uploads\/2025\/12\/konferenca_i_nderkombetare_shqiperia_ne_periudhen_bizantine_nje_momentum_shkenco_11-300x152.jpg\" alt=\"\" width=\"300\" height=\"152\" srcset=\"data:image\/svg+xml,%3Csvg%20xmlns%3D%27http%3A%2F%2Fwww.w3.org%2F2000%2Fsvg%27%20width%3D%27300%27%20height%3D%27152%27%20viewBox%3D%270%200%20300%20152%27%3E%3Crect%20width%3D%27300%27%20height%3D%27152%27%20fill-opacity%3D%220%22%2F%3E%3C%2Fsvg%3E\" data-srcset=\"https:\/\/orthodoxalbania.org\/2020\/wp-content\/uploads\/2025\/12\/konferenca_i_nderkombetare_shqiperia_ne_periudhen_bizantine_nje_momentum_shkenco_11-200x101.jpg 200w, https:\/\/orthodoxalbania.org\/2020\/wp-content\/uploads\/2025\/12\/konferenca_i_nderkombetare_shqiperia_ne_periudhen_bizantine_nje_momentum_shkenco_11-300x152.jpg 300w, https:\/\/orthodoxalbania.org\/2020\/wp-content\/uploads\/2025\/12\/konferenca_i_nderkombetare_shqiperia_ne_periudhen_bizantine_nje_momentum_shkenco_11-400x203.jpg 400w, https:\/\/orthodoxalbania.org\/2020\/wp-content\/uploads\/2025\/12\/konferenca_i_nderkombetare_shqiperia_ne_periudhen_bizantine_nje_momentum_shkenco_11-540x272.jpg 540w, https:\/\/orthodoxalbania.org\/2020\/wp-content\/uploads\/2025\/12\/konferenca_i_nderkombetare_shqiperia_ne_periudhen_bizantine_nje_momentum_shkenco_11-600x304.jpg 600w, https:\/\/orthodoxalbania.org\/2020\/wp-content\/uploads\/2025\/12\/konferenca_i_nderkombetare_shqiperia_ne_periudhen_bizantine_nje_momentum_shkenco_11-768x389.jpg 768w, https:\/\/orthodoxalbania.org\/2020\/wp-content\/uploads\/2025\/12\/konferenca_i_nderkombetare_shqiperia_ne_periudhen_bizantine_nje_momentum_shkenco_11-800x405.jpg 800w, https:\/\/orthodoxalbania.org\/2020\/wp-content\/uploads\/2025\/12\/konferenca_i_nderkombetare_shqiperia_ne_periudhen_bizantine_nje_momentum_shkenco_11-1024x518.jpg 1024w, https:\/\/orthodoxalbania.org\/2020\/wp-content\/uploads\/2025\/12\/konferenca_i_nderkombetare_shqiperia_ne_periudhen_bizantine_nje_momentum_shkenco_11-1200x608.jpg 1200w, https:\/\/orthodoxalbania.org\/2020\/wp-content\/uploads\/2025\/12\/konferenca_i_nderkombetare_shqiperia_ne_periudhen_bizantine_nje_momentum_shkenco_11-1536x778.jpg 1536w, https:\/\/orthodoxalbania.org\/2020\/wp-content\/uploads\/2025\/12\/konferenca_i_nderkombetare_shqiperia_ne_periudhen_bizantine_nje_momentum_shkenco_11.jpg 1600w\" data-sizes=\"auto\" data-orig-sizes=\"(max-width: 300px) 100vw, 300px\" \/> <img decoding=\"async\" class=\"lazyload alignnone size-medium wp-image-68788\" src=\"https:\/\/orthodoxalbania.org\/2020\/wp-content\/uploads\/2025\/12\/konferenca_i_nderkombetare_shqiperia_ne_periudhen_bizantine_nje_momentum_shkenco_10-300x209.jpg\" data-orig-src=\"https:\/\/orthodoxalbania.org\/2020\/wp-content\/uploads\/2025\/12\/konferenca_i_nderkombetare_shqiperia_ne_periudhen_bizantine_nje_momentum_shkenco_10-300x209.jpg\" alt=\"\" width=\"300\" height=\"209\" srcset=\"data:image\/svg+xml,%3Csvg%20xmlns%3D%27http%3A%2F%2Fwww.w3.org%2F2000%2Fsvg%27%20width%3D%27300%27%20height%3D%27209%27%20viewBox%3D%270%200%20300%20209%27%3E%3Crect%20width%3D%27300%27%20height%3D%27209%27%20fill-opacity%3D%220%22%2F%3E%3C%2Fsvg%3E\" data-srcset=\"https:\/\/orthodoxalbania.org\/2020\/wp-content\/uploads\/2025\/12\/konferenca_i_nderkombetare_shqiperia_ne_periudhen_bizantine_nje_momentum_shkenco_10-200x140.jpg 200w, https:\/\/orthodoxalbania.org\/2020\/wp-content\/uploads\/2025\/12\/konferenca_i_nderkombetare_shqiperia_ne_periudhen_bizantine_nje_momentum_shkenco_10-300x209.jpg 300w, https:\/\/orthodoxalbania.org\/2020\/wp-content\/uploads\/2025\/12\/konferenca_i_nderkombetare_shqiperia_ne_periudhen_bizantine_nje_momentum_shkenco_10-400x279.jpg 400w, https:\/\/orthodoxalbania.org\/2020\/wp-content\/uploads\/2025\/12\/konferenca_i_nderkombetare_shqiperia_ne_periudhen_bizantine_nje_momentum_shkenco_10-600x419.jpg 600w, https:\/\/orthodoxalbania.org\/2020\/wp-content\/uploads\/2025\/12\/konferenca_i_nderkombetare_shqiperia_ne_periudhen_bizantine_nje_momentum_shkenco_10-768x536.jpg 768w, https:\/\/orthodoxalbania.org\/2020\/wp-content\/uploads\/2025\/12\/konferenca_i_nderkombetare_shqiperia_ne_periudhen_bizantine_nje_momentum_shkenco_10-800x558.jpg 800w, https:\/\/orthodoxalbania.org\/2020\/wp-content\/uploads\/2025\/12\/konferenca_i_nderkombetare_shqiperia_ne_periudhen_bizantine_nje_momentum_shkenco_10-1024x715.jpg 1024w, https:\/\/orthodoxalbania.org\/2020\/wp-content\/uploads\/2025\/12\/konferenca_i_nderkombetare_shqiperia_ne_periudhen_bizantine_nje_momentum_shkenco_10.jpg 1059w\" data-sizes=\"auto\" data-orig-sizes=\"(max-width: 300px) 100vw, 300px\" \/> <img decoding=\"async\" class=\"lazyload alignnone size-medium wp-image-68787\" src=\"https:\/\/orthodoxalbania.org\/2020\/wp-content\/uploads\/2025\/12\/konferenca_i_nderkombetare_shqiperia_ne_periudhen_bizantine_nje_momentum_shkenco_09-300x200.jpg\" data-orig-src=\"https:\/\/orthodoxalbania.org\/2020\/wp-content\/uploads\/2025\/12\/konferenca_i_nderkombetare_shqiperia_ne_periudhen_bizantine_nje_momentum_shkenco_09-300x200.jpg\" alt=\"\" width=\"300\" height=\"200\" srcset=\"data:image\/svg+xml,%3Csvg%20xmlns%3D%27http%3A%2F%2Fwww.w3.org%2F2000%2Fsvg%27%20width%3D%27300%27%20height%3D%27200%27%20viewBox%3D%270%200%20300%20200%27%3E%3Crect%20width%3D%27300%27%20height%3D%27200%27%20fill-opacity%3D%220%22%2F%3E%3C%2Fsvg%3E\" data-srcset=\"https:\/\/orthodoxalbania.org\/2020\/wp-content\/uploads\/2025\/12\/konferenca_i_nderkombetare_shqiperia_ne_periudhen_bizantine_nje_momentum_shkenco_09-200x133.jpg 200w, https:\/\/orthodoxalbania.org\/2020\/wp-content\/uploads\/2025\/12\/konferenca_i_nderkombetare_shqiperia_ne_periudhen_bizantine_nje_momentum_shkenco_09-300x200.jpg 300w, https:\/\/orthodoxalbania.org\/2020\/wp-content\/uploads\/2025\/12\/konferenca_i_nderkombetare_shqiperia_ne_periudhen_bizantine_nje_momentum_shkenco_09-400x267.jpg 400w, https:\/\/orthodoxalbania.org\/2020\/wp-content\/uploads\/2025\/12\/konferenca_i_nderkombetare_shqiperia_ne_periudhen_bizantine_nje_momentum_shkenco_09-600x400.jpg 600w, https:\/\/orthodoxalbania.org\/2020\/wp-content\/uploads\/2025\/12\/konferenca_i_nderkombetare_shqiperia_ne_periudhen_bizantine_nje_momentum_shkenco_09-768x512.jpg 768w, https:\/\/orthodoxalbania.org\/2020\/wp-content\/uploads\/2025\/12\/konferenca_i_nderkombetare_shqiperia_ne_periudhen_bizantine_nje_momentum_shkenco_09-800x533.jpg 800w, https:\/\/orthodoxalbania.org\/2020\/wp-content\/uploads\/2025\/12\/konferenca_i_nderkombetare_shqiperia_ne_periudhen_bizantine_nje_momentum_shkenco_09-1024x682.jpg 1024w, https:\/\/orthodoxalbania.org\/2020\/wp-content\/uploads\/2025\/12\/konferenca_i_nderkombetare_shqiperia_ne_periudhen_bizantine_nje_momentum_shkenco_09-1200x800.jpg 1200w, https:\/\/orthodoxalbania.org\/2020\/wp-content\/uploads\/2025\/12\/konferenca_i_nderkombetare_shqiperia_ne_periudhen_bizantine_nje_momentum_shkenco_09-1536x1023.jpg 1536w, https:\/\/orthodoxalbania.org\/2020\/wp-content\/uploads\/2025\/12\/konferenca_i_nderkombetare_shqiperia_ne_periudhen_bizantine_nje_momentum_shkenco_09.jpg 1600w\" data-sizes=\"auto\" data-orig-sizes=\"(max-width: 300px) 100vw, 300px\" \/> <img decoding=\"async\" class=\"lazyload alignnone size-medium wp-image-68786\" src=\"https:\/\/orthodoxalbania.org\/2020\/wp-content\/uploads\/2025\/12\/konferenca_i_nderkombetare_shqiperia_ne_periudhen_bizantine_nje_momentum_shkenco_08-300x168.jpg\" data-orig-src=\"https:\/\/orthodoxalbania.org\/2020\/wp-content\/uploads\/2025\/12\/konferenca_i_nderkombetare_shqiperia_ne_periudhen_bizantine_nje_momentum_shkenco_08-300x168.jpg\" alt=\"\" width=\"300\" height=\"168\" srcset=\"data:image\/svg+xml,%3Csvg%20xmlns%3D%27http%3A%2F%2Fwww.w3.org%2F2000%2Fsvg%27%20width%3D%27300%27%20height%3D%27168%27%20viewBox%3D%270%200%20300%20168%27%3E%3Crect%20width%3D%27300%27%20height%3D%27168%27%20fill-opacity%3D%220%22%2F%3E%3C%2Fsvg%3E\" data-srcset=\"https:\/\/orthodoxalbania.org\/2020\/wp-content\/uploads\/2025\/12\/konferenca_i_nderkombetare_shqiperia_ne_periudhen_bizantine_nje_momentum_shkenco_08-200x112.jpg 200w, https:\/\/orthodoxalbania.org\/2020\/wp-content\/uploads\/2025\/12\/konferenca_i_nderkombetare_shqiperia_ne_periudhen_bizantine_nje_momentum_shkenco_08-300x168.jpg 300w, https:\/\/orthodoxalbania.org\/2020\/wp-content\/uploads\/2025\/12\/konferenca_i_nderkombetare_shqiperia_ne_periudhen_bizantine_nje_momentum_shkenco_08-400x224.jpg 400w, https:\/\/orthodoxalbania.org\/2020\/wp-content\/uploads\/2025\/12\/konferenca_i_nderkombetare_shqiperia_ne_periudhen_bizantine_nje_momentum_shkenco_08-600x337.jpg 600w, https:\/\/orthodoxalbania.org\/2020\/wp-content\/uploads\/2025\/12\/konferenca_i_nderkombetare_shqiperia_ne_periudhen_bizantine_nje_momentum_shkenco_08-768x431.jpg 768w, https:\/\/orthodoxalbania.org\/2020\/wp-content\/uploads\/2025\/12\/konferenca_i_nderkombetare_shqiperia_ne_periudhen_bizantine_nje_momentum_shkenco_08-800x449.jpg 800w, https:\/\/orthodoxalbania.org\/2020\/wp-content\/uploads\/2025\/12\/konferenca_i_nderkombetare_shqiperia_ne_periudhen_bizantine_nje_momentum_shkenco_08-1024x574.jpg 1024w, https:\/\/orthodoxalbania.org\/2020\/wp-content\/uploads\/2025\/12\/konferenca_i_nderkombetare_shqiperia_ne_periudhen_bizantine_nje_momentum_shkenco_08-1200x673.jpg 1200w, https:\/\/orthodoxalbania.org\/2020\/wp-content\/uploads\/2025\/12\/konferenca_i_nderkombetare_shqiperia_ne_periudhen_bizantine_nje_momentum_shkenco_08.jpg 1339w\" data-sizes=\"auto\" data-orig-sizes=\"(max-width: 300px) 100vw, 300px\" \/> <img decoding=\"async\" class=\"lazyload alignnone size-medium wp-image-68785\" src=\"https:\/\/orthodoxalbania.org\/2020\/wp-content\/uploads\/2025\/12\/konferenca_i_nderkombetare_shqiperia_ne_periudhen_bizantine_nje_momentum_shkenco_07-300x170.jpg\" data-orig-src=\"https:\/\/orthodoxalbania.org\/2020\/wp-content\/uploads\/2025\/12\/konferenca_i_nderkombetare_shqiperia_ne_periudhen_bizantine_nje_momentum_shkenco_07-300x170.jpg\" alt=\"\" width=\"300\" height=\"170\" srcset=\"data:image\/svg+xml,%3Csvg%20xmlns%3D%27http%3A%2F%2Fwww.w3.org%2F2000%2Fsvg%27%20width%3D%27300%27%20height%3D%27170%27%20viewBox%3D%270%200%20300%20170%27%3E%3Crect%20width%3D%27300%27%20height%3D%27170%27%20fill-opacity%3D%220%22%2F%3E%3C%2Fsvg%3E\" data-srcset=\"https:\/\/orthodoxalbania.org\/2020\/wp-content\/uploads\/2025\/12\/konferenca_i_nderkombetare_shqiperia_ne_periudhen_bizantine_nje_momentum_shkenco_07-200x114.jpg 200w, https:\/\/orthodoxalbania.org\/2020\/wp-content\/uploads\/2025\/12\/konferenca_i_nderkombetare_shqiperia_ne_periudhen_bizantine_nje_momentum_shkenco_07-300x170.jpg 300w, https:\/\/orthodoxalbania.org\/2020\/wp-content\/uploads\/2025\/12\/konferenca_i_nderkombetare_shqiperia_ne_periudhen_bizantine_nje_momentum_shkenco_07-400x227.jpg 400w, https:\/\/orthodoxalbania.org\/2020\/wp-content\/uploads\/2025\/12\/konferenca_i_nderkombetare_shqiperia_ne_periudhen_bizantine_nje_momentum_shkenco_07-600x341.jpg 600w, https:\/\/orthodoxalbania.org\/2020\/wp-content\/uploads\/2025\/12\/konferenca_i_nderkombetare_shqiperia_ne_periudhen_bizantine_nje_momentum_shkenco_07-768x436.jpg 768w, https:\/\/orthodoxalbania.org\/2020\/wp-content\/uploads\/2025\/12\/konferenca_i_nderkombetare_shqiperia_ne_periudhen_bizantine_nje_momentum_shkenco_07-800x454.jpg 800w, https:\/\/orthodoxalbania.org\/2020\/wp-content\/uploads\/2025\/12\/konferenca_i_nderkombetare_shqiperia_ne_periudhen_bizantine_nje_momentum_shkenco_07-1024x582.jpg 1024w, https:\/\/orthodoxalbania.org\/2020\/wp-content\/uploads\/2025\/12\/konferenca_i_nderkombetare_shqiperia_ne_periudhen_bizantine_nje_momentum_shkenco_07-1200x682.jpg 1200w, https:\/\/orthodoxalbania.org\/2020\/wp-content\/uploads\/2025\/12\/konferenca_i_nderkombetare_shqiperia_ne_periudhen_bizantine_nje_momentum_shkenco_07.jpg 1338w\" data-sizes=\"auto\" data-orig-sizes=\"(max-width: 300px) 100vw, 300px\" \/> <img decoding=\"async\" class=\"lazyload alignnone size-medium wp-image-68784\" src=\"https:\/\/orthodoxalbania.org\/2020\/wp-content\/uploads\/2025\/12\/konferenca_i_nderkombetare_shqiperia_ne_periudhen_bizantine_nje_momentum_shkenco_06-300x200.jpg\" data-orig-src=\"https:\/\/orthodoxalbania.org\/2020\/wp-content\/uploads\/2025\/12\/konferenca_i_nderkombetare_shqiperia_ne_periudhen_bizantine_nje_momentum_shkenco_06-300x200.jpg\" alt=\"\" width=\"300\" height=\"200\" srcset=\"data:image\/svg+xml,%3Csvg%20xmlns%3D%27http%3A%2F%2Fwww.w3.org%2F2000%2Fsvg%27%20width%3D%27300%27%20height%3D%27200%27%20viewBox%3D%270%200%20300%20200%27%3E%3Crect%20width%3D%27300%27%20height%3D%27200%27%20fill-opacity%3D%220%22%2F%3E%3C%2Fsvg%3E\" data-srcset=\"https:\/\/orthodoxalbania.org\/2020\/wp-content\/uploads\/2025\/12\/konferenca_i_nderkombetare_shqiperia_ne_periudhen_bizantine_nje_momentum_shkenco_06-200x133.jpg 200w, https:\/\/orthodoxalbania.org\/2020\/wp-content\/uploads\/2025\/12\/konferenca_i_nderkombetare_shqiperia_ne_periudhen_bizantine_nje_momentum_shkenco_06-300x200.jpg 300w, https:\/\/orthodoxalbania.org\/2020\/wp-content\/uploads\/2025\/12\/konferenca_i_nderkombetare_shqiperia_ne_periudhen_bizantine_nje_momentum_shkenco_06-400x267.jpg 400w, https:\/\/orthodoxalbania.org\/2020\/wp-content\/uploads\/2025\/12\/konferenca_i_nderkombetare_shqiperia_ne_periudhen_bizantine_nje_momentum_shkenco_06-600x400.jpg 600w, https:\/\/orthodoxalbania.org\/2020\/wp-content\/uploads\/2025\/12\/konferenca_i_nderkombetare_shqiperia_ne_periudhen_bizantine_nje_momentum_shkenco_06-768x512.jpg 768w, https:\/\/orthodoxalbania.org\/2020\/wp-content\/uploads\/2025\/12\/konferenca_i_nderkombetare_shqiperia_ne_periudhen_bizantine_nje_momentum_shkenco_06-800x533.jpg 800w, https:\/\/orthodoxalbania.org\/2020\/wp-content\/uploads\/2025\/12\/konferenca_i_nderkombetare_shqiperia_ne_periudhen_bizantine_nje_momentum_shkenco_06-1024x683.jpg 1024w, https:\/\/orthodoxalbania.org\/2020\/wp-content\/uploads\/2025\/12\/konferenca_i_nderkombetare_shqiperia_ne_periudhen_bizantine_nje_momentum_shkenco_06-1200x800.jpg 1200w, https:\/\/orthodoxalbania.org\/2020\/wp-content\/uploads\/2025\/12\/konferenca_i_nderkombetare_shqiperia_ne_periudhen_bizantine_nje_momentum_shkenco_06.jpg 1500w\" data-sizes=\"auto\" data-orig-sizes=\"(max-width: 300px) 100vw, 300px\" \/> <img decoding=\"async\" class=\"lazyload alignnone size-medium wp-image-68783\" src=\"https:\/\/orthodoxalbania.org\/2020\/wp-content\/uploads\/2025\/12\/konferenca_i_nderkombetare_shqiperia_ne_periudhen_bizantine_nje_momentum_shkenco_05-300x200.jpg\" data-orig-src=\"https:\/\/orthodoxalbania.org\/2020\/wp-content\/uploads\/2025\/12\/konferenca_i_nderkombetare_shqiperia_ne_periudhen_bizantine_nje_momentum_shkenco_05-300x200.jpg\" alt=\"\" width=\"300\" height=\"200\" srcset=\"data:image\/svg+xml,%3Csvg%20xmlns%3D%27http%3A%2F%2Fwww.w3.org%2F2000%2Fsvg%27%20width%3D%27300%27%20height%3D%27200%27%20viewBox%3D%270%200%20300%20200%27%3E%3Crect%20width%3D%27300%27%20height%3D%27200%27%20fill-opacity%3D%220%22%2F%3E%3C%2Fsvg%3E\" data-srcset=\"https:\/\/orthodoxalbania.org\/2020\/wp-content\/uploads\/2025\/12\/konferenca_i_nderkombetare_shqiperia_ne_periudhen_bizantine_nje_momentum_shkenco_05-200x133.jpg 200w, https:\/\/orthodoxalbania.org\/2020\/wp-content\/uploads\/2025\/12\/konferenca_i_nderkombetare_shqiperia_ne_periudhen_bizantine_nje_momentum_shkenco_05-300x200.jpg 300w, https:\/\/orthodoxalbania.org\/2020\/wp-content\/uploads\/2025\/12\/konferenca_i_nderkombetare_shqiperia_ne_periudhen_bizantine_nje_momentum_shkenco_05-400x267.jpg 400w, https:\/\/orthodoxalbania.org\/2020\/wp-content\/uploads\/2025\/12\/konferenca_i_nderkombetare_shqiperia_ne_periudhen_bizantine_nje_momentum_shkenco_05-600x400.jpg 600w, https:\/\/orthodoxalbania.org\/2020\/wp-content\/uploads\/2025\/12\/konferenca_i_nderkombetare_shqiperia_ne_periudhen_bizantine_nje_momentum_shkenco_05-768x512.jpg 768w, https:\/\/orthodoxalbania.org\/2020\/wp-content\/uploads\/2025\/12\/konferenca_i_nderkombetare_shqiperia_ne_periudhen_bizantine_nje_momentum_shkenco_05-800x533.jpg 800w, https:\/\/orthodoxalbania.org\/2020\/wp-content\/uploads\/2025\/12\/konferenca_i_nderkombetare_shqiperia_ne_periudhen_bizantine_nje_momentum_shkenco_05-1024x682.jpg 1024w, https:\/\/orthodoxalbania.org\/2020\/wp-content\/uploads\/2025\/12\/konferenca_i_nderkombetare_shqiperia_ne_periudhen_bizantine_nje_momentum_shkenco_05-1200x800.jpg 1200w, https:\/\/orthodoxalbania.org\/2020\/wp-content\/uploads\/2025\/12\/konferenca_i_nderkombetare_shqiperia_ne_periudhen_bizantine_nje_momentum_shkenco_05-1536x1023.jpg 1536w, https:\/\/orthodoxalbania.org\/2020\/wp-content\/uploads\/2025\/12\/konferenca_i_nderkombetare_shqiperia_ne_periudhen_bizantine_nje_momentum_shkenco_05.jpg 1600w\" data-sizes=\"auto\" data-orig-sizes=\"(max-width: 300px) 100vw, 300px\" \/> <img decoding=\"async\" class=\"lazyload alignnone size-medium wp-image-68782\" src=\"https:\/\/orthodoxalbania.org\/2020\/wp-content\/uploads\/2025\/12\/konferenca_i_nderkombetare_shqiperia_ne_periudhen_bizantine_nje_momentum_shkenco_04-200x300.jpg\" data-orig-src=\"https:\/\/orthodoxalbania.org\/2020\/wp-content\/uploads\/2025\/12\/konferenca_i_nderkombetare_shqiperia_ne_periudhen_bizantine_nje_momentum_shkenco_04-200x300.jpg\" alt=\"\" width=\"200\" height=\"300\" srcset=\"data:image\/svg+xml,%3Csvg%20xmlns%3D%27http%3A%2F%2Fwww.w3.org%2F2000%2Fsvg%27%20width%3D%27200%27%20height%3D%27300%27%20viewBox%3D%270%200%20200%20300%27%3E%3Crect%20width%3D%27200%27%20height%3D%27300%27%20fill-opacity%3D%220%22%2F%3E%3C%2Fsvg%3E\" data-srcset=\"https:\/\/orthodoxalbania.org\/2020\/wp-content\/uploads\/2025\/12\/konferenca_i_nderkombetare_shqiperia_ne_periudhen_bizantine_nje_momentum_shkenco_04-200x300.jpg 200w, https:\/\/orthodoxalbania.org\/2020\/wp-content\/uploads\/2025\/12\/konferenca_i_nderkombetare_shqiperia_ne_periudhen_bizantine_nje_momentum_shkenco_04-400x600.jpg 400w, https:\/\/orthodoxalbania.org\/2020\/wp-content\/uploads\/2025\/12\/konferenca_i_nderkombetare_shqiperia_ne_periudhen_bizantine_nje_momentum_shkenco_04-600x900.jpg 600w, https:\/\/orthodoxalbania.org\/2020\/wp-content\/uploads\/2025\/12\/konferenca_i_nderkombetare_shqiperia_ne_periudhen_bizantine_nje_momentum_shkenco_04.jpg 640w\" data-sizes=\"auto\" data-orig-sizes=\"(max-width: 200px) 100vw, 200px\" \/> <img decoding=\"async\" class=\"lazyload alignnone size-medium wp-image-68781\" src=\"https:\/\/orthodoxalbania.org\/2020\/wp-content\/uploads\/2025\/12\/konferenca_i_nderkombetare_shqiperia_ne_periudhen_bizantine_nje_momentum_shkenco_03-300x200.jpg\" data-orig-src=\"https:\/\/orthodoxalbania.org\/2020\/wp-content\/uploads\/2025\/12\/konferenca_i_nderkombetare_shqiperia_ne_periudhen_bizantine_nje_momentum_shkenco_03-300x200.jpg\" alt=\"\" width=\"300\" height=\"200\" srcset=\"data:image\/svg+xml,%3Csvg%20xmlns%3D%27http%3A%2F%2Fwww.w3.org%2F2000%2Fsvg%27%20width%3D%27300%27%20height%3D%27200%27%20viewBox%3D%270%200%20300%20200%27%3E%3Crect%20width%3D%27300%27%20height%3D%27200%27%20fill-opacity%3D%220%22%2F%3E%3C%2Fsvg%3E\" data-srcset=\"https:\/\/orthodoxalbania.org\/2020\/wp-content\/uploads\/2025\/12\/konferenca_i_nderkombetare_shqiperia_ne_periudhen_bizantine_nje_momentum_shkenco_03-200x133.jpg 200w, https:\/\/orthodoxalbania.org\/2020\/wp-content\/uploads\/2025\/12\/konferenca_i_nderkombetare_shqiperia_ne_periudhen_bizantine_nje_momentum_shkenco_03-300x200.jpg 300w, https:\/\/orthodoxalbania.org\/2020\/wp-content\/uploads\/2025\/12\/konferenca_i_nderkombetare_shqiperia_ne_periudhen_bizantine_nje_momentum_shkenco_03-400x267.jpg 400w, https:\/\/orthodoxalbania.org\/2020\/wp-content\/uploads\/2025\/12\/konferenca_i_nderkombetare_shqiperia_ne_periudhen_bizantine_nje_momentum_shkenco_03-600x400.jpg 600w, https:\/\/orthodoxalbania.org\/2020\/wp-content\/uploads\/2025\/12\/konferenca_i_nderkombetare_shqiperia_ne_periudhen_bizantine_nje_momentum_shkenco_03-768x512.jpg 768w, https:\/\/orthodoxalbania.org\/2020\/wp-content\/uploads\/2025\/12\/konferenca_i_nderkombetare_shqiperia_ne_periudhen_bizantine_nje_momentum_shkenco_03-800x533.jpg 800w, https:\/\/orthodoxalbania.org\/2020\/wp-content\/uploads\/2025\/12\/konferenca_i_nderkombetare_shqiperia_ne_periudhen_bizantine_nje_momentum_shkenco_03-1024x682.jpg 1024w, https:\/\/orthodoxalbania.org\/2020\/wp-content\/uploads\/2025\/12\/konferenca_i_nderkombetare_shqiperia_ne_periudhen_bizantine_nje_momentum_shkenco_03-1200x800.jpg 1200w, https:\/\/orthodoxalbania.org\/2020\/wp-content\/uploads\/2025\/12\/konferenca_i_nderkombetare_shqiperia_ne_periudhen_bizantine_nje_momentum_shkenco_03-1536x1023.jpg 1536w, https:\/\/orthodoxalbania.org\/2020\/wp-content\/uploads\/2025\/12\/konferenca_i_nderkombetare_shqiperia_ne_periudhen_bizantine_nje_momentum_shkenco_03.jpg 1600w\" data-sizes=\"auto\" data-orig-sizes=\"(max-width: 300px) 100vw, 300px\" \/><\/div>\n<p><!-- OCB_GALLERY_END --><\/p>\n","protected":false},"excerpt":{"rendered":"<p>M\u00eb 5 dhe 6 dhjetor 2025, Tirana mir\u00ebpriti Konferenc\u00ebn I Nd\u00ebrkomb\u00ebtare &#8220;Shqip\u00ebria n\u00eb periudh\u00ebn bizantine&#8221;, nj\u00eb ngjarje e cila u vler\u00ebsua si gur themeli p\u00ebr studimet bizantine n\u00eb Shqip\u00ebri.<\/p>\n","protected":false},"author":5,"featured_media":68779,"comment_status":"closed","ping_status":"closed","sticky":false,"template":"","format":"standard","meta":{"_acf_changed":false,"pagelayer_contact_templates":[],"_pagelayer_content":"","inline_featured_image":false,"fifu_image_url":"","fifu_image_alt":"","footnotes":""},"categories":[1935],"tags":[4116,4192,4281,4283,4169,596,4279,4114,4118,4285],"class_list":["post-68819","post","type-post","status-publish","format-standard","has-post-thumbnail","hentry","category-news-sq","tag-akademia-e-shkencave","tag-art-bizantin","tag-bizanti","tag-doreshkrime","tag-joan-kukuzeli","tag-kisha-orthodhokse","tag-konference-nderkombetare","tag-shqiperia-bizantine","tag-studimet-bizantine","tag-trashegimi-kulturore"],"acf":[],"yoast_head":"<!-- This site is optimized with the Yoast SEO plugin v27.2 - https:\/\/yoast.com\/product\/yoast-seo-wordpress\/ -->\n<title>Konferenca I Nd\u00ebrkomb\u00ebtare &quot;Shqip\u00ebria n\u00eb periudh\u00ebn bizantine&quot;: Nj\u00eb momentum shkencor q\u00eb vendosi standard t\u00eb ri n\u00eb bot\u00ebn akademike t\u00eb Shqip\u00ebris\u00eb - Kisha Orthodh\u03bfkse Autoqefale e Shqip\u00ebris\u00eb<\/title>\n<meta name=\"robots\" content=\"index, follow, max-snippet:-1, max-image-preview:large, max-video-preview:-1\" \/>\n<link rel=\"canonical\" href=\"https:\/\/orthodoxalbania.org\/2020\/2025\/12\/14\/konferenca-i-nderkombetare-shqiperia-ne-periudhen-bizantine-nje-momentum-shkencor-qe-vendosi-standard-te-ri-ne-boten-akademike-te-shqiperise\/\" \/>\n<meta property=\"og:locale\" content=\"en_US\" \/>\n<meta property=\"og:type\" content=\"article\" \/>\n<meta property=\"og:title\" content=\"Konferenca I Nd\u00ebrkomb\u00ebtare &quot;Shqip\u00ebria n\u00eb periudh\u00ebn bizantine&quot;: Nj\u00eb momentum shkencor q\u00eb vendosi standard t\u00eb ri n\u00eb bot\u00ebn akademike t\u00eb Shqip\u00ebris\u00eb - Kisha Orthodh\u03bfkse Autoqefale e Shqip\u00ebris\u00eb\" \/>\n<meta property=\"og:description\" content=\"M\u00eb 5 dhe 6 dhjetor 2025, Tirana mir\u00ebpriti Konferenc\u00ebn I Nd\u00ebrkomb\u00ebtare &quot;Shqip\u00ebria n\u00eb periudh\u00ebn bizantine&quot;, nj\u00eb ngjarje e cila u vler\u00ebsua si gur themeli p\u00ebr studimet bizantine n\u00eb Shqip\u00ebri.\" \/>\n<meta property=\"og:url\" content=\"https:\/\/orthodoxalbania.org\/2020\/2025\/12\/14\/konferenca-i-nderkombetare-shqiperia-ne-periudhen-bizantine-nje-momentum-shkencor-qe-vendosi-standard-te-ri-ne-boten-akademike-te-shqiperise\/\" \/>\n<meta property=\"og:site_name\" content=\"Kisha Orthodh\u03bfkse Autoqefale e Shqip\u00ebris\u00eb\" \/>\n<meta property=\"article:publisher\" content=\"https:\/\/www.facebook.com\/koash1991\" \/>\n<meta property=\"article:published_time\" content=\"2025-12-14T21:24:48+00:00\" \/>\n<meta property=\"article:modified_time\" content=\"2025-12-14T21:28:39+00:00\" \/>\n<meta property=\"og:image\" content=\"https:\/\/orthodoxalbania.org\/2020\/wp-content\/uploads\/2025\/12\/konferenca_i_nderkombetare_shqiperia_ne_periudhen_bizantine_nje_momentum_shkenco_01-1.jpg\" \/>\n\t<meta property=\"og:image:width\" content=\"1600\" \/>\n\t<meta property=\"og:image:height\" content=\"1066\" \/>\n\t<meta property=\"og:image:type\" content=\"image\/jpeg\" \/>\n<meta name=\"author\" content=\"Administrator3\" \/>\n<meta name=\"twitter:card\" content=\"summary_large_image\" \/>\n<meta name=\"twitter:label1\" content=\"Written by\" \/>\n\t<meta name=\"twitter:data1\" content=\"Administrator3\" \/>\n\t<meta name=\"twitter:label2\" content=\"Est. reading time\" \/>\n\t<meta name=\"twitter:data2\" content=\"13 minutes\" \/>\n<script type=\"application\/ld+json\" class=\"yoast-schema-graph\">{\"@context\":\"https:\/\/schema.org\",\"@graph\":[{\"@type\":\"Article\",\"@id\":\"https:\/\/orthodoxalbania.org\/2020\/2025\/12\/14\/konferenca-i-nderkombetare-shqiperia-ne-periudhen-bizantine-nje-momentum-shkencor-qe-vendosi-standard-te-ri-ne-boten-akademike-te-shqiperise\/#article\",\"isPartOf\":{\"@id\":\"https:\/\/orthodoxalbania.org\/2020\/2025\/12\/14\/konferenca-i-nderkombetare-shqiperia-ne-periudhen-bizantine-nje-momentum-shkencor-qe-vendosi-standard-te-ri-ne-boten-akademike-te-shqiperise\/\"},\"author\":{\"name\":\"Administrator3\",\"@id\":\"https:\/\/orthodoxalbania.org\/2020\/#\/schema\/person\/8f81792a8d818674e96c380e1085eb43\"},\"headline\":\"Konferenca I Nd\u00ebrkomb\u00ebtare &#8220;Shqip\u00ebria n\u00eb periudh\u00ebn bizantine&#8221;: Nj\u00eb momentum shkencor q\u00eb vendosi standard t\u00eb ri n\u00eb bot\u00ebn akademike t\u00eb Shqip\u00ebris\u00eb\",\"datePublished\":\"2025-12-14T21:24:48+00:00\",\"dateModified\":\"2025-12-14T21:28:39+00:00\",\"mainEntityOfPage\":{\"@id\":\"https:\/\/orthodoxalbania.org\/2020\/2025\/12\/14\/konferenca-i-nderkombetare-shqiperia-ne-periudhen-bizantine-nje-momentum-shkencor-qe-vendosi-standard-te-ri-ne-boten-akademike-te-shqiperise\/\"},\"wordCount\":3458,\"publisher\":{\"@id\":\"https:\/\/orthodoxalbania.org\/2020\/#organization\"},\"image\":{\"@id\":\"https:\/\/orthodoxalbania.org\/2020\/2025\/12\/14\/konferenca-i-nderkombetare-shqiperia-ne-periudhen-bizantine-nje-momentum-shkencor-qe-vendosi-standard-te-ri-ne-boten-akademike-te-shqiperise\/#primaryimage\"},\"thumbnailUrl\":\"https:\/\/orthodoxalbania.org\/2020\/wp-content\/uploads\/2025\/12\/konferenca_i_nderkombetare_shqiperia_ne_periudhen_bizantine_nje_momentum_shkenco_01-1.jpg\",\"keywords\":[\"Akademia e Shkencave\",\"art bizantin\",\"Bizanti\",\"dor\u00ebshkrime\",\"Joan Kukuzeli\",\"Kisha Orthodhokse\",\"konferenc\u00eb nd\u00ebrkomb\u00ebtare\",\"Shqip\u00ebria Bizantine\",\"Studimet Bizantine\",\"trash\u00ebgimi kulturore\"],\"articleSection\":[\"Lajme AL\"],\"inLanguage\":\"en-US\"},{\"@type\":\"WebPage\",\"@id\":\"https:\/\/orthodoxalbania.org\/2020\/2025\/12\/14\/konferenca-i-nderkombetare-shqiperia-ne-periudhen-bizantine-nje-momentum-shkencor-qe-vendosi-standard-te-ri-ne-boten-akademike-te-shqiperise\/\",\"url\":\"https:\/\/orthodoxalbania.org\/2020\/2025\/12\/14\/konferenca-i-nderkombetare-shqiperia-ne-periudhen-bizantine-nje-momentum-shkencor-qe-vendosi-standard-te-ri-ne-boten-akademike-te-shqiperise\/\",\"name\":\"Konferenca I Nd\u00ebrkomb\u00ebtare \\\"Shqip\u00ebria n\u00eb periudh\u00ebn bizantine\\\": Nj\u00eb momentum shkencor q\u00eb vendosi standard t\u00eb ri n\u00eb bot\u00ebn akademike t\u00eb Shqip\u00ebris\u00eb - Kisha Orthodh\u03bfkse Autoqefale e Shqip\u00ebris\u00eb\",\"isPartOf\":{\"@id\":\"https:\/\/orthodoxalbania.org\/2020\/#website\"},\"primaryImageOfPage\":{\"@id\":\"https:\/\/orthodoxalbania.org\/2020\/2025\/12\/14\/konferenca-i-nderkombetare-shqiperia-ne-periudhen-bizantine-nje-momentum-shkencor-qe-vendosi-standard-te-ri-ne-boten-akademike-te-shqiperise\/#primaryimage\"},\"image\":{\"@id\":\"https:\/\/orthodoxalbania.org\/2020\/2025\/12\/14\/konferenca-i-nderkombetare-shqiperia-ne-periudhen-bizantine-nje-momentum-shkencor-qe-vendosi-standard-te-ri-ne-boten-akademike-te-shqiperise\/#primaryimage\"},\"thumbnailUrl\":\"https:\/\/orthodoxalbania.org\/2020\/wp-content\/uploads\/2025\/12\/konferenca_i_nderkombetare_shqiperia_ne_periudhen_bizantine_nje_momentum_shkenco_01-1.jpg\",\"datePublished\":\"2025-12-14T21:24:48+00:00\",\"dateModified\":\"2025-12-14T21:28:39+00:00\",\"breadcrumb\":{\"@id\":\"https:\/\/orthodoxalbania.org\/2020\/2025\/12\/14\/konferenca-i-nderkombetare-shqiperia-ne-periudhen-bizantine-nje-momentum-shkencor-qe-vendosi-standard-te-ri-ne-boten-akademike-te-shqiperise\/#breadcrumb\"},\"inLanguage\":\"en-US\",\"potentialAction\":[{\"@type\":\"ReadAction\",\"target\":[\"https:\/\/orthodoxalbania.org\/2020\/2025\/12\/14\/konferenca-i-nderkombetare-shqiperia-ne-periudhen-bizantine-nje-momentum-shkencor-qe-vendosi-standard-te-ri-ne-boten-akademike-te-shqiperise\/\"]}]},{\"@type\":\"ImageObject\",\"inLanguage\":\"en-US\",\"@id\":\"https:\/\/orthodoxalbania.org\/2020\/2025\/12\/14\/konferenca-i-nderkombetare-shqiperia-ne-periudhen-bizantine-nje-momentum-shkencor-qe-vendosi-standard-te-ri-ne-boten-akademike-te-shqiperise\/#primaryimage\",\"url\":\"https:\/\/orthodoxalbania.org\/2020\/wp-content\/uploads\/2025\/12\/konferenca_i_nderkombetare_shqiperia_ne_periudhen_bizantine_nje_momentum_shkenco_01-1.jpg\",\"contentUrl\":\"https:\/\/orthodoxalbania.org\/2020\/wp-content\/uploads\/2025\/12\/konferenca_i_nderkombetare_shqiperia_ne_periudhen_bizantine_nje_momentum_shkenco_01-1.jpg\",\"width\":1600,\"height\":1066},{\"@type\":\"BreadcrumbList\",\"@id\":\"https:\/\/orthodoxalbania.org\/2020\/2025\/12\/14\/konferenca-i-nderkombetare-shqiperia-ne-periudhen-bizantine-nje-momentum-shkencor-qe-vendosi-standard-te-ri-ne-boten-akademike-te-shqiperise\/#breadcrumb\",\"itemListElement\":[{\"@type\":\"ListItem\",\"position\":1,\"name\":\"Home\",\"item\":\"https:\/\/orthodoxalbania.org\/2020\/\"},{\"@type\":\"ListItem\",\"position\":2,\"name\":\"Konferenca I Nd\u00ebrkomb\u00ebtare &#8220;Shqip\u00ebria n\u00eb periudh\u00ebn bizantine&#8221;: Nj\u00eb momentum shkencor q\u00eb vendosi standard t\u00eb ri n\u00eb bot\u00ebn akademike t\u00eb Shqip\u00ebris\u00eb\"}]},{\"@type\":\"WebSite\",\"@id\":\"https:\/\/orthodoxalbania.org\/2020\/#website\",\"url\":\"https:\/\/orthodoxalbania.org\/2020\/\",\"name\":\"Kisha Orthodh\u03bfkse Autoqefale e Shqip\u00ebris\u00eb\",\"description\":\"Fqja Zyrtare e Kish\u00ebs Orthodhokse Autoqefale e Shqip\u00ebris\u00eb me lajmet edhe informacionet zyrtare p\u00ebr struktur\u00ebn edhe veprimtarin e saj.\",\"publisher\":{\"@id\":\"https:\/\/orthodoxalbania.org\/2020\/#organization\"},\"potentialAction\":[{\"@type\":\"SearchAction\",\"target\":{\"@type\":\"EntryPoint\",\"urlTemplate\":\"https:\/\/orthodoxalbania.org\/2020\/?s={search_term_string}\"},\"query-input\":{\"@type\":\"PropertyValueSpecification\",\"valueRequired\":true,\"valueName\":\"search_term_string\"}}],\"inLanguage\":\"en-US\"},{\"@type\":\"Organization\",\"@id\":\"https:\/\/orthodoxalbania.org\/2020\/#organization\",\"name\":\"Kisha Orthodhokse Autoqefale e Shqip\u00ebris\u00eb\",\"url\":\"https:\/\/orthodoxalbania.org\/2020\/\",\"logo\":{\"@type\":\"ImageObject\",\"inLanguage\":\"en-US\",\"@id\":\"https:\/\/orthodoxalbania.org\/2020\/#\/schema\/logo\/image\/\",\"url\":\"https:\/\/orthodoxalbania.org\/2020\/wp-content\/uploads\/2020\/05\/albania.jpeg\",\"contentUrl\":\"https:\/\/orthodoxalbania.org\/2020\/wp-content\/uploads\/2020\/05\/albania.jpeg\",\"width\":540,\"height\":540,\"caption\":\"Kisha Orthodhokse Autoqefale e Shqip\u00ebris\u00eb\"},\"image\":{\"@id\":\"https:\/\/orthodoxalbania.org\/2020\/#\/schema\/logo\/image\/\"},\"sameAs\":[\"https:\/\/www.facebook.com\/koash1991\"]},{\"@type\":\"Person\",\"@id\":\"https:\/\/orthodoxalbania.org\/2020\/#\/schema\/person\/8f81792a8d818674e96c380e1085eb43\",\"name\":\"Administrator3\",\"image\":{\"@type\":\"ImageObject\",\"inLanguage\":\"en-US\",\"@id\":\"https:\/\/secure.gravatar.com\/avatar\/f6b85b21b3f9159ff2c0d0cf50724456629c45a3e9069c9124ecd8a6cb95f6ca?s=96&d=mm&r=g\",\"url\":\"https:\/\/secure.gravatar.com\/avatar\/f6b85b21b3f9159ff2c0d0cf50724456629c45a3e9069c9124ecd8a6cb95f6ca?s=96&d=mm&r=g\",\"contentUrl\":\"https:\/\/secure.gravatar.com\/avatar\/f6b85b21b3f9159ff2c0d0cf50724456629c45a3e9069c9124ecd8a6cb95f6ca?s=96&d=mm&r=g\",\"caption\":\"Administrator3\"}}]}<\/script>\n<!-- \/ Yoast SEO plugin. -->","yoast_head_json":{"title":"Konferenca I Nd\u00ebrkomb\u00ebtare \"Shqip\u00ebria n\u00eb periudh\u00ebn bizantine\": Nj\u00eb momentum shkencor q\u00eb vendosi standard t\u00eb ri n\u00eb bot\u00ebn akademike t\u00eb Shqip\u00ebris\u00eb - Kisha Orthodh\u03bfkse Autoqefale e Shqip\u00ebris\u00eb","robots":{"index":"index","follow":"follow","max-snippet":"max-snippet:-1","max-image-preview":"max-image-preview:large","max-video-preview":"max-video-preview:-1"},"canonical":"https:\/\/orthodoxalbania.org\/2020\/2025\/12\/14\/konferenca-i-nderkombetare-shqiperia-ne-periudhen-bizantine-nje-momentum-shkencor-qe-vendosi-standard-te-ri-ne-boten-akademike-te-shqiperise\/","og_locale":"en_US","og_type":"article","og_title":"Konferenca I Nd\u00ebrkomb\u00ebtare \"Shqip\u00ebria n\u00eb periudh\u00ebn bizantine\": Nj\u00eb momentum shkencor q\u00eb vendosi standard t\u00eb ri n\u00eb bot\u00ebn akademike t\u00eb Shqip\u00ebris\u00eb - Kisha Orthodh\u03bfkse Autoqefale e Shqip\u00ebris\u00eb","og_description":"M\u00eb 5 dhe 6 dhjetor 2025, Tirana mir\u00ebpriti Konferenc\u00ebn I Nd\u00ebrkomb\u00ebtare \"Shqip\u00ebria n\u00eb periudh\u00ebn bizantine\", nj\u00eb ngjarje e cila u vler\u00ebsua si gur themeli p\u00ebr studimet bizantine n\u00eb Shqip\u00ebri.","og_url":"https:\/\/orthodoxalbania.org\/2020\/2025\/12\/14\/konferenca-i-nderkombetare-shqiperia-ne-periudhen-bizantine-nje-momentum-shkencor-qe-vendosi-standard-te-ri-ne-boten-akademike-te-shqiperise\/","og_site_name":"Kisha Orthodh\u03bfkse Autoqefale e Shqip\u00ebris\u00eb","article_publisher":"https:\/\/www.facebook.com\/koash1991","article_published_time":"2025-12-14T21:24:48+00:00","article_modified_time":"2025-12-14T21:28:39+00:00","og_image":[{"width":1600,"height":1066,"url":"https:\/\/orthodoxalbania.org\/2020\/wp-content\/uploads\/2025\/12\/konferenca_i_nderkombetare_shqiperia_ne_periudhen_bizantine_nje_momentum_shkenco_01-1.jpg","type":"image\/jpeg"}],"author":"Administrator3","twitter_card":"summary_large_image","twitter_misc":{"Written by":"Administrator3","Est. reading time":"13 minutes"},"schema":{"@context":"https:\/\/schema.org","@graph":[{"@type":"Article","@id":"https:\/\/orthodoxalbania.org\/2020\/2025\/12\/14\/konferenca-i-nderkombetare-shqiperia-ne-periudhen-bizantine-nje-momentum-shkencor-qe-vendosi-standard-te-ri-ne-boten-akademike-te-shqiperise\/#article","isPartOf":{"@id":"https:\/\/orthodoxalbania.org\/2020\/2025\/12\/14\/konferenca-i-nderkombetare-shqiperia-ne-periudhen-bizantine-nje-momentum-shkencor-qe-vendosi-standard-te-ri-ne-boten-akademike-te-shqiperise\/"},"author":{"name":"Administrator3","@id":"https:\/\/orthodoxalbania.org\/2020\/#\/schema\/person\/8f81792a8d818674e96c380e1085eb43"},"headline":"Konferenca I Nd\u00ebrkomb\u00ebtare &#8220;Shqip\u00ebria n\u00eb periudh\u00ebn bizantine&#8221;: Nj\u00eb momentum shkencor q\u00eb vendosi standard t\u00eb ri n\u00eb bot\u00ebn akademike t\u00eb Shqip\u00ebris\u00eb","datePublished":"2025-12-14T21:24:48+00:00","dateModified":"2025-12-14T21:28:39+00:00","mainEntityOfPage":{"@id":"https:\/\/orthodoxalbania.org\/2020\/2025\/12\/14\/konferenca-i-nderkombetare-shqiperia-ne-periudhen-bizantine-nje-momentum-shkencor-qe-vendosi-standard-te-ri-ne-boten-akademike-te-shqiperise\/"},"wordCount":3458,"publisher":{"@id":"https:\/\/orthodoxalbania.org\/2020\/#organization"},"image":{"@id":"https:\/\/orthodoxalbania.org\/2020\/2025\/12\/14\/konferenca-i-nderkombetare-shqiperia-ne-periudhen-bizantine-nje-momentum-shkencor-qe-vendosi-standard-te-ri-ne-boten-akademike-te-shqiperise\/#primaryimage"},"thumbnailUrl":"https:\/\/orthodoxalbania.org\/2020\/wp-content\/uploads\/2025\/12\/konferenca_i_nderkombetare_shqiperia_ne_periudhen_bizantine_nje_momentum_shkenco_01-1.jpg","keywords":["Akademia e Shkencave","art bizantin","Bizanti","dor\u00ebshkrime","Joan Kukuzeli","Kisha Orthodhokse","konferenc\u00eb nd\u00ebrkomb\u00ebtare","Shqip\u00ebria Bizantine","Studimet Bizantine","trash\u00ebgimi kulturore"],"articleSection":["Lajme AL"],"inLanguage":"en-US"},{"@type":"WebPage","@id":"https:\/\/orthodoxalbania.org\/2020\/2025\/12\/14\/konferenca-i-nderkombetare-shqiperia-ne-periudhen-bizantine-nje-momentum-shkencor-qe-vendosi-standard-te-ri-ne-boten-akademike-te-shqiperise\/","url":"https:\/\/orthodoxalbania.org\/2020\/2025\/12\/14\/konferenca-i-nderkombetare-shqiperia-ne-periudhen-bizantine-nje-momentum-shkencor-qe-vendosi-standard-te-ri-ne-boten-akademike-te-shqiperise\/","name":"Konferenca I Nd\u00ebrkomb\u00ebtare \"Shqip\u00ebria n\u00eb periudh\u00ebn bizantine\": Nj\u00eb momentum shkencor q\u00eb vendosi standard t\u00eb ri n\u00eb bot\u00ebn akademike t\u00eb Shqip\u00ebris\u00eb - Kisha Orthodh\u03bfkse Autoqefale e Shqip\u00ebris\u00eb","isPartOf":{"@id":"https:\/\/orthodoxalbania.org\/2020\/#website"},"primaryImageOfPage":{"@id":"https:\/\/orthodoxalbania.org\/2020\/2025\/12\/14\/konferenca-i-nderkombetare-shqiperia-ne-periudhen-bizantine-nje-momentum-shkencor-qe-vendosi-standard-te-ri-ne-boten-akademike-te-shqiperise\/#primaryimage"},"image":{"@id":"https:\/\/orthodoxalbania.org\/2020\/2025\/12\/14\/konferenca-i-nderkombetare-shqiperia-ne-periudhen-bizantine-nje-momentum-shkencor-qe-vendosi-standard-te-ri-ne-boten-akademike-te-shqiperise\/#primaryimage"},"thumbnailUrl":"https:\/\/orthodoxalbania.org\/2020\/wp-content\/uploads\/2025\/12\/konferenca_i_nderkombetare_shqiperia_ne_periudhen_bizantine_nje_momentum_shkenco_01-1.jpg","datePublished":"2025-12-14T21:24:48+00:00","dateModified":"2025-12-14T21:28:39+00:00","breadcrumb":{"@id":"https:\/\/orthodoxalbania.org\/2020\/2025\/12\/14\/konferenca-i-nderkombetare-shqiperia-ne-periudhen-bizantine-nje-momentum-shkencor-qe-vendosi-standard-te-ri-ne-boten-akademike-te-shqiperise\/#breadcrumb"},"inLanguage":"en-US","potentialAction":[{"@type":"ReadAction","target":["https:\/\/orthodoxalbania.org\/2020\/2025\/12\/14\/konferenca-i-nderkombetare-shqiperia-ne-periudhen-bizantine-nje-momentum-shkencor-qe-vendosi-standard-te-ri-ne-boten-akademike-te-shqiperise\/"]}]},{"@type":"ImageObject","inLanguage":"en-US","@id":"https:\/\/orthodoxalbania.org\/2020\/2025\/12\/14\/konferenca-i-nderkombetare-shqiperia-ne-periudhen-bizantine-nje-momentum-shkencor-qe-vendosi-standard-te-ri-ne-boten-akademike-te-shqiperise\/#primaryimage","url":"https:\/\/orthodoxalbania.org\/2020\/wp-content\/uploads\/2025\/12\/konferenca_i_nderkombetare_shqiperia_ne_periudhen_bizantine_nje_momentum_shkenco_01-1.jpg","contentUrl":"https:\/\/orthodoxalbania.org\/2020\/wp-content\/uploads\/2025\/12\/konferenca_i_nderkombetare_shqiperia_ne_periudhen_bizantine_nje_momentum_shkenco_01-1.jpg","width":1600,"height":1066},{"@type":"BreadcrumbList","@id":"https:\/\/orthodoxalbania.org\/2020\/2025\/12\/14\/konferenca-i-nderkombetare-shqiperia-ne-periudhen-bizantine-nje-momentum-shkencor-qe-vendosi-standard-te-ri-ne-boten-akademike-te-shqiperise\/#breadcrumb","itemListElement":[{"@type":"ListItem","position":1,"name":"Home","item":"https:\/\/orthodoxalbania.org\/2020\/"},{"@type":"ListItem","position":2,"name":"Konferenca I Nd\u00ebrkomb\u00ebtare &#8220;Shqip\u00ebria n\u00eb periudh\u00ebn bizantine&#8221;: Nj\u00eb momentum shkencor q\u00eb vendosi standard t\u00eb ri n\u00eb bot\u00ebn akademike t\u00eb Shqip\u00ebris\u00eb"}]},{"@type":"WebSite","@id":"https:\/\/orthodoxalbania.org\/2020\/#website","url":"https:\/\/orthodoxalbania.org\/2020\/","name":"Kisha Orthodh\u03bfkse Autoqefale e Shqip\u00ebris\u00eb","description":"Fqja Zyrtare e Kish\u00ebs Orthodhokse Autoqefale e Shqip\u00ebris\u00eb me lajmet edhe informacionet zyrtare p\u00ebr struktur\u00ebn edhe veprimtarin e saj.","publisher":{"@id":"https:\/\/orthodoxalbania.org\/2020\/#organization"},"potentialAction":[{"@type":"SearchAction","target":{"@type":"EntryPoint","urlTemplate":"https:\/\/orthodoxalbania.org\/2020\/?s={search_term_string}"},"query-input":{"@type":"PropertyValueSpecification","valueRequired":true,"valueName":"search_term_string"}}],"inLanguage":"en-US"},{"@type":"Organization","@id":"https:\/\/orthodoxalbania.org\/2020\/#organization","name":"Kisha Orthodhokse Autoqefale e Shqip\u00ebris\u00eb","url":"https:\/\/orthodoxalbania.org\/2020\/","logo":{"@type":"ImageObject","inLanguage":"en-US","@id":"https:\/\/orthodoxalbania.org\/2020\/#\/schema\/logo\/image\/","url":"https:\/\/orthodoxalbania.org\/2020\/wp-content\/uploads\/2020\/05\/albania.jpeg","contentUrl":"https:\/\/orthodoxalbania.org\/2020\/wp-content\/uploads\/2020\/05\/albania.jpeg","width":540,"height":540,"caption":"Kisha Orthodhokse Autoqefale e Shqip\u00ebris\u00eb"},"image":{"@id":"https:\/\/orthodoxalbania.org\/2020\/#\/schema\/logo\/image\/"},"sameAs":["https:\/\/www.facebook.com\/koash1991"]},{"@type":"Person","@id":"https:\/\/orthodoxalbania.org\/2020\/#\/schema\/person\/8f81792a8d818674e96c380e1085eb43","name":"Administrator3","image":{"@type":"ImageObject","inLanguage":"en-US","@id":"https:\/\/secure.gravatar.com\/avatar\/f6b85b21b3f9159ff2c0d0cf50724456629c45a3e9069c9124ecd8a6cb95f6ca?s=96&d=mm&r=g","url":"https:\/\/secure.gravatar.com\/avatar\/f6b85b21b3f9159ff2c0d0cf50724456629c45a3e9069c9124ecd8a6cb95f6ca?s=96&d=mm&r=g","contentUrl":"https:\/\/secure.gravatar.com\/avatar\/f6b85b21b3f9159ff2c0d0cf50724456629c45a3e9069c9124ecd8a6cb95f6ca?s=96&d=mm&r=g","caption":"Administrator3"}}]}},"_links":{"self":[{"href":"https:\/\/orthodoxalbania.org\/2020\/wp-json\/wp\/v2\/posts\/68819","targetHints":{"allow":["GET"]}}],"collection":[{"href":"https:\/\/orthodoxalbania.org\/2020\/wp-json\/wp\/v2\/posts"}],"about":[{"href":"https:\/\/orthodoxalbania.org\/2020\/wp-json\/wp\/v2\/types\/post"}],"author":[{"embeddable":true,"href":"https:\/\/orthodoxalbania.org\/2020\/wp-json\/wp\/v2\/users\/5"}],"replies":[{"embeddable":true,"href":"https:\/\/orthodoxalbania.org\/2020\/wp-json\/wp\/v2\/comments?post=68819"}],"version-history":[{"count":2,"href":"https:\/\/orthodoxalbania.org\/2020\/wp-json\/wp\/v2\/posts\/68819\/revisions"}],"predecessor-version":[{"id":68824,"href":"https:\/\/orthodoxalbania.org\/2020\/wp-json\/wp\/v2\/posts\/68819\/revisions\/68824"}],"wp:featuredmedia":[{"embeddable":true,"href":"https:\/\/orthodoxalbania.org\/2020\/wp-json\/wp\/v2\/media\/68779"}],"wp:attachment":[{"href":"https:\/\/orthodoxalbania.org\/2020\/wp-json\/wp\/v2\/media?parent=68819"}],"wp:term":[{"taxonomy":"category","embeddable":true,"href":"https:\/\/orthodoxalbania.org\/2020\/wp-json\/wp\/v2\/categories?post=68819"},{"taxonomy":"post_tag","embeddable":true,"href":"https:\/\/orthodoxalbania.org\/2020\/wp-json\/wp\/v2\/tags?post=68819"}],"curies":[{"name":"wp","href":"https:\/\/api.w.org\/{rel}","templated":true}]}}