{"id":688,"date":"2007-02-26T00:00:00","date_gmt":"2007-02-26T00:00:00","guid":{"rendered":""},"modified":"2020-04-06T22:35:47","modified_gmt":"2020-04-06T20:35:47","slug":"kampi-i-dyte-i-djemve-rilindja-ne-zvernec-te-ecim-me-driten-e-krishtit-korrik-2007","status":"publish","type":"post","link":"https:\/\/orthodoxalbania.org\/2020\/2007\/02\/26\/kampi-i-dyte-i-djemve-rilindja-ne-zvernec-te-ecim-me-driten-e-krishtit-korrik-2007\/","title":{"rendered":"Kampi i dyt\u00eb i djemve &#8220;Rilindja&#8221; n\u00eb Zv\u00ebrnec T\u00eb ecim me drit\u00ebn e Krishtit. (Korrik 2007)"},"content":{"rendered":"<table id=\"AutoNumber2\" style=\"width: 679px; height: 3590px;\" border=\"0\">\n<tbody>\n<tr>\n<td>\n<p style=\"text-align: justify;\"><span style=\"color: #000000;\"><span style=\"font-family: tahoma,geneva,sans-serif;\"><span style=\"font-size: 12px;\">&nbsp;&nbsp;&nbsp; N\u00eb nj\u00eb ambient piktoresk ku mbizot\u00ebron gjelb\u00ebrimi, ajri i past\u00ebr dhe harmonia e natyr\u00ebs, n\u00eb ishullin q\u00eb ndodhet n\u00eb prehrin e lagun\u00ebs s\u00eb Nart\u00ebs dhe ku historikisht q\u00ebndron madh\u00ebshtor Manastiri i famsh\u00ebm \u201cFjetja e Hyjlind\u00ebses\u201d n\u00eb Zv\u00ebrnec t\u00eb Vlor\u00ebs, u zhvillua kampi i dyt\u00eb i Kish\u00ebs son\u00eb me djemt\u00eb e mosh\u00ebs 14 \u2013 18 vje\u00e7. Dhjet\u00eb dit\u00eb (13 \u2013 23 korrik) ishin m\u00eb shum\u00eb se sh\u00ebnimet e nj\u00eb ditari.<\/span><\/span><\/span><\/p>\n<\/td>\n<td>\n<p><span style=\"color: #000000;\"><span style=\"font-family: tahoma,geneva,sans-serif;\"><span style=\"font-size: 12px;\"><img decoding=\"async\" class=\"lazyload HAa Eha\" style=\"border-width: 1px; border-style: solid; margin: 10px auto; display: block;\" alt=\"\" src=\"data:image\/svg+xml,%3Csvg%20xmlns%3D%27http%3A%2F%2Fwww.w3.org%2F2000%2Fsvg%27%20width%3D%27309%27%20height%3D%27235%27%20viewBox%3D%270%200%20309%20235%27%3E%3Crect%20width%3D%27309%27%20height%3D%27235%27%20fill-opacity%3D%220%22%2F%3E%3C%2Fsvg%3E\" data-orig-src=\"https:\/\/lh6.googleusercontent.com\/-kc_KLmlsizc\/VIqnlVmk0MI\/AAAAAAAAGuI\/8JX_d48W1iU\/w400-h304-no\/pic1.jpg\" height=\"235\" width=\"309\" \/><\/span><\/span><\/span><\/p>\n<\/td>\n<\/tr>\n<tr>\n<td>\n<p><span style=\"color: #000000;\"><span style=\"font-family: tahoma,geneva,sans-serif;\"><span style=\"font-size: 12px;\"><img decoding=\"async\" class=\"lazyload HAa Eha\" style=\"border-width: 1px; border-style: solid; margin: 10px auto; display: block;\" alt=\"\" src=\"data:image\/svg+xml,%3Csvg%20xmlns%3D%27http%3A%2F%2Fwww.w3.org%2F2000%2Fsvg%27%20width%3D%27312%27%20height%3D%27234%27%20viewBox%3D%270%200%20312%20234%27%3E%3Crect%20width%3D%27312%27%20height%3D%27234%27%20fill-opacity%3D%220%22%2F%3E%3C%2Fsvg%3E\" data-orig-src=\"https:\/\/lh3.googleusercontent.com\/-hAXR8z4wKt4\/VIqnl8y3PmI\/AAAAAAAAGuE\/oS7lO1cE7YQ\/w400-h300-no\/pic2.jpg\" height=\"234\" width=\"312\" \/><\/span><\/span><\/span><\/p>\n<\/td>\n<td>\n<p style=\"text-align: justify;\"><span style=\"color: #000000;\"><span style=\"font-family: tahoma,geneva,sans-serif;\"><span style=\"font-size: 12px;\">&nbsp;&nbsp;&nbsp;&nbsp; Larg nj\u00eb monotonie t\u00eb zakonshme verore dhe dit\u00ebve t\u00eb nxehta, larg p\u00ebrk\u00ebdheljeve prind\u00ebrore\u2026 n\u00eb nj\u00eb atmosfer\u00eb t\u00eb krishter\u00eb mes dashuris\u00eb v\u00ebllaz\u00ebrore, me lutje e biseda miq\u00ebsore, loj\u00ebra sportive, por edhe pun\u00eb p\u00ebr tu njohur dhe p\u00ebrgatitur me sfidat e panum\u00ebrta t\u00eb jet\u00ebs.<\/span><\/span><\/span><\/p>\n<\/td>\n<\/tr>\n<tr>\n<td>\n<p style=\"text-align: justify;\"><span style=\"color: #000000;\"><span style=\"font-family: tahoma,geneva,sans-serif;\"><span style=\"font-size: 12px;\">&nbsp;&nbsp;&nbsp;&nbsp; Kjo ishte tabloja e projektuar n\u00eb v\u00ebmendjen e gjimnazist\u00ebve q\u00eb kishin ardhur nga pothuajse e gjith\u00eb Shqip\u00ebria. Ata ishin 120 vet\u00eb dhe bashk\u00eb me drejtuesit e tyre, t\u00eb cil\u00ebt vinin nga Akademia Teologjike \u201cNgjallja e Krishtit\u201d n\u00eb Sh\u00ebn Vlash t\u00eb Durr\u00ebsit p\u00ebrjetuan nj\u00eb kamp q\u00eb shkonte p\u00ebrshtat edhe me tem\u00ebn qendrore: \u201cTani t\u00eb gjitha u mbush\u00ebn me drit\u00eb\u201d.<\/span><\/span><\/span><\/p>\n<\/td>\n<td>\n<p><span style=\"color: #000000;\"><span style=\"font-family: tahoma,geneva,sans-serif;\"><span style=\"font-size: 12px;\"><img decoding=\"async\" class=\"lazyload HAa Eha\" style=\"border-width: 1px; border-style: solid; margin: 10px auto; display: block;\" alt=\"\" src=\"data:image\/svg+xml,%3Csvg%20xmlns%3D%27http%3A%2F%2Fwww.w3.org%2F2000%2Fsvg%27%20width%3D%27289%27%20height%3D%27217%27%20viewBox%3D%270%200%20289%20217%27%3E%3Crect%20width%3D%27289%27%20height%3D%27217%27%20fill-opacity%3D%220%22%2F%3E%3C%2Fsvg%3E\" data-orig-src=\"https:\/\/lh3.googleusercontent.com\/-pRnFPYHEE04\/VIqnlwdfnKI\/AAAAAAAAGuA\/7wWUOhhilEs\/w400-h300-no\/pic3.jpg\" height=\"217\" width=\"289\" \/><\/span><\/span><\/span><\/p>\n<\/td>\n<\/tr>\n<tr>\n<td>\n<p><span style=\"color: #000000;\"><span style=\"font-family: tahoma,geneva,sans-serif;\"><span style=\"font-size: 12px;\"><img decoding=\"async\" class=\"lazyload HAa Eha\" style=\"border-width: 1px; border-style: solid; margin: 10px auto; display: block;\" alt=\"\" src=\"data:image\/svg+xml,%3Csvg%20xmlns%3D%27http%3A%2F%2Fwww.w3.org%2F2000%2Fsvg%27%20width%3D%27347%27%20height%3D%27260%27%20viewBox%3D%270%200%20347%20260%27%3E%3Crect%20width%3D%27347%27%20height%3D%27260%27%20fill-opacity%3D%220%22%2F%3E%3C%2Fsvg%3E\" data-orig-src=\"https:\/\/lh5.googleusercontent.com\/--xKwI1OFBDU\/VIqnmc1fv6I\/AAAAAAAAGtY\/sE448gXsDEQ\/w400-h300-no\/pic4.jpg\" height=\"260\" width=\"347\" \/><\/span><\/span><\/span><\/p>\n<\/td>\n<td>\n<p style=\"text-align: justify;\"><span style=\"color: #000000;\"><span style=\"font-family: tahoma,geneva,sans-serif;\"><span style=\"font-size: 12px;\">&nbsp;&nbsp;&nbsp;&nbsp; Zv\u00ebrneci mbetet pa asnj\u00eb m\u00ebdyshje vendi m\u00eb i spikatur p\u00ebr kampet e djemve dhe nj\u00eb ambient i p\u00ebrshtatsh\u00ebm p\u00ebr t\u00eb gjall\u00ebruar jet\u00ebn shpirt\u00ebrore. Ky vend \u00ebsht\u00eb i mbushur me drit\u00ebn e Krishtit dhe t\u00eb rinjt\u00eb p\u00ebrjetojn\u00eb bekime t\u00eb shumta, aq dometh\u00ebn\u00ebse p\u00ebr jet\u00ebn e tyre shpirt\u00ebrore.<\/span><\/span><\/span><\/p>\n<\/td>\n<\/tr>\n<tr>\n<td>\n<p style=\"text-align: justify;\"><span style=\"color: #000000;\"><span style=\"font-family: tahoma,geneva,sans-serif;\"><span style=\"font-size: 12px;\">&nbsp;&nbsp;&nbsp;&nbsp; N\u00eb nj\u00eb bised\u00eb q\u00eb zhvilluam me p\u00ebrgjegj\u00ebsin e k\u00ebtij aktiviteti, z. Harallamb Terziu, u njoh\u00ebm me programin e p\u00ebrditsh\u00ebm. M\u00ebngjesi niste me ngritjen e flamurit q\u00eb shoq\u00ebrohej me k\u00ebndimin e himnit t\u00eb kampit. M\u00eb pas gjimnazist\u00ebt merrnin pjes\u00eb n\u00eb sh\u00ebrbes\u00ebn e M\u00ebngjesores.<\/span><\/span><\/span><\/p>\n<\/td>\n<td>\n<p><span style=\"color: #000000;\"><span style=\"font-family: tahoma,geneva,sans-serif;\"><span style=\"font-size: 12px;\"><img decoding=\"async\" class=\"lazyload HAa Eha\" style=\"border-width: 1px; border-style: solid; margin: 10px auto; display: block;\" alt=\"\" src=\"data:image\/svg+xml,%3Csvg%20xmlns%3D%27http%3A%2F%2Fwww.w3.org%2F2000%2Fsvg%27%20width%3D%27311%27%20height%3D%27234%27%20viewBox%3D%270%200%20311%20234%27%3E%3Crect%20width%3D%27311%27%20height%3D%27234%27%20fill-opacity%3D%220%22%2F%3E%3C%2Fsvg%3E\" data-orig-src=\"https:\/\/lh3.googleusercontent.com\/-4rpokL7nYjY\/VIqnmt5IgDI\/AAAAAAAAGt8\/h8ZxCapZhPo\/w400-h300-no\/pic5.jpg\" height=\"234\" width=\"311\" \/><\/span><\/span><\/span><\/p>\n<\/td>\n<\/tr>\n<tr>\n<td>\n<p><span style=\"color: #000000;\"><span style=\"font-family: tahoma,geneva,sans-serif;\"><span style=\"font-size: 12px;\"><img decoding=\"async\" class=\"lazyload HAa Eha\" style=\"border-width: 1px; border-style: solid; margin: 10px auto; display: block;\" alt=\"\" src=\"data:image\/svg+xml,%3Csvg%20xmlns%3D%27http%3A%2F%2Fwww.w3.org%2F2000%2Fsvg%27%20width%3D%27337%27%20height%3D%27253%27%20viewBox%3D%270%200%20337%20253%27%3E%3Crect%20width%3D%27337%27%20height%3D%27253%27%20fill-opacity%3D%220%22%2F%3E%3C%2Fsvg%3E\" data-orig-src=\"https:\/\/lh6.googleusercontent.com\/-ivcC2yfPu_U\/VIqnmygiElI\/AAAAAAAAGt4\/AFWbjXVmttw\/w400-h300-no\/pic6.jpg\" height=\"253\" width=\"337\" \/><\/span><\/span><\/span><\/p>\n<\/td>\n<td>\n<p style=\"text-align: justify;\"><span style=\"color: #000000;\"><span style=\"font-family: tahoma,geneva,sans-serif;\"><span style=\"font-size: 12px;\">&nbsp;&nbsp;&nbsp;&nbsp; Pas ngr\u00ebnies s\u00eb m\u00ebngjesit zhvillonin nj\u00eb diskutim n\u00eb grup t\u00eb vog\u00ebl rreth mesazhit t\u00eb Ungjillit t\u00eb dit\u00ebs. Or\u00ebt e drek\u00ebs i kalonin n\u00eb plazh, nd\u00ebrsa gjat\u00eb pasdites zhvillonin loj\u00ebra sportive si kampionate futbolli, shahu, tavlle, domino etj.<\/span><\/span><\/span><\/p>\n<\/td>\n<\/tr>\n<tr>\n<td>\n<p style=\"text-align: justify;\"><span style=\"color: #000000;\"><span style=\"font-family: tahoma,geneva,sans-serif;\"><span style=\"font-size: 12px;\">&nbsp;&nbsp;&nbsp;&nbsp; N\u00eb or\u00ebn 19.00 t\u00eb gjith\u00eb s\u00eb bashku mblidheshin n\u00eb oborrin e Manastirit p\u00ebr t\u00eb d\u00ebgjuar referatin, i cili mbahej nga klerik\u00eb, teolog\u00eb dhe pedagog\u00eb t\u00eb Akademis\u00eb Teologjike.&nbsp; N\u00eb mbr\u00ebmje zhvillohej edhe sh\u00ebrbesa e Pasdark\u00ebs, nd\u00ebrkoh\u00eb q\u00eb t\u00eb dit\u00ebn e diel dhe t\u00eb kremtet e m\u00ebdha t\u00eb Kish\u00ebs kryhej Liturgjia Hyjnore.<\/span><\/span><\/span><\/p>\n<\/td>\n<td>\n<p><span style=\"color: #000000;\"><span style=\"font-family: tahoma,geneva,sans-serif;\"><span style=\"font-size: 12px;\"><img decoding=\"async\" class=\"lazyload HAa Eha\" style=\"border-width: 1px; border-style: solid; margin: 10px auto; display: block;\" alt=\"\" src=\"data:image\/svg+xml,%3Csvg%20xmlns%3D%27http%3A%2F%2Fwww.w3.org%2F2000%2Fsvg%27%20width%3D%27329%27%20height%3D%27247%27%20viewBox%3D%270%200%20329%20247%27%3E%3Crect%20width%3D%27329%27%20height%3D%27247%27%20fill-opacity%3D%220%22%2F%3E%3C%2Fsvg%3E\" data-orig-src=\"https:\/\/lh6.googleusercontent.com\/-R7mJJSk89kA\/VIqnnCjNHTI\/AAAAAAAAGts\/Zu91nURd8pU\/w400-h300-no\/pic7.jpg\" height=\"247\" width=\"329\" \/><\/span><\/span><\/span><\/p>\n<\/td>\n<\/tr>\n<tr>\n<td>\n<p><span style=\"color: #000000;\"><span style=\"font-family: tahoma,geneva,sans-serif;\"><span style=\"font-size: 12px;\"><img decoding=\"async\" class=\"lazyload HAa Eha\" style=\"border-width: 1px; border-style: solid; margin: 10px auto; display: block;\" alt=\"\" src=\"data:image\/svg+xml,%3Csvg%20xmlns%3D%27http%3A%2F%2Fwww.w3.org%2F2000%2Fsvg%27%20width%3D%27337%27%20height%3D%27265%27%20viewBox%3D%270%200%20337%20265%27%3E%3Crect%20width%3D%27337%27%20height%3D%27265%27%20fill-opacity%3D%220%22%2F%3E%3C%2Fsvg%3E\" data-orig-src=\"https:\/\/lh3.googleusercontent.com\/-Fe8dAg_5NeI\/VIqnne-Z8BI\/AAAAAAAAGtw\/OyIk9Lc-J08\/w400-h315-no\/pic8.jpg\" height=\"265\" width=\"337\" \/><\/span><\/span><\/span><\/p>\n<\/td>\n<td>\n<p style=\"text-align: justify;\"><span style=\"color: #000000;\"><span style=\"font-family: tahoma,geneva,sans-serif;\"><span style=\"font-size: 12px;\">&nbsp;&nbsp;&nbsp;&nbsp; Nj\u00eb nga dit\u00ebt m\u00eb t\u00eb ve\u00e7anta t\u00eb kampit ishte edhe pag\u00ebzimi i 20 t\u00eb rinjve, t\u00eb cil\u00ebt \u201cu vesh\u00ebn me Krishtin\u201d, duke u b\u00ebr\u00eb an\u00ebtar\u00eb t\u00eb Kish\u00ebs s\u00eb Tij. Pag\u00ebzimi u krye nga Episkopi i Apollonis\u00eb, Hir\u00ebsi Nikolla, i ndihmuar edhe nga At\u00eb Kozma Sovjani dhe dhjakon Spiro Kostoli. Shum\u00eb t\u00eb rinj mor\u00ebn pjes\u00eb edhe n\u00eb Misterin e Rr\u00ebfimit, i cili u krye nga At\u00eb Jani Trebicka.<\/span><\/span><\/span><\/p>\n<\/td>\n<\/tr>\n<tr>\n<td>\n<p style=\"text-align: justify;\"><span style=\"color: #000000;\"><span style=\"font-family: tahoma,geneva,sans-serif;\"><span style=\"font-size: 12px;\">&nbsp;&nbsp;&nbsp;&nbsp; Nj\u00eb ndihm\u00eb t\u00eb ve\u00e7ant\u00eb p\u00ebr pasurimin e jet\u00ebs shpirt\u00ebrore t\u00eb kampist\u00ebve dha edhe At\u00eb Kozmai, i cili si At\u00eb shpirt\u00ebror i k\u00ebtij kampi q\u00ebndroi \u00e7do moment pran\u00eb t\u00eb rinjve, duke iu q\u00ebndruar pran\u00eb n\u00eb problemet e tyre dhe k\u00ebshillat at\u00ebrore.<\/span><\/span><\/span><\/p>\n<\/td>\n<td>\n<p><span style=\"color: #000000;\"><span style=\"font-family: tahoma,geneva,sans-serif;\"><span style=\"font-size: 12px;\"><img decoding=\"async\" class=\"lazyload HAa Eha\" style=\"border-width: 1px; border-style: solid; margin: 10px auto; display: block;\" alt=\"\" src=\"data:image\/svg+xml,%3Csvg%20xmlns%3D%27http%3A%2F%2Fwww.w3.org%2F2000%2Fsvg%27%20width%3D%27330%27%20height%3D%27248%27%20viewBox%3D%270%200%20330%20248%27%3E%3Crect%20width%3D%27330%27%20height%3D%27248%27%20fill-opacity%3D%220%22%2F%3E%3C%2Fsvg%3E\" data-orig-src=\"https:\/\/lh6.googleusercontent.com\/-_8ILQ5fQ4sc\/VIqnnqhPFLI\/AAAAAAAAGt0\/GTny23i6BvA\/w400-h300-no\/pic9.jpg\" height=\"248\" width=\"330\" \/><\/span><\/span><\/span><\/p>\n<\/td>\n<\/tr>\n<tr>\n<td>\n<p><span style=\"color: #000000;\"><span style=\"font-family: tahoma,geneva,sans-serif;\"><span style=\"font-size: 12px;\"><img decoding=\"async\" class=\"lazyload HAa Eha\" style=\"border-width: 1px; border-style: solid; margin: 10px auto; display: block;\" alt=\"\" src=\"data:image\/svg+xml,%3Csvg%20xmlns%3D%27http%3A%2F%2Fwww.w3.org%2F2000%2Fsvg%27%20width%3D%27324%27%20height%3D%27243%27%20viewBox%3D%270%200%20324%20243%27%3E%3Crect%20width%3D%27324%27%20height%3D%27243%27%20fill-opacity%3D%220%22%2F%3E%3C%2Fsvg%3E\" data-orig-src=\"https:\/\/lh6.googleusercontent.com\/-jZgEYUtC8x0\/VIqnlmulmLI\/AAAAAAAAGuQ\/ykt6mnOhT7Q\/w400-h300-no\/pic10.jpg\" height=\"243\" width=\"324\" \/><\/span><\/span><\/span><\/p>\n<\/td>\n<td>\n<p style=\"text-align: justify;\"><span style=\"color: #000000;\"><span style=\"font-family: tahoma,geneva,sans-serif;\"><span style=\"font-size: 12px;\">&nbsp;&nbsp;&nbsp;&nbsp; Gjithashtu kampi u vizitua edhe nga dy drejtuese t\u00eb kampit t\u00eb vajzave, Sonila Dedja dhe Ana K\u00ebr\u00e7yku, q\u00eb \u00ebsht\u00eb duke u zhvilluar paralelisht n\u00eb Manastirin e Sh\u00ebn Joan Vladimirit, pran\u00eb Elbasanit. Ato fol\u00ebn p\u00ebr eksperienc\u00ebn n\u00eb kampet e vajzave dhe p\u00ebr tem\u00ebn: \u201cSi t\u00eb ecim me Krishtin\u201d.<\/span><\/span><\/span><\/p>\n<\/td>\n<\/tr>\n<tr>\n<td>\n<p style=\"text-align: justify;\"><span style=\"color: #000000;\"><span style=\"font-family: tahoma,geneva,sans-serif;\"><span style=\"font-size: 12px;\">&nbsp;&nbsp;&nbsp;&nbsp; Madje iu m\u00ebsuan gjimnazist\u00ebve disa k\u00ebng\u00eb e loj\u00ebra arg\u00ebtuese. Kampi p\u00ebrfundoi me nj\u00eb mbr\u00ebmje festive dhe pjes\u00ebmarr\u00ebsit u shpreh\u00ebn t\u00eb k\u00ebnaqur p\u00ebr organizimin dhe t\u00eb gjitha bekimet q\u00eb mor\u00ebn n\u00eb k\u00ebt\u00eb veprimtari.<\/span><\/span><\/span><\/p>\n<\/td>\n<td>\n<p><span style=\"color: #000000;\"><span style=\"font-family: tahoma,geneva,sans-serif;\"><span style=\"font-size: 12px;\"><img decoding=\"async\" class=\"lazyload HAa Eha\" style=\"border-width: 1px; border-style: solid; margin: 10px auto; display: block;\" alt=\"\" src=\"data:image\/svg+xml,%3Csvg%20xmlns%3D%27http%3A%2F%2Fwww.w3.org%2F2000%2Fsvg%27%20width%3D%27301%27%20height%3D%27226%27%20viewBox%3D%270%200%20301%20226%27%3E%3Crect%20width%3D%27301%27%20height%3D%27226%27%20fill-opacity%3D%220%22%2F%3E%3C%2Fsvg%3E\" data-orig-src=\"https:\/\/lh4.googleusercontent.com\/-V3w2RPERI64\/VIqnlSuWzAI\/AAAAAAAAGtE\/o79CqEYuDzk\/w400-h300-no\/pic11.jpg\" height=\"226\" width=\"301\" \/><\/span><\/span><\/span><\/p>\n<\/td>\n<\/tr>\n<tr>\n<td>&nbsp;<\/td>\n<td>&nbsp;<\/td>\n<\/tr>\n<\/tbody>\n<\/table>\n<p>&nbsp;<\/p>\n<p><span style=\"color: #000000;\"><span style=\"font-family: tahoma,geneva,sans-serif;\"><span style=\"font-size: 12px;\"><strong>Isidor Koti<\/strong><\/span><\/span><\/span><\/p>\n","protected":false},"excerpt":{"rendered":"<p>&nbsp;&nbsp;&nbsp; N\u00eb nj\u00eb ambient piktoresk ku mbizot\u00ebron gjelb\u00ebrimi, ajri i past\u00ebr dhe harmonia e natyr\u00ebs, n\u00eb ishullin q\u00eb ndodhet n\u00eb prehrin e lagun\u00ebs s\u00eb Nart\u00ebs dhe ku historikisht q\u00ebndron madh\u00ebshtor Manastiri i famsh\u00ebm \u201cFjetja e Hyjlind\u00ebses\u201d n\u00eb Zv\u00ebrnec t\u00eb Vlor\u00ebs, u zhvillua kampi i dyt\u00eb i Kish\u00ebs son\u00eb me djemt\u00eb e mosh\u00ebs 14 \u2013 18 vje\u00e7. Dhjet\u00eb dit\u00eb (13 \u2013 23 korrik) ishin m\u00eb shum\u00eb<\/p>\n","protected":false},"author":1,"featured_media":0,"comment_status":"open","ping_status":"open","sticky":false,"template":"","format":"standard","meta":{"_acf_changed":false,"pagelayer_contact_templates":[],"_pagelayer_content":"","inline_featured_image":false,"fifu_image_url":"","fifu_image_alt":"","footnotes":""},"categories":[108],"tags":[147,200,196,212,176],"class_list":["post-688","post","type-post","status-publish","format-standard","hentry","category-lajme","tag-147","tag-kampe-verore","tag-tirane","tag-lajme-d27","tag-rinia-orthodhokse"],"acf":[],"yoast_head":"<!-- This site is optimized with the Yoast SEO plugin v27.2 - https:\/\/yoast.com\/product\/yoast-seo-wordpress\/ -->\n<title>Kampi i dyt\u00eb i djemve &quot;Rilindja&quot; n\u00eb Zv\u00ebrnec T\u00eb ecim me drit\u00ebn e Krishtit. (Korrik 2007) - Kisha Orthodh\u03bfkse Autoqefale e Shqip\u00ebris\u00eb<\/title>\n<meta name=\"robots\" content=\"index, follow, max-snippet:-1, max-image-preview:large, max-video-preview:-1\" \/>\n<link rel=\"canonical\" href=\"https:\/\/orthodoxalbania.org\/2020\/2007\/02\/26\/kampi-i-dyte-i-djemve-rilindja-ne-zvernec-te-ecim-me-driten-e-krishtit-korrik-2007\/\" \/>\n<meta property=\"og:locale\" content=\"en_US\" \/>\n<meta property=\"og:type\" content=\"article\" \/>\n<meta property=\"og:title\" content=\"Kampi i dyt\u00eb i djemve &quot;Rilindja&quot; n\u00eb Zv\u00ebrnec T\u00eb ecim me drit\u00ebn e Krishtit. (Korrik 2007) - Kisha Orthodh\u03bfkse Autoqefale e Shqip\u00ebris\u00eb\" \/>\n<meta property=\"og:description\" content=\"&nbsp;&nbsp;&nbsp; N\u00eb nj\u00eb ambient piktoresk ku mbizot\u00ebron gjelb\u00ebrimi, ajri i past\u00ebr dhe harmonia e natyr\u00ebs, n\u00eb ishullin q\u00eb ndodhet n\u00eb prehrin e lagun\u00ebs s\u00eb Nart\u00ebs dhe ku historikisht q\u00ebndron madh\u00ebshtor Manastiri i famsh\u00ebm \u201cFjetja e Hyjlind\u00ebses\u201d n\u00eb Zv\u00ebrnec t\u00eb Vlor\u00ebs, u zhvillua kampi i dyt\u00eb i Kish\u00ebs son\u00eb me djemt\u00eb e mosh\u00ebs 14 \u2013 18 vje\u00e7. Dhjet\u00eb dit\u00eb (13 \u2013 23 korrik) ishin m\u00eb shum\u00eb\" \/>\n<meta property=\"og:url\" content=\"https:\/\/orthodoxalbania.org\/2020\/2007\/02\/26\/kampi-i-dyte-i-djemve-rilindja-ne-zvernec-te-ecim-me-driten-e-krishtit-korrik-2007\/\" \/>\n<meta property=\"og:site_name\" content=\"Kisha Orthodh\u03bfkse Autoqefale e Shqip\u00ebris\u00eb\" \/>\n<meta property=\"article:publisher\" content=\"https:\/\/www.facebook.com\/koash1991\" \/>\n<meta property=\"article:published_time\" content=\"2007-02-26T00:00:00+00:00\" \/>\n<meta property=\"article:modified_time\" content=\"2020-04-06T20:35:47+00:00\" \/>\n<meta property=\"og:image\" content=\"https:\/\/lh6.googleusercontent.com\/-kc_KLmlsizc\/VIqnlVmk0MI\/AAAAAAAAGuI\/8JX_d48W1iU\/w400-h304-no\/pic1.jpg\" \/>\n<meta name=\"author\" content=\"Kisha Orthodhokse\" \/>\n<meta name=\"twitter:card\" content=\"summary_large_image\" \/>\n<meta name=\"twitter:label1\" content=\"Written by\" \/>\n\t<meta name=\"twitter:data1\" content=\"Kisha Orthodhokse\" \/>\n\t<meta name=\"twitter:label2\" content=\"Est. reading time\" \/>\n\t<meta name=\"twitter:data2\" content=\"3 minutes\" \/>\n<script type=\"application\/ld+json\" class=\"yoast-schema-graph\">{\"@context\":\"https:\/\/schema.org\",\"@graph\":[{\"@type\":\"Article\",\"@id\":\"https:\/\/orthodoxalbania.org\/2020\/2007\/02\/26\/kampi-i-dyte-i-djemve-rilindja-ne-zvernec-te-ecim-me-driten-e-krishtit-korrik-2007\/#article\",\"isPartOf\":{\"@id\":\"https:\/\/orthodoxalbania.org\/2020\/2007\/02\/26\/kampi-i-dyte-i-djemve-rilindja-ne-zvernec-te-ecim-me-driten-e-krishtit-korrik-2007\/\"},\"author\":{\"name\":\"Kisha Orthodhokse\",\"@id\":\"https:\/\/orthodoxalbania.org\/2020\/#\/schema\/person\/0c387634a7063ac612d7ed9ce71c7e86\"},\"headline\":\"Kampi i dyt\u00eb i djemve &#8220;Rilindja&#8221; n\u00eb Zv\u00ebrnec T\u00eb ecim me drit\u00ebn e Krishtit. (Korrik 2007)\",\"datePublished\":\"2007-02-26T00:00:00+00:00\",\"dateModified\":\"2020-04-06T20:35:47+00:00\",\"mainEntityOfPage\":{\"@id\":\"https:\/\/orthodoxalbania.org\/2020\/2007\/02\/26\/kampi-i-dyte-i-djemve-rilindja-ne-zvernec-te-ecim-me-driten-e-krishtit-korrik-2007\/\"},\"wordCount\":716,\"commentCount\":0,\"publisher\":{\"@id\":\"https:\/\/orthodoxalbania.org\/2020\/#organization\"},\"image\":{\"@id\":\"https:\/\/orthodoxalbania.org\/2020\/2007\/02\/26\/kampi-i-dyte-i-djemve-rilindja-ne-zvernec-te-ecim-me-driten-e-krishtit-korrik-2007\/#primaryimage\"},\"thumbnailUrl\":\"https:\/\/lh6.googleusercontent.com\/-kc_KLmlsizc\/VIqnlVmk0MI\/AAAAAAAAGuI\/8JX_d48W1iU\/w400-h304-no\/pic1.jpg\",\"keywords\":[\"2007\",\"Kampe verore\",\"Kryepiskopata Tiran\u00eb\",\"lajme\",\"Rinia Orthodhokse\"],\"articleSection\":[\"Lajme\"],\"inLanguage\":\"en-US\"},{\"@type\":\"WebPage\",\"@id\":\"https:\/\/orthodoxalbania.org\/2020\/2007\/02\/26\/kampi-i-dyte-i-djemve-rilindja-ne-zvernec-te-ecim-me-driten-e-krishtit-korrik-2007\/\",\"url\":\"https:\/\/orthodoxalbania.org\/2020\/2007\/02\/26\/kampi-i-dyte-i-djemve-rilindja-ne-zvernec-te-ecim-me-driten-e-krishtit-korrik-2007\/\",\"name\":\"Kampi i dyt\u00eb i djemve \\\"Rilindja\\\" n\u00eb Zv\u00ebrnec T\u00eb ecim me drit\u00ebn e Krishtit. (Korrik 2007) - Kisha Orthodh\u03bfkse Autoqefale e Shqip\u00ebris\u00eb\",\"isPartOf\":{\"@id\":\"https:\/\/orthodoxalbania.org\/2020\/#website\"},\"primaryImageOfPage\":{\"@id\":\"https:\/\/orthodoxalbania.org\/2020\/2007\/02\/26\/kampi-i-dyte-i-djemve-rilindja-ne-zvernec-te-ecim-me-driten-e-krishtit-korrik-2007\/#primaryimage\"},\"image\":{\"@id\":\"https:\/\/orthodoxalbania.org\/2020\/2007\/02\/26\/kampi-i-dyte-i-djemve-rilindja-ne-zvernec-te-ecim-me-driten-e-krishtit-korrik-2007\/#primaryimage\"},\"thumbnailUrl\":\"https:\/\/lh6.googleusercontent.com\/-kc_KLmlsizc\/VIqnlVmk0MI\/AAAAAAAAGuI\/8JX_d48W1iU\/w400-h304-no\/pic1.jpg\",\"datePublished\":\"2007-02-26T00:00:00+00:00\",\"dateModified\":\"2020-04-06T20:35:47+00:00\",\"breadcrumb\":{\"@id\":\"https:\/\/orthodoxalbania.org\/2020\/2007\/02\/26\/kampi-i-dyte-i-djemve-rilindja-ne-zvernec-te-ecim-me-driten-e-krishtit-korrik-2007\/#breadcrumb\"},\"inLanguage\":\"en-US\",\"potentialAction\":[{\"@type\":\"ReadAction\",\"target\":[\"https:\/\/orthodoxalbania.org\/2020\/2007\/02\/26\/kampi-i-dyte-i-djemve-rilindja-ne-zvernec-te-ecim-me-driten-e-krishtit-korrik-2007\/\"]}]},{\"@type\":\"ImageObject\",\"inLanguage\":\"en-US\",\"@id\":\"https:\/\/orthodoxalbania.org\/2020\/2007\/02\/26\/kampi-i-dyte-i-djemve-rilindja-ne-zvernec-te-ecim-me-driten-e-krishtit-korrik-2007\/#primaryimage\",\"url\":\"https:\/\/lh6.googleusercontent.com\/-kc_KLmlsizc\/VIqnlVmk0MI\/AAAAAAAAGuI\/8JX_d48W1iU\/w400-h304-no\/pic1.jpg\",\"contentUrl\":\"https:\/\/lh6.googleusercontent.com\/-kc_KLmlsizc\/VIqnlVmk0MI\/AAAAAAAAGuI\/8JX_d48W1iU\/w400-h304-no\/pic1.jpg\"},{\"@type\":\"BreadcrumbList\",\"@id\":\"https:\/\/orthodoxalbania.org\/2020\/2007\/02\/26\/kampi-i-dyte-i-djemve-rilindja-ne-zvernec-te-ecim-me-driten-e-krishtit-korrik-2007\/#breadcrumb\",\"itemListElement\":[{\"@type\":\"ListItem\",\"position\":1,\"name\":\"Home\",\"item\":\"https:\/\/orthodoxalbania.org\/2020\/\"},{\"@type\":\"ListItem\",\"position\":2,\"name\":\"Kampi i dyt\u00eb i djemve &#8220;Rilindja&#8221; n\u00eb Zv\u00ebrnec T\u00eb ecim me drit\u00ebn e Krishtit. (Korrik 2007)\"}]},{\"@type\":\"WebSite\",\"@id\":\"https:\/\/orthodoxalbania.org\/2020\/#website\",\"url\":\"https:\/\/orthodoxalbania.org\/2020\/\",\"name\":\"Kisha Orthodh\u03bfkse Autoqefale e Shqip\u00ebris\u00eb\",\"description\":\"Fqja Zyrtare e Kish\u00ebs Orthodhokse Autoqefale e Shqip\u00ebris\u00eb me lajmet edhe informacionet zyrtare p\u00ebr struktur\u00ebn edhe veprimtarin e saj.\",\"publisher\":{\"@id\":\"https:\/\/orthodoxalbania.org\/2020\/#organization\"},\"potentialAction\":[{\"@type\":\"SearchAction\",\"target\":{\"@type\":\"EntryPoint\",\"urlTemplate\":\"https:\/\/orthodoxalbania.org\/2020\/?s={search_term_string}\"},\"query-input\":{\"@type\":\"PropertyValueSpecification\",\"valueRequired\":true,\"valueName\":\"search_term_string\"}}],\"inLanguage\":\"en-US\"},{\"@type\":\"Organization\",\"@id\":\"https:\/\/orthodoxalbania.org\/2020\/#organization\",\"name\":\"Kisha Orthodhokse Autoqefale e Shqip\u00ebris\u00eb\",\"url\":\"https:\/\/orthodoxalbania.org\/2020\/\",\"logo\":{\"@type\":\"ImageObject\",\"inLanguage\":\"en-US\",\"@id\":\"https:\/\/orthodoxalbania.org\/2020\/#\/schema\/logo\/image\/\",\"url\":\"https:\/\/orthodoxalbania.org\/2020\/wp-content\/uploads\/2020\/05\/albania.jpeg\",\"contentUrl\":\"https:\/\/orthodoxalbania.org\/2020\/wp-content\/uploads\/2020\/05\/albania.jpeg\",\"width\":540,\"height\":540,\"caption\":\"Kisha Orthodhokse Autoqefale e Shqip\u00ebris\u00eb\"},\"image\":{\"@id\":\"https:\/\/orthodoxalbania.org\/2020\/#\/schema\/logo\/image\/\"},\"sameAs\":[\"https:\/\/www.facebook.com\/koash1991\"]},{\"@type\":\"Person\",\"@id\":\"https:\/\/orthodoxalbania.org\/2020\/#\/schema\/person\/0c387634a7063ac612d7ed9ce71c7e86\",\"name\":\"Kisha Orthodhokse\",\"image\":{\"@type\":\"ImageObject\",\"inLanguage\":\"en-US\",\"@id\":\"https:\/\/secure.gravatar.com\/avatar\/596e7c417251e30f2fbb9c00e026fce61a695a00e51c889caded71c96cbbdde5?s=96&d=mm&r=g\",\"url\":\"https:\/\/secure.gravatar.com\/avatar\/596e7c417251e30f2fbb9c00e026fce61a695a00e51c889caded71c96cbbdde5?s=96&d=mm&r=g\",\"contentUrl\":\"https:\/\/secure.gravatar.com\/avatar\/596e7c417251e30f2fbb9c00e026fce61a695a00e51c889caded71c96cbbdde5?s=96&d=mm&r=g\",\"caption\":\"Kisha Orthodhokse\"}}]}<\/script>\n<!-- \/ Yoast SEO plugin. -->","yoast_head_json":{"title":"Kampi i dyt\u00eb i djemve \"Rilindja\" n\u00eb Zv\u00ebrnec T\u00eb ecim me drit\u00ebn e Krishtit. (Korrik 2007) - Kisha Orthodh\u03bfkse Autoqefale e Shqip\u00ebris\u00eb","robots":{"index":"index","follow":"follow","max-snippet":"max-snippet:-1","max-image-preview":"max-image-preview:large","max-video-preview":"max-video-preview:-1"},"canonical":"https:\/\/orthodoxalbania.org\/2020\/2007\/02\/26\/kampi-i-dyte-i-djemve-rilindja-ne-zvernec-te-ecim-me-driten-e-krishtit-korrik-2007\/","og_locale":"en_US","og_type":"article","og_title":"Kampi i dyt\u00eb i djemve \"Rilindja\" n\u00eb Zv\u00ebrnec T\u00eb ecim me drit\u00ebn e Krishtit. (Korrik 2007) - Kisha Orthodh\u03bfkse Autoqefale e Shqip\u00ebris\u00eb","og_description":"&nbsp;&nbsp;&nbsp; N\u00eb nj\u00eb ambient piktoresk ku mbizot\u00ebron gjelb\u00ebrimi, ajri i past\u00ebr dhe harmonia e natyr\u00ebs, n\u00eb ishullin q\u00eb ndodhet n\u00eb prehrin e lagun\u00ebs s\u00eb Nart\u00ebs dhe ku historikisht q\u00ebndron madh\u00ebshtor Manastiri i famsh\u00ebm \u201cFjetja e Hyjlind\u00ebses\u201d n\u00eb Zv\u00ebrnec t\u00eb Vlor\u00ebs, u zhvillua kampi i dyt\u00eb i Kish\u00ebs son\u00eb me djemt\u00eb e mosh\u00ebs 14 \u2013 18 vje\u00e7. Dhjet\u00eb dit\u00eb (13 \u2013 23 korrik) ishin m\u00eb shum\u00eb","og_url":"https:\/\/orthodoxalbania.org\/2020\/2007\/02\/26\/kampi-i-dyte-i-djemve-rilindja-ne-zvernec-te-ecim-me-driten-e-krishtit-korrik-2007\/","og_site_name":"Kisha Orthodh\u03bfkse Autoqefale e Shqip\u00ebris\u00eb","article_publisher":"https:\/\/www.facebook.com\/koash1991","article_published_time":"2007-02-26T00:00:00+00:00","article_modified_time":"2020-04-06T20:35:47+00:00","og_image":[{"url":"https:\/\/lh6.googleusercontent.com\/-kc_KLmlsizc\/VIqnlVmk0MI\/AAAAAAAAGuI\/8JX_d48W1iU\/w400-h304-no\/pic1.jpg","type":"","width":"","height":""}],"author":"Kisha Orthodhokse","twitter_card":"summary_large_image","twitter_misc":{"Written by":"Kisha Orthodhokse","Est. reading time":"3 minutes"},"schema":{"@context":"https:\/\/schema.org","@graph":[{"@type":"Article","@id":"https:\/\/orthodoxalbania.org\/2020\/2007\/02\/26\/kampi-i-dyte-i-djemve-rilindja-ne-zvernec-te-ecim-me-driten-e-krishtit-korrik-2007\/#article","isPartOf":{"@id":"https:\/\/orthodoxalbania.org\/2020\/2007\/02\/26\/kampi-i-dyte-i-djemve-rilindja-ne-zvernec-te-ecim-me-driten-e-krishtit-korrik-2007\/"},"author":{"name":"Kisha Orthodhokse","@id":"https:\/\/orthodoxalbania.org\/2020\/#\/schema\/person\/0c387634a7063ac612d7ed9ce71c7e86"},"headline":"Kampi i dyt\u00eb i djemve &#8220;Rilindja&#8221; n\u00eb Zv\u00ebrnec T\u00eb ecim me drit\u00ebn e Krishtit. (Korrik 2007)","datePublished":"2007-02-26T00:00:00+00:00","dateModified":"2020-04-06T20:35:47+00:00","mainEntityOfPage":{"@id":"https:\/\/orthodoxalbania.org\/2020\/2007\/02\/26\/kampi-i-dyte-i-djemve-rilindja-ne-zvernec-te-ecim-me-driten-e-krishtit-korrik-2007\/"},"wordCount":716,"commentCount":0,"publisher":{"@id":"https:\/\/orthodoxalbania.org\/2020\/#organization"},"image":{"@id":"https:\/\/orthodoxalbania.org\/2020\/2007\/02\/26\/kampi-i-dyte-i-djemve-rilindja-ne-zvernec-te-ecim-me-driten-e-krishtit-korrik-2007\/#primaryimage"},"thumbnailUrl":"https:\/\/lh6.googleusercontent.com\/-kc_KLmlsizc\/VIqnlVmk0MI\/AAAAAAAAGuI\/8JX_d48W1iU\/w400-h304-no\/pic1.jpg","keywords":["2007","Kampe verore","Kryepiskopata Tiran\u00eb","lajme","Rinia Orthodhokse"],"articleSection":["Lajme"],"inLanguage":"en-US"},{"@type":"WebPage","@id":"https:\/\/orthodoxalbania.org\/2020\/2007\/02\/26\/kampi-i-dyte-i-djemve-rilindja-ne-zvernec-te-ecim-me-driten-e-krishtit-korrik-2007\/","url":"https:\/\/orthodoxalbania.org\/2020\/2007\/02\/26\/kampi-i-dyte-i-djemve-rilindja-ne-zvernec-te-ecim-me-driten-e-krishtit-korrik-2007\/","name":"Kampi i dyt\u00eb i djemve \"Rilindja\" n\u00eb Zv\u00ebrnec T\u00eb ecim me drit\u00ebn e Krishtit. (Korrik 2007) - Kisha Orthodh\u03bfkse Autoqefale e Shqip\u00ebris\u00eb","isPartOf":{"@id":"https:\/\/orthodoxalbania.org\/2020\/#website"},"primaryImageOfPage":{"@id":"https:\/\/orthodoxalbania.org\/2020\/2007\/02\/26\/kampi-i-dyte-i-djemve-rilindja-ne-zvernec-te-ecim-me-driten-e-krishtit-korrik-2007\/#primaryimage"},"image":{"@id":"https:\/\/orthodoxalbania.org\/2020\/2007\/02\/26\/kampi-i-dyte-i-djemve-rilindja-ne-zvernec-te-ecim-me-driten-e-krishtit-korrik-2007\/#primaryimage"},"thumbnailUrl":"https:\/\/lh6.googleusercontent.com\/-kc_KLmlsizc\/VIqnlVmk0MI\/AAAAAAAAGuI\/8JX_d48W1iU\/w400-h304-no\/pic1.jpg","datePublished":"2007-02-26T00:00:00+00:00","dateModified":"2020-04-06T20:35:47+00:00","breadcrumb":{"@id":"https:\/\/orthodoxalbania.org\/2020\/2007\/02\/26\/kampi-i-dyte-i-djemve-rilindja-ne-zvernec-te-ecim-me-driten-e-krishtit-korrik-2007\/#breadcrumb"},"inLanguage":"en-US","potentialAction":[{"@type":"ReadAction","target":["https:\/\/orthodoxalbania.org\/2020\/2007\/02\/26\/kampi-i-dyte-i-djemve-rilindja-ne-zvernec-te-ecim-me-driten-e-krishtit-korrik-2007\/"]}]},{"@type":"ImageObject","inLanguage":"en-US","@id":"https:\/\/orthodoxalbania.org\/2020\/2007\/02\/26\/kampi-i-dyte-i-djemve-rilindja-ne-zvernec-te-ecim-me-driten-e-krishtit-korrik-2007\/#primaryimage","url":"https:\/\/lh6.googleusercontent.com\/-kc_KLmlsizc\/VIqnlVmk0MI\/AAAAAAAAGuI\/8JX_d48W1iU\/w400-h304-no\/pic1.jpg","contentUrl":"https:\/\/lh6.googleusercontent.com\/-kc_KLmlsizc\/VIqnlVmk0MI\/AAAAAAAAGuI\/8JX_d48W1iU\/w400-h304-no\/pic1.jpg"},{"@type":"BreadcrumbList","@id":"https:\/\/orthodoxalbania.org\/2020\/2007\/02\/26\/kampi-i-dyte-i-djemve-rilindja-ne-zvernec-te-ecim-me-driten-e-krishtit-korrik-2007\/#breadcrumb","itemListElement":[{"@type":"ListItem","position":1,"name":"Home","item":"https:\/\/orthodoxalbania.org\/2020\/"},{"@type":"ListItem","position":2,"name":"Kampi i dyt\u00eb i djemve &#8220;Rilindja&#8221; n\u00eb Zv\u00ebrnec T\u00eb ecim me drit\u00ebn e Krishtit. (Korrik 2007)"}]},{"@type":"WebSite","@id":"https:\/\/orthodoxalbania.org\/2020\/#website","url":"https:\/\/orthodoxalbania.org\/2020\/","name":"Kisha Orthodh\u03bfkse Autoqefale e Shqip\u00ebris\u00eb","description":"Fqja Zyrtare e Kish\u00ebs Orthodhokse Autoqefale e Shqip\u00ebris\u00eb me lajmet edhe informacionet zyrtare p\u00ebr struktur\u00ebn edhe veprimtarin e saj.","publisher":{"@id":"https:\/\/orthodoxalbania.org\/2020\/#organization"},"potentialAction":[{"@type":"SearchAction","target":{"@type":"EntryPoint","urlTemplate":"https:\/\/orthodoxalbania.org\/2020\/?s={search_term_string}"},"query-input":{"@type":"PropertyValueSpecification","valueRequired":true,"valueName":"search_term_string"}}],"inLanguage":"en-US"},{"@type":"Organization","@id":"https:\/\/orthodoxalbania.org\/2020\/#organization","name":"Kisha Orthodhokse Autoqefale e Shqip\u00ebris\u00eb","url":"https:\/\/orthodoxalbania.org\/2020\/","logo":{"@type":"ImageObject","inLanguage":"en-US","@id":"https:\/\/orthodoxalbania.org\/2020\/#\/schema\/logo\/image\/","url":"https:\/\/orthodoxalbania.org\/2020\/wp-content\/uploads\/2020\/05\/albania.jpeg","contentUrl":"https:\/\/orthodoxalbania.org\/2020\/wp-content\/uploads\/2020\/05\/albania.jpeg","width":540,"height":540,"caption":"Kisha Orthodhokse Autoqefale e Shqip\u00ebris\u00eb"},"image":{"@id":"https:\/\/orthodoxalbania.org\/2020\/#\/schema\/logo\/image\/"},"sameAs":["https:\/\/www.facebook.com\/koash1991"]},{"@type":"Person","@id":"https:\/\/orthodoxalbania.org\/2020\/#\/schema\/person\/0c387634a7063ac612d7ed9ce71c7e86","name":"Kisha Orthodhokse","image":{"@type":"ImageObject","inLanguage":"en-US","@id":"https:\/\/secure.gravatar.com\/avatar\/596e7c417251e30f2fbb9c00e026fce61a695a00e51c889caded71c96cbbdde5?s=96&d=mm&r=g","url":"https:\/\/secure.gravatar.com\/avatar\/596e7c417251e30f2fbb9c00e026fce61a695a00e51c889caded71c96cbbdde5?s=96&d=mm&r=g","contentUrl":"https:\/\/secure.gravatar.com\/avatar\/596e7c417251e30f2fbb9c00e026fce61a695a00e51c889caded71c96cbbdde5?s=96&d=mm&r=g","caption":"Kisha Orthodhokse"}}]}},"_links":{"self":[{"href":"https:\/\/orthodoxalbania.org\/2020\/wp-json\/wp\/v2\/posts\/688","targetHints":{"allow":["GET"]}}],"collection":[{"href":"https:\/\/orthodoxalbania.org\/2020\/wp-json\/wp\/v2\/posts"}],"about":[{"href":"https:\/\/orthodoxalbania.org\/2020\/wp-json\/wp\/v2\/types\/post"}],"author":[{"embeddable":true,"href":"https:\/\/orthodoxalbania.org\/2020\/wp-json\/wp\/v2\/users\/1"}],"replies":[{"embeddable":true,"href":"https:\/\/orthodoxalbania.org\/2020\/wp-json\/wp\/v2\/comments?post=688"}],"version-history":[{"count":1,"href":"https:\/\/orthodoxalbania.org\/2020\/wp-json\/wp\/v2\/posts\/688\/revisions"}],"predecessor-version":[{"id":15763,"href":"https:\/\/orthodoxalbania.org\/2020\/wp-json\/wp\/v2\/posts\/688\/revisions\/15763"}],"wp:attachment":[{"href":"https:\/\/orthodoxalbania.org\/2020\/wp-json\/wp\/v2\/media?parent=688"}],"wp:term":[{"taxonomy":"category","embeddable":true,"href":"https:\/\/orthodoxalbania.org\/2020\/wp-json\/wp\/v2\/categories?post=688"},{"taxonomy":"post_tag","embeddable":true,"href":"https:\/\/orthodoxalbania.org\/2020\/wp-json\/wp\/v2\/tags?post=688"}],"curies":[{"name":"wp","href":"https:\/\/api.w.org\/{rel}","templated":true}]}}