{"id":6877,"date":"2018-09-26T07:22:12","date_gmt":"2018-09-26T07:22:12","guid":{"rendered":""},"modified":"2020-04-06T21:58:02","modified_gmt":"2020-04-06T19:58:02","slug":"veprimtari-me-bashkeshortet-e-klerikeve","status":"publish","type":"post","link":"https:\/\/orthodoxalbania.org\/2020\/2018\/09\/26\/veprimtari-me-bashkeshortet-e-klerikeve\/","title":{"rendered":"Veprimtari me bashk\u00ebshortet e klerik\u00ebve"},"content":{"rendered":"<p style=\"text-align: justify;\">\n\t&nbsp;<\/p>\n<p> <\/p>\n<p>\n\t&nbsp;<\/p>\n<p style=\"text-align: justify;\">\n\t<span style=\"font-family: helvetica; font-size: 12pt; text-align: justify; color: #000000;\">Nga 21-23 shtator, n\u00eb mjediset e Manastirit t\u00eb Sh\u00ebn Vlashit, u organizua Konferenca komb\u00ebtare p\u00ebr prift\u00ebreshat e dhiakoneshat e Kish\u00ebs son\u00eb. Tema e veprimtaris\u00eb ishte: \u201cMendje e sh\u00ebndosh\u00eb, n\u00eb trup t\u00eb sh\u00ebndosh\u00eb, dhe shpirt t\u00eb sh\u00ebndosh\u00eb!\u201d Q\u00ebllimi i veprimtaris\u00eb ishte rip\u00ebrt\u00ebritja shpirt\u00ebrore, rritja e rolit t\u00eb tyre n\u00eb kish\u00eb, forcimi i miq\u00ebsis\u00eb dhe ndarja e p\u00ebrvoj\u00ebs.<\/span><\/p>\n<p style=\"text-align: justify;\">\n\t<span style=\"font-size: 12pt; font-family: helvetica; color: #000000;\">Konferenca, q\u00eb tashm\u00eb po kthehet n\u00eb nj\u00eb tradit\u00eb t\u00eb p\u00ebrvitshme, organizohet nga nj\u00eb grup prift\u00ebreshash nga SHBA, t\u00eb d\u00ebrguara nga OCMC, organizata p\u00ebr hierapostullimin e Kishave Orthodhokse t\u00eb Amerik\u00ebs. Grupi drejtohej nga prift\u00ebresha Renne Ritsi, e cila ka sh\u00ebrbyer p\u00ebr shume koh\u00eb n\u00eb vendin ton\u00eb, bashk\u00eb me bashk\u00ebshortin prift, At\u00eb Martinin, nd\u00ebrsa sot n\u00eb Shqip\u00ebri, n\u00eb Kish\u00ebn ton\u00eb, sh\u00ebrben i biri, Stefanos dhe bashk\u00ebshortja, Aleksandra.<\/span><\/p>\n<p style=\"text-align: justify;\">\n\t<span style=\"font-size: 12pt; font-family: helvetica; color: #000000;\">T\u00eb shtun\u00ebn, 22 shtator, n\u00eb veprimtari mori pjes\u00eb edhe Kryepiskopi Anastas, q\u00eb pati nj\u00eb bashk\u00eb bisedim t\u00eb ngroht\u00eb me pjes\u00ebmarr\u00ebset.<\/span><\/p>\n<p style=\"text-align: justify;\">\n\t&nbsp;<\/p>\n<p style=\"text-align: center;\">\n\t<a data-flickr-embed=\"true\" data-footer=\"true\" data-header=\"true\" href=\"https:\/\/www.flickr.com\/photos\/157448745@N08\/albums\/72157701748637475\" title=\" Veprimtari me bashk\u00ebshortet e klerik\u00ebve\"><img class=\"lazyload\" decoding=\"async\" alt=\" Veprimtari me bashk\u00ebshortet e klerik\u00ebve\" height=\"396\" src=\"data:image\/svg+xml,%3Csvg%20xmlns%3D%27http%3A%2F%2Fwww.w3.org%2F2000%2Fsvg%27%20width%3D%27500%27%20height%3D%27396%27%20viewBox%3D%270%200%20500%20396%27%3E%3Crect%20width%3D%27500%27%20height%3D%27396%27%20fill-opacity%3D%220%22%2F%3E%3C%2Fsvg%3E\" data-orig-src=\"https:\/\/farm2.staticflickr.com\/1976\/44010717885_91ea9bb277.jpg\" width=\"500\" \/><\/a><script async src=\"\/\/embedr.flickr.com\/assets\/client-code.js\" charset=\"utf-8\"><\/script><\/p>\n<p>\n\t&nbsp;<\/p>\n","protected":false},"excerpt":{"rendered":"<p>&nbsp; &nbsp; Nga 21-23 shtator, n\u00eb mjediset e Manastirit t\u00eb Sh\u00ebn Vlashit, u organizua Konferenca komb\u00ebtare p\u00ebr prift\u00ebreshat e dhiakoneshat e Kish\u00ebs son\u00eb. Tema e veprimtaris\u00eb ishte: \u201cMendje e sh\u00ebndosh\u00eb, n\u00eb trup t\u00eb sh\u00ebndosh\u00eb, dhe shpirt t\u00eb sh\u00ebndosh\u00eb!\u201d Q\u00ebllimi i veprimtaris\u00eb ishte rip\u00ebrt\u00ebritja shpirt\u00ebrore, rritja e rolit t\u00eb tyre n\u00eb kish\u00eb, forcimi i miq\u00ebsis\u00eb dhe ndarja e p\u00ebrvoj\u00ebs. Konferenca, q\u00eb tashm\u00eb po kthehet n\u00eb nj\u00eb<\/p>\n","protected":false},"author":1,"featured_media":6878,"comment_status":"open","ping_status":"open","sticky":false,"template":"","format":"standard","meta":{"_acf_changed":false,"pagelayer_contact_templates":[],"_pagelayer_content":"","inline_featured_image":false,"fifu_image_url":"","fifu_image_alt":"","footnotes":""},"categories":[108],"tags":[220,154,350,196,201,212,178],"class_list":["post-6877","post","type-post","status-publish","format-standard","has-post-thumbnail","hentry","category-lajme","tag-220","tag-aktivitete","tag-grate-orthodhokse-d50","tag-tirane","tag-kryepiskopi-anastas","tag-lajme-d27","tag-ocmc"],"acf":[],"yoast_head":"<!-- This site is optimized with the Yoast SEO plugin v27.2 - https:\/\/yoast.com\/product\/yoast-seo-wordpress\/ -->\n<title>Veprimtari me bashk\u00ebshortet e klerik\u00ebve - Kisha Orthodh\u03bfkse Autoqefale e Shqip\u00ebris\u00eb<\/title>\n<meta name=\"robots\" content=\"index, follow, max-snippet:-1, max-image-preview:large, max-video-preview:-1\" \/>\n<link rel=\"canonical\" href=\"https:\/\/orthodoxalbania.org\/2020\/2018\/09\/26\/veprimtari-me-bashkeshortet-e-klerikeve\/\" \/>\n<meta property=\"og:locale\" content=\"en_US\" \/>\n<meta property=\"og:type\" content=\"article\" \/>\n<meta property=\"og:title\" content=\"Veprimtari me bashk\u00ebshortet e klerik\u00ebve - Kisha Orthodh\u03bfkse Autoqefale e Shqip\u00ebris\u00eb\" \/>\n<meta property=\"og:description\" content=\"&nbsp; &nbsp; Nga 21-23 shtator, n\u00eb mjediset e Manastirit t\u00eb Sh\u00ebn Vlashit, u organizua Konferenca komb\u00ebtare p\u00ebr prift\u00ebreshat e dhiakoneshat e Kish\u00ebs son\u00eb. Tema e veprimtaris\u00eb ishte: \u201cMendje e sh\u00ebndosh\u00eb, n\u00eb trup t\u00eb sh\u00ebndosh\u00eb, dhe shpirt t\u00eb sh\u00ebndosh\u00eb!\u201d Q\u00ebllimi i veprimtaris\u00eb ishte rip\u00ebrt\u00ebritja shpirt\u00ebrore, rritja e rolit t\u00eb tyre n\u00eb kish\u00eb, forcimi i miq\u00ebsis\u00eb dhe ndarja e p\u00ebrvoj\u00ebs. Konferenca, q\u00eb tashm\u00eb po kthehet n\u00eb nj\u00eb\" \/>\n<meta property=\"og:url\" content=\"https:\/\/orthodoxalbania.org\/2020\/2018\/09\/26\/veprimtari-me-bashkeshortet-e-klerikeve\/\" \/>\n<meta property=\"og:site_name\" content=\"Kisha Orthodh\u03bfkse Autoqefale e Shqip\u00ebris\u00eb\" \/>\n<meta property=\"article:publisher\" content=\"https:\/\/www.facebook.com\/koash1991\" \/>\n<meta property=\"article:published_time\" content=\"2018-09-26T07:22:12+00:00\" \/>\n<meta property=\"article:modified_time\" content=\"2020-04-06T19:58:02+00:00\" \/>\n<meta property=\"og:image\" content=\"https:\/\/orthodoxalbania.org\/2020\/wp-content\/uploads\/2020\/04\/grateorth.jpg\" \/>\n\t<meta property=\"og:image:width\" content=\"960\" \/>\n\t<meta property=\"og:image:height\" content=\"760\" \/>\n\t<meta property=\"og:image:type\" content=\"image\/jpeg\" \/>\n<meta name=\"author\" content=\"Kisha Orthodhokse\" \/>\n<meta name=\"twitter:card\" content=\"summary_large_image\" \/>\n<meta name=\"twitter:label1\" content=\"Written by\" \/>\n\t<meta name=\"twitter:data1\" content=\"Kisha Orthodhokse\" \/>\n\t<meta name=\"twitter:label2\" content=\"Est. reading time\" \/>\n\t<meta name=\"twitter:data2\" content=\"1 minute\" \/>\n<script type=\"application\/ld+json\" class=\"yoast-schema-graph\">{\"@context\":\"https:\/\/schema.org\",\"@graph\":[{\"@type\":\"Article\",\"@id\":\"https:\/\/orthodoxalbania.org\/2020\/2018\/09\/26\/veprimtari-me-bashkeshortet-e-klerikeve\/#article\",\"isPartOf\":{\"@id\":\"https:\/\/orthodoxalbania.org\/2020\/2018\/09\/26\/veprimtari-me-bashkeshortet-e-klerikeve\/\"},\"author\":{\"name\":\"Kisha Orthodhokse\",\"@id\":\"https:\/\/orthodoxalbania.org\/2020\/#\/schema\/person\/0c387634a7063ac612d7ed9ce71c7e86\"},\"headline\":\"Veprimtari me bashk\u00ebshortet e klerik\u00ebve\",\"datePublished\":\"2018-09-26T07:22:12+00:00\",\"dateModified\":\"2020-04-06T19:58:02+00:00\",\"mainEntityOfPage\":{\"@id\":\"https:\/\/orthodoxalbania.org\/2020\/2018\/09\/26\/veprimtari-me-bashkeshortet-e-klerikeve\/\"},\"wordCount\":183,\"commentCount\":0,\"publisher\":{\"@id\":\"https:\/\/orthodoxalbania.org\/2020\/#organization\"},\"image\":{\"@id\":\"https:\/\/orthodoxalbania.org\/2020\/2018\/09\/26\/veprimtari-me-bashkeshortet-e-klerikeve\/#primaryimage\"},\"thumbnailUrl\":\"https:\/\/orthodoxalbania.org\/2020\/wp-content\/uploads\/2020\/04\/grateorth.jpg\",\"keywords\":[\"2018\",\"Aktivitete\",\"Grate Orthodhokse\",\"Kryepiskopata Tiran\u00eb\",\"Kryepiskopi Anastas\",\"lajme\",\"OCMC\"],\"articleSection\":[\"Lajme\"],\"inLanguage\":\"en-US\"},{\"@type\":\"WebPage\",\"@id\":\"https:\/\/orthodoxalbania.org\/2020\/2018\/09\/26\/veprimtari-me-bashkeshortet-e-klerikeve\/\",\"url\":\"https:\/\/orthodoxalbania.org\/2020\/2018\/09\/26\/veprimtari-me-bashkeshortet-e-klerikeve\/\",\"name\":\"Veprimtari me bashk\u00ebshortet e klerik\u00ebve - Kisha Orthodh\u03bfkse Autoqefale e Shqip\u00ebris\u00eb\",\"isPartOf\":{\"@id\":\"https:\/\/orthodoxalbania.org\/2020\/#website\"},\"primaryImageOfPage\":{\"@id\":\"https:\/\/orthodoxalbania.org\/2020\/2018\/09\/26\/veprimtari-me-bashkeshortet-e-klerikeve\/#primaryimage\"},\"image\":{\"@id\":\"https:\/\/orthodoxalbania.org\/2020\/2018\/09\/26\/veprimtari-me-bashkeshortet-e-klerikeve\/#primaryimage\"},\"thumbnailUrl\":\"https:\/\/orthodoxalbania.org\/2020\/wp-content\/uploads\/2020\/04\/grateorth.jpg\",\"datePublished\":\"2018-09-26T07:22:12+00:00\",\"dateModified\":\"2020-04-06T19:58:02+00:00\",\"breadcrumb\":{\"@id\":\"https:\/\/orthodoxalbania.org\/2020\/2018\/09\/26\/veprimtari-me-bashkeshortet-e-klerikeve\/#breadcrumb\"},\"inLanguage\":\"en-US\",\"potentialAction\":[{\"@type\":\"ReadAction\",\"target\":[\"https:\/\/orthodoxalbania.org\/2020\/2018\/09\/26\/veprimtari-me-bashkeshortet-e-klerikeve\/\"]}]},{\"@type\":\"ImageObject\",\"inLanguage\":\"en-US\",\"@id\":\"https:\/\/orthodoxalbania.org\/2020\/2018\/09\/26\/veprimtari-me-bashkeshortet-e-klerikeve\/#primaryimage\",\"url\":\"https:\/\/orthodoxalbania.org\/2020\/wp-content\/uploads\/2020\/04\/grateorth.jpg\",\"contentUrl\":\"https:\/\/orthodoxalbania.org\/2020\/wp-content\/uploads\/2020\/04\/grateorth.jpg\",\"width\":960,\"height\":760},{\"@type\":\"BreadcrumbList\",\"@id\":\"https:\/\/orthodoxalbania.org\/2020\/2018\/09\/26\/veprimtari-me-bashkeshortet-e-klerikeve\/#breadcrumb\",\"itemListElement\":[{\"@type\":\"ListItem\",\"position\":1,\"name\":\"Home\",\"item\":\"https:\/\/orthodoxalbania.org\/2020\/\"},{\"@type\":\"ListItem\",\"position\":2,\"name\":\"Veprimtari me bashk\u00ebshortet e klerik\u00ebve\"}]},{\"@type\":\"WebSite\",\"@id\":\"https:\/\/orthodoxalbania.org\/2020\/#website\",\"url\":\"https:\/\/orthodoxalbania.org\/2020\/\",\"name\":\"Kisha Orthodh\u03bfkse Autoqefale e Shqip\u00ebris\u00eb\",\"description\":\"Fqja Zyrtare e Kish\u00ebs Orthodhokse Autoqefale e Shqip\u00ebris\u00eb me lajmet edhe informacionet zyrtare p\u00ebr struktur\u00ebn edhe veprimtarin e saj.\",\"publisher\":{\"@id\":\"https:\/\/orthodoxalbania.org\/2020\/#organization\"},\"potentialAction\":[{\"@type\":\"SearchAction\",\"target\":{\"@type\":\"EntryPoint\",\"urlTemplate\":\"https:\/\/orthodoxalbania.org\/2020\/?s={search_term_string}\"},\"query-input\":{\"@type\":\"PropertyValueSpecification\",\"valueRequired\":true,\"valueName\":\"search_term_string\"}}],\"inLanguage\":\"en-US\"},{\"@type\":\"Organization\",\"@id\":\"https:\/\/orthodoxalbania.org\/2020\/#organization\",\"name\":\"Kisha Orthodhokse Autoqefale e Shqip\u00ebris\u00eb\",\"url\":\"https:\/\/orthodoxalbania.org\/2020\/\",\"logo\":{\"@type\":\"ImageObject\",\"inLanguage\":\"en-US\",\"@id\":\"https:\/\/orthodoxalbania.org\/2020\/#\/schema\/logo\/image\/\",\"url\":\"https:\/\/orthodoxalbania.org\/2020\/wp-content\/uploads\/2020\/05\/albania.jpeg\",\"contentUrl\":\"https:\/\/orthodoxalbania.org\/2020\/wp-content\/uploads\/2020\/05\/albania.jpeg\",\"width\":540,\"height\":540,\"caption\":\"Kisha Orthodhokse Autoqefale e Shqip\u00ebris\u00eb\"},\"image\":{\"@id\":\"https:\/\/orthodoxalbania.org\/2020\/#\/schema\/logo\/image\/\"},\"sameAs\":[\"https:\/\/www.facebook.com\/koash1991\"]},{\"@type\":\"Person\",\"@id\":\"https:\/\/orthodoxalbania.org\/2020\/#\/schema\/person\/0c387634a7063ac612d7ed9ce71c7e86\",\"name\":\"Kisha Orthodhokse\",\"image\":{\"@type\":\"ImageObject\",\"inLanguage\":\"en-US\",\"@id\":\"https:\/\/secure.gravatar.com\/avatar\/596e7c417251e30f2fbb9c00e026fce61a695a00e51c889caded71c96cbbdde5?s=96&d=mm&r=g\",\"url\":\"https:\/\/secure.gravatar.com\/avatar\/596e7c417251e30f2fbb9c00e026fce61a695a00e51c889caded71c96cbbdde5?s=96&d=mm&r=g\",\"contentUrl\":\"https:\/\/secure.gravatar.com\/avatar\/596e7c417251e30f2fbb9c00e026fce61a695a00e51c889caded71c96cbbdde5?s=96&d=mm&r=g\",\"caption\":\"Kisha Orthodhokse\"}}]}<\/script>\n<!-- \/ Yoast SEO plugin. -->","yoast_head_json":{"title":"Veprimtari me bashk\u00ebshortet e klerik\u00ebve - Kisha Orthodh\u03bfkse Autoqefale e Shqip\u00ebris\u00eb","robots":{"index":"index","follow":"follow","max-snippet":"max-snippet:-1","max-image-preview":"max-image-preview:large","max-video-preview":"max-video-preview:-1"},"canonical":"https:\/\/orthodoxalbania.org\/2020\/2018\/09\/26\/veprimtari-me-bashkeshortet-e-klerikeve\/","og_locale":"en_US","og_type":"article","og_title":"Veprimtari me bashk\u00ebshortet e klerik\u00ebve - Kisha Orthodh\u03bfkse Autoqefale e Shqip\u00ebris\u00eb","og_description":"&nbsp; &nbsp; Nga 21-23 shtator, n\u00eb mjediset e Manastirit t\u00eb Sh\u00ebn Vlashit, u organizua Konferenca komb\u00ebtare p\u00ebr prift\u00ebreshat e dhiakoneshat e Kish\u00ebs son\u00eb. Tema e veprimtaris\u00eb ishte: \u201cMendje e sh\u00ebndosh\u00eb, n\u00eb trup t\u00eb sh\u00ebndosh\u00eb, dhe shpirt t\u00eb sh\u00ebndosh\u00eb!\u201d Q\u00ebllimi i veprimtaris\u00eb ishte rip\u00ebrt\u00ebritja shpirt\u00ebrore, rritja e rolit t\u00eb tyre n\u00eb kish\u00eb, forcimi i miq\u00ebsis\u00eb dhe ndarja e p\u00ebrvoj\u00ebs. Konferenca, q\u00eb tashm\u00eb po kthehet n\u00eb nj\u00eb","og_url":"https:\/\/orthodoxalbania.org\/2020\/2018\/09\/26\/veprimtari-me-bashkeshortet-e-klerikeve\/","og_site_name":"Kisha Orthodh\u03bfkse Autoqefale e Shqip\u00ebris\u00eb","article_publisher":"https:\/\/www.facebook.com\/koash1991","article_published_time":"2018-09-26T07:22:12+00:00","article_modified_time":"2020-04-06T19:58:02+00:00","og_image":[{"width":960,"height":760,"url":"https:\/\/orthodoxalbania.org\/2020\/wp-content\/uploads\/2020\/04\/grateorth.jpg","type":"image\/jpeg"}],"author":"Kisha Orthodhokse","twitter_card":"summary_large_image","twitter_misc":{"Written by":"Kisha Orthodhokse","Est. reading time":"1 minute"},"schema":{"@context":"https:\/\/schema.org","@graph":[{"@type":"Article","@id":"https:\/\/orthodoxalbania.org\/2020\/2018\/09\/26\/veprimtari-me-bashkeshortet-e-klerikeve\/#article","isPartOf":{"@id":"https:\/\/orthodoxalbania.org\/2020\/2018\/09\/26\/veprimtari-me-bashkeshortet-e-klerikeve\/"},"author":{"name":"Kisha Orthodhokse","@id":"https:\/\/orthodoxalbania.org\/2020\/#\/schema\/person\/0c387634a7063ac612d7ed9ce71c7e86"},"headline":"Veprimtari me bashk\u00ebshortet e klerik\u00ebve","datePublished":"2018-09-26T07:22:12+00:00","dateModified":"2020-04-06T19:58:02+00:00","mainEntityOfPage":{"@id":"https:\/\/orthodoxalbania.org\/2020\/2018\/09\/26\/veprimtari-me-bashkeshortet-e-klerikeve\/"},"wordCount":183,"commentCount":0,"publisher":{"@id":"https:\/\/orthodoxalbania.org\/2020\/#organization"},"image":{"@id":"https:\/\/orthodoxalbania.org\/2020\/2018\/09\/26\/veprimtari-me-bashkeshortet-e-klerikeve\/#primaryimage"},"thumbnailUrl":"https:\/\/orthodoxalbania.org\/2020\/wp-content\/uploads\/2020\/04\/grateorth.jpg","keywords":["2018","Aktivitete","Grate Orthodhokse","Kryepiskopata Tiran\u00eb","Kryepiskopi Anastas","lajme","OCMC"],"articleSection":["Lajme"],"inLanguage":"en-US"},{"@type":"WebPage","@id":"https:\/\/orthodoxalbania.org\/2020\/2018\/09\/26\/veprimtari-me-bashkeshortet-e-klerikeve\/","url":"https:\/\/orthodoxalbania.org\/2020\/2018\/09\/26\/veprimtari-me-bashkeshortet-e-klerikeve\/","name":"Veprimtari me bashk\u00ebshortet e klerik\u00ebve - Kisha Orthodh\u03bfkse Autoqefale e Shqip\u00ebris\u00eb","isPartOf":{"@id":"https:\/\/orthodoxalbania.org\/2020\/#website"},"primaryImageOfPage":{"@id":"https:\/\/orthodoxalbania.org\/2020\/2018\/09\/26\/veprimtari-me-bashkeshortet-e-klerikeve\/#primaryimage"},"image":{"@id":"https:\/\/orthodoxalbania.org\/2020\/2018\/09\/26\/veprimtari-me-bashkeshortet-e-klerikeve\/#primaryimage"},"thumbnailUrl":"https:\/\/orthodoxalbania.org\/2020\/wp-content\/uploads\/2020\/04\/grateorth.jpg","datePublished":"2018-09-26T07:22:12+00:00","dateModified":"2020-04-06T19:58:02+00:00","breadcrumb":{"@id":"https:\/\/orthodoxalbania.org\/2020\/2018\/09\/26\/veprimtari-me-bashkeshortet-e-klerikeve\/#breadcrumb"},"inLanguage":"en-US","potentialAction":[{"@type":"ReadAction","target":["https:\/\/orthodoxalbania.org\/2020\/2018\/09\/26\/veprimtari-me-bashkeshortet-e-klerikeve\/"]}]},{"@type":"ImageObject","inLanguage":"en-US","@id":"https:\/\/orthodoxalbania.org\/2020\/2018\/09\/26\/veprimtari-me-bashkeshortet-e-klerikeve\/#primaryimage","url":"https:\/\/orthodoxalbania.org\/2020\/wp-content\/uploads\/2020\/04\/grateorth.jpg","contentUrl":"https:\/\/orthodoxalbania.org\/2020\/wp-content\/uploads\/2020\/04\/grateorth.jpg","width":960,"height":760},{"@type":"BreadcrumbList","@id":"https:\/\/orthodoxalbania.org\/2020\/2018\/09\/26\/veprimtari-me-bashkeshortet-e-klerikeve\/#breadcrumb","itemListElement":[{"@type":"ListItem","position":1,"name":"Home","item":"https:\/\/orthodoxalbania.org\/2020\/"},{"@type":"ListItem","position":2,"name":"Veprimtari me bashk\u00ebshortet e klerik\u00ebve"}]},{"@type":"WebSite","@id":"https:\/\/orthodoxalbania.org\/2020\/#website","url":"https:\/\/orthodoxalbania.org\/2020\/","name":"Kisha Orthodh\u03bfkse Autoqefale e Shqip\u00ebris\u00eb","description":"Fqja Zyrtare e Kish\u00ebs Orthodhokse Autoqefale e Shqip\u00ebris\u00eb me lajmet edhe informacionet zyrtare p\u00ebr struktur\u00ebn edhe veprimtarin e saj.","publisher":{"@id":"https:\/\/orthodoxalbania.org\/2020\/#organization"},"potentialAction":[{"@type":"SearchAction","target":{"@type":"EntryPoint","urlTemplate":"https:\/\/orthodoxalbania.org\/2020\/?s={search_term_string}"},"query-input":{"@type":"PropertyValueSpecification","valueRequired":true,"valueName":"search_term_string"}}],"inLanguage":"en-US"},{"@type":"Organization","@id":"https:\/\/orthodoxalbania.org\/2020\/#organization","name":"Kisha Orthodhokse Autoqefale e Shqip\u00ebris\u00eb","url":"https:\/\/orthodoxalbania.org\/2020\/","logo":{"@type":"ImageObject","inLanguage":"en-US","@id":"https:\/\/orthodoxalbania.org\/2020\/#\/schema\/logo\/image\/","url":"https:\/\/orthodoxalbania.org\/2020\/wp-content\/uploads\/2020\/05\/albania.jpeg","contentUrl":"https:\/\/orthodoxalbania.org\/2020\/wp-content\/uploads\/2020\/05\/albania.jpeg","width":540,"height":540,"caption":"Kisha Orthodhokse Autoqefale e Shqip\u00ebris\u00eb"},"image":{"@id":"https:\/\/orthodoxalbania.org\/2020\/#\/schema\/logo\/image\/"},"sameAs":["https:\/\/www.facebook.com\/koash1991"]},{"@type":"Person","@id":"https:\/\/orthodoxalbania.org\/2020\/#\/schema\/person\/0c387634a7063ac612d7ed9ce71c7e86","name":"Kisha Orthodhokse","image":{"@type":"ImageObject","inLanguage":"en-US","@id":"https:\/\/secure.gravatar.com\/avatar\/596e7c417251e30f2fbb9c00e026fce61a695a00e51c889caded71c96cbbdde5?s=96&d=mm&r=g","url":"https:\/\/secure.gravatar.com\/avatar\/596e7c417251e30f2fbb9c00e026fce61a695a00e51c889caded71c96cbbdde5?s=96&d=mm&r=g","contentUrl":"https:\/\/secure.gravatar.com\/avatar\/596e7c417251e30f2fbb9c00e026fce61a695a00e51c889caded71c96cbbdde5?s=96&d=mm&r=g","caption":"Kisha Orthodhokse"}}]}},"_links":{"self":[{"href":"https:\/\/orthodoxalbania.org\/2020\/wp-json\/wp\/v2\/posts\/6877","targetHints":{"allow":["GET"]}}],"collection":[{"href":"https:\/\/orthodoxalbania.org\/2020\/wp-json\/wp\/v2\/posts"}],"about":[{"href":"https:\/\/orthodoxalbania.org\/2020\/wp-json\/wp\/v2\/types\/post"}],"author":[{"embeddable":true,"href":"https:\/\/orthodoxalbania.org\/2020\/wp-json\/wp\/v2\/users\/1"}],"replies":[{"embeddable":true,"href":"https:\/\/orthodoxalbania.org\/2020\/wp-json\/wp\/v2\/comments?post=6877"}],"version-history":[{"count":1,"href":"https:\/\/orthodoxalbania.org\/2020\/wp-json\/wp\/v2\/posts\/6877\/revisions"}],"predecessor-version":[{"id":14744,"href":"https:\/\/orthodoxalbania.org\/2020\/wp-json\/wp\/v2\/posts\/6877\/revisions\/14744"}],"wp:featuredmedia":[{"embeddable":true,"href":"https:\/\/orthodoxalbania.org\/2020\/wp-json\/wp\/v2\/media\/6878"}],"wp:attachment":[{"href":"https:\/\/orthodoxalbania.org\/2020\/wp-json\/wp\/v2\/media?parent=6877"}],"wp:term":[{"taxonomy":"category","embeddable":true,"href":"https:\/\/orthodoxalbania.org\/2020\/wp-json\/wp\/v2\/categories?post=6877"},{"taxonomy":"post_tag","embeddable":true,"href":"https:\/\/orthodoxalbania.org\/2020\/wp-json\/wp\/v2\/tags?post=6877"}],"curies":[{"name":"wp","href":"https:\/\/api.w.org\/{rel}","templated":true}]}}