{"id":687,"date":"2006-02-26T00:00:00","date_gmt":"2006-02-26T00:00:00","guid":{"rendered":""},"modified":"2020-04-06T22:41:49","modified_gmt":"2020-04-06T20:41:49","slug":"kampi-i-djemve-te-dioqezes-se-gjirokastres-gusht-06","status":"publish","type":"post","link":"https:\/\/orthodoxalbania.org\/2020\/2006\/02\/26\/kampi-i-djemve-te-dioqezes-se-gjirokastres-gusht-06\/","title":{"rendered":"Kampi i djemve t\u00eb Dioqez\u00ebs s\u00eb Gjirokastr\u00ebs. (10 &#8211; 20 Korrik 2006)"},"content":{"rendered":"<div style=\"text-align: justify;\">\n<div><span style=\"color: #000000;\"><span style=\"font-family: tahoma,geneva,sans-serif;\"><span style=\"font-size: 12px;\"><img decoding=\"async\" class=\"lazyload HAa Eha\" style=\"float: left; border-width: 1px; border-style: solid; margin: 10px;\" alt=\"\" src=\"data:image\/svg+xml,%3Csvg%20xmlns%3D%27http%3A%2F%2Fwww.w3.org%2F2000%2Fsvg%27%20width%3D%27363%27%20height%3D%27232%27%20viewBox%3D%270%200%20363%20232%27%3E%3Crect%20width%3D%27363%27%20height%3D%27232%27%20fill-opacity%3D%220%22%2F%3E%3C%2Fsvg%3E\" data-orig-src=\"https:\/\/lh5.googleusercontent.com\/-fgKpD2qjri4\/VIf5udiHkzI\/AAAAAAAAFmo\/EvqJU5BeOIc\/w370-h235-no\/text1.jpg\" height=\"232\" width=\"363\" \/>&nbsp;&nbsp;&nbsp;&nbsp; Me bekimin e Fortlumturis\u00eb s\u00eb tij, Imzot Anastasit dhe n\u00ebn kujdesin e Mitropolis\u00eb s\u00eb Gjirokastr\u00ebs, n\u00eb manastirin e Sh\u00ebn Gjergjit n\u00eb \u00c7uk\u00eb t\u00eb Sarand\u00ebs, nga data 10 \u2013 20 Korrik 2006 u zhvillua kampi me t\u00eb rinjt\u00eb e k\u00ebsaj Mitropolie.<br \/> <\/span><\/span><\/span><\/div>\n<div>&nbsp;<\/div>\n<div><span style=\"color: #000000;\"><span style=\"font-family: tahoma,geneva,sans-serif;\"><span style=\"font-size: 12px;\">&nbsp;&nbsp;&nbsp;&nbsp; Ky ishte kampi i tret\u00eb q\u00eb funksionoi pran\u00eb manastirit, tashm\u00eb n\u00eb punime restauruese, p\u00ebr t\u2019u kthyer n\u00eb t\u00eb ardhmen n\u00eb nj\u00eb qend\u00ebr t\u00eb v\u00ebrtet\u00eb shpirt\u00ebrore me kushtet e duhura p\u00ebr aktivitete t\u00eb ndryshme fetare p\u00ebr besimtar\u00ebt orthodhoks\u00eb dhe ve\u00e7an\u00ebrisht p\u00ebr rinin\u00eb orthodhokse.<br \/> <\/span><\/span><\/span><\/div>\n<div>&nbsp;<\/div>\n<div><span style=\"color: #000000;\"><span style=\"font-family: tahoma,geneva,sans-serif;\"><span style=\"font-size: 12px;\">&nbsp;&nbsp;&nbsp; Jeta dhe veprimtaria e kampist\u00ebve bazohej kryesisht n\u00eb organizimin e grupeve, t\u00eb drejtuara nga kryetar\u00ebt e tyre: katekist\u00eb, punonj\u00ebs t\u00eb Zyr\u00ebs s\u00eb Rinis\u00eb, student\u00eb nga Akademia Teologjike dhe bashk\u00ebpun\u00ebtor\u00eb t\u00eb tjer\u00eb q\u00eb p\u00ebrb\u00ebnin stafin, t\u00eb drejtuar nga z. Jorgo Papadhopulli, teolog me p\u00ebrgjegj\u00ebsin\u00eb e drejtuesit t\u00eb k\u00ebtij kampi.<\/span><\/span><\/span><\/div>\n<div>&nbsp;<\/div>\n<div><span style=\"color: #000000;\"><span style=\"font-family: tahoma,geneva,sans-serif;\"><span style=\"font-size: 12px;\">&nbsp;&nbsp;&nbsp; Q\u00ebllimi i organizimit t\u00eb kampit ishte t\u00eb krijonte nj\u00eb ambient, ku t\u00eb rinjt\u00eb mund t\u00eb m\u00ebsonin dhe t\u00eb kultivoheshin shpirt\u00ebrisht n\u00eb m\u00ebsimet q\u00eb transmeton Zoti n\u00eb Ungjill, duke marr\u00eb shkas tek ato t\u00eb 9 Lum\u00ebrimeve <em>(Ungjilli i Mattheut, kapitulli 5)<\/em>, t\u00eb cilat p\u00ebrb\u00ebnin tem\u00ebn e kampit t\u00eb k\u00ebtij viti. Brenda k\u00ebtij q\u00ebllimi ishte p\u00ebrpjekja p\u00ebr t\u00eb jetuar sipas vullnetit t\u00eb Per\u00ebndis\u00eb n\u00eb nj\u00eb shoq\u00ebri v\u00ebllaz\u00ebrore t\u00eb krishter\u00ebsh, n\u00ebp\u00ebrmjet aktiviteteve shpirt\u00ebrore, kulturore dhe arg\u00ebtuese.<br \/> <\/span><\/span><\/span><\/div>\n<div>&nbsp;<\/div>\n<div><span style=\"color: #000000;\"><span style=\"font-family: tahoma,geneva,sans-serif;\"><span style=\"font-size: 12px;\"><img decoding=\"async\" class=\"lazyload HAa Eha\" style=\"height: 201px; width: 300px; border-width: 1px; border-style: solid; margin: 10px; float: right;\" alt=\"\" src=\"data:image\/gif;base64,R0lGODlhAQABAAAAACH5BAEKAAEALAAAAAABAAEAAAICTAEAOw==\" data-orig-src=\"https:\/\/lh6.googleusercontent.com\/-mtqUBR2pyB4\/VIf5uVu0ydI\/AAAAAAAAFng\/vn89OkamgTw\/w370-h248-no\/text2.jpg\" \/>&nbsp;&nbsp;&nbsp; \u00c7anga e zgjimit kumbonte \u00e7do m\u00ebngjes n\u00eb or\u00ebn 6:30, p\u00ebr t\u2019i l\u00ebn\u00eb shum\u00eb shpejt radh\u00ebn koh\u00ebs s\u00eb fiskultur\u00ebs. N\u00eb or\u00ebn 7:00, Sh\u00ebrbesa e M\u00ebngjesores hapte \u00e7do dit\u00eb programin e kampit me lutje drejtuar Per\u00ebndis\u00eb p\u00ebr bekimin e dit\u00ebs s\u00eb re q\u00eb sapo kishte nisur.<\/span><\/span><\/span><\/div>\n<div>&nbsp;<\/div>\n<div><span style=\"color: #000000;\"><span style=\"font-family: tahoma,geneva,sans-serif;\"><span style=\"font-size: 12px;\">&nbsp;&nbsp;&nbsp; Mbas sh\u00ebrbes\u00ebs dhe p\u00ebrsh\u00ebndetjeve t\u00eb ikonave, djemt\u00eb mblidheshin p\u00ebrpara Kish\u00ebs p\u00ebr t\u00eb d\u00ebgjuar mesazhin e Ungjillit t\u00eb dit\u00ebs. \u00cbsht\u00eb nj\u00eb domosdoshm\u00ebri p\u00ebr \u00e7do t\u00eb krishter orthodhoks q\u00eb n\u00eb fillim t\u00eb dit\u00ebs t\u00eb k\u00ebrkoj Per\u00ebndin\u00eb me fal\u00ebnderime dhe me k\u00ebrkesat e dit\u00ebs, si dhe me p\u00ebrpjekjen p\u00ebr ta b\u00ebr\u00eb pjes\u00eb t\u00eb dit\u00ebs zbatimin e m\u00ebsimit nga ungjilli i M\u00ebngjesores. M\u00eb pas s\u00eb bashku kalonim ngr\u00ebnien e m\u00ebngjesit n\u00eb mens\u00ebn q\u00eb i ngjante nj\u00eb ballkoni nga ku mund t\u00eb shijoje natyr\u00ebn e mrekullueshme t\u00eb vendit me qiellin dhe detin blu t\u00eb Sarand\u00ebs.<br \/> <\/span><\/span><\/span><\/div>\n<div>&nbsp;<\/div>\n<div><span style=\"color: #000000;\"><span style=\"font-family: tahoma,geneva,sans-serif;\"><span style=\"font-size: 12px;\">&nbsp;&nbsp;&nbsp; Nj\u00eb tjet\u00ebr bekim p\u00ebr kampin ishte plazhi i ndodhur 15 minuta larg, me ujin e fresk\u00ebt dhe kristal t\u00eb Jonit, q\u00eb na mund\u00ebsoi t\u00eb kalonim or\u00ebt e nxehta t\u00eb vap\u00ebs n\u00eb nj\u00eb freski t\u00eb rrall\u00eb. Dreka me nj\u00eb menu t\u00eb pasur dhe shije gjithmon\u00eb rezervonte surpriza. Nuk mungonin grimcat humoristike t\u00eb dit\u00ebs, \u201cb\u00ebmat\u201d e ndonj\u00ebrit prej kampist\u00ebve, shp\u00ebrthimi i talenteve n\u00eb k\u00ebng\u00eb, valle dhe imitime. Nd\u00ebrkaq vazhdoi edhe tradita e k\u00ebndimit dhe m\u00ebsimit t\u00eb k\u00ebng\u00ebve t\u00eb reja.<\/span><\/span><\/span><\/div>\n<div>&nbsp;<\/div>\n<div><span style=\"color: #000000;\"><span style=\"font-family: tahoma,geneva,sans-serif;\"><span style=\"font-size: 12px;\"><img decoding=\"async\" class=\"lazyload HAa Eha\" style=\"height: 225px; width: 300px; border-width: 1px; border-style: solid; margin: 10px; float: left;\" alt=\"\" src=\"data:image\/gif;base64,R0lGODlhAQABAAAAACH5BAEKAAEALAAAAAABAAEAAAICTAEAOw==\" data-orig-src=\"https:\/\/lh4.googleusercontent.com\/-U2uYFjaImS8\/VIf5uoAAP7I\/AAAAAAAAFm0\/qpyzw5tslxU\/w370-h278-no\/text3.jpg\" \/>&nbsp;&nbsp; Programi i mbasdites ishte i mbushur me aktivitete sportive t\u00eb organizuara n\u00eb form\u00ebn e kampionateve p\u00ebr secilin sport: futboll, volejboll, ping-pong, shah, dam, tav\u00ebll, domino, etj. Kulmi i aktiviteteve sportive ishin ndeshjet finale p\u00ebr secilin kampionat, ku u dallua shpirti i gar\u00ebs, si dhe kultura e secilit q\u00eb garonte. Gjithashtu olimpiada me fitues, n\u00eb loj\u00ebra t\u00eb ndryshme popullore dhe maraton\u00ebn i dhan\u00eb nj\u00eb impuls t\u00eb v\u00ebrtet\u00eb programit t\u00eb sporteve. Jo pa q\u00ebllim programit t\u00eb sporteve i kushtohet r\u00ebnd\u00ebsi e ve\u00e7ant\u00eb, pasi n\u00ebp\u00ebrmjet tyre rritet bashk\u00ebpunimi n\u00eb grup. Gjithashtu m\u00ebsohet edhe shija e fitores edhe e humbjes.<br \/> <\/span><\/span><\/span><\/div>\n<div>&nbsp;<\/div>\n<div><span style=\"color: #000000;\"><span style=\"font-family: tahoma,geneva,sans-serif;\"><span style=\"font-size: 12px;\">&nbsp;&nbsp;&nbsp; Ora 19:00 i th\u00ebrriste kampist\u00ebt n\u00eb nj\u00eb tjet\u00ebr koh\u00eb edhe m\u00eb t\u00eb r\u00ebnd\u00ebsishme, p\u00ebr bised\u00ebn shpirt\u00ebrore. \u00c7do mbr\u00ebmje ishte nj\u00eb Lum\u00ebrim q\u00eb zhvillohej si tem\u00eb p\u00ebr bised\u00ebn e mbr\u00ebmjes drejtuar nga nj\u00eb m\u00ebsues katekizmi. Nga temat e lum\u00ebrimeve kishim si q\u00ebllim t\u2019ju transmetonim t\u00eb rinjve kampist\u00eb se lumturia, jo ajo e bot\u00ebs q\u00eb mb\u00ebshtet n\u00eb k\u00ebnaq\u00ebsit\u00eb e pasioneve dhe q\u00eb \u00ebsht\u00eb e p\u00ebrkohshme dhe zbehet, por lumturia e plot\u00eb dhe e p\u00ebrhershme ekziston; dhe se burimi i saj \u00ebsht\u00eb Per\u00ebndia. Ka nj\u00eb rrug\u00eb p\u00ebr ta fituar at\u00eb nga Per\u00ebndia, duke d\u00ebgjuar dhe zbatuar porosit\u00eb e Zotit, sikurse ai thot\u00eb n\u00eb Ungjill: <em>\u201cM\u00eb tep\u00ebr lum ata q\u00eb e d\u00ebgjojn\u00eb fjal\u00ebn e Per\u00ebndis\u00eb dhe e zbatojn\u00eb\u201d. <\/em>(Llukai 10: 28)<\/span><\/span><\/span><\/div>\n<div>&nbsp;<\/div>\n<div><span style=\"color: #000000;\"><span style=\"font-family: tahoma,geneva,sans-serif;\"><span style=\"font-size: 12px;\">&nbsp;&nbsp; Nd\u00ebrsa p\u00ebr nj\u00eb grup t\u00eb vog\u00ebl kampist\u00ebsh ishte nj\u00eb program i ve\u00e7ant\u00eb katekizmi p\u00ebr p\u00ebrgatitjen e tyre para kryerjes s\u00eb misterit t\u00eb Pag\u00ebzimit. Nj\u00eb nga aktivitetet arg\u00ebtuese t\u00eb kampit ishte dhe konkursi i njohurive t\u00eb p\u00ebrgjithshme, ku \u00e7do mbr\u00ebmje vendoseshin n\u00eb gar\u00eb dy grupe me nj\u00ebri-tjetrin. Tjet\u00ebr aktivitet krijues-arg\u00ebtues ishte paraqitja n\u00eb festivalin e kampit t\u00eb k\u00ebng\u00ebve dhe ske\u00e7eve, q\u00eb secili grup p\u00ebrgatiti n\u00eb p\u00ebrfundim t\u00eb dit\u00ebve t\u00eb kampit.&nbsp; Puna e dor\u00ebs nuk mungoi as k\u00ebt\u00eb vit n\u00eb k\u00ebt\u00eb kamp. T\u00eb rinjt\u00eb punuan ikona n\u00eb dru bushi, nj\u00eb tjet\u00ebr punim ky krijues dhe i ri, i dal\u00eb koh\u00ebt e fundit nga duart e t\u00eb rinjve orthodhoks\u00eb t\u00eb Mitropolis\u00eb s\u00eb Tiran\u00ebs. N\u00eb fund pati edhe stimuj p\u00ebr punuesit m\u00eb t\u00eb mir\u00eb t\u00eb ikonave.<br \/> <\/span><\/span><\/span><\/div>\n<div>&nbsp;<\/div>\n<div><span style=\"color: #000000;\"><span style=\"font-family: tahoma,geneva,sans-serif;\"><span style=\"font-size: 12px;\"><img decoding=\"async\" class=\"lazyload HAa Eha\" style=\"height: 225px; width: 300px; border-width: 1px; border-style: solid; margin: 10px; float: right;\" alt=\"\" src=\"data:image\/gif;base64,R0lGODlhAQABAAAAACH5BAEKAAEALAAAAAABAAEAAAICTAEAOw==\" data-orig-src=\"https:\/\/lh6.googleusercontent.com\/-Ho1FgHaTL8s\/VIf5vE4g9SI\/AAAAAAAAFmw\/0-iGLsmkZlQ\/w370-h278-no\/text4.jpg\" \/>&nbsp;&nbsp; Por bekimi m\u00eb i madh i kampit ishin sh\u00ebrbesat kishtare, t\u00eb cilat hapnin dhe mbyllnin dit\u00ebt e kampit. N\u00eb m\u00ebnyr\u00eb t\u00eb ve\u00e7ant\u00eb u zhvilluan Liturgji Hyjnore n\u00eb kish\u00ebn e manastirit me meshtar At Gjergjin, i pap\u00ebrtuesh\u00ebm p\u00ebr t\u2019i sh\u00ebrbyer t\u00eb rinjve.<\/span><\/span><\/span><\/div>\n<div>&nbsp;<\/div>\n<div><span style=\"color: #000000;\"><span style=\"font-family: tahoma,geneva,sans-serif;\"><span style=\"font-size: 12px;\">&nbsp;&nbsp;&nbsp; E ve\u00e7ant\u00eb ishte dita e ekskursionit, ku t\u00eb rinjt\u00eb m\u00eb par\u00eb mor\u00ebn pjes\u00eb n\u00eb liturgjin\u00eb e s\u00eb diel\u00ebs n\u00eb kish\u00ebn e qytetit t\u00eb Sarand\u00ebs q\u00eb mban emrin e Sh\u00ebn Harallambit. Sipas tradit\u00ebs m\u00eb t\u00eb re t\u00eb k\u00ebtij kampi, mbas Liturgjis\u00eb Hyjnore, n\u00eb oborrin e kish\u00ebs kampist\u00ebt t\u00eb grupuar n\u00eb kore k\u00ebndojn\u00eb pand\u00ebrprerje n\u00eb nj\u00eb kolazh k\u00ebng\u00ebt e kampit, duke t\u00ebrhequr edhe admirimin e besimtar\u00ebve t\u00eb pranish\u00ebm. Dita vijoi me vizit\u00ebn n\u00eb manastirin e Sh\u00ebn Joan Theologut, pran\u00eb Dhivrit t\u00eb Sarand\u00ebs, si dhe nj\u00eb s\u00ebr\u00eb kishash p\u00ebrgjat\u00eb rrug\u00ebs. Pas sh\u00ebrbes\u00ebs s\u00eb Paraklisit n\u00eb kish\u00ebn e manastirit dhe drek\u00ebs s\u00eb p\u00ebrbashk\u00ebt u zhvillua nj\u00eb tjet\u00ebr vizit\u00eb n\u00eb nj\u00eb qend\u00ebr po kaq t\u00eb lasht\u00eb t\u00eb krishterimit n\u00eb Shqip\u00ebri, n\u00eb manastirin e Mesopotamit n\u00eb lindje t\u00eb qytetit t\u00eb Sarand\u00ebs. Ekskursioni vijoi me soditjen e Syrit t\u00eb Kalt\u00ebr.<br \/> <\/span><\/span><\/span><\/div>\n<div>&nbsp;<\/div>\n<div><span style=\"color: #000000;\"><span style=\"font-family: tahoma,geneva,sans-serif;\"><span style=\"font-size: 12px;\">&nbsp;&nbsp;&nbsp;&nbsp; Bekim i ve\u00e7ant\u00eb i kampit ishte vizita e At Dhimitrit nga Mitropolia e Gjirokastr\u00ebs, i cili p\u00ebrkujdesej drejtp\u00ebrdrejt p\u00ebr mbar\u00ebvajtjen e aktivitetit t\u00eb kampit. Prej tij dhe klerik\u00ebve t\u00eb tjer\u00eb t\u00eb k\u00ebsaj Mitropolie, n\u00eb dit\u00ebn e par\u00eb t\u00eb kampi u zhvillua sh\u00ebrbesa e Ajazm\u00ebs, sh\u00ebrbes\u00eb kjo q\u00eb na ndihmon ne t\u00eb krishter\u00ebve orthodhoks\u00eb t\u00eb fillojm\u00eb nj\u00eb pun\u00eb duke k\u00ebrkuar q\u00eb ajo t\u00eb jet\u00eb e mbar\u00eb, e ndihmuar dhe e bekuar nga Hiri i Per\u00ebndis\u00eb.<br \/> <\/span><\/span><\/span><\/div>\n<div>&nbsp;<\/div>\n<div><span style=\"color: #000000;\"><span style=\"font-family: tahoma,geneva,sans-serif;\"><span style=\"font-size: 12px;\">&nbsp;&nbsp;&nbsp; Dit\u00eb mbres\u00ebl\u00ebn\u00ebse e kampit ishte edhe dita e pag\u00ebzimeve. Tre t\u00eb rinj kampist\u00eb nga qyteti i Gjirokastr\u00ebs, mbas nj\u00eb p\u00ebrgatitje n\u00eb m\u00ebsimet e katekizmit u pag\u00ebzuan, duke iu bashkuar k\u00ebshtu familjes s\u00eb madhe t\u00eb Kish\u00ebs. Hiri i Per\u00ebndis\u00eb i derdhur brenda tyre i dha dit\u00ebs nj\u00eb karakter festiv dhe ngaz\u00ebllues.<\/span><\/span><\/span><\/div>\n<div>&nbsp;<\/div>\n<div>\n<p><span style=\"color: #000000;\"><strong>Aleksand\u00ebr Dimro\u00e7i<\/strong>&nbsp;<\/span><\/p>\n<p>&nbsp;<\/p>\n<p style=\"text-align: center;\"><img decoding=\"async\" class=\"lazyload HAa Eha\" style=\"height: 263px; width: 350px; border-width: 1px; border-style: solid; margin: 10px;\" alt=\"\" src=\"data:image\/gif;base64,R0lGODlhAQABAAAAACH5BAEKAAEALAAAAAABAAEAAAICTAEAOw==\" data-orig-src=\"https:\/\/lh5.googleusercontent.com\/--FHaVLMeb7Y\/VIf5vCsroAI\/AAAAAAAAFnM\/1pQQnJqd6N0\/w370-h278-no\/text5.jpg\" \/><\/p>\n<p style=\"text-align: center;\"><img decoding=\"async\" class=\"lazyload HAa Eha\" style=\"height: 263px; width: 350px; border-width: 1px; border-style: solid; margin: 10px;\" alt=\"\" src=\"data:image\/gif;base64,R0lGODlhAQABAAAAACH5BAEKAAEALAAAAAABAAEAAAICTAEAOw==\" data-orig-src=\"https:\/\/lh6.googleusercontent.com\/-rjh9nkhrLAw\/VIf5vugmO_I\/AAAAAAAAFm8\/9S1jHdiHjaE\/w370-h278-no\/text6.jpg\" \/><\/p>\n<p style=\"text-align: center;\"><img decoding=\"async\" class=\"lazyload HAa Eha\" style=\"height: 263px; width: 350px; border-width: 1px; border-style: solid; margin: 10px;\" alt=\"\" src=\"data:image\/gif;base64,R0lGODlhAQABAAAAACH5BAEKAAEALAAAAAABAAEAAAICTAEAOw==\" data-orig-src=\"https:\/\/lh4.googleusercontent.com\/-CxrKCf_anw8\/VIf5wGsgRvI\/AAAAAAAAFnE\/Y3l4PM9Z52s\/w600-h450-no\/untitled%2B1.jpg\" \/><\/p>\n<p style=\"text-align: center;\"><img decoding=\"async\" class=\"lazyload HAa Eha\" style=\"height: 263px; width: 350px; border-width: 1px; border-style: solid; margin: 10px;\" alt=\"\" src=\"data:image\/gif;base64,R0lGODlhAQABAAAAACH5BAEKAAEALAAAAAABAAEAAAICTAEAOw==\" data-orig-src=\"https:\/\/lh5.googleusercontent.com\/-H4YNEkoFjWo\/VIf5wtVzCSI\/AAAAAAAAFnU\/Ico5SjqSOwQ\/w600-h450-no\/untitled%2B2.jpg\" \/><\/p>\n<p style=\"text-align: center;\"><img decoding=\"async\" class=\"lazyload HAa Eha\" style=\"height: 263px; width: 350px; border-width: 1px; border-style: solid; margin: 10px;\" alt=\"\" src=\"data:image\/gif;base64,R0lGODlhAQABAAAAACH5BAEKAAEALAAAAAABAAEAAAICTAEAOw==\" data-orig-src=\"https:\/\/lh5.googleusercontent.com\/-QPltBv-wryM\/VIf5xJtlI9I\/AAAAAAAAFnc\/IhaS-ACYgr4\/w600-h450-no\/untitled%2B3.jpg\" \/><\/p>\n<p style=\"text-align: center;\"><img decoding=\"async\" class=\"lazyload HAa Eha\" style=\"height: 263px; width: 350px; border-width: 1px; border-style: solid; margin: 10px;\" alt=\"\" src=\"data:image\/gif;base64,R0lGODlhAQABAAAAACH5BAEKAAEALAAAAAABAAEAAAICTAEAOw==\" data-orig-src=\"https:\/\/lh4.googleusercontent.com\/-YMv2iRKUBOY\/VIf5xTJT49I\/AAAAAAAAFnk\/YnxnygSWSsQ\/w600-h450-no\/untitled%2B4.jpg\" \/><\/p>\n<p>&nbsp;<\/p>\n<\/div>\n<div>&nbsp;<\/div>\n<div>&nbsp;<\/div>\n<\/div>\n","protected":false},"excerpt":{"rendered":"<p>&nbsp;&nbsp;&nbsp;&nbsp; Me bekimin e Fortlumturis\u00eb s\u00eb tij, Imzot Anastasit dhe n\u00ebn kujdesin e Mitropolis\u00eb s\u00eb Gjirokastr\u00ebs, n\u00eb manastirin e Sh\u00ebn Gjergjit n\u00eb \u00c7uk\u00eb t\u00eb Sarand\u00ebs, nga data 10 \u2013 20 Korrik 2006 u zhvillua kampi me t\u00eb rinjt\u00eb e k\u00ebsaj Mitropolie. &nbsp; &nbsp;&nbsp;&nbsp;&nbsp; Ky ishte kampi i tret\u00eb q\u00eb funksionoi pran\u00eb manastirit, tashm\u00eb n\u00eb punime restauruese, p\u00ebr t\u2019u kthyer n\u00eb t\u00eb ardhmen n\u00eb nj\u00eb qend\u00ebr<\/p>\n","protected":false},"author":1,"featured_media":0,"comment_status":"open","ping_status":"open","sticky":false,"template":"","format":"standard","meta":{"_acf_changed":false,"pagelayer_contact_templates":[],"_pagelayer_content":"","inline_featured_image":false,"fifu_image_url":"","fifu_image_alt":"","footnotes":""},"categories":[108],"tags":[148,200,212,198,176],"class_list":["post-687","post","type-post","status-publish","format-standard","hentry","category-lajme","tag-148","tag-kampe-verore","tag-lajme-d27","tag-gjirokaster","tag-rinia-orthodhokse"],"acf":[],"yoast_head":"<!-- This site is optimized with the Yoast SEO plugin v27.2 - https:\/\/yoast.com\/product\/yoast-seo-wordpress\/ -->\n<title>Kampi i djemve t\u00eb Dioqez\u00ebs s\u00eb Gjirokastr\u00ebs. (10 - 20 Korrik 2006) - Kisha Orthodh\u03bfkse Autoqefale e Shqip\u00ebris\u00eb<\/title>\n<meta name=\"robots\" content=\"index, follow, max-snippet:-1, max-image-preview:large, max-video-preview:-1\" \/>\n<link rel=\"canonical\" href=\"https:\/\/orthodoxalbania.org\/2020\/2006\/02\/26\/kampi-i-djemve-te-dioqezes-se-gjirokastres-gusht-06\/\" \/>\n<meta property=\"og:locale\" content=\"en_US\" \/>\n<meta property=\"og:type\" content=\"article\" \/>\n<meta property=\"og:title\" content=\"Kampi i djemve t\u00eb Dioqez\u00ebs s\u00eb Gjirokastr\u00ebs. (10 - 20 Korrik 2006) - Kisha Orthodh\u03bfkse Autoqefale e Shqip\u00ebris\u00eb\" \/>\n<meta property=\"og:description\" content=\"&nbsp;&nbsp;&nbsp;&nbsp; Me bekimin e Fortlumturis\u00eb s\u00eb tij, Imzot Anastasit dhe n\u00ebn kujdesin e Mitropolis\u00eb s\u00eb Gjirokastr\u00ebs, n\u00eb manastirin e Sh\u00ebn Gjergjit n\u00eb \u00c7uk\u00eb t\u00eb Sarand\u00ebs, nga data 10 \u2013 20 Korrik 2006 u zhvillua kampi me t\u00eb rinjt\u00eb e k\u00ebsaj Mitropolie. &nbsp; &nbsp;&nbsp;&nbsp;&nbsp; Ky ishte kampi i tret\u00eb q\u00eb funksionoi pran\u00eb manastirit, tashm\u00eb n\u00eb punime restauruese, p\u00ebr t\u2019u kthyer n\u00eb t\u00eb ardhmen n\u00eb nj\u00eb qend\u00ebr\" \/>\n<meta property=\"og:url\" content=\"https:\/\/orthodoxalbania.org\/2020\/2006\/02\/26\/kampi-i-djemve-te-dioqezes-se-gjirokastres-gusht-06\/\" \/>\n<meta property=\"og:site_name\" content=\"Kisha Orthodh\u03bfkse Autoqefale e Shqip\u00ebris\u00eb\" \/>\n<meta property=\"article:publisher\" content=\"https:\/\/www.facebook.com\/koash1991\" \/>\n<meta property=\"article:published_time\" content=\"2006-02-26T00:00:00+00:00\" \/>\n<meta property=\"article:modified_time\" content=\"2020-04-06T20:41:49+00:00\" \/>\n<meta property=\"og:image\" content=\"https:\/\/lh5.googleusercontent.com\/-fgKpD2qjri4\/VIf5udiHkzI\/AAAAAAAAFmo\/EvqJU5BeOIc\/w370-h235-no\/text1.jpg\" \/>\n<meta name=\"author\" content=\"Kisha Orthodhokse\" \/>\n<meta name=\"twitter:card\" content=\"summary_large_image\" \/>\n<meta name=\"twitter:label1\" content=\"Written by\" \/>\n\t<meta name=\"twitter:data1\" content=\"Kisha Orthodhokse\" \/>\n\t<meta name=\"twitter:label2\" content=\"Est. reading time\" \/>\n\t<meta name=\"twitter:data2\" content=\"7 minutes\" \/>\n<script type=\"application\/ld+json\" class=\"yoast-schema-graph\">{\"@context\":\"https:\/\/schema.org\",\"@graph\":[{\"@type\":\"Article\",\"@id\":\"https:\/\/orthodoxalbania.org\/2020\/2006\/02\/26\/kampi-i-djemve-te-dioqezes-se-gjirokastres-gusht-06\/#article\",\"isPartOf\":{\"@id\":\"https:\/\/orthodoxalbania.org\/2020\/2006\/02\/26\/kampi-i-djemve-te-dioqezes-se-gjirokastres-gusht-06\/\"},\"author\":{\"name\":\"Kisha Orthodhokse\",\"@id\":\"https:\/\/orthodoxalbania.org\/2020\/#\/schema\/person\/0c387634a7063ac612d7ed9ce71c7e86\"},\"headline\":\"Kampi i djemve t\u00eb Dioqez\u00ebs s\u00eb Gjirokastr\u00ebs. (10 &#8211; 20 Korrik 2006)\",\"datePublished\":\"2006-02-26T00:00:00+00:00\",\"dateModified\":\"2020-04-06T20:41:49+00:00\",\"mainEntityOfPage\":{\"@id\":\"https:\/\/orthodoxalbania.org\/2020\/2006\/02\/26\/kampi-i-djemve-te-dioqezes-se-gjirokastres-gusht-06\/\"},\"wordCount\":1366,\"commentCount\":0,\"publisher\":{\"@id\":\"https:\/\/orthodoxalbania.org\/2020\/#organization\"},\"image\":{\"@id\":\"https:\/\/orthodoxalbania.org\/2020\/2006\/02\/26\/kampi-i-djemve-te-dioqezes-se-gjirokastres-gusht-06\/#primaryimage\"},\"thumbnailUrl\":\"https:\/\/lh5.googleusercontent.com\/-fgKpD2qjri4\/VIf5udiHkzI\/AAAAAAAAFmo\/EvqJU5BeOIc\/w370-h235-no\/text1.jpg\",\"keywords\":[\"2006\",\"Kampe verore\",\"lajme\",\"Mitropolia Gjirokast\u00ebr\",\"Rinia Orthodhokse\"],\"articleSection\":[\"Lajme\"],\"inLanguage\":\"en-US\"},{\"@type\":\"WebPage\",\"@id\":\"https:\/\/orthodoxalbania.org\/2020\/2006\/02\/26\/kampi-i-djemve-te-dioqezes-se-gjirokastres-gusht-06\/\",\"url\":\"https:\/\/orthodoxalbania.org\/2020\/2006\/02\/26\/kampi-i-djemve-te-dioqezes-se-gjirokastres-gusht-06\/\",\"name\":\"Kampi i djemve t\u00eb Dioqez\u00ebs s\u00eb Gjirokastr\u00ebs. (10 - 20 Korrik 2006) - Kisha Orthodh\u03bfkse Autoqefale e Shqip\u00ebris\u00eb\",\"isPartOf\":{\"@id\":\"https:\/\/orthodoxalbania.org\/2020\/#website\"},\"primaryImageOfPage\":{\"@id\":\"https:\/\/orthodoxalbania.org\/2020\/2006\/02\/26\/kampi-i-djemve-te-dioqezes-se-gjirokastres-gusht-06\/#primaryimage\"},\"image\":{\"@id\":\"https:\/\/orthodoxalbania.org\/2020\/2006\/02\/26\/kampi-i-djemve-te-dioqezes-se-gjirokastres-gusht-06\/#primaryimage\"},\"thumbnailUrl\":\"https:\/\/lh5.googleusercontent.com\/-fgKpD2qjri4\/VIf5udiHkzI\/AAAAAAAAFmo\/EvqJU5BeOIc\/w370-h235-no\/text1.jpg\",\"datePublished\":\"2006-02-26T00:00:00+00:00\",\"dateModified\":\"2020-04-06T20:41:49+00:00\",\"breadcrumb\":{\"@id\":\"https:\/\/orthodoxalbania.org\/2020\/2006\/02\/26\/kampi-i-djemve-te-dioqezes-se-gjirokastres-gusht-06\/#breadcrumb\"},\"inLanguage\":\"en-US\",\"potentialAction\":[{\"@type\":\"ReadAction\",\"target\":[\"https:\/\/orthodoxalbania.org\/2020\/2006\/02\/26\/kampi-i-djemve-te-dioqezes-se-gjirokastres-gusht-06\/\"]}]},{\"@type\":\"ImageObject\",\"inLanguage\":\"en-US\",\"@id\":\"https:\/\/orthodoxalbania.org\/2020\/2006\/02\/26\/kampi-i-djemve-te-dioqezes-se-gjirokastres-gusht-06\/#primaryimage\",\"url\":\"https:\/\/lh5.googleusercontent.com\/-fgKpD2qjri4\/VIf5udiHkzI\/AAAAAAAAFmo\/EvqJU5BeOIc\/w370-h235-no\/text1.jpg\",\"contentUrl\":\"https:\/\/lh5.googleusercontent.com\/-fgKpD2qjri4\/VIf5udiHkzI\/AAAAAAAAFmo\/EvqJU5BeOIc\/w370-h235-no\/text1.jpg\"},{\"@type\":\"BreadcrumbList\",\"@id\":\"https:\/\/orthodoxalbania.org\/2020\/2006\/02\/26\/kampi-i-djemve-te-dioqezes-se-gjirokastres-gusht-06\/#breadcrumb\",\"itemListElement\":[{\"@type\":\"ListItem\",\"position\":1,\"name\":\"Home\",\"item\":\"https:\/\/orthodoxalbania.org\/2020\/\"},{\"@type\":\"ListItem\",\"position\":2,\"name\":\"Kampi i djemve t\u00eb Dioqez\u00ebs s\u00eb Gjirokastr\u00ebs. (10 &#8211; 20 Korrik 2006)\"}]},{\"@type\":\"WebSite\",\"@id\":\"https:\/\/orthodoxalbania.org\/2020\/#website\",\"url\":\"https:\/\/orthodoxalbania.org\/2020\/\",\"name\":\"Kisha Orthodh\u03bfkse Autoqefale e Shqip\u00ebris\u00eb\",\"description\":\"Fqja Zyrtare e Kish\u00ebs Orthodhokse Autoqefale e Shqip\u00ebris\u00eb me lajmet edhe informacionet zyrtare p\u00ebr struktur\u00ebn edhe veprimtarin e saj.\",\"publisher\":{\"@id\":\"https:\/\/orthodoxalbania.org\/2020\/#organization\"},\"potentialAction\":[{\"@type\":\"SearchAction\",\"target\":{\"@type\":\"EntryPoint\",\"urlTemplate\":\"https:\/\/orthodoxalbania.org\/2020\/?s={search_term_string}\"},\"query-input\":{\"@type\":\"PropertyValueSpecification\",\"valueRequired\":true,\"valueName\":\"search_term_string\"}}],\"inLanguage\":\"en-US\"},{\"@type\":\"Organization\",\"@id\":\"https:\/\/orthodoxalbania.org\/2020\/#organization\",\"name\":\"Kisha Orthodhokse Autoqefale e Shqip\u00ebris\u00eb\",\"url\":\"https:\/\/orthodoxalbania.org\/2020\/\",\"logo\":{\"@type\":\"ImageObject\",\"inLanguage\":\"en-US\",\"@id\":\"https:\/\/orthodoxalbania.org\/2020\/#\/schema\/logo\/image\/\",\"url\":\"https:\/\/orthodoxalbania.org\/2020\/wp-content\/uploads\/2020\/05\/albania.jpeg\",\"contentUrl\":\"https:\/\/orthodoxalbania.org\/2020\/wp-content\/uploads\/2020\/05\/albania.jpeg\",\"width\":540,\"height\":540,\"caption\":\"Kisha Orthodhokse Autoqefale e Shqip\u00ebris\u00eb\"},\"image\":{\"@id\":\"https:\/\/orthodoxalbania.org\/2020\/#\/schema\/logo\/image\/\"},\"sameAs\":[\"https:\/\/www.facebook.com\/koash1991\"]},{\"@type\":\"Person\",\"@id\":\"https:\/\/orthodoxalbania.org\/2020\/#\/schema\/person\/0c387634a7063ac612d7ed9ce71c7e86\",\"name\":\"Kisha Orthodhokse\",\"image\":{\"@type\":\"ImageObject\",\"inLanguage\":\"en-US\",\"@id\":\"https:\/\/secure.gravatar.com\/avatar\/596e7c417251e30f2fbb9c00e026fce61a695a00e51c889caded71c96cbbdde5?s=96&d=mm&r=g\",\"url\":\"https:\/\/secure.gravatar.com\/avatar\/596e7c417251e30f2fbb9c00e026fce61a695a00e51c889caded71c96cbbdde5?s=96&d=mm&r=g\",\"contentUrl\":\"https:\/\/secure.gravatar.com\/avatar\/596e7c417251e30f2fbb9c00e026fce61a695a00e51c889caded71c96cbbdde5?s=96&d=mm&r=g\",\"caption\":\"Kisha Orthodhokse\"}}]}<\/script>\n<!-- \/ Yoast SEO plugin. -->","yoast_head_json":{"title":"Kampi i djemve t\u00eb Dioqez\u00ebs s\u00eb Gjirokastr\u00ebs. (10 - 20 Korrik 2006) - Kisha Orthodh\u03bfkse Autoqefale e Shqip\u00ebris\u00eb","robots":{"index":"index","follow":"follow","max-snippet":"max-snippet:-1","max-image-preview":"max-image-preview:large","max-video-preview":"max-video-preview:-1"},"canonical":"https:\/\/orthodoxalbania.org\/2020\/2006\/02\/26\/kampi-i-djemve-te-dioqezes-se-gjirokastres-gusht-06\/","og_locale":"en_US","og_type":"article","og_title":"Kampi i djemve t\u00eb Dioqez\u00ebs s\u00eb Gjirokastr\u00ebs. (10 - 20 Korrik 2006) - Kisha Orthodh\u03bfkse Autoqefale e Shqip\u00ebris\u00eb","og_description":"&nbsp;&nbsp;&nbsp;&nbsp; Me bekimin e Fortlumturis\u00eb s\u00eb tij, Imzot Anastasit dhe n\u00ebn kujdesin e Mitropolis\u00eb s\u00eb Gjirokastr\u00ebs, n\u00eb manastirin e Sh\u00ebn Gjergjit n\u00eb \u00c7uk\u00eb t\u00eb Sarand\u00ebs, nga data 10 \u2013 20 Korrik 2006 u zhvillua kampi me t\u00eb rinjt\u00eb e k\u00ebsaj Mitropolie. &nbsp; &nbsp;&nbsp;&nbsp;&nbsp; Ky ishte kampi i tret\u00eb q\u00eb funksionoi pran\u00eb manastirit, tashm\u00eb n\u00eb punime restauruese, p\u00ebr t\u2019u kthyer n\u00eb t\u00eb ardhmen n\u00eb nj\u00eb qend\u00ebr","og_url":"https:\/\/orthodoxalbania.org\/2020\/2006\/02\/26\/kampi-i-djemve-te-dioqezes-se-gjirokastres-gusht-06\/","og_site_name":"Kisha Orthodh\u03bfkse Autoqefale e Shqip\u00ebris\u00eb","article_publisher":"https:\/\/www.facebook.com\/koash1991","article_published_time":"2006-02-26T00:00:00+00:00","article_modified_time":"2020-04-06T20:41:49+00:00","og_image":[{"url":"https:\/\/lh5.googleusercontent.com\/-fgKpD2qjri4\/VIf5udiHkzI\/AAAAAAAAFmo\/EvqJU5BeOIc\/w370-h235-no\/text1.jpg","type":"","width":"","height":""}],"author":"Kisha Orthodhokse","twitter_card":"summary_large_image","twitter_misc":{"Written by":"Kisha Orthodhokse","Est. reading time":"7 minutes"},"schema":{"@context":"https:\/\/schema.org","@graph":[{"@type":"Article","@id":"https:\/\/orthodoxalbania.org\/2020\/2006\/02\/26\/kampi-i-djemve-te-dioqezes-se-gjirokastres-gusht-06\/#article","isPartOf":{"@id":"https:\/\/orthodoxalbania.org\/2020\/2006\/02\/26\/kampi-i-djemve-te-dioqezes-se-gjirokastres-gusht-06\/"},"author":{"name":"Kisha Orthodhokse","@id":"https:\/\/orthodoxalbania.org\/2020\/#\/schema\/person\/0c387634a7063ac612d7ed9ce71c7e86"},"headline":"Kampi i djemve t\u00eb Dioqez\u00ebs s\u00eb Gjirokastr\u00ebs. (10 &#8211; 20 Korrik 2006)","datePublished":"2006-02-26T00:00:00+00:00","dateModified":"2020-04-06T20:41:49+00:00","mainEntityOfPage":{"@id":"https:\/\/orthodoxalbania.org\/2020\/2006\/02\/26\/kampi-i-djemve-te-dioqezes-se-gjirokastres-gusht-06\/"},"wordCount":1366,"commentCount":0,"publisher":{"@id":"https:\/\/orthodoxalbania.org\/2020\/#organization"},"image":{"@id":"https:\/\/orthodoxalbania.org\/2020\/2006\/02\/26\/kampi-i-djemve-te-dioqezes-se-gjirokastres-gusht-06\/#primaryimage"},"thumbnailUrl":"https:\/\/lh5.googleusercontent.com\/-fgKpD2qjri4\/VIf5udiHkzI\/AAAAAAAAFmo\/EvqJU5BeOIc\/w370-h235-no\/text1.jpg","keywords":["2006","Kampe verore","lajme","Mitropolia Gjirokast\u00ebr","Rinia Orthodhokse"],"articleSection":["Lajme"],"inLanguage":"en-US"},{"@type":"WebPage","@id":"https:\/\/orthodoxalbania.org\/2020\/2006\/02\/26\/kampi-i-djemve-te-dioqezes-se-gjirokastres-gusht-06\/","url":"https:\/\/orthodoxalbania.org\/2020\/2006\/02\/26\/kampi-i-djemve-te-dioqezes-se-gjirokastres-gusht-06\/","name":"Kampi i djemve t\u00eb Dioqez\u00ebs s\u00eb Gjirokastr\u00ebs. (10 - 20 Korrik 2006) - Kisha Orthodh\u03bfkse Autoqefale e Shqip\u00ebris\u00eb","isPartOf":{"@id":"https:\/\/orthodoxalbania.org\/2020\/#website"},"primaryImageOfPage":{"@id":"https:\/\/orthodoxalbania.org\/2020\/2006\/02\/26\/kampi-i-djemve-te-dioqezes-se-gjirokastres-gusht-06\/#primaryimage"},"image":{"@id":"https:\/\/orthodoxalbania.org\/2020\/2006\/02\/26\/kampi-i-djemve-te-dioqezes-se-gjirokastres-gusht-06\/#primaryimage"},"thumbnailUrl":"https:\/\/lh5.googleusercontent.com\/-fgKpD2qjri4\/VIf5udiHkzI\/AAAAAAAAFmo\/EvqJU5BeOIc\/w370-h235-no\/text1.jpg","datePublished":"2006-02-26T00:00:00+00:00","dateModified":"2020-04-06T20:41:49+00:00","breadcrumb":{"@id":"https:\/\/orthodoxalbania.org\/2020\/2006\/02\/26\/kampi-i-djemve-te-dioqezes-se-gjirokastres-gusht-06\/#breadcrumb"},"inLanguage":"en-US","potentialAction":[{"@type":"ReadAction","target":["https:\/\/orthodoxalbania.org\/2020\/2006\/02\/26\/kampi-i-djemve-te-dioqezes-se-gjirokastres-gusht-06\/"]}]},{"@type":"ImageObject","inLanguage":"en-US","@id":"https:\/\/orthodoxalbania.org\/2020\/2006\/02\/26\/kampi-i-djemve-te-dioqezes-se-gjirokastres-gusht-06\/#primaryimage","url":"https:\/\/lh5.googleusercontent.com\/-fgKpD2qjri4\/VIf5udiHkzI\/AAAAAAAAFmo\/EvqJU5BeOIc\/w370-h235-no\/text1.jpg","contentUrl":"https:\/\/lh5.googleusercontent.com\/-fgKpD2qjri4\/VIf5udiHkzI\/AAAAAAAAFmo\/EvqJU5BeOIc\/w370-h235-no\/text1.jpg"},{"@type":"BreadcrumbList","@id":"https:\/\/orthodoxalbania.org\/2020\/2006\/02\/26\/kampi-i-djemve-te-dioqezes-se-gjirokastres-gusht-06\/#breadcrumb","itemListElement":[{"@type":"ListItem","position":1,"name":"Home","item":"https:\/\/orthodoxalbania.org\/2020\/"},{"@type":"ListItem","position":2,"name":"Kampi i djemve t\u00eb Dioqez\u00ebs s\u00eb Gjirokastr\u00ebs. (10 &#8211; 20 Korrik 2006)"}]},{"@type":"WebSite","@id":"https:\/\/orthodoxalbania.org\/2020\/#website","url":"https:\/\/orthodoxalbania.org\/2020\/","name":"Kisha Orthodh\u03bfkse Autoqefale e Shqip\u00ebris\u00eb","description":"Fqja Zyrtare e Kish\u00ebs Orthodhokse Autoqefale e Shqip\u00ebris\u00eb me lajmet edhe informacionet zyrtare p\u00ebr struktur\u00ebn edhe veprimtarin e saj.","publisher":{"@id":"https:\/\/orthodoxalbania.org\/2020\/#organization"},"potentialAction":[{"@type":"SearchAction","target":{"@type":"EntryPoint","urlTemplate":"https:\/\/orthodoxalbania.org\/2020\/?s={search_term_string}"},"query-input":{"@type":"PropertyValueSpecification","valueRequired":true,"valueName":"search_term_string"}}],"inLanguage":"en-US"},{"@type":"Organization","@id":"https:\/\/orthodoxalbania.org\/2020\/#organization","name":"Kisha Orthodhokse Autoqefale e Shqip\u00ebris\u00eb","url":"https:\/\/orthodoxalbania.org\/2020\/","logo":{"@type":"ImageObject","inLanguage":"en-US","@id":"https:\/\/orthodoxalbania.org\/2020\/#\/schema\/logo\/image\/","url":"https:\/\/orthodoxalbania.org\/2020\/wp-content\/uploads\/2020\/05\/albania.jpeg","contentUrl":"https:\/\/orthodoxalbania.org\/2020\/wp-content\/uploads\/2020\/05\/albania.jpeg","width":540,"height":540,"caption":"Kisha Orthodhokse Autoqefale e Shqip\u00ebris\u00eb"},"image":{"@id":"https:\/\/orthodoxalbania.org\/2020\/#\/schema\/logo\/image\/"},"sameAs":["https:\/\/www.facebook.com\/koash1991"]},{"@type":"Person","@id":"https:\/\/orthodoxalbania.org\/2020\/#\/schema\/person\/0c387634a7063ac612d7ed9ce71c7e86","name":"Kisha Orthodhokse","image":{"@type":"ImageObject","inLanguage":"en-US","@id":"https:\/\/secure.gravatar.com\/avatar\/596e7c417251e30f2fbb9c00e026fce61a695a00e51c889caded71c96cbbdde5?s=96&d=mm&r=g","url":"https:\/\/secure.gravatar.com\/avatar\/596e7c417251e30f2fbb9c00e026fce61a695a00e51c889caded71c96cbbdde5?s=96&d=mm&r=g","contentUrl":"https:\/\/secure.gravatar.com\/avatar\/596e7c417251e30f2fbb9c00e026fce61a695a00e51c889caded71c96cbbdde5?s=96&d=mm&r=g","caption":"Kisha Orthodhokse"}}]}},"_links":{"self":[{"href":"https:\/\/orthodoxalbania.org\/2020\/wp-json\/wp\/v2\/posts\/687","targetHints":{"allow":["GET"]}}],"collection":[{"href":"https:\/\/orthodoxalbania.org\/2020\/wp-json\/wp\/v2\/posts"}],"about":[{"href":"https:\/\/orthodoxalbania.org\/2020\/wp-json\/wp\/v2\/types\/post"}],"author":[{"embeddable":true,"href":"https:\/\/orthodoxalbania.org\/2020\/wp-json\/wp\/v2\/users\/1"}],"replies":[{"embeddable":true,"href":"https:\/\/orthodoxalbania.org\/2020\/wp-json\/wp\/v2\/comments?post=687"}],"version-history":[{"count":1,"href":"https:\/\/orthodoxalbania.org\/2020\/wp-json\/wp\/v2\/posts\/687\/revisions"}],"predecessor-version":[{"id":15838,"href":"https:\/\/orthodoxalbania.org\/2020\/wp-json\/wp\/v2\/posts\/687\/revisions\/15838"}],"wp:attachment":[{"href":"https:\/\/orthodoxalbania.org\/2020\/wp-json\/wp\/v2\/media?parent=687"}],"wp:term":[{"taxonomy":"category","embeddable":true,"href":"https:\/\/orthodoxalbania.org\/2020\/wp-json\/wp\/v2\/categories?post=687"},{"taxonomy":"post_tag","embeddable":true,"href":"https:\/\/orthodoxalbania.org\/2020\/wp-json\/wp\/v2\/tags?post=687"}],"curies":[{"name":"wp","href":"https:\/\/api.w.org\/{rel}","templated":true}]}}