{"id":6851,"date":"2018-09-11T09:35:24","date_gmt":"2018-09-11T09:35:24","guid":{"rendered":""},"modified":"2020-04-06T21:58:03","modified_gmt":"2020-04-06T19:58:03","slug":"vizite-e-kryepiskopit-anastas-ne-mitropoline-e-hirshme-te-gjirokastres","status":"publish","type":"post","link":"https:\/\/orthodoxalbania.org\/2020\/2018\/09\/11\/vizite-e-kryepiskopit-anastas-ne-mitropoline-e-hirshme-te-gjirokastres\/","title":{"rendered":"Vizit\u00eb e Kryepiskopit Anastas n\u00eb Mitropolin\u00eb e Hirshme t\u00eb Gjirokastr\u00ebs"},"content":{"rendered":"<p style=\"text-align: center;\">\n\t&nbsp;<\/p>\n<p> <\/p>\n<p style=\"text-align: center;\">\n\t<span style=\"font-size: 12pt; font-family: helvetica; color: #000000;\"><strong>\u201c&#8230;Le t\u00eb lart\u00ebsojm\u00eb n\u00eb nd\u00ebrgjegjet tona, n\u00eb shpirt dhe n\u00eb zem\u00ebr simbolin e Kryqit t\u00eb Nderuar&#8230;\u201d<\/strong><\/span><\/p>\n<p style=\"text-align: center;\">\n\t&nbsp;<\/p>\n<p style=\"text-align: center;\">\n\t<span style=\"font-size: 12pt; font-family: helvetica; color: #000000;\"><strong>&#8211; Liturgji Hyjnore n\u00eb Lindjen e s\u00eb T\u00ebr\u00ebshenjt\u00ebs Mari n\u00eb Dh\u00ebrmi t\u00eb Himar\u00ebs &#8211;<\/strong><\/span><\/p>\n<p style=\"text-align: center;\">\n\t<span style=\"font-size: 12pt; font-family: helvetica; color: #000000;\"><strong>&#8211; Festim p\u00ebr 20-vjetorin e themelimit t\u00eb mir\u00ebfunksionimit t\u00eb Liceut Kishtar \u201cKryqi i Nderuar\u201d, n\u00eb Gjirokast\u00ebr &#8211;<\/strong><\/span><\/p>\n<p style=\"text-align: justify;\">\n\t&nbsp;<\/p>\n<p style=\"text-align: justify;\">\n\t<span style=\"font-size: 12pt; font-family: helvetica; color: #000000;\">Kjo vizit\u00eb e bekuar e Kryepiskopit t\u00eb Tiran\u00ebs, Durr\u00ebsit dhe t\u00eb Gjith\u00eb Shqip\u00ebris\u00eb, Imzot Anastasit, n\u00eb zona t\u00eb Mitropolis\u00eb s\u00eb Shenjt\u00eb t\u00eb Gjirokastr\u00ebs ishte e ngjeshur dhe plot emocione. Duke marr\u00eb shkas nga e kremtja e Lindjes t\u00eb s\u00eb T\u00ebr\u00ebshenjt\u00ebs Mari dhe nga veprimtaria q\u00eb ishte p\u00ebrgatitur me rastin e 20-vjetorit t\u00eb themelimit t\u00eb shkoll\u00ebs s\u00eb mesme kishtare \u201cKryqi i Nderuar\u201d n\u00eb Gjirokast\u00ebr, Kryepiskopi p\u00ebrcolli kudo mesazhe shprese dhe vizion krijues, p\u00ebr t\u00eb cilat ka aq shum\u00eb nevoj\u00eb grigja Orthodhokse dhe m\u00eb gjer\u00eb e gjith\u00eb shoq\u00ebria jon\u00eb n\u00eb k\u00ebto momente. Emocione t\u00eb shumta, lutje fal\u00ebnderimi dhe vizion p\u00ebr t\u00eb ardhmen, me nj\u00eb program t\u00eb pasur, p\u00ebrb\u00ebjn\u00eb sintez\u00ebn e k\u00ebsaj vizite t\u00eb bekuar t\u00eb Fortlumturis\u00eb s\u00eb Tij.<\/span><\/p>\n<p style=\"text-align: justify;\">\n\t&nbsp;<\/p>\n<p style=\"text-align: center;\">\n\t<span style=\"font-size: 12pt; font-family: helvetica; color: #000000;\"><strong>N\u00eb Dh\u00ebrmi<\/strong><\/span><\/p>\n<p style=\"text-align: justify;\">\n\t&nbsp;<\/p>\n<p style=\"text-align: justify;\">\n\t<span style=\"font-size: 12pt; font-family: helvetica; color: #000000;\">T\u00eb shtun\u00ebn, m\u00eb 8 shtator, kur Kisha jon\u00eb nderon dhe kremton Lindjen e s\u00eb T\u00ebr\u00ebshenjt\u00ebs dhe Gjithmon\u00eb virgj\u00ebr\u00ebs Mari, Kryepiskopi Anastas kreu Liturgjin\u00eb Hyjnore n\u00eb enorin\u00eb qendrore t\u00eb Dh\u00ebrmiut, n\u00eb kish\u00ebn e Sh\u00ebn Harallambit. Dhjet\u00ebra besimtar\u00eb mbush\u00ebn kish\u00ebn, ambientet e saj ndihm\u00ebse dhe oborrin, p\u00ebr t\u00eb marr\u00eb pjes\u00eb n\u00eb Misterin e mistereve dhe p\u00ebr t\u00eb marr\u00eb bekimin e Kryebariut t\u00eb Kish\u00ebs son\u00eb. Bashk\u00ebmeshoi me t\u00eb edhe Mitropoliti i Amantias, Nathanaili, prift\u00ebrinj t\u00eb zon\u00ebs etj.<\/span><\/p>\n<p style=\"text-align: justify;\">\n\t<span style=\"font-size: 12pt; font-family: helvetica; color: #000000;\">N\u00eb predikimin dhe p\u00ebrsh\u00ebndetjen e rastit Kryepiskopi foli p\u00ebr figur\u00ebn e N\u00ebn\u00ebs s\u00eb T\u00ebr\u00ebkulluar t\u00eb Zotit ton\u00eb Jisu Krisht dhe n\u00eb ve\u00e7anti p\u00ebr heshtjen e saj t\u00eb shenjt\u00eb. Heshtje bindjeje n\u00eb momentin q\u00eb iu ungjill\u00ebzua lajmi i mish\u00ebrimit t\u00eb Fjal\u00ebs Per\u00ebndi, heshtje shpres\u00ebtarie kur n\u00eb m\u00ebrgim kujdesej p\u00ebr Birin e Per\u00ebndis\u00eb dhe heshtje durimi kur Ai p\u00ebsonte n\u00eb Kryq. Por edhe p\u00ebr momentet kur ajo flet n\u00eb Ungjill: p\u00ebr t\u00eb pranuar sa u porosit nga Kryeengj\u00eblli, p\u00ebr t\u00eb lavd\u00ebruar Per\u00ebndin\u00eb kur e vizitoi Elisabeta dhe p\u00ebr t\u00eb k\u00ebrkuar nga Biri dhe Per\u00ebndia yn\u00eb t\u00eb shtonte haren\u00eb e njeriut n\u00eb ngjarjen e Kan\u00ebs.<\/span><\/p>\n<p style=\"text-align: justify;\">\n\t<span style=\"font-size: 12pt; font-family: helvetica; color: #000000;\">\u201cLe t\u00eb frym\u00ebzoj\u00eb kjo secilin nga ne, q\u00eb duam t\u00eb jemi bij t\u00eb Per\u00ebndis\u00eb dhe q\u00eb i lutemi Atij, tha Kryepiskopi, p\u00ebr t\u00eb pasur m\u00eb shum\u00eb unitet mes nesh, m\u00eb shum\u00eb ndjenj\u00eb faljeje p\u00ebr nj\u00ebri \u2013 tjetrin, predispozicion sakrifice dhe p\u00ebrgjegj\u00ebsie p\u00ebr t\u2019iu bindur d\u00ebshir\u00ebs s\u00eb Per\u00ebndis\u00eb.\u201d<\/span><\/p>\n<p style=\"text-align: justify;\">\n\t<span style=\"font-size: 12pt; font-family: helvetica; color: #000000;\">S\u00eb bashku me besimtar\u00ebt e shumt\u00eb, n\u00eb Liturgji dhe n\u00eb gjith\u00eb takimet n\u00eb vijim mor\u00ebn pjes\u00eb edhe personalitete t\u00eb jet\u00ebs shoq\u00ebrore n\u00eb zon\u00eb, punonj\u00ebs t\u00eb arsimit, bashk\u00ebpun\u00ebtor\u00eb t\u00eb Kish\u00ebs, si edhe Kryetari i Bashkis\u00eb lokale z. J. Goro.<\/span><\/p>\n<p style=\"text-align: justify;\">\n\t<span style=\"font-size: 12pt; font-family: helvetica; color: #000000;\">Mesazhi i shpres\u00ebs i Kryepiskopit Anastas dhe vizioni p\u00ebr t\u00eb vijuar pun\u00ebn krijuese t\u00eb Kish\u00ebs son\u00eb \u00ebsht\u00eb konkret, p\u00ebr faktin se pavar\u00ebsisht v\u00ebshtir\u00ebsive, koh\u00ebt e fundit komuniteti i besimtar\u00ebve t\u00eb Dh\u00ebrmiut dhe gjith\u00eb zon\u00ebs s\u00eb Himar\u00ebs po p\u00ebrjetojn\u00eb me realitetin e rehabilitimit t\u00eb plot\u00eb t\u00eb Manastirit dikur t\u00eb Hirsh\u00ebm t\u00eb Sh\u00ebn Theodhor\u00ebve, me iniciativ\u00ebn, kujdesin e ve\u00e7ant\u00eb dhe fonde t\u00eb siguruara nga ai. N\u00ebp\u00ebrmjet fjal\u00ebve t\u00eb priftit t\u00eb tyre besimtar\u00ebt shpreh\u00ebn fal\u00ebnderimin dhe mir\u00ebnjohjen p\u00ebr k\u00ebt\u00eb mrekulli t\u00eb pabesueshme deri pak koh\u00eb m\u00eb par\u00eb.<\/span><\/p>\n<p style=\"text-align: justify;\">\n\t<span style=\"font-size: 12pt; font-family: helvetica; color: #000000;\">Kryepiskopi i lavd\u00ebroi dhe nxiti ata p\u00ebr t\u00eb vijuar n\u00eb p\u00ebrkushtimin n\u00eb bes\u00ebn Orthodhokse, duke kujtuar edhe at\u00eb Liturgji Hyjnore n\u00eb gushtin e vitit 1991, me pjes\u00ebmarrje dhe p\u00ebrd\u00ebllimtari t\u00eb ve\u00e7ant\u00eb, q\u00eb ishte nj\u00eb faktor mb\u00ebshtet\u00ebs n\u00eb situat\u00ebn e err\u00ebt q\u00eb mbizot\u00ebronte dhe vendimet p\u00ebrcaktuese q\u00eb duheshin marr\u00eb.<\/span><\/p>\n<p style=\"text-align: justify;\">\n\t<span style=\"font-size: 12pt; font-family: helvetica; color: #000000;\">Kryepiskopi Anastas, duke konkretizuar optimizmin p\u00ebr t\u00eb ardhmen u komunikoi besimtar\u00ebve p\u00ebrpjekjen p\u00ebr zgjerimin m\u00eb tej t\u00eb Kolegjit Universitar \u201cLogos\u201d me Fakultetin e Shkencave Humane dhe deg\u00ebt e reja t\u00eb Theologjis\u00eb, Gjuh\u00ebs Helenike dhe Pedagogjis\u00eb, p\u00ebr objektivin e k\u00ebrkimit t\u00eb mund\u00ebsive p\u00ebr nj\u00eb Lice t\u00eb fondacionit \u201cFrym\u00eb e Dashurie\u201d n\u00eb zon\u00ebn e tyre dhe rijet\u00ebzimin m\u00eb tej p\u00ebrmes veprimtarive shpirt\u00ebrore t\u00eb Manastirit t\u00eb Sh\u00ebn Theodhor\u00ebve.<\/span><\/p>\n<p style=\"text-align: justify;\">\n\t<span style=\"font-size: 12pt; font-family: helvetica; color: #000000;\">Kryepiskopi vizitoi edhe kish\u00ebn e Sh\u00ebn Athanasit q\u00eb po ringrihet pas peripecis\u00eb s\u00eb njohur n\u00eb ver\u00ebn e vitit 2016. Ishte nj\u00eb sakrilegj q\u00eb u b\u00eb m\u00eb i r\u00ebnd\u00eb nga referenca personash politik\u00eb se gjoja u rr\u00ebnua nj\u00eb garazh dhe jo nj\u00eb kish\u00eb e lidhur ngusht\u00eb me nd\u00ebrgjegjen dhe jet\u00ebn adhuruese t\u00eb komunitetit Orthodhoks lokal.<\/span><br \/>\n\t<span style=\"font-size: 12pt; font-family: helvetica; color: #000000;\">Kryepiskopi erdhi n\u00eb Mitropolin\u00eb e Gjirokastr\u00ebs pas disa veprimtarive t\u00eb zhvilluara n\u00eb ishullin e Korfuzit, ku n\u00eb nj\u00eb veprimtari mbres\u00ebl\u00ebn\u00ebse u nderua nga diaspora e 7 ishujve jonian\u00eb dhe prefektura p\u00ebrgjegj\u00ebse.<\/span><\/p>\n<p style=\"text-align: justify;\">\n\t&nbsp;<\/p>\n<p style=\"text-align: center;\">\n\t<span style=\"font-size: 12pt; font-family: helvetica; color: #000000;\"><strong>N\u00eb Gjirokast\u00ebr<\/strong><\/span><\/p>\n<p style=\"text-align: justify;\">\n\t&nbsp;<\/p>\n<p style=\"text-align: justify;\">\n\t<span style=\"font-size: 12pt; font-family: helvetica; color: #000000;\">Veprimtaria qendrore gjat\u00eb vizit\u00ebs t\u00eb Kryepiskopit Anastas n\u00eb Gjirokast\u00ebr ishte p\u00ebrkujtimi i 20-vjetorit t\u00eb themelimit t\u00eb Liceut Kishtar \u201cKryqi i Nderuar\u201d, t\u00eb diel\u00ebn, m\u00eb 9 shtator, q\u00eb p\u00ebrkoi me kremtimin Para Lart\u00ebsimit t\u00eb Kryqit t\u00eb Nderuar.<\/span><\/p>\n<p style=\"text-align: justify;\">\n\t<span style=\"font-size: 12pt; font-family: helvetica; color: #000000;\">Liturgjia Hyjnore u krye n\u00eb Kish\u00ebn Katedrale \u201cNgjallja e Krishtit\u201d, e kryesuar nga Kryepiskopi i Tiran\u00ebs, Durr\u00ebsit dhe i Gjith\u00eb Shqip\u00ebris\u00eb, Anastasi, n\u00eb bashk\u00ebmeshim me Mitropolitin e Gjirokastr\u00ebs, Dhimitrin dhe Mitropolitin e Kinsash\u00ebs (Kongo), Niqiforin. Besimtar\u00eb t\u00eb shumt\u00eb dhe n\u00eb ve\u00e7anti t\u00eb rinj ish-nx\u00ebn\u00ebs t\u00eb Liceut Kishtar \u201cKryqi i Nderuar\u201d, bashkuan lutjen e tyre t\u00eb fal\u00ebnderimit p\u00ebr dhuratat e pasura t\u00eb Per\u00ebndis\u00eb, p\u00ebr vijimin e mbar\u00eb t\u00eb kontributit t\u00eb shkoll\u00ebs, por edhe p\u00ebr Kryebariun ton\u00eb, themelues dhe gjall\u00ebrues i k\u00ebsaj qendre t\u00eb hierapostullimit t\u00eb shoq\u00ebris\u00eb son\u00eb.<\/span><\/p>\n<p style=\"text-align: justify;\">\n\t<span style=\"font-size: 12pt; font-family: helvetica; color: #000000;\">Mitropoliti i Kinshas\u00ebs, Niqifori, bashk\u00ebpun\u00ebtor i Kryepiskopit Anastas dhe drejtori i par\u00eb i Liceut Kishtar, mbajti predikimin e dit\u00ebs p\u00ebr besimtar\u00ebt. Foli p\u00ebr karakteristikat e besimit t\u00eb gjall\u00eb Orthodhoks ndaj Per\u00ebndis\u00eb. I konkretizoi k\u00ebto cil\u00ebsi n\u00eb personin e Kryepiskopit Anastas, i cili, duke p\u00ebrjetuar dashurin\u00eb p\u00ebr Zotin Jisu Krisht, e p\u00ebrcjell at\u00eb ndaj \u00e7do personi pa dallim komb\u00ebsie, ngjyre apo besimi. Mitropoliti Niqifor foli p\u00ebr p\u00ebrvoj\u00ebn e vyer hierapostolike n\u00ebn shembullin e Kryepiskopit Anastas n\u00eb Kish\u00ebn e Shqip\u00ebris\u00eb dhe theksoi se, se kontributi n\u00eb ngritjen e Liceut Kishtar \u201cKryqi i Nderuar\u201d, ishte p\u00ebr at\u00eb p\u00ebrvoj\u00eb e vyer n\u00eb misionin q\u00eb ka tani, n\u00eb baritimin e grigj\u00ebs Orthodhokse t\u00eb Kongos, n\u00eb Afrik\u00eb. Aty ku jan\u00eb aq t\u00eb gjalla kujtimet p\u00ebr pranin\u00eb, vepr\u00ebn dhe frym\u00ebn q\u00eb p\u00ebrcolli Kryepiskopi Anastas n\u00eb at\u00eb kontinent.<\/span><\/p>\n<p style=\"text-align: justify;\">\n\t<span style=\"font-size: 12pt; font-family: helvetica; color: #000000;\">Kryepiskopi Anastas duke iu drejtuar besimtar\u00ebve pjes\u00ebmarr\u00ebs, foli p\u00ebr t\u00eb kremten q\u00eb presim, at\u00eb t\u00eb Lart\u00ebsimit t\u00eb Kryqit t\u00eb Nderuar. Ai \u00ebri nj\u00eb paraleliz\u00ebm t\u00eb gjall\u00eb midis faktit se bota Orthodhokse kremton rimarrjen e simbolit t\u00eb p\u00ebsimeve t\u00eb Zotit dhe Per\u00ebndis\u00eb son\u00eb dhe faktit se p\u00ebr dekada n\u00eb Shqip\u00ebri k\u00ebt\u00eb simbol u p\u00ebrpoq\u00ebn ta grabisin nga shpirti i njer\u00ebzve. Kryepiskopi shprehu shqet\u00ebsim p\u00ebr faktin, se edhe sot jan\u00eb t\u00eb shumta pseudoshtysat p\u00ebr t\u00eb na mbajtur larg nga thelbi i besimit t\u00eb Krishter\u00eb, q\u00eb shprehet n\u00eb Kryqin e Nderuar. Orthodhoksi q\u00eb refuzon mesazhin apo besimtari q\u00eb nuk e duron kryqin personal n\u00eb \u00e7far\u00ebdo forme apo dimensioni q\u00eb ai vjen, nuk jan\u00eb t\u00eb v\u00ebrtet\u00eb. Prandaj Fortlumturia e Tij i nxiti besimtar\u00ebt, q\u00eb, duke ecur drejt t\u00eb Kremtes s\u00eb Lart\u00ebsimit t\u00eb Kryqit t\u00eb Nderuar, ta ruajn\u00eb at\u00eb n\u00eb nd\u00ebrgjegjet, n\u00eb zemrat dhe n\u00eb shpirtin e tyre, si mbrojt\u00ebs t\u00eb pamposhtur, burim t\u00eb pashterur jete dhe ngjalljeje.<\/span><\/p>\n<p style=\"text-align: justify;\">\n\t<span style=\"font-size: 12pt; font-family: helvetica; color: #000000;\">Veprimtaria festive vijoi n\u00eb sall\u00ebn e veprimtarive t\u00eb kompleksit orthodhoks, ku ndodhet edhe shkolla dhe konvikti i saj kishtar. Ish-nx\u00ebn\u00ebs dhe nx\u00ebn\u00ebs t\u00eb shkoll\u00ebs, ish-m\u00ebsues dhe m\u00ebsues, personeli ndihm\u00ebs dhe bashk\u00ebpun\u00ebtor\u00eb q\u00eb mb\u00ebshtesin shkoll\u00ebn mor\u00ebn pjes\u00eb n\u00eb aktivitetin shpirt\u00ebror dhe festiv q\u00eb ishte p\u00ebrgatitur n\u00ebn kujdesin e Mitropolitit Dhimit\u00ebr dhe q\u00eb ka p\u00ebr t\u00eb l\u00ebn\u00eb gjurm\u00eb n\u00eb jet\u00ebn shpirt\u00ebrore t\u00eb komunitetit lokal Orthodhoks dhe m\u00eb gjer\u00eb.<\/span><\/p>\n<p style=\"text-align: justify;\">\n\t<span style=\"font-size: 12pt; font-family: helvetica; color: #000000;\">P\u00ebrsh\u00ebndet\u00ebn ish drejtues t\u00eb Shkoll\u00ebs: Mitropoliti Niqifor, z. V. Kuco- zv.drejtor dhe drejtori aktual z. A. Bei. N\u00eb em\u00ebr t\u00eb ish-nx\u00ebn\u00ebsve foli dhjakoni Kristo Xhaferi dhe nga komuniteti i nx\u00ebn\u00ebsve E. Duko. M\u00eb tej p\u00ebrsh\u00ebndet\u00ebn Rektori i Universitetit t\u00eb Janin\u00ebs, z. Jorgo Kapsali etj. Rreth historikut dhe evoluimit t\u00eb Liceut Kishtar \u201cKryqi i Nderuar\u201d foli m\u00ebsuesi i saj, z. S. Koti. Kori i shkoll\u00ebs, i plot\u00ebsuar me ish-nx\u00ebn\u00ebs, e mbushi atmosfer\u00ebn festive me himne t\u00eb Kish\u00ebs son\u00eb.<\/span><\/p>\n<p style=\"text-align: justify;\">\n\t<span style=\"font-size: 12pt; font-family: helvetica; color: #000000;\">Kryepiskopi Anastas shprehu emocionet p\u00ebr frytet e arritura: Jan\u00eb tashm\u00eb 230 ish-nx\u00ebn\u00ebsit e saj, t\u00eb gjith\u00eb me bursa t\u00eb plota t\u00eb dh\u00ebna nga Fortlumturia e Tij. Ata sot jan\u00eb kryefamiljar\u00eb t\u00eb p\u00ebrgjegjsh\u00ebm, t\u00eb diplomuar n\u00eb fusha t\u00eb ndryshme, shkenc\u00ebtar\u00eb dhe profesionist\u00eb t\u00eb suksessh\u00ebm, pun\u00ebtor\u00eb t\u00eb Ungjillit dhe kuadro n\u00eb veprimtari t\u00eb ndryshme t\u00eb Kish\u00ebs son\u00eb, por asnj\u00ebher\u00eb nuk harrojn\u00eb p\u00ebrjetimin e besimit Orthodhoks dhe n\u00eb vitet e jet\u00ebs s\u00eb p\u00ebrbashk\u00ebt n\u00eb k\u00ebt\u00eb institucion.<\/span><\/p>\n<p style=\"text-align: justify;\">\n\t<span style=\"font-size: 12pt; font-family: helvetica; color: #000000;\">Kryepiskopi i nxiti an\u00ebtar\u00ebt e komunitetit t\u00eb ish-nx\u00ebn\u00ebsve t\u00eb Liceut t\u00eb krijojn\u00eb dhe t\u00eb institucionalizojn\u00eb V\u00ebllaz\u00ebrin\u00eb e tyre t\u00eb Nx\u00ebn\u00ebsve t\u00eb Kryqit t\u00eb Nderuar, dhe si akt t\u00eb tyre t\u00eb par\u00eb t\u00eb p\u00ebrgatisin librin dedikuar shkoll\u00ebs dhe kontributit t\u00eb saj.<\/span><\/p>\n<p style=\"text-align: justify;\">\n\t<span style=\"font-size: 12pt; font-family: helvetica; color: #000000;\">Kryepiskopi Anastas, duke iu referuar karakteristik\u00ebs kryesore t\u00eb fizionomis\u00eb s\u00eb shkoll\u00ebs, t\u00eb liris\u00eb dhe respektit t\u00eb saj t\u00eb plot\u00eb p\u00ebr t\u00eb gjith\u00eb sa jan\u00eb pranuar dhe pranohen, pa kusht\u00ebzim n\u00eb burs\u00eb apo t\u00eb tjera, u kujtoi objektivin e saj bazik, p\u00ebr t\u00eb mbjell\u00eb far\u00ebn e thirrjes hieratike. \u201cNevojat e vendit ton\u00eb jan\u00eb t\u00eb shumta, p\u00ebrs\u00ebriti Kryepiskopi. Por, par\u00ebsore mbetet ajo p\u00ebr m\u00eb shum\u00eb prift\u00ebrinj orthodhoks\u00eb, mbart\u00ebs t\u00eb mesazhit t\u00eb pendes\u00ebs, t\u00eb mesazhit se po vjen Mbret\u00ebria e Per\u00ebndis\u00eb, t\u00eb Ngjalljes s\u00eb Zotit ton\u00eb Jisu Krisht dhe ngush\u00ebllimit t\u00eb popullit t\u00eb Tij.\u201d Ai iu referua p\u00ebrvoj\u00ebs s\u00eb tij personale dhe vendimit p\u00ebr t\u2019iu dedikuar klerit, si nj\u00eb mund\u00ebsi q\u00eb kushdo ta ndiej\u00eb thirrjen pavar\u00ebsisht nga mosha.<\/span><\/p>\n<p style=\"text-align: justify;\">\n\t<span style=\"font-size: 12pt; font-family: helvetica; color: #000000;\">N\u00eb drek\u00ebn e rastit p\u00ebr t\u00eb gjith\u00eb t\u00eb ftuarit, ish-nx\u00ebn\u00ebsit t\u00eb ardhur nga shum\u00eb vende t\u00eb vendit, punonj\u00ebs t\u00eb arsimit etj., u lexua edhe urimi nga Mitropoliti i Fierit, Nikolla, nd\u00ebrsa p\u00ebrsh\u00ebndet\u00ebn edhe nx\u00ebn\u00ebs dhe ish-nx\u00ebn\u00ebs duke p\u00ebrcjell\u00eb emocione t\u00eb dit\u00ebs, kujtime nga jeta e tyre n\u00eb shkoll\u00eb he mbresa t\u00eb p\u00ebrjetimit t\u00eb besimit dhe t\u00eb mistereve t\u00eb Kish\u00ebs son\u00eb.<\/span><\/p>\n<p style=\"text-align: justify;\">\n\t&nbsp;<\/p>\n<p style=\"text-align: center;\">\n\t<a data-flickr-embed=\"true\" data-footer=\"true\" data-header=\"true\" href=\"https:\/\/www.flickr.com\/photos\/157448745@N08\/albums\/72157701209604375\" title=\"Vizit\u00eb e Kryepiskopit Anastas n\u00eb Mitropolin\u00eb e Hirshme t\u00eb Gjirokastr\u00ebs\"><img class=\"lazyload\" decoding=\"async\" alt=\"Vizit\u00eb e Kryepiskopit Anastas n\u00eb Mitropolin\u00eb e Hirshme t\u00eb Gjirokastr\u00ebs\" height=\"281\" src=\"data:image\/svg+xml,%3Csvg%20xmlns%3D%27http%3A%2F%2Fwww.w3.org%2F2000%2Fsvg%27%20width%3D%27500%27%20height%3D%27281%27%20viewBox%3D%270%200%20500%20281%27%3E%3Crect%20width%3D%27500%27%20height%3D%27281%27%20fill-opacity%3D%220%22%2F%3E%3C%2Fsvg%3E\" data-orig-src=\"https:\/\/farm2.staticflickr.com\/1897\/29674361137_c134df8121.jpg\" width=\"500\" \/><\/a><script async src=\"\/\/embedr.flickr.com\/assets\/client-code.js\" charset=\"utf-8\"><\/script><\/p>\n","protected":false},"excerpt":{"rendered":"<p>&nbsp; \u201c&#8230;Le t\u00eb lart\u00ebsojm\u00eb n\u00eb nd\u00ebrgjegjet tona, n\u00eb shpirt dhe n\u00eb zem\u00ebr simbolin e Kryqit t\u00eb Nderuar&#8230;\u201d &nbsp; &#8211; Liturgji Hyjnore n\u00eb Lindjen e s\u00eb T\u00ebr\u00ebshenjt\u00ebs Mari n\u00eb Dh\u00ebrmi t\u00eb Himar\u00ebs &#8211; &#8211; Festim p\u00ebr 20-vjetorin e themelimit t\u00eb mir\u00ebfunksionimit t\u00eb Liceut Kishtar \u201cKryqi i Nderuar\u201d, n\u00eb Gjirokast\u00ebr &#8211; &nbsp; Kjo vizit\u00eb e bekuar e Kryepiskopit t\u00eb Tiran\u00ebs, Durr\u00ebsit dhe t\u00eb Gjith\u00eb Shqip\u00ebris\u00eb, Imzot Anastasit,<\/p>\n","protected":false},"author":1,"featured_media":6852,"comment_status":"open","ping_status":"open","sticky":false,"template":"","format":"standard","meta":{"_acf_changed":false,"pagelayer_contact_templates":[],"_pagelayer_content":"","inline_featured_image":false,"fifu_image_url":"","fifu_image_alt":"","footnotes":""},"categories":[108],"tags":[220,196,201,212,198],"class_list":["post-6851","post","type-post","status-publish","format-standard","has-post-thumbnail","hentry","category-lajme","tag-220","tag-tirane","tag-kryepiskopi-anastas","tag-lajme-d27","tag-gjirokaster"],"acf":[],"yoast_head":"<!-- This site is optimized with the Yoast SEO plugin v27.2 - https:\/\/yoast.com\/product\/yoast-seo-wordpress\/ -->\n<title>Vizit\u00eb e Kryepiskopit Anastas n\u00eb Mitropolin\u00eb e Hirshme t\u00eb Gjirokastr\u00ebs - Kisha Orthodh\u03bfkse Autoqefale e Shqip\u00ebris\u00eb<\/title>\n<meta name=\"robots\" content=\"index, follow, max-snippet:-1, max-image-preview:large, max-video-preview:-1\" \/>\n<link rel=\"canonical\" href=\"https:\/\/orthodoxalbania.org\/2020\/2018\/09\/11\/vizite-e-kryepiskopit-anastas-ne-mitropoline-e-hirshme-te-gjirokastres\/\" \/>\n<meta property=\"og:locale\" content=\"en_US\" \/>\n<meta property=\"og:type\" content=\"article\" \/>\n<meta property=\"og:title\" content=\"Vizit\u00eb e Kryepiskopit Anastas n\u00eb Mitropolin\u00eb e Hirshme t\u00eb Gjirokastr\u00ebs - Kisha Orthodh\u03bfkse Autoqefale e Shqip\u00ebris\u00eb\" \/>\n<meta property=\"og:description\" content=\"&nbsp; \u201c&#8230;Le t\u00eb lart\u00ebsojm\u00eb n\u00eb nd\u00ebrgjegjet tona, n\u00eb shpirt dhe n\u00eb zem\u00ebr simbolin e Kryqit t\u00eb Nderuar&#8230;\u201d &nbsp; &#8211; Liturgji Hyjnore n\u00eb Lindjen e s\u00eb T\u00ebr\u00ebshenjt\u00ebs Mari n\u00eb Dh\u00ebrmi t\u00eb Himar\u00ebs &#8211; &#8211; Festim p\u00ebr 20-vjetorin e themelimit t\u00eb mir\u00ebfunksionimit t\u00eb Liceut Kishtar \u201cKryqi i Nderuar\u201d, n\u00eb Gjirokast\u00ebr &#8211; &nbsp; Kjo vizit\u00eb e bekuar e Kryepiskopit t\u00eb Tiran\u00ebs, Durr\u00ebsit dhe t\u00eb Gjith\u00eb Shqip\u00ebris\u00eb, Imzot Anastasit,\" \/>\n<meta property=\"og:url\" content=\"https:\/\/orthodoxalbania.org\/2020\/2018\/09\/11\/vizite-e-kryepiskopit-anastas-ne-mitropoline-e-hirshme-te-gjirokastres\/\" \/>\n<meta property=\"og:site_name\" content=\"Kisha Orthodh\u03bfkse Autoqefale e Shqip\u00ebris\u00eb\" \/>\n<meta property=\"article:publisher\" content=\"https:\/\/www.facebook.com\/koash1991\" \/>\n<meta property=\"article:published_time\" content=\"2018-09-11T09:35:24+00:00\" \/>\n<meta property=\"article:modified_time\" content=\"2020-04-06T19:58:03+00:00\" \/>\n<meta property=\"og:image\" content=\"https:\/\/orthodoxalbania.org\/2020\/wp-content\/uploads\/2020\/04\/DSC_0503.jpg\" \/>\n\t<meta property=\"og:image:width\" content=\"1024\" \/>\n\t<meta property=\"og:image:height\" content=\"682\" \/>\n\t<meta property=\"og:image:type\" content=\"image\/jpeg\" \/>\n<meta name=\"author\" content=\"Kisha Orthodhokse\" \/>\n<meta name=\"twitter:card\" content=\"summary_large_image\" \/>\n<meta name=\"twitter:label1\" content=\"Written by\" \/>\n\t<meta name=\"twitter:data1\" content=\"Kisha Orthodhokse\" \/>\n\t<meta name=\"twitter:label2\" content=\"Est. reading time\" \/>\n\t<meta name=\"twitter:data2\" content=\"10 minutes\" \/>\n<script type=\"application\/ld+json\" class=\"yoast-schema-graph\">{\"@context\":\"https:\/\/schema.org\",\"@graph\":[{\"@type\":\"Article\",\"@id\":\"https:\/\/orthodoxalbania.org\/2020\/2018\/09\/11\/vizite-e-kryepiskopit-anastas-ne-mitropoline-e-hirshme-te-gjirokastres\/#article\",\"isPartOf\":{\"@id\":\"https:\/\/orthodoxalbania.org\/2020\/2018\/09\/11\/vizite-e-kryepiskopit-anastas-ne-mitropoline-e-hirshme-te-gjirokastres\/\"},\"author\":{\"name\":\"Kisha Orthodhokse\",\"@id\":\"https:\/\/orthodoxalbania.org\/2020\/#\/schema\/person\/0c387634a7063ac612d7ed9ce71c7e86\"},\"headline\":\"Vizit\u00eb e Kryepiskopit Anastas n\u00eb Mitropolin\u00eb e Hirshme t\u00eb Gjirokastr\u00ebs\",\"datePublished\":\"2018-09-11T09:35:24+00:00\",\"dateModified\":\"2020-04-06T19:58:03+00:00\",\"mainEntityOfPage\":{\"@id\":\"https:\/\/orthodoxalbania.org\/2020\/2018\/09\/11\/vizite-e-kryepiskopit-anastas-ne-mitropoline-e-hirshme-te-gjirokastres\/\"},\"wordCount\":1913,\"commentCount\":0,\"publisher\":{\"@id\":\"https:\/\/orthodoxalbania.org\/2020\/#organization\"},\"image\":{\"@id\":\"https:\/\/orthodoxalbania.org\/2020\/2018\/09\/11\/vizite-e-kryepiskopit-anastas-ne-mitropoline-e-hirshme-te-gjirokastres\/#primaryimage\"},\"thumbnailUrl\":\"https:\/\/orthodoxalbania.org\/2020\/wp-content\/uploads\/2020\/04\/DSC_0503.jpg\",\"keywords\":[\"2018\",\"Kryepiskopata Tiran\u00eb\",\"Kryepiskopi Anastas\",\"lajme\",\"Mitropolia Gjirokast\u00ebr\"],\"articleSection\":[\"Lajme\"],\"inLanguage\":\"en-US\"},{\"@type\":\"WebPage\",\"@id\":\"https:\/\/orthodoxalbania.org\/2020\/2018\/09\/11\/vizite-e-kryepiskopit-anastas-ne-mitropoline-e-hirshme-te-gjirokastres\/\",\"url\":\"https:\/\/orthodoxalbania.org\/2020\/2018\/09\/11\/vizite-e-kryepiskopit-anastas-ne-mitropoline-e-hirshme-te-gjirokastres\/\",\"name\":\"Vizit\u00eb e Kryepiskopit Anastas n\u00eb Mitropolin\u00eb e Hirshme t\u00eb Gjirokastr\u00ebs - Kisha Orthodh\u03bfkse Autoqefale e Shqip\u00ebris\u00eb\",\"isPartOf\":{\"@id\":\"https:\/\/orthodoxalbania.org\/2020\/#website\"},\"primaryImageOfPage\":{\"@id\":\"https:\/\/orthodoxalbania.org\/2020\/2018\/09\/11\/vizite-e-kryepiskopit-anastas-ne-mitropoline-e-hirshme-te-gjirokastres\/#primaryimage\"},\"image\":{\"@id\":\"https:\/\/orthodoxalbania.org\/2020\/2018\/09\/11\/vizite-e-kryepiskopit-anastas-ne-mitropoline-e-hirshme-te-gjirokastres\/#primaryimage\"},\"thumbnailUrl\":\"https:\/\/orthodoxalbania.org\/2020\/wp-content\/uploads\/2020\/04\/DSC_0503.jpg\",\"datePublished\":\"2018-09-11T09:35:24+00:00\",\"dateModified\":\"2020-04-06T19:58:03+00:00\",\"breadcrumb\":{\"@id\":\"https:\/\/orthodoxalbania.org\/2020\/2018\/09\/11\/vizite-e-kryepiskopit-anastas-ne-mitropoline-e-hirshme-te-gjirokastres\/#breadcrumb\"},\"inLanguage\":\"en-US\",\"potentialAction\":[{\"@type\":\"ReadAction\",\"target\":[\"https:\/\/orthodoxalbania.org\/2020\/2018\/09\/11\/vizite-e-kryepiskopit-anastas-ne-mitropoline-e-hirshme-te-gjirokastres\/\"]}]},{\"@type\":\"ImageObject\",\"inLanguage\":\"en-US\",\"@id\":\"https:\/\/orthodoxalbania.org\/2020\/2018\/09\/11\/vizite-e-kryepiskopit-anastas-ne-mitropoline-e-hirshme-te-gjirokastres\/#primaryimage\",\"url\":\"https:\/\/orthodoxalbania.org\/2020\/wp-content\/uploads\/2020\/04\/DSC_0503.jpg\",\"contentUrl\":\"https:\/\/orthodoxalbania.org\/2020\/wp-content\/uploads\/2020\/04\/DSC_0503.jpg\",\"width\":1024,\"height\":682},{\"@type\":\"BreadcrumbList\",\"@id\":\"https:\/\/orthodoxalbania.org\/2020\/2018\/09\/11\/vizite-e-kryepiskopit-anastas-ne-mitropoline-e-hirshme-te-gjirokastres\/#breadcrumb\",\"itemListElement\":[{\"@type\":\"ListItem\",\"position\":1,\"name\":\"Home\",\"item\":\"https:\/\/orthodoxalbania.org\/2020\/\"},{\"@type\":\"ListItem\",\"position\":2,\"name\":\"Vizit\u00eb e Kryepiskopit Anastas n\u00eb Mitropolin\u00eb e Hirshme t\u00eb Gjirokastr\u00ebs\"}]},{\"@type\":\"WebSite\",\"@id\":\"https:\/\/orthodoxalbania.org\/2020\/#website\",\"url\":\"https:\/\/orthodoxalbania.org\/2020\/\",\"name\":\"Kisha Orthodh\u03bfkse Autoqefale e Shqip\u00ebris\u00eb\",\"description\":\"Fqja Zyrtare e Kish\u00ebs Orthodhokse Autoqefale e Shqip\u00ebris\u00eb me lajmet edhe informacionet zyrtare p\u00ebr struktur\u00ebn edhe veprimtarin e saj.\",\"publisher\":{\"@id\":\"https:\/\/orthodoxalbania.org\/2020\/#organization\"},\"potentialAction\":[{\"@type\":\"SearchAction\",\"target\":{\"@type\":\"EntryPoint\",\"urlTemplate\":\"https:\/\/orthodoxalbania.org\/2020\/?s={search_term_string}\"},\"query-input\":{\"@type\":\"PropertyValueSpecification\",\"valueRequired\":true,\"valueName\":\"search_term_string\"}}],\"inLanguage\":\"en-US\"},{\"@type\":\"Organization\",\"@id\":\"https:\/\/orthodoxalbania.org\/2020\/#organization\",\"name\":\"Kisha Orthodhokse Autoqefale e Shqip\u00ebris\u00eb\",\"url\":\"https:\/\/orthodoxalbania.org\/2020\/\",\"logo\":{\"@type\":\"ImageObject\",\"inLanguage\":\"en-US\",\"@id\":\"https:\/\/orthodoxalbania.org\/2020\/#\/schema\/logo\/image\/\",\"url\":\"https:\/\/orthodoxalbania.org\/2020\/wp-content\/uploads\/2020\/05\/albania.jpeg\",\"contentUrl\":\"https:\/\/orthodoxalbania.org\/2020\/wp-content\/uploads\/2020\/05\/albania.jpeg\",\"width\":540,\"height\":540,\"caption\":\"Kisha Orthodhokse Autoqefale e Shqip\u00ebris\u00eb\"},\"image\":{\"@id\":\"https:\/\/orthodoxalbania.org\/2020\/#\/schema\/logo\/image\/\"},\"sameAs\":[\"https:\/\/www.facebook.com\/koash1991\"]},{\"@type\":\"Person\",\"@id\":\"https:\/\/orthodoxalbania.org\/2020\/#\/schema\/person\/0c387634a7063ac612d7ed9ce71c7e86\",\"name\":\"Kisha Orthodhokse\",\"image\":{\"@type\":\"ImageObject\",\"inLanguage\":\"en-US\",\"@id\":\"https:\/\/secure.gravatar.com\/avatar\/596e7c417251e30f2fbb9c00e026fce61a695a00e51c889caded71c96cbbdde5?s=96&d=mm&r=g\",\"url\":\"https:\/\/secure.gravatar.com\/avatar\/596e7c417251e30f2fbb9c00e026fce61a695a00e51c889caded71c96cbbdde5?s=96&d=mm&r=g\",\"contentUrl\":\"https:\/\/secure.gravatar.com\/avatar\/596e7c417251e30f2fbb9c00e026fce61a695a00e51c889caded71c96cbbdde5?s=96&d=mm&r=g\",\"caption\":\"Kisha Orthodhokse\"}}]}<\/script>\n<!-- \/ Yoast SEO plugin. -->","yoast_head_json":{"title":"Vizit\u00eb e Kryepiskopit Anastas n\u00eb Mitropolin\u00eb e Hirshme t\u00eb Gjirokastr\u00ebs - Kisha Orthodh\u03bfkse Autoqefale e Shqip\u00ebris\u00eb","robots":{"index":"index","follow":"follow","max-snippet":"max-snippet:-1","max-image-preview":"max-image-preview:large","max-video-preview":"max-video-preview:-1"},"canonical":"https:\/\/orthodoxalbania.org\/2020\/2018\/09\/11\/vizite-e-kryepiskopit-anastas-ne-mitropoline-e-hirshme-te-gjirokastres\/","og_locale":"en_US","og_type":"article","og_title":"Vizit\u00eb e Kryepiskopit Anastas n\u00eb Mitropolin\u00eb e Hirshme t\u00eb Gjirokastr\u00ebs - Kisha Orthodh\u03bfkse Autoqefale e Shqip\u00ebris\u00eb","og_description":"&nbsp; \u201c&#8230;Le t\u00eb lart\u00ebsojm\u00eb n\u00eb nd\u00ebrgjegjet tona, n\u00eb shpirt dhe n\u00eb zem\u00ebr simbolin e Kryqit t\u00eb Nderuar&#8230;\u201d &nbsp; &#8211; Liturgji Hyjnore n\u00eb Lindjen e s\u00eb T\u00ebr\u00ebshenjt\u00ebs Mari n\u00eb Dh\u00ebrmi t\u00eb Himar\u00ebs &#8211; &#8211; Festim p\u00ebr 20-vjetorin e themelimit t\u00eb mir\u00ebfunksionimit t\u00eb Liceut Kishtar \u201cKryqi i Nderuar\u201d, n\u00eb Gjirokast\u00ebr &#8211; &nbsp; Kjo vizit\u00eb e bekuar e Kryepiskopit t\u00eb Tiran\u00ebs, Durr\u00ebsit dhe t\u00eb Gjith\u00eb Shqip\u00ebris\u00eb, Imzot Anastasit,","og_url":"https:\/\/orthodoxalbania.org\/2020\/2018\/09\/11\/vizite-e-kryepiskopit-anastas-ne-mitropoline-e-hirshme-te-gjirokastres\/","og_site_name":"Kisha Orthodh\u03bfkse Autoqefale e Shqip\u00ebris\u00eb","article_publisher":"https:\/\/www.facebook.com\/koash1991","article_published_time":"2018-09-11T09:35:24+00:00","article_modified_time":"2020-04-06T19:58:03+00:00","og_image":[{"width":1024,"height":682,"url":"https:\/\/orthodoxalbania.org\/2020\/wp-content\/uploads\/2020\/04\/DSC_0503.jpg","type":"image\/jpeg"}],"author":"Kisha Orthodhokse","twitter_card":"summary_large_image","twitter_misc":{"Written by":"Kisha Orthodhokse","Est. reading time":"10 minutes"},"schema":{"@context":"https:\/\/schema.org","@graph":[{"@type":"Article","@id":"https:\/\/orthodoxalbania.org\/2020\/2018\/09\/11\/vizite-e-kryepiskopit-anastas-ne-mitropoline-e-hirshme-te-gjirokastres\/#article","isPartOf":{"@id":"https:\/\/orthodoxalbania.org\/2020\/2018\/09\/11\/vizite-e-kryepiskopit-anastas-ne-mitropoline-e-hirshme-te-gjirokastres\/"},"author":{"name":"Kisha Orthodhokse","@id":"https:\/\/orthodoxalbania.org\/2020\/#\/schema\/person\/0c387634a7063ac612d7ed9ce71c7e86"},"headline":"Vizit\u00eb e Kryepiskopit Anastas n\u00eb Mitropolin\u00eb e Hirshme t\u00eb Gjirokastr\u00ebs","datePublished":"2018-09-11T09:35:24+00:00","dateModified":"2020-04-06T19:58:03+00:00","mainEntityOfPage":{"@id":"https:\/\/orthodoxalbania.org\/2020\/2018\/09\/11\/vizite-e-kryepiskopit-anastas-ne-mitropoline-e-hirshme-te-gjirokastres\/"},"wordCount":1913,"commentCount":0,"publisher":{"@id":"https:\/\/orthodoxalbania.org\/2020\/#organization"},"image":{"@id":"https:\/\/orthodoxalbania.org\/2020\/2018\/09\/11\/vizite-e-kryepiskopit-anastas-ne-mitropoline-e-hirshme-te-gjirokastres\/#primaryimage"},"thumbnailUrl":"https:\/\/orthodoxalbania.org\/2020\/wp-content\/uploads\/2020\/04\/DSC_0503.jpg","keywords":["2018","Kryepiskopata Tiran\u00eb","Kryepiskopi Anastas","lajme","Mitropolia Gjirokast\u00ebr"],"articleSection":["Lajme"],"inLanguage":"en-US"},{"@type":"WebPage","@id":"https:\/\/orthodoxalbania.org\/2020\/2018\/09\/11\/vizite-e-kryepiskopit-anastas-ne-mitropoline-e-hirshme-te-gjirokastres\/","url":"https:\/\/orthodoxalbania.org\/2020\/2018\/09\/11\/vizite-e-kryepiskopit-anastas-ne-mitropoline-e-hirshme-te-gjirokastres\/","name":"Vizit\u00eb e Kryepiskopit Anastas n\u00eb Mitropolin\u00eb e Hirshme t\u00eb Gjirokastr\u00ebs - Kisha Orthodh\u03bfkse Autoqefale e Shqip\u00ebris\u00eb","isPartOf":{"@id":"https:\/\/orthodoxalbania.org\/2020\/#website"},"primaryImageOfPage":{"@id":"https:\/\/orthodoxalbania.org\/2020\/2018\/09\/11\/vizite-e-kryepiskopit-anastas-ne-mitropoline-e-hirshme-te-gjirokastres\/#primaryimage"},"image":{"@id":"https:\/\/orthodoxalbania.org\/2020\/2018\/09\/11\/vizite-e-kryepiskopit-anastas-ne-mitropoline-e-hirshme-te-gjirokastres\/#primaryimage"},"thumbnailUrl":"https:\/\/orthodoxalbania.org\/2020\/wp-content\/uploads\/2020\/04\/DSC_0503.jpg","datePublished":"2018-09-11T09:35:24+00:00","dateModified":"2020-04-06T19:58:03+00:00","breadcrumb":{"@id":"https:\/\/orthodoxalbania.org\/2020\/2018\/09\/11\/vizite-e-kryepiskopit-anastas-ne-mitropoline-e-hirshme-te-gjirokastres\/#breadcrumb"},"inLanguage":"en-US","potentialAction":[{"@type":"ReadAction","target":["https:\/\/orthodoxalbania.org\/2020\/2018\/09\/11\/vizite-e-kryepiskopit-anastas-ne-mitropoline-e-hirshme-te-gjirokastres\/"]}]},{"@type":"ImageObject","inLanguage":"en-US","@id":"https:\/\/orthodoxalbania.org\/2020\/2018\/09\/11\/vizite-e-kryepiskopit-anastas-ne-mitropoline-e-hirshme-te-gjirokastres\/#primaryimage","url":"https:\/\/orthodoxalbania.org\/2020\/wp-content\/uploads\/2020\/04\/DSC_0503.jpg","contentUrl":"https:\/\/orthodoxalbania.org\/2020\/wp-content\/uploads\/2020\/04\/DSC_0503.jpg","width":1024,"height":682},{"@type":"BreadcrumbList","@id":"https:\/\/orthodoxalbania.org\/2020\/2018\/09\/11\/vizite-e-kryepiskopit-anastas-ne-mitropoline-e-hirshme-te-gjirokastres\/#breadcrumb","itemListElement":[{"@type":"ListItem","position":1,"name":"Home","item":"https:\/\/orthodoxalbania.org\/2020\/"},{"@type":"ListItem","position":2,"name":"Vizit\u00eb e Kryepiskopit Anastas n\u00eb Mitropolin\u00eb e Hirshme t\u00eb Gjirokastr\u00ebs"}]},{"@type":"WebSite","@id":"https:\/\/orthodoxalbania.org\/2020\/#website","url":"https:\/\/orthodoxalbania.org\/2020\/","name":"Kisha Orthodh\u03bfkse Autoqefale e Shqip\u00ebris\u00eb","description":"Fqja Zyrtare e Kish\u00ebs Orthodhokse Autoqefale e Shqip\u00ebris\u00eb me lajmet edhe informacionet zyrtare p\u00ebr struktur\u00ebn edhe veprimtarin e saj.","publisher":{"@id":"https:\/\/orthodoxalbania.org\/2020\/#organization"},"potentialAction":[{"@type":"SearchAction","target":{"@type":"EntryPoint","urlTemplate":"https:\/\/orthodoxalbania.org\/2020\/?s={search_term_string}"},"query-input":{"@type":"PropertyValueSpecification","valueRequired":true,"valueName":"search_term_string"}}],"inLanguage":"en-US"},{"@type":"Organization","@id":"https:\/\/orthodoxalbania.org\/2020\/#organization","name":"Kisha Orthodhokse Autoqefale e Shqip\u00ebris\u00eb","url":"https:\/\/orthodoxalbania.org\/2020\/","logo":{"@type":"ImageObject","inLanguage":"en-US","@id":"https:\/\/orthodoxalbania.org\/2020\/#\/schema\/logo\/image\/","url":"https:\/\/orthodoxalbania.org\/2020\/wp-content\/uploads\/2020\/05\/albania.jpeg","contentUrl":"https:\/\/orthodoxalbania.org\/2020\/wp-content\/uploads\/2020\/05\/albania.jpeg","width":540,"height":540,"caption":"Kisha Orthodhokse Autoqefale e Shqip\u00ebris\u00eb"},"image":{"@id":"https:\/\/orthodoxalbania.org\/2020\/#\/schema\/logo\/image\/"},"sameAs":["https:\/\/www.facebook.com\/koash1991"]},{"@type":"Person","@id":"https:\/\/orthodoxalbania.org\/2020\/#\/schema\/person\/0c387634a7063ac612d7ed9ce71c7e86","name":"Kisha Orthodhokse","image":{"@type":"ImageObject","inLanguage":"en-US","@id":"https:\/\/secure.gravatar.com\/avatar\/596e7c417251e30f2fbb9c00e026fce61a695a00e51c889caded71c96cbbdde5?s=96&d=mm&r=g","url":"https:\/\/secure.gravatar.com\/avatar\/596e7c417251e30f2fbb9c00e026fce61a695a00e51c889caded71c96cbbdde5?s=96&d=mm&r=g","contentUrl":"https:\/\/secure.gravatar.com\/avatar\/596e7c417251e30f2fbb9c00e026fce61a695a00e51c889caded71c96cbbdde5?s=96&d=mm&r=g","caption":"Kisha Orthodhokse"}}]}},"_links":{"self":[{"href":"https:\/\/orthodoxalbania.org\/2020\/wp-json\/wp\/v2\/posts\/6851","targetHints":{"allow":["GET"]}}],"collection":[{"href":"https:\/\/orthodoxalbania.org\/2020\/wp-json\/wp\/v2\/posts"}],"about":[{"href":"https:\/\/orthodoxalbania.org\/2020\/wp-json\/wp\/v2\/types\/post"}],"author":[{"embeddable":true,"href":"https:\/\/orthodoxalbania.org\/2020\/wp-json\/wp\/v2\/users\/1"}],"replies":[{"embeddable":true,"href":"https:\/\/orthodoxalbania.org\/2020\/wp-json\/wp\/v2\/comments?post=6851"}],"version-history":[{"count":1,"href":"https:\/\/orthodoxalbania.org\/2020\/wp-json\/wp\/v2\/posts\/6851\/revisions"}],"predecessor-version":[{"id":14747,"href":"https:\/\/orthodoxalbania.org\/2020\/wp-json\/wp\/v2\/posts\/6851\/revisions\/14747"}],"wp:featuredmedia":[{"embeddable":true,"href":"https:\/\/orthodoxalbania.org\/2020\/wp-json\/wp\/v2\/media\/6852"}],"wp:attachment":[{"href":"https:\/\/orthodoxalbania.org\/2020\/wp-json\/wp\/v2\/media?parent=6851"}],"wp:term":[{"taxonomy":"category","embeddable":true,"href":"https:\/\/orthodoxalbania.org\/2020\/wp-json\/wp\/v2\/categories?post=6851"},{"taxonomy":"post_tag","embeddable":true,"href":"https:\/\/orthodoxalbania.org\/2020\/wp-json\/wp\/v2\/tags?post=6851"}],"curies":[{"name":"wp","href":"https:\/\/api.w.org\/{rel}","templated":true}]}}