{"id":683,"date":"2007-02-26T00:00:00","date_gmt":"2007-02-26T00:00:00","guid":{"rendered":""},"modified":"2020-04-06T22:35:40","modified_gmt":"2020-04-06T20:35:40","slug":"kampi-dimeror-i-vajzave-shkurt-07","status":"publish","type":"post","link":"https:\/\/orthodoxalbania.org\/2020\/2007\/02\/26\/kampi-dimeror-i-vajzave-shkurt-07\/","title":{"rendered":"Kampi dim\u00ebror i vajzave. ( Shkurt 2007)"},"content":{"rendered":"<table id=\"AutoNumber4\" style=\"width: 788px; height: 3203px;\" border=\"0\">\n<tbody>\n<tr>\n<td colspan=\"2\">\n<p style=\"text-align: justify;\"><span style=\"color: #000000;\"><span style=\"font-family: tahoma,geneva,sans-serif;\"><span style=\"font-size: 12px;\">&nbsp;&nbsp;&nbsp; Nga datat 16-18 shkurt 2007, n\u00eb ambientet e Qendr\u00ebs Shpirt\u00ebrore-Arsimore \u201cThavor\u201d, Tiran\u00eb, t\u00eb Kish\u00ebs son\u00eb u organizua kampi dim\u00ebror p\u00ebr vajza. Tema e k\u00ebtij kampi, e lidhur kjo edhe me periudh\u00ebn e Kreshm\u00ebs s\u00eb Madhe, ishte: \u201cKthimi tek Zoti \u2013 banket festiv \u2026\u201d.<\/span><\/span><\/span><\/p>\n<\/td>\n<\/tr>\n<tr>\n<td>\n<p><span style=\"color: #000000;\"><span style=\"font-family: tahoma,geneva,sans-serif;\"><span style=\"font-size: 12px;\">&nbsp;<img decoding=\"async\" class=\"lazyload HAa Eha\" style=\"border-width: 1px; border-style: solid; margin: 10px auto; display: block;\" alt=\"\" src=\"data:image\/gif;base64,R0lGODlhAQABAAAAACH5BAEKAAEALAAAAAABAAEAAAICTAEAOw==\" data-orig-src=\"https:\/\/lh6.googleusercontent.com\/-9-_bN3idHoE\/VIhO08OMlNI\/AAAAAAAAGG4\/AkgYcM-46bc\/w370-h278-no\/untitled1.jpg\" \/><\/span><\/span><\/span><\/p>\n<\/td>\n<td>\n<p style=\"text-align: justify;\"><span style=\"color: #000000;\"><span style=\"font-family: tahoma,geneva,sans-serif;\"><span style=\"font-size: 12px;\">&nbsp;&nbsp;&nbsp; N\u00eb k\u00ebt\u00eb kamp mor\u00ebn pjes\u00eb rreth 60 vajza, p\u00ebrkat\u00ebsisht nga Tirana, Durr\u00ebsi, Sh\u00ebn Vlashi (Durr\u00ebs), Sh\u00ebn Joan Vladimiri (Elbasan), Gjirokastra, Kavaja dhe Fieri. T\u00eb gjitha vajzat e k\u00ebtij kampi ishin pjes\u00ebmarr\u00ebse t\u00eb rregullta t\u00eb kampeve t\u00eb ver\u00ebs, q\u00eb organizohen n\u00eb Manastirin e Sh\u00ebn Joan Vladimirit, pran\u00eb qytetit t\u00eb Elbasanit. Me realizimin e k\u00ebtij kampi tre ditor nga stafi organizator i tij dhe ve\u00e7an\u00ebrisht nga koordinatorja kryesore znj. Ana Baba, u mendua q\u00eb t\u00eb vazhdohej akoma edhe m\u00eb shum\u00eb lidhja dhe komunikimi i krijuar gjat\u00eb periudh\u00ebs s\u00eb ver\u00ebs midis tyre.<\/span><\/span><\/span><\/p>\n<\/td>\n<\/tr>\n<tr>\n<td>\n<p style=\"text-align: justify;\"><span style=\"color: #000000;\"><span style=\"font-family: tahoma,geneva,sans-serif;\"><span style=\"font-size: 12px;\">&nbsp;&nbsp;&nbsp;&nbsp; Kampistet u ndan\u00eb n\u00eb pes\u00eb grupe, tradit\u00eb kjo e njohur tashm\u00eb, p\u00ebrkat\u00ebsisht me emrat: Kreshma, Lutja, Pendimi, Kungimi dhe L\u00ebmosha. Drejtueset e grupeve dhe stafi organizues t\u00eb k\u00ebtij kampi ishin vajza t\u00eb diplomuara n\u00eb Akademin\u00eb Teologjike \u201cNgjallja e Krishtit\u201d, n\u00eb Sh\u00ebn Vlash, Durr\u00ebs, t\u00eb cilat punojn\u00eb n\u00eb strukturat e ndryshme brenda Kish\u00ebs. Programi p\u00ebrmbante aktivitete t\u00eb ndryshme arg\u00ebtuese dhe shpirt\u00ebrore.<\/span><\/span><\/span><\/p>\n<\/td>\n<td>\n<p><span style=\"color: #000000;\"><span style=\"font-family: tahoma,geneva,sans-serif;\"><span style=\"font-size: 12px;\"><img decoding=\"async\" class=\"lazyload HAa Eha\" style=\"border-width: 1px; border-style: solid; margin: 10px auto; display: block;\" alt=\"\" src=\"data:image\/gif;base64,R0lGODlhAQABAAAAACH5BAEKAAEALAAAAAABAAEAAAICTAEAOw==\" data-orig-src=\"https:\/\/lh3.googleusercontent.com\/-nGXQ_E5O3cE\/VIhO0zfBhiI\/AAAAAAAAGG0\/ZJMDOALFJ6A\/w370-h278-no\/untitled2.jpg\" \/><\/span><\/span><\/span><\/p>\n<\/td>\n<\/tr>\n<tr>\n<td colspan=\"2\">\n<p style=\"text-align: justify;\"><span style=\"color: #000000;\"><span style=\"font-family: tahoma,geneva,sans-serif;\"><span style=\"font-size: 12px;\">&nbsp;&nbsp;&nbsp;&nbsp; T\u00eb premten pasdite, pas mir\u00ebseardhjes, ndarjes n\u00ebp\u00ebr dhoma dhe shp\u00ebrndarjes s\u00eb dosjeve me materiale t\u00eb ndryshme shpirt\u00ebrore, u zhvillua n\u00eb nj\u00ebr\u00ebn nga sallat e qendr\u00ebs, sh\u00ebrbesa e Paraklisit drejtuar T\u00ebr\u00ebshenjt\u00ebs Mari.<\/span><\/span><\/span><\/p>\n<\/td>\n<\/tr>\n<tr>\n<td>\n<p><span style=\"color: #000000;\"><span style=\"font-family: tahoma,geneva,sans-serif;\"><span style=\"font-size: 12px;\">&nbsp;<img decoding=\"async\" class=\"lazyload HAa Eha\" style=\"border-width: 1px; border-style: solid; margin: 10px auto; display: block;\" alt=\"\" src=\"data:image\/gif;base64,R0lGODlhAQABAAAAACH5BAEKAAEALAAAAAABAAEAAAICTAEAOw==\" data-orig-src=\"https:\/\/lh5.googleusercontent.com\/-HPuFOZLC7Ng\/VIhO0zLYzkI\/AAAAAAAAGHQ\/lmQTWuU41B8\/w370-h246-no\/untitled3.jpg\" \/><\/span><\/span><\/span><\/p>\n<\/td>\n<td>\n<p style=\"text-align: justify;\"><span style=\"color: #000000;\"><span style=\"font-family: tahoma,geneva,sans-serif;\"><span style=\"font-size: 12px;\">&nbsp;&nbsp;&nbsp; Pas k\u00ebsaj sh\u00ebrbese p\u00ebr t\u00eb gjitha vajzat u shtrua darka dhe m\u00eb pas u mbajt referati i par\u00eb me tem\u00eb: <strong>\u201cKthimi tek Ati Qiellor\u201d<\/strong> me referues Episkopin e Apollonis\u00eb, Hir\u00ebsi Nikoll\u00ebn. Gjat\u00eb referatit t\u00eb tij, Hir\u00ebsi Nikolla u p\u00ebrpoq q\u00eb me an\u00eb t\u00eb nj\u00eb bashk\u00ebbisedimi tu jepte p\u00ebrgjigje pyetjeve, q\u00eb sipas tij, duhet t\u00eb jen\u00eb t\u00eb parat, n\u00ebse do t\u00eb p\u00ebrpiqemi t\u00eb kuptojm\u00eb se \u00e7far\u00eb do t\u00eb thot\u00eb <strong>Kthim tek Ati Qiellor<\/strong>.<\/span><\/span><\/span><\/p>\n<\/td>\n<\/tr>\n<tr>\n<td>\n<p style=\"text-align: justify;\"><span style=\"color: #000000;\"><span style=\"font-family: tahoma,geneva,sans-serif;\"><span style=\"font-size: 12px;\">&nbsp;&nbsp;&nbsp;&nbsp; K\u00ebto pyetje ishin: Kush \u00ebsht\u00eb Ati Qiellor? P\u00ebrse duhet t\u00eb kthehemi tek Ati? Si duhet t\u00eb kthehemi? \u201cAti Qiellor p\u00ebr ne \u00ebsht\u00eb Per\u00ebndia, i cili na krijoi, u mish\u00ebrua p\u00ebr ne, jetoi me ne, u kryq\u00ebzua p\u00ebr m\u00ebkatet tona dhe q\u00eb na hapi rrug\u00ebn p\u00ebr n\u00eb jet\u00ebn e p\u00ebrjetshme. \u00cbsht\u00eb Ai Per\u00ebndia, i cili zot\u00ebron gjith\u00e7ka dhe q\u00eb asgj\u00eb nuk del jasht\u00eb planit t\u00eb Tij.<\/span><\/span><\/span><\/p>\n<\/td>\n<td>\n<p><span style=\"color: #000000;\"><span style=\"font-family: tahoma,geneva,sans-serif;\"><span style=\"font-size: 12px;\"><img decoding=\"async\" class=\"lazyload HAa Eha\" style=\"border-width: 1px; border-style: solid; margin: 10px auto; display: block;\" alt=\"\" src=\"data:image\/gif;base64,R0lGODlhAQABAAAAACH5BAEKAAEALAAAAAABAAEAAAICTAEAOw==\" data-orig-src=\"https:\/\/lh5.googleusercontent.com\/-9SSqUmSfpv8\/VIhO1Y6v3uI\/AAAAAAAAGHk\/nJ0bFUlCHEY\/w370-h278-no\/untitled4.jpg\" \/><\/span><\/span><\/span><\/p>\n<\/td>\n<\/tr>\n<tr>\n<td>\n<p><span style=\"color: #000000;\"><span style=\"font-family: tahoma,geneva,sans-serif;\"><span style=\"font-size: 12px;\"><img decoding=\"async\" class=\"lazyload HAa Eha\" style=\"border-width: 1px; border-style: solid; margin: 10px auto; display: block;\" alt=\"\" src=\"data:image\/gif;base64,R0lGODlhAQABAAAAACH5BAEKAAEALAAAAAABAAEAAAICTAEAOw==\" data-orig-src=\"https:\/\/lh3.googleusercontent.com\/-lEhJbbv1c20\/VIhO1speaOI\/AAAAAAAAGHw\/8uPVRXfGGIQ\/w370-h278-no\/untitled5.jpg\" \/><\/span><\/span><\/span><\/p>\n<\/td>\n<td>\n<p style=\"text-align: justify;\"><span style=\"color: #000000;\"><span style=\"font-family: tahoma,geneva,sans-serif;\"><span style=\"font-size: 12px;\">&nbsp;&nbsp;&nbsp;&nbsp; Pyetje t\u00eb tjera, t\u00eb cilat dol\u00ebn gjat\u00eb referatit ishin edhe P\u00ebrse kemi ardhur n\u00eb jet\u00eb? P\u00ebrse na ka krijuar Per\u00ebndia? Referuesi theksoi se, Per\u00ebndia do t\u00eb na ndihmoj\u00eb, pik\u00ebrisht p\u00ebr k\u00ebt\u00eb q\u00ebllim: p\u00ebr t\u00eb mbushur potencialin p\u00ebr t\u00eb cilin Ai na ka krijuar, p\u00ebr t\u00eb jetuar p\u00ebrjet\u00ebsisht t\u00eb lumtur, p\u00ebr t\u00eb jetuar p\u00ebrjet\u00ebsisht pran\u00eb Tij. Duhet t\u00eb kthehemi tek Ati, sepse \u00ebsht\u00eb i vetmi Ai, i cili do t\u00eb na drejtoj\u00eb n\u00eb p\u00ebrmbushjen e k\u00ebtij potenciali. Sapo t\u00eb kthehemi, ne duhet t\u00eb pranojm\u00eb m\u00ebkatet tona, t\u00eb pendohemi, ti rr\u00ebfejm\u00eb ato dhe me zem\u00ebr t\u00eb pastruar t\u00eb bashkohemi p\u00ebrs\u00ebri me Atin ton\u00eb.\u201d<\/span><\/span><\/span><\/p>\n<\/td>\n<\/tr>\n<tr>\n<td>\n<p style=\"text-align: justify;\"><span style=\"color: #000000;\"><span style=\"font-family: tahoma,geneva,sans-serif;\"><span style=\"font-size: 12px;\">&nbsp;&nbsp;&nbsp;&nbsp; Hir\u00ebsi Nikolla e p\u00ebrfundoi referatin e tij duke theksuar q\u00eb t\u00eb gjith\u00eb ne, edhe pse mund t\u00eb kemi shum\u00eb detyrime t\u00eb tjera n\u00eb jet\u00ebn e p\u00ebrditshme t\u00eb p\u00ebrpiqemi q\u00eb gjithmon\u00eb t\u00eb gjejm\u00eb koh\u00eb p\u00ebr t\u00eb takuar Krishtin, sepse gjith\u00e7ka nis nga dashuria q\u00eb ne kemi, ose q\u00eb do t\u00eb krijojm\u00eb p\u00ebr Zotin. Le t\u00eb jet\u00eb kjo periudh\u00eb e Kreshm\u00ebs nj\u00eb periudh\u00eb ku ne t\u00eb mund t\u00eb njohim dhe t\u00eb duam m\u00eb tep\u00ebr Krishtin, Per\u00ebndin\u00eb ton\u00eb.<\/span><\/span><\/span><\/p>\n<\/td>\n<td>\n<p><span style=\"color: #000000;\"><span style=\"font-family: tahoma,geneva,sans-serif;\"><span style=\"font-size: 12px;\"><img decoding=\"async\" class=\"lazyload HAa Eha\" style=\"border-width: 1px; border-style: solid; margin: 10px auto; display: block;\" alt=\"\" src=\"data:image\/gif;base64,R0lGODlhAQABAAAAACH5BAEKAAEALAAAAAABAAEAAAICTAEAOw==\" data-orig-src=\"https:\/\/lh3.googleusercontent.com\/-rJf-z7tZX14\/VIhO2L0psHI\/AAAAAAAAGHU\/lVTpZVzruhI\/w370-h246-no\/untitled6.jpg\" \/><\/span><\/span><\/span><\/p>\n<\/td>\n<\/tr>\n<tr>\n<td colspan=\"2\">\n<p style=\"text-align: justify;\"><span style=\"color: #000000;\"><span style=\"font-family: tahoma,geneva,sans-serif;\"><span style=\"font-size: 12px;\">&nbsp;&nbsp;&nbsp;&nbsp; Pas referatit, vajzat u shp\u00ebrndan\u00eb n\u00eb grupe p\u00ebr t\u00eb vazhduar programin e mbr\u00ebmjes me aktivitete p\u00ebr t\u00eb njohur nj\u00ebra-tjetr\u00ebn dhe me nj\u00eb lutje n\u00eb mbyllje t\u00eb dit\u00ebs.<\/span><\/span><\/span><\/p>\n<\/td>\n<\/tr>\n<tr>\n<td dir=\"ltr\"><span style=\"color: #000000;\"><span style=\"font-family: tahoma,geneva,sans-serif;\"><span style=\"font-size: 12px;\"><img decoding=\"async\" class=\"lazyload HAa Eha\" style=\"border-width: 1px; border-style: solid; margin: 10px auto; display: block;\" alt=\"\" src=\"data:image\/gif;base64,R0lGODlhAQABAAAAACH5BAEKAAEALAAAAAABAAEAAAICTAEAOw==\" data-orig-src=\"https:\/\/lh6.googleusercontent.com\/-SQ3VRMDpfuA\/VIhO2Z4nT8I\/AAAAAAAAGHs\/zm3YmWqWoJI\/w370-h246-no\/untitled7.jpg\" \/><\/span><\/span><\/span><\/td>\n<td dir=\"ltr\">\n<p style=\"text-align: justify;\"><span style=\"color: #000000;\"><span style=\"font-family: tahoma,geneva,sans-serif;\"><span style=\"font-size: 12px;\">&nbsp;&nbsp;&nbsp;&nbsp; Dita e shtun\u00eb filloi me zgjimin dhe Sh\u00ebrbes\u00ebn e M\u00ebngjesores. Pas ngr\u00ebnies s\u00eb m\u00ebngjesit, u k\u00ebnduan dhe u m\u00ebsuan k\u00ebng\u00eb t\u00eb reja nga jeta n\u00eb kamp dhe n\u00eb vazhdim u b\u00eb nj\u00eb paraqitje e shkurt\u00ebr e jet\u00ebs rinore t\u00eb k\u00ebtyre grupeve t\u00eb ardhura, me prezantimin dhe zhvillimin e aktiviteteve t\u00eb tyre, duke k\u00ebnduar n\u00eb fund dhe nga nj\u00eb k\u00ebng\u00eb p\u00ebrsh\u00ebndet\u00ebse. M\u00eb pas, u zhvillua ora e pun\u00ebs s\u00eb dor\u00ebs duke punuar kryqe me rruaza.<\/span><\/span><\/span><\/p>\n<\/td>\n<\/tr>\n<tr>\n<td dir=\"ltr\">\n<p style=\"text-align: justify;\"><span style=\"color: #000000;\"><span style=\"font-family: tahoma,geneva,sans-serif;\"><span style=\"font-size: 12px;\">&nbsp;&nbsp;&nbsp;&nbsp; Referatin e dyt\u00eb me tem\u00eb: \u201c<strong>P\u00ebr jet\u00ebn e bot\u00ebs<\/strong>\u201d e mbajti z. Nathan Hoppe, bashk\u00ebpun\u00ebtor i Kish\u00ebs son\u00eb nga Sh.B.A. Zoti Hoppe e nisi referatin e tij me pyetjen drejtuar t\u00eb gjitha vajzave mbi q\u00ebllimin e Kreshm\u00ebs, duke shpjeguar n\u00eb t\u00eb nj\u00ebjt\u00ebn koh\u00eb se si ishte bota dhe njeriu q\u00eb n\u00eb fillim, kur u krijuan nga Per\u00ebndia dhe \u00e7far\u00eb ndodhi pas r\u00ebnies.<\/span><\/span><\/span><\/p>\n<\/td>\n<td dir=\"ltr\"><span style=\"color: #000000;\"><span style=\"font-family: tahoma,geneva,sans-serif;\"><span style=\"font-size: 12px;\"><img decoding=\"async\" class=\"lazyload HAa Eha\" style=\"border-width: 1px; border-style: solid; margin: 10px auto; display: block;\" alt=\"\" src=\"data:image\/gif;base64,R0lGODlhAQABAAAAACH5BAEKAAEALAAAAAABAAEAAAICTAEAOw==\" data-orig-src=\"https:\/\/lh6.googleusercontent.com\/-KDZkBp410nU\/VIhO2lQfhLI\/AAAAAAAAGHY\/jdlTODLDri4\/w370-h278-no\/untitled8.jpg\" \/><\/span><\/span><\/span><\/td>\n<\/tr>\n<tr>\n<td dir=\"ltr\">\n<p><span style=\"color: #000000;\"><span style=\"font-family: tahoma,geneva,sans-serif;\"><span style=\"font-size: 12px;\"><img decoding=\"async\" class=\"lazyload HAa Eha\" style=\"border-width: 1px; border-style: solid; margin: 10px auto; display: block;\" alt=\"\" src=\"data:image\/gif;base64,R0lGODlhAQABAAAAACH5BAEKAAEALAAAAAABAAEAAAICTAEAOw==\" data-orig-src=\"https:\/\/lh6.googleusercontent.com\/-6EcL5A48poI\/VIhO3GzwqUI\/AAAAAAAAGHo\/NAaSw8ewzZQ\/w370-h246-no\/untitled9.gif\" \/><\/span><\/span><\/span><\/p>\n<\/td>\n<td dir=\"ltr\">\n<p style=\"text-align: justify;\"><span style=\"color: #000000;\"><span style=\"font-family: tahoma,geneva,sans-serif;\"><span style=\"font-size: 12px;\">&nbsp;&nbsp;&nbsp;&nbsp; Ai tha se Per\u00ebndia e krijoi bot\u00ebn p\u00ebr njeriun, si ushqim p\u00ebr t\u00eb, p\u00ebr t\u00eb qen\u00eb gjithnj\u00eb n\u00eb kungim me Per\u00ebndin\u00eb. Me ushqimin ne t\u00eb gjith\u00eb jetojm\u00eb, kemi jet\u00eb. Duke qen\u00eb q\u00eb ushqimi na \u00ebsht\u00eb dh\u00ebn\u00eb nga Per\u00ebndia p\u00ebr ne, kuptojm\u00eb gjithashtu q\u00eb Jeta jon\u00eb vjen nga Per\u00ebndia. N\u00eb vazhdim t\u00eb referatit u diskutua m\u00eb tep\u00ebr mbi krijimin e bot\u00ebs, r\u00ebnien n\u00eb m\u00ebkat, shp\u00ebtimin me an\u00eb t\u00eb Krishtit dhe \u00e7far\u00eb do t\u00eb thot\u00eb mohimi i vetes dhe ndjekja e Krishtit.<\/span><\/span><\/span><br \/> &nbsp;<\/p>\n<\/td>\n<\/tr>\n<tr>\n<td dir=\"ltr\" colspan=\"2\">\n<p style=\"text-align: justify;\"><span style=\"color: #000000;\"><span style=\"font-family: tahoma,geneva,sans-serif;\"><span style=\"font-size: 12px;\">&nbsp; &nbsp; Duke p\u00ebrfunduar ai theksoi se: \u201cQ\u00eb n\u00eb momentin q\u00eb Krishti dha jet\u00ebn e Tij p\u00ebr jet\u00ebn e bot\u00ebs, ne mund t\u00eb kuptojm\u00eb shum\u00eb qart\u00eb se kush \u00ebsht\u00eb q\u00ebllimi i kreshm\u00ebs. Ne kreshmojm\u00eb, sepse gjith\u00eb bota \u00ebsht\u00eb dh\u00ebn\u00eb p\u00ebr ne nga Per\u00ebndia, si ushqim p\u00ebr ne. Ky ushqim \u00ebsht\u00eb i v\u00ebrtet\u00eb kur ne jemi n\u00eb kungim t\u00eb vazhduesh\u00ebm me Per\u00ebndin\u00eb. Me kreshm\u00ebn, ne p\u00ebrpiqemi t\u00eb kthejm\u00eb t\u00eb gjith\u00eb ngr\u00ebnien ton\u00eb n\u00eb kungim me Per\u00ebndin\u00eb dhe e b\u00ebjm\u00eb k\u00ebt\u00eb duke e privuar veten nga disa lloj ushqimesh, q\u00eb t\u00eb kuptojm\u00eb q\u00eb jetojm\u00eb vet\u00ebm nga marr\u00ebdh\u00ebnia me Per\u00ebndin\u00eb.\u201d<\/span><\/span><\/span><\/p>\n<p style=\"text-align: justify;\"><span style=\"color: #000000;\"><span style=\"font-family: tahoma,geneva,sans-serif;\"><span style=\"font-size: 12px;\">&nbsp;&nbsp;&nbsp; Pas referatit t\u00eb dyt\u00eb, vajzat pat\u00ebn mund\u00ebsin\u00eb t\u00eb ndiqnin prezantimin n\u00eb Power Point t\u00eb Akademis\u00eb Teologjike nga dy student\u00eb t\u00eb saj. M\u00eb pas drekuan s\u00eb bashku dhe kaluan koh\u00ebn e lir\u00eb, duke diskutuar me nj\u00ebra-tjetr\u00ebn dhe duke vazhduar programin me pun\u00ebn e dor\u00ebs. Gjat\u00eb gjith\u00eb dit\u00ebs kampistet, pat\u00ebn mund\u00ebsin\u00eb gjithashtu t\u00eb p\u00ebrgatiteshin m\u00eb mir\u00eb p\u00ebr periudh\u00ebn e kreshm\u00ebs, duke marr\u00eb pjes\u00eb n\u00eb misterin e rr\u00ebfimit, i kryer nga At\u00eb Jani Trebicka. Pas koh\u00ebs s\u00eb lir\u00eb dhe koktejlit, ato t\u00eb gjitha u mblodh\u00ebn sipas grupeve dhe mor\u00ebn pjes\u00eb n\u00eb studimin biblik, i drejtuar nga drejtueset e grupeve me tem\u00eb \u201cVigjilenca\u201d (pasazh ky i shk\u00ebputur nga Ungjilli sipas Mattheut 25:1-13) pik\u00ebrisht nga Parabola e Dhjet\u00eb Virgj\u00ebreshave.<\/span><\/span><\/span><\/p>\n<p style=\"text-align: justify;\"><span style=\"color: #000000;\"><span style=\"font-family: tahoma,geneva,sans-serif;\"><span style=\"font-size: 12px;\">&nbsp;&nbsp;&nbsp; Referati i tret\u00eb dhe i fundit p\u00ebr k\u00ebt\u00eb periudh\u00eb t\u00eb shkurt\u00ebr kampi ishte ai me tem\u00eb,\u201c<strong>Liturgjia Hyjnore<\/strong> \u201d, me referues Hierodhjakon Asti Bakallbashi. N\u00eb k\u00ebt\u00eb referat ai theksoi r\u00ebnd\u00ebsin\u00eb se si komuniteti i krishter\u00eb, i mbledhur s\u00eb bashku si nj\u00eb trup i vet\u00ebm, shpreh mir\u00ebnjohjen dhe fal\u00ebnderimin ndaj Per\u00ebndis\u00eb me an\u00eb t\u00eb Krishtit, duke kujtuar dhe p\u00ebrjetuar gjith\u00e7ka q\u00eb Ai ka b\u00ebr\u00eb p\u00ebr shp\u00ebtimin ton\u00eb. Krishti \u00ebsht\u00eb rruga p\u00ebr n\u00eb Mbret\u00ebrin\u00eb e Per\u00ebndis\u00eb dhe kjo e v\u00ebrtet\u00eb demonstrohet me procesionin e daljes s\u00eb Ungjillit p\u00ebrqark Kish\u00ebs dhe ofrimin e Trupit dhe Gjakut t\u00eb Tij p\u00ebr Kish\u00ebn. Adhurimi yn\u00eb n\u00eb liturgji, me lutjen, fal\u00ebnderimin, leximet biblike arrin kulmin me blatimin e dhuratave tona dhe t\u00eb vetvetes drejtuar Per\u00ebndis\u00eb. Ky adhurim personal dhe komunitar nj\u00ebkoh\u00ebsisht, \u00ebsht\u00eb edhe nj\u00eb banket festiv q\u00eb Per\u00ebndia ka shtruar p\u00ebr ne, nj\u00eb ngr\u00ebnie e shenjt\u00eb n\u00eb kujtim t\u00eb Jisu Krishtit. Ky banket k\u00ebrkon edhe nj\u00eb p\u00ebrgatitje personale t\u00eb gjithsecilit, p\u00ebr t\u00eb p\u00ebrjetuar jet\u00ebn me Zotin, p\u00ebr t\u00eb vazhduar rrug\u00ebn e nisur me T\u00eb q\u00eb n\u00eb momentin e Pag\u00ebzimit si edhe p\u00ebr ta d\u00ebshmuar At\u00eb n\u00eb jet\u00ebn ton\u00eb edhe pas liturgjis\u00eb. E gjith\u00eb pra liturgjia \u00ebsht\u00eb takimi yn\u00eb personal me Krishtin. N\u00eb fund ai theksoi se k\u00ebt\u00eb takim me Krishtin, do t\u00eb mund ta kuptojm\u00eb duke pasur nd\u00ebr mend k\u00ebto pyetje: A e duam Zotin? A jemi mir\u00ebnjoh\u00ebs Zotit p\u00ebr \u00e7far\u00eb Ai ka b\u00ebr\u00eb p\u00ebr gjithsecilin? P\u00ebrse t\u00eb mos e shprehim k\u00ebt\u00eb adhurim ndaj Tij?<\/span><\/span><\/span><\/p>\n<p style=\"text-align: justify;\"><span style=\"color: #000000;\"><span style=\"font-family: tahoma,geneva,sans-serif;\"><span style=\"font-size: 12px;\">&nbsp;&nbsp;&nbsp; Nata e s\u00eb shtun\u00ebs u mbyll me programin e meditimit, shoq\u00ebruar me k\u00ebng\u00eb t\u00eb qeta e lutje t\u00eb ndryshme drejtuar Per\u00ebndis\u00eb ton\u00eb t\u00eb dashur, duke medituar p\u00ebr ato sa d\u00ebgjuan n\u00eb temat e zhvilluara si edhe mbi pyetjen q\u00eb iu drejtua t\u00eb gjitha vajzave, me an\u00eb t\u00eb nj\u00eb kartoline, t\u00eb p\u00ebrgatitur enkas p\u00ebr to Kush do t\u00eb ishte p\u00ebrgatitja juaj p\u00ebr t\u00eb takuar Zotin e Ngjallur n\u00eb dit\u00ebn e Pashk\u00ebs?<\/span><\/span><\/span><\/p>\n<p style=\"text-align: justify;\"><span style=\"color: #000000;\"><span style=\"font-family: tahoma,geneva,sans-serif;\"><span style=\"font-size: 12px;\">&nbsp;&nbsp;&nbsp; M\u00ebngjesi i s\u00eb diel\u00ebs na mblodhi n\u00eb kish\u00ebn \u201cUngjill\u00ebzimi i Hyjlind\u00ebses Mari\u201d n\u00eb Tiran\u00eb, ku mor\u00ebm pjes\u00eb n\u00eb Liturgjin\u00eb Hyjnore dhe p\u00ebrjetuam nga af\u00ebr takimin ton\u00eb me Krishtin. Pas liturgjis\u00eb, p\u00ebrpara largimit, n\u00eb ambientet e Qendr\u00ebs Rinore t\u00eb Tiran\u00ebs \u201cBethlehem\u201d, vajzat kampiste h\u00ebngr\u00ebn m\u00ebngjesin dhe shpreh\u00ebn fal\u00ebnderimet p\u00ebr k\u00ebt\u00eb program kaq t\u00eb dobish\u00ebm, Kryepiskopit Anastas, i cili mund\u00ebsoi dhe mb\u00ebshteti nga ana financiare k\u00ebt\u00eb aktivitet, stafit drejtues t\u00eb kampit, referuesve si edhe punonj\u00ebsve t\u00eb Qendr\u00ebs Shpirt\u00ebrore-Arsimore \u201cThavor\u201d, t\u00eb cil\u00ebt u kujdes\u00ebn p\u00ebr mikpritjen dhe mbar\u00ebvajtjen.<\/span><\/span><\/span><\/p>\n<p style=\"text-align: justify;\">&nbsp;<\/p>\n<p style=\"text-align: justify;\">&nbsp;<\/p>\n<p style=\"text-align: justify;\"><span style=\"color: #000000;\"><span style=\"font-family: tahoma,geneva,sans-serif;\"><span style=\"font-size: 12px;\">&nbsp;&nbsp;&nbsp;&nbsp; Sonila Dedja<\/span><\/span><\/span><\/p>\n<\/td>\n<\/tr>\n<\/tbody>\n<\/table>\n","protected":false},"excerpt":{"rendered":"<p>&nbsp;&nbsp;&nbsp; Nga datat 16-18 shkurt 2007, n\u00eb ambientet e Qendr\u00ebs Shpirt\u00ebrore-Arsimore \u201cThavor\u201d, Tiran\u00eb, t\u00eb Kish\u00ebs son\u00eb u organizua kampi dim\u00ebror p\u00ebr vajza. Tema e k\u00ebtij kampi, e lidhur kjo edhe me periudh\u00ebn e Kreshm\u00ebs s\u00eb Madhe, ishte: \u201cKthimi tek Zoti \u2013 banket festiv \u2026\u201d. &nbsp; &nbsp;&nbsp;&nbsp; N\u00eb k\u00ebt\u00eb kamp mor\u00ebn pjes\u00eb rreth 60 vajza, p\u00ebrkat\u00ebsisht nga Tirana, Durr\u00ebsi, Sh\u00ebn Vlashi (Durr\u00ebs), Sh\u00ebn Joan Vladimiri (Elbasan),<\/p>\n","protected":false},"author":1,"featured_media":0,"comment_status":"open","ping_status":"open","sticky":false,"template":"","format":"standard","meta":{"_acf_changed":false,"pagelayer_contact_templates":[],"_pagelayer_content":"","inline_featured_image":false,"fifu_image_url":"","fifu_image_alt":"","footnotes":""},"categories":[108],"tags":[147,196,212,176],"class_list":["post-683","post","type-post","status-publish","format-standard","hentry","category-lajme","tag-147","tag-tirane","tag-lajme-d27","tag-rinia-orthodhokse"],"acf":[],"yoast_head":"<!-- This site is optimized with the Yoast SEO plugin v27.2 - https:\/\/yoast.com\/product\/yoast-seo-wordpress\/ -->\n<title>Kampi dim\u00ebror i vajzave. ( Shkurt 2007) - Kisha Orthodh\u03bfkse Autoqefale e Shqip\u00ebris\u00eb<\/title>\n<meta name=\"robots\" content=\"index, follow, max-snippet:-1, max-image-preview:large, max-video-preview:-1\" \/>\n<link rel=\"canonical\" href=\"https:\/\/orthodoxalbania.org\/2020\/2007\/02\/26\/kampi-dimeror-i-vajzave-shkurt-07\/\" \/>\n<meta property=\"og:locale\" content=\"en_US\" \/>\n<meta property=\"og:type\" content=\"article\" \/>\n<meta property=\"og:title\" content=\"Kampi dim\u00ebror i vajzave. ( Shkurt 2007) - Kisha Orthodh\u03bfkse Autoqefale e Shqip\u00ebris\u00eb\" \/>\n<meta property=\"og:description\" content=\"&nbsp;&nbsp;&nbsp; Nga datat 16-18 shkurt 2007, n\u00eb ambientet e Qendr\u00ebs Shpirt\u00ebrore-Arsimore \u201cThavor\u201d, Tiran\u00eb, t\u00eb Kish\u00ebs son\u00eb u organizua kampi dim\u00ebror p\u00ebr vajza. Tema e k\u00ebtij kampi, e lidhur kjo edhe me periudh\u00ebn e Kreshm\u00ebs s\u00eb Madhe, ishte: \u201cKthimi tek Zoti \u2013 banket festiv \u2026\u201d. &nbsp; &nbsp;&nbsp;&nbsp; N\u00eb k\u00ebt\u00eb kamp mor\u00ebn pjes\u00eb rreth 60 vajza, p\u00ebrkat\u00ebsisht nga Tirana, Durr\u00ebsi, Sh\u00ebn Vlashi (Durr\u00ebs), Sh\u00ebn Joan Vladimiri (Elbasan),\" \/>\n<meta property=\"og:url\" content=\"https:\/\/orthodoxalbania.org\/2020\/2007\/02\/26\/kampi-dimeror-i-vajzave-shkurt-07\/\" \/>\n<meta property=\"og:site_name\" content=\"Kisha Orthodh\u03bfkse Autoqefale e Shqip\u00ebris\u00eb\" \/>\n<meta property=\"article:publisher\" content=\"https:\/\/www.facebook.com\/koash1991\" \/>\n<meta property=\"article:published_time\" content=\"2007-02-26T00:00:00+00:00\" \/>\n<meta property=\"article:modified_time\" content=\"2020-04-06T20:35:40+00:00\" \/>\n<meta property=\"og:image\" content=\"https:\/\/lh6.googleusercontent.com\/-9-_bN3idHoE\/VIhO08OMlNI\/AAAAAAAAGG4\/AkgYcM-46bc\/w370-h278-no\/untitled1.jpg\" \/>\n<meta name=\"author\" content=\"Kisha Orthodhokse\" \/>\n<meta name=\"twitter:card\" content=\"summary_large_image\" \/>\n<meta name=\"twitter:label1\" content=\"Written by\" \/>\n\t<meta name=\"twitter:data1\" content=\"Kisha Orthodhokse\" \/>\n\t<meta name=\"twitter:label2\" content=\"Est. reading time\" \/>\n\t<meta name=\"twitter:data2\" content=\"9 minutes\" \/>\n<script type=\"application\/ld+json\" class=\"yoast-schema-graph\">{\"@context\":\"https:\/\/schema.org\",\"@graph\":[{\"@type\":\"Article\",\"@id\":\"https:\/\/orthodoxalbania.org\/2020\/2007\/02\/26\/kampi-dimeror-i-vajzave-shkurt-07\/#article\",\"isPartOf\":{\"@id\":\"https:\/\/orthodoxalbania.org\/2020\/2007\/02\/26\/kampi-dimeror-i-vajzave-shkurt-07\/\"},\"author\":{\"name\":\"Kisha Orthodhokse\",\"@id\":\"https:\/\/orthodoxalbania.org\/2020\/#\/schema\/person\/0c387634a7063ac612d7ed9ce71c7e86\"},\"headline\":\"Kampi dim\u00ebror i vajzave. ( Shkurt 2007)\",\"datePublished\":\"2007-02-26T00:00:00+00:00\",\"dateModified\":\"2020-04-06T20:35:40+00:00\",\"mainEntityOfPage\":{\"@id\":\"https:\/\/orthodoxalbania.org\/2020\/2007\/02\/26\/kampi-dimeror-i-vajzave-shkurt-07\/\"},\"wordCount\":1753,\"commentCount\":0,\"publisher\":{\"@id\":\"https:\/\/orthodoxalbania.org\/2020\/#organization\"},\"image\":{\"@id\":\"https:\/\/orthodoxalbania.org\/2020\/2007\/02\/26\/kampi-dimeror-i-vajzave-shkurt-07\/#primaryimage\"},\"thumbnailUrl\":\"https:\/\/lh6.googleusercontent.com\/-9-_bN3idHoE\/VIhO08OMlNI\/AAAAAAAAGG4\/AkgYcM-46bc\/w370-h278-no\/untitled1.jpg\",\"keywords\":[\"2007\",\"Kryepiskopata Tiran\u00eb\",\"lajme\",\"Rinia Orthodhokse\"],\"articleSection\":[\"Lajme\"],\"inLanguage\":\"en-US\"},{\"@type\":\"WebPage\",\"@id\":\"https:\/\/orthodoxalbania.org\/2020\/2007\/02\/26\/kampi-dimeror-i-vajzave-shkurt-07\/\",\"url\":\"https:\/\/orthodoxalbania.org\/2020\/2007\/02\/26\/kampi-dimeror-i-vajzave-shkurt-07\/\",\"name\":\"Kampi dim\u00ebror i vajzave. ( Shkurt 2007) - Kisha Orthodh\u03bfkse Autoqefale e Shqip\u00ebris\u00eb\",\"isPartOf\":{\"@id\":\"https:\/\/orthodoxalbania.org\/2020\/#website\"},\"primaryImageOfPage\":{\"@id\":\"https:\/\/orthodoxalbania.org\/2020\/2007\/02\/26\/kampi-dimeror-i-vajzave-shkurt-07\/#primaryimage\"},\"image\":{\"@id\":\"https:\/\/orthodoxalbania.org\/2020\/2007\/02\/26\/kampi-dimeror-i-vajzave-shkurt-07\/#primaryimage\"},\"thumbnailUrl\":\"https:\/\/lh6.googleusercontent.com\/-9-_bN3idHoE\/VIhO08OMlNI\/AAAAAAAAGG4\/AkgYcM-46bc\/w370-h278-no\/untitled1.jpg\",\"datePublished\":\"2007-02-26T00:00:00+00:00\",\"dateModified\":\"2020-04-06T20:35:40+00:00\",\"breadcrumb\":{\"@id\":\"https:\/\/orthodoxalbania.org\/2020\/2007\/02\/26\/kampi-dimeror-i-vajzave-shkurt-07\/#breadcrumb\"},\"inLanguage\":\"en-US\",\"potentialAction\":[{\"@type\":\"ReadAction\",\"target\":[\"https:\/\/orthodoxalbania.org\/2020\/2007\/02\/26\/kampi-dimeror-i-vajzave-shkurt-07\/\"]}]},{\"@type\":\"ImageObject\",\"inLanguage\":\"en-US\",\"@id\":\"https:\/\/orthodoxalbania.org\/2020\/2007\/02\/26\/kampi-dimeror-i-vajzave-shkurt-07\/#primaryimage\",\"url\":\"https:\/\/lh6.googleusercontent.com\/-9-_bN3idHoE\/VIhO08OMlNI\/AAAAAAAAGG4\/AkgYcM-46bc\/w370-h278-no\/untitled1.jpg\",\"contentUrl\":\"https:\/\/lh6.googleusercontent.com\/-9-_bN3idHoE\/VIhO08OMlNI\/AAAAAAAAGG4\/AkgYcM-46bc\/w370-h278-no\/untitled1.jpg\"},{\"@type\":\"BreadcrumbList\",\"@id\":\"https:\/\/orthodoxalbania.org\/2020\/2007\/02\/26\/kampi-dimeror-i-vajzave-shkurt-07\/#breadcrumb\",\"itemListElement\":[{\"@type\":\"ListItem\",\"position\":1,\"name\":\"Home\",\"item\":\"https:\/\/orthodoxalbania.org\/2020\/\"},{\"@type\":\"ListItem\",\"position\":2,\"name\":\"Kampi dim\u00ebror i vajzave. ( Shkurt 2007)\"}]},{\"@type\":\"WebSite\",\"@id\":\"https:\/\/orthodoxalbania.org\/2020\/#website\",\"url\":\"https:\/\/orthodoxalbania.org\/2020\/\",\"name\":\"Kisha Orthodh\u03bfkse Autoqefale e Shqip\u00ebris\u00eb\",\"description\":\"Fqja Zyrtare e Kish\u00ebs Orthodhokse Autoqefale e Shqip\u00ebris\u00eb me lajmet edhe informacionet zyrtare p\u00ebr struktur\u00ebn edhe veprimtarin e saj.\",\"publisher\":{\"@id\":\"https:\/\/orthodoxalbania.org\/2020\/#organization\"},\"potentialAction\":[{\"@type\":\"SearchAction\",\"target\":{\"@type\":\"EntryPoint\",\"urlTemplate\":\"https:\/\/orthodoxalbania.org\/2020\/?s={search_term_string}\"},\"query-input\":{\"@type\":\"PropertyValueSpecification\",\"valueRequired\":true,\"valueName\":\"search_term_string\"}}],\"inLanguage\":\"en-US\"},{\"@type\":\"Organization\",\"@id\":\"https:\/\/orthodoxalbania.org\/2020\/#organization\",\"name\":\"Kisha Orthodhokse Autoqefale e Shqip\u00ebris\u00eb\",\"url\":\"https:\/\/orthodoxalbania.org\/2020\/\",\"logo\":{\"@type\":\"ImageObject\",\"inLanguage\":\"en-US\",\"@id\":\"https:\/\/orthodoxalbania.org\/2020\/#\/schema\/logo\/image\/\",\"url\":\"https:\/\/orthodoxalbania.org\/2020\/wp-content\/uploads\/2020\/05\/albania.jpeg\",\"contentUrl\":\"https:\/\/orthodoxalbania.org\/2020\/wp-content\/uploads\/2020\/05\/albania.jpeg\",\"width\":540,\"height\":540,\"caption\":\"Kisha Orthodhokse Autoqefale e Shqip\u00ebris\u00eb\"},\"image\":{\"@id\":\"https:\/\/orthodoxalbania.org\/2020\/#\/schema\/logo\/image\/\"},\"sameAs\":[\"https:\/\/www.facebook.com\/koash1991\"]},{\"@type\":\"Person\",\"@id\":\"https:\/\/orthodoxalbania.org\/2020\/#\/schema\/person\/0c387634a7063ac612d7ed9ce71c7e86\",\"name\":\"Kisha Orthodhokse\",\"image\":{\"@type\":\"ImageObject\",\"inLanguage\":\"en-US\",\"@id\":\"https:\/\/secure.gravatar.com\/avatar\/596e7c417251e30f2fbb9c00e026fce61a695a00e51c889caded71c96cbbdde5?s=96&d=mm&r=g\",\"url\":\"https:\/\/secure.gravatar.com\/avatar\/596e7c417251e30f2fbb9c00e026fce61a695a00e51c889caded71c96cbbdde5?s=96&d=mm&r=g\",\"contentUrl\":\"https:\/\/secure.gravatar.com\/avatar\/596e7c417251e30f2fbb9c00e026fce61a695a00e51c889caded71c96cbbdde5?s=96&d=mm&r=g\",\"caption\":\"Kisha Orthodhokse\"}}]}<\/script>\n<!-- \/ Yoast SEO plugin. -->","yoast_head_json":{"title":"Kampi dim\u00ebror i vajzave. ( Shkurt 2007) - Kisha Orthodh\u03bfkse Autoqefale e Shqip\u00ebris\u00eb","robots":{"index":"index","follow":"follow","max-snippet":"max-snippet:-1","max-image-preview":"max-image-preview:large","max-video-preview":"max-video-preview:-1"},"canonical":"https:\/\/orthodoxalbania.org\/2020\/2007\/02\/26\/kampi-dimeror-i-vajzave-shkurt-07\/","og_locale":"en_US","og_type":"article","og_title":"Kampi dim\u00ebror i vajzave. ( Shkurt 2007) - Kisha Orthodh\u03bfkse Autoqefale e Shqip\u00ebris\u00eb","og_description":"&nbsp;&nbsp;&nbsp; Nga datat 16-18 shkurt 2007, n\u00eb ambientet e Qendr\u00ebs Shpirt\u00ebrore-Arsimore \u201cThavor\u201d, Tiran\u00eb, t\u00eb Kish\u00ebs son\u00eb u organizua kampi dim\u00ebror p\u00ebr vajza. Tema e k\u00ebtij kampi, e lidhur kjo edhe me periudh\u00ebn e Kreshm\u00ebs s\u00eb Madhe, ishte: \u201cKthimi tek Zoti \u2013 banket festiv \u2026\u201d. &nbsp; &nbsp;&nbsp;&nbsp; N\u00eb k\u00ebt\u00eb kamp mor\u00ebn pjes\u00eb rreth 60 vajza, p\u00ebrkat\u00ebsisht nga Tirana, Durr\u00ebsi, Sh\u00ebn Vlashi (Durr\u00ebs), Sh\u00ebn Joan Vladimiri (Elbasan),","og_url":"https:\/\/orthodoxalbania.org\/2020\/2007\/02\/26\/kampi-dimeror-i-vajzave-shkurt-07\/","og_site_name":"Kisha Orthodh\u03bfkse Autoqefale e Shqip\u00ebris\u00eb","article_publisher":"https:\/\/www.facebook.com\/koash1991","article_published_time":"2007-02-26T00:00:00+00:00","article_modified_time":"2020-04-06T20:35:40+00:00","og_image":[{"url":"https:\/\/lh6.googleusercontent.com\/-9-_bN3idHoE\/VIhO08OMlNI\/AAAAAAAAGG4\/AkgYcM-46bc\/w370-h278-no\/untitled1.jpg","type":"","width":"","height":""}],"author":"Kisha Orthodhokse","twitter_card":"summary_large_image","twitter_misc":{"Written by":"Kisha Orthodhokse","Est. reading time":"9 minutes"},"schema":{"@context":"https:\/\/schema.org","@graph":[{"@type":"Article","@id":"https:\/\/orthodoxalbania.org\/2020\/2007\/02\/26\/kampi-dimeror-i-vajzave-shkurt-07\/#article","isPartOf":{"@id":"https:\/\/orthodoxalbania.org\/2020\/2007\/02\/26\/kampi-dimeror-i-vajzave-shkurt-07\/"},"author":{"name":"Kisha Orthodhokse","@id":"https:\/\/orthodoxalbania.org\/2020\/#\/schema\/person\/0c387634a7063ac612d7ed9ce71c7e86"},"headline":"Kampi dim\u00ebror i vajzave. ( Shkurt 2007)","datePublished":"2007-02-26T00:00:00+00:00","dateModified":"2020-04-06T20:35:40+00:00","mainEntityOfPage":{"@id":"https:\/\/orthodoxalbania.org\/2020\/2007\/02\/26\/kampi-dimeror-i-vajzave-shkurt-07\/"},"wordCount":1753,"commentCount":0,"publisher":{"@id":"https:\/\/orthodoxalbania.org\/2020\/#organization"},"image":{"@id":"https:\/\/orthodoxalbania.org\/2020\/2007\/02\/26\/kampi-dimeror-i-vajzave-shkurt-07\/#primaryimage"},"thumbnailUrl":"https:\/\/lh6.googleusercontent.com\/-9-_bN3idHoE\/VIhO08OMlNI\/AAAAAAAAGG4\/AkgYcM-46bc\/w370-h278-no\/untitled1.jpg","keywords":["2007","Kryepiskopata Tiran\u00eb","lajme","Rinia Orthodhokse"],"articleSection":["Lajme"],"inLanguage":"en-US"},{"@type":"WebPage","@id":"https:\/\/orthodoxalbania.org\/2020\/2007\/02\/26\/kampi-dimeror-i-vajzave-shkurt-07\/","url":"https:\/\/orthodoxalbania.org\/2020\/2007\/02\/26\/kampi-dimeror-i-vajzave-shkurt-07\/","name":"Kampi dim\u00ebror i vajzave. ( Shkurt 2007) - Kisha Orthodh\u03bfkse Autoqefale e Shqip\u00ebris\u00eb","isPartOf":{"@id":"https:\/\/orthodoxalbania.org\/2020\/#website"},"primaryImageOfPage":{"@id":"https:\/\/orthodoxalbania.org\/2020\/2007\/02\/26\/kampi-dimeror-i-vajzave-shkurt-07\/#primaryimage"},"image":{"@id":"https:\/\/orthodoxalbania.org\/2020\/2007\/02\/26\/kampi-dimeror-i-vajzave-shkurt-07\/#primaryimage"},"thumbnailUrl":"https:\/\/lh6.googleusercontent.com\/-9-_bN3idHoE\/VIhO08OMlNI\/AAAAAAAAGG4\/AkgYcM-46bc\/w370-h278-no\/untitled1.jpg","datePublished":"2007-02-26T00:00:00+00:00","dateModified":"2020-04-06T20:35:40+00:00","breadcrumb":{"@id":"https:\/\/orthodoxalbania.org\/2020\/2007\/02\/26\/kampi-dimeror-i-vajzave-shkurt-07\/#breadcrumb"},"inLanguage":"en-US","potentialAction":[{"@type":"ReadAction","target":["https:\/\/orthodoxalbania.org\/2020\/2007\/02\/26\/kampi-dimeror-i-vajzave-shkurt-07\/"]}]},{"@type":"ImageObject","inLanguage":"en-US","@id":"https:\/\/orthodoxalbania.org\/2020\/2007\/02\/26\/kampi-dimeror-i-vajzave-shkurt-07\/#primaryimage","url":"https:\/\/lh6.googleusercontent.com\/-9-_bN3idHoE\/VIhO08OMlNI\/AAAAAAAAGG4\/AkgYcM-46bc\/w370-h278-no\/untitled1.jpg","contentUrl":"https:\/\/lh6.googleusercontent.com\/-9-_bN3idHoE\/VIhO08OMlNI\/AAAAAAAAGG4\/AkgYcM-46bc\/w370-h278-no\/untitled1.jpg"},{"@type":"BreadcrumbList","@id":"https:\/\/orthodoxalbania.org\/2020\/2007\/02\/26\/kampi-dimeror-i-vajzave-shkurt-07\/#breadcrumb","itemListElement":[{"@type":"ListItem","position":1,"name":"Home","item":"https:\/\/orthodoxalbania.org\/2020\/"},{"@type":"ListItem","position":2,"name":"Kampi dim\u00ebror i vajzave. ( Shkurt 2007)"}]},{"@type":"WebSite","@id":"https:\/\/orthodoxalbania.org\/2020\/#website","url":"https:\/\/orthodoxalbania.org\/2020\/","name":"Kisha Orthodh\u03bfkse Autoqefale e Shqip\u00ebris\u00eb","description":"Fqja Zyrtare e Kish\u00ebs Orthodhokse Autoqefale e Shqip\u00ebris\u00eb me lajmet edhe informacionet zyrtare p\u00ebr struktur\u00ebn edhe veprimtarin e saj.","publisher":{"@id":"https:\/\/orthodoxalbania.org\/2020\/#organization"},"potentialAction":[{"@type":"SearchAction","target":{"@type":"EntryPoint","urlTemplate":"https:\/\/orthodoxalbania.org\/2020\/?s={search_term_string}"},"query-input":{"@type":"PropertyValueSpecification","valueRequired":true,"valueName":"search_term_string"}}],"inLanguage":"en-US"},{"@type":"Organization","@id":"https:\/\/orthodoxalbania.org\/2020\/#organization","name":"Kisha Orthodhokse Autoqefale e Shqip\u00ebris\u00eb","url":"https:\/\/orthodoxalbania.org\/2020\/","logo":{"@type":"ImageObject","inLanguage":"en-US","@id":"https:\/\/orthodoxalbania.org\/2020\/#\/schema\/logo\/image\/","url":"https:\/\/orthodoxalbania.org\/2020\/wp-content\/uploads\/2020\/05\/albania.jpeg","contentUrl":"https:\/\/orthodoxalbania.org\/2020\/wp-content\/uploads\/2020\/05\/albania.jpeg","width":540,"height":540,"caption":"Kisha Orthodhokse Autoqefale e Shqip\u00ebris\u00eb"},"image":{"@id":"https:\/\/orthodoxalbania.org\/2020\/#\/schema\/logo\/image\/"},"sameAs":["https:\/\/www.facebook.com\/koash1991"]},{"@type":"Person","@id":"https:\/\/orthodoxalbania.org\/2020\/#\/schema\/person\/0c387634a7063ac612d7ed9ce71c7e86","name":"Kisha Orthodhokse","image":{"@type":"ImageObject","inLanguage":"en-US","@id":"https:\/\/secure.gravatar.com\/avatar\/596e7c417251e30f2fbb9c00e026fce61a695a00e51c889caded71c96cbbdde5?s=96&d=mm&r=g","url":"https:\/\/secure.gravatar.com\/avatar\/596e7c417251e30f2fbb9c00e026fce61a695a00e51c889caded71c96cbbdde5?s=96&d=mm&r=g","contentUrl":"https:\/\/secure.gravatar.com\/avatar\/596e7c417251e30f2fbb9c00e026fce61a695a00e51c889caded71c96cbbdde5?s=96&d=mm&r=g","caption":"Kisha Orthodhokse"}}]}},"_links":{"self":[{"href":"https:\/\/orthodoxalbania.org\/2020\/wp-json\/wp\/v2\/posts\/683","targetHints":{"allow":["GET"]}}],"collection":[{"href":"https:\/\/orthodoxalbania.org\/2020\/wp-json\/wp\/v2\/posts"}],"about":[{"href":"https:\/\/orthodoxalbania.org\/2020\/wp-json\/wp\/v2\/types\/post"}],"author":[{"embeddable":true,"href":"https:\/\/orthodoxalbania.org\/2020\/wp-json\/wp\/v2\/users\/1"}],"replies":[{"embeddable":true,"href":"https:\/\/orthodoxalbania.org\/2020\/wp-json\/wp\/v2\/comments?post=683"}],"version-history":[{"count":1,"href":"https:\/\/orthodoxalbania.org\/2020\/wp-json\/wp\/v2\/posts\/683\/revisions"}],"predecessor-version":[{"id":15735,"href":"https:\/\/orthodoxalbania.org\/2020\/wp-json\/wp\/v2\/posts\/683\/revisions\/15735"}],"wp:attachment":[{"href":"https:\/\/orthodoxalbania.org\/2020\/wp-json\/wp\/v2\/media?parent=683"}],"wp:term":[{"taxonomy":"category","embeddable":true,"href":"https:\/\/orthodoxalbania.org\/2020\/wp-json\/wp\/v2\/categories?post=683"},{"taxonomy":"post_tag","embeddable":true,"href":"https:\/\/orthodoxalbania.org\/2020\/wp-json\/wp\/v2\/tags?post=683"}],"curies":[{"name":"wp","href":"https:\/\/api.w.org\/{rel}","templated":true}]}}