{"id":6828,"date":"2018-08-30T09:40:22","date_gmt":"2018-08-30T09:40:22","guid":{"rendered":""},"modified":"2020-04-06T21:58:03","modified_gmt":"2020-04-06T19:58:03","slug":"u-kremtua-kujtimi-i-shen-kozmait-ne-kolkondas-dhe-ne-te-gjithe-vendin","status":"publish","type":"post","link":"https:\/\/orthodoxalbania.org\/2020\/2018\/08\/30\/u-kremtua-kujtimi-i-shen-kozmait-ne-kolkondas-dhe-ne-te-gjithe-vendin\/","title":{"rendered":"U kremtua kujtimi i Sh\u00ebn Kozmait n\u00eb Kolkondas dhe n\u00eb t\u00eb gjith\u00eb vendin"},"content":{"rendered":"<p>\n\t&nbsp;<\/p>\n<p> <\/p>\n<p>\n\t&nbsp;<\/p>\n<p style=\"text-align: center;\">\n\t<span style=\"font-size: 12pt; font-family: helvetica; color: #800000;\"><strong>N\u00eb vigjilje t\u00eb s\u00eb kremtes u ngrit nj\u00eb kryq n\u00eb vendin ku u martirizua shenjtori<\/strong><\/span><\/p>\n<p style=\"text-align: justify;\">\n\t&nbsp;<\/p>\n<p style=\"text-align: justify;\">\n\t<span style=\"font-size: 12pt; font-family: helvetica; color: #000000;\">N\u00eb dat\u00eb 24 gusht Kisha Orthodhokse kremton kujtimin e Hierod\u00ebshmorit Kozma t\u00eb Kolkondasit (t\u00eb Etolis\u00eb). Sh\u00ebn Kozmai braktisi qet\u00ebsin\u00eb e jet\u00ebs n\u00eb Manastir, p\u00ebr t\u00eb ofruar drit\u00eb n\u00eb kandilin e besimit Orthodhoks q\u00eb po fikej n\u00eb k\u00ebto treva n\u00ebn hijen e err\u00ebsir\u00ebs otomane. Kjo dat\u00eb e sh\u00ebnuar u kremtua me sh\u00ebrbesat p\u00ebrkat\u00ebse n\u00eb kishat e Kryepiskopat\u00ebs s\u00eb Hirshme dhe n\u00eb t\u00eb gjitha Mitropolit\u00eb.<\/span><\/p>\n<p style=\"text-align: justify;\">\n\t<span style=\"font-size: 12pt; font-family: helvetica; color: #000000;\">Vigjilja e s\u00eb kremtes, t\u00eb enjten, 23 gusht 2018, ishte mjaft e ve\u00e7ant\u00eb. Mbr\u00ebm\u00ebsorja u krye n\u00eb bregun e lumit Seman, af\u00ebr fshatit Mujalli, aty ku m\u00eb 24 gusht 1779 u martirizua me varje Sh\u00ebn Kozmai. Ajo u parapri nga ngritja e nj\u00eb kryqi t\u00eb madh prej druri p\u00ebr t\u00eb p\u00ebrkujtuar k\u00ebt\u00eb martirizim. Bashk\u00eb me dhjet\u00ebra besimtar\u00eb, kryesisht t\u00eb rinj, n\u00eb sh\u00ebrbes\u00eb dhe n\u00eb ngritjen e kryqit mori pjes\u00eb edhe Kryepiskopi i Tiran\u00ebs, Durr\u00ebsit dhe i Gjith\u00eb Shqip\u00ebris\u00eb, Anastasi, Mitropoliti i Apollonis\u00eb dhe Fierit, Nikolla, dhe klerik\u00eb t\u00eb k\u00ebsaj mitropolie. N\u00eb fund, Kryepiskopi iu foli t\u00eb pranishm\u00ebve p\u00ebr r\u00ebnd\u00ebsin\u00eb e vepr\u00ebs s\u00eb shenjtorit dhe mesazhet q\u00eb ajo na p\u00ebrcjell.<\/span><\/p>\n<p style=\"text-align: justify;\">\n\t<span style=\"font-size: 12pt; font-family: helvetica; color: #000000;\">Mjediset e Manastirit t\u00eb Sh\u00ebn Kozmait ishin mbushur plot e p\u00ebrplot me besimtar\u00eb q\u00eb n\u00eb mbr\u00ebmjen e dat\u00ebs 23. Ata vinin nga zona e Myzeqes\u00eb, ku nderimi p\u00ebr k\u00ebt\u00eb martir \u00ebsht\u00eb shum\u00eb i ndier, por edhe nga zona t\u00eb tjera t\u00eb vendit ton\u00eb, si edhe nga jasht\u00eb.<\/span><\/p>\n<p style=\"text-align: justify;\">\n\t<span style=\"font-size: 12pt; font-family: helvetica; color: #000000;\">T\u00eb premten, Liturgjia Hyjnore panegjirike u krye nga Kryepiskopi i Tiran\u00ebs, Durr\u00ebsit dhe i Gjith\u00eb Ship\u00ebris\u00eb, Anastasi, bashk\u00eb me Mitropolitin e Beratit, Ignatin; t\u00eb Fierit dhe Apollonis\u00eb, Nikoll\u00ebn; t\u00eb Elbasanit, Andonin, dhe t\u00eb Amantias, Nathanailin. P\u00ebr t\u00eb kremten dhe jet\u00ebn e shenjtorit foli arkimandriti Kozma Prifti.<\/span><\/p>\n<p style=\"text-align: justify;\">\n\t<span style=\"font-size: 12pt; font-family: helvetica; color: #000000;\">Pas Liturgjis\u00eb Hyjnore vijoi Litania e lipsanit t\u00eb hirsh\u00ebm t\u00eb Sh\u00ebn Kozmait dhe ikon\u00ebs s\u00eb tij t\u00eb nderuar, nd\u00ebrsa besimtar\u00ebt pat\u00ebn p\u00ebrs\u00ebri mund\u00ebsin\u00eb t\u2019i faleshin lipsanit t\u00eb nderuar.<\/span><\/p>\n<p style=\"text-align: justify;\">\n\t<span style=\"font-size: 12pt; font-family: helvetica; color: #000000;\">N\u00eb nderim t\u00eb kujtimit t\u00eb Shenjtorit Kozma nga Etolia, aq t\u00eb njohur dhe t\u00eb dashur p\u00ebr popullin besimtar, Kryepiskopi Anastas ka realizuar q\u00eb her\u00ebt vepr\u00ebn e rind\u00ebrtimit t\u00eb plot\u00eb t\u00eb k\u00ebtij Manastiri dhe restaurimin e kish\u00ebs.<\/span><\/p>\n<p>\n\t&nbsp;<\/p>\n<p style=\"text-align: right;\">\n\t<span style=\"font-size: 12pt; font-family: helvetica; color: #000000;\"><em>Korreps. i \u201cNgjallja\u201d<\/em><\/span><\/p>\n<p style=\"text-align: right;\">\n\t&nbsp;<\/p>\n<p style=\"text-align: center;\">\n\t&nbsp;<\/p>\n<p style=\"text-align: center;\">\n\t<iframe allow=\"autoplay; encrypted-media\" allowfullscreen=\"\" frameborder=\"0\" height=\"315\" src=\"https:\/\/www.youtube.com\/embed\/6j22JkJqh2A?rel=0\" width=\"560\"><\/iframe><\/p>\n<p style=\"text-align: center;\">\n\t<a data-flickr-embed=\"true\" data-footer=\"true\" data-header=\"true\" href=\"https:\/\/www.flickr.com\/photos\/157448745@N08\/albums\/72157700465614964\" title=\"U kremtua kujtimi i Sh\u00ebn Kozmait n\u00eb Kolkondas dhe n\u00eb t\u00eb gjith\u00eb vendin\"><img class=\"lazyload\" decoding=\"async\" alt=\"U kremtua kujtimi i Sh\u00ebn Kozmait n\u00eb Kolkondas dhe n\u00eb t\u00eb gjith\u00eb vendin\" height=\"333\" src=\"data:image\/svg+xml,%3Csvg%20xmlns%3D%27http%3A%2F%2Fwww.w3.org%2F2000%2Fsvg%27%20width%3D%27500%27%20height%3D%27333%27%20viewBox%3D%270%200%20500%20333%27%3E%3Crect%20width%3D%27500%27%20height%3D%27333%27%20fill-opacity%3D%220%22%2F%3E%3C%2Fsvg%3E\" data-orig-src=\"https:\/\/farm2.staticflickr.com\/1879\/44312447352_15bef781c9.jpg\" width=\"500\" \/><\/a><script async=\"\" src=\"\/\/embedr.flickr.com\/assets\/client-code.js\" charset=\"utf-8\"><\/script><\/p>\n","protected":false},"excerpt":{"rendered":"<p>&nbsp; &nbsp; N\u00eb vigjilje t\u00eb s\u00eb kremtes u ngrit nj\u00eb kryq n\u00eb vendin ku u martirizua shenjtori &nbsp; N\u00eb dat\u00eb 24 gusht Kisha Orthodhokse kremton kujtimin e Hierod\u00ebshmorit Kozma t\u00eb Kolkondasit (t\u00eb Etolis\u00eb). Sh\u00ebn Kozmai braktisi qet\u00ebsin\u00eb e jet\u00ebs n\u00eb Manastir, p\u00ebr t\u00eb ofruar drit\u00eb n\u00eb kandilin e besimit Orthodhoks q\u00eb po fikej n\u00eb k\u00ebto treva n\u00ebn hijen e err\u00ebsir\u00ebs otomane. Kjo dat\u00eb e sh\u00ebnuar<\/p>\n","protected":false},"author":1,"featured_media":6829,"comment_status":"open","ping_status":"open","sticky":false,"template":"","format":"standard","meta":{"_acf_changed":false,"pagelayer_contact_templates":[],"_pagelayer_content":"","inline_featured_image":false,"fifu_image_url":"","fifu_image_alt":"","footnotes":""},"categories":[108],"tags":[220,196,201,212,197,206,207],"class_list":["post-6828","post","type-post","status-publish","format-standard","has-post-thumbnail","hentry","category-lajme","tag-220","tag-tirane","tag-kryepiskopi-anastas","tag-lajme-d27","tag-berat","tag-mitropolia-e-apollonise-dhe-e-fierit","tag-mitropolia-e-elbasanit-shpatit-dhe-librazhdit"],"acf":[],"yoast_head":"<!-- This site is optimized with the Yoast SEO plugin v27.2 - https:\/\/yoast.com\/product\/yoast-seo-wordpress\/ -->\n<title>U kremtua kujtimi i Sh\u00ebn Kozmait n\u00eb Kolkondas dhe n\u00eb t\u00eb gjith\u00eb vendin - Kisha Orthodh\u03bfkse Autoqefale e Shqip\u00ebris\u00eb<\/title>\n<meta name=\"robots\" content=\"index, follow, max-snippet:-1, max-image-preview:large, max-video-preview:-1\" \/>\n<link rel=\"canonical\" href=\"https:\/\/orthodoxalbania.org\/2020\/2018\/08\/30\/u-kremtua-kujtimi-i-shen-kozmait-ne-kolkondas-dhe-ne-te-gjithe-vendin\/\" \/>\n<meta property=\"og:locale\" content=\"en_US\" \/>\n<meta property=\"og:type\" content=\"article\" \/>\n<meta property=\"og:title\" content=\"U kremtua kujtimi i Sh\u00ebn Kozmait n\u00eb Kolkondas dhe n\u00eb t\u00eb gjith\u00eb vendin - Kisha Orthodh\u03bfkse Autoqefale e Shqip\u00ebris\u00eb\" \/>\n<meta property=\"og:description\" content=\"&nbsp; &nbsp; N\u00eb vigjilje t\u00eb s\u00eb kremtes u ngrit nj\u00eb kryq n\u00eb vendin ku u martirizua shenjtori &nbsp; N\u00eb dat\u00eb 24 gusht Kisha Orthodhokse kremton kujtimin e Hierod\u00ebshmorit Kozma t\u00eb Kolkondasit (t\u00eb Etolis\u00eb). Sh\u00ebn Kozmai braktisi qet\u00ebsin\u00eb e jet\u00ebs n\u00eb Manastir, p\u00ebr t\u00eb ofruar drit\u00eb n\u00eb kandilin e besimit Orthodhoks q\u00eb po fikej n\u00eb k\u00ebto treva n\u00ebn hijen e err\u00ebsir\u00ebs otomane. Kjo dat\u00eb e sh\u00ebnuar\" \/>\n<meta property=\"og:url\" content=\"https:\/\/orthodoxalbania.org\/2020\/2018\/08\/30\/u-kremtua-kujtimi-i-shen-kozmait-ne-kolkondas-dhe-ne-te-gjithe-vendin\/\" \/>\n<meta property=\"og:site_name\" content=\"Kisha Orthodh\u03bfkse Autoqefale e Shqip\u00ebris\u00eb\" \/>\n<meta property=\"article:publisher\" content=\"https:\/\/www.facebook.com\/koash1991\" \/>\n<meta property=\"article:published_time\" content=\"2018-08-30T09:40:22+00:00\" \/>\n<meta property=\"article:modified_time\" content=\"2020-04-06T19:58:03+00:00\" \/>\n<meta property=\"og:image\" content=\"https:\/\/orthodoxalbania.org\/2020\/wp-content\/uploads\/2020\/04\/shenkozmakop-scaled.jpg\" \/>\n\t<meta property=\"og:image:width\" content=\"2560\" \/>\n\t<meta property=\"og:image:height\" content=\"1707\" \/>\n\t<meta property=\"og:image:type\" content=\"image\/jpeg\" \/>\n<meta name=\"author\" content=\"Kisha Orthodhokse\" \/>\n<meta name=\"twitter:card\" content=\"summary_large_image\" \/>\n<meta name=\"twitter:label1\" content=\"Written by\" \/>\n\t<meta name=\"twitter:data1\" content=\"Kisha Orthodhokse\" \/>\n\t<meta name=\"twitter:label2\" content=\"Est. reading time\" \/>\n\t<meta name=\"twitter:data2\" content=\"2 minutes\" \/>\n<script type=\"application\/ld+json\" class=\"yoast-schema-graph\">{\"@context\":\"https:\/\/schema.org\",\"@graph\":[{\"@type\":\"Article\",\"@id\":\"https:\/\/orthodoxalbania.org\/2020\/2018\/08\/30\/u-kremtua-kujtimi-i-shen-kozmait-ne-kolkondas-dhe-ne-te-gjithe-vendin\/#article\",\"isPartOf\":{\"@id\":\"https:\/\/orthodoxalbania.org\/2020\/2018\/08\/30\/u-kremtua-kujtimi-i-shen-kozmait-ne-kolkondas-dhe-ne-te-gjithe-vendin\/\"},\"author\":{\"name\":\"Kisha Orthodhokse\",\"@id\":\"https:\/\/orthodoxalbania.org\/2020\/#\/schema\/person\/0c387634a7063ac612d7ed9ce71c7e86\"},\"headline\":\"U kremtua kujtimi i Sh\u00ebn Kozmait n\u00eb Kolkondas dhe n\u00eb t\u00eb gjith\u00eb vendin\",\"datePublished\":\"2018-08-30T09:40:22+00:00\",\"dateModified\":\"2020-04-06T19:58:03+00:00\",\"mainEntityOfPage\":{\"@id\":\"https:\/\/orthodoxalbania.org\/2020\/2018\/08\/30\/u-kremtua-kujtimi-i-shen-kozmait-ne-kolkondas-dhe-ne-te-gjithe-vendin\/\"},\"wordCount\":423,\"commentCount\":0,\"publisher\":{\"@id\":\"https:\/\/orthodoxalbania.org\/2020\/#organization\"},\"image\":{\"@id\":\"https:\/\/orthodoxalbania.org\/2020\/2018\/08\/30\/u-kremtua-kujtimi-i-shen-kozmait-ne-kolkondas-dhe-ne-te-gjithe-vendin\/#primaryimage\"},\"thumbnailUrl\":\"https:\/\/orthodoxalbania.org\/2020\/wp-content\/uploads\/2020\/04\/shenkozmakop-scaled.jpg\",\"keywords\":[\"2018\",\"Kryepiskopata Tiran\u00eb\",\"Kryepiskopi Anastas\",\"lajme\",\"Mitropolia Berat\",\"Mitropolia e Apollonis\u00eb dhe Fierit\",\"Mitropolia e Elbasanit, Shpatit dhe Librazhdit\"],\"articleSection\":[\"Lajme\"],\"inLanguage\":\"en-US\"},{\"@type\":\"WebPage\",\"@id\":\"https:\/\/orthodoxalbania.org\/2020\/2018\/08\/30\/u-kremtua-kujtimi-i-shen-kozmait-ne-kolkondas-dhe-ne-te-gjithe-vendin\/\",\"url\":\"https:\/\/orthodoxalbania.org\/2020\/2018\/08\/30\/u-kremtua-kujtimi-i-shen-kozmait-ne-kolkondas-dhe-ne-te-gjithe-vendin\/\",\"name\":\"U kremtua kujtimi i Sh\u00ebn Kozmait n\u00eb Kolkondas dhe n\u00eb t\u00eb gjith\u00eb vendin - Kisha Orthodh\u03bfkse Autoqefale e Shqip\u00ebris\u00eb\",\"isPartOf\":{\"@id\":\"https:\/\/orthodoxalbania.org\/2020\/#website\"},\"primaryImageOfPage\":{\"@id\":\"https:\/\/orthodoxalbania.org\/2020\/2018\/08\/30\/u-kremtua-kujtimi-i-shen-kozmait-ne-kolkondas-dhe-ne-te-gjithe-vendin\/#primaryimage\"},\"image\":{\"@id\":\"https:\/\/orthodoxalbania.org\/2020\/2018\/08\/30\/u-kremtua-kujtimi-i-shen-kozmait-ne-kolkondas-dhe-ne-te-gjithe-vendin\/#primaryimage\"},\"thumbnailUrl\":\"https:\/\/orthodoxalbania.org\/2020\/wp-content\/uploads\/2020\/04\/shenkozmakop-scaled.jpg\",\"datePublished\":\"2018-08-30T09:40:22+00:00\",\"dateModified\":\"2020-04-06T19:58:03+00:00\",\"breadcrumb\":{\"@id\":\"https:\/\/orthodoxalbania.org\/2020\/2018\/08\/30\/u-kremtua-kujtimi-i-shen-kozmait-ne-kolkondas-dhe-ne-te-gjithe-vendin\/#breadcrumb\"},\"inLanguage\":\"en-US\",\"potentialAction\":[{\"@type\":\"ReadAction\",\"target\":[\"https:\/\/orthodoxalbania.org\/2020\/2018\/08\/30\/u-kremtua-kujtimi-i-shen-kozmait-ne-kolkondas-dhe-ne-te-gjithe-vendin\/\"]}]},{\"@type\":\"ImageObject\",\"inLanguage\":\"en-US\",\"@id\":\"https:\/\/orthodoxalbania.org\/2020\/2018\/08\/30\/u-kremtua-kujtimi-i-shen-kozmait-ne-kolkondas-dhe-ne-te-gjithe-vendin\/#primaryimage\",\"url\":\"https:\/\/orthodoxalbania.org\/2020\/wp-content\/uploads\/2020\/04\/shenkozmakop-scaled.jpg\",\"contentUrl\":\"https:\/\/orthodoxalbania.org\/2020\/wp-content\/uploads\/2020\/04\/shenkozmakop-scaled.jpg\",\"width\":2560,\"height\":1707},{\"@type\":\"BreadcrumbList\",\"@id\":\"https:\/\/orthodoxalbania.org\/2020\/2018\/08\/30\/u-kremtua-kujtimi-i-shen-kozmait-ne-kolkondas-dhe-ne-te-gjithe-vendin\/#breadcrumb\",\"itemListElement\":[{\"@type\":\"ListItem\",\"position\":1,\"name\":\"Home\",\"item\":\"https:\/\/orthodoxalbania.org\/2020\/\"},{\"@type\":\"ListItem\",\"position\":2,\"name\":\"U kremtua kujtimi i Sh\u00ebn Kozmait n\u00eb Kolkondas dhe n\u00eb t\u00eb gjith\u00eb vendin\"}]},{\"@type\":\"WebSite\",\"@id\":\"https:\/\/orthodoxalbania.org\/2020\/#website\",\"url\":\"https:\/\/orthodoxalbania.org\/2020\/\",\"name\":\"Kisha Orthodh\u03bfkse Autoqefale e Shqip\u00ebris\u00eb\",\"description\":\"Fqja Zyrtare e Kish\u00ebs Orthodhokse Autoqefale e Shqip\u00ebris\u00eb me lajmet edhe informacionet zyrtare p\u00ebr struktur\u00ebn edhe veprimtarin e saj.\",\"publisher\":{\"@id\":\"https:\/\/orthodoxalbania.org\/2020\/#organization\"},\"potentialAction\":[{\"@type\":\"SearchAction\",\"target\":{\"@type\":\"EntryPoint\",\"urlTemplate\":\"https:\/\/orthodoxalbania.org\/2020\/?s={search_term_string}\"},\"query-input\":{\"@type\":\"PropertyValueSpecification\",\"valueRequired\":true,\"valueName\":\"search_term_string\"}}],\"inLanguage\":\"en-US\"},{\"@type\":\"Organization\",\"@id\":\"https:\/\/orthodoxalbania.org\/2020\/#organization\",\"name\":\"Kisha Orthodhokse Autoqefale e Shqip\u00ebris\u00eb\",\"url\":\"https:\/\/orthodoxalbania.org\/2020\/\",\"logo\":{\"@type\":\"ImageObject\",\"inLanguage\":\"en-US\",\"@id\":\"https:\/\/orthodoxalbania.org\/2020\/#\/schema\/logo\/image\/\",\"url\":\"https:\/\/orthodoxalbania.org\/2020\/wp-content\/uploads\/2020\/05\/albania.jpeg\",\"contentUrl\":\"https:\/\/orthodoxalbania.org\/2020\/wp-content\/uploads\/2020\/05\/albania.jpeg\",\"width\":540,\"height\":540,\"caption\":\"Kisha Orthodhokse Autoqefale e Shqip\u00ebris\u00eb\"},\"image\":{\"@id\":\"https:\/\/orthodoxalbania.org\/2020\/#\/schema\/logo\/image\/\"},\"sameAs\":[\"https:\/\/www.facebook.com\/koash1991\"]},{\"@type\":\"Person\",\"@id\":\"https:\/\/orthodoxalbania.org\/2020\/#\/schema\/person\/0c387634a7063ac612d7ed9ce71c7e86\",\"name\":\"Kisha Orthodhokse\",\"image\":{\"@type\":\"ImageObject\",\"inLanguage\":\"en-US\",\"@id\":\"https:\/\/secure.gravatar.com\/avatar\/596e7c417251e30f2fbb9c00e026fce61a695a00e51c889caded71c96cbbdde5?s=96&d=mm&r=g\",\"url\":\"https:\/\/secure.gravatar.com\/avatar\/596e7c417251e30f2fbb9c00e026fce61a695a00e51c889caded71c96cbbdde5?s=96&d=mm&r=g\",\"contentUrl\":\"https:\/\/secure.gravatar.com\/avatar\/596e7c417251e30f2fbb9c00e026fce61a695a00e51c889caded71c96cbbdde5?s=96&d=mm&r=g\",\"caption\":\"Kisha Orthodhokse\"}}]}<\/script>\n<!-- \/ Yoast SEO plugin. -->","yoast_head_json":{"title":"U kremtua kujtimi i Sh\u00ebn Kozmait n\u00eb Kolkondas dhe n\u00eb t\u00eb gjith\u00eb vendin - Kisha Orthodh\u03bfkse Autoqefale e Shqip\u00ebris\u00eb","robots":{"index":"index","follow":"follow","max-snippet":"max-snippet:-1","max-image-preview":"max-image-preview:large","max-video-preview":"max-video-preview:-1"},"canonical":"https:\/\/orthodoxalbania.org\/2020\/2018\/08\/30\/u-kremtua-kujtimi-i-shen-kozmait-ne-kolkondas-dhe-ne-te-gjithe-vendin\/","og_locale":"en_US","og_type":"article","og_title":"U kremtua kujtimi i Sh\u00ebn Kozmait n\u00eb Kolkondas dhe n\u00eb t\u00eb gjith\u00eb vendin - Kisha Orthodh\u03bfkse Autoqefale e Shqip\u00ebris\u00eb","og_description":"&nbsp; &nbsp; N\u00eb vigjilje t\u00eb s\u00eb kremtes u ngrit nj\u00eb kryq n\u00eb vendin ku u martirizua shenjtori &nbsp; N\u00eb dat\u00eb 24 gusht Kisha Orthodhokse kremton kujtimin e Hierod\u00ebshmorit Kozma t\u00eb Kolkondasit (t\u00eb Etolis\u00eb). Sh\u00ebn Kozmai braktisi qet\u00ebsin\u00eb e jet\u00ebs n\u00eb Manastir, p\u00ebr t\u00eb ofruar drit\u00eb n\u00eb kandilin e besimit Orthodhoks q\u00eb po fikej n\u00eb k\u00ebto treva n\u00ebn hijen e err\u00ebsir\u00ebs otomane. Kjo dat\u00eb e sh\u00ebnuar","og_url":"https:\/\/orthodoxalbania.org\/2020\/2018\/08\/30\/u-kremtua-kujtimi-i-shen-kozmait-ne-kolkondas-dhe-ne-te-gjithe-vendin\/","og_site_name":"Kisha Orthodh\u03bfkse Autoqefale e Shqip\u00ebris\u00eb","article_publisher":"https:\/\/www.facebook.com\/koash1991","article_published_time":"2018-08-30T09:40:22+00:00","article_modified_time":"2020-04-06T19:58:03+00:00","og_image":[{"width":2560,"height":1707,"url":"https:\/\/orthodoxalbania.org\/2020\/wp-content\/uploads\/2020\/04\/shenkozmakop-scaled.jpg","type":"image\/jpeg"}],"author":"Kisha Orthodhokse","twitter_card":"summary_large_image","twitter_misc":{"Written by":"Kisha Orthodhokse","Est. reading time":"2 minutes"},"schema":{"@context":"https:\/\/schema.org","@graph":[{"@type":"Article","@id":"https:\/\/orthodoxalbania.org\/2020\/2018\/08\/30\/u-kremtua-kujtimi-i-shen-kozmait-ne-kolkondas-dhe-ne-te-gjithe-vendin\/#article","isPartOf":{"@id":"https:\/\/orthodoxalbania.org\/2020\/2018\/08\/30\/u-kremtua-kujtimi-i-shen-kozmait-ne-kolkondas-dhe-ne-te-gjithe-vendin\/"},"author":{"name":"Kisha Orthodhokse","@id":"https:\/\/orthodoxalbania.org\/2020\/#\/schema\/person\/0c387634a7063ac612d7ed9ce71c7e86"},"headline":"U kremtua kujtimi i Sh\u00ebn Kozmait n\u00eb Kolkondas dhe n\u00eb t\u00eb gjith\u00eb vendin","datePublished":"2018-08-30T09:40:22+00:00","dateModified":"2020-04-06T19:58:03+00:00","mainEntityOfPage":{"@id":"https:\/\/orthodoxalbania.org\/2020\/2018\/08\/30\/u-kremtua-kujtimi-i-shen-kozmait-ne-kolkondas-dhe-ne-te-gjithe-vendin\/"},"wordCount":423,"commentCount":0,"publisher":{"@id":"https:\/\/orthodoxalbania.org\/2020\/#organization"},"image":{"@id":"https:\/\/orthodoxalbania.org\/2020\/2018\/08\/30\/u-kremtua-kujtimi-i-shen-kozmait-ne-kolkondas-dhe-ne-te-gjithe-vendin\/#primaryimage"},"thumbnailUrl":"https:\/\/orthodoxalbania.org\/2020\/wp-content\/uploads\/2020\/04\/shenkozmakop-scaled.jpg","keywords":["2018","Kryepiskopata Tiran\u00eb","Kryepiskopi Anastas","lajme","Mitropolia Berat","Mitropolia e Apollonis\u00eb dhe Fierit","Mitropolia e Elbasanit, Shpatit dhe Librazhdit"],"articleSection":["Lajme"],"inLanguage":"en-US"},{"@type":"WebPage","@id":"https:\/\/orthodoxalbania.org\/2020\/2018\/08\/30\/u-kremtua-kujtimi-i-shen-kozmait-ne-kolkondas-dhe-ne-te-gjithe-vendin\/","url":"https:\/\/orthodoxalbania.org\/2020\/2018\/08\/30\/u-kremtua-kujtimi-i-shen-kozmait-ne-kolkondas-dhe-ne-te-gjithe-vendin\/","name":"U kremtua kujtimi i Sh\u00ebn Kozmait n\u00eb Kolkondas dhe n\u00eb t\u00eb gjith\u00eb vendin - Kisha Orthodh\u03bfkse Autoqefale e Shqip\u00ebris\u00eb","isPartOf":{"@id":"https:\/\/orthodoxalbania.org\/2020\/#website"},"primaryImageOfPage":{"@id":"https:\/\/orthodoxalbania.org\/2020\/2018\/08\/30\/u-kremtua-kujtimi-i-shen-kozmait-ne-kolkondas-dhe-ne-te-gjithe-vendin\/#primaryimage"},"image":{"@id":"https:\/\/orthodoxalbania.org\/2020\/2018\/08\/30\/u-kremtua-kujtimi-i-shen-kozmait-ne-kolkondas-dhe-ne-te-gjithe-vendin\/#primaryimage"},"thumbnailUrl":"https:\/\/orthodoxalbania.org\/2020\/wp-content\/uploads\/2020\/04\/shenkozmakop-scaled.jpg","datePublished":"2018-08-30T09:40:22+00:00","dateModified":"2020-04-06T19:58:03+00:00","breadcrumb":{"@id":"https:\/\/orthodoxalbania.org\/2020\/2018\/08\/30\/u-kremtua-kujtimi-i-shen-kozmait-ne-kolkondas-dhe-ne-te-gjithe-vendin\/#breadcrumb"},"inLanguage":"en-US","potentialAction":[{"@type":"ReadAction","target":["https:\/\/orthodoxalbania.org\/2020\/2018\/08\/30\/u-kremtua-kujtimi-i-shen-kozmait-ne-kolkondas-dhe-ne-te-gjithe-vendin\/"]}]},{"@type":"ImageObject","inLanguage":"en-US","@id":"https:\/\/orthodoxalbania.org\/2020\/2018\/08\/30\/u-kremtua-kujtimi-i-shen-kozmait-ne-kolkondas-dhe-ne-te-gjithe-vendin\/#primaryimage","url":"https:\/\/orthodoxalbania.org\/2020\/wp-content\/uploads\/2020\/04\/shenkozmakop-scaled.jpg","contentUrl":"https:\/\/orthodoxalbania.org\/2020\/wp-content\/uploads\/2020\/04\/shenkozmakop-scaled.jpg","width":2560,"height":1707},{"@type":"BreadcrumbList","@id":"https:\/\/orthodoxalbania.org\/2020\/2018\/08\/30\/u-kremtua-kujtimi-i-shen-kozmait-ne-kolkondas-dhe-ne-te-gjithe-vendin\/#breadcrumb","itemListElement":[{"@type":"ListItem","position":1,"name":"Home","item":"https:\/\/orthodoxalbania.org\/2020\/"},{"@type":"ListItem","position":2,"name":"U kremtua kujtimi i Sh\u00ebn Kozmait n\u00eb Kolkondas dhe n\u00eb t\u00eb gjith\u00eb vendin"}]},{"@type":"WebSite","@id":"https:\/\/orthodoxalbania.org\/2020\/#website","url":"https:\/\/orthodoxalbania.org\/2020\/","name":"Kisha Orthodh\u03bfkse Autoqefale e Shqip\u00ebris\u00eb","description":"Fqja Zyrtare e Kish\u00ebs Orthodhokse Autoqefale e Shqip\u00ebris\u00eb me lajmet edhe informacionet zyrtare p\u00ebr struktur\u00ebn edhe veprimtarin e saj.","publisher":{"@id":"https:\/\/orthodoxalbania.org\/2020\/#organization"},"potentialAction":[{"@type":"SearchAction","target":{"@type":"EntryPoint","urlTemplate":"https:\/\/orthodoxalbania.org\/2020\/?s={search_term_string}"},"query-input":{"@type":"PropertyValueSpecification","valueRequired":true,"valueName":"search_term_string"}}],"inLanguage":"en-US"},{"@type":"Organization","@id":"https:\/\/orthodoxalbania.org\/2020\/#organization","name":"Kisha Orthodhokse Autoqefale e Shqip\u00ebris\u00eb","url":"https:\/\/orthodoxalbania.org\/2020\/","logo":{"@type":"ImageObject","inLanguage":"en-US","@id":"https:\/\/orthodoxalbania.org\/2020\/#\/schema\/logo\/image\/","url":"https:\/\/orthodoxalbania.org\/2020\/wp-content\/uploads\/2020\/05\/albania.jpeg","contentUrl":"https:\/\/orthodoxalbania.org\/2020\/wp-content\/uploads\/2020\/05\/albania.jpeg","width":540,"height":540,"caption":"Kisha Orthodhokse Autoqefale e Shqip\u00ebris\u00eb"},"image":{"@id":"https:\/\/orthodoxalbania.org\/2020\/#\/schema\/logo\/image\/"},"sameAs":["https:\/\/www.facebook.com\/koash1991"]},{"@type":"Person","@id":"https:\/\/orthodoxalbania.org\/2020\/#\/schema\/person\/0c387634a7063ac612d7ed9ce71c7e86","name":"Kisha Orthodhokse","image":{"@type":"ImageObject","inLanguage":"en-US","@id":"https:\/\/secure.gravatar.com\/avatar\/596e7c417251e30f2fbb9c00e026fce61a695a00e51c889caded71c96cbbdde5?s=96&d=mm&r=g","url":"https:\/\/secure.gravatar.com\/avatar\/596e7c417251e30f2fbb9c00e026fce61a695a00e51c889caded71c96cbbdde5?s=96&d=mm&r=g","contentUrl":"https:\/\/secure.gravatar.com\/avatar\/596e7c417251e30f2fbb9c00e026fce61a695a00e51c889caded71c96cbbdde5?s=96&d=mm&r=g","caption":"Kisha Orthodhokse"}}]}},"_links":{"self":[{"href":"https:\/\/orthodoxalbania.org\/2020\/wp-json\/wp\/v2\/posts\/6828","targetHints":{"allow":["GET"]}}],"collection":[{"href":"https:\/\/orthodoxalbania.org\/2020\/wp-json\/wp\/v2\/posts"}],"about":[{"href":"https:\/\/orthodoxalbania.org\/2020\/wp-json\/wp\/v2\/types\/post"}],"author":[{"embeddable":true,"href":"https:\/\/orthodoxalbania.org\/2020\/wp-json\/wp\/v2\/users\/1"}],"replies":[{"embeddable":true,"href":"https:\/\/orthodoxalbania.org\/2020\/wp-json\/wp\/v2\/comments?post=6828"}],"version-history":[{"count":1,"href":"https:\/\/orthodoxalbania.org\/2020\/wp-json\/wp\/v2\/posts\/6828\/revisions"}],"predecessor-version":[{"id":14750,"href":"https:\/\/orthodoxalbania.org\/2020\/wp-json\/wp\/v2\/posts\/6828\/revisions\/14750"}],"wp:featuredmedia":[{"embeddable":true,"href":"https:\/\/orthodoxalbania.org\/2020\/wp-json\/wp\/v2\/media\/6829"}],"wp:attachment":[{"href":"https:\/\/orthodoxalbania.org\/2020\/wp-json\/wp\/v2\/media?parent=6828"}],"wp:term":[{"taxonomy":"category","embeddable":true,"href":"https:\/\/orthodoxalbania.org\/2020\/wp-json\/wp\/v2\/categories?post=6828"},{"taxonomy":"post_tag","embeddable":true,"href":"https:\/\/orthodoxalbania.org\/2020\/wp-json\/wp\/v2\/tags?post=6828"}],"curies":[{"name":"wp","href":"https:\/\/api.w.org\/{rel}","templated":true}]}}