{"id":6826,"date":"2018-08-20T09:22:00","date_gmt":"2018-08-20T09:22:00","guid":{"rendered":""},"modified":"2020-04-06T21:58:04","modified_gmt":"2020-04-06T19:58:04","slug":"u-kremtua-masivisht-ne-gjithe-vendin-fjetja-e-hyjlindeses","status":"publish","type":"post","link":"https:\/\/orthodoxalbania.org\/2020\/2018\/08\/20\/u-kremtua-masivisht-ne-gjithe-vendin-fjetja-e-hyjlindeses\/","title":{"rendered":"U kremtua masivisht n\u00eb gjith\u00eb vendin  \u201cFjetja e Hyjlind\u00ebses\u201d"},"content":{"rendered":"<p style=\"text-align: justify;\">\n\t&nbsp;<\/p>\n<p> <\/p>\n<p>\n\t&nbsp;<\/p>\n<p style=\"text-align: center;\">\n\t<span style=\"font-size: 12pt; font-family: helvetica; color: #000000;\"><span style=\"color: #800000;\"><strong>\u201cFjetja e Hyjlind\u00ebses\u201d<\/strong><\/span><\/span><\/p>\n<p style=\"text-align: justify;\">\n\t&nbsp;<\/p>\n<p style=\"text-align: justify;\">\n\t<span style=\"color: #000000; font-size: 12pt; font-family: helvetica;\">E kremtja e madhe e Fjetjes s\u00eb Hyjlind\u00ebses kremtohet n\u00eb 15 gusht, e paraprir\u00eb nga dy jav\u00eb agj\u00ebrimi kreshmor. P\u00ebr mbar\u00eb bot\u00ebn e krishtere figura e N\u00ebn\u00ebs s\u00eb Zotit lidhet n\u00eb m\u00ebnyr\u00eb t\u00eb pap\u00ebrs\u00ebritshme dhe hyjnore me Shp\u00ebtimtarin e fisit njer\u00ebzor \u2013 Jisu Krisht. Me nj\u00eb dashuri t\u00eb \u00e7ilt\u00ebr dhe t\u00eb pafundme Hyjlind\u00ebsja mbron t\u00eb gjith\u00eb dhe p\u00ebrkrah \u00e7do vep\u00ebr t\u00eb mir\u00eb njer\u00ebzore. Hyjlind\u00ebsja konsiderohet mbrojt\u00ebse e t\u00eb gjith\u00eb njer\u00ebzve para Zotit p\u00ebr gabimet e vullnetshme dhe t\u00eb pavullnetshme. Q\u00eb nga \u00e7asti i Fjetjes, Sh\u00ebn M\u00ebria q\u00ebndron nga e djathta e birit \u2013 Jisu Krisht, dhe me lutjet e saj prej n\u00ebne mbron mbar\u00eb bot\u00ebn e krishtere. Ajo u sjell g\u00ebzim dhe qet\u00ebsim t\u00eb gjith\u00eb njer\u00ebzve t\u00eb vuajtur dhe t\u00eb mjeruar.<\/span><\/p>\n<p style=\"text-align: justify;\">\n\t<span style=\"color: #000000; font-size: 12pt; font-family: helvetica;\">Dita e Fjetjes s\u00eb saj \u2013 15 gusht, konsiderohet nj\u00eb nga t\u00eb kremtet m\u00eb t\u00eb m\u00ebdha dhe m\u00eb t\u00eb ndritshme t\u00eb krishtera. \u00c7do vit kishat dhe manastiret q\u00eb mbajn\u00eb emrin e saj mbushen me mij\u00ebra e mij\u00ebra besimtar\u00eb.<\/span><\/p>\n<p style=\"text-align: center;\">\n\t&nbsp;<\/p>\n<p style=\"text-align: center;\">\n\t<span style=\"color: #800000; font-size: 12pt; font-family: helvetica;\"><strong>N\u00eb Kryepiskopat\u00ebn e Tiran\u00ebs<\/strong><\/span><\/p>\n<p style=\"text-align: justify;\">\n\t&nbsp;<\/p>\n<p style=\"text-align: justify;\">\n\t<span style=\"color: #000000; font-size: 12pt; font-family: helvetica;\">Besimtar\u00eb t\u00eb shumt\u00eb nga Durr\u00ebsi, Tirana, Kavaja, por edhe nga zona t\u00eb tjera t\u00eb vendit, u mblodh\u00ebn p\u00ebr t\u00eb nderuar t\u00eb kremten e Fjetjes s\u00eb Hyjlind\u00ebses n\u00eb Manastirin e Ri t\u00eb Sh\u00ebn Vlashit, n\u00eb Durr\u00ebs. Si\u00e7 \u00ebsht\u00eb tradita, festimi filloi me sh\u00ebrbesat e kryera q\u00eb n\u00eb mbr\u00ebmjen e 14 gushtit, kur n\u00eb manastir u mblodh\u00ebn p\u00ebr t\u00eb kaluar nat\u00ebn n\u00eb lutje qindra besimtar\u00eb, por edhe shum\u00eb njer\u00ebz t\u00eb besimeve t\u00eb tjera, t\u00eb cil\u00ebt e nderojn\u00eb n\u00eb m\u00ebnyr\u00eb t\u00eb ve\u00e7ant\u00eb k\u00ebt\u00eb vend mrekullib\u00ebr\u00ebs. N\u00eb dat\u00eb 15 gusht Liturgjia Hyjnore u krye nga Episkopi i Bylisit, Hir\u00ebsi Asti.<\/span><\/p>\n<p style=\"text-align: justify;\">\n\t<span style=\"color: #000000; font-size: 12pt; font-family: helvetica;\">N\u00eb katedralen \u201cNgjallja e Krishtit\u201d, n\u00eb Tiran\u00eb, Liturgjin\u00eb Hyjnore, n\u00eb prani t\u00eb qindra besimtar\u00ebve, e kreu Mitropoliti i Amantias, Hir\u00ebsi Nathanaili.<\/span><\/p>\n<p style=\"text-align: justify;\">\n\t&nbsp;<\/p>\n<p style=\"text-align: center;\">\n\t<span style=\"color: #800000; font-size: 12pt; font-family: helvetica;\"><strong>N\u00eb Mitropolin\u00eb e Beratit<\/strong><\/span><\/p>\n<p style=\"text-align: justify;\">\n\t&nbsp;<\/p>\n<p style=\"text-align: justify;\">\n\t<span style=\"color: #000000; font-size: 12pt; font-family: helvetica;\">Kryepiskopi Anastas n\u00eb dat\u00ebn 14 gusht, ishte p\u00ebr prag t\u00eb kremten n\u00eb zon\u00ebn e Mitropolis\u00eb s\u00eb Beratit. Bashk\u00eb me Mitropolitin Ignat, ai vizitoi qytetin e Vlor\u00ebs, ku u prit\u00ebn nga Kryetari i Bashkis\u00eb, z. Dritan Leli dhe Prefekti, z. Flamur Mamaj. Nd\u00ebr t\u00eb tjera, u trajtua edhe problemi i mbetur pezull prej vitesh, i ngritjes s\u00eb nj\u00eb kishe katedrale n\u00eb k\u00ebt\u00eb qytet t\u00eb lasht\u00eb dhe me tradita.<\/span><\/p>\n<p style=\"text-align: justify;\">\n\t<span style=\"color: #000000; font-size: 12pt; font-family: helvetica;\">P\u00ebr Sh\u00ebrbes\u00ebn e Mbr\u00ebm\u00ebsores, Kryepiskopi Anastas shkoi n\u00eb Manastrin \u201cFjetja e Hyjlind\u00ebses\u201d, n\u00eb Zv\u00ebrnec. Ky manastir \u00ebsht\u00eb restauruar thell\u00ebsisht, me nj\u00eb fond mjaft t\u00eb konsideruesh\u00ebm t\u00eb siguruar nga Fortlumturia e Tij.<\/span><\/p>\n<p style=\"text-align: justify;\">\n\t<span style=\"color: #000000; font-size: 12pt; font-family: helvetica;\">Kryepiskopi, i shoq\u00ebruar nga Hir\u00ebsi Ignati, u prit n\u00eb manastir nga Kryetari i Bashkis\u00eb, z. Dritan Leli, deputeti i Vlor\u00ebs z. Edi Leka, konsujt e Greqis\u00eb dhe Italis\u00eb dhe Kryetarja e komun\u00ebs. P\u00ebr nder t\u00eb Kryepiskopit, Kryetari i Bashkis\u00eb kishte p\u00ebrgatitur nj\u00eb koncert me muzik\u00eb klasike, i cili u dha n\u00eb ur\u00ebn q\u00eb lidh ishullin e Zv\u00ebrnecit me fshatin. Kryebashkiaku Leli vler\u00ebsoi figur\u00ebn e Kryepiskopit Anastas si nj\u00eb bari q\u00eb ka krijuar fidanishte dashurie dhe besimi kudo n\u00eb Shqip\u00ebri p\u00ebr besimtar\u00ebt orthodhoks\u00eb.<\/span><\/p>\n<p style=\"text-align: justify;\">\n\t<span style=\"color: #000000; font-size: 12pt; font-family: helvetica;\">Kryepiskopi Anastas kreu Mbr\u00ebm\u00ebsoren e madhe t\u00eb s\u00eb kremtes n\u00eb Kish\u00ebn e Fjetjes s\u00eb Sh\u00ebn M\u00ebris\u00eb n\u00eb Zv\u00ebrnec, ku mor\u00eb pjes\u00eb qindra besimtar\u00eb. N\u00eb fund, Fortlumturia e Tij foli p\u00ebr t\u00eb kremten, duke e quajtur si nj\u00eb Pashk\u00eb verore p\u00ebr krishterimin.<\/span><\/p>\n<p style=\"text-align: justify;\">\n\t<span style=\"color: #000000; font-size: 12pt; font-family: helvetica;\">E ve\u00e7ant\u00eb n\u00eb Mitropolin\u00eb e Beratit ishte edhe mund\u00ebsia q\u00eb u krijua n\u00eb dat\u00eb 15 gusht p\u00ebr t\u00eb sh\u00ebrbyer n\u00eb kish\u00ebn e Hyjlind\u00ebses n\u00eb kala, e cila \u00ebsht\u00eb kthyer prej vitesh n\u00eb muzeun \u201cOnufri\u201d dhe nuk i \u00ebsht\u00eb kthyer ende Kish\u00ebs son\u00eb, sh\u00ebrbes\u00eb q\u00eb u drejtua nga Mitropoliti Ignat.<\/span><\/p>\n<p style=\"text-align: justify;\">\n\t&nbsp;<\/p>\n<p style=\"text-align: center;\">\n\t<span style=\"color: #800000; font-size: 12pt; font-family: helvetica;\"><strong>N\u00eb Mitropolin\u00eb e Kor\u00e7\u00ebs<\/strong><\/span><\/p>\n<p style=\"text-align: justify;\">\n\t&nbsp;<\/p>\n<p style=\"text-align: justify;\">\n\t<span style=\"color: #000000; font-size: 12pt; font-family: helvetica;\">Dit\u00ebn kur Kisha jone kremton Fjetjen e Hyjlind\u00ebses dhe Virgj\u00ebresh\u00ebs Mari, n\u00eb kish\u00ebn me t\u00eb nj\u00ebjtin em\u00ebr n\u00eb Pogradec Liturgjin\u00eb Hyjnore e drejtoi Mitropoliti i Kor\u00e7\u00ebs, Joani.<\/span><\/p>\n<p style=\"text-align: justify;\">\n\t<span style=\"color: #000000; font-size: 12pt; font-family: helvetica;\">N\u00eb zon\u00ebn e Kor\u00e7\u00ebs nj\u00eb nga kremtimet m\u00eb tradicionale \u00ebsht\u00eb ai n\u00eb manastirin \u201cFjetja e Sh\u00ebn Maris\u00eb\u201d, n\u00eb Boboshtic\u00eb. \u00c7do 15 gusht n\u00eb t\u00eb mblidhen mij\u00ebra besimtar\u00eb nga zona, por edhe nga gjith\u00eb vendi. K\u00ebt\u00eb Liturgjia Hyjnore u krye n\u00eb kish\u00ebn e rind\u00ebrtuar, e cila \u00ebsht\u00eb drejt mbarimit, nga at\u00eb Jani, at\u00eb Petraqi etj.<\/span><\/p>\n<p style=\"text-align: justify;\">\n\t<span style=\"color: #000000; font-size: 12pt; font-family: helvetica;\">M\u00eb 15 gusht, n\u00eb fshatin Bezhan t\u00eb Kolonj\u00ebs Liturgjia Hyjnore u festua bukur n\u00eb kish\u00ebn \u201cFjetja e Hyjlind\u00ebses\u201d, pas disa viteve q\u00eb nuk ishte b\u00ebr\u00eb p\u00ebr arsye objektive, pasi banor\u00ebt jan\u00eb larguar prej vitesh. Ajo u krye nga Stavrofor Anesti Dhimitri. E ve\u00e7anta e k\u00ebtij viti kishte t\u00eb b\u00ebnte me nj\u00eb organizim t\u00eb bezhanllinjve, q\u00eb b\u00ebn\u00eb t\u00eb mundur t\u00eb riktheheshin n\u00eb vendin nga ku kan\u00eb rr\u00ebnjet, p\u00ebr t\u00eb nderuar N\u00ebn\u00ebn e Zotit ton\u00eb Jisu Krisht. Gjithashtu, me nj\u00eb organizim krejt t\u00eb tyrin, me mb\u00ebshtetjen edhe t\u00eb Mitropolis\u00eb s\u00eb Shenjt\u00eb t\u00eb Kor\u00e7\u00ebs, po ata mbledhin fonde q\u00eb do t\u00eb shkojn\u00eb p\u00ebr rikonstruktimin e kish\u00ebs, e cila \u00ebsht\u00eb riparuar m\u00eb par\u00eb n\u00eb vitet \u201890.<\/span><\/p>\n<p style=\"text-align: justify;\">\n\t&nbsp;<\/p>\n<p style=\"text-align: center;\">\n\t<span style=\"color: #800000; font-size: 12pt; font-family: helvetica;\"><strong>N\u00eb Mitropolin\u00eb e Gjirokastr\u00ebs<\/strong><\/span><\/p>\n<p style=\"text-align: justify;\">\n\t&nbsp;<\/p>\n<p style=\"text-align: justify;\">\n\t<span style=\"color: #000000; font-size: 12pt; font-family: helvetica;\">\u201cApostuj nga an\u00ebt e dheut&#8230;\u201d psallim n\u00eb D\u00ebrgim\u00ebsoren e Fjetjes s\u00eb T\u00ebr\u00ebshenjt\u00ebs Mari, gjat\u00eb gjith\u00eb dit\u00ebve t\u00eb Kreshm\u00ebs p\u00ebr k\u00ebt\u00eb t\u00eb Kremte t\u00eb madhe, dhe n\u00eb nj\u00eb perifrazim t\u00eb saj, nga t\u00eb gjitha an\u00ebt mblidhen besimtar\u00ebt Orthodhoks\u00eb duke u dh\u00ebn\u00eb tjet\u00ebr atmosfer\u00eb panegjirike enorive n\u00eb trevat e Mitropolis\u00eb s\u00eb Shenjt\u00eb t\u00eb Gjirokastr\u00ebs. Jan\u00eb t\u00eb shumta enorit\u00eb q\u00eb kisha e tyre qendrore apo paraklise dhe p\u00ebr m\u00eb tep\u00ebr Manastire dikur t\u00eb ndritshme q\u00eb nderohen n\u00eb kujtim t\u00eb Gjith\u00ebvirgj\u00ebr\u00ebs Mari n\u00eb t\u00eb kat\u00ebr cepat e Mitropolis\u00eb.<\/span><\/p>\n<p style=\"text-align: justify;\">\n\t<span style=\"color: #000000; font-size: 12pt; font-family: helvetica;\">P\u00ebrd\u00ebllimtari e popullit besimtar Orthodhoks i ka qendisur k\u00ebto kisha me nj\u00eb hijeshi dhe bukuri t\u00eb ve\u00e7ant\u00eb dhe Hiri i t\u00eb T\u00ebr\u00ebshenjt\u00ebs u jep atmosfer\u00ebn aq dom\u00ebth\u00ebn\u00ebse shpirt\u00ebrore. Ai Hir q\u00eb i mblodhi besimtar\u00ebt gjat\u00eb gjith\u00eb periudh\u00ebs thajse dyjavore n\u00eb Parakliset e p\u00ebrditshme t\u00eb pasdites si nj\u00eb rast i mir\u00eb q\u00eb klerik\u00ebt pavar\u00ebsisht mungesave t\u00eb theksuara, sipas programit q\u00eb Mitropoliti u kishte p\u00ebrgatitur, i vizituan t\u00eb gjitha enorit\u00eb p\u00ebr t\u00eb p\u00ebrmbushur nevojat adhuruese t\u00eb besimtar\u00ebve. Analoge ishin edhe Liturgjit\u00eb Hyjnore q\u00eb u kryen n\u00eb kishat e enorive q\u00eb kremtonin dhe q\u00eb ishin t\u00eb mbushura si nat\u00ebn e Ngjalljes dhe me t\u00eb drejt\u00eb quhet Pashka e Ver\u00ebs kjo e Kremte. T\u00eb shumta dhe me dimension t\u00eb thell\u00eb shpirt\u00ebror dhe adhurues ishin gjithashtu panegjiret n\u00ebp\u00ebr Manastiret ku kryen Liturgjit\u00eb dhe Sh\u00ebrbesat e tjera t\u00eb Kish\u00ebs son\u00eb.<\/span><\/p>\n<p style=\"text-align: justify;\">\n\t<span style=\"color: #000000; font-size: 12pt; font-family: helvetica;\">T\u00eb ve\u00e7anta p\u00ebr nga pjes\u00ebmarrja n\u00eb lutje dhe adhurim ishin edhe k\u00ebt\u00eb vit Panegjiret e Fjetjes s\u00eb T\u00ebr\u00ebshenjt\u00ebs Mari p\u00ebrve\u00e7 se n\u00eb qendrat e r\u00ebnd\u00ebsishme urbane: Gjirokast\u00ebr, P\u00ebrmet, Sarand\u00eb, Himar\u00eb etj. edhe n\u00eb ato qendra dhe destinacione historike pelegrinazhi si Manastiri i rikonstruktuar nga Kryepiskopi Anastas n\u00eb Kosin\u00eb, n\u00eb Dervician, n\u00eb Manastirin e Kamenas n\u00eb Delvin\u00eb, n\u00eb at\u00eb t\u00eb Sorones\u00eb n\u00eb Sarand\u00eb, n\u00eb Dhivri, por pas aq vitesh edhe n\u00eb Manastirin e Fjetjes n\u00eb Kakome, duke kap\u00ebrcyer v\u00ebshtir\u00ebsit\u00eb e aksesit nga abuzuesit mbi pronat manastiriale.<\/span><\/p>\n<p style=\"text-align: justify;\">\n\t<span style=\"color: #000000; font-size: 12pt; font-family: helvetica;\">Mitropoliti i Gjirokastr\u00ebs celebroi Liturgjin\u00eb Hyjnore n\u00eb Kish\u00ebn e Sh\u00ebn Harallambit t\u00eb Sarand\u00eb, duke p\u00ebrkujtuar nj\u00ebher\u00ebsh edhe p\u00ebrvjetorin e Shenjt\u00ebrimit t\u00eb saj nga Kryepiskopi Anastas, n\u00eb vitin 2011. Kujtimin e Shenjt\u00ebrimeve q\u00eb Kryepiskopi ka kryer n\u00eb periudh\u00ebn e t\u00eb Kremtes s\u00eb Fjetjes, nd\u00ebr vite i kujtoi n\u00eb t\u00eb nj\u00ebjt\u00ebn m\u00ebnyr\u00eb n\u00eb dat\u00ebn e tyre edhe n\u00eb Enori t\u00eb tjera si n\u00eb Livadhja, Mesopotam, K\u00eblcyr\u00eb. N\u00eb k\u00ebt\u00eb m\u00ebnyr\u00eb mesazhi \u00ebsht\u00eb i dyfisht\u00eb, p\u00ebrve\u00e7 q\u00eb zbatohet me rigorozitet sa parashikon tipikoja e Kish\u00ebs son\u00eb. P\u00ebr\u00e7ohet n\u00eb koh\u00eb dhe jo si nj\u00eb moment diskret g\u00ebzimi i shenjt\u00ebrimit si ndodhi esenciale n\u00eb jet\u00ebn e nj\u00eb komuniteti besimtar\u00ebsh dhe ngjarje bazike n\u00eb jet\u00ebn e nj\u00eb enorie t\u00eb caktuar nga nj\u00ebra an\u00eb. Nga ana tjet\u00ebr p\u00ebrb\u00ebn kontribut shum\u00ebdimensional q\u00eb s\u00eb bashku me nd\u00ebrtimin e vet\u00eb kish\u00ebs t\u00eb stabilizohet enoria dhe t\u00eb fiksohet n\u00eb koh\u00ebn historike prania e komunitetit t\u00eb Orthodhoks\u00ebve. Nj\u00ebher\u00ebsh besimtar\u00ebt duke fal\u00ebnderuar Per\u00ebndin\u00eb p\u00ebr dhurat\u00ebn e ngritjes s\u00eb kish\u00ebs dhe shenjt\u00ebrimit t\u00eb saj shprehin vit pas viti edhe mir\u00ebnjohjen p\u00ebr Kryepiskopin p\u00ebr dhurat\u00ebn q\u00eb u ka b\u00ebr\u00eb n\u00eb jet\u00ebn e tyre kishtare.<\/span><\/p>\n<p style=\"text-align: justify;\">\n\t<span style=\"color: #000000; font-size: 12pt; font-family: helvetica;\">I ve\u00e7ant\u00eb ishte k\u00ebt\u00eb vit edhe m\u00ebshimi n\u00eb kish\u00ebn e rikonstruktuar t\u00eb fshatit Peshtan, q\u00eb u krye me fondet e dh\u00ebn\u00eb nga nj\u00eb banor i tij. Besimtar\u00ebt orthodhoks\u00eb nga ky fshat u mblodh\u00ebn me k\u00ebt\u00eb rast nga an\u00eb t\u00eb ndryshme t\u00eb vendit, por edhe t\u00eb ardhur nga emigracioni, p\u00ebr t\u00eb festuar k\u00ebt\u00eb t\u00eb kremte t\u00eb sh\u00ebnuar.<\/span><\/p>\n<p style=\"text-align: justify;\">\n\t&nbsp;<\/p>\n<p style=\"text-align: center;\">\n\t<span style=\"color: #800000; font-size: 12pt; font-family: helvetica;\"><strong>N\u00eb Mitropolin\u00eb e Fierit<\/strong><\/span><\/p>\n<p style=\"text-align: justify;\">\n\t&nbsp;<\/p>\n<p style=\"text-align: justify;\">\n\t<span style=\"color: #000000; font-size: 12pt; font-family: helvetica;\">Kryepiskopi i Tiran\u00ebs, Durr\u00ebsit dhe i Gjith\u00eb Shqip\u00ebris\u00eb, Anastasi, n\u00eb dat\u00ebn 15 gusht, e kreu Liturgjin\u00eb Hyjnore n\u00eb manastirin historik t\u00eb kish\u00ebs son\u00eb n\u00eb Apolloni, i cili mban emrin \u201cFjetja e Hyjlind\u00ebses\u201d. Ai meshoi bashk\u00eb me Mitropolitin e Apollonis\u00eb dhe Fierit, Hir\u00ebsi Nikoll\u00ebn dhe klerik\u00eb t\u00eb zon\u00ebs, n\u00eb prani t\u00eb besimtar\u00ebve jo vet\u00ebm nga Mitropolia e Fierit, por edhe nga zona t\u00eb tjera t\u00eb vendit. Kryepiskopi Anastas mbajti omelin\u00eb e t\u00eb kremtes, nd\u00ebrsa Hir\u00ebsi Nikolla e fal\u00ebnderioi p\u00ebr pranin\u00eb n\u00eb k\u00ebt\u00eb t\u00eb kremte dhe vepr\u00ebn e jasht\u00ebzakonshme p\u00ebr ringritjen dhe ecjen Kish\u00ebs son\u00eb.<\/span><\/p>\n<p style=\"text-align: justify;\">\n\t&nbsp;<\/p>\n<p style=\"text-align: center;\">\n\t<span style=\"color: #800000; font-size: 12pt; font-family: helvetica;\"><strong>N\u00eb Mitropolin\u00eb e Elbasanit<\/strong><\/span><\/p>\n<p style=\"text-align: justify;\">\n\t&nbsp;<\/p>\n<p style=\"text-align: justify;\">\n\t<span style=\"color: #000000; font-size: 12pt; font-family: helvetica;\">Liturgjia Hyjnore e t\u00eb kremtes s\u00eb shndritshme t\u00eb Fjetjes s\u00eb Hyjlind\u00ebses, n\u00eb Elbasan u krye nga Mitropoliti, Hir\u00ebsia e Tij Andoni, n\u00eb kish\u00ebn e sh\u00ebn Nikoll\u00ebs.<\/span><\/p>\n<p style=\"text-align: justify;\">\n\t&nbsp;<\/p>\n<p style=\"text-align: justify;\">\n\t<span style=\"color: #000000; font-size: 12pt; font-family: helvetica;\">Mjaft bukur u kremtua n\u00eb t\u00eb gjitha zonat e Mitropolis\u00eb, si n\u00eb fshatin Grabov\u00eb t\u00eb Gramshit, ku Liturgjia u krye nga at\u00eb Mihallaq Prifti, n\u00eb prani t\u00eb besimtar\u00ebve t\u00eb zon\u00ebs, si dhe disa grupe familjar\u00ebsh t\u00eb ardhur nga Kor\u00e7a, Elbasani e Gramshi.<\/span><\/p>\n<p style=\"text-align: justify;\">\n\t&nbsp;<\/p>\n<p style=\"text-align: justify;\">\n\t&nbsp;<\/p>\n<p style=\"text-align: center;\">\n\t<a data-flickr-embed=\"true\" data-footer=\"true\" data-header=\"true\" href=\"https:\/\/www.flickr.com\/photos\/157448745@N08\/albums\/72157670715155007\" title=\"U kremtua masivisht n\u00eb gjith\u00eb vendin \u201cFjetja e Hyjlind\u00ebses\u201d\"><img class=\"lazyload\" decoding=\"async\" alt=\"U kremtua masivisht n\u00eb gjith\u00eb vendin \u201cFjetja e Hyjlind\u00ebses\u201d\" height=\"640\" src=\"data:image\/svg+xml,%3Csvg%20xmlns%3D%27http%3A%2F%2Fwww.w3.org%2F2000%2Fsvg%27%20width%3D%27356%27%20height%3D%27640%27%20viewBox%3D%270%200%20356%20640%27%3E%3Crect%20width%3D%27356%27%20height%3D%27640%27%20fill-opacity%3D%220%22%2F%3E%3C%2Fsvg%3E\" data-orig-src=\"https:\/\/farm2.staticflickr.com\/1853\/43454145785_9fd3c6fdd2_z.jpg\" width=\"356\" \/><\/a><script async=\"\" src=\"\/\/embedr.flickr.com\/assets\/client-code.js\" charset=\"utf-8\"><\/script><\/p>\n","protected":false},"excerpt":{"rendered":"<p>&nbsp; &nbsp; \u201cFjetja e Hyjlind\u00ebses\u201d &nbsp; E kremtja e madhe e Fjetjes s\u00eb Hyjlind\u00ebses kremtohet n\u00eb 15 gusht, e paraprir\u00eb nga dy jav\u00eb agj\u00ebrimi kreshmor. P\u00ebr mbar\u00eb bot\u00ebn e krishtere figura e N\u00ebn\u00ebs s\u00eb Zotit lidhet n\u00eb m\u00ebnyr\u00eb t\u00eb pap\u00ebrs\u00ebritshme dhe hyjnore me Shp\u00ebtimtarin e fisit njer\u00ebzor \u2013 Jisu Krisht. Me nj\u00eb dashuri t\u00eb \u00e7ilt\u00ebr dhe t\u00eb pafundme Hyjlind\u00ebsja mbron t\u00eb gjith\u00eb dhe p\u00ebrkrah \u00e7do<\/p>\n","protected":false},"author":14,"featured_media":6827,"comment_status":"open","ping_status":"open","sticky":false,"template":"","format":"standard","meta":{"_acf_changed":false,"pagelayer_contact_templates":[],"_pagelayer_content":"","inline_featured_image":false,"fifu_image_url":"","fifu_image_alt":"","footnotes":""},"categories":[108],"tags":[220,184,157,196,201,212,197,206,207,198,181],"class_list":["post-6826","post","type-post","status-publish","format-standard","has-post-thumbnail","hentry","category-lajme","tag-220","tag-katedralja-ngjallja-e-krishtit-tirane","tag-kremtime","tag-tirane","tag-kryepiskopi-anastas","tag-lajme-d27","tag-berat","tag-mitropolia-e-apollonise-dhe-e-fierit","tag-mitropolia-e-elbasanit-shpatit-dhe-librazhdit","tag-gjirokaster","tag-korce"],"acf":[],"yoast_head":"<!-- This site is optimized with the Yoast SEO plugin v27.2 - https:\/\/yoast.com\/product\/yoast-seo-wordpress\/ -->\n<title>U kremtua masivisht n\u00eb gjith\u00eb vendin \u201cFjetja e Hyjlind\u00ebses\u201d - Kisha Orthodh\u03bfkse Autoqefale e Shqip\u00ebris\u00eb<\/title>\n<meta name=\"robots\" content=\"index, follow, max-snippet:-1, max-image-preview:large, max-video-preview:-1\" \/>\n<link rel=\"canonical\" href=\"https:\/\/orthodoxalbania.org\/2020\/2018\/08\/20\/u-kremtua-masivisht-ne-gjithe-vendin-fjetja-e-hyjlindeses\/\" \/>\n<meta property=\"og:locale\" content=\"en_US\" \/>\n<meta property=\"og:type\" content=\"article\" \/>\n<meta property=\"og:title\" content=\"U kremtua masivisht n\u00eb gjith\u00eb vendin \u201cFjetja e Hyjlind\u00ebses\u201d - Kisha Orthodh\u03bfkse Autoqefale e Shqip\u00ebris\u00eb\" \/>\n<meta property=\"og:description\" content=\"&nbsp; &nbsp; \u201cFjetja e Hyjlind\u00ebses\u201d &nbsp; E kremtja e madhe e Fjetjes s\u00eb Hyjlind\u00ebses kremtohet n\u00eb 15 gusht, e paraprir\u00eb nga dy jav\u00eb agj\u00ebrimi kreshmor. P\u00ebr mbar\u00eb bot\u00ebn e krishtere figura e N\u00ebn\u00ebs s\u00eb Zotit lidhet n\u00eb m\u00ebnyr\u00eb t\u00eb pap\u00ebrs\u00ebritshme dhe hyjnore me Shp\u00ebtimtarin e fisit njer\u00ebzor \u2013 Jisu Krisht. Me nj\u00eb dashuri t\u00eb \u00e7ilt\u00ebr dhe t\u00eb pafundme Hyjlind\u00ebsja mbron t\u00eb gjith\u00eb dhe p\u00ebrkrah \u00e7do\" \/>\n<meta property=\"og:url\" content=\"https:\/\/orthodoxalbania.org\/2020\/2018\/08\/20\/u-kremtua-masivisht-ne-gjithe-vendin-fjetja-e-hyjlindeses\/\" \/>\n<meta property=\"og:site_name\" content=\"Kisha Orthodh\u03bfkse Autoqefale e Shqip\u00ebris\u00eb\" \/>\n<meta property=\"article:publisher\" content=\"https:\/\/www.facebook.com\/koash1991\" \/>\n<meta property=\"article:published_time\" content=\"2018-08-20T09:22:00+00:00\" \/>\n<meta property=\"article:modified_time\" content=\"2020-04-06T19:58:04+00:00\" \/>\n<meta property=\"og:image\" content=\"https:\/\/orthodoxalbania.org\/2020\/wp-content\/uploads\/2020\/04\/Apolloni2.jpg\" \/>\n\t<meta property=\"og:image:width\" content=\"960\" \/>\n\t<meta property=\"og:image:height\" content=\"720\" \/>\n\t<meta property=\"og:image:type\" content=\"image\/jpeg\" \/>\n<meta name=\"author\" content=\"neo_admin\" \/>\n<meta name=\"twitter:card\" content=\"summary_large_image\" \/>\n<meta name=\"twitter:label1\" content=\"Written by\" \/>\n\t<meta name=\"twitter:data1\" content=\"neo_admin\" \/>\n\t<meta name=\"twitter:label2\" content=\"Est. reading time\" \/>\n\t<meta name=\"twitter:data2\" content=\"9 minutes\" \/>\n<script type=\"application\/ld+json\" class=\"yoast-schema-graph\">{\"@context\":\"https:\/\/schema.org\",\"@graph\":[{\"@type\":\"Article\",\"@id\":\"https:\/\/orthodoxalbania.org\/2020\/2018\/08\/20\/u-kremtua-masivisht-ne-gjithe-vendin-fjetja-e-hyjlindeses\/#article\",\"isPartOf\":{\"@id\":\"https:\/\/orthodoxalbania.org\/2020\/2018\/08\/20\/u-kremtua-masivisht-ne-gjithe-vendin-fjetja-e-hyjlindeses\/\"},\"author\":{\"name\":\"neo_admin\",\"@id\":\"https:\/\/orthodoxalbania.org\/2020\/#\/schema\/person\/dd2bdc135b53c60d45b8bb329565cf6d\"},\"headline\":\"U kremtua masivisht n\u00eb gjith\u00eb vendin \u201cFjetja e Hyjlind\u00ebses\u201d\",\"datePublished\":\"2018-08-20T09:22:00+00:00\",\"dateModified\":\"2020-04-06T19:58:04+00:00\",\"mainEntityOfPage\":{\"@id\":\"https:\/\/orthodoxalbania.org\/2020\/2018\/08\/20\/u-kremtua-masivisht-ne-gjithe-vendin-fjetja-e-hyjlindeses\/\"},\"wordCount\":1768,\"commentCount\":0,\"publisher\":{\"@id\":\"https:\/\/orthodoxalbania.org\/2020\/#organization\"},\"image\":{\"@id\":\"https:\/\/orthodoxalbania.org\/2020\/2018\/08\/20\/u-kremtua-masivisht-ne-gjithe-vendin-fjetja-e-hyjlindeses\/#primaryimage\"},\"thumbnailUrl\":\"https:\/\/orthodoxalbania.org\/2020\/wp-content\/uploads\/2020\/04\/Apolloni2.jpg\",\"keywords\":[\"2018\",\"Katedralja \u201cNgjallja e Krishtit\u201d Tiran\u00eb\",\"Kremtime\",\"Kryepiskopata Tiran\u00eb\",\"Kryepiskopi Anastas\",\"lajme\",\"Mitropolia Berat\",\"Mitropolia e Apollonis\u00eb dhe Fierit\",\"Mitropolia e Elbasanit, Shpatit dhe Librazhdit\",\"Mitropolia Gjirokast\u00ebr\",\"Mitropolia Kor\u00e7\u00eb\"],\"articleSection\":[\"Lajme\"],\"inLanguage\":\"en-US\"},{\"@type\":\"WebPage\",\"@id\":\"https:\/\/orthodoxalbania.org\/2020\/2018\/08\/20\/u-kremtua-masivisht-ne-gjithe-vendin-fjetja-e-hyjlindeses\/\",\"url\":\"https:\/\/orthodoxalbania.org\/2020\/2018\/08\/20\/u-kremtua-masivisht-ne-gjithe-vendin-fjetja-e-hyjlindeses\/\",\"name\":\"U kremtua masivisht n\u00eb gjith\u00eb vendin \u201cFjetja e Hyjlind\u00ebses\u201d - Kisha Orthodh\u03bfkse Autoqefale e Shqip\u00ebris\u00eb\",\"isPartOf\":{\"@id\":\"https:\/\/orthodoxalbania.org\/2020\/#website\"},\"primaryImageOfPage\":{\"@id\":\"https:\/\/orthodoxalbania.org\/2020\/2018\/08\/20\/u-kremtua-masivisht-ne-gjithe-vendin-fjetja-e-hyjlindeses\/#primaryimage\"},\"image\":{\"@id\":\"https:\/\/orthodoxalbania.org\/2020\/2018\/08\/20\/u-kremtua-masivisht-ne-gjithe-vendin-fjetja-e-hyjlindeses\/#primaryimage\"},\"thumbnailUrl\":\"https:\/\/orthodoxalbania.org\/2020\/wp-content\/uploads\/2020\/04\/Apolloni2.jpg\",\"datePublished\":\"2018-08-20T09:22:00+00:00\",\"dateModified\":\"2020-04-06T19:58:04+00:00\",\"breadcrumb\":{\"@id\":\"https:\/\/orthodoxalbania.org\/2020\/2018\/08\/20\/u-kremtua-masivisht-ne-gjithe-vendin-fjetja-e-hyjlindeses\/#breadcrumb\"},\"inLanguage\":\"en-US\",\"potentialAction\":[{\"@type\":\"ReadAction\",\"target\":[\"https:\/\/orthodoxalbania.org\/2020\/2018\/08\/20\/u-kremtua-masivisht-ne-gjithe-vendin-fjetja-e-hyjlindeses\/\"]}]},{\"@type\":\"ImageObject\",\"inLanguage\":\"en-US\",\"@id\":\"https:\/\/orthodoxalbania.org\/2020\/2018\/08\/20\/u-kremtua-masivisht-ne-gjithe-vendin-fjetja-e-hyjlindeses\/#primaryimage\",\"url\":\"https:\/\/orthodoxalbania.org\/2020\/wp-content\/uploads\/2020\/04\/Apolloni2.jpg\",\"contentUrl\":\"https:\/\/orthodoxalbania.org\/2020\/wp-content\/uploads\/2020\/04\/Apolloni2.jpg\",\"width\":960,\"height\":720},{\"@type\":\"BreadcrumbList\",\"@id\":\"https:\/\/orthodoxalbania.org\/2020\/2018\/08\/20\/u-kremtua-masivisht-ne-gjithe-vendin-fjetja-e-hyjlindeses\/#breadcrumb\",\"itemListElement\":[{\"@type\":\"ListItem\",\"position\":1,\"name\":\"Home\",\"item\":\"https:\/\/orthodoxalbania.org\/2020\/\"},{\"@type\":\"ListItem\",\"position\":2,\"name\":\"U kremtua masivisht n\u00eb gjith\u00eb vendin \u201cFjetja e Hyjlind\u00ebses\u201d\"}]},{\"@type\":\"WebSite\",\"@id\":\"https:\/\/orthodoxalbania.org\/2020\/#website\",\"url\":\"https:\/\/orthodoxalbania.org\/2020\/\",\"name\":\"Kisha Orthodh\u03bfkse Autoqefale e Shqip\u00ebris\u00eb\",\"description\":\"Fqja Zyrtare e Kish\u00ebs Orthodhokse Autoqefale e Shqip\u00ebris\u00eb me lajmet edhe informacionet zyrtare p\u00ebr struktur\u00ebn edhe veprimtarin e saj.\",\"publisher\":{\"@id\":\"https:\/\/orthodoxalbania.org\/2020\/#organization\"},\"potentialAction\":[{\"@type\":\"SearchAction\",\"target\":{\"@type\":\"EntryPoint\",\"urlTemplate\":\"https:\/\/orthodoxalbania.org\/2020\/?s={search_term_string}\"},\"query-input\":{\"@type\":\"PropertyValueSpecification\",\"valueRequired\":true,\"valueName\":\"search_term_string\"}}],\"inLanguage\":\"en-US\"},{\"@type\":\"Organization\",\"@id\":\"https:\/\/orthodoxalbania.org\/2020\/#organization\",\"name\":\"Kisha Orthodhokse Autoqefale e Shqip\u00ebris\u00eb\",\"url\":\"https:\/\/orthodoxalbania.org\/2020\/\",\"logo\":{\"@type\":\"ImageObject\",\"inLanguage\":\"en-US\",\"@id\":\"https:\/\/orthodoxalbania.org\/2020\/#\/schema\/logo\/image\/\",\"url\":\"https:\/\/orthodoxalbania.org\/2020\/wp-content\/uploads\/2020\/05\/albania.jpeg\",\"contentUrl\":\"https:\/\/orthodoxalbania.org\/2020\/wp-content\/uploads\/2020\/05\/albania.jpeg\",\"width\":540,\"height\":540,\"caption\":\"Kisha Orthodhokse Autoqefale e Shqip\u00ebris\u00eb\"},\"image\":{\"@id\":\"https:\/\/orthodoxalbania.org\/2020\/#\/schema\/logo\/image\/\"},\"sameAs\":[\"https:\/\/www.facebook.com\/koash1991\"]},{\"@type\":\"Person\",\"@id\":\"https:\/\/orthodoxalbania.org\/2020\/#\/schema\/person\/dd2bdc135b53c60d45b8bb329565cf6d\",\"name\":\"neo_admin\",\"image\":{\"@type\":\"ImageObject\",\"inLanguage\":\"en-US\",\"@id\":\"https:\/\/secure.gravatar.com\/avatar\/53e6cdc30765aade0129f85e5aeb50124b1d3f5bb9a70373be31e4eb328371e0?s=96&d=mm&r=g\",\"url\":\"https:\/\/secure.gravatar.com\/avatar\/53e6cdc30765aade0129f85e5aeb50124b1d3f5bb9a70373be31e4eb328371e0?s=96&d=mm&r=g\",\"contentUrl\":\"https:\/\/secure.gravatar.com\/avatar\/53e6cdc30765aade0129f85e5aeb50124b1d3f5bb9a70373be31e4eb328371e0?s=96&d=mm&r=g\",\"caption\":\"neo_admin\"}}]}<\/script>\n<!-- \/ Yoast SEO plugin. -->","yoast_head_json":{"title":"U kremtua masivisht n\u00eb gjith\u00eb vendin \u201cFjetja e Hyjlind\u00ebses\u201d - Kisha Orthodh\u03bfkse Autoqefale e Shqip\u00ebris\u00eb","robots":{"index":"index","follow":"follow","max-snippet":"max-snippet:-1","max-image-preview":"max-image-preview:large","max-video-preview":"max-video-preview:-1"},"canonical":"https:\/\/orthodoxalbania.org\/2020\/2018\/08\/20\/u-kremtua-masivisht-ne-gjithe-vendin-fjetja-e-hyjlindeses\/","og_locale":"en_US","og_type":"article","og_title":"U kremtua masivisht n\u00eb gjith\u00eb vendin \u201cFjetja e Hyjlind\u00ebses\u201d - Kisha Orthodh\u03bfkse Autoqefale e Shqip\u00ebris\u00eb","og_description":"&nbsp; &nbsp; \u201cFjetja e Hyjlind\u00ebses\u201d &nbsp; E kremtja e madhe e Fjetjes s\u00eb Hyjlind\u00ebses kremtohet n\u00eb 15 gusht, e paraprir\u00eb nga dy jav\u00eb agj\u00ebrimi kreshmor. P\u00ebr mbar\u00eb bot\u00ebn e krishtere figura e N\u00ebn\u00ebs s\u00eb Zotit lidhet n\u00eb m\u00ebnyr\u00eb t\u00eb pap\u00ebrs\u00ebritshme dhe hyjnore me Shp\u00ebtimtarin e fisit njer\u00ebzor \u2013 Jisu Krisht. Me nj\u00eb dashuri t\u00eb \u00e7ilt\u00ebr dhe t\u00eb pafundme Hyjlind\u00ebsja mbron t\u00eb gjith\u00eb dhe p\u00ebrkrah \u00e7do","og_url":"https:\/\/orthodoxalbania.org\/2020\/2018\/08\/20\/u-kremtua-masivisht-ne-gjithe-vendin-fjetja-e-hyjlindeses\/","og_site_name":"Kisha Orthodh\u03bfkse Autoqefale e Shqip\u00ebris\u00eb","article_publisher":"https:\/\/www.facebook.com\/koash1991","article_published_time":"2018-08-20T09:22:00+00:00","article_modified_time":"2020-04-06T19:58:04+00:00","og_image":[{"width":960,"height":720,"url":"https:\/\/orthodoxalbania.org\/2020\/wp-content\/uploads\/2020\/04\/Apolloni2.jpg","type":"image\/jpeg"}],"author":"neo_admin","twitter_card":"summary_large_image","twitter_misc":{"Written by":"neo_admin","Est. reading time":"9 minutes"},"schema":{"@context":"https:\/\/schema.org","@graph":[{"@type":"Article","@id":"https:\/\/orthodoxalbania.org\/2020\/2018\/08\/20\/u-kremtua-masivisht-ne-gjithe-vendin-fjetja-e-hyjlindeses\/#article","isPartOf":{"@id":"https:\/\/orthodoxalbania.org\/2020\/2018\/08\/20\/u-kremtua-masivisht-ne-gjithe-vendin-fjetja-e-hyjlindeses\/"},"author":{"name":"neo_admin","@id":"https:\/\/orthodoxalbania.org\/2020\/#\/schema\/person\/dd2bdc135b53c60d45b8bb329565cf6d"},"headline":"U kremtua masivisht n\u00eb gjith\u00eb vendin \u201cFjetja e Hyjlind\u00ebses\u201d","datePublished":"2018-08-20T09:22:00+00:00","dateModified":"2020-04-06T19:58:04+00:00","mainEntityOfPage":{"@id":"https:\/\/orthodoxalbania.org\/2020\/2018\/08\/20\/u-kremtua-masivisht-ne-gjithe-vendin-fjetja-e-hyjlindeses\/"},"wordCount":1768,"commentCount":0,"publisher":{"@id":"https:\/\/orthodoxalbania.org\/2020\/#organization"},"image":{"@id":"https:\/\/orthodoxalbania.org\/2020\/2018\/08\/20\/u-kremtua-masivisht-ne-gjithe-vendin-fjetja-e-hyjlindeses\/#primaryimage"},"thumbnailUrl":"https:\/\/orthodoxalbania.org\/2020\/wp-content\/uploads\/2020\/04\/Apolloni2.jpg","keywords":["2018","Katedralja \u201cNgjallja e Krishtit\u201d Tiran\u00eb","Kremtime","Kryepiskopata Tiran\u00eb","Kryepiskopi Anastas","lajme","Mitropolia Berat","Mitropolia e Apollonis\u00eb dhe Fierit","Mitropolia e Elbasanit, Shpatit dhe Librazhdit","Mitropolia Gjirokast\u00ebr","Mitropolia Kor\u00e7\u00eb"],"articleSection":["Lajme"],"inLanguage":"en-US"},{"@type":"WebPage","@id":"https:\/\/orthodoxalbania.org\/2020\/2018\/08\/20\/u-kremtua-masivisht-ne-gjithe-vendin-fjetja-e-hyjlindeses\/","url":"https:\/\/orthodoxalbania.org\/2020\/2018\/08\/20\/u-kremtua-masivisht-ne-gjithe-vendin-fjetja-e-hyjlindeses\/","name":"U kremtua masivisht n\u00eb gjith\u00eb vendin \u201cFjetja e Hyjlind\u00ebses\u201d - Kisha Orthodh\u03bfkse Autoqefale e Shqip\u00ebris\u00eb","isPartOf":{"@id":"https:\/\/orthodoxalbania.org\/2020\/#website"},"primaryImageOfPage":{"@id":"https:\/\/orthodoxalbania.org\/2020\/2018\/08\/20\/u-kremtua-masivisht-ne-gjithe-vendin-fjetja-e-hyjlindeses\/#primaryimage"},"image":{"@id":"https:\/\/orthodoxalbania.org\/2020\/2018\/08\/20\/u-kremtua-masivisht-ne-gjithe-vendin-fjetja-e-hyjlindeses\/#primaryimage"},"thumbnailUrl":"https:\/\/orthodoxalbania.org\/2020\/wp-content\/uploads\/2020\/04\/Apolloni2.jpg","datePublished":"2018-08-20T09:22:00+00:00","dateModified":"2020-04-06T19:58:04+00:00","breadcrumb":{"@id":"https:\/\/orthodoxalbania.org\/2020\/2018\/08\/20\/u-kremtua-masivisht-ne-gjithe-vendin-fjetja-e-hyjlindeses\/#breadcrumb"},"inLanguage":"en-US","potentialAction":[{"@type":"ReadAction","target":["https:\/\/orthodoxalbania.org\/2020\/2018\/08\/20\/u-kremtua-masivisht-ne-gjithe-vendin-fjetja-e-hyjlindeses\/"]}]},{"@type":"ImageObject","inLanguage":"en-US","@id":"https:\/\/orthodoxalbania.org\/2020\/2018\/08\/20\/u-kremtua-masivisht-ne-gjithe-vendin-fjetja-e-hyjlindeses\/#primaryimage","url":"https:\/\/orthodoxalbania.org\/2020\/wp-content\/uploads\/2020\/04\/Apolloni2.jpg","contentUrl":"https:\/\/orthodoxalbania.org\/2020\/wp-content\/uploads\/2020\/04\/Apolloni2.jpg","width":960,"height":720},{"@type":"BreadcrumbList","@id":"https:\/\/orthodoxalbania.org\/2020\/2018\/08\/20\/u-kremtua-masivisht-ne-gjithe-vendin-fjetja-e-hyjlindeses\/#breadcrumb","itemListElement":[{"@type":"ListItem","position":1,"name":"Home","item":"https:\/\/orthodoxalbania.org\/2020\/"},{"@type":"ListItem","position":2,"name":"U kremtua masivisht n\u00eb gjith\u00eb vendin \u201cFjetja e Hyjlind\u00ebses\u201d"}]},{"@type":"WebSite","@id":"https:\/\/orthodoxalbania.org\/2020\/#website","url":"https:\/\/orthodoxalbania.org\/2020\/","name":"Kisha Orthodh\u03bfkse Autoqefale e Shqip\u00ebris\u00eb","description":"Fqja Zyrtare e Kish\u00ebs Orthodhokse Autoqefale e Shqip\u00ebris\u00eb me lajmet edhe informacionet zyrtare p\u00ebr struktur\u00ebn edhe veprimtarin e saj.","publisher":{"@id":"https:\/\/orthodoxalbania.org\/2020\/#organization"},"potentialAction":[{"@type":"SearchAction","target":{"@type":"EntryPoint","urlTemplate":"https:\/\/orthodoxalbania.org\/2020\/?s={search_term_string}"},"query-input":{"@type":"PropertyValueSpecification","valueRequired":true,"valueName":"search_term_string"}}],"inLanguage":"en-US"},{"@type":"Organization","@id":"https:\/\/orthodoxalbania.org\/2020\/#organization","name":"Kisha Orthodhokse Autoqefale e Shqip\u00ebris\u00eb","url":"https:\/\/orthodoxalbania.org\/2020\/","logo":{"@type":"ImageObject","inLanguage":"en-US","@id":"https:\/\/orthodoxalbania.org\/2020\/#\/schema\/logo\/image\/","url":"https:\/\/orthodoxalbania.org\/2020\/wp-content\/uploads\/2020\/05\/albania.jpeg","contentUrl":"https:\/\/orthodoxalbania.org\/2020\/wp-content\/uploads\/2020\/05\/albania.jpeg","width":540,"height":540,"caption":"Kisha Orthodhokse Autoqefale e Shqip\u00ebris\u00eb"},"image":{"@id":"https:\/\/orthodoxalbania.org\/2020\/#\/schema\/logo\/image\/"},"sameAs":["https:\/\/www.facebook.com\/koash1991"]},{"@type":"Person","@id":"https:\/\/orthodoxalbania.org\/2020\/#\/schema\/person\/dd2bdc135b53c60d45b8bb329565cf6d","name":"neo_admin","image":{"@type":"ImageObject","inLanguage":"en-US","@id":"https:\/\/secure.gravatar.com\/avatar\/53e6cdc30765aade0129f85e5aeb50124b1d3f5bb9a70373be31e4eb328371e0?s=96&d=mm&r=g","url":"https:\/\/secure.gravatar.com\/avatar\/53e6cdc30765aade0129f85e5aeb50124b1d3f5bb9a70373be31e4eb328371e0?s=96&d=mm&r=g","contentUrl":"https:\/\/secure.gravatar.com\/avatar\/53e6cdc30765aade0129f85e5aeb50124b1d3f5bb9a70373be31e4eb328371e0?s=96&d=mm&r=g","caption":"neo_admin"}}]}},"_links":{"self":[{"href":"https:\/\/orthodoxalbania.org\/2020\/wp-json\/wp\/v2\/posts\/6826","targetHints":{"allow":["GET"]}}],"collection":[{"href":"https:\/\/orthodoxalbania.org\/2020\/wp-json\/wp\/v2\/posts"}],"about":[{"href":"https:\/\/orthodoxalbania.org\/2020\/wp-json\/wp\/v2\/types\/post"}],"author":[{"embeddable":true,"href":"https:\/\/orthodoxalbania.org\/2020\/wp-json\/wp\/v2\/users\/14"}],"replies":[{"embeddable":true,"href":"https:\/\/orthodoxalbania.org\/2020\/wp-json\/wp\/v2\/comments?post=6826"}],"version-history":[{"count":1,"href":"https:\/\/orthodoxalbania.org\/2020\/wp-json\/wp\/v2\/posts\/6826\/revisions"}],"predecessor-version":[{"id":14751,"href":"https:\/\/orthodoxalbania.org\/2020\/wp-json\/wp\/v2\/posts\/6826\/revisions\/14751"}],"wp:featuredmedia":[{"embeddable":true,"href":"https:\/\/orthodoxalbania.org\/2020\/wp-json\/wp\/v2\/media\/6827"}],"wp:attachment":[{"href":"https:\/\/orthodoxalbania.org\/2020\/wp-json\/wp\/v2\/media?parent=6826"}],"wp:term":[{"taxonomy":"category","embeddable":true,"href":"https:\/\/orthodoxalbania.org\/2020\/wp-json\/wp\/v2\/categories?post=6826"},{"taxonomy":"post_tag","embeddable":true,"href":"https:\/\/orthodoxalbania.org\/2020\/wp-json\/wp\/v2\/tags?post=6826"}],"curies":[{"name":"wp","href":"https:\/\/api.w.org\/{rel}","templated":true}]}}