{"id":6824,"date":"2018-08-18T10:36:15","date_gmt":"2018-08-18T10:36:15","guid":{"rendered":""},"modified":"2020-04-06T21:58:04","modified_gmt":"2020-04-06T19:58:04","slug":"u-zhvilluan-tri-kampet-verore-kombetare-per-vajza","status":"publish","type":"post","link":"https:\/\/orthodoxalbania.org\/2020\/2018\/08\/18\/u-zhvilluan-tri-kampet-verore-kombetare-per-vajza\/","title":{"rendered":"U zhvilluan tri kampet verore komb\u00ebtare p\u00ebr vajza"},"content":{"rendered":"<p style=\"text-align: justify;\">\n\t&nbsp;<\/p>\n<p style=\"text-align: center;\">\n\t<span style=\"font-family: arial, helvetica, sans-serif; color: #000000; font-size: 12pt;\"><b><span style=\"line-height: 115%;\">U zhvilluan tri kampet verore komb\u00ebtare p\u00ebr vajza<\/span><\/b><\/span><\/p>\n<p style=\"text-align: center;\">\n\t&nbsp;<\/p>\n<p style=\"text-align: center;\">\n\t<span style=\"color: #000000;\"><span style=\"font-family: arial, helvetica, sans-serif; font-size: 12pt; color: #800000;\"><b><span style=\"line-height: 115%;\">Kampi i par\u00eb p\u00ebr vajza<\/span><\/b><\/span><\/span><\/p>\n<p style=\"text-align: justify;\">\n\t&nbsp;<\/p>\n<p style=\"text-align: justify;\">\n\t<span style=\"color: #000000;\"><span style=\"font-size: 12pt; line-height: 115%; font-family: arial, helvetica, sans-serif;\">N\u00eb radh\u00eb t\u00eb par\u00eb, p\u00ebr organizimin dhe mbar\u00ebvajtjen e k\u00ebtyre kampeve duhet t\u00eb shprehim mir\u00ebnjohjen p\u00ebr Kryepiskopin Anastas, p\u00ebr mb\u00ebshtetjen e tij financiare e shpirt\u00ebrore p\u00ebr kampet verore. Ky \u00ebsht\u00eb nj\u00eb investim n\u00eb transformimin e jet\u00ebve t\u00eb k\u00ebtyre 69 vajzave.<\/span><\/span><\/p>\n<p style=\"text-align: justify;\">\n\t<span style=\"color: #000000;\"><span style=\"font-size: 12pt; line-height: 115%; font-family: arial, helvetica, sans-serif;\">P\u00ebrvoja n\u00eb kamp gjat\u00eb 10 dit\u00ebve i ndihmoi ato t\u00eb d\u00ebgjojn\u00eb, t\u00eb m\u00ebsojn\u00eb, t\u00eb kuptojn\u00eb dhe t\u00eb p\u00ebrjetojn\u00eb Zotin. Ato pat\u00ebn mund\u00ebsi gjat\u00eb koh\u00ebs s\u00eb kampit t\u00eb lexojn\u00eb t\u00eb gjith\u00eb Ungjillin e Markut dhe t\u00eb m\u00ebsojn\u00eb gjith\u00eb \u00e7ka b\u00ebri Krishti p\u00ebr shp\u00ebtimin ton\u00eb. Kjo ishte mund\u00ebsi reflektimi rreth jet\u00ebs s\u00eb secil\u00ebs, njohjes s\u00eb vetes n\u00ebn drit\u00ebn e Krishtit. Programi i kampit u dha atyre mund\u00ebsi p\u00ebr t\u00eb p\u00ebrdorur m\u00ebnyrat q\u00eb na ndihmojn\u00eb t\u00eb njohim dhe p\u00ebrjetojm\u00eb Krishtin p\u00ebrmes lutjeve, leximit t\u00eb Shkrimit t\u00eb Shenjt\u00eb, reflektimit, studimit biblik apo referateve.<\/span><\/span><\/p>\n<p style=\"text-align: justify;\">\n\t<span style=\"color: #000000;\"><span style=\"font-family: arial, helvetica, sans-serif; font-size: 12pt;\"><span style=\"line-height: 115%;\">Tema e p\u00ebrzgjedhur p\u00ebr k\u00ebt\u00eb vit ishte&nbsp;<i>\u201c\u00c7do gj\u00eb q\u00eb b\u00ebni, b\u00ebjeni si p\u00ebr Zotin\u201d<\/i><\/span><span style=\"line-height: 115%;\">.<b>&nbsp;<\/b><\/span><span style=\"line-height: 115%;\">Gjat\u00eb kampit u mbajt\u00ebn dhe 5 tema. N\u00eb k\u00ebto referate kampistet d\u00ebgjuan se, n\u00ebse do t\u00eb b\u00ebjm\u00eb \u00e7do gj\u00eb si p\u00ebr Zotin s\u00eb pari duhet t\u00eb zgjedhim p\u00ebr k\u00eb Zot, k\u00eb Per\u00ebndi do t\u00eb ndjekim dhe si do t\u2019i p\u00ebrgjigjemi thirrjes s\u00eb Krishtit, reflektuam rreth zgjedhjes se kush do t\u00eb jet\u00eb Per\u00ebndia yn\u00eb dhe si do ta ndjekim at\u00eb n\u00eb situata t\u00eb v\u00ebshtira, m\u00ebsuam si t\u00eb jetojm\u00eb jet\u00eb t\u00eb transformuara,&nbsp;&nbsp;si t\u00eb b\u00ebjm\u00eb zgjedhje t\u00eb men\u00e7ura apo si t\u00eb jetojm\u00eb jet\u00ebn n\u00eb drit\u00ebn e ngjalljes. T\u00eb gjitha k\u00ebto tema u mbajt\u00ebn bazuar n\u00eb historit\u00eb e ndryshme t\u00eb Ungjillit t\u00eb Markut.<\/span><\/span><\/span><\/p>\n<p style=\"text-align: justify;\">\n\t<span style=\"color: #000000;\"><span style=\"font-size: 12pt; line-height: 115%; font-family: arial, helvetica, sans-serif;\">Programi i kampit ishte shum\u00eb i larmish\u00ebm dhe \u00e7do pjes\u00eb e tij (studimet biblike, temat, puna e dor\u00ebs, loj\u00ebrat) ishin n\u00eb t\u00eb nj\u00ebjt\u00ebn frym\u00eb me tem\u00ebn e p\u00ebrgjithshme t\u00eb kampit dhe e ve\u00e7anta e tij ishte se \u00e7do veprimtari ishte n\u00eb funksion t\u00eb p\u00ebr\u00e7imit t\u00eb k\u00ebsaj teme. Ai ishte i nd\u00ebrthurur me shum\u00eb aktivitete t\u00eb larmishme shpirt\u00ebrore, edukuese e arg\u00ebtuese ku f\u00ebmij\u00ebt e gjenin veten shum\u00eb mir\u00eb n\u00eb \u00e7do dit\u00eb t\u00eb kampit. \u00c7do m\u00ebngjes ata ishin p\u00ebrpara nj\u00eb sfide t\u00eb re dhe nj\u00eb dite plot t\u00eb papritura t\u00eb bukura dhe asnj\u00eb dit\u00eb e kampit nuk ishte monotone.<\/span><\/span><\/p>\n<p style=\"text-align: justify;\">\n\t<span style=\"color: #000000;\"><span style=\"font-size: 12pt; line-height: 115%; font-family: arial, helvetica, sans-serif;\">P\u00ebr vajzat dhe p\u00ebr ne si drejtuese ishte nj\u00eb eksperienc\u00eb e paharrueshme t\u00eb merrnim pjes\u00eb n\u00eb ndri\u00e7imin dhe rilindjen e motrave tona t\u00eb reja. Kish\u00ebs son\u00eb iu bashkuan edhe 6 vajza t\u00eb cilat u pag\u00ebzuan. Misteri i pag\u00ebzimit u krye n\u00eb manastirin e Sh\u00ebn Joan Vladimirit dhe u drejtua nga prifti i k\u00ebtij manastiri at\u00eb Irine Gega.&nbsp;<\/span><\/span><\/p>\n<p style=\"text-align: justify;\">\n\t&nbsp;<\/p>\n<p style=\"text-align: right;\">\n\t<span style=\"color: #000000;\"><span style=\"font-family: arial, helvetica, sans-serif; font-size: 12pt;\"><b><span style=\"line-height: 115%;\">Gabriela Hope<\/span><\/b><\/span><\/span><\/p>\n<p style=\"text-align: justify;\">\n\t&nbsp;<\/p>\n<p style=\"text-align: center;\">\n\t<span style=\"color: #000000;\"><span style=\"font-family: arial, helvetica, sans-serif; font-size: 12pt; color: #800000;\"><b><span style=\"line-height: 115%;\">Kampi i dyt\u00eb p\u00ebr vajza<\/span><\/b><\/span><\/span><\/p>\n<p style=\"text-align: justify;\">\n\t&nbsp;<\/p>\n<p style=\"text-align: justify;\">\n\t<span style=\"color: #000000;\"><span style=\"font-size: 12pt; line-height: 115%; font-family: arial, helvetica, sans-serif;\">N\u00eb datat 12-21 korrik u zhvillua Kampi II p\u00ebr vajza n\u00eb sh\u00ebn Joan Vladimir, pran\u00eb Elbasanit. Rreth 65 vajza nga mosha 14- 17 vje\u00e7 mor\u00ebn pjes\u00eb n\u00eb k\u00ebt\u00eb aktivitet veror, t\u00eb organizuar nga Kisha Orthodhokse p\u00ebr vite m\u00eb radh\u00eb.<\/span><\/span><\/p>\n<p style=\"text-align: justify;\">\n\t<span style=\"color: #000000;\"><span style=\"font-size: 12pt; line-height: 115%; font-family: arial, helvetica, sans-serif;\">Vajzat pjes\u00ebmarr\u00ebse ishin pothuajse nga t\u00eb gjitha mitropolit\u00eb e vendit ton\u00eb dhe si tem\u00eb e p\u00ebrgjithshme e kampeve k\u00ebt\u00eb vit u p\u00ebrzgjodh vargu: \u201c\u00c7do gj\u00eb q\u00eb b\u00ebni, b\u00ebjeni si p\u00ebr Zotin\u2019 shk\u00ebputur nga letra drejtuar Kolosian\u00ebve.<\/span><\/span><\/p>\n<p style=\"text-align: justify;\">\n\t<span style=\"color: #000000;\"><span style=\"font-family: arial, helvetica, sans-serif; font-size: 12pt;\"><span style=\"line-height: 115%; background-image: initial; background-position: initial; background-size: initial; background-repeat: initial; background-attachment: initial; background-origin: initial; background-clip: initial;\">Kampi i ndihmoi vajzat t\u00eb udh\u00ebtonin dhjet\u00eb dit\u00eb p\u00ebrmes nj\u00eb p\u00ebrjetimi t\u00eb thell\u00eb t\u00eb besimit orthodhoks me lutje, studim t\u00eb Shkrimit t\u00eb Shenjt\u00eb, referime nga fol\u00ebs te ndrysh\u00ebm, p\u00ebrkujdesje p\u00ebr njer\u00ebzit n\u00eb nevoj\u00eb, aktivitete krijuese e arg\u00ebtuese, k\u00ebng\u00eb dhe loj\u00ebra etj.<\/span><\/span><\/span><\/p>\n<p style=\"text-align: justify;\">\n\t<span style=\"font-family: arial, helvetica, sans-serif; color: #000000; font-size: 12pt;\"><span style=\"line-height: 115%;\"><span style=\"background: white;\">Fal\u00ebnderim dhe mir\u00ebnjohje p\u00ebr t\u00eb gjith\u00eb ata q\u00eb b\u00ebn\u00eb t\u00eb mundur realizimin e k\u00ebtij kampi , ve\u00e7an\u00ebrisht p\u00ebr Kryepiskopit Anastas, i cili, q\u00eb nga viti 1996, p\u00ebrkujdeset q\u00eb ato t\u00eb organizohen \u00e7do vit!<\/span><\/span><\/span><\/p>\n<p style=\"text-align: justify;\">\n\t&nbsp;<\/p>\n<p style=\"text-align: right;\">\n\t<span style=\"color: #000000;\"><span style=\"font-family: arial, helvetica, sans-serif; font-size: 12pt;\"><b><span style=\"line-height: 115%; background-image: initial; background-position: initial; background-size: initial; background-repeat: initial; background-attachment: initial; background-origin: initial; background-clip: initial;\">Elisabeta Shqau<\/span><\/b><\/span><\/span><\/p>\n<p style=\"text-align: justify;\">\n\t&nbsp;<\/p>\n<p style=\"text-align: center;\">\n\t<span style=\"color: #000000;\"><span style=\"font-family: arial, helvetica, sans-serif; font-size: 12pt; color: #800000;\"><b><span style=\"line-height: 115%;\">Kampi i studenteve<\/span><\/b><\/span><\/span><\/p>\n<p style=\"text-align: justify;\">\n\t&nbsp;<\/p>\n<p style=\"text-align: justify;\">\n\t<span style=\"font-size: 12pt; line-height: 115%; font-family: arial, helvetica, sans-serif; color: #000000;\">Esht\u00eb b\u00ebr\u00eb tradit\u00eb tashm\u00eb q\u00eb, me bekimin e Kryepiskopit Anastas, kampi zhvillohen n\u00eb mjediset e Manastirit t\u00eb hirsh\u00ebn t\u00eb sh\u00ebn Joan Vladimirit. Ai zgjati nga 23 korrik \u2013 2 gusht. Pjes\u00ebmarr\u00ebse ishin rreth 30 vajza, t\u00eb cilat vinin nga mitropoli t\u00eb ndryshme. Q\u00ebllimi i kampit ishte rritja dhe forcimi n\u00eb besim, dhe miq\u00ebsia me nj\u00ebra \u2013 tjetr\u00ebn.<\/span><\/p>\n<p style=\"text-align: justify;\">\n\t<span style=\"color: #000000;\"><span style=\"font-size: 12pt; line-height: 115%; font-family: arial, helvetica, sans-serif;\">Programi kishte sh\u00ebrbesa, m\u00ebsime rreth besimit, biseda shpirt\u00ebrore, predikime, pelegrinazhe, diskutime p\u00ebr tema sociale, pun\u00eb dore, loj\u00ebra sportive dhe arg\u00ebtuese. T\u00eb gjitha vajzave pjes\u00ebmarr\u00ebse n\u00eb kamp iu dhurua libri i Kryepiskopit Anastas \u201cUdh\u00ebtim Shpirt\u00ebror\u201d.<\/span><\/span><\/p>\n<p style=\"text-align: justify;\">\n\t<span style=\"color: #000000;\"><span style=\"font-size: 12pt; line-height: 115%; font-family: arial, helvetica, sans-serif;\">Mbres\u00ebl\u00ebn\u00ebse p\u00ebr vajzat ishte biseda shpirt\u00ebrore me mot\u00ebr Paisian. Gjat\u00eb bised\u00ebs me vajzat, ajo theksoi r\u00ebnd\u00ebsin\u00eb e besimit n\u00eb jet\u00ebn ton\u00eb, duke i inkurajuar ato t\u00eb ken\u00eb nj\u00eb marr\u00ebdh\u00ebnie personale me Zotin. Kremtimi i 20-vjetorit t\u00eb fron\u00ebzimit t\u00eb Hir\u00ebsi Joanit p\u00ebrkoi me periudh\u00ebn e kampit III, p\u00ebr k\u00ebt\u00eb arsye n\u00eb dat\u00ebn 25 korrik, vajzat iu bashkuan g\u00ebzimit t\u00eb k\u00ebtij kremtimi n\u00eb Kor\u00e7\u00eb. Nuk mund t\u00eb l\u00ebm\u00eb pa p\u00ebrmendur pelegrinazhet q\u00eb u realizuan, si n\u00eb manastrin e Sh\u00ebn Naumit n\u00eb Oh\u00ebr dhe at\u00eb t\u00eb Sh\u00ebn Vasilit n\u00eb Ostrog, n\u00eb Malin e Zi. Vizita n\u00eb k\u00ebto vende t\u00eb shenjta i ndihmoi vajzat t\u00eb forcohen n\u00eb besim, t\u00eb nderojn\u00eb shenjtor\u00ebt e kish\u00ebs, duke i pasur shembull frym\u00ebzimi n\u00eb rrug\u00ebn drejt shenjt\u00ebrimit.<\/span><\/span><\/p>\n<p style=\"text-align: justify;\">\n\t<span style=\"color: #000000;\"><span style=\"font-size: 12pt; line-height: 115%; font-family: arial, helvetica, sans-serif;\">M\u00eb 2 gusht pjes\u00ebmarr\u00ebset n\u00eb kampin e vajzave kishin bekimin t\u00eb ishte pjes\u00ebmarr\u00ebse n\u00eb Liturgjin\u00eb Hyjnore p\u00ebr 26-vjetorin e ringritjes kanonike t\u00eb Kish\u00ebs, ku pat\u00ebn mund\u00ebsin\u00eb t\u00eb fal\u00ebnderonim nga af\u00ebr Kryepiskopin Anastas p\u00ebr dashurin\u00eb dhe kujdesin e treguar p\u00ebr rinjt\u00eb.<\/span><\/span><\/p>\n<p style=\"text-align: justify;\">\n\t&nbsp;<\/p>\n<p style=\"text-align: right;\">\n\t<span style=\"color: #000000;\"><span style=\"font-family: arial, helvetica, sans-serif; font-size: 12pt;\"><b><i><span style=\"line-height: 115%;\">Parashqevi Gega<\/span><\/i><\/b><\/span><\/span><\/p>\n<p style=\"text-align: justify;\">\n\t&nbsp;<\/p>\n<p style=\"text-align: center;\">\n\t<a data-flickr-embed=\"true\" data-footer=\"true\" data-header=\"true\" href=\"https:\/\/www.flickr.com\/photos\/157448745@N08\/albums\/72157670714423497\" title=\"U zhvilluan tri kampet verore komb\u00ebtare p\u00ebr vajza\"><img class=\"lazyload\" decoding=\"async\" alt=\"U zhvilluan tri kampet verore komb\u00ebtare p\u00ebr vajza\" height=\"332\" src=\"data:image\/svg+xml,%3Csvg%20xmlns%3D%27http%3A%2F%2Fwww.w3.org%2F2000%2Fsvg%27%20width%3D%27500%27%20height%3D%27332%27%20viewBox%3D%270%200%20500%20332%27%3E%3Crect%20width%3D%27500%27%20height%3D%27332%27%20fill-opacity%3D%220%22%2F%3E%3C%2Fsvg%3E\" data-orig-src=\"https:\/\/farm2.staticflickr.com\/1861\/43643573864_e2cd25e67f.jpg\" width=\"500\" \/><\/a><script async=\"\" src=\"\/\/embedr.flickr.com\/assets\/client-code.js\" charset=\"utf-8\"><\/script><\/p>\n","protected":false},"excerpt":{"rendered":"<p>&nbsp; U zhvilluan tri kampet verore komb\u00ebtare p\u00ebr vajza &nbsp; Kampi i par\u00eb p\u00ebr vajza &nbsp; N\u00eb radh\u00eb t\u00eb par\u00eb, p\u00ebr organizimin dhe mbar\u00ebvajtjen e k\u00ebtyre kampeve duhet t\u00eb shprehim mir\u00ebnjohjen p\u00ebr Kryepiskopin Anastas, p\u00ebr mb\u00ebshtetjen e tij financiare e shpirt\u00ebrore p\u00ebr kampet verore. Ky \u00ebsht\u00eb nj\u00eb investim n\u00eb transformimin e jet\u00ebve t\u00eb k\u00ebtyre 69 vajzave. P\u00ebrvoja n\u00eb kamp gjat\u00eb 10 dit\u00ebve i ndihmoi ato<\/p>\n","protected":false},"author":14,"featured_media":6825,"comment_status":"open","ping_status":"open","sticky":false,"template":"","format":"standard","meta":{"_acf_changed":false,"pagelayer_contact_templates":[],"_pagelayer_content":"","inline_featured_image":false,"fifu_image_url":"","fifu_image_alt":"","footnotes":""},"categories":[108],"tags":[220,200,196,212],"class_list":["post-6824","post","type-post","status-publish","format-standard","has-post-thumbnail","hentry","category-lajme","tag-220","tag-kampe-verore","tag-tirane","tag-lajme-d27"],"acf":[],"yoast_head":"<!-- This site is optimized with the Yoast SEO plugin v27.2 - https:\/\/yoast.com\/product\/yoast-seo-wordpress\/ -->\n<title>U zhvilluan tri kampet verore komb\u00ebtare p\u00ebr vajza - Kisha Orthodh\u03bfkse Autoqefale e Shqip\u00ebris\u00eb<\/title>\n<meta name=\"robots\" content=\"index, follow, max-snippet:-1, max-image-preview:large, max-video-preview:-1\" \/>\n<link rel=\"canonical\" href=\"https:\/\/orthodoxalbania.org\/2020\/2018\/08\/18\/u-zhvilluan-tri-kampet-verore-kombetare-per-vajza\/\" \/>\n<meta property=\"og:locale\" content=\"en_US\" \/>\n<meta property=\"og:type\" content=\"article\" \/>\n<meta property=\"og:title\" content=\"U zhvilluan tri kampet verore komb\u00ebtare p\u00ebr vajza - Kisha Orthodh\u03bfkse Autoqefale e Shqip\u00ebris\u00eb\" \/>\n<meta property=\"og:description\" content=\"&nbsp; U zhvilluan tri kampet verore komb\u00ebtare p\u00ebr vajza &nbsp; Kampi i par\u00eb p\u00ebr vajza &nbsp; N\u00eb radh\u00eb t\u00eb par\u00eb, p\u00ebr organizimin dhe mbar\u00ebvajtjen e k\u00ebtyre kampeve duhet t\u00eb shprehim mir\u00ebnjohjen p\u00ebr Kryepiskopin Anastas, p\u00ebr mb\u00ebshtetjen e tij financiare e shpirt\u00ebrore p\u00ebr kampet verore. Ky \u00ebsht\u00eb nj\u00eb investim n\u00eb transformimin e jet\u00ebve t\u00eb k\u00ebtyre 69 vajzave. P\u00ebrvoja n\u00eb kamp gjat\u00eb 10 dit\u00ebve i ndihmoi ato\" \/>\n<meta property=\"og:url\" content=\"https:\/\/orthodoxalbania.org\/2020\/2018\/08\/18\/u-zhvilluan-tri-kampet-verore-kombetare-per-vajza\/\" \/>\n<meta property=\"og:site_name\" content=\"Kisha Orthodh\u03bfkse Autoqefale e Shqip\u00ebris\u00eb\" \/>\n<meta property=\"article:publisher\" content=\"https:\/\/www.facebook.com\/koash1991\" \/>\n<meta property=\"article:published_time\" content=\"2018-08-18T10:36:15+00:00\" \/>\n<meta property=\"article:modified_time\" content=\"2020-04-06T19:58:04+00:00\" \/>\n<meta property=\"og:image\" content=\"https:\/\/orthodoxalbania.org\/2020\/wp-content\/uploads\/2020\/04\/kpv16.jpg\" \/>\n\t<meta property=\"og:image:width\" content=\"640\" \/>\n\t<meta property=\"og:image:height\" content=\"480\" \/>\n\t<meta property=\"og:image:type\" content=\"image\/jpeg\" \/>\n<meta name=\"author\" content=\"neo_admin\" \/>\n<meta name=\"twitter:card\" content=\"summary_large_image\" \/>\n<meta name=\"twitter:label1\" content=\"Written by\" \/>\n\t<meta name=\"twitter:data1\" content=\"neo_admin\" \/>\n\t<meta name=\"twitter:label2\" content=\"Est. reading time\" \/>\n\t<meta name=\"twitter:data2\" content=\"5 minutes\" \/>\n<script type=\"application\/ld+json\" class=\"yoast-schema-graph\">{\"@context\":\"https:\/\/schema.org\",\"@graph\":[{\"@type\":\"Article\",\"@id\":\"https:\/\/orthodoxalbania.org\/2020\/2018\/08\/18\/u-zhvilluan-tri-kampet-verore-kombetare-per-vajza\/#article\",\"isPartOf\":{\"@id\":\"https:\/\/orthodoxalbania.org\/2020\/2018\/08\/18\/u-zhvilluan-tri-kampet-verore-kombetare-per-vajza\/\"},\"author\":{\"name\":\"neo_admin\",\"@id\":\"https:\/\/orthodoxalbania.org\/2020\/#\/schema\/person\/dd2bdc135b53c60d45b8bb329565cf6d\"},\"headline\":\"U zhvilluan tri kampet verore komb\u00ebtare p\u00ebr vajza\",\"datePublished\":\"2018-08-18T10:36:15+00:00\",\"dateModified\":\"2020-04-06T19:58:04+00:00\",\"mainEntityOfPage\":{\"@id\":\"https:\/\/orthodoxalbania.org\/2020\/2018\/08\/18\/u-zhvilluan-tri-kampet-verore-kombetare-per-vajza\/\"},\"wordCount\":1021,\"commentCount\":0,\"publisher\":{\"@id\":\"https:\/\/orthodoxalbania.org\/2020\/#organization\"},\"image\":{\"@id\":\"https:\/\/orthodoxalbania.org\/2020\/2018\/08\/18\/u-zhvilluan-tri-kampet-verore-kombetare-per-vajza\/#primaryimage\"},\"thumbnailUrl\":\"https:\/\/orthodoxalbania.org\/2020\/wp-content\/uploads\/2020\/04\/kpv16.jpg\",\"keywords\":[\"2018\",\"Kampe verore\",\"Kryepiskopata Tiran\u00eb\",\"lajme\"],\"articleSection\":[\"Lajme\"],\"inLanguage\":\"en-US\"},{\"@type\":\"WebPage\",\"@id\":\"https:\/\/orthodoxalbania.org\/2020\/2018\/08\/18\/u-zhvilluan-tri-kampet-verore-kombetare-per-vajza\/\",\"url\":\"https:\/\/orthodoxalbania.org\/2020\/2018\/08\/18\/u-zhvilluan-tri-kampet-verore-kombetare-per-vajza\/\",\"name\":\"U zhvilluan tri kampet verore komb\u00ebtare p\u00ebr vajza - Kisha Orthodh\u03bfkse Autoqefale e Shqip\u00ebris\u00eb\",\"isPartOf\":{\"@id\":\"https:\/\/orthodoxalbania.org\/2020\/#website\"},\"primaryImageOfPage\":{\"@id\":\"https:\/\/orthodoxalbania.org\/2020\/2018\/08\/18\/u-zhvilluan-tri-kampet-verore-kombetare-per-vajza\/#primaryimage\"},\"image\":{\"@id\":\"https:\/\/orthodoxalbania.org\/2020\/2018\/08\/18\/u-zhvilluan-tri-kampet-verore-kombetare-per-vajza\/#primaryimage\"},\"thumbnailUrl\":\"https:\/\/orthodoxalbania.org\/2020\/wp-content\/uploads\/2020\/04\/kpv16.jpg\",\"datePublished\":\"2018-08-18T10:36:15+00:00\",\"dateModified\":\"2020-04-06T19:58:04+00:00\",\"breadcrumb\":{\"@id\":\"https:\/\/orthodoxalbania.org\/2020\/2018\/08\/18\/u-zhvilluan-tri-kampet-verore-kombetare-per-vajza\/#breadcrumb\"},\"inLanguage\":\"en-US\",\"potentialAction\":[{\"@type\":\"ReadAction\",\"target\":[\"https:\/\/orthodoxalbania.org\/2020\/2018\/08\/18\/u-zhvilluan-tri-kampet-verore-kombetare-per-vajza\/\"]}]},{\"@type\":\"ImageObject\",\"inLanguage\":\"en-US\",\"@id\":\"https:\/\/orthodoxalbania.org\/2020\/2018\/08\/18\/u-zhvilluan-tri-kampet-verore-kombetare-per-vajza\/#primaryimage\",\"url\":\"https:\/\/orthodoxalbania.org\/2020\/wp-content\/uploads\/2020\/04\/kpv16.jpg\",\"contentUrl\":\"https:\/\/orthodoxalbania.org\/2020\/wp-content\/uploads\/2020\/04\/kpv16.jpg\",\"width\":640,\"height\":480},{\"@type\":\"BreadcrumbList\",\"@id\":\"https:\/\/orthodoxalbania.org\/2020\/2018\/08\/18\/u-zhvilluan-tri-kampet-verore-kombetare-per-vajza\/#breadcrumb\",\"itemListElement\":[{\"@type\":\"ListItem\",\"position\":1,\"name\":\"Home\",\"item\":\"https:\/\/orthodoxalbania.org\/2020\/\"},{\"@type\":\"ListItem\",\"position\":2,\"name\":\"U zhvilluan tri kampet verore komb\u00ebtare p\u00ebr vajza\"}]},{\"@type\":\"WebSite\",\"@id\":\"https:\/\/orthodoxalbania.org\/2020\/#website\",\"url\":\"https:\/\/orthodoxalbania.org\/2020\/\",\"name\":\"Kisha Orthodh\u03bfkse Autoqefale e Shqip\u00ebris\u00eb\",\"description\":\"Fqja Zyrtare e Kish\u00ebs Orthodhokse Autoqefale e Shqip\u00ebris\u00eb me lajmet edhe informacionet zyrtare p\u00ebr struktur\u00ebn edhe veprimtarin e saj.\",\"publisher\":{\"@id\":\"https:\/\/orthodoxalbania.org\/2020\/#organization\"},\"potentialAction\":[{\"@type\":\"SearchAction\",\"target\":{\"@type\":\"EntryPoint\",\"urlTemplate\":\"https:\/\/orthodoxalbania.org\/2020\/?s={search_term_string}\"},\"query-input\":{\"@type\":\"PropertyValueSpecification\",\"valueRequired\":true,\"valueName\":\"search_term_string\"}}],\"inLanguage\":\"en-US\"},{\"@type\":\"Organization\",\"@id\":\"https:\/\/orthodoxalbania.org\/2020\/#organization\",\"name\":\"Kisha Orthodhokse Autoqefale e Shqip\u00ebris\u00eb\",\"url\":\"https:\/\/orthodoxalbania.org\/2020\/\",\"logo\":{\"@type\":\"ImageObject\",\"inLanguage\":\"en-US\",\"@id\":\"https:\/\/orthodoxalbania.org\/2020\/#\/schema\/logo\/image\/\",\"url\":\"https:\/\/orthodoxalbania.org\/2020\/wp-content\/uploads\/2020\/05\/albania.jpeg\",\"contentUrl\":\"https:\/\/orthodoxalbania.org\/2020\/wp-content\/uploads\/2020\/05\/albania.jpeg\",\"width\":540,\"height\":540,\"caption\":\"Kisha Orthodhokse Autoqefale e Shqip\u00ebris\u00eb\"},\"image\":{\"@id\":\"https:\/\/orthodoxalbania.org\/2020\/#\/schema\/logo\/image\/\"},\"sameAs\":[\"https:\/\/www.facebook.com\/koash1991\"]},{\"@type\":\"Person\",\"@id\":\"https:\/\/orthodoxalbania.org\/2020\/#\/schema\/person\/dd2bdc135b53c60d45b8bb329565cf6d\",\"name\":\"neo_admin\",\"image\":{\"@type\":\"ImageObject\",\"inLanguage\":\"en-US\",\"@id\":\"https:\/\/secure.gravatar.com\/avatar\/53e6cdc30765aade0129f85e5aeb50124b1d3f5bb9a70373be31e4eb328371e0?s=96&d=mm&r=g\",\"url\":\"https:\/\/secure.gravatar.com\/avatar\/53e6cdc30765aade0129f85e5aeb50124b1d3f5bb9a70373be31e4eb328371e0?s=96&d=mm&r=g\",\"contentUrl\":\"https:\/\/secure.gravatar.com\/avatar\/53e6cdc30765aade0129f85e5aeb50124b1d3f5bb9a70373be31e4eb328371e0?s=96&d=mm&r=g\",\"caption\":\"neo_admin\"}}]}<\/script>\n<!-- \/ Yoast SEO plugin. -->","yoast_head_json":{"title":"U zhvilluan tri kampet verore komb\u00ebtare p\u00ebr vajza - Kisha Orthodh\u03bfkse Autoqefale e Shqip\u00ebris\u00eb","robots":{"index":"index","follow":"follow","max-snippet":"max-snippet:-1","max-image-preview":"max-image-preview:large","max-video-preview":"max-video-preview:-1"},"canonical":"https:\/\/orthodoxalbania.org\/2020\/2018\/08\/18\/u-zhvilluan-tri-kampet-verore-kombetare-per-vajza\/","og_locale":"en_US","og_type":"article","og_title":"U zhvilluan tri kampet verore komb\u00ebtare p\u00ebr vajza - Kisha Orthodh\u03bfkse Autoqefale e Shqip\u00ebris\u00eb","og_description":"&nbsp; U zhvilluan tri kampet verore komb\u00ebtare p\u00ebr vajza &nbsp; Kampi i par\u00eb p\u00ebr vajza &nbsp; N\u00eb radh\u00eb t\u00eb par\u00eb, p\u00ebr organizimin dhe mbar\u00ebvajtjen e k\u00ebtyre kampeve duhet t\u00eb shprehim mir\u00ebnjohjen p\u00ebr Kryepiskopin Anastas, p\u00ebr mb\u00ebshtetjen e tij financiare e shpirt\u00ebrore p\u00ebr kampet verore. Ky \u00ebsht\u00eb nj\u00eb investim n\u00eb transformimin e jet\u00ebve t\u00eb k\u00ebtyre 69 vajzave. P\u00ebrvoja n\u00eb kamp gjat\u00eb 10 dit\u00ebve i ndihmoi ato","og_url":"https:\/\/orthodoxalbania.org\/2020\/2018\/08\/18\/u-zhvilluan-tri-kampet-verore-kombetare-per-vajza\/","og_site_name":"Kisha Orthodh\u03bfkse Autoqefale e Shqip\u00ebris\u00eb","article_publisher":"https:\/\/www.facebook.com\/koash1991","article_published_time":"2018-08-18T10:36:15+00:00","article_modified_time":"2020-04-06T19:58:04+00:00","og_image":[{"width":640,"height":480,"url":"https:\/\/orthodoxalbania.org\/2020\/wp-content\/uploads\/2020\/04\/kpv16.jpg","type":"image\/jpeg"}],"author":"neo_admin","twitter_card":"summary_large_image","twitter_misc":{"Written by":"neo_admin","Est. reading time":"5 minutes"},"schema":{"@context":"https:\/\/schema.org","@graph":[{"@type":"Article","@id":"https:\/\/orthodoxalbania.org\/2020\/2018\/08\/18\/u-zhvilluan-tri-kampet-verore-kombetare-per-vajza\/#article","isPartOf":{"@id":"https:\/\/orthodoxalbania.org\/2020\/2018\/08\/18\/u-zhvilluan-tri-kampet-verore-kombetare-per-vajza\/"},"author":{"name":"neo_admin","@id":"https:\/\/orthodoxalbania.org\/2020\/#\/schema\/person\/dd2bdc135b53c60d45b8bb329565cf6d"},"headline":"U zhvilluan tri kampet verore komb\u00ebtare p\u00ebr vajza","datePublished":"2018-08-18T10:36:15+00:00","dateModified":"2020-04-06T19:58:04+00:00","mainEntityOfPage":{"@id":"https:\/\/orthodoxalbania.org\/2020\/2018\/08\/18\/u-zhvilluan-tri-kampet-verore-kombetare-per-vajza\/"},"wordCount":1021,"commentCount":0,"publisher":{"@id":"https:\/\/orthodoxalbania.org\/2020\/#organization"},"image":{"@id":"https:\/\/orthodoxalbania.org\/2020\/2018\/08\/18\/u-zhvilluan-tri-kampet-verore-kombetare-per-vajza\/#primaryimage"},"thumbnailUrl":"https:\/\/orthodoxalbania.org\/2020\/wp-content\/uploads\/2020\/04\/kpv16.jpg","keywords":["2018","Kampe verore","Kryepiskopata Tiran\u00eb","lajme"],"articleSection":["Lajme"],"inLanguage":"en-US"},{"@type":"WebPage","@id":"https:\/\/orthodoxalbania.org\/2020\/2018\/08\/18\/u-zhvilluan-tri-kampet-verore-kombetare-per-vajza\/","url":"https:\/\/orthodoxalbania.org\/2020\/2018\/08\/18\/u-zhvilluan-tri-kampet-verore-kombetare-per-vajza\/","name":"U zhvilluan tri kampet verore komb\u00ebtare p\u00ebr vajza - Kisha Orthodh\u03bfkse Autoqefale e Shqip\u00ebris\u00eb","isPartOf":{"@id":"https:\/\/orthodoxalbania.org\/2020\/#website"},"primaryImageOfPage":{"@id":"https:\/\/orthodoxalbania.org\/2020\/2018\/08\/18\/u-zhvilluan-tri-kampet-verore-kombetare-per-vajza\/#primaryimage"},"image":{"@id":"https:\/\/orthodoxalbania.org\/2020\/2018\/08\/18\/u-zhvilluan-tri-kampet-verore-kombetare-per-vajza\/#primaryimage"},"thumbnailUrl":"https:\/\/orthodoxalbania.org\/2020\/wp-content\/uploads\/2020\/04\/kpv16.jpg","datePublished":"2018-08-18T10:36:15+00:00","dateModified":"2020-04-06T19:58:04+00:00","breadcrumb":{"@id":"https:\/\/orthodoxalbania.org\/2020\/2018\/08\/18\/u-zhvilluan-tri-kampet-verore-kombetare-per-vajza\/#breadcrumb"},"inLanguage":"en-US","potentialAction":[{"@type":"ReadAction","target":["https:\/\/orthodoxalbania.org\/2020\/2018\/08\/18\/u-zhvilluan-tri-kampet-verore-kombetare-per-vajza\/"]}]},{"@type":"ImageObject","inLanguage":"en-US","@id":"https:\/\/orthodoxalbania.org\/2020\/2018\/08\/18\/u-zhvilluan-tri-kampet-verore-kombetare-per-vajza\/#primaryimage","url":"https:\/\/orthodoxalbania.org\/2020\/wp-content\/uploads\/2020\/04\/kpv16.jpg","contentUrl":"https:\/\/orthodoxalbania.org\/2020\/wp-content\/uploads\/2020\/04\/kpv16.jpg","width":640,"height":480},{"@type":"BreadcrumbList","@id":"https:\/\/orthodoxalbania.org\/2020\/2018\/08\/18\/u-zhvilluan-tri-kampet-verore-kombetare-per-vajza\/#breadcrumb","itemListElement":[{"@type":"ListItem","position":1,"name":"Home","item":"https:\/\/orthodoxalbania.org\/2020\/"},{"@type":"ListItem","position":2,"name":"U zhvilluan tri kampet verore komb\u00ebtare p\u00ebr vajza"}]},{"@type":"WebSite","@id":"https:\/\/orthodoxalbania.org\/2020\/#website","url":"https:\/\/orthodoxalbania.org\/2020\/","name":"Kisha Orthodh\u03bfkse Autoqefale e Shqip\u00ebris\u00eb","description":"Fqja Zyrtare e Kish\u00ebs Orthodhokse Autoqefale e Shqip\u00ebris\u00eb me lajmet edhe informacionet zyrtare p\u00ebr struktur\u00ebn edhe veprimtarin e saj.","publisher":{"@id":"https:\/\/orthodoxalbania.org\/2020\/#organization"},"potentialAction":[{"@type":"SearchAction","target":{"@type":"EntryPoint","urlTemplate":"https:\/\/orthodoxalbania.org\/2020\/?s={search_term_string}"},"query-input":{"@type":"PropertyValueSpecification","valueRequired":true,"valueName":"search_term_string"}}],"inLanguage":"en-US"},{"@type":"Organization","@id":"https:\/\/orthodoxalbania.org\/2020\/#organization","name":"Kisha Orthodhokse Autoqefale e Shqip\u00ebris\u00eb","url":"https:\/\/orthodoxalbania.org\/2020\/","logo":{"@type":"ImageObject","inLanguage":"en-US","@id":"https:\/\/orthodoxalbania.org\/2020\/#\/schema\/logo\/image\/","url":"https:\/\/orthodoxalbania.org\/2020\/wp-content\/uploads\/2020\/05\/albania.jpeg","contentUrl":"https:\/\/orthodoxalbania.org\/2020\/wp-content\/uploads\/2020\/05\/albania.jpeg","width":540,"height":540,"caption":"Kisha Orthodhokse Autoqefale e Shqip\u00ebris\u00eb"},"image":{"@id":"https:\/\/orthodoxalbania.org\/2020\/#\/schema\/logo\/image\/"},"sameAs":["https:\/\/www.facebook.com\/koash1991"]},{"@type":"Person","@id":"https:\/\/orthodoxalbania.org\/2020\/#\/schema\/person\/dd2bdc135b53c60d45b8bb329565cf6d","name":"neo_admin","image":{"@type":"ImageObject","inLanguage":"en-US","@id":"https:\/\/secure.gravatar.com\/avatar\/53e6cdc30765aade0129f85e5aeb50124b1d3f5bb9a70373be31e4eb328371e0?s=96&d=mm&r=g","url":"https:\/\/secure.gravatar.com\/avatar\/53e6cdc30765aade0129f85e5aeb50124b1d3f5bb9a70373be31e4eb328371e0?s=96&d=mm&r=g","contentUrl":"https:\/\/secure.gravatar.com\/avatar\/53e6cdc30765aade0129f85e5aeb50124b1d3f5bb9a70373be31e4eb328371e0?s=96&d=mm&r=g","caption":"neo_admin"}}]}},"_links":{"self":[{"href":"https:\/\/orthodoxalbania.org\/2020\/wp-json\/wp\/v2\/posts\/6824","targetHints":{"allow":["GET"]}}],"collection":[{"href":"https:\/\/orthodoxalbania.org\/2020\/wp-json\/wp\/v2\/posts"}],"about":[{"href":"https:\/\/orthodoxalbania.org\/2020\/wp-json\/wp\/v2\/types\/post"}],"author":[{"embeddable":true,"href":"https:\/\/orthodoxalbania.org\/2020\/wp-json\/wp\/v2\/users\/14"}],"replies":[{"embeddable":true,"href":"https:\/\/orthodoxalbania.org\/2020\/wp-json\/wp\/v2\/comments?post=6824"}],"version-history":[{"count":1,"href":"https:\/\/orthodoxalbania.org\/2020\/wp-json\/wp\/v2\/posts\/6824\/revisions"}],"predecessor-version":[{"id":14752,"href":"https:\/\/orthodoxalbania.org\/2020\/wp-json\/wp\/v2\/posts\/6824\/revisions\/14752"}],"wp:featuredmedia":[{"embeddable":true,"href":"https:\/\/orthodoxalbania.org\/2020\/wp-json\/wp\/v2\/media\/6825"}],"wp:attachment":[{"href":"https:\/\/orthodoxalbania.org\/2020\/wp-json\/wp\/v2\/media?parent=6824"}],"wp:term":[{"taxonomy":"category","embeddable":true,"href":"https:\/\/orthodoxalbania.org\/2020\/wp-json\/wp\/v2\/categories?post=6824"},{"taxonomy":"post_tag","embeddable":true,"href":"https:\/\/orthodoxalbania.org\/2020\/wp-json\/wp\/v2\/tags?post=6824"}],"curies":[{"name":"wp","href":"https:\/\/api.w.org\/{rel}","templated":true}]}}