{"id":6822,"date":"2018-08-18T10:23:45","date_gmt":"2018-08-18T10:23:45","guid":{"rendered":""},"modified":"2020-04-06T21:58:04","modified_gmt":"2020-04-06T19:58:04","slug":"u-zhvilluan-kampet-verore-kombetare-per-djem","status":"publish","type":"post","link":"https:\/\/orthodoxalbania.org\/2020\/2018\/08\/18\/u-zhvilluan-kampet-verore-kombetare-per-djem\/","title":{"rendered":"U zhvilluan kampet verore komb\u00ebtare p\u00ebr djem"},"content":{"rendered":"<p style=\"text-align: center;\">\n\t&nbsp;<\/p>\n<p> <\/p>\n<p>\n\t&nbsp;<\/p>\n<p style=\"text-align: center;\">\n\t&nbsp;<\/p>\n<p style=\"text-align: center;\">\n\t<span style=\"color: #800000; font-size: 12pt; font-family: helvetica;\"><strong>\u201c\u00c7do gj\u00eb q\u00eb b\u00ebni, b\u00ebjeni si p\u00ebr Zotin\u201d<\/strong><\/span><\/p>\n<p style=\"text-align: center;\">\n\t&nbsp;<\/p>\n<p style=\"text-align: center;\">\n\t<span style=\"color: #000000; font-size: 12pt; font-family: helvetica;\"><strong>U zhvilluan kampet verore komb\u00ebtare p\u00ebr djem<\/strong><\/span><\/p>\n<p style=\"text-align: justify;\">\n\t&nbsp;<\/p>\n<p style=\"text-align: center;\">\n\t<span style=\"color: #008000; font-size: 12pt; font-family: helvetica;\"><strong>Kampi i par\u00eb p\u00ebr djem<\/strong><\/span><\/p>\n<p style=\"text-align: justify;\">\n\t&nbsp;<\/p>\n<p style=\"text-align: justify;\">\n\t<span style=\"color: #000000; font-size: 12pt; font-family: helvetica;\">Kampi i par\u00eb p\u00ebr djem u zhvillua nga data 30 qershor-9 korrik, n\u00eb mjediset e Manastirit t\u00eb Sh\u00ebn Vlashit dhe t\u00eb Akademis\u00eb Teologjike. Si t\u00eb gjitha kampet e tjera, ai u zhvillua me bekimin dhe mund\u00ebsit\u00eb e krijuara nga Kryepiskopi Anastas, q\u00eb ka qen\u00eb edhe nism\u00ebtari i organizimit t\u00eb tyre.<\/span><\/p>\n<p style=\"text-align: justify;\">\n\t<span style=\"color: #000000; font-size: 12pt; font-family: helvetica;\">Tema p\u00ebr k\u00ebt\u00eb vit ishte: \u201c\u00c7do gj\u00eb q\u00eb b\u00ebni, b\u00ebjeni si p\u00ebr Zotin\u201d. N\u00eb t\u00eb mor\u00ebn pjes\u00eb f\u00ebmij\u00eb nga mosha 10-13 vje\u00e7. Kampi pati veprimtari t\u00eb larmishme shpirt\u00ebrore e sociale, aktivitete sportive, vajtje n\u00eb plazh, olimpiada e kampionate etj.<\/span><\/p>\n<p style=\"text-align: justify;\">\n\t<span style=\"color: #000000; font-size: 12pt; font-family: helvetica;\">Djemt\u00eb pat\u00ebn mund\u00ebsi t\u00eb ndiqnin sh\u00ebrbesat e ndryshme, si dhe Liturgjin\u00eb Hyjnore, ku pjesa m\u00eb e madhe u kungua me Trupin dhe Gjakun e Krishtit.<\/span><\/p>\n<p style=\"text-align: justify;\">\n\t<span style=\"color: #000000; font-size: 12pt; font-family: helvetica;\">Gjat\u00eb k\u00ebtyre 10 dit\u00ebve, ata u shk\u00ebput\u00ebn nga rutina e p\u00ebrditshme q\u00eb p\u00ebrjeton nj\u00eb adoleshent dhe u b\u00ebn\u00eb pjes\u00eb e nj\u00eb m\u00ebnyre t\u00eb ve\u00e7ant\u00eb jetese, t\u00eb ndryshme nga mentaliteti i bot\u00ebs, nj\u00eb jet\u00eb n\u00eb komunitet t\u00eb krishter\u00eb.<\/span><\/p>\n<p style=\"text-align: justify;\">\n\t&nbsp;<\/p>\n<p style=\"text-align: right;\">\n\t<span style=\"color: #000000; font-size: 12pt; font-family: helvetica;\"><strong>Ervin Mihali<\/strong><\/span><\/p>\n<p style=\"text-align: justify;\">\n\t&nbsp;<\/p>\n<p style=\"text-align: center;\">\n\t<span style=\"color: #008000; font-size: 12pt; font-family: helvetica;\"><strong>Kampi i dyt\u00eb p\u00ebr djem<\/strong><\/span><\/p>\n<p style=\"text-align: justify;\">\n\t&nbsp;<\/p>\n<p style=\"text-align: justify;\">\n\t<span style=\"color: #000000; font-size: 12pt; font-family: helvetica;\">Me bekimin e Fortlumturis\u00eb s\u00eb Tij, Kryepiskopit Anastas, nga datat 12-21 korrik u zhvillua kampi i dyt\u00eb p\u00ebr djem, p\u00ebr moshat 14-17 vje\u00e7, ku mor\u00ebn pjes\u00eb 75 f\u00ebmij\u00eb. K\u00ebsaj grupmoshe iu bashkuan edhe disa f\u00ebmij\u00eb m\u00eb t\u00eb vegj\u00ebl, q\u00eb sh\u00ebrbejn\u00eb n\u00eb enorin\u00eb e Apostull Pavlit dhe Sh\u00ebn Astit n\u00eb Durr\u00ebs. Edhe ky kamp u zhvillua n\u00eb mjediset e Manastirit t\u00eb Hirsh\u00ebm t\u00eb Sh\u00ebn Vlashit n\u00ebn p\u00ebrgjegj\u00ebsin\u00eb e Akademis\u00eb Teologjike \u201cNgjallja e Krishtit\u201d, realizuar nga pedagog\u00ebt e saj dhe me bashk\u00ebpunimin e ngusht\u00eb t\u00eb katekist\u00ebve, student\u00ebve t\u00eb Akademis\u00eb Teologjike, si dhe t\u00eb nx\u00ebn\u00ebsve t\u00eb Liceut \u201cKryqi i Nderuar\u201d n\u00eb Sukth.<\/span><\/p>\n<p style=\"text-align: justify;\">\n\t<span style=\"color: #000000; font-size: 12pt; font-family: helvetica;\">Tema p\u00ebr k\u00ebt\u00eb vit ishte: \u201c\u00c7do gj\u00eb q\u00eb b\u00ebni, b\u00ebjeni si p\u00ebr Zotin\u201d. Kampi pati nj\u00eb larmi aktivitetesh shpirt\u00ebrore e sociale, loj\u00ebra sportive, plazh, olimpiada e kampionate dhe programe edukuese, duke pasur si q\u00ebllim kryesor v\u00ebnien n\u00eb praktik\u00eb t\u00eb tem\u00ebs s\u00eb kampit.<\/span><\/p>\n<p style=\"text-align: justify;\">\n\t<span style=\"color: #000000; font-size: 12pt; font-family: helvetica;\">K\u00ebt\u00eb vit, pjes\u00ebmarr\u00ebsit lexuan e studiuan Ungjillin sipas Markut. Nj\u00eb risi ishte organizimi i olimpiad\u00ebs biblike, e cila u realizua n\u00eb dy faza, duke u dh\u00ebn\u00eb mund\u00ebsi djemve q\u00eb, at\u00eb q\u00eb kishin p\u00ebrvet\u00ebsuar nga Ungjilli, t\u00eb mund ta shprehnin me an\u00eb t\u00eb nj\u00eb konkursi. Kampist\u00ebt u vun\u00eb p\u00ebrball\u00eb sfidave t\u00eb ndryshme n\u00eb grup.<\/span><\/p>\n<p style=\"text-align: justify;\">\n\t<span style=\"color: #000000; font-size: 12pt; font-family: helvetica;\">N\u00eb kamp, nj\u00eb r\u00ebnd\u00ebsi i jepej edhe bisedave shpirt\u00ebrore q\u00eb zhvilloheshin pasdite, t\u00eb mbajtura nga referues t\u00eb ndrysh\u00ebm, pedagog\u00eb t\u00eb Akademis\u00eb.<\/span><\/p>\n<p style=\"text-align: justify;\">\n\t<span style=\"color: #000000; font-size: 12pt; font-family: helvetica;\">P\u00ebrve\u00e7 referuesve t\u00eb pranish\u00ebm n\u00eb kamp, e ve\u00e7ant\u00eb ishte prania e nj\u00eb grupi rinor nga Athina, prej enoris\u00eb s\u00eb Anargjend\u00ebve Kozma e Damian. Ata u shpreh\u00ebn se, edhe pse vijm\u00eb nga vende t\u00eb ndryshme, ne p\u00ebrs\u00ebri jemi v\u00ebllez\u00ebr, sepse kungohemi nga i nj\u00ebjti potir.<\/span><\/p>\n<p style=\"text-align: justify;\">\n\t<span style=\"color: #000000; font-size: 12pt; font-family: helvetica;\">Nj\u00eb moment kulmor dhe i r\u00ebnd\u00eb\u00adsish\u00ebm ishte 19 korriku, kur nga Hir\u00ebsi Asti u pag\u00ebzuan 13 djem, t\u00eb cil\u00ebt vesh\u00ebn Krishtin dhe filluan nj\u00eb jet\u00eb t\u00eb re m\u00eb Zotin.<\/span><\/p>\n<p style=\"text-align: justify;\">\n\t&nbsp;<\/p>\n<p style=\"text-align: right;\">\n\t<span style=\"color: #000000; font-size: 12pt; font-family: helvetica;\"><strong>Jorgo Belul<\/strong><\/span><\/p>\n<p style=\"text-align: justify;\">\n\t&nbsp;<\/p>\n<p style=\"text-align: center;\">\n\t<span style=\"color: #008000; font-size: 12pt; font-family: helvetica;\"><strong>Kampi Studentor<\/strong><\/span><\/p>\n<p style=\"text-align: center;\">\n\t&nbsp;<\/p>\n<p style=\"text-align: justify;\">\n\t<span style=\"color: #000000; font-size: 12pt; font-family: helvetica;\">Me bekimin e Kryepiskopit Anastas, nga data 20-31 korrik 2018, p\u00ebr vitin e dyt\u00eb radhazi, u krye Kampi Studentor \u201cRilindja\u201d, n\u00eb mjediset e rind\u00ebrtuara t\u00eb Manastirit t\u00eb Sh\u00ebn Theodhor\u00ebve, Dh\u00ebrmi. K\u00ebt\u00eb vit ishte punuar q\u00eb kushtet t\u00eb ishin edhe m\u00eb t\u00eb mira n\u00eb akomodim, mens\u00eb dhe n\u00eb ambientet \u00e7lodh\u00ebse.<\/span><\/p>\n<p style=\"text-align: justify;\">\n\t<span style=\"color: #000000; font-size: 12pt; font-family: helvetica;\">Tema e kampit ishte: \u201c\u00c7do gj\u00eb q\u00eb b\u00ebni, b\u00ebjeni si p\u00ebr Zotin\u201d. Bisedat shpirt\u00ebrore q\u00eb kryheshin \u00e7do dit\u00eb n\u00eb mbr\u00ebmje, u p\u00ebrqendruan n\u00eb tema me karakter social, moral. N\u00eb to u diskutua p\u00ebr dukuri jo t\u00eb krishtera, si: lakmia, droga, tatuazhi, imoraliteti, filozofi okulte dhe jan\u00eb nj\u00eb tundim i p\u00ebrditsh\u00ebm p\u00ebr t\u2019u p\u00ebrballuar nga t\u00eb rinjt\u00eb e krishter\u00eb. M\u00ebsimet shoq\u00ebroheshin edhe me filma dokumentar\u00eb, t\u00eb b\u00ebr\u00eb nga Zyra e Katekizmit. Temat priteshin me interes dhe shum\u00eb pyetje merrnin p\u00ebrgjigje sipas m\u00ebsimit t\u00eb kish\u00ebs, shenjtor\u00ebve dhe eksperiencave personale. Kjo krijonte nj\u00eb klim\u00eb v\u00ebllaz\u00ebrore larg bisedave skematike, akademike e t\u00eb lodhshme.<\/span><\/p>\n<p style=\"text-align: justify;\">\n\t<span style=\"color: #000000; font-size: 12pt; font-family: helvetica;\">\u00c7do m\u00ebngjes, pas nj\u00eb sh\u00ebrbese t\u00eb shkurt\u00ebr, lexohej Ungjilli dhe komentohej s\u00eb bashku me kampist\u00ebt, ku secili mund t\u00eb shprehte lirsh\u00ebm mendimin e tij se si ai e p\u00ebrjetonte Fjal\u00ebn e Zotit drejtuar atij n\u00eb at\u00eb dit\u00eb. Gjithashtu, n\u00eb kamp u krye Misteri i Rr\u00ebfim-Pendimit nga Episkop Asti dhe sh\u00ebrbesat e M\u00ebngjesores dhe Mbr\u00ebm\u00ebsores, Ajazma e Vog\u00ebl dhe Liturgjit\u00eb Hyjnore nga arkimandrit Kozma Prifti.<\/span><\/p>\n<p style=\"text-align: justify;\">\n\t<span style=\"color: #000000; font-size: 12pt; font-family: helvetica;\">Stafi i kampit i kampit, sipas detyrave, u kujdes q\u00eb kampist\u00ebve student\u00eb, t\u2019u krijoheshin kushte sa m\u00eb optimale, duke u interesuar p\u00ebr \u00e7do aspekt t\u00eb jet\u00ebs n\u00eb kamp si n\u00eb ushqim, arg\u00ebtim e \u00e7lodhje.<\/span><\/p>\n<p style=\"text-align: justify;\">\n\t<span style=\"color: #000000; font-size: 12pt; font-family: helvetica;\">Numri i student\u00ebve nga t\u00eb gjitha mitropolit\u00eb dhe dioqezat ishte rreth 40, por kapacitetet jan\u00eb q\u00eb vitet e ardhshme ky num\u00ebr t\u00eb jet\u00eb m\u00eb i madh. Atyre u shtoheshin stafi prej 13 vetash, klerik\u00eb, teolog\u00eb, katekist\u00eb e vullnetar\u00eb.<\/span><\/p>\n<p style=\"text-align: justify;\">\n\t&nbsp;<\/p>\n<p style=\"text-align: right;\">\n\t<span style=\"color: #000000; font-size: 12pt; font-family: helvetica;\"><strong>Miron \u00c7ako<\/strong><\/span><\/p>\n<p style=\"text-align: right;\">\n\t&nbsp;<\/p>\n<p style=\"text-align: center;\">\n\t<a data-flickr-embed=\"true\" data-header=\"true\" href=\"https:\/\/www.flickr.com\/photos\/157448745@N08\/albums\/72157670714033567\" title=\"U zhvilluan kampet verore komb\u00ebtare p\u00ebr djem\"><img class=\"lazyload\" decoding=\"async\" alt=\"U zhvilluan kampet verore komb\u00ebtare p\u00ebr djem\" height=\"375\" src=\"data:image\/svg+xml,%3Csvg%20xmlns%3D%27http%3A%2F%2Fwww.w3.org%2F2000%2Fsvg%27%20width%3D%27500%27%20height%3D%27375%27%20viewBox%3D%270%200%20500%20375%27%3E%3Crect%20width%3D%27500%27%20height%3D%27375%27%20fill-opacity%3D%220%22%2F%3E%3C%2Fsvg%3E\" data-orig-src=\"https:\/\/farm2.staticflickr.com\/1869\/42551531010_446e9721e9.jpg\" width=\"500\" \/><\/a><script async=\"\" src=\"\/\/embedr.flickr.com\/assets\/client-code.js\" charset=\"utf-8\"><\/script><\/p>\n","protected":false},"excerpt":{"rendered":"<p>&nbsp; &nbsp; &nbsp; \u201c\u00c7do gj\u00eb q\u00eb b\u00ebni, b\u00ebjeni si p\u00ebr Zotin\u201d &nbsp; U zhvilluan kampet verore komb\u00ebtare p\u00ebr djem &nbsp; Kampi i par\u00eb p\u00ebr djem &nbsp; Kampi i par\u00eb p\u00ebr djem u zhvillua nga data 30 qershor-9 korrik, n\u00eb mjediset e Manastirit t\u00eb Sh\u00ebn Vlashit dhe t\u00eb Akademis\u00eb Teologjike. Si t\u00eb gjitha kampet e tjera, ai u zhvillua me bekimin dhe mund\u00ebsit\u00eb e krijuara nga<\/p>\n","protected":false},"author":14,"featured_media":6823,"comment_status":"open","ping_status":"open","sticky":false,"template":"","format":"standard","meta":{"_acf_changed":false,"pagelayer_contact_templates":[],"_pagelayer_content":"","inline_featured_image":false,"fifu_image_url":"","fifu_image_alt":"","footnotes":""},"categories":[108],"tags":[220,200,196,212],"class_list":["post-6822","post","type-post","status-publish","format-standard","has-post-thumbnail","hentry","category-lajme","tag-220","tag-kampe-verore","tag-tirane","tag-lajme-d27"],"acf":[],"yoast_head":"<!-- This site is optimized with the Yoast SEO plugin v27.2 - https:\/\/yoast.com\/product\/yoast-seo-wordpress\/ -->\n<title>U zhvilluan kampet verore komb\u00ebtare p\u00ebr djem - Kisha Orthodh\u03bfkse Autoqefale e Shqip\u00ebris\u00eb<\/title>\n<meta name=\"robots\" content=\"index, follow, max-snippet:-1, max-image-preview:large, max-video-preview:-1\" \/>\n<link rel=\"canonical\" href=\"https:\/\/orthodoxalbania.org\/2020\/2018\/08\/18\/u-zhvilluan-kampet-verore-kombetare-per-djem\/\" \/>\n<meta property=\"og:locale\" content=\"en_US\" \/>\n<meta property=\"og:type\" content=\"article\" \/>\n<meta property=\"og:title\" content=\"U zhvilluan kampet verore komb\u00ebtare p\u00ebr djem - Kisha Orthodh\u03bfkse Autoqefale e Shqip\u00ebris\u00eb\" \/>\n<meta property=\"og:description\" content=\"&nbsp; &nbsp; &nbsp; \u201c\u00c7do gj\u00eb q\u00eb b\u00ebni, b\u00ebjeni si p\u00ebr Zotin\u201d &nbsp; U zhvilluan kampet verore komb\u00ebtare p\u00ebr djem &nbsp; Kampi i par\u00eb p\u00ebr djem &nbsp; Kampi i par\u00eb p\u00ebr djem u zhvillua nga data 30 qershor-9 korrik, n\u00eb mjediset e Manastirit t\u00eb Sh\u00ebn Vlashit dhe t\u00eb Akademis\u00eb Teologjike. Si t\u00eb gjitha kampet e tjera, ai u zhvillua me bekimin dhe mund\u00ebsit\u00eb e krijuara nga\" \/>\n<meta property=\"og:url\" content=\"https:\/\/orthodoxalbania.org\/2020\/2018\/08\/18\/u-zhvilluan-kampet-verore-kombetare-per-djem\/\" \/>\n<meta property=\"og:site_name\" content=\"Kisha Orthodh\u03bfkse Autoqefale e Shqip\u00ebris\u00eb\" \/>\n<meta property=\"article:publisher\" content=\"https:\/\/www.facebook.com\/koash1991\" \/>\n<meta property=\"article:published_time\" content=\"2018-08-18T10:23:45+00:00\" \/>\n<meta property=\"article:modified_time\" content=\"2020-04-06T19:58:04+00:00\" \/>\n<meta property=\"og:image\" content=\"https:\/\/orthodoxalbania.org\/2020\/wp-content\/uploads\/2020\/04\/kopertine10.jpg\" \/>\n\t<meta property=\"og:image:width\" content=\"640\" \/>\n\t<meta property=\"og:image:height\" content=\"384\" \/>\n\t<meta property=\"og:image:type\" content=\"image\/jpeg\" \/>\n<meta name=\"author\" content=\"neo_admin\" \/>\n<meta name=\"twitter:card\" content=\"summary_large_image\" \/>\n<meta name=\"twitter:label1\" content=\"Written by\" \/>\n\t<meta name=\"twitter:data1\" content=\"neo_admin\" \/>\n\t<meta name=\"twitter:label2\" content=\"Est. reading time\" \/>\n\t<meta name=\"twitter:data2\" content=\"5 minutes\" \/>\n<script type=\"application\/ld+json\" class=\"yoast-schema-graph\">{\"@context\":\"https:\/\/schema.org\",\"@graph\":[{\"@type\":\"Article\",\"@id\":\"https:\/\/orthodoxalbania.org\/2020\/2018\/08\/18\/u-zhvilluan-kampet-verore-kombetare-per-djem\/#article\",\"isPartOf\":{\"@id\":\"https:\/\/orthodoxalbania.org\/2020\/2018\/08\/18\/u-zhvilluan-kampet-verore-kombetare-per-djem\/\"},\"author\":{\"name\":\"neo_admin\",\"@id\":\"https:\/\/orthodoxalbania.org\/2020\/#\/schema\/person\/dd2bdc135b53c60d45b8bb329565cf6d\"},\"headline\":\"U zhvilluan kampet verore komb\u00ebtare p\u00ebr djem\",\"datePublished\":\"2018-08-18T10:23:45+00:00\",\"dateModified\":\"2020-04-06T19:58:04+00:00\",\"mainEntityOfPage\":{\"@id\":\"https:\/\/orthodoxalbania.org\/2020\/2018\/08\/18\/u-zhvilluan-kampet-verore-kombetare-per-djem\/\"},\"wordCount\":913,\"commentCount\":0,\"publisher\":{\"@id\":\"https:\/\/orthodoxalbania.org\/2020\/#organization\"},\"image\":{\"@id\":\"https:\/\/orthodoxalbania.org\/2020\/2018\/08\/18\/u-zhvilluan-kampet-verore-kombetare-per-djem\/#primaryimage\"},\"thumbnailUrl\":\"https:\/\/orthodoxalbania.org\/2020\/wp-content\/uploads\/2020\/04\/kopertine10.jpg\",\"keywords\":[\"2018\",\"Kampe verore\",\"Kryepiskopata Tiran\u00eb\",\"lajme\"],\"articleSection\":[\"Lajme\"],\"inLanguage\":\"en-US\"},{\"@type\":\"WebPage\",\"@id\":\"https:\/\/orthodoxalbania.org\/2020\/2018\/08\/18\/u-zhvilluan-kampet-verore-kombetare-per-djem\/\",\"url\":\"https:\/\/orthodoxalbania.org\/2020\/2018\/08\/18\/u-zhvilluan-kampet-verore-kombetare-per-djem\/\",\"name\":\"U zhvilluan kampet verore komb\u00ebtare p\u00ebr djem - Kisha Orthodh\u03bfkse Autoqefale e Shqip\u00ebris\u00eb\",\"isPartOf\":{\"@id\":\"https:\/\/orthodoxalbania.org\/2020\/#website\"},\"primaryImageOfPage\":{\"@id\":\"https:\/\/orthodoxalbania.org\/2020\/2018\/08\/18\/u-zhvilluan-kampet-verore-kombetare-per-djem\/#primaryimage\"},\"image\":{\"@id\":\"https:\/\/orthodoxalbania.org\/2020\/2018\/08\/18\/u-zhvilluan-kampet-verore-kombetare-per-djem\/#primaryimage\"},\"thumbnailUrl\":\"https:\/\/orthodoxalbania.org\/2020\/wp-content\/uploads\/2020\/04\/kopertine10.jpg\",\"datePublished\":\"2018-08-18T10:23:45+00:00\",\"dateModified\":\"2020-04-06T19:58:04+00:00\",\"breadcrumb\":{\"@id\":\"https:\/\/orthodoxalbania.org\/2020\/2018\/08\/18\/u-zhvilluan-kampet-verore-kombetare-per-djem\/#breadcrumb\"},\"inLanguage\":\"en-US\",\"potentialAction\":[{\"@type\":\"ReadAction\",\"target\":[\"https:\/\/orthodoxalbania.org\/2020\/2018\/08\/18\/u-zhvilluan-kampet-verore-kombetare-per-djem\/\"]}]},{\"@type\":\"ImageObject\",\"inLanguage\":\"en-US\",\"@id\":\"https:\/\/orthodoxalbania.org\/2020\/2018\/08\/18\/u-zhvilluan-kampet-verore-kombetare-per-djem\/#primaryimage\",\"url\":\"https:\/\/orthodoxalbania.org\/2020\/wp-content\/uploads\/2020\/04\/kopertine10.jpg\",\"contentUrl\":\"https:\/\/orthodoxalbania.org\/2020\/wp-content\/uploads\/2020\/04\/kopertine10.jpg\",\"width\":640,\"height\":384},{\"@type\":\"BreadcrumbList\",\"@id\":\"https:\/\/orthodoxalbania.org\/2020\/2018\/08\/18\/u-zhvilluan-kampet-verore-kombetare-per-djem\/#breadcrumb\",\"itemListElement\":[{\"@type\":\"ListItem\",\"position\":1,\"name\":\"Home\",\"item\":\"https:\/\/orthodoxalbania.org\/2020\/\"},{\"@type\":\"ListItem\",\"position\":2,\"name\":\"U zhvilluan kampet verore komb\u00ebtare p\u00ebr djem\"}]},{\"@type\":\"WebSite\",\"@id\":\"https:\/\/orthodoxalbania.org\/2020\/#website\",\"url\":\"https:\/\/orthodoxalbania.org\/2020\/\",\"name\":\"Kisha Orthodh\u03bfkse Autoqefale e Shqip\u00ebris\u00eb\",\"description\":\"Fqja Zyrtare e Kish\u00ebs Orthodhokse Autoqefale e Shqip\u00ebris\u00eb me lajmet edhe informacionet zyrtare p\u00ebr struktur\u00ebn edhe veprimtarin e saj.\",\"publisher\":{\"@id\":\"https:\/\/orthodoxalbania.org\/2020\/#organization\"},\"potentialAction\":[{\"@type\":\"SearchAction\",\"target\":{\"@type\":\"EntryPoint\",\"urlTemplate\":\"https:\/\/orthodoxalbania.org\/2020\/?s={search_term_string}\"},\"query-input\":{\"@type\":\"PropertyValueSpecification\",\"valueRequired\":true,\"valueName\":\"search_term_string\"}}],\"inLanguage\":\"en-US\"},{\"@type\":\"Organization\",\"@id\":\"https:\/\/orthodoxalbania.org\/2020\/#organization\",\"name\":\"Kisha Orthodhokse Autoqefale e Shqip\u00ebris\u00eb\",\"url\":\"https:\/\/orthodoxalbania.org\/2020\/\",\"logo\":{\"@type\":\"ImageObject\",\"inLanguage\":\"en-US\",\"@id\":\"https:\/\/orthodoxalbania.org\/2020\/#\/schema\/logo\/image\/\",\"url\":\"https:\/\/orthodoxalbania.org\/2020\/wp-content\/uploads\/2020\/05\/albania.jpeg\",\"contentUrl\":\"https:\/\/orthodoxalbania.org\/2020\/wp-content\/uploads\/2020\/05\/albania.jpeg\",\"width\":540,\"height\":540,\"caption\":\"Kisha Orthodhokse Autoqefale e Shqip\u00ebris\u00eb\"},\"image\":{\"@id\":\"https:\/\/orthodoxalbania.org\/2020\/#\/schema\/logo\/image\/\"},\"sameAs\":[\"https:\/\/www.facebook.com\/koash1991\"]},{\"@type\":\"Person\",\"@id\":\"https:\/\/orthodoxalbania.org\/2020\/#\/schema\/person\/dd2bdc135b53c60d45b8bb329565cf6d\",\"name\":\"neo_admin\",\"image\":{\"@type\":\"ImageObject\",\"inLanguage\":\"en-US\",\"@id\":\"https:\/\/secure.gravatar.com\/avatar\/53e6cdc30765aade0129f85e5aeb50124b1d3f5bb9a70373be31e4eb328371e0?s=96&d=mm&r=g\",\"url\":\"https:\/\/secure.gravatar.com\/avatar\/53e6cdc30765aade0129f85e5aeb50124b1d3f5bb9a70373be31e4eb328371e0?s=96&d=mm&r=g\",\"contentUrl\":\"https:\/\/secure.gravatar.com\/avatar\/53e6cdc30765aade0129f85e5aeb50124b1d3f5bb9a70373be31e4eb328371e0?s=96&d=mm&r=g\",\"caption\":\"neo_admin\"}}]}<\/script>\n<!-- \/ Yoast SEO plugin. -->","yoast_head_json":{"title":"U zhvilluan kampet verore komb\u00ebtare p\u00ebr djem - Kisha Orthodh\u03bfkse Autoqefale e Shqip\u00ebris\u00eb","robots":{"index":"index","follow":"follow","max-snippet":"max-snippet:-1","max-image-preview":"max-image-preview:large","max-video-preview":"max-video-preview:-1"},"canonical":"https:\/\/orthodoxalbania.org\/2020\/2018\/08\/18\/u-zhvilluan-kampet-verore-kombetare-per-djem\/","og_locale":"en_US","og_type":"article","og_title":"U zhvilluan kampet verore komb\u00ebtare p\u00ebr djem - Kisha Orthodh\u03bfkse Autoqefale e Shqip\u00ebris\u00eb","og_description":"&nbsp; &nbsp; &nbsp; \u201c\u00c7do gj\u00eb q\u00eb b\u00ebni, b\u00ebjeni si p\u00ebr Zotin\u201d &nbsp; U zhvilluan kampet verore komb\u00ebtare p\u00ebr djem &nbsp; Kampi i par\u00eb p\u00ebr djem &nbsp; Kampi i par\u00eb p\u00ebr djem u zhvillua nga data 30 qershor-9 korrik, n\u00eb mjediset e Manastirit t\u00eb Sh\u00ebn Vlashit dhe t\u00eb Akademis\u00eb Teologjike. Si t\u00eb gjitha kampet e tjera, ai u zhvillua me bekimin dhe mund\u00ebsit\u00eb e krijuara nga","og_url":"https:\/\/orthodoxalbania.org\/2020\/2018\/08\/18\/u-zhvilluan-kampet-verore-kombetare-per-djem\/","og_site_name":"Kisha Orthodh\u03bfkse Autoqefale e Shqip\u00ebris\u00eb","article_publisher":"https:\/\/www.facebook.com\/koash1991","article_published_time":"2018-08-18T10:23:45+00:00","article_modified_time":"2020-04-06T19:58:04+00:00","og_image":[{"width":640,"height":384,"url":"https:\/\/orthodoxalbania.org\/2020\/wp-content\/uploads\/2020\/04\/kopertine10.jpg","type":"image\/jpeg"}],"author":"neo_admin","twitter_card":"summary_large_image","twitter_misc":{"Written by":"neo_admin","Est. reading time":"5 minutes"},"schema":{"@context":"https:\/\/schema.org","@graph":[{"@type":"Article","@id":"https:\/\/orthodoxalbania.org\/2020\/2018\/08\/18\/u-zhvilluan-kampet-verore-kombetare-per-djem\/#article","isPartOf":{"@id":"https:\/\/orthodoxalbania.org\/2020\/2018\/08\/18\/u-zhvilluan-kampet-verore-kombetare-per-djem\/"},"author":{"name":"neo_admin","@id":"https:\/\/orthodoxalbania.org\/2020\/#\/schema\/person\/dd2bdc135b53c60d45b8bb329565cf6d"},"headline":"U zhvilluan kampet verore komb\u00ebtare p\u00ebr djem","datePublished":"2018-08-18T10:23:45+00:00","dateModified":"2020-04-06T19:58:04+00:00","mainEntityOfPage":{"@id":"https:\/\/orthodoxalbania.org\/2020\/2018\/08\/18\/u-zhvilluan-kampet-verore-kombetare-per-djem\/"},"wordCount":913,"commentCount":0,"publisher":{"@id":"https:\/\/orthodoxalbania.org\/2020\/#organization"},"image":{"@id":"https:\/\/orthodoxalbania.org\/2020\/2018\/08\/18\/u-zhvilluan-kampet-verore-kombetare-per-djem\/#primaryimage"},"thumbnailUrl":"https:\/\/orthodoxalbania.org\/2020\/wp-content\/uploads\/2020\/04\/kopertine10.jpg","keywords":["2018","Kampe verore","Kryepiskopata Tiran\u00eb","lajme"],"articleSection":["Lajme"],"inLanguage":"en-US"},{"@type":"WebPage","@id":"https:\/\/orthodoxalbania.org\/2020\/2018\/08\/18\/u-zhvilluan-kampet-verore-kombetare-per-djem\/","url":"https:\/\/orthodoxalbania.org\/2020\/2018\/08\/18\/u-zhvilluan-kampet-verore-kombetare-per-djem\/","name":"U zhvilluan kampet verore komb\u00ebtare p\u00ebr djem - Kisha Orthodh\u03bfkse Autoqefale e Shqip\u00ebris\u00eb","isPartOf":{"@id":"https:\/\/orthodoxalbania.org\/2020\/#website"},"primaryImageOfPage":{"@id":"https:\/\/orthodoxalbania.org\/2020\/2018\/08\/18\/u-zhvilluan-kampet-verore-kombetare-per-djem\/#primaryimage"},"image":{"@id":"https:\/\/orthodoxalbania.org\/2020\/2018\/08\/18\/u-zhvilluan-kampet-verore-kombetare-per-djem\/#primaryimage"},"thumbnailUrl":"https:\/\/orthodoxalbania.org\/2020\/wp-content\/uploads\/2020\/04\/kopertine10.jpg","datePublished":"2018-08-18T10:23:45+00:00","dateModified":"2020-04-06T19:58:04+00:00","breadcrumb":{"@id":"https:\/\/orthodoxalbania.org\/2020\/2018\/08\/18\/u-zhvilluan-kampet-verore-kombetare-per-djem\/#breadcrumb"},"inLanguage":"en-US","potentialAction":[{"@type":"ReadAction","target":["https:\/\/orthodoxalbania.org\/2020\/2018\/08\/18\/u-zhvilluan-kampet-verore-kombetare-per-djem\/"]}]},{"@type":"ImageObject","inLanguage":"en-US","@id":"https:\/\/orthodoxalbania.org\/2020\/2018\/08\/18\/u-zhvilluan-kampet-verore-kombetare-per-djem\/#primaryimage","url":"https:\/\/orthodoxalbania.org\/2020\/wp-content\/uploads\/2020\/04\/kopertine10.jpg","contentUrl":"https:\/\/orthodoxalbania.org\/2020\/wp-content\/uploads\/2020\/04\/kopertine10.jpg","width":640,"height":384},{"@type":"BreadcrumbList","@id":"https:\/\/orthodoxalbania.org\/2020\/2018\/08\/18\/u-zhvilluan-kampet-verore-kombetare-per-djem\/#breadcrumb","itemListElement":[{"@type":"ListItem","position":1,"name":"Home","item":"https:\/\/orthodoxalbania.org\/2020\/"},{"@type":"ListItem","position":2,"name":"U zhvilluan kampet verore komb\u00ebtare p\u00ebr djem"}]},{"@type":"WebSite","@id":"https:\/\/orthodoxalbania.org\/2020\/#website","url":"https:\/\/orthodoxalbania.org\/2020\/","name":"Kisha Orthodh\u03bfkse Autoqefale e Shqip\u00ebris\u00eb","description":"Fqja Zyrtare e Kish\u00ebs Orthodhokse Autoqefale e Shqip\u00ebris\u00eb me lajmet edhe informacionet zyrtare p\u00ebr struktur\u00ebn edhe veprimtarin e saj.","publisher":{"@id":"https:\/\/orthodoxalbania.org\/2020\/#organization"},"potentialAction":[{"@type":"SearchAction","target":{"@type":"EntryPoint","urlTemplate":"https:\/\/orthodoxalbania.org\/2020\/?s={search_term_string}"},"query-input":{"@type":"PropertyValueSpecification","valueRequired":true,"valueName":"search_term_string"}}],"inLanguage":"en-US"},{"@type":"Organization","@id":"https:\/\/orthodoxalbania.org\/2020\/#organization","name":"Kisha Orthodhokse Autoqefale e Shqip\u00ebris\u00eb","url":"https:\/\/orthodoxalbania.org\/2020\/","logo":{"@type":"ImageObject","inLanguage":"en-US","@id":"https:\/\/orthodoxalbania.org\/2020\/#\/schema\/logo\/image\/","url":"https:\/\/orthodoxalbania.org\/2020\/wp-content\/uploads\/2020\/05\/albania.jpeg","contentUrl":"https:\/\/orthodoxalbania.org\/2020\/wp-content\/uploads\/2020\/05\/albania.jpeg","width":540,"height":540,"caption":"Kisha Orthodhokse Autoqefale e Shqip\u00ebris\u00eb"},"image":{"@id":"https:\/\/orthodoxalbania.org\/2020\/#\/schema\/logo\/image\/"},"sameAs":["https:\/\/www.facebook.com\/koash1991"]},{"@type":"Person","@id":"https:\/\/orthodoxalbania.org\/2020\/#\/schema\/person\/dd2bdc135b53c60d45b8bb329565cf6d","name":"neo_admin","image":{"@type":"ImageObject","inLanguage":"en-US","@id":"https:\/\/secure.gravatar.com\/avatar\/53e6cdc30765aade0129f85e5aeb50124b1d3f5bb9a70373be31e4eb328371e0?s=96&d=mm&r=g","url":"https:\/\/secure.gravatar.com\/avatar\/53e6cdc30765aade0129f85e5aeb50124b1d3f5bb9a70373be31e4eb328371e0?s=96&d=mm&r=g","contentUrl":"https:\/\/secure.gravatar.com\/avatar\/53e6cdc30765aade0129f85e5aeb50124b1d3f5bb9a70373be31e4eb328371e0?s=96&d=mm&r=g","caption":"neo_admin"}}]}},"_links":{"self":[{"href":"https:\/\/orthodoxalbania.org\/2020\/wp-json\/wp\/v2\/posts\/6822","targetHints":{"allow":["GET"]}}],"collection":[{"href":"https:\/\/orthodoxalbania.org\/2020\/wp-json\/wp\/v2\/posts"}],"about":[{"href":"https:\/\/orthodoxalbania.org\/2020\/wp-json\/wp\/v2\/types\/post"}],"author":[{"embeddable":true,"href":"https:\/\/orthodoxalbania.org\/2020\/wp-json\/wp\/v2\/users\/14"}],"replies":[{"embeddable":true,"href":"https:\/\/orthodoxalbania.org\/2020\/wp-json\/wp\/v2\/comments?post=6822"}],"version-history":[{"count":1,"href":"https:\/\/orthodoxalbania.org\/2020\/wp-json\/wp\/v2\/posts\/6822\/revisions"}],"predecessor-version":[{"id":14753,"href":"https:\/\/orthodoxalbania.org\/2020\/wp-json\/wp\/v2\/posts\/6822\/revisions\/14753"}],"wp:featuredmedia":[{"embeddable":true,"href":"https:\/\/orthodoxalbania.org\/2020\/wp-json\/wp\/v2\/media\/6823"}],"wp:attachment":[{"href":"https:\/\/orthodoxalbania.org\/2020\/wp-json\/wp\/v2\/media?parent=6822"}],"wp:term":[{"taxonomy":"category","embeddable":true,"href":"https:\/\/orthodoxalbania.org\/2020\/wp-json\/wp\/v2\/categories?post=6822"},{"taxonomy":"post_tag","embeddable":true,"href":"https:\/\/orthodoxalbania.org\/2020\/wp-json\/wp\/v2\/tags?post=6822"}],"curies":[{"name":"wp","href":"https:\/\/api.w.org\/{rel}","templated":true}]}}