{"id":682,"date":"2013-03-21T12:10:35","date_gmt":"2013-03-21T12:10:35","guid":{"rendered":""},"modified":"2020-04-06T22:06:01","modified_gmt":"2020-04-06T20:06:01","slug":"kampet-verore-per-vajza-shen-joan-vladimir-2012","status":"publish","type":"post","link":"https:\/\/orthodoxalbania.org\/2020\/2013\/03\/21\/kampet-verore-per-vajza-shen-joan-vladimir-2012\/","title":{"rendered":"Kampet verore p\u00ebr vajza, Sh\u00ebn Joan Vladimir 2012. (Qershor &#8211; Korrik 2012)"},"content":{"rendered":"<p style=\"text-align: justify;\">\n\t<span style=\"color:#000000;\"><span style=\"font-family: tahoma,geneva,sans-serif;\"><span style=\"font-size: 12px;\"><img class=\"lazyload\" decoding=\"async\" src=\"data:image\/gif;base64,R0lGODlhAQABAAAAACH5BAEKAAEALAAAAAABAAEAAAICTAEAOw==\" data-orig-src=\"https:\/\/lh5.googleusercontent.com\/-IlSoCk1K9ow\/UBugDRpIZFI\/AAAAAAAAAnE\/XdL3ttPo9Nk\/s640\/1 - goca.jpg\" style=\"width: 300px; height: 225px; border-width: 1px; border-style: solid; margin: 10px; float: left;\" \/>&nbsp;&nbsp;&nbsp; Tema: \u201cP\u00ebr \u00e7do gj\u00eb falenderoni, kjo \u00ebsht\u00eb d\u00ebshira e Per\u00ebndis\u00eb&#8221;, shoq\u00ebroi udh\u00ebtimin e tri periudhave 10-ditore n\u00eb kampin e vajzave \u201cBariu i Mir\u00eb\u201d, n\u00eb sh\u00ebn Joan Vladimir dhe ndihmoi t\u00eb kultivohet nj\u00eb shpirt e zem\u00ebr mir\u00ebnjoh\u00ebse p\u00ebr \u00e7do gj\u00eb kemi n\u00eb jet\u00ebn ton\u00eb. Ky udh\u00ebtim 10-ditor n\u00eb kampin e vajzave, brenda programit ku p\u00ebrfshiheshin lutja, meditimi, studimi i Shkrimit t\u00eb Shenjt\u00eb, diskutimi mbi \u00e7\u00ebshtje t\u00eb ndryshme sociale, konkurse talentesh dhe dramash i ndihmoi pjes\u00ebmarr\u00ebsit t\u00eb q\u00ebndronin larg frym\u00ebs s\u00eb ankes\u00ebs dhe n\u00eb vend t\u00eb saj t\u00eb jen\u00eb mir\u00ebnjoh\u00ebs, t\u00eb hapin syt\u00eb e t\u00eb shohim bekimet dhe mrekullit\u00eb q\u00eb Zoti b\u00ebn n\u00eb jet\u00ebn ton\u00eb, t\u00eb g\u00ebzojm\u00eb miq\u00ebsit\u00eb dhe mir\u00ebsit\u00eb q\u00eb Ai na jep \u00e7do dit\u00eb. Kampi i vajzave \u201cBariu i Mir\u00eb\u201d 2012, mblodhi n\u00eb gjirin e tij 230 vajza nga qytete e fshatra t\u00eb ndyshme t\u00eb Shqip\u00ebris\u00eb, 17 prej t\u00eb cilave u b\u00ebn\u00eb an\u00ebtar\u00eb t\u00eb Kish\u00ebs son\u00eb n\u00ebp\u00ebrmjet Misterit t\u00eb Pag\u00ebzimit.<\/span><\/span><\/span><\/p>\n<p style=\"text-align: justify;\">\n\t<br \/>\n\t<span style=\"color:#000000;\"><span style=\"font-family: tahoma,geneva,sans-serif;\"><span style=\"font-size: 12px;\">&nbsp;&nbsp;&nbsp;&nbsp; Vajzat pjes\u00ebmarr\u00ebse t\u00eb ndara n\u00eb grupe t\u00eb vogla me emrat si: besimi, bindja, durimi, falja, urt\u00ebsia, p\u00ebrkushtimi, dashuria etj. m\u00ebsuan si t\u2019i p\u00ebrftojn\u00eb k\u00ebto virtute n\u00eb jet\u00ebn e tyre. Bashk\u00eb me k\u00ebto emra secili grup paraqiti n\u00eb dram\u00eb historin\u00eb e njer\u00ebzve me frik\u00eb Per\u00ebndie nga Dhiata e Vjet\u00ebr si: Josifin e drejt\u00eb p\u00ebr faljen, Jobin p\u00ebr durimin, Ruthin p\u00ebr p\u00ebrkushtimin, Abrahamin p\u00ebr besimin, Solomonin p\u00ebr urt\u00ebsin\u00eb, Jonai p\u00ebr bindjen, etj.<img class=\"lazyload\" decoding=\"async\" src=\"data:image\/gif;base64,R0lGODlhAQABAAAAACH5BAEKAAEALAAAAAABAAEAAAICTAEAOw==\" data-orig-src=\"https:\/\/lh6.googleusercontent.com\/-nFLea_odP3I\/UBugJN32u6I\/AAAAAAAAAnk\/TeerqcIHIP0\/s640\/7 - goca.jpg\" style=\"width: 300px; height: 225px; border-width: 1px; border-style: solid; margin: 10px; float: right;\" \/><br \/>\n\tFalenderimi \u00ebsht\u00eb shum\u00eb i duksh\u00ebm n\u00eb goj\u00ebn e njer\u00ebzve mir\u00ebnjoh\u00ebs, si p\u00ebr shembull n\u00eb goj\u00ebn e Profet\u00ebve. Profeti Daniel lutej e falenderonte Per\u00ebndin\u00eb, n\u00eb jet\u00ebn e shenjtor\u00ebve t\u00eb cil\u00ebt edhe n\u00eb vuajtje t\u00eb m\u00ebdha falenderonin Per\u00ebndin\u00eb duke zbatuar fjal\u00ebn biblike q\u00eb thot\u00eb: Mos u shqet\u00ebsoni p\u00ebr asgj\u00eb, por n\u00eb \u00e7do gj\u00eb ia parashtroni k\u00ebrkesat tuaja Per\u00ebndis\u00eb me an\u00eb lutjesh dhe p\u00ebrgj\u00ebrimesh me falenderim.<\/span><\/span><\/span><\/p>\n<p style=\"text-align: justify;\">\n\t<br \/>\n\t<span style=\"color:#000000;\"><span style=\"font-family: tahoma,geneva,sans-serif;\"><span style=\"font-size: 12px;\">&nbsp;&nbsp;&nbsp; Vizitat baritore n\u00eb azile dhe n\u00eb spitale f\u00ebmij\u00ebsh nxit\u00ebn mir\u00ebnjohjen ndaj Zotit dhe dhan\u00eb mund\u00ebsin\u00eb e p\u00ebrjetimit t\u00eb fjal\u00ebve t\u00eb tij: \u201cIsha i s\u00ebmur\u00eb dhe m\u00eb vizituat&#8230;\u201d N\u00ebp\u00ebrmjet tyre m\u00ebsuam q\u00eb nj\u00eb person \u00ebsht\u00eb v\u00ebrtet i krishter\u00eb vet\u00ebm kur interesohet p\u00ebr nevojat e t\u00eb tjer\u00ebve. Referat e ndryshme ishin: P\u00ebr \u00e7do gj\u00eb falenderoni; Martesa, misteri i madh; Murg\u00ebria vendim hyjnor; Si t\u00eb vishem tani q\u00eb jam e krishter\u00eb; Dhe k\u00ebto fjal\u00eb q\u00eb sot po t\u00eb urdh\u00ebroj do t\u00eb mbeten n\u00eb zemr\u00ebn t\u00ebnde; t\u00eb cilat u mbajt\u00ebn nga referues t\u00eb ndrysh\u00ebm: Hir\u00ebsi Ignati, Hir\u00ebsi Joani, Hir\u00ebsi Nikolla, Hir\u00ebsi Andoni, Mot\u00ebr Rakela Znj.Pamela Barksdale, Z. Niko dhe znj.Ana Kodheli, dhan\u00eb mund\u00ebsin\u00eb t\u00eb thellohemi edhe m\u00eb tep\u00ebr brenda misterit t\u00eb jet\u00ebs dhe t\u00eb v\u00ebrtetave t\u00eb besimit.<\/span><\/span><\/span><\/p>\n<p style=\"text-align: justify;\">\n\t<br \/>\n\t<span style=\"color:#000000;\"><span style=\"font-family: tahoma,geneva,sans-serif;\"><span style=\"font-size: 12px;\">&nbsp; &nbsp; Kampi veror, si model i udh\u00ebtimit t\u00eb jet\u00ebs son\u00eb drejt Zotit ndihmoi n\u00eb p\u00ebrjetimin e besimit ton\u00eb dhe t\u00eb jet\u00ebs n\u00eb komunitet. Secili ve\u00e7 e ve\u00e7 mund t\u00eb b\u00ebj\u00eb di\u00e7ka t\u00eb mir\u00eb, por s\u00eb bashku b\u00ebjm\u00eb gj\u00ebra t\u00eb mrekullueshme p\u00ebr veten dhe p\u00ebr jet\u00ebn. Ndaj dhe kjo p\u00ebrvoj\u00eb \u00ebsht\u00eb nga m\u00eb t\u00eb bukurat, si\u00e7 than\u00eb edhe vajzat pjes\u00ebmarr\u00ebse. Faleminderim dhe mir\u00ebnjohje t\u00eb gjith\u00eb atyre q\u00eb b\u00ebn\u00eb t\u00eb mundur realizimin e k\u00ebtij aktiviteti kaq t\u00eb r\u00ebnd\u00ebsish\u00ebm.<\/span><\/span><\/span><\/p>\n<p style=\"text-align: justify;\">\n\t<span style=\"color:#000000;\"><span style=\"font-family: tahoma,geneva,sans-serif;\"><span style=\"font-size: 12px;\"><img class=\"lazyload\" decoding=\"async\" src=\"data:image\/gif;base64,R0lGODlhAQABAAAAACH5BAEKAAEALAAAAAABAAEAAAICTAEAOw==\" data-orig-src=\"https:\/\/lh4.googleusercontent.com\/-5DQ84V9EO_A\/UBugV3BNpSI\/AAAAAAAAApI\/2I68EaStW3k\/s640\/1 - kampi 3.jpg\" style=\"width: 600px; height: 450px; border-width: 1px; border-style: solid; margin: 10px; float: left;\" \/><\/span><\/span><\/span><\/p>\n<p style=\"text-align: justify;\">\n\t<span style=\"color:#000000;\"><span style=\"font-family: tahoma,geneva,sans-serif;\"><span style=\"font-size: 12px;\"><img class=\"lazyload\" decoding=\"async\" src=\"data:image\/gif;base64,R0lGODlhAQABAAAAACH5BAEKAAEALAAAAAABAAEAAAICTAEAOw==\" data-orig-src=\"https:\/\/lh4.googleusercontent.com\/-5isLrrQfXD0\/UBugQpzG5cI\/AAAAAAAAAo8\/xVg80AJwi1E\/s640\/8 - kampi 2.jpg\" style=\"width: 600px; height: 450px; border-width: 1px; border-style: solid; margin: 10px; float: left;\" \/><\/span><\/span><\/span><\/p>\n<p style=\"text-align: justify;\">\n\t&nbsp;<\/p>\n<p style=\"text-align: justify;\">\n\t<span style=\"color:#000000;\"><span style=\"font-family: tahoma,geneva,sans-serif;\"><span style=\"font-size: 12px;\"><img class=\"lazyload\" decoding=\"async\" src=\"data:image\/gif;base64,R0lGODlhAQABAAAAACH5BAEKAAEALAAAAAABAAEAAAICTAEAOw==\" data-orig-src=\"https:\/\/lh4.googleusercontent.com\/-8GJlke-E27Q\/UBugOFhAg5I\/AAAAAAAAAoM\/pJHvxO6-Tmo\/s640\/2 - kampi 2.jpg\" style=\"width: 600px; height: 450px; border-width: 1px; border-style: solid; margin: 10px; float: left;\" \/><\/span><\/span><\/span><\/p>\n","protected":false},"excerpt":{"rendered":"<p>&nbsp;&nbsp;&nbsp; Tema: \u201cP\u00ebr \u00e7do gj\u00eb falenderoni, kjo \u00ebsht\u00eb d\u00ebshira e Per\u00ebndis\u00eb&#8221;, shoq\u00ebroi udh\u00ebtimin e tri periudhave 10-ditore n\u00eb kampin e vajzave \u201cBariu i Mir\u00eb\u201d, n\u00eb sh\u00ebn Joan Vladimir dhe ndihmoi t\u00eb kultivohet nj\u00eb shpirt e zem\u00ebr mir\u00ebnjoh\u00ebse p\u00ebr \u00e7do gj\u00eb kemi n\u00eb jet\u00ebn ton\u00eb. Ky udh\u00ebtim 10-ditor n\u00eb kampin e vajzave, brenda programit ku p\u00ebrfshiheshin lutja, meditimi, studimi i Shkrimit t\u00eb Shenjt\u00eb, diskutimi mbi \u00e7\u00ebshtje<\/p>\n","protected":false},"author":1,"featured_media":0,"comment_status":"open","ping_status":"open","sticky":false,"template":"","format":"standard","meta":{"_acf_changed":false,"pagelayer_contact_templates":[],"_pagelayer_content":"","inline_featured_image":false,"fifu_image_url":"","fifu_image_alt":"","footnotes":""},"categories":[108],"tags":[142,200,196,212],"class_list":["post-682","post","type-post","status-publish","format-standard","hentry","category-lajme","tag-142","tag-kampe-verore","tag-tirane","tag-lajme-d27"],"acf":[],"yoast_head":"<!-- This site is optimized with the Yoast SEO plugin v27.2 - https:\/\/yoast.com\/product\/yoast-seo-wordpress\/ -->\n<title>Kampet verore p\u00ebr vajza, Sh\u00ebn Joan Vladimir 2012. (Qershor - Korrik 2012) - Kisha Orthodh\u03bfkse Autoqefale e Shqip\u00ebris\u00eb<\/title>\n<meta name=\"robots\" content=\"index, follow, max-snippet:-1, max-image-preview:large, max-video-preview:-1\" \/>\n<link rel=\"canonical\" href=\"https:\/\/orthodoxalbania.org\/2020\/2013\/03\/21\/kampet-verore-per-vajza-shen-joan-vladimir-2012\/\" \/>\n<meta property=\"og:locale\" content=\"en_US\" \/>\n<meta property=\"og:type\" content=\"article\" \/>\n<meta property=\"og:title\" content=\"Kampet verore p\u00ebr vajza, Sh\u00ebn Joan Vladimir 2012. (Qershor - Korrik 2012) - Kisha Orthodh\u03bfkse Autoqefale e Shqip\u00ebris\u00eb\" \/>\n<meta property=\"og:description\" content=\"&nbsp;&nbsp;&nbsp; Tema: \u201cP\u00ebr \u00e7do gj\u00eb falenderoni, kjo \u00ebsht\u00eb d\u00ebshira e Per\u00ebndis\u00eb&#8221;, shoq\u00ebroi udh\u00ebtimin e tri periudhave 10-ditore n\u00eb kampin e vajzave \u201cBariu i Mir\u00eb\u201d, n\u00eb sh\u00ebn Joan Vladimir dhe ndihmoi t\u00eb kultivohet nj\u00eb shpirt e zem\u00ebr mir\u00ebnjoh\u00ebse p\u00ebr \u00e7do gj\u00eb kemi n\u00eb jet\u00ebn ton\u00eb. Ky udh\u00ebtim 10-ditor n\u00eb kampin e vajzave, brenda programit ku p\u00ebrfshiheshin lutja, meditimi, studimi i Shkrimit t\u00eb Shenjt\u00eb, diskutimi mbi \u00e7\u00ebshtje\" \/>\n<meta property=\"og:url\" content=\"https:\/\/orthodoxalbania.org\/2020\/2013\/03\/21\/kampet-verore-per-vajza-shen-joan-vladimir-2012\/\" \/>\n<meta property=\"og:site_name\" content=\"Kisha Orthodh\u03bfkse Autoqefale e Shqip\u00ebris\u00eb\" \/>\n<meta property=\"article:publisher\" content=\"https:\/\/www.facebook.com\/koash1991\" \/>\n<meta property=\"article:published_time\" content=\"2013-03-21T12:10:35+00:00\" \/>\n<meta property=\"article:modified_time\" content=\"2020-04-06T20:06:01+00:00\" \/>\n<meta property=\"og:image\" content=\"https:\/\/lh5.googleusercontent.com\/-IlSoCk1K9ow\/UBugDRpIZFI\/AAAAAAAAAnE\/XdL3ttPo9Nk\/s640\/1%20-%20goca.jpg\" \/>\n<meta name=\"author\" content=\"Kisha Orthodhokse\" \/>\n<meta name=\"twitter:card\" content=\"summary_large_image\" \/>\n<meta name=\"twitter:label1\" content=\"Written by\" \/>\n\t<meta name=\"twitter:data1\" content=\"Kisha Orthodhokse\" \/>\n\t<meta name=\"twitter:label2\" content=\"Est. reading time\" \/>\n\t<meta name=\"twitter:data2\" content=\"3 minutes\" \/>\n<script type=\"application\/ld+json\" class=\"yoast-schema-graph\">{\"@context\":\"https:\/\/schema.org\",\"@graph\":[{\"@type\":\"Article\",\"@id\":\"https:\/\/orthodoxalbania.org\/2020\/2013\/03\/21\/kampet-verore-per-vajza-shen-joan-vladimir-2012\/#article\",\"isPartOf\":{\"@id\":\"https:\/\/orthodoxalbania.org\/2020\/2013\/03\/21\/kampet-verore-per-vajza-shen-joan-vladimir-2012\/\"},\"author\":{\"name\":\"Kisha Orthodhokse\",\"@id\":\"https:\/\/orthodoxalbania.org\/2020\/#\/schema\/person\/0c387634a7063ac612d7ed9ce71c7e86\"},\"headline\":\"Kampet verore p\u00ebr vajza, Sh\u00ebn Joan Vladimir 2012. (Qershor &#8211; Korrik 2012)\",\"datePublished\":\"2013-03-21T12:10:35+00:00\",\"dateModified\":\"2020-04-06T20:06:01+00:00\",\"mainEntityOfPage\":{\"@id\":\"https:\/\/orthodoxalbania.org\/2020\/2013\/03\/21\/kampet-verore-per-vajza-shen-joan-vladimir-2012\/\"},\"wordCount\":631,\"commentCount\":0,\"publisher\":{\"@id\":\"https:\/\/orthodoxalbania.org\/2020\/#organization\"},\"keywords\":[\"2012\",\"Kampe verore\",\"Kryepiskopata Tiran\u00eb\",\"lajme\"],\"articleSection\":[\"Lajme\"],\"inLanguage\":\"en-US\"},{\"@type\":\"WebPage\",\"@id\":\"https:\/\/orthodoxalbania.org\/2020\/2013\/03\/21\/kampet-verore-per-vajza-shen-joan-vladimir-2012\/\",\"url\":\"https:\/\/orthodoxalbania.org\/2020\/2013\/03\/21\/kampet-verore-per-vajza-shen-joan-vladimir-2012\/\",\"name\":\"Kampet verore p\u00ebr vajza, Sh\u00ebn Joan Vladimir 2012. (Qershor - Korrik 2012) - Kisha Orthodh\u03bfkse Autoqefale e Shqip\u00ebris\u00eb\",\"isPartOf\":{\"@id\":\"https:\/\/orthodoxalbania.org\/2020\/#website\"},\"datePublished\":\"2013-03-21T12:10:35+00:00\",\"dateModified\":\"2020-04-06T20:06:01+00:00\",\"breadcrumb\":{\"@id\":\"https:\/\/orthodoxalbania.org\/2020\/2013\/03\/21\/kampet-verore-per-vajza-shen-joan-vladimir-2012\/#breadcrumb\"},\"inLanguage\":\"en-US\",\"potentialAction\":[{\"@type\":\"ReadAction\",\"target\":[\"https:\/\/orthodoxalbania.org\/2020\/2013\/03\/21\/kampet-verore-per-vajza-shen-joan-vladimir-2012\/\"]}]},{\"@type\":\"BreadcrumbList\",\"@id\":\"https:\/\/orthodoxalbania.org\/2020\/2013\/03\/21\/kampet-verore-per-vajza-shen-joan-vladimir-2012\/#breadcrumb\",\"itemListElement\":[{\"@type\":\"ListItem\",\"position\":1,\"name\":\"Home\",\"item\":\"https:\/\/orthodoxalbania.org\/2020\/\"},{\"@type\":\"ListItem\",\"position\":2,\"name\":\"Kampet verore p\u00ebr vajza, Sh\u00ebn Joan Vladimir 2012. (Qershor &#8211; Korrik 2012)\"}]},{\"@type\":\"WebSite\",\"@id\":\"https:\/\/orthodoxalbania.org\/2020\/#website\",\"url\":\"https:\/\/orthodoxalbania.org\/2020\/\",\"name\":\"Kisha Orthodh\u03bfkse Autoqefale e Shqip\u00ebris\u00eb\",\"description\":\"Fqja Zyrtare e Kish\u00ebs Orthodhokse Autoqefale e Shqip\u00ebris\u00eb me lajmet edhe informacionet zyrtare p\u00ebr struktur\u00ebn edhe veprimtarin e saj.\",\"publisher\":{\"@id\":\"https:\/\/orthodoxalbania.org\/2020\/#organization\"},\"potentialAction\":[{\"@type\":\"SearchAction\",\"target\":{\"@type\":\"EntryPoint\",\"urlTemplate\":\"https:\/\/orthodoxalbania.org\/2020\/?s={search_term_string}\"},\"query-input\":{\"@type\":\"PropertyValueSpecification\",\"valueRequired\":true,\"valueName\":\"search_term_string\"}}],\"inLanguage\":\"en-US\"},{\"@type\":\"Organization\",\"@id\":\"https:\/\/orthodoxalbania.org\/2020\/#organization\",\"name\":\"Kisha Orthodhokse Autoqefale e Shqip\u00ebris\u00eb\",\"url\":\"https:\/\/orthodoxalbania.org\/2020\/\",\"logo\":{\"@type\":\"ImageObject\",\"inLanguage\":\"en-US\",\"@id\":\"https:\/\/orthodoxalbania.org\/2020\/#\/schema\/logo\/image\/\",\"url\":\"https:\/\/orthodoxalbania.org\/2020\/wp-content\/uploads\/2020\/05\/albania.jpeg\",\"contentUrl\":\"https:\/\/orthodoxalbania.org\/2020\/wp-content\/uploads\/2020\/05\/albania.jpeg\",\"width\":540,\"height\":540,\"caption\":\"Kisha Orthodhokse Autoqefale e Shqip\u00ebris\u00eb\"},\"image\":{\"@id\":\"https:\/\/orthodoxalbania.org\/2020\/#\/schema\/logo\/image\/\"},\"sameAs\":[\"https:\/\/www.facebook.com\/koash1991\"]},{\"@type\":\"Person\",\"@id\":\"https:\/\/orthodoxalbania.org\/2020\/#\/schema\/person\/0c387634a7063ac612d7ed9ce71c7e86\",\"name\":\"Kisha Orthodhokse\",\"image\":{\"@type\":\"ImageObject\",\"inLanguage\":\"en-US\",\"@id\":\"https:\/\/secure.gravatar.com\/avatar\/596e7c417251e30f2fbb9c00e026fce61a695a00e51c889caded71c96cbbdde5?s=96&d=mm&r=g\",\"url\":\"https:\/\/secure.gravatar.com\/avatar\/596e7c417251e30f2fbb9c00e026fce61a695a00e51c889caded71c96cbbdde5?s=96&d=mm&r=g\",\"contentUrl\":\"https:\/\/secure.gravatar.com\/avatar\/596e7c417251e30f2fbb9c00e026fce61a695a00e51c889caded71c96cbbdde5?s=96&d=mm&r=g\",\"caption\":\"Kisha Orthodhokse\"}}]}<\/script>\n<!-- \/ Yoast SEO plugin. -->","yoast_head_json":{"title":"Kampet verore p\u00ebr vajza, Sh\u00ebn Joan Vladimir 2012. (Qershor - Korrik 2012) - Kisha Orthodh\u03bfkse Autoqefale e Shqip\u00ebris\u00eb","robots":{"index":"index","follow":"follow","max-snippet":"max-snippet:-1","max-image-preview":"max-image-preview:large","max-video-preview":"max-video-preview:-1"},"canonical":"https:\/\/orthodoxalbania.org\/2020\/2013\/03\/21\/kampet-verore-per-vajza-shen-joan-vladimir-2012\/","og_locale":"en_US","og_type":"article","og_title":"Kampet verore p\u00ebr vajza, Sh\u00ebn Joan Vladimir 2012. (Qershor - Korrik 2012) - Kisha Orthodh\u03bfkse Autoqefale e Shqip\u00ebris\u00eb","og_description":"&nbsp;&nbsp;&nbsp; Tema: \u201cP\u00ebr \u00e7do gj\u00eb falenderoni, kjo \u00ebsht\u00eb d\u00ebshira e Per\u00ebndis\u00eb&#8221;, shoq\u00ebroi udh\u00ebtimin e tri periudhave 10-ditore n\u00eb kampin e vajzave \u201cBariu i Mir\u00eb\u201d, n\u00eb sh\u00ebn Joan Vladimir dhe ndihmoi t\u00eb kultivohet nj\u00eb shpirt e zem\u00ebr mir\u00ebnjoh\u00ebse p\u00ebr \u00e7do gj\u00eb kemi n\u00eb jet\u00ebn ton\u00eb. Ky udh\u00ebtim 10-ditor n\u00eb kampin e vajzave, brenda programit ku p\u00ebrfshiheshin lutja, meditimi, studimi i Shkrimit t\u00eb Shenjt\u00eb, diskutimi mbi \u00e7\u00ebshtje","og_url":"https:\/\/orthodoxalbania.org\/2020\/2013\/03\/21\/kampet-verore-per-vajza-shen-joan-vladimir-2012\/","og_site_name":"Kisha Orthodh\u03bfkse Autoqefale e Shqip\u00ebris\u00eb","article_publisher":"https:\/\/www.facebook.com\/koash1991","article_published_time":"2013-03-21T12:10:35+00:00","article_modified_time":"2020-04-06T20:06:01+00:00","og_image":[{"url":"https:\/\/lh5.googleusercontent.com\/-IlSoCk1K9ow\/UBugDRpIZFI\/AAAAAAAAAnE\/XdL3ttPo9Nk\/s640\/1 - goca.jpg","type":"","width":"","height":""}],"author":"Kisha Orthodhokse","twitter_card":"summary_large_image","twitter_misc":{"Written by":"Kisha Orthodhokse","Est. reading time":"3 minutes"},"schema":{"@context":"https:\/\/schema.org","@graph":[{"@type":"Article","@id":"https:\/\/orthodoxalbania.org\/2020\/2013\/03\/21\/kampet-verore-per-vajza-shen-joan-vladimir-2012\/#article","isPartOf":{"@id":"https:\/\/orthodoxalbania.org\/2020\/2013\/03\/21\/kampet-verore-per-vajza-shen-joan-vladimir-2012\/"},"author":{"name":"Kisha Orthodhokse","@id":"https:\/\/orthodoxalbania.org\/2020\/#\/schema\/person\/0c387634a7063ac612d7ed9ce71c7e86"},"headline":"Kampet verore p\u00ebr vajza, Sh\u00ebn Joan Vladimir 2012. (Qershor &#8211; Korrik 2012)","datePublished":"2013-03-21T12:10:35+00:00","dateModified":"2020-04-06T20:06:01+00:00","mainEntityOfPage":{"@id":"https:\/\/orthodoxalbania.org\/2020\/2013\/03\/21\/kampet-verore-per-vajza-shen-joan-vladimir-2012\/"},"wordCount":631,"commentCount":0,"publisher":{"@id":"https:\/\/orthodoxalbania.org\/2020\/#organization"},"keywords":["2012","Kampe verore","Kryepiskopata Tiran\u00eb","lajme"],"articleSection":["Lajme"],"inLanguage":"en-US"},{"@type":"WebPage","@id":"https:\/\/orthodoxalbania.org\/2020\/2013\/03\/21\/kampet-verore-per-vajza-shen-joan-vladimir-2012\/","url":"https:\/\/orthodoxalbania.org\/2020\/2013\/03\/21\/kampet-verore-per-vajza-shen-joan-vladimir-2012\/","name":"Kampet verore p\u00ebr vajza, Sh\u00ebn Joan Vladimir 2012. (Qershor - Korrik 2012) - Kisha Orthodh\u03bfkse Autoqefale e Shqip\u00ebris\u00eb","isPartOf":{"@id":"https:\/\/orthodoxalbania.org\/2020\/#website"},"datePublished":"2013-03-21T12:10:35+00:00","dateModified":"2020-04-06T20:06:01+00:00","breadcrumb":{"@id":"https:\/\/orthodoxalbania.org\/2020\/2013\/03\/21\/kampet-verore-per-vajza-shen-joan-vladimir-2012\/#breadcrumb"},"inLanguage":"en-US","potentialAction":[{"@type":"ReadAction","target":["https:\/\/orthodoxalbania.org\/2020\/2013\/03\/21\/kampet-verore-per-vajza-shen-joan-vladimir-2012\/"]}]},{"@type":"BreadcrumbList","@id":"https:\/\/orthodoxalbania.org\/2020\/2013\/03\/21\/kampet-verore-per-vajza-shen-joan-vladimir-2012\/#breadcrumb","itemListElement":[{"@type":"ListItem","position":1,"name":"Home","item":"https:\/\/orthodoxalbania.org\/2020\/"},{"@type":"ListItem","position":2,"name":"Kampet verore p\u00ebr vajza, Sh\u00ebn Joan Vladimir 2012. (Qershor &#8211; Korrik 2012)"}]},{"@type":"WebSite","@id":"https:\/\/orthodoxalbania.org\/2020\/#website","url":"https:\/\/orthodoxalbania.org\/2020\/","name":"Kisha Orthodh\u03bfkse Autoqefale e Shqip\u00ebris\u00eb","description":"Fqja Zyrtare e Kish\u00ebs Orthodhokse Autoqefale e Shqip\u00ebris\u00eb me lajmet edhe informacionet zyrtare p\u00ebr struktur\u00ebn edhe veprimtarin e saj.","publisher":{"@id":"https:\/\/orthodoxalbania.org\/2020\/#organization"},"potentialAction":[{"@type":"SearchAction","target":{"@type":"EntryPoint","urlTemplate":"https:\/\/orthodoxalbania.org\/2020\/?s={search_term_string}"},"query-input":{"@type":"PropertyValueSpecification","valueRequired":true,"valueName":"search_term_string"}}],"inLanguage":"en-US"},{"@type":"Organization","@id":"https:\/\/orthodoxalbania.org\/2020\/#organization","name":"Kisha Orthodhokse Autoqefale e Shqip\u00ebris\u00eb","url":"https:\/\/orthodoxalbania.org\/2020\/","logo":{"@type":"ImageObject","inLanguage":"en-US","@id":"https:\/\/orthodoxalbania.org\/2020\/#\/schema\/logo\/image\/","url":"https:\/\/orthodoxalbania.org\/2020\/wp-content\/uploads\/2020\/05\/albania.jpeg","contentUrl":"https:\/\/orthodoxalbania.org\/2020\/wp-content\/uploads\/2020\/05\/albania.jpeg","width":540,"height":540,"caption":"Kisha Orthodhokse Autoqefale e Shqip\u00ebris\u00eb"},"image":{"@id":"https:\/\/orthodoxalbania.org\/2020\/#\/schema\/logo\/image\/"},"sameAs":["https:\/\/www.facebook.com\/koash1991"]},{"@type":"Person","@id":"https:\/\/orthodoxalbania.org\/2020\/#\/schema\/person\/0c387634a7063ac612d7ed9ce71c7e86","name":"Kisha Orthodhokse","image":{"@type":"ImageObject","inLanguage":"en-US","@id":"https:\/\/secure.gravatar.com\/avatar\/596e7c417251e30f2fbb9c00e026fce61a695a00e51c889caded71c96cbbdde5?s=96&d=mm&r=g","url":"https:\/\/secure.gravatar.com\/avatar\/596e7c417251e30f2fbb9c00e026fce61a695a00e51c889caded71c96cbbdde5?s=96&d=mm&r=g","contentUrl":"https:\/\/secure.gravatar.com\/avatar\/596e7c417251e30f2fbb9c00e026fce61a695a00e51c889caded71c96cbbdde5?s=96&d=mm&r=g","caption":"Kisha Orthodhokse"}}]}},"_links":{"self":[{"href":"https:\/\/orthodoxalbania.org\/2020\/wp-json\/wp\/v2\/posts\/682","targetHints":{"allow":["GET"]}}],"collection":[{"href":"https:\/\/orthodoxalbania.org\/2020\/wp-json\/wp\/v2\/posts"}],"about":[{"href":"https:\/\/orthodoxalbania.org\/2020\/wp-json\/wp\/v2\/types\/post"}],"author":[{"embeddable":true,"href":"https:\/\/orthodoxalbania.org\/2020\/wp-json\/wp\/v2\/users\/1"}],"replies":[{"embeddable":true,"href":"https:\/\/orthodoxalbania.org\/2020\/wp-json\/wp\/v2\/comments?post=682"}],"version-history":[{"count":1,"href":"https:\/\/orthodoxalbania.org\/2020\/wp-json\/wp\/v2\/posts\/682\/revisions"}],"predecessor-version":[{"id":15307,"href":"https:\/\/orthodoxalbania.org\/2020\/wp-json\/wp\/v2\/posts\/682\/revisions\/15307"}],"wp:attachment":[{"href":"https:\/\/orthodoxalbania.org\/2020\/wp-json\/wp\/v2\/media?parent=682"}],"wp:term":[{"taxonomy":"category","embeddable":true,"href":"https:\/\/orthodoxalbania.org\/2020\/wp-json\/wp\/v2\/categories?post=682"},{"taxonomy":"post_tag","embeddable":true,"href":"https:\/\/orthodoxalbania.org\/2020\/wp-json\/wp\/v2\/tags?post=682"}],"curies":[{"name":"wp","href":"https:\/\/api.w.org\/{rel}","templated":true}]}}