{"id":681,"date":"2013-03-21T12:11:24","date_gmt":"2013-03-21T12:11:24","guid":{"rendered":""},"modified":"2020-04-06T22:06:01","modified_gmt":"2020-04-06T20:06:01","slug":"kampet-verore-per-djem-fjetja-e-hyjlindeses-zvernec-2012","status":"publish","type":"post","link":"https:\/\/orthodoxalbania.org\/2020\/2013\/03\/21\/kampet-verore-per-djem-fjetja-e-hyjlindeses-zvernec-2012\/","title":{"rendered":"Kampet verore p\u00ebr djem, \u201cFjetja e Hyjlind\u00ebses\u201d &#8211; Zv\u00ebrnec 2012. (30 Qershor &#8211; 9 Korrik 2012)"},"content":{"rendered":"<div style=\"text-align: justify;\">\n\t<span style=\"color:#000000;\"><span style=\"font-family: tahoma,geneva,sans-serif;\"><span style=\"font-size: 12px;\">&nbsp;&nbsp;&nbsp; <img class=\"lazyload\" decoding=\"async\" src=\"data:image\/gif;base64,R0lGODlhAQABAAAAACH5BAEKAAEALAAAAAABAAEAAAICTAEAOw==\" data-orig-src=\"https:\/\/lh6.googleusercontent.com\/-EyoL3_YsKiM\/UButZqcIPUI\/AAAAAAAAAsQ\/UOxWJoriAaI\/s640\/FILE1117.jpeg\" style=\"width: 300px; height: 225px; border-width: 1px; border-style: solid; margin: 10px; float: left;\" \/>Me hirin e Per\u00ebndis\u00eb&nbsp; dhe me p\u00ebrkujdesjen e Kryepeshkopit t\u00eb Tiran\u00ebs, Imzot Anastasit, n\u00eb Manastirin e \u201cFjejtjes s\u00eb Hylind\u00ebses Mari\u201d, n\u00eb Zv\u00ebrnec t\u00eb Vlor\u00ebs, u zhvilluan kampingjet p\u00ebr djem n\u00eb tre etapa t\u00eb ndryshme.<\/span><\/span><\/span><\/div>\n<div style=\"text-align: justify;\">\n\t<span style=\"color:#000000;\"><span style=\"font-family: tahoma,geneva,sans-serif;\"><span style=\"font-size: 12px;\">&nbsp;<br \/>\n\t&nbsp;&nbsp;&nbsp; Kampi i par\u00eb filloi n\u00eb dat\u00eb 30 Qershor deri 9 Korrik 2012. N\u00eb k\u00ebt\u00eb kamp mor\u00ebm pjes\u00eb 90 f\u00ebmij\u00eb t\u00eb mosh\u00ebs 10-12 vje\u00e7 nga zona t\u00eb ndryshme t\u00eb Shqip\u00ebris\u00eb. Bashk\u00eb me stafin drejtues kampi n\u00eb total kishte 115 persona. K\u00ebt\u00eb vit pat\u00ebm bekimin q\u00eb kampi u drejtua nga Hir\u00ebsia e tij, + Episkop Nikolla Hyka. Programi i kampit ishte i mbushur plot me aktivitete t\u00eb ndryshme shpirt\u00ebrore, sociale e arg\u00ebtuese. N\u00eb dit\u00ebn e par\u00eb t\u00eb kampit, t\u00eb gjith\u00eb f\u00ebmij\u00ebt zhvilluan nj\u00eb program t\u00eb ndar\u00eb n\u00eb 10 stacione, ku n\u00eb \u00e7do stacion atyre iu dhurua nga nj\u00eb mjet i nevojsh\u00ebm p\u00ebr kampin. Diku nj\u00eb lib\u00ebr, diku nj\u00eb kryq, stilolaps etj. Programi n\u00eb kamp fillonte me zgjimin dhe leximin e shkrimit t\u00eb shenjte n\u00eb dhomat e tyre dhe m\u00eb pas me p\u00ebrgatitej p\u00ebr lutje. M\u00ebngjesi dhe nisja p\u00ebr n\u00eb plazh ku f\u00ebmij\u00ebt me zi prisnin te laheshin n\u00eb plazhin e mrekulluesh\u00ebm. Kthimi ne kamp dhe vazhdimi i programeve sportive e gjall\u00ebronte me shume jet\u00ebn e f\u00ebmij\u00ebve n\u00eb kamp. Loj\u00ebrat dhe kampionatet e zhvilluar n\u00ebn frym\u00ebn e t\u00eb luajturit p\u00ebr tu k\u00ebnaqur e arg\u00ebtuar dhe jo p\u00ebr t\u00eb fituar nj\u00eb \u00e7mim apo di\u00e7ka tjet\u00ebr. Lutja e mbr\u00ebmjes dhe m\u00eb pas darka t\u00eb cil\u00ebn e prisnin me padurim, sepse pas saj vazhdonte nj\u00eb program arg\u00ebtues e shpirt\u00ebror me k\u00ebng\u00eb popullore, filma p\u00ebr f\u00ebmij\u00eb t\u00eb dubluar n\u00eb shqip nga Zyra e Katekizmit e Kish\u00ebs son\u00eb.<\/span><\/span><\/span><\/div>\n<div style=\"text-align: justify;\">\n\t<span style=\"color:#000000;\"><span style=\"font-family: tahoma,geneva,sans-serif;\"><span style=\"font-size: 12px;\"><img class=\"lazyload\" decoding=\"async\" src=\"data:image\/gif;base64,R0lGODlhAQABAAAAACH5BAEKAAEALAAAAAABAAEAAAICTAEAOw==\" data-orig-src=\"https:\/\/lh4.googleusercontent.com\/-Vp-3slgpdh8\/UBuhQ8SdgJI\/AAAAAAAAAqk\/JUK2KNwCerQ\/s640\/IMG_0298.JPG\" style=\"width: 300px; height: 225px; border-width: 1px; border-style: solid; margin: 10px; float: right;\" \/><br \/>\n\t&nbsp;&nbsp;&nbsp; Periudha e dyt\u00eb e kampit \u201cRilindja\u201d p\u00ebr djemt\u00eb u zhvillua k\u00ebt\u00eb vit nga datat 12-22 korrik. \u00cbsht\u00eb b\u00ebr\u00eb tradit\u00eb q\u00eb ky kamp t\u00eb drejtohet nga pedagog\u00ebt e Akademis\u00eb Theologjike, t\u00eb cil\u00ebt s\u00eb bashku me student\u00ebt dhe bashk\u00ebpun\u00ebtor\u00ebt e ndrysh\u00ebm krijojn\u00eb nj\u00eb program shpirt\u00ebror dhe shoq\u00ebror. Ky kamp konsiderohet si nj\u00eb moment ku duhen nd\u00ebrthurur momentet lut\u00ebse, pjes\u00ebmarrja n\u00eb jet\u00eb litugjikale, studimi i Shkrimit t\u00eb Shenjt\u00eb, diskutimet shpirt\u00ebrore me arg\u00ebtimin n\u00eb loj\u00ebra t\u00eb ndryshme sportive n\u00eb kamp dhe n\u00eb plazh, pastrim dhe mbrojtje ambienti si dhe shfaqja e filmave dhe dokumentar\u00ebve t\u00eb ndrysh\u00ebm me p\u00ebrmbajtje shpirt\u00ebrore dhe shoq\u00ebrore.&nbsp; N\u00eb kamp mor\u00ebn pjes\u00eb 130 djem nga e gjith\u00eb Shqip\u00ebria. Bashk\u00eb me programin tradicional, momente t\u00eb ve\u00e7anta ishin edhe nata e zjarrit dhe minikoncerti q\u00eb e zbukuroi kampin. Por momenti m\u00eb i bukur ishte pag\u00ebzimi i 19 t\u00eb rinjve, t\u00eb cil\u00ebt u bashkuan me Krishtin, duke u b\u00ebr\u00eb edhe ata pjes\u00eb e gjall\u00eb e Kish\u00ebs.<\/span><\/span><\/span><\/div>\n<div style=\"text-align: justify;\">\n\t&nbsp;<\/div>\n<div style=\"text-align: justify;\">\n\t&nbsp;<\/div>\n<div style=\"text-align: justify;\">\n\t<span style=\"color:#000000;\"><span style=\"font-family: tahoma,geneva,sans-serif;\"><span style=\"font-size: 12px;\"><img class=\"lazyload\" decoding=\"async\" src=\"data:image\/gif;base64,R0lGODlhAQABAAAAACH5BAEKAAEALAAAAAABAAEAAAICTAEAOw==\" data-orig-src=\"https:\/\/lh6.googleusercontent.com\/-QxhEq6ODCGw\/UButI6Y_lHI\/AAAAAAAAAsA\/tyc_s-a7LYY\/s640\/FILE1025.jpeg\" style=\"width: 600px; height: 450px; border-width: 1px; border-style: solid; margin: 10px; float: left;\" \/><\/span><\/span><\/span><\/div>\n<div style=\"text-align: justify;\">\n\t<span style=\"color:#000000;\"><span style=\"font-family: tahoma,geneva,sans-serif;\"><span style=\"font-size: 12px;\"><img class=\"lazyload\" decoding=\"async\" src=\"data:image\/gif;base64,R0lGODlhAQABAAAAACH5BAEKAAEALAAAAAABAAEAAAICTAEAOw==\" data-orig-src=\"https:\/\/lh4.googleusercontent.com\/-a6NpoBZxF6I\/UButxeG_DAI\/AAAAAAAAAtE\/YHQShRC1sco\/s640\/FILE1585.jpeg\" style=\"width: 600px; height: 450px; border-width: 1px; border-style: solid; margin: 10px; float: left;\" \/><\/span><\/span><\/span><\/div>\n<div style=\"text-align: justify;\">\n\t<span style=\"color:#000000;\"><span style=\"font-family: tahoma,geneva,sans-serif;\"><span style=\"font-size: 12px;\"><img class=\"lazyload\" decoding=\"async\" src=\"data:image\/gif;base64,R0lGODlhAQABAAAAACH5BAEKAAEALAAAAAABAAEAAAICTAEAOw==\" data-orig-src=\"https:\/\/lh5.googleusercontent.com\/-0TJ9U_iENAM\/UBuhUJu9SXI\/AAAAAAAAAq0\/I2eCa7tcTFI\/s640\/IMG_0293.JPG\" style=\"width: 600px; height: 450px; border-width: 1px; border-style: solid; margin: 10px; float: left;\" \/><img class=\"lazyload\" decoding=\"async\" src=\"data:image\/gif;base64,R0lGODlhAQABAAAAACH5BAEKAAEALAAAAAABAAEAAAICTAEAOw==\" data-orig-src=\"https:\/\/lh4.googleusercontent.com\/-1rEhafl-8ro\/UButxoT6yCI\/AAAAAAAAAtI\/CKhuDf4zC3w\/s640\/IMG_3947.JPG\" style=\"width: 600px; height: 450px; border-width: 1px; border-style: solid; margin: 10px; float: left;\" \/><img class=\"lazyload\" decoding=\"async\" src=\"data:image\/gif;base64,R0lGODlhAQABAAAAACH5BAEKAAEALAAAAAABAAEAAAICTAEAOw==\" data-orig-src=\"https:\/\/lh4.googleusercontent.com\/-7EGS4En_Ab0\/UBus9Z9bOlI\/AAAAAAAAAro\/4gZn9ewCKrQ\/s640\/FILE0884.jpeg\" style=\"width: 600px; height: 450px; border-width: 1px; border-style: solid; margin: 10px; float: left;\" \/><\/p>\n<p>\t<img class=\"lazyload\" decoding=\"async\" src=\"data:image\/gif;base64,R0lGODlhAQABAAAAACH5BAEKAAEALAAAAAABAAEAAAICTAEAOw==\" data-orig-src=\"https:\/\/lh4.googleusercontent.com\/-za7IJTXyCXI\/UBug4m3aTBI\/AAAAAAAAAqM\/flyOo5Er1GU\/s640\/IMG_0252.JPG\" style=\"width: 600px; height: 450px; border-width: 1px; border-style: solid; margin: 10px; float: left;\" \/><\/span><\/span><\/span><\/div>\n","protected":false},"excerpt":{"rendered":"<p>&nbsp;&nbsp;&nbsp; Me hirin e Per\u00ebndis\u00eb&nbsp; dhe me p\u00ebrkujdesjen e Kryepeshkopit t\u00eb Tiran\u00ebs, Imzot Anastasit, n\u00eb Manastirin e \u201cFjejtjes s\u00eb Hylind\u00ebses Mari\u201d, n\u00eb Zv\u00ebrnec t\u00eb Vlor\u00ebs, u zhvilluan kampingjet p\u00ebr djem n\u00eb tre etapa t\u00eb ndryshme. &nbsp; &nbsp;&nbsp;&nbsp; Kampi i par\u00eb filloi n\u00eb dat\u00eb 30 Qershor deri 9 Korrik 2012. N\u00eb k\u00ebt\u00eb kamp mor\u00ebm pjes\u00eb 90 f\u00ebmij\u00eb t\u00eb mosh\u00ebs 10-12 vje\u00e7 nga zona t\u00eb ndryshme t\u00eb<\/p>\n","protected":false},"author":1,"featured_media":0,"comment_status":"open","ping_status":"open","sticky":false,"template":"","format":"standard","meta":{"_acf_changed":false,"pagelayer_contact_templates":[],"_pagelayer_content":"","inline_featured_image":false,"fifu_image_url":"","fifu_image_alt":"","footnotes":""},"categories":[108],"tags":[142,200,196,212],"class_list":["post-681","post","type-post","status-publish","format-standard","hentry","category-lajme","tag-142","tag-kampe-verore","tag-tirane","tag-lajme-d27"],"acf":[],"yoast_head":"<!-- This site is optimized with the Yoast SEO plugin v27.2 - https:\/\/yoast.com\/product\/yoast-seo-wordpress\/ -->\n<title>Kampet verore p\u00ebr djem, \u201cFjetja e Hyjlind\u00ebses\u201d - Zv\u00ebrnec 2012. (30 Qershor - 9 Korrik 2012) - Kisha Orthodh\u03bfkse Autoqefale e Shqip\u00ebris\u00eb<\/title>\n<meta name=\"robots\" content=\"index, follow, max-snippet:-1, max-image-preview:large, max-video-preview:-1\" \/>\n<link rel=\"canonical\" href=\"https:\/\/orthodoxalbania.org\/2020\/2013\/03\/21\/kampet-verore-per-djem-fjetja-e-hyjlindeses-zvernec-2012\/\" \/>\n<meta property=\"og:locale\" content=\"en_US\" \/>\n<meta property=\"og:type\" content=\"article\" \/>\n<meta property=\"og:title\" content=\"Kampet verore p\u00ebr djem, \u201cFjetja e Hyjlind\u00ebses\u201d - Zv\u00ebrnec 2012. (30 Qershor - 9 Korrik 2012) - Kisha Orthodh\u03bfkse Autoqefale e Shqip\u00ebris\u00eb\" \/>\n<meta property=\"og:description\" content=\"&nbsp;&nbsp;&nbsp; Me hirin e Per\u00ebndis\u00eb&nbsp; dhe me p\u00ebrkujdesjen e Kryepeshkopit t\u00eb Tiran\u00ebs, Imzot Anastasit, n\u00eb Manastirin e \u201cFjejtjes s\u00eb Hylind\u00ebses Mari\u201d, n\u00eb Zv\u00ebrnec t\u00eb Vlor\u00ebs, u zhvilluan kampingjet p\u00ebr djem n\u00eb tre etapa t\u00eb ndryshme. &nbsp; &nbsp;&nbsp;&nbsp; Kampi i par\u00eb filloi n\u00eb dat\u00eb 30 Qershor deri 9 Korrik 2012. N\u00eb k\u00ebt\u00eb kamp mor\u00ebm pjes\u00eb 90 f\u00ebmij\u00eb t\u00eb mosh\u00ebs 10-12 vje\u00e7 nga zona t\u00eb ndryshme t\u00eb\" \/>\n<meta property=\"og:url\" content=\"https:\/\/orthodoxalbania.org\/2020\/2013\/03\/21\/kampet-verore-per-djem-fjetja-e-hyjlindeses-zvernec-2012\/\" \/>\n<meta property=\"og:site_name\" content=\"Kisha Orthodh\u03bfkse Autoqefale e Shqip\u00ebris\u00eb\" \/>\n<meta property=\"article:publisher\" content=\"https:\/\/www.facebook.com\/koash1991\" \/>\n<meta property=\"article:published_time\" content=\"2013-03-21T12:11:24+00:00\" \/>\n<meta property=\"article:modified_time\" content=\"2020-04-06T20:06:01+00:00\" \/>\n<meta property=\"og:image\" content=\"https:\/\/lh6.googleusercontent.com\/-EyoL3_YsKiM\/UButZqcIPUI\/AAAAAAAAAsQ\/UOxWJoriAaI\/s640\/FILE1117.jpeg\" \/>\n<meta name=\"author\" content=\"Kisha Orthodhokse\" \/>\n<meta name=\"twitter:card\" content=\"summary_large_image\" \/>\n<meta name=\"twitter:label1\" content=\"Written by\" \/>\n\t<meta name=\"twitter:data1\" content=\"Kisha Orthodhokse\" \/>\n\t<meta name=\"twitter:label2\" content=\"Est. reading time\" \/>\n\t<meta name=\"twitter:data2\" content=\"3 minutes\" \/>\n<script type=\"application\/ld+json\" class=\"yoast-schema-graph\">{\"@context\":\"https:\/\/schema.org\",\"@graph\":[{\"@type\":\"Article\",\"@id\":\"https:\/\/orthodoxalbania.org\/2020\/2013\/03\/21\/kampet-verore-per-djem-fjetja-e-hyjlindeses-zvernec-2012\/#article\",\"isPartOf\":{\"@id\":\"https:\/\/orthodoxalbania.org\/2020\/2013\/03\/21\/kampet-verore-per-djem-fjetja-e-hyjlindeses-zvernec-2012\/\"},\"author\":{\"name\":\"Kisha Orthodhokse\",\"@id\":\"https:\/\/orthodoxalbania.org\/2020\/#\/schema\/person\/0c387634a7063ac612d7ed9ce71c7e86\"},\"headline\":\"Kampet verore p\u00ebr djem, \u201cFjetja e Hyjlind\u00ebses\u201d &#8211; Zv\u00ebrnec 2012. (30 Qershor &#8211; 9 Korrik 2012)\",\"datePublished\":\"2013-03-21T12:11:24+00:00\",\"dateModified\":\"2020-04-06T20:06:01+00:00\",\"mainEntityOfPage\":{\"@id\":\"https:\/\/orthodoxalbania.org\/2020\/2013\/03\/21\/kampet-verore-per-djem-fjetja-e-hyjlindeses-zvernec-2012\/\"},\"wordCount\":517,\"commentCount\":0,\"publisher\":{\"@id\":\"https:\/\/orthodoxalbania.org\/2020\/#organization\"},\"image\":{\"@id\":\"https:\/\/orthodoxalbania.org\/2020\/2013\/03\/21\/kampet-verore-per-djem-fjetja-e-hyjlindeses-zvernec-2012\/#primaryimage\"},\"thumbnailUrl\":\"https:\/\/lh6.googleusercontent.com\/-EyoL3_YsKiM\/UButZqcIPUI\/AAAAAAAAAsQ\/UOxWJoriAaI\/s640\/FILE1117.jpeg\",\"keywords\":[\"2012\",\"Kampe verore\",\"Kryepiskopata Tiran\u00eb\",\"lajme\"],\"articleSection\":[\"Lajme\"],\"inLanguage\":\"en-US\"},{\"@type\":\"WebPage\",\"@id\":\"https:\/\/orthodoxalbania.org\/2020\/2013\/03\/21\/kampet-verore-per-djem-fjetja-e-hyjlindeses-zvernec-2012\/\",\"url\":\"https:\/\/orthodoxalbania.org\/2020\/2013\/03\/21\/kampet-verore-per-djem-fjetja-e-hyjlindeses-zvernec-2012\/\",\"name\":\"Kampet verore p\u00ebr djem, \u201cFjetja e Hyjlind\u00ebses\u201d - Zv\u00ebrnec 2012. (30 Qershor - 9 Korrik 2012) - Kisha Orthodh\u03bfkse Autoqefale e Shqip\u00ebris\u00eb\",\"isPartOf\":{\"@id\":\"https:\/\/orthodoxalbania.org\/2020\/#website\"},\"primaryImageOfPage\":{\"@id\":\"https:\/\/orthodoxalbania.org\/2020\/2013\/03\/21\/kampet-verore-per-djem-fjetja-e-hyjlindeses-zvernec-2012\/#primaryimage\"},\"image\":{\"@id\":\"https:\/\/orthodoxalbania.org\/2020\/2013\/03\/21\/kampet-verore-per-djem-fjetja-e-hyjlindeses-zvernec-2012\/#primaryimage\"},\"thumbnailUrl\":\"https:\/\/lh6.googleusercontent.com\/-EyoL3_YsKiM\/UButZqcIPUI\/AAAAAAAAAsQ\/UOxWJoriAaI\/s640\/FILE1117.jpeg\",\"datePublished\":\"2013-03-21T12:11:24+00:00\",\"dateModified\":\"2020-04-06T20:06:01+00:00\",\"breadcrumb\":{\"@id\":\"https:\/\/orthodoxalbania.org\/2020\/2013\/03\/21\/kampet-verore-per-djem-fjetja-e-hyjlindeses-zvernec-2012\/#breadcrumb\"},\"inLanguage\":\"en-US\",\"potentialAction\":[{\"@type\":\"ReadAction\",\"target\":[\"https:\/\/orthodoxalbania.org\/2020\/2013\/03\/21\/kampet-verore-per-djem-fjetja-e-hyjlindeses-zvernec-2012\/\"]}]},{\"@type\":\"ImageObject\",\"inLanguage\":\"en-US\",\"@id\":\"https:\/\/orthodoxalbania.org\/2020\/2013\/03\/21\/kampet-verore-per-djem-fjetja-e-hyjlindeses-zvernec-2012\/#primaryimage\",\"url\":\"https:\/\/lh6.googleusercontent.com\/-EyoL3_YsKiM\/UButZqcIPUI\/AAAAAAAAAsQ\/UOxWJoriAaI\/s640\/FILE1117.jpeg\",\"contentUrl\":\"https:\/\/lh6.googleusercontent.com\/-EyoL3_YsKiM\/UButZqcIPUI\/AAAAAAAAAsQ\/UOxWJoriAaI\/s640\/FILE1117.jpeg\"},{\"@type\":\"BreadcrumbList\",\"@id\":\"https:\/\/orthodoxalbania.org\/2020\/2013\/03\/21\/kampet-verore-per-djem-fjetja-e-hyjlindeses-zvernec-2012\/#breadcrumb\",\"itemListElement\":[{\"@type\":\"ListItem\",\"position\":1,\"name\":\"Home\",\"item\":\"https:\/\/orthodoxalbania.org\/2020\/\"},{\"@type\":\"ListItem\",\"position\":2,\"name\":\"Kampet verore p\u00ebr djem, \u201cFjetja e Hyjlind\u00ebses\u201d &#8211; Zv\u00ebrnec 2012. (30 Qershor &#8211; 9 Korrik 2012)\"}]},{\"@type\":\"WebSite\",\"@id\":\"https:\/\/orthodoxalbania.org\/2020\/#website\",\"url\":\"https:\/\/orthodoxalbania.org\/2020\/\",\"name\":\"Kisha Orthodh\u03bfkse Autoqefale e Shqip\u00ebris\u00eb\",\"description\":\"Fqja Zyrtare e Kish\u00ebs Orthodhokse Autoqefale e Shqip\u00ebris\u00eb me lajmet edhe informacionet zyrtare p\u00ebr struktur\u00ebn edhe veprimtarin e saj.\",\"publisher\":{\"@id\":\"https:\/\/orthodoxalbania.org\/2020\/#organization\"},\"potentialAction\":[{\"@type\":\"SearchAction\",\"target\":{\"@type\":\"EntryPoint\",\"urlTemplate\":\"https:\/\/orthodoxalbania.org\/2020\/?s={search_term_string}\"},\"query-input\":{\"@type\":\"PropertyValueSpecification\",\"valueRequired\":true,\"valueName\":\"search_term_string\"}}],\"inLanguage\":\"en-US\"},{\"@type\":\"Organization\",\"@id\":\"https:\/\/orthodoxalbania.org\/2020\/#organization\",\"name\":\"Kisha Orthodhokse Autoqefale e Shqip\u00ebris\u00eb\",\"url\":\"https:\/\/orthodoxalbania.org\/2020\/\",\"logo\":{\"@type\":\"ImageObject\",\"inLanguage\":\"en-US\",\"@id\":\"https:\/\/orthodoxalbania.org\/2020\/#\/schema\/logo\/image\/\",\"url\":\"https:\/\/orthodoxalbania.org\/2020\/wp-content\/uploads\/2020\/05\/albania.jpeg\",\"contentUrl\":\"https:\/\/orthodoxalbania.org\/2020\/wp-content\/uploads\/2020\/05\/albania.jpeg\",\"width\":540,\"height\":540,\"caption\":\"Kisha Orthodhokse Autoqefale e Shqip\u00ebris\u00eb\"},\"image\":{\"@id\":\"https:\/\/orthodoxalbania.org\/2020\/#\/schema\/logo\/image\/\"},\"sameAs\":[\"https:\/\/www.facebook.com\/koash1991\"]},{\"@type\":\"Person\",\"@id\":\"https:\/\/orthodoxalbania.org\/2020\/#\/schema\/person\/0c387634a7063ac612d7ed9ce71c7e86\",\"name\":\"Kisha Orthodhokse\",\"image\":{\"@type\":\"ImageObject\",\"inLanguage\":\"en-US\",\"@id\":\"https:\/\/secure.gravatar.com\/avatar\/596e7c417251e30f2fbb9c00e026fce61a695a00e51c889caded71c96cbbdde5?s=96&d=mm&r=g\",\"url\":\"https:\/\/secure.gravatar.com\/avatar\/596e7c417251e30f2fbb9c00e026fce61a695a00e51c889caded71c96cbbdde5?s=96&d=mm&r=g\",\"contentUrl\":\"https:\/\/secure.gravatar.com\/avatar\/596e7c417251e30f2fbb9c00e026fce61a695a00e51c889caded71c96cbbdde5?s=96&d=mm&r=g\",\"caption\":\"Kisha Orthodhokse\"}}]}<\/script>\n<!-- \/ Yoast SEO plugin. -->","yoast_head_json":{"title":"Kampet verore p\u00ebr djem, \u201cFjetja e Hyjlind\u00ebses\u201d - Zv\u00ebrnec 2012. (30 Qershor - 9 Korrik 2012) - Kisha Orthodh\u03bfkse Autoqefale e Shqip\u00ebris\u00eb","robots":{"index":"index","follow":"follow","max-snippet":"max-snippet:-1","max-image-preview":"max-image-preview:large","max-video-preview":"max-video-preview:-1"},"canonical":"https:\/\/orthodoxalbania.org\/2020\/2013\/03\/21\/kampet-verore-per-djem-fjetja-e-hyjlindeses-zvernec-2012\/","og_locale":"en_US","og_type":"article","og_title":"Kampet verore p\u00ebr djem, \u201cFjetja e Hyjlind\u00ebses\u201d - Zv\u00ebrnec 2012. (30 Qershor - 9 Korrik 2012) - Kisha Orthodh\u03bfkse Autoqefale e Shqip\u00ebris\u00eb","og_description":"&nbsp;&nbsp;&nbsp; Me hirin e Per\u00ebndis\u00eb&nbsp; dhe me p\u00ebrkujdesjen e Kryepeshkopit t\u00eb Tiran\u00ebs, Imzot Anastasit, n\u00eb Manastirin e \u201cFjejtjes s\u00eb Hylind\u00ebses Mari\u201d, n\u00eb Zv\u00ebrnec t\u00eb Vlor\u00ebs, u zhvilluan kampingjet p\u00ebr djem n\u00eb tre etapa t\u00eb ndryshme. &nbsp; &nbsp;&nbsp;&nbsp; Kampi i par\u00eb filloi n\u00eb dat\u00eb 30 Qershor deri 9 Korrik 2012. N\u00eb k\u00ebt\u00eb kamp mor\u00ebm pjes\u00eb 90 f\u00ebmij\u00eb t\u00eb mosh\u00ebs 10-12 vje\u00e7 nga zona t\u00eb ndryshme t\u00eb","og_url":"https:\/\/orthodoxalbania.org\/2020\/2013\/03\/21\/kampet-verore-per-djem-fjetja-e-hyjlindeses-zvernec-2012\/","og_site_name":"Kisha Orthodh\u03bfkse Autoqefale e Shqip\u00ebris\u00eb","article_publisher":"https:\/\/www.facebook.com\/koash1991","article_published_time":"2013-03-21T12:11:24+00:00","article_modified_time":"2020-04-06T20:06:01+00:00","og_image":[{"url":"https:\/\/lh6.googleusercontent.com\/-EyoL3_YsKiM\/UButZqcIPUI\/AAAAAAAAAsQ\/UOxWJoriAaI\/s640\/FILE1117.jpeg","type":"","width":"","height":""}],"author":"Kisha Orthodhokse","twitter_card":"summary_large_image","twitter_misc":{"Written by":"Kisha Orthodhokse","Est. reading time":"3 minutes"},"schema":{"@context":"https:\/\/schema.org","@graph":[{"@type":"Article","@id":"https:\/\/orthodoxalbania.org\/2020\/2013\/03\/21\/kampet-verore-per-djem-fjetja-e-hyjlindeses-zvernec-2012\/#article","isPartOf":{"@id":"https:\/\/orthodoxalbania.org\/2020\/2013\/03\/21\/kampet-verore-per-djem-fjetja-e-hyjlindeses-zvernec-2012\/"},"author":{"name":"Kisha Orthodhokse","@id":"https:\/\/orthodoxalbania.org\/2020\/#\/schema\/person\/0c387634a7063ac612d7ed9ce71c7e86"},"headline":"Kampet verore p\u00ebr djem, \u201cFjetja e Hyjlind\u00ebses\u201d &#8211; Zv\u00ebrnec 2012. (30 Qershor &#8211; 9 Korrik 2012)","datePublished":"2013-03-21T12:11:24+00:00","dateModified":"2020-04-06T20:06:01+00:00","mainEntityOfPage":{"@id":"https:\/\/orthodoxalbania.org\/2020\/2013\/03\/21\/kampet-verore-per-djem-fjetja-e-hyjlindeses-zvernec-2012\/"},"wordCount":517,"commentCount":0,"publisher":{"@id":"https:\/\/orthodoxalbania.org\/2020\/#organization"},"image":{"@id":"https:\/\/orthodoxalbania.org\/2020\/2013\/03\/21\/kampet-verore-per-djem-fjetja-e-hyjlindeses-zvernec-2012\/#primaryimage"},"thumbnailUrl":"https:\/\/lh6.googleusercontent.com\/-EyoL3_YsKiM\/UButZqcIPUI\/AAAAAAAAAsQ\/UOxWJoriAaI\/s640\/FILE1117.jpeg","keywords":["2012","Kampe verore","Kryepiskopata Tiran\u00eb","lajme"],"articleSection":["Lajme"],"inLanguage":"en-US"},{"@type":"WebPage","@id":"https:\/\/orthodoxalbania.org\/2020\/2013\/03\/21\/kampet-verore-per-djem-fjetja-e-hyjlindeses-zvernec-2012\/","url":"https:\/\/orthodoxalbania.org\/2020\/2013\/03\/21\/kampet-verore-per-djem-fjetja-e-hyjlindeses-zvernec-2012\/","name":"Kampet verore p\u00ebr djem, \u201cFjetja e Hyjlind\u00ebses\u201d - Zv\u00ebrnec 2012. (30 Qershor - 9 Korrik 2012) - Kisha Orthodh\u03bfkse Autoqefale e Shqip\u00ebris\u00eb","isPartOf":{"@id":"https:\/\/orthodoxalbania.org\/2020\/#website"},"primaryImageOfPage":{"@id":"https:\/\/orthodoxalbania.org\/2020\/2013\/03\/21\/kampet-verore-per-djem-fjetja-e-hyjlindeses-zvernec-2012\/#primaryimage"},"image":{"@id":"https:\/\/orthodoxalbania.org\/2020\/2013\/03\/21\/kampet-verore-per-djem-fjetja-e-hyjlindeses-zvernec-2012\/#primaryimage"},"thumbnailUrl":"https:\/\/lh6.googleusercontent.com\/-EyoL3_YsKiM\/UButZqcIPUI\/AAAAAAAAAsQ\/UOxWJoriAaI\/s640\/FILE1117.jpeg","datePublished":"2013-03-21T12:11:24+00:00","dateModified":"2020-04-06T20:06:01+00:00","breadcrumb":{"@id":"https:\/\/orthodoxalbania.org\/2020\/2013\/03\/21\/kampet-verore-per-djem-fjetja-e-hyjlindeses-zvernec-2012\/#breadcrumb"},"inLanguage":"en-US","potentialAction":[{"@type":"ReadAction","target":["https:\/\/orthodoxalbania.org\/2020\/2013\/03\/21\/kampet-verore-per-djem-fjetja-e-hyjlindeses-zvernec-2012\/"]}]},{"@type":"ImageObject","inLanguage":"en-US","@id":"https:\/\/orthodoxalbania.org\/2020\/2013\/03\/21\/kampet-verore-per-djem-fjetja-e-hyjlindeses-zvernec-2012\/#primaryimage","url":"https:\/\/lh6.googleusercontent.com\/-EyoL3_YsKiM\/UButZqcIPUI\/AAAAAAAAAsQ\/UOxWJoriAaI\/s640\/FILE1117.jpeg","contentUrl":"https:\/\/lh6.googleusercontent.com\/-EyoL3_YsKiM\/UButZqcIPUI\/AAAAAAAAAsQ\/UOxWJoriAaI\/s640\/FILE1117.jpeg"},{"@type":"BreadcrumbList","@id":"https:\/\/orthodoxalbania.org\/2020\/2013\/03\/21\/kampet-verore-per-djem-fjetja-e-hyjlindeses-zvernec-2012\/#breadcrumb","itemListElement":[{"@type":"ListItem","position":1,"name":"Home","item":"https:\/\/orthodoxalbania.org\/2020\/"},{"@type":"ListItem","position":2,"name":"Kampet verore p\u00ebr djem, \u201cFjetja e Hyjlind\u00ebses\u201d &#8211; Zv\u00ebrnec 2012. (30 Qershor &#8211; 9 Korrik 2012)"}]},{"@type":"WebSite","@id":"https:\/\/orthodoxalbania.org\/2020\/#website","url":"https:\/\/orthodoxalbania.org\/2020\/","name":"Kisha Orthodh\u03bfkse Autoqefale e Shqip\u00ebris\u00eb","description":"Fqja Zyrtare e Kish\u00ebs Orthodhokse Autoqefale e Shqip\u00ebris\u00eb me lajmet edhe informacionet zyrtare p\u00ebr struktur\u00ebn edhe veprimtarin e saj.","publisher":{"@id":"https:\/\/orthodoxalbania.org\/2020\/#organization"},"potentialAction":[{"@type":"SearchAction","target":{"@type":"EntryPoint","urlTemplate":"https:\/\/orthodoxalbania.org\/2020\/?s={search_term_string}"},"query-input":{"@type":"PropertyValueSpecification","valueRequired":true,"valueName":"search_term_string"}}],"inLanguage":"en-US"},{"@type":"Organization","@id":"https:\/\/orthodoxalbania.org\/2020\/#organization","name":"Kisha Orthodhokse Autoqefale e Shqip\u00ebris\u00eb","url":"https:\/\/orthodoxalbania.org\/2020\/","logo":{"@type":"ImageObject","inLanguage":"en-US","@id":"https:\/\/orthodoxalbania.org\/2020\/#\/schema\/logo\/image\/","url":"https:\/\/orthodoxalbania.org\/2020\/wp-content\/uploads\/2020\/05\/albania.jpeg","contentUrl":"https:\/\/orthodoxalbania.org\/2020\/wp-content\/uploads\/2020\/05\/albania.jpeg","width":540,"height":540,"caption":"Kisha Orthodhokse Autoqefale e Shqip\u00ebris\u00eb"},"image":{"@id":"https:\/\/orthodoxalbania.org\/2020\/#\/schema\/logo\/image\/"},"sameAs":["https:\/\/www.facebook.com\/koash1991"]},{"@type":"Person","@id":"https:\/\/orthodoxalbania.org\/2020\/#\/schema\/person\/0c387634a7063ac612d7ed9ce71c7e86","name":"Kisha Orthodhokse","image":{"@type":"ImageObject","inLanguage":"en-US","@id":"https:\/\/secure.gravatar.com\/avatar\/596e7c417251e30f2fbb9c00e026fce61a695a00e51c889caded71c96cbbdde5?s=96&d=mm&r=g","url":"https:\/\/secure.gravatar.com\/avatar\/596e7c417251e30f2fbb9c00e026fce61a695a00e51c889caded71c96cbbdde5?s=96&d=mm&r=g","contentUrl":"https:\/\/secure.gravatar.com\/avatar\/596e7c417251e30f2fbb9c00e026fce61a695a00e51c889caded71c96cbbdde5?s=96&d=mm&r=g","caption":"Kisha Orthodhokse"}}]}},"_links":{"self":[{"href":"https:\/\/orthodoxalbania.org\/2020\/wp-json\/wp\/v2\/posts\/681","targetHints":{"allow":["GET"]}}],"collection":[{"href":"https:\/\/orthodoxalbania.org\/2020\/wp-json\/wp\/v2\/posts"}],"about":[{"href":"https:\/\/orthodoxalbania.org\/2020\/wp-json\/wp\/v2\/types\/post"}],"author":[{"embeddable":true,"href":"https:\/\/orthodoxalbania.org\/2020\/wp-json\/wp\/v2\/users\/1"}],"replies":[{"embeddable":true,"href":"https:\/\/orthodoxalbania.org\/2020\/wp-json\/wp\/v2\/comments?post=681"}],"version-history":[{"count":1,"href":"https:\/\/orthodoxalbania.org\/2020\/wp-json\/wp\/v2\/posts\/681\/revisions"}],"predecessor-version":[{"id":15306,"href":"https:\/\/orthodoxalbania.org\/2020\/wp-json\/wp\/v2\/posts\/681\/revisions\/15306"}],"wp:attachment":[{"href":"https:\/\/orthodoxalbania.org\/2020\/wp-json\/wp\/v2\/media?parent=681"}],"wp:term":[{"taxonomy":"category","embeddable":true,"href":"https:\/\/orthodoxalbania.org\/2020\/wp-json\/wp\/v2\/categories?post=681"},{"taxonomy":"post_tag","embeddable":true,"href":"https:\/\/orthodoxalbania.org\/2020\/wp-json\/wp\/v2\/tags?post=681"}],"curies":[{"name":"wp","href":"https:\/\/api.w.org\/{rel}","templated":true}]}}