{"id":6804,"date":"2018-08-02T10:58:55","date_gmt":"2018-08-02T10:58:55","guid":{"rendered":""},"modified":"2020-04-06T21:58:04","modified_gmt":"2020-04-06T19:58:04","slug":"u-kremtua-26-vjetori-i-fronezimit-te-kryepiskopit-anastas","status":"publish","type":"post","link":"https:\/\/orthodoxalbania.org\/2020\/2018\/08\/02\/u-kremtua-26-vjetori-i-fronezimit-te-kryepiskopit-anastas\/","title":{"rendered":"U kremtua 26-vjetori i Fron\u00ebzimit t\u00eb Kryepiskopit Anastas"},"content":{"rendered":"<p style=\"text-align: justify;\">\n\t&nbsp;<\/p>\n<p> <\/p>\n<p style=\"text-align: justify;\">\n\t<span style=\"font-size: 12pt; font-family: helvetica; color: #000000;\">Viti 1992 kishte dy data historike p\u00ebr Kish\u00ebn ton\u00eb t\u00eb ringjallur nga hiri i komunizmit: 24 qershorin 1992, zgjedhjen e Kryepiskopit Anastas n\u00eb krye t\u00eb Kish\u00ebs Orthodhokse Autoqefale t\u00eb Shqip\u00ebris\u00eb dhe 2 gushtin &#8211; Fron\u00ebzimin e Tij.<\/span><\/p>\n<p style=\"text-align: justify;\">\n\t<span style=\"font-size: 12pt; font-family: helvetica; color: #000000;\">Me rastin e 2 gushtit, 26-vjetorit t\u00eb Fron\u00ebzimit t\u00eb Fortlumturis\u00eb s\u00eb Tij, Kryepiskopit t\u00eb Tiran\u00ebs, Durr\u00ebsit dhe t\u00eb Gjith\u00eb Shqip\u00ebris\u00eb, Anastasit, n\u00eb krye t\u00eb Kish\u00ebs Orthodhokse Autoqefale t\u00eb Shqip\u00ebris\u00eb, n\u00eb Katedralen \u201cNgjallja e Krishtit\u201d, n\u00eb Tiran\u00eb, u b\u00eb Liturgjia Hyjnore panegjirike. Ajo u krye nga Kryepiskopi bashk\u00eb me an\u00ebtar\u00ebt e Sinodit t\u00eb Shenjt\u00eb dhe klerik\u00eb nga Kryepiskopata e Mitropolit\u00eb.<\/span><\/p>\n<p style=\"text-align: justify;\">\n\t<span style=\"font-size: 12pt; font-family: helvetica; color: #000000;\">N\u00eb fund, Kryepiskopi Anastas kujtoi r\u00ebnd\u00ebsin\u00eb e k\u00ebsaj dite p\u00ebr Kish\u00ebn ton\u00eb, q\u00eb sh\u00ebnoi ringritjen e saj t\u00eb plot\u00eb kanonike pas nat\u00ebs s\u00eb gjat\u00eb ateiste. Fortlumturia e Tij theksoi, se k\u00ebto dit\u00eb nuk jan\u00eb thjesht p\u00ebrkujtim i nj\u00eb ngjarjeje, por rast dhe stacion p\u00ebr t\u00eb par\u00eb dhe ecur p\u00ebrpara. Dhe m\u00ebnyra m\u00eb e mir\u00eb p\u00ebr ta b\u00ebr\u00eb k\u00ebt\u00eb jan\u00eb projektet dhe arritjet e reja. Kryepiskopi p\u00ebrmendi p\u00ebr k\u00ebt\u00eb hapjen e Fakultetit t\u00eb Shkencave Humane n\u00eb Kolegjin Universitar \u201cLogos\u201d, brenda t\u00eb cilit do t\u00eb jet\u00eb edhe dega e Teologjis\u00eb; p\u00ebrpjekjet e reja p\u00ebr t\u00eb zgjeruar mund\u00ebsit\u00eb p\u00ebr sigurimin e t\u00eb ardhurave, q\u00eb do t\u00eb garantojn\u00eb autoqefalin\u00eb ekonomike t\u00eb Kish\u00ebs son\u00eb; hapjen e Sht\u00ebpis\u00eb s\u00eb Dashuris\u00eb \u201cHyjlind\u00ebsja Mari\u201d, q\u00eb kujdesjet p\u00ebr grat\u00eb e moshuara dhe p\u00ebrpjekjet q\u00eb po b\u00ebhen p\u00ebr ngritjen e Muzeut t\u00eb Kish\u00ebs, n\u00eb mjediset e Qendr\u00ebs Kulturore t\u00eb Katedrales \u201cNgjallja e Krishtit\u201d.<\/span><\/p>\n<p style=\"text-align: justify;\">\n\t<span style=\"font-size: 12pt; font-family: helvetica; color: #000000;\">N\u00eb em\u00ebr t\u00eb Sinodit dhe t\u00eb besimtar\u00ebve orthodhoks\u00eb, Kryepiskopin e uroi Mitropoliti i Beratit, Hir\u00ebsi Ignati. Urime e tufa me lule Fortlumturia e Tij mori edhe nga t\u00eb rinjt\u00eb e kampeve verore, nga besimtar\u00eb etj.<\/span><\/p>\n<p style=\"text-align: justify;\">\n\t<span style=\"font-size: 12pt; font-family: helvetica; color: #000000;\">Pas Liturgjis\u00eb Hyjnore, n\u00eb sall\u00ebn e Qendr\u00ebs Kulturore, u zhvillua nj\u00eb Konferenc\u00eb me t\u00eb gjith\u00eb klerik\u00ebt dhe katekist\u00ebt e Kryepiskopat\u00ebs dhe Mitropolive, ku pati referime e diskutime p\u00ebr tema shpirt\u00ebrore dhe probleme konkrete. Fol\u00ebn nga dy p\u00ebrfaq\u00ebsues nga \u00e7do dioqez\u00eb dhe nj\u00eb i ri nga Shkolla e Muzik\u00ebs Bizantine. Konferenca u hap dhe u mbyll nga Kryepiskopi Anastas, nd\u00ebrsa moderator i veprimtaris\u00eb ishte Mitropoloti i Kor\u00e7\u00ebs Joani.<\/span><\/p>\n<p style=\"text-align: justify;\">\n\t&nbsp;<\/p>\n<p style=\"text-align: center;\">\n\t<a data-flickr-embed=\"true\" data-header=\"true\" href=\"https:\/\/www.flickr.com\/photos\/157448745@N08\/albums\/72157671858435938\" title=\"U kremtua 26-vjetori i Fron\u00ebzimit t\u00eb Kryepiskopit Anastas\"><img class=\"lazyload\" decoding=\"async\" alt=\"U kremtua 26-vjetori i Fron\u00ebzimit t\u00eb Kryepiskopit Anastas\" height=\"427\" src=\"data:image\/svg+xml,%3Csvg%20xmlns%3D%27http%3A%2F%2Fwww.w3.org%2F2000%2Fsvg%27%20width%3D%27640%27%20height%3D%27427%27%20viewBox%3D%270%200%20640%20427%27%3E%3Crect%20width%3D%27640%27%20height%3D%27427%27%20fill-opacity%3D%220%22%2F%3E%3C%2Fsvg%3E\" data-orig-src=\"https:\/\/farm1.staticflickr.com\/856\/41992289940_362a857bc6_z.jpg\" width=\"640\" \/><\/a><script async=\"\" src=\"\/\/embedr.flickr.com\/assets\/client-code.js\" charset=\"utf-8\"><\/script><\/p>\n","protected":false},"excerpt":{"rendered":"<p>&nbsp; Viti 1992 kishte dy data historike p\u00ebr Kish\u00ebn ton\u00eb t\u00eb ringjallur nga hiri i komunizmit: 24 qershorin 1992, zgjedhjen e Kryepiskopit Anastas n\u00eb krye t\u00eb Kish\u00ebs Orthodhokse Autoqefale t\u00eb Shqip\u00ebris\u00eb dhe 2 gushtin &#8211; Fron\u00ebzimin e Tij. Me rastin e 2 gushtit, 26-vjetorit t\u00eb Fron\u00ebzimit t\u00eb Fortlumturis\u00eb s\u00eb Tij, Kryepiskopit t\u00eb Tiran\u00ebs, Durr\u00ebsit dhe t\u00eb Gjith\u00eb Shqip\u00ebris\u00eb, Anastasit, n\u00eb krye t\u00eb Kish\u00ebs Orthodhokse Autoqefale<\/p>\n","protected":false},"author":1,"featured_media":6805,"comment_status":"open","ping_status":"open","sticky":false,"template":"","format":"standard","meta":{"_acf_changed":false,"pagelayer_contact_templates":[],"_pagelayer_content":"","inline_featured_image":false,"fifu_image_url":"","fifu_image_alt":"","footnotes":""},"categories":[108],"tags":[220,184,157,196,201,212,208,206,207,198,181],"class_list":["post-6804","post","type-post","status-publish","format-standard","has-post-thumbnail","hentry","category-lajme","tag-220","tag-katedralja-ngjallja-e-krishtit-tirane","tag-kremtime","tag-tirane","tag-kryepiskopi-anastas","tag-lajme-d27","tag-mitropolia-e-amantias","tag-mitropolia-e-apollonise-dhe-e-fierit","tag-mitropolia-e-elbasanit-shpatit-dhe-librazhdit","tag-gjirokaster","tag-korce"],"acf":[],"yoast_head":"<!-- This site is optimized with the Yoast SEO plugin v27.2 - https:\/\/yoast.com\/product\/yoast-seo-wordpress\/ -->\n<title>U kremtua 26-vjetori i Fron\u00ebzimit t\u00eb Kryepiskopit Anastas - Kisha Orthodh\u03bfkse Autoqefale e Shqip\u00ebris\u00eb<\/title>\n<meta name=\"robots\" content=\"index, follow, max-snippet:-1, max-image-preview:large, max-video-preview:-1\" \/>\n<link rel=\"canonical\" href=\"https:\/\/orthodoxalbania.org\/2020\/2018\/08\/02\/u-kremtua-26-vjetori-i-fronezimit-te-kryepiskopit-anastas\/\" \/>\n<meta property=\"og:locale\" content=\"en_US\" \/>\n<meta property=\"og:type\" content=\"article\" \/>\n<meta property=\"og:title\" content=\"U kremtua 26-vjetori i Fron\u00ebzimit t\u00eb Kryepiskopit Anastas - Kisha Orthodh\u03bfkse Autoqefale e Shqip\u00ebris\u00eb\" \/>\n<meta property=\"og:description\" content=\"&nbsp; Viti 1992 kishte dy data historike p\u00ebr Kish\u00ebn ton\u00eb t\u00eb ringjallur nga hiri i komunizmit: 24 qershorin 1992, zgjedhjen e Kryepiskopit Anastas n\u00eb krye t\u00eb Kish\u00ebs Orthodhokse Autoqefale t\u00eb Shqip\u00ebris\u00eb dhe 2 gushtin &#8211; Fron\u00ebzimin e Tij. Me rastin e 2 gushtit, 26-vjetorit t\u00eb Fron\u00ebzimit t\u00eb Fortlumturis\u00eb s\u00eb Tij, Kryepiskopit t\u00eb Tiran\u00ebs, Durr\u00ebsit dhe t\u00eb Gjith\u00eb Shqip\u00ebris\u00eb, Anastasit, n\u00eb krye t\u00eb Kish\u00ebs Orthodhokse Autoqefale\" \/>\n<meta property=\"og:url\" content=\"https:\/\/orthodoxalbania.org\/2020\/2018\/08\/02\/u-kremtua-26-vjetori-i-fronezimit-te-kryepiskopit-anastas\/\" \/>\n<meta property=\"og:site_name\" content=\"Kisha Orthodh\u03bfkse Autoqefale e Shqip\u00ebris\u00eb\" \/>\n<meta property=\"article:publisher\" content=\"https:\/\/www.facebook.com\/koash1991\" \/>\n<meta property=\"article:published_time\" content=\"2018-08-02T10:58:55+00:00\" \/>\n<meta property=\"article:modified_time\" content=\"2020-04-06T19:58:04+00:00\" \/>\n<meta property=\"og:image\" content=\"https:\/\/orthodoxalbania.org\/2020\/wp-content\/uploads\/2020\/04\/DSC_0710-scaled.jpg\" \/>\n\t<meta property=\"og:image:width\" content=\"2560\" \/>\n\t<meta property=\"og:image:height\" content=\"1707\" \/>\n\t<meta property=\"og:image:type\" content=\"image\/jpeg\" \/>\n<meta name=\"author\" content=\"Kisha Orthodhokse\" \/>\n<meta name=\"twitter:card\" content=\"summary_large_image\" \/>\n<meta name=\"twitter:label1\" content=\"Written by\" \/>\n\t<meta name=\"twitter:data1\" content=\"Kisha Orthodhokse\" \/>\n\t<meta name=\"twitter:label2\" content=\"Est. reading time\" \/>\n\t<meta name=\"twitter:data2\" content=\"2 minutes\" \/>\n<script type=\"application\/ld+json\" class=\"yoast-schema-graph\">{\"@context\":\"https:\/\/schema.org\",\"@graph\":[{\"@type\":\"Article\",\"@id\":\"https:\/\/orthodoxalbania.org\/2020\/2018\/08\/02\/u-kremtua-26-vjetori-i-fronezimit-te-kryepiskopit-anastas\/#article\",\"isPartOf\":{\"@id\":\"https:\/\/orthodoxalbania.org\/2020\/2018\/08\/02\/u-kremtua-26-vjetori-i-fronezimit-te-kryepiskopit-anastas\/\"},\"author\":{\"name\":\"Kisha Orthodhokse\",\"@id\":\"https:\/\/orthodoxalbania.org\/2020\/#\/schema\/person\/0c387634a7063ac612d7ed9ce71c7e86\"},\"headline\":\"U kremtua 26-vjetori i Fron\u00ebzimit t\u00eb Kryepiskopit Anastas\",\"datePublished\":\"2018-08-02T10:58:55+00:00\",\"dateModified\":\"2020-04-06T19:58:04+00:00\",\"mainEntityOfPage\":{\"@id\":\"https:\/\/orthodoxalbania.org\/2020\/2018\/08\/02\/u-kremtua-26-vjetori-i-fronezimit-te-kryepiskopit-anastas\/\"},\"wordCount\":407,\"commentCount\":0,\"publisher\":{\"@id\":\"https:\/\/orthodoxalbania.org\/2020\/#organization\"},\"image\":{\"@id\":\"https:\/\/orthodoxalbania.org\/2020\/2018\/08\/02\/u-kremtua-26-vjetori-i-fronezimit-te-kryepiskopit-anastas\/#primaryimage\"},\"thumbnailUrl\":\"https:\/\/orthodoxalbania.org\/2020\/wp-content\/uploads\/2020\/04\/DSC_0710-scaled.jpg\",\"keywords\":[\"2018\",\"Katedralja \u201cNgjallja e Krishtit\u201d Tiran\u00eb\",\"Kremtime\",\"Kryepiskopata Tiran\u00eb\",\"Kryepiskopi Anastas\",\"lajme\",\"Mitropolia e Amantias\",\"Mitropolia e Apollonis\u00eb dhe Fierit\",\"Mitropolia e Elbasanit, Shpatit dhe Librazhdit\",\"Mitropolia Gjirokast\u00ebr\",\"Mitropolia Kor\u00e7\u00eb\"],\"articleSection\":[\"Lajme\"],\"inLanguage\":\"en-US\"},{\"@type\":\"WebPage\",\"@id\":\"https:\/\/orthodoxalbania.org\/2020\/2018\/08\/02\/u-kremtua-26-vjetori-i-fronezimit-te-kryepiskopit-anastas\/\",\"url\":\"https:\/\/orthodoxalbania.org\/2020\/2018\/08\/02\/u-kremtua-26-vjetori-i-fronezimit-te-kryepiskopit-anastas\/\",\"name\":\"U kremtua 26-vjetori i Fron\u00ebzimit t\u00eb Kryepiskopit Anastas - Kisha Orthodh\u03bfkse Autoqefale e Shqip\u00ebris\u00eb\",\"isPartOf\":{\"@id\":\"https:\/\/orthodoxalbania.org\/2020\/#website\"},\"primaryImageOfPage\":{\"@id\":\"https:\/\/orthodoxalbania.org\/2020\/2018\/08\/02\/u-kremtua-26-vjetori-i-fronezimit-te-kryepiskopit-anastas\/#primaryimage\"},\"image\":{\"@id\":\"https:\/\/orthodoxalbania.org\/2020\/2018\/08\/02\/u-kremtua-26-vjetori-i-fronezimit-te-kryepiskopit-anastas\/#primaryimage\"},\"thumbnailUrl\":\"https:\/\/orthodoxalbania.org\/2020\/wp-content\/uploads\/2020\/04\/DSC_0710-scaled.jpg\",\"datePublished\":\"2018-08-02T10:58:55+00:00\",\"dateModified\":\"2020-04-06T19:58:04+00:00\",\"breadcrumb\":{\"@id\":\"https:\/\/orthodoxalbania.org\/2020\/2018\/08\/02\/u-kremtua-26-vjetori-i-fronezimit-te-kryepiskopit-anastas\/#breadcrumb\"},\"inLanguage\":\"en-US\",\"potentialAction\":[{\"@type\":\"ReadAction\",\"target\":[\"https:\/\/orthodoxalbania.org\/2020\/2018\/08\/02\/u-kremtua-26-vjetori-i-fronezimit-te-kryepiskopit-anastas\/\"]}]},{\"@type\":\"ImageObject\",\"inLanguage\":\"en-US\",\"@id\":\"https:\/\/orthodoxalbania.org\/2020\/2018\/08\/02\/u-kremtua-26-vjetori-i-fronezimit-te-kryepiskopit-anastas\/#primaryimage\",\"url\":\"https:\/\/orthodoxalbania.org\/2020\/wp-content\/uploads\/2020\/04\/DSC_0710-scaled.jpg\",\"contentUrl\":\"https:\/\/orthodoxalbania.org\/2020\/wp-content\/uploads\/2020\/04\/DSC_0710-scaled.jpg\",\"width\":2560,\"height\":1707},{\"@type\":\"BreadcrumbList\",\"@id\":\"https:\/\/orthodoxalbania.org\/2020\/2018\/08\/02\/u-kremtua-26-vjetori-i-fronezimit-te-kryepiskopit-anastas\/#breadcrumb\",\"itemListElement\":[{\"@type\":\"ListItem\",\"position\":1,\"name\":\"Home\",\"item\":\"https:\/\/orthodoxalbania.org\/2020\/\"},{\"@type\":\"ListItem\",\"position\":2,\"name\":\"U kremtua 26-vjetori i Fron\u00ebzimit t\u00eb Kryepiskopit Anastas\"}]},{\"@type\":\"WebSite\",\"@id\":\"https:\/\/orthodoxalbania.org\/2020\/#website\",\"url\":\"https:\/\/orthodoxalbania.org\/2020\/\",\"name\":\"Kisha Orthodh\u03bfkse Autoqefale e Shqip\u00ebris\u00eb\",\"description\":\"Fqja Zyrtare e Kish\u00ebs Orthodhokse Autoqefale e Shqip\u00ebris\u00eb me lajmet edhe informacionet zyrtare p\u00ebr struktur\u00ebn edhe veprimtarin e saj.\",\"publisher\":{\"@id\":\"https:\/\/orthodoxalbania.org\/2020\/#organization\"},\"potentialAction\":[{\"@type\":\"SearchAction\",\"target\":{\"@type\":\"EntryPoint\",\"urlTemplate\":\"https:\/\/orthodoxalbania.org\/2020\/?s={search_term_string}\"},\"query-input\":{\"@type\":\"PropertyValueSpecification\",\"valueRequired\":true,\"valueName\":\"search_term_string\"}}],\"inLanguage\":\"en-US\"},{\"@type\":\"Organization\",\"@id\":\"https:\/\/orthodoxalbania.org\/2020\/#organization\",\"name\":\"Kisha Orthodhokse Autoqefale e Shqip\u00ebris\u00eb\",\"url\":\"https:\/\/orthodoxalbania.org\/2020\/\",\"logo\":{\"@type\":\"ImageObject\",\"inLanguage\":\"en-US\",\"@id\":\"https:\/\/orthodoxalbania.org\/2020\/#\/schema\/logo\/image\/\",\"url\":\"https:\/\/orthodoxalbania.org\/2020\/wp-content\/uploads\/2020\/05\/albania.jpeg\",\"contentUrl\":\"https:\/\/orthodoxalbania.org\/2020\/wp-content\/uploads\/2020\/05\/albania.jpeg\",\"width\":540,\"height\":540,\"caption\":\"Kisha Orthodhokse Autoqefale e Shqip\u00ebris\u00eb\"},\"image\":{\"@id\":\"https:\/\/orthodoxalbania.org\/2020\/#\/schema\/logo\/image\/\"},\"sameAs\":[\"https:\/\/www.facebook.com\/koash1991\"]},{\"@type\":\"Person\",\"@id\":\"https:\/\/orthodoxalbania.org\/2020\/#\/schema\/person\/0c387634a7063ac612d7ed9ce71c7e86\",\"name\":\"Kisha Orthodhokse\",\"image\":{\"@type\":\"ImageObject\",\"inLanguage\":\"en-US\",\"@id\":\"https:\/\/secure.gravatar.com\/avatar\/596e7c417251e30f2fbb9c00e026fce61a695a00e51c889caded71c96cbbdde5?s=96&d=mm&r=g\",\"url\":\"https:\/\/secure.gravatar.com\/avatar\/596e7c417251e30f2fbb9c00e026fce61a695a00e51c889caded71c96cbbdde5?s=96&d=mm&r=g\",\"contentUrl\":\"https:\/\/secure.gravatar.com\/avatar\/596e7c417251e30f2fbb9c00e026fce61a695a00e51c889caded71c96cbbdde5?s=96&d=mm&r=g\",\"caption\":\"Kisha Orthodhokse\"}}]}<\/script>\n<!-- \/ Yoast SEO plugin. -->","yoast_head_json":{"title":"U kremtua 26-vjetori i Fron\u00ebzimit t\u00eb Kryepiskopit Anastas - Kisha Orthodh\u03bfkse Autoqefale e Shqip\u00ebris\u00eb","robots":{"index":"index","follow":"follow","max-snippet":"max-snippet:-1","max-image-preview":"max-image-preview:large","max-video-preview":"max-video-preview:-1"},"canonical":"https:\/\/orthodoxalbania.org\/2020\/2018\/08\/02\/u-kremtua-26-vjetori-i-fronezimit-te-kryepiskopit-anastas\/","og_locale":"en_US","og_type":"article","og_title":"U kremtua 26-vjetori i Fron\u00ebzimit t\u00eb Kryepiskopit Anastas - Kisha Orthodh\u03bfkse Autoqefale e Shqip\u00ebris\u00eb","og_description":"&nbsp; Viti 1992 kishte dy data historike p\u00ebr Kish\u00ebn ton\u00eb t\u00eb ringjallur nga hiri i komunizmit: 24 qershorin 1992, zgjedhjen e Kryepiskopit Anastas n\u00eb krye t\u00eb Kish\u00ebs Orthodhokse Autoqefale t\u00eb Shqip\u00ebris\u00eb dhe 2 gushtin &#8211; Fron\u00ebzimin e Tij. Me rastin e 2 gushtit, 26-vjetorit t\u00eb Fron\u00ebzimit t\u00eb Fortlumturis\u00eb s\u00eb Tij, Kryepiskopit t\u00eb Tiran\u00ebs, Durr\u00ebsit dhe t\u00eb Gjith\u00eb Shqip\u00ebris\u00eb, Anastasit, n\u00eb krye t\u00eb Kish\u00ebs Orthodhokse Autoqefale","og_url":"https:\/\/orthodoxalbania.org\/2020\/2018\/08\/02\/u-kremtua-26-vjetori-i-fronezimit-te-kryepiskopit-anastas\/","og_site_name":"Kisha Orthodh\u03bfkse Autoqefale e Shqip\u00ebris\u00eb","article_publisher":"https:\/\/www.facebook.com\/koash1991","article_published_time":"2018-08-02T10:58:55+00:00","article_modified_time":"2020-04-06T19:58:04+00:00","og_image":[{"width":2560,"height":1707,"url":"https:\/\/orthodoxalbania.org\/2020\/wp-content\/uploads\/2020\/04\/DSC_0710-scaled.jpg","type":"image\/jpeg"}],"author":"Kisha Orthodhokse","twitter_card":"summary_large_image","twitter_misc":{"Written by":"Kisha Orthodhokse","Est. reading time":"2 minutes"},"schema":{"@context":"https:\/\/schema.org","@graph":[{"@type":"Article","@id":"https:\/\/orthodoxalbania.org\/2020\/2018\/08\/02\/u-kremtua-26-vjetori-i-fronezimit-te-kryepiskopit-anastas\/#article","isPartOf":{"@id":"https:\/\/orthodoxalbania.org\/2020\/2018\/08\/02\/u-kremtua-26-vjetori-i-fronezimit-te-kryepiskopit-anastas\/"},"author":{"name":"Kisha Orthodhokse","@id":"https:\/\/orthodoxalbania.org\/2020\/#\/schema\/person\/0c387634a7063ac612d7ed9ce71c7e86"},"headline":"U kremtua 26-vjetori i Fron\u00ebzimit t\u00eb Kryepiskopit Anastas","datePublished":"2018-08-02T10:58:55+00:00","dateModified":"2020-04-06T19:58:04+00:00","mainEntityOfPage":{"@id":"https:\/\/orthodoxalbania.org\/2020\/2018\/08\/02\/u-kremtua-26-vjetori-i-fronezimit-te-kryepiskopit-anastas\/"},"wordCount":407,"commentCount":0,"publisher":{"@id":"https:\/\/orthodoxalbania.org\/2020\/#organization"},"image":{"@id":"https:\/\/orthodoxalbania.org\/2020\/2018\/08\/02\/u-kremtua-26-vjetori-i-fronezimit-te-kryepiskopit-anastas\/#primaryimage"},"thumbnailUrl":"https:\/\/orthodoxalbania.org\/2020\/wp-content\/uploads\/2020\/04\/DSC_0710-scaled.jpg","keywords":["2018","Katedralja \u201cNgjallja e Krishtit\u201d Tiran\u00eb","Kremtime","Kryepiskopata Tiran\u00eb","Kryepiskopi Anastas","lajme","Mitropolia e Amantias","Mitropolia e Apollonis\u00eb dhe Fierit","Mitropolia e Elbasanit, Shpatit dhe Librazhdit","Mitropolia Gjirokast\u00ebr","Mitropolia Kor\u00e7\u00eb"],"articleSection":["Lajme"],"inLanguage":"en-US"},{"@type":"WebPage","@id":"https:\/\/orthodoxalbania.org\/2020\/2018\/08\/02\/u-kremtua-26-vjetori-i-fronezimit-te-kryepiskopit-anastas\/","url":"https:\/\/orthodoxalbania.org\/2020\/2018\/08\/02\/u-kremtua-26-vjetori-i-fronezimit-te-kryepiskopit-anastas\/","name":"U kremtua 26-vjetori i Fron\u00ebzimit t\u00eb Kryepiskopit Anastas - Kisha Orthodh\u03bfkse Autoqefale e Shqip\u00ebris\u00eb","isPartOf":{"@id":"https:\/\/orthodoxalbania.org\/2020\/#website"},"primaryImageOfPage":{"@id":"https:\/\/orthodoxalbania.org\/2020\/2018\/08\/02\/u-kremtua-26-vjetori-i-fronezimit-te-kryepiskopit-anastas\/#primaryimage"},"image":{"@id":"https:\/\/orthodoxalbania.org\/2020\/2018\/08\/02\/u-kremtua-26-vjetori-i-fronezimit-te-kryepiskopit-anastas\/#primaryimage"},"thumbnailUrl":"https:\/\/orthodoxalbania.org\/2020\/wp-content\/uploads\/2020\/04\/DSC_0710-scaled.jpg","datePublished":"2018-08-02T10:58:55+00:00","dateModified":"2020-04-06T19:58:04+00:00","breadcrumb":{"@id":"https:\/\/orthodoxalbania.org\/2020\/2018\/08\/02\/u-kremtua-26-vjetori-i-fronezimit-te-kryepiskopit-anastas\/#breadcrumb"},"inLanguage":"en-US","potentialAction":[{"@type":"ReadAction","target":["https:\/\/orthodoxalbania.org\/2020\/2018\/08\/02\/u-kremtua-26-vjetori-i-fronezimit-te-kryepiskopit-anastas\/"]}]},{"@type":"ImageObject","inLanguage":"en-US","@id":"https:\/\/orthodoxalbania.org\/2020\/2018\/08\/02\/u-kremtua-26-vjetori-i-fronezimit-te-kryepiskopit-anastas\/#primaryimage","url":"https:\/\/orthodoxalbania.org\/2020\/wp-content\/uploads\/2020\/04\/DSC_0710-scaled.jpg","contentUrl":"https:\/\/orthodoxalbania.org\/2020\/wp-content\/uploads\/2020\/04\/DSC_0710-scaled.jpg","width":2560,"height":1707},{"@type":"BreadcrumbList","@id":"https:\/\/orthodoxalbania.org\/2020\/2018\/08\/02\/u-kremtua-26-vjetori-i-fronezimit-te-kryepiskopit-anastas\/#breadcrumb","itemListElement":[{"@type":"ListItem","position":1,"name":"Home","item":"https:\/\/orthodoxalbania.org\/2020\/"},{"@type":"ListItem","position":2,"name":"U kremtua 26-vjetori i Fron\u00ebzimit t\u00eb Kryepiskopit Anastas"}]},{"@type":"WebSite","@id":"https:\/\/orthodoxalbania.org\/2020\/#website","url":"https:\/\/orthodoxalbania.org\/2020\/","name":"Kisha Orthodh\u03bfkse Autoqefale e Shqip\u00ebris\u00eb","description":"Fqja Zyrtare e Kish\u00ebs Orthodhokse Autoqefale e Shqip\u00ebris\u00eb me lajmet edhe informacionet zyrtare p\u00ebr struktur\u00ebn edhe veprimtarin e saj.","publisher":{"@id":"https:\/\/orthodoxalbania.org\/2020\/#organization"},"potentialAction":[{"@type":"SearchAction","target":{"@type":"EntryPoint","urlTemplate":"https:\/\/orthodoxalbania.org\/2020\/?s={search_term_string}"},"query-input":{"@type":"PropertyValueSpecification","valueRequired":true,"valueName":"search_term_string"}}],"inLanguage":"en-US"},{"@type":"Organization","@id":"https:\/\/orthodoxalbania.org\/2020\/#organization","name":"Kisha Orthodhokse Autoqefale e Shqip\u00ebris\u00eb","url":"https:\/\/orthodoxalbania.org\/2020\/","logo":{"@type":"ImageObject","inLanguage":"en-US","@id":"https:\/\/orthodoxalbania.org\/2020\/#\/schema\/logo\/image\/","url":"https:\/\/orthodoxalbania.org\/2020\/wp-content\/uploads\/2020\/05\/albania.jpeg","contentUrl":"https:\/\/orthodoxalbania.org\/2020\/wp-content\/uploads\/2020\/05\/albania.jpeg","width":540,"height":540,"caption":"Kisha Orthodhokse Autoqefale e Shqip\u00ebris\u00eb"},"image":{"@id":"https:\/\/orthodoxalbania.org\/2020\/#\/schema\/logo\/image\/"},"sameAs":["https:\/\/www.facebook.com\/koash1991"]},{"@type":"Person","@id":"https:\/\/orthodoxalbania.org\/2020\/#\/schema\/person\/0c387634a7063ac612d7ed9ce71c7e86","name":"Kisha Orthodhokse","image":{"@type":"ImageObject","inLanguage":"en-US","@id":"https:\/\/secure.gravatar.com\/avatar\/596e7c417251e30f2fbb9c00e026fce61a695a00e51c889caded71c96cbbdde5?s=96&d=mm&r=g","url":"https:\/\/secure.gravatar.com\/avatar\/596e7c417251e30f2fbb9c00e026fce61a695a00e51c889caded71c96cbbdde5?s=96&d=mm&r=g","contentUrl":"https:\/\/secure.gravatar.com\/avatar\/596e7c417251e30f2fbb9c00e026fce61a695a00e51c889caded71c96cbbdde5?s=96&d=mm&r=g","caption":"Kisha Orthodhokse"}}]}},"_links":{"self":[{"href":"https:\/\/orthodoxalbania.org\/2020\/wp-json\/wp\/v2\/posts\/6804","targetHints":{"allow":["GET"]}}],"collection":[{"href":"https:\/\/orthodoxalbania.org\/2020\/wp-json\/wp\/v2\/posts"}],"about":[{"href":"https:\/\/orthodoxalbania.org\/2020\/wp-json\/wp\/v2\/types\/post"}],"author":[{"embeddable":true,"href":"https:\/\/orthodoxalbania.org\/2020\/wp-json\/wp\/v2\/users\/1"}],"replies":[{"embeddable":true,"href":"https:\/\/orthodoxalbania.org\/2020\/wp-json\/wp\/v2\/comments?post=6804"}],"version-history":[{"count":1,"href":"https:\/\/orthodoxalbania.org\/2020\/wp-json\/wp\/v2\/posts\/6804\/revisions"}],"predecessor-version":[{"id":14756,"href":"https:\/\/orthodoxalbania.org\/2020\/wp-json\/wp\/v2\/posts\/6804\/revisions\/14756"}],"wp:featuredmedia":[{"embeddable":true,"href":"https:\/\/orthodoxalbania.org\/2020\/wp-json\/wp\/v2\/media\/6805"}],"wp:attachment":[{"href":"https:\/\/orthodoxalbania.org\/2020\/wp-json\/wp\/v2\/media?parent=6804"}],"wp:term":[{"taxonomy":"category","embeddable":true,"href":"https:\/\/orthodoxalbania.org\/2020\/wp-json\/wp\/v2\/categories?post=6804"},{"taxonomy":"post_tag","embeddable":true,"href":"https:\/\/orthodoxalbania.org\/2020\/wp-json\/wp\/v2\/tags?post=6804"}],"curies":[{"name":"wp","href":"https:\/\/api.w.org\/{rel}","templated":true}]}}