{"id":6792,"date":"2018-07-27T09:33:55","date_gmt":"2018-07-27T09:33:55","guid":{"rendered":""},"modified":"2020-04-06T21:58:05","modified_gmt":"2020-04-06T19:58:05","slug":"kremtime-ne-20-vjetorin-e-fronezimit-te-mitropoliteve","status":"publish","type":"post","link":"https:\/\/orthodoxalbania.org\/2020\/2018\/07\/27\/kremtime-ne-20-vjetorin-e-fronezimit-te-mitropoliteve\/","title":{"rendered":"Kremtime n\u00eb 20 vjetorin e fron\u00ebzimit t\u00eb Mitropolit\u00ebve"},"content":{"rendered":"<p style=\"text-align: justify;\">\n\t&nbsp;<\/p>\n<p> <\/p>\n<p>\n\t&nbsp;<\/p>\n<p style=\"text-align: justify;\">\n\t<span style=\"font-size: 12pt; font-family: helvetica; color: #000000;\">Korriku i vitit 1998 do t\u00eb sh\u00ebnonte nj\u00eb \u00e7ast historik p\u00ebr Kish\u00ebn ton\u00eb, riformimin e Sinodit t\u00eb Shenjt\u00eb pas nat\u00ebs s\u00eb gjat\u00eb ateiste. Fron\u00ebzimi i Imzot Ignatit, hirotonia e fron\u00ebzimi i Hir\u00ebsi Joanit dhe hirotonia e Imzot Kozmait, b\u00ebn\u00eb t\u00eb mundur plot\u00ebsimin e ringritjes kanonike t\u00eb Kish\u00ebs Orthodhokse Autoqefale t\u00eb Shqip\u00ebris\u00eb, q\u00eb kishte nisur m\u00eb 24 qershor 1992, me zgjedhjen e Kryepiskopit Anastas. Kjo ngjarje e sh\u00ebnuar, q\u00eb u zhvillua nga 18-25 korrik, u kujtua me Liturgji Hyjnore festive dhe nderimet e rastit.<\/span><\/p>\n<p style=\"text-align: justify;\">\n\t<span style=\"font-size: 12pt; font-family: helvetica; color: #000000;\">N\u00eb dat\u00ebn 18 korrik, n\u00eb katedralen e Sh\u00ebn Dhimitrit, n\u00eb Berat, u kremtua me Liturgji Hyjnore 20-vjetori i fron\u00ebzimit t\u00eb Mitropolitit t\u00eb Beratit, Hir\u00ebsis\u00eb s\u00eb Tij, Ignatit. Merrnin pjes\u00eb Episkopi i Bylisit, Asti, klerik\u00ebt e mitropolis\u00eb, besimtar\u00eb, autoritete lokale e p\u00ebrfaq\u00ebsues t\u00eb komuniteteve fetare etj. N\u00eb em\u00ebr t\u00eb Kryepiskopit Anastas Hir\u00ebsin\u00eb e Tij e uroi Imzot Asti dhe n\u00eb fund ai priti urimet e rastit.<\/span><\/p>\n<p style=\"text-align: justify;\">\n\t<span style=\"color: #000000;\"><span style=\"font-size: 12pt; font-family: helvetica;\">N\u00eb dat\u00ebn 23 korrik 2018, me rastin e 20-vjetorit t\u00eb hirotonisjes si Episkop dhe zgjedhjes dhe fron\u00ebzimit si Mitropolit i Kor\u00e7\u00ebs, Hir\u00ebsia e Tij, Joani, u nderua nga Universiteti i Kor\u00e7\u00ebs \u201cFan Noli\u201d, me titullin \u201cDoctor Honoris Causa\u201d. Nd\u00ebrsa m\u00eb 25 korrik, n\u00eb katedralen \u201cNgjallja e Krishtit\u201d, u krye Liturgjia Hyjnore festive. N\u00eb t\u00eb mor\u00ebn pjes\u00eb Mitropoliti i Kosturit, Serafimi, Mitropoliti i Kozanit, Pavli, Mitropoliti i Siatist\u00ebs, Pavli,&nbsp;<\/span><span style=\"font-family: helvetica; font-size: 16px;\">Mitropoliti i Elbasanit, Andoni, Mitropoliti i Amantias, Nathanaili, dhe Episkopi i Bylisit, Asti<\/span><span style=\"font-family: helvetica; font-size: 12pt;\">. N\u00eb Liturgji mor\u00ebn pjes\u00eb edhe klerik\u00ebt e Mitropolis\u00eb s\u00eb Kor\u00e7\u00ebs, autoritete vendore, p\u00ebrfaq\u00ebsues t\u00eb komuniteteve fetare, besimtar\u00eb etj. N\u00eb fund, mesazhin e Kryepiskopit Anastas e transmetoi Mitropoliti i Elbasanit, Andoni, si dhe p\u00ebrsh\u00ebndeti Imzot Serafimi i Kosturit. Gjithashtu, u lexua edhe nj\u00eb mesazh urimi nga Presidenti i Republik\u00ebs, z. Ilir Meta. Pas Mesh\u00ebs, Imzot Joani priti urimet n\u00eb selin\u00eb e Mitropolis\u00eb.<\/span><\/span><\/p>\n<p style=\"text-align: justify;\">\n\t&nbsp;<\/p>\n<p>\n\t&nbsp;<\/p>\n<p style=\"text-align: center;\">\n\t<a data-flickr-embed=\"true\" data-footer=\"true\" href=\"https:\/\/www.flickr.com\/photos\/157448745@N08\/albums\/72157669549733667\" title=\"Kremtime n\u00eb 20 vjetorin e fron\u00ebzimit t\u00eb Mitropolit\u00ebve\"><img class=\"lazyload\" decoding=\"async\" alt=\"Kremtime n\u00eb 20 vjetorin e fron\u00ebzimit t\u00eb Mitropolit\u00ebve\" height=\"480\" src=\"data:image\/svg+xml,%3Csvg%20xmlns%3D%27http%3A%2F%2Fwww.w3.org%2F2000%2Fsvg%27%20width%3D%27640%27%20height%3D%27480%27%20viewBox%3D%270%200%20640%20480%27%3E%3Crect%20width%3D%27640%27%20height%3D%27480%27%20fill-opacity%3D%220%22%2F%3E%3C%2Fsvg%3E\" data-orig-src=\"https:\/\/farm1.staticflickr.com\/933\/41860028130_f1cd51b7e2_z.jpg\" width=\"640\" \/><\/a><script async src=\"\/\/embedr.flickr.com\/assets\/client-code.js\" charset=\"utf-8\"><\/script><\/p>\n","protected":false},"excerpt":{"rendered":"<p>&nbsp; &nbsp; Korriku i vitit 1998 do t\u00eb sh\u00ebnonte nj\u00eb \u00e7ast historik p\u00ebr Kish\u00ebn ton\u00eb, riformimin e Sinodit t\u00eb Shenjt\u00eb pas nat\u00ebs s\u00eb gjat\u00eb ateiste. Fron\u00ebzimi i Imzot Ignatit, hirotonia e fron\u00ebzimi i Hir\u00ebsi Joanit dhe hirotonia e Imzot Kozmait, b\u00ebn\u00eb t\u00eb mundur plot\u00ebsimin e ringritjes kanonike t\u00eb Kish\u00ebs Orthodhokse Autoqefale t\u00eb Shqip\u00ebris\u00eb, q\u00eb kishte nisur m\u00eb 24 qershor 1992, me zgjedhjen e Kryepiskopit Anastas.<\/p>\n","protected":false},"author":1,"featured_media":6793,"comment_status":"open","ping_status":"open","sticky":false,"template":"","format":"standard","meta":{"_acf_changed":false,"pagelayer_contact_templates":[],"_pagelayer_content":"","inline_featured_image":false,"fifu_image_url":"","fifu_image_alt":"","footnotes":""},"categories":[108],"tags":[220,157,196,212,197,181],"class_list":["post-6792","post","type-post","status-publish","format-standard","has-post-thumbnail","hentry","category-lajme","tag-220","tag-kremtime","tag-tirane","tag-lajme-d27","tag-berat","tag-korce"],"acf":[],"yoast_head":"<!-- This site is optimized with the Yoast SEO plugin v27.2 - https:\/\/yoast.com\/product\/yoast-seo-wordpress\/ -->\n<title>Kremtime n\u00eb 20 vjetorin e fron\u00ebzimit t\u00eb Mitropolit\u00ebve - Kisha Orthodh\u03bfkse Autoqefale e Shqip\u00ebris\u00eb<\/title>\n<meta name=\"robots\" content=\"index, follow, max-snippet:-1, max-image-preview:large, max-video-preview:-1\" \/>\n<link rel=\"canonical\" href=\"https:\/\/orthodoxalbania.org\/2020\/2018\/07\/27\/kremtime-ne-20-vjetorin-e-fronezimit-te-mitropoliteve\/\" \/>\n<meta property=\"og:locale\" content=\"en_US\" \/>\n<meta property=\"og:type\" content=\"article\" \/>\n<meta property=\"og:title\" content=\"Kremtime n\u00eb 20 vjetorin e fron\u00ebzimit t\u00eb Mitropolit\u00ebve - Kisha Orthodh\u03bfkse Autoqefale e Shqip\u00ebris\u00eb\" \/>\n<meta property=\"og:description\" content=\"&nbsp; &nbsp; Korriku i vitit 1998 do t\u00eb sh\u00ebnonte nj\u00eb \u00e7ast historik p\u00ebr Kish\u00ebn ton\u00eb, riformimin e Sinodit t\u00eb Shenjt\u00eb pas nat\u00ebs s\u00eb gjat\u00eb ateiste. Fron\u00ebzimi i Imzot Ignatit, hirotonia e fron\u00ebzimi i Hir\u00ebsi Joanit dhe hirotonia e Imzot Kozmait, b\u00ebn\u00eb t\u00eb mundur plot\u00ebsimin e ringritjes kanonike t\u00eb Kish\u00ebs Orthodhokse Autoqefale t\u00eb Shqip\u00ebris\u00eb, q\u00eb kishte nisur m\u00eb 24 qershor 1992, me zgjedhjen e Kryepiskopit Anastas.\" \/>\n<meta property=\"og:url\" content=\"https:\/\/orthodoxalbania.org\/2020\/2018\/07\/27\/kremtime-ne-20-vjetorin-e-fronezimit-te-mitropoliteve\/\" \/>\n<meta property=\"og:site_name\" content=\"Kisha Orthodh\u03bfkse Autoqefale e Shqip\u00ebris\u00eb\" \/>\n<meta property=\"article:publisher\" content=\"https:\/\/www.facebook.com\/koash1991\" \/>\n<meta property=\"article:published_time\" content=\"2018-07-27T09:33:55+00:00\" \/>\n<meta property=\"article:modified_time\" content=\"2020-04-06T19:58:05+00:00\" \/>\n<meta property=\"og:image\" content=\"https:\/\/orthodoxalbania.org\/2020\/wp-content\/uploads\/2020\/04\/1k-0.jpg\" \/>\n\t<meta property=\"og:image:width\" content=\"960\" \/>\n\t<meta property=\"og:image:height\" content=\"720\" \/>\n\t<meta property=\"og:image:type\" content=\"image\/jpeg\" \/>\n<meta name=\"author\" content=\"Kisha Orthodhokse\" \/>\n<meta name=\"twitter:card\" content=\"summary_large_image\" \/>\n<meta name=\"twitter:label1\" content=\"Written by\" \/>\n\t<meta name=\"twitter:data1\" content=\"Kisha Orthodhokse\" \/>\n\t<meta name=\"twitter:label2\" content=\"Est. reading time\" \/>\n\t<meta name=\"twitter:data2\" content=\"2 minutes\" \/>\n<script type=\"application\/ld+json\" class=\"yoast-schema-graph\">{\"@context\":\"https:\/\/schema.org\",\"@graph\":[{\"@type\":\"Article\",\"@id\":\"https:\/\/orthodoxalbania.org\/2020\/2018\/07\/27\/kremtime-ne-20-vjetorin-e-fronezimit-te-mitropoliteve\/#article\",\"isPartOf\":{\"@id\":\"https:\/\/orthodoxalbania.org\/2020\/2018\/07\/27\/kremtime-ne-20-vjetorin-e-fronezimit-te-mitropoliteve\/\"},\"author\":{\"name\":\"Kisha Orthodhokse\",\"@id\":\"https:\/\/orthodoxalbania.org\/2020\/#\/schema\/person\/0c387634a7063ac612d7ed9ce71c7e86\"},\"headline\":\"Kremtime n\u00eb 20 vjetorin e fron\u00ebzimit t\u00eb Mitropolit\u00ebve\",\"datePublished\":\"2018-07-27T09:33:55+00:00\",\"dateModified\":\"2020-04-06T19:58:05+00:00\",\"mainEntityOfPage\":{\"@id\":\"https:\/\/orthodoxalbania.org\/2020\/2018\/07\/27\/kremtime-ne-20-vjetorin-e-fronezimit-te-mitropoliteve\/\"},\"wordCount\":335,\"commentCount\":0,\"publisher\":{\"@id\":\"https:\/\/orthodoxalbania.org\/2020\/#organization\"},\"image\":{\"@id\":\"https:\/\/orthodoxalbania.org\/2020\/2018\/07\/27\/kremtime-ne-20-vjetorin-e-fronezimit-te-mitropoliteve\/#primaryimage\"},\"thumbnailUrl\":\"https:\/\/orthodoxalbania.org\/2020\/wp-content\/uploads\/2020\/04\/1k-0.jpg\",\"keywords\":[\"2018\",\"Kremtime\",\"Kryepiskopata Tiran\u00eb\",\"lajme\",\"Mitropolia Berat\",\"Mitropolia Kor\u00e7\u00eb\"],\"articleSection\":[\"Lajme\"],\"inLanguage\":\"en-US\"},{\"@type\":\"WebPage\",\"@id\":\"https:\/\/orthodoxalbania.org\/2020\/2018\/07\/27\/kremtime-ne-20-vjetorin-e-fronezimit-te-mitropoliteve\/\",\"url\":\"https:\/\/orthodoxalbania.org\/2020\/2018\/07\/27\/kremtime-ne-20-vjetorin-e-fronezimit-te-mitropoliteve\/\",\"name\":\"Kremtime n\u00eb 20 vjetorin e fron\u00ebzimit t\u00eb Mitropolit\u00ebve - Kisha Orthodh\u03bfkse Autoqefale e Shqip\u00ebris\u00eb\",\"isPartOf\":{\"@id\":\"https:\/\/orthodoxalbania.org\/2020\/#website\"},\"primaryImageOfPage\":{\"@id\":\"https:\/\/orthodoxalbania.org\/2020\/2018\/07\/27\/kremtime-ne-20-vjetorin-e-fronezimit-te-mitropoliteve\/#primaryimage\"},\"image\":{\"@id\":\"https:\/\/orthodoxalbania.org\/2020\/2018\/07\/27\/kremtime-ne-20-vjetorin-e-fronezimit-te-mitropoliteve\/#primaryimage\"},\"thumbnailUrl\":\"https:\/\/orthodoxalbania.org\/2020\/wp-content\/uploads\/2020\/04\/1k-0.jpg\",\"datePublished\":\"2018-07-27T09:33:55+00:00\",\"dateModified\":\"2020-04-06T19:58:05+00:00\",\"breadcrumb\":{\"@id\":\"https:\/\/orthodoxalbania.org\/2020\/2018\/07\/27\/kremtime-ne-20-vjetorin-e-fronezimit-te-mitropoliteve\/#breadcrumb\"},\"inLanguage\":\"en-US\",\"potentialAction\":[{\"@type\":\"ReadAction\",\"target\":[\"https:\/\/orthodoxalbania.org\/2020\/2018\/07\/27\/kremtime-ne-20-vjetorin-e-fronezimit-te-mitropoliteve\/\"]}]},{\"@type\":\"ImageObject\",\"inLanguage\":\"en-US\",\"@id\":\"https:\/\/orthodoxalbania.org\/2020\/2018\/07\/27\/kremtime-ne-20-vjetorin-e-fronezimit-te-mitropoliteve\/#primaryimage\",\"url\":\"https:\/\/orthodoxalbania.org\/2020\/wp-content\/uploads\/2020\/04\/1k-0.jpg\",\"contentUrl\":\"https:\/\/orthodoxalbania.org\/2020\/wp-content\/uploads\/2020\/04\/1k-0.jpg\",\"width\":960,\"height\":720},{\"@type\":\"BreadcrumbList\",\"@id\":\"https:\/\/orthodoxalbania.org\/2020\/2018\/07\/27\/kremtime-ne-20-vjetorin-e-fronezimit-te-mitropoliteve\/#breadcrumb\",\"itemListElement\":[{\"@type\":\"ListItem\",\"position\":1,\"name\":\"Home\",\"item\":\"https:\/\/orthodoxalbania.org\/2020\/\"},{\"@type\":\"ListItem\",\"position\":2,\"name\":\"Kremtime n\u00eb 20 vjetorin e fron\u00ebzimit t\u00eb Mitropolit\u00ebve\"}]},{\"@type\":\"WebSite\",\"@id\":\"https:\/\/orthodoxalbania.org\/2020\/#website\",\"url\":\"https:\/\/orthodoxalbania.org\/2020\/\",\"name\":\"Kisha Orthodh\u03bfkse Autoqefale e Shqip\u00ebris\u00eb\",\"description\":\"Fqja Zyrtare e Kish\u00ebs Orthodhokse Autoqefale e Shqip\u00ebris\u00eb me lajmet edhe informacionet zyrtare p\u00ebr struktur\u00ebn edhe veprimtarin e saj.\",\"publisher\":{\"@id\":\"https:\/\/orthodoxalbania.org\/2020\/#organization\"},\"potentialAction\":[{\"@type\":\"SearchAction\",\"target\":{\"@type\":\"EntryPoint\",\"urlTemplate\":\"https:\/\/orthodoxalbania.org\/2020\/?s={search_term_string}\"},\"query-input\":{\"@type\":\"PropertyValueSpecification\",\"valueRequired\":true,\"valueName\":\"search_term_string\"}}],\"inLanguage\":\"en-US\"},{\"@type\":\"Organization\",\"@id\":\"https:\/\/orthodoxalbania.org\/2020\/#organization\",\"name\":\"Kisha Orthodhokse Autoqefale e Shqip\u00ebris\u00eb\",\"url\":\"https:\/\/orthodoxalbania.org\/2020\/\",\"logo\":{\"@type\":\"ImageObject\",\"inLanguage\":\"en-US\",\"@id\":\"https:\/\/orthodoxalbania.org\/2020\/#\/schema\/logo\/image\/\",\"url\":\"https:\/\/orthodoxalbania.org\/2020\/wp-content\/uploads\/2020\/05\/albania.jpeg\",\"contentUrl\":\"https:\/\/orthodoxalbania.org\/2020\/wp-content\/uploads\/2020\/05\/albania.jpeg\",\"width\":540,\"height\":540,\"caption\":\"Kisha Orthodhokse Autoqefale e Shqip\u00ebris\u00eb\"},\"image\":{\"@id\":\"https:\/\/orthodoxalbania.org\/2020\/#\/schema\/logo\/image\/\"},\"sameAs\":[\"https:\/\/www.facebook.com\/koash1991\"]},{\"@type\":\"Person\",\"@id\":\"https:\/\/orthodoxalbania.org\/2020\/#\/schema\/person\/0c387634a7063ac612d7ed9ce71c7e86\",\"name\":\"Kisha Orthodhokse\",\"image\":{\"@type\":\"ImageObject\",\"inLanguage\":\"en-US\",\"@id\":\"https:\/\/secure.gravatar.com\/avatar\/596e7c417251e30f2fbb9c00e026fce61a695a00e51c889caded71c96cbbdde5?s=96&d=mm&r=g\",\"url\":\"https:\/\/secure.gravatar.com\/avatar\/596e7c417251e30f2fbb9c00e026fce61a695a00e51c889caded71c96cbbdde5?s=96&d=mm&r=g\",\"contentUrl\":\"https:\/\/secure.gravatar.com\/avatar\/596e7c417251e30f2fbb9c00e026fce61a695a00e51c889caded71c96cbbdde5?s=96&d=mm&r=g\",\"caption\":\"Kisha Orthodhokse\"}}]}<\/script>\n<!-- \/ Yoast SEO plugin. -->","yoast_head_json":{"title":"Kremtime n\u00eb 20 vjetorin e fron\u00ebzimit t\u00eb Mitropolit\u00ebve - Kisha Orthodh\u03bfkse Autoqefale e Shqip\u00ebris\u00eb","robots":{"index":"index","follow":"follow","max-snippet":"max-snippet:-1","max-image-preview":"max-image-preview:large","max-video-preview":"max-video-preview:-1"},"canonical":"https:\/\/orthodoxalbania.org\/2020\/2018\/07\/27\/kremtime-ne-20-vjetorin-e-fronezimit-te-mitropoliteve\/","og_locale":"en_US","og_type":"article","og_title":"Kremtime n\u00eb 20 vjetorin e fron\u00ebzimit t\u00eb Mitropolit\u00ebve - Kisha Orthodh\u03bfkse Autoqefale e Shqip\u00ebris\u00eb","og_description":"&nbsp; &nbsp; Korriku i vitit 1998 do t\u00eb sh\u00ebnonte nj\u00eb \u00e7ast historik p\u00ebr Kish\u00ebn ton\u00eb, riformimin e Sinodit t\u00eb Shenjt\u00eb pas nat\u00ebs s\u00eb gjat\u00eb ateiste. Fron\u00ebzimi i Imzot Ignatit, hirotonia e fron\u00ebzimi i Hir\u00ebsi Joanit dhe hirotonia e Imzot Kozmait, b\u00ebn\u00eb t\u00eb mundur plot\u00ebsimin e ringritjes kanonike t\u00eb Kish\u00ebs Orthodhokse Autoqefale t\u00eb Shqip\u00ebris\u00eb, q\u00eb kishte nisur m\u00eb 24 qershor 1992, me zgjedhjen e Kryepiskopit Anastas.","og_url":"https:\/\/orthodoxalbania.org\/2020\/2018\/07\/27\/kremtime-ne-20-vjetorin-e-fronezimit-te-mitropoliteve\/","og_site_name":"Kisha Orthodh\u03bfkse Autoqefale e Shqip\u00ebris\u00eb","article_publisher":"https:\/\/www.facebook.com\/koash1991","article_published_time":"2018-07-27T09:33:55+00:00","article_modified_time":"2020-04-06T19:58:05+00:00","og_image":[{"width":960,"height":720,"url":"https:\/\/orthodoxalbania.org\/2020\/wp-content\/uploads\/2020\/04\/1k-0.jpg","type":"image\/jpeg"}],"author":"Kisha Orthodhokse","twitter_card":"summary_large_image","twitter_misc":{"Written by":"Kisha Orthodhokse","Est. reading time":"2 minutes"},"schema":{"@context":"https:\/\/schema.org","@graph":[{"@type":"Article","@id":"https:\/\/orthodoxalbania.org\/2020\/2018\/07\/27\/kremtime-ne-20-vjetorin-e-fronezimit-te-mitropoliteve\/#article","isPartOf":{"@id":"https:\/\/orthodoxalbania.org\/2020\/2018\/07\/27\/kremtime-ne-20-vjetorin-e-fronezimit-te-mitropoliteve\/"},"author":{"name":"Kisha Orthodhokse","@id":"https:\/\/orthodoxalbania.org\/2020\/#\/schema\/person\/0c387634a7063ac612d7ed9ce71c7e86"},"headline":"Kremtime n\u00eb 20 vjetorin e fron\u00ebzimit t\u00eb Mitropolit\u00ebve","datePublished":"2018-07-27T09:33:55+00:00","dateModified":"2020-04-06T19:58:05+00:00","mainEntityOfPage":{"@id":"https:\/\/orthodoxalbania.org\/2020\/2018\/07\/27\/kremtime-ne-20-vjetorin-e-fronezimit-te-mitropoliteve\/"},"wordCount":335,"commentCount":0,"publisher":{"@id":"https:\/\/orthodoxalbania.org\/2020\/#organization"},"image":{"@id":"https:\/\/orthodoxalbania.org\/2020\/2018\/07\/27\/kremtime-ne-20-vjetorin-e-fronezimit-te-mitropoliteve\/#primaryimage"},"thumbnailUrl":"https:\/\/orthodoxalbania.org\/2020\/wp-content\/uploads\/2020\/04\/1k-0.jpg","keywords":["2018","Kremtime","Kryepiskopata Tiran\u00eb","lajme","Mitropolia Berat","Mitropolia Kor\u00e7\u00eb"],"articleSection":["Lajme"],"inLanguage":"en-US"},{"@type":"WebPage","@id":"https:\/\/orthodoxalbania.org\/2020\/2018\/07\/27\/kremtime-ne-20-vjetorin-e-fronezimit-te-mitropoliteve\/","url":"https:\/\/orthodoxalbania.org\/2020\/2018\/07\/27\/kremtime-ne-20-vjetorin-e-fronezimit-te-mitropoliteve\/","name":"Kremtime n\u00eb 20 vjetorin e fron\u00ebzimit t\u00eb Mitropolit\u00ebve - Kisha Orthodh\u03bfkse Autoqefale e Shqip\u00ebris\u00eb","isPartOf":{"@id":"https:\/\/orthodoxalbania.org\/2020\/#website"},"primaryImageOfPage":{"@id":"https:\/\/orthodoxalbania.org\/2020\/2018\/07\/27\/kremtime-ne-20-vjetorin-e-fronezimit-te-mitropoliteve\/#primaryimage"},"image":{"@id":"https:\/\/orthodoxalbania.org\/2020\/2018\/07\/27\/kremtime-ne-20-vjetorin-e-fronezimit-te-mitropoliteve\/#primaryimage"},"thumbnailUrl":"https:\/\/orthodoxalbania.org\/2020\/wp-content\/uploads\/2020\/04\/1k-0.jpg","datePublished":"2018-07-27T09:33:55+00:00","dateModified":"2020-04-06T19:58:05+00:00","breadcrumb":{"@id":"https:\/\/orthodoxalbania.org\/2020\/2018\/07\/27\/kremtime-ne-20-vjetorin-e-fronezimit-te-mitropoliteve\/#breadcrumb"},"inLanguage":"en-US","potentialAction":[{"@type":"ReadAction","target":["https:\/\/orthodoxalbania.org\/2020\/2018\/07\/27\/kremtime-ne-20-vjetorin-e-fronezimit-te-mitropoliteve\/"]}]},{"@type":"ImageObject","inLanguage":"en-US","@id":"https:\/\/orthodoxalbania.org\/2020\/2018\/07\/27\/kremtime-ne-20-vjetorin-e-fronezimit-te-mitropoliteve\/#primaryimage","url":"https:\/\/orthodoxalbania.org\/2020\/wp-content\/uploads\/2020\/04\/1k-0.jpg","contentUrl":"https:\/\/orthodoxalbania.org\/2020\/wp-content\/uploads\/2020\/04\/1k-0.jpg","width":960,"height":720},{"@type":"BreadcrumbList","@id":"https:\/\/orthodoxalbania.org\/2020\/2018\/07\/27\/kremtime-ne-20-vjetorin-e-fronezimit-te-mitropoliteve\/#breadcrumb","itemListElement":[{"@type":"ListItem","position":1,"name":"Home","item":"https:\/\/orthodoxalbania.org\/2020\/"},{"@type":"ListItem","position":2,"name":"Kremtime n\u00eb 20 vjetorin e fron\u00ebzimit t\u00eb Mitropolit\u00ebve"}]},{"@type":"WebSite","@id":"https:\/\/orthodoxalbania.org\/2020\/#website","url":"https:\/\/orthodoxalbania.org\/2020\/","name":"Kisha Orthodh\u03bfkse Autoqefale e Shqip\u00ebris\u00eb","description":"Fqja Zyrtare e Kish\u00ebs Orthodhokse Autoqefale e Shqip\u00ebris\u00eb me lajmet edhe informacionet zyrtare p\u00ebr struktur\u00ebn edhe veprimtarin e saj.","publisher":{"@id":"https:\/\/orthodoxalbania.org\/2020\/#organization"},"potentialAction":[{"@type":"SearchAction","target":{"@type":"EntryPoint","urlTemplate":"https:\/\/orthodoxalbania.org\/2020\/?s={search_term_string}"},"query-input":{"@type":"PropertyValueSpecification","valueRequired":true,"valueName":"search_term_string"}}],"inLanguage":"en-US"},{"@type":"Organization","@id":"https:\/\/orthodoxalbania.org\/2020\/#organization","name":"Kisha Orthodhokse Autoqefale e Shqip\u00ebris\u00eb","url":"https:\/\/orthodoxalbania.org\/2020\/","logo":{"@type":"ImageObject","inLanguage":"en-US","@id":"https:\/\/orthodoxalbania.org\/2020\/#\/schema\/logo\/image\/","url":"https:\/\/orthodoxalbania.org\/2020\/wp-content\/uploads\/2020\/05\/albania.jpeg","contentUrl":"https:\/\/orthodoxalbania.org\/2020\/wp-content\/uploads\/2020\/05\/albania.jpeg","width":540,"height":540,"caption":"Kisha Orthodhokse Autoqefale e Shqip\u00ebris\u00eb"},"image":{"@id":"https:\/\/orthodoxalbania.org\/2020\/#\/schema\/logo\/image\/"},"sameAs":["https:\/\/www.facebook.com\/koash1991"]},{"@type":"Person","@id":"https:\/\/orthodoxalbania.org\/2020\/#\/schema\/person\/0c387634a7063ac612d7ed9ce71c7e86","name":"Kisha Orthodhokse","image":{"@type":"ImageObject","inLanguage":"en-US","@id":"https:\/\/secure.gravatar.com\/avatar\/596e7c417251e30f2fbb9c00e026fce61a695a00e51c889caded71c96cbbdde5?s=96&d=mm&r=g","url":"https:\/\/secure.gravatar.com\/avatar\/596e7c417251e30f2fbb9c00e026fce61a695a00e51c889caded71c96cbbdde5?s=96&d=mm&r=g","contentUrl":"https:\/\/secure.gravatar.com\/avatar\/596e7c417251e30f2fbb9c00e026fce61a695a00e51c889caded71c96cbbdde5?s=96&d=mm&r=g","caption":"Kisha Orthodhokse"}}]}},"_links":{"self":[{"href":"https:\/\/orthodoxalbania.org\/2020\/wp-json\/wp\/v2\/posts\/6792","targetHints":{"allow":["GET"]}}],"collection":[{"href":"https:\/\/orthodoxalbania.org\/2020\/wp-json\/wp\/v2\/posts"}],"about":[{"href":"https:\/\/orthodoxalbania.org\/2020\/wp-json\/wp\/v2\/types\/post"}],"author":[{"embeddable":true,"href":"https:\/\/orthodoxalbania.org\/2020\/wp-json\/wp\/v2\/users\/1"}],"replies":[{"embeddable":true,"href":"https:\/\/orthodoxalbania.org\/2020\/wp-json\/wp\/v2\/comments?post=6792"}],"version-history":[{"count":1,"href":"https:\/\/orthodoxalbania.org\/2020\/wp-json\/wp\/v2\/posts\/6792\/revisions"}],"predecessor-version":[{"id":14757,"href":"https:\/\/orthodoxalbania.org\/2020\/wp-json\/wp\/v2\/posts\/6792\/revisions\/14757"}],"wp:featuredmedia":[{"embeddable":true,"href":"https:\/\/orthodoxalbania.org\/2020\/wp-json\/wp\/v2\/media\/6793"}],"wp:attachment":[{"href":"https:\/\/orthodoxalbania.org\/2020\/wp-json\/wp\/v2\/media?parent=6792"}],"wp:term":[{"taxonomy":"category","embeddable":true,"href":"https:\/\/orthodoxalbania.org\/2020\/wp-json\/wp\/v2\/categories?post=6792"},{"taxonomy":"post_tag","embeddable":true,"href":"https:\/\/orthodoxalbania.org\/2020\/wp-json\/wp\/v2\/tags?post=6792"}],"curies":[{"name":"wp","href":"https:\/\/api.w.org\/{rel}","templated":true}]}}