{"id":6790,"date":"2018-07-25T12:57:57","date_gmt":"2018-07-25T12:57:57","guid":{"rendered":""},"modified":"2020-04-06T21:58:05","modified_gmt":"2020-04-06T19:58:05","slug":"deklarate-marrim-pjese-ne-dhimbjen-per-viktimat-e-zjarrit","status":"publish","type":"post","link":"https:\/\/orthodoxalbania.org\/2020\/2018\/07\/25\/deklarate-marrim-pjese-ne-dhimbjen-per-viktimat-e-zjarrit\/","title":{"rendered":"Deklarat\u00eb &#8211; Marrim pjes\u00eb n\u00eb dhimbjen p\u00ebr viktimat e zjarrit"},"content":{"rendered":"<p> <\/p>\n<p>&nbsp;<\/p>\n<p style=\"text-align: center;\"><span style=\"font-size: 12pt; font-family: helvetica; color: #000000;\"><strong>Marrim pjes\u00eb n\u00eb dhimbjen p\u00ebr viktimat e zjarrit shkat\u00ebrrimtar q\u00eb preku krahinat e Atik\u00ebs Lindore<\/strong><\/span><\/p>\n<p>&nbsp;<\/p>\n<p style=\"text-align: justify;\"><span style=\"font-size: 12pt; font-family: helvetica; color: #000000;\">Fortlumturia e Tij, Kryepiskopi i Tiran\u00ebs, Durr\u00ebsit dhe i Gjith\u00eb Shqip\u00ebris\u00eb, z. Anastas, komunikoi n\u00eb telefon me Fortlumturin\u00eb e Tij, Kryepiskopin e Athin\u00ebs dhe t\u00eb Gjith\u00eb Greqis\u00eb, z. Jeronimos, si edhe me Episkopin e krahin\u00ebs s\u00eb prekur nga zjarret, Hir\u00ebsin\u00eb e Tij, Mitropolitin e Kifisias, z. Kirillos dhe u shprehu dhimbjen e thell\u00eb p\u00ebr sprov\u00ebn e frikshme, e cila u kushtoi jet\u00ebn dhjet\u00ebra njer\u00ebzve dhe plagosi r\u00ebnd\u00eb me qindra t\u00eb tjer\u00eb.<\/span><\/p>\n<p style=\"text-align: justify;\"><span style=\"font-size: 12pt; font-family: helvetica; color: #000000;\">Marrim pjes\u00eb n\u00eb dhimbjen e v\u00ebllez\u00ebrve tan\u00eb dhe i lutemi nxeht\u00ebsisht Per\u00ebndis\u00eb p\u00ebr sh\u00ebrimin sa m\u00eb t\u00eb shpejt\u00eb t\u00eb plag\u00ebve t\u00eb hapura.<\/span><\/p>\n<p><span style=\"font-size: 12pt; font-family: helvetica; color: #000000;\"><em>Tiran\u00eb, 25 korrik 2018<\/em><\/span><\/p>\n<p style=\"text-align: center;\"><span style=\"font-size: 12pt; font-family: helvetica; color: #000000;\"><strong>Nga Kryepiskopata e Hirshme e Tiran\u00ebs<\/strong><\/span><\/p>\n","protected":false},"excerpt":{"rendered":"<p>&nbsp; Marrim pjes\u00eb n\u00eb dhimbjen p\u00ebr viktimat e zjarrit shkat\u00ebrrimtar q\u00eb preku krahinat e Atik\u00ebs Lindore &nbsp; Fortlumturia e Tij, Kryepiskopi i Tiran\u00ebs, Durr\u00ebsit dhe i Gjith\u00eb Shqip\u00ebris\u00eb, z. Anastas, komunikoi n\u00eb telefon me Fortlumturin\u00eb e Tij, Kryepiskopin e Athin\u00ebs dhe t\u00eb Gjith\u00eb Greqis\u00eb, z. Jeronimos, si edhe me Episkopin e krahin\u00ebs s\u00eb prekur nga zjarret, Hir\u00ebsin\u00eb e Tij, Mitropolitin e Kifisias, z. Kirillos dhe<\/p>\n","protected":false},"author":1,"featured_media":4412,"comment_status":"open","ping_status":"open","sticky":false,"template":"","format":"standard","meta":{"_acf_changed":false,"pagelayer_contact_templates":[],"_pagelayer_content":"","inline_featured_image":false,"fifu_image_url":"","fifu_image_alt":"","footnotes":""},"categories":[108],"tags":[220,153,196,201,212],"class_list":["post-6790","post","type-post","status-publish","format-standard","has-post-thumbnail","hentry","category-lajme","tag-220","tag-deklarata-njoftime-zyrtare-d75","tag-tirane","tag-kryepiskopi-anastas","tag-lajme-d27"],"acf":[],"yoast_head":"<!-- This site is optimized with the Yoast SEO plugin v27.2 - https:\/\/yoast.com\/product\/yoast-seo-wordpress\/ -->\n<title>Deklarat\u00eb - Marrim pjes\u00eb n\u00eb dhimbjen p\u00ebr viktimat e zjarrit - Kisha Orthodh\u03bfkse Autoqefale e Shqip\u00ebris\u00eb<\/title>\n<meta name=\"robots\" content=\"index, follow, max-snippet:-1, max-image-preview:large, max-video-preview:-1\" \/>\n<link rel=\"canonical\" href=\"https:\/\/orthodoxalbania.org\/2020\/2018\/07\/25\/deklarate-marrim-pjese-ne-dhimbjen-per-viktimat-e-zjarrit\/\" \/>\n<meta property=\"og:locale\" content=\"en_US\" \/>\n<meta property=\"og:type\" content=\"article\" \/>\n<meta property=\"og:title\" content=\"Deklarat\u00eb - Marrim pjes\u00eb n\u00eb dhimbjen p\u00ebr viktimat e zjarrit - Kisha Orthodh\u03bfkse Autoqefale e Shqip\u00ebris\u00eb\" \/>\n<meta property=\"og:description\" content=\"&nbsp; Marrim pjes\u00eb n\u00eb dhimbjen p\u00ebr viktimat e zjarrit shkat\u00ebrrimtar q\u00eb preku krahinat e Atik\u00ebs Lindore &nbsp; Fortlumturia e Tij, Kryepiskopi i Tiran\u00ebs, Durr\u00ebsit dhe i Gjith\u00eb Shqip\u00ebris\u00eb, z. Anastas, komunikoi n\u00eb telefon me Fortlumturin\u00eb e Tij, Kryepiskopin e Athin\u00ebs dhe t\u00eb Gjith\u00eb Greqis\u00eb, z. Jeronimos, si edhe me Episkopin e krahin\u00ebs s\u00eb prekur nga zjarret, Hir\u00ebsin\u00eb e Tij, Mitropolitin e Kifisias, z. Kirillos dhe\" \/>\n<meta property=\"og:url\" content=\"https:\/\/orthodoxalbania.org\/2020\/2018\/07\/25\/deklarate-marrim-pjese-ne-dhimbjen-per-viktimat-e-zjarrit\/\" \/>\n<meta property=\"og:site_name\" content=\"Kisha Orthodh\u03bfkse Autoqefale e Shqip\u00ebris\u00eb\" \/>\n<meta property=\"article:publisher\" content=\"https:\/\/www.facebook.com\/koash1991\" \/>\n<meta property=\"article:published_time\" content=\"2018-07-25T12:57:57+00:00\" \/>\n<meta property=\"article:modified_time\" content=\"2020-04-06T19:58:05+00:00\" \/>\n<meta property=\"og:image\" content=\"https:\/\/orthodoxalbania.org\/2020\/wp-content\/uploads\/2020\/04\/faqja-7-poshte_800x593.jpg\" \/>\n\t<meta property=\"og:image:width\" content=\"150\" \/>\n\t<meta property=\"og:image:height\" content=\"150\" \/>\n\t<meta property=\"og:image:type\" content=\"image\/jpeg\" \/>\n<meta name=\"author\" content=\"Kisha Orthodhokse\" \/>\n<meta name=\"twitter:card\" content=\"summary_large_image\" \/>\n<meta name=\"twitter:label1\" content=\"Written by\" \/>\n\t<meta name=\"twitter:data1\" content=\"Kisha Orthodhokse\" \/>\n\t<meta name=\"twitter:label2\" content=\"Est. reading time\" \/>\n\t<meta name=\"twitter:data2\" content=\"1 minute\" \/>\n<script type=\"application\/ld+json\" class=\"yoast-schema-graph\">{\"@context\":\"https:\/\/schema.org\",\"@graph\":[{\"@type\":\"Article\",\"@id\":\"https:\/\/orthodoxalbania.org\/2020\/2018\/07\/25\/deklarate-marrim-pjese-ne-dhimbjen-per-viktimat-e-zjarrit\/#article\",\"isPartOf\":{\"@id\":\"https:\/\/orthodoxalbania.org\/2020\/2018\/07\/25\/deklarate-marrim-pjese-ne-dhimbjen-per-viktimat-e-zjarrit\/\"},\"author\":{\"name\":\"Kisha Orthodhokse\",\"@id\":\"https:\/\/orthodoxalbania.org\/2020\/#\/schema\/person\/0c387634a7063ac612d7ed9ce71c7e86\"},\"headline\":\"Deklarat\u00eb &#8211; Marrim pjes\u00eb n\u00eb dhimbjen p\u00ebr viktimat e zjarrit\",\"datePublished\":\"2018-07-25T12:57:57+00:00\",\"dateModified\":\"2020-04-06T19:58:05+00:00\",\"mainEntityOfPage\":{\"@id\":\"https:\/\/orthodoxalbania.org\/2020\/2018\/07\/25\/deklarate-marrim-pjese-ne-dhimbjen-per-viktimat-e-zjarrit\/\"},\"wordCount\":152,\"commentCount\":0,\"publisher\":{\"@id\":\"https:\/\/orthodoxalbania.org\/2020\/#organization\"},\"image\":{\"@id\":\"https:\/\/orthodoxalbania.org\/2020\/2018\/07\/25\/deklarate-marrim-pjese-ne-dhimbjen-per-viktimat-e-zjarrit\/#primaryimage\"},\"thumbnailUrl\":\"https:\/\/orthodoxalbania.org\/2020\/wp-content\/uploads\/2020\/04\/faqja-7-poshte_800x593.jpg\",\"keywords\":[\"2018\",\"Deklarata - Njoftime Zyrtare\",\"Kryepiskopata Tiran\u00eb\",\"Kryepiskopi Anastas\",\"lajme\"],\"articleSection\":[\"Lajme\"],\"inLanguage\":\"en-US\"},{\"@type\":\"WebPage\",\"@id\":\"https:\/\/orthodoxalbania.org\/2020\/2018\/07\/25\/deklarate-marrim-pjese-ne-dhimbjen-per-viktimat-e-zjarrit\/\",\"url\":\"https:\/\/orthodoxalbania.org\/2020\/2018\/07\/25\/deklarate-marrim-pjese-ne-dhimbjen-per-viktimat-e-zjarrit\/\",\"name\":\"Deklarat\u00eb - Marrim pjes\u00eb n\u00eb dhimbjen p\u00ebr viktimat e zjarrit - Kisha Orthodh\u03bfkse Autoqefale e Shqip\u00ebris\u00eb\",\"isPartOf\":{\"@id\":\"https:\/\/orthodoxalbania.org\/2020\/#website\"},\"primaryImageOfPage\":{\"@id\":\"https:\/\/orthodoxalbania.org\/2020\/2018\/07\/25\/deklarate-marrim-pjese-ne-dhimbjen-per-viktimat-e-zjarrit\/#primaryimage\"},\"image\":{\"@id\":\"https:\/\/orthodoxalbania.org\/2020\/2018\/07\/25\/deklarate-marrim-pjese-ne-dhimbjen-per-viktimat-e-zjarrit\/#primaryimage\"},\"thumbnailUrl\":\"https:\/\/orthodoxalbania.org\/2020\/wp-content\/uploads\/2020\/04\/faqja-7-poshte_800x593.jpg\",\"datePublished\":\"2018-07-25T12:57:57+00:00\",\"dateModified\":\"2020-04-06T19:58:05+00:00\",\"breadcrumb\":{\"@id\":\"https:\/\/orthodoxalbania.org\/2020\/2018\/07\/25\/deklarate-marrim-pjese-ne-dhimbjen-per-viktimat-e-zjarrit\/#breadcrumb\"},\"inLanguage\":\"en-US\",\"potentialAction\":[{\"@type\":\"ReadAction\",\"target\":[\"https:\/\/orthodoxalbania.org\/2020\/2018\/07\/25\/deklarate-marrim-pjese-ne-dhimbjen-per-viktimat-e-zjarrit\/\"]}]},{\"@type\":\"ImageObject\",\"inLanguage\":\"en-US\",\"@id\":\"https:\/\/orthodoxalbania.org\/2020\/2018\/07\/25\/deklarate-marrim-pjese-ne-dhimbjen-per-viktimat-e-zjarrit\/#primaryimage\",\"url\":\"https:\/\/orthodoxalbania.org\/2020\/wp-content\/uploads\/2020\/04\/faqja-7-poshte_800x593.jpg\",\"contentUrl\":\"https:\/\/orthodoxalbania.org\/2020\/wp-content\/uploads\/2020\/04\/faqja-7-poshte_800x593.jpg\",\"width\":150,\"height\":150},{\"@type\":\"BreadcrumbList\",\"@id\":\"https:\/\/orthodoxalbania.org\/2020\/2018\/07\/25\/deklarate-marrim-pjese-ne-dhimbjen-per-viktimat-e-zjarrit\/#breadcrumb\",\"itemListElement\":[{\"@type\":\"ListItem\",\"position\":1,\"name\":\"Home\",\"item\":\"https:\/\/orthodoxalbania.org\/2020\/\"},{\"@type\":\"ListItem\",\"position\":2,\"name\":\"Deklarat\u00eb &#8211; Marrim pjes\u00eb n\u00eb dhimbjen p\u00ebr viktimat e zjarrit\"}]},{\"@type\":\"WebSite\",\"@id\":\"https:\/\/orthodoxalbania.org\/2020\/#website\",\"url\":\"https:\/\/orthodoxalbania.org\/2020\/\",\"name\":\"Kisha Orthodh\u03bfkse Autoqefale e Shqip\u00ebris\u00eb\",\"description\":\"Fqja Zyrtare e Kish\u00ebs Orthodhokse Autoqefale e Shqip\u00ebris\u00eb me lajmet edhe informacionet zyrtare p\u00ebr struktur\u00ebn edhe veprimtarin e saj.\",\"publisher\":{\"@id\":\"https:\/\/orthodoxalbania.org\/2020\/#organization\"},\"potentialAction\":[{\"@type\":\"SearchAction\",\"target\":{\"@type\":\"EntryPoint\",\"urlTemplate\":\"https:\/\/orthodoxalbania.org\/2020\/?s={search_term_string}\"},\"query-input\":{\"@type\":\"PropertyValueSpecification\",\"valueRequired\":true,\"valueName\":\"search_term_string\"}}],\"inLanguage\":\"en-US\"},{\"@type\":\"Organization\",\"@id\":\"https:\/\/orthodoxalbania.org\/2020\/#organization\",\"name\":\"Kisha Orthodhokse Autoqefale e Shqip\u00ebris\u00eb\",\"url\":\"https:\/\/orthodoxalbania.org\/2020\/\",\"logo\":{\"@type\":\"ImageObject\",\"inLanguage\":\"en-US\",\"@id\":\"https:\/\/orthodoxalbania.org\/2020\/#\/schema\/logo\/image\/\",\"url\":\"https:\/\/orthodoxalbania.org\/2020\/wp-content\/uploads\/2020\/05\/albania.jpeg\",\"contentUrl\":\"https:\/\/orthodoxalbania.org\/2020\/wp-content\/uploads\/2020\/05\/albania.jpeg\",\"width\":540,\"height\":540,\"caption\":\"Kisha Orthodhokse Autoqefale e Shqip\u00ebris\u00eb\"},\"image\":{\"@id\":\"https:\/\/orthodoxalbania.org\/2020\/#\/schema\/logo\/image\/\"},\"sameAs\":[\"https:\/\/www.facebook.com\/koash1991\"]},{\"@type\":\"Person\",\"@id\":\"https:\/\/orthodoxalbania.org\/2020\/#\/schema\/person\/0c387634a7063ac612d7ed9ce71c7e86\",\"name\":\"Kisha Orthodhokse\",\"image\":{\"@type\":\"ImageObject\",\"inLanguage\":\"en-US\",\"@id\":\"https:\/\/secure.gravatar.com\/avatar\/596e7c417251e30f2fbb9c00e026fce61a695a00e51c889caded71c96cbbdde5?s=96&d=mm&r=g\",\"url\":\"https:\/\/secure.gravatar.com\/avatar\/596e7c417251e30f2fbb9c00e026fce61a695a00e51c889caded71c96cbbdde5?s=96&d=mm&r=g\",\"contentUrl\":\"https:\/\/secure.gravatar.com\/avatar\/596e7c417251e30f2fbb9c00e026fce61a695a00e51c889caded71c96cbbdde5?s=96&d=mm&r=g\",\"caption\":\"Kisha Orthodhokse\"}}]}<\/script>\n<!-- \/ Yoast SEO plugin. -->","yoast_head_json":{"title":"Deklarat\u00eb - Marrim pjes\u00eb n\u00eb dhimbjen p\u00ebr viktimat e zjarrit - Kisha Orthodh\u03bfkse Autoqefale e Shqip\u00ebris\u00eb","robots":{"index":"index","follow":"follow","max-snippet":"max-snippet:-1","max-image-preview":"max-image-preview:large","max-video-preview":"max-video-preview:-1"},"canonical":"https:\/\/orthodoxalbania.org\/2020\/2018\/07\/25\/deklarate-marrim-pjese-ne-dhimbjen-per-viktimat-e-zjarrit\/","og_locale":"en_US","og_type":"article","og_title":"Deklarat\u00eb - Marrim pjes\u00eb n\u00eb dhimbjen p\u00ebr viktimat e zjarrit - Kisha Orthodh\u03bfkse Autoqefale e Shqip\u00ebris\u00eb","og_description":"&nbsp; Marrim pjes\u00eb n\u00eb dhimbjen p\u00ebr viktimat e zjarrit shkat\u00ebrrimtar q\u00eb preku krahinat e Atik\u00ebs Lindore &nbsp; Fortlumturia e Tij, Kryepiskopi i Tiran\u00ebs, Durr\u00ebsit dhe i Gjith\u00eb Shqip\u00ebris\u00eb, z. Anastas, komunikoi n\u00eb telefon me Fortlumturin\u00eb e Tij, Kryepiskopin e Athin\u00ebs dhe t\u00eb Gjith\u00eb Greqis\u00eb, z. Jeronimos, si edhe me Episkopin e krahin\u00ebs s\u00eb prekur nga zjarret, Hir\u00ebsin\u00eb e Tij, Mitropolitin e Kifisias, z. Kirillos dhe","og_url":"https:\/\/orthodoxalbania.org\/2020\/2018\/07\/25\/deklarate-marrim-pjese-ne-dhimbjen-per-viktimat-e-zjarrit\/","og_site_name":"Kisha Orthodh\u03bfkse Autoqefale e Shqip\u00ebris\u00eb","article_publisher":"https:\/\/www.facebook.com\/koash1991","article_published_time":"2018-07-25T12:57:57+00:00","article_modified_time":"2020-04-06T19:58:05+00:00","og_image":[{"width":150,"height":150,"url":"https:\/\/orthodoxalbania.org\/2020\/wp-content\/uploads\/2020\/04\/faqja-7-poshte_800x593.jpg","type":"image\/jpeg"}],"author":"Kisha Orthodhokse","twitter_card":"summary_large_image","twitter_misc":{"Written by":"Kisha Orthodhokse","Est. reading time":"1 minute"},"schema":{"@context":"https:\/\/schema.org","@graph":[{"@type":"Article","@id":"https:\/\/orthodoxalbania.org\/2020\/2018\/07\/25\/deklarate-marrim-pjese-ne-dhimbjen-per-viktimat-e-zjarrit\/#article","isPartOf":{"@id":"https:\/\/orthodoxalbania.org\/2020\/2018\/07\/25\/deklarate-marrim-pjese-ne-dhimbjen-per-viktimat-e-zjarrit\/"},"author":{"name":"Kisha Orthodhokse","@id":"https:\/\/orthodoxalbania.org\/2020\/#\/schema\/person\/0c387634a7063ac612d7ed9ce71c7e86"},"headline":"Deklarat\u00eb &#8211; Marrim pjes\u00eb n\u00eb dhimbjen p\u00ebr viktimat e zjarrit","datePublished":"2018-07-25T12:57:57+00:00","dateModified":"2020-04-06T19:58:05+00:00","mainEntityOfPage":{"@id":"https:\/\/orthodoxalbania.org\/2020\/2018\/07\/25\/deklarate-marrim-pjese-ne-dhimbjen-per-viktimat-e-zjarrit\/"},"wordCount":152,"commentCount":0,"publisher":{"@id":"https:\/\/orthodoxalbania.org\/2020\/#organization"},"image":{"@id":"https:\/\/orthodoxalbania.org\/2020\/2018\/07\/25\/deklarate-marrim-pjese-ne-dhimbjen-per-viktimat-e-zjarrit\/#primaryimage"},"thumbnailUrl":"https:\/\/orthodoxalbania.org\/2020\/wp-content\/uploads\/2020\/04\/faqja-7-poshte_800x593.jpg","keywords":["2018","Deklarata - Njoftime Zyrtare","Kryepiskopata Tiran\u00eb","Kryepiskopi Anastas","lajme"],"articleSection":["Lajme"],"inLanguage":"en-US"},{"@type":"WebPage","@id":"https:\/\/orthodoxalbania.org\/2020\/2018\/07\/25\/deklarate-marrim-pjese-ne-dhimbjen-per-viktimat-e-zjarrit\/","url":"https:\/\/orthodoxalbania.org\/2020\/2018\/07\/25\/deklarate-marrim-pjese-ne-dhimbjen-per-viktimat-e-zjarrit\/","name":"Deklarat\u00eb - Marrim pjes\u00eb n\u00eb dhimbjen p\u00ebr viktimat e zjarrit - Kisha Orthodh\u03bfkse Autoqefale e Shqip\u00ebris\u00eb","isPartOf":{"@id":"https:\/\/orthodoxalbania.org\/2020\/#website"},"primaryImageOfPage":{"@id":"https:\/\/orthodoxalbania.org\/2020\/2018\/07\/25\/deklarate-marrim-pjese-ne-dhimbjen-per-viktimat-e-zjarrit\/#primaryimage"},"image":{"@id":"https:\/\/orthodoxalbania.org\/2020\/2018\/07\/25\/deklarate-marrim-pjese-ne-dhimbjen-per-viktimat-e-zjarrit\/#primaryimage"},"thumbnailUrl":"https:\/\/orthodoxalbania.org\/2020\/wp-content\/uploads\/2020\/04\/faqja-7-poshte_800x593.jpg","datePublished":"2018-07-25T12:57:57+00:00","dateModified":"2020-04-06T19:58:05+00:00","breadcrumb":{"@id":"https:\/\/orthodoxalbania.org\/2020\/2018\/07\/25\/deklarate-marrim-pjese-ne-dhimbjen-per-viktimat-e-zjarrit\/#breadcrumb"},"inLanguage":"en-US","potentialAction":[{"@type":"ReadAction","target":["https:\/\/orthodoxalbania.org\/2020\/2018\/07\/25\/deklarate-marrim-pjese-ne-dhimbjen-per-viktimat-e-zjarrit\/"]}]},{"@type":"ImageObject","inLanguage":"en-US","@id":"https:\/\/orthodoxalbania.org\/2020\/2018\/07\/25\/deklarate-marrim-pjese-ne-dhimbjen-per-viktimat-e-zjarrit\/#primaryimage","url":"https:\/\/orthodoxalbania.org\/2020\/wp-content\/uploads\/2020\/04\/faqja-7-poshte_800x593.jpg","contentUrl":"https:\/\/orthodoxalbania.org\/2020\/wp-content\/uploads\/2020\/04\/faqja-7-poshte_800x593.jpg","width":150,"height":150},{"@type":"BreadcrumbList","@id":"https:\/\/orthodoxalbania.org\/2020\/2018\/07\/25\/deklarate-marrim-pjese-ne-dhimbjen-per-viktimat-e-zjarrit\/#breadcrumb","itemListElement":[{"@type":"ListItem","position":1,"name":"Home","item":"https:\/\/orthodoxalbania.org\/2020\/"},{"@type":"ListItem","position":2,"name":"Deklarat\u00eb &#8211; Marrim pjes\u00eb n\u00eb dhimbjen p\u00ebr viktimat e zjarrit"}]},{"@type":"WebSite","@id":"https:\/\/orthodoxalbania.org\/2020\/#website","url":"https:\/\/orthodoxalbania.org\/2020\/","name":"Kisha Orthodh\u03bfkse Autoqefale e Shqip\u00ebris\u00eb","description":"Fqja Zyrtare e Kish\u00ebs Orthodhokse Autoqefale e Shqip\u00ebris\u00eb me lajmet edhe informacionet zyrtare p\u00ebr struktur\u00ebn edhe veprimtarin e saj.","publisher":{"@id":"https:\/\/orthodoxalbania.org\/2020\/#organization"},"potentialAction":[{"@type":"SearchAction","target":{"@type":"EntryPoint","urlTemplate":"https:\/\/orthodoxalbania.org\/2020\/?s={search_term_string}"},"query-input":{"@type":"PropertyValueSpecification","valueRequired":true,"valueName":"search_term_string"}}],"inLanguage":"en-US"},{"@type":"Organization","@id":"https:\/\/orthodoxalbania.org\/2020\/#organization","name":"Kisha Orthodhokse Autoqefale e Shqip\u00ebris\u00eb","url":"https:\/\/orthodoxalbania.org\/2020\/","logo":{"@type":"ImageObject","inLanguage":"en-US","@id":"https:\/\/orthodoxalbania.org\/2020\/#\/schema\/logo\/image\/","url":"https:\/\/orthodoxalbania.org\/2020\/wp-content\/uploads\/2020\/05\/albania.jpeg","contentUrl":"https:\/\/orthodoxalbania.org\/2020\/wp-content\/uploads\/2020\/05\/albania.jpeg","width":540,"height":540,"caption":"Kisha Orthodhokse Autoqefale e Shqip\u00ebris\u00eb"},"image":{"@id":"https:\/\/orthodoxalbania.org\/2020\/#\/schema\/logo\/image\/"},"sameAs":["https:\/\/www.facebook.com\/koash1991"]},{"@type":"Person","@id":"https:\/\/orthodoxalbania.org\/2020\/#\/schema\/person\/0c387634a7063ac612d7ed9ce71c7e86","name":"Kisha Orthodhokse","image":{"@type":"ImageObject","inLanguage":"en-US","@id":"https:\/\/secure.gravatar.com\/avatar\/596e7c417251e30f2fbb9c00e026fce61a695a00e51c889caded71c96cbbdde5?s=96&d=mm&r=g","url":"https:\/\/secure.gravatar.com\/avatar\/596e7c417251e30f2fbb9c00e026fce61a695a00e51c889caded71c96cbbdde5?s=96&d=mm&r=g","contentUrl":"https:\/\/secure.gravatar.com\/avatar\/596e7c417251e30f2fbb9c00e026fce61a695a00e51c889caded71c96cbbdde5?s=96&d=mm&r=g","caption":"Kisha Orthodhokse"}}]}},"_links":{"self":[{"href":"https:\/\/orthodoxalbania.org\/2020\/wp-json\/wp\/v2\/posts\/6790","targetHints":{"allow":["GET"]}}],"collection":[{"href":"https:\/\/orthodoxalbania.org\/2020\/wp-json\/wp\/v2\/posts"}],"about":[{"href":"https:\/\/orthodoxalbania.org\/2020\/wp-json\/wp\/v2\/types\/post"}],"author":[{"embeddable":true,"href":"https:\/\/orthodoxalbania.org\/2020\/wp-json\/wp\/v2\/users\/1"}],"replies":[{"embeddable":true,"href":"https:\/\/orthodoxalbania.org\/2020\/wp-json\/wp\/v2\/comments?post=6790"}],"version-history":[{"count":1,"href":"https:\/\/orthodoxalbania.org\/2020\/wp-json\/wp\/v2\/posts\/6790\/revisions"}],"predecessor-version":[{"id":14758,"href":"https:\/\/orthodoxalbania.org\/2020\/wp-json\/wp\/v2\/posts\/6790\/revisions\/14758"}],"wp:featuredmedia":[{"embeddable":true,"href":"https:\/\/orthodoxalbania.org\/2020\/wp-json\/wp\/v2\/media\/4412"}],"wp:attachment":[{"href":"https:\/\/orthodoxalbania.org\/2020\/wp-json\/wp\/v2\/media?parent=6790"}],"wp:term":[{"taxonomy":"category","embeddable":true,"href":"https:\/\/orthodoxalbania.org\/2020\/wp-json\/wp\/v2\/categories?post=6790"},{"taxonomy":"post_tag","embeddable":true,"href":"https:\/\/orthodoxalbania.org\/2020\/wp-json\/wp\/v2\/tags?post=6790"}],"curies":[{"name":"wp","href":"https:\/\/api.w.org\/{rel}","templated":true}]}}