{"id":67840,"date":"2025-06-28T22:38:07","date_gmt":"2025-06-28T20:38:07","guid":{"rendered":"https:\/\/orthodoxalbania.org\/2020\/?p=67840"},"modified":"2025-06-28T23:01:07","modified_gmt":"2025-06-28T21:01:07","slug":"fjeti-ne-zotin-hiresia-e-tij-mitropoliti-i-gjirokastres-imzot-dhimitri","status":"publish","type":"post","link":"https:\/\/orthodoxalbania.org\/2020\/2025\/06\/28\/fjeti-ne-zotin-hiresia-e-tij-mitropoliti-i-gjirokastres-imzot-dhimitri\/","title":{"rendered":"Fjeti n\u00eb Zotin  Hir\u00ebsia e Tij, Mitropoliti i Gjirokastr\u00ebs, imzot Dhimitri"},"content":{"rendered":"<p style=\"text-align: center;\"><strong>KISHA ORTHODHOKSE AUTOQEFALE E SHQIP\u00cbRIS\u00cb<\/strong><strong>\u00a0<\/strong><\/p>\n<p style=\"text-align: right;\">28.6.2025<\/p>\n<p style=\"text-align: center;\"><strong>Fjeti n\u00eb Zotin\u00a0 Hir\u00ebsia e Tij, Mitropoliti i Gjirokastr\u00ebs, imzot Dhimitri<\/strong><\/p>\n<p style=\"text-align: justify;\">Me hidh\u00ebrim t\u00eb thell\u00eb njoftojm\u00eb p\u00ebr fjetjen n\u00eb Zotin t\u00eb Hir\u00ebsis\u00eb s\u00eb Tij, Mitropolitit t\u00eb Gjirokastr\u00ebs, v\u00ebllait dhe bashk\u00ebmeshtarit ton\u00eb, Imzot Dhimitrit. Gjat\u00eb periudh\u00ebs s\u00eb fundit, Hir\u00ebsia e Tij ishte i shtruar n\u00eb Spitalin e P\u00ebrgjithsh\u00ebm Universitar t\u00eb Janin\u00ebs, p\u00ebr shkak t\u00eb nj\u00eb infeksioni respirator dhe t\u00eb endokarditit. Pavar\u00ebsisht p\u00ebrpjekjeve t\u00eb mjek\u00ebve, Hir\u00ebsia e Tij nuk arriti ta mposhtte s\u00ebmundjen dhe fjeti n\u00eb Zotin sot, m\u00eb 28 qershor 2025, n\u00eb or\u00ebn 20:30, si pasoj\u00eb funksionimit t\u00eb pamjaftuesh\u00ebm t\u00eb shum\u00eb organeve.<br \/>\nHir\u00ebsia e Tij, Mitropoliti i Gjirokastr\u00ebs, Imzot Dhimitri, u lind n\u00eb Serres t\u00eb Greqis\u00eb, n\u00eb shtator t\u00eb vitit 1940. Studimet i kreu n\u00eb Fakultetin e Teologjis\u00eb t\u00eb Universitetit \u201cAristoteli\u201d t\u00eb Selanikut, ku edhe u diplomua.<br \/>\nJeta e tij u karakterizua nga p\u00ebrkushtimi i plot\u00eb ndaj Kish\u00ebs. Ishte an\u00ebtar i v\u00ebllaz\u00ebris\u00eb monastike t\u00eb Manastirit t\u00eb Hirsh\u00ebm t\u00eb Sh\u00ebn Ekaterin\u00ebs n\u00eb Malin Sinai (Egjipt), ku u b\u00eb murg n\u00eb vitin 1974. N\u00eb k\u00ebt\u00eb manastir, ai punoi n\u00eb fush\u00ebn e paleografis\u00eb dhe t\u00eb sistematizimit t\u00eb dor\u00ebshkrimeve t\u00eb vjetra, t\u00eb cilat p\u00ebrb\u00ebjn\u00eb nj\u00eb nga pasurit\u00eb m\u00eb t\u00eb njohura t\u00eb k\u00ebtij manastiri. Ai iu bashkua veprimtaris\u00eb misionare t\u00eb Kish\u00ebs Orthodhokse Autoqefale t\u00eb Shqip\u00ebris\u00eb q\u00eb n\u00eb hapat e saj t\u00eb par\u00eb, pas mb\u00ebrritjes s\u00eb Kryepiskopit Anastas n\u00eb gusht t\u00eb vitit 1991. Nga vjeshta e vitit 1994 sh\u00ebrbeu si Protosingjel i Mitropolis\u00eb s\u00eb Gjirokastr\u00ebs.<br \/>\nZgjedhja e Hir\u00ebsis\u00eb s\u00eb Tij n\u00eb fronin e Mitropolis\u00eb s\u00eb Gjirokastr\u00ebs u b\u00eb m\u00eb 11 n\u00ebntor 2006, nga Sinodi i Shenjt\u00eb i Kish\u00ebs Orthodhokse Autoqefale t\u00eb Shqip\u00ebris\u00eb, pas Asambles\u00eb s\u00eb P\u00ebrgjithshme Kleriko-Laike, e cila miratoi Statutin e Kish\u00ebs. Ai u dor\u00ebzua episkop m\u00eb 16 n\u00ebntor 2006, n\u00eb Kish\u00ebn e Ungjill\u00ebzimit t\u00eb Hyjlind\u00ebses n\u00eb Tiran\u00eb, nd\u00ebrsa ceremonia e fron\u00ebzimit t\u00eb tij u krye m\u00eb 26 n\u00ebntor 2006 n\u00eb Gjirokast\u00ebr, n\u00eb Kish\u00ebn e Shenjt\u00eb t\u00eb Kryeengj\u00ebjve.<br \/>\nGjat\u00eb periudh\u00ebs s\u00eb sh\u00ebrbes\u00ebs s\u00eb tij si mitropolit, Hir\u00ebsia e Tij dha nj\u00eb kontribut t\u00eb r\u00ebnd\u00ebsish\u00ebm n\u00eb ringjalljen e Kish\u00ebs Orthodhokse n\u00eb Shqip\u00ebrin\u00eb e Jugut. Me zell t\u00eb palodhur dhe dashuri t\u00eb madhe, e udh\u00ebhoqi shpirt\u00ebrisht grigj\u00ebn e tij p\u00ebr 19 vjet, duke nd\u00ebrtuar kisha, zhvilluar katekizmin dhe veprimtarin\u00eb filantropike, si dhe duke forcuar jet\u00ebn shpirt\u00ebrore t\u00eb besimtar\u00ebve. Dallohej p\u00ebr njohjen e thell\u00eb t\u00eb Tradit\u00ebs Orthodhokse dhe formimin e tij biblik, duke qen\u00eb nj\u00eb mb\u00ebshtetje e sigurt p\u00ebr grigj\u00ebn e eparkis\u00eb s\u00eb tij. P\u00ebr nj\u00eb periudh\u00eb t\u00eb gjat\u00eb sh\u00ebrbeu me p\u00ebrkushtim si Z\u00ebvend\u00ebskryetar i Fondacionit Arsimor \u201cFryma e Dashuris\u00eb\u201d t\u00eb themeluar nga Kryepiskopi i ndjer\u00eb Anastas, duke kontribuar n\u00eb m\u00ebnyr\u00eb thelb\u00ebsore n\u00eb zhvillimin dhe p\u00ebrparimin e arsimit orthodhoks.<br \/>\nN\u00eb kish\u00ebz\u00ebn e Kryepiskopat\u00ebs s\u00eb Shenjt\u00eb t\u00eb Tiran\u00ebs u krye sh\u00ebrbesa e p\u00ebrshpirtjes (trisaia) p\u00ebr prehjen e shpirtit t\u00eb tij n\u00eb tendat e t\u00eb drejt\u00ebve.<br \/>\nSh\u00ebrbesa e varrimit do t\u00eb mbahet n\u00eb Katedralen Ngjallja e Krishtit\u201d n\u00eb Gjirokast\u00ebr, m\u00eb 1 korrik 2025, n\u00eb or\u00ebn 11:00.<br \/>\n&#8220;E \u00e7muar \u00ebsht\u00eb n\u00eb syt\u00eb e Zotit vdekja e besnik\u00ebve t\u00eb tij&#8221; (Psalm 116:15).<br \/>\nI p\u00ebrjetsh\u00ebm qoft\u00eb kujtimi i tij!<\/p>\n<p>Nga Kryesekretaria e Sinodhit t\u00eb Shenjt\u00eb t\u00eb Kish\u00ebs Orthodhokse Autoqefale t\u00eb Shqip\u00ebris\u00eb<\/p>\n","protected":false},"excerpt":{"rendered":"<p>KISHA ORTHODHOKSE AUTOQEFALE E SHQIP\u00cbRIS\u00cb\u00a0 28.6.2025 Fjeti n\u00eb Zotin\u00a0 Hir\u00ebsia e Tij, Mitropoliti i Gjirokastr\u00ebs, imzot Dhimitri Me hidh\u00ebrim t\u00eb thell\u00eb njoftojm\u00eb p\u00ebr fjetjen n\u00eb Zotin t\u00eb Hir\u00ebsis\u00eb s\u00eb Tij, Mitropolitit t\u00eb Gjirokastr\u00ebs, v\u00ebllait dhe bashk\u00ebmeshtarit ton\u00eb, Imzot Dhimitrit. Gjat\u00eb periudh\u00ebs s\u00eb fundit, Hir\u00ebsia e Tij ishte i shtruar n\u00eb Spitalin e P\u00ebrgjithsh\u00ebm Universitar t\u00eb Janin\u00ebs, p\u00ebr shkak t\u00eb nj\u00eb infeksioni respirator dhe t\u00eb endokarditit.<\/p>\n","protected":false},"author":14,"featured_media":67841,"comment_status":"closed","ping_status":"closed","sticky":false,"template":"","format":"standard","meta":{"_acf_changed":false,"pagelayer_contact_templates":[],"_pagelayer_content":"","inline_featured_image":false,"fifu_image_url":"","fifu_image_alt":"","footnotes":""},"categories":[1935],"tags":[3561],"class_list":["post-67840","post","type-post","status-publish","format-standard","has-post-thumbnail","hentry","category-news-sq","tag-3561"],"acf":[],"yoast_head":"<!-- This site is optimized with the Yoast SEO plugin v27.2 - https:\/\/yoast.com\/product\/yoast-seo-wordpress\/ -->\n<title>Fjeti n\u00eb Zotin Hir\u00ebsia e Tij, Mitropoliti i Gjirokastr\u00ebs, imzot Dhimitri - Kisha Orthodh\u03bfkse Autoqefale e Shqip\u00ebris\u00eb<\/title>\n<meta name=\"robots\" content=\"index, follow, max-snippet:-1, max-image-preview:large, max-video-preview:-1\" \/>\n<link rel=\"canonical\" href=\"https:\/\/orthodoxalbania.org\/2020\/2025\/06\/28\/fjeti-ne-zotin-hiresia-e-tij-mitropoliti-i-gjirokastres-imzot-dhimitri\/\" \/>\n<meta property=\"og:locale\" content=\"en_US\" \/>\n<meta property=\"og:type\" content=\"article\" \/>\n<meta property=\"og:title\" content=\"Fjeti n\u00eb Zotin Hir\u00ebsia e Tij, Mitropoliti i Gjirokastr\u00ebs, imzot Dhimitri - Kisha Orthodh\u03bfkse Autoqefale e Shqip\u00ebris\u00eb\" \/>\n<meta property=\"og:description\" content=\"KISHA ORTHODHOKSE AUTOQEFALE E SHQIP\u00cbRIS\u00cb\u00a0 28.6.2025 Fjeti n\u00eb Zotin\u00a0 Hir\u00ebsia e Tij, Mitropoliti i Gjirokastr\u00ebs, imzot Dhimitri Me hidh\u00ebrim t\u00eb thell\u00eb njoftojm\u00eb p\u00ebr fjetjen n\u00eb Zotin t\u00eb Hir\u00ebsis\u00eb s\u00eb Tij, Mitropolitit t\u00eb Gjirokastr\u00ebs, v\u00ebllait dhe bashk\u00ebmeshtarit ton\u00eb, Imzot Dhimitrit. Gjat\u00eb periudh\u00ebs s\u00eb fundit, Hir\u00ebsia e Tij ishte i shtruar n\u00eb Spitalin e P\u00ebrgjithsh\u00ebm Universitar t\u00eb Janin\u00ebs, p\u00ebr shkak t\u00eb nj\u00eb infeksioni respirator dhe t\u00eb endokarditit.\" \/>\n<meta property=\"og:url\" content=\"https:\/\/orthodoxalbania.org\/2020\/2025\/06\/28\/fjeti-ne-zotin-hiresia-e-tij-mitropoliti-i-gjirokastres-imzot-dhimitri\/\" \/>\n<meta property=\"og:site_name\" content=\"Kisha Orthodh\u03bfkse Autoqefale e Shqip\u00ebris\u00eb\" \/>\n<meta property=\"article:publisher\" content=\"https:\/\/www.facebook.com\/koash1991\" \/>\n<meta property=\"article:published_time\" content=\"2025-06-28T20:38:07+00:00\" \/>\n<meta property=\"article:modified_time\" content=\"2025-06-28T21:01:07+00:00\" \/>\n<meta property=\"og:image\" content=\"https:\/\/orthodoxalbania.org\/2020\/wp-content\/uploads\/2025\/06\/\u03c3\u03c3.jpg\" \/>\n\t<meta property=\"og:image:width\" content=\"630\" \/>\n\t<meta property=\"og:image:height\" content=\"743\" \/>\n\t<meta property=\"og:image:type\" content=\"image\/jpeg\" \/>\n<meta name=\"author\" content=\"neo_admin\" \/>\n<meta name=\"twitter:card\" content=\"summary_large_image\" \/>\n<meta name=\"twitter:label1\" content=\"Written by\" \/>\n\t<meta name=\"twitter:data1\" content=\"neo_admin\" \/>\n\t<meta name=\"twitter:label2\" content=\"Est. reading time\" \/>\n\t<meta name=\"twitter:data2\" content=\"3 minutes\" \/>\n<script type=\"application\/ld+json\" class=\"yoast-schema-graph\">{\"@context\":\"https:\/\/schema.org\",\"@graph\":[{\"@type\":\"Article\",\"@id\":\"https:\/\/orthodoxalbania.org\/2020\/2025\/06\/28\/fjeti-ne-zotin-hiresia-e-tij-mitropoliti-i-gjirokastres-imzot-dhimitri\/#article\",\"isPartOf\":{\"@id\":\"https:\/\/orthodoxalbania.org\/2020\/2025\/06\/28\/fjeti-ne-zotin-hiresia-e-tij-mitropoliti-i-gjirokastres-imzot-dhimitri\/\"},\"author\":{\"name\":\"neo_admin\",\"@id\":\"https:\/\/orthodoxalbania.org\/2020\/#\/schema\/person\/dd2bdc135b53c60d45b8bb329565cf6d\"},\"headline\":\"Fjeti n\u00eb Zotin Hir\u00ebsia e Tij, Mitropoliti i Gjirokastr\u00ebs, imzot Dhimitri\",\"datePublished\":\"2025-06-28T20:38:07+00:00\",\"dateModified\":\"2025-06-28T21:01:07+00:00\",\"mainEntityOfPage\":{\"@id\":\"https:\/\/orthodoxalbania.org\/2020\/2025\/06\/28\/fjeti-ne-zotin-hiresia-e-tij-mitropoliti-i-gjirokastres-imzot-dhimitri\/\"},\"wordCount\":604,\"publisher\":{\"@id\":\"https:\/\/orthodoxalbania.org\/2020\/#organization\"},\"image\":{\"@id\":\"https:\/\/orthodoxalbania.org\/2020\/2025\/06\/28\/fjeti-ne-zotin-hiresia-e-tij-mitropoliti-i-gjirokastres-imzot-dhimitri\/#primaryimage\"},\"thumbnailUrl\":\"https:\/\/orthodoxalbania.org\/2020\/wp-content\/uploads\/2025\/06\/\u03c3\u03c3.jpg\",\"keywords\":[\"2025\"],\"articleSection\":[\"Lajme AL\"],\"inLanguage\":\"en-US\"},{\"@type\":\"WebPage\",\"@id\":\"https:\/\/orthodoxalbania.org\/2020\/2025\/06\/28\/fjeti-ne-zotin-hiresia-e-tij-mitropoliti-i-gjirokastres-imzot-dhimitri\/\",\"url\":\"https:\/\/orthodoxalbania.org\/2020\/2025\/06\/28\/fjeti-ne-zotin-hiresia-e-tij-mitropoliti-i-gjirokastres-imzot-dhimitri\/\",\"name\":\"Fjeti n\u00eb Zotin Hir\u00ebsia e Tij, Mitropoliti i Gjirokastr\u00ebs, imzot Dhimitri - Kisha Orthodh\u03bfkse Autoqefale e Shqip\u00ebris\u00eb\",\"isPartOf\":{\"@id\":\"https:\/\/orthodoxalbania.org\/2020\/#website\"},\"primaryImageOfPage\":{\"@id\":\"https:\/\/orthodoxalbania.org\/2020\/2025\/06\/28\/fjeti-ne-zotin-hiresia-e-tij-mitropoliti-i-gjirokastres-imzot-dhimitri\/#primaryimage\"},\"image\":{\"@id\":\"https:\/\/orthodoxalbania.org\/2020\/2025\/06\/28\/fjeti-ne-zotin-hiresia-e-tij-mitropoliti-i-gjirokastres-imzot-dhimitri\/#primaryimage\"},\"thumbnailUrl\":\"https:\/\/orthodoxalbania.org\/2020\/wp-content\/uploads\/2025\/06\/\u03c3\u03c3.jpg\",\"datePublished\":\"2025-06-28T20:38:07+00:00\",\"dateModified\":\"2025-06-28T21:01:07+00:00\",\"breadcrumb\":{\"@id\":\"https:\/\/orthodoxalbania.org\/2020\/2025\/06\/28\/fjeti-ne-zotin-hiresia-e-tij-mitropoliti-i-gjirokastres-imzot-dhimitri\/#breadcrumb\"},\"inLanguage\":\"en-US\",\"potentialAction\":[{\"@type\":\"ReadAction\",\"target\":[\"https:\/\/orthodoxalbania.org\/2020\/2025\/06\/28\/fjeti-ne-zotin-hiresia-e-tij-mitropoliti-i-gjirokastres-imzot-dhimitri\/\"]}]},{\"@type\":\"ImageObject\",\"inLanguage\":\"en-US\",\"@id\":\"https:\/\/orthodoxalbania.org\/2020\/2025\/06\/28\/fjeti-ne-zotin-hiresia-e-tij-mitropoliti-i-gjirokastres-imzot-dhimitri\/#primaryimage\",\"url\":\"https:\/\/orthodoxalbania.org\/2020\/wp-content\/uploads\/2025\/06\/\u03c3\u03c3.jpg\",\"contentUrl\":\"https:\/\/orthodoxalbania.org\/2020\/wp-content\/uploads\/2025\/06\/\u03c3\u03c3.jpg\",\"width\":630,\"height\":743},{\"@type\":\"BreadcrumbList\",\"@id\":\"https:\/\/orthodoxalbania.org\/2020\/2025\/06\/28\/fjeti-ne-zotin-hiresia-e-tij-mitropoliti-i-gjirokastres-imzot-dhimitri\/#breadcrumb\",\"itemListElement\":[{\"@type\":\"ListItem\",\"position\":1,\"name\":\"Home\",\"item\":\"https:\/\/orthodoxalbania.org\/2020\/\"},{\"@type\":\"ListItem\",\"position\":2,\"name\":\"Fjeti n\u00eb Zotin Hir\u00ebsia e Tij, Mitropoliti i Gjirokastr\u00ebs, imzot Dhimitri\"}]},{\"@type\":\"WebSite\",\"@id\":\"https:\/\/orthodoxalbania.org\/2020\/#website\",\"url\":\"https:\/\/orthodoxalbania.org\/2020\/\",\"name\":\"Kisha Orthodh\u03bfkse Autoqefale e Shqip\u00ebris\u00eb\",\"description\":\"Fqja Zyrtare e Kish\u00ebs Orthodhokse Autoqefale e Shqip\u00ebris\u00eb me lajmet edhe informacionet zyrtare p\u00ebr struktur\u00ebn edhe veprimtarin e saj.\",\"publisher\":{\"@id\":\"https:\/\/orthodoxalbania.org\/2020\/#organization\"},\"potentialAction\":[{\"@type\":\"SearchAction\",\"target\":{\"@type\":\"EntryPoint\",\"urlTemplate\":\"https:\/\/orthodoxalbania.org\/2020\/?s={search_term_string}\"},\"query-input\":{\"@type\":\"PropertyValueSpecification\",\"valueRequired\":true,\"valueName\":\"search_term_string\"}}],\"inLanguage\":\"en-US\"},{\"@type\":\"Organization\",\"@id\":\"https:\/\/orthodoxalbania.org\/2020\/#organization\",\"name\":\"Kisha Orthodhokse Autoqefale e Shqip\u00ebris\u00eb\",\"url\":\"https:\/\/orthodoxalbania.org\/2020\/\",\"logo\":{\"@type\":\"ImageObject\",\"inLanguage\":\"en-US\",\"@id\":\"https:\/\/orthodoxalbania.org\/2020\/#\/schema\/logo\/image\/\",\"url\":\"https:\/\/orthodoxalbania.org\/2020\/wp-content\/uploads\/2020\/05\/albania.jpeg\",\"contentUrl\":\"https:\/\/orthodoxalbania.org\/2020\/wp-content\/uploads\/2020\/05\/albania.jpeg\",\"width\":540,\"height\":540,\"caption\":\"Kisha Orthodhokse Autoqefale e Shqip\u00ebris\u00eb\"},\"image\":{\"@id\":\"https:\/\/orthodoxalbania.org\/2020\/#\/schema\/logo\/image\/\"},\"sameAs\":[\"https:\/\/www.facebook.com\/koash1991\"]},{\"@type\":\"Person\",\"@id\":\"https:\/\/orthodoxalbania.org\/2020\/#\/schema\/person\/dd2bdc135b53c60d45b8bb329565cf6d\",\"name\":\"neo_admin\",\"image\":{\"@type\":\"ImageObject\",\"inLanguage\":\"en-US\",\"@id\":\"https:\/\/secure.gravatar.com\/avatar\/53e6cdc30765aade0129f85e5aeb50124b1d3f5bb9a70373be31e4eb328371e0?s=96&d=mm&r=g\",\"url\":\"https:\/\/secure.gravatar.com\/avatar\/53e6cdc30765aade0129f85e5aeb50124b1d3f5bb9a70373be31e4eb328371e0?s=96&d=mm&r=g\",\"contentUrl\":\"https:\/\/secure.gravatar.com\/avatar\/53e6cdc30765aade0129f85e5aeb50124b1d3f5bb9a70373be31e4eb328371e0?s=96&d=mm&r=g\",\"caption\":\"neo_admin\"}}]}<\/script>\n<!-- \/ Yoast SEO plugin. -->","yoast_head_json":{"title":"Fjeti n\u00eb Zotin Hir\u00ebsia e Tij, Mitropoliti i Gjirokastr\u00ebs, imzot Dhimitri - Kisha Orthodh\u03bfkse Autoqefale e Shqip\u00ebris\u00eb","robots":{"index":"index","follow":"follow","max-snippet":"max-snippet:-1","max-image-preview":"max-image-preview:large","max-video-preview":"max-video-preview:-1"},"canonical":"https:\/\/orthodoxalbania.org\/2020\/2025\/06\/28\/fjeti-ne-zotin-hiresia-e-tij-mitropoliti-i-gjirokastres-imzot-dhimitri\/","og_locale":"en_US","og_type":"article","og_title":"Fjeti n\u00eb Zotin Hir\u00ebsia e Tij, Mitropoliti i Gjirokastr\u00ebs, imzot Dhimitri - Kisha Orthodh\u03bfkse Autoqefale e Shqip\u00ebris\u00eb","og_description":"KISHA ORTHODHOKSE AUTOQEFALE E SHQIP\u00cbRIS\u00cb\u00a0 28.6.2025 Fjeti n\u00eb Zotin\u00a0 Hir\u00ebsia e Tij, Mitropoliti i Gjirokastr\u00ebs, imzot Dhimitri Me hidh\u00ebrim t\u00eb thell\u00eb njoftojm\u00eb p\u00ebr fjetjen n\u00eb Zotin t\u00eb Hir\u00ebsis\u00eb s\u00eb Tij, Mitropolitit t\u00eb Gjirokastr\u00ebs, v\u00ebllait dhe bashk\u00ebmeshtarit ton\u00eb, Imzot Dhimitrit. Gjat\u00eb periudh\u00ebs s\u00eb fundit, Hir\u00ebsia e Tij ishte i shtruar n\u00eb Spitalin e P\u00ebrgjithsh\u00ebm Universitar t\u00eb Janin\u00ebs, p\u00ebr shkak t\u00eb nj\u00eb infeksioni respirator dhe t\u00eb endokarditit.","og_url":"https:\/\/orthodoxalbania.org\/2020\/2025\/06\/28\/fjeti-ne-zotin-hiresia-e-tij-mitropoliti-i-gjirokastres-imzot-dhimitri\/","og_site_name":"Kisha Orthodh\u03bfkse Autoqefale e Shqip\u00ebris\u00eb","article_publisher":"https:\/\/www.facebook.com\/koash1991","article_published_time":"2025-06-28T20:38:07+00:00","article_modified_time":"2025-06-28T21:01:07+00:00","og_image":[{"width":630,"height":743,"url":"https:\/\/orthodoxalbania.org\/2020\/wp-content\/uploads\/2025\/06\/\u03c3\u03c3.jpg","type":"image\/jpeg"}],"author":"neo_admin","twitter_card":"summary_large_image","twitter_misc":{"Written by":"neo_admin","Est. reading time":"3 minutes"},"schema":{"@context":"https:\/\/schema.org","@graph":[{"@type":"Article","@id":"https:\/\/orthodoxalbania.org\/2020\/2025\/06\/28\/fjeti-ne-zotin-hiresia-e-tij-mitropoliti-i-gjirokastres-imzot-dhimitri\/#article","isPartOf":{"@id":"https:\/\/orthodoxalbania.org\/2020\/2025\/06\/28\/fjeti-ne-zotin-hiresia-e-tij-mitropoliti-i-gjirokastres-imzot-dhimitri\/"},"author":{"name":"neo_admin","@id":"https:\/\/orthodoxalbania.org\/2020\/#\/schema\/person\/dd2bdc135b53c60d45b8bb329565cf6d"},"headline":"Fjeti n\u00eb Zotin Hir\u00ebsia e Tij, Mitropoliti i Gjirokastr\u00ebs, imzot Dhimitri","datePublished":"2025-06-28T20:38:07+00:00","dateModified":"2025-06-28T21:01:07+00:00","mainEntityOfPage":{"@id":"https:\/\/orthodoxalbania.org\/2020\/2025\/06\/28\/fjeti-ne-zotin-hiresia-e-tij-mitropoliti-i-gjirokastres-imzot-dhimitri\/"},"wordCount":604,"publisher":{"@id":"https:\/\/orthodoxalbania.org\/2020\/#organization"},"image":{"@id":"https:\/\/orthodoxalbania.org\/2020\/2025\/06\/28\/fjeti-ne-zotin-hiresia-e-tij-mitropoliti-i-gjirokastres-imzot-dhimitri\/#primaryimage"},"thumbnailUrl":"https:\/\/orthodoxalbania.org\/2020\/wp-content\/uploads\/2025\/06\/\u03c3\u03c3.jpg","keywords":["2025"],"articleSection":["Lajme AL"],"inLanguage":"en-US"},{"@type":"WebPage","@id":"https:\/\/orthodoxalbania.org\/2020\/2025\/06\/28\/fjeti-ne-zotin-hiresia-e-tij-mitropoliti-i-gjirokastres-imzot-dhimitri\/","url":"https:\/\/orthodoxalbania.org\/2020\/2025\/06\/28\/fjeti-ne-zotin-hiresia-e-tij-mitropoliti-i-gjirokastres-imzot-dhimitri\/","name":"Fjeti n\u00eb Zotin Hir\u00ebsia e Tij, Mitropoliti i Gjirokastr\u00ebs, imzot Dhimitri - Kisha Orthodh\u03bfkse Autoqefale e Shqip\u00ebris\u00eb","isPartOf":{"@id":"https:\/\/orthodoxalbania.org\/2020\/#website"},"primaryImageOfPage":{"@id":"https:\/\/orthodoxalbania.org\/2020\/2025\/06\/28\/fjeti-ne-zotin-hiresia-e-tij-mitropoliti-i-gjirokastres-imzot-dhimitri\/#primaryimage"},"image":{"@id":"https:\/\/orthodoxalbania.org\/2020\/2025\/06\/28\/fjeti-ne-zotin-hiresia-e-tij-mitropoliti-i-gjirokastres-imzot-dhimitri\/#primaryimage"},"thumbnailUrl":"https:\/\/orthodoxalbania.org\/2020\/wp-content\/uploads\/2025\/06\/\u03c3\u03c3.jpg","datePublished":"2025-06-28T20:38:07+00:00","dateModified":"2025-06-28T21:01:07+00:00","breadcrumb":{"@id":"https:\/\/orthodoxalbania.org\/2020\/2025\/06\/28\/fjeti-ne-zotin-hiresia-e-tij-mitropoliti-i-gjirokastres-imzot-dhimitri\/#breadcrumb"},"inLanguage":"en-US","potentialAction":[{"@type":"ReadAction","target":["https:\/\/orthodoxalbania.org\/2020\/2025\/06\/28\/fjeti-ne-zotin-hiresia-e-tij-mitropoliti-i-gjirokastres-imzot-dhimitri\/"]}]},{"@type":"ImageObject","inLanguage":"en-US","@id":"https:\/\/orthodoxalbania.org\/2020\/2025\/06\/28\/fjeti-ne-zotin-hiresia-e-tij-mitropoliti-i-gjirokastres-imzot-dhimitri\/#primaryimage","url":"https:\/\/orthodoxalbania.org\/2020\/wp-content\/uploads\/2025\/06\/\u03c3\u03c3.jpg","contentUrl":"https:\/\/orthodoxalbania.org\/2020\/wp-content\/uploads\/2025\/06\/\u03c3\u03c3.jpg","width":630,"height":743},{"@type":"BreadcrumbList","@id":"https:\/\/orthodoxalbania.org\/2020\/2025\/06\/28\/fjeti-ne-zotin-hiresia-e-tij-mitropoliti-i-gjirokastres-imzot-dhimitri\/#breadcrumb","itemListElement":[{"@type":"ListItem","position":1,"name":"Home","item":"https:\/\/orthodoxalbania.org\/2020\/"},{"@type":"ListItem","position":2,"name":"Fjeti n\u00eb Zotin Hir\u00ebsia e Tij, Mitropoliti i Gjirokastr\u00ebs, imzot Dhimitri"}]},{"@type":"WebSite","@id":"https:\/\/orthodoxalbania.org\/2020\/#website","url":"https:\/\/orthodoxalbania.org\/2020\/","name":"Kisha Orthodh\u03bfkse Autoqefale e Shqip\u00ebris\u00eb","description":"Fqja Zyrtare e Kish\u00ebs Orthodhokse Autoqefale e Shqip\u00ebris\u00eb me lajmet edhe informacionet zyrtare p\u00ebr struktur\u00ebn edhe veprimtarin e saj.","publisher":{"@id":"https:\/\/orthodoxalbania.org\/2020\/#organization"},"potentialAction":[{"@type":"SearchAction","target":{"@type":"EntryPoint","urlTemplate":"https:\/\/orthodoxalbania.org\/2020\/?s={search_term_string}"},"query-input":{"@type":"PropertyValueSpecification","valueRequired":true,"valueName":"search_term_string"}}],"inLanguage":"en-US"},{"@type":"Organization","@id":"https:\/\/orthodoxalbania.org\/2020\/#organization","name":"Kisha Orthodhokse Autoqefale e Shqip\u00ebris\u00eb","url":"https:\/\/orthodoxalbania.org\/2020\/","logo":{"@type":"ImageObject","inLanguage":"en-US","@id":"https:\/\/orthodoxalbania.org\/2020\/#\/schema\/logo\/image\/","url":"https:\/\/orthodoxalbania.org\/2020\/wp-content\/uploads\/2020\/05\/albania.jpeg","contentUrl":"https:\/\/orthodoxalbania.org\/2020\/wp-content\/uploads\/2020\/05\/albania.jpeg","width":540,"height":540,"caption":"Kisha Orthodhokse Autoqefale e Shqip\u00ebris\u00eb"},"image":{"@id":"https:\/\/orthodoxalbania.org\/2020\/#\/schema\/logo\/image\/"},"sameAs":["https:\/\/www.facebook.com\/koash1991"]},{"@type":"Person","@id":"https:\/\/orthodoxalbania.org\/2020\/#\/schema\/person\/dd2bdc135b53c60d45b8bb329565cf6d","name":"neo_admin","image":{"@type":"ImageObject","inLanguage":"en-US","@id":"https:\/\/secure.gravatar.com\/avatar\/53e6cdc30765aade0129f85e5aeb50124b1d3f5bb9a70373be31e4eb328371e0?s=96&d=mm&r=g","url":"https:\/\/secure.gravatar.com\/avatar\/53e6cdc30765aade0129f85e5aeb50124b1d3f5bb9a70373be31e4eb328371e0?s=96&d=mm&r=g","contentUrl":"https:\/\/secure.gravatar.com\/avatar\/53e6cdc30765aade0129f85e5aeb50124b1d3f5bb9a70373be31e4eb328371e0?s=96&d=mm&r=g","caption":"neo_admin"}}]}},"_links":{"self":[{"href":"https:\/\/orthodoxalbania.org\/2020\/wp-json\/wp\/v2\/posts\/67840","targetHints":{"allow":["GET"]}}],"collection":[{"href":"https:\/\/orthodoxalbania.org\/2020\/wp-json\/wp\/v2\/posts"}],"about":[{"href":"https:\/\/orthodoxalbania.org\/2020\/wp-json\/wp\/v2\/types\/post"}],"author":[{"embeddable":true,"href":"https:\/\/orthodoxalbania.org\/2020\/wp-json\/wp\/v2\/users\/14"}],"replies":[{"embeddable":true,"href":"https:\/\/orthodoxalbania.org\/2020\/wp-json\/wp\/v2\/comments?post=67840"}],"version-history":[{"count":6,"href":"https:\/\/orthodoxalbania.org\/2020\/wp-json\/wp\/v2\/posts\/67840\/revisions"}],"predecessor-version":[{"id":67849,"href":"https:\/\/orthodoxalbania.org\/2020\/wp-json\/wp\/v2\/posts\/67840\/revisions\/67849"}],"wp:featuredmedia":[{"embeddable":true,"href":"https:\/\/orthodoxalbania.org\/2020\/wp-json\/wp\/v2\/media\/67841"}],"wp:attachment":[{"href":"https:\/\/orthodoxalbania.org\/2020\/wp-json\/wp\/v2\/media?parent=67840"}],"wp:term":[{"taxonomy":"category","embeddable":true,"href":"https:\/\/orthodoxalbania.org\/2020\/wp-json\/wp\/v2\/categories?post=67840"},{"taxonomy":"post_tag","embeddable":true,"href":"https:\/\/orthodoxalbania.org\/2020\/wp-json\/wp\/v2\/tags?post=67840"}],"curies":[{"name":"wp","href":"https:\/\/api.w.org\/{rel}","templated":true}]}}