{"id":6784,"date":"2018-07-25T08:40:03","date_gmt":"2018-07-25T08:40:03","guid":{"rendered":""},"modified":"2020-04-06T21:58:05","modified_gmt":"2020-04-06T19:58:05","slug":"veprimtari-te-zyres-diakonia-agapes-sherbimi-i-dashurise","status":"publish","type":"post","link":"https:\/\/orthodoxalbania.org\/2020\/2018\/07\/25\/veprimtari-te-zyres-diakonia-agapes-sherbimi-i-dashurise\/","title":{"rendered":"Veprimtari t\u00eb Zyr\u00ebs \u201cDiakonia Agapes &#8211; Sh\u00ebrbimi i Dashuris\u00eb\u201d"},"content":{"rendered":"<p style=\"text-align: justify;\">\n\t&nbsp;<\/p>\n<p> <\/p>\n<p>\n\t&nbsp;<\/p>\n<p style=\"text-align: center;\">\n\t<span style=\"color: #800000; font-size: 12pt; font-family: helvetica;\"><strong>Sh\u00ebrbime publike transparente dhe efektive p\u00ebr personat me aft\u00ebsi t\u00eb kufizuara<\/strong><\/span><\/p>\n<p style=\"text-align: center;\">\n\t&nbsp;<\/p>\n<p style=\"text-align: center;\">\n\t<span style=\"color: #800000; font-size: 12pt; font-family: helvetica;\"><strong>Ky program po zhvillohet n\u00eb bashkit\u00eb P\u00ebrrenjas, Belsh dhe C\u00ebrrik<\/strong><\/span><\/p>\n<p style=\"text-align: justify;\">\n\t&nbsp;<\/p>\n<p style=\"text-align: justify;\">\n\t<span style=\"color: #000000; font-size: 12pt; font-family: helvetica;\">Zyra \u201cDiakonia Agapes &#8211; Sh\u00ebrbimi i Dashuris\u00eb\u201d, e Kish\u00ebs Orthodhokse Autoqefale t\u00eb Shqip\u00ebris\u00eb, n\u00eb bashk\u00ebpunim me shoqat\u00ebn \u201cMbrojtja e t\u00eb Drejtave t\u00eb Personave me Aft\u00ebsi t\u00eb Kufizuara\u201d (MEDPAK) dhe Qendr\u00ebn Shqiptare p\u00ebr Integrimin e Njer\u00ebzve me Nevoja t\u00eb Ve\u00e7anta (QSHINJNV) po zbatojn\u00eb projektin: \u201cSh\u00ebrbime publike transparente dhe efektive p\u00ebr Personat me Aft\u00ebsi t\u00eb Kufizuara\u201d n\u00eb bashkit\u00eb P\u00ebrrenjas, Belsh dhe C\u00ebrrik. Ky projekt 6-mujor (1 shkurt &#8211; 31 korrik 2018) mb\u00ebshtetet nga fondi i n\u00ebn-grantimit \u201cRrjet\u00ebzim dhe shk\u00ebmbim i njohurive nd\u00ebrmjet OSHC-ve n\u00eb fush\u00ebn e anti-korrupsionit dhe qeverisjes s\u00eb mir\u00eb n\u00eb nivel vendor\u201d &#8211; Raundi II, n\u00eb kuad\u00ebr t\u00eb projektit CIVILISC, financuar nga BE, zbatuar nga IDM, n\u00eb bashk\u00ebpunim me Fondacionin RiskMonitor, Bullgari.<\/span><\/p>\n<p style=\"text-align: justify;\">\n\t<span style=\"color: #000000; font-size: 12pt; font-family: helvetica;\">Q\u00ebllimi i projektit \u00ebsht\u00eb q\u00eb: Bashkit\u00eb t\u00eb ofrojn\u00eb sh\u00ebrbime m\u00eb transparente dhe efektive p\u00ebr Personat me Aft\u00ebsi t\u00eb Kufizuara (PAK), duke bashk\u00ebpunuar dhe me organizatat e shoq\u00ebris\u00eb civile. P\u00ebr t\u00eb arritur k\u00ebt\u00eb, tri organizatat partnere kan\u00eb nd\u00ebrmarr\u00eb aktivitete p\u00ebr t\u00eb informuar, trajnuar, motivuar dhe nxitur personat me aft\u00ebsi t\u00eb kufizuara dhe familjet e tyre p\u00ebr t\u00eb pasur sh\u00ebrbime m\u00eb t\u00eb mira sociale n\u00eb bashkit\u00eb e tyre.<\/span><\/p>\n<p style=\"text-align: justify;\">\n\t<span style=\"color: #000000; font-size: 12pt; font-family: helvetica;\">Nj\u00eb grup prej 24 personash, t\u00eb quajtur Agjent\u00eb t\u00eb Ndryshimit (t\u00eb cil\u00ebt jan\u00eb persona me aft\u00ebsi t\u00eb kufizuara, familjar\u00eb ose kujdestar\u00eb t\u00eb tyre), ka ndjekur trajnimin 4-ditor me tema si: Mobilizimi i komunitetit dhe marr\u00ebdh\u00ebniet me publikun; Advokimi dhe lobimi; Lidershipi dhe krijimi i grupeve; Ngritja e fondeve. N\u00ebp\u00ebrmjet trajnimive u synua fuqizimi i tyre p\u00ebr t\u00eb mobilizuar pjes\u00ebtar\u00eb t\u00eb tjer\u00eb t\u00eb komunitetit PAK p\u00ebr t\u00eb marr\u00eb pjes\u00eb n\u00eb procesin e monitorimit t\u00eb sh\u00ebrbimeve t\u00eb ofruara nga bashkit\u00eb p\u00ebrkat\u00ebse p\u00ebr PAK, si dhe t\u00eb jen\u00eb pjes\u00eb e proceseve t\u00eb hartimit t\u00eb politikave p\u00ebr k\u00ebt\u00eb kategori.<\/span><\/p>\n<p style=\"text-align: justify;\">\n\t<span style=\"color: #000000; font-size: 12pt; font-family: helvetica;\">Gjithashtu, n\u00eb t\u00eb tria bashkit\u00eb ku po zbatohet projekti, jan\u00eb zhvilluar fushata nd\u00ebrgjegj\u00ebsimi p\u00ebr t\u00eb rritur nivelin e informacionit t\u00eb komunitetit dhe t\u00eb familjeve q\u00eb kan\u00eb persona me aft\u00ebsi t\u00eb kufizuara, n\u00eb drejtim t\u00eb: Strategjis\u00eb Komb\u00ebtare p\u00ebr personat me aft\u00ebsi t\u00eb kufizuara (2016-2020); Njohjes s\u00eb ligjit nr. 9355 \u201cP\u00ebr ndihm\u00ebn dhe sh\u00ebrbimet shoq\u00ebrore\u201d; si dhe cilat jan\u00eb sh\u00ebrbimet publike t\u00eb ofruara nga qeveria shqiptare p\u00ebr personat me aft\u00ebsi t\u00eb kufizuara.<\/span><\/p>\n<p style=\"text-align: justify;\">\n\t<span style=\"color: #000000; font-size: 12pt; font-family: helvetica;\">N\u00eb kuad\u00ebr t\u00eb projektit u realizua edhe nj\u00eb studim p\u00ebr sh\u00ebrbimet publike t\u00eb ofruara n\u00eb nivel lokal p\u00ebr personat me aft\u00ebsi t\u00eb kufizuara. Studimi monitoroi nga af\u00ebr arsyet p\u00ebrse personat me aft\u00ebsi t\u00eb kufizuara dhe familjet e tyre nuk p\u00ebrfitojn\u00eb nga k\u00ebto sh\u00ebrbime, vler\u00ebsoi rolin e secilit institucion publik n\u00eb nivel lokal dhe n\u00eb t\u00eb nj\u00ebjt\u00ebn koh\u00eb vler\u00ebsoi nivelin e informacionit t\u00eb prind\u00ebrve t\u00eb personave me aft\u00ebsi t\u00eb kufizuara n\u00eb lidhje me k\u00ebto sh\u00ebrbime. Gjetjet e studimit u diskutuan n\u00eb 3 Tryezat e Rrumbullak\u00ebta q\u00eb u organizuan n\u00eb secil\u00ebn bashki, ku mor\u00ebn pjes\u00eb p\u00ebrfaq\u00ebsues t\u00eb bashkive p\u00ebrkat\u00ebse, punonj\u00ebs t\u00eb institucioneve publike (arsimi, sh\u00ebndet\u00ebsia, pun\u00ebsimi) dhe p\u00ebrfaq\u00ebsues t\u00eb organizatave partnere, s\u00eb bashku me Agjent\u00ebt e Ndryshimit. Tryezat e Rrumbullak\u00ebta u mbyll\u00ebn me nga nj\u00eb plan veprimi p\u00ebr t\u00eb nd\u00ebrmarr\u00eb hapa konkrete p\u00ebr p\u00ebrmir\u00ebsimin e sh\u00ebrbimeve publike t\u00eb ofruara p\u00ebr personat me aft\u00ebsi t\u00eb kufizuara n\u00eb bashkit\u00eb p\u00ebrkat\u00ebse.<\/span><\/p>\n<p style=\"text-align: justify;\">\n\t<span style=\"color: #000000; font-size: 12pt; font-family: helvetica;\">Projekti synon t\u00eb finalizohet me ngritjen e tri grupimeve t\u00eb prind\u00ebrve dhe personave me aft\u00ebsi t\u00eb kufizuara (nj\u00eb n\u00eb secil\u00ebn bashki), t\u00eb cil\u00ebt do t\u00eb krijojn\u00eb lidhje dhe do t\u00eb nd\u00ebrhyjn\u00eb pran\u00eb institucioneve publike p\u00ebr sh\u00ebrbimet e planifikuara p\u00ebr t\u2019u ofruar nga shteti p\u00ebr personat me aft\u00ebsi t\u00eb kufizuara.<\/span><\/p>\n<p style=\"text-align: justify;\">\n\t&nbsp;<\/p>\n<p style=\"text-align: right;\">\n\t<span style=\"font-size: 12pt; font-family: helvetica; color: #000000;\"><strong>Brunilda Kello<\/strong><\/span><\/p>\n<p style=\"text-align: right;\">\n\t&nbsp;<\/p>\n<p style=\"text-align: right;\">\n\t&nbsp;<\/p>\n<p>\n\t&nbsp;<\/p>\n<p style=\"text-align: center;\">\n\t<a data-flickr-embed=\"true\" data-footer=\"true\" data-header=\"true\" href=\"https:\/\/www.flickr.com\/photos\/157448745@N08\/albums\/72157699443424575\" title=\"Veprimtari t\u00eb Zyr\u00ebs \u201cDiakonia Agapes - Sh\u00ebrbimi i Dashuris\u00eb\u201d\"><img class=\"lazyload\" decoding=\"async\" alt=\"Veprimtari t\u00eb Zyr\u00ebs \u201cDiakonia Agapes - Sh\u00ebrbimi i Dashuris\u00eb\u201d\" height=\"281\" src=\"data:image\/svg+xml,%3Csvg%20xmlns%3D%27http%3A%2F%2Fwww.w3.org%2F2000%2Fsvg%27%20width%3D%27500%27%20height%3D%27281%27%20viewBox%3D%270%200%20500%20281%27%3E%3Crect%20width%3D%27500%27%20height%3D%27281%27%20fill-opacity%3D%220%22%2F%3E%3C%2Fsvg%3E\" data-orig-src=\"https:\/\/farm1.staticflickr.com\/841\/43627628571_9cf18f17fd.jpg\" width=\"500\" \/><\/a><script async src=\"\/\/embedr.flickr.com\/assets\/client-code.js\" charset=\"utf-8\"><\/script><\/p>\n","protected":false},"excerpt":{"rendered":"<p>&nbsp; &nbsp; Sh\u00ebrbime publike transparente dhe efektive p\u00ebr personat me aft\u00ebsi t\u00eb kufizuara &nbsp; Ky program po zhvillohet n\u00eb bashkit\u00eb P\u00ebrrenjas, Belsh dhe C\u00ebrrik &nbsp; Zyra \u201cDiakonia Agapes &#8211; Sh\u00ebrbimi i Dashuris\u00eb\u201d, e Kish\u00ebs Orthodhokse Autoqefale t\u00eb Shqip\u00ebris\u00eb, n\u00eb bashk\u00ebpunim me shoqat\u00ebn \u201cMbrojtja e t\u00eb Drejtave t\u00eb Personave me Aft\u00ebsi t\u00eb Kufizuara\u201d (MEDPAK) dhe Qendr\u00ebn Shqiptare p\u00ebr Integrimin e Njer\u00ebzve me Nevoja t\u00eb Ve\u00e7anta (QSHINJNV)<\/p>\n","protected":false},"author":1,"featured_media":6785,"comment_status":"open","ping_status":"open","sticky":false,"template":"","format":"standard","meta":{"_acf_changed":false,"pagelayer_contact_templates":[],"_pagelayer_content":"","inline_featured_image":false,"fifu_image_url":"","fifu_image_alt":"","footnotes":""},"categories":[108],"tags":[220,196,212,224,174],"class_list":["post-6784","post","type-post","status-publish","format-standard","has-post-thumbnail","hentry","category-lajme","tag-220","tag-tirane","tag-lajme-d27","tag-projekte","tag-diakonia-agapes"],"acf":[],"yoast_head":"<!-- This site is optimized with the Yoast SEO plugin v27.2 - https:\/\/yoast.com\/product\/yoast-seo-wordpress\/ -->\n<title>Veprimtari t\u00eb Zyr\u00ebs \u201cDiakonia Agapes - Sh\u00ebrbimi i Dashuris\u00eb\u201d - Kisha Orthodh\u03bfkse Autoqefale e Shqip\u00ebris\u00eb<\/title>\n<meta name=\"robots\" content=\"index, follow, max-snippet:-1, max-image-preview:large, max-video-preview:-1\" \/>\n<link rel=\"canonical\" href=\"https:\/\/orthodoxalbania.org\/2020\/2018\/07\/25\/veprimtari-te-zyres-diakonia-agapes-sherbimi-i-dashurise\/\" \/>\n<meta property=\"og:locale\" content=\"en_US\" \/>\n<meta property=\"og:type\" content=\"article\" \/>\n<meta property=\"og:title\" content=\"Veprimtari t\u00eb Zyr\u00ebs \u201cDiakonia Agapes - Sh\u00ebrbimi i Dashuris\u00eb\u201d - Kisha Orthodh\u03bfkse Autoqefale e Shqip\u00ebris\u00eb\" \/>\n<meta property=\"og:description\" content=\"&nbsp; &nbsp; Sh\u00ebrbime publike transparente dhe efektive p\u00ebr personat me aft\u00ebsi t\u00eb kufizuara &nbsp; Ky program po zhvillohet n\u00eb bashkit\u00eb P\u00ebrrenjas, Belsh dhe C\u00ebrrik &nbsp; Zyra \u201cDiakonia Agapes &#8211; Sh\u00ebrbimi i Dashuris\u00eb\u201d, e Kish\u00ebs Orthodhokse Autoqefale t\u00eb Shqip\u00ebris\u00eb, n\u00eb bashk\u00ebpunim me shoqat\u00ebn \u201cMbrojtja e t\u00eb Drejtave t\u00eb Personave me Aft\u00ebsi t\u00eb Kufizuara\u201d (MEDPAK) dhe Qendr\u00ebn Shqiptare p\u00ebr Integrimin e Njer\u00ebzve me Nevoja t\u00eb Ve\u00e7anta (QSHINJNV)\" \/>\n<meta property=\"og:url\" content=\"https:\/\/orthodoxalbania.org\/2020\/2018\/07\/25\/veprimtari-te-zyres-diakonia-agapes-sherbimi-i-dashurise\/\" \/>\n<meta property=\"og:site_name\" content=\"Kisha Orthodh\u03bfkse Autoqefale e Shqip\u00ebris\u00eb\" \/>\n<meta property=\"article:publisher\" content=\"https:\/\/www.facebook.com\/koash1991\" \/>\n<meta property=\"article:published_time\" content=\"2018-07-25T08:40:03+00:00\" \/>\n<meta property=\"article:modified_time\" content=\"2020-04-06T19:58:05+00:00\" \/>\n<meta property=\"og:image\" content=\"https:\/\/orthodoxalbania.org\/2020\/wp-content\/uploads\/2020\/04\/trajnim2.jpg\" \/>\n\t<meta property=\"og:image:width\" content=\"1280\" \/>\n\t<meta property=\"og:image:height\" content=\"720\" \/>\n\t<meta property=\"og:image:type\" content=\"image\/jpeg\" \/>\n<meta name=\"author\" content=\"Kisha Orthodhokse\" \/>\n<meta name=\"twitter:card\" content=\"summary_large_image\" \/>\n<meta name=\"twitter:label1\" content=\"Written by\" \/>\n\t<meta name=\"twitter:data1\" content=\"Kisha Orthodhokse\" \/>\n\t<meta name=\"twitter:label2\" content=\"Est. reading time\" \/>\n\t<meta name=\"twitter:data2\" content=\"3 minutes\" \/>\n<script type=\"application\/ld+json\" class=\"yoast-schema-graph\">{\"@context\":\"https:\/\/schema.org\",\"@graph\":[{\"@type\":\"Article\",\"@id\":\"https:\/\/orthodoxalbania.org\/2020\/2018\/07\/25\/veprimtari-te-zyres-diakonia-agapes-sherbimi-i-dashurise\/#article\",\"isPartOf\":{\"@id\":\"https:\/\/orthodoxalbania.org\/2020\/2018\/07\/25\/veprimtari-te-zyres-diakonia-agapes-sherbimi-i-dashurise\/\"},\"author\":{\"name\":\"Kisha Orthodhokse\",\"@id\":\"https:\/\/orthodoxalbania.org\/2020\/#\/schema\/person\/0c387634a7063ac612d7ed9ce71c7e86\"},\"headline\":\"Veprimtari t\u00eb Zyr\u00ebs \u201cDiakonia Agapes &#8211; Sh\u00ebrbimi i Dashuris\u00eb\u201d\",\"datePublished\":\"2018-07-25T08:40:03+00:00\",\"dateModified\":\"2020-04-06T19:58:05+00:00\",\"mainEntityOfPage\":{\"@id\":\"https:\/\/orthodoxalbania.org\/2020\/2018\/07\/25\/veprimtari-te-zyres-diakonia-agapes-sherbimi-i-dashurise\/\"},\"wordCount\":700,\"commentCount\":0,\"publisher\":{\"@id\":\"https:\/\/orthodoxalbania.org\/2020\/#organization\"},\"image\":{\"@id\":\"https:\/\/orthodoxalbania.org\/2020\/2018\/07\/25\/veprimtari-te-zyres-diakonia-agapes-sherbimi-i-dashurise\/#primaryimage\"},\"thumbnailUrl\":\"https:\/\/orthodoxalbania.org\/2020\/wp-content\/uploads\/2020\/04\/trajnim2.jpg\",\"keywords\":[\"2018\",\"Kryepiskopata Tiran\u00eb\",\"lajme\",\"projekte\",\"Zyra \\\"Sh\u00ebrbimi i Dashuris\u00eb\\\"\"],\"articleSection\":[\"Lajme\"],\"inLanguage\":\"en-US\"},{\"@type\":\"WebPage\",\"@id\":\"https:\/\/orthodoxalbania.org\/2020\/2018\/07\/25\/veprimtari-te-zyres-diakonia-agapes-sherbimi-i-dashurise\/\",\"url\":\"https:\/\/orthodoxalbania.org\/2020\/2018\/07\/25\/veprimtari-te-zyres-diakonia-agapes-sherbimi-i-dashurise\/\",\"name\":\"Veprimtari t\u00eb Zyr\u00ebs \u201cDiakonia Agapes - Sh\u00ebrbimi i Dashuris\u00eb\u201d - Kisha Orthodh\u03bfkse Autoqefale e Shqip\u00ebris\u00eb\",\"isPartOf\":{\"@id\":\"https:\/\/orthodoxalbania.org\/2020\/#website\"},\"primaryImageOfPage\":{\"@id\":\"https:\/\/orthodoxalbania.org\/2020\/2018\/07\/25\/veprimtari-te-zyres-diakonia-agapes-sherbimi-i-dashurise\/#primaryimage\"},\"image\":{\"@id\":\"https:\/\/orthodoxalbania.org\/2020\/2018\/07\/25\/veprimtari-te-zyres-diakonia-agapes-sherbimi-i-dashurise\/#primaryimage\"},\"thumbnailUrl\":\"https:\/\/orthodoxalbania.org\/2020\/wp-content\/uploads\/2020\/04\/trajnim2.jpg\",\"datePublished\":\"2018-07-25T08:40:03+00:00\",\"dateModified\":\"2020-04-06T19:58:05+00:00\",\"breadcrumb\":{\"@id\":\"https:\/\/orthodoxalbania.org\/2020\/2018\/07\/25\/veprimtari-te-zyres-diakonia-agapes-sherbimi-i-dashurise\/#breadcrumb\"},\"inLanguage\":\"en-US\",\"potentialAction\":[{\"@type\":\"ReadAction\",\"target\":[\"https:\/\/orthodoxalbania.org\/2020\/2018\/07\/25\/veprimtari-te-zyres-diakonia-agapes-sherbimi-i-dashurise\/\"]}]},{\"@type\":\"ImageObject\",\"inLanguage\":\"en-US\",\"@id\":\"https:\/\/orthodoxalbania.org\/2020\/2018\/07\/25\/veprimtari-te-zyres-diakonia-agapes-sherbimi-i-dashurise\/#primaryimage\",\"url\":\"https:\/\/orthodoxalbania.org\/2020\/wp-content\/uploads\/2020\/04\/trajnim2.jpg\",\"contentUrl\":\"https:\/\/orthodoxalbania.org\/2020\/wp-content\/uploads\/2020\/04\/trajnim2.jpg\",\"width\":1280,\"height\":720},{\"@type\":\"BreadcrumbList\",\"@id\":\"https:\/\/orthodoxalbania.org\/2020\/2018\/07\/25\/veprimtari-te-zyres-diakonia-agapes-sherbimi-i-dashurise\/#breadcrumb\",\"itemListElement\":[{\"@type\":\"ListItem\",\"position\":1,\"name\":\"Home\",\"item\":\"https:\/\/orthodoxalbania.org\/2020\/\"},{\"@type\":\"ListItem\",\"position\":2,\"name\":\"Veprimtari t\u00eb Zyr\u00ebs \u201cDiakonia Agapes &#8211; Sh\u00ebrbimi i Dashuris\u00eb\u201d\"}]},{\"@type\":\"WebSite\",\"@id\":\"https:\/\/orthodoxalbania.org\/2020\/#website\",\"url\":\"https:\/\/orthodoxalbania.org\/2020\/\",\"name\":\"Kisha Orthodh\u03bfkse Autoqefale e Shqip\u00ebris\u00eb\",\"description\":\"Fqja Zyrtare e Kish\u00ebs Orthodhokse Autoqefale e Shqip\u00ebris\u00eb me lajmet edhe informacionet zyrtare p\u00ebr struktur\u00ebn edhe veprimtarin e saj.\",\"publisher\":{\"@id\":\"https:\/\/orthodoxalbania.org\/2020\/#organization\"},\"potentialAction\":[{\"@type\":\"SearchAction\",\"target\":{\"@type\":\"EntryPoint\",\"urlTemplate\":\"https:\/\/orthodoxalbania.org\/2020\/?s={search_term_string}\"},\"query-input\":{\"@type\":\"PropertyValueSpecification\",\"valueRequired\":true,\"valueName\":\"search_term_string\"}}],\"inLanguage\":\"en-US\"},{\"@type\":\"Organization\",\"@id\":\"https:\/\/orthodoxalbania.org\/2020\/#organization\",\"name\":\"Kisha Orthodhokse Autoqefale e Shqip\u00ebris\u00eb\",\"url\":\"https:\/\/orthodoxalbania.org\/2020\/\",\"logo\":{\"@type\":\"ImageObject\",\"inLanguage\":\"en-US\",\"@id\":\"https:\/\/orthodoxalbania.org\/2020\/#\/schema\/logo\/image\/\",\"url\":\"https:\/\/orthodoxalbania.org\/2020\/wp-content\/uploads\/2020\/05\/albania.jpeg\",\"contentUrl\":\"https:\/\/orthodoxalbania.org\/2020\/wp-content\/uploads\/2020\/05\/albania.jpeg\",\"width\":540,\"height\":540,\"caption\":\"Kisha Orthodhokse Autoqefale e Shqip\u00ebris\u00eb\"},\"image\":{\"@id\":\"https:\/\/orthodoxalbania.org\/2020\/#\/schema\/logo\/image\/\"},\"sameAs\":[\"https:\/\/www.facebook.com\/koash1991\"]},{\"@type\":\"Person\",\"@id\":\"https:\/\/orthodoxalbania.org\/2020\/#\/schema\/person\/0c387634a7063ac612d7ed9ce71c7e86\",\"name\":\"Kisha Orthodhokse\",\"image\":{\"@type\":\"ImageObject\",\"inLanguage\":\"en-US\",\"@id\":\"https:\/\/secure.gravatar.com\/avatar\/596e7c417251e30f2fbb9c00e026fce61a695a00e51c889caded71c96cbbdde5?s=96&d=mm&r=g\",\"url\":\"https:\/\/secure.gravatar.com\/avatar\/596e7c417251e30f2fbb9c00e026fce61a695a00e51c889caded71c96cbbdde5?s=96&d=mm&r=g\",\"contentUrl\":\"https:\/\/secure.gravatar.com\/avatar\/596e7c417251e30f2fbb9c00e026fce61a695a00e51c889caded71c96cbbdde5?s=96&d=mm&r=g\",\"caption\":\"Kisha Orthodhokse\"}}]}<\/script>\n<!-- \/ Yoast SEO plugin. -->","yoast_head_json":{"title":"Veprimtari t\u00eb Zyr\u00ebs \u201cDiakonia Agapes - Sh\u00ebrbimi i Dashuris\u00eb\u201d - Kisha Orthodh\u03bfkse Autoqefale e Shqip\u00ebris\u00eb","robots":{"index":"index","follow":"follow","max-snippet":"max-snippet:-1","max-image-preview":"max-image-preview:large","max-video-preview":"max-video-preview:-1"},"canonical":"https:\/\/orthodoxalbania.org\/2020\/2018\/07\/25\/veprimtari-te-zyres-diakonia-agapes-sherbimi-i-dashurise\/","og_locale":"en_US","og_type":"article","og_title":"Veprimtari t\u00eb Zyr\u00ebs \u201cDiakonia Agapes - Sh\u00ebrbimi i Dashuris\u00eb\u201d - Kisha Orthodh\u03bfkse Autoqefale e Shqip\u00ebris\u00eb","og_description":"&nbsp; &nbsp; Sh\u00ebrbime publike transparente dhe efektive p\u00ebr personat me aft\u00ebsi t\u00eb kufizuara &nbsp; Ky program po zhvillohet n\u00eb bashkit\u00eb P\u00ebrrenjas, Belsh dhe C\u00ebrrik &nbsp; Zyra \u201cDiakonia Agapes &#8211; Sh\u00ebrbimi i Dashuris\u00eb\u201d, e Kish\u00ebs Orthodhokse Autoqefale t\u00eb Shqip\u00ebris\u00eb, n\u00eb bashk\u00ebpunim me shoqat\u00ebn \u201cMbrojtja e t\u00eb Drejtave t\u00eb Personave me Aft\u00ebsi t\u00eb Kufizuara\u201d (MEDPAK) dhe Qendr\u00ebn Shqiptare p\u00ebr Integrimin e Njer\u00ebzve me Nevoja t\u00eb Ve\u00e7anta (QSHINJNV)","og_url":"https:\/\/orthodoxalbania.org\/2020\/2018\/07\/25\/veprimtari-te-zyres-diakonia-agapes-sherbimi-i-dashurise\/","og_site_name":"Kisha Orthodh\u03bfkse Autoqefale e Shqip\u00ebris\u00eb","article_publisher":"https:\/\/www.facebook.com\/koash1991","article_published_time":"2018-07-25T08:40:03+00:00","article_modified_time":"2020-04-06T19:58:05+00:00","og_image":[{"width":1280,"height":720,"url":"https:\/\/orthodoxalbania.org\/2020\/wp-content\/uploads\/2020\/04\/trajnim2.jpg","type":"image\/jpeg"}],"author":"Kisha Orthodhokse","twitter_card":"summary_large_image","twitter_misc":{"Written by":"Kisha Orthodhokse","Est. reading time":"3 minutes"},"schema":{"@context":"https:\/\/schema.org","@graph":[{"@type":"Article","@id":"https:\/\/orthodoxalbania.org\/2020\/2018\/07\/25\/veprimtari-te-zyres-diakonia-agapes-sherbimi-i-dashurise\/#article","isPartOf":{"@id":"https:\/\/orthodoxalbania.org\/2020\/2018\/07\/25\/veprimtari-te-zyres-diakonia-agapes-sherbimi-i-dashurise\/"},"author":{"name":"Kisha Orthodhokse","@id":"https:\/\/orthodoxalbania.org\/2020\/#\/schema\/person\/0c387634a7063ac612d7ed9ce71c7e86"},"headline":"Veprimtari t\u00eb Zyr\u00ebs \u201cDiakonia Agapes &#8211; Sh\u00ebrbimi i Dashuris\u00eb\u201d","datePublished":"2018-07-25T08:40:03+00:00","dateModified":"2020-04-06T19:58:05+00:00","mainEntityOfPage":{"@id":"https:\/\/orthodoxalbania.org\/2020\/2018\/07\/25\/veprimtari-te-zyres-diakonia-agapes-sherbimi-i-dashurise\/"},"wordCount":700,"commentCount":0,"publisher":{"@id":"https:\/\/orthodoxalbania.org\/2020\/#organization"},"image":{"@id":"https:\/\/orthodoxalbania.org\/2020\/2018\/07\/25\/veprimtari-te-zyres-diakonia-agapes-sherbimi-i-dashurise\/#primaryimage"},"thumbnailUrl":"https:\/\/orthodoxalbania.org\/2020\/wp-content\/uploads\/2020\/04\/trajnim2.jpg","keywords":["2018","Kryepiskopata Tiran\u00eb","lajme","projekte","Zyra \"Sh\u00ebrbimi i Dashuris\u00eb\""],"articleSection":["Lajme"],"inLanguage":"en-US"},{"@type":"WebPage","@id":"https:\/\/orthodoxalbania.org\/2020\/2018\/07\/25\/veprimtari-te-zyres-diakonia-agapes-sherbimi-i-dashurise\/","url":"https:\/\/orthodoxalbania.org\/2020\/2018\/07\/25\/veprimtari-te-zyres-diakonia-agapes-sherbimi-i-dashurise\/","name":"Veprimtari t\u00eb Zyr\u00ebs \u201cDiakonia Agapes - Sh\u00ebrbimi i Dashuris\u00eb\u201d - Kisha Orthodh\u03bfkse Autoqefale e Shqip\u00ebris\u00eb","isPartOf":{"@id":"https:\/\/orthodoxalbania.org\/2020\/#website"},"primaryImageOfPage":{"@id":"https:\/\/orthodoxalbania.org\/2020\/2018\/07\/25\/veprimtari-te-zyres-diakonia-agapes-sherbimi-i-dashurise\/#primaryimage"},"image":{"@id":"https:\/\/orthodoxalbania.org\/2020\/2018\/07\/25\/veprimtari-te-zyres-diakonia-agapes-sherbimi-i-dashurise\/#primaryimage"},"thumbnailUrl":"https:\/\/orthodoxalbania.org\/2020\/wp-content\/uploads\/2020\/04\/trajnim2.jpg","datePublished":"2018-07-25T08:40:03+00:00","dateModified":"2020-04-06T19:58:05+00:00","breadcrumb":{"@id":"https:\/\/orthodoxalbania.org\/2020\/2018\/07\/25\/veprimtari-te-zyres-diakonia-agapes-sherbimi-i-dashurise\/#breadcrumb"},"inLanguage":"en-US","potentialAction":[{"@type":"ReadAction","target":["https:\/\/orthodoxalbania.org\/2020\/2018\/07\/25\/veprimtari-te-zyres-diakonia-agapes-sherbimi-i-dashurise\/"]}]},{"@type":"ImageObject","inLanguage":"en-US","@id":"https:\/\/orthodoxalbania.org\/2020\/2018\/07\/25\/veprimtari-te-zyres-diakonia-agapes-sherbimi-i-dashurise\/#primaryimage","url":"https:\/\/orthodoxalbania.org\/2020\/wp-content\/uploads\/2020\/04\/trajnim2.jpg","contentUrl":"https:\/\/orthodoxalbania.org\/2020\/wp-content\/uploads\/2020\/04\/trajnim2.jpg","width":1280,"height":720},{"@type":"BreadcrumbList","@id":"https:\/\/orthodoxalbania.org\/2020\/2018\/07\/25\/veprimtari-te-zyres-diakonia-agapes-sherbimi-i-dashurise\/#breadcrumb","itemListElement":[{"@type":"ListItem","position":1,"name":"Home","item":"https:\/\/orthodoxalbania.org\/2020\/"},{"@type":"ListItem","position":2,"name":"Veprimtari t\u00eb Zyr\u00ebs \u201cDiakonia Agapes &#8211; Sh\u00ebrbimi i Dashuris\u00eb\u201d"}]},{"@type":"WebSite","@id":"https:\/\/orthodoxalbania.org\/2020\/#website","url":"https:\/\/orthodoxalbania.org\/2020\/","name":"Kisha Orthodh\u03bfkse Autoqefale e Shqip\u00ebris\u00eb","description":"Fqja Zyrtare e Kish\u00ebs Orthodhokse Autoqefale e Shqip\u00ebris\u00eb me lajmet edhe informacionet zyrtare p\u00ebr struktur\u00ebn edhe veprimtarin e saj.","publisher":{"@id":"https:\/\/orthodoxalbania.org\/2020\/#organization"},"potentialAction":[{"@type":"SearchAction","target":{"@type":"EntryPoint","urlTemplate":"https:\/\/orthodoxalbania.org\/2020\/?s={search_term_string}"},"query-input":{"@type":"PropertyValueSpecification","valueRequired":true,"valueName":"search_term_string"}}],"inLanguage":"en-US"},{"@type":"Organization","@id":"https:\/\/orthodoxalbania.org\/2020\/#organization","name":"Kisha Orthodhokse Autoqefale e Shqip\u00ebris\u00eb","url":"https:\/\/orthodoxalbania.org\/2020\/","logo":{"@type":"ImageObject","inLanguage":"en-US","@id":"https:\/\/orthodoxalbania.org\/2020\/#\/schema\/logo\/image\/","url":"https:\/\/orthodoxalbania.org\/2020\/wp-content\/uploads\/2020\/05\/albania.jpeg","contentUrl":"https:\/\/orthodoxalbania.org\/2020\/wp-content\/uploads\/2020\/05\/albania.jpeg","width":540,"height":540,"caption":"Kisha Orthodhokse Autoqefale e Shqip\u00ebris\u00eb"},"image":{"@id":"https:\/\/orthodoxalbania.org\/2020\/#\/schema\/logo\/image\/"},"sameAs":["https:\/\/www.facebook.com\/koash1991"]},{"@type":"Person","@id":"https:\/\/orthodoxalbania.org\/2020\/#\/schema\/person\/0c387634a7063ac612d7ed9ce71c7e86","name":"Kisha Orthodhokse","image":{"@type":"ImageObject","inLanguage":"en-US","@id":"https:\/\/secure.gravatar.com\/avatar\/596e7c417251e30f2fbb9c00e026fce61a695a00e51c889caded71c96cbbdde5?s=96&d=mm&r=g","url":"https:\/\/secure.gravatar.com\/avatar\/596e7c417251e30f2fbb9c00e026fce61a695a00e51c889caded71c96cbbdde5?s=96&d=mm&r=g","contentUrl":"https:\/\/secure.gravatar.com\/avatar\/596e7c417251e30f2fbb9c00e026fce61a695a00e51c889caded71c96cbbdde5?s=96&d=mm&r=g","caption":"Kisha Orthodhokse"}}]}},"_links":{"self":[{"href":"https:\/\/orthodoxalbania.org\/2020\/wp-json\/wp\/v2\/posts\/6784","targetHints":{"allow":["GET"]}}],"collection":[{"href":"https:\/\/orthodoxalbania.org\/2020\/wp-json\/wp\/v2\/posts"}],"about":[{"href":"https:\/\/orthodoxalbania.org\/2020\/wp-json\/wp\/v2\/types\/post"}],"author":[{"embeddable":true,"href":"https:\/\/orthodoxalbania.org\/2020\/wp-json\/wp\/v2\/users\/1"}],"replies":[{"embeddable":true,"href":"https:\/\/orthodoxalbania.org\/2020\/wp-json\/wp\/v2\/comments?post=6784"}],"version-history":[{"count":1,"href":"https:\/\/orthodoxalbania.org\/2020\/wp-json\/wp\/v2\/posts\/6784\/revisions"}],"predecessor-version":[{"id":14759,"href":"https:\/\/orthodoxalbania.org\/2020\/wp-json\/wp\/v2\/posts\/6784\/revisions\/14759"}],"wp:featuredmedia":[{"embeddable":true,"href":"https:\/\/orthodoxalbania.org\/2020\/wp-json\/wp\/v2\/media\/6785"}],"wp:attachment":[{"href":"https:\/\/orthodoxalbania.org\/2020\/wp-json\/wp\/v2\/media?parent=6784"}],"wp:term":[{"taxonomy":"category","embeddable":true,"href":"https:\/\/orthodoxalbania.org\/2020\/wp-json\/wp\/v2\/categories?post=6784"},{"taxonomy":"post_tag","embeddable":true,"href":"https:\/\/orthodoxalbania.org\/2020\/wp-json\/wp\/v2\/tags?post=6784"}],"curies":[{"name":"wp","href":"https:\/\/api.w.org\/{rel}","templated":true}]}}