{"id":678,"date":"2014-08-27T10:14:40","date_gmt":"2014-08-27T10:14:40","guid":{"rendered":""},"modified":"2020-04-06T22:02:23","modified_gmt":"2020-04-06T20:02:23","slug":"kampet-verore-ditore-te-femijeve-vazhdojne-ne-vende-te-ndryshme-te-shqiperise","status":"publish","type":"post","link":"https:\/\/orthodoxalbania.org\/2020\/2014\/08\/27\/kampet-verore-ditore-te-femijeve-vazhdojne-ne-vende-te-ndryshme-te-shqiperise\/","title":{"rendered":"Kampet verore ditore t\u00eb f\u00ebmij\u00ebve vazhdojn\u00eb n\u00eb vende t\u00eb ndryshme t\u00eb Shqip\u00ebris\u00eb"},"content":{"rendered":"<p style=\"text-align: justify;\">\n\t<span style=\"font-size: 12pt; font-family: helvetica;\"><span style=\"color: #000000;\">&nbsp;&nbsp;&nbsp; N\u00eb vende t\u00eb ndryshme t\u00eb vendit jan\u00eb duke u zhvilluar kampet verore ditore p\u00ebr f\u00ebmij\u00eb. N\u00eb k\u00ebto kampe f\u00ebmij\u00ebt marrin pjes\u00eb p\u00ebr 4-5 or\u00eb n\u00eb dit\u00eb. Programi i kampeve \u00ebsht\u00eb mjaft i pasur dhe kjo b\u00ebn q\u00eb f\u00ebmij\u00ebt t\u00eb m\u00ebsojn\u00eb shum\u00eb gj\u00ebra t\u00eb r\u00ebnd\u00ebsishme dhe t\u00eb bukura.<\/span><\/span><\/p>\n<p style=\"text-align: justify;\">\n\t<span style=\"color: #000000; font-size: 12pt; font-family: helvetica;\">&nbsp;&nbsp;&nbsp; Student\u00ebt e Akademis\u00eb Teologjike, me bekimin e Episkopit t\u00eb Apolonis\u00eb, Hir\u00ebsis\u00eb s\u00eb Tij Nikoll\u00ebs, dhe n\u00ebn drejtimim e pedagoges Anastasia Pamela Barksdale, zhvilluan kampet ditore p\u00ebr f\u00ebmij\u00eb n\u00eb Sh\u00ebn Vlash dhe n\u00eb Rrushkull. Student\u00ebt organizues t\u00eb k\u00ebtyre kampeve mor\u00ebn pjes\u00eb n\u00eb nj\u00eb program trajnimi n\u00eb Akademin\u00eb Teologjike n\u00eb m\u00ebnyr\u00eb q\u00eb t\u00eb fitonin m\u00eb tep\u00ebr eksperienc\u00eb n\u00eb m\u00ebsimdh\u00ebnie. Kampet ditore n\u00eb k\u00ebto dy vende kishin si tem\u00eb: \u201cLajmi i Mir\u00eb dhe Shenjtor\u00ebt e Shqip\u00ebris\u00eb\u201d.<\/span><\/p>\n<p style=\"text-align: justify;\">\n\t<span style=\"color: #000000; font-size: 12pt; font-family: helvetica;\">&nbsp;&nbsp;&nbsp; P\u00ebrgjat\u00eb kampit f\u00ebmij\u00ebt m\u00ebsuan jet\u00ebt e shenjtor\u00ebve, m\u00ebsimet e tyre mbi dashurin\u00eb p\u00ebr Per\u00ebndin\u00eb dhe ndaj nj\u00ebri-tjetrit. \u00c7do f\u00ebmij\u00eb mori si dhurat\u00eb nj\u00eb bluz\u00eb e cila kishte si logo pik\u00ebrisht k\u00ebt\u00eb mesazh. F\u00ebmij\u00ebt pan\u00eb nj\u00eb film t\u00eb p\u00ebrgatitur nga Zyra e Katekizmit mbi jet\u00ebn e Sh\u00ebn Kozmait dhe ata mor\u00ebn nj\u00eb lib\u00ebr me ikona p\u00ebr ta ngjyrosur me pamje nga jeta e Jisu Krishtit dhe e kat\u00ebr shenjtor\u00ebve t\u00eb njohur shqiptar\u00eb: Sh\u00ebn Astit, Sh\u00ebn Vlashit, Sh\u00ebn Joan Vladimirit dhe Sh\u00ebn Kozmait.<\/span><\/p>\n<p style=\"text-align: justify;\">\n\t<span style=\"color: #000000; font-size: 12pt; font-family: helvetica;\">&nbsp;&nbsp;&nbsp; Dita e fundit e kampit ishte nj\u00eb peligrinazh n\u00eb manastirin historik t\u00eb Sh\u00ebn Kozmait, p\u00ebr t\u00eb marr\u00eb pjes\u00eb n\u00eb festimet e&nbsp;300-vjetorit t\u00eb lindjes s\u00eb&nbsp;tij. 53 njer\u00ebz mor\u00ebn pjes\u00eb n\u00eb pelegrinazh, duke p\u00ebrfshir\u00eb f\u00ebmij\u00ebt dhe prind\u00ebrit e tyre.<\/span><\/p>\n<p style=\"text-align: justify;\">\n\t<span style=\"color: #000000; font-size: 12pt; font-family: helvetica;\">&nbsp;&nbsp;&nbsp; Kampe p\u00ebr f\u00ebmij\u00eb u zhvilluan edhe me f\u00ebmij\u00ebt e grupeve t\u00eb katekizmit t\u00eb Kryezjarrit, Librazhdit dhe Shelcanit. Tema e kampit ishte Liturgjia Hyjnore. Ky kamp kishte si q\u00ebllim t\u2019i udh\u00ebhiqte f\u00ebmij\u00ebt drejt kuptimit dhe pjes\u00ebmarrjes n\u00eb Liturgjin\u00eb Hyjnore. Programi i kampit p\u00ebrmbante lutje, k\u00ebng\u00eb, lojra, pun\u00eb dore, koktej, sh\u00ebtitje, etj. Dit\u00ebt kaluan shum\u00eb shpejt dhe f\u00ebmij\u00ebt mor\u00ebn me vete m\u00ebsimin dhe dashurin\u00eb p\u00ebr Per\u00ebndin\u00eb dhe g\u00ebzimin q\u00eb ofroi t\u00eb q\u00ebnit s\u00eb bashku.<\/span><\/p>\n<p style=\"text-align: justify;\">\n\t<span style=\"color: #000000; font-size: 12pt; font-family: helvetica;\">&nbsp;&nbsp;&nbsp; Nd\u00ebrkoh\u00eb kampet e f\u00ebmij\u00ebve vazhdojn\u00eb n\u00eb vende t\u00eb tjera. N\u00eb Gjinar t\u00eb Elbasanit \u00ebsht\u00eb duke u zhvilluar k\u00ebto dit\u00eb kampi veror ditor p\u00ebr f\u00ebmij\u00eb. N\u00eb k\u00ebt\u00eb kamp marrin pjes\u00eb nj\u00eb num\u00ebr i madh f\u00ebmij\u00ebsh dhe tema e kampit \u00ebsht\u00eb: \u201cZoti \u00ebsht\u00eb bashk\u00eb me ne\u201d.<\/span><\/p>\n<p style=\"text-align: justify;\">\n\t<span style=\"color: #000000; font-size: 12pt; font-family: helvetica;\">&nbsp;&nbsp;&nbsp; Zyra Qendrore e F\u00ebmij\u00ebve p\u00ebrgatitet p\u00ebr kampe t\u00eb tjera f\u00ebmij\u00ebsh. Nga data 1-6 shtator, do t\u00eb ket\u00eb kamp p\u00ebr f\u00ebmij\u00eb n\u00eb Tiran\u00eb, pran\u00eb Liqenit Artificial, n\u00eb Kish\u00ebn e Sh\u00ebn Prokopit. N\u00eb k\u00ebto data do t\u00eb ket\u00eb kamp p\u00ebr f\u00ebmij\u00eb edhe n\u00eb Kavaj\u00eb, pran\u00eb Kish\u00ebs s\u00eb Sh\u00ebn Nikoll\u00ebs. Nd\u00ebrsa nga datat 9-13 shtator do t\u00eb zhvillohet kamp p\u00ebr f\u00ebmij\u00eb n\u00eb Sukth.<\/span><\/p>\n<p style=\"text-align: justify;\">\n\t<span style=\"color: #000000; font-size: 12pt; font-family: helvetica;\">&nbsp;&nbsp;&nbsp; Mosha e f\u00ebmij\u00ebris\u00eb \u00ebsht\u00eb nj\u00eb mosh\u00eb mjaft dometh\u00ebn\u00ebse n\u00eb jet\u00ebn e njeriut, \u00ebsht\u00eb mosh\u00eb ku njeriu hedh bazat e formimit t\u00eb tij. Tek Fjal\u00ebt e Urta 22:6 thuhet: \u201cM\u00ebsoji f\u00ebmij\u00ebs rrug\u00ebn q\u00eb duhet t\u00eb ndjek\u00eb, dhe ai nuk do t\u00eb largohet prej saj edhe kur t\u00eb plaket\u201d.<\/span><\/p>\n<p style=\"text-align: justify;\">\n\t&nbsp;<\/p>\n<div style=\"text-align: justify;\">\n\t&nbsp;<\/div>\n<div>\n\t<img decoding=\"async\" alt=\"\" class=\"lazyload HAa Eha\" src=\"data:image\/gif;base64,R0lGODlhAQABAAAAACH5BAEKAAEALAAAAAABAAEAAAICTAEAOw==\" data-orig-src=\"https:\/\/lh6.googleusercontent.com\/-zxLzO89-YpQ\/U_2tnq9g_HI\/AAAAAAAABYc\/Pjy4jMzqreU\/w958-h539-no\/1.JPG\" style=\"height: 338px; width: 600px; border-width: 1px; border-style: solid; margin: 10px auto; display: block;\" \/><\/div>\n<div style=\"text-align: justify;\">\n\t&nbsp;<\/div>\n<div>\n\t<img decoding=\"async\" alt=\"\" class=\"lazyload HAa Eha\" src=\"data:image\/gif;base64,R0lGODlhAQABAAAAACH5BAEKAAEALAAAAAABAAEAAAICTAEAOw==\" data-orig-src=\"https:\/\/lh3.googleusercontent.com\/-lokQ-d4PcE4\/U_2tnehA2wI\/AAAAAAAABYk\/lz7SRVxQzd0\/w958-h539-no\/2.JPG\" style=\"height: 338px; width: 600px; border-width: 1px; border-style: solid; margin: 10px auto; display: block;\" \/><\/div>\n<div>\n\t<img decoding=\"async\" alt=\"\" class=\"lazyload HAa Eha\" src=\"data:image\/gif;base64,R0lGODlhAQABAAAAACH5BAEKAAEALAAAAAABAAEAAAICTAEAOw==\" data-orig-src=\"https:\/\/lh3.googleusercontent.com\/-HjsPiO5CuiE\/U_2tizuIgnI\/AAAAAAAABXo\/cIv5sjLBckk\/w958-h539-no\/3.JPG\" style=\"height: 338px; width: 600px; border-width: 1px; border-style: solid; margin: 10px auto; display: block;\" \/><\/div>\n<div>\n\t<img decoding=\"async\" alt=\"\" class=\"lazyload HAa Eha\" src=\"data:image\/gif;base64,R0lGODlhAQABAAAAACH5BAEKAAEALAAAAAABAAEAAAICTAEAOw==\" data-orig-src=\"https:\/\/lh5.googleusercontent.com\/-NxXV3nkCpxg\/U_2tnuKTDfI\/AAAAAAAABYg\/3fufa2wyRik\/w958-h719-no\/4.jpg\" style=\"height: 450px; width: 600px; border-width: 1px; border-style: solid; margin: 10px auto; display: block;\" \/><\/div>\n<div>\n\t<img decoding=\"async\" alt=\"\" class=\"lazyload HAa Eha\" src=\"data:image\/gif;base64,R0lGODlhAQABAAAAACH5BAEKAAEALAAAAAABAAEAAAICTAEAOw==\" data-orig-src=\"https:\/\/lh3.googleusercontent.com\/-Hg-pz_uNVFo\/U_2toNhZneI\/AAAAAAAABYM\/TGRmuP6QVqQ\/w958-h719-no\/5.jpg\" style=\"height: 450px; width: 600px; border-width: 1px; border-style: solid; margin: 10px auto; display: block;\" \/><\/div>\n<div>\n\t<img decoding=\"async\" alt=\"\" class=\"lazyload HAa Eha\" src=\"data:image\/gif;base64,R0lGODlhAQABAAAAACH5BAEKAAEALAAAAAABAAEAAAICTAEAOw==\" data-orig-src=\"https:\/\/lh4.googleusercontent.com\/-XLw_mepDB2s\/U_2toUqJkbI\/AAAAAAAABYI\/iNPRXNpsQAo\/w958-h719-no\/6.jpg\" style=\"height: 450px; width: 600px; border-width: 1px; border-style: solid; margin: 10px auto; display: block;\" \/><\/div>\n<div>\n\t<img decoding=\"async\" alt=\"\" class=\"lazyload HAa Eha\" src=\"data:image\/gif;base64,R0lGODlhAQABAAAAACH5BAEKAAEALAAAAAABAAEAAAICTAEAOw==\" data-orig-src=\"https:\/\/lh4.googleusercontent.com\/-p5dEGCga6SM\/U_2to097H3I\/AAAAAAAABYU\/B6bbkP870PU\/w958-h719-no\/7.jpg\" style=\"height: 450px; width: 600px; border-width: 1px; border-style: solid; margin: 10px auto; display: block;\" \/><\/div>\n<div>\n\t<img decoding=\"async\" alt=\"\" class=\"lazyload HAa Eha\" src=\"data:image\/gif;base64,R0lGODlhAQABAAAAACH5BAEKAAEALAAAAAABAAEAAAICTAEAOw==\" data-orig-src=\"https:\/\/lh6.googleusercontent.com\/-OotKd4I_ThA\/U_2to5HLSlI\/AAAAAAAABYQ\/NT6gBwqhuUA\/w958-h719-no\/8.jpg\" style=\"height: 450px; width: 600px; border-width: 1px; border-style: solid; margin: 10px auto; display: block;\" \/><\/div>\n<div>\n\t<img decoding=\"async\" alt=\"\" class=\"lazyload HAa Eha\" src=\"data:image\/gif;base64,R0lGODlhAQABAAAAACH5BAEKAAEALAAAAAABAAEAAAICTAEAOw==\" data-orig-src=\"https:\/\/lh5.googleusercontent.com\/-nIUs7Ftn8gE\/U_2tpUPO9tI\/AAAAAAAABYo\/n0Se5Ke1Avc\/w958-h719-no\/9.jpg\" style=\"height: 450px; width: 600px; border-width: 1px; border-style: solid; margin: 10px auto; display: block;\" \/><\/div>\n<div style=\"text-align: justify;\">\n\t&nbsp;<\/div>\n<div style=\"text-align: justify;\">\n\t&nbsp;<\/div>\n<div style=\"text-align: justify;\">\n\t&nbsp;<\/div>\n","protected":false},"excerpt":{"rendered":"<p>&nbsp;&nbsp;&nbsp; N\u00eb vende t\u00eb ndryshme t\u00eb vendit jan\u00eb duke u zhvilluar kampet verore ditore p\u00ebr f\u00ebmij\u00eb. N\u00eb k\u00ebto kampe f\u00ebmij\u00ebt marrin pjes\u00eb p\u00ebr 4-5 or\u00eb n\u00eb dit\u00eb. Programi i kampeve \u00ebsht\u00eb mjaft i pasur dhe kjo b\u00ebn q\u00eb f\u00ebmij\u00ebt t\u00eb m\u00ebsojn\u00eb shum\u00eb gj\u00ebra t\u00eb r\u00ebnd\u00ebsishme dhe t\u00eb bukura. &nbsp;&nbsp;&nbsp; Student\u00ebt e Akademis\u00eb Teologjike, me bekimin e Episkopit t\u00eb Apolonis\u00eb, Hir\u00ebsis\u00eb s\u00eb Tij Nikoll\u00ebs, dhe n\u00ebn<\/p>\n","protected":false},"author":1,"featured_media":679,"comment_status":"open","ping_status":"open","sticky":false,"template":"","format":"standard","meta":{"_acf_changed":false,"pagelayer_contact_templates":[],"_pagelayer_content":"","inline_featured_image":false,"fifu_image_url":"","fifu_image_alt":"","footnotes":""},"categories":[108],"tags":[140,154,196,212,156],"class_list":["post-678","post","type-post","status-publish","format-standard","has-post-thumbnail","hentry","category-lajme","tag-140","tag-aktivitete","tag-tirane","tag-lajme-d27","tag-femijet"],"acf":[],"yoast_head":"<!-- This site is optimized with the Yoast SEO plugin v27.2 - https:\/\/yoast.com\/product\/yoast-seo-wordpress\/ -->\n<title>Kampet verore ditore t\u00eb f\u00ebmij\u00ebve vazhdojn\u00eb n\u00eb vende t\u00eb ndryshme t\u00eb Shqip\u00ebris\u00eb - Kisha Orthodh\u03bfkse Autoqefale e Shqip\u00ebris\u00eb<\/title>\n<meta name=\"robots\" content=\"index, follow, max-snippet:-1, max-image-preview:large, max-video-preview:-1\" \/>\n<link rel=\"canonical\" href=\"https:\/\/orthodoxalbania.org\/2020\/2014\/08\/27\/kampet-verore-ditore-te-femijeve-vazhdojne-ne-vende-te-ndryshme-te-shqiperise\/\" \/>\n<meta property=\"og:locale\" content=\"en_US\" \/>\n<meta property=\"og:type\" content=\"article\" \/>\n<meta property=\"og:title\" content=\"Kampet verore ditore t\u00eb f\u00ebmij\u00ebve vazhdojn\u00eb n\u00eb vende t\u00eb ndryshme t\u00eb Shqip\u00ebris\u00eb - Kisha Orthodh\u03bfkse Autoqefale e Shqip\u00ebris\u00eb\" \/>\n<meta property=\"og:description\" content=\"&nbsp;&nbsp;&nbsp; N\u00eb vende t\u00eb ndryshme t\u00eb vendit jan\u00eb duke u zhvilluar kampet verore ditore p\u00ebr f\u00ebmij\u00eb. N\u00eb k\u00ebto kampe f\u00ebmij\u00ebt marrin pjes\u00eb p\u00ebr 4-5 or\u00eb n\u00eb dit\u00eb. Programi i kampeve \u00ebsht\u00eb mjaft i pasur dhe kjo b\u00ebn q\u00eb f\u00ebmij\u00ebt t\u00eb m\u00ebsojn\u00eb shum\u00eb gj\u00ebra t\u00eb r\u00ebnd\u00ebsishme dhe t\u00eb bukura. &nbsp;&nbsp;&nbsp; Student\u00ebt e Akademis\u00eb Teologjike, me bekimin e Episkopit t\u00eb Apolonis\u00eb, Hir\u00ebsis\u00eb s\u00eb Tij Nikoll\u00ebs, dhe n\u00ebn\" \/>\n<meta property=\"og:url\" content=\"https:\/\/orthodoxalbania.org\/2020\/2014\/08\/27\/kampet-verore-ditore-te-femijeve-vazhdojne-ne-vende-te-ndryshme-te-shqiperise\/\" \/>\n<meta property=\"og:site_name\" content=\"Kisha Orthodh\u03bfkse Autoqefale e Shqip\u00ebris\u00eb\" \/>\n<meta property=\"article:publisher\" content=\"https:\/\/www.facebook.com\/koash1991\" \/>\n<meta property=\"article:published_time\" content=\"2014-08-27T10:14:40+00:00\" \/>\n<meta property=\"article:modified_time\" content=\"2020-04-06T20:02:23+00:00\" \/>\n<meta property=\"og:image\" content=\"https:\/\/orthodoxalbania.org\/2020\/wp-content\/uploads\/2020\/04\/9.jpg\" \/>\n\t<meta property=\"og:image:width\" content=\"150\" \/>\n\t<meta property=\"og:image:height\" content=\"150\" \/>\n\t<meta property=\"og:image:type\" content=\"image\/jpeg\" \/>\n<meta name=\"author\" content=\"Kisha Orthodhokse\" \/>\n<meta name=\"twitter:card\" content=\"summary_large_image\" \/>\n<meta name=\"twitter:label1\" content=\"Written by\" \/>\n\t<meta name=\"twitter:data1\" content=\"Kisha Orthodhokse\" \/>\n\t<meta name=\"twitter:label2\" content=\"Est. reading time\" \/>\n\t<meta name=\"twitter:data2\" content=\"3 minutes\" \/>\n<script type=\"application\/ld+json\" class=\"yoast-schema-graph\">{\"@context\":\"https:\/\/schema.org\",\"@graph\":[{\"@type\":\"Article\",\"@id\":\"https:\/\/orthodoxalbania.org\/2020\/2014\/08\/27\/kampet-verore-ditore-te-femijeve-vazhdojne-ne-vende-te-ndryshme-te-shqiperise\/#article\",\"isPartOf\":{\"@id\":\"https:\/\/orthodoxalbania.org\/2020\/2014\/08\/27\/kampet-verore-ditore-te-femijeve-vazhdojne-ne-vende-te-ndryshme-te-shqiperise\/\"},\"author\":{\"name\":\"Kisha Orthodhokse\",\"@id\":\"https:\/\/orthodoxalbania.org\/2020\/#\/schema\/person\/0c387634a7063ac612d7ed9ce71c7e86\"},\"headline\":\"Kampet verore ditore t\u00eb f\u00ebmij\u00ebve vazhdojn\u00eb n\u00eb vende t\u00eb ndryshme t\u00eb Shqip\u00ebris\u00eb\",\"datePublished\":\"2014-08-27T10:14:40+00:00\",\"dateModified\":\"2020-04-06T20:02:23+00:00\",\"mainEntityOfPage\":{\"@id\":\"https:\/\/orthodoxalbania.org\/2020\/2014\/08\/27\/kampet-verore-ditore-te-femijeve-vazhdojne-ne-vende-te-ndryshme-te-shqiperise\/\"},\"wordCount\":634,\"commentCount\":0,\"publisher\":{\"@id\":\"https:\/\/orthodoxalbania.org\/2020\/#organization\"},\"image\":{\"@id\":\"https:\/\/orthodoxalbania.org\/2020\/2014\/08\/27\/kampet-verore-ditore-te-femijeve-vazhdojne-ne-vende-te-ndryshme-te-shqiperise\/#primaryimage\"},\"thumbnailUrl\":\"https:\/\/orthodoxalbania.org\/2020\/wp-content\/uploads\/2020\/04\/9.jpg\",\"keywords\":[\"2014\",\"Aktivitete\",\"Kryepiskopata Tiran\u00eb\",\"lajme\",\"Zyra e F\u00ebmij\u00ebve\"],\"articleSection\":[\"Lajme\"],\"inLanguage\":\"en-US\"},{\"@type\":\"WebPage\",\"@id\":\"https:\/\/orthodoxalbania.org\/2020\/2014\/08\/27\/kampet-verore-ditore-te-femijeve-vazhdojne-ne-vende-te-ndryshme-te-shqiperise\/\",\"url\":\"https:\/\/orthodoxalbania.org\/2020\/2014\/08\/27\/kampet-verore-ditore-te-femijeve-vazhdojne-ne-vende-te-ndryshme-te-shqiperise\/\",\"name\":\"Kampet verore ditore t\u00eb f\u00ebmij\u00ebve vazhdojn\u00eb n\u00eb vende t\u00eb ndryshme t\u00eb Shqip\u00ebris\u00eb - Kisha Orthodh\u03bfkse Autoqefale e Shqip\u00ebris\u00eb\",\"isPartOf\":{\"@id\":\"https:\/\/orthodoxalbania.org\/2020\/#website\"},\"primaryImageOfPage\":{\"@id\":\"https:\/\/orthodoxalbania.org\/2020\/2014\/08\/27\/kampet-verore-ditore-te-femijeve-vazhdojne-ne-vende-te-ndryshme-te-shqiperise\/#primaryimage\"},\"image\":{\"@id\":\"https:\/\/orthodoxalbania.org\/2020\/2014\/08\/27\/kampet-verore-ditore-te-femijeve-vazhdojne-ne-vende-te-ndryshme-te-shqiperise\/#primaryimage\"},\"thumbnailUrl\":\"https:\/\/orthodoxalbania.org\/2020\/wp-content\/uploads\/2020\/04\/9.jpg\",\"datePublished\":\"2014-08-27T10:14:40+00:00\",\"dateModified\":\"2020-04-06T20:02:23+00:00\",\"breadcrumb\":{\"@id\":\"https:\/\/orthodoxalbania.org\/2020\/2014\/08\/27\/kampet-verore-ditore-te-femijeve-vazhdojne-ne-vende-te-ndryshme-te-shqiperise\/#breadcrumb\"},\"inLanguage\":\"en-US\",\"potentialAction\":[{\"@type\":\"ReadAction\",\"target\":[\"https:\/\/orthodoxalbania.org\/2020\/2014\/08\/27\/kampet-verore-ditore-te-femijeve-vazhdojne-ne-vende-te-ndryshme-te-shqiperise\/\"]}]},{\"@type\":\"ImageObject\",\"inLanguage\":\"en-US\",\"@id\":\"https:\/\/orthodoxalbania.org\/2020\/2014\/08\/27\/kampet-verore-ditore-te-femijeve-vazhdojne-ne-vende-te-ndryshme-te-shqiperise\/#primaryimage\",\"url\":\"https:\/\/orthodoxalbania.org\/2020\/wp-content\/uploads\/2020\/04\/9.jpg\",\"contentUrl\":\"https:\/\/orthodoxalbania.org\/2020\/wp-content\/uploads\/2020\/04\/9.jpg\",\"width\":150,\"height\":150},{\"@type\":\"BreadcrumbList\",\"@id\":\"https:\/\/orthodoxalbania.org\/2020\/2014\/08\/27\/kampet-verore-ditore-te-femijeve-vazhdojne-ne-vende-te-ndryshme-te-shqiperise\/#breadcrumb\",\"itemListElement\":[{\"@type\":\"ListItem\",\"position\":1,\"name\":\"Home\",\"item\":\"https:\/\/orthodoxalbania.org\/2020\/\"},{\"@type\":\"ListItem\",\"position\":2,\"name\":\"Kampet verore ditore t\u00eb f\u00ebmij\u00ebve vazhdojn\u00eb n\u00eb vende t\u00eb ndryshme t\u00eb Shqip\u00ebris\u00eb\"}]},{\"@type\":\"WebSite\",\"@id\":\"https:\/\/orthodoxalbania.org\/2020\/#website\",\"url\":\"https:\/\/orthodoxalbania.org\/2020\/\",\"name\":\"Kisha Orthodh\u03bfkse Autoqefale e Shqip\u00ebris\u00eb\",\"description\":\"Fqja Zyrtare e Kish\u00ebs Orthodhokse Autoqefale e Shqip\u00ebris\u00eb me lajmet edhe informacionet zyrtare p\u00ebr struktur\u00ebn edhe veprimtarin e saj.\",\"publisher\":{\"@id\":\"https:\/\/orthodoxalbania.org\/2020\/#organization\"},\"potentialAction\":[{\"@type\":\"SearchAction\",\"target\":{\"@type\":\"EntryPoint\",\"urlTemplate\":\"https:\/\/orthodoxalbania.org\/2020\/?s={search_term_string}\"},\"query-input\":{\"@type\":\"PropertyValueSpecification\",\"valueRequired\":true,\"valueName\":\"search_term_string\"}}],\"inLanguage\":\"en-US\"},{\"@type\":\"Organization\",\"@id\":\"https:\/\/orthodoxalbania.org\/2020\/#organization\",\"name\":\"Kisha Orthodhokse Autoqefale e Shqip\u00ebris\u00eb\",\"url\":\"https:\/\/orthodoxalbania.org\/2020\/\",\"logo\":{\"@type\":\"ImageObject\",\"inLanguage\":\"en-US\",\"@id\":\"https:\/\/orthodoxalbania.org\/2020\/#\/schema\/logo\/image\/\",\"url\":\"https:\/\/orthodoxalbania.org\/2020\/wp-content\/uploads\/2020\/05\/albania.jpeg\",\"contentUrl\":\"https:\/\/orthodoxalbania.org\/2020\/wp-content\/uploads\/2020\/05\/albania.jpeg\",\"width\":540,\"height\":540,\"caption\":\"Kisha Orthodhokse Autoqefale e Shqip\u00ebris\u00eb\"},\"image\":{\"@id\":\"https:\/\/orthodoxalbania.org\/2020\/#\/schema\/logo\/image\/\"},\"sameAs\":[\"https:\/\/www.facebook.com\/koash1991\"]},{\"@type\":\"Person\",\"@id\":\"https:\/\/orthodoxalbania.org\/2020\/#\/schema\/person\/0c387634a7063ac612d7ed9ce71c7e86\",\"name\":\"Kisha Orthodhokse\",\"image\":{\"@type\":\"ImageObject\",\"inLanguage\":\"en-US\",\"@id\":\"https:\/\/secure.gravatar.com\/avatar\/596e7c417251e30f2fbb9c00e026fce61a695a00e51c889caded71c96cbbdde5?s=96&d=mm&r=g\",\"url\":\"https:\/\/secure.gravatar.com\/avatar\/596e7c417251e30f2fbb9c00e026fce61a695a00e51c889caded71c96cbbdde5?s=96&d=mm&r=g\",\"contentUrl\":\"https:\/\/secure.gravatar.com\/avatar\/596e7c417251e30f2fbb9c00e026fce61a695a00e51c889caded71c96cbbdde5?s=96&d=mm&r=g\",\"caption\":\"Kisha Orthodhokse\"}}]}<\/script>\n<!-- \/ Yoast SEO plugin. -->","yoast_head_json":{"title":"Kampet verore ditore t\u00eb f\u00ebmij\u00ebve vazhdojn\u00eb n\u00eb vende t\u00eb ndryshme t\u00eb Shqip\u00ebris\u00eb - Kisha Orthodh\u03bfkse Autoqefale e Shqip\u00ebris\u00eb","robots":{"index":"index","follow":"follow","max-snippet":"max-snippet:-1","max-image-preview":"max-image-preview:large","max-video-preview":"max-video-preview:-1"},"canonical":"https:\/\/orthodoxalbania.org\/2020\/2014\/08\/27\/kampet-verore-ditore-te-femijeve-vazhdojne-ne-vende-te-ndryshme-te-shqiperise\/","og_locale":"en_US","og_type":"article","og_title":"Kampet verore ditore t\u00eb f\u00ebmij\u00ebve vazhdojn\u00eb n\u00eb vende t\u00eb ndryshme t\u00eb Shqip\u00ebris\u00eb - Kisha Orthodh\u03bfkse Autoqefale e Shqip\u00ebris\u00eb","og_description":"&nbsp;&nbsp;&nbsp; N\u00eb vende t\u00eb ndryshme t\u00eb vendit jan\u00eb duke u zhvilluar kampet verore ditore p\u00ebr f\u00ebmij\u00eb. N\u00eb k\u00ebto kampe f\u00ebmij\u00ebt marrin pjes\u00eb p\u00ebr 4-5 or\u00eb n\u00eb dit\u00eb. Programi i kampeve \u00ebsht\u00eb mjaft i pasur dhe kjo b\u00ebn q\u00eb f\u00ebmij\u00ebt t\u00eb m\u00ebsojn\u00eb shum\u00eb gj\u00ebra t\u00eb r\u00ebnd\u00ebsishme dhe t\u00eb bukura. &nbsp;&nbsp;&nbsp; Student\u00ebt e Akademis\u00eb Teologjike, me bekimin e Episkopit t\u00eb Apolonis\u00eb, Hir\u00ebsis\u00eb s\u00eb Tij Nikoll\u00ebs, dhe n\u00ebn","og_url":"https:\/\/orthodoxalbania.org\/2020\/2014\/08\/27\/kampet-verore-ditore-te-femijeve-vazhdojne-ne-vende-te-ndryshme-te-shqiperise\/","og_site_name":"Kisha Orthodh\u03bfkse Autoqefale e Shqip\u00ebris\u00eb","article_publisher":"https:\/\/www.facebook.com\/koash1991","article_published_time":"2014-08-27T10:14:40+00:00","article_modified_time":"2020-04-06T20:02:23+00:00","og_image":[{"width":150,"height":150,"url":"https:\/\/orthodoxalbania.org\/2020\/wp-content\/uploads\/2020\/04\/9.jpg","type":"image\/jpeg"}],"author":"Kisha Orthodhokse","twitter_card":"summary_large_image","twitter_misc":{"Written by":"Kisha Orthodhokse","Est. reading time":"3 minutes"},"schema":{"@context":"https:\/\/schema.org","@graph":[{"@type":"Article","@id":"https:\/\/orthodoxalbania.org\/2020\/2014\/08\/27\/kampet-verore-ditore-te-femijeve-vazhdojne-ne-vende-te-ndryshme-te-shqiperise\/#article","isPartOf":{"@id":"https:\/\/orthodoxalbania.org\/2020\/2014\/08\/27\/kampet-verore-ditore-te-femijeve-vazhdojne-ne-vende-te-ndryshme-te-shqiperise\/"},"author":{"name":"Kisha Orthodhokse","@id":"https:\/\/orthodoxalbania.org\/2020\/#\/schema\/person\/0c387634a7063ac612d7ed9ce71c7e86"},"headline":"Kampet verore ditore t\u00eb f\u00ebmij\u00ebve vazhdojn\u00eb n\u00eb vende t\u00eb ndryshme t\u00eb Shqip\u00ebris\u00eb","datePublished":"2014-08-27T10:14:40+00:00","dateModified":"2020-04-06T20:02:23+00:00","mainEntityOfPage":{"@id":"https:\/\/orthodoxalbania.org\/2020\/2014\/08\/27\/kampet-verore-ditore-te-femijeve-vazhdojne-ne-vende-te-ndryshme-te-shqiperise\/"},"wordCount":634,"commentCount":0,"publisher":{"@id":"https:\/\/orthodoxalbania.org\/2020\/#organization"},"image":{"@id":"https:\/\/orthodoxalbania.org\/2020\/2014\/08\/27\/kampet-verore-ditore-te-femijeve-vazhdojne-ne-vende-te-ndryshme-te-shqiperise\/#primaryimage"},"thumbnailUrl":"https:\/\/orthodoxalbania.org\/2020\/wp-content\/uploads\/2020\/04\/9.jpg","keywords":["2014","Aktivitete","Kryepiskopata Tiran\u00eb","lajme","Zyra e F\u00ebmij\u00ebve"],"articleSection":["Lajme"],"inLanguage":"en-US"},{"@type":"WebPage","@id":"https:\/\/orthodoxalbania.org\/2020\/2014\/08\/27\/kampet-verore-ditore-te-femijeve-vazhdojne-ne-vende-te-ndryshme-te-shqiperise\/","url":"https:\/\/orthodoxalbania.org\/2020\/2014\/08\/27\/kampet-verore-ditore-te-femijeve-vazhdojne-ne-vende-te-ndryshme-te-shqiperise\/","name":"Kampet verore ditore t\u00eb f\u00ebmij\u00ebve vazhdojn\u00eb n\u00eb vende t\u00eb ndryshme t\u00eb Shqip\u00ebris\u00eb - Kisha Orthodh\u03bfkse Autoqefale e Shqip\u00ebris\u00eb","isPartOf":{"@id":"https:\/\/orthodoxalbania.org\/2020\/#website"},"primaryImageOfPage":{"@id":"https:\/\/orthodoxalbania.org\/2020\/2014\/08\/27\/kampet-verore-ditore-te-femijeve-vazhdojne-ne-vende-te-ndryshme-te-shqiperise\/#primaryimage"},"image":{"@id":"https:\/\/orthodoxalbania.org\/2020\/2014\/08\/27\/kampet-verore-ditore-te-femijeve-vazhdojne-ne-vende-te-ndryshme-te-shqiperise\/#primaryimage"},"thumbnailUrl":"https:\/\/orthodoxalbania.org\/2020\/wp-content\/uploads\/2020\/04\/9.jpg","datePublished":"2014-08-27T10:14:40+00:00","dateModified":"2020-04-06T20:02:23+00:00","breadcrumb":{"@id":"https:\/\/orthodoxalbania.org\/2020\/2014\/08\/27\/kampet-verore-ditore-te-femijeve-vazhdojne-ne-vende-te-ndryshme-te-shqiperise\/#breadcrumb"},"inLanguage":"en-US","potentialAction":[{"@type":"ReadAction","target":["https:\/\/orthodoxalbania.org\/2020\/2014\/08\/27\/kampet-verore-ditore-te-femijeve-vazhdojne-ne-vende-te-ndryshme-te-shqiperise\/"]}]},{"@type":"ImageObject","inLanguage":"en-US","@id":"https:\/\/orthodoxalbania.org\/2020\/2014\/08\/27\/kampet-verore-ditore-te-femijeve-vazhdojne-ne-vende-te-ndryshme-te-shqiperise\/#primaryimage","url":"https:\/\/orthodoxalbania.org\/2020\/wp-content\/uploads\/2020\/04\/9.jpg","contentUrl":"https:\/\/orthodoxalbania.org\/2020\/wp-content\/uploads\/2020\/04\/9.jpg","width":150,"height":150},{"@type":"BreadcrumbList","@id":"https:\/\/orthodoxalbania.org\/2020\/2014\/08\/27\/kampet-verore-ditore-te-femijeve-vazhdojne-ne-vende-te-ndryshme-te-shqiperise\/#breadcrumb","itemListElement":[{"@type":"ListItem","position":1,"name":"Home","item":"https:\/\/orthodoxalbania.org\/2020\/"},{"@type":"ListItem","position":2,"name":"Kampet verore ditore t\u00eb f\u00ebmij\u00ebve vazhdojn\u00eb n\u00eb vende t\u00eb ndryshme t\u00eb Shqip\u00ebris\u00eb"}]},{"@type":"WebSite","@id":"https:\/\/orthodoxalbania.org\/2020\/#website","url":"https:\/\/orthodoxalbania.org\/2020\/","name":"Kisha Orthodh\u03bfkse Autoqefale e Shqip\u00ebris\u00eb","description":"Fqja Zyrtare e Kish\u00ebs Orthodhokse Autoqefale e Shqip\u00ebris\u00eb me lajmet edhe informacionet zyrtare p\u00ebr struktur\u00ebn edhe veprimtarin e saj.","publisher":{"@id":"https:\/\/orthodoxalbania.org\/2020\/#organization"},"potentialAction":[{"@type":"SearchAction","target":{"@type":"EntryPoint","urlTemplate":"https:\/\/orthodoxalbania.org\/2020\/?s={search_term_string}"},"query-input":{"@type":"PropertyValueSpecification","valueRequired":true,"valueName":"search_term_string"}}],"inLanguage":"en-US"},{"@type":"Organization","@id":"https:\/\/orthodoxalbania.org\/2020\/#organization","name":"Kisha Orthodhokse Autoqefale e Shqip\u00ebris\u00eb","url":"https:\/\/orthodoxalbania.org\/2020\/","logo":{"@type":"ImageObject","inLanguage":"en-US","@id":"https:\/\/orthodoxalbania.org\/2020\/#\/schema\/logo\/image\/","url":"https:\/\/orthodoxalbania.org\/2020\/wp-content\/uploads\/2020\/05\/albania.jpeg","contentUrl":"https:\/\/orthodoxalbania.org\/2020\/wp-content\/uploads\/2020\/05\/albania.jpeg","width":540,"height":540,"caption":"Kisha Orthodhokse Autoqefale e Shqip\u00ebris\u00eb"},"image":{"@id":"https:\/\/orthodoxalbania.org\/2020\/#\/schema\/logo\/image\/"},"sameAs":["https:\/\/www.facebook.com\/koash1991"]},{"@type":"Person","@id":"https:\/\/orthodoxalbania.org\/2020\/#\/schema\/person\/0c387634a7063ac612d7ed9ce71c7e86","name":"Kisha Orthodhokse","image":{"@type":"ImageObject","inLanguage":"en-US","@id":"https:\/\/secure.gravatar.com\/avatar\/596e7c417251e30f2fbb9c00e026fce61a695a00e51c889caded71c96cbbdde5?s=96&d=mm&r=g","url":"https:\/\/secure.gravatar.com\/avatar\/596e7c417251e30f2fbb9c00e026fce61a695a00e51c889caded71c96cbbdde5?s=96&d=mm&r=g","contentUrl":"https:\/\/secure.gravatar.com\/avatar\/596e7c417251e30f2fbb9c00e026fce61a695a00e51c889caded71c96cbbdde5?s=96&d=mm&r=g","caption":"Kisha Orthodhokse"}}]}},"_links":{"self":[{"href":"https:\/\/orthodoxalbania.org\/2020\/wp-json\/wp\/v2\/posts\/678","targetHints":{"allow":["GET"]}}],"collection":[{"href":"https:\/\/orthodoxalbania.org\/2020\/wp-json\/wp\/v2\/posts"}],"about":[{"href":"https:\/\/orthodoxalbania.org\/2020\/wp-json\/wp\/v2\/types\/post"}],"author":[{"embeddable":true,"href":"https:\/\/orthodoxalbania.org\/2020\/wp-json\/wp\/v2\/users\/1"}],"replies":[{"embeddable":true,"href":"https:\/\/orthodoxalbania.org\/2020\/wp-json\/wp\/v2\/comments?post=678"}],"version-history":[{"count":1,"href":"https:\/\/orthodoxalbania.org\/2020\/wp-json\/wp\/v2\/posts\/678\/revisions"}],"predecessor-version":[{"id":15061,"href":"https:\/\/orthodoxalbania.org\/2020\/wp-json\/wp\/v2\/posts\/678\/revisions\/15061"}],"wp:featuredmedia":[{"embeddable":true,"href":"https:\/\/orthodoxalbania.org\/2020\/wp-json\/wp\/v2\/media\/679"}],"wp:attachment":[{"href":"https:\/\/orthodoxalbania.org\/2020\/wp-json\/wp\/v2\/media?parent=678"}],"wp:term":[{"taxonomy":"category","embeddable":true,"href":"https:\/\/orthodoxalbania.org\/2020\/wp-json\/wp\/v2\/categories?post=678"},{"taxonomy":"post_tag","embeddable":true,"href":"https:\/\/orthodoxalbania.org\/2020\/wp-json\/wp\/v2\/tags?post=678"}],"curies":[{"name":"wp","href":"https:\/\/api.w.org\/{rel}","templated":true}]}}