{"id":67762,"date":"2025-05-18T21:26:49","date_gmt":"2025-05-18T19:26:49","guid":{"rendered":"https:\/\/orthodoxalbania.org\/2020\/?p=67762"},"modified":"2025-05-18T21:26:49","modified_gmt":"2025-05-18T19:26:49","slug":"ceremonia-e-diplomimit-te-dy-brezave-2021-2023-dhe-2022-2024-te-shkolles-se-muzikes-bizantine-mbajtur-ne-katedralen-ngjallja-e-krishtit-ne-tirane-18-maj-2025","status":"publish","type":"post","link":"https:\/\/orthodoxalbania.org\/2020\/2025\/05\/18\/ceremonia-e-diplomimit-te-dy-brezave-2021-2023-dhe-2022-2024-te-shkolles-se-muzikes-bizantine-mbajtur-ne-katedralen-ngjallja-e-krishtit-ne-tirane-18-maj-2025\/","title":{"rendered":"Ceremonia e diplomimit t\u00eb dy brezave (2021\u20132023) dhe (2022\u20132024) t\u00eb Shkoll\u00ebs s\u00eb Muzik\u00ebs Bizantine, mbajtur n\u00eb Katedralen \u201cNgjallja e Krishtit\u201d n\u00eb Tiran\u00eb, 18 Maj 2025"},"content":{"rendered":"<h4 style=\"text-align: center;\"><strong>Ceremonia e diplomimit t\u00eb dy brezave (2021\u20132023) dhe (2022\u20132024) t\u00eb Shkoll\u00ebs s\u00eb Muzik\u00ebs Bizantine, mbajtur n\u00eb Katedralen \u201cNgjallja e Krishtit\u201d n\u00eb Tiran\u00eb, 18 Maj 2025<\/strong><\/h4>\n<p>&nbsp;<\/p>\n<p style=\"text-align: justify;\">Ceremonia u zhvillua n\u00ebn bekimin e Fortlumturis\u00eb s\u00eb Tij, Kryepiskopit Joan, dhe drejtimin profesional t\u00eb drejtorit t\u00eb shkoll\u00ebs, z. Theodhor Peci. Ky \u00ebsht\u00eb nj\u00eb moment i ve\u00e7ant\u00eb p\u00ebr t\u00eb nderuar p\u00ebrkushtimin, p\u00ebrpjekjen dhe p\u00ebrgatitjen shpirt\u00ebrore e muzikore t\u00eb 6 t\u00eb rinjve nga zona t\u00eb ndryshme t\u00eb Shqip\u00ebris\u00eb q\u00eb p\u00ebrfunduan me sukses formimin e tyre dyvje\u00e7ar.<\/p>\n<p style=\"text-align: justify;\">Psalt\u00ebt z\u00ebn\u00eb nj\u00eb vend t\u00eb r\u00ebnd\u00ebsish\u00ebm n\u00eb jet\u00ebn liturgjike t\u00eb Kish\u00ebs Orthodhokse. P\u00ebrmes z\u00ebrit t\u00eb tyre melodik dhe interpretimit t\u00eb muzik\u00ebs bizantine, ata nuk ofrojn\u00eb vet\u00ebm tinguj melodik\u00eb, por sh\u00ebrbejn\u00eb si udh\u00ebrr\u00ebfyes shpirt\u00ebror p\u00ebr t\u00eb gjith\u00eb besimtar\u00ebt n\u00eb adhurim. Liturgjia merr jet\u00eb dhe thell\u00ebsi p\u00ebrmes z\u00ebrit t\u00eb psalt\u00ebve, duke i ftuar t\u00eb pranishmit t\u00eb hyjn\u00eb m\u00eb thell\u00eb n\u00eb p\u00ebrjetimin e misterit. Roli i tyre nuk \u00ebsht\u00eb thjesht estetik, por thelb\u00ebsisht shpirt\u00ebror e formues.<\/p>\n<p style=\"text-align: justify;\">Diplomimi i k\u00ebtyre dy brezave \u00ebsht\u00eb nj\u00eb d\u00ebshmi e vazhdim\u00ebsis\u00eb s\u00eb tradit\u00ebs s\u00eb shenjt\u00eb t\u00eb Kish\u00ebs, e cila transmetohet me p\u00ebrkushtim dhe dashuri nga m\u00ebsuesit e Artit Psaltik tek nx\u00ebn\u00ebsit.<\/p>\n<p style=\"text-align: justify;\">Urime t\u00eb sapodiplomuarve \u2013 sh\u00ebrbesa e tyre qoft\u00eb e bekuar dhe frym\u00ebzuese p\u00ebr brezat q\u00eb vijn\u00eb!<\/p>\n<p style=\"text-align: justify;\">Fjala e mbajtur n\u00eb Diplomimin e student\u00ebve t\u00eb Shkoll\u00ebs s\u00eb Muzik\u00ebs Bizantine. Tiran\u00eb, m\u00eb 18 Maj 2025 nga z. Theodhor Peci<\/p>\n<p style=\"text-align: justify;\">Fortlumturi, Ati yn\u00eb I dashur Joan, t\u00eb nderuar Hierark\u00eb, klerik\u00eb, psalt\u00eb, t\u00eb dashur besimtar\u00eb m\u00eb Krishtin!<\/p>\n<p style=\"text-align: justify;\">Kisha Orthodhokse, p\u00ebrgjat\u00eb shekujve, ka himnuar madh\u00ebshtit\u00eb e veprave t\u00eb Zotit, p\u00ebrmes psalmeve, himneve dhe k\u00ebng\u00ebve shpirt\u00ebrore. Edhe Ju, Fortlumturi, e keni n\u00ebnvizuar k\u00ebt\u00eb realitet hyjnor, kur thoni me thell\u00ebsi frym\u00ebzuese se: \u201cMuzika, e cila ka lindur n\u00eb tempull, transmeton n\u00eb nj\u00eb m\u00ebnyr\u00eb direkte ftes\u00ebn p\u00ebr t\u00eb hyr\u00eb n\u00eb nj\u00eb dimension q\u00eb e kap\u00ebrcen koh\u00ebn dhe hap\u00ebsir\u00ebn dhe q\u00eb na fut n\u00eb Infinitin. Ajo \u00ebsht\u00eb nj\u00eb art q\u00eb dep\u00ebrton, m\u00eb shum\u00eb dhe m\u00eb thell\u00eb se \u00e7do art tjet\u00ebr, n\u00eb zemrat e njer\u00ebzve\u2026 q\u00eb freskon shpirtrat e thar\u00eb, q\u00eb sh\u00ebron t\u00eb s\u00ebmur\u00eb dhe e afron dimensionin njer\u00ebzor me at\u00eb hyjnor.\u201d<\/p>\n<p style=\"text-align: justify;\">E frym\u00ebzuar nga kjo nd\u00ebrgjegje e shenjt\u00eb dhe nga p\u00ebrkushtimi i pashuar p\u00ebr gjall\u00ebrimin shpirt\u00ebror t\u00eb besimtar\u00ebve, Kisha Orthodhokse Autoqefale e Shqip\u00ebris\u00eb, n\u00ebn drejtimin e shndritsh\u00ebm t\u00eb Kryepiskopit t\u00eb paharruar Anastas, tregoi nj\u00eb kujdes t\u00eb ve\u00e7ant\u00eb p\u00ebr Artin Psaltik, duke e vler\u00ebsuar at\u00eb si pjes\u00eb shum\u00eb t\u00eb r\u00ebnd\u00ebsishme t\u00eb jet\u00ebs liturgjike. Me vizion t\u00eb kthjell\u00ebt, Ati i ndjer\u00eb e p\u00ebrkufizoi rolin e psaltit si t\u00eb hirsh\u00ebm-ieropsalt, duke i par\u00eb psalt\u00ebt, ashtu si\u00e7 p\u00ebrcaktojn\u00eb edhe kanonet e Kish\u00ebs, si klerik\u00eb q\u00eb sh\u00ebrbejn\u00eb jasht\u00eb hierores.<\/p>\n<p style=\"text-align: justify;\">P\u00ebr k\u00ebt\u00eb arsye, n\u00eb vitin 2012 u themelua, p\u00ebr her\u00eb t\u00eb par\u00eb n\u00eb historin\u00eb e Kish\u00ebs son\u00eb, Shkolla e Muzik\u00ebs Bizantine, n\u00eb zem\u00ebr t\u00eb Qendr\u00ebs Shpirt\u00ebrore \u201cThavor\u201d n\u00eb Shkoz\u00eb t\u00eb Tiran\u00ebs. N\u00eb k\u00ebto tremb\u00ebdhjet\u00eb vite t\u00eb funksionimit, mbi 60 psalt\u00eb jan\u00eb formuar e diplomuar, duke sh\u00ebrbyer sot me p\u00ebrkushtim n\u00eb tempujt e Tiran\u00ebs, Kor\u00e7\u00ebs, Beratit e Pogradecit. Nj\u00eb prej veprave m\u00eb t\u00eb r\u00ebnd\u00ebsishme dhe sfiduese t\u00eb stafit pedagogjik ka qen\u00eb rishikimi dhe redaktimi i p\u00ebrkthimeve t\u00eb vjetra liturgjike, plot\u00ebsimi dhe p\u00ebrkthimi i shum\u00eb sh\u00ebrbesave t\u00eb reja dhe p\u00ebr m\u00eb tep\u00ebr p\u00ebrpunimi melodik i teksteve t\u00eb tyre e deri tek p\u00ebrshtatja apo kompozimi i tyre n\u00eb shkrim bizantin. K\u00ebto p\u00ebrpjekje jan\u00eb konkretizuar n\u00eb nj\u00eb trash\u00ebgimi monumentale: korpusi me 11 libra muzikor\u00eb voluminoz\u00eb dhe 5 libra liturgjik\u00eb, disa prej t\u00eb cil\u00ebve tashm\u00eb kan\u00eb par\u00eb drit\u00ebn e botimit, duke sh\u00ebrbyer si themel p\u00ebr m\u00ebsimdh\u00ebnien dhe praktik\u00ebn kishtare. Student\u00ebt e k\u00ebsaj shkolle, t\u00eb bashkuar n\u00eb Korin Bizantin \u201cSh\u00ebn Joan Kukuzeli\u201d, kan\u00eb qen\u00eb pjes\u00ebmarr\u00ebs t\u00eb palodhur n\u00eb sh\u00ebrbesat hyjnore, por edhe ambasador\u00eb t\u00eb Artit Psaltik n\u00eb ngjarje t\u00eb r\u00ebnd\u00ebsishme kulturore e shpirt\u00ebrore n\u00eb Shqip\u00ebri dhe jasht\u00eb saj. Prania e tyre aktive n\u00eb rrjetet sociale \u00ebsht\u00eb po aq dometh\u00ebn\u00ebse, me mbi 430 video t\u00eb himneve bizantine t\u00eb publikuara n\u00eb kanalin ton\u00eb n\u00eb YouTube. Nd\u00ebrkaq, vlerat e k\u00ebtij arti t\u00eb shenjt\u00eb jan\u00eb evidentuar edhe p\u00ebrmes kumtesave dhe punimeve shkencore n\u00eb institucionet akademike t\u00eb vendit si dhe p\u00ebrmes emisioneve t\u00eb shumta n\u00eb bashk\u00ebpunim me radio \u201cNgjallja\u201d.<\/p>\n<p style=\"text-align: justify;\">K\u00ebto vite kan\u00eb qen\u00eb t\u00eb mbarsura me kryq dhe me ngjallje \u2014 vite p\u00ebrkushtimi e shprese, gjithmon\u00eb me syt\u00eb e shpirtit t\u00eb ngulur tek Zoti. N\u00eb k\u00ebt\u00eb udh\u00ebtim nuk kemi qen\u00eb asnj\u00ebher\u00eb t\u00eb vetmuar sepse na ka shoq\u00ebruar n\u00eb \u00e7do hap, kujdesi at\u00ebror dhe dashuria pa kushte e Kryepiskopit Anastas. Dhe tashm\u00eb, e nj\u00ebjta p\u00ebrkujdesje ndjehet edhe nga Ju, Fortlumturi, q\u00eb n\u00eb pak koh\u00eb keni treguar ndjeshm\u00ebri dhe p\u00ebrkrahje t\u00eb thell\u00eb ndaj psalt\u00ebve dhe ndaj pun\u00ebs s\u00eb tyre t\u00eb shenjt\u00eb. Ju keni qen\u00eb nj\u00eb prej z\u00ebrave t\u00eb Sinodit ku, q\u00eb prej fillimit, keni mb\u00ebshtetur rolin e psalt\u00ebve profesionist\u00eb dhe p\u00ebrfshirjen e tyre t\u00eb denj\u00eb n\u00eb jet\u00ebn kishtare \u2014 dhe p\u00ebr k\u00ebt\u00eb, ju fal\u00ebnderojm\u00eb me gjith\u00eb zem\u00ebr.<\/p>\n<p style=\"text-align: justify;\">Sot \u00ebsht\u00eb nj\u00eb dit\u00eb e ve\u00e7ant\u00eb g\u00ebzimi: gjasht\u00eb psalt\u00eb t\u00eb rinj nga qytete t\u00eb ndryshme t\u00eb Shqip\u00ebris\u00eb i bashkohen zyrtarisht korit t\u00eb Kish\u00ebs, duke u diplomuar p\u00ebrpara t\u00ebr\u00ebsis\u00eb s\u00eb trupit kishtar. Si drejtor i Shkoll\u00ebs dhe n\u00eb em\u00ebr t\u00eb gjith\u00eb stafit pedagogjik, uroj q\u00eb rrug\u00ebtimi i tyre t\u00eb jet\u00eb i bekuar, i ndri\u00e7uar nga Hiri i Shpirtit t\u00eb Shenjt\u00eb dhe i udh\u00ebhequr gjithnj\u00eb nga forca e mesazheve hyjnore q\u00eb p\u00ebr\u00e7ojn\u00eb himnet kishtare. Nj\u00ebkoh\u00ebsisht, Ju fal\u00ebnderojm\u00eb me mir\u00ebnjohje t\u00eb thell\u00eb, Fortlumturi, si President i Shkoll\u00ebs son\u00eb, p\u00ebr p\u00ebrkujdesjen dhe p\u00ebr mb\u00ebshtetjen e vazhdueshme p\u00ebr lul\u00ebzimin e Artit Psaltik n\u00eb Shqip\u00ebri.<\/p>\n<p style=\"text-align: justify;\">Faleminderit!<\/p>\n<hr \/>\n<h4><strong><em>Foto Album:<\/em><\/strong><\/h4>\n<p>&nbsp;<\/p>\n<p><iframe style=\"border: none; overflow: hidden;\" src=\"https:\/\/www.facebook.com\/plugins\/post.php?href=https%3A%2F%2Fwww.facebook.com%2Fkoash1991%2Fposts%2Fpfbid0kw7G271HAMkG9yviHt8coEALocQBXcsnEKNnwGS4cGSGzH5oQsPxxGzh7uaaMKvHl&amp;show_text=true&amp;width=500\" width=\"500\" height=\"675\" frameborder=\"0\" scrolling=\"no\" allowfullscreen=\"allowfullscreen\"><\/iframe><\/p>\n<p>&nbsp;<\/p>\n<hr \/>\n<p>&nbsp;<\/p>\n<h4><strong>Ceremonia e diplomimit t\u00eb student\u00ebve t\u00eb Shkoll\u00ebs s\u00eb Muzik\u00ebs Bizantine p\u00ebr vitet e studimit 2021-2023, 2022-2024 n\u00eb Katedralen &#8220;Ngjallja e Krishtit&#8221; Tiran\u00eb (Video)<\/strong><\/h4>\n<p>&nbsp;<\/p>\n<p><iframe style=\"border: none; overflow: hidden;\" src=\"https:\/\/www.facebook.com\/plugins\/post.php?href=https%3A%2F%2Fwww.facebook.com%2Fkoash1991%2Fposts%2Fpfbid0341RaPSQLM8SZSBMVJLUV9nrFxRPvR5sTGz98UYTWextLdywNaC5kF5bENGPVc3SPl&amp;show_text=true&amp;width=500\" width=\"500\" height=\"411\" frameborder=\"0\" scrolling=\"no\" allowfullscreen=\"allowfullscreen\"><\/iframe><\/p>\n<p>&nbsp;<\/p>\n<p>&nbsp;<\/p>\n<p>&nbsp;<\/p>\n<p>&nbsp;<\/p>\n","protected":false},"excerpt":{"rendered":"<p>Ceremonia e diplomimit t\u00eb dy brezave (2021\u20132023) dhe (2022\u20132024) t\u00eb Shkoll\u00ebs s\u00eb Muzik\u00ebs Bizantine, mbajtur n\u00eb Katedralen \u201cNgjallja e Krishtit\u201d n\u00eb Tiran\u00eb, 18 Maj 2025 &nbsp; Ceremonia u zhvillua n\u00ebn bekimin e Fortlumturis\u00eb s\u00eb Tij, Kryepiskopit Joan, dhe drejtimin profesional t\u00eb drejtorit t\u00eb shkoll\u00ebs, z. Theodhor Peci. Ky \u00ebsht\u00eb nj\u00eb moment i ve\u00e7ant\u00eb p\u00ebr t\u00eb nderuar p\u00ebrkushtimin, p\u00ebrpjekjen dhe p\u00ebrgatitjen shpirt\u00ebrore e muzikore t\u00eb 6<\/p>\n","protected":false},"author":7,"featured_media":67763,"comment_status":"closed","ping_status":"closed","sticky":false,"template":"","format":"standard","meta":{"_acf_changed":false,"pagelayer_contact_templates":[],"_pagelayer_content":"","inline_featured_image":false,"fifu_image_url":"","fifu_image_alt":"","footnotes":""},"categories":[108,1935],"tags":[3807,3561,3803,212,3805],"class_list":["post-67762","post","type-post","status-publish","format-standard","has-post-thumbnail","hentry","category-lajme","category-news-sq","tag-18-maj-2025","tag-3561","tag-ceremonia-e-diplomimit-te-dy-brezave-2021-2023-dhe-2022-2024-te-shkolles-se-muzikes-bizantine","tag-lajme-d27","tag-mbajtur-ne-katedralen-ngjallja-e-krishtit-ne-tirane"],"acf":[],"yoast_head":"<!-- This site is optimized with the Yoast SEO plugin v27.2 - https:\/\/yoast.com\/product\/yoast-seo-wordpress\/ -->\n<title>Ceremonia e diplomimit t\u00eb dy brezave (2021\u20132023) dhe (2022\u20132024) t\u00eb Shkoll\u00ebs s\u00eb Muzik\u00ebs Bizantine, mbajtur n\u00eb Katedralen \u201cNgjallja e Krishtit\u201d n\u00eb Tiran\u00eb, 18 Maj 2025 - Kisha Orthodh\u03bfkse Autoqefale e Shqip\u00ebris\u00eb<\/title>\n<meta name=\"robots\" content=\"index, follow, max-snippet:-1, max-image-preview:large, max-video-preview:-1\" \/>\n<link rel=\"canonical\" href=\"https:\/\/orthodoxalbania.org\/2020\/2025\/05\/18\/ceremonia-e-diplomimit-te-dy-brezave-2021-2023-dhe-2022-2024-te-shkolles-se-muzikes-bizantine-mbajtur-ne-katedralen-ngjallja-e-krishtit-ne-tirane-18-maj-2025\/\" \/>\n<meta property=\"og:locale\" content=\"en_US\" \/>\n<meta property=\"og:type\" content=\"article\" \/>\n<meta property=\"og:title\" content=\"Ceremonia e diplomimit t\u00eb dy brezave (2021\u20132023) dhe (2022\u20132024) t\u00eb Shkoll\u00ebs s\u00eb Muzik\u00ebs Bizantine, mbajtur n\u00eb Katedralen \u201cNgjallja e Krishtit\u201d n\u00eb Tiran\u00eb, 18 Maj 2025 - Kisha Orthodh\u03bfkse Autoqefale e Shqip\u00ebris\u00eb\" \/>\n<meta property=\"og:description\" content=\"Ceremonia e diplomimit t\u00eb dy brezave (2021\u20132023) dhe (2022\u20132024) t\u00eb Shkoll\u00ebs s\u00eb Muzik\u00ebs Bizantine, mbajtur n\u00eb Katedralen \u201cNgjallja e Krishtit\u201d n\u00eb Tiran\u00eb, 18 Maj 2025 &nbsp; Ceremonia u zhvillua n\u00ebn bekimin e Fortlumturis\u00eb s\u00eb Tij, Kryepiskopit Joan, dhe drejtimin profesional t\u00eb drejtorit t\u00eb shkoll\u00ebs, z. Theodhor Peci. Ky \u00ebsht\u00eb nj\u00eb moment i ve\u00e7ant\u00eb p\u00ebr t\u00eb nderuar p\u00ebrkushtimin, p\u00ebrpjekjen dhe p\u00ebrgatitjen shpirt\u00ebrore e muzikore t\u00eb 6\" \/>\n<meta property=\"og:url\" content=\"https:\/\/orthodoxalbania.org\/2020\/2025\/05\/18\/ceremonia-e-diplomimit-te-dy-brezave-2021-2023-dhe-2022-2024-te-shkolles-se-muzikes-bizantine-mbajtur-ne-katedralen-ngjallja-e-krishtit-ne-tirane-18-maj-2025\/\" \/>\n<meta property=\"og:site_name\" content=\"Kisha Orthodh\u03bfkse Autoqefale e Shqip\u00ebris\u00eb\" \/>\n<meta property=\"article:publisher\" content=\"https:\/\/www.facebook.com\/koash1991\" \/>\n<meta property=\"article:published_time\" content=\"2025-05-18T19:26:49+00:00\" \/>\n<meta property=\"og:image\" content=\"https:\/\/orthodoxalbania.org\/2020\/wp-content\/uploads\/2025\/05\/498637412_1197371339067465_3269789840257632153_n.jpg\" \/>\n\t<meta property=\"og:image:width\" content=\"2048\" \/>\n\t<meta property=\"og:image:height\" content=\"1365\" \/>\n\t<meta property=\"og:image:type\" content=\"image\/jpeg\" \/>\n<meta name=\"author\" content=\"Kisha Orthodhokse\" \/>\n<meta name=\"twitter:card\" content=\"summary_large_image\" \/>\n<meta name=\"twitter:label1\" content=\"Written by\" \/>\n\t<meta name=\"twitter:data1\" content=\"Kisha Orthodhokse\" \/>\n\t<meta name=\"twitter:label2\" content=\"Est. reading time\" \/>\n\t<meta name=\"twitter:data2\" content=\"5 minutes\" \/>\n<script type=\"application\/ld+json\" class=\"yoast-schema-graph\">{\"@context\":\"https:\/\/schema.org\",\"@graph\":[{\"@type\":\"Article\",\"@id\":\"https:\/\/orthodoxalbania.org\/2020\/2025\/05\/18\/ceremonia-e-diplomimit-te-dy-brezave-2021-2023-dhe-2022-2024-te-shkolles-se-muzikes-bizantine-mbajtur-ne-katedralen-ngjallja-e-krishtit-ne-tirane-18-maj-2025\/#article\",\"isPartOf\":{\"@id\":\"https:\/\/orthodoxalbania.org\/2020\/2025\/05\/18\/ceremonia-e-diplomimit-te-dy-brezave-2021-2023-dhe-2022-2024-te-shkolles-se-muzikes-bizantine-mbajtur-ne-katedralen-ngjallja-e-krishtit-ne-tirane-18-maj-2025\/\"},\"author\":{\"name\":\"Kisha Orthodhokse\",\"@id\":\"https:\/\/orthodoxalbania.org\/2020\/#\/schema\/person\/df745f942b70e045b3dc05a30211f0de\"},\"headline\":\"Ceremonia e diplomimit t\u00eb dy brezave (2021\u20132023) dhe (2022\u20132024) t\u00eb Shkoll\u00ebs s\u00eb Muzik\u00ebs Bizantine, mbajtur n\u00eb Katedralen \u201cNgjallja e Krishtit\u201d n\u00eb Tiran\u00eb, 18 Maj 2025\",\"datePublished\":\"2025-05-18T19:26:49+00:00\",\"mainEntityOfPage\":{\"@id\":\"https:\/\/orthodoxalbania.org\/2020\/2025\/05\/18\/ceremonia-e-diplomimit-te-dy-brezave-2021-2023-dhe-2022-2024-te-shkolles-se-muzikes-bizantine-mbajtur-ne-katedralen-ngjallja-e-krishtit-ne-tirane-18-maj-2025\/\"},\"wordCount\":1116,\"publisher\":{\"@id\":\"https:\/\/orthodoxalbania.org\/2020\/#organization\"},\"image\":{\"@id\":\"https:\/\/orthodoxalbania.org\/2020\/2025\/05\/18\/ceremonia-e-diplomimit-te-dy-brezave-2021-2023-dhe-2022-2024-te-shkolles-se-muzikes-bizantine-mbajtur-ne-katedralen-ngjallja-e-krishtit-ne-tirane-18-maj-2025\/#primaryimage\"},\"thumbnailUrl\":\"https:\/\/orthodoxalbania.org\/2020\/wp-content\/uploads\/2025\/05\/498637412_1197371339067465_3269789840257632153_n.jpg\",\"keywords\":[\"18 Maj 2025\",\"2025\",\"Ceremonia e diplomimit t\u00eb dy brezave (2021\u20132023) dhe (2022\u20132024) t\u00eb Shkoll\u00ebs s\u00eb Muzik\u00ebs Bizantine\",\"lajme\",\"mbajtur n\u00eb Katedralen \u201cNgjallja e Krishtit\u201d n\u00eb Tiran\u00eb\"],\"articleSection\":[\"Lajme\",\"Lajme AL\"],\"inLanguage\":\"en-US\"},{\"@type\":\"WebPage\",\"@id\":\"https:\/\/orthodoxalbania.org\/2020\/2025\/05\/18\/ceremonia-e-diplomimit-te-dy-brezave-2021-2023-dhe-2022-2024-te-shkolles-se-muzikes-bizantine-mbajtur-ne-katedralen-ngjallja-e-krishtit-ne-tirane-18-maj-2025\/\",\"url\":\"https:\/\/orthodoxalbania.org\/2020\/2025\/05\/18\/ceremonia-e-diplomimit-te-dy-brezave-2021-2023-dhe-2022-2024-te-shkolles-se-muzikes-bizantine-mbajtur-ne-katedralen-ngjallja-e-krishtit-ne-tirane-18-maj-2025\/\",\"name\":\"Ceremonia e diplomimit t\u00eb dy brezave (2021\u20132023) dhe (2022\u20132024) t\u00eb Shkoll\u00ebs s\u00eb Muzik\u00ebs Bizantine, mbajtur n\u00eb Katedralen \u201cNgjallja e Krishtit\u201d n\u00eb Tiran\u00eb, 18 Maj 2025 - Kisha Orthodh\u03bfkse Autoqefale e Shqip\u00ebris\u00eb\",\"isPartOf\":{\"@id\":\"https:\/\/orthodoxalbania.org\/2020\/#website\"},\"primaryImageOfPage\":{\"@id\":\"https:\/\/orthodoxalbania.org\/2020\/2025\/05\/18\/ceremonia-e-diplomimit-te-dy-brezave-2021-2023-dhe-2022-2024-te-shkolles-se-muzikes-bizantine-mbajtur-ne-katedralen-ngjallja-e-krishtit-ne-tirane-18-maj-2025\/#primaryimage\"},\"image\":{\"@id\":\"https:\/\/orthodoxalbania.org\/2020\/2025\/05\/18\/ceremonia-e-diplomimit-te-dy-brezave-2021-2023-dhe-2022-2024-te-shkolles-se-muzikes-bizantine-mbajtur-ne-katedralen-ngjallja-e-krishtit-ne-tirane-18-maj-2025\/#primaryimage\"},\"thumbnailUrl\":\"https:\/\/orthodoxalbania.org\/2020\/wp-content\/uploads\/2025\/05\/498637412_1197371339067465_3269789840257632153_n.jpg\",\"datePublished\":\"2025-05-18T19:26:49+00:00\",\"breadcrumb\":{\"@id\":\"https:\/\/orthodoxalbania.org\/2020\/2025\/05\/18\/ceremonia-e-diplomimit-te-dy-brezave-2021-2023-dhe-2022-2024-te-shkolles-se-muzikes-bizantine-mbajtur-ne-katedralen-ngjallja-e-krishtit-ne-tirane-18-maj-2025\/#breadcrumb\"},\"inLanguage\":\"en-US\",\"potentialAction\":[{\"@type\":\"ReadAction\",\"target\":[\"https:\/\/orthodoxalbania.org\/2020\/2025\/05\/18\/ceremonia-e-diplomimit-te-dy-brezave-2021-2023-dhe-2022-2024-te-shkolles-se-muzikes-bizantine-mbajtur-ne-katedralen-ngjallja-e-krishtit-ne-tirane-18-maj-2025\/\"]}]},{\"@type\":\"ImageObject\",\"inLanguage\":\"en-US\",\"@id\":\"https:\/\/orthodoxalbania.org\/2020\/2025\/05\/18\/ceremonia-e-diplomimit-te-dy-brezave-2021-2023-dhe-2022-2024-te-shkolles-se-muzikes-bizantine-mbajtur-ne-katedralen-ngjallja-e-krishtit-ne-tirane-18-maj-2025\/#primaryimage\",\"url\":\"https:\/\/orthodoxalbania.org\/2020\/wp-content\/uploads\/2025\/05\/498637412_1197371339067465_3269789840257632153_n.jpg\",\"contentUrl\":\"https:\/\/orthodoxalbania.org\/2020\/wp-content\/uploads\/2025\/05\/498637412_1197371339067465_3269789840257632153_n.jpg\",\"width\":2048,\"height\":1365},{\"@type\":\"BreadcrumbList\",\"@id\":\"https:\/\/orthodoxalbania.org\/2020\/2025\/05\/18\/ceremonia-e-diplomimit-te-dy-brezave-2021-2023-dhe-2022-2024-te-shkolles-se-muzikes-bizantine-mbajtur-ne-katedralen-ngjallja-e-krishtit-ne-tirane-18-maj-2025\/#breadcrumb\",\"itemListElement\":[{\"@type\":\"ListItem\",\"position\":1,\"name\":\"Home\",\"item\":\"https:\/\/orthodoxalbania.org\/2020\/\"},{\"@type\":\"ListItem\",\"position\":2,\"name\":\"Ceremonia e diplomimit t\u00eb dy brezave (2021\u20132023) dhe (2022\u20132024) t\u00eb Shkoll\u00ebs s\u00eb Muzik\u00ebs Bizantine, mbajtur n\u00eb Katedralen \u201cNgjallja e Krishtit\u201d n\u00eb Tiran\u00eb, 18 Maj 2025\"}]},{\"@type\":\"WebSite\",\"@id\":\"https:\/\/orthodoxalbania.org\/2020\/#website\",\"url\":\"https:\/\/orthodoxalbania.org\/2020\/\",\"name\":\"Kisha Orthodh\u03bfkse Autoqefale e Shqip\u00ebris\u00eb\",\"description\":\"Fqja Zyrtare e Kish\u00ebs Orthodhokse Autoqefale e Shqip\u00ebris\u00eb me lajmet edhe informacionet zyrtare p\u00ebr struktur\u00ebn edhe veprimtarin e saj.\",\"publisher\":{\"@id\":\"https:\/\/orthodoxalbania.org\/2020\/#organization\"},\"potentialAction\":[{\"@type\":\"SearchAction\",\"target\":{\"@type\":\"EntryPoint\",\"urlTemplate\":\"https:\/\/orthodoxalbania.org\/2020\/?s={search_term_string}\"},\"query-input\":{\"@type\":\"PropertyValueSpecification\",\"valueRequired\":true,\"valueName\":\"search_term_string\"}}],\"inLanguage\":\"en-US\"},{\"@type\":\"Organization\",\"@id\":\"https:\/\/orthodoxalbania.org\/2020\/#organization\",\"name\":\"Kisha Orthodhokse Autoqefale e Shqip\u00ebris\u00eb\",\"url\":\"https:\/\/orthodoxalbania.org\/2020\/\",\"logo\":{\"@type\":\"ImageObject\",\"inLanguage\":\"en-US\",\"@id\":\"https:\/\/orthodoxalbania.org\/2020\/#\/schema\/logo\/image\/\",\"url\":\"https:\/\/orthodoxalbania.org\/2020\/wp-content\/uploads\/2020\/05\/albania.jpeg\",\"contentUrl\":\"https:\/\/orthodoxalbania.org\/2020\/wp-content\/uploads\/2020\/05\/albania.jpeg\",\"width\":540,\"height\":540,\"caption\":\"Kisha Orthodhokse Autoqefale e Shqip\u00ebris\u00eb\"},\"image\":{\"@id\":\"https:\/\/orthodoxalbania.org\/2020\/#\/schema\/logo\/image\/\"},\"sameAs\":[\"https:\/\/www.facebook.com\/koash1991\"]},{\"@type\":\"Person\",\"@id\":\"https:\/\/orthodoxalbania.org\/2020\/#\/schema\/person\/df745f942b70e045b3dc05a30211f0de\",\"name\":\"Kisha Orthodhokse\",\"image\":{\"@type\":\"ImageObject\",\"inLanguage\":\"en-US\",\"@id\":\"https:\/\/secure.gravatar.com\/avatar\/2676eb8d97178435c9f691a7871595a1da6c33542dec218bce40885573150e28?s=96&d=mm&r=g\",\"url\":\"https:\/\/secure.gravatar.com\/avatar\/2676eb8d97178435c9f691a7871595a1da6c33542dec218bce40885573150e28?s=96&d=mm&r=g\",\"contentUrl\":\"https:\/\/secure.gravatar.com\/avatar\/2676eb8d97178435c9f691a7871595a1da6c33542dec218bce40885573150e28?s=96&d=mm&r=g\",\"caption\":\"Kisha Orthodhokse\"}}]}<\/script>\n<!-- \/ Yoast SEO plugin. -->","yoast_head_json":{"title":"Ceremonia e diplomimit t\u00eb dy brezave (2021\u20132023) dhe (2022\u20132024) t\u00eb Shkoll\u00ebs s\u00eb Muzik\u00ebs Bizantine, mbajtur n\u00eb Katedralen \u201cNgjallja e Krishtit\u201d n\u00eb Tiran\u00eb, 18 Maj 2025 - Kisha Orthodh\u03bfkse Autoqefale e Shqip\u00ebris\u00eb","robots":{"index":"index","follow":"follow","max-snippet":"max-snippet:-1","max-image-preview":"max-image-preview:large","max-video-preview":"max-video-preview:-1"},"canonical":"https:\/\/orthodoxalbania.org\/2020\/2025\/05\/18\/ceremonia-e-diplomimit-te-dy-brezave-2021-2023-dhe-2022-2024-te-shkolles-se-muzikes-bizantine-mbajtur-ne-katedralen-ngjallja-e-krishtit-ne-tirane-18-maj-2025\/","og_locale":"en_US","og_type":"article","og_title":"Ceremonia e diplomimit t\u00eb dy brezave (2021\u20132023) dhe (2022\u20132024) t\u00eb Shkoll\u00ebs s\u00eb Muzik\u00ebs Bizantine, mbajtur n\u00eb Katedralen \u201cNgjallja e Krishtit\u201d n\u00eb Tiran\u00eb, 18 Maj 2025 - Kisha Orthodh\u03bfkse Autoqefale e Shqip\u00ebris\u00eb","og_description":"Ceremonia e diplomimit t\u00eb dy brezave (2021\u20132023) dhe (2022\u20132024) t\u00eb Shkoll\u00ebs s\u00eb Muzik\u00ebs Bizantine, mbajtur n\u00eb Katedralen \u201cNgjallja e Krishtit\u201d n\u00eb Tiran\u00eb, 18 Maj 2025 &nbsp; Ceremonia u zhvillua n\u00ebn bekimin e Fortlumturis\u00eb s\u00eb Tij, Kryepiskopit Joan, dhe drejtimin profesional t\u00eb drejtorit t\u00eb shkoll\u00ebs, z. Theodhor Peci. Ky \u00ebsht\u00eb nj\u00eb moment i ve\u00e7ant\u00eb p\u00ebr t\u00eb nderuar p\u00ebrkushtimin, p\u00ebrpjekjen dhe p\u00ebrgatitjen shpirt\u00ebrore e muzikore t\u00eb 6","og_url":"https:\/\/orthodoxalbania.org\/2020\/2025\/05\/18\/ceremonia-e-diplomimit-te-dy-brezave-2021-2023-dhe-2022-2024-te-shkolles-se-muzikes-bizantine-mbajtur-ne-katedralen-ngjallja-e-krishtit-ne-tirane-18-maj-2025\/","og_site_name":"Kisha Orthodh\u03bfkse Autoqefale e Shqip\u00ebris\u00eb","article_publisher":"https:\/\/www.facebook.com\/koash1991","article_published_time":"2025-05-18T19:26:49+00:00","og_image":[{"width":2048,"height":1365,"url":"https:\/\/orthodoxalbania.org\/2020\/wp-content\/uploads\/2025\/05\/498637412_1197371339067465_3269789840257632153_n.jpg","type":"image\/jpeg"}],"author":"Kisha Orthodhokse","twitter_card":"summary_large_image","twitter_misc":{"Written by":"Kisha Orthodhokse","Est. reading time":"5 minutes"},"schema":{"@context":"https:\/\/schema.org","@graph":[{"@type":"Article","@id":"https:\/\/orthodoxalbania.org\/2020\/2025\/05\/18\/ceremonia-e-diplomimit-te-dy-brezave-2021-2023-dhe-2022-2024-te-shkolles-se-muzikes-bizantine-mbajtur-ne-katedralen-ngjallja-e-krishtit-ne-tirane-18-maj-2025\/#article","isPartOf":{"@id":"https:\/\/orthodoxalbania.org\/2020\/2025\/05\/18\/ceremonia-e-diplomimit-te-dy-brezave-2021-2023-dhe-2022-2024-te-shkolles-se-muzikes-bizantine-mbajtur-ne-katedralen-ngjallja-e-krishtit-ne-tirane-18-maj-2025\/"},"author":{"name":"Kisha Orthodhokse","@id":"https:\/\/orthodoxalbania.org\/2020\/#\/schema\/person\/df745f942b70e045b3dc05a30211f0de"},"headline":"Ceremonia e diplomimit t\u00eb dy brezave (2021\u20132023) dhe (2022\u20132024) t\u00eb Shkoll\u00ebs s\u00eb Muzik\u00ebs Bizantine, mbajtur n\u00eb Katedralen \u201cNgjallja e Krishtit\u201d n\u00eb Tiran\u00eb, 18 Maj 2025","datePublished":"2025-05-18T19:26:49+00:00","mainEntityOfPage":{"@id":"https:\/\/orthodoxalbania.org\/2020\/2025\/05\/18\/ceremonia-e-diplomimit-te-dy-brezave-2021-2023-dhe-2022-2024-te-shkolles-se-muzikes-bizantine-mbajtur-ne-katedralen-ngjallja-e-krishtit-ne-tirane-18-maj-2025\/"},"wordCount":1116,"publisher":{"@id":"https:\/\/orthodoxalbania.org\/2020\/#organization"},"image":{"@id":"https:\/\/orthodoxalbania.org\/2020\/2025\/05\/18\/ceremonia-e-diplomimit-te-dy-brezave-2021-2023-dhe-2022-2024-te-shkolles-se-muzikes-bizantine-mbajtur-ne-katedralen-ngjallja-e-krishtit-ne-tirane-18-maj-2025\/#primaryimage"},"thumbnailUrl":"https:\/\/orthodoxalbania.org\/2020\/wp-content\/uploads\/2025\/05\/498637412_1197371339067465_3269789840257632153_n.jpg","keywords":["18 Maj 2025","2025","Ceremonia e diplomimit t\u00eb dy brezave (2021\u20132023) dhe (2022\u20132024) t\u00eb Shkoll\u00ebs s\u00eb Muzik\u00ebs Bizantine","lajme","mbajtur n\u00eb Katedralen \u201cNgjallja e Krishtit\u201d n\u00eb Tiran\u00eb"],"articleSection":["Lajme","Lajme AL"],"inLanguage":"en-US"},{"@type":"WebPage","@id":"https:\/\/orthodoxalbania.org\/2020\/2025\/05\/18\/ceremonia-e-diplomimit-te-dy-brezave-2021-2023-dhe-2022-2024-te-shkolles-se-muzikes-bizantine-mbajtur-ne-katedralen-ngjallja-e-krishtit-ne-tirane-18-maj-2025\/","url":"https:\/\/orthodoxalbania.org\/2020\/2025\/05\/18\/ceremonia-e-diplomimit-te-dy-brezave-2021-2023-dhe-2022-2024-te-shkolles-se-muzikes-bizantine-mbajtur-ne-katedralen-ngjallja-e-krishtit-ne-tirane-18-maj-2025\/","name":"Ceremonia e diplomimit t\u00eb dy brezave (2021\u20132023) dhe (2022\u20132024) t\u00eb Shkoll\u00ebs s\u00eb Muzik\u00ebs Bizantine, mbajtur n\u00eb Katedralen \u201cNgjallja e Krishtit\u201d n\u00eb Tiran\u00eb, 18 Maj 2025 - Kisha Orthodh\u03bfkse Autoqefale e Shqip\u00ebris\u00eb","isPartOf":{"@id":"https:\/\/orthodoxalbania.org\/2020\/#website"},"primaryImageOfPage":{"@id":"https:\/\/orthodoxalbania.org\/2020\/2025\/05\/18\/ceremonia-e-diplomimit-te-dy-brezave-2021-2023-dhe-2022-2024-te-shkolles-se-muzikes-bizantine-mbajtur-ne-katedralen-ngjallja-e-krishtit-ne-tirane-18-maj-2025\/#primaryimage"},"image":{"@id":"https:\/\/orthodoxalbania.org\/2020\/2025\/05\/18\/ceremonia-e-diplomimit-te-dy-brezave-2021-2023-dhe-2022-2024-te-shkolles-se-muzikes-bizantine-mbajtur-ne-katedralen-ngjallja-e-krishtit-ne-tirane-18-maj-2025\/#primaryimage"},"thumbnailUrl":"https:\/\/orthodoxalbania.org\/2020\/wp-content\/uploads\/2025\/05\/498637412_1197371339067465_3269789840257632153_n.jpg","datePublished":"2025-05-18T19:26:49+00:00","breadcrumb":{"@id":"https:\/\/orthodoxalbania.org\/2020\/2025\/05\/18\/ceremonia-e-diplomimit-te-dy-brezave-2021-2023-dhe-2022-2024-te-shkolles-se-muzikes-bizantine-mbajtur-ne-katedralen-ngjallja-e-krishtit-ne-tirane-18-maj-2025\/#breadcrumb"},"inLanguage":"en-US","potentialAction":[{"@type":"ReadAction","target":["https:\/\/orthodoxalbania.org\/2020\/2025\/05\/18\/ceremonia-e-diplomimit-te-dy-brezave-2021-2023-dhe-2022-2024-te-shkolles-se-muzikes-bizantine-mbajtur-ne-katedralen-ngjallja-e-krishtit-ne-tirane-18-maj-2025\/"]}]},{"@type":"ImageObject","inLanguage":"en-US","@id":"https:\/\/orthodoxalbania.org\/2020\/2025\/05\/18\/ceremonia-e-diplomimit-te-dy-brezave-2021-2023-dhe-2022-2024-te-shkolles-se-muzikes-bizantine-mbajtur-ne-katedralen-ngjallja-e-krishtit-ne-tirane-18-maj-2025\/#primaryimage","url":"https:\/\/orthodoxalbania.org\/2020\/wp-content\/uploads\/2025\/05\/498637412_1197371339067465_3269789840257632153_n.jpg","contentUrl":"https:\/\/orthodoxalbania.org\/2020\/wp-content\/uploads\/2025\/05\/498637412_1197371339067465_3269789840257632153_n.jpg","width":2048,"height":1365},{"@type":"BreadcrumbList","@id":"https:\/\/orthodoxalbania.org\/2020\/2025\/05\/18\/ceremonia-e-diplomimit-te-dy-brezave-2021-2023-dhe-2022-2024-te-shkolles-se-muzikes-bizantine-mbajtur-ne-katedralen-ngjallja-e-krishtit-ne-tirane-18-maj-2025\/#breadcrumb","itemListElement":[{"@type":"ListItem","position":1,"name":"Home","item":"https:\/\/orthodoxalbania.org\/2020\/"},{"@type":"ListItem","position":2,"name":"Ceremonia e diplomimit t\u00eb dy brezave (2021\u20132023) dhe (2022\u20132024) t\u00eb Shkoll\u00ebs s\u00eb Muzik\u00ebs Bizantine, mbajtur n\u00eb Katedralen \u201cNgjallja e Krishtit\u201d n\u00eb Tiran\u00eb, 18 Maj 2025"}]},{"@type":"WebSite","@id":"https:\/\/orthodoxalbania.org\/2020\/#website","url":"https:\/\/orthodoxalbania.org\/2020\/","name":"Kisha Orthodh\u03bfkse Autoqefale e Shqip\u00ebris\u00eb","description":"Fqja Zyrtare e Kish\u00ebs Orthodhokse Autoqefale e Shqip\u00ebris\u00eb me lajmet edhe informacionet zyrtare p\u00ebr struktur\u00ebn edhe veprimtarin e saj.","publisher":{"@id":"https:\/\/orthodoxalbania.org\/2020\/#organization"},"potentialAction":[{"@type":"SearchAction","target":{"@type":"EntryPoint","urlTemplate":"https:\/\/orthodoxalbania.org\/2020\/?s={search_term_string}"},"query-input":{"@type":"PropertyValueSpecification","valueRequired":true,"valueName":"search_term_string"}}],"inLanguage":"en-US"},{"@type":"Organization","@id":"https:\/\/orthodoxalbania.org\/2020\/#organization","name":"Kisha Orthodhokse Autoqefale e Shqip\u00ebris\u00eb","url":"https:\/\/orthodoxalbania.org\/2020\/","logo":{"@type":"ImageObject","inLanguage":"en-US","@id":"https:\/\/orthodoxalbania.org\/2020\/#\/schema\/logo\/image\/","url":"https:\/\/orthodoxalbania.org\/2020\/wp-content\/uploads\/2020\/05\/albania.jpeg","contentUrl":"https:\/\/orthodoxalbania.org\/2020\/wp-content\/uploads\/2020\/05\/albania.jpeg","width":540,"height":540,"caption":"Kisha Orthodhokse Autoqefale e Shqip\u00ebris\u00eb"},"image":{"@id":"https:\/\/orthodoxalbania.org\/2020\/#\/schema\/logo\/image\/"},"sameAs":["https:\/\/www.facebook.com\/koash1991"]},{"@type":"Person","@id":"https:\/\/orthodoxalbania.org\/2020\/#\/schema\/person\/df745f942b70e045b3dc05a30211f0de","name":"Kisha Orthodhokse","image":{"@type":"ImageObject","inLanguage":"en-US","@id":"https:\/\/secure.gravatar.com\/avatar\/2676eb8d97178435c9f691a7871595a1da6c33542dec218bce40885573150e28?s=96&d=mm&r=g","url":"https:\/\/secure.gravatar.com\/avatar\/2676eb8d97178435c9f691a7871595a1da6c33542dec218bce40885573150e28?s=96&d=mm&r=g","contentUrl":"https:\/\/secure.gravatar.com\/avatar\/2676eb8d97178435c9f691a7871595a1da6c33542dec218bce40885573150e28?s=96&d=mm&r=g","caption":"Kisha Orthodhokse"}}]}},"_links":{"self":[{"href":"https:\/\/orthodoxalbania.org\/2020\/wp-json\/wp\/v2\/posts\/67762","targetHints":{"allow":["GET"]}}],"collection":[{"href":"https:\/\/orthodoxalbania.org\/2020\/wp-json\/wp\/v2\/posts"}],"about":[{"href":"https:\/\/orthodoxalbania.org\/2020\/wp-json\/wp\/v2\/types\/post"}],"author":[{"embeddable":true,"href":"https:\/\/orthodoxalbania.org\/2020\/wp-json\/wp\/v2\/users\/7"}],"replies":[{"embeddable":true,"href":"https:\/\/orthodoxalbania.org\/2020\/wp-json\/wp\/v2\/comments?post=67762"}],"version-history":[{"count":1,"href":"https:\/\/orthodoxalbania.org\/2020\/wp-json\/wp\/v2\/posts\/67762\/revisions"}],"predecessor-version":[{"id":67764,"href":"https:\/\/orthodoxalbania.org\/2020\/wp-json\/wp\/v2\/posts\/67762\/revisions\/67764"}],"wp:featuredmedia":[{"embeddable":true,"href":"https:\/\/orthodoxalbania.org\/2020\/wp-json\/wp\/v2\/media\/67763"}],"wp:attachment":[{"href":"https:\/\/orthodoxalbania.org\/2020\/wp-json\/wp\/v2\/media?parent=67762"}],"wp:term":[{"taxonomy":"category","embeddable":true,"href":"https:\/\/orthodoxalbania.org\/2020\/wp-json\/wp\/v2\/categories?post=67762"},{"taxonomy":"post_tag","embeddable":true,"href":"https:\/\/orthodoxalbania.org\/2020\/wp-json\/wp\/v2\/tags?post=67762"}],"curies":[{"name":"wp","href":"https:\/\/api.w.org\/{rel}","templated":true}]}}