{"id":677,"date":"2008-02-26T00:00:00","date_gmt":"2008-02-26T00:00:00","guid":{"rendered":""},"modified":"2020-04-06T22:35:33","modified_gmt":"2020-04-06T20:35:33","slug":"kampet-verore-ditore-ne-27-enori-te-kishes-sone-2008","status":"publish","type":"post","link":"https:\/\/orthodoxalbania.org\/2020\/2008\/02\/26\/kampet-verore-ditore-ne-27-enori-te-kishes-sone-2008\/","title":{"rendered":"Kampet verore ditore n\u00eb 27 enori t\u00eb Kish\u00ebs son\u00eb. (2008)"},"content":{"rendered":"<div style=\"text-align: justify;\"><span style=\"color: #000000;\"><span style=\"font-family: tahoma,geneva,sans-serif;\"><span style=\"font-size: 12px;\"><img decoding=\"async\" class=\"lazyload HAa Eha\" style=\"border-width: 1px; border-style: solid; margin: 10px; float: left;\" alt=\"\" src=\"data:image\/svg+xml,%3Csvg%20xmlns%3D%27http%3A%2F%2Fwww.w3.org%2F2000%2Fsvg%27%20width%3D%27163%27%20height%3D%27122%27%20viewBox%3D%270%200%20163%20122%27%3E%3Crect%20width%3D%27163%27%20height%3D%27122%27%20fill-opacity%3D%220%22%2F%3E%3C%2Fsvg%3E\" data-orig-src=\"https:\/\/lh3.googleusercontent.com\/-91BCB6pldLM\/VJFzILBY9GI\/AAAAAAAAIK0\/rKLsQrgO7xc\/w448-h336-no\/1.jpg\" height=\"122\" width=\"163\" \/><img decoding=\"async\" class=\"lazyload HAa Eha\" style=\"border-width: 1px; border-style: solid; margin: 10px; float: right;\" alt=\"\" src=\"data:image\/svg+xml,%3Csvg%20xmlns%3D%27http%3A%2F%2Fwww.w3.org%2F2000%2Fsvg%27%20width%3D%27172%27%20height%3D%27128%27%20viewBox%3D%270%200%20172%20128%27%3E%3Crect%20width%3D%27172%27%20height%3D%27128%27%20fill-opacity%3D%220%22%2F%3E%3C%2Fsvg%3E\" data-orig-src=\"https:\/\/lh4.googleusercontent.com\/-IFC-k8lcgrU\/VJFzIHuTMhI\/AAAAAAAAILI\/Bn-3ONGcYZU\/w448-h336-no\/2.JPG\" height=\"128\" width=\"172\" \/>&nbsp;&nbsp;&nbsp; Kampi veror ditor p\u00ebr f\u00ebmij\u00ebt 6 \u2013 12 vje\u00e7, \u00ebsht\u00eb nj\u00eb nd\u00ebr aktivitetet q\u00eb f\u00ebmij\u00ebt e zonave t\u00eb ndryshme t\u00eb Shqip\u00ebris\u00eb e presin me padurim. Edhe k\u00ebt\u00eb ver\u00eb t\u00eb 2008-\u00ebs, Zyra Qendrore e F\u00ebmij\u00ebve e Kish\u00ebs Orthodhokse Autoqefale t\u00eb Shqip\u00ebris\u00eb, organizoi n\u00eb 27 vende, kampe verore, ditore, nj\u00eb javore p\u00ebr f\u00ebmij\u00eb. Zyra Qendrore e F\u00ebmij\u00ebve b\u00ebri t\u00eb mundur realizimin e k\u00ebtyre kampeve n\u00eb bashk\u00ebpunim me prift\u00ebrinjt\u00eb e Dioqezave t\u00eb ndryshme, katekist\u00ebt q\u00eb punojn\u00eb pran\u00eb Kishave t\u00eb ndryshme Ortodokse dhe me t\u00eb rinjt\u00eb e zonave t\u00eb ndryshme, t\u00eb cil\u00ebt ofruan ndihm\u00ebn e tyre vullnetarisht p\u00ebrgjat\u00eb zhvillimit t\u00eb k\u00ebtyre kampeve.<\/p>\n<p> &nbsp;&nbsp;&nbsp; Vendet ku k\u00ebto kampe u zhvilluan ishin: Tirana (Bathore (2), Thavor, Kinostudio, Katedralja e Tiran\u00ebs, Qyteti Studenti), Berati, Lushnja, Poro, Bubullim\u00eb, Verri, Sheqishte, Frakull, Sh\u00ebn Pjet\u00ebr, Elbasani (2), Gjinar, Kryezjarr, Kuqan, Fikas, C\u00ebrrik, Shelcan, Sh\u00ebn Joan Vladimir, Librazhd, Gramsh, Sht\u00ebrmen, Durr\u00ebsi. Numri i f\u00ebmij\u00ebve pjes\u00ebmarr\u00ebs ishte&nbsp; af\u00ebrisht 1550.<\/span><\/span><\/span><br \/> &nbsp;<\/div>\n<div style=\"text-align: justify;\"><span style=\"color: #000000;\"><span style=\"font-family: tahoma,geneva,sans-serif;\"><span style=\"font-size: 12px;\"><img decoding=\"async\" class=\"lazyload HAa Eha\" style=\"border-width: 1px; border-style: solid; margin: 10px; float: left;\" alt=\"\" src=\"data:image\/svg+xml,%3Csvg%20xmlns%3D%27http%3A%2F%2Fwww.w3.org%2F2000%2Fsvg%27%20width%3D%27167%27%20height%3D%27125%27%20viewBox%3D%270%200%20167%20125%27%3E%3Crect%20width%3D%27167%27%20height%3D%27125%27%20fill-opacity%3D%220%22%2F%3E%3C%2Fsvg%3E\" data-orig-src=\"https:\/\/lh6.googleusercontent.com\/-D6YAS66EAcQ\/VJFzII9zT2I\/AAAAAAAAILE\/-Ro7LKlvK_c\/w448-h336-no\/3.jpg\" height=\"125\" width=\"167\" \/><img decoding=\"async\" class=\"lazyload HAa Eha\" style=\"border-width: 1px; border-style: solid; margin: 10px; float: right;\" alt=\"\" src=\"data:image\/svg+xml,%3Csvg%20xmlns%3D%27http%3A%2F%2Fwww.w3.org%2F2000%2Fsvg%27%20width%3D%27188%27%20height%3D%27142%27%20viewBox%3D%270%200%20188%20142%27%3E%3Crect%20width%3D%27188%27%20height%3D%27142%27%20fill-opacity%3D%220%22%2F%3E%3C%2Fsvg%3E\" data-orig-src=\"https:\/\/lh5.googleusercontent.com\/-IfnBtn3vZCk\/VJFzIiBcq3I\/AAAAAAAAIK4\/CO0flfKwOyE\/w448-h336-no\/4.jpg\" height=\"142\" width=\"188\" \/>&nbsp;&nbsp;&nbsp; Tema e kampeve p\u00ebr f\u00ebmij\u00eb ishte: \u201cDuaj Per\u00ebndin\u00eb me gjith\u00eb zemr\u00ebn t\u00ebnde dhe t\u00eb af\u00ebrmin si veten t\u00ebnde\u201d. Programi i k\u00ebtyre kampeve konsistonte n\u00eb diskutime n\u00eb grupe t\u00eb vogla, t\u00eb cil\u00ebt mbanin emrat e fryteve t\u00eb Shpirtit t\u00eb Shenjt\u00eb si dashuria, respekti, liria, paqja, vet\u00ebkontrolli, ai p\u00ebrmbante edhe k\u00ebng\u00eb, loj\u00ebra t\u00eb ndryshme n\u00eb grupe t\u00eb vogla dhe t\u00eb m\u00ebdha, pun\u00eb dore etj.<br \/> &nbsp;&nbsp; &nbsp;<\/span><\/span><\/span><\/div>\n<div style=\"text-align: justify;\"><span style=\"color: #000000;\"><span style=\"font-family: tahoma,geneva,sans-serif;\"><span style=\"font-size: 12px;\">&nbsp;&nbsp;&nbsp; Diskutimet n\u00eb grupet e vogla ishin t\u00eb bazuara n\u00eb librin e p\u00ebrgatitur enkas p\u00ebr k\u00ebto kampe t\u00eb titulluar \u201cZgjedhjet e duhura\u201d. Ky lib\u00ebr trajtohej nga m\u00ebsuesit e grupeve n\u00eb at\u00eb m\u00ebnyr\u00eb q\u00eb f\u00ebmij\u00ebt t\u00eb m\u00ebsonin se \u00e7far\u00eb \u00ebsht\u00eb e drejt\u00eb dhe e gabuar. Kush jan\u00eb mir\u00ebsit\u00eb e nj\u00eb zgjedhjeje t\u00eb drejt\u00eb dhe kush jan\u00eb pasojat e nj\u00eb zgjedhjeje t\u00eb gabuar. Diskutimi n\u00eb grup ishte i mbushur me pjes\u00eb t\u00eb shk\u00ebputura nga Bibla t\u00eb cilat u tregonin edhe me shum\u00eb f\u00ebmij\u00ebve se Per\u00ebndia i ka krijuar ata me shum\u00eb dashuri, dhe p\u00ebr t\u00eb par\u00eb vlefshm\u00ebrin\u00eb e nj\u00eb jete q\u00eb ka si qend\u00ebr Zotin dhe m\u00ebsimet e Tij. M\u00ebsuesit ishin t\u00eb p\u00ebrgatitur p\u00ebr ta ilustruar diskutimin para f\u00ebmij\u00ebve jo vet\u00ebm nga ana verbale, por edhe nga ajo vizuale. Programi p\u00ebrmbante biseda n\u00eb grupe, k\u00ebng\u00eb, pun\u00ebdore, etj.<\/p>\n<p> <img decoding=\"async\" class=\"lazyload HAa Eha\" style=\"border-width: 1px; border-style: solid; margin: 10px; float: left;\" alt=\"\" src=\"data:image\/svg+xml,%3Csvg%20xmlns%3D%27http%3A%2F%2Fwww.w3.org%2F2000%2Fsvg%27%20width%3D%27188%27%20height%3D%27125%27%20viewBox%3D%270%200%20188%20125%27%3E%3Crect%20width%3D%27188%27%20height%3D%27125%27%20fill-opacity%3D%220%22%2F%3E%3C%2Fsvg%3E\" data-orig-src=\"https:\/\/lh4.googleusercontent.com\/-1nvbsaHsMTE\/VJFzIzdBofI\/AAAAAAAAILM\/OONFCjcgvWA\/w448-h298-no\/5.JPG\" height=\"125\" width=\"188\" \/><img decoding=\"async\" class=\"lazyload HAa Eha\" style=\"border-width: 1px; border-style: solid; margin: 10px; float: right;\" alt=\"\" src=\"data:image\/svg+xml,%3Csvg%20xmlns%3D%27http%3A%2F%2Fwww.w3.org%2F2000%2Fsvg%27%20width%3D%27207%27%20height%3D%27138%27%20viewBox%3D%270%200%20207%20138%27%3E%3Crect%20width%3D%27207%27%20height%3D%27138%27%20fill-opacity%3D%220%22%2F%3E%3C%2Fsvg%3E\" data-orig-src=\"https:\/\/lh6.googleusercontent.com\/-trE2SSISdyA\/VJFzIzdrUuI\/AAAAAAAAIK8\/xpf4NOqQQF0\/w448-h298-no\/6.JPG\" height=\"138\" width=\"207\" \/>&nbsp;&nbsp;&nbsp; Por duke ditur bot\u00ebn e f\u00ebmij\u00ebve, m\u00ebsuesit ishin t\u00eb p\u00ebrgatitur me nj\u00eb s\u00ebr\u00eb k\u00ebng\u00ebsh me l\u00ebvizje, loj\u00ebra nga m\u00eb t\u00eb ndryshmet, poezi etj. Puna e dor\u00ebs p\u00ebr k\u00ebt\u00eb vit ishte formimi i nj\u00eb buburreci ku n\u00eb \u00e7do krah\u00ebz t\u00eb tij do t\u00eb shkruheshin nga f\u00ebmij\u00ebt gj\u00ebrat m\u00eb interesante q\u00eb ata m\u00ebsonin \u00e7do dit\u00eb n\u00eb kamp. N\u00ebse do t\u00eb vije re se \u00e7far\u00eb ata shkruanin apo vizatonin n\u00eb \u00e7do krah\u00ebz t\u00eb buburrecit, do t\u00eb kuptoje se interesi i tyre fillonte q\u00eb nga himni i kampit q\u00eb lidhej me tem\u00ebn, shkruanin gj\u00ebrat m\u00eb kryesore q\u00eb m\u00ebsuesja u thoshte n\u00eb diskutimet n\u00eb grupe t\u00eb vogla, k\u00ebng\u00ebt q\u00eb ata p\u00eblqenin m\u00eb shum\u00eb dhe mendimet e tyre personale se si ata po e kalonin koh\u00ebn n\u00eb kamp. Nj\u00eb nd\u00ebr f\u00ebmij\u00ebt tha: \u201cK\u00ebt\u00eb buburrec do ta shfletoj shpesh, deri kur t\u00eb vij kampi i vitit tjet\u00ebr, se jam k\u00ebnaqur shum\u00eb k\u00ebtu\u201d.<br \/> &nbsp;&nbsp; &nbsp;<br \/> &nbsp;&nbsp;&nbsp; Programi i kampit ishte hartuar n\u00eb at\u00eb m\u00ebnyr\u00eb q\u00eb f\u00ebmij\u00ebt edhe do t\u00eb edukoheshin me vlerat e krishtera, por edhe do t\u00eb arg\u00ebtoheshin p\u00ebrgjat\u00eb k\u00ebtyre kampeve.<\/span><\/span><\/span><\/div>\n<div style=\"text-align: justify;\"> <span style=\"color: #000000;\"><span style=\"font-family: tahoma,geneva,sans-serif;\"><span style=\"font-size: 12px;\">&nbsp;&nbsp;&nbsp; K\u00ebto kampe zhvillojn\u00eb te f\u00ebmij\u00ebt m\u00eb ndjenj\u00ebn e p\u00ebrgjegj\u00ebsis\u00eb p\u00ebr veprimet e tyre. N\u00ebp\u00ebrmjet kampeve, f\u00ebmij\u00ebt m\u00ebsojn\u00eb se nuk \u00ebsht\u00eb mjaftuesh\u00ebm t\u00eb duash vet\u00ebm veten t\u00ebnde po mbi t\u00eb gjitha Per\u00ebndin\u00eb q\u00eb na krijoi dhe na udh\u00ebzon si t\u00eb jetojm\u00eb, dhe t\u00eb duam t\u00eb af\u00ebrmin ashtu si veten. F\u00ebmij\u00ebt n\u00ebp\u00ebrmjet kampit e marrin k\u00ebt\u00eb informacion n\u00eb mjaft pjes\u00eb t\u00eb programit. Shpenzimi i koh\u00ebs me miqt\u00eb e tyre dhe gjetja e miqve t\u00eb rinj e b\u00ebn edhe m\u00eb interesante koh\u00ebn e kampit p\u00ebr f\u00ebmij\u00ebt.<\/p>\n<p> &nbsp;&nbsp;&nbsp; Prind\u00ebrit shprehen se shoq\u00ebrizimi i f\u00ebmij\u00ebve, kujdesi dhe p\u00ebrgjegj\u00ebsia q\u00eb tregohet p\u00ebr f\u00ebmij\u00ebt p\u00ebrgjat\u00eb kampit, i b\u00ebn prind\u00ebrit q\u00eb t\u00eb vazhdojn\u00eb t\u00eb sjellin f\u00ebmij\u00ebt e tyre vit pas viti n\u00eb k\u00ebto kampe, duke par\u00eb vlerat q\u00eb f\u00ebmij\u00ebt e tyre rritin nga dita n\u00eb dit\u00eb.<\/span><\/span><\/span><\/div>\n<div style=\"text-align: justify;\"> <span style=\"color: #000000;\"><span style=\"font-family: tahoma,geneva,sans-serif;\"><span style=\"font-size: 12px;\">&nbsp;&nbsp;&nbsp; Zhvillimi i k\u00ebtyre kampeve u realizua nga nj\u00eb staf prej 65 personash t\u00eb cil\u00ebt u trajnuan n\u00eb grupe t\u00eb vogla p\u00ebr \u00e7do pjes\u00eb t\u00eb programit t\u00eb kampit nga Zyra e F\u00ebmij\u00ebve. Disa nga k\u00ebta persona ofruan kontributin e tyre n\u00eb m\u00eb shum\u00eb se nj\u00eb kamp. Personat q\u00eb kishin p\u00ebrgjegj\u00ebsi p\u00ebr zhvillimin e k\u00ebtyre kampeve, n\u00eb shumic\u00ebn e rasteve udh\u00ebtonin \u00e7do dit\u00eb p\u00ebr t\u00eb shkuar n\u00eb vendin e kampit. Pjes\u00eb e programit ishte edhe pelegrinazh n\u00eb vendet e shenjta. Vlen p\u00ebr t\u2019u p\u00ebrmendur zelli dhe p\u00ebrkushtimi i personave q\u00eb pat\u00ebn p\u00ebrgjegj\u00ebsi n\u00eb k\u00ebto kampe, sepse suksesi i kampeve varet shum\u00eb nga p\u00ebrkushtimi i stafit t\u00eb pun\u00ebs.<\/span><\/span><\/span><\/div>\n<div style=\"text-align: right;\"> <span style=\"color: #000000;\"><span style=\"font-family: tahoma,geneva,sans-serif;\"><span style=\"font-size: 12px;\">&nbsp;&nbsp; &nbsp;<\/p>\n<p> &nbsp;&nbsp;&nbsp;&nbsp;&nbsp; &nbsp;<br \/> <strong>&nbsp;&nbsp;&nbsp; Ana K\u00ebr\u00e7yku<\/strong><\/span><\/span><\/span><\/div>\n","protected":false},"excerpt":{"rendered":"<p>&nbsp;&nbsp;&nbsp; Kampi veror ditor p\u00ebr f\u00ebmij\u00ebt 6 \u2013 12 vje\u00e7, \u00ebsht\u00eb nj\u00eb nd\u00ebr aktivitetet q\u00eb f\u00ebmij\u00ebt e zonave t\u00eb ndryshme t\u00eb Shqip\u00ebris\u00eb e presin me padurim. Edhe k\u00ebt\u00eb ver\u00eb t\u00eb 2008-\u00ebs, Zyra Qendrore e F\u00ebmij\u00ebve e Kish\u00ebs Orthodhokse Autoqefale t\u00eb Shqip\u00ebris\u00eb, organizoi n\u00eb 27 vende, kampe verore, ditore, nj\u00eb javore p\u00ebr f\u00ebmij\u00eb. Zyra Qendrore e F\u00ebmij\u00ebve b\u00ebri t\u00eb mundur realizimin e k\u00ebtyre kampeve n\u00eb bashk\u00ebpunim<\/p>\n","protected":false},"author":1,"featured_media":0,"comment_status":"open","ping_status":"open","sticky":false,"template":"","format":"standard","meta":{"_acf_changed":false,"pagelayer_contact_templates":[],"_pagelayer_content":"","inline_featured_image":false,"fifu_image_url":"","fifu_image_alt":"","footnotes":""},"categories":[108],"tags":[146,200,196,212,176],"class_list":["post-677","post","type-post","status-publish","format-standard","hentry","category-lajme","tag-146","tag-kampe-verore","tag-tirane","tag-lajme-d27","tag-rinia-orthodhokse"],"acf":[],"yoast_head":"<!-- This site is optimized with the Yoast SEO plugin v27.2 - https:\/\/yoast.com\/product\/yoast-seo-wordpress\/ -->\n<title>Kampet verore ditore n\u00eb 27 enori t\u00eb Kish\u00ebs son\u00eb. (2008) - Kisha Orthodh\u03bfkse Autoqefale e Shqip\u00ebris\u00eb<\/title>\n<meta name=\"robots\" content=\"index, follow, max-snippet:-1, max-image-preview:large, max-video-preview:-1\" \/>\n<link rel=\"canonical\" href=\"https:\/\/orthodoxalbania.org\/2020\/2008\/02\/26\/kampet-verore-ditore-ne-27-enori-te-kishes-sone-2008\/\" \/>\n<meta property=\"og:locale\" content=\"en_US\" \/>\n<meta property=\"og:type\" content=\"article\" \/>\n<meta property=\"og:title\" content=\"Kampet verore ditore n\u00eb 27 enori t\u00eb Kish\u00ebs son\u00eb. (2008) - Kisha Orthodh\u03bfkse Autoqefale e Shqip\u00ebris\u00eb\" \/>\n<meta property=\"og:description\" content=\"&nbsp;&nbsp;&nbsp; Kampi veror ditor p\u00ebr f\u00ebmij\u00ebt 6 \u2013 12 vje\u00e7, \u00ebsht\u00eb nj\u00eb nd\u00ebr aktivitetet q\u00eb f\u00ebmij\u00ebt e zonave t\u00eb ndryshme t\u00eb Shqip\u00ebris\u00eb e presin me padurim. Edhe k\u00ebt\u00eb ver\u00eb t\u00eb 2008-\u00ebs, Zyra Qendrore e F\u00ebmij\u00ebve e Kish\u00ebs Orthodhokse Autoqefale t\u00eb Shqip\u00ebris\u00eb, organizoi n\u00eb 27 vende, kampe verore, ditore, nj\u00eb javore p\u00ebr f\u00ebmij\u00eb. Zyra Qendrore e F\u00ebmij\u00ebve b\u00ebri t\u00eb mundur realizimin e k\u00ebtyre kampeve n\u00eb bashk\u00ebpunim\" \/>\n<meta property=\"og:url\" content=\"https:\/\/orthodoxalbania.org\/2020\/2008\/02\/26\/kampet-verore-ditore-ne-27-enori-te-kishes-sone-2008\/\" \/>\n<meta property=\"og:site_name\" content=\"Kisha Orthodh\u03bfkse Autoqefale e Shqip\u00ebris\u00eb\" \/>\n<meta property=\"article:publisher\" content=\"https:\/\/www.facebook.com\/koash1991\" \/>\n<meta property=\"article:published_time\" content=\"2008-02-26T00:00:00+00:00\" \/>\n<meta property=\"article:modified_time\" content=\"2020-04-06T20:35:33+00:00\" \/>\n<meta property=\"og:image\" content=\"https:\/\/lh3.googleusercontent.com\/-91BCB6pldLM\/VJFzILBY9GI\/AAAAAAAAIK0\/rKLsQrgO7xc\/w448-h336-no\/1.jpg\" \/>\n<meta name=\"author\" content=\"Kisha Orthodhokse\" \/>\n<meta name=\"twitter:card\" content=\"summary_large_image\" \/>\n<meta name=\"twitter:label1\" content=\"Written by\" \/>\n\t<meta name=\"twitter:data1\" content=\"Kisha Orthodhokse\" \/>\n\t<meta name=\"twitter:label2\" content=\"Est. reading time\" \/>\n\t<meta name=\"twitter:data2\" content=\"5 minutes\" \/>\n<script type=\"application\/ld+json\" class=\"yoast-schema-graph\">{\"@context\":\"https:\/\/schema.org\",\"@graph\":[{\"@type\":\"Article\",\"@id\":\"https:\/\/orthodoxalbania.org\/2020\/2008\/02\/26\/kampet-verore-ditore-ne-27-enori-te-kishes-sone-2008\/#article\",\"isPartOf\":{\"@id\":\"https:\/\/orthodoxalbania.org\/2020\/2008\/02\/26\/kampet-verore-ditore-ne-27-enori-te-kishes-sone-2008\/\"},\"author\":{\"name\":\"Kisha Orthodhokse\",\"@id\":\"https:\/\/orthodoxalbania.org\/2020\/#\/schema\/person\/0c387634a7063ac612d7ed9ce71c7e86\"},\"headline\":\"Kampet verore ditore n\u00eb 27 enori t\u00eb Kish\u00ebs son\u00eb. (2008)\",\"datePublished\":\"2008-02-26T00:00:00+00:00\",\"dateModified\":\"2020-04-06T20:35:33+00:00\",\"mainEntityOfPage\":{\"@id\":\"https:\/\/orthodoxalbania.org\/2020\/2008\/02\/26\/kampet-verore-ditore-ne-27-enori-te-kishes-sone-2008\/\"},\"wordCount\":986,\"commentCount\":0,\"publisher\":{\"@id\":\"https:\/\/orthodoxalbania.org\/2020\/#organization\"},\"image\":{\"@id\":\"https:\/\/orthodoxalbania.org\/2020\/2008\/02\/26\/kampet-verore-ditore-ne-27-enori-te-kishes-sone-2008\/#primaryimage\"},\"thumbnailUrl\":\"https:\/\/lh3.googleusercontent.com\/-91BCB6pldLM\/VJFzILBY9GI\/AAAAAAAAIK0\/rKLsQrgO7xc\/w448-h336-no\/1.jpg\",\"keywords\":[\"2008\",\"Kampe verore\",\"Kryepiskopata Tiran\u00eb\",\"lajme\",\"Rinia Orthodhokse\"],\"articleSection\":[\"Lajme\"],\"inLanguage\":\"en-US\"},{\"@type\":\"WebPage\",\"@id\":\"https:\/\/orthodoxalbania.org\/2020\/2008\/02\/26\/kampet-verore-ditore-ne-27-enori-te-kishes-sone-2008\/\",\"url\":\"https:\/\/orthodoxalbania.org\/2020\/2008\/02\/26\/kampet-verore-ditore-ne-27-enori-te-kishes-sone-2008\/\",\"name\":\"Kampet verore ditore n\u00eb 27 enori t\u00eb Kish\u00ebs son\u00eb. (2008) - Kisha Orthodh\u03bfkse Autoqefale e Shqip\u00ebris\u00eb\",\"isPartOf\":{\"@id\":\"https:\/\/orthodoxalbania.org\/2020\/#website\"},\"primaryImageOfPage\":{\"@id\":\"https:\/\/orthodoxalbania.org\/2020\/2008\/02\/26\/kampet-verore-ditore-ne-27-enori-te-kishes-sone-2008\/#primaryimage\"},\"image\":{\"@id\":\"https:\/\/orthodoxalbania.org\/2020\/2008\/02\/26\/kampet-verore-ditore-ne-27-enori-te-kishes-sone-2008\/#primaryimage\"},\"thumbnailUrl\":\"https:\/\/lh3.googleusercontent.com\/-91BCB6pldLM\/VJFzILBY9GI\/AAAAAAAAIK0\/rKLsQrgO7xc\/w448-h336-no\/1.jpg\",\"datePublished\":\"2008-02-26T00:00:00+00:00\",\"dateModified\":\"2020-04-06T20:35:33+00:00\",\"breadcrumb\":{\"@id\":\"https:\/\/orthodoxalbania.org\/2020\/2008\/02\/26\/kampet-verore-ditore-ne-27-enori-te-kishes-sone-2008\/#breadcrumb\"},\"inLanguage\":\"en-US\",\"potentialAction\":[{\"@type\":\"ReadAction\",\"target\":[\"https:\/\/orthodoxalbania.org\/2020\/2008\/02\/26\/kampet-verore-ditore-ne-27-enori-te-kishes-sone-2008\/\"]}]},{\"@type\":\"ImageObject\",\"inLanguage\":\"en-US\",\"@id\":\"https:\/\/orthodoxalbania.org\/2020\/2008\/02\/26\/kampet-verore-ditore-ne-27-enori-te-kishes-sone-2008\/#primaryimage\",\"url\":\"https:\/\/lh3.googleusercontent.com\/-91BCB6pldLM\/VJFzILBY9GI\/AAAAAAAAIK0\/rKLsQrgO7xc\/w448-h336-no\/1.jpg\",\"contentUrl\":\"https:\/\/lh3.googleusercontent.com\/-91BCB6pldLM\/VJFzILBY9GI\/AAAAAAAAIK0\/rKLsQrgO7xc\/w448-h336-no\/1.jpg\"},{\"@type\":\"BreadcrumbList\",\"@id\":\"https:\/\/orthodoxalbania.org\/2020\/2008\/02\/26\/kampet-verore-ditore-ne-27-enori-te-kishes-sone-2008\/#breadcrumb\",\"itemListElement\":[{\"@type\":\"ListItem\",\"position\":1,\"name\":\"Home\",\"item\":\"https:\/\/orthodoxalbania.org\/2020\/\"},{\"@type\":\"ListItem\",\"position\":2,\"name\":\"Kampet verore ditore n\u00eb 27 enori t\u00eb Kish\u00ebs son\u00eb. (2008)\"}]},{\"@type\":\"WebSite\",\"@id\":\"https:\/\/orthodoxalbania.org\/2020\/#website\",\"url\":\"https:\/\/orthodoxalbania.org\/2020\/\",\"name\":\"Kisha Orthodh\u03bfkse Autoqefale e Shqip\u00ebris\u00eb\",\"description\":\"Fqja Zyrtare e Kish\u00ebs Orthodhokse Autoqefale e Shqip\u00ebris\u00eb me lajmet edhe informacionet zyrtare p\u00ebr struktur\u00ebn edhe veprimtarin e saj.\",\"publisher\":{\"@id\":\"https:\/\/orthodoxalbania.org\/2020\/#organization\"},\"potentialAction\":[{\"@type\":\"SearchAction\",\"target\":{\"@type\":\"EntryPoint\",\"urlTemplate\":\"https:\/\/orthodoxalbania.org\/2020\/?s={search_term_string}\"},\"query-input\":{\"@type\":\"PropertyValueSpecification\",\"valueRequired\":true,\"valueName\":\"search_term_string\"}}],\"inLanguage\":\"en-US\"},{\"@type\":\"Organization\",\"@id\":\"https:\/\/orthodoxalbania.org\/2020\/#organization\",\"name\":\"Kisha Orthodhokse Autoqefale e Shqip\u00ebris\u00eb\",\"url\":\"https:\/\/orthodoxalbania.org\/2020\/\",\"logo\":{\"@type\":\"ImageObject\",\"inLanguage\":\"en-US\",\"@id\":\"https:\/\/orthodoxalbania.org\/2020\/#\/schema\/logo\/image\/\",\"url\":\"https:\/\/orthodoxalbania.org\/2020\/wp-content\/uploads\/2020\/05\/albania.jpeg\",\"contentUrl\":\"https:\/\/orthodoxalbania.org\/2020\/wp-content\/uploads\/2020\/05\/albania.jpeg\",\"width\":540,\"height\":540,\"caption\":\"Kisha Orthodhokse Autoqefale e Shqip\u00ebris\u00eb\"},\"image\":{\"@id\":\"https:\/\/orthodoxalbania.org\/2020\/#\/schema\/logo\/image\/\"},\"sameAs\":[\"https:\/\/www.facebook.com\/koash1991\"]},{\"@type\":\"Person\",\"@id\":\"https:\/\/orthodoxalbania.org\/2020\/#\/schema\/person\/0c387634a7063ac612d7ed9ce71c7e86\",\"name\":\"Kisha Orthodhokse\",\"image\":{\"@type\":\"ImageObject\",\"inLanguage\":\"en-US\",\"@id\":\"https:\/\/secure.gravatar.com\/avatar\/596e7c417251e30f2fbb9c00e026fce61a695a00e51c889caded71c96cbbdde5?s=96&d=mm&r=g\",\"url\":\"https:\/\/secure.gravatar.com\/avatar\/596e7c417251e30f2fbb9c00e026fce61a695a00e51c889caded71c96cbbdde5?s=96&d=mm&r=g\",\"contentUrl\":\"https:\/\/secure.gravatar.com\/avatar\/596e7c417251e30f2fbb9c00e026fce61a695a00e51c889caded71c96cbbdde5?s=96&d=mm&r=g\",\"caption\":\"Kisha Orthodhokse\"}}]}<\/script>\n<!-- \/ Yoast SEO plugin. -->","yoast_head_json":{"title":"Kampet verore ditore n\u00eb 27 enori t\u00eb Kish\u00ebs son\u00eb. (2008) - Kisha Orthodh\u03bfkse Autoqefale e Shqip\u00ebris\u00eb","robots":{"index":"index","follow":"follow","max-snippet":"max-snippet:-1","max-image-preview":"max-image-preview:large","max-video-preview":"max-video-preview:-1"},"canonical":"https:\/\/orthodoxalbania.org\/2020\/2008\/02\/26\/kampet-verore-ditore-ne-27-enori-te-kishes-sone-2008\/","og_locale":"en_US","og_type":"article","og_title":"Kampet verore ditore n\u00eb 27 enori t\u00eb Kish\u00ebs son\u00eb. (2008) - Kisha Orthodh\u03bfkse Autoqefale e Shqip\u00ebris\u00eb","og_description":"&nbsp;&nbsp;&nbsp; Kampi veror ditor p\u00ebr f\u00ebmij\u00ebt 6 \u2013 12 vje\u00e7, \u00ebsht\u00eb nj\u00eb nd\u00ebr aktivitetet q\u00eb f\u00ebmij\u00ebt e zonave t\u00eb ndryshme t\u00eb Shqip\u00ebris\u00eb e presin me padurim. Edhe k\u00ebt\u00eb ver\u00eb t\u00eb 2008-\u00ebs, Zyra Qendrore e F\u00ebmij\u00ebve e Kish\u00ebs Orthodhokse Autoqefale t\u00eb Shqip\u00ebris\u00eb, organizoi n\u00eb 27 vende, kampe verore, ditore, nj\u00eb javore p\u00ebr f\u00ebmij\u00eb. Zyra Qendrore e F\u00ebmij\u00ebve b\u00ebri t\u00eb mundur realizimin e k\u00ebtyre kampeve n\u00eb bashk\u00ebpunim","og_url":"https:\/\/orthodoxalbania.org\/2020\/2008\/02\/26\/kampet-verore-ditore-ne-27-enori-te-kishes-sone-2008\/","og_site_name":"Kisha Orthodh\u03bfkse Autoqefale e Shqip\u00ebris\u00eb","article_publisher":"https:\/\/www.facebook.com\/koash1991","article_published_time":"2008-02-26T00:00:00+00:00","article_modified_time":"2020-04-06T20:35:33+00:00","og_image":[{"url":"https:\/\/lh3.googleusercontent.com\/-91BCB6pldLM\/VJFzILBY9GI\/AAAAAAAAIK0\/rKLsQrgO7xc\/w448-h336-no\/1.jpg","type":"","width":"","height":""}],"author":"Kisha Orthodhokse","twitter_card":"summary_large_image","twitter_misc":{"Written by":"Kisha Orthodhokse","Est. reading time":"5 minutes"},"schema":{"@context":"https:\/\/schema.org","@graph":[{"@type":"Article","@id":"https:\/\/orthodoxalbania.org\/2020\/2008\/02\/26\/kampet-verore-ditore-ne-27-enori-te-kishes-sone-2008\/#article","isPartOf":{"@id":"https:\/\/orthodoxalbania.org\/2020\/2008\/02\/26\/kampet-verore-ditore-ne-27-enori-te-kishes-sone-2008\/"},"author":{"name":"Kisha Orthodhokse","@id":"https:\/\/orthodoxalbania.org\/2020\/#\/schema\/person\/0c387634a7063ac612d7ed9ce71c7e86"},"headline":"Kampet verore ditore n\u00eb 27 enori t\u00eb Kish\u00ebs son\u00eb. (2008)","datePublished":"2008-02-26T00:00:00+00:00","dateModified":"2020-04-06T20:35:33+00:00","mainEntityOfPage":{"@id":"https:\/\/orthodoxalbania.org\/2020\/2008\/02\/26\/kampet-verore-ditore-ne-27-enori-te-kishes-sone-2008\/"},"wordCount":986,"commentCount":0,"publisher":{"@id":"https:\/\/orthodoxalbania.org\/2020\/#organization"},"image":{"@id":"https:\/\/orthodoxalbania.org\/2020\/2008\/02\/26\/kampet-verore-ditore-ne-27-enori-te-kishes-sone-2008\/#primaryimage"},"thumbnailUrl":"https:\/\/lh3.googleusercontent.com\/-91BCB6pldLM\/VJFzILBY9GI\/AAAAAAAAIK0\/rKLsQrgO7xc\/w448-h336-no\/1.jpg","keywords":["2008","Kampe verore","Kryepiskopata Tiran\u00eb","lajme","Rinia Orthodhokse"],"articleSection":["Lajme"],"inLanguage":"en-US"},{"@type":"WebPage","@id":"https:\/\/orthodoxalbania.org\/2020\/2008\/02\/26\/kampet-verore-ditore-ne-27-enori-te-kishes-sone-2008\/","url":"https:\/\/orthodoxalbania.org\/2020\/2008\/02\/26\/kampet-verore-ditore-ne-27-enori-te-kishes-sone-2008\/","name":"Kampet verore ditore n\u00eb 27 enori t\u00eb Kish\u00ebs son\u00eb. (2008) - Kisha Orthodh\u03bfkse Autoqefale e Shqip\u00ebris\u00eb","isPartOf":{"@id":"https:\/\/orthodoxalbania.org\/2020\/#website"},"primaryImageOfPage":{"@id":"https:\/\/orthodoxalbania.org\/2020\/2008\/02\/26\/kampet-verore-ditore-ne-27-enori-te-kishes-sone-2008\/#primaryimage"},"image":{"@id":"https:\/\/orthodoxalbania.org\/2020\/2008\/02\/26\/kampet-verore-ditore-ne-27-enori-te-kishes-sone-2008\/#primaryimage"},"thumbnailUrl":"https:\/\/lh3.googleusercontent.com\/-91BCB6pldLM\/VJFzILBY9GI\/AAAAAAAAIK0\/rKLsQrgO7xc\/w448-h336-no\/1.jpg","datePublished":"2008-02-26T00:00:00+00:00","dateModified":"2020-04-06T20:35:33+00:00","breadcrumb":{"@id":"https:\/\/orthodoxalbania.org\/2020\/2008\/02\/26\/kampet-verore-ditore-ne-27-enori-te-kishes-sone-2008\/#breadcrumb"},"inLanguage":"en-US","potentialAction":[{"@type":"ReadAction","target":["https:\/\/orthodoxalbania.org\/2020\/2008\/02\/26\/kampet-verore-ditore-ne-27-enori-te-kishes-sone-2008\/"]}]},{"@type":"ImageObject","inLanguage":"en-US","@id":"https:\/\/orthodoxalbania.org\/2020\/2008\/02\/26\/kampet-verore-ditore-ne-27-enori-te-kishes-sone-2008\/#primaryimage","url":"https:\/\/lh3.googleusercontent.com\/-91BCB6pldLM\/VJFzILBY9GI\/AAAAAAAAIK0\/rKLsQrgO7xc\/w448-h336-no\/1.jpg","contentUrl":"https:\/\/lh3.googleusercontent.com\/-91BCB6pldLM\/VJFzILBY9GI\/AAAAAAAAIK0\/rKLsQrgO7xc\/w448-h336-no\/1.jpg"},{"@type":"BreadcrumbList","@id":"https:\/\/orthodoxalbania.org\/2020\/2008\/02\/26\/kampet-verore-ditore-ne-27-enori-te-kishes-sone-2008\/#breadcrumb","itemListElement":[{"@type":"ListItem","position":1,"name":"Home","item":"https:\/\/orthodoxalbania.org\/2020\/"},{"@type":"ListItem","position":2,"name":"Kampet verore ditore n\u00eb 27 enori t\u00eb Kish\u00ebs son\u00eb. (2008)"}]},{"@type":"WebSite","@id":"https:\/\/orthodoxalbania.org\/2020\/#website","url":"https:\/\/orthodoxalbania.org\/2020\/","name":"Kisha Orthodh\u03bfkse Autoqefale e Shqip\u00ebris\u00eb","description":"Fqja Zyrtare e Kish\u00ebs Orthodhokse Autoqefale e Shqip\u00ebris\u00eb me lajmet edhe informacionet zyrtare p\u00ebr struktur\u00ebn edhe veprimtarin e saj.","publisher":{"@id":"https:\/\/orthodoxalbania.org\/2020\/#organization"},"potentialAction":[{"@type":"SearchAction","target":{"@type":"EntryPoint","urlTemplate":"https:\/\/orthodoxalbania.org\/2020\/?s={search_term_string}"},"query-input":{"@type":"PropertyValueSpecification","valueRequired":true,"valueName":"search_term_string"}}],"inLanguage":"en-US"},{"@type":"Organization","@id":"https:\/\/orthodoxalbania.org\/2020\/#organization","name":"Kisha Orthodhokse Autoqefale e Shqip\u00ebris\u00eb","url":"https:\/\/orthodoxalbania.org\/2020\/","logo":{"@type":"ImageObject","inLanguage":"en-US","@id":"https:\/\/orthodoxalbania.org\/2020\/#\/schema\/logo\/image\/","url":"https:\/\/orthodoxalbania.org\/2020\/wp-content\/uploads\/2020\/05\/albania.jpeg","contentUrl":"https:\/\/orthodoxalbania.org\/2020\/wp-content\/uploads\/2020\/05\/albania.jpeg","width":540,"height":540,"caption":"Kisha Orthodhokse Autoqefale e Shqip\u00ebris\u00eb"},"image":{"@id":"https:\/\/orthodoxalbania.org\/2020\/#\/schema\/logo\/image\/"},"sameAs":["https:\/\/www.facebook.com\/koash1991"]},{"@type":"Person","@id":"https:\/\/orthodoxalbania.org\/2020\/#\/schema\/person\/0c387634a7063ac612d7ed9ce71c7e86","name":"Kisha Orthodhokse","image":{"@type":"ImageObject","inLanguage":"en-US","@id":"https:\/\/secure.gravatar.com\/avatar\/596e7c417251e30f2fbb9c00e026fce61a695a00e51c889caded71c96cbbdde5?s=96&d=mm&r=g","url":"https:\/\/secure.gravatar.com\/avatar\/596e7c417251e30f2fbb9c00e026fce61a695a00e51c889caded71c96cbbdde5?s=96&d=mm&r=g","contentUrl":"https:\/\/secure.gravatar.com\/avatar\/596e7c417251e30f2fbb9c00e026fce61a695a00e51c889caded71c96cbbdde5?s=96&d=mm&r=g","caption":"Kisha Orthodhokse"}}]}},"_links":{"self":[{"href":"https:\/\/orthodoxalbania.org\/2020\/wp-json\/wp\/v2\/posts\/677","targetHints":{"allow":["GET"]}}],"collection":[{"href":"https:\/\/orthodoxalbania.org\/2020\/wp-json\/wp\/v2\/posts"}],"about":[{"href":"https:\/\/orthodoxalbania.org\/2020\/wp-json\/wp\/v2\/types\/post"}],"author":[{"embeddable":true,"href":"https:\/\/orthodoxalbania.org\/2020\/wp-json\/wp\/v2\/users\/1"}],"replies":[{"embeddable":true,"href":"https:\/\/orthodoxalbania.org\/2020\/wp-json\/wp\/v2\/comments?post=677"}],"version-history":[{"count":1,"href":"https:\/\/orthodoxalbania.org\/2020\/wp-json\/wp\/v2\/posts\/677\/revisions"}],"predecessor-version":[{"id":15710,"href":"https:\/\/orthodoxalbania.org\/2020\/wp-json\/wp\/v2\/posts\/677\/revisions\/15710"}],"wp:attachment":[{"href":"https:\/\/orthodoxalbania.org\/2020\/wp-json\/wp\/v2\/media?parent=677"}],"wp:term":[{"taxonomy":"category","embeddable":true,"href":"https:\/\/orthodoxalbania.org\/2020\/wp-json\/wp\/v2\/categories?post=677"},{"taxonomy":"post_tag","embeddable":true,"href":"https:\/\/orthodoxalbania.org\/2020\/wp-json\/wp\/v2\/tags?post=677"}],"curies":[{"name":"wp","href":"https:\/\/api.w.org\/{rel}","templated":true}]}}