{"id":676,"date":"2008-02-26T00:00:00","date_gmt":"2008-02-26T00:00:00","guid":{"rendered":""},"modified":"2020-04-06T22:35:31","modified_gmt":"2020-04-06T20:35:31","slug":"kampet-ne-lagje-te-ndryshme-te-tiranes-2008","status":"publish","type":"post","link":"https:\/\/orthodoxalbania.org\/2020\/2008\/02\/26\/kampet-ne-lagje-te-ndryshme-te-tiranes-2008\/","title":{"rendered":"Kampet n\u00eb lagje t\u00eb ndryshme t\u00eb Tiran\u00ebs. (2008)"},"content":{"rendered":"<div style=\"text-align: justify;\"><span style=\"color: #000000;\"><span style=\"font-family: tahoma,geneva,sans-serif;\"><span style=\"font-size: 12px;\"><img decoding=\"async\" class=\"lazyload HAa Eha\" style=\"border-width: 1px; border-style: solid; margin: 10px; float: left;\" alt=\"\" src=\"data:image\/svg+xml,%3Csvg%20xmlns%3D%27http%3A%2F%2Fwww.w3.org%2F2000%2Fsvg%27%20width%3D%27228%27%20height%3D%27152%27%20viewBox%3D%270%200%20228%20152%27%3E%3Crect%20width%3D%27228%27%20height%3D%27152%27%20fill-opacity%3D%220%22%2F%3E%3C%2Fsvg%3E\" data-orig-src=\"https:\/\/lh4.googleusercontent.com\/-WS2f_K_GYo8\/VJFuLCocywI\/AAAAAAAAIH8\/DkJ4KEQXGtU\/w448-h298-no\/1.JPG\" height=\"152\" width=\"228\" \/>&nbsp;&nbsp;&nbsp; K\u00ebt\u00eb ver\u00eb, p\u00ebrgjat\u00eb muajve Korrik \u2013 Shtator, Zyra e F\u00ebmij\u00ebve e Kish\u00ebs Orthodhokse Autoqefale t\u00eb Shqip\u00ebris\u00eb, zhvilloi n\u00eb tet\u00eb lagje t\u00eb ndryshme t\u00eb Tiran\u00ebs, kampe kat\u00ebr ditor\u00ebshe p\u00ebr f\u00ebmij\u00eb 6-12 vje\u00e7. Kryesisht k\u00ebto kampe u ofruan n\u00eb ato lagje t\u00eb Tiran\u00ebs, ku f\u00ebmij\u00ebt vijn\u00eb nga familje me kushte t\u00eb v\u00ebshtira ekonomike dhe ku mund\u00ebsit\u00eb e k\u00ebtyre aktiviteteve p\u00ebrgjat\u00eb vitit dhe sidomos p\u00ebrgjat\u00eb ver\u00ebs \u00ebsht\u00eb tep\u00ebr e pakt\u00eb.<\/span><\/span><\/span><\/div>\n<div style=\"text-align: justify;\"> <span style=\"color: #000000;\"><span style=\"font-family: tahoma,geneva,sans-serif;\"><span style=\"font-size: 12px;\"><img decoding=\"async\" class=\"lazyload HAa Eha\" style=\"border-width: 1px; border-style: solid; margin: 10px; float: right;\" alt=\"\" src=\"data:image\/svg+xml,%3Csvg%20xmlns%3D%27http%3A%2F%2Fwww.w3.org%2F2000%2Fsvg%27%20width%3D%27204%27%20height%3D%27136%27%20viewBox%3D%270%200%20204%20136%27%3E%3Crect%20width%3D%27204%27%20height%3D%27136%27%20fill-opacity%3D%220%22%2F%3E%3C%2Fsvg%3E\" data-orig-src=\"https:\/\/lh6.googleusercontent.com\/-F6A-Nc3ejTI\/VJFuLDlKNrI\/AAAAAAAAIIA\/3CRS-UHM9EY\/w448-h298-no\/2.JPG\" height=\"136\" width=\"204\" \/>&nbsp;&nbsp;&nbsp; Tema e k\u00ebtyre kampeve ishte \u201cPer\u00ebndia m\u00eb krijoi me dashuri\u201d dhe programi i k\u00ebtyre kampeve p\u00ebrmbante diskutime n\u00eb grupe t\u00eb vogla rreth dashuris\u00eb s\u00eb madhe t\u00eb Per\u00ebndis\u00eb p\u00ebr \u00e7do nj\u00ebrin nga ne dhe dashurin\u00eb dhe respektin q\u00eb duhet t\u00eb kemi ne p\u00ebr \u00e7do njeri. Lojra, ngjyrosje, pun\u00ebdore, k\u00ebng\u00eb etj ishin pjes\u00eb e k\u00ebtyre kampeve. <\/span><\/span><\/span><\/div>\n<div style=\"text-align: justify;\">&nbsp;<\/div>\n<div style=\"text-align: justify;\"><span style=\"color: #000000;\"><span style=\"font-family: tahoma,geneva,sans-serif;\"><span style=\"font-size: 12px;\">&nbsp; &nbsp; \u00c7do pjes\u00eb e programit ishte e lidhur me tem\u00ebn q\u00ebndrore. F\u00ebmij\u00ebt kishin mund\u00ebsin\u00eb q\u00eb n\u00eb pjes\u00ebt n\u00eb diskutimet n\u00eb grup, t\u2019u shpejgoheshin atyre jo vet\u00ebm nga ana verbale, por sa m\u00eb shum\u00eb ishte e mundur nga ana vizuale. Vendet ku k\u00ebto kampe u zhvilluan ishin n\u00eb Selit\u00eb, Porcelan, Kodra e Priftit, Rrugica e \u00c7am\u00ebve. Komuna e Parisit, Allijas, Laprak\u00eb dhe Uzina Dinamo. Numri i pjes\u00ebmarr\u00ebsve ishte af\u00ebrsisht 350 f\u00ebmij\u00eb. Numri i k\u00ebtyre kampe n\u00eb lagje t\u00eb ndryshme, po vjen duke u zgjeruar nga viti n\u00eb vit p\u00ebr arsyen e vetme se f\u00ebmij\u00ebt k\u00ebnaqen p\u00ebrgjat\u00eb k\u00ebtyre dit\u00ebve por edhe duke konsideruar ftesat e prind\u00ebrve nga lagje t\u00eb ndryshme t\u00eb Tiran\u00ebs. <\/span><\/span><\/span><\/div>\n<div style=\"text-align: justify;\">&nbsp;<\/div>\n<div style=\"text-align: justify;\"><span style=\"color: #000000;\"><span style=\"font-family: tahoma,geneva,sans-serif;\"><span style=\"font-size: 12px;\"><img decoding=\"async\" class=\"lazyload HAa Eha\" style=\"border-width: 1px; border-style: solid; margin: 10px; float: left;\" alt=\"\" src=\"data:image\/svg+xml,%3Csvg%20xmlns%3D%27http%3A%2F%2Fwww.w3.org%2F2000%2Fsvg%27%20width%3D%27147%27%20height%3D%27177%27%20viewBox%3D%270%200%20147%20177%27%3E%3Crect%20width%3D%27147%27%20height%3D%27177%27%20fill-opacity%3D%220%22%2F%3E%3C%2Fsvg%3E\" data-orig-src=\"https:\/\/lh5.googleusercontent.com\/-Pe_9sO3f9rQ\/VJFuLBV2CZI\/AAAAAAAAIH4\/WhedWNpfC5w\/w298-h399-no\/3.JPG\" height=\"177\" width=\"147\" \/>&nbsp;&nbsp;&nbsp; Tashm\u00eb \u00ebsht\u00eb b\u00ebr\u00eb zakon q\u00eb nj\u00eb pjes\u00eb e mir\u00eb e dit\u00ebs s\u00eb fundit, shpenzohet duke zhvilluar nj\u00eb mini-festival, ku prind\u00ebrit e f\u00ebmij\u00ebve jan\u00eb t\u00eb pranish\u00ebm dhe ku f\u00ebmij\u00ebt shfaqin para t\u00eb gjith\u00ebve, t\u00eb gjitha ato q\u00eb m\u00ebsojn\u00eb p\u00ebrgjat\u00eb kampit, t\u00eb shprehura me fjal\u00eb, m\u00eb k\u00ebng\u00eb apo edhe me recitime.<\/span><\/span><\/span><\/div>\n<div style=\"text-align: justify;\"> <span style=\"color: #000000;\"><span style=\"font-family: tahoma,geneva,sans-serif;\"><span style=\"font-size: 12px;\">&nbsp;&nbsp;&nbsp; Dobishm\u00ebria e k\u00ebtyre kampeve \u00ebsht\u00eb se f\u00ebmij\u00ebt edukohen dhe arg\u00ebtohen nga nj\u00eb staf i p\u00ebrgatitur i k\u00ebsaj zyre por edhe se p\u00ebrgjat\u00eb ver\u00ebs u ofrohen mund\u00ebsira t\u00eb tilla ku f\u00ebmij\u00ebt vet\u00eb por edhe prind\u00ebrit jan\u00eb shum\u00eb t\u00eb k\u00ebnaqur. \u00c7do m\u00ebgjes, kur prind\u00ebrit sillnin f\u00ebmij\u00ebt e tyre n\u00eb k\u00ebto kampe, jan\u00eb shprehur te drejtuesit e k\u00ebtyre kampeve, me fjal\u00eb mjaft t\u00eb mira rreth programit dhe nx\u00ebnies s\u00eb f\u00ebmij\u00ebve p\u00ebrgjat\u00eb kampit.<\/span><\/span><\/span><\/div>\n<div style=\"text-align: justify;\">&nbsp;<\/div>\n<div style=\"text-align: right;\"><span style=\"color: #000000;\"><strong><span style=\"font-family: tahoma,geneva,sans-serif;\"><span style=\"font-size: 12px;\">Ana K\u00ebr\u00e7yku<\/span><\/span><\/strong><\/span><\/div>\n","protected":false},"excerpt":{"rendered":"<p>&nbsp;&nbsp;&nbsp; K\u00ebt\u00eb ver\u00eb, p\u00ebrgjat\u00eb muajve Korrik \u2013 Shtator, Zyra e F\u00ebmij\u00ebve e Kish\u00ebs Orthodhokse Autoqefale t\u00eb Shqip\u00ebris\u00eb, zhvilloi n\u00eb tet\u00eb lagje t\u00eb ndryshme t\u00eb Tiran\u00ebs, kampe kat\u00ebr ditor\u00ebshe p\u00ebr f\u00ebmij\u00eb 6-12 vje\u00e7. Kryesisht k\u00ebto kampe u ofruan n\u00eb ato lagje t\u00eb Tiran\u00ebs, ku f\u00ebmij\u00ebt vijn\u00eb nga familje me kushte t\u00eb v\u00ebshtira ekonomike dhe ku mund\u00ebsit\u00eb e k\u00ebtyre aktiviteteve p\u00ebrgjat\u00eb vitit dhe sidomos p\u00ebrgjat\u00eb ver\u00ebs \u00ebsht\u00eb<\/p>\n","protected":false},"author":1,"featured_media":0,"comment_status":"open","ping_status":"open","sticky":false,"template":"","format":"standard","meta":{"_acf_changed":false,"pagelayer_contact_templates":[],"_pagelayer_content":"","inline_featured_image":false,"fifu_image_url":"","fifu_image_alt":"","footnotes":""},"categories":[108],"tags":[146,200,196,212,156],"class_list":["post-676","post","type-post","status-publish","format-standard","hentry","category-lajme","tag-146","tag-kampe-verore","tag-tirane","tag-lajme-d27","tag-femijet"],"acf":[],"yoast_head":"<!-- This site is optimized with the Yoast SEO plugin v27.2 - https:\/\/yoast.com\/product\/yoast-seo-wordpress\/ -->\n<title>Kampet n\u00eb lagje t\u00eb ndryshme t\u00eb Tiran\u00ebs. (2008) - Kisha Orthodh\u03bfkse Autoqefale e Shqip\u00ebris\u00eb<\/title>\n<meta name=\"robots\" content=\"index, follow, max-snippet:-1, max-image-preview:large, max-video-preview:-1\" \/>\n<link rel=\"canonical\" href=\"https:\/\/orthodoxalbania.org\/2020\/2008\/02\/26\/kampet-ne-lagje-te-ndryshme-te-tiranes-2008\/\" \/>\n<meta property=\"og:locale\" content=\"en_US\" \/>\n<meta property=\"og:type\" content=\"article\" \/>\n<meta property=\"og:title\" content=\"Kampet n\u00eb lagje t\u00eb ndryshme t\u00eb Tiran\u00ebs. (2008) - Kisha Orthodh\u03bfkse Autoqefale e Shqip\u00ebris\u00eb\" \/>\n<meta property=\"og:description\" content=\"&nbsp;&nbsp;&nbsp; K\u00ebt\u00eb ver\u00eb, p\u00ebrgjat\u00eb muajve Korrik \u2013 Shtator, Zyra e F\u00ebmij\u00ebve e Kish\u00ebs Orthodhokse Autoqefale t\u00eb Shqip\u00ebris\u00eb, zhvilloi n\u00eb tet\u00eb lagje t\u00eb ndryshme t\u00eb Tiran\u00ebs, kampe kat\u00ebr ditor\u00ebshe p\u00ebr f\u00ebmij\u00eb 6-12 vje\u00e7. Kryesisht k\u00ebto kampe u ofruan n\u00eb ato lagje t\u00eb Tiran\u00ebs, ku f\u00ebmij\u00ebt vijn\u00eb nga familje me kushte t\u00eb v\u00ebshtira ekonomike dhe ku mund\u00ebsit\u00eb e k\u00ebtyre aktiviteteve p\u00ebrgjat\u00eb vitit dhe sidomos p\u00ebrgjat\u00eb ver\u00ebs \u00ebsht\u00eb\" \/>\n<meta property=\"og:url\" content=\"https:\/\/orthodoxalbania.org\/2020\/2008\/02\/26\/kampet-ne-lagje-te-ndryshme-te-tiranes-2008\/\" \/>\n<meta property=\"og:site_name\" content=\"Kisha Orthodh\u03bfkse Autoqefale e Shqip\u00ebris\u00eb\" \/>\n<meta property=\"article:publisher\" content=\"https:\/\/www.facebook.com\/koash1991\" \/>\n<meta property=\"article:published_time\" content=\"2008-02-26T00:00:00+00:00\" \/>\n<meta property=\"article:modified_time\" content=\"2020-04-06T20:35:31+00:00\" \/>\n<meta property=\"og:image\" content=\"https:\/\/lh4.googleusercontent.com\/-WS2f_K_GYo8\/VJFuLCocywI\/AAAAAAAAIH8\/DkJ4KEQXGtU\/w448-h298-no\/1.JPG\" \/>\n<meta name=\"author\" content=\"Kisha Orthodhokse\" \/>\n<meta name=\"twitter:card\" content=\"summary_large_image\" \/>\n<meta name=\"twitter:label1\" content=\"Written by\" \/>\n\t<meta name=\"twitter:data1\" content=\"Kisha Orthodhokse\" \/>\n\t<meta name=\"twitter:label2\" content=\"Est. reading time\" \/>\n\t<meta name=\"twitter:data2\" content=\"2 minutes\" \/>\n<script type=\"application\/ld+json\" class=\"yoast-schema-graph\">{\"@context\":\"https:\/\/schema.org\",\"@graph\":[{\"@type\":\"Article\",\"@id\":\"https:\/\/orthodoxalbania.org\/2020\/2008\/02\/26\/kampet-ne-lagje-te-ndryshme-te-tiranes-2008\/#article\",\"isPartOf\":{\"@id\":\"https:\/\/orthodoxalbania.org\/2020\/2008\/02\/26\/kampet-ne-lagje-te-ndryshme-te-tiranes-2008\/\"},\"author\":{\"name\":\"Kisha Orthodhokse\",\"@id\":\"https:\/\/orthodoxalbania.org\/2020\/#\/schema\/person\/0c387634a7063ac612d7ed9ce71c7e86\"},\"headline\":\"Kampet n\u00eb lagje t\u00eb ndryshme t\u00eb Tiran\u00ebs. (2008)\",\"datePublished\":\"2008-02-26T00:00:00+00:00\",\"dateModified\":\"2020-04-06T20:35:31+00:00\",\"mainEntityOfPage\":{\"@id\":\"https:\/\/orthodoxalbania.org\/2020\/2008\/02\/26\/kampet-ne-lagje-te-ndryshme-te-tiranes-2008\/\"},\"wordCount\":468,\"commentCount\":0,\"publisher\":{\"@id\":\"https:\/\/orthodoxalbania.org\/2020\/#organization\"},\"image\":{\"@id\":\"https:\/\/orthodoxalbania.org\/2020\/2008\/02\/26\/kampet-ne-lagje-te-ndryshme-te-tiranes-2008\/#primaryimage\"},\"thumbnailUrl\":\"https:\/\/lh4.googleusercontent.com\/-WS2f_K_GYo8\/VJFuLCocywI\/AAAAAAAAIH8\/DkJ4KEQXGtU\/w448-h298-no\/1.JPG\",\"keywords\":[\"2008\",\"Kampe verore\",\"Kryepiskopata Tiran\u00eb\",\"lajme\",\"Zyra e F\u00ebmij\u00ebve\"],\"articleSection\":[\"Lajme\"],\"inLanguage\":\"en-US\"},{\"@type\":\"WebPage\",\"@id\":\"https:\/\/orthodoxalbania.org\/2020\/2008\/02\/26\/kampet-ne-lagje-te-ndryshme-te-tiranes-2008\/\",\"url\":\"https:\/\/orthodoxalbania.org\/2020\/2008\/02\/26\/kampet-ne-lagje-te-ndryshme-te-tiranes-2008\/\",\"name\":\"Kampet n\u00eb lagje t\u00eb ndryshme t\u00eb Tiran\u00ebs. (2008) - Kisha Orthodh\u03bfkse Autoqefale e Shqip\u00ebris\u00eb\",\"isPartOf\":{\"@id\":\"https:\/\/orthodoxalbania.org\/2020\/#website\"},\"primaryImageOfPage\":{\"@id\":\"https:\/\/orthodoxalbania.org\/2020\/2008\/02\/26\/kampet-ne-lagje-te-ndryshme-te-tiranes-2008\/#primaryimage\"},\"image\":{\"@id\":\"https:\/\/orthodoxalbania.org\/2020\/2008\/02\/26\/kampet-ne-lagje-te-ndryshme-te-tiranes-2008\/#primaryimage\"},\"thumbnailUrl\":\"https:\/\/lh4.googleusercontent.com\/-WS2f_K_GYo8\/VJFuLCocywI\/AAAAAAAAIH8\/DkJ4KEQXGtU\/w448-h298-no\/1.JPG\",\"datePublished\":\"2008-02-26T00:00:00+00:00\",\"dateModified\":\"2020-04-06T20:35:31+00:00\",\"breadcrumb\":{\"@id\":\"https:\/\/orthodoxalbania.org\/2020\/2008\/02\/26\/kampet-ne-lagje-te-ndryshme-te-tiranes-2008\/#breadcrumb\"},\"inLanguage\":\"en-US\",\"potentialAction\":[{\"@type\":\"ReadAction\",\"target\":[\"https:\/\/orthodoxalbania.org\/2020\/2008\/02\/26\/kampet-ne-lagje-te-ndryshme-te-tiranes-2008\/\"]}]},{\"@type\":\"ImageObject\",\"inLanguage\":\"en-US\",\"@id\":\"https:\/\/orthodoxalbania.org\/2020\/2008\/02\/26\/kampet-ne-lagje-te-ndryshme-te-tiranes-2008\/#primaryimage\",\"url\":\"https:\/\/lh4.googleusercontent.com\/-WS2f_K_GYo8\/VJFuLCocywI\/AAAAAAAAIH8\/DkJ4KEQXGtU\/w448-h298-no\/1.JPG\",\"contentUrl\":\"https:\/\/lh4.googleusercontent.com\/-WS2f_K_GYo8\/VJFuLCocywI\/AAAAAAAAIH8\/DkJ4KEQXGtU\/w448-h298-no\/1.JPG\"},{\"@type\":\"BreadcrumbList\",\"@id\":\"https:\/\/orthodoxalbania.org\/2020\/2008\/02\/26\/kampet-ne-lagje-te-ndryshme-te-tiranes-2008\/#breadcrumb\",\"itemListElement\":[{\"@type\":\"ListItem\",\"position\":1,\"name\":\"Home\",\"item\":\"https:\/\/orthodoxalbania.org\/2020\/\"},{\"@type\":\"ListItem\",\"position\":2,\"name\":\"Kampet n\u00eb lagje t\u00eb ndryshme t\u00eb Tiran\u00ebs. (2008)\"}]},{\"@type\":\"WebSite\",\"@id\":\"https:\/\/orthodoxalbania.org\/2020\/#website\",\"url\":\"https:\/\/orthodoxalbania.org\/2020\/\",\"name\":\"Kisha Orthodh\u03bfkse Autoqefale e Shqip\u00ebris\u00eb\",\"description\":\"Fqja Zyrtare e Kish\u00ebs Orthodhokse Autoqefale e Shqip\u00ebris\u00eb me lajmet edhe informacionet zyrtare p\u00ebr struktur\u00ebn edhe veprimtarin e saj.\",\"publisher\":{\"@id\":\"https:\/\/orthodoxalbania.org\/2020\/#organization\"},\"potentialAction\":[{\"@type\":\"SearchAction\",\"target\":{\"@type\":\"EntryPoint\",\"urlTemplate\":\"https:\/\/orthodoxalbania.org\/2020\/?s={search_term_string}\"},\"query-input\":{\"@type\":\"PropertyValueSpecification\",\"valueRequired\":true,\"valueName\":\"search_term_string\"}}],\"inLanguage\":\"en-US\"},{\"@type\":\"Organization\",\"@id\":\"https:\/\/orthodoxalbania.org\/2020\/#organization\",\"name\":\"Kisha Orthodhokse Autoqefale e Shqip\u00ebris\u00eb\",\"url\":\"https:\/\/orthodoxalbania.org\/2020\/\",\"logo\":{\"@type\":\"ImageObject\",\"inLanguage\":\"en-US\",\"@id\":\"https:\/\/orthodoxalbania.org\/2020\/#\/schema\/logo\/image\/\",\"url\":\"https:\/\/orthodoxalbania.org\/2020\/wp-content\/uploads\/2020\/05\/albania.jpeg\",\"contentUrl\":\"https:\/\/orthodoxalbania.org\/2020\/wp-content\/uploads\/2020\/05\/albania.jpeg\",\"width\":540,\"height\":540,\"caption\":\"Kisha Orthodhokse Autoqefale e Shqip\u00ebris\u00eb\"},\"image\":{\"@id\":\"https:\/\/orthodoxalbania.org\/2020\/#\/schema\/logo\/image\/\"},\"sameAs\":[\"https:\/\/www.facebook.com\/koash1991\"]},{\"@type\":\"Person\",\"@id\":\"https:\/\/orthodoxalbania.org\/2020\/#\/schema\/person\/0c387634a7063ac612d7ed9ce71c7e86\",\"name\":\"Kisha Orthodhokse\",\"image\":{\"@type\":\"ImageObject\",\"inLanguage\":\"en-US\",\"@id\":\"https:\/\/secure.gravatar.com\/avatar\/596e7c417251e30f2fbb9c00e026fce61a695a00e51c889caded71c96cbbdde5?s=96&d=mm&r=g\",\"url\":\"https:\/\/secure.gravatar.com\/avatar\/596e7c417251e30f2fbb9c00e026fce61a695a00e51c889caded71c96cbbdde5?s=96&d=mm&r=g\",\"contentUrl\":\"https:\/\/secure.gravatar.com\/avatar\/596e7c417251e30f2fbb9c00e026fce61a695a00e51c889caded71c96cbbdde5?s=96&d=mm&r=g\",\"caption\":\"Kisha Orthodhokse\"}}]}<\/script>\n<!-- \/ Yoast SEO plugin. -->","yoast_head_json":{"title":"Kampet n\u00eb lagje t\u00eb ndryshme t\u00eb Tiran\u00ebs. (2008) - Kisha Orthodh\u03bfkse Autoqefale e Shqip\u00ebris\u00eb","robots":{"index":"index","follow":"follow","max-snippet":"max-snippet:-1","max-image-preview":"max-image-preview:large","max-video-preview":"max-video-preview:-1"},"canonical":"https:\/\/orthodoxalbania.org\/2020\/2008\/02\/26\/kampet-ne-lagje-te-ndryshme-te-tiranes-2008\/","og_locale":"en_US","og_type":"article","og_title":"Kampet n\u00eb lagje t\u00eb ndryshme t\u00eb Tiran\u00ebs. (2008) - Kisha Orthodh\u03bfkse Autoqefale e Shqip\u00ebris\u00eb","og_description":"&nbsp;&nbsp;&nbsp; K\u00ebt\u00eb ver\u00eb, p\u00ebrgjat\u00eb muajve Korrik \u2013 Shtator, Zyra e F\u00ebmij\u00ebve e Kish\u00ebs Orthodhokse Autoqefale t\u00eb Shqip\u00ebris\u00eb, zhvilloi n\u00eb tet\u00eb lagje t\u00eb ndryshme t\u00eb Tiran\u00ebs, kampe kat\u00ebr ditor\u00ebshe p\u00ebr f\u00ebmij\u00eb 6-12 vje\u00e7. Kryesisht k\u00ebto kampe u ofruan n\u00eb ato lagje t\u00eb Tiran\u00ebs, ku f\u00ebmij\u00ebt vijn\u00eb nga familje me kushte t\u00eb v\u00ebshtira ekonomike dhe ku mund\u00ebsit\u00eb e k\u00ebtyre aktiviteteve p\u00ebrgjat\u00eb vitit dhe sidomos p\u00ebrgjat\u00eb ver\u00ebs \u00ebsht\u00eb","og_url":"https:\/\/orthodoxalbania.org\/2020\/2008\/02\/26\/kampet-ne-lagje-te-ndryshme-te-tiranes-2008\/","og_site_name":"Kisha Orthodh\u03bfkse Autoqefale e Shqip\u00ebris\u00eb","article_publisher":"https:\/\/www.facebook.com\/koash1991","article_published_time":"2008-02-26T00:00:00+00:00","article_modified_time":"2020-04-06T20:35:31+00:00","og_image":[{"url":"https:\/\/lh4.googleusercontent.com\/-WS2f_K_GYo8\/VJFuLCocywI\/AAAAAAAAIH8\/DkJ4KEQXGtU\/w448-h298-no\/1.JPG","type":"","width":"","height":""}],"author":"Kisha Orthodhokse","twitter_card":"summary_large_image","twitter_misc":{"Written by":"Kisha Orthodhokse","Est. reading time":"2 minutes"},"schema":{"@context":"https:\/\/schema.org","@graph":[{"@type":"Article","@id":"https:\/\/orthodoxalbania.org\/2020\/2008\/02\/26\/kampet-ne-lagje-te-ndryshme-te-tiranes-2008\/#article","isPartOf":{"@id":"https:\/\/orthodoxalbania.org\/2020\/2008\/02\/26\/kampet-ne-lagje-te-ndryshme-te-tiranes-2008\/"},"author":{"name":"Kisha Orthodhokse","@id":"https:\/\/orthodoxalbania.org\/2020\/#\/schema\/person\/0c387634a7063ac612d7ed9ce71c7e86"},"headline":"Kampet n\u00eb lagje t\u00eb ndryshme t\u00eb Tiran\u00ebs. (2008)","datePublished":"2008-02-26T00:00:00+00:00","dateModified":"2020-04-06T20:35:31+00:00","mainEntityOfPage":{"@id":"https:\/\/orthodoxalbania.org\/2020\/2008\/02\/26\/kampet-ne-lagje-te-ndryshme-te-tiranes-2008\/"},"wordCount":468,"commentCount":0,"publisher":{"@id":"https:\/\/orthodoxalbania.org\/2020\/#organization"},"image":{"@id":"https:\/\/orthodoxalbania.org\/2020\/2008\/02\/26\/kampet-ne-lagje-te-ndryshme-te-tiranes-2008\/#primaryimage"},"thumbnailUrl":"https:\/\/lh4.googleusercontent.com\/-WS2f_K_GYo8\/VJFuLCocywI\/AAAAAAAAIH8\/DkJ4KEQXGtU\/w448-h298-no\/1.JPG","keywords":["2008","Kampe verore","Kryepiskopata Tiran\u00eb","lajme","Zyra e F\u00ebmij\u00ebve"],"articleSection":["Lajme"],"inLanguage":"en-US"},{"@type":"WebPage","@id":"https:\/\/orthodoxalbania.org\/2020\/2008\/02\/26\/kampet-ne-lagje-te-ndryshme-te-tiranes-2008\/","url":"https:\/\/orthodoxalbania.org\/2020\/2008\/02\/26\/kampet-ne-lagje-te-ndryshme-te-tiranes-2008\/","name":"Kampet n\u00eb lagje t\u00eb ndryshme t\u00eb Tiran\u00ebs. (2008) - Kisha Orthodh\u03bfkse Autoqefale e Shqip\u00ebris\u00eb","isPartOf":{"@id":"https:\/\/orthodoxalbania.org\/2020\/#website"},"primaryImageOfPage":{"@id":"https:\/\/orthodoxalbania.org\/2020\/2008\/02\/26\/kampet-ne-lagje-te-ndryshme-te-tiranes-2008\/#primaryimage"},"image":{"@id":"https:\/\/orthodoxalbania.org\/2020\/2008\/02\/26\/kampet-ne-lagje-te-ndryshme-te-tiranes-2008\/#primaryimage"},"thumbnailUrl":"https:\/\/lh4.googleusercontent.com\/-WS2f_K_GYo8\/VJFuLCocywI\/AAAAAAAAIH8\/DkJ4KEQXGtU\/w448-h298-no\/1.JPG","datePublished":"2008-02-26T00:00:00+00:00","dateModified":"2020-04-06T20:35:31+00:00","breadcrumb":{"@id":"https:\/\/orthodoxalbania.org\/2020\/2008\/02\/26\/kampet-ne-lagje-te-ndryshme-te-tiranes-2008\/#breadcrumb"},"inLanguage":"en-US","potentialAction":[{"@type":"ReadAction","target":["https:\/\/orthodoxalbania.org\/2020\/2008\/02\/26\/kampet-ne-lagje-te-ndryshme-te-tiranes-2008\/"]}]},{"@type":"ImageObject","inLanguage":"en-US","@id":"https:\/\/orthodoxalbania.org\/2020\/2008\/02\/26\/kampet-ne-lagje-te-ndryshme-te-tiranes-2008\/#primaryimage","url":"https:\/\/lh4.googleusercontent.com\/-WS2f_K_GYo8\/VJFuLCocywI\/AAAAAAAAIH8\/DkJ4KEQXGtU\/w448-h298-no\/1.JPG","contentUrl":"https:\/\/lh4.googleusercontent.com\/-WS2f_K_GYo8\/VJFuLCocywI\/AAAAAAAAIH8\/DkJ4KEQXGtU\/w448-h298-no\/1.JPG"},{"@type":"BreadcrumbList","@id":"https:\/\/orthodoxalbania.org\/2020\/2008\/02\/26\/kampet-ne-lagje-te-ndryshme-te-tiranes-2008\/#breadcrumb","itemListElement":[{"@type":"ListItem","position":1,"name":"Home","item":"https:\/\/orthodoxalbania.org\/2020\/"},{"@type":"ListItem","position":2,"name":"Kampet n\u00eb lagje t\u00eb ndryshme t\u00eb Tiran\u00ebs. (2008)"}]},{"@type":"WebSite","@id":"https:\/\/orthodoxalbania.org\/2020\/#website","url":"https:\/\/orthodoxalbania.org\/2020\/","name":"Kisha Orthodh\u03bfkse Autoqefale e Shqip\u00ebris\u00eb","description":"Fqja Zyrtare e Kish\u00ebs Orthodhokse Autoqefale e Shqip\u00ebris\u00eb me lajmet edhe informacionet zyrtare p\u00ebr struktur\u00ebn edhe veprimtarin e saj.","publisher":{"@id":"https:\/\/orthodoxalbania.org\/2020\/#organization"},"potentialAction":[{"@type":"SearchAction","target":{"@type":"EntryPoint","urlTemplate":"https:\/\/orthodoxalbania.org\/2020\/?s={search_term_string}"},"query-input":{"@type":"PropertyValueSpecification","valueRequired":true,"valueName":"search_term_string"}}],"inLanguage":"en-US"},{"@type":"Organization","@id":"https:\/\/orthodoxalbania.org\/2020\/#organization","name":"Kisha Orthodhokse Autoqefale e Shqip\u00ebris\u00eb","url":"https:\/\/orthodoxalbania.org\/2020\/","logo":{"@type":"ImageObject","inLanguage":"en-US","@id":"https:\/\/orthodoxalbania.org\/2020\/#\/schema\/logo\/image\/","url":"https:\/\/orthodoxalbania.org\/2020\/wp-content\/uploads\/2020\/05\/albania.jpeg","contentUrl":"https:\/\/orthodoxalbania.org\/2020\/wp-content\/uploads\/2020\/05\/albania.jpeg","width":540,"height":540,"caption":"Kisha Orthodhokse Autoqefale e Shqip\u00ebris\u00eb"},"image":{"@id":"https:\/\/orthodoxalbania.org\/2020\/#\/schema\/logo\/image\/"},"sameAs":["https:\/\/www.facebook.com\/koash1991"]},{"@type":"Person","@id":"https:\/\/orthodoxalbania.org\/2020\/#\/schema\/person\/0c387634a7063ac612d7ed9ce71c7e86","name":"Kisha Orthodhokse","image":{"@type":"ImageObject","inLanguage":"en-US","@id":"https:\/\/secure.gravatar.com\/avatar\/596e7c417251e30f2fbb9c00e026fce61a695a00e51c889caded71c96cbbdde5?s=96&d=mm&r=g","url":"https:\/\/secure.gravatar.com\/avatar\/596e7c417251e30f2fbb9c00e026fce61a695a00e51c889caded71c96cbbdde5?s=96&d=mm&r=g","contentUrl":"https:\/\/secure.gravatar.com\/avatar\/596e7c417251e30f2fbb9c00e026fce61a695a00e51c889caded71c96cbbdde5?s=96&d=mm&r=g","caption":"Kisha Orthodhokse"}}]}},"_links":{"self":[{"href":"https:\/\/orthodoxalbania.org\/2020\/wp-json\/wp\/v2\/posts\/676","targetHints":{"allow":["GET"]}}],"collection":[{"href":"https:\/\/orthodoxalbania.org\/2020\/wp-json\/wp\/v2\/posts"}],"about":[{"href":"https:\/\/orthodoxalbania.org\/2020\/wp-json\/wp\/v2\/types\/post"}],"author":[{"embeddable":true,"href":"https:\/\/orthodoxalbania.org\/2020\/wp-json\/wp\/v2\/users\/1"}],"replies":[{"embeddable":true,"href":"https:\/\/orthodoxalbania.org\/2020\/wp-json\/wp\/v2\/comments?post=676"}],"version-history":[{"count":1,"href":"https:\/\/orthodoxalbania.org\/2020\/wp-json\/wp\/v2\/posts\/676\/revisions"}],"predecessor-version":[{"id":15704,"href":"https:\/\/orthodoxalbania.org\/2020\/wp-json\/wp\/v2\/posts\/676\/revisions\/15704"}],"wp:attachment":[{"href":"https:\/\/orthodoxalbania.org\/2020\/wp-json\/wp\/v2\/media?parent=676"}],"wp:term":[{"taxonomy":"category","embeddable":true,"href":"https:\/\/orthodoxalbania.org\/2020\/wp-json\/wp\/v2\/categories?post=676"},{"taxonomy":"post_tag","embeddable":true,"href":"https:\/\/orthodoxalbania.org\/2020\/wp-json\/wp\/v2\/tags?post=676"}],"curies":[{"name":"wp","href":"https:\/\/api.w.org\/{rel}","templated":true}]}}