{"id":67591,"date":"2025-03-29T12:43:59","date_gmt":"2025-03-29T11:43:59","guid":{"rendered":"https:\/\/orthodoxalbania.org\/2020\/?p=67591"},"modified":"2025-03-29T18:50:11","modified_gmt":"2025-03-29T17:50:11","slug":"fronezimi-i-kryepiskopit-te-ri-te-shqiperise-fortlumturise-se-tij-z-joan-ne-tirane-29-03-2025","status":"publish","type":"post","link":"https:\/\/orthodoxalbania.org\/2020\/2025\/03\/29\/fronezimi-i-kryepiskopit-te-ri-te-shqiperise-fortlumturise-se-tij-z-joan-ne-tirane-29-03-2025\/","title":{"rendered":"Fron\u00ebzimi i Kryepiskopit t\u00eb ri t\u00eb Shqip\u00ebris\u00eb, Fortlumturis\u00eb s\u00eb Tij, z. Joan, n\u00eb Tiran\u00eb 29.03.2025"},"content":{"rendered":"<div class=\"fusion-fullwidth fullwidth-box fusion-builder-row-1 fusion-flex-container nonhundred-percent-fullwidth non-hundred-percent-height-scrolling\" style=\"--awb-border-radius-top-left:0px;--awb-border-radius-top-right:0px;--awb-border-radius-bottom-right:0px;--awb-border-radius-bottom-left:0px;--awb-flex-wrap:wrap;\" ><div class=\"fusion-builder-row fusion-row fusion-flex-align-items-flex-start fusion-flex-content-wrap\" style=\"max-width:1216.8px;margin-left: calc(-4% \/ 2 );margin-right: calc(-4% \/ 2 );\"><div class=\"fusion-layout-column fusion_builder_column fusion-builder-column-0 fusion_builder_column_1_1 1_1 fusion-flex-column\" style=\"--awb-bg-size:cover;--awb-width-large:100%;--awb-margin-top-large:0px;--awb-spacing-right-large:1.92%;--awb-margin-bottom-large:0px;--awb-spacing-left-large:1.92%;--awb-width-medium:100%;--awb-spacing-right-medium:1.92%;--awb-spacing-left-medium:1.92%;--awb-width-small:100%;--awb-spacing-right-small:1.92%;--awb-spacing-left-small:1.92%;\"><div class=\"fusion-column-wrapper fusion-flex-justify-content-flex-start fusion-content-layout-column\"><div class=\"fusion-text fusion-text-1\"><\/div><div class=\"fusion-text fusion-text-2\" style=\"--awb-content-alignment:center;\"><h4 style=\"text-align: center;\"><strong>Fron\u00ebzimi i Kryepiskopit t\u00eb ri t\u00eb Shqip\u00ebris\u00eb, Fortlumturis\u00eb s\u00eb Tij, z. Joan, n\u00eb Tiran\u00eb<\/strong><\/h4>\n<p style=\"text-align: justify;\"><img decoding=\"async\" class=\"lazyload  wp-image-67616 alignleft\" src=\"https:\/\/orthodoxalbania.org\/2020\/wp-content\/uploads\/2025\/03\/Kryepiskopi-Joan-29.03.2025-1-169x300.jpg\" data-orig-src=\"https:\/\/orthodoxalbania.org\/2020\/wp-content\/uploads\/2025\/03\/Kryepiskopi-Joan-29.03.2025-1-169x300.jpg\" alt=\"\" width=\"161\" height=\"286\" srcset=\"data:image\/svg+xml,%3Csvg%20xmlns%3D%27http%3A%2F%2Fwww.w3.org%2F2000%2Fsvg%27%20width%3D%27161%27%20height%3D%27286%27%20viewBox%3D%270%200%20161%20286%27%3E%3Crect%20width%3D%27161%27%20height%3D%27286%27%20fill-opacity%3D%220%22%2F%3E%3C%2Fsvg%3E\" data-srcset=\"https:\/\/orthodoxalbania.org\/2020\/wp-content\/uploads\/2025\/03\/Kryepiskopi-Joan-29.03.2025-1-169x300.jpg 169w, https:\/\/orthodoxalbania.org\/2020\/wp-content\/uploads\/2025\/03\/Kryepiskopi-Joan-29.03.2025-1-200x355.jpg 200w, https:\/\/orthodoxalbania.org\/2020\/wp-content\/uploads\/2025\/03\/Kryepiskopi-Joan-29.03.2025-1-400x710.jpg 400w, https:\/\/orthodoxalbania.org\/2020\/wp-content\/uploads\/2025\/03\/Kryepiskopi-Joan-29.03.2025-1-577x1024.jpg 577w, https:\/\/orthodoxalbania.org\/2020\/wp-content\/uploads\/2025\/03\/Kryepiskopi-Joan-29.03.2025-1-600x1066.jpg 600w, https:\/\/orthodoxalbania.org\/2020\/wp-content\/uploads\/2025\/03\/Kryepiskopi-Joan-29.03.2025-1-768x1364.jpg 768w, https:\/\/orthodoxalbania.org\/2020\/wp-content\/uploads\/2025\/03\/Kryepiskopi-Joan-29.03.2025-1-800x1421.jpg 800w, https:\/\/orthodoxalbania.org\/2020\/wp-content\/uploads\/2025\/03\/Kryepiskopi-Joan-29.03.2025-1-865x1536.jpg 865w, https:\/\/orthodoxalbania.org\/2020\/wp-content\/uploads\/2025\/03\/Kryepiskopi-Joan-29.03.2025-1-1153x2048.jpg 1153w, https:\/\/orthodoxalbania.org\/2020\/wp-content\/uploads\/2025\/03\/Kryepiskopi-Joan-29.03.2025-1-1200x2131.jpg 1200w, https:\/\/orthodoxalbania.org\/2020\/wp-content\/uploads\/2025\/03\/Kryepiskopi-Joan-29.03.2025-1-scaled.jpg 1441w\" data-sizes=\"auto\" data-orig-sizes=\"(max-width: 161px) 100vw, 161px\" \/>N\u00eb nj\u00eb atmosfer\u00eb t\u00eb mbushur me g\u00ebzim t\u00eb madh shpirt\u00ebror, n\u00eb Katedralen \u201cNgjallja e Krishtit\u201d n\u00eb Tiran\u00eb, t\u00eb mbushur plot me besimtar\u00eb dhe p\u00ebrfaq\u00ebsues t\u00eb shumt\u00eb, u zhvillua sot, m\u00eb 29 mars 2025, ceremonia e Fron\u00ebzimit t\u00eb Fortlumturis\u00eb s\u00eb Tij, Kryepiskopit t\u00eb Tiran\u00ebs, Durr\u00ebsit dhe gjith\u00eb Shqip\u00ebris\u00eb, Imzot Joan (Pelushi), si Primat i ri i Kish\u00ebs Orthodhokse Autoqefale t\u00eb Shqip\u00ebris\u00eb. Ky moment historik sh\u00ebnon fillimin e nj\u00eb epoke t\u00eb re p\u00ebr Kish\u00ebn Orthodokse Autoqefale t\u00eb Shqip\u00ebris\u00eb, pas ndarjes nga jeta t\u00eb Kryepiskopit t\u00eb ndjer\u00eb Anastas, i cili, p\u00ebr m\u00eb shum\u00eb se tridhjet\u00eb vjet, e ringjalli Kish\u00ebn nga rr\u00ebnojat e persekutimit t\u00eb eg\u00ebr ateist.<\/p>\n<p style=\"text-align: justify;\">Ceremonia nisi me hyrjen e Kryepiskopit t\u00eb ri n\u00eb kish\u00ebn katedrale, n\u00eb prani t\u00eb p\u00ebrfaq\u00ebsuesve t\u00eb t\u00eb gjitha Kishave Orthodhokse, p\u00ebrfaq\u00ebsive diplomatike, krer\u00ebve fetar\u00eb, zyrtar\u00ebve t\u00eb qeveris\u00eb dhe nj\u00eb numri t\u00eb madh besimtar\u00ebsh. Pas hyrjes, nga Episkopi i Kruj\u00ebs, hir\u00ebsi Anastasi, u lexua qarkorja e Sinodit t\u00eb Shenjt\u00eb p\u00ebr shpalljen e Kryepiskopit t\u00eb ri. M\u00eb pas, u zhvillua sh\u00ebrbesa e shenjt\u00eb sipas rregullit kishtar dhe vijuan fjal\u00ebt p\u00ebrsh\u00ebndet\u00ebse. I pari q\u00eb mori fjal\u00ebn ishte Mitropoliti i Apolonis\u00eb dhe Fierit, hir\u00ebsi Nikolla, i cili, n\u00eb em\u00ebr t\u00eb Sinodit t\u00eb Shenjt\u00eb, i dor\u00ebzoi Kryepiskopit t\u00eb ri shkopin kryebaritor. M\u00eb tej, fjalime mbajt\u00ebn nj\u00eb klerik nga Kryepiskopata e Tiran\u00ebs, Mitropoliti i Kalqedon\u00ebs, z. Emanuel, p\u00ebrfaq\u00ebsues i T\u00ebr\u00ebshenjt\u00ebris\u00eb s\u00eb Tij, Patriarkut Ekumenik, z. Vartholome dhe Presidenti i Republik\u00ebs s\u00eb Shqip\u00ebris\u00eb, Shk\u00eblqesia e tij, z. Bajram Begaj.<\/p>\n<p style=\"text-align: justify;\"><img decoding=\"async\" class=\"lazyload size-medium wp-image-67615 alignleft\" src=\"https:\/\/orthodoxalbania.org\/2020\/wp-content\/uploads\/2025\/03\/Kryepiskopi-Joan-29.03.2025-02-1-300x169.jpg\" data-orig-src=\"https:\/\/orthodoxalbania.org\/2020\/wp-content\/uploads\/2025\/03\/Kryepiskopi-Joan-29.03.2025-02-1-300x169.jpg\" alt=\"\" width=\"300\" height=\"169\" srcset=\"data:image\/svg+xml,%3Csvg%20xmlns%3D%27http%3A%2F%2Fwww.w3.org%2F2000%2Fsvg%27%20width%3D%27300%27%20height%3D%27169%27%20viewBox%3D%270%200%20300%20169%27%3E%3Crect%20width%3D%27300%27%20height%3D%27169%27%20fill-opacity%3D%220%22%2F%3E%3C%2Fsvg%3E\" data-srcset=\"https:\/\/orthodoxalbania.org\/2020\/wp-content\/uploads\/2025\/03\/Kryepiskopi-Joan-29.03.2025-02-1-200x113.jpg 200w, https:\/\/orthodoxalbania.org\/2020\/wp-content\/uploads\/2025\/03\/Kryepiskopi-Joan-29.03.2025-02-1-300x169.jpg 300w, https:\/\/orthodoxalbania.org\/2020\/wp-content\/uploads\/2025\/03\/Kryepiskopi-Joan-29.03.2025-02-1-400x225.jpg 400w, https:\/\/orthodoxalbania.org\/2020\/wp-content\/uploads\/2025\/03\/Kryepiskopi-Joan-29.03.2025-02-1-600x338.jpg 600w, https:\/\/orthodoxalbania.org\/2020\/wp-content\/uploads\/2025\/03\/Kryepiskopi-Joan-29.03.2025-02-1-768x432.jpg 768w, https:\/\/orthodoxalbania.org\/2020\/wp-content\/uploads\/2025\/03\/Kryepiskopi-Joan-29.03.2025-02-1-800x450.jpg 800w, https:\/\/orthodoxalbania.org\/2020\/wp-content\/uploads\/2025\/03\/Kryepiskopi-Joan-29.03.2025-02-1-1024x577.jpg 1024w, https:\/\/orthodoxalbania.org\/2020\/wp-content\/uploads\/2025\/03\/Kryepiskopi-Joan-29.03.2025-02-1-1200x676.jpg 1200w, https:\/\/orthodoxalbania.org\/2020\/wp-content\/uploads\/2025\/03\/Kryepiskopi-Joan-29.03.2025-02-1-1536x865.jpg 1536w\" data-sizes=\"auto\" data-orig-sizes=\"(max-width: 300px) 100vw, 300px\" \/>N\u00eb fjal\u00ebn e Fron\u00ebzimit, Fortlumturia e Tij, Kryepiskopi Joan, shprehu mir\u00ebnjohjen e thell\u00eb ndaj Per\u00ebndis\u00eb dhe ndaj t\u00eb gjith\u00eb atyre q\u00eb kan\u00eb kontribuar n\u00eb ringritjen dhe rrug\u00ebtimin e Kish\u00ebs s\u00eb Shqip\u00ebris\u00eb. I prekur, ai u shpreh: \u201cFal\u00ebnderojm\u00eb dhe nderojm\u00eb martir\u00ebt e Iliris\u00eb, t\u00eb cil\u00ebt p\u00ebrhap\u00ebn drit\u00ebn e besimit n\u00eb trojet ku jetojm\u00eb, me gjakun dhe jet\u00ebn e tyre; et\u00ebrit dhe shenjtor\u00ebt q\u00eb ruajt\u00ebn drit\u00ebn e besimit nd\u00ebr shekuj; si dhe d\u00ebshmor\u00ebt e rinj, t\u00eb cil\u00ebt, n\u00eb koh\u00ebt m\u00eb t\u00eb v\u00ebshtira p\u00ebr Kish\u00ebn dhe vendin ton\u00eb, dhan\u00eb jet\u00ebn p\u00ebr t\u00eb mbrojtur besimin, identitetin komb\u00ebtar dhe gjuh\u00ebn e tyre.\u201d<\/p>\n<p style=\"text-align: justify;\">Kryepiskopi i ri p\u00ebrmendi n\u00eb m\u00ebnyr\u00eb t\u00eb ve\u00e7ant\u00eb paraardh\u00ebsit e tij, duke theksuar kontributin e ve\u00e7ant\u00eb t\u00eb Theofan Nolit dhe t\u00eb Kryepiskopit Anastas, p\u00ebr t\u00eb cilin u shpreh: \u201cAi nuk u mjaftua vet\u00ebm n\u00eb rind\u00ebrtimin e mureve dhe t\u00eb infrastruktur\u00ebs fizike t\u00eb Kish\u00ebs, por p\u00ebrpjekja e tij thelb\u00ebsore ishte t\u00eb nd\u00ebrtonte nj\u00eb Kish\u00eb ku Zoti t\u00eb adhurohej \u2018n\u00eb shpirt dhe n\u00eb t\u00eb v\u00ebrtet\u00eb\u2019.\u201d<\/p>\n<p style=\"text-align: justify;\"><img decoding=\"async\" class=\"lazyload  wp-image-67613 alignleft\" src=\"https:\/\/orthodoxalbania.org\/2020\/wp-content\/uploads\/2025\/03\/Kryepiskopi-Joan-29.03.2025-03-1-300x169.jpg\" data-orig-src=\"https:\/\/orthodoxalbania.org\/2020\/wp-content\/uploads\/2025\/03\/Kryepiskopi-Joan-29.03.2025-03-1-300x169.jpg\" alt=\"\" width=\"257\" height=\"145\" srcset=\"data:image\/svg+xml,%3Csvg%20xmlns%3D%27http%3A%2F%2Fwww.w3.org%2F2000%2Fsvg%27%20width%3D%27257%27%20height%3D%27145%27%20viewBox%3D%270%200%20257%20145%27%3E%3Crect%20width%3D%27257%27%20height%3D%27145%27%20fill-opacity%3D%220%22%2F%3E%3C%2Fsvg%3E\" data-srcset=\"https:\/\/orthodoxalbania.org\/2020\/wp-content\/uploads\/2025\/03\/Kryepiskopi-Joan-29.03.2025-03-1-200x113.jpg 200w, https:\/\/orthodoxalbania.org\/2020\/wp-content\/uploads\/2025\/03\/Kryepiskopi-Joan-29.03.2025-03-1-300x169.jpg 300w, https:\/\/orthodoxalbania.org\/2020\/wp-content\/uploads\/2025\/03\/Kryepiskopi-Joan-29.03.2025-03-1-400x225.jpg 400w, https:\/\/orthodoxalbania.org\/2020\/wp-content\/uploads\/2025\/03\/Kryepiskopi-Joan-29.03.2025-03-1-600x338.jpg 600w, https:\/\/orthodoxalbania.org\/2020\/wp-content\/uploads\/2025\/03\/Kryepiskopi-Joan-29.03.2025-03-1-768x432.jpg 768w, https:\/\/orthodoxalbania.org\/2020\/wp-content\/uploads\/2025\/03\/Kryepiskopi-Joan-29.03.2025-03-1-800x450.jpg 800w, https:\/\/orthodoxalbania.org\/2020\/wp-content\/uploads\/2025\/03\/Kryepiskopi-Joan-29.03.2025-03-1-1024x577.jpg 1024w, https:\/\/orthodoxalbania.org\/2020\/wp-content\/uploads\/2025\/03\/Kryepiskopi-Joan-29.03.2025-03-1-1200x676.jpg 1200w, https:\/\/orthodoxalbania.org\/2020\/wp-content\/uploads\/2025\/03\/Kryepiskopi-Joan-29.03.2025-03-1-1536x865.jpg 1536w\" data-sizes=\"auto\" data-orig-sizes=\"(max-width: 257px) 100vw, 257px\" \/>Fortlumturia e Tij, Kryepiskopi Joan, shpalosi shtat\u00eb shtylla themelore t\u00eb misionit t\u00eb tij t\u00eb ri: ruajtjen e Tradit\u00ebs s\u00eb Shenjt\u00eb, forcimin e unitetit brenda Kish\u00ebs, ruajtjen e ekuilibrit midis \u201cUngjillit t\u00eb Mbret\u00ebris\u00eb\u201d dhe \u201cUngjillit Social\u201d, mbrojtjen e vlerave t\u00eb martes\u00ebs dhe t\u00eb familjes, ruajtjen dhe forcimin e bashk\u00ebjetes\u00ebs fetare n\u00eb Shqip\u00ebri, inkurajimin e t\u00eb rinjve p\u00ebr t\u00eb dashur atdheun e tyre dhe p\u00ebr t\u00eb mos e braktisur at\u00eb, si dhe kultivimin e marr\u00ebdh\u00ebnieve me t\u00eb gjitha Kishat dhe bashk\u00ebsit\u00eb e tjera fetare. \u201cPersonalisht do t\u00eb p\u00ebrpiqem me gjith\u00eb fuqin\u00eb time t\u2019i sh\u00ebrbej grigj\u00ebs q\u00eb m\u00eb \u00ebsht\u00eb besuar nga Per\u00ebndia, duke pasur gjithmon\u00eb parasysh fjal\u00ebt e Zotit se \u2018Biri i njeriut nuk erdhi p\u00ebr t\u2019u sh\u00ebrbyer, por p\u00ebr t\u00eb sh\u00ebrbyer\u2019,\u201d p\u00ebrfundoi Fortlumturia e Tij.<\/p>\n<p style=\"text-align: justify;\"><img decoding=\"async\" class=\"lazyload size-medium wp-image-67621 alignleft\" src=\"https:\/\/orthodoxalbania.org\/2020\/wp-content\/uploads\/2025\/03\/Kryepiskopi-Joan-29.03.2025-04-1-225x300.jpg\" data-orig-src=\"https:\/\/orthodoxalbania.org\/2020\/wp-content\/uploads\/2025\/03\/Kryepiskopi-Joan-29.03.2025-04-1-225x300.jpg\" alt=\"\" width=\"225\" height=\"300\" srcset=\"data:image\/svg+xml,%3Csvg%20xmlns%3D%27http%3A%2F%2Fwww.w3.org%2F2000%2Fsvg%27%20width%3D%27225%27%20height%3D%27300%27%20viewBox%3D%270%200%20225%20300%27%3E%3Crect%20width%3D%27225%27%20height%3D%27300%27%20fill-opacity%3D%220%22%2F%3E%3C%2Fsvg%3E\" data-srcset=\"https:\/\/orthodoxalbania.org\/2020\/wp-content\/uploads\/2025\/03\/Kryepiskopi-Joan-29.03.2025-04-1-200x267.jpg 200w, https:\/\/orthodoxalbania.org\/2020\/wp-content\/uploads\/2025\/03\/Kryepiskopi-Joan-29.03.2025-04-1-225x300.jpg 225w, https:\/\/orthodoxalbania.org\/2020\/wp-content\/uploads\/2025\/03\/Kryepiskopi-Joan-29.03.2025-04-1-400x533.jpg 400w, https:\/\/orthodoxalbania.org\/2020\/wp-content\/uploads\/2025\/03\/Kryepiskopi-Joan-29.03.2025-04-1-600x800.jpg 600w, https:\/\/orthodoxalbania.org\/2020\/wp-content\/uploads\/2025\/03\/Kryepiskopi-Joan-29.03.2025-04-1-768x1024.jpg 768w, https:\/\/orthodoxalbania.org\/2020\/wp-content\/uploads\/2025\/03\/Kryepiskopi-Joan-29.03.2025-04-1-800x1067.jpg 800w, https:\/\/orthodoxalbania.org\/2020\/wp-content\/uploads\/2025\/03\/Kryepiskopi-Joan-29.03.2025-04-1-1152x1536.jpg 1152w, https:\/\/orthodoxalbania.org\/2020\/wp-content\/uploads\/2025\/03\/Kryepiskopi-Joan-29.03.2025-04-1-1200x1600.jpg 1200w, https:\/\/orthodoxalbania.org\/2020\/wp-content\/uploads\/2025\/03\/Kryepiskopi-Joan-29.03.2025-04-1-1536x2048.jpg 1536w, https:\/\/orthodoxalbania.org\/2020\/wp-content\/uploads\/2025\/03\/Kryepiskopi-Joan-29.03.2025-04-1-scaled.jpg 1920w\" data-sizes=\"auto\" data-orig-sizes=\"(max-width: 225px) 100vw, 225px\" \/>Fortlumturia e Tij, Kryepiskopi Joan, me emrin civil Fatmir Pelushi, ka lindur n\u00eb Tiran\u00eb n\u00eb vitin 1956. Ai u pag\u00ebzua fshehurazi n\u00eb vitin 1979, gjat\u00eb periudh\u00ebs s\u00eb persekutimeve, nga at\u00eb Kozma Qirjo, i cili m\u00eb von\u00eb u b\u00eb Episkopi i Apolonis\u00eb. Ka ndjekur studimet n\u00eb deg\u00ebn e Psikologjis\u00eb n\u00eb Universitetin e Tiran\u00ebs dhe m\u00eb pas n\u00eb Fakultetin Teologjik t\u00eb Kryqit t\u00eb Shenjt\u00eb n\u00eb Boston, ku u dallua p\u00ebr rezultatet e tij t\u00eb shk\u00eblqyera. U dor\u00ebzua dhjak dhe prift n\u00eb vitin 1994, nd\u00ebrsa n\u00eb vitin 1998 u zgjodh Mitropolit i Kor\u00e7\u00ebs, detyr\u00eb t\u00eb cil\u00ebn e mbajti p\u00ebr nj\u00ebzet e shtat\u00eb vjet, duke zhvilluar nj\u00eb veprimtari t\u00eb pasur baritore, shpirt\u00ebrore dhe shoq\u00ebrore. Ka p\u00ebrfaq\u00ebsuar Kish\u00ebn Orthodhokse Autoqefale t\u00eb Shqip\u00ebris\u00eb n\u00eb shum\u00eb konferenca dhe dialog\u00eb nd\u00ebrorthodhoks\u00eb dhe nd\u00ebr t\u00eb krishter\u00eb dhe ka shkruar e p\u00ebrkthyer nj\u00eb s\u00ebr\u00eb veprash teologjike n\u00eb gjuh\u00ebn shqipe.<\/p>\n<p style=\"text-align: justify;\">N\u00eb ceremonin\u00eb e Fron\u00ebzimit t\u00eb Kryepiskopit t\u00eb ri t\u00eb Kish\u00ebs Orthodhokse Autoqefale t\u00eb Shqip\u00ebris\u00eb mor\u00ebn pjes\u00eb: Presidenti i Republik\u00ebs s\u00eb Shqip\u00ebris\u00eb, Shk\u00eblqesia e Tij, z. Bajram Begaj, Kryetarja e Kuvendit, znj. Elisa Spiropali, Z\u00ebvend\u00ebskryeministrja dhe Ministrja e Infrastruktur\u00ebs dhe e Energjis\u00eb, znj. Belinda Balluku si dhe Ministri p\u00ebr Evrop\u00ebn dhe Pun\u00ebt e Jashtme, z. Igli Hasani. T\u00eb pranish\u00ebm ishin, gjithashtu, Ministri i Mbrojtjes i Greqis\u00eb, z. Nikos Dendias dhe Ministrja e Arsimit, znj. Sofia Zacharaki. Selia e Shenjt\u00eb u p\u00ebrfaq\u00ebsua nga Kryepiskopi z. Flavio Pace, i shoq\u00ebruar nga p\u00ebrfaq\u00ebsues t\u00eb nivelit t\u00eb lart\u00eb t\u00eb Vatikanit. Nga Kishat Orthodhokse mor\u00ebn pjes\u00eb Mitropolit\u00ebt: Emanuel i Kalqedon\u00ebs dhe Serapioni i Paramithis\u00eb, Filiat\u00ebve dhe Gjiromerit (nga Patriarkana Ekumenike), Serafimi i Zimbabves\u00eb dhe Angol\u00ebs (nga Patriarkana e Aleksandris\u00eb), Ignati Al-Houshi i Franc\u00ebs, Evrop\u00ebs Per\u00ebndimore dhe Jugore (nga Patriarkana e Antiokis\u00eb), Nektari i Anfidonit (nga Patriarkana e Jerusalemit), Nestori i Korsunit dhe Evrop\u00ebs Per\u00ebndimore (nga Patriarkana e Rusis\u00eb), Theodhosi i Rashk\u00ebs-Prizrenit dhe Arsenio i Nishit (nga Patriarkana e Serbis\u00eb), Nifoni i T\u00ebrgovishtit (nga Patriarkana e Rumanis\u00eb), Serafimi i Nevrokopit dhe Grigori i Vrac\u00ebs (nga Patriarkana e Bullgaris\u00eb), Gerasimos Sarasenicze i Zugdidit dhe \u00c7aisit (nga Patriarkana e Gjeorgjis\u00eb), Peshkopi Kristofor i Karpasias (nga Kisha e Qipros), Justini i Kren\u00ebs s\u00eb Re, Athanasi i Sisanit dhe Siatist\u00ebs, Nektari i Korfuzit, Kaliniku i Kosturit (nga Kisha e Greqis\u00eb), Peshkopi Pavllo (Tokajuk) (nga Kisha e Polonis\u00eb), Kryepeshkopi Gjergji i Mihalovc\u00ebs dhe Kosic\u00ebs (nga Kisha e \u00c7ekis\u00eb dhe Sllovakis\u00eb), Josifi i Tetov\u00ebs dhe Gostivarit dhe Jakovi i Shtipit (nga Kisha e Maqedonis\u00eb s\u00eb Veriut), Nikodhimi i Bostonit (n ga Kisha Orthodhokse e Amerik\u00ebs \u2013 OCA). Patriarkana e Jerusalemit u p\u00ebrfaq\u00ebsua, gjithashtu, nga priftmurgu Irine, nd\u00ebrsa Patriarkanat e Mosk\u00ebs dhe t\u00eb Serbis\u00eb u p\u00ebrfaq\u00ebsuan p\u00ebrkat\u00ebsisht nga arkimandrit\u00ebt Irine dhe Andrea.<\/p>\n<p style=\"text-align: justify;\">Pas p\u00ebrfundimit t\u00eb ceremonis\u00eb u shtrua nj\u00eb drek\u00eb zyrtare n\u00eb nder t\u00eb Kryepiskopit t\u00eb ri dhe t\u00eb t\u00eb ftuarve t\u00eb pranish\u00ebm.<\/p>\n<\/div><div class=\"fusion-separator fusion-full-width-sep\" style=\"align-self: center;margin-left: auto;margin-right: auto;margin-top:30px;margin-bottom:30px;width:100%;\"><div class=\"fusion-separator-border sep-shadow\" style=\"--awb-height:20px;--awb-amount:20px;background:radial-gradient(ellipse at 50% -50% , #E8E6E5 0px, rgba(255, 255, 255, 0) 80%) repeat scroll 0 0 rgba(0, 0, 0, 0);background:-webkit-radial-gradient(ellipse at 50% -50% , #E8E6E5 0px, rgba(255, 255, 255, 0) 80%) repeat scroll 0 0 rgba(0, 0, 0, 0);background:-moz-radial-gradient(ellipse at 50% -50% , #E8E6E5 0px, rgba(255, 255, 255, 0) 80%) repeat scroll 0 0 rgba(0, 0, 0, 0);background:-o-radial-gradient(ellipse at 50% -50% , #E8E6E5 0px, rgba(255, 255, 255, 0) 80%) repeat scroll 0 0 rgba(0, 0, 0, 0);\"><\/div><\/div><div class=\"fusion-text fusion-text-3\"><h4><em><strong>D\u00ebgjoni Live<\/strong><\/em><\/h4>\n<p><iframe style=\"border: none; overflow: hidden;\" src=\"https:\/\/www.facebook.com\/plugins\/video.php?height=314&amp;href=https%3A%2F%2Fwww.facebook.com%2FRadioNgjallja%2Fvideos%2F1858940237978503%2F&amp;show_text=true&amp;width=560&amp;t=0\" width=\"560\" height=\"429\" frameborder=\"0\" scrolling=\"no\" allowfullscreen=\"allowfullscreen\"><\/iframe><\/p>\n<\/div><div class=\"fusion-separator fusion-full-width-sep\" style=\"align-self: center;margin-left: auto;margin-right: auto;margin-top:30px;margin-bottom:30px;width:100%;\"><div class=\"fusion-separator-border sep-shadow\" style=\"--awb-height:20px;--awb-amount:20px;background:radial-gradient(ellipse at 50% -50% , #E8E6E5 0px, rgba(255, 255, 255, 0) 80%) repeat scroll 0 0 rgba(0, 0, 0, 0);background:-webkit-radial-gradient(ellipse at 50% -50% , #E8E6E5 0px, rgba(255, 255, 255, 0) 80%) repeat scroll 0 0 rgba(0, 0, 0, 0);background:-moz-radial-gradient(ellipse at 50% -50% , #E8E6E5 0px, rgba(255, 255, 255, 0) 80%) repeat scroll 0 0 rgba(0, 0, 0, 0);background:-o-radial-gradient(ellipse at 50% -50% , #E8E6E5 0px, rgba(255, 255, 255, 0) 80%) repeat scroll 0 0 rgba(0, 0, 0, 0);\"><\/div><\/div><div class=\"fusion-text fusion-text-4\"><h4 style=\"text-align: left;\"><em><strong>Foto Album nga fron\u00ebzimi<\/strong><\/em><\/h4>\n<p><iframe style=\"border: none; overflow: hidden;\" src=\"https:\/\/www.facebook.com\/plugins\/post.php?href=https%3A%2F%2Fwww.facebook.com%2FRadioNgjallja%2Fposts%2Fpfbid0Pwc7nv9L5oNSRYVEUE8bu5fGvzaxCy5Kwms2RSyDawrUXv8TasfL4ah2T1YytmuMl&amp;show_text=true&amp;width=500\" width=\"500\" height=\"661\" frameborder=\"0\" scrolling=\"no\" allowfullscreen=\"allowfullscreen\"><\/iframe><\/p>\n<\/div><\/div><\/div><\/div><\/div>\n","protected":false},"excerpt":{"rendered":"","protected":false},"author":7,"featured_media":67607,"comment_status":"closed","ping_status":"closed","sticky":false,"template":"","format":"standard","meta":{"_acf_changed":false,"pagelayer_contact_templates":[],"_pagelayer_content":"","inline_featured_image":false,"fifu_image_url":"","fifu_image_alt":"","footnotes":""},"categories":[1935],"tags":[3561,3770,3768,212,3632,3426],"class_list":["post-67591","post","type-post","status-publish","format-standard","has-post-thumbnail","hentry","category-news-sq","tag-3561","tag-fortlumturise-se-tij","tag-fronezimi-i-kryepiskopit-te-ri-te-shqiperise","tag-lajme-d27","tag-ne-tirane","tag-z-joan"],"acf":[],"yoast_head":"<!-- This site is optimized with the Yoast SEO plugin v27.2 - https:\/\/yoast.com\/product\/yoast-seo-wordpress\/ -->\n<title>Fron\u00ebzimi i Kryepiskopit t\u00eb ri t\u00eb Shqip\u00ebris\u00eb, Fortlumturis\u00eb s\u00eb Tij, z. Joan, n\u00eb Tiran\u00eb 29.03.2025 - Kisha Orthodh\u03bfkse Autoqefale e Shqip\u00ebris\u00eb<\/title>\n<meta name=\"robots\" content=\"index, follow, max-snippet:-1, max-image-preview:large, max-video-preview:-1\" \/>\n<link rel=\"canonical\" href=\"https:\/\/orthodoxalbania.org\/2020\/2025\/03\/29\/fronezimi-i-kryepiskopit-te-ri-te-shqiperise-fortlumturise-se-tij-z-joan-ne-tirane-29-03-2025\/\" \/>\n<meta property=\"og:locale\" content=\"en_US\" \/>\n<meta property=\"og:type\" content=\"article\" \/>\n<meta property=\"og:title\" content=\"Fron\u00ebzimi i Kryepiskopit t\u00eb ri t\u00eb Shqip\u00ebris\u00eb, Fortlumturis\u00eb s\u00eb Tij, z. Joan, n\u00eb Tiran\u00eb 29.03.2025 - Kisha Orthodh\u03bfkse Autoqefale e Shqip\u00ebris\u00eb\" \/>\n<meta property=\"og:url\" content=\"https:\/\/orthodoxalbania.org\/2020\/2025\/03\/29\/fronezimi-i-kryepiskopit-te-ri-te-shqiperise-fortlumturise-se-tij-z-joan-ne-tirane-29-03-2025\/\" \/>\n<meta property=\"og:site_name\" content=\"Kisha Orthodh\u03bfkse Autoqefale e Shqip\u00ebris\u00eb\" \/>\n<meta property=\"article:publisher\" content=\"https:\/\/www.facebook.com\/koash1991\" \/>\n<meta property=\"article:published_time\" content=\"2025-03-29T11:43:59+00:00\" \/>\n<meta property=\"article:modified_time\" content=\"2025-03-29T17:50:11+00:00\" \/>\n<meta property=\"og:image\" content=\"https:\/\/orthodoxalbania.org\/2020\/wp-content\/uploads\/2025\/03\/Screenshot-2025-03-29-114200.png\" \/>\n\t<meta property=\"og:image:width\" content=\"1399\" \/>\n\t<meta property=\"og:image:height\" content=\"609\" \/>\n\t<meta property=\"og:image:type\" content=\"image\/png\" \/>\n<meta name=\"author\" content=\"Kisha Orthodhokse\" \/>\n<meta name=\"twitter:card\" content=\"summary_large_image\" \/>\n<meta name=\"twitter:label1\" content=\"Written by\" \/>\n\t<meta name=\"twitter:data1\" content=\"Kisha Orthodhokse\" \/>\n\t<meta name=\"twitter:label2\" content=\"Est. reading time\" \/>\n\t<meta name=\"twitter:data2\" content=\"7 minutes\" \/>\n<script type=\"application\/ld+json\" class=\"yoast-schema-graph\">{\"@context\":\"https:\/\/schema.org\",\"@graph\":[{\"@type\":\"Article\",\"@id\":\"https:\/\/orthodoxalbania.org\/2020\/2025\/03\/29\/fronezimi-i-kryepiskopit-te-ri-te-shqiperise-fortlumturise-se-tij-z-joan-ne-tirane-29-03-2025\/#article\",\"isPartOf\":{\"@id\":\"https:\/\/orthodoxalbania.org\/2020\/2025\/03\/29\/fronezimi-i-kryepiskopit-te-ri-te-shqiperise-fortlumturise-se-tij-z-joan-ne-tirane-29-03-2025\/\"},\"author\":{\"name\":\"Kisha Orthodhokse\",\"@id\":\"https:\/\/orthodoxalbania.org\/2020\/#\/schema\/person\/df745f942b70e045b3dc05a30211f0de\"},\"headline\":\"Fron\u00ebzimi i Kryepiskopit t\u00eb ri t\u00eb Shqip\u00ebris\u00eb, Fortlumturis\u00eb s\u00eb Tij, z. Joan, n\u00eb Tiran\u00eb 29.03.2025\",\"datePublished\":\"2025-03-29T11:43:59+00:00\",\"dateModified\":\"2025-03-29T17:50:11+00:00\",\"mainEntityOfPage\":{\"@id\":\"https:\/\/orthodoxalbania.org\/2020\/2025\/03\/29\/fronezimi-i-kryepiskopit-te-ri-te-shqiperise-fortlumturise-se-tij-z-joan-ne-tirane-29-03-2025\/\"},\"wordCount\":1679,\"publisher\":{\"@id\":\"https:\/\/orthodoxalbania.org\/2020\/#organization\"},\"image\":{\"@id\":\"https:\/\/orthodoxalbania.org\/2020\/2025\/03\/29\/fronezimi-i-kryepiskopit-te-ri-te-shqiperise-fortlumturise-se-tij-z-joan-ne-tirane-29-03-2025\/#primaryimage\"},\"thumbnailUrl\":\"https:\/\/orthodoxalbania.org\/2020\/wp-content\/uploads\/2025\/03\/Screenshot-2025-03-29-114200.png\",\"keywords\":[\"2025\",\"Fortlumturis\u00eb s\u00eb Tij\",\"Fron\u00ebzimi i Kryepiskopit t\u00eb ri t\u00eb Shqip\u00ebris\u00eb\",\"lajme\",\"n\u00eb Tiran\u00eb\",\"z. Joan\"],\"articleSection\":[\"Lajme AL\"],\"inLanguage\":\"en-US\"},{\"@type\":\"WebPage\",\"@id\":\"https:\/\/orthodoxalbania.org\/2020\/2025\/03\/29\/fronezimi-i-kryepiskopit-te-ri-te-shqiperise-fortlumturise-se-tij-z-joan-ne-tirane-29-03-2025\/\",\"url\":\"https:\/\/orthodoxalbania.org\/2020\/2025\/03\/29\/fronezimi-i-kryepiskopit-te-ri-te-shqiperise-fortlumturise-se-tij-z-joan-ne-tirane-29-03-2025\/\",\"name\":\"Fron\u00ebzimi i Kryepiskopit t\u00eb ri t\u00eb Shqip\u00ebris\u00eb, Fortlumturis\u00eb s\u00eb Tij, z. Joan, n\u00eb Tiran\u00eb 29.03.2025 - Kisha Orthodh\u03bfkse Autoqefale e Shqip\u00ebris\u00eb\",\"isPartOf\":{\"@id\":\"https:\/\/orthodoxalbania.org\/2020\/#website\"},\"primaryImageOfPage\":{\"@id\":\"https:\/\/orthodoxalbania.org\/2020\/2025\/03\/29\/fronezimi-i-kryepiskopit-te-ri-te-shqiperise-fortlumturise-se-tij-z-joan-ne-tirane-29-03-2025\/#primaryimage\"},\"image\":{\"@id\":\"https:\/\/orthodoxalbania.org\/2020\/2025\/03\/29\/fronezimi-i-kryepiskopit-te-ri-te-shqiperise-fortlumturise-se-tij-z-joan-ne-tirane-29-03-2025\/#primaryimage\"},\"thumbnailUrl\":\"https:\/\/orthodoxalbania.org\/2020\/wp-content\/uploads\/2025\/03\/Screenshot-2025-03-29-114200.png\",\"datePublished\":\"2025-03-29T11:43:59+00:00\",\"dateModified\":\"2025-03-29T17:50:11+00:00\",\"breadcrumb\":{\"@id\":\"https:\/\/orthodoxalbania.org\/2020\/2025\/03\/29\/fronezimi-i-kryepiskopit-te-ri-te-shqiperise-fortlumturise-se-tij-z-joan-ne-tirane-29-03-2025\/#breadcrumb\"},\"inLanguage\":\"en-US\",\"potentialAction\":[{\"@type\":\"ReadAction\",\"target\":[\"https:\/\/orthodoxalbania.org\/2020\/2025\/03\/29\/fronezimi-i-kryepiskopit-te-ri-te-shqiperise-fortlumturise-se-tij-z-joan-ne-tirane-29-03-2025\/\"]}]},{\"@type\":\"ImageObject\",\"inLanguage\":\"en-US\",\"@id\":\"https:\/\/orthodoxalbania.org\/2020\/2025\/03\/29\/fronezimi-i-kryepiskopit-te-ri-te-shqiperise-fortlumturise-se-tij-z-joan-ne-tirane-29-03-2025\/#primaryimage\",\"url\":\"https:\/\/orthodoxalbania.org\/2020\/wp-content\/uploads\/2025\/03\/Screenshot-2025-03-29-114200.png\",\"contentUrl\":\"https:\/\/orthodoxalbania.org\/2020\/wp-content\/uploads\/2025\/03\/Screenshot-2025-03-29-114200.png\",\"width\":1399,\"height\":609},{\"@type\":\"BreadcrumbList\",\"@id\":\"https:\/\/orthodoxalbania.org\/2020\/2025\/03\/29\/fronezimi-i-kryepiskopit-te-ri-te-shqiperise-fortlumturise-se-tij-z-joan-ne-tirane-29-03-2025\/#breadcrumb\",\"itemListElement\":[{\"@type\":\"ListItem\",\"position\":1,\"name\":\"Home\",\"item\":\"https:\/\/orthodoxalbania.org\/2020\/\"},{\"@type\":\"ListItem\",\"position\":2,\"name\":\"Fron\u00ebzimi i Kryepiskopit t\u00eb ri t\u00eb Shqip\u00ebris\u00eb, Fortlumturis\u00eb s\u00eb Tij, z. Joan, n\u00eb Tiran\u00eb 29.03.2025\"}]},{\"@type\":\"WebSite\",\"@id\":\"https:\/\/orthodoxalbania.org\/2020\/#website\",\"url\":\"https:\/\/orthodoxalbania.org\/2020\/\",\"name\":\"Kisha Orthodh\u03bfkse Autoqefale e Shqip\u00ebris\u00eb\",\"description\":\"Fqja Zyrtare e Kish\u00ebs Orthodhokse Autoqefale e Shqip\u00ebris\u00eb me lajmet edhe informacionet zyrtare p\u00ebr struktur\u00ebn edhe veprimtarin e saj.\",\"publisher\":{\"@id\":\"https:\/\/orthodoxalbania.org\/2020\/#organization\"},\"potentialAction\":[{\"@type\":\"SearchAction\",\"target\":{\"@type\":\"EntryPoint\",\"urlTemplate\":\"https:\/\/orthodoxalbania.org\/2020\/?s={search_term_string}\"},\"query-input\":{\"@type\":\"PropertyValueSpecification\",\"valueRequired\":true,\"valueName\":\"search_term_string\"}}],\"inLanguage\":\"en-US\"},{\"@type\":\"Organization\",\"@id\":\"https:\/\/orthodoxalbania.org\/2020\/#organization\",\"name\":\"Kisha Orthodhokse Autoqefale e Shqip\u00ebris\u00eb\",\"url\":\"https:\/\/orthodoxalbania.org\/2020\/\",\"logo\":{\"@type\":\"ImageObject\",\"inLanguage\":\"en-US\",\"@id\":\"https:\/\/orthodoxalbania.org\/2020\/#\/schema\/logo\/image\/\",\"url\":\"https:\/\/orthodoxalbania.org\/2020\/wp-content\/uploads\/2020\/05\/albania.jpeg\",\"contentUrl\":\"https:\/\/orthodoxalbania.org\/2020\/wp-content\/uploads\/2020\/05\/albania.jpeg\",\"width\":540,\"height\":540,\"caption\":\"Kisha Orthodhokse Autoqefale e Shqip\u00ebris\u00eb\"},\"image\":{\"@id\":\"https:\/\/orthodoxalbania.org\/2020\/#\/schema\/logo\/image\/\"},\"sameAs\":[\"https:\/\/www.facebook.com\/koash1991\"]},{\"@type\":\"Person\",\"@id\":\"https:\/\/orthodoxalbania.org\/2020\/#\/schema\/person\/df745f942b70e045b3dc05a30211f0de\",\"name\":\"Kisha Orthodhokse\",\"image\":{\"@type\":\"ImageObject\",\"inLanguage\":\"en-US\",\"@id\":\"https:\/\/secure.gravatar.com\/avatar\/2676eb8d97178435c9f691a7871595a1da6c33542dec218bce40885573150e28?s=96&d=mm&r=g\",\"url\":\"https:\/\/secure.gravatar.com\/avatar\/2676eb8d97178435c9f691a7871595a1da6c33542dec218bce40885573150e28?s=96&d=mm&r=g\",\"contentUrl\":\"https:\/\/secure.gravatar.com\/avatar\/2676eb8d97178435c9f691a7871595a1da6c33542dec218bce40885573150e28?s=96&d=mm&r=g\",\"caption\":\"Kisha Orthodhokse\"}}]}<\/script>\n<!-- \/ Yoast SEO plugin. -->","yoast_head_json":{"title":"Fron\u00ebzimi i Kryepiskopit t\u00eb ri t\u00eb Shqip\u00ebris\u00eb, Fortlumturis\u00eb s\u00eb Tij, z. Joan, n\u00eb Tiran\u00eb 29.03.2025 - Kisha Orthodh\u03bfkse Autoqefale e Shqip\u00ebris\u00eb","robots":{"index":"index","follow":"follow","max-snippet":"max-snippet:-1","max-image-preview":"max-image-preview:large","max-video-preview":"max-video-preview:-1"},"canonical":"https:\/\/orthodoxalbania.org\/2020\/2025\/03\/29\/fronezimi-i-kryepiskopit-te-ri-te-shqiperise-fortlumturise-se-tij-z-joan-ne-tirane-29-03-2025\/","og_locale":"en_US","og_type":"article","og_title":"Fron\u00ebzimi i Kryepiskopit t\u00eb ri t\u00eb Shqip\u00ebris\u00eb, Fortlumturis\u00eb s\u00eb Tij, z. Joan, n\u00eb Tiran\u00eb 29.03.2025 - Kisha Orthodh\u03bfkse Autoqefale e Shqip\u00ebris\u00eb","og_url":"https:\/\/orthodoxalbania.org\/2020\/2025\/03\/29\/fronezimi-i-kryepiskopit-te-ri-te-shqiperise-fortlumturise-se-tij-z-joan-ne-tirane-29-03-2025\/","og_site_name":"Kisha Orthodh\u03bfkse Autoqefale e Shqip\u00ebris\u00eb","article_publisher":"https:\/\/www.facebook.com\/koash1991","article_published_time":"2025-03-29T11:43:59+00:00","article_modified_time":"2025-03-29T17:50:11+00:00","og_image":[{"width":1399,"height":609,"url":"https:\/\/orthodoxalbania.org\/2020\/wp-content\/uploads\/2025\/03\/Screenshot-2025-03-29-114200.png","type":"image\/png"}],"author":"Kisha Orthodhokse","twitter_card":"summary_large_image","twitter_misc":{"Written by":"Kisha Orthodhokse","Est. reading time":"7 minutes"},"schema":{"@context":"https:\/\/schema.org","@graph":[{"@type":"Article","@id":"https:\/\/orthodoxalbania.org\/2020\/2025\/03\/29\/fronezimi-i-kryepiskopit-te-ri-te-shqiperise-fortlumturise-se-tij-z-joan-ne-tirane-29-03-2025\/#article","isPartOf":{"@id":"https:\/\/orthodoxalbania.org\/2020\/2025\/03\/29\/fronezimi-i-kryepiskopit-te-ri-te-shqiperise-fortlumturise-se-tij-z-joan-ne-tirane-29-03-2025\/"},"author":{"name":"Kisha Orthodhokse","@id":"https:\/\/orthodoxalbania.org\/2020\/#\/schema\/person\/df745f942b70e045b3dc05a30211f0de"},"headline":"Fron\u00ebzimi i Kryepiskopit t\u00eb ri t\u00eb Shqip\u00ebris\u00eb, Fortlumturis\u00eb s\u00eb Tij, z. Joan, n\u00eb Tiran\u00eb 29.03.2025","datePublished":"2025-03-29T11:43:59+00:00","dateModified":"2025-03-29T17:50:11+00:00","mainEntityOfPage":{"@id":"https:\/\/orthodoxalbania.org\/2020\/2025\/03\/29\/fronezimi-i-kryepiskopit-te-ri-te-shqiperise-fortlumturise-se-tij-z-joan-ne-tirane-29-03-2025\/"},"wordCount":1679,"publisher":{"@id":"https:\/\/orthodoxalbania.org\/2020\/#organization"},"image":{"@id":"https:\/\/orthodoxalbania.org\/2020\/2025\/03\/29\/fronezimi-i-kryepiskopit-te-ri-te-shqiperise-fortlumturise-se-tij-z-joan-ne-tirane-29-03-2025\/#primaryimage"},"thumbnailUrl":"https:\/\/orthodoxalbania.org\/2020\/wp-content\/uploads\/2025\/03\/Screenshot-2025-03-29-114200.png","keywords":["2025","Fortlumturis\u00eb s\u00eb Tij","Fron\u00ebzimi i Kryepiskopit t\u00eb ri t\u00eb Shqip\u00ebris\u00eb","lajme","n\u00eb Tiran\u00eb","z. Joan"],"articleSection":["Lajme AL"],"inLanguage":"en-US"},{"@type":"WebPage","@id":"https:\/\/orthodoxalbania.org\/2020\/2025\/03\/29\/fronezimi-i-kryepiskopit-te-ri-te-shqiperise-fortlumturise-se-tij-z-joan-ne-tirane-29-03-2025\/","url":"https:\/\/orthodoxalbania.org\/2020\/2025\/03\/29\/fronezimi-i-kryepiskopit-te-ri-te-shqiperise-fortlumturise-se-tij-z-joan-ne-tirane-29-03-2025\/","name":"Fron\u00ebzimi i Kryepiskopit t\u00eb ri t\u00eb Shqip\u00ebris\u00eb, Fortlumturis\u00eb s\u00eb Tij, z. Joan, n\u00eb Tiran\u00eb 29.03.2025 - Kisha Orthodh\u03bfkse Autoqefale e Shqip\u00ebris\u00eb","isPartOf":{"@id":"https:\/\/orthodoxalbania.org\/2020\/#website"},"primaryImageOfPage":{"@id":"https:\/\/orthodoxalbania.org\/2020\/2025\/03\/29\/fronezimi-i-kryepiskopit-te-ri-te-shqiperise-fortlumturise-se-tij-z-joan-ne-tirane-29-03-2025\/#primaryimage"},"image":{"@id":"https:\/\/orthodoxalbania.org\/2020\/2025\/03\/29\/fronezimi-i-kryepiskopit-te-ri-te-shqiperise-fortlumturise-se-tij-z-joan-ne-tirane-29-03-2025\/#primaryimage"},"thumbnailUrl":"https:\/\/orthodoxalbania.org\/2020\/wp-content\/uploads\/2025\/03\/Screenshot-2025-03-29-114200.png","datePublished":"2025-03-29T11:43:59+00:00","dateModified":"2025-03-29T17:50:11+00:00","breadcrumb":{"@id":"https:\/\/orthodoxalbania.org\/2020\/2025\/03\/29\/fronezimi-i-kryepiskopit-te-ri-te-shqiperise-fortlumturise-se-tij-z-joan-ne-tirane-29-03-2025\/#breadcrumb"},"inLanguage":"en-US","potentialAction":[{"@type":"ReadAction","target":["https:\/\/orthodoxalbania.org\/2020\/2025\/03\/29\/fronezimi-i-kryepiskopit-te-ri-te-shqiperise-fortlumturise-se-tij-z-joan-ne-tirane-29-03-2025\/"]}]},{"@type":"ImageObject","inLanguage":"en-US","@id":"https:\/\/orthodoxalbania.org\/2020\/2025\/03\/29\/fronezimi-i-kryepiskopit-te-ri-te-shqiperise-fortlumturise-se-tij-z-joan-ne-tirane-29-03-2025\/#primaryimage","url":"https:\/\/orthodoxalbania.org\/2020\/wp-content\/uploads\/2025\/03\/Screenshot-2025-03-29-114200.png","contentUrl":"https:\/\/orthodoxalbania.org\/2020\/wp-content\/uploads\/2025\/03\/Screenshot-2025-03-29-114200.png","width":1399,"height":609},{"@type":"BreadcrumbList","@id":"https:\/\/orthodoxalbania.org\/2020\/2025\/03\/29\/fronezimi-i-kryepiskopit-te-ri-te-shqiperise-fortlumturise-se-tij-z-joan-ne-tirane-29-03-2025\/#breadcrumb","itemListElement":[{"@type":"ListItem","position":1,"name":"Home","item":"https:\/\/orthodoxalbania.org\/2020\/"},{"@type":"ListItem","position":2,"name":"Fron\u00ebzimi i Kryepiskopit t\u00eb ri t\u00eb Shqip\u00ebris\u00eb, Fortlumturis\u00eb s\u00eb Tij, z. Joan, n\u00eb Tiran\u00eb 29.03.2025"}]},{"@type":"WebSite","@id":"https:\/\/orthodoxalbania.org\/2020\/#website","url":"https:\/\/orthodoxalbania.org\/2020\/","name":"Kisha Orthodh\u03bfkse Autoqefale e Shqip\u00ebris\u00eb","description":"Fqja Zyrtare e Kish\u00ebs Orthodhokse Autoqefale e Shqip\u00ebris\u00eb me lajmet edhe informacionet zyrtare p\u00ebr struktur\u00ebn edhe veprimtarin e saj.","publisher":{"@id":"https:\/\/orthodoxalbania.org\/2020\/#organization"},"potentialAction":[{"@type":"SearchAction","target":{"@type":"EntryPoint","urlTemplate":"https:\/\/orthodoxalbania.org\/2020\/?s={search_term_string}"},"query-input":{"@type":"PropertyValueSpecification","valueRequired":true,"valueName":"search_term_string"}}],"inLanguage":"en-US"},{"@type":"Organization","@id":"https:\/\/orthodoxalbania.org\/2020\/#organization","name":"Kisha Orthodhokse Autoqefale e Shqip\u00ebris\u00eb","url":"https:\/\/orthodoxalbania.org\/2020\/","logo":{"@type":"ImageObject","inLanguage":"en-US","@id":"https:\/\/orthodoxalbania.org\/2020\/#\/schema\/logo\/image\/","url":"https:\/\/orthodoxalbania.org\/2020\/wp-content\/uploads\/2020\/05\/albania.jpeg","contentUrl":"https:\/\/orthodoxalbania.org\/2020\/wp-content\/uploads\/2020\/05\/albania.jpeg","width":540,"height":540,"caption":"Kisha Orthodhokse Autoqefale e Shqip\u00ebris\u00eb"},"image":{"@id":"https:\/\/orthodoxalbania.org\/2020\/#\/schema\/logo\/image\/"},"sameAs":["https:\/\/www.facebook.com\/koash1991"]},{"@type":"Person","@id":"https:\/\/orthodoxalbania.org\/2020\/#\/schema\/person\/df745f942b70e045b3dc05a30211f0de","name":"Kisha Orthodhokse","image":{"@type":"ImageObject","inLanguage":"en-US","@id":"https:\/\/secure.gravatar.com\/avatar\/2676eb8d97178435c9f691a7871595a1da6c33542dec218bce40885573150e28?s=96&d=mm&r=g","url":"https:\/\/secure.gravatar.com\/avatar\/2676eb8d97178435c9f691a7871595a1da6c33542dec218bce40885573150e28?s=96&d=mm&r=g","contentUrl":"https:\/\/secure.gravatar.com\/avatar\/2676eb8d97178435c9f691a7871595a1da6c33542dec218bce40885573150e28?s=96&d=mm&r=g","caption":"Kisha Orthodhokse"}}]}},"_links":{"self":[{"href":"https:\/\/orthodoxalbania.org\/2020\/wp-json\/wp\/v2\/posts\/67591","targetHints":{"allow":["GET"]}}],"collection":[{"href":"https:\/\/orthodoxalbania.org\/2020\/wp-json\/wp\/v2\/posts"}],"about":[{"href":"https:\/\/orthodoxalbania.org\/2020\/wp-json\/wp\/v2\/types\/post"}],"author":[{"embeddable":true,"href":"https:\/\/orthodoxalbania.org\/2020\/wp-json\/wp\/v2\/users\/7"}],"replies":[{"embeddable":true,"href":"https:\/\/orthodoxalbania.org\/2020\/wp-json\/wp\/v2\/comments?post=67591"}],"version-history":[{"count":9,"href":"https:\/\/orthodoxalbania.org\/2020\/wp-json\/wp\/v2\/posts\/67591\/revisions"}],"predecessor-version":[{"id":67639,"href":"https:\/\/orthodoxalbania.org\/2020\/wp-json\/wp\/v2\/posts\/67591\/revisions\/67639"}],"wp:featuredmedia":[{"embeddable":true,"href":"https:\/\/orthodoxalbania.org\/2020\/wp-json\/wp\/v2\/media\/67607"}],"wp:attachment":[{"href":"https:\/\/orthodoxalbania.org\/2020\/wp-json\/wp\/v2\/media?parent=67591"}],"wp:term":[{"taxonomy":"category","embeddable":true,"href":"https:\/\/orthodoxalbania.org\/2020\/wp-json\/wp\/v2\/categories?post=67591"},{"taxonomy":"post_tag","embeddable":true,"href":"https:\/\/orthodoxalbania.org\/2020\/wp-json\/wp\/v2\/tags?post=67591"}],"curies":[{"name":"wp","href":"https:\/\/api.w.org\/{rel}","templated":true}]}}