{"id":675,"date":"2013-03-21T10:04:23","date_gmt":"2013-03-21T10:04:23","guid":{"rendered":""},"modified":"2020-04-06T22:31:59","modified_gmt":"2020-04-06T20:31:59","slug":"kampet-e-sivjetshme-verore-te-kishes-sone-orthodhokse-ne-kosove-mbushen-10-vjet-lumturia-troket-ne-kampet-verore-per-femijet-kosovare","status":"publish","type":"post","link":"https:\/\/orthodoxalbania.org\/2020\/2013\/03\/21\/kampet-e-sivjetshme-verore-te-kishes-sone-orthodhokse-ne-kosove-mbushen-10-vjet-lumturia-troket-ne-kampet-verore-per-femijet-kosovare\/","title":{"rendered":"Kampet e sivjetshme verore t\u00eb Kish\u00ebs son\u00eb Orthodhokse n\u00eb Kosov\u00eb mbush\u00ebn 10 vjet. (Shtator  2011)"},"content":{"rendered":"<div style=\"text-align: center;\"><strong><span style=\"font-family: tahoma,geneva,sans-serif;\"><span style=\"font-size: 12px;\"><span style=\"color: #b22222;\">&#8211; Lumturia troket n\u00eb kampet verore p\u00ebr f\u00ebmij\u00ebt kosovar\u00eb &#8211;<\/span><\/span><\/span><\/strong><\/div>\n<div style=\"text-align: center;\">&nbsp;<\/div>\n<div style=\"text-align: justify;\"><span style=\"color: #000000;\"><span style=\"font-family: tahoma,geneva,sans-serif;\"><span style=\"font-size: 12px;\"><span style=\"color: #000000;\"><span style=\"font-family: tahoma,geneva,sans-serif;\"><span style=\"font-size: 12px;\"><span class=\"style10\"><span style=\"color: #000000;\"><span style=\"font-family: tahoma,geneva,sans-serif;\"><span style=\"font-size: 12px;\"><img decoding=\"async\" class=\"lazyload HAa Eha\" style=\"border-width: 1px; border-style: solid; margin: 10px; float: left;\" alt=\"\" src=\"data:image\/svg+xml,%3Csvg%20xmlns%3D%27http%3A%2F%2Fwww.w3.org%2F2000%2Fsvg%27%20width%3D%27297%27%20height%3D%27198%27%20viewBox%3D%270%200%20297%20198%27%3E%3Crect%20width%3D%27297%27%20height%3D%27198%27%20fill-opacity%3D%220%22%2F%3E%3C%2Fsvg%3E\" data-orig-src=\"https:\/\/lh3.googleusercontent.com\/-7BhXzbVyjCc\/VAQ7GrcqJuI\/AAAAAAAAChs\/nBIV2xwJaDM\/w600-h399-no\/3_600x399.JPG\" height=\"198\" width=\"297\" \/><\/span><\/span><\/span><\/span><\/span><\/span><\/span>&nbsp; &nbsp;<span class=\"style10\"> Si \u00e7do vit, ardhja e ver\u00ebs b\u00ebn q\u00eb f\u00ebmij\u00ebt e Kosov\u00ebs t\u00eb presin me padurim dit\u00ebt kur n\u00eb shkoll\u00ebn e tyre do t\u00eb zhvillohet kampi veror p\u00ebr f\u00ebmij\u00eb. P\u00ebr t\u00eb dhjetin vit radhazi, Kisha Orthodhokse Autoqefale e Shqip\u00ebris\u00eb, n\u00ebp\u00ebrmjet Zyr\u00ebs Qendrore t\u00eb F\u00ebmij\u00ebve dhe dhjet\u00ebra vullnetar\u00ebve t\u00eb saj b\u00ebri t\u00eb mundur q\u00eb t\u00eb zhvilloheshin kat\u00ebr kampe verore p\u00ebr f\u00ebmij\u00eb n\u00eb komun\u00ebn e Malishev\u00ebs, n\u00eb Kosov\u00eb. Kampet, t\u00eb cil\u00ebt zgjat\u00ebn nga kat\u00ebr dit\u00eb secili, u zhvilluan nga datat 14-31 gusht 2011 n\u00eb kat\u00ebr fshatra (<em>Begaj 14-17 gusht; Drenoc 18-21 gusht; Banj\u00eb 23-26 gusht dhe n\u00eb Caralluk\u00ebn e Poshtme 28-31 gusht<\/em>). N\u00eb k\u00ebto kampe mor\u00ebn pjes\u00eb rreth 1200 f\u00ebmij\u00eb t\u00eb mosh\u00ebs 5-13 vje\u00e7.<\/span><\/span><\/span><\/span><\/div>\n<div style=\"text-align: justify;\"> <span style=\"color: #000000;\"><span style=\"font-family: tahoma,geneva,sans-serif;\"><span style=\"font-size: 12px;\"><span class=\"style10\">&nbsp; &nbsp; Programi i kampit ishte i larmish\u00ebm, me diskutime n\u00eb grupe p\u00ebr nj\u00eb tem\u00eb t\u00eb caktuar, me k\u00ebng\u00eb, loj\u00ebra, drama etj. \u00c7do vit zgjidhet nj\u00eb tem\u00eb p\u00ebr kampin. K\u00ebt\u00eb vit tema e p\u00ebrzgjedhur p\u00ebr diskutim ishte \u201cLumturia\u201d, nga e cila kishte marr\u00eb edhe emrin kampi i sivjetsh\u00ebm, Kampi \u201cLumturia\u201d. Gjat\u00eb dit\u00ebve t\u00eb kampit s\u00eb bashku me f\u00ebmij\u00ebt u trajtuan dhe u diskutuan aspekte t\u00eb ndryshme t\u00eb lumturis\u00eb, si: lumturia vjen nga ajo q\u00eb jemi dhe jo nga ajo q\u00eb kemi, lumturia \u00ebsht\u00eb n\u00eb marr\u00ebdh\u00ebniet q\u00eb nd\u00ebrtojm\u00eb dhe jo n\u00eb gj\u00ebrat q\u00eb posedojm\u00eb, lumturia vjen nga zgjedhje q\u00eb b\u00ebjm\u00eb dhe s\u2019\u00ebsht\u00eb rezultat i rrethanave, lumturia e v\u00ebrtet\u00eb \u00ebsht\u00eb jeta me vlera.<\/span><\/span><\/span><\/span><\/div>\n<div style=\"text-align: justify;\"> <span style=\"color: #000000;\"><span style=\"font-family: tahoma,geneva,sans-serif;\"><span style=\"font-size: 12px;\"><span class=\"style10\">&nbsp; &nbsp; P\u00ebr t\u2019i ardhur n\u00eb ndihm\u00eb diskutimit t\u00eb f\u00ebmij\u00ebve mbi tem\u00ebn e lumturis\u00eb, \u00e7do dit\u00eb n\u00eb fillim t\u00eb programit, nga stafi i kampit luhej nj\u00eb dram\u00eb e shkurt\u00ebr, e cila theksonte mesazhin kryesor t\u00eb asaj dite. Lidhur me tem\u00ebn e kampit, \u00e7do vit f\u00ebmij\u00ebt m\u00ebsojn\u00eb edhe nj\u00eb himn, i cili gjithashtu thekson mesazhet kryesore q\u00eb diskutohen me f\u00ebmij\u00ebt n\u00eb grupe t\u00eb vogla.<\/span><\/span><\/span><\/span><\/div>\n<div style=\"text-align: justify;\"> <span style=\"color: #000000;\"><span style=\"font-family: tahoma,geneva,sans-serif;\"><span style=\"font-size: 12px;\"><span class=\"style10\"><img decoding=\"async\" class=\"lazyload HAa Eha\" style=\"height: 167px; width: 111px; border-width: 1px; border-style: solid; margin: 10px; float: right;\" alt=\"\" src=\"data:image\/gif;base64,R0lGODlhAQABAAAAACH5BAEKAAEALAAAAAABAAEAAAICTAEAOw==\" data-orig-src=\"https:\/\/lh3.googleusercontent.com\/-4m3J5Koy6rk\/VAQ7Fqo4T-I\/AAAAAAAAChM\/4SOlhG6AL08\/w399-h600-no\/1_600x399.JPG\" \/>&nbsp; &nbsp; P\u00ebrve\u00e7 diskutimeve, me f\u00ebmij\u00ebt p\u00ebr tem\u00ebn e lumturis\u00eb, programi ishte i mbushur edhe me loj\u00ebra t\u00eb shumta, n\u00eb grup t\u00eb vog\u00ebl e t\u00eb madh, t\u00eb cilat si gjithmon\u00eb i arg\u00ebtojn\u00eb f\u00ebmij\u00ebt pa mas\u00eb dhe rrisin aft\u00ebsit\u00eb e tyre bashk\u00ebpunuese dhe krijuese, n\u00ebp\u00ebrmjet pun\u00ebs s\u00eb dor\u00ebs, k\u00ebng\u00ebve t\u00eb ndryshme me l\u00ebvizje, t\u00eb cilat f\u00ebmij\u00ebt i m\u00ebsojn\u00eb me shum\u00eb d\u00ebshir\u00eb n\u00eb kampet verore dhe m\u00eb pas i k\u00ebndojn\u00eb me shok\u00ebt e shoqet gjat\u00eb gjith\u00eb koh\u00ebs, n\u00eb sht\u00ebpi, n\u00eb shkoll\u00eb e n\u00eb lagje. N\u00eb kampet e k\u00ebtij viti u zhvilluan pes\u00eb programe pun\u00eb doreje t\u00eb ndryshme, n\u00eb baz\u00eb t\u00eb grupmoshave t\u00eb f\u00ebmij\u00ebve, duke filluar nga m\u00eb t\u00eb vegjlit dhe deri tek ata m\u00eb t\u00eb rriturit.<\/span><\/span><\/span><\/span><\/div>\n<div style=\"text-align: justify;\"> <span style=\"color: #000000;\"><span style=\"font-family: tahoma,geneva,sans-serif;\"><span style=\"font-size: 12px;\"><span class=\"style10\">&nbsp; &nbsp; P\u00ebr t\u00eb mbyllur sa m\u00eb bukur k\u00ebto dit\u00eb t\u00eb g\u00ebzueshme q\u00eb f\u00ebmij\u00ebt kaluan n\u00eb aktivitet, \u00e7do kamp finalizohet me nj\u00eb fest\u00eb me poezi, k\u00ebng\u00eb e valle. P\u00ebr t\u00eb festuar s\u00eb bashku me f\u00ebmij\u00ebt, n\u00eb k\u00ebt\u00eb fest\u00eb ishin t\u00eb ftuar edhe prind\u00ebrit e m\u00ebsuesit e f\u00ebmij\u00ebve.<\/span><\/span><\/span><\/span><\/div>\n<div style=\"text-align: justify;\"> <span style=\"color: #000000;\"><span style=\"font-family: tahoma,geneva,sans-serif;\"><span style=\"font-size: 12px;\"><span class=\"style10\">&nbsp; &nbsp; Realizimi i k\u00ebtyre kampeve ashtu si edhe n\u00eb vitet e kaluara ishte shum\u00eb i suksessh\u00ebm. F\u00ebmij\u00ebt kaluan nj\u00eb koh\u00eb t\u00eb bukur dhe arg\u00ebtuese, gjat\u00eb s\u00eb cil\u00ebs ata m\u00ebsuan shum\u00eb gj\u00ebra t\u00eb reja rreth lumturis\u00eb dhe u arg\u00ebtuan pa mas\u00eb n\u00eb shoq\u00ebrin\u00eb&nbsp; e nj\u00ebri-tjetrit dhe t\u00eb m\u00ebsuesve t\u00eb tyre. \u201c<em>\u00c7do vit, f\u00ebmij\u00ebt <img decoding=\"async\" class=\"lazyload HAa Eha\" style=\"height: 183px; width: 275px; border-width: 1px; border-style: solid; margin: 10px; float: left;\" alt=\"\" src=\"data:image\/gif;base64,R0lGODlhAQABAAAAACH5BAEKAAEALAAAAAABAAEAAAICTAEAOw==\" data-orig-src=\"https:\/\/lh5.googleusercontent.com\/-sI4MCTppgZo\/VAQ7JxpTOtI\/AAAAAAAACiA\/dwhOjlnoao8\/w600-h399-no\/8_600x399.JPG\" \/>na presin me padurim dhe me shum\u00eb ngroht\u00ebsi dhe na p\u00ebrcjellin me shum\u00eb mir\u00ebnjohje dhe me shpres\u00ebn se do t\u00eb shihemi s\u00ebrish n\u00eb vitin e ardhsh\u00ebm. Por k\u00ebt\u00eb vit, p\u00ebr t\u2019u theksuar \u00ebsht\u00eb ngroht\u00ebsia me t\u00eb cil\u00ebn u prit\u00ebm nga f\u00ebmij\u00ebt n\u00eb fshatin Drenoc, sepse atje ishte viti i par\u00eb q\u00eb ne po zhvillonim nj\u00eb kamp veror. F\u00ebmij\u00ebt e fshatit Drenoc kishin d\u00ebgjuar p\u00ebr kampet tona nga miqt\u00eb dhe kush\u00ebrinjt\u00eb e tyre q\u00eb jetojn\u00eb n\u00eb fshatrat ku kishim organizuar kampe m\u00eb par\u00eb, k\u00ebshtu q\u00eb edhe ata na prit\u00ebn me padurim dhe shum\u00eb t\u00eb g\u00ebzuar q\u00eb edhe n\u00eb fshatin e tyre po organizohej nj\u00eb kamp i till\u00eb. Fal\u00ebnderime dhe mir\u00ebnjohje mor\u00ebm edhe nga m\u00ebsuesit e shkollave si edhe prind\u00ebrit e t\u00eb af\u00ebrmit e f\u00ebmij\u00ebve. Stafi i kampit ishte p\u00ebrgatitur p\u00ebr pun\u00ebn n\u00eb k\u00ebto kampe me nj\u00eb trajnim t\u00eb ve\u00e7ant\u00eb p\u00ebr m\u00ebsimdh\u00ebnien, arg\u00ebtimin dhe zhvillimin e f\u00ebmij\u00ebve, p\u00ebr t\u00eb arritur potencialin e tyre t\u00eb plot\u00eb njer\u00ebzor<\/em>\u201d \u2013 u shpreh nj\u00eb prej koordinatoreve kryesore t\u00eb kampit,Gabriela Hoppe.<\/span><\/span><\/span><\/span><\/div>\n<div style=\"text-align: justify;\">&nbsp;<\/div>\n<div style=\"text-align: right;\"><span style=\"color: #000000;\"><span style=\"font-family: tahoma,geneva,sans-serif;\"><span style=\"font-size: 12px;\"><span class=\"style10\"><strong>Zyra Qendrore e F\u00ebmij\u00ebve<\/strong><\/span><\/span><\/span><\/span><\/div>\n<div style=\"text-align: justify;\">&nbsp;<\/div>\n<table style=\"margin-right: auto; margin-left: auto;\">\n<tbody>\n<tr>\n<td style=\"text-align: justify;\">\n<div><span style=\"color: #000000;\"><span style=\"font-family: tahoma,geneva,sans-serif;\"><span style=\"font-size: 12px;\"><img decoding=\"async\" class=\"lazyload HAa Eha\" style=\"height: 225px; width: 338px; border-width: 1px; border-style: solid; margin: 10px;\" alt=\"\" src=\"data:image\/gif;base64,R0lGODlhAQABAAAAACH5BAEKAAEALAAAAAABAAEAAAICTAEAOw==\" data-orig-src=\"https:\/\/lh5.googleusercontent.com\/-MxEeaR_QU6c\/VAQ7GBQOKlI\/AAAAAAAAChU\/yMuGy-_bErk\/w600-h399-no\/2_600x399.JPG\" \/><\/span><\/span><\/span><\/div>\n<\/td>\n<td style=\"text-align: justify;\">\n<div><span style=\"color: #000000;\"><span style=\"font-family: tahoma,geneva,sans-serif;\"><span style=\"font-size: 12px;\"><img decoding=\"async\" class=\"lazyload HAa Eha\" style=\"height: 225px; width: 338px; border-width: 1px; border-style: solid; margin: 10px;\" alt=\"\" src=\"data:image\/gif;base64,R0lGODlhAQABAAAAACH5BAEKAAEALAAAAAABAAEAAAICTAEAOw==\" data-orig-src=\"https:\/\/lh6.googleusercontent.com\/-JgVXhiAiDRk\/VAQ7G92ubuI\/AAAAAAAAChY\/Wf75ODysVDM\/w600-h399-no\/4_600x399.JPG\" \/><\/span><\/span><\/span><\/div>\n<\/td>\n<\/tr>\n<tr>\n<td style=\"text-align: justify;\">\n<div><span style=\"color: #000000;\"><span style=\"font-family: tahoma,geneva,sans-serif;\"><span style=\"font-size: 12px;\"><img decoding=\"async\" class=\"lazyload HAa Eha\" style=\"height: 225px; width: 338px; border-width: 1px; border-style: solid; margin: 10px;\" alt=\"\" src=\"data:image\/gif;base64,R0lGODlhAQABAAAAACH5BAEKAAEALAAAAAABAAEAAAICTAEAOw==\" data-orig-src=\"https:\/\/lh6.googleusercontent.com\/-dc9vJ848cEg\/VAQ7HzoCvdI\/AAAAAAAAChk\/nRRmzjdcOrE\/w600-h399-no\/5_600x399.JPG\" \/><\/span><\/span><\/span><\/div>\n<\/td>\n<td style=\"text-align: justify;\">\n<div><span style=\"color: #000000;\"><span style=\"font-family: tahoma,geneva,sans-serif;\"><span style=\"font-size: 12px;\"><img decoding=\"async\" class=\"lazyload HAa Eha\" style=\"height: 225px; width: 338px; border-width: 1px; border-style: solid; margin: 10px;\" alt=\"\" src=\"data:image\/gif;base64,R0lGODlhAQABAAAAACH5BAEKAAEALAAAAAABAAEAAAICTAEAOw==\" data-orig-src=\"https:\/\/lh4.googleusercontent.com\/-WEN6zlDb9O8\/VAQ7I6CYQFI\/AAAAAAAACh8\/bzXKPM_AaiM\/w600-h399-no\/6_600x399.JPG\" \/><\/span><\/span><\/span><\/div>\n<\/td>\n<\/tr>\n<tr>\n<td style=\"text-align: justify;\">\n<div><span style=\"color: #000000;\"><span style=\"font-family: tahoma,geneva,sans-serif;\"><span style=\"font-size: 12px;\"><img decoding=\"async\" class=\"lazyload HAa Eha\" style=\"height: 225px; width: 338px; border-width: 1px; border-style: solid; margin: 10px;\" alt=\"\" src=\"data:image\/gif;base64,R0lGODlhAQABAAAAACH5BAEKAAEALAAAAAABAAEAAAICTAEAOw==\" data-orig-src=\"https:\/\/lh3.googleusercontent.com\/-JaTnJEnVets\/VAQ7Kdh_nuI\/AAAAAAAACiE\/j4rdaT35Myo\/w600-h399-no\/9_600x399.JPG\" \/><\/span><\/span><\/span><\/div>\n<\/td>\n<td style=\"text-align: justify;\">\n<div><span style=\"color: #000000;\"><span style=\"font-family: tahoma,geneva,sans-serif;\"><span style=\"font-size: 12px;\"><img decoding=\"async\" class=\"lazyload HAa Eha\" style=\"height: 225px; width: 338px; border-width: 1px; border-style: solid; margin: 10px;\" alt=\"\" src=\"data:image\/gif;base64,R0lGODlhAQABAAAAACH5BAEKAAEALAAAAAABAAEAAAICTAEAOw==\" data-orig-src=\"https:\/\/lh4.googleusercontent.com\/-h4Rh2gZ-d5c\/VAQ7FdzKsmI\/AAAAAAAAChI\/zhNvEbMEsP0\/w600-h399-no\/10_600x399.JPG\" \/><\/span><\/span><\/span><\/div>\n<\/td>\n<\/tr>\n<tr>\n<td style=\"text-align: justify;\">\n<div><span style=\"color: #000000;\"><span style=\"font-family: tahoma,geneva,sans-serif;\"><span style=\"font-size: 12px;\"><img decoding=\"async\" class=\"lazyload HAa Eha\" style=\"height: 225px; width: 338px; border-width: 1px; border-style: solid; margin: 10px;\" alt=\"\" src=\"data:image\/gif;base64,R0lGODlhAQABAAAAACH5BAEKAAEALAAAAAABAAEAAAICTAEAOw==\" data-orig-src=\"https:\/\/lh5.googleusercontent.com\/-8xTHrMGTgeg\/VAQ7FquCgxI\/AAAAAAAACiQ\/2OyJFNsOz-Y\/w600-h399-no\/11_600x399.JPG\" \/><\/span><\/span><\/span><\/div>\n<\/td>\n<td>\n<div style=\"text-align: center;\"><span style=\"color: #000000;\"><span style=\"font-family: tahoma,geneva,sans-serif;\"><span style=\"font-size: 12px;\"><img decoding=\"async\" class=\"lazyload HAa Eha\" style=\"border-width: 1px; border-style: solid; margin: 10px;\" alt=\"\" src=\"data:image\/svg+xml,%3Csvg%20xmlns%3D%27http%3A%2F%2Fwww.w3.org%2F2000%2Fsvg%27%20width%3D%27343%27%20height%3D%27220%27%20viewBox%3D%270%200%20343%20220%27%3E%3Crect%20width%3D%27343%27%20height%3D%27220%27%20fill-opacity%3D%220%22%2F%3E%3C%2Fsvg%3E\" data-orig-src=\"https:\/\/lh6.googleusercontent.com\/-JEDF9eBo0Hk\/VAQ7JNHls-I\/AAAAAAAACiI\/uvsMCQFqb_E\/w399-h600-no\/7_399x600.JPG\" height=\"220\" width=\"343\" \/><\/span><\/span><\/span><\/div>\n<\/td>\n<\/tr>\n<\/tbody>\n<\/table>\n","protected":false},"excerpt":{"rendered":"<p>&#8211; Lumturia troket n\u00eb kampet verore p\u00ebr f\u00ebmij\u00ebt kosovar\u00eb &#8211; &nbsp; &nbsp; &nbsp; Si \u00e7do vit, ardhja e ver\u00ebs b\u00ebn q\u00eb f\u00ebmij\u00ebt e Kosov\u00ebs t\u00eb presin me padurim dit\u00ebt kur n\u00eb shkoll\u00ebn e tyre do t\u00eb zhvillohet kampi veror p\u00ebr f\u00ebmij\u00eb. P\u00ebr t\u00eb dhjetin vit radhazi, Kisha Orthodhokse Autoqefale e Shqip\u00ebris\u00eb, n\u00ebp\u00ebrmjet Zyr\u00ebs Qendrore t\u00eb F\u00ebmij\u00ebve dhe dhjet\u00ebra vullnetar\u00ebve t\u00eb saj b\u00ebri t\u00eb mundur q\u00eb<\/p>\n","protected":false},"author":1,"featured_media":0,"comment_status":"open","ping_status":"open","sticky":false,"template":"","format":"standard","meta":{"_acf_changed":false,"pagelayer_contact_templates":[],"_pagelayer_content":"","inline_featured_image":false,"fifu_image_url":"","fifu_image_alt":"","footnotes":""},"categories":[108],"tags":[143,200,196,212],"class_list":["post-675","post","type-post","status-publish","format-standard","hentry","category-lajme","tag-143","tag-kampe-verore","tag-tirane","tag-lajme-d27"],"acf":[],"yoast_head":"<!-- This site is optimized with the Yoast SEO plugin v27.2 - https:\/\/yoast.com\/product\/yoast-seo-wordpress\/ -->\n<title>Kampet e sivjetshme verore t\u00eb Kish\u00ebs son\u00eb Orthodhokse n\u00eb Kosov\u00eb mbush\u00ebn 10 vjet. (Shtator 2011) - Kisha Orthodh\u03bfkse Autoqefale e Shqip\u00ebris\u00eb<\/title>\n<meta name=\"robots\" content=\"index, follow, max-snippet:-1, max-image-preview:large, max-video-preview:-1\" \/>\n<link rel=\"canonical\" href=\"https:\/\/orthodoxalbania.org\/2020\/2013\/03\/21\/kampet-e-sivjetshme-verore-te-kishes-sone-orthodhokse-ne-kosove-mbushen-10-vjet-lumturia-troket-ne-kampet-verore-per-femijet-kosovare\/\" \/>\n<meta property=\"og:locale\" content=\"en_US\" \/>\n<meta property=\"og:type\" content=\"article\" \/>\n<meta property=\"og:title\" content=\"Kampet e sivjetshme verore t\u00eb Kish\u00ebs son\u00eb Orthodhokse n\u00eb Kosov\u00eb mbush\u00ebn 10 vjet. (Shtator 2011) - Kisha Orthodh\u03bfkse Autoqefale e Shqip\u00ebris\u00eb\" \/>\n<meta property=\"og:description\" content=\"&#8211; Lumturia troket n\u00eb kampet verore p\u00ebr f\u00ebmij\u00ebt kosovar\u00eb &#8211; &nbsp; &nbsp; &nbsp; Si \u00e7do vit, ardhja e ver\u00ebs b\u00ebn q\u00eb f\u00ebmij\u00ebt e Kosov\u00ebs t\u00eb presin me padurim dit\u00ebt kur n\u00eb shkoll\u00ebn e tyre do t\u00eb zhvillohet kampi veror p\u00ebr f\u00ebmij\u00eb. P\u00ebr t\u00eb dhjetin vit radhazi, Kisha Orthodhokse Autoqefale e Shqip\u00ebris\u00eb, n\u00ebp\u00ebrmjet Zyr\u00ebs Qendrore t\u00eb F\u00ebmij\u00ebve dhe dhjet\u00ebra vullnetar\u00ebve t\u00eb saj b\u00ebri t\u00eb mundur q\u00eb\" \/>\n<meta property=\"og:url\" content=\"https:\/\/orthodoxalbania.org\/2020\/2013\/03\/21\/kampet-e-sivjetshme-verore-te-kishes-sone-orthodhokse-ne-kosove-mbushen-10-vjet-lumturia-troket-ne-kampet-verore-per-femijet-kosovare\/\" \/>\n<meta property=\"og:site_name\" content=\"Kisha Orthodh\u03bfkse Autoqefale e Shqip\u00ebris\u00eb\" \/>\n<meta property=\"article:publisher\" content=\"https:\/\/www.facebook.com\/koash1991\" \/>\n<meta property=\"article:published_time\" content=\"2013-03-21T10:04:23+00:00\" \/>\n<meta property=\"article:modified_time\" content=\"2020-04-06T20:31:59+00:00\" \/>\n<meta property=\"og:image\" content=\"https:\/\/lh3.googleusercontent.com\/-7BhXzbVyjCc\/VAQ7GrcqJuI\/AAAAAAAAChs\/nBIV2xwJaDM\/w600-h399-no\/3_600x399.JPG\" \/>\n<meta name=\"author\" content=\"Kisha Orthodhokse\" \/>\n<meta name=\"twitter:card\" content=\"summary_large_image\" \/>\n<meta name=\"twitter:label1\" content=\"Written by\" \/>\n\t<meta name=\"twitter:data1\" content=\"Kisha Orthodhokse\" \/>\n\t<meta name=\"twitter:label2\" content=\"Est. reading time\" \/>\n\t<meta name=\"twitter:data2\" content=\"4 minutes\" \/>\n<script type=\"application\/ld+json\" class=\"yoast-schema-graph\">{\"@context\":\"https:\/\/schema.org\",\"@graph\":[{\"@type\":\"Article\",\"@id\":\"https:\/\/orthodoxalbania.org\/2020\/2013\/03\/21\/kampet-e-sivjetshme-verore-te-kishes-sone-orthodhokse-ne-kosove-mbushen-10-vjet-lumturia-troket-ne-kampet-verore-per-femijet-kosovare\/#article\",\"isPartOf\":{\"@id\":\"https:\/\/orthodoxalbania.org\/2020\/2013\/03\/21\/kampet-e-sivjetshme-verore-te-kishes-sone-orthodhokse-ne-kosove-mbushen-10-vjet-lumturia-troket-ne-kampet-verore-per-femijet-kosovare\/\"},\"author\":{\"name\":\"Kisha Orthodhokse\",\"@id\":\"https:\/\/orthodoxalbania.org\/2020\/#\/schema\/person\/0c387634a7063ac612d7ed9ce71c7e86\"},\"headline\":\"Kampet e sivjetshme verore t\u00eb Kish\u00ebs son\u00eb Orthodhokse n\u00eb Kosov\u00eb mbush\u00ebn 10 vjet. (Shtator 2011)\",\"datePublished\":\"2013-03-21T10:04:23+00:00\",\"dateModified\":\"2020-04-06T20:31:59+00:00\",\"mainEntityOfPage\":{\"@id\":\"https:\/\/orthodoxalbania.org\/2020\/2013\/03\/21\/kampet-e-sivjetshme-verore-te-kishes-sone-orthodhokse-ne-kosove-mbushen-10-vjet-lumturia-troket-ne-kampet-verore-per-femijet-kosovare\/\"},\"wordCount\":866,\"commentCount\":0,\"publisher\":{\"@id\":\"https:\/\/orthodoxalbania.org\/2020\/#organization\"},\"image\":{\"@id\":\"https:\/\/orthodoxalbania.org\/2020\/2013\/03\/21\/kampet-e-sivjetshme-verore-te-kishes-sone-orthodhokse-ne-kosove-mbushen-10-vjet-lumturia-troket-ne-kampet-verore-per-femijet-kosovare\/#primaryimage\"},\"thumbnailUrl\":\"https:\/\/lh3.googleusercontent.com\/-7BhXzbVyjCc\/VAQ7GrcqJuI\/AAAAAAAAChs\/nBIV2xwJaDM\/w600-h399-no\/3_600x399.JPG\",\"keywords\":[\"2011\",\"Kampe verore\",\"Kryepiskopata Tiran\u00eb\",\"lajme\"],\"articleSection\":[\"Lajme\"],\"inLanguage\":\"en-US\"},{\"@type\":\"WebPage\",\"@id\":\"https:\/\/orthodoxalbania.org\/2020\/2013\/03\/21\/kampet-e-sivjetshme-verore-te-kishes-sone-orthodhokse-ne-kosove-mbushen-10-vjet-lumturia-troket-ne-kampet-verore-per-femijet-kosovare\/\",\"url\":\"https:\/\/orthodoxalbania.org\/2020\/2013\/03\/21\/kampet-e-sivjetshme-verore-te-kishes-sone-orthodhokse-ne-kosove-mbushen-10-vjet-lumturia-troket-ne-kampet-verore-per-femijet-kosovare\/\",\"name\":\"Kampet e sivjetshme verore t\u00eb Kish\u00ebs son\u00eb Orthodhokse n\u00eb Kosov\u00eb mbush\u00ebn 10 vjet. (Shtator 2011) - Kisha Orthodh\u03bfkse Autoqefale e Shqip\u00ebris\u00eb\",\"isPartOf\":{\"@id\":\"https:\/\/orthodoxalbania.org\/2020\/#website\"},\"primaryImageOfPage\":{\"@id\":\"https:\/\/orthodoxalbania.org\/2020\/2013\/03\/21\/kampet-e-sivjetshme-verore-te-kishes-sone-orthodhokse-ne-kosove-mbushen-10-vjet-lumturia-troket-ne-kampet-verore-per-femijet-kosovare\/#primaryimage\"},\"image\":{\"@id\":\"https:\/\/orthodoxalbania.org\/2020\/2013\/03\/21\/kampet-e-sivjetshme-verore-te-kishes-sone-orthodhokse-ne-kosove-mbushen-10-vjet-lumturia-troket-ne-kampet-verore-per-femijet-kosovare\/#primaryimage\"},\"thumbnailUrl\":\"https:\/\/lh3.googleusercontent.com\/-7BhXzbVyjCc\/VAQ7GrcqJuI\/AAAAAAAAChs\/nBIV2xwJaDM\/w600-h399-no\/3_600x399.JPG\",\"datePublished\":\"2013-03-21T10:04:23+00:00\",\"dateModified\":\"2020-04-06T20:31:59+00:00\",\"breadcrumb\":{\"@id\":\"https:\/\/orthodoxalbania.org\/2020\/2013\/03\/21\/kampet-e-sivjetshme-verore-te-kishes-sone-orthodhokse-ne-kosove-mbushen-10-vjet-lumturia-troket-ne-kampet-verore-per-femijet-kosovare\/#breadcrumb\"},\"inLanguage\":\"en-US\",\"potentialAction\":[{\"@type\":\"ReadAction\",\"target\":[\"https:\/\/orthodoxalbania.org\/2020\/2013\/03\/21\/kampet-e-sivjetshme-verore-te-kishes-sone-orthodhokse-ne-kosove-mbushen-10-vjet-lumturia-troket-ne-kampet-verore-per-femijet-kosovare\/\"]}]},{\"@type\":\"ImageObject\",\"inLanguage\":\"en-US\",\"@id\":\"https:\/\/orthodoxalbania.org\/2020\/2013\/03\/21\/kampet-e-sivjetshme-verore-te-kishes-sone-orthodhokse-ne-kosove-mbushen-10-vjet-lumturia-troket-ne-kampet-verore-per-femijet-kosovare\/#primaryimage\",\"url\":\"https:\/\/lh3.googleusercontent.com\/-7BhXzbVyjCc\/VAQ7GrcqJuI\/AAAAAAAAChs\/nBIV2xwJaDM\/w600-h399-no\/3_600x399.JPG\",\"contentUrl\":\"https:\/\/lh3.googleusercontent.com\/-7BhXzbVyjCc\/VAQ7GrcqJuI\/AAAAAAAAChs\/nBIV2xwJaDM\/w600-h399-no\/3_600x399.JPG\"},{\"@type\":\"BreadcrumbList\",\"@id\":\"https:\/\/orthodoxalbania.org\/2020\/2013\/03\/21\/kampet-e-sivjetshme-verore-te-kishes-sone-orthodhokse-ne-kosove-mbushen-10-vjet-lumturia-troket-ne-kampet-verore-per-femijet-kosovare\/#breadcrumb\",\"itemListElement\":[{\"@type\":\"ListItem\",\"position\":1,\"name\":\"Home\",\"item\":\"https:\/\/orthodoxalbania.org\/2020\/\"},{\"@type\":\"ListItem\",\"position\":2,\"name\":\"Kampet e sivjetshme verore t\u00eb Kish\u00ebs son\u00eb Orthodhokse n\u00eb Kosov\u00eb mbush\u00ebn 10 vjet. (Shtator 2011)\"}]},{\"@type\":\"WebSite\",\"@id\":\"https:\/\/orthodoxalbania.org\/2020\/#website\",\"url\":\"https:\/\/orthodoxalbania.org\/2020\/\",\"name\":\"Kisha Orthodh\u03bfkse Autoqefale e Shqip\u00ebris\u00eb\",\"description\":\"Fqja Zyrtare e Kish\u00ebs Orthodhokse Autoqefale e Shqip\u00ebris\u00eb me lajmet edhe informacionet zyrtare p\u00ebr struktur\u00ebn edhe veprimtarin e saj.\",\"publisher\":{\"@id\":\"https:\/\/orthodoxalbania.org\/2020\/#organization\"},\"potentialAction\":[{\"@type\":\"SearchAction\",\"target\":{\"@type\":\"EntryPoint\",\"urlTemplate\":\"https:\/\/orthodoxalbania.org\/2020\/?s={search_term_string}\"},\"query-input\":{\"@type\":\"PropertyValueSpecification\",\"valueRequired\":true,\"valueName\":\"search_term_string\"}}],\"inLanguage\":\"en-US\"},{\"@type\":\"Organization\",\"@id\":\"https:\/\/orthodoxalbania.org\/2020\/#organization\",\"name\":\"Kisha Orthodhokse Autoqefale e Shqip\u00ebris\u00eb\",\"url\":\"https:\/\/orthodoxalbania.org\/2020\/\",\"logo\":{\"@type\":\"ImageObject\",\"inLanguage\":\"en-US\",\"@id\":\"https:\/\/orthodoxalbania.org\/2020\/#\/schema\/logo\/image\/\",\"url\":\"https:\/\/orthodoxalbania.org\/2020\/wp-content\/uploads\/2020\/05\/albania.jpeg\",\"contentUrl\":\"https:\/\/orthodoxalbania.org\/2020\/wp-content\/uploads\/2020\/05\/albania.jpeg\",\"width\":540,\"height\":540,\"caption\":\"Kisha Orthodhokse Autoqefale e Shqip\u00ebris\u00eb\"},\"image\":{\"@id\":\"https:\/\/orthodoxalbania.org\/2020\/#\/schema\/logo\/image\/\"},\"sameAs\":[\"https:\/\/www.facebook.com\/koash1991\"]},{\"@type\":\"Person\",\"@id\":\"https:\/\/orthodoxalbania.org\/2020\/#\/schema\/person\/0c387634a7063ac612d7ed9ce71c7e86\",\"name\":\"Kisha Orthodhokse\",\"image\":{\"@type\":\"ImageObject\",\"inLanguage\":\"en-US\",\"@id\":\"https:\/\/secure.gravatar.com\/avatar\/596e7c417251e30f2fbb9c00e026fce61a695a00e51c889caded71c96cbbdde5?s=96&d=mm&r=g\",\"url\":\"https:\/\/secure.gravatar.com\/avatar\/596e7c417251e30f2fbb9c00e026fce61a695a00e51c889caded71c96cbbdde5?s=96&d=mm&r=g\",\"contentUrl\":\"https:\/\/secure.gravatar.com\/avatar\/596e7c417251e30f2fbb9c00e026fce61a695a00e51c889caded71c96cbbdde5?s=96&d=mm&r=g\",\"caption\":\"Kisha Orthodhokse\"}}]}<\/script>\n<!-- \/ Yoast SEO plugin. -->","yoast_head_json":{"title":"Kampet e sivjetshme verore t\u00eb Kish\u00ebs son\u00eb Orthodhokse n\u00eb Kosov\u00eb mbush\u00ebn 10 vjet. (Shtator 2011) - Kisha Orthodh\u03bfkse Autoqefale e Shqip\u00ebris\u00eb","robots":{"index":"index","follow":"follow","max-snippet":"max-snippet:-1","max-image-preview":"max-image-preview:large","max-video-preview":"max-video-preview:-1"},"canonical":"https:\/\/orthodoxalbania.org\/2020\/2013\/03\/21\/kampet-e-sivjetshme-verore-te-kishes-sone-orthodhokse-ne-kosove-mbushen-10-vjet-lumturia-troket-ne-kampet-verore-per-femijet-kosovare\/","og_locale":"en_US","og_type":"article","og_title":"Kampet e sivjetshme verore t\u00eb Kish\u00ebs son\u00eb Orthodhokse n\u00eb Kosov\u00eb mbush\u00ebn 10 vjet. (Shtator 2011) - Kisha Orthodh\u03bfkse Autoqefale e Shqip\u00ebris\u00eb","og_description":"&#8211; Lumturia troket n\u00eb kampet verore p\u00ebr f\u00ebmij\u00ebt kosovar\u00eb &#8211; &nbsp; &nbsp; &nbsp; Si \u00e7do vit, ardhja e ver\u00ebs b\u00ebn q\u00eb f\u00ebmij\u00ebt e Kosov\u00ebs t\u00eb presin me padurim dit\u00ebt kur n\u00eb shkoll\u00ebn e tyre do t\u00eb zhvillohet kampi veror p\u00ebr f\u00ebmij\u00eb. P\u00ebr t\u00eb dhjetin vit radhazi, Kisha Orthodhokse Autoqefale e Shqip\u00ebris\u00eb, n\u00ebp\u00ebrmjet Zyr\u00ebs Qendrore t\u00eb F\u00ebmij\u00ebve dhe dhjet\u00ebra vullnetar\u00ebve t\u00eb saj b\u00ebri t\u00eb mundur q\u00eb","og_url":"https:\/\/orthodoxalbania.org\/2020\/2013\/03\/21\/kampet-e-sivjetshme-verore-te-kishes-sone-orthodhokse-ne-kosove-mbushen-10-vjet-lumturia-troket-ne-kampet-verore-per-femijet-kosovare\/","og_site_name":"Kisha Orthodh\u03bfkse Autoqefale e Shqip\u00ebris\u00eb","article_publisher":"https:\/\/www.facebook.com\/koash1991","article_published_time":"2013-03-21T10:04:23+00:00","article_modified_time":"2020-04-06T20:31:59+00:00","og_image":[{"url":"https:\/\/lh3.googleusercontent.com\/-7BhXzbVyjCc\/VAQ7GrcqJuI\/AAAAAAAAChs\/nBIV2xwJaDM\/w600-h399-no\/3_600x399.JPG","type":"","width":"","height":""}],"author":"Kisha Orthodhokse","twitter_card":"summary_large_image","twitter_misc":{"Written by":"Kisha Orthodhokse","Est. reading time":"4 minutes"},"schema":{"@context":"https:\/\/schema.org","@graph":[{"@type":"Article","@id":"https:\/\/orthodoxalbania.org\/2020\/2013\/03\/21\/kampet-e-sivjetshme-verore-te-kishes-sone-orthodhokse-ne-kosove-mbushen-10-vjet-lumturia-troket-ne-kampet-verore-per-femijet-kosovare\/#article","isPartOf":{"@id":"https:\/\/orthodoxalbania.org\/2020\/2013\/03\/21\/kampet-e-sivjetshme-verore-te-kishes-sone-orthodhokse-ne-kosove-mbushen-10-vjet-lumturia-troket-ne-kampet-verore-per-femijet-kosovare\/"},"author":{"name":"Kisha Orthodhokse","@id":"https:\/\/orthodoxalbania.org\/2020\/#\/schema\/person\/0c387634a7063ac612d7ed9ce71c7e86"},"headline":"Kampet e sivjetshme verore t\u00eb Kish\u00ebs son\u00eb Orthodhokse n\u00eb Kosov\u00eb mbush\u00ebn 10 vjet. (Shtator 2011)","datePublished":"2013-03-21T10:04:23+00:00","dateModified":"2020-04-06T20:31:59+00:00","mainEntityOfPage":{"@id":"https:\/\/orthodoxalbania.org\/2020\/2013\/03\/21\/kampet-e-sivjetshme-verore-te-kishes-sone-orthodhokse-ne-kosove-mbushen-10-vjet-lumturia-troket-ne-kampet-verore-per-femijet-kosovare\/"},"wordCount":866,"commentCount":0,"publisher":{"@id":"https:\/\/orthodoxalbania.org\/2020\/#organization"},"image":{"@id":"https:\/\/orthodoxalbania.org\/2020\/2013\/03\/21\/kampet-e-sivjetshme-verore-te-kishes-sone-orthodhokse-ne-kosove-mbushen-10-vjet-lumturia-troket-ne-kampet-verore-per-femijet-kosovare\/#primaryimage"},"thumbnailUrl":"https:\/\/lh3.googleusercontent.com\/-7BhXzbVyjCc\/VAQ7GrcqJuI\/AAAAAAAAChs\/nBIV2xwJaDM\/w600-h399-no\/3_600x399.JPG","keywords":["2011","Kampe verore","Kryepiskopata Tiran\u00eb","lajme"],"articleSection":["Lajme"],"inLanguage":"en-US"},{"@type":"WebPage","@id":"https:\/\/orthodoxalbania.org\/2020\/2013\/03\/21\/kampet-e-sivjetshme-verore-te-kishes-sone-orthodhokse-ne-kosove-mbushen-10-vjet-lumturia-troket-ne-kampet-verore-per-femijet-kosovare\/","url":"https:\/\/orthodoxalbania.org\/2020\/2013\/03\/21\/kampet-e-sivjetshme-verore-te-kishes-sone-orthodhokse-ne-kosove-mbushen-10-vjet-lumturia-troket-ne-kampet-verore-per-femijet-kosovare\/","name":"Kampet e sivjetshme verore t\u00eb Kish\u00ebs son\u00eb Orthodhokse n\u00eb Kosov\u00eb mbush\u00ebn 10 vjet. (Shtator 2011) - Kisha Orthodh\u03bfkse Autoqefale e Shqip\u00ebris\u00eb","isPartOf":{"@id":"https:\/\/orthodoxalbania.org\/2020\/#website"},"primaryImageOfPage":{"@id":"https:\/\/orthodoxalbania.org\/2020\/2013\/03\/21\/kampet-e-sivjetshme-verore-te-kishes-sone-orthodhokse-ne-kosove-mbushen-10-vjet-lumturia-troket-ne-kampet-verore-per-femijet-kosovare\/#primaryimage"},"image":{"@id":"https:\/\/orthodoxalbania.org\/2020\/2013\/03\/21\/kampet-e-sivjetshme-verore-te-kishes-sone-orthodhokse-ne-kosove-mbushen-10-vjet-lumturia-troket-ne-kampet-verore-per-femijet-kosovare\/#primaryimage"},"thumbnailUrl":"https:\/\/lh3.googleusercontent.com\/-7BhXzbVyjCc\/VAQ7GrcqJuI\/AAAAAAAAChs\/nBIV2xwJaDM\/w600-h399-no\/3_600x399.JPG","datePublished":"2013-03-21T10:04:23+00:00","dateModified":"2020-04-06T20:31:59+00:00","breadcrumb":{"@id":"https:\/\/orthodoxalbania.org\/2020\/2013\/03\/21\/kampet-e-sivjetshme-verore-te-kishes-sone-orthodhokse-ne-kosove-mbushen-10-vjet-lumturia-troket-ne-kampet-verore-per-femijet-kosovare\/#breadcrumb"},"inLanguage":"en-US","potentialAction":[{"@type":"ReadAction","target":["https:\/\/orthodoxalbania.org\/2020\/2013\/03\/21\/kampet-e-sivjetshme-verore-te-kishes-sone-orthodhokse-ne-kosove-mbushen-10-vjet-lumturia-troket-ne-kampet-verore-per-femijet-kosovare\/"]}]},{"@type":"ImageObject","inLanguage":"en-US","@id":"https:\/\/orthodoxalbania.org\/2020\/2013\/03\/21\/kampet-e-sivjetshme-verore-te-kishes-sone-orthodhokse-ne-kosove-mbushen-10-vjet-lumturia-troket-ne-kampet-verore-per-femijet-kosovare\/#primaryimage","url":"https:\/\/lh3.googleusercontent.com\/-7BhXzbVyjCc\/VAQ7GrcqJuI\/AAAAAAAAChs\/nBIV2xwJaDM\/w600-h399-no\/3_600x399.JPG","contentUrl":"https:\/\/lh3.googleusercontent.com\/-7BhXzbVyjCc\/VAQ7GrcqJuI\/AAAAAAAAChs\/nBIV2xwJaDM\/w600-h399-no\/3_600x399.JPG"},{"@type":"BreadcrumbList","@id":"https:\/\/orthodoxalbania.org\/2020\/2013\/03\/21\/kampet-e-sivjetshme-verore-te-kishes-sone-orthodhokse-ne-kosove-mbushen-10-vjet-lumturia-troket-ne-kampet-verore-per-femijet-kosovare\/#breadcrumb","itemListElement":[{"@type":"ListItem","position":1,"name":"Home","item":"https:\/\/orthodoxalbania.org\/2020\/"},{"@type":"ListItem","position":2,"name":"Kampet e sivjetshme verore t\u00eb Kish\u00ebs son\u00eb Orthodhokse n\u00eb Kosov\u00eb mbush\u00ebn 10 vjet. (Shtator 2011)"}]},{"@type":"WebSite","@id":"https:\/\/orthodoxalbania.org\/2020\/#website","url":"https:\/\/orthodoxalbania.org\/2020\/","name":"Kisha Orthodh\u03bfkse Autoqefale e Shqip\u00ebris\u00eb","description":"Fqja Zyrtare e Kish\u00ebs Orthodhokse Autoqefale e Shqip\u00ebris\u00eb me lajmet edhe informacionet zyrtare p\u00ebr struktur\u00ebn edhe veprimtarin e saj.","publisher":{"@id":"https:\/\/orthodoxalbania.org\/2020\/#organization"},"potentialAction":[{"@type":"SearchAction","target":{"@type":"EntryPoint","urlTemplate":"https:\/\/orthodoxalbania.org\/2020\/?s={search_term_string}"},"query-input":{"@type":"PropertyValueSpecification","valueRequired":true,"valueName":"search_term_string"}}],"inLanguage":"en-US"},{"@type":"Organization","@id":"https:\/\/orthodoxalbania.org\/2020\/#organization","name":"Kisha Orthodhokse Autoqefale e Shqip\u00ebris\u00eb","url":"https:\/\/orthodoxalbania.org\/2020\/","logo":{"@type":"ImageObject","inLanguage":"en-US","@id":"https:\/\/orthodoxalbania.org\/2020\/#\/schema\/logo\/image\/","url":"https:\/\/orthodoxalbania.org\/2020\/wp-content\/uploads\/2020\/05\/albania.jpeg","contentUrl":"https:\/\/orthodoxalbania.org\/2020\/wp-content\/uploads\/2020\/05\/albania.jpeg","width":540,"height":540,"caption":"Kisha Orthodhokse Autoqefale e Shqip\u00ebris\u00eb"},"image":{"@id":"https:\/\/orthodoxalbania.org\/2020\/#\/schema\/logo\/image\/"},"sameAs":["https:\/\/www.facebook.com\/koash1991"]},{"@type":"Person","@id":"https:\/\/orthodoxalbania.org\/2020\/#\/schema\/person\/0c387634a7063ac612d7ed9ce71c7e86","name":"Kisha Orthodhokse","image":{"@type":"ImageObject","inLanguage":"en-US","@id":"https:\/\/secure.gravatar.com\/avatar\/596e7c417251e30f2fbb9c00e026fce61a695a00e51c889caded71c96cbbdde5?s=96&d=mm&r=g","url":"https:\/\/secure.gravatar.com\/avatar\/596e7c417251e30f2fbb9c00e026fce61a695a00e51c889caded71c96cbbdde5?s=96&d=mm&r=g","contentUrl":"https:\/\/secure.gravatar.com\/avatar\/596e7c417251e30f2fbb9c00e026fce61a695a00e51c889caded71c96cbbdde5?s=96&d=mm&r=g","caption":"Kisha Orthodhokse"}}]}},"_links":{"self":[{"href":"https:\/\/orthodoxalbania.org\/2020\/wp-json\/wp\/v2\/posts\/675","targetHints":{"allow":["GET"]}}],"collection":[{"href":"https:\/\/orthodoxalbania.org\/2020\/wp-json\/wp\/v2\/posts"}],"about":[{"href":"https:\/\/orthodoxalbania.org\/2020\/wp-json\/wp\/v2\/types\/post"}],"author":[{"embeddable":true,"href":"https:\/\/orthodoxalbania.org\/2020\/wp-json\/wp\/v2\/users\/1"}],"replies":[{"embeddable":true,"href":"https:\/\/orthodoxalbania.org\/2020\/wp-json\/wp\/v2\/comments?post=675"}],"version-history":[{"count":1,"href":"https:\/\/orthodoxalbania.org\/2020\/wp-json\/wp\/v2\/posts\/675\/revisions"}],"predecessor-version":[{"id":15366,"href":"https:\/\/orthodoxalbania.org\/2020\/wp-json\/wp\/v2\/posts\/675\/revisions\/15366"}],"wp:attachment":[{"href":"https:\/\/orthodoxalbania.org\/2020\/wp-json\/wp\/v2\/media?parent=675"}],"wp:term":[{"taxonomy":"category","embeddable":true,"href":"https:\/\/orthodoxalbania.org\/2020\/wp-json\/wp\/v2\/categories?post=675"},{"taxonomy":"post_tag","embeddable":true,"href":"https:\/\/orthodoxalbania.org\/2020\/wp-json\/wp\/v2\/tags?post=675"}],"curies":[{"name":"wp","href":"https:\/\/api.w.org\/{rel}","templated":true}]}}