{"id":673,"date":"2006-02-27T10:28:40","date_gmt":"2006-02-27T10:28:40","guid":{"rendered":""},"modified":"2020-04-06T22:35:55","modified_gmt":"2020-04-06T20:35:55","slug":"kampet-ditore-me-femijet-ne-mjaft-zona-te-vendit","status":"publish","type":"post","link":"https:\/\/orthodoxalbania.org\/2020\/2006\/02\/27\/kampet-ditore-me-femijet-ne-mjaft-zona-te-vendit\/","title":{"rendered":"Kampet ditore me f\u00ebmij\u00ebt n\u00eb mjaft zona t\u00eb vendit. (Shtator 2006)"},"content":{"rendered":"<p style=\"text-align: justify;\"><span style=\"color: #000000;\"><span style=\"font-family: tahoma,geneva,sans-serif;\"><span style=\"font-size: 12px;\">&nbsp;&nbsp;&nbsp;<span class=\"apple-converted-space\"> <\/span><span class=\"style4\">N\u00eb 33 qytete dhe fshatra t\u00eb Shqip\u00ebris\u00eb u zhvilluan kampe ditore-nj\u00eb javore p\u00ebr f\u00ebmij\u00ebt e mosh\u00ebs 6-12 vje\u00e7. K\u00ebto kampe u organizuan nga Kisha Orthodhokse Autoqefale e Shqip\u00ebris\u00eb p\u00ebrgjat\u00eb muajve Korrik-Gusht dhe Shtator dhe n\u00eb to mor\u00ebn pjes\u00eb rreth 1700 f\u00ebmij\u00eb. Organizimi dhe realizimi i k\u00ebtyre kampingjeve u b\u00eb i mundur n\u00eb saj\u00eb t\u00eb bashk\u00ebpunimit q\u00eb Zyra Qendrore e F\u00ebmij\u00ebve pati me klerik\u00eb t\u00eb dioqezave t\u00eb ndryshme, me katekist\u00eb si dhe me shum\u00eb vullnetar\u00eb, pjes\u00ebmarr\u00ebs n\u00eb grupet rinore t\u00eb Kish\u00ebs.<\/span><\/span><\/span><\/span><\/p>\n<div style=\"text-align: justify;\">&nbsp;<\/div>\n<div style=\"line-height: 18pt; text-align: justify;\"><span style=\"color: #000000;\"><span style=\"font-family: tahoma,geneva,sans-serif;\"><span style=\"font-size: 12px;\">&nbsp;&nbsp; Zonat ku u zhvilluan k<span>\u00eb<\/span>to kampingje ishin<span>:<\/span><span class=\"apple-converted-space\"><\/span><em>Tiran<\/em><em><span>\u00eb (<\/span><\/em><em>Katedralen <\/em><em>Ungjill<\/em><em><span>\u00eb<\/span><\/em><em>zimi<\/em><em><span>, <\/span><\/em><em>Bathore<\/em><em><span>, <\/span><\/em><em>Tabor<\/em><em><span>, <\/span><\/em><em>Kodra<\/em><em> e <\/em><em>Priftit<\/em><em><span>), <\/span><\/em><em>Gramsh<\/em><em><span>, <\/span><\/em><em>C<\/em><em><span>\u00eb<\/span><\/em><em>rrik<\/em><em><span>, <\/span><\/em><em>Sh<\/em><em><span>\u00eb<\/span><\/em><em>n<\/em><em> Joan <\/em><em>Vladimir<\/em><em><span>, <\/span><\/em><em>Fikas<\/em><em><span>, <\/span><\/em><em>Kuqan<\/em><em><span>, <\/span><\/em><em>Kryezjarr<\/em><em><span>, <\/span><\/em><em>Sht<\/em><em><span>\u00eb<\/span><\/em><em>rmen<\/em><em><span>, <\/span><\/em><em>Grabov<\/em><em><span>\u00eb, <\/span><\/em><em>Librazhd<\/em><em><span>, <\/span><\/em><em>Shelcan<\/em><em><span>, <\/span><\/em><em>Vrak<\/em><em><span>\u00eb, <\/span><\/em><em>Shkod<\/em><em><span>\u00eb<\/span><\/em><em>r<\/em><em><span>, <\/span><\/em><em>Sheqishte<\/em><em><span>, <\/span><\/em><em>Kavaj<\/em><em><span>\u00eb, <\/span><\/em><em>Bubullim<\/em><em><span>\u00eb, <\/span><\/em><em>Halilaj<\/em><em><span>, <\/span><\/em><em>Verri<\/em><em><span>, <\/span><\/em><em>Vajkan<\/em><em><span>, <\/span><\/em><em>Rrupaj<\/em><em><span>, <\/span><\/em><em>Krutje<\/em><em><span>, <\/span><\/em><em>Sh<\/em><em><span>\u00eb<\/span><\/em><em>n<\/em><em> Pjet<\/em><em><span>\u00eb<\/span><\/em><em>r<\/em><em><span>, <\/span><\/em><em>Topoj<\/em><em><span>\u00eb, <\/span><\/em><em>Poro<\/em><em><span>, <\/span><\/em><em>D<\/em><em><span>\u00eb<\/span><\/em><em>ll<\/em><em><span>\u00eb<\/span><\/em><em>nj<\/em><em><span>\u00eb, <\/span><\/em><em>Berat<\/em><em><span> (<\/span><\/em><em>Kala<\/em><em><span>, <\/span><\/em><em>Qend<\/em><em><span>\u00eb<\/span><\/em><em>r<\/em><em><span>, <\/span><\/em><em>Gorric<\/em><em><span>\u00eb), <\/span><\/em><em>Kozar<span>\u00eb.<\/span><\/em><\/span><\/span><\/span><\/div>\n<div style=\"line-height: 18pt; text-align: justify;\">&nbsp;<\/div>\n<div style=\"line-height: 18pt; text-align: justify;\"><span style=\"color: #000000;\"><span style=\"font-family: tahoma,geneva,sans-serif;\"><span style=\"font-size: 12px;\">&nbsp;&nbsp;<span class=\"apple-converted-space\"><\/span><span class=\"style4\">Nj<\/span><span class=\"style4\"><span>\u00eb <\/span><\/span><span class=\"style4\">dit<\/span><span class=\"style4\"><span>\u00eb <\/span><\/span><span class=\"style4\">e <\/span><span class=\"style4\">paharruar <\/span><span class=\"style4\">n<\/span><span class=\"style4\"><span>\u00eb <\/span><\/span><span class=\"style4\">kamp <\/span><span class=\"style4\">ishte <\/span><span class=\"style4\">edhe<\/span><span class=\"style4\"> dita <\/span><span class=\"style4\">e <\/span><span class=\"style4\">loj<\/span><span class=\"style4\"><span>\u00eb<\/span><\/span><span class=\"style4\">rave <\/span><span class=\"style4\">olimpike <\/span><span class=\"style4\">ku <\/span><span class=\"style4\">f<\/span><span class=\"style4\"><span>\u00eb<\/span><\/span><span class=\"style4\">mij<\/span><span class=\"style4\"><span>\u00eb<\/span><\/span><span class=\"style4\">t<\/span><span class=\"style4\"> kishin <\/span><span class=\"style4\">p<\/span><span class=\"style4\"><span>\u00eb<\/span><\/span><span class=\"style4\">rgatitur <\/span><span class=\"style4\">nga <\/span><span class=\"style4\">nj<\/span><span class=\"style4\"><span>\u00eb <\/span><\/span><span class=\"style4\">himn<\/span><span class=\"style4\"> dhe <\/span><span class=\"style4\">flamur <\/span><span class=\"style4\">q<\/span><span class=\"style4\"><span>\u00eb <\/span><\/span><span class=\"style4\">p<\/span><span class=\"style4\"><span>\u00eb<\/span><\/span><span class=\"style4\">rfaq<\/span><span class=\"style4\"><span>\u00eb<\/span><\/span><span class=\"style4\">sonin <\/span><span class=\"style4\">grupin <\/span><span class=\"style4\">e <\/span><span class=\"style4\">tyre<\/span><span class=\"style4\"><span>. <\/span><\/span><span class=\"style4\">N<\/span><span class=\"style4\"><span>\u00eb <\/span><\/span><span class=\"style4\">dit<\/span><span class=\"style4\"><span>\u00eb<\/span><\/span><span class=\"style4\">n <\/span><span class=\"style4\">e <\/span><span class=\"style4\">shtat<\/span><span class=\"style4\"><span>\u00eb <\/span><\/span><span class=\"style4\">dhe <\/span><span class=\"style4\">t<\/span><span class=\"style4\"><span>\u00eb <\/span><\/span><span class=\"style4\">fundit <\/span><span class=\"style4\">t<\/span><span class=\"style4\"><span>\u00eb <\/span><\/span><span class=\"style4\">kampit<\/span><span class=\"style4\"><span>, <\/span><\/span><span class=\"style4\">f<\/span><span class=\"style4\"><span>\u00eb<\/span><\/span><span class=\"style4\">mij<\/span><span class=\"style4\"><span>\u00eb<\/span><\/span><span class=\"style4\">t<\/span><span class=\"style4\"> kaluan <\/span><span class=\"style4\">nj<\/span><span class=\"style4\"><span>\u00eb <\/span><\/span><span class=\"style4\">dit<\/span><span class=\"style4\"><span>\u00eb <\/span><\/span><span class=\"style4\">t<\/span><span class=\"style4\"><span>\u00eb <\/span><\/span><span class=\"style4\">bukur<\/span><span class=\"style4\"> dhe <\/span><span class=\"style4\">festive <\/span><span class=\"style4\">n<\/span><span class=\"style4\"><span>\u00eb <\/span><\/span><span class=\"style4\">pranin<\/span><span class=\"style4\"><span>\u00eb <\/span><\/span><span class=\"style4\">e<\/span><span class=\"style4\">m<\/span><span class=\"style4\"><span>\u00eb<\/span><\/span><span class=\"style4\">suesve<\/span><span class=\"style4\"><span>, <\/span><\/span><span class=\"style4\">prind<\/span><span class=\"style4\"><span>\u00eb<\/span><\/span><span class=\"style4\">rve<\/span><span class=\"style4\"><span>, <\/span><\/span><span class=\"style4\">t<\/span><span class=\"style4\"><span>\u00eb <\/span><\/span><span class=\"style4\">af<\/span><span class=\"style4\"><span>\u00eb<\/span><\/span><span class=\"style4\">rmve <\/span><span class=\"style4\">dhe <\/span><span class=\"style4\">t<\/span><span class=\"style4\"><span>\u00eb <\/span><\/span><span class=\"style4\">nj<\/span><span class=\"style4\"><span>\u00eb<\/span><\/span><span class=\"style4\">ri<\/span><span class=\"style4\"><span>&#8211;<\/span><\/span><span class=\"style4\">tjetrit<\/span><span class=\"style4\"><span>. <\/span><\/span><span class=\"style4\">Nj<\/span><span class=\"style4\"><span>\u00eb <\/span><\/span><span class=\"style4\">ngjarje <\/span><span class=\"style4\">e <\/span><span class=\"style4\">ve<\/span><span class=\"style4\"><span>\u00e7<\/span><\/span><span class=\"style4\">ant<\/span><span class=\"style4\"><span>\u00eb <\/span><\/span><span class=\"style4\">ndodhi<\/span><span class=\"style4\"> n<\/span><span class=\"style4\"><span>\u00eb <\/span><\/span><span class=\"style4\">kampin<\/span><span class=\"style4\"> e<\/span><span class=\"style4\"> Sh<\/span><span class=\"style4\"><span>\u00eb<\/span><\/span><span class=\"style4\">n <\/span><span class=\"style4\">Pjetrit<\/span><span class=\"style4\"> ku <\/span><span class=\"style4\">u<\/span><span class=\"style4\"> pag<\/span><span class=\"style4\"><span>\u00eb<\/span><\/span><span class=\"style4\">zuan<\/span><span class=\"style4\"><span> 10 <\/span><\/span><span class=\"style4\">nga<\/span><span class=\"style4\"> f<\/span><span class=\"style4\"><span>\u00eb<\/span><\/span><span class=\"style4\">mij<\/span><span class=\"style4\"><span>\u00eb<\/span><\/span><span class=\"style4\">t <\/span><span class=\"style4\">pjes<\/span><span class=\"style4\"><span>\u00eb<\/span><\/span><span class=\"style4\">marr<\/span><span class=\"style4\"><span>\u00eb<\/span><\/span><span class=\"style4\">s<\/span><span class=\"style4\"><span>.<\/span><\/span><span class=\"apple-converted-space\"><\/span><\/span><\/span><\/span><\/div>\n<div style=\"line-height: 18pt; text-align: justify;\"> <span style=\"color: #000000;\"><span style=\"font-family: tahoma,geneva,sans-serif;\"><span style=\"font-size: 12px;\"><span class=\"style4\">&nbsp;&nbsp;&nbsp;&nbsp;<\/span><span class=\"style4\">Organizimi<\/span><span class=\"style4\"> dhe<\/span><span class=\"style4\"> zhvillimi <\/span><span class=\"style4\">i <\/span><span class=\"style4\">k<\/span><span class=\"style4\"><span>\u00eb<\/span><\/span><span class=\"style4\">tyre <\/span><span class=\"style4\">kampingjeve <\/span><span class=\"style4\">b<\/span><span class=\"style4\"><span>\u00eb<\/span><\/span><span class=\"style4\">n<\/span><span class=\"style4\"> t<\/span><span class=\"style4\"><span>\u00eb <\/span><\/span><span class=\"style4\">mundur <\/span><span class=\"style4\">rritjen <\/span><span class=\"style4\">e<\/span><span class=\"style4\"> nivelit<\/span><span class=\"style4\"> shpirt<\/span><span class=\"style4\"><span>\u00eb<\/span><\/span><span class=\"style4\">ror<\/span><span class=\"style4\"><span>, <\/span><\/span><span class=\"style4\">edukativ<\/span><span class=\"style4\"> dhe<\/span><span class=\"style4\"> arg<\/span><span class=\"style4\"><span>\u00eb<\/span><\/span><span class=\"style4\">tues<\/span><span class=\"style4\"> t<\/span><span class=\"style4\"><span>\u00eb <\/span><\/span><span class=\"style4\">f<\/span><span class=\"style4\"><span>\u00eb<\/span><\/span><span class=\"style4\">mij<\/span><span class=\"style4\"><span>\u00eb<\/span><\/span><span class=\"style4\">ve<\/span><span class=\"style4\"><span>. <\/span><\/span><span class=\"style4\">Gjat<\/span><span class=\"style4\"><span>\u00eb <\/span><\/span><span class=\"style4\">k<\/span><span class=\"style4\"><span>\u00eb<\/span><\/span><span class=\"style4\">tyre <\/span><span class=\"style4\">kampingjeve <\/span><span class=\"style4\">f<\/span><span class=\"style4\"><span>\u00eb<\/span><\/span><span class=\"style4\">mij<\/span><span class=\"style4\"><span>\u00eb<\/span><\/span><span class=\"style4\">t <\/span><span class=\"style4\">pat<\/span><span class=\"style4\"><span>\u00eb<\/span><\/span><span class=\"style4\">n <\/span><span class=\"style4\">mund<\/span><span class=\"style4\"><span>\u00eb<\/span><\/span><span class=\"style4\">si<\/span><span class=\"style4\"> q<\/span><span class=\"style4\"><span>\u00eb <\/span><\/span><span class=\"style4\">t<\/span><span class=\"style4\"><span>\u00eb <\/span><\/span><span class=\"style4\">m<\/span><span class=\"style4\"><span>\u00eb<\/span><\/span><span class=\"style4\">sonin<\/span><span class=\"style4\"> m<\/span><span class=\"style4\"><span>\u00eb <\/span><\/span><span class=\"style4\">shum<\/span><span class=\"style4\"><span>\u00eb <\/span><\/span><span class=\"style4\">p<\/span><span class=\"style4\"><span>\u00eb<\/span><\/span><span class=\"style4\">rreth<\/span><span class=\"style4\"> shenjtor<\/span><span class=\"style4\"><span>\u00eb<\/span><\/span><span class=\"style4\">ve<\/span><span class=\"style4\"> dhe <\/span><span class=\"style4\">jet<\/span><span class=\"style4\"><span>\u00eb<\/span><\/span><span class=\"style4\">ve <\/span><span class=\"style4\">t<\/span><span class=\"style4\"><span>\u00eb <\/span><\/span><span class=\"style4\">tyre<\/span><span class=\"style4\"><span>, <\/span><\/span><span class=\"style4\">t<\/span><span class=\"style4\"><span>\u00eb <\/span><\/span><span class=\"style4\">m<\/span><span class=\"style4\"><span>\u00eb<\/span><\/span><span class=\"style4\">sonin <\/span><span class=\"style4\">m<\/span><span class=\"style4\"><span>\u00eb <\/span><\/span><span class=\"style4\">tep<\/span><span class=\"style4\"><span>\u00eb<\/span><\/span><span class=\"style4\">r<\/span><span class=\"style4\"> rreth<\/span><span class=\"style4\"> besimit<\/span><span class=\"style4\"> t<\/span><span class=\"style4\"><span>\u00eb <\/span><\/span><span class=\"style4\">krishter<\/span><span class=\"style4\"><span>\u00eb. <\/span><\/span><span class=\"style4\">Por<\/span><span class=\"style4\"> mbi<\/span><span class=\"style4\"> t<\/span><span class=\"style4\"><span>\u00eb <\/span><\/span><span class=\"style4\">gjitha <\/span><span class=\"style4\">m<\/span><span class=\"style4\"><span>\u00eb<\/span><\/span><span class=\"style4\">suan<\/span><span class=\"style4\"> si<\/span><span class=\"style4\"> t<\/span><span class=\"style4\"><span>\u00eb <\/span><\/span><span class=\"style4\">jetonin <\/span><span class=\"style4\">besimin <\/span><span class=\"style4\">e<\/span><span class=\"style4\"> krishter<\/span><span class=\"style4\"><span>\u00eb <\/span><\/span><span class=\"style4\">duke <\/span><span class=\"style4\">u<\/span><span class=\"style4\"> p<\/span><span class=\"style4\"><span>\u00eb<\/span><\/span><span class=\"style4\">rpjekur<\/span><span class=\"style4\"> q<\/span><span class=\"style4\"><span>\u00eb \u00e7<\/span><\/span><span class=\"style4\">do <\/span><span class=\"style4\">dit<\/span><span class=\"style4\"><span>\u00eb <\/span><\/span><span class=\"style4\">t<\/span><span class=\"style4\"><span>\u00eb <\/span><\/span><span class=\"style4\">kultivonin<\/span><span class=\"style4\"> n<\/span><span class=\"style4\"><span>\u00eb <\/span><\/span><span class=\"style4\">jet<\/span><span class=\"style4\"><span>\u00eb<\/span><\/span><span class=\"style4\">t<\/span><span class=\"style4\"> e<\/span><span class=\"style4\"> tyre <\/span><span class=\"style4\">virtyte t<\/span><span class=\"style4\">\u00eb <\/span><span class=\"style4\">krishtera<span>.<\/span><\/span><\/span><\/span><\/span><\/div>\n<div class=\"MsoNormal\" style=\"text-align: justify;\"><span style=\"color: #000000;\"><span style=\"font-family: tahoma,geneva,sans-serif;\"><span style=\"font-size: 12px;\"><span style=\"line-height: 115%;\"><\/span><\/span><\/span><\/span><\/div>\n","protected":false},"excerpt":{"rendered":"<p>&nbsp;&nbsp;&nbsp; N\u00eb 33 qytete dhe fshatra t\u00eb Shqip\u00ebris\u00eb u zhvilluan kampe ditore-nj\u00eb javore p\u00ebr f\u00ebmij\u00ebt e mosh\u00ebs 6-12 vje\u00e7. K\u00ebto kampe u organizuan nga Kisha Orthodhokse Autoqefale e Shqip\u00ebris\u00eb p\u00ebrgjat\u00eb muajve Korrik-Gusht dhe Shtator dhe n\u00eb to mor\u00ebn pjes\u00eb rreth 1700 f\u00ebmij\u00eb. Organizimi dhe realizimi i k\u00ebtyre kampingjeve u b\u00eb i mundur n\u00eb saj\u00eb t\u00eb bashk\u00ebpunimit q\u00eb Zyra Qendrore e F\u00ebmij\u00ebve pati me klerik\u00eb t\u00eb<\/p>\n","protected":false},"author":1,"featured_media":0,"comment_status":"open","ping_status":"open","sticky":false,"template":"","format":"standard","meta":{"_acf_changed":false,"pagelayer_contact_templates":[],"_pagelayer_content":"","inline_featured_image":false,"fifu_image_url":"","fifu_image_alt":"","footnotes":""},"categories":[108],"tags":[148,200,196,212,156],"class_list":["post-673","post","type-post","status-publish","format-standard","hentry","category-lajme","tag-148","tag-kampe-verore","tag-tirane","tag-lajme-d27","tag-femijet"],"acf":[],"yoast_head":"<!-- This site is optimized with the Yoast SEO plugin v27.2 - https:\/\/yoast.com\/product\/yoast-seo-wordpress\/ -->\n<title>Kampet ditore me f\u00ebmij\u00ebt n\u00eb mjaft zona t\u00eb vendit. (Shtator 2006) - Kisha Orthodh\u03bfkse Autoqefale e Shqip\u00ebris\u00eb<\/title>\n<meta name=\"robots\" content=\"index, follow, max-snippet:-1, max-image-preview:large, max-video-preview:-1\" \/>\n<link rel=\"canonical\" href=\"https:\/\/orthodoxalbania.org\/2020\/2006\/02\/27\/kampet-ditore-me-femijet-ne-mjaft-zona-te-vendit\/\" \/>\n<meta property=\"og:locale\" content=\"en_US\" \/>\n<meta property=\"og:type\" content=\"article\" \/>\n<meta property=\"og:title\" content=\"Kampet ditore me f\u00ebmij\u00ebt n\u00eb mjaft zona t\u00eb vendit. (Shtator 2006) - Kisha Orthodh\u03bfkse Autoqefale e Shqip\u00ebris\u00eb\" \/>\n<meta property=\"og:description\" content=\"&nbsp;&nbsp;&nbsp; N\u00eb 33 qytete dhe fshatra t\u00eb Shqip\u00ebris\u00eb u zhvilluan kampe ditore-nj\u00eb javore p\u00ebr f\u00ebmij\u00ebt e mosh\u00ebs 6-12 vje\u00e7. K\u00ebto kampe u organizuan nga Kisha Orthodhokse Autoqefale e Shqip\u00ebris\u00eb p\u00ebrgjat\u00eb muajve Korrik-Gusht dhe Shtator dhe n\u00eb to mor\u00ebn pjes\u00eb rreth 1700 f\u00ebmij\u00eb. Organizimi dhe realizimi i k\u00ebtyre kampingjeve u b\u00eb i mundur n\u00eb saj\u00eb t\u00eb bashk\u00ebpunimit q\u00eb Zyra Qendrore e F\u00ebmij\u00ebve pati me klerik\u00eb t\u00eb\" \/>\n<meta property=\"og:url\" content=\"https:\/\/orthodoxalbania.org\/2020\/2006\/02\/27\/kampet-ditore-me-femijet-ne-mjaft-zona-te-vendit\/\" \/>\n<meta property=\"og:site_name\" content=\"Kisha Orthodh\u03bfkse Autoqefale e Shqip\u00ebris\u00eb\" \/>\n<meta property=\"article:publisher\" content=\"https:\/\/www.facebook.com\/koash1991\" \/>\n<meta property=\"article:published_time\" content=\"2006-02-27T10:28:40+00:00\" \/>\n<meta property=\"article:modified_time\" content=\"2020-04-06T20:35:55+00:00\" \/>\n<meta property=\"og:image\" content=\"https:\/\/orthodoxalbania.org\/2020\/wp-content\/uploads\/2021\/02\/LogoLastALb-200.png\" \/>\n\t<meta property=\"og:image:width\" content=\"200\" \/>\n\t<meta property=\"og:image:height\" content=\"172\" \/>\n\t<meta property=\"og:image:type\" content=\"image\/png\" \/>\n<meta name=\"author\" content=\"Kisha Orthodhokse\" \/>\n<meta name=\"twitter:card\" content=\"summary_large_image\" \/>\n<meta name=\"twitter:label1\" content=\"Written by\" \/>\n\t<meta name=\"twitter:data1\" content=\"Kisha Orthodhokse\" \/>\n\t<meta name=\"twitter:label2\" content=\"Est. reading time\" \/>\n\t<meta name=\"twitter:data2\" content=\"2 minutes\" \/>\n<script type=\"application\/ld+json\" class=\"yoast-schema-graph\">{\"@context\":\"https:\/\/schema.org\",\"@graph\":[{\"@type\":\"Article\",\"@id\":\"https:\/\/orthodoxalbania.org\/2020\/2006\/02\/27\/kampet-ditore-me-femijet-ne-mjaft-zona-te-vendit\/#article\",\"isPartOf\":{\"@id\":\"https:\/\/orthodoxalbania.org\/2020\/2006\/02\/27\/kampet-ditore-me-femijet-ne-mjaft-zona-te-vendit\/\"},\"author\":{\"name\":\"Kisha Orthodhokse\",\"@id\":\"https:\/\/orthodoxalbania.org\/2020\/#\/schema\/person\/0c387634a7063ac612d7ed9ce71c7e86\"},\"headline\":\"Kampet ditore me f\u00ebmij\u00ebt n\u00eb mjaft zona t\u00eb vendit. (Shtator 2006)\",\"datePublished\":\"2006-02-27T10:28:40+00:00\",\"dateModified\":\"2020-04-06T20:35:55+00:00\",\"mainEntityOfPage\":{\"@id\":\"https:\/\/orthodoxalbania.org\/2020\/2006\/02\/27\/kampet-ditore-me-femijet-ne-mjaft-zona-te-vendit\/\"},\"wordCount\":358,\"commentCount\":0,\"publisher\":{\"@id\":\"https:\/\/orthodoxalbania.org\/2020\/#organization\"},\"keywords\":[\"2006\",\"Kampe verore\",\"Kryepiskopata Tiran\u00eb\",\"lajme\",\"Zyra e F\u00ebmij\u00ebve\"],\"articleSection\":[\"Lajme\"],\"inLanguage\":\"en-US\"},{\"@type\":\"WebPage\",\"@id\":\"https:\/\/orthodoxalbania.org\/2020\/2006\/02\/27\/kampet-ditore-me-femijet-ne-mjaft-zona-te-vendit\/\",\"url\":\"https:\/\/orthodoxalbania.org\/2020\/2006\/02\/27\/kampet-ditore-me-femijet-ne-mjaft-zona-te-vendit\/\",\"name\":\"Kampet ditore me f\u00ebmij\u00ebt n\u00eb mjaft zona t\u00eb vendit. (Shtator 2006) - Kisha Orthodh\u03bfkse Autoqefale e Shqip\u00ebris\u00eb\",\"isPartOf\":{\"@id\":\"https:\/\/orthodoxalbania.org\/2020\/#website\"},\"datePublished\":\"2006-02-27T10:28:40+00:00\",\"dateModified\":\"2020-04-06T20:35:55+00:00\",\"breadcrumb\":{\"@id\":\"https:\/\/orthodoxalbania.org\/2020\/2006\/02\/27\/kampet-ditore-me-femijet-ne-mjaft-zona-te-vendit\/#breadcrumb\"},\"inLanguage\":\"en-US\",\"potentialAction\":[{\"@type\":\"ReadAction\",\"target\":[\"https:\/\/orthodoxalbania.org\/2020\/2006\/02\/27\/kampet-ditore-me-femijet-ne-mjaft-zona-te-vendit\/\"]}]},{\"@type\":\"BreadcrumbList\",\"@id\":\"https:\/\/orthodoxalbania.org\/2020\/2006\/02\/27\/kampet-ditore-me-femijet-ne-mjaft-zona-te-vendit\/#breadcrumb\",\"itemListElement\":[{\"@type\":\"ListItem\",\"position\":1,\"name\":\"Home\",\"item\":\"https:\/\/orthodoxalbania.org\/2020\/\"},{\"@type\":\"ListItem\",\"position\":2,\"name\":\"Kampet ditore me f\u00ebmij\u00ebt n\u00eb mjaft zona t\u00eb vendit. (Shtator 2006)\"}]},{\"@type\":\"WebSite\",\"@id\":\"https:\/\/orthodoxalbania.org\/2020\/#website\",\"url\":\"https:\/\/orthodoxalbania.org\/2020\/\",\"name\":\"Kisha Orthodh\u03bfkse Autoqefale e Shqip\u00ebris\u00eb\",\"description\":\"Fqja Zyrtare e Kish\u00ebs Orthodhokse Autoqefale e Shqip\u00ebris\u00eb me lajmet edhe informacionet zyrtare p\u00ebr struktur\u00ebn edhe veprimtarin e saj.\",\"publisher\":{\"@id\":\"https:\/\/orthodoxalbania.org\/2020\/#organization\"},\"potentialAction\":[{\"@type\":\"SearchAction\",\"target\":{\"@type\":\"EntryPoint\",\"urlTemplate\":\"https:\/\/orthodoxalbania.org\/2020\/?s={search_term_string}\"},\"query-input\":{\"@type\":\"PropertyValueSpecification\",\"valueRequired\":true,\"valueName\":\"search_term_string\"}}],\"inLanguage\":\"en-US\"},{\"@type\":\"Organization\",\"@id\":\"https:\/\/orthodoxalbania.org\/2020\/#organization\",\"name\":\"Kisha Orthodhokse Autoqefale e Shqip\u00ebris\u00eb\",\"url\":\"https:\/\/orthodoxalbania.org\/2020\/\",\"logo\":{\"@type\":\"ImageObject\",\"inLanguage\":\"en-US\",\"@id\":\"https:\/\/orthodoxalbania.org\/2020\/#\/schema\/logo\/image\/\",\"url\":\"https:\/\/orthodoxalbania.org\/2020\/wp-content\/uploads\/2020\/05\/albania.jpeg\",\"contentUrl\":\"https:\/\/orthodoxalbania.org\/2020\/wp-content\/uploads\/2020\/05\/albania.jpeg\",\"width\":540,\"height\":540,\"caption\":\"Kisha Orthodhokse Autoqefale e Shqip\u00ebris\u00eb\"},\"image\":{\"@id\":\"https:\/\/orthodoxalbania.org\/2020\/#\/schema\/logo\/image\/\"},\"sameAs\":[\"https:\/\/www.facebook.com\/koash1991\"]},{\"@type\":\"Person\",\"@id\":\"https:\/\/orthodoxalbania.org\/2020\/#\/schema\/person\/0c387634a7063ac612d7ed9ce71c7e86\",\"name\":\"Kisha Orthodhokse\",\"image\":{\"@type\":\"ImageObject\",\"inLanguage\":\"en-US\",\"@id\":\"https:\/\/secure.gravatar.com\/avatar\/596e7c417251e30f2fbb9c00e026fce61a695a00e51c889caded71c96cbbdde5?s=96&d=mm&r=g\",\"url\":\"https:\/\/secure.gravatar.com\/avatar\/596e7c417251e30f2fbb9c00e026fce61a695a00e51c889caded71c96cbbdde5?s=96&d=mm&r=g\",\"contentUrl\":\"https:\/\/secure.gravatar.com\/avatar\/596e7c417251e30f2fbb9c00e026fce61a695a00e51c889caded71c96cbbdde5?s=96&d=mm&r=g\",\"caption\":\"Kisha Orthodhokse\"}}]}<\/script>\n<!-- \/ Yoast SEO plugin. -->","yoast_head_json":{"title":"Kampet ditore me f\u00ebmij\u00ebt n\u00eb mjaft zona t\u00eb vendit. (Shtator 2006) - Kisha Orthodh\u03bfkse Autoqefale e Shqip\u00ebris\u00eb","robots":{"index":"index","follow":"follow","max-snippet":"max-snippet:-1","max-image-preview":"max-image-preview:large","max-video-preview":"max-video-preview:-1"},"canonical":"https:\/\/orthodoxalbania.org\/2020\/2006\/02\/27\/kampet-ditore-me-femijet-ne-mjaft-zona-te-vendit\/","og_locale":"en_US","og_type":"article","og_title":"Kampet ditore me f\u00ebmij\u00ebt n\u00eb mjaft zona t\u00eb vendit. (Shtator 2006) - Kisha Orthodh\u03bfkse Autoqefale e Shqip\u00ebris\u00eb","og_description":"&nbsp;&nbsp;&nbsp; N\u00eb 33 qytete dhe fshatra t\u00eb Shqip\u00ebris\u00eb u zhvilluan kampe ditore-nj\u00eb javore p\u00ebr f\u00ebmij\u00ebt e mosh\u00ebs 6-12 vje\u00e7. K\u00ebto kampe u organizuan nga Kisha Orthodhokse Autoqefale e Shqip\u00ebris\u00eb p\u00ebrgjat\u00eb muajve Korrik-Gusht dhe Shtator dhe n\u00eb to mor\u00ebn pjes\u00eb rreth 1700 f\u00ebmij\u00eb. Organizimi dhe realizimi i k\u00ebtyre kampingjeve u b\u00eb i mundur n\u00eb saj\u00eb t\u00eb bashk\u00ebpunimit q\u00eb Zyra Qendrore e F\u00ebmij\u00ebve pati me klerik\u00eb t\u00eb","og_url":"https:\/\/orthodoxalbania.org\/2020\/2006\/02\/27\/kampet-ditore-me-femijet-ne-mjaft-zona-te-vendit\/","og_site_name":"Kisha Orthodh\u03bfkse Autoqefale e Shqip\u00ebris\u00eb","article_publisher":"https:\/\/www.facebook.com\/koash1991","article_published_time":"2006-02-27T10:28:40+00:00","article_modified_time":"2020-04-06T20:35:55+00:00","og_image":[{"width":200,"height":172,"url":"https:\/\/orthodoxalbania.org\/2020\/wp-content\/uploads\/2021\/02\/LogoLastALb-200.png","type":"image\/png"}],"author":"Kisha Orthodhokse","twitter_card":"summary_large_image","twitter_misc":{"Written by":"Kisha Orthodhokse","Est. reading time":"2 minutes"},"schema":{"@context":"https:\/\/schema.org","@graph":[{"@type":"Article","@id":"https:\/\/orthodoxalbania.org\/2020\/2006\/02\/27\/kampet-ditore-me-femijet-ne-mjaft-zona-te-vendit\/#article","isPartOf":{"@id":"https:\/\/orthodoxalbania.org\/2020\/2006\/02\/27\/kampet-ditore-me-femijet-ne-mjaft-zona-te-vendit\/"},"author":{"name":"Kisha Orthodhokse","@id":"https:\/\/orthodoxalbania.org\/2020\/#\/schema\/person\/0c387634a7063ac612d7ed9ce71c7e86"},"headline":"Kampet ditore me f\u00ebmij\u00ebt n\u00eb mjaft zona t\u00eb vendit. (Shtator 2006)","datePublished":"2006-02-27T10:28:40+00:00","dateModified":"2020-04-06T20:35:55+00:00","mainEntityOfPage":{"@id":"https:\/\/orthodoxalbania.org\/2020\/2006\/02\/27\/kampet-ditore-me-femijet-ne-mjaft-zona-te-vendit\/"},"wordCount":358,"commentCount":0,"publisher":{"@id":"https:\/\/orthodoxalbania.org\/2020\/#organization"},"keywords":["2006","Kampe verore","Kryepiskopata Tiran\u00eb","lajme","Zyra e F\u00ebmij\u00ebve"],"articleSection":["Lajme"],"inLanguage":"en-US"},{"@type":"WebPage","@id":"https:\/\/orthodoxalbania.org\/2020\/2006\/02\/27\/kampet-ditore-me-femijet-ne-mjaft-zona-te-vendit\/","url":"https:\/\/orthodoxalbania.org\/2020\/2006\/02\/27\/kampet-ditore-me-femijet-ne-mjaft-zona-te-vendit\/","name":"Kampet ditore me f\u00ebmij\u00ebt n\u00eb mjaft zona t\u00eb vendit. (Shtator 2006) - Kisha Orthodh\u03bfkse Autoqefale e Shqip\u00ebris\u00eb","isPartOf":{"@id":"https:\/\/orthodoxalbania.org\/2020\/#website"},"datePublished":"2006-02-27T10:28:40+00:00","dateModified":"2020-04-06T20:35:55+00:00","breadcrumb":{"@id":"https:\/\/orthodoxalbania.org\/2020\/2006\/02\/27\/kampet-ditore-me-femijet-ne-mjaft-zona-te-vendit\/#breadcrumb"},"inLanguage":"en-US","potentialAction":[{"@type":"ReadAction","target":["https:\/\/orthodoxalbania.org\/2020\/2006\/02\/27\/kampet-ditore-me-femijet-ne-mjaft-zona-te-vendit\/"]}]},{"@type":"BreadcrumbList","@id":"https:\/\/orthodoxalbania.org\/2020\/2006\/02\/27\/kampet-ditore-me-femijet-ne-mjaft-zona-te-vendit\/#breadcrumb","itemListElement":[{"@type":"ListItem","position":1,"name":"Home","item":"https:\/\/orthodoxalbania.org\/2020\/"},{"@type":"ListItem","position":2,"name":"Kampet ditore me f\u00ebmij\u00ebt n\u00eb mjaft zona t\u00eb vendit. (Shtator 2006)"}]},{"@type":"WebSite","@id":"https:\/\/orthodoxalbania.org\/2020\/#website","url":"https:\/\/orthodoxalbania.org\/2020\/","name":"Kisha Orthodh\u03bfkse Autoqefale e Shqip\u00ebris\u00eb","description":"Fqja Zyrtare e Kish\u00ebs Orthodhokse Autoqefale e Shqip\u00ebris\u00eb me lajmet edhe informacionet zyrtare p\u00ebr struktur\u00ebn edhe veprimtarin e saj.","publisher":{"@id":"https:\/\/orthodoxalbania.org\/2020\/#organization"},"potentialAction":[{"@type":"SearchAction","target":{"@type":"EntryPoint","urlTemplate":"https:\/\/orthodoxalbania.org\/2020\/?s={search_term_string}"},"query-input":{"@type":"PropertyValueSpecification","valueRequired":true,"valueName":"search_term_string"}}],"inLanguage":"en-US"},{"@type":"Organization","@id":"https:\/\/orthodoxalbania.org\/2020\/#organization","name":"Kisha Orthodhokse Autoqefale e Shqip\u00ebris\u00eb","url":"https:\/\/orthodoxalbania.org\/2020\/","logo":{"@type":"ImageObject","inLanguage":"en-US","@id":"https:\/\/orthodoxalbania.org\/2020\/#\/schema\/logo\/image\/","url":"https:\/\/orthodoxalbania.org\/2020\/wp-content\/uploads\/2020\/05\/albania.jpeg","contentUrl":"https:\/\/orthodoxalbania.org\/2020\/wp-content\/uploads\/2020\/05\/albania.jpeg","width":540,"height":540,"caption":"Kisha Orthodhokse Autoqefale e Shqip\u00ebris\u00eb"},"image":{"@id":"https:\/\/orthodoxalbania.org\/2020\/#\/schema\/logo\/image\/"},"sameAs":["https:\/\/www.facebook.com\/koash1991"]},{"@type":"Person","@id":"https:\/\/orthodoxalbania.org\/2020\/#\/schema\/person\/0c387634a7063ac612d7ed9ce71c7e86","name":"Kisha Orthodhokse","image":{"@type":"ImageObject","inLanguage":"en-US","@id":"https:\/\/secure.gravatar.com\/avatar\/596e7c417251e30f2fbb9c00e026fce61a695a00e51c889caded71c96cbbdde5?s=96&d=mm&r=g","url":"https:\/\/secure.gravatar.com\/avatar\/596e7c417251e30f2fbb9c00e026fce61a695a00e51c889caded71c96cbbdde5?s=96&d=mm&r=g","contentUrl":"https:\/\/secure.gravatar.com\/avatar\/596e7c417251e30f2fbb9c00e026fce61a695a00e51c889caded71c96cbbdde5?s=96&d=mm&r=g","caption":"Kisha Orthodhokse"}}]}},"_links":{"self":[{"href":"https:\/\/orthodoxalbania.org\/2020\/wp-json\/wp\/v2\/posts\/673","targetHints":{"allow":["GET"]}}],"collection":[{"href":"https:\/\/orthodoxalbania.org\/2020\/wp-json\/wp\/v2\/posts"}],"about":[{"href":"https:\/\/orthodoxalbania.org\/2020\/wp-json\/wp\/v2\/types\/post"}],"author":[{"embeddable":true,"href":"https:\/\/orthodoxalbania.org\/2020\/wp-json\/wp\/v2\/users\/1"}],"replies":[{"embeddable":true,"href":"https:\/\/orthodoxalbania.org\/2020\/wp-json\/wp\/v2\/comments?post=673"}],"version-history":[{"count":1,"href":"https:\/\/orthodoxalbania.org\/2020\/wp-json\/wp\/v2\/posts\/673\/revisions"}],"predecessor-version":[{"id":15798,"href":"https:\/\/orthodoxalbania.org\/2020\/wp-json\/wp\/v2\/posts\/673\/revisions\/15798"}],"wp:attachment":[{"href":"https:\/\/orthodoxalbania.org\/2020\/wp-json\/wp\/v2\/media?parent=673"}],"wp:term":[{"taxonomy":"category","embeddable":true,"href":"https:\/\/orthodoxalbania.org\/2020\/wp-json\/wp\/v2\/categories?post=673"},{"taxonomy":"post_tag","embeddable":true,"href":"https:\/\/orthodoxalbania.org\/2020\/wp-json\/wp\/v2\/tags?post=673"}],"curies":[{"name":"wp","href":"https:\/\/api.w.org\/{rel}","templated":true}]}}