{"id":67109,"date":"2025-01-25T07:33:08","date_gmt":"2025-01-25T06:33:08","guid":{"rendered":"https:\/\/orthodoxalbania.org\/2020\/?p=67109"},"modified":"2025-01-25T07:33:48","modified_gmt":"2025-01-25T06:33:48","slug":"fjeti-me-zotin-kryepiskopi-i-tiranes-durresit-dhe-gjithe-shqiperise-anastasi","status":"publish","type":"post","link":"https:\/\/orthodoxalbania.org\/2020\/2025\/01\/25\/fjeti-me-zotin-kryepiskopi-i-tiranes-durresit-dhe-gjithe-shqiperise-anastasi\/","title":{"rendered":"Fjeti m\u00eb Zotin Kryepiskopi i Tiran\u00ebs, Durr\u00ebsit dhe Gjith\u00eb Shqip\u00ebris\u00eb, ANASTASI."},"content":{"rendered":"<h4 style=\"text-align: center;\"><strong>Fjeti m\u00eb Zotin Kryepiskopi i Tiran\u00ebs, Durr\u00ebsit dhe Gjith\u00eb Shqip\u00ebris\u00eb,\u00a0ANASTASI.<\/strong><\/h4>\n<p>&nbsp;<\/p>\n<p style=\"text-align: justify;\">Kisha Orthodhokse Autoqefale e Shqip\u00ebris\u00eb, me dhimbje t\u00eb thell\u00eb, njofton fjetjen m\u00eb Zotin t\u00eb Kryepiskopit t\u00eb Tiran\u00ebs, Durr\u00ebsit dhe t\u00eb gjith\u00eb Shqip\u00ebris\u00eb, Fortlumturis\u00eb s\u00eb Tij, Anastasit. Kryepiskopi nd\u00ebrroi jet\u00eb sot, 25 Janar 2025, n\u00eb or\u00ebn 08:30\u00a0t\u00eb m\u00ebngjesit, n\u00eb mosh\u00ebn 95-vje\u00e7are, n\u00eb Spitalin &#8220;Evangelismos&#8221; t\u00eb Athin\u00ebs, si pasoj\u00eb e funksionimit t\u00eb pamjaftuesh\u00ebm t\u00eb shum\u00eb organeve. M\u00eb par\u00eb, ishte kuruar p\u00ebr disa dit\u00eb n\u00eb Spitalin &#8220;Hygeia&#8221; t\u00eb Tiran\u00ebs.<\/p>\n<p style=\"text-align: justify;\">Ftojm\u00eb besimtar\u00ebt orthodhoks\u00eb t\u00eb Kish\u00ebs s\u00eb Shqip\u00ebris\u00eb t\u00eb luten p\u00ebr prehjen e shpirtit t\u00eb Kryebariut t\u00eb ndjer\u00eb.<\/p>\n<p style=\"text-align: justify;\">Fortlumturia e Tij, Kryepiskopi Anastas, ishte rind\u00ebrtuesi dhe rigjall\u00ebruesi i Kish\u00ebs Orthodhokse Autoqefale t\u00eb Shqip\u00ebris\u00eb, t\u00eb cil\u00ebn e ngriti t\u00ebr\u00ebsisht nga rr\u00ebnojat pas r\u00ebnies s\u00eb regjimit ateist. Me vizionin hyjnor dhe pun\u00ebn e tij t\u00eb palodhur, ai rind\u00ebrtoi nga themelet jet\u00ebn kishtare, nd\u00ebrtoi qindra kisha, krijoi institucione arsimore dhe bamir\u00ebse, si dhe formoi nj\u00eb brez t\u00eb ri klerik\u00ebsh, duke ofruar nj\u00eb sh\u00ebrbes\u00eb t\u00eb pand\u00ebrprer\u00eb e sakrifikuese p\u00ebr m\u00eb shum\u00eb\u00a0se\u00a033\u00a0vjet.<\/p>\n<p>&nbsp;<\/p>\n<h4 style=\"text-align: center;\"><em>I p\u00ebrjetsh\u00ebm qoft\u00eb Kujtimi i tij!<\/em><\/h4>\n","protected":false},"excerpt":{"rendered":"<p>Fjeti m\u00eb Zotin Kryepiskopi i Tiran\u00ebs, Durr\u00ebsit dhe Gjith\u00eb Shqip\u00ebris\u00eb,\u00a0ANASTASI. &nbsp; Kisha Orthodhokse Autoqefale e Shqip\u00ebris\u00eb, me dhimbje t\u00eb thell\u00eb, njofton fjetjen m\u00eb Zotin t\u00eb Kryepiskopit t\u00eb Tiran\u00ebs, Durr\u00ebsit dhe t\u00eb gjith\u00eb Shqip\u00ebris\u00eb, Fortlumturis\u00eb s\u00eb Tij, Anastasit. Kryepiskopi nd\u00ebrroi jet\u00eb sot, 25 Janar 2025, n\u00eb or\u00ebn 08:30\u00a0t\u00eb m\u00ebngjesit, n\u00eb mosh\u00ebn 95-vje\u00e7are, n\u00eb Spitalin &#8220;Evangelismos&#8221; t\u00eb Athin\u00ebs, si pasoj\u00eb e funksionimit t\u00eb pamjaftuesh\u00ebm t\u00eb shum\u00eb organeve.<\/p>\n","protected":false},"author":7,"featured_media":67115,"comment_status":"closed","ping_status":"closed","sticky":false,"template":"","format":"standard","meta":{"_acf_changed":false,"pagelayer_contact_templates":[],"_pagelayer_content":"","inline_featured_image":false,"fifu_image_url":"","fifu_image_alt":"","footnotes":""},"categories":[1935],"tags":[3561,3599,3597,3595,212,210],"class_list":["post-67109","post","type-post","status-publish","format-standard","has-post-thumbnail","hentry","category-news-sq","tag-3561","tag-anastasi","tag-durresit-dhe-gjithe-shqiperise","tag-fjeti-me-zotin-kryepiskopi-i-tiranes","tag-lajme-d27","tag-news"],"acf":[],"yoast_head":"<!-- This site is optimized with the Yoast SEO plugin v27.2 - https:\/\/yoast.com\/product\/yoast-seo-wordpress\/ -->\n<title>Fjeti m\u00eb Zotin Kryepiskopi i Tiran\u00ebs, Durr\u00ebsit dhe Gjith\u00eb Shqip\u00ebris\u00eb, ANASTASI. - Kisha Orthodh\u03bfkse Autoqefale e Shqip\u00ebris\u00eb<\/title>\n<meta name=\"robots\" content=\"index, follow, max-snippet:-1, max-image-preview:large, max-video-preview:-1\" \/>\n<link rel=\"canonical\" href=\"https:\/\/orthodoxalbania.org\/2020\/2025\/01\/25\/fjeti-me-zotin-kryepiskopi-i-tiranes-durresit-dhe-gjithe-shqiperise-anastasi\/\" \/>\n<meta property=\"og:locale\" content=\"en_US\" \/>\n<meta property=\"og:type\" content=\"article\" \/>\n<meta property=\"og:title\" content=\"Fjeti m\u00eb Zotin Kryepiskopi i Tiran\u00ebs, Durr\u00ebsit dhe Gjith\u00eb Shqip\u00ebris\u00eb, ANASTASI. - Kisha Orthodh\u03bfkse Autoqefale e Shqip\u00ebris\u00eb\" \/>\n<meta property=\"og:description\" content=\"Fjeti m\u00eb Zotin Kryepiskopi i Tiran\u00ebs, Durr\u00ebsit dhe Gjith\u00eb Shqip\u00ebris\u00eb,\u00a0ANASTASI. &nbsp; Kisha Orthodhokse Autoqefale e Shqip\u00ebris\u00eb, me dhimbje t\u00eb thell\u00eb, njofton fjetjen m\u00eb Zotin t\u00eb Kryepiskopit t\u00eb Tiran\u00ebs, Durr\u00ebsit dhe t\u00eb gjith\u00eb Shqip\u00ebris\u00eb, Fortlumturis\u00eb s\u00eb Tij, Anastasit. Kryepiskopi nd\u00ebrroi jet\u00eb sot, 25 Janar 2025, n\u00eb or\u00ebn 08:30\u00a0t\u00eb m\u00ebngjesit, n\u00eb mosh\u00ebn 95-vje\u00e7are, n\u00eb Spitalin &#8220;Evangelismos&#8221; t\u00eb Athin\u00ebs, si pasoj\u00eb e funksionimit t\u00eb pamjaftuesh\u00ebm t\u00eb shum\u00eb organeve.\" \/>\n<meta property=\"og:url\" content=\"https:\/\/orthodoxalbania.org\/2020\/2025\/01\/25\/fjeti-me-zotin-kryepiskopi-i-tiranes-durresit-dhe-gjithe-shqiperise-anastasi\/\" \/>\n<meta property=\"og:site_name\" content=\"Kisha Orthodh\u03bfkse Autoqefale e Shqip\u00ebris\u00eb\" \/>\n<meta property=\"article:publisher\" content=\"https:\/\/www.facebook.com\/koash1991\" \/>\n<meta property=\"article:published_time\" content=\"2025-01-25T06:33:08+00:00\" \/>\n<meta property=\"article:modified_time\" content=\"2025-01-25T06:33:48+00:00\" \/>\n<meta property=\"og:image\" content=\"https:\/\/orthodoxalbania.org\/2020\/wp-content\/uploads\/2025\/01\/\u039c\u03b1\u03ba\u03b1\u03c1\u03b9\u03cc\u03c4\u03b1\u03c4\u03bf\u03c2-\u0391\u03bd\u03b1\u03c3\u03c4\u03ac\u03c3\u03b9\u03bf\u03c2-1.jpg\" \/>\n\t<meta property=\"og:image:width\" content=\"763\" \/>\n\t<meta property=\"og:image:height\" content=\"1280\" \/>\n\t<meta property=\"og:image:type\" content=\"image\/jpeg\" \/>\n<meta name=\"author\" content=\"Kisha Orthodhokse\" \/>\n<meta name=\"twitter:card\" content=\"summary_large_image\" \/>\n<meta name=\"twitter:label1\" content=\"Written by\" \/>\n\t<meta name=\"twitter:data1\" content=\"Kisha Orthodhokse\" \/>\n\t<meta name=\"twitter:label2\" content=\"Est. reading time\" \/>\n\t<meta name=\"twitter:data2\" content=\"1 minute\" \/>\n<script type=\"application\/ld+json\" class=\"yoast-schema-graph\">{\"@context\":\"https:\/\/schema.org\",\"@graph\":[{\"@type\":\"Article\",\"@id\":\"https:\/\/orthodoxalbania.org\/2020\/2025\/01\/25\/fjeti-me-zotin-kryepiskopi-i-tiranes-durresit-dhe-gjithe-shqiperise-anastasi\/#article\",\"isPartOf\":{\"@id\":\"https:\/\/orthodoxalbania.org\/2020\/2025\/01\/25\/fjeti-me-zotin-kryepiskopi-i-tiranes-durresit-dhe-gjithe-shqiperise-anastasi\/\"},\"author\":{\"name\":\"Kisha Orthodhokse\",\"@id\":\"https:\/\/orthodoxalbania.org\/2020\/#\/schema\/person\/df745f942b70e045b3dc05a30211f0de\"},\"headline\":\"Fjeti m\u00eb Zotin Kryepiskopi i Tiran\u00ebs, Durr\u00ebsit dhe Gjith\u00eb Shqip\u00ebris\u00eb, ANASTASI.\",\"datePublished\":\"2025-01-25T06:33:08+00:00\",\"dateModified\":\"2025-01-25T06:33:48+00:00\",\"mainEntityOfPage\":{\"@id\":\"https:\/\/orthodoxalbania.org\/2020\/2025\/01\/25\/fjeti-me-zotin-kryepiskopi-i-tiranes-durresit-dhe-gjithe-shqiperise-anastasi\/\"},\"wordCount\":225,\"publisher\":{\"@id\":\"https:\/\/orthodoxalbania.org\/2020\/#organization\"},\"image\":{\"@id\":\"https:\/\/orthodoxalbania.org\/2020\/2025\/01\/25\/fjeti-me-zotin-kryepiskopi-i-tiranes-durresit-dhe-gjithe-shqiperise-anastasi\/#primaryimage\"},\"thumbnailUrl\":\"https:\/\/orthodoxalbania.org\/2020\/wp-content\/uploads\/2025\/01\/\u039c\u03b1\u03ba\u03b1\u03c1\u03b9\u03cc\u03c4\u03b1\u03c4\u03bf\u03c2-\u0391\u03bd\u03b1\u03c3\u03c4\u03ac\u03c3\u03b9\u03bf\u03c2-1.jpg\",\"keywords\":[\"2025\",\"ANASTASI.\",\"Durr\u00ebsit dhe Gjith\u00eb Shqip\u00ebris\u00eb\",\"Fjeti m\u00eb Zotin Kryepiskopi i Tiran\u00ebs\",\"lajme\",\"news,\"],\"articleSection\":[\"Lajme AL\"],\"inLanguage\":\"en-US\"},{\"@type\":\"WebPage\",\"@id\":\"https:\/\/orthodoxalbania.org\/2020\/2025\/01\/25\/fjeti-me-zotin-kryepiskopi-i-tiranes-durresit-dhe-gjithe-shqiperise-anastasi\/\",\"url\":\"https:\/\/orthodoxalbania.org\/2020\/2025\/01\/25\/fjeti-me-zotin-kryepiskopi-i-tiranes-durresit-dhe-gjithe-shqiperise-anastasi\/\",\"name\":\"Fjeti m\u00eb Zotin Kryepiskopi i Tiran\u00ebs, Durr\u00ebsit dhe Gjith\u00eb Shqip\u00ebris\u00eb, ANASTASI. - Kisha Orthodh\u03bfkse Autoqefale e Shqip\u00ebris\u00eb\",\"isPartOf\":{\"@id\":\"https:\/\/orthodoxalbania.org\/2020\/#website\"},\"primaryImageOfPage\":{\"@id\":\"https:\/\/orthodoxalbania.org\/2020\/2025\/01\/25\/fjeti-me-zotin-kryepiskopi-i-tiranes-durresit-dhe-gjithe-shqiperise-anastasi\/#primaryimage\"},\"image\":{\"@id\":\"https:\/\/orthodoxalbania.org\/2020\/2025\/01\/25\/fjeti-me-zotin-kryepiskopi-i-tiranes-durresit-dhe-gjithe-shqiperise-anastasi\/#primaryimage\"},\"thumbnailUrl\":\"https:\/\/orthodoxalbania.org\/2020\/wp-content\/uploads\/2025\/01\/\u039c\u03b1\u03ba\u03b1\u03c1\u03b9\u03cc\u03c4\u03b1\u03c4\u03bf\u03c2-\u0391\u03bd\u03b1\u03c3\u03c4\u03ac\u03c3\u03b9\u03bf\u03c2-1.jpg\",\"datePublished\":\"2025-01-25T06:33:08+00:00\",\"dateModified\":\"2025-01-25T06:33:48+00:00\",\"breadcrumb\":{\"@id\":\"https:\/\/orthodoxalbania.org\/2020\/2025\/01\/25\/fjeti-me-zotin-kryepiskopi-i-tiranes-durresit-dhe-gjithe-shqiperise-anastasi\/#breadcrumb\"},\"inLanguage\":\"en-US\",\"potentialAction\":[{\"@type\":\"ReadAction\",\"target\":[\"https:\/\/orthodoxalbania.org\/2020\/2025\/01\/25\/fjeti-me-zotin-kryepiskopi-i-tiranes-durresit-dhe-gjithe-shqiperise-anastasi\/\"]}]},{\"@type\":\"ImageObject\",\"inLanguage\":\"en-US\",\"@id\":\"https:\/\/orthodoxalbania.org\/2020\/2025\/01\/25\/fjeti-me-zotin-kryepiskopi-i-tiranes-durresit-dhe-gjithe-shqiperise-anastasi\/#primaryimage\",\"url\":\"https:\/\/orthodoxalbania.org\/2020\/wp-content\/uploads\/2025\/01\/\u039c\u03b1\u03ba\u03b1\u03c1\u03b9\u03cc\u03c4\u03b1\u03c4\u03bf\u03c2-\u0391\u03bd\u03b1\u03c3\u03c4\u03ac\u03c3\u03b9\u03bf\u03c2-1.jpg\",\"contentUrl\":\"https:\/\/orthodoxalbania.org\/2020\/wp-content\/uploads\/2025\/01\/\u039c\u03b1\u03ba\u03b1\u03c1\u03b9\u03cc\u03c4\u03b1\u03c4\u03bf\u03c2-\u0391\u03bd\u03b1\u03c3\u03c4\u03ac\u03c3\u03b9\u03bf\u03c2-1.jpg\",\"width\":763,\"height\":1280},{\"@type\":\"BreadcrumbList\",\"@id\":\"https:\/\/orthodoxalbania.org\/2020\/2025\/01\/25\/fjeti-me-zotin-kryepiskopi-i-tiranes-durresit-dhe-gjithe-shqiperise-anastasi\/#breadcrumb\",\"itemListElement\":[{\"@type\":\"ListItem\",\"position\":1,\"name\":\"Home\",\"item\":\"https:\/\/orthodoxalbania.org\/2020\/\"},{\"@type\":\"ListItem\",\"position\":2,\"name\":\"Fjeti m\u00eb Zotin Kryepiskopi i Tiran\u00ebs, Durr\u00ebsit dhe Gjith\u00eb Shqip\u00ebris\u00eb, ANASTASI.\"}]},{\"@type\":\"WebSite\",\"@id\":\"https:\/\/orthodoxalbania.org\/2020\/#website\",\"url\":\"https:\/\/orthodoxalbania.org\/2020\/\",\"name\":\"Kisha Orthodh\u03bfkse Autoqefale e Shqip\u00ebris\u00eb\",\"description\":\"Fqja Zyrtare e Kish\u00ebs Orthodhokse Autoqefale e Shqip\u00ebris\u00eb me lajmet edhe informacionet zyrtare p\u00ebr struktur\u00ebn edhe veprimtarin e saj.\",\"publisher\":{\"@id\":\"https:\/\/orthodoxalbania.org\/2020\/#organization\"},\"potentialAction\":[{\"@type\":\"SearchAction\",\"target\":{\"@type\":\"EntryPoint\",\"urlTemplate\":\"https:\/\/orthodoxalbania.org\/2020\/?s={search_term_string}\"},\"query-input\":{\"@type\":\"PropertyValueSpecification\",\"valueRequired\":true,\"valueName\":\"search_term_string\"}}],\"inLanguage\":\"en-US\"},{\"@type\":\"Organization\",\"@id\":\"https:\/\/orthodoxalbania.org\/2020\/#organization\",\"name\":\"Kisha Orthodhokse Autoqefale e Shqip\u00ebris\u00eb\",\"url\":\"https:\/\/orthodoxalbania.org\/2020\/\",\"logo\":{\"@type\":\"ImageObject\",\"inLanguage\":\"en-US\",\"@id\":\"https:\/\/orthodoxalbania.org\/2020\/#\/schema\/logo\/image\/\",\"url\":\"https:\/\/orthodoxalbania.org\/2020\/wp-content\/uploads\/2020\/05\/albania.jpeg\",\"contentUrl\":\"https:\/\/orthodoxalbania.org\/2020\/wp-content\/uploads\/2020\/05\/albania.jpeg\",\"width\":540,\"height\":540,\"caption\":\"Kisha Orthodhokse Autoqefale e Shqip\u00ebris\u00eb\"},\"image\":{\"@id\":\"https:\/\/orthodoxalbania.org\/2020\/#\/schema\/logo\/image\/\"},\"sameAs\":[\"https:\/\/www.facebook.com\/koash1991\"]},{\"@type\":\"Person\",\"@id\":\"https:\/\/orthodoxalbania.org\/2020\/#\/schema\/person\/df745f942b70e045b3dc05a30211f0de\",\"name\":\"Kisha Orthodhokse\",\"image\":{\"@type\":\"ImageObject\",\"inLanguage\":\"en-US\",\"@id\":\"https:\/\/secure.gravatar.com\/avatar\/2676eb8d97178435c9f691a7871595a1da6c33542dec218bce40885573150e28?s=96&d=mm&r=g\",\"url\":\"https:\/\/secure.gravatar.com\/avatar\/2676eb8d97178435c9f691a7871595a1da6c33542dec218bce40885573150e28?s=96&d=mm&r=g\",\"contentUrl\":\"https:\/\/secure.gravatar.com\/avatar\/2676eb8d97178435c9f691a7871595a1da6c33542dec218bce40885573150e28?s=96&d=mm&r=g\",\"caption\":\"Kisha Orthodhokse\"}}]}<\/script>\n<!-- \/ Yoast SEO plugin. -->","yoast_head_json":{"title":"Fjeti m\u00eb Zotin Kryepiskopi i Tiran\u00ebs, Durr\u00ebsit dhe Gjith\u00eb Shqip\u00ebris\u00eb, ANASTASI. - Kisha Orthodh\u03bfkse Autoqefale e Shqip\u00ebris\u00eb","robots":{"index":"index","follow":"follow","max-snippet":"max-snippet:-1","max-image-preview":"max-image-preview:large","max-video-preview":"max-video-preview:-1"},"canonical":"https:\/\/orthodoxalbania.org\/2020\/2025\/01\/25\/fjeti-me-zotin-kryepiskopi-i-tiranes-durresit-dhe-gjithe-shqiperise-anastasi\/","og_locale":"en_US","og_type":"article","og_title":"Fjeti m\u00eb Zotin Kryepiskopi i Tiran\u00ebs, Durr\u00ebsit dhe Gjith\u00eb Shqip\u00ebris\u00eb, ANASTASI. - Kisha Orthodh\u03bfkse Autoqefale e Shqip\u00ebris\u00eb","og_description":"Fjeti m\u00eb Zotin Kryepiskopi i Tiran\u00ebs, Durr\u00ebsit dhe Gjith\u00eb Shqip\u00ebris\u00eb,\u00a0ANASTASI. &nbsp; Kisha Orthodhokse Autoqefale e Shqip\u00ebris\u00eb, me dhimbje t\u00eb thell\u00eb, njofton fjetjen m\u00eb Zotin t\u00eb Kryepiskopit t\u00eb Tiran\u00ebs, Durr\u00ebsit dhe t\u00eb gjith\u00eb Shqip\u00ebris\u00eb, Fortlumturis\u00eb s\u00eb Tij, Anastasit. Kryepiskopi nd\u00ebrroi jet\u00eb sot, 25 Janar 2025, n\u00eb or\u00ebn 08:30\u00a0t\u00eb m\u00ebngjesit, n\u00eb mosh\u00ebn 95-vje\u00e7are, n\u00eb Spitalin &#8220;Evangelismos&#8221; t\u00eb Athin\u00ebs, si pasoj\u00eb e funksionimit t\u00eb pamjaftuesh\u00ebm t\u00eb shum\u00eb organeve.","og_url":"https:\/\/orthodoxalbania.org\/2020\/2025\/01\/25\/fjeti-me-zotin-kryepiskopi-i-tiranes-durresit-dhe-gjithe-shqiperise-anastasi\/","og_site_name":"Kisha Orthodh\u03bfkse Autoqefale e Shqip\u00ebris\u00eb","article_publisher":"https:\/\/www.facebook.com\/koash1991","article_published_time":"2025-01-25T06:33:08+00:00","article_modified_time":"2025-01-25T06:33:48+00:00","og_image":[{"width":763,"height":1280,"url":"https:\/\/orthodoxalbania.org\/2020\/wp-content\/uploads\/2025\/01\/\u039c\u03b1\u03ba\u03b1\u03c1\u03b9\u03cc\u03c4\u03b1\u03c4\u03bf\u03c2-\u0391\u03bd\u03b1\u03c3\u03c4\u03ac\u03c3\u03b9\u03bf\u03c2-1.jpg","type":"image\/jpeg"}],"author":"Kisha Orthodhokse","twitter_card":"summary_large_image","twitter_misc":{"Written by":"Kisha Orthodhokse","Est. reading time":"1 minute"},"schema":{"@context":"https:\/\/schema.org","@graph":[{"@type":"Article","@id":"https:\/\/orthodoxalbania.org\/2020\/2025\/01\/25\/fjeti-me-zotin-kryepiskopi-i-tiranes-durresit-dhe-gjithe-shqiperise-anastasi\/#article","isPartOf":{"@id":"https:\/\/orthodoxalbania.org\/2020\/2025\/01\/25\/fjeti-me-zotin-kryepiskopi-i-tiranes-durresit-dhe-gjithe-shqiperise-anastasi\/"},"author":{"name":"Kisha Orthodhokse","@id":"https:\/\/orthodoxalbania.org\/2020\/#\/schema\/person\/df745f942b70e045b3dc05a30211f0de"},"headline":"Fjeti m\u00eb Zotin Kryepiskopi i Tiran\u00ebs, Durr\u00ebsit dhe Gjith\u00eb Shqip\u00ebris\u00eb, ANASTASI.","datePublished":"2025-01-25T06:33:08+00:00","dateModified":"2025-01-25T06:33:48+00:00","mainEntityOfPage":{"@id":"https:\/\/orthodoxalbania.org\/2020\/2025\/01\/25\/fjeti-me-zotin-kryepiskopi-i-tiranes-durresit-dhe-gjithe-shqiperise-anastasi\/"},"wordCount":225,"publisher":{"@id":"https:\/\/orthodoxalbania.org\/2020\/#organization"},"image":{"@id":"https:\/\/orthodoxalbania.org\/2020\/2025\/01\/25\/fjeti-me-zotin-kryepiskopi-i-tiranes-durresit-dhe-gjithe-shqiperise-anastasi\/#primaryimage"},"thumbnailUrl":"https:\/\/orthodoxalbania.org\/2020\/wp-content\/uploads\/2025\/01\/\u039c\u03b1\u03ba\u03b1\u03c1\u03b9\u03cc\u03c4\u03b1\u03c4\u03bf\u03c2-\u0391\u03bd\u03b1\u03c3\u03c4\u03ac\u03c3\u03b9\u03bf\u03c2-1.jpg","keywords":["2025","ANASTASI.","Durr\u00ebsit dhe Gjith\u00eb Shqip\u00ebris\u00eb","Fjeti m\u00eb Zotin Kryepiskopi i Tiran\u00ebs","lajme","news,"],"articleSection":["Lajme AL"],"inLanguage":"en-US"},{"@type":"WebPage","@id":"https:\/\/orthodoxalbania.org\/2020\/2025\/01\/25\/fjeti-me-zotin-kryepiskopi-i-tiranes-durresit-dhe-gjithe-shqiperise-anastasi\/","url":"https:\/\/orthodoxalbania.org\/2020\/2025\/01\/25\/fjeti-me-zotin-kryepiskopi-i-tiranes-durresit-dhe-gjithe-shqiperise-anastasi\/","name":"Fjeti m\u00eb Zotin Kryepiskopi i Tiran\u00ebs, Durr\u00ebsit dhe Gjith\u00eb Shqip\u00ebris\u00eb, ANASTASI. - Kisha Orthodh\u03bfkse Autoqefale e Shqip\u00ebris\u00eb","isPartOf":{"@id":"https:\/\/orthodoxalbania.org\/2020\/#website"},"primaryImageOfPage":{"@id":"https:\/\/orthodoxalbania.org\/2020\/2025\/01\/25\/fjeti-me-zotin-kryepiskopi-i-tiranes-durresit-dhe-gjithe-shqiperise-anastasi\/#primaryimage"},"image":{"@id":"https:\/\/orthodoxalbania.org\/2020\/2025\/01\/25\/fjeti-me-zotin-kryepiskopi-i-tiranes-durresit-dhe-gjithe-shqiperise-anastasi\/#primaryimage"},"thumbnailUrl":"https:\/\/orthodoxalbania.org\/2020\/wp-content\/uploads\/2025\/01\/\u039c\u03b1\u03ba\u03b1\u03c1\u03b9\u03cc\u03c4\u03b1\u03c4\u03bf\u03c2-\u0391\u03bd\u03b1\u03c3\u03c4\u03ac\u03c3\u03b9\u03bf\u03c2-1.jpg","datePublished":"2025-01-25T06:33:08+00:00","dateModified":"2025-01-25T06:33:48+00:00","breadcrumb":{"@id":"https:\/\/orthodoxalbania.org\/2020\/2025\/01\/25\/fjeti-me-zotin-kryepiskopi-i-tiranes-durresit-dhe-gjithe-shqiperise-anastasi\/#breadcrumb"},"inLanguage":"en-US","potentialAction":[{"@type":"ReadAction","target":["https:\/\/orthodoxalbania.org\/2020\/2025\/01\/25\/fjeti-me-zotin-kryepiskopi-i-tiranes-durresit-dhe-gjithe-shqiperise-anastasi\/"]}]},{"@type":"ImageObject","inLanguage":"en-US","@id":"https:\/\/orthodoxalbania.org\/2020\/2025\/01\/25\/fjeti-me-zotin-kryepiskopi-i-tiranes-durresit-dhe-gjithe-shqiperise-anastasi\/#primaryimage","url":"https:\/\/orthodoxalbania.org\/2020\/wp-content\/uploads\/2025\/01\/\u039c\u03b1\u03ba\u03b1\u03c1\u03b9\u03cc\u03c4\u03b1\u03c4\u03bf\u03c2-\u0391\u03bd\u03b1\u03c3\u03c4\u03ac\u03c3\u03b9\u03bf\u03c2-1.jpg","contentUrl":"https:\/\/orthodoxalbania.org\/2020\/wp-content\/uploads\/2025\/01\/\u039c\u03b1\u03ba\u03b1\u03c1\u03b9\u03cc\u03c4\u03b1\u03c4\u03bf\u03c2-\u0391\u03bd\u03b1\u03c3\u03c4\u03ac\u03c3\u03b9\u03bf\u03c2-1.jpg","width":763,"height":1280},{"@type":"BreadcrumbList","@id":"https:\/\/orthodoxalbania.org\/2020\/2025\/01\/25\/fjeti-me-zotin-kryepiskopi-i-tiranes-durresit-dhe-gjithe-shqiperise-anastasi\/#breadcrumb","itemListElement":[{"@type":"ListItem","position":1,"name":"Home","item":"https:\/\/orthodoxalbania.org\/2020\/"},{"@type":"ListItem","position":2,"name":"Fjeti m\u00eb Zotin Kryepiskopi i Tiran\u00ebs, Durr\u00ebsit dhe Gjith\u00eb Shqip\u00ebris\u00eb, ANASTASI."}]},{"@type":"WebSite","@id":"https:\/\/orthodoxalbania.org\/2020\/#website","url":"https:\/\/orthodoxalbania.org\/2020\/","name":"Kisha Orthodh\u03bfkse Autoqefale e Shqip\u00ebris\u00eb","description":"Fqja Zyrtare e Kish\u00ebs Orthodhokse Autoqefale e Shqip\u00ebris\u00eb me lajmet edhe informacionet zyrtare p\u00ebr struktur\u00ebn edhe veprimtarin e saj.","publisher":{"@id":"https:\/\/orthodoxalbania.org\/2020\/#organization"},"potentialAction":[{"@type":"SearchAction","target":{"@type":"EntryPoint","urlTemplate":"https:\/\/orthodoxalbania.org\/2020\/?s={search_term_string}"},"query-input":{"@type":"PropertyValueSpecification","valueRequired":true,"valueName":"search_term_string"}}],"inLanguage":"en-US"},{"@type":"Organization","@id":"https:\/\/orthodoxalbania.org\/2020\/#organization","name":"Kisha Orthodhokse Autoqefale e Shqip\u00ebris\u00eb","url":"https:\/\/orthodoxalbania.org\/2020\/","logo":{"@type":"ImageObject","inLanguage":"en-US","@id":"https:\/\/orthodoxalbania.org\/2020\/#\/schema\/logo\/image\/","url":"https:\/\/orthodoxalbania.org\/2020\/wp-content\/uploads\/2020\/05\/albania.jpeg","contentUrl":"https:\/\/orthodoxalbania.org\/2020\/wp-content\/uploads\/2020\/05\/albania.jpeg","width":540,"height":540,"caption":"Kisha Orthodhokse Autoqefale e Shqip\u00ebris\u00eb"},"image":{"@id":"https:\/\/orthodoxalbania.org\/2020\/#\/schema\/logo\/image\/"},"sameAs":["https:\/\/www.facebook.com\/koash1991"]},{"@type":"Person","@id":"https:\/\/orthodoxalbania.org\/2020\/#\/schema\/person\/df745f942b70e045b3dc05a30211f0de","name":"Kisha Orthodhokse","image":{"@type":"ImageObject","inLanguage":"en-US","@id":"https:\/\/secure.gravatar.com\/avatar\/2676eb8d97178435c9f691a7871595a1da6c33542dec218bce40885573150e28?s=96&d=mm&r=g","url":"https:\/\/secure.gravatar.com\/avatar\/2676eb8d97178435c9f691a7871595a1da6c33542dec218bce40885573150e28?s=96&d=mm&r=g","contentUrl":"https:\/\/secure.gravatar.com\/avatar\/2676eb8d97178435c9f691a7871595a1da6c33542dec218bce40885573150e28?s=96&d=mm&r=g","caption":"Kisha Orthodhokse"}}]}},"_links":{"self":[{"href":"https:\/\/orthodoxalbania.org\/2020\/wp-json\/wp\/v2\/posts\/67109","targetHints":{"allow":["GET"]}}],"collection":[{"href":"https:\/\/orthodoxalbania.org\/2020\/wp-json\/wp\/v2\/posts"}],"about":[{"href":"https:\/\/orthodoxalbania.org\/2020\/wp-json\/wp\/v2\/types\/post"}],"author":[{"embeddable":true,"href":"https:\/\/orthodoxalbania.org\/2020\/wp-json\/wp\/v2\/users\/7"}],"replies":[{"embeddable":true,"href":"https:\/\/orthodoxalbania.org\/2020\/wp-json\/wp\/v2\/comments?post=67109"}],"version-history":[{"count":5,"href":"https:\/\/orthodoxalbania.org\/2020\/wp-json\/wp\/v2\/posts\/67109\/revisions"}],"predecessor-version":[{"id":67124,"href":"https:\/\/orthodoxalbania.org\/2020\/wp-json\/wp\/v2\/posts\/67109\/revisions\/67124"}],"wp:featuredmedia":[{"embeddable":true,"href":"https:\/\/orthodoxalbania.org\/2020\/wp-json\/wp\/v2\/media\/67115"}],"wp:attachment":[{"href":"https:\/\/orthodoxalbania.org\/2020\/wp-json\/wp\/v2\/media?parent=67109"}],"wp:term":[{"taxonomy":"category","embeddable":true,"href":"https:\/\/orthodoxalbania.org\/2020\/wp-json\/wp\/v2\/categories?post=67109"},{"taxonomy":"post_tag","embeddable":true,"href":"https:\/\/orthodoxalbania.org\/2020\/wp-json\/wp\/v2\/tags?post=67109"}],"curies":[{"name":"wp","href":"https:\/\/api.w.org\/{rel}","templated":true}]}}