{"id":671,"date":"2007-02-26T00:00:00","date_gmt":"2007-02-26T00:00:00","guid":{"rendered":""},"modified":"2020-04-06T22:35:46","modified_gmt":"2020-04-06T20:35:46","slug":"kampe-verore-me-femijet-kosovare-per-forcimin-e-miqesise-dhe-vlerave-ne-shoqerine-shqiptare-2007","status":"publish","type":"post","link":"https:\/\/orthodoxalbania.org\/2020\/2007\/02\/26\/kampe-verore-me-femijet-kosovare-per-forcimin-e-miqesise-dhe-vlerave-ne-shoqerine-shqiptare-2007\/","title":{"rendered":"Kampe verore me f\u00ebmij\u00ebt kosovar\u00eb p\u00ebr forcimin e miq\u00ebsis\u00eb dhe vlerave n\u00eb shoq\u00ebrin\u00eb shqiptare. (2007)"},"content":{"rendered":"<div>&nbsp;<\/div>\n<table id=\"AutoNumber2\" style=\"width: 712px; height: 3715px; margin-right: auto; margin-left: auto;\">\n<tbody>\n<tr>\n<td>\n<div><span style=\"color: #000000;\"><span style=\"font-family: tahoma,geneva,sans-serif;\"><span style=\"font-size: 12px;\"><img decoding=\"async\" class=\"lazyload HAa Eha\" style=\"border-width: 1px; border-style: solid; margin: 10px auto; display: block;\" alt=\"\" src=\"data:image\/svg+xml,%3Csvg%20xmlns%3D%27http%3A%2F%2Fwww.w3.org%2F2000%2Fsvg%27%20width%3D%27322%27%20height%3D%27214%27%20viewBox%3D%270%200%20322%20214%27%3E%3Crect%20width%3D%27322%27%20height%3D%27214%27%20fill-opacity%3D%220%22%2F%3E%3C%2Fsvg%3E\" data-orig-src=\"https:\/\/lh3.googleusercontent.com\/-eB59vezDrxI\/VIqr2kxlzzI\/AAAAAAAAGxc\/H1J1wJ8fLbE\/w400-h266-no\/pic1.jpg\" height=\"214\" width=\"322\" \/><\/span><\/span><\/span><\/div>\n<\/td>\n<td>\n<div style=\"text-align: justify;\"><span style=\"color: #000000;\"><span style=\"font-family: tahoma,geneva,sans-serif;\"><span style=\"font-size: 12px;\">&nbsp;&nbsp;&nbsp;&nbsp; Lidhja e t\u00eb rinjve shqiptar\u00eb me f\u00ebmij\u00ebt kosovar\u00eb po ndjek nj\u00eb tradit\u00eb t\u00eb ve\u00e7ant\u00eb p\u00ebrmes organizimit t\u00eb aktiviteteve kulturore dhe edukative. P\u00ebr t\u00eb gjashtin vit me radh\u00eb, nj\u00eb grup vullnetar\u00ebsh orthodhoks\u00eb shqiptar\u00eb synojn\u00eb t\u00eb mbjellin dhe t\u00eb kultivojn\u00eb te f\u00ebmij\u00ebt e komun\u00ebs s\u00eb Malishev\u00ebs vlerat kryesore t\u00eb shoq\u00ebris\u00eb.<\/span><\/span><\/span><\/div>\n<\/td>\n<\/tr>\n<tr>\n<td>\n<div style=\"text-align: justify;\"><span style=\"color: #000000;\"><span style=\"font-family: tahoma,geneva,sans-serif;\"><span style=\"font-size: 12px;\">&nbsp;&nbsp;&nbsp;&nbsp; K\u00ebt\u00eb ver\u00eb ata organizuan kat\u00ebr kampe verore q\u00eb identifikohen me emra virtytesh t\u00eb tilla si: n\u00eb Caralluk\u00eb me emrin \u201cZem\u00ebrgjer\u00ebsia\u201d, n\u00eb Malishev\u00eb me emrin \u201cShpresa\u201d, n\u00eb Banja me emrin \u201cG\u00ebzimi\u201d dhe n\u00eb Begaj me emrin \u201cMir\u00ebsia\u201d. M\u00eb shum\u00eb se 1500 f\u00ebmij\u00eb mor\u00ebn pjes\u00eb n\u00eb k\u00ebto veprimtari t\u00eb larmishme.<\/span><\/span><\/span><\/div>\n<\/td>\n<td>\n<div><span style=\"color: #000000;\"><span style=\"font-family: tahoma,geneva,sans-serif;\"><span style=\"font-size: 12px;\"><img decoding=\"async\" class=\"lazyload HAa Eha\" style=\"border-width: 1px; border-style: solid; margin: 10px auto; display: block;\" alt=\"\" src=\"data:image\/svg+xml,%3Csvg%20xmlns%3D%27http%3A%2F%2Fwww.w3.org%2F2000%2Fsvg%27%20width%3D%27307%27%20height%3D%27204%27%20viewBox%3D%270%200%20307%20204%27%3E%3Crect%20width%3D%27307%27%20height%3D%27204%27%20fill-opacity%3D%220%22%2F%3E%3C%2Fsvg%3E\" data-orig-src=\"https:\/\/lh3.googleusercontent.com\/-LVEkFo3hzH8\/VIqr4O-vmcI\/AAAAAAAAGxQ\/_V1ERHCczgI\/w400-h266-no\/pic2.jpg\" height=\"204\" width=\"307\" \/><\/span><\/span><\/span><\/div>\n<\/td>\n<\/tr>\n<tr>\n<td>\n<div><span style=\"color: #000000;\"><span style=\"font-family: tahoma,geneva,sans-serif;\"><span style=\"font-size: 12px;\"><img decoding=\"async\" class=\"lazyload HAa Eha\" style=\"border-width: 1px; border-style: solid; margin: 10px auto; display: block;\" alt=\"\" src=\"data:image\/svg+xml,%3Csvg%20xmlns%3D%27http%3A%2F%2Fwww.w3.org%2F2000%2Fsvg%27%20width%3D%27301%27%20height%3D%27200%27%20viewBox%3D%270%200%20301%20200%27%3E%3Crect%20width%3D%27301%27%20height%3D%27200%27%20fill-opacity%3D%220%22%2F%3E%3C%2Fsvg%3E\" data-orig-src=\"https:\/\/lh5.googleusercontent.com\/-MZ76sA_NXXU\/VIqr4fdsiUI\/AAAAAAAAGxU\/khTAEsfM4gU\/w400-h266-no\/pic3.jpg\" height=\"200\" width=\"301\" \/><\/span><\/span><\/span><\/div>\n<\/td>\n<td>\n<div style=\"text-align: justify;\"><span style=\"color: #000000;\"><span style=\"font-family: tahoma,geneva,sans-serif;\"><span style=\"font-size: 12px;\">&nbsp;&nbsp;&nbsp;&nbsp; Vullnetar\u00ebt e ardhur nga Shqip\u00ebria u p\u00ebrqendruan n\u00eb programe edukative p\u00ebrmes t\u00eb cilave realizuan p\u00ebrcjelljen e dijes dhe krijimtaris\u00eb te f\u00ebmij\u00ebt, duke i shnd\u00ebrruar k\u00ebshtu kampet n\u00eb nj\u00eb model t\u00eb shkollave verore.<\/span><\/span><\/span><\/div>\n<\/td>\n<\/tr>\n<tr>\n<td>\n<div style=\"text-align: justify;\"><span style=\"color: #000000;\"><span style=\"font-family: tahoma,geneva,sans-serif;\"><span style=\"font-size: 12px;\">&nbsp;&nbsp;&nbsp;&nbsp; Ky aktivitet drejtohet nga Zyra e F\u00ebmij\u00ebve me drejtues t\u00eb saj, misionarin amerikan z. Nathan Hoppe, i mb\u00ebshtetur nga nj\u00eb staf i p\u00ebrb\u00ebr\u00eb prej 25 vet\u00ebsh, kryesisht student\u00eb t\u00eb Akademis\u00eb Teologjike \u201cNgjallja e Krishtit\u201d, Sh\u00ebn Vlash, Durr\u00ebs, si dhe p\u00ebrfaq\u00ebsues nga rinit\u00eb orthodhokse t\u00eb qyteteve t\u00eb ndryshme t\u00eb Shqip\u00ebris\u00eb. Nga viti 2001 rreth 100 vullnetar\u00eb t\u00eb Kish\u00ebs Orthodhokse kan\u00eb dh\u00ebn\u00eb kontributin e tyre n\u00eb k\u00ebto aktivitete.<\/span><\/span><\/span><\/div>\n<\/td>\n<td>\n<div><span style=\"color: #000000;\"><span style=\"font-family: tahoma,geneva,sans-serif;\"><span style=\"font-size: 12px;\"><img decoding=\"async\" class=\"lazyload HAa Eha\" style=\"border-width: 1px; border-style: solid; margin: 10px auto; display: block;\" alt=\"\" src=\"data:image\/svg+xml,%3Csvg%20xmlns%3D%27http%3A%2F%2Fwww.w3.org%2F2000%2Fsvg%27%20width%3D%27293%27%20height%3D%27195%27%20viewBox%3D%270%200%20293%20195%27%3E%3Crect%20width%3D%27293%27%20height%3D%27195%27%20fill-opacity%3D%220%22%2F%3E%3C%2Fsvg%3E\" data-orig-src=\"https:\/\/lh4.googleusercontent.com\/-96ezh1rojlA\/VIqr45Zd5FI\/AAAAAAAAGwo\/B3lASXOEcYo\/w400-h266-no\/pic4.jpg\" height=\"195\" width=\"293\" \/><\/span><\/span><\/span><\/div>\n<\/td>\n<\/tr>\n<tr>\n<td>\n<div><span style=\"color: #000000;\"><span style=\"font-family: tahoma,geneva,sans-serif;\"><span style=\"font-size: 12px;\"><img decoding=\"async\" class=\"lazyload HAa Eha\" style=\"border-width: 1px; border-style: solid; margin: 10px auto; display: block;\" alt=\"\" src=\"data:image\/svg+xml,%3Csvg%20xmlns%3D%27http%3A%2F%2Fwww.w3.org%2F2000%2Fsvg%27%20width%3D%27334%27%20height%3D%27222%27%20viewBox%3D%270%200%20334%20222%27%3E%3Crect%20width%3D%27334%27%20height%3D%27222%27%20fill-opacity%3D%220%22%2F%3E%3C%2Fsvg%3E\" data-orig-src=\"https:\/\/lh5.googleusercontent.com\/-iuiYccHtHps\/VIqr5SH0wwI\/AAAAAAAAGww\/_8ypNJnth_A\/w400-h266-no\/pic5.jpg\" height=\"222\" width=\"334\" \/><\/span><\/span><\/span><\/div>\n<\/td>\n<td>\n<div style=\"text-align: justify;\"><span style=\"color: #000000;\"><span style=\"font-family: tahoma,geneva,sans-serif;\"><span style=\"font-size: 12px;\">&nbsp;&nbsp;&nbsp;&nbsp; Programi p\u00ebrmbante m\u00ebsimdh\u00ebnie me karakter social-kulturor, loj\u00ebra arg\u00ebtuese n\u00eb grup t\u00eb vog\u00ebl dhe t\u00eb madh, k\u00ebng\u00eb, dramatizime etj. loj\u00ebra olimpike, pun\u00ebdore dhe kokteil. Kampi mbyllej me nj\u00eb program festiv i p\u00ebrgatitur nga vet\u00eb f\u00ebmij\u00ebt kosovar\u00eb ku ishin t\u00eb ftuar arsimtar\u00ebt e shkollave p\u00ebrkat\u00ebse dhe prind\u00ebr t\u00eb f\u00ebmij\u00ebve. Gjithashtu n\u00eb fund t\u00eb \u00e7do kampi organizohej nj\u00eb mbr\u00ebmje festive me arsimtar\u00ebt e k\u00ebtyre shkollave.<\/span><\/span><\/span><\/div>\n<\/td>\n<\/tr>\n<tr>\n<td>\n<div style=\"text-align: justify;\"><span style=\"color: #000000;\"><span style=\"font-family: tahoma,geneva,sans-serif;\"><span style=\"font-size: 12px;\">&nbsp;&nbsp;&nbsp;&nbsp; \u201cSynimi yn\u00eb \u00ebsht\u00eb t\u00eb krijojm\u00eb dhe t\u00eb forcojm\u00eb miq\u00ebsin\u00eb midis nesh dhe f\u00ebmij\u00ebve\u201d \u2013 tha Nathan Hoppe, drejtor i stafit t\u00eb kampit. Nd\u00ebrsa koordinatorja e stafit t\u00eb t\u00eb rinjve vullnetar\u00eb znj. Gabriela Bezhani tha se q\u00ebllimi i organizimit t\u00eb k\u00ebtyre kampeve ishte q\u00eb t\u00eb arg\u00ebtohen f\u00ebmij\u00ebt pas traumave t\u00eb luft\u00ebs, t\u00eb krijohen ura miq\u00ebsie midis shqiptar\u00ebve t\u00eb t\u00eb dy an\u00ebve t\u00eb kufirit.<\/span><\/span><\/span><\/div>\n<\/td>\n<td>\n<div><span style=\"color: #000000;\"><span style=\"font-family: tahoma,geneva,sans-serif;\"><span style=\"font-size: 12px;\"><img decoding=\"async\" class=\"lazyload HAa Eha\" style=\"border-width: 1px; border-style: solid; margin: 10px auto; display: block;\" alt=\"\" src=\"data:image\/svg+xml,%3Csvg%20xmlns%3D%27http%3A%2F%2Fwww.w3.org%2F2000%2Fsvg%27%20width%3D%27332%27%20height%3D%27221%27%20viewBox%3D%270%200%20332%20221%27%3E%3Crect%20width%3D%27332%27%20height%3D%27221%27%20fill-opacity%3D%220%22%2F%3E%3C%2Fsvg%3E\" data-orig-src=\"https:\/\/lh3.googleusercontent.com\/-AwqkXIDjNOk\/VIqr59W8nYI\/AAAAAAAAGxE\/BkR6ux2OXRQ\/w400-h266-no\/pic6.jpg\" height=\"221\" width=\"332\" \/><\/span><\/span><\/span><\/div>\n<\/td>\n<\/tr>\n<tr>\n<td>\n<div><span style=\"color: #000000;\"><span style=\"font-family: tahoma,geneva,sans-serif;\"><span style=\"font-size: 12px;\"><img decoding=\"async\" class=\"lazyload HAa Eha\" style=\"border-width: 1px; border-style: solid; margin: 10px auto; display: block;\" alt=\"\" src=\"data:image\/svg+xml,%3Csvg%20xmlns%3D%27http%3A%2F%2Fwww.w3.org%2F2000%2Fsvg%27%20width%3D%27352%27%20height%3D%27234%27%20viewBox%3D%270%200%20352%20234%27%3E%3Crect%20width%3D%27352%27%20height%3D%27234%27%20fill-opacity%3D%220%22%2F%3E%3C%2Fsvg%3E\" data-orig-src=\"https:\/\/lh5.googleusercontent.com\/-mSdzbxyLz3Y\/VIqr6FG5S6I\/AAAAAAAAGw4\/azxsPSYoti8\/w400-h266-no\/pic7.jpg\" height=\"234\" width=\"352\" \/><\/span><\/span><\/span><\/div>\n<\/td>\n<td>\n<div style=\"text-align: justify;\"><span style=\"color: #000000;\"><span style=\"font-family: tahoma,geneva,sans-serif;\"><span style=\"font-size: 12px;\">&nbsp;&nbsp;&nbsp;&nbsp; \u201cSot mund t\u00eb them q\u00eb jam e k\u00ebnaqur me pun\u00ebn q\u00eb kemi b\u00ebr\u00eb. Virtytet me t\u00eb cilat identifikohen kampet tona paraqesin vlera t\u00eb ve\u00e7anta dhe n\u00eb k\u00ebt\u00eb plan mendojm\u00eb se kemi kontribuar di\u00e7ka p\u00ebr shoq\u00ebrin\u00eb kosovare\u201d \u2013 tregon ajo.<\/span><\/span><\/span><\/div>\n<\/td>\n<\/tr>\n<tr>\n<td>\n<div style=\"text-align: justify;\"><span style=\"color: #000000;\"><span style=\"font-family: tahoma,geneva,sans-serif;\"><span style=\"font-size: 12px;\">&nbsp;&nbsp;&nbsp;&nbsp; Organizimi i kampeve b\u00ebhet n\u00eb bashk\u00ebpunim me drejtor\u00ebt e shkollave dhe me lejen e Drejtoris\u00eb Komunale t\u00eb Arsimit pasi kampist\u00ebt jan\u00eb nx\u00ebn\u00ebs shkollash fillore. Nga viti n\u00eb vit ka edhe k\u00ebrkesa nga shkolla t\u00eb tjera p\u00ebr organizimin e k\u00ebtyre kampeve. Idriz Hoti, drejtor i shkoll\u00ebs 9-vje\u00e7are \u201cImer Krasniqi\u201d iu drejtua sivjet p\u00ebrfaq\u00ebsuesve t\u00eb Kish\u00ebs Orthodhokse Autoqefale t\u00eb Shqip\u00ebris\u00eb n\u00eb Tiran\u00eb q\u00eb t\u00eb mund\u00ebsohet organizimi i kampit veror p\u00ebr nx\u00ebn\u00ebsit e shkoll\u00ebs s\u00eb tij.<\/span><\/span><\/span><\/div>\n<\/td>\n<td>\n<div><span style=\"color: #000000;\"><span style=\"font-family: tahoma,geneva,sans-serif;\"><span style=\"font-size: 12px;\"><img decoding=\"async\" class=\"lazyload HAa Eha\" style=\"border-width: 1px; border-style: solid; margin: 10px auto; display: block;\" alt=\"\" src=\"data:image\/svg+xml,%3Csvg%20xmlns%3D%27http%3A%2F%2Fwww.w3.org%2F2000%2Fsvg%27%20width%3D%27355%27%20height%3D%27236%27%20viewBox%3D%270%200%20355%20236%27%3E%3Crect%20width%3D%27355%27%20height%3D%27236%27%20fill-opacity%3D%220%22%2F%3E%3C%2Fsvg%3E\" data-orig-src=\"https:\/\/lh5.googleusercontent.com\/-Zj33sjfkBl8\/VIqr6krz7ZI\/AAAAAAAAGxM\/m2makmlwfzk\/w400-h266-no\/pic8.jpg\" height=\"236\" width=\"355\" \/><\/span><\/span><\/span><\/div>\n<\/td>\n<\/tr>\n<tr>\n<td>\n<div><span style=\"color: #000000;\"><span style=\"font-family: tahoma,geneva,sans-serif;\"><span style=\"font-size: 12px;\"><img decoding=\"async\" class=\"lazyload HAa Eha\" style=\"border-width: 1px; border-style: solid; margin: 10px auto; display: block;\" alt=\"\" src=\"data:image\/svg+xml,%3Csvg%20xmlns%3D%27http%3A%2F%2Fwww.w3.org%2F2000%2Fsvg%27%20width%3D%27326%27%20height%3D%27217%27%20viewBox%3D%270%200%20326%20217%27%3E%3Crect%20width%3D%27326%27%20height%3D%27217%27%20fill-opacity%3D%220%22%2F%3E%3C%2Fsvg%3E\" data-orig-src=\"https:\/\/lh5.googleusercontent.com\/-ba5nBETxQPM\/VIqr7Dnp0jI\/AAAAAAAAGxI\/Bz6JBdfuOqc\/w400-h266-no\/pic9.jpg\" height=\"217\" width=\"326\" \/><\/span><\/span><\/span><\/div>\n<\/td>\n<td>\n<div style=\"text-align: justify;\"><span style=\"color: #000000;\"><span style=\"font-family: tahoma,geneva,sans-serif;\"><span style=\"font-size: 12px;\">&nbsp;&nbsp;&nbsp;&nbsp; \u201cKemi shum\u00eb f\u00ebmij\u00eb q\u00eb ende jan\u00eb me shenja e trauma nga lufta dhe gjendja e r\u00ebnd\u00eb sociale nuk iu jep mund\u00ebsi q\u00eb t\u2019i p\u00ebrjetojn\u00eb dhe t\u2019i b\u00ebjn\u00eb aktivitetet shum\u00eb t\u00eb mira dhe t\u00eb dobishme p\u00ebr f\u00ebmij\u00ebt, si\u00e7 i b\u00ebn Kisha Orthodhokse e Shqip\u00ebris\u00eb\u201d. Drejtoresha e Arsimit znj. Sanije Kelmendi tha se vitin e kaluar nuk e kishte besuar q\u00eb kampet ishin kaq mir\u00eb dhe q\u00eb f\u00ebmij\u00ebt k\u00ebnaqeshin kaq shum\u00eb. \u201cUn\u00eb shpresoj q\u00eb k\u00ebto kampe t\u00eb vazhdojn\u00eb s\u00ebrish edhe n\u00eb vitet e ardhshme\u201d. Nd\u00ebrsa banor\u00ebt e zon\u00ebs kan\u00eb shprehur konsideratat e tyre p\u00ebr k\u00ebto aktivitete.<\/span><\/span><\/span><\/div>\n<\/td>\n<\/tr>\n<tr>\n<td>\n<div style=\"text-align: justify;\"><span style=\"color: #000000;\"><span style=\"font-family: tahoma,geneva,sans-serif;\"><span style=\"font-size: 12px;\">&nbsp;&nbsp;&nbsp;&nbsp; \u201cF\u00ebmij\u00ebt tan\u00eb kan\u00eb marr\u00eb pjes\u00eb vazhdimisht n\u00eb kampet e organizuara nga Kisha Orthodhokse dhe mezi kan\u00eb pritur q\u00eb t\u00eb vij\u00eb koha e organizimit t\u00eb tyre\u201d \u2013 thot\u00eb banorja e Caralluk\u00ebs znj. Emine Krasniqi. Nd\u00ebrsa Milaim Kastrati, banor i Malishev\u00ebs flet pozitivisht p\u00ebr pun\u00ebn e vullnetar\u00ebve t\u00eb Kish\u00ebs n\u00eb kampin e s\u00eb cil\u00ebs ka marr\u00eb pjes\u00eb vajza e tij Mirenxa.<\/span><\/span><\/span><\/div>\n<\/td>\n<td>\n<div><span style=\"color: #000000;\"><span style=\"font-family: tahoma,geneva,sans-serif;\"><span style=\"font-size: 12px;\"><img decoding=\"async\" class=\"lazyload HAa Eha\" style=\"border-width: 1px; border-style: solid; margin: 10px auto; display: block;\" alt=\"\" src=\"data:image\/svg+xml,%3Csvg%20xmlns%3D%27http%3A%2F%2Fwww.w3.org%2F2000%2Fsvg%27%20width%3D%27332%27%20height%3D%27221%27%20viewBox%3D%270%200%20332%20221%27%3E%3Crect%20width%3D%27332%27%20height%3D%27221%27%20fill-opacity%3D%220%22%2F%3E%3C%2Fsvg%3E\" data-orig-src=\"https:\/\/lh3.googleusercontent.com\/-ac5URAPaEL4\/VIqr21aMwGI\/AAAAAAAAGxk\/lscp2VvpsqQ\/w400-h266-no\/pic10.jpg\" height=\"221\" width=\"332\" \/><\/span><\/span><\/span><\/div>\n<\/td>\n<\/tr>\n<tr>\n<td>\n<div><span style=\"color: #000000;\"><span style=\"font-family: tahoma,geneva,sans-serif;\"><span style=\"font-size: 12px;\"><img decoding=\"async\" class=\"lazyload HAa Eha\" style=\"display: block; margin-left: auto; margin-right: auto;\" alt=\"\" src=\"data:image\/svg+xml,%3Csvg%20xmlns%3D%27http%3A%2F%2Fwww.w3.org%2F2000%2Fsvg%27%20width%3D%27329%27%20height%3D%27219%27%20viewBox%3D%270%200%20329%20219%27%3E%3Crect%20width%3D%27329%27%20height%3D%27219%27%20fill-opacity%3D%220%22%2F%3E%3C%2Fsvg%3E\" data-orig-src=\"https:\/\/lh5.googleusercontent.com\/-hPKhdNbT2sM\/VIqr20c-4xI\/AAAAAAAAGxY\/e_Uh-G5BrtY\/w400-h266-no\/pic11.jpg\" height=\"219\" width=\"329\" \/><\/span><\/span><\/span><\/div>\n<\/td>\n<td>\n<div style=\"text-align: justify;\"><span style=\"color: #000000;\"><span style=\"font-family: tahoma,geneva,sans-serif;\"><span style=\"font-size: 12px;\">&nbsp;&nbsp;&nbsp;&nbsp; \u201cVajza ime ka qen\u00eb shum\u00eb e k\u00ebnaqur. N\u00eb kamp ka pasur loj\u00ebra, k\u00ebshilla edukative dhe un\u00eb jam i k\u00ebnaqur me pun\u00ebn q\u00eb \u00ebsht\u00eb b\u00ebr\u00eb dhe q\u00eb \u00ebsht\u00eb reflektuar shum\u00eb mir\u00eb tek vajza ime\u201d \u2013 thot\u00eb ai.<\/span><\/span><\/span><\/div>\n<\/td>\n<\/tr>\n<tr>\n<td>\n<div style=\"text-align: justify;\"><span style=\"color: #000000;\"><span style=\"font-family: tahoma,geneva,sans-serif;\"><span style=\"font-size: 12px;\">&nbsp;&nbsp;&nbsp;&nbsp; Shkoll\u00ebs \u201cHilmi Hoti\u201d iu dhuruan dy kompjutera dhe nj\u00eb printer, gj\u00eb p\u00ebr t\u00eb cil\u00ebn stafi pedagogjik dhe drejtori i shkoll\u00ebs ishin shum\u00eb mir\u00ebnjoh\u00ebs pasi kishin nevoj\u00eb p\u00ebr to. K\u00ebtij aktiviteti i kushtoi r\u00ebnd\u00ebsi edhe media kosovare, nd\u00ebr t\u00eb cilat gazetat \u201cKoha Ditore\u201d dhe \u201cZ\u00ebri\u201d.<\/span><\/span><\/span><\/div>\n<\/td>\n<td>\n<div><span style=\"color: #000000;\"><span style=\"font-family: tahoma,geneva,sans-serif;\"><span style=\"font-size: 12px;\"><img decoding=\"async\" class=\"lazyload HAa Eha\" style=\"border-width: 1px; border-style: solid; margin: 10px auto; display: block;\" alt=\"\" src=\"data:image\/svg+xml,%3Csvg%20xmlns%3D%27http%3A%2F%2Fwww.w3.org%2F2000%2Fsvg%27%20width%3D%27326%27%20height%3D%27217%27%20viewBox%3D%270%200%20326%20217%27%3E%3Crect%20width%3D%27326%27%20height%3D%27217%27%20fill-opacity%3D%220%22%2F%3E%3C%2Fsvg%3E\" data-orig-src=\"https:\/\/lh3.googleusercontent.com\/-bjp6j44_D0U\/VIqr3W5UdmI\/AAAAAAAAGwQ\/7ZWYTYPf7Vs\/w400-h266-no\/pic12.jpg\" height=\"217\" width=\"326\" \/><\/span><\/span><\/span><\/div>\n<\/td>\n<\/tr>\n<tr>\n<td>\n<div><span style=\"color: #000000;\"><span style=\"font-family: tahoma,geneva,sans-serif;\"><span style=\"font-size: 12px;\"><img decoding=\"async\" class=\"lazyload HAa Eha\" style=\"border-width: 1px; border-style: solid; margin: 10px auto; display: block;\" alt=\"\" src=\"data:image\/svg+xml,%3Csvg%20xmlns%3D%27http%3A%2F%2Fwww.w3.org%2F2000%2Fsvg%27%20width%3D%27313%27%20height%3D%27208%27%20viewBox%3D%270%200%20313%20208%27%3E%3Crect%20width%3D%27313%27%20height%3D%27208%27%20fill-opacity%3D%220%22%2F%3E%3C%2Fsvg%3E\" data-orig-src=\"https:\/\/lh5.googleusercontent.com\/-otYKXpNN1Xk\/VIqr3oSjJLI\/AAAAAAAAGwY\/EXsgLTqnVxk\/w400-h266-no\/pic13.jpg\" height=\"208\" width=\"313\" \/><\/span><\/span><\/span><\/div>\n<\/td>\n<td>\n<div style=\"text-align: justify;\"><span style=\"color: #000000;\"><span style=\"font-family: tahoma,geneva,sans-serif;\"><span style=\"font-size: 12px;\">&nbsp;&nbsp;&nbsp;&nbsp; P\u00ebr t\u2019iu p\u00ebrgjigjur k\u00ebrkes\u00ebs s\u00eb drejtorit t\u00eb shkoll\u00ebs \u201cImer Krasniqi\u201d z. Idriz Hoti p\u00ebr mbajtjen e nj\u00eb kampi n\u00eb shkoll\u00ebn e tij, n\u00eb fund t\u00eb muajit gusht do t\u00eb organizohet kampi \u201cMiq\u00ebsia\u201d n\u00eb k\u00ebt\u00eb shkoll\u00eb.&nbsp;<\/span><\/span><\/span><\/div>\n<\/td>\n<\/tr>\n<tr>\n<td>\n<div>&nbsp;<\/div>\n<\/td>\n<td>\n<div>&nbsp;<\/div>\n<\/td>\n<\/tr>\n<\/tbody>\n<\/table>\n<div>&nbsp;<\/div>\n<div style=\"text-align: right;\"><span style=\"color: #000000;\"><span style=\"font-family: tahoma,geneva,sans-serif;\"><span style=\"font-size: 12px;\"><strong>&nbsp;&nbsp; Gabriela Bezhani dhe Isidor Koti<\/strong><\/span><\/span><\/span><\/div>\n","protected":false},"excerpt":{"rendered":"<p>&nbsp; &nbsp;&nbsp;&nbsp;&nbsp; Lidhja e t\u00eb rinjve shqiptar\u00eb me f\u00ebmij\u00ebt kosovar\u00eb po ndjek nj\u00eb tradit\u00eb t\u00eb ve\u00e7ant\u00eb p\u00ebrmes organizimit t\u00eb aktiviteteve kulturore dhe edukative. P\u00ebr t\u00eb gjashtin vit me radh\u00eb, nj\u00eb grup vullnetar\u00ebsh orthodhoks\u00eb shqiptar\u00eb synojn\u00eb t\u00eb mbjellin dhe t\u00eb kultivojn\u00eb te f\u00ebmij\u00ebt e komun\u00ebs s\u00eb Malishev\u00ebs vlerat kryesore t\u00eb shoq\u00ebris\u00eb. &nbsp;&nbsp;&nbsp;&nbsp; K\u00ebt\u00eb ver\u00eb ata organizuan kat\u00ebr kampe verore q\u00eb identifikohen me emra virtytesh t\u00eb tilla<\/p>\n","protected":false},"author":1,"featured_media":0,"comment_status":"open","ping_status":"open","sticky":false,"template":"","format":"standard","meta":{"_acf_changed":false,"pagelayer_contact_templates":[],"_pagelayer_content":"","inline_featured_image":false,"fifu_image_url":"","fifu_image_alt":"","footnotes":""},"categories":[108],"tags":[147,200,196,212,156],"class_list":["post-671","post","type-post","status-publish","format-standard","hentry","category-lajme","tag-147","tag-kampe-verore","tag-tirane","tag-lajme-d27","tag-femijet"],"acf":[],"yoast_head":"<!-- This site is optimized with the Yoast SEO plugin v27.2 - https:\/\/yoast.com\/product\/yoast-seo-wordpress\/ -->\n<title>Kampe verore me f\u00ebmij\u00ebt kosovar\u00eb p\u00ebr forcimin e miq\u00ebsis\u00eb dhe vlerave n\u00eb shoq\u00ebrin\u00eb shqiptare. (2007) - Kisha Orthodh\u03bfkse Autoqefale e Shqip\u00ebris\u00eb<\/title>\n<meta name=\"robots\" content=\"index, follow, max-snippet:-1, max-image-preview:large, max-video-preview:-1\" \/>\n<link rel=\"canonical\" href=\"https:\/\/orthodoxalbania.org\/2020\/2007\/02\/26\/kampe-verore-me-femijet-kosovare-per-forcimin-e-miqesise-dhe-vlerave-ne-shoqerine-shqiptare-2007\/\" \/>\n<meta property=\"og:locale\" content=\"en_US\" \/>\n<meta property=\"og:type\" content=\"article\" \/>\n<meta property=\"og:title\" content=\"Kampe verore me f\u00ebmij\u00ebt kosovar\u00eb p\u00ebr forcimin e miq\u00ebsis\u00eb dhe vlerave n\u00eb shoq\u00ebrin\u00eb shqiptare. (2007) - Kisha Orthodh\u03bfkse Autoqefale e Shqip\u00ebris\u00eb\" \/>\n<meta property=\"og:description\" content=\"&nbsp; &nbsp;&nbsp;&nbsp;&nbsp; Lidhja e t\u00eb rinjve shqiptar\u00eb me f\u00ebmij\u00ebt kosovar\u00eb po ndjek nj\u00eb tradit\u00eb t\u00eb ve\u00e7ant\u00eb p\u00ebrmes organizimit t\u00eb aktiviteteve kulturore dhe edukative. P\u00ebr t\u00eb gjashtin vit me radh\u00eb, nj\u00eb grup vullnetar\u00ebsh orthodhoks\u00eb shqiptar\u00eb synojn\u00eb t\u00eb mbjellin dhe t\u00eb kultivojn\u00eb te f\u00ebmij\u00ebt e komun\u00ebs s\u00eb Malishev\u00ebs vlerat kryesore t\u00eb shoq\u00ebris\u00eb. &nbsp;&nbsp;&nbsp;&nbsp; K\u00ebt\u00eb ver\u00eb ata organizuan kat\u00ebr kampe verore q\u00eb identifikohen me emra virtytesh t\u00eb tilla\" \/>\n<meta property=\"og:url\" content=\"https:\/\/orthodoxalbania.org\/2020\/2007\/02\/26\/kampe-verore-me-femijet-kosovare-per-forcimin-e-miqesise-dhe-vlerave-ne-shoqerine-shqiptare-2007\/\" \/>\n<meta property=\"og:site_name\" content=\"Kisha Orthodh\u03bfkse Autoqefale e Shqip\u00ebris\u00eb\" \/>\n<meta property=\"article:publisher\" content=\"https:\/\/www.facebook.com\/koash1991\" \/>\n<meta property=\"article:published_time\" content=\"2007-02-26T00:00:00+00:00\" \/>\n<meta property=\"article:modified_time\" content=\"2020-04-06T20:35:46+00:00\" \/>\n<meta property=\"og:image\" content=\"https:\/\/lh3.googleusercontent.com\/-eB59vezDrxI\/VIqr2kxlzzI\/AAAAAAAAGxc\/H1J1wJ8fLbE\/w400-h266-no\/pic1.jpg\" \/>\n<meta name=\"author\" content=\"Kisha Orthodhokse\" \/>\n<meta name=\"twitter:card\" content=\"summary_large_image\" \/>\n<meta name=\"twitter:label1\" content=\"Written by\" \/>\n\t<meta name=\"twitter:data1\" content=\"Kisha Orthodhokse\" \/>\n\t<meta name=\"twitter:label2\" content=\"Est. reading time\" \/>\n\t<meta name=\"twitter:data2\" content=\"5 minutes\" \/>\n<script type=\"application\/ld+json\" class=\"yoast-schema-graph\">{\"@context\":\"https:\/\/schema.org\",\"@graph\":[{\"@type\":\"Article\",\"@id\":\"https:\/\/orthodoxalbania.org\/2020\/2007\/02\/26\/kampe-verore-me-femijet-kosovare-per-forcimin-e-miqesise-dhe-vlerave-ne-shoqerine-shqiptare-2007\/#article\",\"isPartOf\":{\"@id\":\"https:\/\/orthodoxalbania.org\/2020\/2007\/02\/26\/kampe-verore-me-femijet-kosovare-per-forcimin-e-miqesise-dhe-vlerave-ne-shoqerine-shqiptare-2007\/\"},\"author\":{\"name\":\"Kisha Orthodhokse\",\"@id\":\"https:\/\/orthodoxalbania.org\/2020\/#\/schema\/person\/0c387634a7063ac612d7ed9ce71c7e86\"},\"headline\":\"Kampe verore me f\u00ebmij\u00ebt kosovar\u00eb p\u00ebr forcimin e miq\u00ebsis\u00eb dhe vlerave n\u00eb shoq\u00ebrin\u00eb shqiptare. (2007)\",\"datePublished\":\"2007-02-26T00:00:00+00:00\",\"dateModified\":\"2020-04-06T20:35:46+00:00\",\"mainEntityOfPage\":{\"@id\":\"https:\/\/orthodoxalbania.org\/2020\/2007\/02\/26\/kampe-verore-me-femijet-kosovare-per-forcimin-e-miqesise-dhe-vlerave-ne-shoqerine-shqiptare-2007\/\"},\"wordCount\":938,\"commentCount\":0,\"publisher\":{\"@id\":\"https:\/\/orthodoxalbania.org\/2020\/#organization\"},\"image\":{\"@id\":\"https:\/\/orthodoxalbania.org\/2020\/2007\/02\/26\/kampe-verore-me-femijet-kosovare-per-forcimin-e-miqesise-dhe-vlerave-ne-shoqerine-shqiptare-2007\/#primaryimage\"},\"thumbnailUrl\":\"https:\/\/lh3.googleusercontent.com\/-eB59vezDrxI\/VIqr2kxlzzI\/AAAAAAAAGxc\/H1J1wJ8fLbE\/w400-h266-no\/pic1.jpg\",\"keywords\":[\"2007\",\"Kampe verore\",\"Kryepiskopata Tiran\u00eb\",\"lajme\",\"Zyra e F\u00ebmij\u00ebve\"],\"articleSection\":[\"Lajme\"],\"inLanguage\":\"en-US\"},{\"@type\":\"WebPage\",\"@id\":\"https:\/\/orthodoxalbania.org\/2020\/2007\/02\/26\/kampe-verore-me-femijet-kosovare-per-forcimin-e-miqesise-dhe-vlerave-ne-shoqerine-shqiptare-2007\/\",\"url\":\"https:\/\/orthodoxalbania.org\/2020\/2007\/02\/26\/kampe-verore-me-femijet-kosovare-per-forcimin-e-miqesise-dhe-vlerave-ne-shoqerine-shqiptare-2007\/\",\"name\":\"Kampe verore me f\u00ebmij\u00ebt kosovar\u00eb p\u00ebr forcimin e miq\u00ebsis\u00eb dhe vlerave n\u00eb shoq\u00ebrin\u00eb shqiptare. (2007) - Kisha Orthodh\u03bfkse Autoqefale e Shqip\u00ebris\u00eb\",\"isPartOf\":{\"@id\":\"https:\/\/orthodoxalbania.org\/2020\/#website\"},\"primaryImageOfPage\":{\"@id\":\"https:\/\/orthodoxalbania.org\/2020\/2007\/02\/26\/kampe-verore-me-femijet-kosovare-per-forcimin-e-miqesise-dhe-vlerave-ne-shoqerine-shqiptare-2007\/#primaryimage\"},\"image\":{\"@id\":\"https:\/\/orthodoxalbania.org\/2020\/2007\/02\/26\/kampe-verore-me-femijet-kosovare-per-forcimin-e-miqesise-dhe-vlerave-ne-shoqerine-shqiptare-2007\/#primaryimage\"},\"thumbnailUrl\":\"https:\/\/lh3.googleusercontent.com\/-eB59vezDrxI\/VIqr2kxlzzI\/AAAAAAAAGxc\/H1J1wJ8fLbE\/w400-h266-no\/pic1.jpg\",\"datePublished\":\"2007-02-26T00:00:00+00:00\",\"dateModified\":\"2020-04-06T20:35:46+00:00\",\"breadcrumb\":{\"@id\":\"https:\/\/orthodoxalbania.org\/2020\/2007\/02\/26\/kampe-verore-me-femijet-kosovare-per-forcimin-e-miqesise-dhe-vlerave-ne-shoqerine-shqiptare-2007\/#breadcrumb\"},\"inLanguage\":\"en-US\",\"potentialAction\":[{\"@type\":\"ReadAction\",\"target\":[\"https:\/\/orthodoxalbania.org\/2020\/2007\/02\/26\/kampe-verore-me-femijet-kosovare-per-forcimin-e-miqesise-dhe-vlerave-ne-shoqerine-shqiptare-2007\/\"]}]},{\"@type\":\"ImageObject\",\"inLanguage\":\"en-US\",\"@id\":\"https:\/\/orthodoxalbania.org\/2020\/2007\/02\/26\/kampe-verore-me-femijet-kosovare-per-forcimin-e-miqesise-dhe-vlerave-ne-shoqerine-shqiptare-2007\/#primaryimage\",\"url\":\"https:\/\/lh3.googleusercontent.com\/-eB59vezDrxI\/VIqr2kxlzzI\/AAAAAAAAGxc\/H1J1wJ8fLbE\/w400-h266-no\/pic1.jpg\",\"contentUrl\":\"https:\/\/lh3.googleusercontent.com\/-eB59vezDrxI\/VIqr2kxlzzI\/AAAAAAAAGxc\/H1J1wJ8fLbE\/w400-h266-no\/pic1.jpg\"},{\"@type\":\"BreadcrumbList\",\"@id\":\"https:\/\/orthodoxalbania.org\/2020\/2007\/02\/26\/kampe-verore-me-femijet-kosovare-per-forcimin-e-miqesise-dhe-vlerave-ne-shoqerine-shqiptare-2007\/#breadcrumb\",\"itemListElement\":[{\"@type\":\"ListItem\",\"position\":1,\"name\":\"Home\",\"item\":\"https:\/\/orthodoxalbania.org\/2020\/\"},{\"@type\":\"ListItem\",\"position\":2,\"name\":\"Kampe verore me f\u00ebmij\u00ebt kosovar\u00eb p\u00ebr forcimin e miq\u00ebsis\u00eb dhe vlerave n\u00eb shoq\u00ebrin\u00eb shqiptare. (2007)\"}]},{\"@type\":\"WebSite\",\"@id\":\"https:\/\/orthodoxalbania.org\/2020\/#website\",\"url\":\"https:\/\/orthodoxalbania.org\/2020\/\",\"name\":\"Kisha Orthodh\u03bfkse Autoqefale e Shqip\u00ebris\u00eb\",\"description\":\"Fqja Zyrtare e Kish\u00ebs Orthodhokse Autoqefale e Shqip\u00ebris\u00eb me lajmet edhe informacionet zyrtare p\u00ebr struktur\u00ebn edhe veprimtarin e saj.\",\"publisher\":{\"@id\":\"https:\/\/orthodoxalbania.org\/2020\/#organization\"},\"potentialAction\":[{\"@type\":\"SearchAction\",\"target\":{\"@type\":\"EntryPoint\",\"urlTemplate\":\"https:\/\/orthodoxalbania.org\/2020\/?s={search_term_string}\"},\"query-input\":{\"@type\":\"PropertyValueSpecification\",\"valueRequired\":true,\"valueName\":\"search_term_string\"}}],\"inLanguage\":\"en-US\"},{\"@type\":\"Organization\",\"@id\":\"https:\/\/orthodoxalbania.org\/2020\/#organization\",\"name\":\"Kisha Orthodhokse Autoqefale e Shqip\u00ebris\u00eb\",\"url\":\"https:\/\/orthodoxalbania.org\/2020\/\",\"logo\":{\"@type\":\"ImageObject\",\"inLanguage\":\"en-US\",\"@id\":\"https:\/\/orthodoxalbania.org\/2020\/#\/schema\/logo\/image\/\",\"url\":\"https:\/\/orthodoxalbania.org\/2020\/wp-content\/uploads\/2020\/05\/albania.jpeg\",\"contentUrl\":\"https:\/\/orthodoxalbania.org\/2020\/wp-content\/uploads\/2020\/05\/albania.jpeg\",\"width\":540,\"height\":540,\"caption\":\"Kisha Orthodhokse Autoqefale e Shqip\u00ebris\u00eb\"},\"image\":{\"@id\":\"https:\/\/orthodoxalbania.org\/2020\/#\/schema\/logo\/image\/\"},\"sameAs\":[\"https:\/\/www.facebook.com\/koash1991\"]},{\"@type\":\"Person\",\"@id\":\"https:\/\/orthodoxalbania.org\/2020\/#\/schema\/person\/0c387634a7063ac612d7ed9ce71c7e86\",\"name\":\"Kisha Orthodhokse\",\"image\":{\"@type\":\"ImageObject\",\"inLanguage\":\"en-US\",\"@id\":\"https:\/\/secure.gravatar.com\/avatar\/596e7c417251e30f2fbb9c00e026fce61a695a00e51c889caded71c96cbbdde5?s=96&d=mm&r=g\",\"url\":\"https:\/\/secure.gravatar.com\/avatar\/596e7c417251e30f2fbb9c00e026fce61a695a00e51c889caded71c96cbbdde5?s=96&d=mm&r=g\",\"contentUrl\":\"https:\/\/secure.gravatar.com\/avatar\/596e7c417251e30f2fbb9c00e026fce61a695a00e51c889caded71c96cbbdde5?s=96&d=mm&r=g\",\"caption\":\"Kisha Orthodhokse\"}}]}<\/script>\n<!-- \/ Yoast SEO plugin. -->","yoast_head_json":{"title":"Kampe verore me f\u00ebmij\u00ebt kosovar\u00eb p\u00ebr forcimin e miq\u00ebsis\u00eb dhe vlerave n\u00eb shoq\u00ebrin\u00eb shqiptare. (2007) - Kisha Orthodh\u03bfkse Autoqefale e Shqip\u00ebris\u00eb","robots":{"index":"index","follow":"follow","max-snippet":"max-snippet:-1","max-image-preview":"max-image-preview:large","max-video-preview":"max-video-preview:-1"},"canonical":"https:\/\/orthodoxalbania.org\/2020\/2007\/02\/26\/kampe-verore-me-femijet-kosovare-per-forcimin-e-miqesise-dhe-vlerave-ne-shoqerine-shqiptare-2007\/","og_locale":"en_US","og_type":"article","og_title":"Kampe verore me f\u00ebmij\u00ebt kosovar\u00eb p\u00ebr forcimin e miq\u00ebsis\u00eb dhe vlerave n\u00eb shoq\u00ebrin\u00eb shqiptare. (2007) - Kisha Orthodh\u03bfkse Autoqefale e Shqip\u00ebris\u00eb","og_description":"&nbsp; &nbsp;&nbsp;&nbsp;&nbsp; Lidhja e t\u00eb rinjve shqiptar\u00eb me f\u00ebmij\u00ebt kosovar\u00eb po ndjek nj\u00eb tradit\u00eb t\u00eb ve\u00e7ant\u00eb p\u00ebrmes organizimit t\u00eb aktiviteteve kulturore dhe edukative. P\u00ebr t\u00eb gjashtin vit me radh\u00eb, nj\u00eb grup vullnetar\u00ebsh orthodhoks\u00eb shqiptar\u00eb synojn\u00eb t\u00eb mbjellin dhe t\u00eb kultivojn\u00eb te f\u00ebmij\u00ebt e komun\u00ebs s\u00eb Malishev\u00ebs vlerat kryesore t\u00eb shoq\u00ebris\u00eb. &nbsp;&nbsp;&nbsp;&nbsp; K\u00ebt\u00eb ver\u00eb ata organizuan kat\u00ebr kampe verore q\u00eb identifikohen me emra virtytesh t\u00eb tilla","og_url":"https:\/\/orthodoxalbania.org\/2020\/2007\/02\/26\/kampe-verore-me-femijet-kosovare-per-forcimin-e-miqesise-dhe-vlerave-ne-shoqerine-shqiptare-2007\/","og_site_name":"Kisha Orthodh\u03bfkse Autoqefale e Shqip\u00ebris\u00eb","article_publisher":"https:\/\/www.facebook.com\/koash1991","article_published_time":"2007-02-26T00:00:00+00:00","article_modified_time":"2020-04-06T20:35:46+00:00","og_image":[{"url":"https:\/\/lh3.googleusercontent.com\/-eB59vezDrxI\/VIqr2kxlzzI\/AAAAAAAAGxc\/H1J1wJ8fLbE\/w400-h266-no\/pic1.jpg","type":"","width":"","height":""}],"author":"Kisha Orthodhokse","twitter_card":"summary_large_image","twitter_misc":{"Written by":"Kisha Orthodhokse","Est. reading time":"5 minutes"},"schema":{"@context":"https:\/\/schema.org","@graph":[{"@type":"Article","@id":"https:\/\/orthodoxalbania.org\/2020\/2007\/02\/26\/kampe-verore-me-femijet-kosovare-per-forcimin-e-miqesise-dhe-vlerave-ne-shoqerine-shqiptare-2007\/#article","isPartOf":{"@id":"https:\/\/orthodoxalbania.org\/2020\/2007\/02\/26\/kampe-verore-me-femijet-kosovare-per-forcimin-e-miqesise-dhe-vlerave-ne-shoqerine-shqiptare-2007\/"},"author":{"name":"Kisha Orthodhokse","@id":"https:\/\/orthodoxalbania.org\/2020\/#\/schema\/person\/0c387634a7063ac612d7ed9ce71c7e86"},"headline":"Kampe verore me f\u00ebmij\u00ebt kosovar\u00eb p\u00ebr forcimin e miq\u00ebsis\u00eb dhe vlerave n\u00eb shoq\u00ebrin\u00eb shqiptare. (2007)","datePublished":"2007-02-26T00:00:00+00:00","dateModified":"2020-04-06T20:35:46+00:00","mainEntityOfPage":{"@id":"https:\/\/orthodoxalbania.org\/2020\/2007\/02\/26\/kampe-verore-me-femijet-kosovare-per-forcimin-e-miqesise-dhe-vlerave-ne-shoqerine-shqiptare-2007\/"},"wordCount":938,"commentCount":0,"publisher":{"@id":"https:\/\/orthodoxalbania.org\/2020\/#organization"},"image":{"@id":"https:\/\/orthodoxalbania.org\/2020\/2007\/02\/26\/kampe-verore-me-femijet-kosovare-per-forcimin-e-miqesise-dhe-vlerave-ne-shoqerine-shqiptare-2007\/#primaryimage"},"thumbnailUrl":"https:\/\/lh3.googleusercontent.com\/-eB59vezDrxI\/VIqr2kxlzzI\/AAAAAAAAGxc\/H1J1wJ8fLbE\/w400-h266-no\/pic1.jpg","keywords":["2007","Kampe verore","Kryepiskopata Tiran\u00eb","lajme","Zyra e F\u00ebmij\u00ebve"],"articleSection":["Lajme"],"inLanguage":"en-US"},{"@type":"WebPage","@id":"https:\/\/orthodoxalbania.org\/2020\/2007\/02\/26\/kampe-verore-me-femijet-kosovare-per-forcimin-e-miqesise-dhe-vlerave-ne-shoqerine-shqiptare-2007\/","url":"https:\/\/orthodoxalbania.org\/2020\/2007\/02\/26\/kampe-verore-me-femijet-kosovare-per-forcimin-e-miqesise-dhe-vlerave-ne-shoqerine-shqiptare-2007\/","name":"Kampe verore me f\u00ebmij\u00ebt kosovar\u00eb p\u00ebr forcimin e miq\u00ebsis\u00eb dhe vlerave n\u00eb shoq\u00ebrin\u00eb shqiptare. (2007) - Kisha Orthodh\u03bfkse Autoqefale e Shqip\u00ebris\u00eb","isPartOf":{"@id":"https:\/\/orthodoxalbania.org\/2020\/#website"},"primaryImageOfPage":{"@id":"https:\/\/orthodoxalbania.org\/2020\/2007\/02\/26\/kampe-verore-me-femijet-kosovare-per-forcimin-e-miqesise-dhe-vlerave-ne-shoqerine-shqiptare-2007\/#primaryimage"},"image":{"@id":"https:\/\/orthodoxalbania.org\/2020\/2007\/02\/26\/kampe-verore-me-femijet-kosovare-per-forcimin-e-miqesise-dhe-vlerave-ne-shoqerine-shqiptare-2007\/#primaryimage"},"thumbnailUrl":"https:\/\/lh3.googleusercontent.com\/-eB59vezDrxI\/VIqr2kxlzzI\/AAAAAAAAGxc\/H1J1wJ8fLbE\/w400-h266-no\/pic1.jpg","datePublished":"2007-02-26T00:00:00+00:00","dateModified":"2020-04-06T20:35:46+00:00","breadcrumb":{"@id":"https:\/\/orthodoxalbania.org\/2020\/2007\/02\/26\/kampe-verore-me-femijet-kosovare-per-forcimin-e-miqesise-dhe-vlerave-ne-shoqerine-shqiptare-2007\/#breadcrumb"},"inLanguage":"en-US","potentialAction":[{"@type":"ReadAction","target":["https:\/\/orthodoxalbania.org\/2020\/2007\/02\/26\/kampe-verore-me-femijet-kosovare-per-forcimin-e-miqesise-dhe-vlerave-ne-shoqerine-shqiptare-2007\/"]}]},{"@type":"ImageObject","inLanguage":"en-US","@id":"https:\/\/orthodoxalbania.org\/2020\/2007\/02\/26\/kampe-verore-me-femijet-kosovare-per-forcimin-e-miqesise-dhe-vlerave-ne-shoqerine-shqiptare-2007\/#primaryimage","url":"https:\/\/lh3.googleusercontent.com\/-eB59vezDrxI\/VIqr2kxlzzI\/AAAAAAAAGxc\/H1J1wJ8fLbE\/w400-h266-no\/pic1.jpg","contentUrl":"https:\/\/lh3.googleusercontent.com\/-eB59vezDrxI\/VIqr2kxlzzI\/AAAAAAAAGxc\/H1J1wJ8fLbE\/w400-h266-no\/pic1.jpg"},{"@type":"BreadcrumbList","@id":"https:\/\/orthodoxalbania.org\/2020\/2007\/02\/26\/kampe-verore-me-femijet-kosovare-per-forcimin-e-miqesise-dhe-vlerave-ne-shoqerine-shqiptare-2007\/#breadcrumb","itemListElement":[{"@type":"ListItem","position":1,"name":"Home","item":"https:\/\/orthodoxalbania.org\/2020\/"},{"@type":"ListItem","position":2,"name":"Kampe verore me f\u00ebmij\u00ebt kosovar\u00eb p\u00ebr forcimin e miq\u00ebsis\u00eb dhe vlerave n\u00eb shoq\u00ebrin\u00eb shqiptare. (2007)"}]},{"@type":"WebSite","@id":"https:\/\/orthodoxalbania.org\/2020\/#website","url":"https:\/\/orthodoxalbania.org\/2020\/","name":"Kisha Orthodh\u03bfkse Autoqefale e Shqip\u00ebris\u00eb","description":"Fqja Zyrtare e Kish\u00ebs Orthodhokse Autoqefale e Shqip\u00ebris\u00eb me lajmet edhe informacionet zyrtare p\u00ebr struktur\u00ebn edhe veprimtarin e saj.","publisher":{"@id":"https:\/\/orthodoxalbania.org\/2020\/#organization"},"potentialAction":[{"@type":"SearchAction","target":{"@type":"EntryPoint","urlTemplate":"https:\/\/orthodoxalbania.org\/2020\/?s={search_term_string}"},"query-input":{"@type":"PropertyValueSpecification","valueRequired":true,"valueName":"search_term_string"}}],"inLanguage":"en-US"},{"@type":"Organization","@id":"https:\/\/orthodoxalbania.org\/2020\/#organization","name":"Kisha Orthodhokse Autoqefale e Shqip\u00ebris\u00eb","url":"https:\/\/orthodoxalbania.org\/2020\/","logo":{"@type":"ImageObject","inLanguage":"en-US","@id":"https:\/\/orthodoxalbania.org\/2020\/#\/schema\/logo\/image\/","url":"https:\/\/orthodoxalbania.org\/2020\/wp-content\/uploads\/2020\/05\/albania.jpeg","contentUrl":"https:\/\/orthodoxalbania.org\/2020\/wp-content\/uploads\/2020\/05\/albania.jpeg","width":540,"height":540,"caption":"Kisha Orthodhokse Autoqefale e Shqip\u00ebris\u00eb"},"image":{"@id":"https:\/\/orthodoxalbania.org\/2020\/#\/schema\/logo\/image\/"},"sameAs":["https:\/\/www.facebook.com\/koash1991"]},{"@type":"Person","@id":"https:\/\/orthodoxalbania.org\/2020\/#\/schema\/person\/0c387634a7063ac612d7ed9ce71c7e86","name":"Kisha Orthodhokse","image":{"@type":"ImageObject","inLanguage":"en-US","@id":"https:\/\/secure.gravatar.com\/avatar\/596e7c417251e30f2fbb9c00e026fce61a695a00e51c889caded71c96cbbdde5?s=96&d=mm&r=g","url":"https:\/\/secure.gravatar.com\/avatar\/596e7c417251e30f2fbb9c00e026fce61a695a00e51c889caded71c96cbbdde5?s=96&d=mm&r=g","contentUrl":"https:\/\/secure.gravatar.com\/avatar\/596e7c417251e30f2fbb9c00e026fce61a695a00e51c889caded71c96cbbdde5?s=96&d=mm&r=g","caption":"Kisha Orthodhokse"}}]}},"_links":{"self":[{"href":"https:\/\/orthodoxalbania.org\/2020\/wp-json\/wp\/v2\/posts\/671","targetHints":{"allow":["GET"]}}],"collection":[{"href":"https:\/\/orthodoxalbania.org\/2020\/wp-json\/wp\/v2\/posts"}],"about":[{"href":"https:\/\/orthodoxalbania.org\/2020\/wp-json\/wp\/v2\/types\/post"}],"author":[{"embeddable":true,"href":"https:\/\/orthodoxalbania.org\/2020\/wp-json\/wp\/v2\/users\/1"}],"replies":[{"embeddable":true,"href":"https:\/\/orthodoxalbania.org\/2020\/wp-json\/wp\/v2\/comments?post=671"}],"version-history":[{"count":1,"href":"https:\/\/orthodoxalbania.org\/2020\/wp-json\/wp\/v2\/posts\/671\/revisions"}],"predecessor-version":[{"id":15762,"href":"https:\/\/orthodoxalbania.org\/2020\/wp-json\/wp\/v2\/posts\/671\/revisions\/15762"}],"wp:attachment":[{"href":"https:\/\/orthodoxalbania.org\/2020\/wp-json\/wp\/v2\/media?parent=671"}],"wp:term":[{"taxonomy":"category","embeddable":true,"href":"https:\/\/orthodoxalbania.org\/2020\/wp-json\/wp\/v2\/categories?post=671"},{"taxonomy":"post_tag","embeddable":true,"href":"https:\/\/orthodoxalbania.org\/2020\/wp-json\/wp\/v2\/tags?post=671"}],"curies":[{"name":"wp","href":"https:\/\/api.w.org\/{rel}","templated":true}]}}