{"id":670,"date":"2013-03-21T10:06:44","date_gmt":"2013-03-21T10:06:44","guid":{"rendered":""},"modified":"2020-04-06T22:31:58","modified_gmt":"2020-04-06T20:31:58","slug":"kampe-verore-ditore-per-edukimin-dhe-argetimin-e-femijeve","status":"publish","type":"post","link":"https:\/\/orthodoxalbania.org\/2020\/2013\/03\/21\/kampe-verore-ditore-per-edukimin-dhe-argetimin-e-femijeve\/","title":{"rendered":"Kampe verore ditore p\u00ebr edukimin dhe arg\u00ebtimin e f\u00ebmij\u00ebve. (Shtator 2011)"},"content":{"rendered":"<div style=\"text-align: justify;\">\n\t<span style=\"font-family:tahoma,geneva,sans-serif;\"><span style=\"font-size: 12px;\"><span style=\"color: rgb(0, 0, 0);\"><span class=\"style10\">&nbsp;&nbsp;&nbsp; <\/span>Kampet verore ditore jan\u00eb nd\u00ebr aktivitetet q\u00eb f\u00ebmij\u00ebt e zonave t\u00eb ndryshme t\u00eb Shqip\u00ebris\u00eb i presin me shum\u00eb d\u00ebshir\u00eb. Edhe k\u00ebt\u00eb ver\u00eb t\u00eb 2011-\u00ebs, Kisha Orthodhokse Autoqefale t\u00eb Shqip\u00ebris\u00eb b\u00ebri t\u00eb mundur realizimin e k\u00ebtyre kampeve n\u00eb bashk\u00ebpunim me klerik\u00ebt e Dioqezave t\u00eb ndryshme, katekist\u00ebt dhe me t\u00eb rinjt\u00eb, t\u00eb cil\u00ebt ofruan ndihm\u00ebn e tyre vullnetarisht p\u00ebrgjat\u00eb zhvillimit t\u00eb k\u00ebtyre kampeve. Kampet u organizuan nga fundi i korrikut deri n\u00eb mesin e shtatorit, me pjes\u00ebmarrje t\u00eb gjer\u00eb t\u00eb f\u00ebmij\u00ebve. Programi zhvillohej nga ora 08.00 deri n\u00eb 12.00. Shpenzimi i koh\u00ebs me miqt\u00eb e tyre dhe gjetja e miqve t\u00eb rinj e b\u00ebnte edhe m\u00eb interesante pjes\u00ebmarrjen n\u00eb k\u00ebt\u00eb aktivitet. Tema e k\u00ebtij viti ishte: \u201cShenjtor\u00ebt e gjall\u00eb\u201d.<\/span><\/span><\/span><\/div>\n<div style=\"text-align: justify;\">\n\t<br \/>\n\t<span style=\"font-family:tahoma,geneva,sans-serif;\"><span style=\"font-size: 12px;\"><span style=\"color: rgb(0, 0, 0);\"><span class=\"style10\">&nbsp; &nbsp;&nbsp; &nbsp;<\/span>Programi ishte hartuar n\u00eb at\u00eb m\u00ebnyr\u00eb q\u00eb f\u00ebmij\u00ebt edhe do t\u00eb edukoheshin me vlerat e krishtera, por edhe do t\u00eb arg\u00ebtoheshin p\u00ebrgjat\u00eb k\u00ebtyre dit\u00ebve. Programi konsistonte n\u00eb lutje, diskutime n\u00eb grupe t\u00eb vogla p\u00ebr jet\u00ebn e shenjtor\u00ebve, por si\u00e7 \u00ebsht\u00eb b\u00ebr\u00eb tashm\u00eb tradit\u00eb, pjes\u00eb e tij ishin edhe k\u00ebng\u00ebt, loj\u00ebra t\u00eb ndryshme n\u00eb grupe t\u00eb vogla dhe t\u00eb m\u00ebdha, pun\u00eb dore etj. Duke njohur bot\u00ebn e f\u00ebmij\u00ebve, m\u00ebsuesit ishin t\u00eb p\u00ebrgatitur me nj\u00eb s\u00ebr\u00eb k\u00ebng\u00ebsh me l\u00ebvizje, loj\u00ebra nga m\u00eb t\u00eb ndryshmet, poezi etj.&nbsp;<\/span><\/span><\/span><\/div>\n<div style=\"text-align: justify;\">\n\t<br \/>\n\t<span style=\"font-family:tahoma,geneva,sans-serif;\"><span style=\"font-size: 12px;\"><span style=\"color: rgb(0, 0, 0);\"><span class=\"style10\">&nbsp; &nbsp;&nbsp; &nbsp;<\/span>Me bekimin e Episkopit t\u00eb Apollonis\u00eb, Hir\u00ebsi Nikollas,&nbsp;Departamenti i Edukimit t\u00eb Krishter\u00eb n\u00eb Akademin\u00eb Teologjike \u201dNgjallja e Krishtit\u201d, n\u00eb sh\u00ebn Vlash t\u00eb Durr\u00ebsit ofroi kampet ditore verore n\u00eb sh\u00ebn Vlash, n\u00eb Rrushkull dhe fshatrat p\u00ebrreth, n\u00eb Kish\u00ebn e sh\u00ebn Pjetrit dhe Pavlit n\u00eb Durr\u00ebs dhe asistoi n\u00eb kampin e f\u00ebmij\u00ebve t\u00eb Kavaj\u00ebs. P\u00ebrgjat\u00eb kampit, f\u00ebmij\u00ebt m\u00ebsuan p\u00ebr jet\u00ebn e sh\u00ebn Nikolla Mrekullib\u00ebr\u00ebsit, p\u00ebr sh\u00ebn Julit\u00ebn dhe Kirikun, p\u00ebr martir\u00ebt sh\u00ebn Pjet\u00ebr dhe Pavli dhe p\u00ebr Apostujt. Ata ishin t\u00eb ftuar t\u00eb merrnin pjes\u00eb n\u00eb Liturgjin\u00eb Hyjnore m\u00eb 8 Shtator p\u00ebr t\u00eb festuar Lindjen e Hyjlind\u00ebses Mari dhe pas Liturgjis\u00eb u zhvillua m\u00ebsimi mbi jet\u00ebn dhe d\u00ebshmin\u00eb e saj. F\u00ebmij\u00ebt mor\u00ebn informacionin baz\u00eb p\u00ebr t\u00eb lexuar ikonat, gjuh\u00ebn e tyre simbolike dhe kuptimin e simboleve t\u00eb tyre. Qendra e re e Edukimit t\u00eb Krishter\u00eb dhe klasat e Akademis\u00eb n\u00eb Sh\u00ebn Vlash ndihmuan q\u00eb student\u00ebt t\u00eb akomodonin 24 f\u00ebmij\u00eb (mosha 4-8 vje\u00e7) dhe 33 f\u00ebmij\u00eb (mosha 9 vje\u00e7 e lart). Programi i katekizmit n\u00eb Kish\u00ebn e Sh\u00ebn Pavlit n\u00eb Rrushkull ishte i tejmbushur me 64 f\u00ebmij\u00eb. Nj\u00eb ekskursion i ve\u00e7ant\u00eb u organizua n\u00eb manastirin e Ardenic\u00ebs ku mor\u00ebn pjes\u00eb 21 f\u00ebmij\u00eb dhe 9 prind\u00ebr, t\u00eb gjith\u00eb s\u00eb bashku mor\u00ebn pjes\u00eb n\u00eb Liturgjin\u00eb e zhvilluar n\u00eb k\u00ebt\u00eb manastir me rastin e fest\u00ebs s\u00eb Lindjes s\u00eb Hyjlind\u00ebses Mari. Nj\u00ebzet f\u00ebmij\u00eb t\u00eb pag\u00ebzuar mor\u00ebn Kungimin Hyjnor nga Hir\u00ebsi Ignati q\u00eb celebroi Liturgjin\u00eb e t\u00eb kremtes.<\/span><\/span><\/span><\/div>\n<div style=\"text-align: justify;\">\n\t<br \/>\n\t<span style=\"font-family:tahoma,geneva,sans-serif;\"><span style=\"font-size: 12px;\"><span style=\"color: rgb(0, 0, 0);\"><span class=\"style10\">&nbsp; &nbsp;&nbsp; &nbsp;<\/span>Gjithashtu edhe n\u00eb zon\u00ebn e Elbasanit, kampet u zhvilluan edhe n\u00eb C\u00ebrrik, Gramsh, Elbasan dhe Librazhd. Sipas At\u00eb Petro Halili, n\u00eb k\u00ebto kampe ishin t\u00eb pranish\u00ebm 250 f\u00ebmij\u00eb dhe vlen t\u00eb ve\u00e7ohet se kampet ditore n\u00eb Librazhd u organizuan p\u00ebr her\u00eb t\u00eb par\u00eb pran\u00eb kish\u00ebs s\u00eb re q\u00eb \u00ebsht\u00eb n\u00eb nd\u00ebrtim e sip\u00ebr.<\/span><\/span><\/span><\/div>\n<div style=\"text-align: justify;\">\n\t<br \/>\n\t<span style=\"font-family:tahoma,geneva,sans-serif;\"><span style=\"font-size: 12px;\"><span style=\"color: rgb(0, 0, 0);\"><span class=\"style10\">&nbsp; &nbsp;&nbsp; &nbsp;<\/span>Nd\u00ebrkoh\u00eb, mbi 200 f\u00ebmij\u00eb mor\u00ebn pjes\u00eb n\u00eb kampet ditore t\u00eb Dioqez\u00ebs s\u00eb Beratit. Sipas At\u00eb Niko Lushit, kampet u zhvilluan n\u00eb fund t\u00eb muajit gusht deri n\u00eb mes t\u00eb shtatorit n\u00eb k\u00ebto zona: Berat, Ura Vajgurore, Sh\u00ebn Pjet\u00ebr, Pojan, Agim, Rrupaj, Bubullim\u00eb.<\/span><\/span><\/span><\/div>\n<div style=\"text-align: justify;\">\n\t<br \/>\n\t<span style=\"font-family:tahoma,geneva,sans-serif;\"><span style=\"font-size: 12px;\"><span style=\"color: rgb(0, 0, 0);\"><span class=\"style10\">&nbsp; &nbsp;&nbsp; &nbsp;<\/span>K\u00ebto kampe zhvillojn\u00eb te f\u00ebmij\u00ebt ndjenj\u00ebn e p\u00ebrgjegj\u00ebsis\u00eb p\u00ebr veprimet e tyre. N\u00ebp\u00ebrmjet kampeve, f\u00ebmij\u00ebt m\u00ebsojn\u00eb se nuk \u00ebsht\u00eb mjaftueshme t\u00eb duash vet\u00ebm veten t\u00ebnde, por mbi t\u00eb gjitha Per\u00ebndin\u00eb q\u00eb na krijoi dhe na udh\u00ebzon si t\u00eb jetojm\u00eb, dhe t\u00eb duam t\u00eb af\u00ebrmin ashtu si veten. Prind\u00ebrit shprehen se shoq\u00ebrizimi i f\u00ebmij\u00ebve, kujdesi dhe p\u00ebrgjegj\u00ebsia q\u00eb tregohet p\u00ebr f\u00ebmij\u00ebt p\u00ebrgjat\u00eb kampit, i b\u00ebn ata q\u00eb t\u00eb vazhdojn\u00eb t\u00eb sjellin f\u00ebmij\u00ebt e tyre vit pas viti n\u00eb k\u00ebto kampe, duke par\u00eb vlerat q\u00eb f\u00ebmij\u00ebt e tyre zhvillojn\u00eb nga dita n\u00eb dit\u00eb.<\/span><\/span><\/span><\/div>\n<div style=\"text-align: right;\">\n<p>\t<span style=\"font-family:tahoma,geneva,sans-serif;\"><span style=\"font-size: 12px;\"><span style=\"color: rgb(0, 0, 0);\"><strong>Anastasia Pamela Barksdale, Isidor Koti &amp; Ana Meni<\/strong><\/span><\/span><\/span><\/div>\n","protected":false},"excerpt":{"rendered":"<p>&nbsp;&nbsp;&nbsp; Kampet verore ditore jan\u00eb nd\u00ebr aktivitetet q\u00eb f\u00ebmij\u00ebt e zonave t\u00eb ndryshme t\u00eb Shqip\u00ebris\u00eb i presin me shum\u00eb d\u00ebshir\u00eb. Edhe k\u00ebt\u00eb ver\u00eb t\u00eb 2011-\u00ebs, Kisha Orthodhokse Autoqefale t\u00eb Shqip\u00ebris\u00eb b\u00ebri t\u00eb mundur realizimin e k\u00ebtyre kampeve n\u00eb bashk\u00ebpunim me klerik\u00ebt e Dioqezave t\u00eb ndryshme, katekist\u00ebt dhe me t\u00eb rinjt\u00eb, t\u00eb cil\u00ebt ofruan ndihm\u00ebn e tyre vullnetarisht p\u00ebrgjat\u00eb zhvillimit t\u00eb k\u00ebtyre kampeve. Kampet u organizuan<\/p>\n","protected":false},"author":1,"featured_media":0,"comment_status":"open","ping_status":"open","sticky":false,"template":"","format":"standard","meta":{"_acf_changed":false,"pagelayer_contact_templates":[],"_pagelayer_content":"","inline_featured_image":false,"fifu_image_url":"","fifu_image_alt":"","footnotes":""},"categories":[108],"tags":[143,200,196,212],"class_list":["post-670","post","type-post","status-publish","format-standard","hentry","category-lajme","tag-143","tag-kampe-verore","tag-tirane","tag-lajme-d27"],"acf":[],"yoast_head":"<!-- This site is optimized with the Yoast SEO plugin v27.2 - https:\/\/yoast.com\/product\/yoast-seo-wordpress\/ -->\n<title>Kampe verore ditore p\u00ebr edukimin dhe arg\u00ebtimin e f\u00ebmij\u00ebve. (Shtator 2011) - Kisha Orthodh\u03bfkse Autoqefale e Shqip\u00ebris\u00eb<\/title>\n<meta name=\"robots\" content=\"index, follow, max-snippet:-1, max-image-preview:large, max-video-preview:-1\" \/>\n<link rel=\"canonical\" href=\"https:\/\/orthodoxalbania.org\/2020\/2013\/03\/21\/kampe-verore-ditore-per-edukimin-dhe-argetimin-e-femijeve\/\" \/>\n<meta property=\"og:locale\" content=\"en_US\" \/>\n<meta property=\"og:type\" content=\"article\" \/>\n<meta property=\"og:title\" content=\"Kampe verore ditore p\u00ebr edukimin dhe arg\u00ebtimin e f\u00ebmij\u00ebve. (Shtator 2011) - Kisha Orthodh\u03bfkse Autoqefale e Shqip\u00ebris\u00eb\" \/>\n<meta property=\"og:description\" content=\"&nbsp;&nbsp;&nbsp; Kampet verore ditore jan\u00eb nd\u00ebr aktivitetet q\u00eb f\u00ebmij\u00ebt e zonave t\u00eb ndryshme t\u00eb Shqip\u00ebris\u00eb i presin me shum\u00eb d\u00ebshir\u00eb. Edhe k\u00ebt\u00eb ver\u00eb t\u00eb 2011-\u00ebs, Kisha Orthodhokse Autoqefale t\u00eb Shqip\u00ebris\u00eb b\u00ebri t\u00eb mundur realizimin e k\u00ebtyre kampeve n\u00eb bashk\u00ebpunim me klerik\u00ebt e Dioqezave t\u00eb ndryshme, katekist\u00ebt dhe me t\u00eb rinjt\u00eb, t\u00eb cil\u00ebt ofruan ndihm\u00ebn e tyre vullnetarisht p\u00ebrgjat\u00eb zhvillimit t\u00eb k\u00ebtyre kampeve. Kampet u organizuan\" \/>\n<meta property=\"og:url\" content=\"https:\/\/orthodoxalbania.org\/2020\/2013\/03\/21\/kampe-verore-ditore-per-edukimin-dhe-argetimin-e-femijeve\/\" \/>\n<meta property=\"og:site_name\" content=\"Kisha Orthodh\u03bfkse Autoqefale e Shqip\u00ebris\u00eb\" \/>\n<meta property=\"article:publisher\" content=\"https:\/\/www.facebook.com\/koash1991\" \/>\n<meta property=\"article:published_time\" content=\"2013-03-21T10:06:44+00:00\" \/>\n<meta property=\"article:modified_time\" content=\"2020-04-06T20:31:58+00:00\" \/>\n<meta property=\"og:image\" content=\"https:\/\/orthodoxalbania.org\/2020\/wp-content\/uploads\/2021\/02\/LogoLastALb-200.png\" \/>\n\t<meta property=\"og:image:width\" content=\"200\" \/>\n\t<meta property=\"og:image:height\" content=\"172\" \/>\n\t<meta property=\"og:image:type\" content=\"image\/png\" \/>\n<meta name=\"author\" content=\"Kisha Orthodhokse\" \/>\n<meta name=\"twitter:card\" content=\"summary_large_image\" \/>\n<meta name=\"twitter:label1\" content=\"Written by\" \/>\n\t<meta name=\"twitter:data1\" content=\"Kisha Orthodhokse\" \/>\n\t<meta name=\"twitter:label2\" content=\"Est. reading time\" \/>\n\t<meta name=\"twitter:data2\" content=\"4 minutes\" \/>\n<script type=\"application\/ld+json\" class=\"yoast-schema-graph\">{\"@context\":\"https:\/\/schema.org\",\"@graph\":[{\"@type\":\"Article\",\"@id\":\"https:\/\/orthodoxalbania.org\/2020\/2013\/03\/21\/kampe-verore-ditore-per-edukimin-dhe-argetimin-e-femijeve\/#article\",\"isPartOf\":{\"@id\":\"https:\/\/orthodoxalbania.org\/2020\/2013\/03\/21\/kampe-verore-ditore-per-edukimin-dhe-argetimin-e-femijeve\/\"},\"author\":{\"name\":\"Kisha Orthodhokse\",\"@id\":\"https:\/\/orthodoxalbania.org\/2020\/#\/schema\/person\/0c387634a7063ac612d7ed9ce71c7e86\"},\"headline\":\"Kampe verore ditore p\u00ebr edukimin dhe arg\u00ebtimin e f\u00ebmij\u00ebve. (Shtator 2011)\",\"datePublished\":\"2013-03-21T10:06:44+00:00\",\"dateModified\":\"2020-04-06T20:31:58+00:00\",\"mainEntityOfPage\":{\"@id\":\"https:\/\/orthodoxalbania.org\/2020\/2013\/03\/21\/kampe-verore-ditore-per-edukimin-dhe-argetimin-e-femijeve\/\"},\"wordCount\":814,\"commentCount\":0,\"publisher\":{\"@id\":\"https:\/\/orthodoxalbania.org\/2020\/#organization\"},\"keywords\":[\"2011\",\"Kampe verore\",\"Kryepiskopata Tiran\u00eb\",\"lajme\"],\"articleSection\":[\"Lajme\"],\"inLanguage\":\"en-US\"},{\"@type\":\"WebPage\",\"@id\":\"https:\/\/orthodoxalbania.org\/2020\/2013\/03\/21\/kampe-verore-ditore-per-edukimin-dhe-argetimin-e-femijeve\/\",\"url\":\"https:\/\/orthodoxalbania.org\/2020\/2013\/03\/21\/kampe-verore-ditore-per-edukimin-dhe-argetimin-e-femijeve\/\",\"name\":\"Kampe verore ditore p\u00ebr edukimin dhe arg\u00ebtimin e f\u00ebmij\u00ebve. (Shtator 2011) - Kisha Orthodh\u03bfkse Autoqefale e Shqip\u00ebris\u00eb\",\"isPartOf\":{\"@id\":\"https:\/\/orthodoxalbania.org\/2020\/#website\"},\"datePublished\":\"2013-03-21T10:06:44+00:00\",\"dateModified\":\"2020-04-06T20:31:58+00:00\",\"breadcrumb\":{\"@id\":\"https:\/\/orthodoxalbania.org\/2020\/2013\/03\/21\/kampe-verore-ditore-per-edukimin-dhe-argetimin-e-femijeve\/#breadcrumb\"},\"inLanguage\":\"en-US\",\"potentialAction\":[{\"@type\":\"ReadAction\",\"target\":[\"https:\/\/orthodoxalbania.org\/2020\/2013\/03\/21\/kampe-verore-ditore-per-edukimin-dhe-argetimin-e-femijeve\/\"]}]},{\"@type\":\"BreadcrumbList\",\"@id\":\"https:\/\/orthodoxalbania.org\/2020\/2013\/03\/21\/kampe-verore-ditore-per-edukimin-dhe-argetimin-e-femijeve\/#breadcrumb\",\"itemListElement\":[{\"@type\":\"ListItem\",\"position\":1,\"name\":\"Home\",\"item\":\"https:\/\/orthodoxalbania.org\/2020\/\"},{\"@type\":\"ListItem\",\"position\":2,\"name\":\"Kampe verore ditore p\u00ebr edukimin dhe arg\u00ebtimin e f\u00ebmij\u00ebve. (Shtator 2011)\"}]},{\"@type\":\"WebSite\",\"@id\":\"https:\/\/orthodoxalbania.org\/2020\/#website\",\"url\":\"https:\/\/orthodoxalbania.org\/2020\/\",\"name\":\"Kisha Orthodh\u03bfkse Autoqefale e Shqip\u00ebris\u00eb\",\"description\":\"Fqja Zyrtare e Kish\u00ebs Orthodhokse Autoqefale e Shqip\u00ebris\u00eb me lajmet edhe informacionet zyrtare p\u00ebr struktur\u00ebn edhe veprimtarin e saj.\",\"publisher\":{\"@id\":\"https:\/\/orthodoxalbania.org\/2020\/#organization\"},\"potentialAction\":[{\"@type\":\"SearchAction\",\"target\":{\"@type\":\"EntryPoint\",\"urlTemplate\":\"https:\/\/orthodoxalbania.org\/2020\/?s={search_term_string}\"},\"query-input\":{\"@type\":\"PropertyValueSpecification\",\"valueRequired\":true,\"valueName\":\"search_term_string\"}}],\"inLanguage\":\"en-US\"},{\"@type\":\"Organization\",\"@id\":\"https:\/\/orthodoxalbania.org\/2020\/#organization\",\"name\":\"Kisha Orthodhokse Autoqefale e Shqip\u00ebris\u00eb\",\"url\":\"https:\/\/orthodoxalbania.org\/2020\/\",\"logo\":{\"@type\":\"ImageObject\",\"inLanguage\":\"en-US\",\"@id\":\"https:\/\/orthodoxalbania.org\/2020\/#\/schema\/logo\/image\/\",\"url\":\"https:\/\/orthodoxalbania.org\/2020\/wp-content\/uploads\/2020\/05\/albania.jpeg\",\"contentUrl\":\"https:\/\/orthodoxalbania.org\/2020\/wp-content\/uploads\/2020\/05\/albania.jpeg\",\"width\":540,\"height\":540,\"caption\":\"Kisha Orthodhokse Autoqefale e Shqip\u00ebris\u00eb\"},\"image\":{\"@id\":\"https:\/\/orthodoxalbania.org\/2020\/#\/schema\/logo\/image\/\"},\"sameAs\":[\"https:\/\/www.facebook.com\/koash1991\"]},{\"@type\":\"Person\",\"@id\":\"https:\/\/orthodoxalbania.org\/2020\/#\/schema\/person\/0c387634a7063ac612d7ed9ce71c7e86\",\"name\":\"Kisha Orthodhokse\",\"image\":{\"@type\":\"ImageObject\",\"inLanguage\":\"en-US\",\"@id\":\"https:\/\/secure.gravatar.com\/avatar\/596e7c417251e30f2fbb9c00e026fce61a695a00e51c889caded71c96cbbdde5?s=96&d=mm&r=g\",\"url\":\"https:\/\/secure.gravatar.com\/avatar\/596e7c417251e30f2fbb9c00e026fce61a695a00e51c889caded71c96cbbdde5?s=96&d=mm&r=g\",\"contentUrl\":\"https:\/\/secure.gravatar.com\/avatar\/596e7c417251e30f2fbb9c00e026fce61a695a00e51c889caded71c96cbbdde5?s=96&d=mm&r=g\",\"caption\":\"Kisha Orthodhokse\"}}]}<\/script>\n<!-- \/ Yoast SEO plugin. -->","yoast_head_json":{"title":"Kampe verore ditore p\u00ebr edukimin dhe arg\u00ebtimin e f\u00ebmij\u00ebve. (Shtator 2011) - Kisha Orthodh\u03bfkse Autoqefale e Shqip\u00ebris\u00eb","robots":{"index":"index","follow":"follow","max-snippet":"max-snippet:-1","max-image-preview":"max-image-preview:large","max-video-preview":"max-video-preview:-1"},"canonical":"https:\/\/orthodoxalbania.org\/2020\/2013\/03\/21\/kampe-verore-ditore-per-edukimin-dhe-argetimin-e-femijeve\/","og_locale":"en_US","og_type":"article","og_title":"Kampe verore ditore p\u00ebr edukimin dhe arg\u00ebtimin e f\u00ebmij\u00ebve. (Shtator 2011) - Kisha Orthodh\u03bfkse Autoqefale e Shqip\u00ebris\u00eb","og_description":"&nbsp;&nbsp;&nbsp; Kampet verore ditore jan\u00eb nd\u00ebr aktivitetet q\u00eb f\u00ebmij\u00ebt e zonave t\u00eb ndryshme t\u00eb Shqip\u00ebris\u00eb i presin me shum\u00eb d\u00ebshir\u00eb. Edhe k\u00ebt\u00eb ver\u00eb t\u00eb 2011-\u00ebs, Kisha Orthodhokse Autoqefale t\u00eb Shqip\u00ebris\u00eb b\u00ebri t\u00eb mundur realizimin e k\u00ebtyre kampeve n\u00eb bashk\u00ebpunim me klerik\u00ebt e Dioqezave t\u00eb ndryshme, katekist\u00ebt dhe me t\u00eb rinjt\u00eb, t\u00eb cil\u00ebt ofruan ndihm\u00ebn e tyre vullnetarisht p\u00ebrgjat\u00eb zhvillimit t\u00eb k\u00ebtyre kampeve. Kampet u organizuan","og_url":"https:\/\/orthodoxalbania.org\/2020\/2013\/03\/21\/kampe-verore-ditore-per-edukimin-dhe-argetimin-e-femijeve\/","og_site_name":"Kisha Orthodh\u03bfkse Autoqefale e Shqip\u00ebris\u00eb","article_publisher":"https:\/\/www.facebook.com\/koash1991","article_published_time":"2013-03-21T10:06:44+00:00","article_modified_time":"2020-04-06T20:31:58+00:00","og_image":[{"width":200,"height":172,"url":"https:\/\/orthodoxalbania.org\/2020\/wp-content\/uploads\/2021\/02\/LogoLastALb-200.png","type":"image\/png"}],"author":"Kisha Orthodhokse","twitter_card":"summary_large_image","twitter_misc":{"Written by":"Kisha Orthodhokse","Est. reading time":"4 minutes"},"schema":{"@context":"https:\/\/schema.org","@graph":[{"@type":"Article","@id":"https:\/\/orthodoxalbania.org\/2020\/2013\/03\/21\/kampe-verore-ditore-per-edukimin-dhe-argetimin-e-femijeve\/#article","isPartOf":{"@id":"https:\/\/orthodoxalbania.org\/2020\/2013\/03\/21\/kampe-verore-ditore-per-edukimin-dhe-argetimin-e-femijeve\/"},"author":{"name":"Kisha Orthodhokse","@id":"https:\/\/orthodoxalbania.org\/2020\/#\/schema\/person\/0c387634a7063ac612d7ed9ce71c7e86"},"headline":"Kampe verore ditore p\u00ebr edukimin dhe arg\u00ebtimin e f\u00ebmij\u00ebve. (Shtator 2011)","datePublished":"2013-03-21T10:06:44+00:00","dateModified":"2020-04-06T20:31:58+00:00","mainEntityOfPage":{"@id":"https:\/\/orthodoxalbania.org\/2020\/2013\/03\/21\/kampe-verore-ditore-per-edukimin-dhe-argetimin-e-femijeve\/"},"wordCount":814,"commentCount":0,"publisher":{"@id":"https:\/\/orthodoxalbania.org\/2020\/#organization"},"keywords":["2011","Kampe verore","Kryepiskopata Tiran\u00eb","lajme"],"articleSection":["Lajme"],"inLanguage":"en-US"},{"@type":"WebPage","@id":"https:\/\/orthodoxalbania.org\/2020\/2013\/03\/21\/kampe-verore-ditore-per-edukimin-dhe-argetimin-e-femijeve\/","url":"https:\/\/orthodoxalbania.org\/2020\/2013\/03\/21\/kampe-verore-ditore-per-edukimin-dhe-argetimin-e-femijeve\/","name":"Kampe verore ditore p\u00ebr edukimin dhe arg\u00ebtimin e f\u00ebmij\u00ebve. (Shtator 2011) - Kisha Orthodh\u03bfkse Autoqefale e Shqip\u00ebris\u00eb","isPartOf":{"@id":"https:\/\/orthodoxalbania.org\/2020\/#website"},"datePublished":"2013-03-21T10:06:44+00:00","dateModified":"2020-04-06T20:31:58+00:00","breadcrumb":{"@id":"https:\/\/orthodoxalbania.org\/2020\/2013\/03\/21\/kampe-verore-ditore-per-edukimin-dhe-argetimin-e-femijeve\/#breadcrumb"},"inLanguage":"en-US","potentialAction":[{"@type":"ReadAction","target":["https:\/\/orthodoxalbania.org\/2020\/2013\/03\/21\/kampe-verore-ditore-per-edukimin-dhe-argetimin-e-femijeve\/"]}]},{"@type":"BreadcrumbList","@id":"https:\/\/orthodoxalbania.org\/2020\/2013\/03\/21\/kampe-verore-ditore-per-edukimin-dhe-argetimin-e-femijeve\/#breadcrumb","itemListElement":[{"@type":"ListItem","position":1,"name":"Home","item":"https:\/\/orthodoxalbania.org\/2020\/"},{"@type":"ListItem","position":2,"name":"Kampe verore ditore p\u00ebr edukimin dhe arg\u00ebtimin e f\u00ebmij\u00ebve. (Shtator 2011)"}]},{"@type":"WebSite","@id":"https:\/\/orthodoxalbania.org\/2020\/#website","url":"https:\/\/orthodoxalbania.org\/2020\/","name":"Kisha Orthodh\u03bfkse Autoqefale e Shqip\u00ebris\u00eb","description":"Fqja Zyrtare e Kish\u00ebs Orthodhokse Autoqefale e Shqip\u00ebris\u00eb me lajmet edhe informacionet zyrtare p\u00ebr struktur\u00ebn edhe veprimtarin e saj.","publisher":{"@id":"https:\/\/orthodoxalbania.org\/2020\/#organization"},"potentialAction":[{"@type":"SearchAction","target":{"@type":"EntryPoint","urlTemplate":"https:\/\/orthodoxalbania.org\/2020\/?s={search_term_string}"},"query-input":{"@type":"PropertyValueSpecification","valueRequired":true,"valueName":"search_term_string"}}],"inLanguage":"en-US"},{"@type":"Organization","@id":"https:\/\/orthodoxalbania.org\/2020\/#organization","name":"Kisha Orthodhokse Autoqefale e Shqip\u00ebris\u00eb","url":"https:\/\/orthodoxalbania.org\/2020\/","logo":{"@type":"ImageObject","inLanguage":"en-US","@id":"https:\/\/orthodoxalbania.org\/2020\/#\/schema\/logo\/image\/","url":"https:\/\/orthodoxalbania.org\/2020\/wp-content\/uploads\/2020\/05\/albania.jpeg","contentUrl":"https:\/\/orthodoxalbania.org\/2020\/wp-content\/uploads\/2020\/05\/albania.jpeg","width":540,"height":540,"caption":"Kisha Orthodhokse Autoqefale e Shqip\u00ebris\u00eb"},"image":{"@id":"https:\/\/orthodoxalbania.org\/2020\/#\/schema\/logo\/image\/"},"sameAs":["https:\/\/www.facebook.com\/koash1991"]},{"@type":"Person","@id":"https:\/\/orthodoxalbania.org\/2020\/#\/schema\/person\/0c387634a7063ac612d7ed9ce71c7e86","name":"Kisha Orthodhokse","image":{"@type":"ImageObject","inLanguage":"en-US","@id":"https:\/\/secure.gravatar.com\/avatar\/596e7c417251e30f2fbb9c00e026fce61a695a00e51c889caded71c96cbbdde5?s=96&d=mm&r=g","url":"https:\/\/secure.gravatar.com\/avatar\/596e7c417251e30f2fbb9c00e026fce61a695a00e51c889caded71c96cbbdde5?s=96&d=mm&r=g","contentUrl":"https:\/\/secure.gravatar.com\/avatar\/596e7c417251e30f2fbb9c00e026fce61a695a00e51c889caded71c96cbbdde5?s=96&d=mm&r=g","caption":"Kisha Orthodhokse"}}]}},"_links":{"self":[{"href":"https:\/\/orthodoxalbania.org\/2020\/wp-json\/wp\/v2\/posts\/670","targetHints":{"allow":["GET"]}}],"collection":[{"href":"https:\/\/orthodoxalbania.org\/2020\/wp-json\/wp\/v2\/posts"}],"about":[{"href":"https:\/\/orthodoxalbania.org\/2020\/wp-json\/wp\/v2\/types\/post"}],"author":[{"embeddable":true,"href":"https:\/\/orthodoxalbania.org\/2020\/wp-json\/wp\/v2\/users\/1"}],"replies":[{"embeddable":true,"href":"https:\/\/orthodoxalbania.org\/2020\/wp-json\/wp\/v2\/comments?post=670"}],"version-history":[{"count":1,"href":"https:\/\/orthodoxalbania.org\/2020\/wp-json\/wp\/v2\/posts\/670\/revisions"}],"predecessor-version":[{"id":15362,"href":"https:\/\/orthodoxalbania.org\/2020\/wp-json\/wp\/v2\/posts\/670\/revisions\/15362"}],"wp:attachment":[{"href":"https:\/\/orthodoxalbania.org\/2020\/wp-json\/wp\/v2\/media?parent=670"}],"wp:term":[{"taxonomy":"category","embeddable":true,"href":"https:\/\/orthodoxalbania.org\/2020\/wp-json\/wp\/v2\/categories?post=670"},{"taxonomy":"post_tag","embeddable":true,"href":"https:\/\/orthodoxalbania.org\/2020\/wp-json\/wp\/v2\/tags?post=670"}],"curies":[{"name":"wp","href":"https:\/\/api.w.org\/{rel}","templated":true}]}}