{"id":66863,"date":"2024-11-14T14:01:33","date_gmt":"2024-11-14T13:01:33","guid":{"rendered":"https:\/\/orthodoxalbania.org\/2020\/?p=66863"},"modified":"2024-11-14T14:25:44","modified_gmt":"2024-11-14T13:25:44","slug":"66863","status":"publish","type":"post","link":"https:\/\/orthodoxalbania.org\/2020\/2024\/11\/14\/66863\/","title":{"rendered":"Njoftim &#8211; Mitropoliti i ri i Beratit"},"content":{"rendered":"<p><img decoding=\"async\" class=\"lazyload aligncenter\" src=\"data:image\/svg+xml,%3Csvg%20xmlns%3D%27http%3A%2F%2Fwww.w3.org%2F2000%2Fsvg%27%20width%3D%27394%27%20height%3D%27223%27%20viewBox%3D%270%200%20394%20223%27%3E%3Crect%20width%3D%27394%27%20height%3D%27223%27%20fill-opacity%3D%220%22%2F%3E%3C%2Fsvg%3E\" data-orig-src=\"https:\/\/orthodoxalbania.org\/2020\/wp-content\/uploads\/2023\/08\/kisha-orthodhokse.png\" width=\"394\" height=\"223\" \/><\/p>\n<p style=\"text-align: center;\"><em>KISHA ORTHODHOKSE AUTOQEFALE E SHQIP\u00cbRIS\u00cb<\/em><strong>\u00a0<\/strong><\/p>\n<p style=\"text-align: center;\"><strong>SINODI I SHENJT\u00cb<\/strong><\/p>\n<p><strong>\u00a0<\/strong><\/p>\n<p><strong>\u00a0<\/strong><\/p>\n<p style=\"text-align: center;\"><strong>Njoftim<\/strong><\/p>\n<p><strong>\u00a0<\/strong><\/p>\n<p style=\"text-align: justify;\">Sinodi i Hirsh\u00ebm i Kish\u00ebs Orthodhokse Autoqefale t\u00eb Shqip\u00ebris\u00eb, n\u00ebn drejtimin e Fortlumturis\u00eb s\u00eb tij, Kryepiskopit t\u00eb Tiran\u00ebs, Durr\u00ebsit dhe gjith\u00eb Shqip\u00ebris\u00eb, z. Anastas, u mblodh sot, m\u00eb 14 n\u00ebntor 2024, n\u00eb selin\u00eb e Kryepiskopat\u00ebs s\u00eb Hirshme t\u00eb Tiran\u00ebs, n\u00eb p\u00ebrputhje me Statutin e Kish\u00ebs, dhe zgjodhi me vota t\u00eb plota si Mitropolit t\u00eb Beratit, Vlor\u00ebs dhe Kanin\u00ebs, Hir\u00ebsin\u00eb e tij, Episkopin e deritanish\u00ebm t\u00eb Bylisit, z. Asti.<\/p>\n<p style=\"text-align: justify;\">Fron\u00ebzimi i Mitropolitit t\u00eb ri do t\u00eb b\u00ebhet m\u00eb 21 n\u00ebntor 2024, n\u00eb or\u00ebn 12:00, n\u00eb Kish\u00ebn Katedrale t\u00eb Sh\u00ebn Dhimitrit, n\u00eb Berat.<\/p>\n<p style=\"text-align: center;\"><strong>Jet\u00ebshkrim i shkurt\u00ebr i Mitropolitit t\u00eb ri<\/strong><\/p>\n<p style=\"text-align: justify;\"><strong>\u00a0<\/strong><\/p>\n<p style=\"text-align: justify;\">Hir\u00ebsia e tij, Mitropoliti i Beratit, Vlor\u00ebs dhe Kanin\u00ebs, z. Asti (Bakallbashi), lindi n\u00eb Durr\u00ebs, n\u00eb vitin 1974. Ai kreu\u00a0 studimet teologjike n\u00eb Seminarin Teologjik Hieratik, n\u00eb Durr\u00ebs (1993-1997), n\u00eb Fakultetin Teologjik t\u00eb Universitetit t\u00eb Selanikut (1998-2003), dhe studimet pasuniversitare (master) n\u00eb Omilitik\u00eb n\u00eb Fakultetin Teologjik t\u00eb Universitetit t\u00eb Selanikut (2010-2012).<\/p>\n<p style=\"text-align: justify;\">U dor\u00ebzua dhjakon (gusht 2003), kryedhjakon (i Kryepiskopat\u00ebs) (n\u00ebntor 2006), hieromonak (n\u00ebntor 2009), arkimandrit (n\u00ebntor 2009) dhe Episkop, si Episkop Titullar i Bylisit (janar 2012).<\/p>\n<p style=\"text-align: justify;\">Nga vitit 2012 ka sh\u00ebrbyer si Episkop Ndihm\u00ebs i Kryepiskopit dhe nga fillimi i 2018-\u00ebs si Protosingjel i Kryepiskopat\u00ebs s\u00eb Tiran\u00ebs.<\/p>\n<p style=\"text-align: justify;\">Krahas vepr\u00ebs liturgjike dhe pimantike, ka sh\u00ebrbyer edhe n\u00eb disa sektor\u00eb t\u00eb tjer\u00eb t\u00eb Kish\u00ebs: N\u00eb administrat\u00ebn e Kryepiskopat\u00ebs s\u00eb Tiran\u00ebs, si petagog i jasht\u00ebm i Akademis\u00eb Teologjike n\u00eb Sh\u00ebn Vlash t\u00eb Durr\u00ebsit, ku ka dh\u00ebn\u00eb l\u00ebnd\u00ebn e Liturgjik\u00ebs (2004-2017) dhe t\u00eb Omilitik\u00ebs (2015-2017); ka qen\u00eb bashk\u00ebpun\u00ebtor dhe bashk\u00ebdrejtues i Stacionit Radiofonik \u201cNgjallja\u201d (q\u00eb nga viti 2005), bashk\u00ebdrejtues i Lidhjes Rinore t\u00eb Mitropolis\u00eb s\u00eb Tiran\u00ebs (2010-2018) dhe an\u00ebtar i K\u00ebshillit Ekzekutiv t\u00eb K\u00ebshillit Nd\u00ebrfetar t\u00eb Shqip\u00ebris\u00eb (2018 e deri m\u00eb sot).<\/p>\n<p style=\"text-align: justify;\">Gjat\u00eb sh\u00ebrbimit t\u00eb tij, ai ka marr\u00eb pjes\u00eb n\u00eb shum\u00eb konferenca nd\u00ebrkomb\u00ebtare dhe ka p\u00ebrfaq\u00ebsuar Kish\u00ebn Orthodhokse Autoqefale t\u00eb Shqip\u00ebris\u00eb n\u00eb takime t\u00eb ndryshme nd\u00ebrorthodhoske dhe nd\u00ebrkristiane.<\/p>\n","protected":false},"excerpt":{"rendered":"<p>KISHA ORTHODHOKSE AUTOQEFALE E SHQIP\u00cbRIS\u00cb\u00a0 SINODI I SHENJT\u00cb \u00a0 \u00a0 Njoftim \u00a0 Sinodi i Hirsh\u00ebm i Kish\u00ebs Orthodhokse Autoqefale t\u00eb Shqip\u00ebris\u00eb, n\u00ebn drejtimin e Fortlumturis\u00eb s\u00eb tij, Kryepiskopit t\u00eb Tiran\u00ebs, Durr\u00ebsit dhe gjith\u00eb Shqip\u00ebris\u00eb, z. Anastas, u mblodh sot, m\u00eb 14 n\u00ebntor 2024, n\u00eb selin\u00eb e Kryepiskopat\u00ebs s\u00eb Hirshme t\u00eb Tiran\u00ebs, n\u00eb p\u00ebrputhje me Statutin e Kish\u00ebs, dhe zgjodhi me vota t\u00eb plota si Mitropolit<\/p>\n","protected":false},"author":1,"featured_media":66858,"comment_status":"closed","ping_status":"closed","sticky":false,"template":"","format":"standard","meta":{"_acf_changed":false,"pagelayer_contact_templates":[],"_pagelayer_content":"","inline_featured_image":false,"fifu_image_url":"","fifu_image_alt":"","footnotes":""},"categories":[1935],"tags":[],"class_list":["post-66863","post","type-post","status-publish","format-standard","has-post-thumbnail","hentry","category-news-sq"],"acf":[],"yoast_head":"<!-- This site is optimized with the Yoast SEO plugin v27.2 - https:\/\/yoast.com\/product\/yoast-seo-wordpress\/ -->\n<title>Njoftim - Mitropoliti i ri i Beratit - Kisha Orthodh\u03bfkse Autoqefale e Shqip\u00ebris\u00eb<\/title>\n<meta name=\"robots\" content=\"index, follow, max-snippet:-1, max-image-preview:large, max-video-preview:-1\" \/>\n<link rel=\"canonical\" href=\"https:\/\/orthodoxalbania.org\/2020\/2024\/11\/14\/66863\/\" \/>\n<meta property=\"og:locale\" content=\"en_US\" \/>\n<meta property=\"og:type\" content=\"article\" \/>\n<meta property=\"og:title\" content=\"Njoftim - Mitropoliti i ri i Beratit - Kisha Orthodh\u03bfkse Autoqefale e Shqip\u00ebris\u00eb\" \/>\n<meta property=\"og:description\" content=\"KISHA ORTHODHOKSE AUTOQEFALE E SHQIP\u00cbRIS\u00cb\u00a0 SINODI I SHENJT\u00cb \u00a0 \u00a0 Njoftim \u00a0 Sinodi i Hirsh\u00ebm i Kish\u00ebs Orthodhokse Autoqefale t\u00eb Shqip\u00ebris\u00eb, n\u00ebn drejtimin e Fortlumturis\u00eb s\u00eb tij, Kryepiskopit t\u00eb Tiran\u00ebs, Durr\u00ebsit dhe gjith\u00eb Shqip\u00ebris\u00eb, z. Anastas, u mblodh sot, m\u00eb 14 n\u00ebntor 2024, n\u00eb selin\u00eb e Kryepiskopat\u00ebs s\u00eb Hirshme t\u00eb Tiran\u00ebs, n\u00eb p\u00ebrputhje me Statutin e Kish\u00ebs, dhe zgjodhi me vota t\u00eb plota si Mitropolit\" \/>\n<meta property=\"og:url\" content=\"https:\/\/orthodoxalbania.org\/2020\/2024\/11\/14\/66863\/\" \/>\n<meta property=\"og:site_name\" content=\"Kisha Orthodh\u03bfkse Autoqefale e Shqip\u00ebris\u00eb\" \/>\n<meta property=\"article:publisher\" content=\"https:\/\/www.facebook.com\/koash1991\" \/>\n<meta property=\"article:published_time\" content=\"2024-11-14T13:01:33+00:00\" \/>\n<meta property=\"article:modified_time\" content=\"2024-11-14T13:25:44+00:00\" \/>\n<meta property=\"og:image\" content=\"https:\/\/orthodoxalbania.org\/2020\/wp-content\/uploads\/2024\/11\/WhatsApp-Image-2024-11-14-at-13.49.03.jpeg\" \/>\n\t<meta property=\"og:image:width\" content=\"1\" \/>\n\t<meta property=\"og:image:height\" content=\"1\" \/>\n\t<meta property=\"og:image:type\" content=\"image\/jpeg\" \/>\n<meta name=\"author\" content=\"Kisha Orthodhokse\" \/>\n<meta name=\"twitter:card\" content=\"summary_large_image\" \/>\n<meta name=\"twitter:label1\" content=\"Written by\" \/>\n\t<meta name=\"twitter:data1\" content=\"Kisha Orthodhokse\" \/>\n\t<meta name=\"twitter:label2\" content=\"Est. reading time\" \/>\n\t<meta name=\"twitter:data2\" content=\"2 minutes\" \/>\n<script type=\"application\/ld+json\" class=\"yoast-schema-graph\">{\"@context\":\"https:\/\/schema.org\",\"@graph\":[{\"@type\":\"Article\",\"@id\":\"https:\/\/orthodoxalbania.org\/2020\/2024\/11\/14\/66863\/#article\",\"isPartOf\":{\"@id\":\"https:\/\/orthodoxalbania.org\/2020\/2024\/11\/14\/66863\/\"},\"author\":{\"name\":\"Kisha Orthodhokse\",\"@id\":\"https:\/\/orthodoxalbania.org\/2020\/#\/schema\/person\/0c387634a7063ac612d7ed9ce71c7e86\"},\"headline\":\"Njoftim &#8211; Mitropoliti i ri i Beratit\",\"datePublished\":\"2024-11-14T13:01:33+00:00\",\"dateModified\":\"2024-11-14T13:25:44+00:00\",\"mainEntityOfPage\":{\"@id\":\"https:\/\/orthodoxalbania.org\/2020\/2024\/11\/14\/66863\/\"},\"wordCount\":378,\"publisher\":{\"@id\":\"https:\/\/orthodoxalbania.org\/2020\/#organization\"},\"image\":{\"@id\":\"https:\/\/orthodoxalbania.org\/2020\/2024\/11\/14\/66863\/#primaryimage\"},\"thumbnailUrl\":\"https:\/\/orthodoxalbania.org\/2020\/wp-content\/uploads\/2024\/11\/WhatsApp-Image-2024-11-14-at-13.49.03.jpeg\",\"articleSection\":[\"Lajme AL\"],\"inLanguage\":\"en-US\"},{\"@type\":\"WebPage\",\"@id\":\"https:\/\/orthodoxalbania.org\/2020\/2024\/11\/14\/66863\/\",\"url\":\"https:\/\/orthodoxalbania.org\/2020\/2024\/11\/14\/66863\/\",\"name\":\"Njoftim - Mitropoliti i ri i Beratit - Kisha Orthodh\u03bfkse Autoqefale e Shqip\u00ebris\u00eb\",\"isPartOf\":{\"@id\":\"https:\/\/orthodoxalbania.org\/2020\/#website\"},\"primaryImageOfPage\":{\"@id\":\"https:\/\/orthodoxalbania.org\/2020\/2024\/11\/14\/66863\/#primaryimage\"},\"image\":{\"@id\":\"https:\/\/orthodoxalbania.org\/2020\/2024\/11\/14\/66863\/#primaryimage\"},\"thumbnailUrl\":\"https:\/\/orthodoxalbania.org\/2020\/wp-content\/uploads\/2024\/11\/WhatsApp-Image-2024-11-14-at-13.49.03.jpeg\",\"datePublished\":\"2024-11-14T13:01:33+00:00\",\"dateModified\":\"2024-11-14T13:25:44+00:00\",\"breadcrumb\":{\"@id\":\"https:\/\/orthodoxalbania.org\/2020\/2024\/11\/14\/66863\/#breadcrumb\"},\"inLanguage\":\"en-US\",\"potentialAction\":[{\"@type\":\"ReadAction\",\"target\":[\"https:\/\/orthodoxalbania.org\/2020\/2024\/11\/14\/66863\/\"]}]},{\"@type\":\"ImageObject\",\"inLanguage\":\"en-US\",\"@id\":\"https:\/\/orthodoxalbania.org\/2020\/2024\/11\/14\/66863\/#primaryimage\",\"url\":\"https:\/\/orthodoxalbania.org\/2020\/wp-content\/uploads\/2024\/11\/WhatsApp-Image-2024-11-14-at-13.49.03.jpeg\",\"contentUrl\":\"https:\/\/orthodoxalbania.org\/2020\/wp-content\/uploads\/2024\/11\/WhatsApp-Image-2024-11-14-at-13.49.03.jpeg\"},{\"@type\":\"BreadcrumbList\",\"@id\":\"https:\/\/orthodoxalbania.org\/2020\/2024\/11\/14\/66863\/#breadcrumb\",\"itemListElement\":[{\"@type\":\"ListItem\",\"position\":1,\"name\":\"Home\",\"item\":\"https:\/\/orthodoxalbania.org\/2020\/\"},{\"@type\":\"ListItem\",\"position\":2,\"name\":\"Njoftim &#8211; Mitropoliti i ri i Beratit\"}]},{\"@type\":\"WebSite\",\"@id\":\"https:\/\/orthodoxalbania.org\/2020\/#website\",\"url\":\"https:\/\/orthodoxalbania.org\/2020\/\",\"name\":\"Kisha Orthodh\u03bfkse Autoqefale e Shqip\u00ebris\u00eb\",\"description\":\"Fqja Zyrtare e Kish\u00ebs Orthodhokse Autoqefale e Shqip\u00ebris\u00eb me lajmet edhe informacionet zyrtare p\u00ebr struktur\u00ebn edhe veprimtarin e saj.\",\"publisher\":{\"@id\":\"https:\/\/orthodoxalbania.org\/2020\/#organization\"},\"potentialAction\":[{\"@type\":\"SearchAction\",\"target\":{\"@type\":\"EntryPoint\",\"urlTemplate\":\"https:\/\/orthodoxalbania.org\/2020\/?s={search_term_string}\"},\"query-input\":{\"@type\":\"PropertyValueSpecification\",\"valueRequired\":true,\"valueName\":\"search_term_string\"}}],\"inLanguage\":\"en-US\"},{\"@type\":\"Organization\",\"@id\":\"https:\/\/orthodoxalbania.org\/2020\/#organization\",\"name\":\"Kisha Orthodhokse Autoqefale e Shqip\u00ebris\u00eb\",\"url\":\"https:\/\/orthodoxalbania.org\/2020\/\",\"logo\":{\"@type\":\"ImageObject\",\"inLanguage\":\"en-US\",\"@id\":\"https:\/\/orthodoxalbania.org\/2020\/#\/schema\/logo\/image\/\",\"url\":\"https:\/\/orthodoxalbania.org\/2020\/wp-content\/uploads\/2020\/05\/albania.jpeg\",\"contentUrl\":\"https:\/\/orthodoxalbania.org\/2020\/wp-content\/uploads\/2020\/05\/albania.jpeg\",\"width\":540,\"height\":540,\"caption\":\"Kisha Orthodhokse Autoqefale e Shqip\u00ebris\u00eb\"},\"image\":{\"@id\":\"https:\/\/orthodoxalbania.org\/2020\/#\/schema\/logo\/image\/\"},\"sameAs\":[\"https:\/\/www.facebook.com\/koash1991\"]},{\"@type\":\"Person\",\"@id\":\"https:\/\/orthodoxalbania.org\/2020\/#\/schema\/person\/0c387634a7063ac612d7ed9ce71c7e86\",\"name\":\"Kisha Orthodhokse\",\"image\":{\"@type\":\"ImageObject\",\"inLanguage\":\"en-US\",\"@id\":\"https:\/\/secure.gravatar.com\/avatar\/596e7c417251e30f2fbb9c00e026fce61a695a00e51c889caded71c96cbbdde5?s=96&d=mm&r=g\",\"url\":\"https:\/\/secure.gravatar.com\/avatar\/596e7c417251e30f2fbb9c00e026fce61a695a00e51c889caded71c96cbbdde5?s=96&d=mm&r=g\",\"contentUrl\":\"https:\/\/secure.gravatar.com\/avatar\/596e7c417251e30f2fbb9c00e026fce61a695a00e51c889caded71c96cbbdde5?s=96&d=mm&r=g\",\"caption\":\"Kisha Orthodhokse\"}}]}<\/script>\n<!-- \/ Yoast SEO plugin. -->","yoast_head_json":{"title":"Njoftim - Mitropoliti i ri i Beratit - Kisha Orthodh\u03bfkse Autoqefale e Shqip\u00ebris\u00eb","robots":{"index":"index","follow":"follow","max-snippet":"max-snippet:-1","max-image-preview":"max-image-preview:large","max-video-preview":"max-video-preview:-1"},"canonical":"https:\/\/orthodoxalbania.org\/2020\/2024\/11\/14\/66863\/","og_locale":"en_US","og_type":"article","og_title":"Njoftim - Mitropoliti i ri i Beratit - Kisha Orthodh\u03bfkse Autoqefale e Shqip\u00ebris\u00eb","og_description":"KISHA ORTHODHOKSE AUTOQEFALE E SHQIP\u00cbRIS\u00cb\u00a0 SINODI I SHENJT\u00cb \u00a0 \u00a0 Njoftim \u00a0 Sinodi i Hirsh\u00ebm i Kish\u00ebs Orthodhokse Autoqefale t\u00eb Shqip\u00ebris\u00eb, n\u00ebn drejtimin e Fortlumturis\u00eb s\u00eb tij, Kryepiskopit t\u00eb Tiran\u00ebs, Durr\u00ebsit dhe gjith\u00eb Shqip\u00ebris\u00eb, z. Anastas, u mblodh sot, m\u00eb 14 n\u00ebntor 2024, n\u00eb selin\u00eb e Kryepiskopat\u00ebs s\u00eb Hirshme t\u00eb Tiran\u00ebs, n\u00eb p\u00ebrputhje me Statutin e Kish\u00ebs, dhe zgjodhi me vota t\u00eb plota si Mitropolit","og_url":"https:\/\/orthodoxalbania.org\/2020\/2024\/11\/14\/66863\/","og_site_name":"Kisha Orthodh\u03bfkse Autoqefale e Shqip\u00ebris\u00eb","article_publisher":"https:\/\/www.facebook.com\/koash1991","article_published_time":"2024-11-14T13:01:33+00:00","article_modified_time":"2024-11-14T13:25:44+00:00","og_image":[{"url":"https:\/\/orthodoxalbania.org\/2020\/wp-content\/uploads\/2024\/11\/WhatsApp-Image-2024-11-14-at-13.49.03.jpeg","width":1,"height":1,"type":"image\/jpeg"}],"author":"Kisha Orthodhokse","twitter_card":"summary_large_image","twitter_misc":{"Written by":"Kisha Orthodhokse","Est. reading time":"2 minutes"},"schema":{"@context":"https:\/\/schema.org","@graph":[{"@type":"Article","@id":"https:\/\/orthodoxalbania.org\/2020\/2024\/11\/14\/66863\/#article","isPartOf":{"@id":"https:\/\/orthodoxalbania.org\/2020\/2024\/11\/14\/66863\/"},"author":{"name":"Kisha Orthodhokse","@id":"https:\/\/orthodoxalbania.org\/2020\/#\/schema\/person\/0c387634a7063ac612d7ed9ce71c7e86"},"headline":"Njoftim &#8211; Mitropoliti i ri i Beratit","datePublished":"2024-11-14T13:01:33+00:00","dateModified":"2024-11-14T13:25:44+00:00","mainEntityOfPage":{"@id":"https:\/\/orthodoxalbania.org\/2020\/2024\/11\/14\/66863\/"},"wordCount":378,"publisher":{"@id":"https:\/\/orthodoxalbania.org\/2020\/#organization"},"image":{"@id":"https:\/\/orthodoxalbania.org\/2020\/2024\/11\/14\/66863\/#primaryimage"},"thumbnailUrl":"https:\/\/orthodoxalbania.org\/2020\/wp-content\/uploads\/2024\/11\/WhatsApp-Image-2024-11-14-at-13.49.03.jpeg","articleSection":["Lajme AL"],"inLanguage":"en-US"},{"@type":"WebPage","@id":"https:\/\/orthodoxalbania.org\/2020\/2024\/11\/14\/66863\/","url":"https:\/\/orthodoxalbania.org\/2020\/2024\/11\/14\/66863\/","name":"Njoftim - Mitropoliti i ri i Beratit - Kisha Orthodh\u03bfkse Autoqefale e Shqip\u00ebris\u00eb","isPartOf":{"@id":"https:\/\/orthodoxalbania.org\/2020\/#website"},"primaryImageOfPage":{"@id":"https:\/\/orthodoxalbania.org\/2020\/2024\/11\/14\/66863\/#primaryimage"},"image":{"@id":"https:\/\/orthodoxalbania.org\/2020\/2024\/11\/14\/66863\/#primaryimage"},"thumbnailUrl":"https:\/\/orthodoxalbania.org\/2020\/wp-content\/uploads\/2024\/11\/WhatsApp-Image-2024-11-14-at-13.49.03.jpeg","datePublished":"2024-11-14T13:01:33+00:00","dateModified":"2024-11-14T13:25:44+00:00","breadcrumb":{"@id":"https:\/\/orthodoxalbania.org\/2020\/2024\/11\/14\/66863\/#breadcrumb"},"inLanguage":"en-US","potentialAction":[{"@type":"ReadAction","target":["https:\/\/orthodoxalbania.org\/2020\/2024\/11\/14\/66863\/"]}]},{"@type":"ImageObject","inLanguage":"en-US","@id":"https:\/\/orthodoxalbania.org\/2020\/2024\/11\/14\/66863\/#primaryimage","url":"https:\/\/orthodoxalbania.org\/2020\/wp-content\/uploads\/2024\/11\/WhatsApp-Image-2024-11-14-at-13.49.03.jpeg","contentUrl":"https:\/\/orthodoxalbania.org\/2020\/wp-content\/uploads\/2024\/11\/WhatsApp-Image-2024-11-14-at-13.49.03.jpeg"},{"@type":"BreadcrumbList","@id":"https:\/\/orthodoxalbania.org\/2020\/2024\/11\/14\/66863\/#breadcrumb","itemListElement":[{"@type":"ListItem","position":1,"name":"Home","item":"https:\/\/orthodoxalbania.org\/2020\/"},{"@type":"ListItem","position":2,"name":"Njoftim &#8211; Mitropoliti i ri i Beratit"}]},{"@type":"WebSite","@id":"https:\/\/orthodoxalbania.org\/2020\/#website","url":"https:\/\/orthodoxalbania.org\/2020\/","name":"Kisha Orthodh\u03bfkse Autoqefale e Shqip\u00ebris\u00eb","description":"Fqja Zyrtare e Kish\u00ebs Orthodhokse Autoqefale e Shqip\u00ebris\u00eb me lajmet edhe informacionet zyrtare p\u00ebr struktur\u00ebn edhe veprimtarin e saj.","publisher":{"@id":"https:\/\/orthodoxalbania.org\/2020\/#organization"},"potentialAction":[{"@type":"SearchAction","target":{"@type":"EntryPoint","urlTemplate":"https:\/\/orthodoxalbania.org\/2020\/?s={search_term_string}"},"query-input":{"@type":"PropertyValueSpecification","valueRequired":true,"valueName":"search_term_string"}}],"inLanguage":"en-US"},{"@type":"Organization","@id":"https:\/\/orthodoxalbania.org\/2020\/#organization","name":"Kisha Orthodhokse Autoqefale e Shqip\u00ebris\u00eb","url":"https:\/\/orthodoxalbania.org\/2020\/","logo":{"@type":"ImageObject","inLanguage":"en-US","@id":"https:\/\/orthodoxalbania.org\/2020\/#\/schema\/logo\/image\/","url":"https:\/\/orthodoxalbania.org\/2020\/wp-content\/uploads\/2020\/05\/albania.jpeg","contentUrl":"https:\/\/orthodoxalbania.org\/2020\/wp-content\/uploads\/2020\/05\/albania.jpeg","width":540,"height":540,"caption":"Kisha Orthodhokse Autoqefale e Shqip\u00ebris\u00eb"},"image":{"@id":"https:\/\/orthodoxalbania.org\/2020\/#\/schema\/logo\/image\/"},"sameAs":["https:\/\/www.facebook.com\/koash1991"]},{"@type":"Person","@id":"https:\/\/orthodoxalbania.org\/2020\/#\/schema\/person\/0c387634a7063ac612d7ed9ce71c7e86","name":"Kisha Orthodhokse","image":{"@type":"ImageObject","inLanguage":"en-US","@id":"https:\/\/secure.gravatar.com\/avatar\/596e7c417251e30f2fbb9c00e026fce61a695a00e51c889caded71c96cbbdde5?s=96&d=mm&r=g","url":"https:\/\/secure.gravatar.com\/avatar\/596e7c417251e30f2fbb9c00e026fce61a695a00e51c889caded71c96cbbdde5?s=96&d=mm&r=g","contentUrl":"https:\/\/secure.gravatar.com\/avatar\/596e7c417251e30f2fbb9c00e026fce61a695a00e51c889caded71c96cbbdde5?s=96&d=mm&r=g","caption":"Kisha Orthodhokse"}}]}},"_links":{"self":[{"href":"https:\/\/orthodoxalbania.org\/2020\/wp-json\/wp\/v2\/posts\/66863","targetHints":{"allow":["GET"]}}],"collection":[{"href":"https:\/\/orthodoxalbania.org\/2020\/wp-json\/wp\/v2\/posts"}],"about":[{"href":"https:\/\/orthodoxalbania.org\/2020\/wp-json\/wp\/v2\/types\/post"}],"author":[{"embeddable":true,"href":"https:\/\/orthodoxalbania.org\/2020\/wp-json\/wp\/v2\/users\/1"}],"replies":[{"embeddable":true,"href":"https:\/\/orthodoxalbania.org\/2020\/wp-json\/wp\/v2\/comments?post=66863"}],"version-history":[{"count":3,"href":"https:\/\/orthodoxalbania.org\/2020\/wp-json\/wp\/v2\/posts\/66863\/revisions"}],"predecessor-version":[{"id":66866,"href":"https:\/\/orthodoxalbania.org\/2020\/wp-json\/wp\/v2\/posts\/66863\/revisions\/66866"}],"wp:featuredmedia":[{"embeddable":true,"href":"https:\/\/orthodoxalbania.org\/2020\/wp-json\/wp\/v2\/media\/66858"}],"wp:attachment":[{"href":"https:\/\/orthodoxalbania.org\/2020\/wp-json\/wp\/v2\/media?parent=66863"}],"wp:term":[{"taxonomy":"category","embeddable":true,"href":"https:\/\/orthodoxalbania.org\/2020\/wp-json\/wp\/v2\/categories?post=66863"},{"taxonomy":"post_tag","embeddable":true,"href":"https:\/\/orthodoxalbania.org\/2020\/wp-json\/wp\/v2\/tags?post=66863"}],"curies":[{"name":"wp","href":"https:\/\/api.w.org\/{rel}","templated":true}]}}