{"id":666,"date":"2008-02-26T00:00:00","date_gmt":"2008-02-26T00:00:00","guid":{"rendered":""},"modified":"2020-04-06T22:35:22","modified_gmt":"2020-04-06T20:35:22","slug":"kamp-tre-ditor-i-vajzave-te-rinise-orthodhokse-mars-2008","status":"publish","type":"post","link":"https:\/\/orthodoxalbania.org\/2020\/2008\/02\/26\/kamp-tre-ditor-i-vajzave-te-rinise-orthodhokse-mars-2008\/","title":{"rendered":"Kamp tre ditor i vajzave t\u00eb Rinis\u00eb Orthodhokse. (Mars 2008)"},"content":{"rendered":"<p style=\"text-align: center;\"><span style=\"color: #000000;\"><span style=\"font-family: tahoma,geneva,sans-serif;\"><span style=\"font-size: 12px;\"><strong>E T\u00ebr\u00ebshenjta Mari, shembulli yn\u00eb<\/strong><\/span><\/span><\/span><\/p>\n<p style=\"text-align: center;\"> <span style=\"color: #000000;\"><span style=\"font-family: tahoma,geneva,sans-serif;\"><span style=\"font-size: 12px;\"><strong><em>\u201cJa sh\u00ebrb\u00ebtorja e Zotit, u b\u00ebft\u00eb sipas fjal\u00ebs sate\u201d<\/em><\/strong><\/span><\/span><\/span><\/p>\n<table id=\"AutoNumber2\" border=\"0\">\n<tbody>\n<tr>\n<td>\n<p><span style=\"color: #000000;\"><span style=\"font-family: tahoma,geneva,sans-serif;\"><span style=\"font-size: 12px;\"><img decoding=\"async\" class=\"lazyload HAa Eha\" style=\"border-width: 1px; border-style: solid; margin: 10px auto; display: block;\" alt=\"\" src=\"data:image\/gif;base64,R0lGODlhAQABAAAAACH5BAEKAAEALAAAAAABAAEAAAICTAEAOw==\" data-orig-src=\"https:\/\/lh3.googleusercontent.com\/-H07QNTEaAqc\/VIwT8r4SwpI\/AAAAAAAAHek\/zgIgULztCqk\/w400-h300-no\/1.jpg\" \/><\/span><\/span><\/span><\/p>\n<\/td>\n<td>\n<p style=\"text-align: justify;\"><span style=\"color: #000000;\"><span style=\"font-family: tahoma,geneva,sans-serif;\"><span style=\"font-size: 12px;\">&nbsp;&nbsp;&nbsp;Me bekimin e Fortlumturis\u00eb s\u00eb tij Kryepiskopit Anastas nga datat 21-23 mars 2008, n\u00eb ambientet e Manastirit t\u00eb Hirsh\u00ebm t\u00eb Sh\u00ebn Vlashit u zhvillua kampi p\u00ebr vajza, n\u00eb t\u00eb cilin mor\u00ebn pjes\u00eb rreth 150 vajza, nga mosha 11-25 vje\u00e7e.<\/span><\/span><\/span><\/p>\n<\/td>\n<\/tr>\n<tr>\n<td>\n<p style=\"text-align: justify;\"><span style=\"color: #000000;\"><span style=\"font-family: tahoma,geneva,sans-serif;\"><span style=\"font-size: 12px;\">&nbsp;&nbsp;&nbsp;&nbsp; Vajzat pjes\u00ebmarr\u00ebse vinin nga zona t\u00eb ndryshme t\u00eb vendit si Gjirokastra, Elbasani, Gramshi, C\u00ebrriku, Fieri, Berati, Lushnja, Vlora, Kavaja etj. Kjo fundjav\u00eb i dha mund\u00ebsi t\u00eb gjitha pjes\u00ebmarr\u00ebseve p\u00ebr rip\u00ebrt\u00ebritje t\u00eb lidhjes s\u00eb tyre me Zotin n\u00eb k\u00ebt\u00eb periudh\u00eb t\u00eb bekuar kreshme ku Kisha na kujton q\u00eb duhet t\u00eb kthehemi te Zoti dhe t\u00eb ecim sipas porosive t\u00eb Tij.<\/span><\/span><\/span><\/p>\n<\/td>\n<td>\n<p><span style=\"color: #000000;\"><span style=\"font-family: tahoma,geneva,sans-serif;\"><span style=\"font-size: 12px;\"><img decoding=\"async\" class=\"lazyload HAa Eha\" style=\"border-width: 1px; border-style: solid; margin: 10px auto; display: block;\" alt=\"\" src=\"data:image\/gif;base64,R0lGODlhAQABAAAAACH5BAEKAAEALAAAAAABAAEAAAICTAEAOw==\" data-orig-src=\"https:\/\/lh5.googleusercontent.com\/-i3DLxXA7aK8\/VIwT8XLVGCI\/AAAAAAAAHd8\/SkyJeBJPcwY\/w400-h300-no\/2.jpg\" \/><\/span><\/span><\/span><\/p>\n<\/td>\n<\/tr>\n<tr>\n<td>\n<p><span style=\"color: #000000;\"><span style=\"font-family: tahoma,geneva,sans-serif;\"><span style=\"font-size: 12px;\"><img decoding=\"async\" class=\"lazyload HAa Eha\" style=\"border-width: 1px; border-style: solid; margin: 10px auto; display: block;\" alt=\"\" src=\"data:image\/gif;base64,R0lGODlhAQABAAAAACH5BAEKAAEALAAAAAABAAEAAAICTAEAOw==\" data-orig-src=\"https:\/\/lh4.googleusercontent.com\/-dbAFr3CA7Hk\/VIwT8VFaytI\/AAAAAAAAHec\/Zb_CmYDTpdU\/w400-h300-no\/3.jpg\" \/><\/span><\/span><\/span><\/p>\n<\/td>\n<td>\n<p style=\"text-align: justify;\"><span style=\"color: #000000;\"><span style=\"font-family: tahoma,geneva,sans-serif;\"><span style=\"font-size: 12px;\">&nbsp;&nbsp;&nbsp;&nbsp; E T\u00ebr\u00ebshenjta Mari \u00ebsht\u00eb shembulli q\u00eb duhet t\u00eb ndjekim gjat\u00eb gjith\u00eb dit\u00ebve t\u00eb jet\u00ebs son\u00eb. Fjal\u00ebt q\u00eb ajo i tha Krye\u00ebngj\u00ebllit jan\u00eb fjal\u00eb q\u00eb duhet t\u2019i thot\u00eb \u00e7do nj\u00ebri n\u00eb jet\u00ebn e tij. K\u00ebto dhe shum\u00eb t\u00eb tjera u theksuan gjat\u00eb koh\u00ebs s\u00eb kampit.<\/span><\/span><\/span><br \/> &nbsp;<\/p>\n<\/td>\n<\/tr>\n<tr>\n<td>\n<p style=\"text-align: justify;\"><span style=\"color: #000000;\"><span style=\"font-family: tahoma,geneva,sans-serif;\"><span style=\"font-size: 12px;\">&nbsp;&nbsp;&nbsp;&nbsp; Programi i kampit p\u00ebrmbante tre referate t\u00eb cilat ndihmuan n\u00eb k\u00ebt\u00eb rip\u00ebrt\u00ebritje shpirt\u00ebrore dhe n\u00eb thirrjen p\u00ebr kthim te Zoti. Referati i par\u00eb u mbajt nga Episkop Nikolla, me tem\u00eb:\u201c<em>E T\u00ebr\u00ebshenjta Mari, shembulli yn\u00eb<\/em>\u201d.&nbsp;<\/span><\/span><\/span><\/p>\n<\/td>\n<td>\n<p><span style=\"color: #000000;\"><span style=\"font-family: tahoma,geneva,sans-serif;\"><span style=\"font-size: 12px;\"><img decoding=\"async\" class=\"lazyload HAa Eha\" style=\"border-width: 1px; border-style: solid; margin: 10px auto; display: block;\" alt=\"\" src=\"data:image\/gif;base64,R0lGODlhAQABAAAAACH5BAEKAAEALAAAAAABAAEAAAICTAEAOw==\" data-orig-src=\"https:\/\/lh3.googleusercontent.com\/-fN_9wRGFkNQ\/VIwT87QtvAI\/AAAAAAAAHeI\/_W5FXBhT1cs\/w400-h300-no\/4.jpg\" \/><\/span><\/span><\/span><\/p>\n<\/td>\n<\/tr>\n<tr>\n<td>\n<p><span style=\"color: #000000;\"><span style=\"font-family: tahoma,geneva,sans-serif;\"><span style=\"font-size: 12px;\"><img decoding=\"async\" class=\"lazyload HAa Eha\" style=\"border-width: 1px; border-style: solid; margin: 10px auto; display: block;\" alt=\"\" src=\"data:image\/gif;base64,R0lGODlhAQABAAAAACH5BAEKAAEALAAAAAABAAEAAAICTAEAOw==\" data-orig-src=\"https:\/\/lh5.googleusercontent.com\/-Bis3RpJ3ewg\/VIwT9OPWY2I\/AAAAAAAAHeU\/SUU6Afr8MKw\/w400-h300-no\/5.jpg\" \/><\/span><\/span><\/span><\/p>\n<\/td>\n<td>\n<p style=\"text-align: justify;\"><span style=\"color: #000000;\"><span style=\"font-family: tahoma,geneva,sans-serif;\"><span style=\"font-size: 12px;\">&nbsp;&nbsp;&nbsp;&nbsp; Episkop Andoni n\u00eb referatin e tij \u201cMisteri i Fal\u00ebnderimi Hyjnor, Darka Mistike e Zotit\u201d, shpjegoi se \u00e7far\u00eb \u00ebsht\u00eb Misteri i Fal\u00ebnderimit dhe r\u00ebnd\u00ebsin\u00eb e pjes\u00ebmarrjes n\u00eb t\u00eb. Referati i tret\u00eb u mbajt nga pedagogu i Akademis\u00eb Teologjike z. Thoma \u00c7om\u00ebni \u201cDisiplina n\u00eb jet\u00ebn shpirt\u00ebrore\u201d, n\u00eb t\u00eb cilin u theksua se duhet t\u00eb jetojm\u00eb Krishterimin \u00e7do dit\u00eb t\u00eb jet\u00ebs son\u00eb si edhe t\u00eb kemi disiplin\u00eb shpirt\u00ebrore me lutje, me studim t\u00eb Shkrimit t\u00eb Shenjt\u00eb, me kreshm\u00eb, l\u00ebmosh\u00eb, dhe pjes\u00ebmarrje n\u00eb Mistere etj.<\/span><\/span><\/span><\/p>\n<\/td>\n<\/tr>\n<tr>\n<td>\n<p style=\"text-align: justify;\"><span style=\"color: #000000;\"><span style=\"font-family: tahoma,geneva,sans-serif;\"><span style=\"font-size: 12px;\">&nbsp;&nbsp;&nbsp;&nbsp; Vajzat u ndan\u00eb n\u00eb 8 grupe sipas grupmoshave t\u00eb tyre dhe pas pun\u00ebs n\u00eb grupe, t\u00eb shtun\u00ebn n\u00eb mbr\u00ebmje paraqit\u00ebn p\u00ebrpara gjith\u00eb kampit drama, k\u00ebng\u00eb dhe poezi, t\u00eb cilat lidheshin me emrin e grupit q\u00eb ato p\u00ebrfaq\u00ebsonin: <em>Kreshma, Lutja, Bamir\u00ebsia, D\u00eblir\u00ebsia, Misteret, Shkrimi i Shenjt\u00eb, Kisha <\/em>dhe<em>Dashuria. <\/em><\/span><\/span><\/span><\/p>\n<\/td>\n<td>\n<p><span style=\"color: #000000;\"><span style=\"font-family: tahoma,geneva,sans-serif;\"><span style=\"font-size: 12px;\"><img decoding=\"async\" class=\"lazyload HAa Eha\" style=\"border-width: 1px; border-style: solid; margin: 10px auto; display: block;\" alt=\"\" src=\"data:image\/gif;base64,R0lGODlhAQABAAAAACH5BAEKAAEALAAAAAABAAEAAAICTAEAOw==\" data-orig-src=\"https:\/\/lh5.googleusercontent.com\/-Rf3_XdJaTiA\/VIwT9QLRl1I\/AAAAAAAAHeQ\/Odm-MTHPzDY\/w400-h300-no\/6.jpg\" \/><\/span><\/span><\/span><\/p>\n<\/td>\n<\/tr>\n<tr>\n<td>\n<p><span style=\"color: #000000;\"><span style=\"font-family: tahoma,geneva,sans-serif;\"><span style=\"font-size: 12px;\"><img decoding=\"async\" class=\"lazyload HAa Eha\" style=\"border-width: 1px; border-style: solid; margin: 10px auto; display: block;\" alt=\"\" src=\"data:image\/gif;base64,R0lGODlhAQABAAAAACH5BAEKAAEALAAAAAABAAEAAAICTAEAOw==\" data-orig-src=\"https:\/\/lh3.googleusercontent.com\/-KuVazCdHaFA\/VIwT9v1QLJI\/AAAAAAAAHeY\/XuBQYSRddgE\/w400-h300-no\/7.jpg\" \/><\/span><\/span><\/span><\/p>\n<\/td>\n<td>\n<p style=\"text-align: justify;\"><span style=\"color: #000000;\"><span style=\"font-family: tahoma,geneva,sans-serif;\"><span style=\"font-size: 12px;\">&nbsp;&nbsp;&nbsp;&nbsp; Secila vajz\u00eb pjes\u00ebmarr\u00ebse u pajis me nj\u00eb pako me materiale shpirt\u00ebrore, kujtim nga ky kamp, n\u00eb t\u00eb cil\u00ebn p\u00ebrfshiheshin: libri \u201cT\u00eb doni nj\u00ebri-tjetrin, si\u00e7 ju desha un\u00eb ju\u201d, \u201cHimni Akathist\u201d dhe \u201cParaklisi i Vog\u00ebl i s\u00eb T\u00ebr\u00ebshenjt\u00ebs Mari\u201d, nj\u00eb bllok dhe nj\u00eb stilolaps.<\/span><\/span><\/span><\/p>\n<\/td>\n<\/tr>\n<tr>\n<td dir=\"ltr\" colspan=\"2\">\n<p style=\"text-align: justify;\"> <span style=\"color: #000000;\"><span style=\"font-family: tahoma,geneva,sans-serif;\"><span style=\"font-size: 12px;\">&nbsp;&nbsp;&nbsp; N\u00eb pasditen e s\u00eb shtun\u00ebs grupi i studenteve vizituan f\u00ebmij\u00ebt me aft\u00ebsi t\u00eb kufizuara, ku treguan edhe nj\u00eb her\u00eb q\u00eb sh\u00ebrbimi ndaj t\u00eb tjer\u00ebve \u00ebsht\u00eb detyr\u00eb e \u00e7do t\u00eb krishteri.<\/span><\/span><\/span><\/p>\n<p style=\"text-align: justify;\"><span style=\"color: #000000;\"><span style=\"font-family: tahoma,geneva,sans-serif;\"><span style=\"font-size: 12px;\">&nbsp;&nbsp;&nbsp; \u00c7do dit\u00eb fillonte dhe mbaronte me lutje, dhe sh\u00ebrbesa q\u00eb kuror\u00ebzoi k\u00ebt\u00eb aktivitet ishte Liturgjia e dit\u00ebs s\u00eb diel, n\u00eb predikim e s\u00eb cil\u00ebs Episkop Nikolla theksoi se t\u00eb gjith\u00eb ne kemi detyr\u00eb t\u00eb ndihmojm\u00eb t\u00eb tjer\u00ebt t\u00eb vijn\u00eb te Krishti dhe t\u00eb jetojn\u00eb jet\u00ebn me T\u00eb. Kjo \u00ebsht\u00eb porosi edhe e vet Zotit ton\u00eb.<\/span><\/span><\/span><\/p>\n<p style=\"text-align: justify;\"><span style=\"color: #000000;\"><span style=\"font-family: tahoma,geneva,sans-serif;\"><span style=\"font-size: 12px;\">&nbsp;&nbsp;&nbsp; P\u00ebr realizimin e k\u00ebtij kampi ndihmuan vajza q\u00eb studiojn\u00eb ose kan\u00eb mbaruar Akademin\u00eb Teologjike n\u00eb bashk\u00ebpunim me studentet e Qendr\u00ebs Studentore t\u00eb Kish\u00ebs son\u00eb, t\u00eb cilat i fal\u00ebnderojm\u00eb shum\u00eb p\u00ebr pun\u00ebn e tyre t\u00eb shk\u00eblqyer.<\/span><\/span><\/span><\/p>\n<p style=\"text-align: justify;\"><span style=\"color: #000000;\"><span style=\"font-family: tahoma,geneva,sans-serif;\"><span style=\"font-size: 12px;\">&nbsp;&nbsp;&nbsp; Vajzat t\u00eb g\u00ebzuara nga bekimi dhe frym\u00ebzimi q\u00eb mor\u00ebn nga kampi u larguan me shpres\u00ebn p\u00ebr t\u2019u takuar sa m\u00eb shpejt n\u00eb aktivitetin tjet\u00ebr po kaq t\u00eb r\u00ebnd\u00ebsish\u00ebm, kampin veror.<\/span><\/span><\/span><\/p>\n<p><span style=\"color: #000000;\"><span style=\"font-family: tahoma,geneva,sans-serif;\"><span style=\"font-size: 12px;\">&nbsp;&nbsp;<\/span><\/span><\/span><\/p>\n<\/td>\n<\/tr>\n<tr>\n<td dir=\"ltr\" colspan=\"2\">\n<p><span style=\"color: #000000;\"><span style=\"font-family: tahoma,geneva,sans-serif;\"><span style=\"font-size: 12px;\"><strong>&nbsp;&nbsp;&nbsp;&nbsp; Ana Baba<\/strong><\/span><\/span><\/span><\/p>\n<\/td>\n<\/tr>\n<\/tbody>\n<\/table>\n","protected":false},"excerpt":{"rendered":"<p>E T\u00ebr\u00ebshenjta Mari, shembulli yn\u00eb \u201cJa sh\u00ebrb\u00ebtorja e Zotit, u b\u00ebft\u00eb sipas fjal\u00ebs sate\u201d &nbsp;&nbsp;&nbsp;Me bekimin e Fortlumturis\u00eb s\u00eb tij Kryepiskopit Anastas nga datat 21-23 mars 2008, n\u00eb ambientet e Manastirit t\u00eb Hirsh\u00ebm t\u00eb Sh\u00ebn Vlashit u zhvillua kampi p\u00ebr vajza, n\u00eb t\u00eb cilin mor\u00ebn pjes\u00eb rreth 150 vajza, nga mosha 11-25 vje\u00e7e. &nbsp;&nbsp;&nbsp;&nbsp; Vajzat pjes\u00ebmarr\u00ebse vinin nga zona t\u00eb ndryshme t\u00eb vendit si Gjirokastra,<\/p>\n","protected":false},"author":1,"featured_media":0,"comment_status":"open","ping_status":"open","sticky":false,"template":"","format":"standard","meta":{"_acf_changed":false,"pagelayer_contact_templates":[],"_pagelayer_content":"","inline_featured_image":false,"fifu_image_url":"","fifu_image_alt":"","footnotes":""},"categories":[108],"tags":[146,200,196,212,176],"class_list":["post-666","post","type-post","status-publish","format-standard","hentry","category-lajme","tag-146","tag-kampe-verore","tag-tirane","tag-lajme-d27","tag-rinia-orthodhokse"],"acf":[],"yoast_head":"<!-- This site is optimized with the Yoast SEO plugin v27.2 - https:\/\/yoast.com\/product\/yoast-seo-wordpress\/ -->\n<title>Kamp tre ditor i vajzave t\u00eb Rinis\u00eb Orthodhokse. (Mars 2008) - Kisha Orthodh\u03bfkse Autoqefale e Shqip\u00ebris\u00eb<\/title>\n<meta name=\"robots\" content=\"index, follow, max-snippet:-1, max-image-preview:large, max-video-preview:-1\" \/>\n<link rel=\"canonical\" href=\"https:\/\/orthodoxalbania.org\/2020\/2008\/02\/26\/kamp-tre-ditor-i-vajzave-te-rinise-orthodhokse-mars-2008\/\" \/>\n<meta property=\"og:locale\" content=\"en_US\" \/>\n<meta property=\"og:type\" content=\"article\" \/>\n<meta property=\"og:title\" content=\"Kamp tre ditor i vajzave t\u00eb Rinis\u00eb Orthodhokse. (Mars 2008) - Kisha Orthodh\u03bfkse Autoqefale e Shqip\u00ebris\u00eb\" \/>\n<meta property=\"og:description\" content=\"E T\u00ebr\u00ebshenjta Mari, shembulli yn\u00eb \u201cJa sh\u00ebrb\u00ebtorja e Zotit, u b\u00ebft\u00eb sipas fjal\u00ebs sate\u201d &nbsp;&nbsp;&nbsp;Me bekimin e Fortlumturis\u00eb s\u00eb tij Kryepiskopit Anastas nga datat 21-23 mars 2008, n\u00eb ambientet e Manastirit t\u00eb Hirsh\u00ebm t\u00eb Sh\u00ebn Vlashit u zhvillua kampi p\u00ebr vajza, n\u00eb t\u00eb cilin mor\u00ebn pjes\u00eb rreth 150 vajza, nga mosha 11-25 vje\u00e7e. &nbsp;&nbsp;&nbsp;&nbsp; Vajzat pjes\u00ebmarr\u00ebse vinin nga zona t\u00eb ndryshme t\u00eb vendit si Gjirokastra,\" \/>\n<meta property=\"og:url\" content=\"https:\/\/orthodoxalbania.org\/2020\/2008\/02\/26\/kamp-tre-ditor-i-vajzave-te-rinise-orthodhokse-mars-2008\/\" \/>\n<meta property=\"og:site_name\" content=\"Kisha Orthodh\u03bfkse Autoqefale e Shqip\u00ebris\u00eb\" \/>\n<meta property=\"article:publisher\" content=\"https:\/\/www.facebook.com\/koash1991\" \/>\n<meta property=\"article:published_time\" content=\"2008-02-26T00:00:00+00:00\" \/>\n<meta property=\"article:modified_time\" content=\"2020-04-06T20:35:22+00:00\" \/>\n<meta property=\"og:image\" content=\"https:\/\/lh3.googleusercontent.com\/-H07QNTEaAqc\/VIwT8r4SwpI\/AAAAAAAAHek\/zgIgULztCqk\/w400-h300-no\/1.jpg\" \/>\n<meta name=\"author\" content=\"Kisha Orthodhokse\" \/>\n<meta name=\"twitter:card\" content=\"summary_large_image\" \/>\n<meta name=\"twitter:label1\" content=\"Written by\" \/>\n\t<meta name=\"twitter:data1\" content=\"Kisha Orthodhokse\" \/>\n\t<meta name=\"twitter:label2\" content=\"Est. reading time\" \/>\n\t<meta name=\"twitter:data2\" content=\"3 minutes\" \/>\n<script type=\"application\/ld+json\" class=\"yoast-schema-graph\">{\"@context\":\"https:\/\/schema.org\",\"@graph\":[{\"@type\":\"Article\",\"@id\":\"https:\/\/orthodoxalbania.org\/2020\/2008\/02\/26\/kamp-tre-ditor-i-vajzave-te-rinise-orthodhokse-mars-2008\/#article\",\"isPartOf\":{\"@id\":\"https:\/\/orthodoxalbania.org\/2020\/2008\/02\/26\/kamp-tre-ditor-i-vajzave-te-rinise-orthodhokse-mars-2008\/\"},\"author\":{\"name\":\"Kisha Orthodhokse\",\"@id\":\"https:\/\/orthodoxalbania.org\/2020\/#\/schema\/person\/0c387634a7063ac612d7ed9ce71c7e86\"},\"headline\":\"Kamp tre ditor i vajzave t\u00eb Rinis\u00eb Orthodhokse. (Mars 2008)\",\"datePublished\":\"2008-02-26T00:00:00+00:00\",\"dateModified\":\"2020-04-06T20:35:22+00:00\",\"mainEntityOfPage\":{\"@id\":\"https:\/\/orthodoxalbania.org\/2020\/2008\/02\/26\/kamp-tre-ditor-i-vajzave-te-rinise-orthodhokse-mars-2008\/\"},\"wordCount\":673,\"commentCount\":0,\"publisher\":{\"@id\":\"https:\/\/orthodoxalbania.org\/2020\/#organization\"},\"image\":{\"@id\":\"https:\/\/orthodoxalbania.org\/2020\/2008\/02\/26\/kamp-tre-ditor-i-vajzave-te-rinise-orthodhokse-mars-2008\/#primaryimage\"},\"thumbnailUrl\":\"https:\/\/lh3.googleusercontent.com\/-H07QNTEaAqc\/VIwT8r4SwpI\/AAAAAAAAHek\/zgIgULztCqk\/w400-h300-no\/1.jpg\",\"keywords\":[\"2008\",\"Kampe verore\",\"Kryepiskopata Tiran\u00eb\",\"lajme\",\"Rinia Orthodhokse\"],\"articleSection\":[\"Lajme\"],\"inLanguage\":\"en-US\"},{\"@type\":\"WebPage\",\"@id\":\"https:\/\/orthodoxalbania.org\/2020\/2008\/02\/26\/kamp-tre-ditor-i-vajzave-te-rinise-orthodhokse-mars-2008\/\",\"url\":\"https:\/\/orthodoxalbania.org\/2020\/2008\/02\/26\/kamp-tre-ditor-i-vajzave-te-rinise-orthodhokse-mars-2008\/\",\"name\":\"Kamp tre ditor i vajzave t\u00eb Rinis\u00eb Orthodhokse. (Mars 2008) - Kisha Orthodh\u03bfkse Autoqefale e Shqip\u00ebris\u00eb\",\"isPartOf\":{\"@id\":\"https:\/\/orthodoxalbania.org\/2020\/#website\"},\"primaryImageOfPage\":{\"@id\":\"https:\/\/orthodoxalbania.org\/2020\/2008\/02\/26\/kamp-tre-ditor-i-vajzave-te-rinise-orthodhokse-mars-2008\/#primaryimage\"},\"image\":{\"@id\":\"https:\/\/orthodoxalbania.org\/2020\/2008\/02\/26\/kamp-tre-ditor-i-vajzave-te-rinise-orthodhokse-mars-2008\/#primaryimage\"},\"thumbnailUrl\":\"https:\/\/lh3.googleusercontent.com\/-H07QNTEaAqc\/VIwT8r4SwpI\/AAAAAAAAHek\/zgIgULztCqk\/w400-h300-no\/1.jpg\",\"datePublished\":\"2008-02-26T00:00:00+00:00\",\"dateModified\":\"2020-04-06T20:35:22+00:00\",\"breadcrumb\":{\"@id\":\"https:\/\/orthodoxalbania.org\/2020\/2008\/02\/26\/kamp-tre-ditor-i-vajzave-te-rinise-orthodhokse-mars-2008\/#breadcrumb\"},\"inLanguage\":\"en-US\",\"potentialAction\":[{\"@type\":\"ReadAction\",\"target\":[\"https:\/\/orthodoxalbania.org\/2020\/2008\/02\/26\/kamp-tre-ditor-i-vajzave-te-rinise-orthodhokse-mars-2008\/\"]}]},{\"@type\":\"ImageObject\",\"inLanguage\":\"en-US\",\"@id\":\"https:\/\/orthodoxalbania.org\/2020\/2008\/02\/26\/kamp-tre-ditor-i-vajzave-te-rinise-orthodhokse-mars-2008\/#primaryimage\",\"url\":\"https:\/\/lh3.googleusercontent.com\/-H07QNTEaAqc\/VIwT8r4SwpI\/AAAAAAAAHek\/zgIgULztCqk\/w400-h300-no\/1.jpg\",\"contentUrl\":\"https:\/\/lh3.googleusercontent.com\/-H07QNTEaAqc\/VIwT8r4SwpI\/AAAAAAAAHek\/zgIgULztCqk\/w400-h300-no\/1.jpg\"},{\"@type\":\"BreadcrumbList\",\"@id\":\"https:\/\/orthodoxalbania.org\/2020\/2008\/02\/26\/kamp-tre-ditor-i-vajzave-te-rinise-orthodhokse-mars-2008\/#breadcrumb\",\"itemListElement\":[{\"@type\":\"ListItem\",\"position\":1,\"name\":\"Home\",\"item\":\"https:\/\/orthodoxalbania.org\/2020\/\"},{\"@type\":\"ListItem\",\"position\":2,\"name\":\"Kamp tre ditor i vajzave t\u00eb Rinis\u00eb Orthodhokse. (Mars 2008)\"}]},{\"@type\":\"WebSite\",\"@id\":\"https:\/\/orthodoxalbania.org\/2020\/#website\",\"url\":\"https:\/\/orthodoxalbania.org\/2020\/\",\"name\":\"Kisha Orthodh\u03bfkse Autoqefale e Shqip\u00ebris\u00eb\",\"description\":\"Fqja Zyrtare e Kish\u00ebs Orthodhokse Autoqefale e Shqip\u00ebris\u00eb me lajmet edhe informacionet zyrtare p\u00ebr struktur\u00ebn edhe veprimtarin e saj.\",\"publisher\":{\"@id\":\"https:\/\/orthodoxalbania.org\/2020\/#organization\"},\"potentialAction\":[{\"@type\":\"SearchAction\",\"target\":{\"@type\":\"EntryPoint\",\"urlTemplate\":\"https:\/\/orthodoxalbania.org\/2020\/?s={search_term_string}\"},\"query-input\":{\"@type\":\"PropertyValueSpecification\",\"valueRequired\":true,\"valueName\":\"search_term_string\"}}],\"inLanguage\":\"en-US\"},{\"@type\":\"Organization\",\"@id\":\"https:\/\/orthodoxalbania.org\/2020\/#organization\",\"name\":\"Kisha Orthodhokse Autoqefale e Shqip\u00ebris\u00eb\",\"url\":\"https:\/\/orthodoxalbania.org\/2020\/\",\"logo\":{\"@type\":\"ImageObject\",\"inLanguage\":\"en-US\",\"@id\":\"https:\/\/orthodoxalbania.org\/2020\/#\/schema\/logo\/image\/\",\"url\":\"https:\/\/orthodoxalbania.org\/2020\/wp-content\/uploads\/2020\/05\/albania.jpeg\",\"contentUrl\":\"https:\/\/orthodoxalbania.org\/2020\/wp-content\/uploads\/2020\/05\/albania.jpeg\",\"width\":540,\"height\":540,\"caption\":\"Kisha Orthodhokse Autoqefale e Shqip\u00ebris\u00eb\"},\"image\":{\"@id\":\"https:\/\/orthodoxalbania.org\/2020\/#\/schema\/logo\/image\/\"},\"sameAs\":[\"https:\/\/www.facebook.com\/koash1991\"]},{\"@type\":\"Person\",\"@id\":\"https:\/\/orthodoxalbania.org\/2020\/#\/schema\/person\/0c387634a7063ac612d7ed9ce71c7e86\",\"name\":\"Kisha Orthodhokse\",\"image\":{\"@type\":\"ImageObject\",\"inLanguage\":\"en-US\",\"@id\":\"https:\/\/secure.gravatar.com\/avatar\/596e7c417251e30f2fbb9c00e026fce61a695a00e51c889caded71c96cbbdde5?s=96&d=mm&r=g\",\"url\":\"https:\/\/secure.gravatar.com\/avatar\/596e7c417251e30f2fbb9c00e026fce61a695a00e51c889caded71c96cbbdde5?s=96&d=mm&r=g\",\"contentUrl\":\"https:\/\/secure.gravatar.com\/avatar\/596e7c417251e30f2fbb9c00e026fce61a695a00e51c889caded71c96cbbdde5?s=96&d=mm&r=g\",\"caption\":\"Kisha Orthodhokse\"}}]}<\/script>\n<!-- \/ Yoast SEO plugin. -->","yoast_head_json":{"title":"Kamp tre ditor i vajzave t\u00eb Rinis\u00eb Orthodhokse. (Mars 2008) - Kisha Orthodh\u03bfkse Autoqefale e Shqip\u00ebris\u00eb","robots":{"index":"index","follow":"follow","max-snippet":"max-snippet:-1","max-image-preview":"max-image-preview:large","max-video-preview":"max-video-preview:-1"},"canonical":"https:\/\/orthodoxalbania.org\/2020\/2008\/02\/26\/kamp-tre-ditor-i-vajzave-te-rinise-orthodhokse-mars-2008\/","og_locale":"en_US","og_type":"article","og_title":"Kamp tre ditor i vajzave t\u00eb Rinis\u00eb Orthodhokse. (Mars 2008) - Kisha Orthodh\u03bfkse Autoqefale e Shqip\u00ebris\u00eb","og_description":"E T\u00ebr\u00ebshenjta Mari, shembulli yn\u00eb \u201cJa sh\u00ebrb\u00ebtorja e Zotit, u b\u00ebft\u00eb sipas fjal\u00ebs sate\u201d &nbsp;&nbsp;&nbsp;Me bekimin e Fortlumturis\u00eb s\u00eb tij Kryepiskopit Anastas nga datat 21-23 mars 2008, n\u00eb ambientet e Manastirit t\u00eb Hirsh\u00ebm t\u00eb Sh\u00ebn Vlashit u zhvillua kampi p\u00ebr vajza, n\u00eb t\u00eb cilin mor\u00ebn pjes\u00eb rreth 150 vajza, nga mosha 11-25 vje\u00e7e. &nbsp;&nbsp;&nbsp;&nbsp; Vajzat pjes\u00ebmarr\u00ebse vinin nga zona t\u00eb ndryshme t\u00eb vendit si Gjirokastra,","og_url":"https:\/\/orthodoxalbania.org\/2020\/2008\/02\/26\/kamp-tre-ditor-i-vajzave-te-rinise-orthodhokse-mars-2008\/","og_site_name":"Kisha Orthodh\u03bfkse Autoqefale e Shqip\u00ebris\u00eb","article_publisher":"https:\/\/www.facebook.com\/koash1991","article_published_time":"2008-02-26T00:00:00+00:00","article_modified_time":"2020-04-06T20:35:22+00:00","og_image":[{"url":"https:\/\/lh3.googleusercontent.com\/-H07QNTEaAqc\/VIwT8r4SwpI\/AAAAAAAAHek\/zgIgULztCqk\/w400-h300-no\/1.jpg","type":"","width":"","height":""}],"author":"Kisha Orthodhokse","twitter_card":"summary_large_image","twitter_misc":{"Written by":"Kisha Orthodhokse","Est. reading time":"3 minutes"},"schema":{"@context":"https:\/\/schema.org","@graph":[{"@type":"Article","@id":"https:\/\/orthodoxalbania.org\/2020\/2008\/02\/26\/kamp-tre-ditor-i-vajzave-te-rinise-orthodhokse-mars-2008\/#article","isPartOf":{"@id":"https:\/\/orthodoxalbania.org\/2020\/2008\/02\/26\/kamp-tre-ditor-i-vajzave-te-rinise-orthodhokse-mars-2008\/"},"author":{"name":"Kisha Orthodhokse","@id":"https:\/\/orthodoxalbania.org\/2020\/#\/schema\/person\/0c387634a7063ac612d7ed9ce71c7e86"},"headline":"Kamp tre ditor i vajzave t\u00eb Rinis\u00eb Orthodhokse. (Mars 2008)","datePublished":"2008-02-26T00:00:00+00:00","dateModified":"2020-04-06T20:35:22+00:00","mainEntityOfPage":{"@id":"https:\/\/orthodoxalbania.org\/2020\/2008\/02\/26\/kamp-tre-ditor-i-vajzave-te-rinise-orthodhokse-mars-2008\/"},"wordCount":673,"commentCount":0,"publisher":{"@id":"https:\/\/orthodoxalbania.org\/2020\/#organization"},"image":{"@id":"https:\/\/orthodoxalbania.org\/2020\/2008\/02\/26\/kamp-tre-ditor-i-vajzave-te-rinise-orthodhokse-mars-2008\/#primaryimage"},"thumbnailUrl":"https:\/\/lh3.googleusercontent.com\/-H07QNTEaAqc\/VIwT8r4SwpI\/AAAAAAAAHek\/zgIgULztCqk\/w400-h300-no\/1.jpg","keywords":["2008","Kampe verore","Kryepiskopata Tiran\u00eb","lajme","Rinia Orthodhokse"],"articleSection":["Lajme"],"inLanguage":"en-US"},{"@type":"WebPage","@id":"https:\/\/orthodoxalbania.org\/2020\/2008\/02\/26\/kamp-tre-ditor-i-vajzave-te-rinise-orthodhokse-mars-2008\/","url":"https:\/\/orthodoxalbania.org\/2020\/2008\/02\/26\/kamp-tre-ditor-i-vajzave-te-rinise-orthodhokse-mars-2008\/","name":"Kamp tre ditor i vajzave t\u00eb Rinis\u00eb Orthodhokse. (Mars 2008) - Kisha Orthodh\u03bfkse Autoqefale e Shqip\u00ebris\u00eb","isPartOf":{"@id":"https:\/\/orthodoxalbania.org\/2020\/#website"},"primaryImageOfPage":{"@id":"https:\/\/orthodoxalbania.org\/2020\/2008\/02\/26\/kamp-tre-ditor-i-vajzave-te-rinise-orthodhokse-mars-2008\/#primaryimage"},"image":{"@id":"https:\/\/orthodoxalbania.org\/2020\/2008\/02\/26\/kamp-tre-ditor-i-vajzave-te-rinise-orthodhokse-mars-2008\/#primaryimage"},"thumbnailUrl":"https:\/\/lh3.googleusercontent.com\/-H07QNTEaAqc\/VIwT8r4SwpI\/AAAAAAAAHek\/zgIgULztCqk\/w400-h300-no\/1.jpg","datePublished":"2008-02-26T00:00:00+00:00","dateModified":"2020-04-06T20:35:22+00:00","breadcrumb":{"@id":"https:\/\/orthodoxalbania.org\/2020\/2008\/02\/26\/kamp-tre-ditor-i-vajzave-te-rinise-orthodhokse-mars-2008\/#breadcrumb"},"inLanguage":"en-US","potentialAction":[{"@type":"ReadAction","target":["https:\/\/orthodoxalbania.org\/2020\/2008\/02\/26\/kamp-tre-ditor-i-vajzave-te-rinise-orthodhokse-mars-2008\/"]}]},{"@type":"ImageObject","inLanguage":"en-US","@id":"https:\/\/orthodoxalbania.org\/2020\/2008\/02\/26\/kamp-tre-ditor-i-vajzave-te-rinise-orthodhokse-mars-2008\/#primaryimage","url":"https:\/\/lh3.googleusercontent.com\/-H07QNTEaAqc\/VIwT8r4SwpI\/AAAAAAAAHek\/zgIgULztCqk\/w400-h300-no\/1.jpg","contentUrl":"https:\/\/lh3.googleusercontent.com\/-H07QNTEaAqc\/VIwT8r4SwpI\/AAAAAAAAHek\/zgIgULztCqk\/w400-h300-no\/1.jpg"},{"@type":"BreadcrumbList","@id":"https:\/\/orthodoxalbania.org\/2020\/2008\/02\/26\/kamp-tre-ditor-i-vajzave-te-rinise-orthodhokse-mars-2008\/#breadcrumb","itemListElement":[{"@type":"ListItem","position":1,"name":"Home","item":"https:\/\/orthodoxalbania.org\/2020\/"},{"@type":"ListItem","position":2,"name":"Kamp tre ditor i vajzave t\u00eb Rinis\u00eb Orthodhokse. (Mars 2008)"}]},{"@type":"WebSite","@id":"https:\/\/orthodoxalbania.org\/2020\/#website","url":"https:\/\/orthodoxalbania.org\/2020\/","name":"Kisha Orthodh\u03bfkse Autoqefale e Shqip\u00ebris\u00eb","description":"Fqja Zyrtare e Kish\u00ebs Orthodhokse Autoqefale e Shqip\u00ebris\u00eb me lajmet edhe informacionet zyrtare p\u00ebr struktur\u00ebn edhe veprimtarin e saj.","publisher":{"@id":"https:\/\/orthodoxalbania.org\/2020\/#organization"},"potentialAction":[{"@type":"SearchAction","target":{"@type":"EntryPoint","urlTemplate":"https:\/\/orthodoxalbania.org\/2020\/?s={search_term_string}"},"query-input":{"@type":"PropertyValueSpecification","valueRequired":true,"valueName":"search_term_string"}}],"inLanguage":"en-US"},{"@type":"Organization","@id":"https:\/\/orthodoxalbania.org\/2020\/#organization","name":"Kisha Orthodhokse Autoqefale e Shqip\u00ebris\u00eb","url":"https:\/\/orthodoxalbania.org\/2020\/","logo":{"@type":"ImageObject","inLanguage":"en-US","@id":"https:\/\/orthodoxalbania.org\/2020\/#\/schema\/logo\/image\/","url":"https:\/\/orthodoxalbania.org\/2020\/wp-content\/uploads\/2020\/05\/albania.jpeg","contentUrl":"https:\/\/orthodoxalbania.org\/2020\/wp-content\/uploads\/2020\/05\/albania.jpeg","width":540,"height":540,"caption":"Kisha Orthodhokse Autoqefale e Shqip\u00ebris\u00eb"},"image":{"@id":"https:\/\/orthodoxalbania.org\/2020\/#\/schema\/logo\/image\/"},"sameAs":["https:\/\/www.facebook.com\/koash1991"]},{"@type":"Person","@id":"https:\/\/orthodoxalbania.org\/2020\/#\/schema\/person\/0c387634a7063ac612d7ed9ce71c7e86","name":"Kisha Orthodhokse","image":{"@type":"ImageObject","inLanguage":"en-US","@id":"https:\/\/secure.gravatar.com\/avatar\/596e7c417251e30f2fbb9c00e026fce61a695a00e51c889caded71c96cbbdde5?s=96&d=mm&r=g","url":"https:\/\/secure.gravatar.com\/avatar\/596e7c417251e30f2fbb9c00e026fce61a695a00e51c889caded71c96cbbdde5?s=96&d=mm&r=g","contentUrl":"https:\/\/secure.gravatar.com\/avatar\/596e7c417251e30f2fbb9c00e026fce61a695a00e51c889caded71c96cbbdde5?s=96&d=mm&r=g","caption":"Kisha Orthodhokse"}}]}},"_links":{"self":[{"href":"https:\/\/orthodoxalbania.org\/2020\/wp-json\/wp\/v2\/posts\/666","targetHints":{"allow":["GET"]}}],"collection":[{"href":"https:\/\/orthodoxalbania.org\/2020\/wp-json\/wp\/v2\/posts"}],"about":[{"href":"https:\/\/orthodoxalbania.org\/2020\/wp-json\/wp\/v2\/types\/post"}],"author":[{"embeddable":true,"href":"https:\/\/orthodoxalbania.org\/2020\/wp-json\/wp\/v2\/users\/1"}],"replies":[{"embeddable":true,"href":"https:\/\/orthodoxalbania.org\/2020\/wp-json\/wp\/v2\/comments?post=666"}],"version-history":[{"count":1,"href":"https:\/\/orthodoxalbania.org\/2020\/wp-json\/wp\/v2\/posts\/666\/revisions"}],"predecessor-version":[{"id":15661,"href":"https:\/\/orthodoxalbania.org\/2020\/wp-json\/wp\/v2\/posts\/666\/revisions\/15661"}],"wp:attachment":[{"href":"https:\/\/orthodoxalbania.org\/2020\/wp-json\/wp\/v2\/media?parent=666"}],"wp:term":[{"taxonomy":"category","embeddable":true,"href":"https:\/\/orthodoxalbania.org\/2020\/wp-json\/wp\/v2\/categories?post=666"},{"taxonomy":"post_tag","embeddable":true,"href":"https:\/\/orthodoxalbania.org\/2020\/wp-json\/wp\/v2\/tags?post=666"}],"curies":[{"name":"wp","href":"https:\/\/api.w.org\/{rel}","templated":true}]}}