{"id":665,"date":"2008-02-26T00:00:00","date_gmt":"2008-02-26T00:00:00","guid":{"rendered":""},"modified":"2020-04-06T22:35:20","modified_gmt":"2020-04-06T20:35:20","slug":"kamp-per-femije-nga-te-rinj-orthodhokse-amerikane-2008","status":"publish","type":"post","link":"https:\/\/orthodoxalbania.org\/2020\/2008\/02\/26\/kamp-per-femije-nga-te-rinj-orthodhokse-amerikane-2008\/","title":{"rendered":"Kamp p\u00ebr f\u00ebmij\u00eb nga t\u00eb rinj orthodhoks\u00eb amerikan\u00eb. (2008)"},"content":{"rendered":"<table id=\"AutoNumber1\" style=\"width: 936px; height: 2788px;\" border=\"0\">\n<tbody>\n<tr>\n<td colspan=\"2\">\n<div style=\"text-align: center;\"><strong><span style=\"color: #b22222;\"><span style=\"font-family: tahoma,geneva,sans-serif;\"><span style=\"font-size: 12px;\"><em>&#8211; Tre vjet eksperienc\u00eb e dobishme p\u00ebr f\u00ebmij\u00ebt pjes\u00ebmarr\u00ebs n\u00eb aktivitetet e Kish\u00ebs son\u00eb &#8211;<\/em><\/span><\/span><\/span><\/strong><\/div>\n<\/td>\n<\/tr>\n<tr>\n<td style=\"width: 1px;\">\n<div>&nbsp;<\/div>\n<\/td>\n<td style=\"width: 1101px;\">\n<table id=\"AutoNumber2\" style=\"width: 950px; height: 2760px;\" border=\"0\">\n<tbody>\n<tr>\n<td>\n<div><span style=\"color: #000000;\"><span style=\"font-family: tahoma,geneva,sans-serif;\"><span style=\"font-size: 12px;\"><img decoding=\"async\" class=\"lazyload HAa Eha\" style=\"border-width: 1px; border-style: solid; margin: 10px auto; display: block;\" alt=\"\" src=\"data:image\/gif;base64,R0lGODlhAQABAAAAACH5BAEKAAEALAAAAAABAAEAAAICTAEAOw==\" data-orig-src=\"https:\/\/lh5.googleusercontent.com\/-lI7JIfB1Zdc\/VJFOgkDYS3I\/AAAAAAAAH78\/LgQVY3RUijY\/w400-h266-no\/1.jpg\" \/><\/span><\/span><\/span><\/div>\n<\/td>\n<td>\n<div><span style=\"color: #000000;\"><span style=\"font-family: tahoma,geneva,sans-serif;\"><span style=\"font-size: 12px;\">&nbsp;&nbsp;&nbsp;<\/span><\/span><\/span><\/div>\n<div style=\"text-align: justify;\"><span style=\"color: #000000;\"><span style=\"font-family: tahoma,geneva,sans-serif;\"><span style=\"font-size: 12px;\">&nbsp;&nbsp;&nbsp; Me bekimin e Kryepiskopit Anastas, Zyra e F\u00ebmij\u00ebve, Tiran\u00eb n\u00eb bashk\u00ebpunim me shkoll\u00ebn 9-vje\u00e7are shqiptaro-amerikane \u201cProtagonist\u00ebt\u201d organizuan \u201cEnglish camp 2008\u201d me pjes\u00ebmarrjene rreth 45 f\u00ebmij\u00ebve t\u00eb mosh\u00ebs 9-13 vje\u00e7, kryesisht ata q\u00eb m\u00ebsojn\u00eb n\u00eb k\u00ebt\u00eb shkoll\u00eb, f\u00ebmij\u00eb nga Sht\u00ebpia Orthodhokse e Shpres\u00ebs si edhe nga disa shkolla t\u00eb tjera. Veprimtaria u zhvillua n\u00eb ambientet piktoreske t\u00eb Manastirit t\u00eb Hirsh\u00ebm n\u00eb Sh\u00ebn Vlashit, pran\u00eb Durr\u00ebsit, n\u00eb datat 17-21 qershor.<\/span><\/span><\/span><\/div>\n<div dir=\"ltr\">&nbsp;<\/div>\n<\/td>\n<\/tr>\n<tr>\n<td>\n<div style=\"text-align: justify;\"><span style=\"color: #000000;\"><span style=\"font-family: tahoma,geneva,sans-serif;\"><span style=\"font-size: 12px;\">&nbsp;&nbsp;&nbsp; P\u00ebr t\u00eb tretin vit radhazi, nj\u00eb grup t\u00eb rinjsh nga SHBA dhan\u00eb kontributin e tyre, duke ndihmuar n\u00eb realizimin e kampit me tem\u00eb: <strong><em>\u201cT\u00eb jemi mir\u00ebnjoh\u00ebs p\u00ebr gjith\u00e7ka q\u00eb kemi: &nbsp;familjen, natyr\u00ebn, vendin\u201d. <\/em><\/strong> F\u00ebmij\u00ebt m\u00ebsuan si ta shikojn\u00eb me nj\u00eb sy t\u00eb ri bot\u00ebn q\u00eb e rrethon, pasi \u00e7donj\u00ebri prej tyre ka nj\u00eb p\u00ebrgjegj\u00ebsi p\u00ebr jet\u00ebn.<\/span><\/span><\/span><\/div>\n<\/td>\n<td>\n<div><span style=\"color: #000000;\"><span style=\"font-family: tahoma,geneva,sans-serif;\"><span style=\"font-size: 12px;\"><img decoding=\"async\" class=\"lazyload HAa Eha\" style=\"border-width: 1px; border-style: solid; margin: 10px auto; display: block;\" alt=\"\" src=\"data:image\/gif;base64,R0lGODlhAQABAAAAACH5BAEKAAEALAAAAAABAAEAAAICTAEAOw==\" data-orig-src=\"https:\/\/lh5.googleusercontent.com\/-lbjjLi3XHaI\/VJFOgt6CWBI\/AAAAAAAAH7A\/TTQksc3ACMo\/w400-h266-no\/2.jpg\" \/><\/span><\/span><\/span><\/div>\n<\/td>\n<\/tr>\n<tr>\n<td>\n<div><span style=\"color: #000000;\"><span style=\"font-family: tahoma,geneva,sans-serif;\"><span style=\"font-size: 12px;\"><img decoding=\"async\" class=\"lazyload HAa Eha\" style=\"border-width: 1px; border-style: solid; margin: 10px auto; display: block;\" alt=\"\" src=\"data:image\/gif;base64,R0lGODlhAQABAAAAACH5BAEKAAEALAAAAAABAAEAAAICTAEAOw==\" data-orig-src=\"https:\/\/lh5.googleusercontent.com\/-_p0PejbQO_g\/VJFOhLcmOXI\/AAAAAAAAH7I\/hbpxvwSk6aU\/w400-h266-no\/3.jpg\" \/><\/span><\/span><\/span><\/div>\n<\/td>\n<td>\n<div style=\"text-align: justify;\"><span style=\"color: #000000;\"><span style=\"font-family: tahoma,geneva,sans-serif;\"><span style=\"font-size: 12px;\">&nbsp;&nbsp;&nbsp; Q\u00ebllimi i par\u00eb i kampit ishte t\u00eb m\u00ebsonin m\u00eb shum\u00eb p\u00ebr Per\u00ebndin\u00eb e si ta fal\u00ebnderonin At\u00eb dhe q\u00ebllimi i dyt\u00eb ishte praktikimi i gjuh\u00ebs angleze. Programi i kampit ishte spiritual, edukativ dhe arg\u00ebtues.<\/span><\/span><\/span><\/div>\n<\/td>\n<\/tr>\n<tr>\n<td>\n<div style=\"text-align: justify;\"><span style=\"color: #000000;\"><span style=\"font-family: tahoma,geneva,sans-serif;\"><span style=\"font-size: 12px;\">&nbsp;&nbsp;&nbsp; F\u00ebmij\u00ebt mor\u00ebn pjes\u00eb n\u00eb aktivitete me pun\u00ebdore, loj\u00ebra, aktrim, muzik\u00eb, biseda t\u00eb ndryshme rreth tem\u00ebs. \u00c7do dit\u00eb ishte e mbushur me surpriza ku f\u00ebmij\u00ebt merrnin pjes\u00eb n\u00eb or\u00ebn shpirt\u00ebrore me tema t\u00eb tilla si: \u201cPse \u00ebsht\u00eb i r\u00ebnd\u00ebsish\u00ebm krijimi; p\u00ebrse duhet t\u00eb kujdesemi p\u00ebr bot\u00ebn; si \u00ebsht\u00eb prezent Per\u00ebndia n\u00eb jet\u00ebn ton\u00eb; \u00e7far\u00eb b\u00ebjm\u00eb ne p\u00ebr t\u00eb fal\u00ebnderuar Per\u00ebndin\u00eb; si jetojm\u00eb ne n\u00eb komunitet me Per\u00ebndin\u00eb, me t\u00eb tjer\u00ebt dhe me mjedisin ton\u00eb; si i p\u00ebrdorim talentet tona n\u00eb jet\u00eb etj.<\/span><\/span><\/span><\/div>\n<\/td>\n<td>\n<div><span style=\"color: #000000;\"><span style=\"font-family: tahoma,geneva,sans-serif;\"><span style=\"font-size: 12px;\"><img decoding=\"async\" class=\"lazyload HAa Eha\" style=\"border-width: 1px; border-style: solid; margin: 10px auto; display: block;\" alt=\"\" src=\"data:image\/gif;base64,R0lGODlhAQABAAAAACH5BAEKAAEALAAAAAABAAEAAAICTAEAOw==\" data-orig-src=\"https:\/\/lh3.googleusercontent.com\/-GIhUWTtjR64\/VJFOhQV37hI\/AAAAAAAAH70\/aqZCy16o-YE\/w400-h266-no\/4.jpg\" \/><\/span><\/span><\/span><\/div>\n<\/td>\n<\/tr>\n<tr>\n<td>\n<div><span style=\"color: #000000;\"><span style=\"font-family: tahoma,geneva,sans-serif;\"><span style=\"font-size: 12px;\"><img decoding=\"async\" class=\"lazyload HAa Eha\" style=\"border-width: 1px; border-style: solid; margin: 10px auto; display: block;\" alt=\"\" src=\"data:image\/gif;base64,R0lGODlhAQABAAAAACH5BAEKAAEALAAAAAABAAEAAAICTAEAOw==\" data-orig-src=\"https:\/\/lh5.googleusercontent.com\/-e7NkJdk8vD8\/VJFOhhR2cyI\/AAAAAAAAH7U\/5JSqDvpJzao\/w400-h266-no\/5.jpg\" \/><\/span><\/span><\/span><\/div>\n<\/td>\n<td>\n<div style=\"text-align: justify;\"><span style=\"color: #000000;\"><span style=\"font-family: tahoma,geneva,sans-serif;\"><span style=\"font-size: 12px;\">&nbsp;&nbsp;&nbsp; Gjithashtu ata mor\u00ebn pjes\u00eb n\u00eb or\u00ebn e m\u00ebsimit t\u00eb gjuh\u00ebs angleze, duke e praktikuar at\u00eb; n\u00eb or\u00ebn e pun\u00ebs s\u00eb dor\u00ebs ku m\u00ebsuan se si b\u00ebhet nj\u00eb portret, si t\u00eb pikturonin natyr\u00ebn q\u00eb ne shohim \u00e7do dit\u00eb, si ta mbajm\u00eb mjedisin t\u00eb past\u00ebr dhe ta ruajm\u00eb at\u00eb si dhe zbukurimin e nj\u00eb pilivese p\u00ebrmes s\u00eb cil\u00ebs u p\u00ebrcoll mesazhi se n\u00ebse nj\u00eb pilives\u00eb ishte krijuar p\u00ebr t\u00eb fluturuar, p\u00ebr t\u00eb ngr\u00ebn\u00eb, apo p\u00ebr t\u00eb pir\u00eb, ne njer\u00ebzit jemi krijuar t\u00eb jetojm\u00eb me Per\u00ebndin\u00eb \u00e7do dit\u00eb, ta duam at\u00eb dhe gjith\u00eb familjen, t\u00eb af\u00ebrmit dhe mjedisin ton\u00eb.<\/span><\/span><\/span><\/div>\n<\/td>\n<\/tr>\n<tr>\n<td>\n<div style=\"text-align: justify;\"><span style=\"color: #000000;\"><span style=\"font-family: tahoma,geneva,sans-serif;\"><span style=\"font-size: 12px;\">&nbsp;&nbsp;&nbsp; F\u00ebmij\u00ebt ishin mjaft t\u00eb entuziazmuar nat\u00ebn e talenteve, gjat\u00eb s\u00eb cil\u00ebs ata u ndan\u00eb n\u00eb tri grupe me em\u00ebrtime ngjyrash: blu, kafe dhe jeshile dhe shfaq\u00ebn talentet e tyre n\u00eb muzik\u00eb, piktur\u00eb, aktrim dhe loj\u00ebra, ku edhe u vler\u00ebsuan p\u00ebr to. \u00c7mimin e fitoi grupi blu. F\u00ebmij\u00ebt m\u00ebsuan edhe shum\u00eb k\u00ebng\u00eb si: \u201cThis is the day\u201d, \u201cThat the Lord has made\u201d, \u201cI will rejoice\u201d, \u201cBe glad in it\u201d etj.<\/span><\/span><\/span><\/div>\n<\/td>\n<td>\n<div><span style=\"color: #000000;\"><span style=\"font-family: tahoma,geneva,sans-serif;\"><span style=\"font-size: 12px;\"><img decoding=\"async\" class=\"lazyload HAa Eha\" style=\"border-width: 1px; border-style: solid; margin: 10px auto; display: block;\" alt=\"\" src=\"data:image\/gif;base64,R0lGODlhAQABAAAAACH5BAEKAAEALAAAAAABAAEAAAICTAEAOw==\" data-orig-src=\"https:\/\/lh5.googleusercontent.com\/-j4qHDuV4fyI\/VJFOifehz-I\/AAAAAAAAH7g\/0_2c-KccNV8\/w400-h266-no\/6.jpg\" \/><\/span><\/span><\/span><\/div>\n<\/td>\n<\/tr>\n<tr>\n<td>\n<div><span style=\"color: #000000;\"><span style=\"font-family: tahoma,geneva,sans-serif;\"><span style=\"font-size: 12px;\"><img decoding=\"async\" class=\"lazyload HAa Eha\" style=\"border-width: 1px; border-style: solid; margin: 10px auto; display: block;\" alt=\"\" src=\"data:image\/gif;base64,R0lGODlhAQABAAAAACH5BAEKAAEALAAAAAABAAEAAAICTAEAOw==\" data-orig-src=\"https:\/\/lh5.googleusercontent.com\/-0mWMBxLb-Jc\/VJFOikYY5sI\/AAAAAAAAH7s\/54cSCU29Ewc\/w400-h266-no\/7.jpg\" \/><\/span><\/span><\/span><\/div>\n<\/td>\n<td>\n<div style=\"text-align: justify;\"><span style=\"color: #000000;\"><span style=\"font-family: tahoma,geneva,sans-serif;\"><span style=\"font-size: 12px;\">&nbsp;&nbsp;&nbsp; Kampin e vizitoi edhe zv. Ministri i Jasht\u00ebm i Republik\u00ebs s\u00eb Shqip\u00ebris\u00eb z<em>. Elton Gurakuqi, &nbsp;<\/em>i cili shprehu mir\u00ebnjohje dhe fal\u00ebnderim p\u00ebr organizator\u00ebt. Ai tha se: \u201cUn\u00eb shoh tani se vajza ime \u00ebsht\u00eb shum\u00eb e g\u00ebzuar, e qeshur dhe k\u00ebnaq\u00ebsia e saj \u00ebsht\u00eb edhe e imja. T\u00eb gjith\u00eb f\u00ebmij\u00ebt le t\u00eb b\u00ebhen pjes\u00eb e k\u00ebtyre aktiviteteve, pasi ato jan\u00eb shpirt\u00ebrore, edukuese si edhe sociale dhe ndihmojn\u00eb n\u00eb rritjen e tyre\u201d.<\/span><\/span><\/span><\/div>\n<\/td>\n<\/tr>\n<tr>\n<td>\n<div><span style=\"color: #000000;\"><span style=\"font-family: tahoma,geneva,sans-serif;\"><span style=\"font-size: 12px;\">&nbsp;&nbsp;&nbsp;&nbsp;<\/span><\/span><\/span><\/div>\n<div style=\"text-align: justify;\"><span style=\"color: #000000;\"><span style=\"font-family: tahoma,geneva,sans-serif;\"><span style=\"font-size: 12px;\">&nbsp;&nbsp;&nbsp; Aktiviteti u mbyll me nj\u00eb festival ku e nderuan me pjes\u00ebmarrjen e tyre prind\u00ebrit e f\u00ebmij\u00ebve. Nj\u00eb prej f\u00ebmij\u00ebve, Anastasi, u shpreh se kishte kaluar shum\u00eb mir\u00eb, kishte z\u00ebn\u00eb shum\u00eb shok\u00eb dhe ai do ta fal\u00ebnderonte Per\u00ebndin\u00eb p\u00ebr gjith\u00e7ka. &nbsp;<\/span><\/span><\/span><\/div>\n<div>&nbsp;<\/div>\n<\/td>\n<td>\n<div><span style=\"color: #000000;\"><span style=\"font-family: tahoma,geneva,sans-serif;\"><span style=\"font-size: 12px;\"><img decoding=\"async\" class=\"lazyload HAa Eha\" style=\"border-width: 1px; border-style: solid; margin: 10px auto; display: block;\" alt=\"\" src=\"data:image\/gif;base64,R0lGODlhAQABAAAAACH5BAEKAAEALAAAAAABAAEAAAICTAEAOw==\" data-orig-src=\"https:\/\/lh3.googleusercontent.com\/-f-0KEFH30KE\/VJFOi3LN2EI\/AAAAAAAAH7o\/hSN2oCWY42I\/w400-h266-no\/8.jpg\" \/><\/span><\/span><\/span><\/div>\n<\/td>\n<\/tr>\n<tr>\n<td>\n<div>&nbsp;<\/div>\n<\/td>\n<td>\n<div>&nbsp;<\/div>\n<\/td>\n<\/tr>\n<tr>\n<td>\n<div>&nbsp;<\/div>\n<\/td>\n<td>\n<div>&nbsp;<\/div>\n<\/td>\n<\/tr>\n<tr>\n<td>\n<div><span style=\"color: #000000;\"><span style=\"font-family: tahoma,geneva,sans-serif;\"><span style=\"font-size: 12px;\"><img decoding=\"async\" class=\"lazyload HAa Eha\" style=\"border-width: 1px; border-style: solid; margin: 10px auto; display: block;\" alt=\"\" src=\"data:image\/gif;base64,R0lGODlhAQABAAAAACH5BAEKAAEALAAAAAABAAEAAAICTAEAOw==\" data-orig-src=\"https:\/\/lh6.googleusercontent.com\/-K2aNCqKRSxQ\/VJFOjXdALqI\/AAAAAAAAH7w\/bxD1jSQ_qfs\/w400-h266-no\/9.jpg\" \/><\/span><\/span><\/span><\/div>\n<\/td>\n<td>\n<div><span style=\"color: #000000;\"><span style=\"font-family: tahoma,geneva,sans-serif;\"><span style=\"font-size: 12px;\"><img decoding=\"async\" class=\"lazyload HAa Eha\" style=\"border-width: 1px; border-style: solid; margin: 10px auto; display: block;\" alt=\"\" src=\"data:image\/gif;base64,R0lGODlhAQABAAAAACH5BAEKAAEALAAAAAABAAEAAAICTAEAOw==\" data-orig-src=\"https:\/\/lh4.googleusercontent.com\/-aWlTd0hWIEs\/VJFOgquLtVI\/AAAAAAAAH68\/8wqfdxygiNs\/w400-h266-no\/10.jpg\" \/><\/span><\/span><\/span><\/div>\n<\/td>\n<\/tr>\n<tr>\n<td dir=\"ltr\" colspan=\"2\">\n<div dir=\"ltr\"><span style=\"color: #000000;\"><span style=\"font-family: tahoma,geneva,sans-serif;\"><span style=\"font-size: 12px;\">&nbsp;&nbsp;&nbsp; Prandaj le t\u00eb mos ngurojm\u00eb s\u00eb fal\u00ebnderuari nga zemra pasi fal\u00ebnderimi \u00ebsht\u00eb qendra e jet\u00ebs son\u00eb.<\/span><\/span><\/span><\/div>\n<\/td>\n<\/tr>\n<tr>\n<td dir=\"ltr\">\n<div><span style=\"color: #000000;\"><span style=\"font-family: tahoma,geneva,sans-serif;\"><span style=\"font-size: 12px;\">&nbsp;&nbsp;&nbsp;&nbsp;<\/span><\/span><\/span><\/div>\n<\/td>\n<td dir=\"ltr\">\n<div>&nbsp;<\/div>\n<\/td>\n<\/tr>\n<tr>\n<td dir=\"ltr\" colspan=\"2\">\n<div>&nbsp;<\/div>\n<div>&nbsp;<\/div>\n<\/td>\n<\/tr>\n<tr>\n<td dir=\"ltr\" colspan=\"2\">\n<div><span style=\"color: #000000;\"><span style=\"font-family: tahoma,geneva,sans-serif;\"><span style=\"font-size: 12px;\"><strong>&nbsp;&nbsp;&nbsp; Elena Krakulli<\/strong><\/span><\/span><\/span><\/div>\n<\/td>\n<\/tr>\n<\/tbody>\n<\/table>\n<\/td>\n<\/tr>\n<\/tbody>\n<\/table>\n","protected":false},"excerpt":{"rendered":"<p>&#8211; Tre vjet eksperienc\u00eb e dobishme p\u00ebr f\u00ebmij\u00ebt pjes\u00ebmarr\u00ebs n\u00eb aktivitetet e Kish\u00ebs son\u00eb &#8211; &nbsp; &nbsp;&nbsp;&nbsp; &nbsp;&nbsp;&nbsp; Me bekimin e Kryepiskopit Anastas, Zyra e F\u00ebmij\u00ebve, Tiran\u00eb n\u00eb bashk\u00ebpunim me shkoll\u00ebn 9-vje\u00e7are shqiptaro-amerikane \u201cProtagonist\u00ebt\u201d organizuan \u201cEnglish camp 2008\u201d me pjes\u00ebmarrjene rreth 45 f\u00ebmij\u00ebve t\u00eb mosh\u00ebs 9-13 vje\u00e7, kryesisht ata q\u00eb m\u00ebsojn\u00eb n\u00eb k\u00ebt\u00eb shkoll\u00eb, f\u00ebmij\u00eb nga Sht\u00ebpia Orthodhokse e Shpres\u00ebs si edhe nga disa shkolla<\/p>\n","protected":false},"author":1,"featured_media":0,"comment_status":"open","ping_status":"open","sticky":false,"template":"","format":"standard","meta":{"_acf_changed":false,"pagelayer_contact_templates":[],"_pagelayer_content":"","inline_featured_image":false,"fifu_image_url":"","fifu_image_alt":"","footnotes":""},"categories":[108],"tags":[146,200,196,212],"class_list":["post-665","post","type-post","status-publish","format-standard","hentry","category-lajme","tag-146","tag-kampe-verore","tag-tirane","tag-lajme-d27"],"acf":[],"yoast_head":"<!-- This site is optimized with the Yoast SEO plugin v27.2 - https:\/\/yoast.com\/product\/yoast-seo-wordpress\/ -->\n<title>Kamp p\u00ebr f\u00ebmij\u00eb nga t\u00eb rinj orthodhoks\u00eb amerikan\u00eb. (2008) - Kisha Orthodh\u03bfkse Autoqefale e Shqip\u00ebris\u00eb<\/title>\n<meta name=\"robots\" content=\"index, follow, max-snippet:-1, max-image-preview:large, max-video-preview:-1\" \/>\n<link rel=\"canonical\" href=\"https:\/\/orthodoxalbania.org\/2020\/2008\/02\/26\/kamp-per-femije-nga-te-rinj-orthodhokse-amerikane-2008\/\" \/>\n<meta property=\"og:locale\" content=\"en_US\" \/>\n<meta property=\"og:type\" content=\"article\" \/>\n<meta property=\"og:title\" content=\"Kamp p\u00ebr f\u00ebmij\u00eb nga t\u00eb rinj orthodhoks\u00eb amerikan\u00eb. (2008) - Kisha Orthodh\u03bfkse Autoqefale e Shqip\u00ebris\u00eb\" \/>\n<meta property=\"og:description\" content=\"&#8211; Tre vjet eksperienc\u00eb e dobishme p\u00ebr f\u00ebmij\u00ebt pjes\u00ebmarr\u00ebs n\u00eb aktivitetet e Kish\u00ebs son\u00eb &#8211; &nbsp; &nbsp;&nbsp;&nbsp; &nbsp;&nbsp;&nbsp; Me bekimin e Kryepiskopit Anastas, Zyra e F\u00ebmij\u00ebve, Tiran\u00eb n\u00eb bashk\u00ebpunim me shkoll\u00ebn 9-vje\u00e7are shqiptaro-amerikane \u201cProtagonist\u00ebt\u201d organizuan \u201cEnglish camp 2008\u201d me pjes\u00ebmarrjene rreth 45 f\u00ebmij\u00ebve t\u00eb mosh\u00ebs 9-13 vje\u00e7, kryesisht ata q\u00eb m\u00ebsojn\u00eb n\u00eb k\u00ebt\u00eb shkoll\u00eb, f\u00ebmij\u00eb nga Sht\u00ebpia Orthodhokse e Shpres\u00ebs si edhe nga disa shkolla\" \/>\n<meta property=\"og:url\" content=\"https:\/\/orthodoxalbania.org\/2020\/2008\/02\/26\/kamp-per-femije-nga-te-rinj-orthodhokse-amerikane-2008\/\" \/>\n<meta property=\"og:site_name\" content=\"Kisha Orthodh\u03bfkse Autoqefale e Shqip\u00ebris\u00eb\" \/>\n<meta property=\"article:publisher\" content=\"https:\/\/www.facebook.com\/koash1991\" \/>\n<meta property=\"article:published_time\" content=\"2008-02-26T00:00:00+00:00\" \/>\n<meta property=\"article:modified_time\" content=\"2020-04-06T20:35:20+00:00\" \/>\n<meta property=\"og:image\" content=\"https:\/\/lh5.googleusercontent.com\/-lI7JIfB1Zdc\/VJFOgkDYS3I\/AAAAAAAAH78\/LgQVY3RUijY\/w400-h266-no\/1.jpg\" \/>\n<meta name=\"author\" content=\"Kisha Orthodhokse\" \/>\n<meta name=\"twitter:card\" content=\"summary_large_image\" \/>\n<meta name=\"twitter:label1\" content=\"Written by\" \/>\n\t<meta name=\"twitter:data1\" content=\"Kisha Orthodhokse\" \/>\n\t<meta name=\"twitter:label2\" content=\"Est. reading time\" \/>\n\t<meta name=\"twitter:data2\" content=\"4 minutes\" \/>\n<script type=\"application\/ld+json\" class=\"yoast-schema-graph\">{\"@context\":\"https:\/\/schema.org\",\"@graph\":[{\"@type\":\"Article\",\"@id\":\"https:\/\/orthodoxalbania.org\/2020\/2008\/02\/26\/kamp-per-femije-nga-te-rinj-orthodhokse-amerikane-2008\/#article\",\"isPartOf\":{\"@id\":\"https:\/\/orthodoxalbania.org\/2020\/2008\/02\/26\/kamp-per-femije-nga-te-rinj-orthodhokse-amerikane-2008\/\"},\"author\":{\"name\":\"Kisha Orthodhokse\",\"@id\":\"https:\/\/orthodoxalbania.org\/2020\/#\/schema\/person\/0c387634a7063ac612d7ed9ce71c7e86\"},\"headline\":\"Kamp p\u00ebr f\u00ebmij\u00eb nga t\u00eb rinj orthodhoks\u00eb amerikan\u00eb. (2008)\",\"datePublished\":\"2008-02-26T00:00:00+00:00\",\"dateModified\":\"2020-04-06T20:35:20+00:00\",\"mainEntityOfPage\":{\"@id\":\"https:\/\/orthodoxalbania.org\/2020\/2008\/02\/26\/kamp-per-femije-nga-te-rinj-orthodhokse-amerikane-2008\/\"},\"wordCount\":744,\"commentCount\":0,\"publisher\":{\"@id\":\"https:\/\/orthodoxalbania.org\/2020\/#organization\"},\"image\":{\"@id\":\"https:\/\/orthodoxalbania.org\/2020\/2008\/02\/26\/kamp-per-femije-nga-te-rinj-orthodhokse-amerikane-2008\/#primaryimage\"},\"thumbnailUrl\":\"https:\/\/lh5.googleusercontent.com\/-lI7JIfB1Zdc\/VJFOgkDYS3I\/AAAAAAAAH78\/LgQVY3RUijY\/w400-h266-no\/1.jpg\",\"keywords\":[\"2008\",\"Kampe verore\",\"Kryepiskopata Tiran\u00eb\",\"lajme\"],\"articleSection\":[\"Lajme\"],\"inLanguage\":\"en-US\"},{\"@type\":\"WebPage\",\"@id\":\"https:\/\/orthodoxalbania.org\/2020\/2008\/02\/26\/kamp-per-femije-nga-te-rinj-orthodhokse-amerikane-2008\/\",\"url\":\"https:\/\/orthodoxalbania.org\/2020\/2008\/02\/26\/kamp-per-femije-nga-te-rinj-orthodhokse-amerikane-2008\/\",\"name\":\"Kamp p\u00ebr f\u00ebmij\u00eb nga t\u00eb rinj orthodhoks\u00eb amerikan\u00eb. (2008) - Kisha Orthodh\u03bfkse Autoqefale e Shqip\u00ebris\u00eb\",\"isPartOf\":{\"@id\":\"https:\/\/orthodoxalbania.org\/2020\/#website\"},\"primaryImageOfPage\":{\"@id\":\"https:\/\/orthodoxalbania.org\/2020\/2008\/02\/26\/kamp-per-femije-nga-te-rinj-orthodhokse-amerikane-2008\/#primaryimage\"},\"image\":{\"@id\":\"https:\/\/orthodoxalbania.org\/2020\/2008\/02\/26\/kamp-per-femije-nga-te-rinj-orthodhokse-amerikane-2008\/#primaryimage\"},\"thumbnailUrl\":\"https:\/\/lh5.googleusercontent.com\/-lI7JIfB1Zdc\/VJFOgkDYS3I\/AAAAAAAAH78\/LgQVY3RUijY\/w400-h266-no\/1.jpg\",\"datePublished\":\"2008-02-26T00:00:00+00:00\",\"dateModified\":\"2020-04-06T20:35:20+00:00\",\"breadcrumb\":{\"@id\":\"https:\/\/orthodoxalbania.org\/2020\/2008\/02\/26\/kamp-per-femije-nga-te-rinj-orthodhokse-amerikane-2008\/#breadcrumb\"},\"inLanguage\":\"en-US\",\"potentialAction\":[{\"@type\":\"ReadAction\",\"target\":[\"https:\/\/orthodoxalbania.org\/2020\/2008\/02\/26\/kamp-per-femije-nga-te-rinj-orthodhokse-amerikane-2008\/\"]}]},{\"@type\":\"ImageObject\",\"inLanguage\":\"en-US\",\"@id\":\"https:\/\/orthodoxalbania.org\/2020\/2008\/02\/26\/kamp-per-femije-nga-te-rinj-orthodhokse-amerikane-2008\/#primaryimage\",\"url\":\"https:\/\/lh5.googleusercontent.com\/-lI7JIfB1Zdc\/VJFOgkDYS3I\/AAAAAAAAH78\/LgQVY3RUijY\/w400-h266-no\/1.jpg\",\"contentUrl\":\"https:\/\/lh5.googleusercontent.com\/-lI7JIfB1Zdc\/VJFOgkDYS3I\/AAAAAAAAH78\/LgQVY3RUijY\/w400-h266-no\/1.jpg\"},{\"@type\":\"BreadcrumbList\",\"@id\":\"https:\/\/orthodoxalbania.org\/2020\/2008\/02\/26\/kamp-per-femije-nga-te-rinj-orthodhokse-amerikane-2008\/#breadcrumb\",\"itemListElement\":[{\"@type\":\"ListItem\",\"position\":1,\"name\":\"Home\",\"item\":\"https:\/\/orthodoxalbania.org\/2020\/\"},{\"@type\":\"ListItem\",\"position\":2,\"name\":\"Kamp p\u00ebr f\u00ebmij\u00eb nga t\u00eb rinj orthodhoks\u00eb amerikan\u00eb. (2008)\"}]},{\"@type\":\"WebSite\",\"@id\":\"https:\/\/orthodoxalbania.org\/2020\/#website\",\"url\":\"https:\/\/orthodoxalbania.org\/2020\/\",\"name\":\"Kisha Orthodh\u03bfkse Autoqefale e Shqip\u00ebris\u00eb\",\"description\":\"Fqja Zyrtare e Kish\u00ebs Orthodhokse Autoqefale e Shqip\u00ebris\u00eb me lajmet edhe informacionet zyrtare p\u00ebr struktur\u00ebn edhe veprimtarin e saj.\",\"publisher\":{\"@id\":\"https:\/\/orthodoxalbania.org\/2020\/#organization\"},\"potentialAction\":[{\"@type\":\"SearchAction\",\"target\":{\"@type\":\"EntryPoint\",\"urlTemplate\":\"https:\/\/orthodoxalbania.org\/2020\/?s={search_term_string}\"},\"query-input\":{\"@type\":\"PropertyValueSpecification\",\"valueRequired\":true,\"valueName\":\"search_term_string\"}}],\"inLanguage\":\"en-US\"},{\"@type\":\"Organization\",\"@id\":\"https:\/\/orthodoxalbania.org\/2020\/#organization\",\"name\":\"Kisha Orthodhokse Autoqefale e Shqip\u00ebris\u00eb\",\"url\":\"https:\/\/orthodoxalbania.org\/2020\/\",\"logo\":{\"@type\":\"ImageObject\",\"inLanguage\":\"en-US\",\"@id\":\"https:\/\/orthodoxalbania.org\/2020\/#\/schema\/logo\/image\/\",\"url\":\"https:\/\/orthodoxalbania.org\/2020\/wp-content\/uploads\/2020\/05\/albania.jpeg\",\"contentUrl\":\"https:\/\/orthodoxalbania.org\/2020\/wp-content\/uploads\/2020\/05\/albania.jpeg\",\"width\":540,\"height\":540,\"caption\":\"Kisha Orthodhokse Autoqefale e Shqip\u00ebris\u00eb\"},\"image\":{\"@id\":\"https:\/\/orthodoxalbania.org\/2020\/#\/schema\/logo\/image\/\"},\"sameAs\":[\"https:\/\/www.facebook.com\/koash1991\"]},{\"@type\":\"Person\",\"@id\":\"https:\/\/orthodoxalbania.org\/2020\/#\/schema\/person\/0c387634a7063ac612d7ed9ce71c7e86\",\"name\":\"Kisha Orthodhokse\",\"image\":{\"@type\":\"ImageObject\",\"inLanguage\":\"en-US\",\"@id\":\"https:\/\/secure.gravatar.com\/avatar\/596e7c417251e30f2fbb9c00e026fce61a695a00e51c889caded71c96cbbdde5?s=96&d=mm&r=g\",\"url\":\"https:\/\/secure.gravatar.com\/avatar\/596e7c417251e30f2fbb9c00e026fce61a695a00e51c889caded71c96cbbdde5?s=96&d=mm&r=g\",\"contentUrl\":\"https:\/\/secure.gravatar.com\/avatar\/596e7c417251e30f2fbb9c00e026fce61a695a00e51c889caded71c96cbbdde5?s=96&d=mm&r=g\",\"caption\":\"Kisha Orthodhokse\"}}]}<\/script>\n<!-- \/ Yoast SEO plugin. -->","yoast_head_json":{"title":"Kamp p\u00ebr f\u00ebmij\u00eb nga t\u00eb rinj orthodhoks\u00eb amerikan\u00eb. (2008) - Kisha Orthodh\u03bfkse Autoqefale e Shqip\u00ebris\u00eb","robots":{"index":"index","follow":"follow","max-snippet":"max-snippet:-1","max-image-preview":"max-image-preview:large","max-video-preview":"max-video-preview:-1"},"canonical":"https:\/\/orthodoxalbania.org\/2020\/2008\/02\/26\/kamp-per-femije-nga-te-rinj-orthodhokse-amerikane-2008\/","og_locale":"en_US","og_type":"article","og_title":"Kamp p\u00ebr f\u00ebmij\u00eb nga t\u00eb rinj orthodhoks\u00eb amerikan\u00eb. (2008) - Kisha Orthodh\u03bfkse Autoqefale e Shqip\u00ebris\u00eb","og_description":"&#8211; Tre vjet eksperienc\u00eb e dobishme p\u00ebr f\u00ebmij\u00ebt pjes\u00ebmarr\u00ebs n\u00eb aktivitetet e Kish\u00ebs son\u00eb &#8211; &nbsp; &nbsp;&nbsp;&nbsp; &nbsp;&nbsp;&nbsp; Me bekimin e Kryepiskopit Anastas, Zyra e F\u00ebmij\u00ebve, Tiran\u00eb n\u00eb bashk\u00ebpunim me shkoll\u00ebn 9-vje\u00e7are shqiptaro-amerikane \u201cProtagonist\u00ebt\u201d organizuan \u201cEnglish camp 2008\u201d me pjes\u00ebmarrjene rreth 45 f\u00ebmij\u00ebve t\u00eb mosh\u00ebs 9-13 vje\u00e7, kryesisht ata q\u00eb m\u00ebsojn\u00eb n\u00eb k\u00ebt\u00eb shkoll\u00eb, f\u00ebmij\u00eb nga Sht\u00ebpia Orthodhokse e Shpres\u00ebs si edhe nga disa shkolla","og_url":"https:\/\/orthodoxalbania.org\/2020\/2008\/02\/26\/kamp-per-femije-nga-te-rinj-orthodhokse-amerikane-2008\/","og_site_name":"Kisha Orthodh\u03bfkse Autoqefale e Shqip\u00ebris\u00eb","article_publisher":"https:\/\/www.facebook.com\/koash1991","article_published_time":"2008-02-26T00:00:00+00:00","article_modified_time":"2020-04-06T20:35:20+00:00","og_image":[{"url":"https:\/\/lh5.googleusercontent.com\/-lI7JIfB1Zdc\/VJFOgkDYS3I\/AAAAAAAAH78\/LgQVY3RUijY\/w400-h266-no\/1.jpg","type":"","width":"","height":""}],"author":"Kisha Orthodhokse","twitter_card":"summary_large_image","twitter_misc":{"Written by":"Kisha Orthodhokse","Est. reading time":"4 minutes"},"schema":{"@context":"https:\/\/schema.org","@graph":[{"@type":"Article","@id":"https:\/\/orthodoxalbania.org\/2020\/2008\/02\/26\/kamp-per-femije-nga-te-rinj-orthodhokse-amerikane-2008\/#article","isPartOf":{"@id":"https:\/\/orthodoxalbania.org\/2020\/2008\/02\/26\/kamp-per-femije-nga-te-rinj-orthodhokse-amerikane-2008\/"},"author":{"name":"Kisha Orthodhokse","@id":"https:\/\/orthodoxalbania.org\/2020\/#\/schema\/person\/0c387634a7063ac612d7ed9ce71c7e86"},"headline":"Kamp p\u00ebr f\u00ebmij\u00eb nga t\u00eb rinj orthodhoks\u00eb amerikan\u00eb. (2008)","datePublished":"2008-02-26T00:00:00+00:00","dateModified":"2020-04-06T20:35:20+00:00","mainEntityOfPage":{"@id":"https:\/\/orthodoxalbania.org\/2020\/2008\/02\/26\/kamp-per-femije-nga-te-rinj-orthodhokse-amerikane-2008\/"},"wordCount":744,"commentCount":0,"publisher":{"@id":"https:\/\/orthodoxalbania.org\/2020\/#organization"},"image":{"@id":"https:\/\/orthodoxalbania.org\/2020\/2008\/02\/26\/kamp-per-femije-nga-te-rinj-orthodhokse-amerikane-2008\/#primaryimage"},"thumbnailUrl":"https:\/\/lh5.googleusercontent.com\/-lI7JIfB1Zdc\/VJFOgkDYS3I\/AAAAAAAAH78\/LgQVY3RUijY\/w400-h266-no\/1.jpg","keywords":["2008","Kampe verore","Kryepiskopata Tiran\u00eb","lajme"],"articleSection":["Lajme"],"inLanguage":"en-US"},{"@type":"WebPage","@id":"https:\/\/orthodoxalbania.org\/2020\/2008\/02\/26\/kamp-per-femije-nga-te-rinj-orthodhokse-amerikane-2008\/","url":"https:\/\/orthodoxalbania.org\/2020\/2008\/02\/26\/kamp-per-femije-nga-te-rinj-orthodhokse-amerikane-2008\/","name":"Kamp p\u00ebr f\u00ebmij\u00eb nga t\u00eb rinj orthodhoks\u00eb amerikan\u00eb. (2008) - Kisha Orthodh\u03bfkse Autoqefale e Shqip\u00ebris\u00eb","isPartOf":{"@id":"https:\/\/orthodoxalbania.org\/2020\/#website"},"primaryImageOfPage":{"@id":"https:\/\/orthodoxalbania.org\/2020\/2008\/02\/26\/kamp-per-femije-nga-te-rinj-orthodhokse-amerikane-2008\/#primaryimage"},"image":{"@id":"https:\/\/orthodoxalbania.org\/2020\/2008\/02\/26\/kamp-per-femije-nga-te-rinj-orthodhokse-amerikane-2008\/#primaryimage"},"thumbnailUrl":"https:\/\/lh5.googleusercontent.com\/-lI7JIfB1Zdc\/VJFOgkDYS3I\/AAAAAAAAH78\/LgQVY3RUijY\/w400-h266-no\/1.jpg","datePublished":"2008-02-26T00:00:00+00:00","dateModified":"2020-04-06T20:35:20+00:00","breadcrumb":{"@id":"https:\/\/orthodoxalbania.org\/2020\/2008\/02\/26\/kamp-per-femije-nga-te-rinj-orthodhokse-amerikane-2008\/#breadcrumb"},"inLanguage":"en-US","potentialAction":[{"@type":"ReadAction","target":["https:\/\/orthodoxalbania.org\/2020\/2008\/02\/26\/kamp-per-femije-nga-te-rinj-orthodhokse-amerikane-2008\/"]}]},{"@type":"ImageObject","inLanguage":"en-US","@id":"https:\/\/orthodoxalbania.org\/2020\/2008\/02\/26\/kamp-per-femije-nga-te-rinj-orthodhokse-amerikane-2008\/#primaryimage","url":"https:\/\/lh5.googleusercontent.com\/-lI7JIfB1Zdc\/VJFOgkDYS3I\/AAAAAAAAH78\/LgQVY3RUijY\/w400-h266-no\/1.jpg","contentUrl":"https:\/\/lh5.googleusercontent.com\/-lI7JIfB1Zdc\/VJFOgkDYS3I\/AAAAAAAAH78\/LgQVY3RUijY\/w400-h266-no\/1.jpg"},{"@type":"BreadcrumbList","@id":"https:\/\/orthodoxalbania.org\/2020\/2008\/02\/26\/kamp-per-femije-nga-te-rinj-orthodhokse-amerikane-2008\/#breadcrumb","itemListElement":[{"@type":"ListItem","position":1,"name":"Home","item":"https:\/\/orthodoxalbania.org\/2020\/"},{"@type":"ListItem","position":2,"name":"Kamp p\u00ebr f\u00ebmij\u00eb nga t\u00eb rinj orthodhoks\u00eb amerikan\u00eb. (2008)"}]},{"@type":"WebSite","@id":"https:\/\/orthodoxalbania.org\/2020\/#website","url":"https:\/\/orthodoxalbania.org\/2020\/","name":"Kisha Orthodh\u03bfkse Autoqefale e Shqip\u00ebris\u00eb","description":"Fqja Zyrtare e Kish\u00ebs Orthodhokse Autoqefale e Shqip\u00ebris\u00eb me lajmet edhe informacionet zyrtare p\u00ebr struktur\u00ebn edhe veprimtarin e saj.","publisher":{"@id":"https:\/\/orthodoxalbania.org\/2020\/#organization"},"potentialAction":[{"@type":"SearchAction","target":{"@type":"EntryPoint","urlTemplate":"https:\/\/orthodoxalbania.org\/2020\/?s={search_term_string}"},"query-input":{"@type":"PropertyValueSpecification","valueRequired":true,"valueName":"search_term_string"}}],"inLanguage":"en-US"},{"@type":"Organization","@id":"https:\/\/orthodoxalbania.org\/2020\/#organization","name":"Kisha Orthodhokse Autoqefale e Shqip\u00ebris\u00eb","url":"https:\/\/orthodoxalbania.org\/2020\/","logo":{"@type":"ImageObject","inLanguage":"en-US","@id":"https:\/\/orthodoxalbania.org\/2020\/#\/schema\/logo\/image\/","url":"https:\/\/orthodoxalbania.org\/2020\/wp-content\/uploads\/2020\/05\/albania.jpeg","contentUrl":"https:\/\/orthodoxalbania.org\/2020\/wp-content\/uploads\/2020\/05\/albania.jpeg","width":540,"height":540,"caption":"Kisha Orthodhokse Autoqefale e Shqip\u00ebris\u00eb"},"image":{"@id":"https:\/\/orthodoxalbania.org\/2020\/#\/schema\/logo\/image\/"},"sameAs":["https:\/\/www.facebook.com\/koash1991"]},{"@type":"Person","@id":"https:\/\/orthodoxalbania.org\/2020\/#\/schema\/person\/0c387634a7063ac612d7ed9ce71c7e86","name":"Kisha Orthodhokse","image":{"@type":"ImageObject","inLanguage":"en-US","@id":"https:\/\/secure.gravatar.com\/avatar\/596e7c417251e30f2fbb9c00e026fce61a695a00e51c889caded71c96cbbdde5?s=96&d=mm&r=g","url":"https:\/\/secure.gravatar.com\/avatar\/596e7c417251e30f2fbb9c00e026fce61a695a00e51c889caded71c96cbbdde5?s=96&d=mm&r=g","contentUrl":"https:\/\/secure.gravatar.com\/avatar\/596e7c417251e30f2fbb9c00e026fce61a695a00e51c889caded71c96cbbdde5?s=96&d=mm&r=g","caption":"Kisha Orthodhokse"}}]}},"_links":{"self":[{"href":"https:\/\/orthodoxalbania.org\/2020\/wp-json\/wp\/v2\/posts\/665","targetHints":{"allow":["GET"]}}],"collection":[{"href":"https:\/\/orthodoxalbania.org\/2020\/wp-json\/wp\/v2\/posts"}],"about":[{"href":"https:\/\/orthodoxalbania.org\/2020\/wp-json\/wp\/v2\/types\/post"}],"author":[{"embeddable":true,"href":"https:\/\/orthodoxalbania.org\/2020\/wp-json\/wp\/v2\/users\/1"}],"replies":[{"embeddable":true,"href":"https:\/\/orthodoxalbania.org\/2020\/wp-json\/wp\/v2\/comments?post=665"}],"version-history":[{"count":1,"href":"https:\/\/orthodoxalbania.org\/2020\/wp-json\/wp\/v2\/posts\/665\/revisions"}],"predecessor-version":[{"id":15652,"href":"https:\/\/orthodoxalbania.org\/2020\/wp-json\/wp\/v2\/posts\/665\/revisions\/15652"}],"wp:attachment":[{"href":"https:\/\/orthodoxalbania.org\/2020\/wp-json\/wp\/v2\/media?parent=665"}],"wp:term":[{"taxonomy":"category","embeddable":true,"href":"https:\/\/orthodoxalbania.org\/2020\/wp-json\/wp\/v2\/categories?post=665"},{"taxonomy":"post_tag","embeddable":true,"href":"https:\/\/orthodoxalbania.org\/2020\/wp-json\/wp\/v2\/tags?post=665"}],"curies":[{"name":"wp","href":"https:\/\/api.w.org\/{rel}","templated":true}]}}