{"id":664,"date":"2008-02-26T00:00:00","date_gmt":"2008-02-26T00:00:00","guid":{"rendered":""},"modified":"2020-04-06T22:35:18","modified_gmt":"2020-04-06T20:35:18","slug":"kamp-i-dyte-i-djemve-rilindja-ne-zvernec-2008","status":"publish","type":"post","link":"https:\/\/orthodoxalbania.org\/2020\/2008\/02\/26\/kamp-i-dyte-i-djemve-rilindja-ne-zvernec-2008\/","title":{"rendered":"Kamp i dyt\u00eb i djemve \u201cRilindja\u201d n\u00eb Zv\u00ebrnec. (2008)"},"content":{"rendered":"<div style=\"text-align: center;\"><span style=\"color: #b22222;\"><span style=\"font-family: tahoma,geneva,sans-serif;\"><span style=\"font-size: 12px;\"><strong>\u201cKoh\u00eb e paharruar, vendtakim n\u00eb vendtakimin me Zotin dhe me t\u00eb af\u00ebrmin\u201d<\/strong><\/span><\/span><\/span><\/div>\n<div style=\"text-align: center;\">&nbsp;<\/div>\n<table style=\"width: 927px; height: 1812px; float: left;\">\n<tbody>\n<tr>\n<td>\n<div><span style=\"font-family: tahoma,geneva,sans-serif;\"><span style=\"font-size: 12px;\"><span style=\"color: #000000;\"><img decoding=\"async\" class=\"lazyload HAa Eha\" style=\"border-width: 1px; border-style: solid; margin: 10px auto; display: block;\" alt=\"\" src=\"data:image\/svg+xml,%3Csvg%20xmlns%3D%27http%3A%2F%2Fwww.w3.org%2F2000%2Fsvg%27%20width%3D%27365%27%20height%3D%27274%27%20viewBox%3D%270%200%20365%20274%27%3E%3Crect%20width%3D%27365%27%20height%3D%27274%27%20fill-opacity%3D%220%22%2F%3E%3C%2Fsvg%3E\" data-orig-src=\"https:\/\/lh4.googleusercontent.com\/-e6kVi_OECTM\/VJFEFddScPI\/AAAAAAAAHz4\/_GpgcF5whS0\/w448-h336-no\/teskt%2B1.jpg\" height=\"274\" width=\"365\" \/><\/span><\/span><\/span><\/div>\n<\/td>\n<td>\n<div class=\"style4\" style=\"text-align: justify;\"><span style=\"font-family: tahoma,geneva,sans-serif;\"><span style=\"font-size: 12px;\"><span style=\"color: #000000;\">&nbsp;&nbsp;&nbsp; K\u00ebt\u00eb vit, n\u00eb kampin e tyre n\u00eb ishullin monument t\u00eb natyr\u00ebs, n\u00eb Zv\u00ebrnec t\u00eb Vlor\u00ebs, t\u00eb rinjt\u00eb do t\u00eb p\u00ebrkujtonin edhe nj\u00eb p\u00ebrvjetor t\u00eb ve\u00e7ant\u00eb. U mbush\u00ebn plot dhjet\u00eb vjet q\u00eb Manastiri i Hyjlind\u00ebses, q\u00eb n\u00ebn regjimin komunist p\u00ebrdorej si vend izolimi p\u00ebr t\u00eb internuarit politik\u00eb, tashm\u00eb ofron p\u00ebr t\u00eb rinjt\u00eb q\u00eb vijn\u00eb nga e gjith\u00eb Shqip\u00ebria, jo vet\u00ebm nj\u00eb kamp arg\u00ebtues, por edhe nj\u00eb ambient shpirt\u00ebror t\u00eb p\u00ebrshtatsh\u00ebm, si vendtakim me Zotin dhe me t\u00eb af\u00ebrmin.<\/span><\/span><\/span><\/div>\n<\/td>\n<\/tr>\n<tr>\n<td>\n<div style=\"text-align: justify;\"><span style=\"font-family: tahoma,geneva,sans-serif;\"><span style=\"font-size: 12px;\"><span style=\"color: #000000;\">&nbsp;&nbsp;&nbsp; Kampi i par\u00eb n\u00eb Zv\u00ebrnec u organizua n\u00eb vitin 1998 dhe q\u00eb at\u00ebher\u00eb nuk do t\u00eb l\u00ebvizte m\u00eb q\u00eb aty, pasi fillimet e rrug\u00ebtimit t\u00eb tij i kishte pasur q\u00eb n\u00eb vitin 1995 n\u00eb Manastirin e Sh\u00ebn Kozmait t\u00eb Kolkondasit dhe dy her\u00eb ishte ndalur n\u00eb Manastirin e Sh\u00ebn Vlashit. Por t\u00eb gjith\u00eb bien dakord q\u00eb nj\u00eb g\u00ebrshetim i p\u00ebrsosur i nj\u00eb Manastiri me nj\u00eb perl\u00eb natyrore, si vend ideal p\u00ebr kampe, mund t\u00eb gjendet vet\u00ebm n\u00eb ishullin e Zv\u00ebrnecit. Madje sivjet, si p\u00ebr t\u00eb shoq\u00ebruar k\u00ebt\u00eb vit t\u00eb rinjt\u00eb n\u00eb festimin e k\u00ebtij jubileu, n\u00eb lagun\u00ebn e Nart\u00ebs q\u00eb rrethon ishullin, ishin rikthyer edhe banor\u00ebt e vjet\u00ebr t\u00eb k\u00ebtij ekosistemi t\u00eb rrall\u00eb, pelikan\u00ebt dhe lejlek\u00ebt.<\/span><\/span><\/span><\/div>\n<\/td>\n<td>\n<div><span style=\"font-family: tahoma,geneva,sans-serif;\"><span style=\"font-size: 12px;\"><span style=\"color: #000000;\"><img decoding=\"async\" class=\"lazyload HAa Eha\" style=\"border-width: 1px; border-style: solid; margin: 10px auto; display: block;\" alt=\"\" src=\"data:image\/svg+xml,%3Csvg%20xmlns%3D%27http%3A%2F%2Fwww.w3.org%2F2000%2Fsvg%27%20width%3D%27373%27%20height%3D%27280%27%20viewBox%3D%270%200%20373%20280%27%3E%3Crect%20width%3D%27373%27%20height%3D%27280%27%20fill-opacity%3D%220%22%2F%3E%3C%2Fsvg%3E\" data-orig-src=\"https:\/\/lh6.googleusercontent.com\/-o9tIFBZLe5Y\/VJFEEgDjUWI\/AAAAAAAAHz0\/XsJO1X3uHeQ\/w448-h336-no\/tekst%2B3.jpg\" height=\"280\" width=\"373\" \/><\/span><\/span><\/span><\/div>\n<\/td>\n<\/tr>\n<tr>\n<td>\n<div><span style=\"font-family: tahoma,geneva,sans-serif;\"><span style=\"font-size: 12px;\"><span style=\"color: #000000;\"><img decoding=\"async\" class=\"lazyload HAa Eha\" style=\"border-width: 1px; border-style: solid; margin: 10px auto; display: block;\" alt=\"\" src=\"data:image\/svg+xml,%3Csvg%20xmlns%3D%27http%3A%2F%2Fwww.w3.org%2F2000%2Fsvg%27%20width%3D%27387%27%20height%3D%27288%27%20viewBox%3D%270%200%20387%20288%27%3E%3Crect%20width%3D%27387%27%20height%3D%27288%27%20fill-opacity%3D%220%22%2F%3E%3C%2Fsvg%3E\" data-orig-src=\"https:\/\/lh3.googleusercontent.com\/-eP1K9SJIZEI\/VJFEE9cOEKI\/AAAAAAAAHz8\/aW_WzBz7IcQ\/w448-h333-no\/tekst%2B5.jpg\" height=\"288\" width=\"387\" \/><\/span><\/span><\/span><\/div>\n<\/td>\n<td>\n<div style=\"text-align: justify;\"><span style=\"font-family: tahoma,geneva,sans-serif;\"><span style=\"font-size: 12px;\"><span style=\"color: #000000;\">&nbsp;&nbsp;&nbsp; Periudha e dyt\u00eb e kampit, nga data 11 deri 21 korrik, do t\u2019i rezervohej t\u00eb rinjve gjimnazist\u00eb, t\u00eb cil\u00ebt do t\u00eb ishin k\u00ebto dhjet\u00eb dit\u00eb n\u00ebn drejtimin dhe kujdesin e stafit pedagogjik t\u00eb Akademis\u00eb Teologjike \u201cNgjallja e Krishtit\u201d. N\u00ebn drejtimin shpirt\u00ebror t\u00eb arkimandritit Kozma Sovjani dhe drejtorit t\u00eb kampit, z. Dhimit\u00ebr Qosja, pedagog\u00eb t\u00eb Akademis\u00eb, dhe me ndihm\u00ebn e pakursyer t\u00eb At\u00eb Jani Tereziut, koordinator i k\u00ebtij Manastiri, t\u00eb rinjt\u00eb shijuan nj\u00eb program t\u00eb pasur ku nd\u00ebrthureshin n\u00eb m\u00ebnyr\u00eb interesante m\u00ebsimdh\u00ebnia dhe arg\u00ebtimi.<\/span><\/span><\/span><\/div>\n<\/td>\n<\/tr>\n<tr>\n<td>\n<div style=\"text-align: justify;\"><span style=\"font-family: tahoma,geneva,sans-serif;\"><span style=\"font-size: 12px;\"><span style=\"color: #000000;\">&nbsp;&nbsp;&nbsp; Programi ditor hapej me lutjen e m\u00ebngjesit, katekizmin p\u00ebr katikumen\u00ebt dhe meditimin n\u00eb grupe, p\u00ebr t\u00eb vijuar m\u00eb pas me dy or\u00eb n\u00eb plazhet e pashkelura t\u00eb Jonit n\u00eb af\u00ebrsi t\u00eb ishullit. Mbasditja do t\u00eb kishte si nisje aktivitetet sportive, t\u00eb organizuara n\u00eb form\u00eb kampionatesh, si dhe referatin kryesor t\u00eb dit\u00ebs n\u00eb sheshin para kish\u00ebs. Or\u00ebt e dark\u00ebs t\u00eb rinjt\u00eb do t\u2019i kalonin n\u00eb biseda t\u00eb lira duke p\u00ebrsh\u00ebndetur nj\u00ebri tjetrin, madje do t\u00eb provonin edhe emocionet e mikrofonit n\u00eb shoq\u00ebrin\u00eb e programeve arg\u00ebtuese t\u00eb radios s\u00eb vog\u00ebl t\u00eb kampit, q\u00eb funksiononte n\u00ebn kujdesin e stafit t\u00eb Radios \u201cNgjallja\u201d, e cila edhe k\u00ebt\u00eb vit do t\u2019i sillte t\u00eb rinjve surpriza t\u00eb bukura, p\u00ebr ta b\u00ebr\u00eb m\u00eb t\u00eb drejtp\u00ebrdrejt\u00eb njohjen me ta.<\/span><\/span><\/span><\/div>\n<\/td>\n<td>\n<div><span style=\"font-family: tahoma,geneva,sans-serif;\"><span style=\"font-size: 12px;\"><span style=\"color: #000000;\"><img decoding=\"async\" class=\"lazyload HAa Eha\" style=\"border-width: 1px; border-style: solid; margin: 10px auto; display: block;\" alt=\"\" src=\"data:image\/svg+xml,%3Csvg%20xmlns%3D%27http%3A%2F%2Fwww.w3.org%2F2000%2Fsvg%27%20width%3D%27363%27%20height%3D%27272%27%20viewBox%3D%270%200%20363%20272%27%3E%3Crect%20width%3D%27363%27%20height%3D%27272%27%20fill-opacity%3D%220%22%2F%3E%3C%2Fsvg%3E\" data-orig-src=\"https:\/\/lh5.googleusercontent.com\/-M4Ad-KV6kwo\/VJFEE2wdnMI\/AAAAAAAAHzw\/zkRU5Btc3l4\/w448-h336-no\/tekst%2B4.jpg\" height=\"272\" width=\"363\" \/><\/span><\/span><\/span><\/div>\n<\/td>\n<\/tr>\n<tr>\n<td>\n<div><span style=\"font-family: tahoma,geneva,sans-serif;\"><span style=\"font-size: 12px;\"><span style=\"color: #000000;\"><img decoding=\"async\" class=\"lazyload HAa Eha\" style=\"border-width: 1px; border-style: solid; margin: 10px auto; display: block;\" alt=\"\" src=\"data:image\/svg+xml,%3Csvg%20xmlns%3D%27http%3A%2F%2Fwww.w3.org%2F2000%2Fsvg%27%20width%3D%27356%27%20height%3D%27267%27%20viewBox%3D%270%200%20356%20267%27%3E%3Crect%20width%3D%27356%27%20height%3D%27267%27%20fill-opacity%3D%220%22%2F%3E%3C%2Fsvg%3E\" data-orig-src=\"https:\/\/lh3.googleusercontent.com\/-bFAPqsTDyuw\/VJFEEQCBg4I\/AAAAAAAAH0A\/mI7wYJPjTuA\/w448-h336-no\/tekst%2B2.jpg\" height=\"267\" width=\"356\" \/><\/span><\/span><\/span><\/div>\n<\/td>\n<td>\n<div style=\"text-align: justify;\"><span style=\"font-family: tahoma,geneva,sans-serif;\"><span style=\"font-size: 12px;\"><span style=\"color: #000000;\">&nbsp;&nbsp;&nbsp; Por t\u00eb gjitha k\u00ebto b\u00ebheshin n\u00eb mb\u00ebshtetje t\u00eb funksionit kryesor t\u00eb kampit, t\u00eb adhurimit t\u00eb Per\u00ebndis\u00eb n\u00eb komunitet dhe t\u00eb m\u00ebsimit t\u00eb fjal\u00ebs hyjnore. Tema qendrore do t\u00eb ishte \u201cKa shpres\u00eb\u201d (Rom. 15:12) dhe kjo do t\u00eb shpalosej me sukses n\u00eb \u00e7do referat dhe n\u00eb \u00e7do predikim apo m\u00ebsim t\u00eb dit\u00ebs. P\u00ebrpjekja e t\u00eb gjith\u00eb pedagog\u00ebve dhe student\u00ebve t\u00eb Akademis\u00eb u kuror\u00ebzua edhe me pag\u00ebzimin e 14 katikumen\u00ebve, q\u00eb iu shtuan list\u00ebs s\u00eb t\u00eb pag\u00ebzuarve n\u00eb k\u00ebt\u00eb manastir, si an\u00ebtar\u00eb t\u00eb Kish\u00ebs s\u00eb Krishtit.<\/span><\/span><\/span><\/div>\n<\/td>\n<\/tr>\n<\/tbody>\n<\/table>\n<table style=\"width: 930px; height: 100px;\" border=\"0\">\n<tbody>\n<tr>\n<th style=\"text-align: justify;\" scope=\"col\"><span style=\"font-family: tahoma,geneva,sans-serif;\"><span style=\"font-size: 12px;\"><span style=\"color: #000000;\">&nbsp;&nbsp;&nbsp; K\u00ebt\u00eb vit, t\u00eb rinjt\u00eb u prezantuan me Akademin\u00eb Teologjike, institucionin m\u00eb t\u00eb lart\u00eb arsimor teologjik n\u00eb Shqip\u00ebri, q\u00eb kishte marr\u00eb p\u00ebrsip\u00ebr dhe mbar\u00ebvajtjen e kampit, me an\u00eb t\u00eb nj\u00eb dokumentari me metrazh t\u00eb shkurt\u00ebr, q\u00eb pasqyronte jet\u00ebn dhe veprimtarin\u00eb e shkoll\u00ebs, si edhe ambientet e bukura t\u00eb manastirit t\u00eb Sh\u00ebn Vlashit. Dokumentari ishte realizuar me shum\u00eb pasion nga pedagogu, z. Harallamb Tereziu.<\/span><\/span><\/span><br \/> <span style=\"font-family: tahoma,geneva,sans-serif;\"><span style=\"font-size: 12px;\"><span style=\"color: #000000;\">&nbsp;&nbsp;&nbsp;&nbsp; Por ky p\u00ebrvjetor dhe gjith\u00eb kjo histori e gjat\u00eb kampesh nuk do t\u00eb qe e mundur pa kujdesin e drejtp\u00ebrdrejt\u00eb dhe financimin e p\u00ebrvitsh\u00ebm t\u00eb tyre prej Kryepiskopit Anastas, i cili n\u00eb k\u00ebt\u00eb jubile mori fal\u00ebnderime dhe duartrokitje t\u00eb shumta. Fortlumturia e Tij, q\u00eb \u00e7do vit \u00ebsht\u00eb gjendur pran\u00eb kampist\u00ebve, me pjes\u00ebmarrje t\u00eb drejtp\u00ebrdrejt\u00eb ose me interesimin e ve\u00e7ant\u00eb q\u00eb tregon, gjithmon\u00eb i ka nxitur bashk\u00ebpun\u00ebtor\u00ebt e tij q\u00eb t\u00eb japin maksimumin e tyre n\u00eb k\u00ebto kampe, pasi si\u00e7 thekson vet\u00eb ai: \u201cKampet jan\u00eb fidanishtet e kuadrove t\u00eb ardhsh\u00ebm t\u00eb Kish\u00ebs dhe p\u00ebrb\u00ebjn\u00eb p\u00ebr t\u00eb gjith\u00eb ne, Universitetet e Ver\u00ebs\u201d.<\/span><\/span><\/span><\/th>\n<\/tr>\n<\/tbody>\n<\/table>\n<table style=\"width: 933px; height: 1090px;\" border=\"0\">\n<tbody>\n<tr>\n<th scope=\"col\"><span style=\"font-family: tahoma,geneva,sans-serif;\"><span style=\"font-size: 12px;\"><span style=\"color: #000000;\"><img decoding=\"async\" class=\"lazyload HAa Eha\" style=\"border-width: 1px; border-style: solid; margin: 10px auto; display: block;\" alt=\"\" src=\"data:image\/gif;base64,R0lGODlhAQABAAAAACH5BAEKAAEALAAAAAABAAEAAAICTAEAOw==\" data-orig-src=\"https:\/\/lh4.googleusercontent.com\/-0FbAlaloVcc\/VJFEDDjxCSI\/AAAAAAAAH0Y\/ZtKzRcMPWbY\/w448-h336-no\/galeri%2B1.jpg\" \/><\/span><\/span><\/span><\/th>\n<th scope=\"col\"><span style=\"font-family: tahoma,geneva,sans-serif;\"><span style=\"font-size: 12px;\"><span style=\"color: #000000;\"><img decoding=\"async\" class=\"lazyload HAa Eha\" style=\"border-width: 1px; border-style: solid; margin: 10px auto; display: block;\" alt=\"\" src=\"data:image\/gif;base64,R0lGODlhAQABAAAAACH5BAEKAAEALAAAAAABAAEAAAICTAEAOw==\" data-orig-src=\"https:\/\/lh6.googleusercontent.com\/-FA9fvwXrLeY\/VJFEC0F8RXI\/AAAAAAAAH0Q\/DBqiSm3yebs\/w448-h336-no\/galeri%2B2.jpg\" \/><\/span><\/span><\/span><\/th>\n<\/tr>\n<tr>\n<th scope=\"col\"><span style=\"font-family: tahoma,geneva,sans-serif;\"><span style=\"font-size: 12px;\"><span style=\"color: #000000;\"><img decoding=\"async\" class=\"lazyload HAa Eha\" style=\"border-width: 1px; border-style: solid; margin: 10px auto; display: block;\" alt=\"\" src=\"data:image\/gif;base64,R0lGODlhAQABAAAAACH5BAEKAAEALAAAAAABAAEAAAICTAEAOw==\" data-orig-src=\"https:\/\/lh4.googleusercontent.com\/-L8xzvHh8B94\/VJFEDBIBoMI\/AAAAAAAAH0M\/Bpo6nqjdfUo\/w448-h336-no\/galeri%2B3.jpg\" \/><\/span><\/span><\/span><\/th>\n<th scope=\"col\"><span style=\"font-family: tahoma,geneva,sans-serif;\"><span style=\"font-size: 12px;\"><span style=\"color: #000000;\"><img decoding=\"async\" class=\"lazyload HAa Eha\" style=\"border-width: 1px; border-style: solid; margin: 10px auto; display: block;\" alt=\"\" src=\"data:image\/gif;base64,R0lGODlhAQABAAAAACH5BAEKAAEALAAAAAABAAEAAAICTAEAOw==\" data-orig-src=\"https:\/\/lh5.googleusercontent.com\/-_7BaiL5oMKk\/VJFEDbf18-I\/AAAAAAAAH0I\/BXBkCiUyiXE\/w448-h336-no\/galeri%2B4.jpg\" \/><\/span><\/span><\/span><\/th>\n<\/tr>\n<tr>\n<th scope=\"col\"><span style=\"font-family: tahoma,geneva,sans-serif;\"><span style=\"font-size: 12px;\"><span style=\"color: #000000;\"><img decoding=\"async\" class=\"lazyload HAa Eha\" style=\"border-width: 1px; border-style: solid; margin: 10px auto; display: block;\" alt=\"\" src=\"data:image\/gif;base64,R0lGODlhAQABAAAAACH5BAEKAAEALAAAAAABAAEAAAICTAEAOw==\" data-orig-src=\"https:\/\/lh3.googleusercontent.com\/--3fl1V5cLSM\/VJFEDpte8II\/AAAAAAAAH0E\/HAZrKEJzVHc\/w448-h336-no\/galeri%2B5.jpg\" \/><\/span><\/span><\/span><\/th>\n<th scope=\"col\"><span style=\"font-family: tahoma,geneva,sans-serif;\"><span style=\"font-size: 12px;\"><span style=\"color: #000000;\"><img decoding=\"async\" class=\"lazyload HAa Eha\" style=\"border-width: 1px; border-style: solid; margin: 10px auto; display: block;\" alt=\"\" src=\"data:image\/gif;base64,R0lGODlhAQABAAAAACH5BAEKAAEALAAAAAABAAEAAAICTAEAOw==\" data-orig-src=\"https:\/\/lh3.googleusercontent.com\/-TBAah-59Ae0\/VJFEDzZ10RI\/AAAAAAAAHzg\/gvSjCM5CEn4\/w448-h336-no\/galeri%2B6.jpg\" \/><\/span><\/span><\/span><\/th>\n<\/tr>\n<\/tbody>\n<\/table>\n<div>&nbsp;<\/div>\n<div style=\"text-align: right;\"><span style=\"font-family: tahoma,geneva,sans-serif;\"><span style=\"font-size: 12px;\"><span style=\"color: #000000;\"><strong>Aleks \u00c7uri<\/strong>.<\/span><\/span><\/span><\/div>\n","protected":false},"excerpt":{"rendered":"<p>\u201cKoh\u00eb e paharruar, vendtakim n\u00eb vendtakimin me Zotin dhe me t\u00eb af\u00ebrmin\u201d &nbsp; &nbsp;&nbsp;&nbsp; K\u00ebt\u00eb vit, n\u00eb kampin e tyre n\u00eb ishullin monument t\u00eb natyr\u00ebs, n\u00eb Zv\u00ebrnec t\u00eb Vlor\u00ebs, t\u00eb rinjt\u00eb do t\u00eb p\u00ebrkujtonin edhe nj\u00eb p\u00ebrvjetor t\u00eb ve\u00e7ant\u00eb. U mbush\u00ebn plot dhjet\u00eb vjet q\u00eb Manastiri i Hyjlind\u00ebses, q\u00eb n\u00ebn regjimin komunist p\u00ebrdorej si vend izolimi p\u00ebr t\u00eb internuarit politik\u00eb, tashm\u00eb ofron p\u00ebr t\u00eb rinjt\u00eb<\/p>\n","protected":false},"author":1,"featured_media":0,"comment_status":"open","ping_status":"open","sticky":false,"template":"","format":"standard","meta":{"_acf_changed":false,"pagelayer_contact_templates":[],"_pagelayer_content":"","inline_featured_image":false,"fifu_image_url":"","fifu_image_alt":"","footnotes":""},"categories":[108],"tags":[146,200,196,212,176],"class_list":["post-664","post","type-post","status-publish","format-standard","hentry","category-lajme","tag-146","tag-kampe-verore","tag-tirane","tag-lajme-d27","tag-rinia-orthodhokse"],"acf":[],"yoast_head":"<!-- This site is optimized with the Yoast SEO plugin v27.2 - https:\/\/yoast.com\/product\/yoast-seo-wordpress\/ -->\n<title>Kamp i dyt\u00eb i djemve \u201cRilindja\u201d n\u00eb Zv\u00ebrnec. (2008) - Kisha Orthodh\u03bfkse Autoqefale e Shqip\u00ebris\u00eb<\/title>\n<meta name=\"robots\" content=\"index, follow, max-snippet:-1, max-image-preview:large, max-video-preview:-1\" \/>\n<link rel=\"canonical\" href=\"https:\/\/orthodoxalbania.org\/2020\/2008\/02\/26\/kamp-i-dyte-i-djemve-rilindja-ne-zvernec-2008\/\" \/>\n<meta property=\"og:locale\" content=\"en_US\" \/>\n<meta property=\"og:type\" content=\"article\" \/>\n<meta property=\"og:title\" content=\"Kamp i dyt\u00eb i djemve \u201cRilindja\u201d n\u00eb Zv\u00ebrnec. (2008) - Kisha Orthodh\u03bfkse Autoqefale e Shqip\u00ebris\u00eb\" \/>\n<meta property=\"og:description\" content=\"\u201cKoh\u00eb e paharruar, vendtakim n\u00eb vendtakimin me Zotin dhe me t\u00eb af\u00ebrmin\u201d &nbsp; &nbsp;&nbsp;&nbsp; K\u00ebt\u00eb vit, n\u00eb kampin e tyre n\u00eb ishullin monument t\u00eb natyr\u00ebs, n\u00eb Zv\u00ebrnec t\u00eb Vlor\u00ebs, t\u00eb rinjt\u00eb do t\u00eb p\u00ebrkujtonin edhe nj\u00eb p\u00ebrvjetor t\u00eb ve\u00e7ant\u00eb. U mbush\u00ebn plot dhjet\u00eb vjet q\u00eb Manastiri i Hyjlind\u00ebses, q\u00eb n\u00ebn regjimin komunist p\u00ebrdorej si vend izolimi p\u00ebr t\u00eb internuarit politik\u00eb, tashm\u00eb ofron p\u00ebr t\u00eb rinjt\u00eb\" \/>\n<meta property=\"og:url\" content=\"https:\/\/orthodoxalbania.org\/2020\/2008\/02\/26\/kamp-i-dyte-i-djemve-rilindja-ne-zvernec-2008\/\" \/>\n<meta property=\"og:site_name\" content=\"Kisha Orthodh\u03bfkse Autoqefale e Shqip\u00ebris\u00eb\" \/>\n<meta property=\"article:publisher\" content=\"https:\/\/www.facebook.com\/koash1991\" \/>\n<meta property=\"article:published_time\" content=\"2008-02-26T00:00:00+00:00\" \/>\n<meta property=\"article:modified_time\" content=\"2020-04-06T20:35:18+00:00\" \/>\n<meta property=\"og:image\" content=\"https:\/\/lh4.googleusercontent.com\/-e6kVi_OECTM\/VJFEFddScPI\/AAAAAAAAHz4\/_GpgcF5whS0\/w448-h336-no\/teskt%2B1.jpg\" \/>\n<meta name=\"author\" content=\"Kisha Orthodhokse\" \/>\n<meta name=\"twitter:card\" content=\"summary_large_image\" \/>\n<meta name=\"twitter:label1\" content=\"Written by\" \/>\n\t<meta name=\"twitter:data1\" content=\"Kisha Orthodhokse\" \/>\n\t<meta name=\"twitter:label2\" content=\"Est. reading time\" \/>\n\t<meta name=\"twitter:data2\" content=\"4 minutes\" \/>\n<script type=\"application\/ld+json\" class=\"yoast-schema-graph\">{\"@context\":\"https:\/\/schema.org\",\"@graph\":[{\"@type\":\"Article\",\"@id\":\"https:\/\/orthodoxalbania.org\/2020\/2008\/02\/26\/kamp-i-dyte-i-djemve-rilindja-ne-zvernec-2008\/#article\",\"isPartOf\":{\"@id\":\"https:\/\/orthodoxalbania.org\/2020\/2008\/02\/26\/kamp-i-dyte-i-djemve-rilindja-ne-zvernec-2008\/\"},\"author\":{\"name\":\"Kisha Orthodhokse\",\"@id\":\"https:\/\/orthodoxalbania.org\/2020\/#\/schema\/person\/0c387634a7063ac612d7ed9ce71c7e86\"},\"headline\":\"Kamp i dyt\u00eb i djemve \u201cRilindja\u201d n\u00eb Zv\u00ebrnec. (2008)\",\"datePublished\":\"2008-02-26T00:00:00+00:00\",\"dateModified\":\"2020-04-06T20:35:18+00:00\",\"mainEntityOfPage\":{\"@id\":\"https:\/\/orthodoxalbania.org\/2020\/2008\/02\/26\/kamp-i-dyte-i-djemve-rilindja-ne-zvernec-2008\/\"},\"wordCount\":811,\"commentCount\":0,\"publisher\":{\"@id\":\"https:\/\/orthodoxalbania.org\/2020\/#organization\"},\"image\":{\"@id\":\"https:\/\/orthodoxalbania.org\/2020\/2008\/02\/26\/kamp-i-dyte-i-djemve-rilindja-ne-zvernec-2008\/#primaryimage\"},\"thumbnailUrl\":\"https:\/\/lh4.googleusercontent.com\/-e6kVi_OECTM\/VJFEFddScPI\/AAAAAAAAHz4\/_GpgcF5whS0\/w448-h336-no\/teskt%2B1.jpg\",\"keywords\":[\"2008\",\"Kampe verore\",\"Kryepiskopata Tiran\u00eb\",\"lajme\",\"Rinia Orthodhokse\"],\"articleSection\":[\"Lajme\"],\"inLanguage\":\"en-US\"},{\"@type\":\"WebPage\",\"@id\":\"https:\/\/orthodoxalbania.org\/2020\/2008\/02\/26\/kamp-i-dyte-i-djemve-rilindja-ne-zvernec-2008\/\",\"url\":\"https:\/\/orthodoxalbania.org\/2020\/2008\/02\/26\/kamp-i-dyte-i-djemve-rilindja-ne-zvernec-2008\/\",\"name\":\"Kamp i dyt\u00eb i djemve \u201cRilindja\u201d n\u00eb Zv\u00ebrnec. (2008) - Kisha Orthodh\u03bfkse Autoqefale e Shqip\u00ebris\u00eb\",\"isPartOf\":{\"@id\":\"https:\/\/orthodoxalbania.org\/2020\/#website\"},\"primaryImageOfPage\":{\"@id\":\"https:\/\/orthodoxalbania.org\/2020\/2008\/02\/26\/kamp-i-dyte-i-djemve-rilindja-ne-zvernec-2008\/#primaryimage\"},\"image\":{\"@id\":\"https:\/\/orthodoxalbania.org\/2020\/2008\/02\/26\/kamp-i-dyte-i-djemve-rilindja-ne-zvernec-2008\/#primaryimage\"},\"thumbnailUrl\":\"https:\/\/lh4.googleusercontent.com\/-e6kVi_OECTM\/VJFEFddScPI\/AAAAAAAAHz4\/_GpgcF5whS0\/w448-h336-no\/teskt%2B1.jpg\",\"datePublished\":\"2008-02-26T00:00:00+00:00\",\"dateModified\":\"2020-04-06T20:35:18+00:00\",\"breadcrumb\":{\"@id\":\"https:\/\/orthodoxalbania.org\/2020\/2008\/02\/26\/kamp-i-dyte-i-djemve-rilindja-ne-zvernec-2008\/#breadcrumb\"},\"inLanguage\":\"en-US\",\"potentialAction\":[{\"@type\":\"ReadAction\",\"target\":[\"https:\/\/orthodoxalbania.org\/2020\/2008\/02\/26\/kamp-i-dyte-i-djemve-rilindja-ne-zvernec-2008\/\"]}]},{\"@type\":\"ImageObject\",\"inLanguage\":\"en-US\",\"@id\":\"https:\/\/orthodoxalbania.org\/2020\/2008\/02\/26\/kamp-i-dyte-i-djemve-rilindja-ne-zvernec-2008\/#primaryimage\",\"url\":\"https:\/\/lh4.googleusercontent.com\/-e6kVi_OECTM\/VJFEFddScPI\/AAAAAAAAHz4\/_GpgcF5whS0\/w448-h336-no\/teskt%2B1.jpg\",\"contentUrl\":\"https:\/\/lh4.googleusercontent.com\/-e6kVi_OECTM\/VJFEFddScPI\/AAAAAAAAHz4\/_GpgcF5whS0\/w448-h336-no\/teskt%2B1.jpg\"},{\"@type\":\"BreadcrumbList\",\"@id\":\"https:\/\/orthodoxalbania.org\/2020\/2008\/02\/26\/kamp-i-dyte-i-djemve-rilindja-ne-zvernec-2008\/#breadcrumb\",\"itemListElement\":[{\"@type\":\"ListItem\",\"position\":1,\"name\":\"Home\",\"item\":\"https:\/\/orthodoxalbania.org\/2020\/\"},{\"@type\":\"ListItem\",\"position\":2,\"name\":\"Kamp i dyt\u00eb i djemve \u201cRilindja\u201d n\u00eb Zv\u00ebrnec. (2008)\"}]},{\"@type\":\"WebSite\",\"@id\":\"https:\/\/orthodoxalbania.org\/2020\/#website\",\"url\":\"https:\/\/orthodoxalbania.org\/2020\/\",\"name\":\"Kisha Orthodh\u03bfkse Autoqefale e Shqip\u00ebris\u00eb\",\"description\":\"Fqja Zyrtare e Kish\u00ebs Orthodhokse Autoqefale e Shqip\u00ebris\u00eb me lajmet edhe informacionet zyrtare p\u00ebr struktur\u00ebn edhe veprimtarin e saj.\",\"publisher\":{\"@id\":\"https:\/\/orthodoxalbania.org\/2020\/#organization\"},\"potentialAction\":[{\"@type\":\"SearchAction\",\"target\":{\"@type\":\"EntryPoint\",\"urlTemplate\":\"https:\/\/orthodoxalbania.org\/2020\/?s={search_term_string}\"},\"query-input\":{\"@type\":\"PropertyValueSpecification\",\"valueRequired\":true,\"valueName\":\"search_term_string\"}}],\"inLanguage\":\"en-US\"},{\"@type\":\"Organization\",\"@id\":\"https:\/\/orthodoxalbania.org\/2020\/#organization\",\"name\":\"Kisha Orthodhokse Autoqefale e Shqip\u00ebris\u00eb\",\"url\":\"https:\/\/orthodoxalbania.org\/2020\/\",\"logo\":{\"@type\":\"ImageObject\",\"inLanguage\":\"en-US\",\"@id\":\"https:\/\/orthodoxalbania.org\/2020\/#\/schema\/logo\/image\/\",\"url\":\"https:\/\/orthodoxalbania.org\/2020\/wp-content\/uploads\/2020\/05\/albania.jpeg\",\"contentUrl\":\"https:\/\/orthodoxalbania.org\/2020\/wp-content\/uploads\/2020\/05\/albania.jpeg\",\"width\":540,\"height\":540,\"caption\":\"Kisha Orthodhokse Autoqefale e Shqip\u00ebris\u00eb\"},\"image\":{\"@id\":\"https:\/\/orthodoxalbania.org\/2020\/#\/schema\/logo\/image\/\"},\"sameAs\":[\"https:\/\/www.facebook.com\/koash1991\"]},{\"@type\":\"Person\",\"@id\":\"https:\/\/orthodoxalbania.org\/2020\/#\/schema\/person\/0c387634a7063ac612d7ed9ce71c7e86\",\"name\":\"Kisha Orthodhokse\",\"image\":{\"@type\":\"ImageObject\",\"inLanguage\":\"en-US\",\"@id\":\"https:\/\/secure.gravatar.com\/avatar\/596e7c417251e30f2fbb9c00e026fce61a695a00e51c889caded71c96cbbdde5?s=96&d=mm&r=g\",\"url\":\"https:\/\/secure.gravatar.com\/avatar\/596e7c417251e30f2fbb9c00e026fce61a695a00e51c889caded71c96cbbdde5?s=96&d=mm&r=g\",\"contentUrl\":\"https:\/\/secure.gravatar.com\/avatar\/596e7c417251e30f2fbb9c00e026fce61a695a00e51c889caded71c96cbbdde5?s=96&d=mm&r=g\",\"caption\":\"Kisha Orthodhokse\"}}]}<\/script>\n<!-- \/ Yoast SEO plugin. -->","yoast_head_json":{"title":"Kamp i dyt\u00eb i djemve \u201cRilindja\u201d n\u00eb Zv\u00ebrnec. (2008) - Kisha Orthodh\u03bfkse Autoqefale e Shqip\u00ebris\u00eb","robots":{"index":"index","follow":"follow","max-snippet":"max-snippet:-1","max-image-preview":"max-image-preview:large","max-video-preview":"max-video-preview:-1"},"canonical":"https:\/\/orthodoxalbania.org\/2020\/2008\/02\/26\/kamp-i-dyte-i-djemve-rilindja-ne-zvernec-2008\/","og_locale":"en_US","og_type":"article","og_title":"Kamp i dyt\u00eb i djemve \u201cRilindja\u201d n\u00eb Zv\u00ebrnec. (2008) - Kisha Orthodh\u03bfkse Autoqefale e Shqip\u00ebris\u00eb","og_description":"\u201cKoh\u00eb e paharruar, vendtakim n\u00eb vendtakimin me Zotin dhe me t\u00eb af\u00ebrmin\u201d &nbsp; &nbsp;&nbsp;&nbsp; K\u00ebt\u00eb vit, n\u00eb kampin e tyre n\u00eb ishullin monument t\u00eb natyr\u00ebs, n\u00eb Zv\u00ebrnec t\u00eb Vlor\u00ebs, t\u00eb rinjt\u00eb do t\u00eb p\u00ebrkujtonin edhe nj\u00eb p\u00ebrvjetor t\u00eb ve\u00e7ant\u00eb. U mbush\u00ebn plot dhjet\u00eb vjet q\u00eb Manastiri i Hyjlind\u00ebses, q\u00eb n\u00ebn regjimin komunist p\u00ebrdorej si vend izolimi p\u00ebr t\u00eb internuarit politik\u00eb, tashm\u00eb ofron p\u00ebr t\u00eb rinjt\u00eb","og_url":"https:\/\/orthodoxalbania.org\/2020\/2008\/02\/26\/kamp-i-dyte-i-djemve-rilindja-ne-zvernec-2008\/","og_site_name":"Kisha Orthodh\u03bfkse Autoqefale e Shqip\u00ebris\u00eb","article_publisher":"https:\/\/www.facebook.com\/koash1991","article_published_time":"2008-02-26T00:00:00+00:00","article_modified_time":"2020-04-06T20:35:18+00:00","og_image":[{"url":"https:\/\/lh4.googleusercontent.com\/-e6kVi_OECTM\/VJFEFddScPI\/AAAAAAAAHz4\/_GpgcF5whS0\/w448-h336-no\/teskt%2B1.jpg","type":"","width":"","height":""}],"author":"Kisha Orthodhokse","twitter_card":"summary_large_image","twitter_misc":{"Written by":"Kisha Orthodhokse","Est. reading time":"4 minutes"},"schema":{"@context":"https:\/\/schema.org","@graph":[{"@type":"Article","@id":"https:\/\/orthodoxalbania.org\/2020\/2008\/02\/26\/kamp-i-dyte-i-djemve-rilindja-ne-zvernec-2008\/#article","isPartOf":{"@id":"https:\/\/orthodoxalbania.org\/2020\/2008\/02\/26\/kamp-i-dyte-i-djemve-rilindja-ne-zvernec-2008\/"},"author":{"name":"Kisha Orthodhokse","@id":"https:\/\/orthodoxalbania.org\/2020\/#\/schema\/person\/0c387634a7063ac612d7ed9ce71c7e86"},"headline":"Kamp i dyt\u00eb i djemve \u201cRilindja\u201d n\u00eb Zv\u00ebrnec. (2008)","datePublished":"2008-02-26T00:00:00+00:00","dateModified":"2020-04-06T20:35:18+00:00","mainEntityOfPage":{"@id":"https:\/\/orthodoxalbania.org\/2020\/2008\/02\/26\/kamp-i-dyte-i-djemve-rilindja-ne-zvernec-2008\/"},"wordCount":811,"commentCount":0,"publisher":{"@id":"https:\/\/orthodoxalbania.org\/2020\/#organization"},"image":{"@id":"https:\/\/orthodoxalbania.org\/2020\/2008\/02\/26\/kamp-i-dyte-i-djemve-rilindja-ne-zvernec-2008\/#primaryimage"},"thumbnailUrl":"https:\/\/lh4.googleusercontent.com\/-e6kVi_OECTM\/VJFEFddScPI\/AAAAAAAAHz4\/_GpgcF5whS0\/w448-h336-no\/teskt%2B1.jpg","keywords":["2008","Kampe verore","Kryepiskopata Tiran\u00eb","lajme","Rinia Orthodhokse"],"articleSection":["Lajme"],"inLanguage":"en-US"},{"@type":"WebPage","@id":"https:\/\/orthodoxalbania.org\/2020\/2008\/02\/26\/kamp-i-dyte-i-djemve-rilindja-ne-zvernec-2008\/","url":"https:\/\/orthodoxalbania.org\/2020\/2008\/02\/26\/kamp-i-dyte-i-djemve-rilindja-ne-zvernec-2008\/","name":"Kamp i dyt\u00eb i djemve \u201cRilindja\u201d n\u00eb Zv\u00ebrnec. (2008) - Kisha Orthodh\u03bfkse Autoqefale e Shqip\u00ebris\u00eb","isPartOf":{"@id":"https:\/\/orthodoxalbania.org\/2020\/#website"},"primaryImageOfPage":{"@id":"https:\/\/orthodoxalbania.org\/2020\/2008\/02\/26\/kamp-i-dyte-i-djemve-rilindja-ne-zvernec-2008\/#primaryimage"},"image":{"@id":"https:\/\/orthodoxalbania.org\/2020\/2008\/02\/26\/kamp-i-dyte-i-djemve-rilindja-ne-zvernec-2008\/#primaryimage"},"thumbnailUrl":"https:\/\/lh4.googleusercontent.com\/-e6kVi_OECTM\/VJFEFddScPI\/AAAAAAAAHz4\/_GpgcF5whS0\/w448-h336-no\/teskt%2B1.jpg","datePublished":"2008-02-26T00:00:00+00:00","dateModified":"2020-04-06T20:35:18+00:00","breadcrumb":{"@id":"https:\/\/orthodoxalbania.org\/2020\/2008\/02\/26\/kamp-i-dyte-i-djemve-rilindja-ne-zvernec-2008\/#breadcrumb"},"inLanguage":"en-US","potentialAction":[{"@type":"ReadAction","target":["https:\/\/orthodoxalbania.org\/2020\/2008\/02\/26\/kamp-i-dyte-i-djemve-rilindja-ne-zvernec-2008\/"]}]},{"@type":"ImageObject","inLanguage":"en-US","@id":"https:\/\/orthodoxalbania.org\/2020\/2008\/02\/26\/kamp-i-dyte-i-djemve-rilindja-ne-zvernec-2008\/#primaryimage","url":"https:\/\/lh4.googleusercontent.com\/-e6kVi_OECTM\/VJFEFddScPI\/AAAAAAAAHz4\/_GpgcF5whS0\/w448-h336-no\/teskt%2B1.jpg","contentUrl":"https:\/\/lh4.googleusercontent.com\/-e6kVi_OECTM\/VJFEFddScPI\/AAAAAAAAHz4\/_GpgcF5whS0\/w448-h336-no\/teskt%2B1.jpg"},{"@type":"BreadcrumbList","@id":"https:\/\/orthodoxalbania.org\/2020\/2008\/02\/26\/kamp-i-dyte-i-djemve-rilindja-ne-zvernec-2008\/#breadcrumb","itemListElement":[{"@type":"ListItem","position":1,"name":"Home","item":"https:\/\/orthodoxalbania.org\/2020\/"},{"@type":"ListItem","position":2,"name":"Kamp i dyt\u00eb i djemve \u201cRilindja\u201d n\u00eb Zv\u00ebrnec. (2008)"}]},{"@type":"WebSite","@id":"https:\/\/orthodoxalbania.org\/2020\/#website","url":"https:\/\/orthodoxalbania.org\/2020\/","name":"Kisha Orthodh\u03bfkse Autoqefale e Shqip\u00ebris\u00eb","description":"Fqja Zyrtare e Kish\u00ebs Orthodhokse Autoqefale e Shqip\u00ebris\u00eb me lajmet edhe informacionet zyrtare p\u00ebr struktur\u00ebn edhe veprimtarin e saj.","publisher":{"@id":"https:\/\/orthodoxalbania.org\/2020\/#organization"},"potentialAction":[{"@type":"SearchAction","target":{"@type":"EntryPoint","urlTemplate":"https:\/\/orthodoxalbania.org\/2020\/?s={search_term_string}"},"query-input":{"@type":"PropertyValueSpecification","valueRequired":true,"valueName":"search_term_string"}}],"inLanguage":"en-US"},{"@type":"Organization","@id":"https:\/\/orthodoxalbania.org\/2020\/#organization","name":"Kisha Orthodhokse Autoqefale e Shqip\u00ebris\u00eb","url":"https:\/\/orthodoxalbania.org\/2020\/","logo":{"@type":"ImageObject","inLanguage":"en-US","@id":"https:\/\/orthodoxalbania.org\/2020\/#\/schema\/logo\/image\/","url":"https:\/\/orthodoxalbania.org\/2020\/wp-content\/uploads\/2020\/05\/albania.jpeg","contentUrl":"https:\/\/orthodoxalbania.org\/2020\/wp-content\/uploads\/2020\/05\/albania.jpeg","width":540,"height":540,"caption":"Kisha Orthodhokse Autoqefale e Shqip\u00ebris\u00eb"},"image":{"@id":"https:\/\/orthodoxalbania.org\/2020\/#\/schema\/logo\/image\/"},"sameAs":["https:\/\/www.facebook.com\/koash1991"]},{"@type":"Person","@id":"https:\/\/orthodoxalbania.org\/2020\/#\/schema\/person\/0c387634a7063ac612d7ed9ce71c7e86","name":"Kisha Orthodhokse","image":{"@type":"ImageObject","inLanguage":"en-US","@id":"https:\/\/secure.gravatar.com\/avatar\/596e7c417251e30f2fbb9c00e026fce61a695a00e51c889caded71c96cbbdde5?s=96&d=mm&r=g","url":"https:\/\/secure.gravatar.com\/avatar\/596e7c417251e30f2fbb9c00e026fce61a695a00e51c889caded71c96cbbdde5?s=96&d=mm&r=g","contentUrl":"https:\/\/secure.gravatar.com\/avatar\/596e7c417251e30f2fbb9c00e026fce61a695a00e51c889caded71c96cbbdde5?s=96&d=mm&r=g","caption":"Kisha Orthodhokse"}}]}},"_links":{"self":[{"href":"https:\/\/orthodoxalbania.org\/2020\/wp-json\/wp\/v2\/posts\/664","targetHints":{"allow":["GET"]}}],"collection":[{"href":"https:\/\/orthodoxalbania.org\/2020\/wp-json\/wp\/v2\/posts"}],"about":[{"href":"https:\/\/orthodoxalbania.org\/2020\/wp-json\/wp\/v2\/types\/post"}],"author":[{"embeddable":true,"href":"https:\/\/orthodoxalbania.org\/2020\/wp-json\/wp\/v2\/users\/1"}],"replies":[{"embeddable":true,"href":"https:\/\/orthodoxalbania.org\/2020\/wp-json\/wp\/v2\/comments?post=664"}],"version-history":[{"count":1,"href":"https:\/\/orthodoxalbania.org\/2020\/wp-json\/wp\/v2\/posts\/664\/revisions"}],"predecessor-version":[{"id":15645,"href":"https:\/\/orthodoxalbania.org\/2020\/wp-json\/wp\/v2\/posts\/664\/revisions\/15645"}],"wp:attachment":[{"href":"https:\/\/orthodoxalbania.org\/2020\/wp-json\/wp\/v2\/media?parent=664"}],"wp:term":[{"taxonomy":"category","embeddable":true,"href":"https:\/\/orthodoxalbania.org\/2020\/wp-json\/wp\/v2\/categories?post=664"},{"taxonomy":"post_tag","embeddable":true,"href":"https:\/\/orthodoxalbania.org\/2020\/wp-json\/wp\/v2\/tags?post=664"}],"curies":[{"name":"wp","href":"https:\/\/api.w.org\/{rel}","templated":true}]}}