{"id":662,"date":"2014-04-30T06:32:44","date_gmt":"2014-04-30T06:32:44","guid":{"rendered":""},"modified":"2020-04-06T22:05:17","modified_gmt":"2020-04-06T20:05:17","slug":"ka-dale-ne-qarkullim-gazeta-ngjallja-e-muajit-prill-2014","status":"publish","type":"post","link":"https:\/\/orthodoxalbania.org\/2020\/2014\/04\/30\/ka-dale-ne-qarkullim-gazeta-ngjallja-e-muajit-prill-2014\/","title":{"rendered":"Ka dal\u00eb n\u00eb qarkullim gazeta &#8220;Ngjallja&#8221; e muajit prill 2014"},"content":{"rendered":"<p style=\"text-align: center;\"><span style=\"color: #800000; font-size: 12pt; font-family: helvetica;\"><\/span><\/p>\n<p> <\/p>\n<p style=\"text-align: center;\"><span style=\"color: #800000; font-size: 12pt; font-family: helvetica;\"><strong>Ka dal\u00eb n\u00eb qarkullim gazeta &#8220;Ngjallja&#8221; e muajit prill 2014.<\/strong><\/span><\/p>\n<p style=\"text-align: center;\">&nbsp;<\/p>\n<p style=\"text-align: center;\"><span style=\"color: #800000; font-size: 12pt; font-family: helvetica;\"><strong>N\u00eb k\u00ebt\u00eb num\u00ebr do t\u00eb lexoni:<\/strong><\/span><\/p>\n<p style=\"text-align: justify;\">&nbsp;<\/p>\n<p style=\"text-align: justify;\"><span style=\"color: #000000; font-size: 12pt; font-family: helvetica;\">&#8211; \u201cDrit\u00eb shprese p\u00ebr t\u00eb tashmen dhe p\u00ebr t\u00eb ardhmen\u201d &#8211; nga Mesazhi i Kryepiskopit Anastas me rastin e Pashk\u00ebs.<\/span><\/p>\n<p style=\"text-align: justify;\"><span style=\"color: #000000; font-size: 12pt; font-family: helvetica;\">&#8211; \u201cU ngjall, nuk \u00ebsht\u00eb k\u00ebtu!\u201d<\/span><\/p>\n<p style=\"text-align: justify;\"><span style=\"color: #000000; font-size: 12pt; font-family: helvetica;\">&#8211; Aparati i ri ekzaminues n\u00eb Klinik\u00ebn e Kish\u00ebs &#8211; nga Vasil Kristo<\/span><\/p>\n<p style=\"text-align: justify;\"><span style=\"color: #000000; font-size: 12pt; font-family: helvetica;\">&#8211; Kisha e re e Sh\u00ebn Athanasit, Pjez\u00eb &#8211; Durr\u00ebs.<\/span><\/p>\n<p style=\"text-align: justify;\"><span style=\"color: #000000; font-size: 12pt; font-family: helvetica;\">&#8211; Respekt p\u00ebr \u00e7doperson njer\u00ebzor\u201d &#8211; Intervist\u00eb e Kryepiskopit Anastas n\u00eb gazet\u00ebn &#8220;To Vima&#8221; me rastin e mbledhjes s\u00eb krer\u00ebve t\u00eb Kishave Orthodhokse n\u00eb Konstandinopoj\u00eb.<\/span><\/p>\n<p style=\"text-align: justify;\"><span style=\"color: #000000; font-size: 12pt; font-family: helvetica;\">&#8211; Ekspozit\u00eb mbres\u00ebl\u00ebn\u00ebse e librit t\u00eb krishter\u00eb n\u00eb Mitropolin\u00eb e Gjirokastr\u00ebs.<\/span><\/p>\n<p style=\"text-align: justify;\"><span style=\"color: #000000; font-size: 12pt; font-family: helvetica;\">&#8211; Dor\u00ebzohet n\u00eb dhjakon z. Spiro Topanxha<\/span><\/p>\n<p style=\"text-align: justify;\"><span style=\"color: #000000; font-size: 12pt; font-family: helvetica;\">&#8211; Apostull Marku, Ungjillor (25 prill), Sh\u00ebn Donati i Evris\u00eb (30 prill).<\/span><\/p>\n<p style=\"text-align: justify;\"><span style=\"color: #000000; font-size: 12pt; font-family: helvetica;\">&#8211; \u201cKomente t\u00eb pap\u00ebrgjegjshme, fyese dhe \u00e7orientuese\u201d &#8211; Deklarat\u00eb e Sinodit t\u00eb Shenjt\u00eb ndaj akuzave t\u00eb z.Fatos Klosi.<\/span><\/p>\n<p style=\"text-align: justify;\"><span style=\"color: #000000; font-size: 12pt; font-family: helvetica;\">&#8211; Pag\u00ebzime t\u00eb reja me rastin e Pashk\u00ebs &#8211; nga Aurel Bardho<\/span><\/p>\n<p style=\"text-align: justify;\"><span style=\"color: #000000; font-size: 12pt; font-family: helvetica;\">&#8211; Edikti i Milanos dhe Dekreti i Liciniusit &#8211; nga Radosllav Stankovi\u00e7<\/span><\/p>\n<p style=\"text-align: justify;\"><span style=\"color: #000000; font-size: 12pt; font-family: helvetica;\">&#8211; Krijime letrare<\/span><\/p>\n<p style=\"text-align: justify;\"><span style=\"color: #000000; font-size: 12pt; font-family: helvetica;\">&#8211; Disa t\u00eb dh\u00ebna p\u00ebr persekutimin e t\u00eb krishter\u00ebve n\u00eb Lindjen e Mesme.<\/span><\/p>\n<p style=\"text-align: justify;\"><span style=\"color: #000000; font-size: 12pt; font-family: helvetica;\">&#8211; Sh\u00ebrbim i ri i Kirurgjis\u00eb Okulistike n\u00eb Klinik\u00ebn Orthodhokse &#8220;Ungjill\u00ebzimi&#8221;<\/span><\/p>\n<p style=\"text-align: justify;\"><span style=\"color: #000000; font-size: 12pt; font-family: helvetica;\">&#8211; E diela e Dafinave n\u00eb Katedralen &#8220;Ngjallja e Krishtit&#8221;, Tiran\u00eb.<\/span><\/p>\n<p style=\"text-align: justify;\"><span style=\"color: #000000; font-size: 12pt; font-family: helvetica;\">&#8211; Jan\u00eb n\u00eb qarkullim 2 botime t\u00eb librit \u201cRingritja e Kish\u00ebs Orthodhokse Autoqefale t\u00eb Shqip\u00ebris\u00eb (1991-2012)\u201d.<\/span><\/p>\n<p style=\"text-align: justify;\">&nbsp;<\/p>\n<p style=\"text-align: justify;\">&nbsp;<\/p>\n<p><img class=\"lazyload\" decoding=\"async\" style=\"display: block; margin-left: auto; margin-right: auto; border: 1px solid #000000;\" alt=\"https:\/\/lh4.googleusercontent.com\/-T6agLW37iL4\/U2CYRf9RKrI\/AAAAAAAAIV4\/oCpu5HkPWaM\/w613-h833-no\/Gazeta+prill+2014+per+internet-page-0.jpg\" src=\"data:image\/svg+xml,%3Csvg%20xmlns%3D%27http%3A%2F%2Fwww.w3.org%2F2000%2Fsvg%27%20width%3D%27495%27%20height%3D%27671%27%20viewBox%3D%270%200%20495%20671%27%3E%3Crect%20width%3D%27495%27%20height%3D%27671%27%20fill-opacity%3D%220%22%2F%3E%3C%2Fsvg%3E\" data-orig-src=\"https:\/\/lh4.googleusercontent.com\/-T6agLW37iL4\/U2CYRf9RKrI\/AAAAAAAAIV4\/oCpu5HkPWaM\/w613-h833-no\/Gazeta+prill+2014+per+internet-page-0.jpg\" height=\"671\" width=\"495\" \/><\/p>\n<div style=\"text-align: justify;\">&nbsp;<\/div>\n<div style=\"text-align: justify;\">&nbsp;<\/div>\n<div style=\"text-align: justify;\">&nbsp;<\/div>\n<div style=\"text-align: justify;\">&nbsp;<\/div>\n<div>&nbsp;<\/div>\n","protected":false},"excerpt":{"rendered":"<p>Ka dal\u00eb n\u00eb qarkullim gazeta &#8220;Ngjallja&#8221; e muajit prill 2014. &nbsp; N\u00eb k\u00ebt\u00eb num\u00ebr do t\u00eb lexoni: &nbsp; &#8211; \u201cDrit\u00eb shprese p\u00ebr t\u00eb tashmen dhe p\u00ebr t\u00eb ardhmen\u201d &#8211; nga Mesazhi i Kryepiskopit Anastas me rastin e Pashk\u00ebs. &#8211; \u201cU ngjall, nuk \u00ebsht\u00eb k\u00ebtu!\u201d &#8211; Aparati i ri ekzaminues n\u00eb Klinik\u00ebn e Kish\u00ebs &#8211; nga Vasil Kristo &#8211; Kisha e re e Sh\u00ebn Athanasit, Pjez\u00eb<\/p>\n","protected":false},"author":1,"featured_media":663,"comment_status":"open","ping_status":"open","sticky":false,"template":"","format":"standard","meta":{"_acf_changed":false,"pagelayer_contact_templates":[],"_pagelayer_content":"","inline_featured_image":false,"fifu_image_url":"","fifu_image_alt":"","footnotes":""},"categories":[108],"tags":[140,161,196,212,607],"class_list":["post-662","post","type-post","status-publish","format-standard","has-post-thumbnail","hentry","category-lajme","tag-140","tag-gazeta-ngjallja","tag-tirane","tag-lajme-d27","tag-promovimepublikime"],"acf":[],"yoast_head":"<!-- This site is optimized with the Yoast SEO plugin v27.2 - https:\/\/yoast.com\/product\/yoast-seo-wordpress\/ -->\n<title>Ka dal\u00eb n\u00eb qarkullim gazeta &quot;Ngjallja&quot; e muajit prill 2014 - Kisha Orthodh\u03bfkse Autoqefale e Shqip\u00ebris\u00eb<\/title>\n<meta name=\"robots\" content=\"index, follow, max-snippet:-1, max-image-preview:large, max-video-preview:-1\" \/>\n<link rel=\"canonical\" href=\"https:\/\/orthodoxalbania.org\/2020\/2014\/04\/30\/ka-dale-ne-qarkullim-gazeta-ngjallja-e-muajit-prill-2014\/\" \/>\n<meta property=\"og:locale\" content=\"en_US\" \/>\n<meta property=\"og:type\" content=\"article\" \/>\n<meta property=\"og:title\" content=\"Ka dal\u00eb n\u00eb qarkullim gazeta &quot;Ngjallja&quot; e muajit prill 2014 - Kisha Orthodh\u03bfkse Autoqefale e Shqip\u00ebris\u00eb\" \/>\n<meta property=\"og:description\" content=\"Ka dal\u00eb n\u00eb qarkullim gazeta &#8220;Ngjallja&#8221; e muajit prill 2014. &nbsp; N\u00eb k\u00ebt\u00eb num\u00ebr do t\u00eb lexoni: &nbsp; &#8211; \u201cDrit\u00eb shprese p\u00ebr t\u00eb tashmen dhe p\u00ebr t\u00eb ardhmen\u201d &#8211; nga Mesazhi i Kryepiskopit Anastas me rastin e Pashk\u00ebs. &#8211; \u201cU ngjall, nuk \u00ebsht\u00eb k\u00ebtu!\u201d &#8211; Aparati i ri ekzaminues n\u00eb Klinik\u00ebn e Kish\u00ebs &#8211; nga Vasil Kristo &#8211; Kisha e re e Sh\u00ebn Athanasit, Pjez\u00eb\" \/>\n<meta property=\"og:url\" content=\"https:\/\/orthodoxalbania.org\/2020\/2014\/04\/30\/ka-dale-ne-qarkullim-gazeta-ngjallja-e-muajit-prill-2014\/\" \/>\n<meta property=\"og:site_name\" content=\"Kisha Orthodh\u03bfkse Autoqefale e Shqip\u00ebris\u00eb\" \/>\n<meta property=\"article:publisher\" content=\"https:\/\/www.facebook.com\/koash1991\" \/>\n<meta property=\"article:published_time\" content=\"2014-04-30T06:32:44+00:00\" \/>\n<meta property=\"article:modified_time\" content=\"2020-04-06T20:05:17+00:00\" \/>\n<meta property=\"og:image\" content=\"https:\/\/orthodoxalbania.org\/2020\/wp-content\/uploads\/2020\/04\/Gazeta-prill-2014-per-internet-page-0.jpg\" \/>\n\t<meta property=\"og:image:width\" content=\"613\" \/>\n\t<meta property=\"og:image:height\" content=\"833\" \/>\n\t<meta property=\"og:image:type\" content=\"image\/jpeg\" \/>\n<meta name=\"author\" content=\"Kisha Orthodhokse\" \/>\n<meta name=\"twitter:card\" content=\"summary_large_image\" \/>\n<meta name=\"twitter:label1\" content=\"Written by\" \/>\n\t<meta name=\"twitter:data1\" content=\"Kisha Orthodhokse\" \/>\n\t<meta name=\"twitter:label2\" content=\"Est. reading time\" \/>\n\t<meta name=\"twitter:data2\" content=\"1 minute\" \/>\n<script type=\"application\/ld+json\" class=\"yoast-schema-graph\">{\"@context\":\"https:\/\/schema.org\",\"@graph\":[{\"@type\":\"Article\",\"@id\":\"https:\/\/orthodoxalbania.org\/2020\/2014\/04\/30\/ka-dale-ne-qarkullim-gazeta-ngjallja-e-muajit-prill-2014\/#article\",\"isPartOf\":{\"@id\":\"https:\/\/orthodoxalbania.org\/2020\/2014\/04\/30\/ka-dale-ne-qarkullim-gazeta-ngjallja-e-muajit-prill-2014\/\"},\"author\":{\"name\":\"Kisha Orthodhokse\",\"@id\":\"https:\/\/orthodoxalbania.org\/2020\/#\/schema\/person\/0c387634a7063ac612d7ed9ce71c7e86\"},\"headline\":\"Ka dal\u00eb n\u00eb qarkullim gazeta &#8220;Ngjallja&#8221; e muajit prill 2014\",\"datePublished\":\"2014-04-30T06:32:44+00:00\",\"dateModified\":\"2020-04-06T20:05:17+00:00\",\"mainEntityOfPage\":{\"@id\":\"https:\/\/orthodoxalbania.org\/2020\/2014\/04\/30\/ka-dale-ne-qarkullim-gazeta-ngjallja-e-muajit-prill-2014\/\"},\"wordCount\":262,\"commentCount\":0,\"publisher\":{\"@id\":\"https:\/\/orthodoxalbania.org\/2020\/#organization\"},\"image\":{\"@id\":\"https:\/\/orthodoxalbania.org\/2020\/2014\/04\/30\/ka-dale-ne-qarkullim-gazeta-ngjallja-e-muajit-prill-2014\/#primaryimage\"},\"thumbnailUrl\":\"https:\/\/orthodoxalbania.org\/2020\/wp-content\/uploads\/2020\/04\/Gazeta-prill-2014-per-internet-page-0.jpg\",\"keywords\":[\"2014\",\"Gazeta \\\"Ngjallja\\\"\",\"Kryepiskopata Tiran\u00eb\",\"lajme\",\"PromovimePublikime\"],\"articleSection\":[\"Lajme\"],\"inLanguage\":\"en-US\"},{\"@type\":\"WebPage\",\"@id\":\"https:\/\/orthodoxalbania.org\/2020\/2014\/04\/30\/ka-dale-ne-qarkullim-gazeta-ngjallja-e-muajit-prill-2014\/\",\"url\":\"https:\/\/orthodoxalbania.org\/2020\/2014\/04\/30\/ka-dale-ne-qarkullim-gazeta-ngjallja-e-muajit-prill-2014\/\",\"name\":\"Ka dal\u00eb n\u00eb qarkullim gazeta \\\"Ngjallja\\\" e muajit prill 2014 - Kisha Orthodh\u03bfkse Autoqefale e Shqip\u00ebris\u00eb\",\"isPartOf\":{\"@id\":\"https:\/\/orthodoxalbania.org\/2020\/#website\"},\"primaryImageOfPage\":{\"@id\":\"https:\/\/orthodoxalbania.org\/2020\/2014\/04\/30\/ka-dale-ne-qarkullim-gazeta-ngjallja-e-muajit-prill-2014\/#primaryimage\"},\"image\":{\"@id\":\"https:\/\/orthodoxalbania.org\/2020\/2014\/04\/30\/ka-dale-ne-qarkullim-gazeta-ngjallja-e-muajit-prill-2014\/#primaryimage\"},\"thumbnailUrl\":\"https:\/\/orthodoxalbania.org\/2020\/wp-content\/uploads\/2020\/04\/Gazeta-prill-2014-per-internet-page-0.jpg\",\"datePublished\":\"2014-04-30T06:32:44+00:00\",\"dateModified\":\"2020-04-06T20:05:17+00:00\",\"breadcrumb\":{\"@id\":\"https:\/\/orthodoxalbania.org\/2020\/2014\/04\/30\/ka-dale-ne-qarkullim-gazeta-ngjallja-e-muajit-prill-2014\/#breadcrumb\"},\"inLanguage\":\"en-US\",\"potentialAction\":[{\"@type\":\"ReadAction\",\"target\":[\"https:\/\/orthodoxalbania.org\/2020\/2014\/04\/30\/ka-dale-ne-qarkullim-gazeta-ngjallja-e-muajit-prill-2014\/\"]}]},{\"@type\":\"ImageObject\",\"inLanguage\":\"en-US\",\"@id\":\"https:\/\/orthodoxalbania.org\/2020\/2014\/04\/30\/ka-dale-ne-qarkullim-gazeta-ngjallja-e-muajit-prill-2014\/#primaryimage\",\"url\":\"https:\/\/orthodoxalbania.org\/2020\/wp-content\/uploads\/2020\/04\/Gazeta-prill-2014-per-internet-page-0.jpg\",\"contentUrl\":\"https:\/\/orthodoxalbania.org\/2020\/wp-content\/uploads\/2020\/04\/Gazeta-prill-2014-per-internet-page-0.jpg\",\"width\":613,\"height\":833},{\"@type\":\"BreadcrumbList\",\"@id\":\"https:\/\/orthodoxalbania.org\/2020\/2014\/04\/30\/ka-dale-ne-qarkullim-gazeta-ngjallja-e-muajit-prill-2014\/#breadcrumb\",\"itemListElement\":[{\"@type\":\"ListItem\",\"position\":1,\"name\":\"Home\",\"item\":\"https:\/\/orthodoxalbania.org\/2020\/\"},{\"@type\":\"ListItem\",\"position\":2,\"name\":\"Ka dal\u00eb n\u00eb qarkullim gazeta &#8220;Ngjallja&#8221; e muajit prill 2014\"}]},{\"@type\":\"WebSite\",\"@id\":\"https:\/\/orthodoxalbania.org\/2020\/#website\",\"url\":\"https:\/\/orthodoxalbania.org\/2020\/\",\"name\":\"Kisha Orthodh\u03bfkse Autoqefale e Shqip\u00ebris\u00eb\",\"description\":\"Fqja Zyrtare e Kish\u00ebs Orthodhokse Autoqefale e Shqip\u00ebris\u00eb me lajmet edhe informacionet zyrtare p\u00ebr struktur\u00ebn edhe veprimtarin e saj.\",\"publisher\":{\"@id\":\"https:\/\/orthodoxalbania.org\/2020\/#organization\"},\"potentialAction\":[{\"@type\":\"SearchAction\",\"target\":{\"@type\":\"EntryPoint\",\"urlTemplate\":\"https:\/\/orthodoxalbania.org\/2020\/?s={search_term_string}\"},\"query-input\":{\"@type\":\"PropertyValueSpecification\",\"valueRequired\":true,\"valueName\":\"search_term_string\"}}],\"inLanguage\":\"en-US\"},{\"@type\":\"Organization\",\"@id\":\"https:\/\/orthodoxalbania.org\/2020\/#organization\",\"name\":\"Kisha Orthodhokse Autoqefale e Shqip\u00ebris\u00eb\",\"url\":\"https:\/\/orthodoxalbania.org\/2020\/\",\"logo\":{\"@type\":\"ImageObject\",\"inLanguage\":\"en-US\",\"@id\":\"https:\/\/orthodoxalbania.org\/2020\/#\/schema\/logo\/image\/\",\"url\":\"https:\/\/orthodoxalbania.org\/2020\/wp-content\/uploads\/2020\/05\/albania.jpeg\",\"contentUrl\":\"https:\/\/orthodoxalbania.org\/2020\/wp-content\/uploads\/2020\/05\/albania.jpeg\",\"width\":540,\"height\":540,\"caption\":\"Kisha Orthodhokse Autoqefale e Shqip\u00ebris\u00eb\"},\"image\":{\"@id\":\"https:\/\/orthodoxalbania.org\/2020\/#\/schema\/logo\/image\/\"},\"sameAs\":[\"https:\/\/www.facebook.com\/koash1991\"]},{\"@type\":\"Person\",\"@id\":\"https:\/\/orthodoxalbania.org\/2020\/#\/schema\/person\/0c387634a7063ac612d7ed9ce71c7e86\",\"name\":\"Kisha Orthodhokse\",\"image\":{\"@type\":\"ImageObject\",\"inLanguage\":\"en-US\",\"@id\":\"https:\/\/secure.gravatar.com\/avatar\/596e7c417251e30f2fbb9c00e026fce61a695a00e51c889caded71c96cbbdde5?s=96&d=mm&r=g\",\"url\":\"https:\/\/secure.gravatar.com\/avatar\/596e7c417251e30f2fbb9c00e026fce61a695a00e51c889caded71c96cbbdde5?s=96&d=mm&r=g\",\"contentUrl\":\"https:\/\/secure.gravatar.com\/avatar\/596e7c417251e30f2fbb9c00e026fce61a695a00e51c889caded71c96cbbdde5?s=96&d=mm&r=g\",\"caption\":\"Kisha Orthodhokse\"}}]}<\/script>\n<!-- \/ Yoast SEO plugin. -->","yoast_head_json":{"title":"Ka dal\u00eb n\u00eb qarkullim gazeta \"Ngjallja\" e muajit prill 2014 - Kisha Orthodh\u03bfkse Autoqefale e Shqip\u00ebris\u00eb","robots":{"index":"index","follow":"follow","max-snippet":"max-snippet:-1","max-image-preview":"max-image-preview:large","max-video-preview":"max-video-preview:-1"},"canonical":"https:\/\/orthodoxalbania.org\/2020\/2014\/04\/30\/ka-dale-ne-qarkullim-gazeta-ngjallja-e-muajit-prill-2014\/","og_locale":"en_US","og_type":"article","og_title":"Ka dal\u00eb n\u00eb qarkullim gazeta \"Ngjallja\" e muajit prill 2014 - Kisha Orthodh\u03bfkse Autoqefale e Shqip\u00ebris\u00eb","og_description":"Ka dal\u00eb n\u00eb qarkullim gazeta &#8220;Ngjallja&#8221; e muajit prill 2014. &nbsp; N\u00eb k\u00ebt\u00eb num\u00ebr do t\u00eb lexoni: &nbsp; &#8211; \u201cDrit\u00eb shprese p\u00ebr t\u00eb tashmen dhe p\u00ebr t\u00eb ardhmen\u201d &#8211; nga Mesazhi i Kryepiskopit Anastas me rastin e Pashk\u00ebs. &#8211; \u201cU ngjall, nuk \u00ebsht\u00eb k\u00ebtu!\u201d &#8211; Aparati i ri ekzaminues n\u00eb Klinik\u00ebn e Kish\u00ebs &#8211; nga Vasil Kristo &#8211; Kisha e re e Sh\u00ebn Athanasit, Pjez\u00eb","og_url":"https:\/\/orthodoxalbania.org\/2020\/2014\/04\/30\/ka-dale-ne-qarkullim-gazeta-ngjallja-e-muajit-prill-2014\/","og_site_name":"Kisha Orthodh\u03bfkse Autoqefale e Shqip\u00ebris\u00eb","article_publisher":"https:\/\/www.facebook.com\/koash1991","article_published_time":"2014-04-30T06:32:44+00:00","article_modified_time":"2020-04-06T20:05:17+00:00","og_image":[{"width":613,"height":833,"url":"https:\/\/orthodoxalbania.org\/2020\/wp-content\/uploads\/2020\/04\/Gazeta-prill-2014-per-internet-page-0.jpg","type":"image\/jpeg"}],"author":"Kisha Orthodhokse","twitter_card":"summary_large_image","twitter_misc":{"Written by":"Kisha Orthodhokse","Est. reading time":"1 minute"},"schema":{"@context":"https:\/\/schema.org","@graph":[{"@type":"Article","@id":"https:\/\/orthodoxalbania.org\/2020\/2014\/04\/30\/ka-dale-ne-qarkullim-gazeta-ngjallja-e-muajit-prill-2014\/#article","isPartOf":{"@id":"https:\/\/orthodoxalbania.org\/2020\/2014\/04\/30\/ka-dale-ne-qarkullim-gazeta-ngjallja-e-muajit-prill-2014\/"},"author":{"name":"Kisha Orthodhokse","@id":"https:\/\/orthodoxalbania.org\/2020\/#\/schema\/person\/0c387634a7063ac612d7ed9ce71c7e86"},"headline":"Ka dal\u00eb n\u00eb qarkullim gazeta &#8220;Ngjallja&#8221; e muajit prill 2014","datePublished":"2014-04-30T06:32:44+00:00","dateModified":"2020-04-06T20:05:17+00:00","mainEntityOfPage":{"@id":"https:\/\/orthodoxalbania.org\/2020\/2014\/04\/30\/ka-dale-ne-qarkullim-gazeta-ngjallja-e-muajit-prill-2014\/"},"wordCount":262,"commentCount":0,"publisher":{"@id":"https:\/\/orthodoxalbania.org\/2020\/#organization"},"image":{"@id":"https:\/\/orthodoxalbania.org\/2020\/2014\/04\/30\/ka-dale-ne-qarkullim-gazeta-ngjallja-e-muajit-prill-2014\/#primaryimage"},"thumbnailUrl":"https:\/\/orthodoxalbania.org\/2020\/wp-content\/uploads\/2020\/04\/Gazeta-prill-2014-per-internet-page-0.jpg","keywords":["2014","Gazeta \"Ngjallja\"","Kryepiskopata Tiran\u00eb","lajme","PromovimePublikime"],"articleSection":["Lajme"],"inLanguage":"en-US"},{"@type":"WebPage","@id":"https:\/\/orthodoxalbania.org\/2020\/2014\/04\/30\/ka-dale-ne-qarkullim-gazeta-ngjallja-e-muajit-prill-2014\/","url":"https:\/\/orthodoxalbania.org\/2020\/2014\/04\/30\/ka-dale-ne-qarkullim-gazeta-ngjallja-e-muajit-prill-2014\/","name":"Ka dal\u00eb n\u00eb qarkullim gazeta \"Ngjallja\" e muajit prill 2014 - Kisha Orthodh\u03bfkse Autoqefale e Shqip\u00ebris\u00eb","isPartOf":{"@id":"https:\/\/orthodoxalbania.org\/2020\/#website"},"primaryImageOfPage":{"@id":"https:\/\/orthodoxalbania.org\/2020\/2014\/04\/30\/ka-dale-ne-qarkullim-gazeta-ngjallja-e-muajit-prill-2014\/#primaryimage"},"image":{"@id":"https:\/\/orthodoxalbania.org\/2020\/2014\/04\/30\/ka-dale-ne-qarkullim-gazeta-ngjallja-e-muajit-prill-2014\/#primaryimage"},"thumbnailUrl":"https:\/\/orthodoxalbania.org\/2020\/wp-content\/uploads\/2020\/04\/Gazeta-prill-2014-per-internet-page-0.jpg","datePublished":"2014-04-30T06:32:44+00:00","dateModified":"2020-04-06T20:05:17+00:00","breadcrumb":{"@id":"https:\/\/orthodoxalbania.org\/2020\/2014\/04\/30\/ka-dale-ne-qarkullim-gazeta-ngjallja-e-muajit-prill-2014\/#breadcrumb"},"inLanguage":"en-US","potentialAction":[{"@type":"ReadAction","target":["https:\/\/orthodoxalbania.org\/2020\/2014\/04\/30\/ka-dale-ne-qarkullim-gazeta-ngjallja-e-muajit-prill-2014\/"]}]},{"@type":"ImageObject","inLanguage":"en-US","@id":"https:\/\/orthodoxalbania.org\/2020\/2014\/04\/30\/ka-dale-ne-qarkullim-gazeta-ngjallja-e-muajit-prill-2014\/#primaryimage","url":"https:\/\/orthodoxalbania.org\/2020\/wp-content\/uploads\/2020\/04\/Gazeta-prill-2014-per-internet-page-0.jpg","contentUrl":"https:\/\/orthodoxalbania.org\/2020\/wp-content\/uploads\/2020\/04\/Gazeta-prill-2014-per-internet-page-0.jpg","width":613,"height":833},{"@type":"BreadcrumbList","@id":"https:\/\/orthodoxalbania.org\/2020\/2014\/04\/30\/ka-dale-ne-qarkullim-gazeta-ngjallja-e-muajit-prill-2014\/#breadcrumb","itemListElement":[{"@type":"ListItem","position":1,"name":"Home","item":"https:\/\/orthodoxalbania.org\/2020\/"},{"@type":"ListItem","position":2,"name":"Ka dal\u00eb n\u00eb qarkullim gazeta &#8220;Ngjallja&#8221; e muajit prill 2014"}]},{"@type":"WebSite","@id":"https:\/\/orthodoxalbania.org\/2020\/#website","url":"https:\/\/orthodoxalbania.org\/2020\/","name":"Kisha Orthodh\u03bfkse Autoqefale e Shqip\u00ebris\u00eb","description":"Fqja Zyrtare e Kish\u00ebs Orthodhokse Autoqefale e Shqip\u00ebris\u00eb me lajmet edhe informacionet zyrtare p\u00ebr struktur\u00ebn edhe veprimtarin e saj.","publisher":{"@id":"https:\/\/orthodoxalbania.org\/2020\/#organization"},"potentialAction":[{"@type":"SearchAction","target":{"@type":"EntryPoint","urlTemplate":"https:\/\/orthodoxalbania.org\/2020\/?s={search_term_string}"},"query-input":{"@type":"PropertyValueSpecification","valueRequired":true,"valueName":"search_term_string"}}],"inLanguage":"en-US"},{"@type":"Organization","@id":"https:\/\/orthodoxalbania.org\/2020\/#organization","name":"Kisha Orthodhokse Autoqefale e Shqip\u00ebris\u00eb","url":"https:\/\/orthodoxalbania.org\/2020\/","logo":{"@type":"ImageObject","inLanguage":"en-US","@id":"https:\/\/orthodoxalbania.org\/2020\/#\/schema\/logo\/image\/","url":"https:\/\/orthodoxalbania.org\/2020\/wp-content\/uploads\/2020\/05\/albania.jpeg","contentUrl":"https:\/\/orthodoxalbania.org\/2020\/wp-content\/uploads\/2020\/05\/albania.jpeg","width":540,"height":540,"caption":"Kisha Orthodhokse Autoqefale e Shqip\u00ebris\u00eb"},"image":{"@id":"https:\/\/orthodoxalbania.org\/2020\/#\/schema\/logo\/image\/"},"sameAs":["https:\/\/www.facebook.com\/koash1991"]},{"@type":"Person","@id":"https:\/\/orthodoxalbania.org\/2020\/#\/schema\/person\/0c387634a7063ac612d7ed9ce71c7e86","name":"Kisha Orthodhokse","image":{"@type":"ImageObject","inLanguage":"en-US","@id":"https:\/\/secure.gravatar.com\/avatar\/596e7c417251e30f2fbb9c00e026fce61a695a00e51c889caded71c96cbbdde5?s=96&d=mm&r=g","url":"https:\/\/secure.gravatar.com\/avatar\/596e7c417251e30f2fbb9c00e026fce61a695a00e51c889caded71c96cbbdde5?s=96&d=mm&r=g","contentUrl":"https:\/\/secure.gravatar.com\/avatar\/596e7c417251e30f2fbb9c00e026fce61a695a00e51c889caded71c96cbbdde5?s=96&d=mm&r=g","caption":"Kisha Orthodhokse"}}]}},"_links":{"self":[{"href":"https:\/\/orthodoxalbania.org\/2020\/wp-json\/wp\/v2\/posts\/662","targetHints":{"allow":["GET"]}}],"collection":[{"href":"https:\/\/orthodoxalbania.org\/2020\/wp-json\/wp\/v2\/posts"}],"about":[{"href":"https:\/\/orthodoxalbania.org\/2020\/wp-json\/wp\/v2\/types\/post"}],"author":[{"embeddable":true,"href":"https:\/\/orthodoxalbania.org\/2020\/wp-json\/wp\/v2\/users\/1"}],"replies":[{"embeddable":true,"href":"https:\/\/orthodoxalbania.org\/2020\/wp-json\/wp\/v2\/comments?post=662"}],"version-history":[{"count":1,"href":"https:\/\/orthodoxalbania.org\/2020\/wp-json\/wp\/v2\/posts\/662\/revisions"}],"predecessor-version":[{"id":15102,"href":"https:\/\/orthodoxalbania.org\/2020\/wp-json\/wp\/v2\/posts\/662\/revisions\/15102"}],"wp:featuredmedia":[{"embeddable":true,"href":"https:\/\/orthodoxalbania.org\/2020\/wp-json\/wp\/v2\/media\/663"}],"wp:attachment":[{"href":"https:\/\/orthodoxalbania.org\/2020\/wp-json\/wp\/v2\/media?parent=662"}],"wp:term":[{"taxonomy":"category","embeddable":true,"href":"https:\/\/orthodoxalbania.org\/2020\/wp-json\/wp\/v2\/categories?post=662"},{"taxonomy":"post_tag","embeddable":true,"href":"https:\/\/orthodoxalbania.org\/2020\/wp-json\/wp\/v2\/tags?post=662"}],"curies":[{"name":"wp","href":"https:\/\/api.w.org\/{rel}","templated":true}]}}