{"id":658,"date":"2014-02-13T12:46:02","date_gmt":"2014-02-13T12:46:02","guid":{"rendered":""},"modified":"2020-04-06T22:05:21","modified_gmt":"2020-04-06T20:05:21","slug":"20144","status":"publish","type":"post","link":"https:\/\/orthodoxalbania.org\/2020\/2014\/02\/13\/20144\/","title":{"rendered":"Java e Martes\u00ebs 7 \u2013 14 shkurt 2014."},"content":{"rendered":"<p style=\"text-align: justify;\"><span style=\"color: #000000;\"><span style=\"font-family: tahoma,geneva,sans-serif;\"><span style=\"font-size: 12px;\"><img decoding=\"async\" class=\"lazyload HAa Eha\" style=\"height: 199px; width: 300px; margin: 10px; float: left; border-width: 1px; border-style: solid;\" alt=\"\" src=\"data:image\/gif;base64,R0lGODlhAQABAAAAACH5BAEKAAEALAAAAAABAAEAAAICTAEAOw==\" data-orig-src=\"https:\/\/lh5.googleusercontent.com\/-OlnGzYV_GUc\/Uvy1wY3ZOII\/AAAAAAAAHhg\/vsbXF9sfQ5Y\/w958-h636-no\/java+e+marteses+11.JPG\" \/><span style=\"font-size: 12pt; font-family: helvetica;\">&nbsp;&nbsp;&nbsp; Martesa \u00ebsht\u00eb thesar! Ajo \u00ebsht\u00eb n\u00eb qend\u00ebr t\u00eb \u00e7do kulture dhe \u00e7do kombi. Martesat e sh\u00ebndosha jan\u00eb themeli p\u00ebr familje t\u00eb sh\u00ebndosha, dhe familjet e sh\u00ebndosha jan\u00eb shtyllat e nj\u00eb shoq\u00ebrie t\u00eb fort\u00eb e me baza. Problemi q\u00ebndron se shpesh martes\u00ebs nuk i japim kujdesin q\u00eb meriton. Java e Martes\u00ebs synon t\u2019u kujtoj\u00eb \u00e7ifteve t\u00eb martuara n\u00eb Shqip\u00ebri t\u2019i japin prioritet dhe t\u00eb respektojn\u00eb nj\u00ebri-tjetrin.<\/span><\/span> <\/span> <\/span><\/p>\n<p style=\"text-align: justify;\"><span style=\"color: #000000; font-size: 12pt; font-family: helvetica;\">&nbsp;&nbsp;&nbsp; \u201cJava e Martes\u00ebs\u201d \u00ebsht\u00eb nj\u00eb l\u00ebvizje nd\u00ebrkomb\u00ebtare e krishter\u00eb, e p\u00ebrhapur n\u00eb 25 vende, duke p\u00ebrfshir\u00eb edhe vendin ton\u00eb. Rreth 2 milion njer\u00ebz, nga 20 vende t\u00eb kontinentit, marrin pjes\u00eb n\u00eb aktivitetet e zhvilluara n\u00eb kuad\u00ebr t\u00eb saj.<\/span><\/p>\n<p style=\"text-align: justify;\"><span style=\"color: #000000; font-size: 12pt; font-family: helvetica;\">&nbsp;&nbsp;&nbsp; N\u00eb besimin orthodhoks, Martesa \u00ebsht\u00eb nj\u00eb nga shtat\u00eb misteret kryesore dhe vazhdimisht besimtar\u00ebt thirren q\u00eb t\u00eb ken\u00eb nj\u00eb martes\u00eb sipas planit t\u00eb Per\u00ebndis\u00eb.<\/span><\/p>\n<p style=\"text-align: justify;\"><span style=\"color: #000000; font-size: 12pt; font-family: helvetica;\">&nbsp;&nbsp;&nbsp; P\u00ebrgjat\u00eb k\u00ebsaj jave, me bekimin e Kryepiskopit Anastas u zhvilluan nj\u00eb s\u00ebr\u00eb aktivitetesh p\u00ebr \u00e7iftet.<\/span><\/p>\n<p style=\"text-align: justify;\"><span style=\"color: #000000; font-size: 12pt; font-family: helvetica;\">&nbsp;&nbsp;&nbsp; M\u00eb 9 shkurt, n\u00eb ambientet e Qendr\u00ebs Kulturore Orthodhokse t\u00eb Katedrales s\u00eb Re \u201cNgjallja e Krishtit\u201d n\u00eb Tiran\u00eb u zhvillua nj\u00eb aktivitet. N\u00eb t\u00eb mor\u00ebn pjes\u00eb af\u00ebrsisht 30 \u00e7ifte, t\u00eb cil\u00ebt pat\u00ebn bekimin t\u00eb kishin t\u00eb pranish\u00ebm edhe Fortlumturin\u00eb e Tij, Kryepiskopin Anastas. Ai theksoi shenjt\u00ebrin\u00eb e familjes dhe r\u00ebnd\u00ebsin\u00eb e saj n\u00eb forcimin e mbar\u00eb shoq\u00ebris\u00eb.<\/span><\/p>\n<p style=\"text-align: justify;\"><span style=\"color: #000000; font-size: 12pt; font-family: helvetica;\">&nbsp;&nbsp;&nbsp; \u00c7iftet kaluan nj\u00eb koh\u00eb t\u00eb k\u00ebndshme n\u00eb nj\u00eb ambient t\u00eb p\u00ebrgatitur dhe t\u00eb zbukuruar enkas p\u00ebr ta. Ata mor\u00ebn si dhurat\u00eb librin: \u201cPes\u00eb gjuh\u00ebt e dashuris\u00eb\u201d. Disa nga \u00e7iftet ndan\u00eb madje edhe mendimet e tyre mbi k\u00ebt\u00eb lib\u00ebr, duke e lidhur at\u00eb me jet\u00ebn e tyre martesore.<\/span><\/p>\n<p style=\"text-align: justify;\"><span style=\"color: #000000; font-size: 12pt; font-family: helvetica;\">&nbsp;&nbsp;&nbsp; T\u00eb pranishmit u p\u00ebrsh\u00ebndet\u00ebn gjithashtu edhe nga Episkopi i Kruj\u00ebs, Hir\u00ebsi Andoni, i cili theksoi se martesa \u00ebsht\u00eb mbajtje premtimesh. Gjithashtu ai iu drejtua pjes\u00ebmarr\u00ebsve me k\u00ebto fjal\u00eb: Kujtoni gjithmon\u00eb n\u00eb jet\u00ebn tuaj bes\u00eblidhjen q\u00eb keni me nj\u00ebri-tjetrin dhe me Per\u00ebndin\u00eb p\u00ebr martes\u00ebn tuaj\u201d.<\/span><\/p>\n<p style=\"text-align: justify;\"><span style=\"color: #000000; font-size: 12pt; font-family: helvetica;\">&nbsp;&nbsp;&nbsp; Nj\u00eb aktivitet tjet\u00ebr n\u00eb lidhje me martes\u00ebn, u zhvillua m\u00eb 12 shkurt, me t\u00eb rinjt\u00eb orthodhoks\u00eb t\u00eb Tiran\u00ebs, po n\u00eb ambientet e Qendr\u00ebs Kulturore Orthodhokse.<\/span><\/p>\n<p style=\"text-align: justify;\"><span style=\"color: #000000; font-size: 12pt; font-family: helvetica;\">&nbsp;&nbsp;&nbsp; Dhjak Stefan Ritsi dhe bashk\u00ebshortja e tij, Aleksandra Ritsi theksuan para t\u00eb rinjve se martesa ka dhe duhet t\u00eb ket\u00eb Per\u00ebndin\u00eb n\u00eb qend\u00ebr dhe se e gjith\u00eb jeta martesore \u00ebsht\u00eb afrim drejt nj\u00ebri-tjetrit.<\/span><\/p>\n<p style=\"text-align: justify;\"><span style=\"color: #000000; font-size: 12pt; font-family: helvetica;\">&nbsp;&nbsp;&nbsp; P\u00ebr pjes\u00ebmarr\u00ebsit u shfaq dhe nj\u00eb film q\u00eb kishte lidhje me dashurin\u00eb dhe martes\u00ebn.<\/span><\/p>\n<p style=\"text-align: justify;\"><span style=\"color: #000000; font-size: 12pt; font-family: helvetica;\">&nbsp;&nbsp;&nbsp; Aktivitete n\u00eb kuad\u00ebr t\u00eb jav\u00ebs s\u00eb martes\u00ebs jan\u00eb planifikuar edhe n\u00eb kisha t\u00eb tjera orthodhokse n\u00eb Shqip\u00ebri.<\/span><\/p>\n<p style=\"text-align: right;\">\n<p><span style=\"color: #000000; font-size: 12pt; font-family: helvetica;\"> <strong>Ana Meni<\/strong><\/span><\/p>\n<p style=\"text-align: justify;\"><span style=\"color: #000000;\"><span style=\"font-family: tahoma,geneva,sans-serif;\"><span style=\"font-size: 12px;\"><strong><img decoding=\"async\" class=\"lazyload HAa Eha\" style=\"height: 398px; width: 600px; margin: 10px; border-width: 1px; border-style: solid;\" alt=\"\" src=\"data:image\/gif;base64,R0lGODlhAQABAAAAACH5BAEKAAEALAAAAAABAAEAAAICTAEAOw==\" data-orig-src=\"https:\/\/lh3.googleusercontent.com\/-iYga4W749v0\/Uvy18lJG3RI\/AAAAAAAAHho\/ylE4K3TGSrw\/w958-h636-no\/java+e+marteses+5.JPG\" \/><\/strong><\/span><\/span> <\/span><\/p>\n<p style=\"text-align: justify;\"><span style=\"color: #000000;\"><span style=\"font-family: tahoma,geneva,sans-serif;\"><span style=\"font-size: 12px;\"><strong><img decoding=\"async\" class=\"lazyload HAa Eha\" style=\"height: 398px; width: 600px; margin: 10px; border-width: 1px; border-style: solid;\" alt=\"\" src=\"data:image\/gif;base64,R0lGODlhAQABAAAAACH5BAEKAAEALAAAAAABAAEAAAICTAEAOw==\" data-orig-src=\"https:\/\/lh3.googleusercontent.com\/-eAgYOqHUQ2o\/Uvy2Iva6HPI\/AAAAAAAAHhw\/gHmkMmbKX-4\/w958-h636-no\/java+e+marteses+6.JPG\" \/><\/strong><\/span><\/span> <\/span><\/p>\n<p style=\"text-align: justify;\"><span style=\"color: #000000;\"><span style=\"font-family: tahoma,geneva,sans-serif;\"><span style=\"font-size: 12px;\"><strong><img decoding=\"async\" class=\"lazyload HAa Eha\" style=\"height: 398px; width: 600px; margin: 10px; border-width: 1px; border-style: solid;\" alt=\"\" src=\"data:image\/gif;base64,R0lGODlhAQABAAAAACH5BAEKAAEALAAAAAABAAEAAAICTAEAOw==\" data-orig-src=\"https:\/\/lh4.googleusercontent.com\/-SjnTWAtudC8\/Uvy5wfvwJWI\/AAAAAAAAHiY\/4N772rWSKT0\/w958-h636-no\/java+e+marteses+12.JPG\" \/><\/strong><\/span><\/span> <\/span><\/p>\n<p style=\"text-align: justify;\"><span style=\"color: #000000;\"><span style=\"font-family: tahoma,geneva,sans-serif;\"><span style=\"font-size: 12px;\"><strong><img decoding=\"async\" class=\"lazyload HAa Eha\" style=\"height: 398px; width: 600px; margin: 10px; border-width: 1px; border-style: solid;\" alt=\"\" src=\"data:image\/gif;base64,R0lGODlhAQABAAAAACH5BAEKAAEALAAAAAABAAEAAAICTAEAOw==\" data-orig-src=\"https:\/\/lh4.googleusercontent.com\/-dgqf8EKOBqw\/Uvy2qXw-UxI\/AAAAAAAAHiI\/VR2V3jz1Z0Q\/w958-h636-no\/_DSC2594.JPG\" \/><\/strong><\/span><\/span> <\/span><\/p>\n<p style=\"text-align: justify;\"><span style=\"color: #000000;\"><span style=\"font-family: tahoma,geneva,sans-serif;\"><span style=\"font-size: 12px;\"><strong><img decoding=\"async\" class=\"lazyload HAa Eha\" style=\"height: 398px; width: 600px; margin: 10px; border-width: 1px; border-style: solid;\" alt=\"\" src=\"data:image\/gif;base64,R0lGODlhAQABAAAAACH5BAEKAAEALAAAAAABAAEAAAICTAEAOw==\" data-orig-src=\"https:\/\/lh6.googleusercontent.com\/-iePkgCpsOy8\/Uvy1vZx4DaI\/AAAAAAAAHhQ\/dP75JlWNCyc\/w958-h636-no\/java+e+marteses+3.JPG\" \/><\/strong><\/span><\/span> <\/span><\/p>\n<p style=\"text-align: justify;\"><span style=\"color: #000000;\"><span style=\"font-family: tahoma,geneva,sans-serif;\"><span style=\"font-size: 12px;\"><strong><img decoding=\"async\" class=\"lazyload HAa Eha\" style=\"height: 398px; width: 600px; margin: 10px; border-width: 1px; border-style: solid;\" alt=\"\" src=\"data:image\/gif;base64,R0lGODlhAQABAAAAACH5BAEKAAEALAAAAAABAAEAAAICTAEAOw==\" data-orig-src=\"https:\/\/lh6.googleusercontent.com\/-LQXN2ZyRmsw\/Uvy2XMOJIeI\/AAAAAAAAHh4\/LrTqr6MH5iI\/w958-h636-no\/java+e+marteses+8.JPG\" \/><\/strong><\/span><\/span> <\/span><\/p>\n<p style=\"text-align: justify;\"><span style=\"color: #000000;\"><span style=\"font-family: tahoma,geneva,sans-serif;\"><span style=\"font-size: 12px;\"><strong><img decoding=\"async\" class=\"lazyload HAa Eha\" style=\"height: 398px; width: 600px; margin: 10px; border-width: 1px; border-style: solid;\" alt=\"\" src=\"data:image\/gif;base64,R0lGODlhAQABAAAAACH5BAEKAAEALAAAAAABAAEAAAICTAEAOw==\" data-orig-src=\"https:\/\/lh5.googleusercontent.com\/-OlnGzYV_GUc\/Uvy1wY3ZOII\/AAAAAAAAHhg\/vsbXF9sfQ5Y\/w958-h636-no\/java+e+marteses+11.JPG\" \/><\/strong><\/span><\/span> <\/span><\/p>\n<p style=\"text-align: justify;\"><span style=\"color: #000000;\"><span style=\"font-family: tahoma,geneva,sans-serif;\"><span style=\"font-size: 12px;\"><strong><img decoding=\"async\" class=\"lazyload HAa Eha\" style=\"height: 398px; width: 600px; margin: 10px; border-width: 1px; border-style: solid;\" alt=\"\" src=\"data:image\/gif;base64,R0lGODlhAQABAAAAACH5BAEKAAEALAAAAAABAAEAAAICTAEAOw==\" data-orig-src=\"https:\/\/lh5.googleusercontent.com\/-ZFsOpGNx3b8\/Uvy2jQJTtTI\/AAAAAAAAHiA\/PxkQwpRVNFU\/w958-h636-no\/_DSC2580.JPG\" \/><\/strong><\/span><\/span> <\/span><\/p>\n","protected":false},"excerpt":{"rendered":"<p>&nbsp;&nbsp;&nbsp; Martesa \u00ebsht\u00eb thesar! Ajo \u00ebsht\u00eb n\u00eb qend\u00ebr t\u00eb \u00e7do kulture dhe \u00e7do kombi. Martesat e sh\u00ebndosha jan\u00eb themeli p\u00ebr familje t\u00eb sh\u00ebndosha, dhe familjet e sh\u00ebndosha jan\u00eb shtyllat e nj\u00eb shoq\u00ebrie t\u00eb fort\u00eb e me baza. Problemi q\u00ebndron se shpesh martes\u00ebs nuk i japim kujdesin q\u00eb meriton. Java e Martes\u00ebs synon t\u2019u kujtoj\u00eb \u00e7ifteve t\u00eb martuara n\u00eb Shqip\u00ebri t\u2019i japin prioritet dhe t\u00eb respektojn\u00eb<\/p>\n","protected":false},"author":1,"featured_media":659,"comment_status":"open","ping_status":"open","sticky":false,"template":"","format":"standard","meta":{"_acf_changed":false,"pagelayer_contact_templates":[],"_pagelayer_content":"","inline_featured_image":false,"fifu_image_url":"","fifu_image_alt":"","footnotes":""},"categories":[108],"tags":[140,154,196,212],"class_list":["post-658","post","type-post","status-publish","format-standard","has-post-thumbnail","hentry","category-lajme","tag-140","tag-aktivitete","tag-tirane","tag-lajme-d27"],"acf":[],"yoast_head":"<!-- This site is optimized with the Yoast SEO plugin v27.2 - https:\/\/yoast.com\/product\/yoast-seo-wordpress\/ -->\n<title>Java e Martes\u00ebs 7 \u2013 14 shkurt 2014. - Kisha Orthodh\u03bfkse Autoqefale e Shqip\u00ebris\u00eb<\/title>\n<meta name=\"robots\" content=\"index, follow, max-snippet:-1, max-image-preview:large, max-video-preview:-1\" \/>\n<link rel=\"canonical\" href=\"https:\/\/orthodoxalbania.org\/2020\/2014\/02\/13\/20144\/\" \/>\n<meta property=\"og:locale\" content=\"en_US\" \/>\n<meta property=\"og:type\" content=\"article\" \/>\n<meta property=\"og:title\" content=\"Java e Martes\u00ebs 7 \u2013 14 shkurt 2014. - Kisha Orthodh\u03bfkse Autoqefale e Shqip\u00ebris\u00eb\" \/>\n<meta property=\"og:description\" content=\"&nbsp;&nbsp;&nbsp; Martesa \u00ebsht\u00eb thesar! Ajo \u00ebsht\u00eb n\u00eb qend\u00ebr t\u00eb \u00e7do kulture dhe \u00e7do kombi. Martesat e sh\u00ebndosha jan\u00eb themeli p\u00ebr familje t\u00eb sh\u00ebndosha, dhe familjet e sh\u00ebndosha jan\u00eb shtyllat e nj\u00eb shoq\u00ebrie t\u00eb fort\u00eb e me baza. Problemi q\u00ebndron se shpesh martes\u00ebs nuk i japim kujdesin q\u00eb meriton. Java e Martes\u00ebs synon t\u2019u kujtoj\u00eb \u00e7ifteve t\u00eb martuara n\u00eb Shqip\u00ebri t\u2019i japin prioritet dhe t\u00eb respektojn\u00eb\" \/>\n<meta property=\"og:url\" content=\"https:\/\/orthodoxalbania.org\/2020\/2014\/02\/13\/20144\/\" \/>\n<meta property=\"og:site_name\" content=\"Kisha Orthodh\u03bfkse Autoqefale e Shqip\u00ebris\u00eb\" \/>\n<meta property=\"article:publisher\" content=\"https:\/\/www.facebook.com\/koash1991\" \/>\n<meta property=\"article:published_time\" content=\"2014-02-13T12:46:02+00:00\" \/>\n<meta property=\"article:modified_time\" content=\"2020-04-06T20:05:21+00:00\" \/>\n<meta property=\"og:image\" content=\"https:\/\/orthodoxalbania.org\/2020\/wp-content\/uploads\/2020\/04\/java-e-marteses-11.JPG\" \/>\n\t<meta property=\"og:image:width\" content=\"958\" \/>\n\t<meta property=\"og:image:height\" content=\"636\" \/>\n\t<meta property=\"og:image:type\" content=\"image\/jpeg\" \/>\n<meta name=\"author\" content=\"Kisha Orthodhokse\" \/>\n<meta name=\"twitter:card\" content=\"summary_large_image\" \/>\n<meta name=\"twitter:label1\" content=\"Written by\" \/>\n\t<meta name=\"twitter:data1\" content=\"Kisha Orthodhokse\" \/>\n\t<meta name=\"twitter:label2\" content=\"Est. reading time\" \/>\n\t<meta name=\"twitter:data2\" content=\"2 minutes\" \/>\n<script type=\"application\/ld+json\" class=\"yoast-schema-graph\">{\"@context\":\"https:\/\/schema.org\",\"@graph\":[{\"@type\":\"Article\",\"@id\":\"https:\/\/orthodoxalbania.org\/2020\/2014\/02\/13\/20144\/#article\",\"isPartOf\":{\"@id\":\"https:\/\/orthodoxalbania.org\/2020\/2014\/02\/13\/20144\/\"},\"author\":{\"name\":\"Kisha Orthodhokse\",\"@id\":\"https:\/\/orthodoxalbania.org\/2020\/#\/schema\/person\/0c387634a7063ac612d7ed9ce71c7e86\"},\"headline\":\"Java e Martes\u00ebs 7 \u2013 14 shkurt 2014.\",\"datePublished\":\"2014-02-13T12:46:02+00:00\",\"dateModified\":\"2020-04-06T20:05:21+00:00\",\"mainEntityOfPage\":{\"@id\":\"https:\/\/orthodoxalbania.org\/2020\/2014\/02\/13\/20144\/\"},\"wordCount\":487,\"commentCount\":0,\"publisher\":{\"@id\":\"https:\/\/orthodoxalbania.org\/2020\/#organization\"},\"image\":{\"@id\":\"https:\/\/orthodoxalbania.org\/2020\/2014\/02\/13\/20144\/#primaryimage\"},\"thumbnailUrl\":\"https:\/\/orthodoxalbania.org\/2020\/wp-content\/uploads\/2020\/04\/java-e-marteses-11.JPG\",\"keywords\":[\"2014\",\"Aktivitete\",\"Kryepiskopata Tiran\u00eb\",\"lajme\"],\"articleSection\":[\"Lajme\"],\"inLanguage\":\"en-US\"},{\"@type\":\"WebPage\",\"@id\":\"https:\/\/orthodoxalbania.org\/2020\/2014\/02\/13\/20144\/\",\"url\":\"https:\/\/orthodoxalbania.org\/2020\/2014\/02\/13\/20144\/\",\"name\":\"Java e Martes\u00ebs 7 \u2013 14 shkurt 2014. - Kisha Orthodh\u03bfkse Autoqefale e Shqip\u00ebris\u00eb\",\"isPartOf\":{\"@id\":\"https:\/\/orthodoxalbania.org\/2020\/#website\"},\"primaryImageOfPage\":{\"@id\":\"https:\/\/orthodoxalbania.org\/2020\/2014\/02\/13\/20144\/#primaryimage\"},\"image\":{\"@id\":\"https:\/\/orthodoxalbania.org\/2020\/2014\/02\/13\/20144\/#primaryimage\"},\"thumbnailUrl\":\"https:\/\/orthodoxalbania.org\/2020\/wp-content\/uploads\/2020\/04\/java-e-marteses-11.JPG\",\"datePublished\":\"2014-02-13T12:46:02+00:00\",\"dateModified\":\"2020-04-06T20:05:21+00:00\",\"breadcrumb\":{\"@id\":\"https:\/\/orthodoxalbania.org\/2020\/2014\/02\/13\/20144\/#breadcrumb\"},\"inLanguage\":\"en-US\",\"potentialAction\":[{\"@type\":\"ReadAction\",\"target\":[\"https:\/\/orthodoxalbania.org\/2020\/2014\/02\/13\/20144\/\"]}]},{\"@type\":\"ImageObject\",\"inLanguage\":\"en-US\",\"@id\":\"https:\/\/orthodoxalbania.org\/2020\/2014\/02\/13\/20144\/#primaryimage\",\"url\":\"https:\/\/orthodoxalbania.org\/2020\/wp-content\/uploads\/2020\/04\/java-e-marteses-11.JPG\",\"contentUrl\":\"https:\/\/orthodoxalbania.org\/2020\/wp-content\/uploads\/2020\/04\/java-e-marteses-11.JPG\",\"width\":958,\"height\":636},{\"@type\":\"BreadcrumbList\",\"@id\":\"https:\/\/orthodoxalbania.org\/2020\/2014\/02\/13\/20144\/#breadcrumb\",\"itemListElement\":[{\"@type\":\"ListItem\",\"position\":1,\"name\":\"Home\",\"item\":\"https:\/\/orthodoxalbania.org\/2020\/\"},{\"@type\":\"ListItem\",\"position\":2,\"name\":\"Java e Martes\u00ebs 7 \u2013 14 shkurt 2014.\"}]},{\"@type\":\"WebSite\",\"@id\":\"https:\/\/orthodoxalbania.org\/2020\/#website\",\"url\":\"https:\/\/orthodoxalbania.org\/2020\/\",\"name\":\"Kisha Orthodh\u03bfkse Autoqefale e Shqip\u00ebris\u00eb\",\"description\":\"Fqja Zyrtare e Kish\u00ebs Orthodhokse Autoqefale e Shqip\u00ebris\u00eb me lajmet edhe informacionet zyrtare p\u00ebr struktur\u00ebn edhe veprimtarin e saj.\",\"publisher\":{\"@id\":\"https:\/\/orthodoxalbania.org\/2020\/#organization\"},\"potentialAction\":[{\"@type\":\"SearchAction\",\"target\":{\"@type\":\"EntryPoint\",\"urlTemplate\":\"https:\/\/orthodoxalbania.org\/2020\/?s={search_term_string}\"},\"query-input\":{\"@type\":\"PropertyValueSpecification\",\"valueRequired\":true,\"valueName\":\"search_term_string\"}}],\"inLanguage\":\"en-US\"},{\"@type\":\"Organization\",\"@id\":\"https:\/\/orthodoxalbania.org\/2020\/#organization\",\"name\":\"Kisha Orthodhokse Autoqefale e Shqip\u00ebris\u00eb\",\"url\":\"https:\/\/orthodoxalbania.org\/2020\/\",\"logo\":{\"@type\":\"ImageObject\",\"inLanguage\":\"en-US\",\"@id\":\"https:\/\/orthodoxalbania.org\/2020\/#\/schema\/logo\/image\/\",\"url\":\"https:\/\/orthodoxalbania.org\/2020\/wp-content\/uploads\/2020\/05\/albania.jpeg\",\"contentUrl\":\"https:\/\/orthodoxalbania.org\/2020\/wp-content\/uploads\/2020\/05\/albania.jpeg\",\"width\":540,\"height\":540,\"caption\":\"Kisha Orthodhokse Autoqefale e Shqip\u00ebris\u00eb\"},\"image\":{\"@id\":\"https:\/\/orthodoxalbania.org\/2020\/#\/schema\/logo\/image\/\"},\"sameAs\":[\"https:\/\/www.facebook.com\/koash1991\"]},{\"@type\":\"Person\",\"@id\":\"https:\/\/orthodoxalbania.org\/2020\/#\/schema\/person\/0c387634a7063ac612d7ed9ce71c7e86\",\"name\":\"Kisha Orthodhokse\",\"image\":{\"@type\":\"ImageObject\",\"inLanguage\":\"en-US\",\"@id\":\"https:\/\/secure.gravatar.com\/avatar\/596e7c417251e30f2fbb9c00e026fce61a695a00e51c889caded71c96cbbdde5?s=96&d=mm&r=g\",\"url\":\"https:\/\/secure.gravatar.com\/avatar\/596e7c417251e30f2fbb9c00e026fce61a695a00e51c889caded71c96cbbdde5?s=96&d=mm&r=g\",\"contentUrl\":\"https:\/\/secure.gravatar.com\/avatar\/596e7c417251e30f2fbb9c00e026fce61a695a00e51c889caded71c96cbbdde5?s=96&d=mm&r=g\",\"caption\":\"Kisha Orthodhokse\"}}]}<\/script>\n<!-- \/ Yoast SEO plugin. -->","yoast_head_json":{"title":"Java e Martes\u00ebs 7 \u2013 14 shkurt 2014. - Kisha Orthodh\u03bfkse Autoqefale e Shqip\u00ebris\u00eb","robots":{"index":"index","follow":"follow","max-snippet":"max-snippet:-1","max-image-preview":"max-image-preview:large","max-video-preview":"max-video-preview:-1"},"canonical":"https:\/\/orthodoxalbania.org\/2020\/2014\/02\/13\/20144\/","og_locale":"en_US","og_type":"article","og_title":"Java e Martes\u00ebs 7 \u2013 14 shkurt 2014. - Kisha Orthodh\u03bfkse Autoqefale e Shqip\u00ebris\u00eb","og_description":"&nbsp;&nbsp;&nbsp; Martesa \u00ebsht\u00eb thesar! Ajo \u00ebsht\u00eb n\u00eb qend\u00ebr t\u00eb \u00e7do kulture dhe \u00e7do kombi. Martesat e sh\u00ebndosha jan\u00eb themeli p\u00ebr familje t\u00eb sh\u00ebndosha, dhe familjet e sh\u00ebndosha jan\u00eb shtyllat e nj\u00eb shoq\u00ebrie t\u00eb fort\u00eb e me baza. Problemi q\u00ebndron se shpesh martes\u00ebs nuk i japim kujdesin q\u00eb meriton. Java e Martes\u00ebs synon t\u2019u kujtoj\u00eb \u00e7ifteve t\u00eb martuara n\u00eb Shqip\u00ebri t\u2019i japin prioritet dhe t\u00eb respektojn\u00eb","og_url":"https:\/\/orthodoxalbania.org\/2020\/2014\/02\/13\/20144\/","og_site_name":"Kisha Orthodh\u03bfkse Autoqefale e Shqip\u00ebris\u00eb","article_publisher":"https:\/\/www.facebook.com\/koash1991","article_published_time":"2014-02-13T12:46:02+00:00","article_modified_time":"2020-04-06T20:05:21+00:00","og_image":[{"width":958,"height":636,"url":"https:\/\/orthodoxalbania.org\/2020\/wp-content\/uploads\/2020\/04\/java-e-marteses-11.JPG","type":"image\/jpeg"}],"author":"Kisha Orthodhokse","twitter_card":"summary_large_image","twitter_misc":{"Written by":"Kisha Orthodhokse","Est. reading time":"2 minutes"},"schema":{"@context":"https:\/\/schema.org","@graph":[{"@type":"Article","@id":"https:\/\/orthodoxalbania.org\/2020\/2014\/02\/13\/20144\/#article","isPartOf":{"@id":"https:\/\/orthodoxalbania.org\/2020\/2014\/02\/13\/20144\/"},"author":{"name":"Kisha Orthodhokse","@id":"https:\/\/orthodoxalbania.org\/2020\/#\/schema\/person\/0c387634a7063ac612d7ed9ce71c7e86"},"headline":"Java e Martes\u00ebs 7 \u2013 14 shkurt 2014.","datePublished":"2014-02-13T12:46:02+00:00","dateModified":"2020-04-06T20:05:21+00:00","mainEntityOfPage":{"@id":"https:\/\/orthodoxalbania.org\/2020\/2014\/02\/13\/20144\/"},"wordCount":487,"commentCount":0,"publisher":{"@id":"https:\/\/orthodoxalbania.org\/2020\/#organization"},"image":{"@id":"https:\/\/orthodoxalbania.org\/2020\/2014\/02\/13\/20144\/#primaryimage"},"thumbnailUrl":"https:\/\/orthodoxalbania.org\/2020\/wp-content\/uploads\/2020\/04\/java-e-marteses-11.JPG","keywords":["2014","Aktivitete","Kryepiskopata Tiran\u00eb","lajme"],"articleSection":["Lajme"],"inLanguage":"en-US"},{"@type":"WebPage","@id":"https:\/\/orthodoxalbania.org\/2020\/2014\/02\/13\/20144\/","url":"https:\/\/orthodoxalbania.org\/2020\/2014\/02\/13\/20144\/","name":"Java e Martes\u00ebs 7 \u2013 14 shkurt 2014. - Kisha Orthodh\u03bfkse Autoqefale e Shqip\u00ebris\u00eb","isPartOf":{"@id":"https:\/\/orthodoxalbania.org\/2020\/#website"},"primaryImageOfPage":{"@id":"https:\/\/orthodoxalbania.org\/2020\/2014\/02\/13\/20144\/#primaryimage"},"image":{"@id":"https:\/\/orthodoxalbania.org\/2020\/2014\/02\/13\/20144\/#primaryimage"},"thumbnailUrl":"https:\/\/orthodoxalbania.org\/2020\/wp-content\/uploads\/2020\/04\/java-e-marteses-11.JPG","datePublished":"2014-02-13T12:46:02+00:00","dateModified":"2020-04-06T20:05:21+00:00","breadcrumb":{"@id":"https:\/\/orthodoxalbania.org\/2020\/2014\/02\/13\/20144\/#breadcrumb"},"inLanguage":"en-US","potentialAction":[{"@type":"ReadAction","target":["https:\/\/orthodoxalbania.org\/2020\/2014\/02\/13\/20144\/"]}]},{"@type":"ImageObject","inLanguage":"en-US","@id":"https:\/\/orthodoxalbania.org\/2020\/2014\/02\/13\/20144\/#primaryimage","url":"https:\/\/orthodoxalbania.org\/2020\/wp-content\/uploads\/2020\/04\/java-e-marteses-11.JPG","contentUrl":"https:\/\/orthodoxalbania.org\/2020\/wp-content\/uploads\/2020\/04\/java-e-marteses-11.JPG","width":958,"height":636},{"@type":"BreadcrumbList","@id":"https:\/\/orthodoxalbania.org\/2020\/2014\/02\/13\/20144\/#breadcrumb","itemListElement":[{"@type":"ListItem","position":1,"name":"Home","item":"https:\/\/orthodoxalbania.org\/2020\/"},{"@type":"ListItem","position":2,"name":"Java e Martes\u00ebs 7 \u2013 14 shkurt 2014."}]},{"@type":"WebSite","@id":"https:\/\/orthodoxalbania.org\/2020\/#website","url":"https:\/\/orthodoxalbania.org\/2020\/","name":"Kisha Orthodh\u03bfkse Autoqefale e Shqip\u00ebris\u00eb","description":"Fqja Zyrtare e Kish\u00ebs Orthodhokse Autoqefale e Shqip\u00ebris\u00eb me lajmet edhe informacionet zyrtare p\u00ebr struktur\u00ebn edhe veprimtarin e saj.","publisher":{"@id":"https:\/\/orthodoxalbania.org\/2020\/#organization"},"potentialAction":[{"@type":"SearchAction","target":{"@type":"EntryPoint","urlTemplate":"https:\/\/orthodoxalbania.org\/2020\/?s={search_term_string}"},"query-input":{"@type":"PropertyValueSpecification","valueRequired":true,"valueName":"search_term_string"}}],"inLanguage":"en-US"},{"@type":"Organization","@id":"https:\/\/orthodoxalbania.org\/2020\/#organization","name":"Kisha Orthodhokse Autoqefale e Shqip\u00ebris\u00eb","url":"https:\/\/orthodoxalbania.org\/2020\/","logo":{"@type":"ImageObject","inLanguage":"en-US","@id":"https:\/\/orthodoxalbania.org\/2020\/#\/schema\/logo\/image\/","url":"https:\/\/orthodoxalbania.org\/2020\/wp-content\/uploads\/2020\/05\/albania.jpeg","contentUrl":"https:\/\/orthodoxalbania.org\/2020\/wp-content\/uploads\/2020\/05\/albania.jpeg","width":540,"height":540,"caption":"Kisha Orthodhokse Autoqefale e Shqip\u00ebris\u00eb"},"image":{"@id":"https:\/\/orthodoxalbania.org\/2020\/#\/schema\/logo\/image\/"},"sameAs":["https:\/\/www.facebook.com\/koash1991"]},{"@type":"Person","@id":"https:\/\/orthodoxalbania.org\/2020\/#\/schema\/person\/0c387634a7063ac612d7ed9ce71c7e86","name":"Kisha Orthodhokse","image":{"@type":"ImageObject","inLanguage":"en-US","@id":"https:\/\/secure.gravatar.com\/avatar\/596e7c417251e30f2fbb9c00e026fce61a695a00e51c889caded71c96cbbdde5?s=96&d=mm&r=g","url":"https:\/\/secure.gravatar.com\/avatar\/596e7c417251e30f2fbb9c00e026fce61a695a00e51c889caded71c96cbbdde5?s=96&d=mm&r=g","contentUrl":"https:\/\/secure.gravatar.com\/avatar\/596e7c417251e30f2fbb9c00e026fce61a695a00e51c889caded71c96cbbdde5?s=96&d=mm&r=g","caption":"Kisha Orthodhokse"}}]}},"_links":{"self":[{"href":"https:\/\/orthodoxalbania.org\/2020\/wp-json\/wp\/v2\/posts\/658","targetHints":{"allow":["GET"]}}],"collection":[{"href":"https:\/\/orthodoxalbania.org\/2020\/wp-json\/wp\/v2\/posts"}],"about":[{"href":"https:\/\/orthodoxalbania.org\/2020\/wp-json\/wp\/v2\/types\/post"}],"author":[{"embeddable":true,"href":"https:\/\/orthodoxalbania.org\/2020\/wp-json\/wp\/v2\/users\/1"}],"replies":[{"embeddable":true,"href":"https:\/\/orthodoxalbania.org\/2020\/wp-json\/wp\/v2\/comments?post=658"}],"version-history":[{"count":1,"href":"https:\/\/orthodoxalbania.org\/2020\/wp-json\/wp\/v2\/posts\/658\/revisions"}],"predecessor-version":[{"id":15124,"href":"https:\/\/orthodoxalbania.org\/2020\/wp-json\/wp\/v2\/posts\/658\/revisions\/15124"}],"wp:featuredmedia":[{"embeddable":true,"href":"https:\/\/orthodoxalbania.org\/2020\/wp-json\/wp\/v2\/media\/659"}],"wp:attachment":[{"href":"https:\/\/orthodoxalbania.org\/2020\/wp-json\/wp\/v2\/media?parent=658"}],"wp:term":[{"taxonomy":"category","embeddable":true,"href":"https:\/\/orthodoxalbania.org\/2020\/wp-json\/wp\/v2\/categories?post=658"},{"taxonomy":"post_tag","embeddable":true,"href":"https:\/\/orthodoxalbania.org\/2020\/wp-json\/wp\/v2\/tags?post=658"}],"curies":[{"name":"wp","href":"https:\/\/api.w.org\/{rel}","templated":true}]}}