{"id":657,"date":"2013-03-22T10:39:00","date_gmt":"2013-03-22T10:39:00","guid":{"rendered":""},"modified":"2020-04-06T22:05:48","modified_gmt":"2020-04-06T20:05:48","slug":"java-e-marteses-7-14-shkurt","status":"publish","type":"post","link":"https:\/\/orthodoxalbania.org\/2020\/2013\/03\/22\/java-e-marteses-7-14-shkurt\/","title":{"rendered":"Java e Martes\u00ebs 7 \u2013 14 Shkurt 2013."},"content":{"rendered":"<p style=\"text-align: center;\">\n\t<span style=\"color:#b22222;\"><span style=\"font-size: 12px;\"><span style=\"font-family: tahoma,geneva,sans-serif;\"><strong>Java e Martes\u00ebs 7 \u2013 14 Shkurt<\/strong><\/span><\/span><\/span><\/p>\n<p style=\"text-align: justify;\">\n<p>\t<span style=\"font-size:12px;\"><span style=\"font-family: tahoma,geneva,sans-serif;\"><span style=\"color:#000000;\">&nbsp;&nbsp;&nbsp; Martesa \u00ebsht\u00eb thesar, ajo \u00ebsht\u00eb n\u00eb qend\u00ebr t\u00eb \u00e7do kulture dhe \u00e7do kombi. Martesat e forta jan\u00eb themeli p\u00ebr familje t\u00eb forta, dhe familje t\u00eb forta jan\u00eb shtyllat e nj\u00eb shoq\u00ebrie t\u00eb sh\u00ebndetshme. Java e Martes\u00ebs \u00ebsht\u00eb nj\u00eb l\u00ebvizje nd\u00ebrkomb\u00ebtare n\u00eb rritje, e p\u00ebrhapur n\u00eb 25 vende duke p\u00ebrfshir\u00eb edhe Shqip\u00ebrin\u00eb.&nbsp; Duke ditur r\u00ebnd\u00ebsin\u00eb e madhe t\u00eb martes\u00ebs dhe familjes, Kisha Orthodhokse s\u00eb bashku me t\u00eb gjitha komunitetet e tjera t\u00eb Krishtera n\u00eb Shqip\u00ebri, gjat\u00eb k\u00ebsaj jave do t\u00eb organizoj\u00eb nj\u00eb s\u00ebr\u00eb aktivitetesh.<\/span><\/span><\/span><\/p>\n<p style=\"text-align: justify;\">\n\t<br \/>\n\t<span style=\"font-size:12px;\"><span style=\"font-family: tahoma,geneva,sans-serif;\"><span style=\"color:#000000;\">\u2022&nbsp;&nbsp; &nbsp;Do t\u00eb organizohet takim rinor t\u00eb shtun\u00ebn m\u00eb 9 Shkurt 2013, n\u00eb sh\u00eb Vlash, Durr\u00ebs. Nisja do t\u00eb jet\u00eb n\u00eb or\u00ebn 9:00 nga Kisha e Ungjill\u00ebzimit tek Rruga e Kavaj\u00ebs n\u00eb Tiran\u00eb.<\/span><\/span><\/span><\/p>\n<p style=\"text-align: justify;\">\n\t<br \/>\n\t<span style=\"font-size:12px;\"><span style=\"font-family: tahoma,geneva,sans-serif;\"><span style=\"color:#000000;\">Ky aktivitet do t\u00eb ket\u00eb nj\u00eb program mjaft t\u00eb pasur dhe pjes\u00ebmarr\u00ebsit do t\u00eb ken\u00eb mund\u00ebsin\u00eb t\u00eb m\u00ebsojn\u00eb edhe m\u00eb shum\u00eb mbi r\u00ebnd\u00ebsin\u00eb e martes\u00ebs s\u00eb sh\u00ebndetshme dhe r\u00ebnd\u00ebsin\u00eb q\u00eb Per\u00ebndia i jep asaj. Ju mund t\u00eb konfirmoni pjes\u00ebmarrjen tuaj n\u00eb 0694616300.<\/span><\/span><\/span><\/p>\n<p style=\"text-align: justify;\">\n\t<br \/>\n\t<span style=\"font-size:12px;\"><span style=\"font-family: tahoma,geneva,sans-serif;\"><span style=\"color:#000000;\">\u2022&nbsp;&nbsp; &nbsp;Me dat\u00eb 10 Shkurt t\u00eb 2013, pas Liturgjis\u00eb Hyjnore, tek Qendra Kulturore e Katedrales Ngjallja, do t\u00eb zhvillohet aktiviteti \u201cMartesa art dhe mister\u201d. \u00c7iftet jan\u00eb t\u00eb ftuar t\u00eb marrin pjes\u00eb s\u00eb bashku me f\u00ebmij\u00ebt e tyre. F\u00ebmij\u00ebt do t\u00eb ken\u00eb mund\u00ebsin\u00eb t\u00eb arg\u00ebtohen gjithashtu n\u00eb nj\u00eb aktivitet t\u00eb p\u00ebrgatitur enkas p\u00ebr ata.<br \/>\n\tJu lutem konfirmoni pjes\u00ebmarrjen tuaj me sms n\u00eb numrin 0684091434.<\/span><\/span><\/span><\/p>\n<p style=\"text-align: justify;\">\n\t<br \/>\n\t<span style=\"font-size:12px;\"><span style=\"font-family: tahoma,geneva,sans-serif;\"><span style=\"color:#000000;\">\u2022&nbsp;&nbsp; &nbsp;N\u00eb qytetin e Durr\u00ebsit n\u00eb kuad\u00ebr t\u00eb Jav\u00ebs s\u00eb Martes\u00ebs, Liturgjia Hyjnore e s\u00eb diel\u00ebs do t\u2019i kushtohet martes\u00ebs dhe familjes. Pas Liturgjis\u00eb do t\u00eb zhvillohet nj\u00eb takim me + Hir\u00ebsi Nikoll\u00ebn. Jeni t\u00eb ftuar t\u00eb gjith\u00eb q\u00eb si nj\u00eb familje e madhe t\u00eb lavd\u00ebrojm\u00eb Zotin Krisht duke kujtuar dhe vler\u00ebsuar r\u00ebnd\u00ebsin\u00eb e martes\u00ebs.<\/span><\/span><\/span><\/p>\n<p style=\"text-align: center;\">\n<p>\t<span style=\"color:#b22222;\"><span style=\"font-size: 12px;\"><span style=\"font-family: tahoma,geneva,sans-serif;\"><strong>Buletini i Jav\u00ebs s\u00eb Martes\u00ebs <\/strong><\/span><\/span><\/span><\/p>\n<p style=\"text-align: justify;\">\n\t<br \/>\n\t<span style=\"font-size:12px;\"><span style=\"font-family: tahoma,geneva,sans-serif;\"><span style=\"color:#000000;\">&nbsp;&nbsp;&nbsp;&nbsp; Buletini i Jav\u00ebs s\u00eb Martes\u00ebs \u00ebsht\u00eb nj\u00eb pun\u00eb e p\u00ebrbashk\u00ebt e p\u00ebrfaq\u00ebsuesve t\u00eb komuniteteve t\u00eb krishtera n\u00eb Shqip\u00ebri. Ky buletin ka gj\u00ebra mjaft interesante p\u00ebr t\u00eb lexuar mbi martes\u00ebn dhe r\u00ebnd\u00ebsin\u00eb e saj. P\u00ebr m\u00eb tep\u00ebr:&nbsp; &#8211;<\/span> <a href=\"http:\/\/www.orthodoxalbania.org\/new\/images\/stories\/pdf\/Buletini%20i%20Javes%20se%20Marteses.pdf\"><span style=\"color: rgb(0, 128, 128);\"><strong>Buletini i Jav\u00ebs s\u00eb Martes\u00ebs<\/strong><\/span><\/a><\/p>\n<p>\t&nbsp;&nbsp;&nbsp;&nbsp; <span style=\"color:#000000;\">P\u00ebr m\u00eb tep\u00ebr informacion vizitoni faqen e internetit: <\/span><a href=\"http:\/\/www.martesadhefamilja.org\">www.martesadhefamilja.org<\/a><\/span><\/span><\/p>\n<p style=\"text-align: justify;\">\n\t<span style=\"font-size:12px;\"><span style=\"font-family: tahoma,geneva,sans-serif;\"><a href=\"https:\/\/orthodoxalbania.org\/2020\/wp-content\/uploads\/attachments\/Buletini%20i%20Javes%20se%20Marteses.pdf\"><br \/>\n\t<span style=\"color: rgb(0, 128, 128);\"><strong> <\/strong><\/span><\/a><\/span><\/span><\/p>\n<p style=\"text-align: justify;\">\n\t<br \/>\n\t&nbsp;<\/p>\n","protected":false},"excerpt":{"rendered":"<p>Java e Martes\u00ebs 7 \u2013 14 Shkurt &nbsp;&nbsp;&nbsp; Martesa \u00ebsht\u00eb thesar, ajo \u00ebsht\u00eb n\u00eb qend\u00ebr t\u00eb \u00e7do kulture dhe \u00e7do kombi. Martesat e forta jan\u00eb themeli p\u00ebr familje t\u00eb forta, dhe familje t\u00eb forta jan\u00eb shtyllat e nj\u00eb shoq\u00ebrie t\u00eb sh\u00ebndetshme. Java e Martes\u00ebs \u00ebsht\u00eb nj\u00eb l\u00ebvizje nd\u00ebrkomb\u00ebtare n\u00eb rritje, e p\u00ebrhapur n\u00eb 25 vende duke p\u00ebrfshir\u00eb edhe Shqip\u00ebrin\u00eb.&nbsp; Duke ditur r\u00ebnd\u00ebsin\u00eb e madhe t\u00eb<\/p>\n","protected":false},"author":1,"featured_media":0,"comment_status":"open","ping_status":"open","sticky":false,"template":"","format":"standard","meta":{"_acf_changed":false,"pagelayer_contact_templates":[],"_pagelayer_content":"","inline_featured_image":false,"fifu_image_url":"","fifu_image_alt":"","footnotes":""},"categories":[108],"tags":[141,196,212],"class_list":["post-657","post","type-post","status-publish","format-standard","hentry","category-lajme","tag-141","tag-tirane","tag-lajme-d27"],"acf":[],"yoast_head":"<!-- This site is optimized with the Yoast SEO plugin v27.2 - https:\/\/yoast.com\/product\/yoast-seo-wordpress\/ -->\n<title>Java e Martes\u00ebs 7 \u2013 14 Shkurt 2013. - Kisha Orthodh\u03bfkse Autoqefale e Shqip\u00ebris\u00eb<\/title>\n<meta name=\"robots\" content=\"index, follow, max-snippet:-1, max-image-preview:large, max-video-preview:-1\" \/>\n<link rel=\"canonical\" href=\"https:\/\/orthodoxalbania.org\/2020\/2013\/03\/22\/java-e-marteses-7-14-shkurt\/\" \/>\n<meta property=\"og:locale\" content=\"en_US\" \/>\n<meta property=\"og:type\" content=\"article\" \/>\n<meta property=\"og:title\" content=\"Java e Martes\u00ebs 7 \u2013 14 Shkurt 2013. - Kisha Orthodh\u03bfkse Autoqefale e Shqip\u00ebris\u00eb\" \/>\n<meta property=\"og:description\" content=\"Java e Martes\u00ebs 7 \u2013 14 Shkurt &nbsp;&nbsp;&nbsp; Martesa \u00ebsht\u00eb thesar, ajo \u00ebsht\u00eb n\u00eb qend\u00ebr t\u00eb \u00e7do kulture dhe \u00e7do kombi. Martesat e forta jan\u00eb themeli p\u00ebr familje t\u00eb forta, dhe familje t\u00eb forta jan\u00eb shtyllat e nj\u00eb shoq\u00ebrie t\u00eb sh\u00ebndetshme. Java e Martes\u00ebs \u00ebsht\u00eb nj\u00eb l\u00ebvizje nd\u00ebrkomb\u00ebtare n\u00eb rritje, e p\u00ebrhapur n\u00eb 25 vende duke p\u00ebrfshir\u00eb edhe Shqip\u00ebrin\u00eb.&nbsp; Duke ditur r\u00ebnd\u00ebsin\u00eb e madhe t\u00eb\" \/>\n<meta property=\"og:url\" content=\"https:\/\/orthodoxalbania.org\/2020\/2013\/03\/22\/java-e-marteses-7-14-shkurt\/\" \/>\n<meta property=\"og:site_name\" content=\"Kisha Orthodh\u03bfkse Autoqefale e Shqip\u00ebris\u00eb\" \/>\n<meta property=\"article:publisher\" content=\"https:\/\/www.facebook.com\/koash1991\" \/>\n<meta property=\"article:published_time\" content=\"2013-03-22T10:39:00+00:00\" \/>\n<meta property=\"article:modified_time\" content=\"2020-04-06T20:05:48+00:00\" \/>\n<meta property=\"og:image\" content=\"https:\/\/orthodoxalbania.org\/2020\/wp-content\/uploads\/2021\/02\/LogoLastALb-200.png\" \/>\n\t<meta property=\"og:image:width\" content=\"200\" \/>\n\t<meta property=\"og:image:height\" content=\"172\" \/>\n\t<meta property=\"og:image:type\" content=\"image\/png\" \/>\n<meta name=\"author\" content=\"Kisha Orthodhokse\" \/>\n<meta name=\"twitter:card\" content=\"summary_large_image\" \/>\n<meta name=\"twitter:label1\" content=\"Written by\" \/>\n\t<meta name=\"twitter:data1\" content=\"Kisha Orthodhokse\" \/>\n\t<meta name=\"twitter:label2\" content=\"Est. reading time\" \/>\n\t<meta name=\"twitter:data2\" content=\"2 minutes\" \/>\n<script type=\"application\/ld+json\" class=\"yoast-schema-graph\">{\"@context\":\"https:\/\/schema.org\",\"@graph\":[{\"@type\":\"Article\",\"@id\":\"https:\/\/orthodoxalbania.org\/2020\/2013\/03\/22\/java-e-marteses-7-14-shkurt\/#article\",\"isPartOf\":{\"@id\":\"https:\/\/orthodoxalbania.org\/2020\/2013\/03\/22\/java-e-marteses-7-14-shkurt\/\"},\"author\":{\"name\":\"Kisha Orthodhokse\",\"@id\":\"https:\/\/orthodoxalbania.org\/2020\/#\/schema\/person\/0c387634a7063ac612d7ed9ce71c7e86\"},\"headline\":\"Java e Martes\u00ebs 7 \u2013 14 Shkurt 2013.\",\"datePublished\":\"2013-03-22T10:39:00+00:00\",\"dateModified\":\"2020-04-06T20:05:48+00:00\",\"mainEntityOfPage\":{\"@id\":\"https:\/\/orthodoxalbania.org\/2020\/2013\/03\/22\/java-e-marteses-7-14-shkurt\/\"},\"wordCount\":432,\"commentCount\":0,\"publisher\":{\"@id\":\"https:\/\/orthodoxalbania.org\/2020\/#organization\"},\"keywords\":[\"2013\",\"Kryepiskopata Tiran\u00eb\",\"lajme\"],\"articleSection\":[\"Lajme\"],\"inLanguage\":\"en-US\"},{\"@type\":\"WebPage\",\"@id\":\"https:\/\/orthodoxalbania.org\/2020\/2013\/03\/22\/java-e-marteses-7-14-shkurt\/\",\"url\":\"https:\/\/orthodoxalbania.org\/2020\/2013\/03\/22\/java-e-marteses-7-14-shkurt\/\",\"name\":\"Java e Martes\u00ebs 7 \u2013 14 Shkurt 2013. - Kisha Orthodh\u03bfkse Autoqefale e Shqip\u00ebris\u00eb\",\"isPartOf\":{\"@id\":\"https:\/\/orthodoxalbania.org\/2020\/#website\"},\"datePublished\":\"2013-03-22T10:39:00+00:00\",\"dateModified\":\"2020-04-06T20:05:48+00:00\",\"breadcrumb\":{\"@id\":\"https:\/\/orthodoxalbania.org\/2020\/2013\/03\/22\/java-e-marteses-7-14-shkurt\/#breadcrumb\"},\"inLanguage\":\"en-US\",\"potentialAction\":[{\"@type\":\"ReadAction\",\"target\":[\"https:\/\/orthodoxalbania.org\/2020\/2013\/03\/22\/java-e-marteses-7-14-shkurt\/\"]}]},{\"@type\":\"BreadcrumbList\",\"@id\":\"https:\/\/orthodoxalbania.org\/2020\/2013\/03\/22\/java-e-marteses-7-14-shkurt\/#breadcrumb\",\"itemListElement\":[{\"@type\":\"ListItem\",\"position\":1,\"name\":\"Home\",\"item\":\"https:\/\/orthodoxalbania.org\/2020\/\"},{\"@type\":\"ListItem\",\"position\":2,\"name\":\"Java e Martes\u00ebs 7 \u2013 14 Shkurt 2013.\"}]},{\"@type\":\"WebSite\",\"@id\":\"https:\/\/orthodoxalbania.org\/2020\/#website\",\"url\":\"https:\/\/orthodoxalbania.org\/2020\/\",\"name\":\"Kisha Orthodh\u03bfkse Autoqefale e Shqip\u00ebris\u00eb\",\"description\":\"Fqja Zyrtare e Kish\u00ebs Orthodhokse Autoqefale e Shqip\u00ebris\u00eb me lajmet edhe informacionet zyrtare p\u00ebr struktur\u00ebn edhe veprimtarin e saj.\",\"publisher\":{\"@id\":\"https:\/\/orthodoxalbania.org\/2020\/#organization\"},\"potentialAction\":[{\"@type\":\"SearchAction\",\"target\":{\"@type\":\"EntryPoint\",\"urlTemplate\":\"https:\/\/orthodoxalbania.org\/2020\/?s={search_term_string}\"},\"query-input\":{\"@type\":\"PropertyValueSpecification\",\"valueRequired\":true,\"valueName\":\"search_term_string\"}}],\"inLanguage\":\"en-US\"},{\"@type\":\"Organization\",\"@id\":\"https:\/\/orthodoxalbania.org\/2020\/#organization\",\"name\":\"Kisha Orthodhokse Autoqefale e Shqip\u00ebris\u00eb\",\"url\":\"https:\/\/orthodoxalbania.org\/2020\/\",\"logo\":{\"@type\":\"ImageObject\",\"inLanguage\":\"en-US\",\"@id\":\"https:\/\/orthodoxalbania.org\/2020\/#\/schema\/logo\/image\/\",\"url\":\"https:\/\/orthodoxalbania.org\/2020\/wp-content\/uploads\/2020\/05\/albania.jpeg\",\"contentUrl\":\"https:\/\/orthodoxalbania.org\/2020\/wp-content\/uploads\/2020\/05\/albania.jpeg\",\"width\":540,\"height\":540,\"caption\":\"Kisha Orthodhokse Autoqefale e Shqip\u00ebris\u00eb\"},\"image\":{\"@id\":\"https:\/\/orthodoxalbania.org\/2020\/#\/schema\/logo\/image\/\"},\"sameAs\":[\"https:\/\/www.facebook.com\/koash1991\"]},{\"@type\":\"Person\",\"@id\":\"https:\/\/orthodoxalbania.org\/2020\/#\/schema\/person\/0c387634a7063ac612d7ed9ce71c7e86\",\"name\":\"Kisha Orthodhokse\",\"image\":{\"@type\":\"ImageObject\",\"inLanguage\":\"en-US\",\"@id\":\"https:\/\/secure.gravatar.com\/avatar\/596e7c417251e30f2fbb9c00e026fce61a695a00e51c889caded71c96cbbdde5?s=96&d=mm&r=g\",\"url\":\"https:\/\/secure.gravatar.com\/avatar\/596e7c417251e30f2fbb9c00e026fce61a695a00e51c889caded71c96cbbdde5?s=96&d=mm&r=g\",\"contentUrl\":\"https:\/\/secure.gravatar.com\/avatar\/596e7c417251e30f2fbb9c00e026fce61a695a00e51c889caded71c96cbbdde5?s=96&d=mm&r=g\",\"caption\":\"Kisha Orthodhokse\"}}]}<\/script>\n<!-- \/ Yoast SEO plugin. -->","yoast_head_json":{"title":"Java e Martes\u00ebs 7 \u2013 14 Shkurt 2013. - Kisha Orthodh\u03bfkse Autoqefale e Shqip\u00ebris\u00eb","robots":{"index":"index","follow":"follow","max-snippet":"max-snippet:-1","max-image-preview":"max-image-preview:large","max-video-preview":"max-video-preview:-1"},"canonical":"https:\/\/orthodoxalbania.org\/2020\/2013\/03\/22\/java-e-marteses-7-14-shkurt\/","og_locale":"en_US","og_type":"article","og_title":"Java e Martes\u00ebs 7 \u2013 14 Shkurt 2013. - Kisha Orthodh\u03bfkse Autoqefale e Shqip\u00ebris\u00eb","og_description":"Java e Martes\u00ebs 7 \u2013 14 Shkurt &nbsp;&nbsp;&nbsp; Martesa \u00ebsht\u00eb thesar, ajo \u00ebsht\u00eb n\u00eb qend\u00ebr t\u00eb \u00e7do kulture dhe \u00e7do kombi. Martesat e forta jan\u00eb themeli p\u00ebr familje t\u00eb forta, dhe familje t\u00eb forta jan\u00eb shtyllat e nj\u00eb shoq\u00ebrie t\u00eb sh\u00ebndetshme. Java e Martes\u00ebs \u00ebsht\u00eb nj\u00eb l\u00ebvizje nd\u00ebrkomb\u00ebtare n\u00eb rritje, e p\u00ebrhapur n\u00eb 25 vende duke p\u00ebrfshir\u00eb edhe Shqip\u00ebrin\u00eb.&nbsp; Duke ditur r\u00ebnd\u00ebsin\u00eb e madhe t\u00eb","og_url":"https:\/\/orthodoxalbania.org\/2020\/2013\/03\/22\/java-e-marteses-7-14-shkurt\/","og_site_name":"Kisha Orthodh\u03bfkse Autoqefale e Shqip\u00ebris\u00eb","article_publisher":"https:\/\/www.facebook.com\/koash1991","article_published_time":"2013-03-22T10:39:00+00:00","article_modified_time":"2020-04-06T20:05:48+00:00","og_image":[{"width":200,"height":172,"url":"https:\/\/orthodoxalbania.org\/2020\/wp-content\/uploads\/2021\/02\/LogoLastALb-200.png","type":"image\/png"}],"author":"Kisha Orthodhokse","twitter_card":"summary_large_image","twitter_misc":{"Written by":"Kisha Orthodhokse","Est. reading time":"2 minutes"},"schema":{"@context":"https:\/\/schema.org","@graph":[{"@type":"Article","@id":"https:\/\/orthodoxalbania.org\/2020\/2013\/03\/22\/java-e-marteses-7-14-shkurt\/#article","isPartOf":{"@id":"https:\/\/orthodoxalbania.org\/2020\/2013\/03\/22\/java-e-marteses-7-14-shkurt\/"},"author":{"name":"Kisha Orthodhokse","@id":"https:\/\/orthodoxalbania.org\/2020\/#\/schema\/person\/0c387634a7063ac612d7ed9ce71c7e86"},"headline":"Java e Martes\u00ebs 7 \u2013 14 Shkurt 2013.","datePublished":"2013-03-22T10:39:00+00:00","dateModified":"2020-04-06T20:05:48+00:00","mainEntityOfPage":{"@id":"https:\/\/orthodoxalbania.org\/2020\/2013\/03\/22\/java-e-marteses-7-14-shkurt\/"},"wordCount":432,"commentCount":0,"publisher":{"@id":"https:\/\/orthodoxalbania.org\/2020\/#organization"},"keywords":["2013","Kryepiskopata Tiran\u00eb","lajme"],"articleSection":["Lajme"],"inLanguage":"en-US"},{"@type":"WebPage","@id":"https:\/\/orthodoxalbania.org\/2020\/2013\/03\/22\/java-e-marteses-7-14-shkurt\/","url":"https:\/\/orthodoxalbania.org\/2020\/2013\/03\/22\/java-e-marteses-7-14-shkurt\/","name":"Java e Martes\u00ebs 7 \u2013 14 Shkurt 2013. - Kisha Orthodh\u03bfkse Autoqefale e Shqip\u00ebris\u00eb","isPartOf":{"@id":"https:\/\/orthodoxalbania.org\/2020\/#website"},"datePublished":"2013-03-22T10:39:00+00:00","dateModified":"2020-04-06T20:05:48+00:00","breadcrumb":{"@id":"https:\/\/orthodoxalbania.org\/2020\/2013\/03\/22\/java-e-marteses-7-14-shkurt\/#breadcrumb"},"inLanguage":"en-US","potentialAction":[{"@type":"ReadAction","target":["https:\/\/orthodoxalbania.org\/2020\/2013\/03\/22\/java-e-marteses-7-14-shkurt\/"]}]},{"@type":"BreadcrumbList","@id":"https:\/\/orthodoxalbania.org\/2020\/2013\/03\/22\/java-e-marteses-7-14-shkurt\/#breadcrumb","itemListElement":[{"@type":"ListItem","position":1,"name":"Home","item":"https:\/\/orthodoxalbania.org\/2020\/"},{"@type":"ListItem","position":2,"name":"Java e Martes\u00ebs 7 \u2013 14 Shkurt 2013."}]},{"@type":"WebSite","@id":"https:\/\/orthodoxalbania.org\/2020\/#website","url":"https:\/\/orthodoxalbania.org\/2020\/","name":"Kisha Orthodh\u03bfkse Autoqefale e Shqip\u00ebris\u00eb","description":"Fqja Zyrtare e Kish\u00ebs Orthodhokse Autoqefale e Shqip\u00ebris\u00eb me lajmet edhe informacionet zyrtare p\u00ebr struktur\u00ebn edhe veprimtarin e saj.","publisher":{"@id":"https:\/\/orthodoxalbania.org\/2020\/#organization"},"potentialAction":[{"@type":"SearchAction","target":{"@type":"EntryPoint","urlTemplate":"https:\/\/orthodoxalbania.org\/2020\/?s={search_term_string}"},"query-input":{"@type":"PropertyValueSpecification","valueRequired":true,"valueName":"search_term_string"}}],"inLanguage":"en-US"},{"@type":"Organization","@id":"https:\/\/orthodoxalbania.org\/2020\/#organization","name":"Kisha Orthodhokse Autoqefale e Shqip\u00ebris\u00eb","url":"https:\/\/orthodoxalbania.org\/2020\/","logo":{"@type":"ImageObject","inLanguage":"en-US","@id":"https:\/\/orthodoxalbania.org\/2020\/#\/schema\/logo\/image\/","url":"https:\/\/orthodoxalbania.org\/2020\/wp-content\/uploads\/2020\/05\/albania.jpeg","contentUrl":"https:\/\/orthodoxalbania.org\/2020\/wp-content\/uploads\/2020\/05\/albania.jpeg","width":540,"height":540,"caption":"Kisha Orthodhokse Autoqefale e Shqip\u00ebris\u00eb"},"image":{"@id":"https:\/\/orthodoxalbania.org\/2020\/#\/schema\/logo\/image\/"},"sameAs":["https:\/\/www.facebook.com\/koash1991"]},{"@type":"Person","@id":"https:\/\/orthodoxalbania.org\/2020\/#\/schema\/person\/0c387634a7063ac612d7ed9ce71c7e86","name":"Kisha Orthodhokse","image":{"@type":"ImageObject","inLanguage":"en-US","@id":"https:\/\/secure.gravatar.com\/avatar\/596e7c417251e30f2fbb9c00e026fce61a695a00e51c889caded71c96cbbdde5?s=96&d=mm&r=g","url":"https:\/\/secure.gravatar.com\/avatar\/596e7c417251e30f2fbb9c00e026fce61a695a00e51c889caded71c96cbbdde5?s=96&d=mm&r=g","contentUrl":"https:\/\/secure.gravatar.com\/avatar\/596e7c417251e30f2fbb9c00e026fce61a695a00e51c889caded71c96cbbdde5?s=96&d=mm&r=g","caption":"Kisha Orthodhokse"}}]}},"_links":{"self":[{"href":"https:\/\/orthodoxalbania.org\/2020\/wp-json\/wp\/v2\/posts\/657","targetHints":{"allow":["GET"]}}],"collection":[{"href":"https:\/\/orthodoxalbania.org\/2020\/wp-json\/wp\/v2\/posts"}],"about":[{"href":"https:\/\/orthodoxalbania.org\/2020\/wp-json\/wp\/v2\/types\/post"}],"author":[{"embeddable":true,"href":"https:\/\/orthodoxalbania.org\/2020\/wp-json\/wp\/v2\/users\/1"}],"replies":[{"embeddable":true,"href":"https:\/\/orthodoxalbania.org\/2020\/wp-json\/wp\/v2\/comments?post=657"}],"version-history":[{"count":1,"href":"https:\/\/orthodoxalbania.org\/2020\/wp-json\/wp\/v2\/posts\/657\/revisions"}],"predecessor-version":[{"id":15245,"href":"https:\/\/orthodoxalbania.org\/2020\/wp-json\/wp\/v2\/posts\/657\/revisions\/15245"}],"wp:attachment":[{"href":"https:\/\/orthodoxalbania.org\/2020\/wp-json\/wp\/v2\/media?parent=657"}],"wp:term":[{"taxonomy":"category","embeddable":true,"href":"https:\/\/orthodoxalbania.org\/2020\/wp-json\/wp\/v2\/categories?post=657"},{"taxonomy":"post_tag","embeddable":true,"href":"https:\/\/orthodoxalbania.org\/2020\/wp-json\/wp\/v2\/tags?post=657"}],"curies":[{"name":"wp","href":"https:\/\/api.w.org\/{rel}","templated":true}]}}