{"id":656,"date":"2013-03-21T10:39:18","date_gmt":"2013-03-21T10:39:18","guid":{"rendered":""},"modified":"2020-04-06T22:06:07","modified_gmt":"2020-04-06T20:06:07","slug":"java-e-madhe-ne-tirane","status":"publish","type":"post","link":"https:\/\/orthodoxalbania.org\/2020\/2013\/03\/21\/java-e-madhe-ne-tirane\/","title":{"rendered":"Java e Madhe n\u00eb Tiran\u00eb. (Prill 2012)"},"content":{"rendered":"<div style=\"color: #4f4f4f; text-align: center;\"><br style=\"text-align: -webkit-auto; color: #454545;\" \/> <span style=\"color: #000000;\"><span style=\"font-family: tahoma,geneva,sans-serif;\"><span style=\"font-size: 12px;\"><strong><img decoding=\"async\" class=\"lazyload HAa Eha\" style=\"border-width: 1px; border-style: solid; margin: 10px; float: left;\" alt=\"\" src=\"data:image\/svg+xml,%3Csvg%20xmlns%3D%27http%3A%2F%2Fwww.w3.org%2F2000%2Fsvg%27%20width%3D%27273%27%20height%3D%27205%27%20viewBox%3D%270%200%20273%20205%27%3E%3Crect%20width%3D%27273%27%20height%3D%27205%27%20fill-opacity%3D%220%22%2F%3E%3C%2Fsvg%3E\" data-orig-src=\"https:\/\/lh3.googleusercontent.com\/-FOUbtWBM2_g\/VLDtctKTFFI\/AAAAAAAAKqk\/4EhySMrnt2E\/w448-h336-no\/6919184050_d2a1d61e40.jpg\" height=\"205\" width=\"273\" \/><\/strong><\/span><\/span><\/span><\/div>\n<div style=\"color: #4f4f4f; text-align: center;\"><span style=\"color: #b22222;\"><span style=\"font-family: tahoma,geneva,sans-serif;\"><span style=\"font-size: 12px;\"><strong>E Enjtja e Madhe e 12 Ungjijve<\/strong><\/span><\/span><\/span><\/div>\n<div style=\"color: #4f4f4f; text-align: justify;\"><br style=\"text-align: -webkit-auto; color: #454545;\" \/> <br style=\"text-align: -webkit-auto; color: #454545;\" \/> <span style=\"color: #000000;\"><span style=\"font-family: tahoma,geneva,sans-serif;\"><span style=\"font-size: 12px;\">&nbsp;&nbsp;&nbsp; E Enjtja e Madhe ftoi besimtar\u00ebt t\u00eb d\u00ebgjonin me v\u00ebmendje leximin e 12 Ungjijve, nj\u00eb dit\u00eb kjo e mbushur me ngjarje t\u00eb m\u00ebdha dhe mesazhe t\u00eb shumta. N\u00eb foto, ju ftojm\u00eb t\u00eb shikoni momente nga kjo dit\u00eb n\u00eb kish\u00ebn &#8220;Ungjill\u00ebzimi&#8221; n\u00eb Tiran\u00eb.<\/span><\/span><\/span><\/div>\n<div style=\"color: #4f4f4f; text-align: justify;\">&nbsp;<\/div>\n<div class=\"yiv1065825490MsoNormal\" style=\"text-align: center; color: #454545; padding: 0px; margin: 0px;\"><span style=\"color: #b22222;\"><span style=\"font-family: tahoma,geneva,sans-serif;\"><span style=\"font-size: 12px;\"><strong><span>T\u00eb M\u00ebrkur\u00ebn e Madhe, n\u00eb misterin e Efqelis\u00eb<\/span><\/strong><\/span><\/span><\/span><\/div>\n<div class=\"yiv1065825490MsoNormal\" style=\"text-align: center; color: #454545; padding: 0px; margin: 0px;\">&nbsp;<\/div>\n<div class=\"yiv1065825490MsoNormal\" style=\"color: #454545; padding: 0px; margin: 0px;\"><span style=\"color: #000000;\"><span style=\"font-family: tahoma,geneva,sans-serif;\"><span style=\"font-size: 12px;\"><span>&nbsp;<\/span><\/span><\/span><\/span><\/div>\n<div class=\"yiv1065825490MsoNormal\" style=\"color: #454545; padding: 0px; margin: 0px; text-align: justify;\"><span style=\"color: #000000;\"><span style=\"font-family: tahoma,geneva,sans-serif;\"><span style=\"font-size: 12px;\"><span>&nbsp; &nbsp; Qindra pjes\u00ebmarr\u00ebs, klerik\u00eb dhe besimtar\u00eb, mor\u00ebn pjes\u00eb t\u00eb M\u00ebrkur\u00ebn e Madhe, n\u00eb Misterin e Efqelis\u00eb, nj\u00eb nga momentet m\u00eb t\u00eb spikatura t\u00eb Jav\u00ebs s\u00eb Madhe. Zgjidhja p\u00ebr plog\u00ebshtin\u00eb \u00ebsht\u00eb pendimi, mendimi p\u00ebr t\u00eb b\u00ebr\u00eb ndryshim, p\u00ebr t\u00eb pasur d\u00ebshir\u00eb p\u00ebr Per\u00ebndin\u00eb, p\u00ebr t\u00eb k\u00ebrkuar faljen nga m\u00ebkatet. Ky \u00ebsht\u00eb mesazhi kryesor i k\u00ebsaj dite, i p\u00ebrcjell\u00eb edhe nga Kryepiskopi Anastas, i cili iu b\u00ebri thirrje t\u00eb pranishm\u00ebve t\u00eb shkojn\u00eb drejt nj\u00eb pendimi personal dhe t\u00eb jemi njer\u00ebz t\u00eb pjekur dhe t\u00eb p\u00ebrgjegjsh\u00ebm.<\/span><\/span><\/span><\/span><\/div>\n<div class=\"yiv1065825490MsoNormal\" style=\"color: #454545; padding: 0px; margin: 0px;\">&nbsp;<\/div>\n<div class=\"yiv1065825490MsoNormal\" style=\"color: #454545; padding: 0px; margin: 0px;\"><span style=\"color: #000000;\"><span style=\"font-family: tahoma,geneva,sans-serif;\"><span style=\"font-size: 12px;\"><span>&nbsp;&nbsp;&nbsp; Ne nuk shp\u00ebtohemi sepse b\u00ebjm\u00eb vepra t\u00eb mira, por sepse pranojm\u00eb Per\u00ebndin\u00eb dhe dashurin\u00eb e tij, t\u00eb cilat na ndryshojn\u00eb dhe n\u00eb b\u00ebjn\u00eb q\u00eb t\u00eb b\u00ebjm\u00eb vepra t\u00eb mira, sikurse \u00ebsht\u00eb shembulli i gruas m\u00ebkatare q\u00eb kujtojm\u00eb t\u00eb M\u00ebrkur\u00ebn e Madhe, e cila frym\u00ebzon jet\u00ebn ton\u00eb.<\/span><\/span><\/span><\/span><\/div>\n<div class=\"yiv1065825490MsoNormal\" style=\"color: #454545; padding: 0px; margin: 0px;\">&nbsp;<\/div>\n<div style=\"color: #4f4f4f; text-align: center;\"><span style=\"color: #b22222;\"><span style=\"font-family: tahoma,geneva,sans-serif;\"><span style=\"font-size: 12px;\"><strong>&nbsp;&nbsp;Dit\u00ebt e para t\u00eb Jav\u00ebs s\u00eb Madhe po p\u00ebrjetohen me lutje dhe meditim<\/strong><\/span><\/span><\/span><\/div>\n<div style=\"color: #4f4f4f; text-align: center;\">&nbsp;<\/div>\n<div style=\"color: #4f4f4f; text-align: justify;\"><span style=\"color: #000000;\"><span style=\"font-family: tahoma,geneva,sans-serif;\"><span style=\"font-size: 12px;\">&nbsp; &nbsp; \u00c7do dit\u00eb e Jav\u00ebs s\u00eb Madhe \u00ebsht\u00eb nj\u00eb p\u00ebrjetim m\u00eb vete dhe sigurisht, nj\u00eb nga sh\u00ebrbesat kryesore e dit\u00ebve t\u00eb para t\u00eb k\u00ebsaj Jave \u00ebsht\u00eb ajo e Dh\u00ebndrrit. K\u00ebto sh\u00ebrbesa n\u00eb Tiran\u00eb kryesohen nga Kryepiskopi Anastas, i ndihmuar nga&nbsp; Episkop\u00ebt ndihm\u00ebs dhe klerik\u00ebt e Kryepiskopat\u00ebs s\u00eb Shenjt\u00eb. P\u00ebr besimtar\u00ebt e shumt\u00eb p\u00ebrcillen mesazhe dhe k\u00ebshilla shpirt\u00ebrore, t\u00eb lidhura me dit\u00ebt e ve\u00e7anta.&nbsp;<\/span><\/span><\/span><\/div>\n<div style=\"color: #4f4f4f; text-align: justify;\"><br style=\"color: #454545;\" \/> <span style=\"color: #000000;\"><span style=\"font-family: tahoma,geneva,sans-serif;\"><span style=\"font-size: 12px;\">&nbsp; &nbsp; N\u00eb fund t\u00eb sh\u00ebrbes\u00ebs t\u00eb H\u00ebn\u00ebn e Madhe, kur p\u00ebrkujtohet patriarku Josif dhe tem\u00eb e saj \u00ebsht\u00eb edhe ajo e drurit t\u00eb fikut<strong style=\"color: #454545;\">,<\/strong>&nbsp;q\u00eb nuk kishte fruta, por vet\u00ebm gjethe dhe p\u00ebr k\u00ebt\u00eb u d\u00ebnua me tharje. Kryepiskopi Anastas, duke komentuar Ungjillin e dit\u00ebs, u ndal n\u00eb dy tipare kryesore t\u00eb jet\u00ebs son\u00eb si\u00e7 jan\u00eb plog\u00ebshtia dhe puna. \u00cbsht\u00eb e tmerrshme plog\u00ebshtia, sepse kthehet n\u00eb shkak m\u00ebkati. Zgjidhja p\u00ebr plog\u00ebshtin\u00eb \u00ebsht\u00eb pendimi, mendimi p\u00ebr t\u00eb b\u00ebr\u00eb ndryshim, p\u00ebr t\u00eb pasur d\u00ebshir\u00eb p\u00ebr Per\u00ebndin\u00eb.<\/span><\/span><\/span><\/div>\n<div style=\"color: #4f4f4f; text-align: justify;\"> <span style=\"color: #000000;\"><span style=\"font-family: tahoma,geneva,sans-serif;\"><span style=\"font-size: 12px;\"><span class=\"yiv1777850629translationEligibleUserMessage\">&nbsp;&nbsp;&nbsp; T\u00eb Mart\u00ebn e Madhe e t\u00eb shenjt\u00eb p\u00ebrkujtojm\u00eb paravolin\u00eb e dhjet\u00eb Virgj\u00ebreshave prej Ungjillit t\u00eb Shenjt\u00eb. M\u00eb e madhja e t\u00eb martave na sjell dhjet\u00eb virgj\u00ebreshat. Fitore i sjellin Kryezotit t\u00eb paansh\u00ebm. Po, o Dh\u00ebnd\u00ebr Krisht, num\u00ebrona me pes\u00eb virgj\u00ebreshat e urta, bashkona me grigj\u00ebn t\u00ebnde t\u00eb zgjedhur dhe m\u00ebshirona. Amin!<\/span><br \/> <\/span><\/span><\/span><\/div>\n<div style=\"color: #4f4f4f; text-align: justify;\">&nbsp;<\/div>\n<div style=\"color: #4f4f4f; text-align: justify;\">&nbsp;<\/div>\n<div style=\"color: #4f4f4f;\"><img decoding=\"async\" class=\"lazyload HAa Eha\" style=\"height: 300px; width: 400px; border-width: 1px; border-style: solid; margin: 10px auto; display: block;\" alt=\"\" src=\"data:image\/gif;base64,R0lGODlhAQABAAAAACH5BAEKAAEALAAAAAABAAEAAAICTAEAOw==\" data-orig-src=\"https:\/\/lh6.googleusercontent.com\/-8Quj6cqSzR8\/VLDtcjm03xI\/AAAAAAAAKqg\/83EqaEDxjb8\/w387-h257-no\/_DSC4684_387_257_90.jpg\" \/><\/div>\n<div style=\"color: #4f4f4f;\"><img decoding=\"async\" class=\"lazyload HAa Eha\" style=\"height: 400px; width: 300px; border-width: 1px; border-style: solid; margin: 10px auto; display: block;\" alt=\"\" src=\"data:image\/gif;base64,R0lGODlhAQABAAAAACH5BAEKAAEALAAAAAABAAEAAAICTAEAOw==\" data-orig-src=\"https:\/\/lh6.googleusercontent.com\/-A8eQE0M5MXU\/VLDtcwe0NjI\/AAAAAAAAKrM\/yJoI8IUF174\/w192-h290-no\/_DSC4775_192_290_90.jpg\" \/><\/div>\n<div style=\"color: #4f4f4f;\"><img decoding=\"async\" class=\"lazyload HAa Eha\" style=\"height: 300px; width: 400px; border-width: 1px; border-style: solid; margin: 10px auto; display: block;\" alt=\"\" src=\"data:image\/gif;base64,R0lGODlhAQABAAAAACH5BAEKAAEALAAAAAABAAEAAAICTAEAOw==\" data-orig-src=\"https:\/\/lh5.googleusercontent.com\/-n20aT_20ino\/VLDtkVXG3aI\/AAAAAAAAKtE\/gNYbYwA7COU\/w387-h257-no\/_DSC4785_387_257_90.jpg\" \/><\/div>\n<div style=\"color: #4f4f4f;\"><img decoding=\"async\" class=\"lazyload HAa Eha\" style=\"height: 300px; width: 400px; border-width: 1px; border-style: solid; margin: 10px auto; display: block;\" alt=\"\" src=\"data:image\/gif;base64,R0lGODlhAQABAAAAACH5BAEKAAEALAAAAAABAAEAAAICTAEAOw==\" data-orig-src=\"https:\/\/lh3.googleusercontent.com\/-ziBhPnp_mdk\/VLDtdOyxfVI\/AAAAAAAAKq0\/KBeqCjFJooc\/w387-h257-no\/_DSC4828_387_257_90.jpg\" \/><\/div>\n<div style=\"color: #4f4f4f;\"><img decoding=\"async\" class=\"lazyload HAa Eha\" style=\"height: 300px; width: 400px; border-width: 1px; border-style: solid; margin: 10px auto; display: block;\" alt=\"\" src=\"data:image\/gif;base64,R0lGODlhAQABAAAAACH5BAEKAAEALAAAAAABAAEAAAICTAEAOw==\" data-orig-src=\"https:\/\/lh4.googleusercontent.com\/-nKAyUK_m3-8\/VLDtdlYANyI\/AAAAAAAAKq8\/Q42mM1JRKNs\/w387-h257-no\/_DSC4838_387_257_90.jpg\" \/><\/div>\n<div style=\"color: #4f4f4f;\"><img decoding=\"async\" class=\"lazyload HAa Eha\" style=\"width: 400px; height: 300px; border-width: 1px; border-style: solid; margin: 10px auto; display: block;\" alt=\"\" src=\"data:image\/gif;base64,R0lGODlhAQABAAAAACH5BAEKAAEALAAAAAABAAEAAAICTAEAOw==\" data-orig-src=\"https:\/\/lh4.googleusercontent.com\/-yzmEKty4hT8\/VLDtd36dk1I\/AAAAAAAAKro\/CinZeHL8SWk\/w387-h257-no\/_DSC4873_387_257_90.jpg\" \/><\/div>\n<div style=\"color: #4f4f4f;\"><img decoding=\"async\" class=\"lazyload HAa Eha\" style=\"border-width: 1px; border-style: solid; margin: 10px auto; width: 300px; height: 400px; display: block;\" alt=\"\" src=\"data:image\/gif;base64,R0lGODlhAQABAAAAACH5BAEKAAEALAAAAAABAAEAAAICTAEAOw==\" data-orig-src=\"https:\/\/lh4.googleusercontent.com\/-ExHpiE8Yr64\/VLDteAeFmMI\/AAAAAAAAKrI\/tvdzppMJ6uE\/w192-h290-no\/_DSC4878_192_290_90.jpg\" \/><\/div>\n<div style=\"color: #4f4f4f;\"><img decoding=\"async\" class=\"lazyload HAa Eha\" style=\"height: 400px; width: 300px; border-width: 1px; border-style: solid; margin: 10px auto; display: block;\" alt=\"\" src=\"data:image\/gif;base64,R0lGODlhAQABAAAAACH5BAEKAAEALAAAAAABAAEAAAICTAEAOw==\" data-orig-src=\"https:\/\/lh3.googleusercontent.com\/-g65zSfZTFu4\/VLDtem8YoXI\/AAAAAAAAKrU\/vXD9c_QZARQ\/w192-h290-no\/_DSC4934_192_290_90.jpg\" \/><\/div>\n<div style=\"color: #4f4f4f;\"><img decoding=\"async\" class=\"lazyload HAa Eha\" style=\"height: 400px; width: 300px; border-width: 1px; border-style: solid; margin: 10px auto; display: block;\" alt=\"\" src=\"data:image\/gif;base64,R0lGODlhAQABAAAAACH5BAEKAAEALAAAAAABAAEAAAICTAEAOw==\" data-orig-src=\"https:\/\/lh6.googleusercontent.com\/-tiT2ko4TAAU\/VLDtfAlHhzI\/AAAAAAAAKrc\/J_EAD9zL93A\/w192-h290-no\/_DSC4946_192_290_90.jpg\" \/><\/div>\n<div style=\"color: #4f4f4f;\"><img decoding=\"async\" class=\"lazyload HAa Eha\" style=\"height: 400px; width: 300px; border-width: 1px; border-style: solid; margin: 10px auto; display: block;\" alt=\"\" src=\"data:image\/gif;base64,R0lGODlhAQABAAAAACH5BAEKAAEALAAAAAABAAEAAAICTAEAOw==\" data-orig-src=\"https:\/\/lh3.googleusercontent.com\/-4G0QBrb4JaY\/VLDtf_y_P3I\/AAAAAAAAKrs\/NgxXH0DKxIw\/w192-h290-no\/_DSC4990_192_290_90.jpg\" \/><\/div>\n<div style=\"color: #4f4f4f;\"><img decoding=\"async\" class=\"lazyload HAa Eha\" style=\"height: 400px; width: 300px; border-width: 1px; border-style: solid; margin: 10px auto; display: block;\" alt=\"\" src=\"data:image\/gif;base64,R0lGODlhAQABAAAAACH5BAEKAAEALAAAAAABAAEAAAICTAEAOw==\" data-orig-src=\"https:\/\/lh5.googleusercontent.com\/-MGlzVUL-2wo\/VLDtgQCDpSI\/AAAAAAAAKr0\/U0Tvsc9trxY\/w192-h290-no\/_DSC5050_192_290_90.jpg\" \/><\/div>\n<div style=\"color: #4f4f4f;\"><img decoding=\"async\" class=\"lazyload HAa Eha\" style=\"height: 400px; width: 300px; border-width: 1px; border-style: solid; margin: 10px auto; display: block;\" alt=\"\" src=\"data:image\/gif;base64,R0lGODlhAQABAAAAACH5BAEKAAEALAAAAAABAAEAAAICTAEAOw==\" data-orig-src=\"https:\/\/lh5.googleusercontent.com\/-jOg48V27HOg\/VLDthz15aFI\/AAAAAAAAKtk\/r2sgJIjIVT8\/w192-h290-no\/_DSC5092_192_290_90.jpg\" \/><img decoding=\"async\" class=\"lazyload HAa Eha\" style=\"height: 300px; width: 400px; border-width: 1px; border-style: solid; margin: 10px auto; display: block;\" alt=\"\" src=\"data:image\/gif;base64,R0lGODlhAQABAAAAACH5BAEKAAEALAAAAAABAAEAAAICTAEAOw==\" data-orig-src=\"https:\/\/lh4.googleusercontent.com\/-fgv6PDiEeqk\/VLDthPACBrI\/AAAAAAAAKr8\/jbwhG7UmGUM\/w387-h257-no\/_DSC5098_387_257_90.jpg\" \/><img decoding=\"async\" class=\"lazyload HAa Eha\" style=\"width: 300px; height: 400px; border-width: 1px; border-style: solid; margin: 10px auto; display: block;\" alt=\"\" src=\"data:image\/gif;base64,R0lGODlhAQABAAAAACH5BAEKAAEALAAAAAABAAEAAAICTAEAOw==\" data-orig-src=\"https:\/\/lh4.googleusercontent.com\/-aHbYIRcBi7Y\/VLDth94ueXI\/AAAAAAAAKto\/ZkWAuWIVLNo\/w192-h290-no\/_DSC5111_192_290_90.jpg\" \/><img decoding=\"async\" class=\"lazyload HAa Eha\" style=\"height: 300px; width: 400px; border-width: 1px; border-style: solid; margin: 10px auto; display: block;\" alt=\"\" src=\"data:image\/gif;base64,R0lGODlhAQABAAAAACH5BAEKAAEALAAAAAABAAEAAAICTAEAOw==\" data-orig-src=\"https:\/\/lh4.googleusercontent.com\/-ULMFHmwJrPA\/VLDtirdw7KI\/AAAAAAAAKtg\/OZRphxonhXQ\/w387-h257-no\/_DSC5121_387_257_90.jpg\" \/><img decoding=\"async\" class=\"lazyload HAa Eha\" style=\"height: 400px; width: 300px; border-width: 1px; border-style: solid; margin: 10px auto; display: block;\" alt=\"\" src=\"data:image\/gif;base64,R0lGODlhAQABAAAAACH5BAEKAAEALAAAAAABAAEAAAICTAEAOw==\" data-orig-src=\"https:\/\/lh3.googleusercontent.com\/-ULFB1HxrfuY\/VLDti4zt91I\/AAAAAAAAKtc\/wTY2u2y5H5Y\/w192-h290-no\/_DSC5127_192_290_90.jpg\" \/><img decoding=\"async\" class=\"lazyload HAa Eha\" style=\"width: 300px; height: 400px; border-width: 1px; border-style: solid; margin: 10px auto; display: block;\" alt=\"\" src=\"data:image\/gif;base64,R0lGODlhAQABAAAAACH5BAEKAAEALAAAAAABAAEAAAICTAEAOw==\" data-orig-src=\"https:\/\/lh6.googleusercontent.com\/-iLYXHyrzsR4\/VLDtjNHV5wI\/AAAAAAAAKtY\/2KYRK7pLIog\/w192-h290-no\/_DSC5136_192_290_90.jpg\" \/><img decoding=\"async\" class=\"lazyload HAa Eha\" style=\"width: 400px; height: 300px; border-width: 1px; border-style: solid; margin: 10px auto; display: block;\" alt=\"\" src=\"data:image\/gif;base64,R0lGODlhAQABAAAAACH5BAEKAAEALAAAAAABAAEAAAICTAEAOw==\" data-orig-src=\"https:\/\/lh4.googleusercontent.com\/-h23xiblu5D0\/VLDtjdGxBWI\/AAAAAAAAKtQ\/O5g4v7m6zLA\/w387-h257-no\/_DSC5147_387_257_90.jpg\" \/><img decoding=\"async\" class=\"lazyload HAa Eha\" style=\"height: 300px; width: 400px; border-width: 1px; border-style: solid; margin: 10px auto; display: block;\" alt=\"\" src=\"data:image\/gif;base64,R0lGODlhAQABAAAAACH5BAEKAAEALAAAAAABAAEAAAICTAEAOw==\" data-orig-src=\"https:\/\/lh4.googleusercontent.com\/-vkI90u3JVVo\/VLDtj0FFbbI\/AAAAAAAAKsc\/C5wpMrV8lRo\/w387-h257-no\/_DSC5153_387_257_90.jpg\" \/><img decoding=\"async\" class=\"lazyload HAa Eha\" style=\"height: 400px; width: 300px; border-width: 1px; border-style: solid; margin: 10px auto; display: block;\" alt=\"\" src=\"data:image\/gif;base64,R0lGODlhAQABAAAAACH5BAEKAAEALAAAAAABAAEAAAICTAEAOw==\" data-orig-src=\"https:\/\/lh3.googleusercontent.com\/-e0h_5RVJoNY\/VLDtkCle61I\/AAAAAAAAKtM\/cZzdroDEbGo\/w192-h290-no\/_DSC5159_192_290_90.jpg\" \/><img decoding=\"async\" class=\"lazyload HAa Eha\" style=\"height: 300px; width: 400px; border-width: 1px; border-style: solid; margin: 10px auto; display: block;\" alt=\"\" src=\"data:image\/gif;base64,R0lGODlhAQABAAAAACH5BAEKAAEALAAAAAABAAEAAAICTAEAOw==\" data-orig-src=\"https:\/\/lh3.googleusercontent.com\/-F_8Q3QeD7SA\/VLDtk_gy5AI\/AAAAAAAAKtA\/l56h57nj15E\/w387-h257-no\/_DSC5172_387_257_90.jpg\" \/><img decoding=\"async\" class=\"lazyload HAa Eha\" style=\"height: 300px; width: 400px; border-width: 1px; border-style: solid; margin: 10px auto; display: block;\" alt=\"\" src=\"data:image\/gif;base64,R0lGODlhAQABAAAAACH5BAEKAAEALAAAAAABAAEAAAICTAEAOw==\" data-orig-src=\"https:\/\/lh4.googleusercontent.com\/-m3ydKI7zWH4\/VLDtko82TKI\/AAAAAAAAKtU\/d_3770rpLIs\/w387-h257-no\/_DSC5191_387_257_90.jpg\" \/><img decoding=\"async\" class=\"lazyload HAa Eha\" style=\"height: 300px; width: 400px; border-width: 1px; border-style: solid; margin: 10px auto; display: block;\" alt=\"\" src=\"data:image\/gif;base64,R0lGODlhAQABAAAAACH5BAEKAAEALAAAAAABAAEAAAICTAEAOw==\" data-orig-src=\"https:\/\/lh3.googleusercontent.com\/-v92hInzPuA8\/VLDtlGT5KOI\/AAAAAAAAKs0\/ucAYhcHS2Bg\/w387-h257-no\/_DSC5216_387_257_90.jpg\" \/><img decoding=\"async\" class=\"lazyload HAa Eha\" style=\"width: 300px; height: 400px; border-width: 1px; border-style: solid; margin: 10px auto; display: block;\" alt=\"\" src=\"data:image\/gif;base64,R0lGODlhAQABAAAAACH5BAEKAAEALAAAAAABAAEAAAICTAEAOw==\" data-orig-src=\"https:\/\/lh6.googleusercontent.com\/-mHX3639rvvU\/VLDtlbSiQ2I\/AAAAAAAAKs4\/-6viHWuUJJg\/w192-h290-no\/_DSC5277_192_290_90.jpg\" \/><img decoding=\"async\" class=\"lazyload HAa Eha\" style=\"width: 400px; height: 300px; border-width: 1px; border-style: solid; margin: 10px auto; display: block;\" alt=\"\" src=\"data:image\/gif;base64,R0lGODlhAQABAAAAACH5BAEKAAEALAAAAAABAAEAAAICTAEAOw==\" data-orig-src=\"https:\/\/lh6.googleusercontent.com\/-Fj0MfPoJ5ZM\/VLDtl7mltBI\/AAAAAAAAKs8\/XYNCYyxN8Lk\/w387-h257-no\/_DSC5317_387_257_90.jpg\" \/><\/div>\n<div style=\"color: #4f4f4f; text-align: center;\">&nbsp;<\/div>\n<div style=\"color: #4f4f4f; text-align: center;\">&nbsp;<\/div>\n","protected":false},"excerpt":{"rendered":"<p>E Enjtja e Madhe e 12 Ungjijve &nbsp;&nbsp;&nbsp; E Enjtja e Madhe ftoi besimtar\u00ebt t\u00eb d\u00ebgjonin me v\u00ebmendje leximin e 12 Ungjijve, nj\u00eb dit\u00eb kjo e mbushur me ngjarje t\u00eb m\u00ebdha dhe mesazhe t\u00eb shumta. N\u00eb foto, ju ftojm\u00eb t\u00eb shikoni momente nga kjo dit\u00eb n\u00eb kish\u00ebn &#8220;Ungjill\u00ebzimi&#8221; n\u00eb Tiran\u00eb. &nbsp; T\u00eb M\u00ebrkur\u00ebn e Madhe, n\u00eb misterin e Efqelis\u00eb &nbsp; &nbsp; &nbsp; &nbsp; Qindra pjes\u00ebmarr\u00ebs,<\/p>\n","protected":false},"author":1,"featured_media":0,"comment_status":"open","ping_status":"open","sticky":false,"template":"","format":"standard","meta":{"_acf_changed":false,"pagelayer_contact_templates":[],"_pagelayer_content":"","inline_featured_image":false,"fifu_image_url":"","fifu_image_alt":"","footnotes":""},"categories":[108],"tags":[142,196,201,212,189],"class_list":["post-656","post","type-post","status-publish","format-standard","hentry","category-lajme","tag-142","tag-tirane","tag-kryepiskopi-anastas","tag-lajme-d27","tag-pashke-2014"],"acf":[],"yoast_head":"<!-- This site is optimized with the Yoast SEO plugin v27.2 - https:\/\/yoast.com\/product\/yoast-seo-wordpress\/ -->\n<title>Java e Madhe n\u00eb Tiran\u00eb. (Prill 2012) - Kisha Orthodh\u03bfkse Autoqefale e Shqip\u00ebris\u00eb<\/title>\n<meta name=\"robots\" content=\"index, follow, max-snippet:-1, max-image-preview:large, max-video-preview:-1\" \/>\n<link rel=\"canonical\" href=\"https:\/\/orthodoxalbania.org\/2020\/2013\/03\/21\/java-e-madhe-ne-tirane\/\" \/>\n<meta property=\"og:locale\" content=\"en_US\" \/>\n<meta property=\"og:type\" content=\"article\" \/>\n<meta property=\"og:title\" content=\"Java e Madhe n\u00eb Tiran\u00eb. (Prill 2012) - Kisha Orthodh\u03bfkse Autoqefale e Shqip\u00ebris\u00eb\" \/>\n<meta property=\"og:description\" content=\"E Enjtja e Madhe e 12 Ungjijve &nbsp;&nbsp;&nbsp; E Enjtja e Madhe ftoi besimtar\u00ebt t\u00eb d\u00ebgjonin me v\u00ebmendje leximin e 12 Ungjijve, nj\u00eb dit\u00eb kjo e mbushur me ngjarje t\u00eb m\u00ebdha dhe mesazhe t\u00eb shumta. N\u00eb foto, ju ftojm\u00eb t\u00eb shikoni momente nga kjo dit\u00eb n\u00eb kish\u00ebn &#8220;Ungjill\u00ebzimi&#8221; n\u00eb Tiran\u00eb. &nbsp; T\u00eb M\u00ebrkur\u00ebn e Madhe, n\u00eb misterin e Efqelis\u00eb &nbsp; &nbsp; &nbsp; &nbsp; Qindra pjes\u00ebmarr\u00ebs,\" \/>\n<meta property=\"og:url\" content=\"https:\/\/orthodoxalbania.org\/2020\/2013\/03\/21\/java-e-madhe-ne-tirane\/\" \/>\n<meta property=\"og:site_name\" content=\"Kisha Orthodh\u03bfkse Autoqefale e Shqip\u00ebris\u00eb\" \/>\n<meta property=\"article:publisher\" content=\"https:\/\/www.facebook.com\/koash1991\" \/>\n<meta property=\"article:published_time\" content=\"2013-03-21T10:39:18+00:00\" \/>\n<meta property=\"article:modified_time\" content=\"2020-04-06T20:06:07+00:00\" \/>\n<meta property=\"og:image\" content=\"https:\/\/lh3.googleusercontent.com\/-FOUbtWBM2_g\/VLDtctKTFFI\/AAAAAAAAKqk\/4EhySMrnt2E\/w448-h336-no\/6919184050_d2a1d61e40.jpg\" \/>\n<meta name=\"author\" content=\"Kisha Orthodhokse\" \/>\n<meta name=\"twitter:card\" content=\"summary_large_image\" \/>\n<meta name=\"twitter:label1\" content=\"Written by\" \/>\n\t<meta name=\"twitter:data1\" content=\"Kisha Orthodhokse\" \/>\n\t<meta name=\"twitter:label2\" content=\"Est. reading time\" \/>\n\t<meta name=\"twitter:data2\" content=\"3 minutes\" \/>\n<script type=\"application\/ld+json\" class=\"yoast-schema-graph\">{\"@context\":\"https:\/\/schema.org\",\"@graph\":[{\"@type\":\"Article\",\"@id\":\"https:\/\/orthodoxalbania.org\/2020\/2013\/03\/21\/java-e-madhe-ne-tirane\/#article\",\"isPartOf\":{\"@id\":\"https:\/\/orthodoxalbania.org\/2020\/2013\/03\/21\/java-e-madhe-ne-tirane\/\"},\"author\":{\"name\":\"Kisha Orthodhokse\",\"@id\":\"https:\/\/orthodoxalbania.org\/2020\/#\/schema\/person\/0c387634a7063ac612d7ed9ce71c7e86\"},\"headline\":\"Java e Madhe n\u00eb Tiran\u00eb. (Prill 2012)\",\"datePublished\":\"2013-03-21T10:39:18+00:00\",\"dateModified\":\"2020-04-06T20:06:07+00:00\",\"mainEntityOfPage\":{\"@id\":\"https:\/\/orthodoxalbania.org\/2020\/2013\/03\/21\/java-e-madhe-ne-tirane\/\"},\"wordCount\":526,\"commentCount\":0,\"publisher\":{\"@id\":\"https:\/\/orthodoxalbania.org\/2020\/#organization\"},\"image\":{\"@id\":\"https:\/\/orthodoxalbania.org\/2020\/2013\/03\/21\/java-e-madhe-ne-tirane\/#primaryimage\"},\"thumbnailUrl\":\"https:\/\/lh3.googleusercontent.com\/-FOUbtWBM2_g\/VLDtctKTFFI\/AAAAAAAAKqk\/4EhySMrnt2E\/w448-h336-no\/6919184050_d2a1d61e40.jpg\",\"keywords\":[\"2012\",\"Kryepiskopata Tiran\u00eb\",\"Kryepiskopi Anastas\",\"lajme\",\"Pashk\u00eb\"],\"articleSection\":[\"Lajme\"],\"inLanguage\":\"en-US\"},{\"@type\":\"WebPage\",\"@id\":\"https:\/\/orthodoxalbania.org\/2020\/2013\/03\/21\/java-e-madhe-ne-tirane\/\",\"url\":\"https:\/\/orthodoxalbania.org\/2020\/2013\/03\/21\/java-e-madhe-ne-tirane\/\",\"name\":\"Java e Madhe n\u00eb Tiran\u00eb. (Prill 2012) - Kisha Orthodh\u03bfkse Autoqefale e Shqip\u00ebris\u00eb\",\"isPartOf\":{\"@id\":\"https:\/\/orthodoxalbania.org\/2020\/#website\"},\"primaryImageOfPage\":{\"@id\":\"https:\/\/orthodoxalbania.org\/2020\/2013\/03\/21\/java-e-madhe-ne-tirane\/#primaryimage\"},\"image\":{\"@id\":\"https:\/\/orthodoxalbania.org\/2020\/2013\/03\/21\/java-e-madhe-ne-tirane\/#primaryimage\"},\"thumbnailUrl\":\"https:\/\/lh3.googleusercontent.com\/-FOUbtWBM2_g\/VLDtctKTFFI\/AAAAAAAAKqk\/4EhySMrnt2E\/w448-h336-no\/6919184050_d2a1d61e40.jpg\",\"datePublished\":\"2013-03-21T10:39:18+00:00\",\"dateModified\":\"2020-04-06T20:06:07+00:00\",\"breadcrumb\":{\"@id\":\"https:\/\/orthodoxalbania.org\/2020\/2013\/03\/21\/java-e-madhe-ne-tirane\/#breadcrumb\"},\"inLanguage\":\"en-US\",\"potentialAction\":[{\"@type\":\"ReadAction\",\"target\":[\"https:\/\/orthodoxalbania.org\/2020\/2013\/03\/21\/java-e-madhe-ne-tirane\/\"]}]},{\"@type\":\"ImageObject\",\"inLanguage\":\"en-US\",\"@id\":\"https:\/\/orthodoxalbania.org\/2020\/2013\/03\/21\/java-e-madhe-ne-tirane\/#primaryimage\",\"url\":\"https:\/\/lh3.googleusercontent.com\/-FOUbtWBM2_g\/VLDtctKTFFI\/AAAAAAAAKqk\/4EhySMrnt2E\/w448-h336-no\/6919184050_d2a1d61e40.jpg\",\"contentUrl\":\"https:\/\/lh3.googleusercontent.com\/-FOUbtWBM2_g\/VLDtctKTFFI\/AAAAAAAAKqk\/4EhySMrnt2E\/w448-h336-no\/6919184050_d2a1d61e40.jpg\"},{\"@type\":\"BreadcrumbList\",\"@id\":\"https:\/\/orthodoxalbania.org\/2020\/2013\/03\/21\/java-e-madhe-ne-tirane\/#breadcrumb\",\"itemListElement\":[{\"@type\":\"ListItem\",\"position\":1,\"name\":\"Home\",\"item\":\"https:\/\/orthodoxalbania.org\/2020\/\"},{\"@type\":\"ListItem\",\"position\":2,\"name\":\"Java e Madhe n\u00eb Tiran\u00eb. (Prill 2012)\"}]},{\"@type\":\"WebSite\",\"@id\":\"https:\/\/orthodoxalbania.org\/2020\/#website\",\"url\":\"https:\/\/orthodoxalbania.org\/2020\/\",\"name\":\"Kisha Orthodh\u03bfkse Autoqefale e Shqip\u00ebris\u00eb\",\"description\":\"Fqja Zyrtare e Kish\u00ebs Orthodhokse Autoqefale e Shqip\u00ebris\u00eb me lajmet edhe informacionet zyrtare p\u00ebr struktur\u00ebn edhe veprimtarin e saj.\",\"publisher\":{\"@id\":\"https:\/\/orthodoxalbania.org\/2020\/#organization\"},\"potentialAction\":[{\"@type\":\"SearchAction\",\"target\":{\"@type\":\"EntryPoint\",\"urlTemplate\":\"https:\/\/orthodoxalbania.org\/2020\/?s={search_term_string}\"},\"query-input\":{\"@type\":\"PropertyValueSpecification\",\"valueRequired\":true,\"valueName\":\"search_term_string\"}}],\"inLanguage\":\"en-US\"},{\"@type\":\"Organization\",\"@id\":\"https:\/\/orthodoxalbania.org\/2020\/#organization\",\"name\":\"Kisha Orthodhokse Autoqefale e Shqip\u00ebris\u00eb\",\"url\":\"https:\/\/orthodoxalbania.org\/2020\/\",\"logo\":{\"@type\":\"ImageObject\",\"inLanguage\":\"en-US\",\"@id\":\"https:\/\/orthodoxalbania.org\/2020\/#\/schema\/logo\/image\/\",\"url\":\"https:\/\/orthodoxalbania.org\/2020\/wp-content\/uploads\/2020\/05\/albania.jpeg\",\"contentUrl\":\"https:\/\/orthodoxalbania.org\/2020\/wp-content\/uploads\/2020\/05\/albania.jpeg\",\"width\":540,\"height\":540,\"caption\":\"Kisha Orthodhokse Autoqefale e Shqip\u00ebris\u00eb\"},\"image\":{\"@id\":\"https:\/\/orthodoxalbania.org\/2020\/#\/schema\/logo\/image\/\"},\"sameAs\":[\"https:\/\/www.facebook.com\/koash1991\"]},{\"@type\":\"Person\",\"@id\":\"https:\/\/orthodoxalbania.org\/2020\/#\/schema\/person\/0c387634a7063ac612d7ed9ce71c7e86\",\"name\":\"Kisha Orthodhokse\",\"image\":{\"@type\":\"ImageObject\",\"inLanguage\":\"en-US\",\"@id\":\"https:\/\/secure.gravatar.com\/avatar\/596e7c417251e30f2fbb9c00e026fce61a695a00e51c889caded71c96cbbdde5?s=96&d=mm&r=g\",\"url\":\"https:\/\/secure.gravatar.com\/avatar\/596e7c417251e30f2fbb9c00e026fce61a695a00e51c889caded71c96cbbdde5?s=96&d=mm&r=g\",\"contentUrl\":\"https:\/\/secure.gravatar.com\/avatar\/596e7c417251e30f2fbb9c00e026fce61a695a00e51c889caded71c96cbbdde5?s=96&d=mm&r=g\",\"caption\":\"Kisha Orthodhokse\"}}]}<\/script>\n<!-- \/ Yoast SEO plugin. -->","yoast_head_json":{"title":"Java e Madhe n\u00eb Tiran\u00eb. (Prill 2012) - Kisha Orthodh\u03bfkse Autoqefale e Shqip\u00ebris\u00eb","robots":{"index":"index","follow":"follow","max-snippet":"max-snippet:-1","max-image-preview":"max-image-preview:large","max-video-preview":"max-video-preview:-1"},"canonical":"https:\/\/orthodoxalbania.org\/2020\/2013\/03\/21\/java-e-madhe-ne-tirane\/","og_locale":"en_US","og_type":"article","og_title":"Java e Madhe n\u00eb Tiran\u00eb. (Prill 2012) - Kisha Orthodh\u03bfkse Autoqefale e Shqip\u00ebris\u00eb","og_description":"E Enjtja e Madhe e 12 Ungjijve &nbsp;&nbsp;&nbsp; E Enjtja e Madhe ftoi besimtar\u00ebt t\u00eb d\u00ebgjonin me v\u00ebmendje leximin e 12 Ungjijve, nj\u00eb dit\u00eb kjo e mbushur me ngjarje t\u00eb m\u00ebdha dhe mesazhe t\u00eb shumta. N\u00eb foto, ju ftojm\u00eb t\u00eb shikoni momente nga kjo dit\u00eb n\u00eb kish\u00ebn &#8220;Ungjill\u00ebzimi&#8221; n\u00eb Tiran\u00eb. &nbsp; T\u00eb M\u00ebrkur\u00ebn e Madhe, n\u00eb misterin e Efqelis\u00eb &nbsp; &nbsp; &nbsp; &nbsp; Qindra pjes\u00ebmarr\u00ebs,","og_url":"https:\/\/orthodoxalbania.org\/2020\/2013\/03\/21\/java-e-madhe-ne-tirane\/","og_site_name":"Kisha Orthodh\u03bfkse Autoqefale e Shqip\u00ebris\u00eb","article_publisher":"https:\/\/www.facebook.com\/koash1991","article_published_time":"2013-03-21T10:39:18+00:00","article_modified_time":"2020-04-06T20:06:07+00:00","og_image":[{"url":"https:\/\/lh3.googleusercontent.com\/-FOUbtWBM2_g\/VLDtctKTFFI\/AAAAAAAAKqk\/4EhySMrnt2E\/w448-h336-no\/6919184050_d2a1d61e40.jpg","type":"","width":"","height":""}],"author":"Kisha Orthodhokse","twitter_card":"summary_large_image","twitter_misc":{"Written by":"Kisha Orthodhokse","Est. reading time":"3 minutes"},"schema":{"@context":"https:\/\/schema.org","@graph":[{"@type":"Article","@id":"https:\/\/orthodoxalbania.org\/2020\/2013\/03\/21\/java-e-madhe-ne-tirane\/#article","isPartOf":{"@id":"https:\/\/orthodoxalbania.org\/2020\/2013\/03\/21\/java-e-madhe-ne-tirane\/"},"author":{"name":"Kisha Orthodhokse","@id":"https:\/\/orthodoxalbania.org\/2020\/#\/schema\/person\/0c387634a7063ac612d7ed9ce71c7e86"},"headline":"Java e Madhe n\u00eb Tiran\u00eb. (Prill 2012)","datePublished":"2013-03-21T10:39:18+00:00","dateModified":"2020-04-06T20:06:07+00:00","mainEntityOfPage":{"@id":"https:\/\/orthodoxalbania.org\/2020\/2013\/03\/21\/java-e-madhe-ne-tirane\/"},"wordCount":526,"commentCount":0,"publisher":{"@id":"https:\/\/orthodoxalbania.org\/2020\/#organization"},"image":{"@id":"https:\/\/orthodoxalbania.org\/2020\/2013\/03\/21\/java-e-madhe-ne-tirane\/#primaryimage"},"thumbnailUrl":"https:\/\/lh3.googleusercontent.com\/-FOUbtWBM2_g\/VLDtctKTFFI\/AAAAAAAAKqk\/4EhySMrnt2E\/w448-h336-no\/6919184050_d2a1d61e40.jpg","keywords":["2012","Kryepiskopata Tiran\u00eb","Kryepiskopi Anastas","lajme","Pashk\u00eb"],"articleSection":["Lajme"],"inLanguage":"en-US"},{"@type":"WebPage","@id":"https:\/\/orthodoxalbania.org\/2020\/2013\/03\/21\/java-e-madhe-ne-tirane\/","url":"https:\/\/orthodoxalbania.org\/2020\/2013\/03\/21\/java-e-madhe-ne-tirane\/","name":"Java e Madhe n\u00eb Tiran\u00eb. (Prill 2012) - Kisha Orthodh\u03bfkse Autoqefale e Shqip\u00ebris\u00eb","isPartOf":{"@id":"https:\/\/orthodoxalbania.org\/2020\/#website"},"primaryImageOfPage":{"@id":"https:\/\/orthodoxalbania.org\/2020\/2013\/03\/21\/java-e-madhe-ne-tirane\/#primaryimage"},"image":{"@id":"https:\/\/orthodoxalbania.org\/2020\/2013\/03\/21\/java-e-madhe-ne-tirane\/#primaryimage"},"thumbnailUrl":"https:\/\/lh3.googleusercontent.com\/-FOUbtWBM2_g\/VLDtctKTFFI\/AAAAAAAAKqk\/4EhySMrnt2E\/w448-h336-no\/6919184050_d2a1d61e40.jpg","datePublished":"2013-03-21T10:39:18+00:00","dateModified":"2020-04-06T20:06:07+00:00","breadcrumb":{"@id":"https:\/\/orthodoxalbania.org\/2020\/2013\/03\/21\/java-e-madhe-ne-tirane\/#breadcrumb"},"inLanguage":"en-US","potentialAction":[{"@type":"ReadAction","target":["https:\/\/orthodoxalbania.org\/2020\/2013\/03\/21\/java-e-madhe-ne-tirane\/"]}]},{"@type":"ImageObject","inLanguage":"en-US","@id":"https:\/\/orthodoxalbania.org\/2020\/2013\/03\/21\/java-e-madhe-ne-tirane\/#primaryimage","url":"https:\/\/lh3.googleusercontent.com\/-FOUbtWBM2_g\/VLDtctKTFFI\/AAAAAAAAKqk\/4EhySMrnt2E\/w448-h336-no\/6919184050_d2a1d61e40.jpg","contentUrl":"https:\/\/lh3.googleusercontent.com\/-FOUbtWBM2_g\/VLDtctKTFFI\/AAAAAAAAKqk\/4EhySMrnt2E\/w448-h336-no\/6919184050_d2a1d61e40.jpg"},{"@type":"BreadcrumbList","@id":"https:\/\/orthodoxalbania.org\/2020\/2013\/03\/21\/java-e-madhe-ne-tirane\/#breadcrumb","itemListElement":[{"@type":"ListItem","position":1,"name":"Home","item":"https:\/\/orthodoxalbania.org\/2020\/"},{"@type":"ListItem","position":2,"name":"Java e Madhe n\u00eb Tiran\u00eb. (Prill 2012)"}]},{"@type":"WebSite","@id":"https:\/\/orthodoxalbania.org\/2020\/#website","url":"https:\/\/orthodoxalbania.org\/2020\/","name":"Kisha Orthodh\u03bfkse Autoqefale e Shqip\u00ebris\u00eb","description":"Fqja Zyrtare e Kish\u00ebs Orthodhokse Autoqefale e Shqip\u00ebris\u00eb me lajmet edhe informacionet zyrtare p\u00ebr struktur\u00ebn edhe veprimtarin e saj.","publisher":{"@id":"https:\/\/orthodoxalbania.org\/2020\/#organization"},"potentialAction":[{"@type":"SearchAction","target":{"@type":"EntryPoint","urlTemplate":"https:\/\/orthodoxalbania.org\/2020\/?s={search_term_string}"},"query-input":{"@type":"PropertyValueSpecification","valueRequired":true,"valueName":"search_term_string"}}],"inLanguage":"en-US"},{"@type":"Organization","@id":"https:\/\/orthodoxalbania.org\/2020\/#organization","name":"Kisha Orthodhokse Autoqefale e Shqip\u00ebris\u00eb","url":"https:\/\/orthodoxalbania.org\/2020\/","logo":{"@type":"ImageObject","inLanguage":"en-US","@id":"https:\/\/orthodoxalbania.org\/2020\/#\/schema\/logo\/image\/","url":"https:\/\/orthodoxalbania.org\/2020\/wp-content\/uploads\/2020\/05\/albania.jpeg","contentUrl":"https:\/\/orthodoxalbania.org\/2020\/wp-content\/uploads\/2020\/05\/albania.jpeg","width":540,"height":540,"caption":"Kisha Orthodhokse Autoqefale e Shqip\u00ebris\u00eb"},"image":{"@id":"https:\/\/orthodoxalbania.org\/2020\/#\/schema\/logo\/image\/"},"sameAs":["https:\/\/www.facebook.com\/koash1991"]},{"@type":"Person","@id":"https:\/\/orthodoxalbania.org\/2020\/#\/schema\/person\/0c387634a7063ac612d7ed9ce71c7e86","name":"Kisha Orthodhokse","image":{"@type":"ImageObject","inLanguage":"en-US","@id":"https:\/\/secure.gravatar.com\/avatar\/596e7c417251e30f2fbb9c00e026fce61a695a00e51c889caded71c96cbbdde5?s=96&d=mm&r=g","url":"https:\/\/secure.gravatar.com\/avatar\/596e7c417251e30f2fbb9c00e026fce61a695a00e51c889caded71c96cbbdde5?s=96&d=mm&r=g","contentUrl":"https:\/\/secure.gravatar.com\/avatar\/596e7c417251e30f2fbb9c00e026fce61a695a00e51c889caded71c96cbbdde5?s=96&d=mm&r=g","caption":"Kisha Orthodhokse"}}]}},"_links":{"self":[{"href":"https:\/\/orthodoxalbania.org\/2020\/wp-json\/wp\/v2\/posts\/656","targetHints":{"allow":["GET"]}}],"collection":[{"href":"https:\/\/orthodoxalbania.org\/2020\/wp-json\/wp\/v2\/posts"}],"about":[{"href":"https:\/\/orthodoxalbania.org\/2020\/wp-json\/wp\/v2\/types\/post"}],"author":[{"embeddable":true,"href":"https:\/\/orthodoxalbania.org\/2020\/wp-json\/wp\/v2\/users\/1"}],"replies":[{"embeddable":true,"href":"https:\/\/orthodoxalbania.org\/2020\/wp-json\/wp\/v2\/comments?post=656"}],"version-history":[{"count":1,"href":"https:\/\/orthodoxalbania.org\/2020\/wp-json\/wp\/v2\/posts\/656\/revisions"}],"predecessor-version":[{"id":15333,"href":"https:\/\/orthodoxalbania.org\/2020\/wp-json\/wp\/v2\/posts\/656\/revisions\/15333"}],"wp:attachment":[{"href":"https:\/\/orthodoxalbania.org\/2020\/wp-json\/wp\/v2\/media?parent=656"}],"wp:term":[{"taxonomy":"category","embeddable":true,"href":"https:\/\/orthodoxalbania.org\/2020\/wp-json\/wp\/v2\/categories?post=656"},{"taxonomy":"post_tag","embeddable":true,"href":"https:\/\/orthodoxalbania.org\/2020\/wp-json\/wp\/v2\/tags?post=656"}],"curies":[{"name":"wp","href":"https:\/\/api.w.org\/{rel}","templated":true}]}}