{"id":6559,"date":"2018-04-29T20:14:32","date_gmt":"2018-04-29T20:14:32","guid":{"rendered":""},"modified":"2020-04-06T21:58:09","modified_gmt":"2020-04-06T19:58:09","slug":"prezantimi-i-librit-te-kryepiskopit-anastas-deri-ne-skajet-e-dheut-ne-rusisht-tirane-29-4-2018","status":"publish","type":"post","link":"https:\/\/orthodoxalbania.org\/2020\/2018\/04\/29\/prezantimi-i-librit-te-kryepiskopit-anastas-deri-ne-skajet-e-dheut-ne-rusisht-tirane-29-4-2018\/","title":{"rendered":"Prezantimi i librit t\u00eb Kryepiskopit Anastas \u201cDeri n\u00eb skajet e dheut\u201d n\u00eb Rusisht, Tiran\u00eb, 29.4.2018"},"content":{"rendered":"<p style=\"text-align: center;\">\n\t<img class=\"lazyload\" decoding=\"async\" alt=\"\" height=\"51\" src=\"data:image\/svg+xml,%3Csvg%20xmlns%3D%27http%3A%2F%2Fwww.w3.org%2F2000%2Fsvg%27%20width%3D%2751%27%20height%3D%2751%27%20viewBox%3D%270%200%2051%2051%27%3E%3Crect%20width%3D%2751%27%20height%3D%2751%27%20fill-opacity%3D%220%22%2F%3E%3C%2Fsvg%3E\" data-orig-src=\"https:\/\/lh4.googleusercontent.com\/-p6oTSlUmOrM\/U0UABsfjknI\/AAAAAAAAATs\/zlJeoFRksRE\/s577-no\/logo.png\" style=\"display: block; margin: 10px auto; border: initial;\" width=\"51\" \/><\/p>\n<p style=\"text-align: center;\">\n\t<span style=\"font-size: 12pt; font-family: helvetica; color: #000000;\">KISHA ORTHODHOKSE AUTOQEFALE E SHQIP\u00cbRIS\u00cb<\/span><\/p>\n<p style=\"text-align: center;\">\n\t&nbsp;<\/p>\n<p style=\"text-align: center;\">\n\t&nbsp;<\/p>\n<p style=\"text-align: center;\">\n\t<span style=\"font-size: 12pt; font-family: helvetica; color: #000000;\">VIZITA ZYRTARE E SHENJT\u00cbRIS\u00cb S\u00cb TIJ,<\/span><\/p>\n<p style=\"text-align: center;\">\n\t<span style=\"font-size: 12pt; font-family: helvetica; color: #000000;\">PATRIARKUT T\u00cb MOSK\u00cbS DHE T\u00cb GJITH\u00cb RUSIVE, KIRILLIT,<\/span><\/p>\n<p style=\"text-align: center;\">\n\t<span style=\"font-size: 12pt; font-family: helvetica; color: #000000;\">N\u00cb KISH\u00cbN ORTHODHOKSE AUTOQEFALE T\u00cb SHQIP\u00cbRIS\u00cb<\/span><\/p>\n<p style=\"text-align: center;\">\n\t&nbsp;<\/p>\n<p style=\"text-align: center;\">\n\t&nbsp;<\/p>\n<p style=\"text-align: center;\">\n\t<span style=\"font-size: 12pt; font-family: helvetica; color: #000000;\"><strong>Prezantimi i librit t\u00eb Kryepiskopit Anastas<\/strong><\/span><\/p>\n<p style=\"text-align: center;\">\n\t<span style=\"font-size: 12pt; font-family: helvetica; color: #000000;\"><strong>\u201cDeri n\u00eb skajet e dheut\u201d<\/strong><\/span><\/p>\n<p style=\"text-align: center;\">\n\t&nbsp;<\/p>\n<p style=\"text-align: center;\">\n\t&nbsp;<\/p>\n<p style=\"text-align: center;\">\n\t<span style=\"font-size: 12pt; font-family: helvetica; color: #000000;\">Qendra Kulturore e Kish\u00ebs Katedrale<\/span><\/p>\n<p style=\"text-align: center;\">\n\t&nbsp;<\/p>\n<p style=\"text-align: center;\">\n\t&nbsp;<\/p>\n<p style=\"text-align: center;\">\n\t<span style=\"font-size: 12pt; font-family: helvetica; color: #000000;\">29 prill 2018<\/span><\/p>\n<p style=\"text-align: center;\">\n\t&nbsp;<\/p>\n<p style=\"text-align: justify;\">\n\t&nbsp;<\/p>\n<p style=\"text-align: justify;\">\n\t<span style=\"font-size: 12pt; font-family: helvetica; color: #000000;\">&nbsp; &nbsp; (P\u00ebrsh\u00ebndetjet)<\/span><\/p>\n<p style=\"text-align: justify;\">\n\t<span style=\"font-size: 12pt; font-family: helvetica; color: #000000;\">&nbsp; &nbsp;Gjat\u00eb viteve \u201860, kur n\u00eb kuadrin e Rinis\u00eb Nd\u00ebrorthodhokse nis\u00ebm t\u2019i referoheshim shpesh \u201cporosis\u00eb s\u00eb harruar\u201d t\u00eb Krishtit t\u00eb Ngjallur: \u201cShkoni m\u00ebsoni t\u00eb gjitha kombet&#8230;\u201d (Matth. 28:19-20), shum\u00eb menduan se b\u00ebhej fjal\u00eb p\u00ebr nj\u00eb entuziaz\u00ebm t\u00eb pabazuar. Disa t\u00eb tjer\u00eb u p\u00ebrpoq\u00ebn ta ulnin p\u00ebrpjekjen ton\u00eb, si gjoja ndikim nga kishat per\u00ebndimore.<\/span><\/p>\n<p style=\"text-align: justify;\">\n\t<span style=\"font-size: 12pt; font-family: helvetica; color: #000000;\">&nbsp; &nbsp;At\u00ebher\u00eb vendos\u00ebm t\u00eb b\u00ebnim nj\u00eb studim sistematik theologjik dhe historik t\u00eb vepr\u00ebs hierapostolike t\u00eb Kish\u00ebs Lindore. Nis\u00ebm hulumtimin e hierapostujve bizantin\u00eb &#8211; ku n\u00eb maj\u00eb t\u00eb tyre q\u00ebndron sh\u00ebn Kirilli, i Barabart\u00eb me Apostujt -, emrin t\u00eb cilit mbani V\u00eblla i shenjt\u00eb, Fort i dashur.<\/span><\/p>\n<p style=\"text-align: justify;\">\n\t<span style=\"font-size: 12pt; font-family: helvetica; color: #000000;\">&nbsp; &nbsp;M\u00eb pas shkuam n\u00eb studimin e vepr\u00ebs s\u00eb hierapostujve rus\u00eb, t\u00eb cil\u00ebt e vazhduan p\u00ebrhapjen e Ungjillit n\u00eb popuj, q\u00eb deri at\u00ebher\u00eb nuk e njihnin. Me mall\u00ebngjim t\u00eb thell\u00eb hulumtova dhe botova p\u00ebr her\u00eb t\u00eb par\u00eb, n\u00eb gjuh\u00ebn greke dhe n\u00eb anglisht studime p\u00ebr vepr\u00ebn e hierapostujve t\u00eb m\u00ebdhenj, si t\u00eb sh\u00ebn Inocent Veniaminovit, n\u00eb Alask\u00eb, (i cili n\u00eb fund u zgjodh mitropolit i Mosk\u00ebs), t\u00eb sh\u00ebn Nikolai Kasatkinit n\u00eb Japoni dhe t\u00eb shum\u00eb t\u00eb tjer\u00ebve.<\/span><\/p>\n<p style=\"text-align: justify;\">\n\t<span style=\"font-size: 12pt; font-family: helvetica; color: #000000;\">&nbsp; &nbsp;K\u00ebto tekste t\u00eb p\u00ebrmbledhura, p\u00ebrfshihen n\u00eb librin \u201cDeri n\u00eb Skajet e Dheut\u2019, q\u00eb prezantohet sot n\u00eb p\u00ebrkthimin n\u00eb rusisht. S\u00eb bashku me fal\u00ebnderimet e mia p\u00ebr ata q\u00eb kontribuuan n\u00eb p\u00ebrkthimin dhe n\u00eb botimin e librit, ndiej nevoj\u00ebn T\u2019ju fal\u00ebnderoj p\u00ebrzem\u00ebrsisht, V\u00eblla i Shenjt\u00eb, p\u00ebr mendimin Tuaj fisnik q\u00eb ta prezantoni sonte n\u00eb Shqip\u00ebri.<\/span><\/p>\n<p style=\"text-align: justify;\">\n\t<span style=\"font-size: 12pt; font-family: helvetica; color: #000000;\">&nbsp; &nbsp;Ka edhe di\u00e7ka t\u00eb ve\u00e7ant\u00eb, q\u00eb e lidh k\u00ebt\u00eb lib\u00ebr me sh\u00ebrbes\u00ebn time n\u00eb Shqip\u00ebri. Fryma q\u00eb p\u00ebrshkon librin zbulon t\u00eb fsheht\u00ebn \u201ce ve\u00e7ant\u00eb\u201d, q\u00eb m\u00eb shtyu t\u00eb pranoja k\u00ebt\u00eb mision t\u00eb vyer, kur u shfaq p\u00ebr her\u00eb t\u00eb par\u00eb, pra, t\u00eb rithemelimit dhe t\u00eb zhvillimit t\u00eb m\u00ebtejsh\u00ebm t\u00eb nj\u00eb Kishe Orthodhokse Autoqefale n\u00eb nj\u00eb truall jo t\u00eb q\u00ebndruesh\u00ebm. Gjithashtu, shpjegon, n\u00eb m\u00ebnyr\u00eb indirekte, k\u00ebmb\u00ebnguljen time p\u00ebr t\u00eb theksuar detyrimin e D\u00ebshmis\u00eb Orthodhokse n\u00eb kufij t\u00eb rinj dhe q\u00eb kjo gj\u00eb t\u00eb p\u00ebrfshihet n\u00eb tekste panorthodhokse.<\/span><\/p>\n<p style=\"text-align: justify;\">\n\t<span style=\"font-size: 12pt; font-family: helvetica; color: #000000;\">&nbsp; &nbsp;Si epimet\u00ebr i librit botohet nj\u00eb \u201cmanifest\u201d fillestar q\u00eb p\u00ebrcaktoi ritmin e ecuris\u00eb son\u00eb n\u00eb dhjet\u00ebvje\u00e7ar\u00ebt e fundit. \u201cIndiferenca p\u00ebr Hierapostullimin do t\u00eb thot\u00eb mohim i Orthodhoksis\u00eb\u201d. Duke p\u00ebrfituar nga burimet e pashtershme t\u00eb Orthodhoksis\u00eb, kemi mund\u00ebsin\u00eb t\u00eb rip\u00ebrt\u00ebrijm\u00eb vizionet dhe veprimtarin\u00eb ton\u00eb, ve\u00e7an\u00ebrisht n\u00eb shekullin e 21-t\u00eb, gjat\u00eb s\u00eb cilit qytet\u00ebrimi teknologjik bashkon me shpejt\u00ebsi mahnit\u00ebse gjith\u00eb njer\u00ebzimin (duke filluar me njoftimet t\u00eb mbledhjeve t\u00eb Primat\u00ebve t\u00eb Kishave Orthodhokse si dhe Mesazhin dhe tekstet e tjera t\u00eb Sinodit t\u00eb Shenjt\u00eb dhe t\u00eb Madh t\u00eb Kishave Orthodhokse n\u00eb Kret\u00eb).<\/span><\/p>\n<p style=\"text-align: justify;\">\n\t<span style=\"color: #000000;\"><span style=\"font-size: 12pt; font-family: helvetica;\">&nbsp; &nbsp;Megjithat\u00eb porosia e fundit themeltare e Krishtit t\u00eb Ngjallur &#8211; si\u00e7 theksohet n\u00eb Ungjillin sipas Mattheut dhe n\u00eb Veprat e Apostujve, &#8211; ruan t\u00ebr\u00eb intensitetin e saj: \u201cShkoni pra, m\u00ebsoni t\u00eb gjitha kombet&#8230;\u201d (Matth. 28:19-20) \u201cdhe do t\u00eb m\u00eb jeni d\u00ebshmitar\u00eb&#8230; deri n\u00eb skajet e dheut\u201d (Veprat 1:8).<\/span><\/span><\/p>\n<p style=\"text-align: justify;\">\n\t&nbsp;<\/p>\n<p style=\"text-align: center;\">\n\t<img class=\"lazyload\" decoding=\"async\" alt=\"\" height=\"333\" src=\"data:image\/svg+xml,%3Csvg%20xmlns%3D%27http%3A%2F%2Fwww.w3.org%2F2000%2Fsvg%27%20width%3D%27500%27%20height%3D%27333%27%20viewBox%3D%270%200%20500%20333%27%3E%3Crect%20width%3D%27500%27%20height%3D%27333%27%20fill-opacity%3D%220%22%2F%3E%3C%2Fsvg%3E\" data-orig-src=\"https:\/\/orthodoxalbania.org\/2020\/wp-content\/uploads\/2020\/04\/31479491_1587963211323176_3134354050426863616_n.jpg\" style=\"display: block; margin: 10px auto; border: 1px solid #000000;\" width=\"500\" \/><\/p>\n<p style=\"text-align: center;\">\n\t<iframe allow=\"autoplay; encrypted-media\" allowfullscreen=\"\" frameborder=\"0\" height=\"333\" src=\"https:\/\/www.youtube.com\/embed\/NRytK6WAR6I?rel=0\" width=\"500\"><\/iframe><\/p>\n","protected":false},"excerpt":{"rendered":"<p>KISHA ORTHODHOKSE AUTOQEFALE E SHQIP\u00cbRIS\u00cb &nbsp; &nbsp; VIZITA ZYRTARE E SHENJT\u00cbRIS\u00cb S\u00cb TIJ, PATRIARKUT T\u00cb MOSK\u00cbS DHE T\u00cb GJITH\u00cb RUSIVE, KIRILLIT, N\u00cb KISH\u00cbN ORTHODHOKSE AUTOQEFALE T\u00cb SHQIP\u00cbRIS\u00cb &nbsp; &nbsp; Prezantimi i librit t\u00eb Kryepiskopit Anastas \u201cDeri n\u00eb skajet e dheut\u201d &nbsp; &nbsp; Qendra Kulturore e Kish\u00ebs Katedrale &nbsp; &nbsp; 29 prill 2018 &nbsp; &nbsp; &nbsp; &nbsp; (P\u00ebrsh\u00ebndetjet) &nbsp; &nbsp;Gjat\u00eb viteve \u201860, kur n\u00eb kuadrin e<\/p>\n","protected":false},"author":1,"featured_media":0,"comment_status":"open","ping_status":"open","sticky":false,"template":"","format":"standard","meta":{"_acf_changed":false,"pagelayer_contact_templates":[],"_pagelayer_content":"","inline_featured_image":false,"fifu_image_url":"","fifu_image_alt":"","footnotes":""},"categories":[108],"tags":[220,196,201,212,235,607],"class_list":["post-6559","post","type-post","status-publish","format-standard","hentry","category-lajme","tag-220","tag-tirane","tag-kryepiskopi-anastas","tag-lajme-d27","tag-patriku-kirill","tag-promovimepublikime"],"acf":[],"yoast_head":"<!-- This site is optimized with the Yoast SEO plugin v27.2 - https:\/\/yoast.com\/product\/yoast-seo-wordpress\/ -->\n<title>Prezantimi i librit t\u00eb Kryepiskopit Anastas \u201cDeri n\u00eb skajet e dheut\u201d n\u00eb Rusisht, Tiran\u00eb, 29.4.2018 - Kisha Orthodh\u03bfkse Autoqefale e Shqip\u00ebris\u00eb<\/title>\n<meta name=\"robots\" content=\"index, follow, max-snippet:-1, max-image-preview:large, max-video-preview:-1\" \/>\n<link rel=\"canonical\" href=\"https:\/\/orthodoxalbania.org\/2020\/2018\/04\/29\/prezantimi-i-librit-te-kryepiskopit-anastas-deri-ne-skajet-e-dheut-ne-rusisht-tirane-29-4-2018\/\" \/>\n<meta property=\"og:locale\" content=\"en_US\" \/>\n<meta property=\"og:type\" content=\"article\" \/>\n<meta property=\"og:title\" content=\"Prezantimi i librit t\u00eb Kryepiskopit Anastas \u201cDeri n\u00eb skajet e dheut\u201d n\u00eb Rusisht, Tiran\u00eb, 29.4.2018 - Kisha Orthodh\u03bfkse Autoqefale e Shqip\u00ebris\u00eb\" \/>\n<meta property=\"og:description\" content=\"KISHA ORTHODHOKSE AUTOQEFALE E SHQIP\u00cbRIS\u00cb &nbsp; &nbsp; VIZITA ZYRTARE E SHENJT\u00cbRIS\u00cb S\u00cb TIJ, PATRIARKUT T\u00cb MOSK\u00cbS DHE T\u00cb GJITH\u00cb RUSIVE, KIRILLIT, N\u00cb KISH\u00cbN ORTHODHOKSE AUTOQEFALE T\u00cb SHQIP\u00cbRIS\u00cb &nbsp; &nbsp; Prezantimi i librit t\u00eb Kryepiskopit Anastas \u201cDeri n\u00eb skajet e dheut\u201d &nbsp; &nbsp; Qendra Kulturore e Kish\u00ebs Katedrale &nbsp; &nbsp; 29 prill 2018 &nbsp; &nbsp; &nbsp; &nbsp; (P\u00ebrsh\u00ebndetjet) &nbsp; &nbsp;Gjat\u00eb viteve \u201860, kur n\u00eb kuadrin e\" \/>\n<meta property=\"og:url\" content=\"https:\/\/orthodoxalbania.org\/2020\/2018\/04\/29\/prezantimi-i-librit-te-kryepiskopit-anastas-deri-ne-skajet-e-dheut-ne-rusisht-tirane-29-4-2018\/\" \/>\n<meta property=\"og:site_name\" content=\"Kisha Orthodh\u03bfkse Autoqefale e Shqip\u00ebris\u00eb\" \/>\n<meta property=\"article:publisher\" content=\"https:\/\/www.facebook.com\/koash1991\" \/>\n<meta property=\"article:published_time\" content=\"2018-04-29T20:14:32+00:00\" \/>\n<meta property=\"article:modified_time\" content=\"2020-04-06T19:58:09+00:00\" \/>\n<meta property=\"og:image\" content=\"https:\/\/lh4.googleusercontent.com\/-p6oTSlUmOrM\/U0UABsfjknI\/AAAAAAAAATs\/zlJeoFRksRE\/s577-no\/logo.png\" \/>\n<meta name=\"author\" content=\"Kisha Orthodhokse\" \/>\n<meta name=\"twitter:card\" content=\"summary_large_image\" \/>\n<meta name=\"twitter:label1\" content=\"Written by\" \/>\n\t<meta name=\"twitter:data1\" content=\"Kisha Orthodhokse\" \/>\n\t<meta name=\"twitter:label2\" content=\"Est. reading time\" \/>\n\t<meta name=\"twitter:data2\" content=\"3 minutes\" \/>\n<script type=\"application\/ld+json\" class=\"yoast-schema-graph\">{\"@context\":\"https:\/\/schema.org\",\"@graph\":[{\"@type\":\"Article\",\"@id\":\"https:\/\/orthodoxalbania.org\/2020\/2018\/04\/29\/prezantimi-i-librit-te-kryepiskopit-anastas-deri-ne-skajet-e-dheut-ne-rusisht-tirane-29-4-2018\/#article\",\"isPartOf\":{\"@id\":\"https:\/\/orthodoxalbania.org\/2020\/2018\/04\/29\/prezantimi-i-librit-te-kryepiskopit-anastas-deri-ne-skajet-e-dheut-ne-rusisht-tirane-29-4-2018\/\"},\"author\":{\"name\":\"Kisha Orthodhokse\",\"@id\":\"https:\/\/orthodoxalbania.org\/2020\/#\/schema\/person\/0c387634a7063ac612d7ed9ce71c7e86\"},\"headline\":\"Prezantimi i librit t\u00eb Kryepiskopit Anastas \u201cDeri n\u00eb skajet e dheut\u201d n\u00eb Rusisht, Tiran\u00eb, 29.4.2018\",\"datePublished\":\"2018-04-29T20:14:32+00:00\",\"dateModified\":\"2020-04-06T19:58:09+00:00\",\"mainEntityOfPage\":{\"@id\":\"https:\/\/orthodoxalbania.org\/2020\/2018\/04\/29\/prezantimi-i-librit-te-kryepiskopit-anastas-deri-ne-skajet-e-dheut-ne-rusisht-tirane-29-4-2018\/\"},\"wordCount\":631,\"commentCount\":0,\"publisher\":{\"@id\":\"https:\/\/orthodoxalbania.org\/2020\/#organization\"},\"image\":{\"@id\":\"https:\/\/orthodoxalbania.org\/2020\/2018\/04\/29\/prezantimi-i-librit-te-kryepiskopit-anastas-deri-ne-skajet-e-dheut-ne-rusisht-tirane-29-4-2018\/#primaryimage\"},\"thumbnailUrl\":\"https:\/\/lh4.googleusercontent.com\/-p6oTSlUmOrM\/U0UABsfjknI\/AAAAAAAAATs\/zlJeoFRksRE\/s577-no\/logo.png\",\"keywords\":[\"2018\",\"Kryepiskopata Tiran\u00eb\",\"Kryepiskopi Anastas\",\"lajme\",\"Patriku Kirill\",\"PromovimePublikime\"],\"articleSection\":[\"Lajme\"],\"inLanguage\":\"en-US\"},{\"@type\":\"WebPage\",\"@id\":\"https:\/\/orthodoxalbania.org\/2020\/2018\/04\/29\/prezantimi-i-librit-te-kryepiskopit-anastas-deri-ne-skajet-e-dheut-ne-rusisht-tirane-29-4-2018\/\",\"url\":\"https:\/\/orthodoxalbania.org\/2020\/2018\/04\/29\/prezantimi-i-librit-te-kryepiskopit-anastas-deri-ne-skajet-e-dheut-ne-rusisht-tirane-29-4-2018\/\",\"name\":\"Prezantimi i librit t\u00eb Kryepiskopit Anastas \u201cDeri n\u00eb skajet e dheut\u201d n\u00eb Rusisht, Tiran\u00eb, 29.4.2018 - Kisha Orthodh\u03bfkse Autoqefale e Shqip\u00ebris\u00eb\",\"isPartOf\":{\"@id\":\"https:\/\/orthodoxalbania.org\/2020\/#website\"},\"primaryImageOfPage\":{\"@id\":\"https:\/\/orthodoxalbania.org\/2020\/2018\/04\/29\/prezantimi-i-librit-te-kryepiskopit-anastas-deri-ne-skajet-e-dheut-ne-rusisht-tirane-29-4-2018\/#primaryimage\"},\"image\":{\"@id\":\"https:\/\/orthodoxalbania.org\/2020\/2018\/04\/29\/prezantimi-i-librit-te-kryepiskopit-anastas-deri-ne-skajet-e-dheut-ne-rusisht-tirane-29-4-2018\/#primaryimage\"},\"thumbnailUrl\":\"https:\/\/lh4.googleusercontent.com\/-p6oTSlUmOrM\/U0UABsfjknI\/AAAAAAAAATs\/zlJeoFRksRE\/s577-no\/logo.png\",\"datePublished\":\"2018-04-29T20:14:32+00:00\",\"dateModified\":\"2020-04-06T19:58:09+00:00\",\"breadcrumb\":{\"@id\":\"https:\/\/orthodoxalbania.org\/2020\/2018\/04\/29\/prezantimi-i-librit-te-kryepiskopit-anastas-deri-ne-skajet-e-dheut-ne-rusisht-tirane-29-4-2018\/#breadcrumb\"},\"inLanguage\":\"en-US\",\"potentialAction\":[{\"@type\":\"ReadAction\",\"target\":[\"https:\/\/orthodoxalbania.org\/2020\/2018\/04\/29\/prezantimi-i-librit-te-kryepiskopit-anastas-deri-ne-skajet-e-dheut-ne-rusisht-tirane-29-4-2018\/\"]}]},{\"@type\":\"ImageObject\",\"inLanguage\":\"en-US\",\"@id\":\"https:\/\/orthodoxalbania.org\/2020\/2018\/04\/29\/prezantimi-i-librit-te-kryepiskopit-anastas-deri-ne-skajet-e-dheut-ne-rusisht-tirane-29-4-2018\/#primaryimage\",\"url\":\"https:\/\/lh4.googleusercontent.com\/-p6oTSlUmOrM\/U0UABsfjknI\/AAAAAAAAATs\/zlJeoFRksRE\/s577-no\/logo.png\",\"contentUrl\":\"https:\/\/lh4.googleusercontent.com\/-p6oTSlUmOrM\/U0UABsfjknI\/AAAAAAAAATs\/zlJeoFRksRE\/s577-no\/logo.png\"},{\"@type\":\"BreadcrumbList\",\"@id\":\"https:\/\/orthodoxalbania.org\/2020\/2018\/04\/29\/prezantimi-i-librit-te-kryepiskopit-anastas-deri-ne-skajet-e-dheut-ne-rusisht-tirane-29-4-2018\/#breadcrumb\",\"itemListElement\":[{\"@type\":\"ListItem\",\"position\":1,\"name\":\"Home\",\"item\":\"https:\/\/orthodoxalbania.org\/2020\/\"},{\"@type\":\"ListItem\",\"position\":2,\"name\":\"Prezantimi i librit t\u00eb Kryepiskopit Anastas \u201cDeri n\u00eb skajet e dheut\u201d n\u00eb Rusisht, Tiran\u00eb, 29.4.2018\"}]},{\"@type\":\"WebSite\",\"@id\":\"https:\/\/orthodoxalbania.org\/2020\/#website\",\"url\":\"https:\/\/orthodoxalbania.org\/2020\/\",\"name\":\"Kisha Orthodh\u03bfkse Autoqefale e Shqip\u00ebris\u00eb\",\"description\":\"Fqja Zyrtare e Kish\u00ebs Orthodhokse Autoqefale e Shqip\u00ebris\u00eb me lajmet edhe informacionet zyrtare p\u00ebr struktur\u00ebn edhe veprimtarin e saj.\",\"publisher\":{\"@id\":\"https:\/\/orthodoxalbania.org\/2020\/#organization\"},\"potentialAction\":[{\"@type\":\"SearchAction\",\"target\":{\"@type\":\"EntryPoint\",\"urlTemplate\":\"https:\/\/orthodoxalbania.org\/2020\/?s={search_term_string}\"},\"query-input\":{\"@type\":\"PropertyValueSpecification\",\"valueRequired\":true,\"valueName\":\"search_term_string\"}}],\"inLanguage\":\"en-US\"},{\"@type\":\"Organization\",\"@id\":\"https:\/\/orthodoxalbania.org\/2020\/#organization\",\"name\":\"Kisha Orthodhokse Autoqefale e Shqip\u00ebris\u00eb\",\"url\":\"https:\/\/orthodoxalbania.org\/2020\/\",\"logo\":{\"@type\":\"ImageObject\",\"inLanguage\":\"en-US\",\"@id\":\"https:\/\/orthodoxalbania.org\/2020\/#\/schema\/logo\/image\/\",\"url\":\"https:\/\/orthodoxalbania.org\/2020\/wp-content\/uploads\/2020\/05\/albania.jpeg\",\"contentUrl\":\"https:\/\/orthodoxalbania.org\/2020\/wp-content\/uploads\/2020\/05\/albania.jpeg\",\"width\":540,\"height\":540,\"caption\":\"Kisha Orthodhokse Autoqefale e Shqip\u00ebris\u00eb\"},\"image\":{\"@id\":\"https:\/\/orthodoxalbania.org\/2020\/#\/schema\/logo\/image\/\"},\"sameAs\":[\"https:\/\/www.facebook.com\/koash1991\"]},{\"@type\":\"Person\",\"@id\":\"https:\/\/orthodoxalbania.org\/2020\/#\/schema\/person\/0c387634a7063ac612d7ed9ce71c7e86\",\"name\":\"Kisha Orthodhokse\",\"image\":{\"@type\":\"ImageObject\",\"inLanguage\":\"en-US\",\"@id\":\"https:\/\/secure.gravatar.com\/avatar\/596e7c417251e30f2fbb9c00e026fce61a695a00e51c889caded71c96cbbdde5?s=96&d=mm&r=g\",\"url\":\"https:\/\/secure.gravatar.com\/avatar\/596e7c417251e30f2fbb9c00e026fce61a695a00e51c889caded71c96cbbdde5?s=96&d=mm&r=g\",\"contentUrl\":\"https:\/\/secure.gravatar.com\/avatar\/596e7c417251e30f2fbb9c00e026fce61a695a00e51c889caded71c96cbbdde5?s=96&d=mm&r=g\",\"caption\":\"Kisha Orthodhokse\"}}]}<\/script>\n<!-- \/ Yoast SEO plugin. -->","yoast_head_json":{"title":"Prezantimi i librit t\u00eb Kryepiskopit Anastas \u201cDeri n\u00eb skajet e dheut\u201d n\u00eb Rusisht, Tiran\u00eb, 29.4.2018 - Kisha Orthodh\u03bfkse Autoqefale e Shqip\u00ebris\u00eb","robots":{"index":"index","follow":"follow","max-snippet":"max-snippet:-1","max-image-preview":"max-image-preview:large","max-video-preview":"max-video-preview:-1"},"canonical":"https:\/\/orthodoxalbania.org\/2020\/2018\/04\/29\/prezantimi-i-librit-te-kryepiskopit-anastas-deri-ne-skajet-e-dheut-ne-rusisht-tirane-29-4-2018\/","og_locale":"en_US","og_type":"article","og_title":"Prezantimi i librit t\u00eb Kryepiskopit Anastas \u201cDeri n\u00eb skajet e dheut\u201d n\u00eb Rusisht, Tiran\u00eb, 29.4.2018 - Kisha Orthodh\u03bfkse Autoqefale e Shqip\u00ebris\u00eb","og_description":"KISHA ORTHODHOKSE AUTOQEFALE E SHQIP\u00cbRIS\u00cb &nbsp; &nbsp; VIZITA ZYRTARE E SHENJT\u00cbRIS\u00cb S\u00cb TIJ, PATRIARKUT T\u00cb MOSK\u00cbS DHE T\u00cb GJITH\u00cb RUSIVE, KIRILLIT, N\u00cb KISH\u00cbN ORTHODHOKSE AUTOQEFALE T\u00cb SHQIP\u00cbRIS\u00cb &nbsp; &nbsp; Prezantimi i librit t\u00eb Kryepiskopit Anastas \u201cDeri n\u00eb skajet e dheut\u201d &nbsp; &nbsp; Qendra Kulturore e Kish\u00ebs Katedrale &nbsp; &nbsp; 29 prill 2018 &nbsp; &nbsp; &nbsp; &nbsp; (P\u00ebrsh\u00ebndetjet) &nbsp; &nbsp;Gjat\u00eb viteve \u201860, kur n\u00eb kuadrin e","og_url":"https:\/\/orthodoxalbania.org\/2020\/2018\/04\/29\/prezantimi-i-librit-te-kryepiskopit-anastas-deri-ne-skajet-e-dheut-ne-rusisht-tirane-29-4-2018\/","og_site_name":"Kisha Orthodh\u03bfkse Autoqefale e Shqip\u00ebris\u00eb","article_publisher":"https:\/\/www.facebook.com\/koash1991","article_published_time":"2018-04-29T20:14:32+00:00","article_modified_time":"2020-04-06T19:58:09+00:00","og_image":[{"url":"https:\/\/lh4.googleusercontent.com\/-p6oTSlUmOrM\/U0UABsfjknI\/AAAAAAAAATs\/zlJeoFRksRE\/s577-no\/logo.png","type":"","width":"","height":""}],"author":"Kisha Orthodhokse","twitter_card":"summary_large_image","twitter_misc":{"Written by":"Kisha Orthodhokse","Est. reading time":"3 minutes"},"schema":{"@context":"https:\/\/schema.org","@graph":[{"@type":"Article","@id":"https:\/\/orthodoxalbania.org\/2020\/2018\/04\/29\/prezantimi-i-librit-te-kryepiskopit-anastas-deri-ne-skajet-e-dheut-ne-rusisht-tirane-29-4-2018\/#article","isPartOf":{"@id":"https:\/\/orthodoxalbania.org\/2020\/2018\/04\/29\/prezantimi-i-librit-te-kryepiskopit-anastas-deri-ne-skajet-e-dheut-ne-rusisht-tirane-29-4-2018\/"},"author":{"name":"Kisha Orthodhokse","@id":"https:\/\/orthodoxalbania.org\/2020\/#\/schema\/person\/0c387634a7063ac612d7ed9ce71c7e86"},"headline":"Prezantimi i librit t\u00eb Kryepiskopit Anastas \u201cDeri n\u00eb skajet e dheut\u201d n\u00eb Rusisht, Tiran\u00eb, 29.4.2018","datePublished":"2018-04-29T20:14:32+00:00","dateModified":"2020-04-06T19:58:09+00:00","mainEntityOfPage":{"@id":"https:\/\/orthodoxalbania.org\/2020\/2018\/04\/29\/prezantimi-i-librit-te-kryepiskopit-anastas-deri-ne-skajet-e-dheut-ne-rusisht-tirane-29-4-2018\/"},"wordCount":631,"commentCount":0,"publisher":{"@id":"https:\/\/orthodoxalbania.org\/2020\/#organization"},"image":{"@id":"https:\/\/orthodoxalbania.org\/2020\/2018\/04\/29\/prezantimi-i-librit-te-kryepiskopit-anastas-deri-ne-skajet-e-dheut-ne-rusisht-tirane-29-4-2018\/#primaryimage"},"thumbnailUrl":"https:\/\/lh4.googleusercontent.com\/-p6oTSlUmOrM\/U0UABsfjknI\/AAAAAAAAATs\/zlJeoFRksRE\/s577-no\/logo.png","keywords":["2018","Kryepiskopata Tiran\u00eb","Kryepiskopi Anastas","lajme","Patriku Kirill","PromovimePublikime"],"articleSection":["Lajme"],"inLanguage":"en-US"},{"@type":"WebPage","@id":"https:\/\/orthodoxalbania.org\/2020\/2018\/04\/29\/prezantimi-i-librit-te-kryepiskopit-anastas-deri-ne-skajet-e-dheut-ne-rusisht-tirane-29-4-2018\/","url":"https:\/\/orthodoxalbania.org\/2020\/2018\/04\/29\/prezantimi-i-librit-te-kryepiskopit-anastas-deri-ne-skajet-e-dheut-ne-rusisht-tirane-29-4-2018\/","name":"Prezantimi i librit t\u00eb Kryepiskopit Anastas \u201cDeri n\u00eb skajet e dheut\u201d n\u00eb Rusisht, Tiran\u00eb, 29.4.2018 - Kisha Orthodh\u03bfkse Autoqefale e Shqip\u00ebris\u00eb","isPartOf":{"@id":"https:\/\/orthodoxalbania.org\/2020\/#website"},"primaryImageOfPage":{"@id":"https:\/\/orthodoxalbania.org\/2020\/2018\/04\/29\/prezantimi-i-librit-te-kryepiskopit-anastas-deri-ne-skajet-e-dheut-ne-rusisht-tirane-29-4-2018\/#primaryimage"},"image":{"@id":"https:\/\/orthodoxalbania.org\/2020\/2018\/04\/29\/prezantimi-i-librit-te-kryepiskopit-anastas-deri-ne-skajet-e-dheut-ne-rusisht-tirane-29-4-2018\/#primaryimage"},"thumbnailUrl":"https:\/\/lh4.googleusercontent.com\/-p6oTSlUmOrM\/U0UABsfjknI\/AAAAAAAAATs\/zlJeoFRksRE\/s577-no\/logo.png","datePublished":"2018-04-29T20:14:32+00:00","dateModified":"2020-04-06T19:58:09+00:00","breadcrumb":{"@id":"https:\/\/orthodoxalbania.org\/2020\/2018\/04\/29\/prezantimi-i-librit-te-kryepiskopit-anastas-deri-ne-skajet-e-dheut-ne-rusisht-tirane-29-4-2018\/#breadcrumb"},"inLanguage":"en-US","potentialAction":[{"@type":"ReadAction","target":["https:\/\/orthodoxalbania.org\/2020\/2018\/04\/29\/prezantimi-i-librit-te-kryepiskopit-anastas-deri-ne-skajet-e-dheut-ne-rusisht-tirane-29-4-2018\/"]}]},{"@type":"ImageObject","inLanguage":"en-US","@id":"https:\/\/orthodoxalbania.org\/2020\/2018\/04\/29\/prezantimi-i-librit-te-kryepiskopit-anastas-deri-ne-skajet-e-dheut-ne-rusisht-tirane-29-4-2018\/#primaryimage","url":"https:\/\/lh4.googleusercontent.com\/-p6oTSlUmOrM\/U0UABsfjknI\/AAAAAAAAATs\/zlJeoFRksRE\/s577-no\/logo.png","contentUrl":"https:\/\/lh4.googleusercontent.com\/-p6oTSlUmOrM\/U0UABsfjknI\/AAAAAAAAATs\/zlJeoFRksRE\/s577-no\/logo.png"},{"@type":"BreadcrumbList","@id":"https:\/\/orthodoxalbania.org\/2020\/2018\/04\/29\/prezantimi-i-librit-te-kryepiskopit-anastas-deri-ne-skajet-e-dheut-ne-rusisht-tirane-29-4-2018\/#breadcrumb","itemListElement":[{"@type":"ListItem","position":1,"name":"Home","item":"https:\/\/orthodoxalbania.org\/2020\/"},{"@type":"ListItem","position":2,"name":"Prezantimi i librit t\u00eb Kryepiskopit Anastas \u201cDeri n\u00eb skajet e dheut\u201d n\u00eb Rusisht, Tiran\u00eb, 29.4.2018"}]},{"@type":"WebSite","@id":"https:\/\/orthodoxalbania.org\/2020\/#website","url":"https:\/\/orthodoxalbania.org\/2020\/","name":"Kisha Orthodh\u03bfkse Autoqefale e Shqip\u00ebris\u00eb","description":"Fqja Zyrtare e Kish\u00ebs Orthodhokse Autoqefale e Shqip\u00ebris\u00eb me lajmet edhe informacionet zyrtare p\u00ebr struktur\u00ebn edhe veprimtarin e saj.","publisher":{"@id":"https:\/\/orthodoxalbania.org\/2020\/#organization"},"potentialAction":[{"@type":"SearchAction","target":{"@type":"EntryPoint","urlTemplate":"https:\/\/orthodoxalbania.org\/2020\/?s={search_term_string}"},"query-input":{"@type":"PropertyValueSpecification","valueRequired":true,"valueName":"search_term_string"}}],"inLanguage":"en-US"},{"@type":"Organization","@id":"https:\/\/orthodoxalbania.org\/2020\/#organization","name":"Kisha Orthodhokse Autoqefale e Shqip\u00ebris\u00eb","url":"https:\/\/orthodoxalbania.org\/2020\/","logo":{"@type":"ImageObject","inLanguage":"en-US","@id":"https:\/\/orthodoxalbania.org\/2020\/#\/schema\/logo\/image\/","url":"https:\/\/orthodoxalbania.org\/2020\/wp-content\/uploads\/2020\/05\/albania.jpeg","contentUrl":"https:\/\/orthodoxalbania.org\/2020\/wp-content\/uploads\/2020\/05\/albania.jpeg","width":540,"height":540,"caption":"Kisha Orthodhokse Autoqefale e Shqip\u00ebris\u00eb"},"image":{"@id":"https:\/\/orthodoxalbania.org\/2020\/#\/schema\/logo\/image\/"},"sameAs":["https:\/\/www.facebook.com\/koash1991"]},{"@type":"Person","@id":"https:\/\/orthodoxalbania.org\/2020\/#\/schema\/person\/0c387634a7063ac612d7ed9ce71c7e86","name":"Kisha Orthodhokse","image":{"@type":"ImageObject","inLanguage":"en-US","@id":"https:\/\/secure.gravatar.com\/avatar\/596e7c417251e30f2fbb9c00e026fce61a695a00e51c889caded71c96cbbdde5?s=96&d=mm&r=g","url":"https:\/\/secure.gravatar.com\/avatar\/596e7c417251e30f2fbb9c00e026fce61a695a00e51c889caded71c96cbbdde5?s=96&d=mm&r=g","contentUrl":"https:\/\/secure.gravatar.com\/avatar\/596e7c417251e30f2fbb9c00e026fce61a695a00e51c889caded71c96cbbdde5?s=96&d=mm&r=g","caption":"Kisha Orthodhokse"}}]}},"_links":{"self":[{"href":"https:\/\/orthodoxalbania.org\/2020\/wp-json\/wp\/v2\/posts\/6559","targetHints":{"allow":["GET"]}}],"collection":[{"href":"https:\/\/orthodoxalbania.org\/2020\/wp-json\/wp\/v2\/posts"}],"about":[{"href":"https:\/\/orthodoxalbania.org\/2020\/wp-json\/wp\/v2\/types\/post"}],"author":[{"embeddable":true,"href":"https:\/\/orthodoxalbania.org\/2020\/wp-json\/wp\/v2\/users\/1"}],"replies":[{"embeddable":true,"href":"https:\/\/orthodoxalbania.org\/2020\/wp-json\/wp\/v2\/comments?post=6559"}],"version-history":[{"count":1,"href":"https:\/\/orthodoxalbania.org\/2020\/wp-json\/wp\/v2\/posts\/6559\/revisions"}],"predecessor-version":[{"id":14780,"href":"https:\/\/orthodoxalbania.org\/2020\/wp-json\/wp\/v2\/posts\/6559\/revisions\/14780"}],"wp:attachment":[{"href":"https:\/\/orthodoxalbania.org\/2020\/wp-json\/wp\/v2\/media?parent=6559"}],"wp:term":[{"taxonomy":"category","embeddable":true,"href":"https:\/\/orthodoxalbania.org\/2020\/wp-json\/wp\/v2\/categories?post=6559"},{"taxonomy":"post_tag","embeddable":true,"href":"https:\/\/orthodoxalbania.org\/2020\/wp-json\/wp\/v2\/tags?post=6559"}],"curies":[{"name":"wp","href":"https:\/\/api.w.org\/{rel}","templated":true}]}}