{"id":6558,"date":"2018-04-29T18:36:46","date_gmt":"2018-04-29T18:36:46","guid":{"rendered":""},"modified":"2020-04-06T21:58:09","modified_gmt":"2020-04-06T19:58:09","slug":"urimi-i-kryepiskopit-anastas-ne-dreken-zyrtare-tirane-29-4-2018","status":"publish","type":"post","link":"https:\/\/orthodoxalbania.org\/2020\/2018\/04\/29\/urimi-i-kryepiskopit-anastas-ne-dreken-zyrtare-tirane-29-4-2018\/","title":{"rendered":"Urimi i Kryepiskopit Anastas n\u00eb Drek\u00ebn Zyrtare, Tiran\u00eb, 29.4.2018"},"content":{"rendered":"<p style=\"text-align: justify;\"> <\/p>\n<p style=\"text-align: justify;\"><span style=\"color: #ff6600; font-size: 10pt;\"><img class=\"lazyload\" decoding=\"async\" src=\"data:image\/svg+xml,%3Csvg%20xmlns%3D%27http%3A%2F%2Fwww.w3.org%2F2000%2Fsvg%27%20width%3D%2751%27%20height%3D%2751%27%20viewBox%3D%270%200%2051%2051%27%3E%3Crect%20width%3D%2751%27%20height%3D%2751%27%20fill-opacity%3D%220%22%2F%3E%3C%2Fsvg%3E\" data-orig-src=\"https:\/\/lh4.googleusercontent.com\/-p6oTSlUmOrM\/U0UABsfjknI\/AAAAAAAAATs\/zlJeoFRksRE\/s577-no\/logo.png\" width=\"51\" height=\"51\" style=\"display: block; margin: 10px auto; border: initial;\" \/><\/span><\/p>\n<p style=\"text-align: center;\"><span style=\"color: #000000; font-family: helvetica; font-size: 12pt; background-color: #ffffff;\">KISHA ORTHODHOKSE AUTOQEFALE E SHQIP\u00cbRIS\u00cb<\/span><\/p>\n<p style=\"text-align: center;\">&nbsp;<\/p>\n<p style=\"text-align: center;\"><span style=\"color: #000000; font-size: 12pt; font-family: helvetica;\"><span style=\"background-color: #ffffff;\"><\/span>VIZITA ZYRTARE E SHENJT\u00cbRIS\u00cb S\u00cb TIJ,<\/span><\/p>\n<p style=\"text-align: center;\"><span style=\"color: #000000; font-size: 12pt; font-family: helvetica;\">PATRIARKUT T\u00cb MOSK\u00cbS DHE T\u00cb GJITH\u00cb RUSIVE, KIRILLIT,<\/span><\/p>\n<p style=\"text-align: center;\"><span style=\"color: #000000; font-size: 12pt; font-family: helvetica;\">N\u00cb KISH\u00cbN ORTHODHOKSE AUTOQEFALE T\u00cb SHQIP\u00cbRIS\u00cb<\/span><\/p>\n<p style=\"text-align: center;\">&nbsp;<\/p>\n<p style=\"text-align: center;\"><span style=\"color: #000000; font-size: 12pt; font-family: helvetica;\"><strong>Dreka Zyrtare<\/strong><\/span><\/p>\n<p style=\"text-align: center;\"><span style=\"color: #000000; font-size: 12pt; font-family: helvetica;\">shtruar nga Kisha Orthodhokse Autoqefale e Shqip\u00ebris\u00eb<\/span><\/p>\n<p style=\"text-align: center;\"><span style=\"color: #000000; font-size: 12pt; font-family: helvetica;\">n\u00eb \u201cMak Albania Hotel\u201d<\/span><\/p>\n<p style=\"text-align: center;\">&nbsp;<\/p>\n<p style=\"text-align: center;\"><span style=\"color: #000000; font-size: 12pt; font-family: helvetica;\">E diel, 29 prill 2018<\/span><\/p>\n<p style=\"text-align: center;\">&nbsp;<\/p>\n<p style=\"text-align: center;\"><span style=\"color: #000000; font-size: 12pt; font-family: helvetica;\">FJALA E URIMIT<\/span><\/p>\n<p style=\"text-align: center;\"><span style=\"color: #000000; font-size: 12pt; font-family: helvetica;\">Nga Fortlumturia e Tij, Kryepiskopi i Tiran\u00ebs, Durr\u00ebsit<\/span><\/p>\n<p style=\"text-align: center;\"><span style=\"color: #000000; font-size: 12pt; font-family: helvetica;\">dhe i Gjith\u00eb Shqip\u00ebris\u00eb, Anastasi<\/span><\/p>\n<p style=\"text-align: justify;\">&nbsp;<\/p>\n<p style=\"text-align: justify;\"><span style=\"color: #000000; font-size: 12pt; font-family: helvetica;\">&nbsp; &nbsp; (P\u00ebrsh\u00ebndetjet)<\/span><\/p>\n<p style=\"text-align: justify;\"><span style=\"color: #000000; font-size: 12pt; font-family: helvetica;\">&nbsp; &nbsp; Nj\u00eb dhurat\u00eb paskale e mbushur me g\u00ebzim \u00ebsht\u00eb p\u00ebr ne vizita Juaj zyrtare n\u00eb Shqip\u00ebri, Fortlumturia dhe Shenjt\u00ebria Juaj, Fort i dashur, Patriark i Mosk\u00ebs dhe i gjith\u00eb Rusive, z. Kirill.<\/span><\/p>\n<p style=\"text-align: justify;\"><span style=\"color: #000000; font-size: 12pt; font-family: helvetica;\">&nbsp; &nbsp; Mir\u00eb se erdh\u00ebt n\u00eb vendin ton\u00eb, q\u00eb n\u00eb gjysm\u00ebn dyt\u00eb t\u00eb shekullit t\u00eb 20-t\u00eb jetoi vitet m\u00eb t\u00eb err\u00ebta gjat\u00eb persekutimit shum\u00eb t\u00eb eg\u00ebr antifetar. Por, me Hirin e Per\u00ebndis\u00eb, q\u00eb nga viti 1991, vendi yn\u00eb po zhvillohet dhe lul\u00ebzon brenda mjedisit t\u00eb liris\u00eb s\u00eb plot\u00eb fetare. Ky \u00ebsht\u00eb nj\u00eb fakt, q\u00eb b\u00ebhet i mundur me pjes\u00ebmarrjen e t\u00eb gjitha komuniteteve fetare. Gjat\u00eb k\u00ebtyre viteve u p\u00ebrpoq\u00ebm t\u00eb kultivonim respektin e nd\u00ebrsjell\u00eb, reciprocitetin dhe bashk\u00ebjetes\u00ebn harmonike paq\u00ebsore.<\/span><\/p>\n<p style=\"text-align: justify;\"><span style=\"color: #000000; font-size: 12pt; font-family: helvetica;\">&nbsp; &nbsp; N\u00eb p\u00ebrgjith\u00ebsi, bashk\u00ebjetesa paq\u00ebsore e njer\u00ebzve q\u00eb u takojn\u00eb komuniteteve t\u00eb ndryshme fetare, mund t\u00eb vij\u00eb nga dy pik\u00ebnisje t\u00eb ndryshme: Ose nga indiferenca ndaj p\u00ebrvoj\u00ebs fetare, ose nga p\u00ebrjetimi i nd\u00ebrgjegjsh\u00ebm i esenc\u00ebs m\u00eb t\u00eb thell\u00eb t\u00eb fes\u00eb. N\u00eb kund\u00ebrshtim me k\u00ebt\u00eb, urrejtja fetare dhe armiq\u00ebsia midis komuniteteve fetare q\u00eb bashk\u00ebjetojn\u00eb mund t\u00eb zhvillohen qoft\u00eb nga farat e nj\u00eb fanatizmi fetar t\u00eb llojit ekstrem, qoft\u00eb dhe nga faktor\u00eb jofetar\u00eb, politik\u00eb, nacionalist\u00eb, psikologjik\u00eb, q\u00eb nd\u00ebrmarrin t\u00eb p\u00ebrdorin fen\u00eb p\u00ebr synime t\u00eb tjera. K\u00ebto rr\u00ebnj\u00eb kan\u00eb qen\u00eb t\u00eb forta n\u00eb t\u00eb shkuar\u00ebn dhe vazhdojn\u00eb t\u00eb ken\u00eb r\u00ebnd\u00ebsi jetik\u00eb n\u00eb t\u00eb gjitha vendet. Ne p\u00ebrpiqemi t\u00eb marrim l\u00ebngjet nga rr\u00ebnj\u00ebt e sh\u00ebndetshme t\u00eb biom\u00ebs fetare dhe t\u00eb ndihmojm\u00eb n\u00eb zhvillimin social dhe p\u00ebrparimin e Shqip\u00ebris\u00eb, n\u00eb pajtimin dhe ecjen e p\u00ebrbashk\u00ebt ve\u00e7an\u00ebrisht me fqinj\u00ebt dhe me t\u00eb gjith\u00eb popujt.<\/span><\/p>\n<p style=\"text-align: justify;\"><span style=\"color: #000000; font-size: 12pt; font-family: helvetica;\">&nbsp; &nbsp; I njohim, V\u00eblla i Shenjt\u00eb dhe shum\u00eb i dashur, Patriark i Mosk\u00ebs, edhe pik\u00ebpamjet tuaja, pozicionimet tuaja publike n\u00eb raste t\u00eb ndryshme, n\u00eb mjediset lokale e nd\u00ebrkomb\u00ebtare, njohim edhe k\u00ebmb\u00ebnguljen tuaj q\u00eb liria t\u00eb lidhet me kuptimin e p\u00ebrgjegj\u00ebsis\u00eb, si\u00e7 \u00ebsht\u00eb analizuar n\u00eb shum\u00eb artikuj dhe libra Tuaj.<\/span><br \/><span style=\"color: #000000; font-size: 12pt; font-family: helvetica;\">Me k\u00ebt\u00eb rast, duam t\u00eb p\u00ebrs\u00ebrisim urimin e ngroht\u00eb: Per\u00ebndia Ju falt\u00eb sh\u00ebndet t\u00eb fort\u00eb, s\u00eb bashku me \u201cpaqen e Tij q\u00eb kap\u00ebrcen \u00e7do lloj mendjeje\u201d, q\u00eb, duke ndjekur me besnik\u00ebri gjurm\u00ebt e Krishtit, Kreut t\u00eb Kish\u00ebs, t\u00eb arrini n\u00eb vler\u00ebsime t\u00eb sakta, t\u00eb merrni vendime t\u00eb drejta dhe t\u00eb kryeni veprimet e duhura, q\u00eb do t\u00eb nxisin bashk\u00ebjetes\u00ebn paq\u00ebsore t\u00eb njer\u00ebzve dhe t\u00eb popujve.<\/span><\/p>\n<p style=\"text-align: justify;\">&nbsp;<\/p>\n<p style=\"text-align: justify;\"><span style=\"color: #000000; font-size: 12pt; font-family: helvetica;\">&nbsp; &nbsp; \u03a7\u03c1\u03b9\u03c3\u03c4\u03cc\u03c2 \u0391\u03bd\u03ad\u03c3\u03c4\u03b7! Krishti u Ngjall! \u0425\u0440\u0438\u0441\u0442\u043e\u0441 \u0412\u043e\u0441\u043a\u0440\u0435\u0441\u0435!<\/span><\/p>\n<p style=\"text-align: justify;\">&nbsp;<\/p>\n<p style=\"text-align: center;\"><img class=\"lazyload\" decoding=\"async\" src=\"data:image\/svg+xml,%3Csvg%20xmlns%3D%27http%3A%2F%2Fwww.w3.org%2F2000%2Fsvg%27%20width%3D%27500%27%20height%3D%27334%27%20viewBox%3D%270%200%20500%20334%27%3E%3Crect%20width%3D%27500%27%20height%3D%27334%27%20fill-opacity%3D%220%22%2F%3E%3C%2Fsvg%3E\" data-orig-src=\"https:\/\/orthodoxalbania.org\/2020\/wp-content\/uploads\/2020\/04\/DSC_0153.JPG\" width=\"500\" height=\"334\" style=\"display: block; margin: 10px auto; border: 1px solid #000000;\" \/><\/p>\n","protected":false},"excerpt":{"rendered":"<p>KISHA ORTHODHOKSE AUTOQEFALE E SHQIP\u00cbRIS\u00cb &nbsp; VIZITA ZYRTARE E SHENJT\u00cbRIS\u00cb S\u00cb TIJ, PATRIARKUT T\u00cb MOSK\u00cbS DHE T\u00cb GJITH\u00cb RUSIVE, KIRILLIT, N\u00cb KISH\u00cbN ORTHODHOKSE AUTOQEFALE T\u00cb SHQIP\u00cbRIS\u00cb &nbsp; Dreka Zyrtare shtruar nga Kisha Orthodhokse Autoqefale e Shqip\u00ebris\u00eb n\u00eb \u201cMak Albania Hotel\u201d &nbsp; E diel, 29 prill 2018 &nbsp; FJALA E URIMIT Nga Fortlumturia e Tij, Kryepiskopi i Tiran\u00ebs, Durr\u00ebsit dhe i Gjith\u00eb Shqip\u00ebris\u00eb, Anastasi &nbsp; &nbsp;<\/p>\n","protected":false},"author":1,"featured_media":6557,"comment_status":"open","ping_status":"open","sticky":false,"template":"","format":"standard","meta":{"_acf_changed":false,"pagelayer_contact_templates":[],"_pagelayer_content":"","inline_featured_image":false,"fifu_image_url":"","fifu_image_alt":"","footnotes":""},"categories":[108],"tags":[220,153,237,196,201,212],"class_list":["post-6558","post","type-post","status-publish","format-standard","has-post-thumbnail","hentry","category-lajme","tag-220","tag-deklarata-njoftime-zyrtare-d75","tag-dreka-zyrtare","tag-tirane","tag-kryepiskopi-anastas","tag-lajme-d27"],"acf":[],"yoast_head":"<!-- This site is optimized with the Yoast SEO plugin v27.2 - https:\/\/yoast.com\/product\/yoast-seo-wordpress\/ -->\n<title>Urimi i Kryepiskopit Anastas n\u00eb Drek\u00ebn Zyrtare, Tiran\u00eb, 29.4.2018 - Kisha Orthodh\u03bfkse Autoqefale e Shqip\u00ebris\u00eb<\/title>\n<meta name=\"robots\" content=\"index, follow, max-snippet:-1, max-image-preview:large, max-video-preview:-1\" \/>\n<link rel=\"canonical\" href=\"https:\/\/orthodoxalbania.org\/2020\/2018\/04\/29\/urimi-i-kryepiskopit-anastas-ne-dreken-zyrtare-tirane-29-4-2018\/\" \/>\n<meta property=\"og:locale\" content=\"en_US\" \/>\n<meta property=\"og:type\" content=\"article\" \/>\n<meta property=\"og:title\" content=\"Urimi i Kryepiskopit Anastas n\u00eb Drek\u00ebn Zyrtare, Tiran\u00eb, 29.4.2018 - Kisha Orthodh\u03bfkse Autoqefale e Shqip\u00ebris\u00eb\" \/>\n<meta property=\"og:description\" content=\"KISHA ORTHODHOKSE AUTOQEFALE E SHQIP\u00cbRIS\u00cb &nbsp; VIZITA ZYRTARE E SHENJT\u00cbRIS\u00cb S\u00cb TIJ, PATRIARKUT T\u00cb MOSK\u00cbS DHE T\u00cb GJITH\u00cb RUSIVE, KIRILLIT, N\u00cb KISH\u00cbN ORTHODHOKSE AUTOQEFALE T\u00cb SHQIP\u00cbRIS\u00cb &nbsp; Dreka Zyrtare shtruar nga Kisha Orthodhokse Autoqefale e Shqip\u00ebris\u00eb n\u00eb \u201cMak Albania Hotel\u201d &nbsp; E diel, 29 prill 2018 &nbsp; FJALA E URIMIT Nga Fortlumturia e Tij, Kryepiskopi i Tiran\u00ebs, Durr\u00ebsit dhe i Gjith\u00eb Shqip\u00ebris\u00eb, Anastasi &nbsp; &nbsp;\" \/>\n<meta property=\"og:url\" content=\"https:\/\/orthodoxalbania.org\/2020\/2018\/04\/29\/urimi-i-kryepiskopit-anastas-ne-dreken-zyrtare-tirane-29-4-2018\/\" \/>\n<meta property=\"og:site_name\" content=\"Kisha Orthodh\u03bfkse Autoqefale e Shqip\u00ebris\u00eb\" \/>\n<meta property=\"article:publisher\" content=\"https:\/\/www.facebook.com\/koash1991\" \/>\n<meta property=\"article:published_time\" content=\"2018-04-29T18:36:46+00:00\" \/>\n<meta property=\"article:modified_time\" content=\"2020-04-06T19:58:09+00:00\" \/>\n<meta property=\"og:image\" content=\"https:\/\/orthodoxalbania.org\/2020\/wp-content\/uploads\/2020\/04\/DSC_0153.JPG\" \/>\n\t<meta property=\"og:image:width\" content=\"1024\" \/>\n\t<meta property=\"og:image:height\" content=\"684\" \/>\n\t<meta property=\"og:image:type\" content=\"image\/jpeg\" \/>\n<meta name=\"author\" content=\"Kisha Orthodhokse\" \/>\n<meta name=\"twitter:card\" content=\"summary_large_image\" \/>\n<meta name=\"twitter:label1\" content=\"Written by\" \/>\n\t<meta name=\"twitter:data1\" content=\"Kisha Orthodhokse\" \/>\n\t<meta name=\"twitter:label2\" content=\"Est. reading time\" \/>\n\t<meta name=\"twitter:data2\" content=\"3 minutes\" \/>\n<script type=\"application\/ld+json\" class=\"yoast-schema-graph\">{\"@context\":\"https:\/\/schema.org\",\"@graph\":[{\"@type\":\"Article\",\"@id\":\"https:\/\/orthodoxalbania.org\/2020\/2018\/04\/29\/urimi-i-kryepiskopit-anastas-ne-dreken-zyrtare-tirane-29-4-2018\/#article\",\"isPartOf\":{\"@id\":\"https:\/\/orthodoxalbania.org\/2020\/2018\/04\/29\/urimi-i-kryepiskopit-anastas-ne-dreken-zyrtare-tirane-29-4-2018\/\"},\"author\":{\"name\":\"Kisha Orthodhokse\",\"@id\":\"https:\/\/orthodoxalbania.org\/2020\/#\/schema\/person\/0c387634a7063ac612d7ed9ce71c7e86\"},\"headline\":\"Urimi i Kryepiskopit Anastas n\u00eb Drek\u00ebn Zyrtare, Tiran\u00eb, 29.4.2018\",\"datePublished\":\"2018-04-29T18:36:46+00:00\",\"dateModified\":\"2020-04-06T19:58:09+00:00\",\"mainEntityOfPage\":{\"@id\":\"https:\/\/orthodoxalbania.org\/2020\/2018\/04\/29\/urimi-i-kryepiskopit-anastas-ne-dreken-zyrtare-tirane-29-4-2018\/\"},\"wordCount\":541,\"commentCount\":0,\"publisher\":{\"@id\":\"https:\/\/orthodoxalbania.org\/2020\/#organization\"},\"image\":{\"@id\":\"https:\/\/orthodoxalbania.org\/2020\/2018\/04\/29\/urimi-i-kryepiskopit-anastas-ne-dreken-zyrtare-tirane-29-4-2018\/#primaryimage\"},\"thumbnailUrl\":\"https:\/\/orthodoxalbania.org\/2020\/wp-content\/uploads\/2020\/04\/DSC_0153.JPG\",\"keywords\":[\"2018\",\"Deklarata - Njoftime Zyrtare\",\"Dreka Zyrtare\",\"Kryepiskopata Tiran\u00eb\",\"Kryepiskopi Anastas\",\"lajme\"],\"articleSection\":[\"Lajme\"],\"inLanguage\":\"en-US\"},{\"@type\":\"WebPage\",\"@id\":\"https:\/\/orthodoxalbania.org\/2020\/2018\/04\/29\/urimi-i-kryepiskopit-anastas-ne-dreken-zyrtare-tirane-29-4-2018\/\",\"url\":\"https:\/\/orthodoxalbania.org\/2020\/2018\/04\/29\/urimi-i-kryepiskopit-anastas-ne-dreken-zyrtare-tirane-29-4-2018\/\",\"name\":\"Urimi i Kryepiskopit Anastas n\u00eb Drek\u00ebn Zyrtare, Tiran\u00eb, 29.4.2018 - Kisha Orthodh\u03bfkse Autoqefale e Shqip\u00ebris\u00eb\",\"isPartOf\":{\"@id\":\"https:\/\/orthodoxalbania.org\/2020\/#website\"},\"primaryImageOfPage\":{\"@id\":\"https:\/\/orthodoxalbania.org\/2020\/2018\/04\/29\/urimi-i-kryepiskopit-anastas-ne-dreken-zyrtare-tirane-29-4-2018\/#primaryimage\"},\"image\":{\"@id\":\"https:\/\/orthodoxalbania.org\/2020\/2018\/04\/29\/urimi-i-kryepiskopit-anastas-ne-dreken-zyrtare-tirane-29-4-2018\/#primaryimage\"},\"thumbnailUrl\":\"https:\/\/orthodoxalbania.org\/2020\/wp-content\/uploads\/2020\/04\/DSC_0153.JPG\",\"datePublished\":\"2018-04-29T18:36:46+00:00\",\"dateModified\":\"2020-04-06T19:58:09+00:00\",\"breadcrumb\":{\"@id\":\"https:\/\/orthodoxalbania.org\/2020\/2018\/04\/29\/urimi-i-kryepiskopit-anastas-ne-dreken-zyrtare-tirane-29-4-2018\/#breadcrumb\"},\"inLanguage\":\"en-US\",\"potentialAction\":[{\"@type\":\"ReadAction\",\"target\":[\"https:\/\/orthodoxalbania.org\/2020\/2018\/04\/29\/urimi-i-kryepiskopit-anastas-ne-dreken-zyrtare-tirane-29-4-2018\/\"]}]},{\"@type\":\"ImageObject\",\"inLanguage\":\"en-US\",\"@id\":\"https:\/\/orthodoxalbania.org\/2020\/2018\/04\/29\/urimi-i-kryepiskopit-anastas-ne-dreken-zyrtare-tirane-29-4-2018\/#primaryimage\",\"url\":\"https:\/\/orthodoxalbania.org\/2020\/wp-content\/uploads\/2020\/04\/DSC_0153.JPG\",\"contentUrl\":\"https:\/\/orthodoxalbania.org\/2020\/wp-content\/uploads\/2020\/04\/DSC_0153.JPG\",\"width\":1024,\"height\":684},{\"@type\":\"BreadcrumbList\",\"@id\":\"https:\/\/orthodoxalbania.org\/2020\/2018\/04\/29\/urimi-i-kryepiskopit-anastas-ne-dreken-zyrtare-tirane-29-4-2018\/#breadcrumb\",\"itemListElement\":[{\"@type\":\"ListItem\",\"position\":1,\"name\":\"Home\",\"item\":\"https:\/\/orthodoxalbania.org\/2020\/\"},{\"@type\":\"ListItem\",\"position\":2,\"name\":\"Urimi i Kryepiskopit Anastas n\u00eb Drek\u00ebn Zyrtare, Tiran\u00eb, 29.4.2018\"}]},{\"@type\":\"WebSite\",\"@id\":\"https:\/\/orthodoxalbania.org\/2020\/#website\",\"url\":\"https:\/\/orthodoxalbania.org\/2020\/\",\"name\":\"Kisha Orthodh\u03bfkse Autoqefale e Shqip\u00ebris\u00eb\",\"description\":\"Fqja Zyrtare e Kish\u00ebs Orthodhokse Autoqefale e Shqip\u00ebris\u00eb me lajmet edhe informacionet zyrtare p\u00ebr struktur\u00ebn edhe veprimtarin e saj.\",\"publisher\":{\"@id\":\"https:\/\/orthodoxalbania.org\/2020\/#organization\"},\"potentialAction\":[{\"@type\":\"SearchAction\",\"target\":{\"@type\":\"EntryPoint\",\"urlTemplate\":\"https:\/\/orthodoxalbania.org\/2020\/?s={search_term_string}\"},\"query-input\":{\"@type\":\"PropertyValueSpecification\",\"valueRequired\":true,\"valueName\":\"search_term_string\"}}],\"inLanguage\":\"en-US\"},{\"@type\":\"Organization\",\"@id\":\"https:\/\/orthodoxalbania.org\/2020\/#organization\",\"name\":\"Kisha Orthodhokse Autoqefale e Shqip\u00ebris\u00eb\",\"url\":\"https:\/\/orthodoxalbania.org\/2020\/\",\"logo\":{\"@type\":\"ImageObject\",\"inLanguage\":\"en-US\",\"@id\":\"https:\/\/orthodoxalbania.org\/2020\/#\/schema\/logo\/image\/\",\"url\":\"https:\/\/orthodoxalbania.org\/2020\/wp-content\/uploads\/2020\/05\/albania.jpeg\",\"contentUrl\":\"https:\/\/orthodoxalbania.org\/2020\/wp-content\/uploads\/2020\/05\/albania.jpeg\",\"width\":540,\"height\":540,\"caption\":\"Kisha Orthodhokse Autoqefale e Shqip\u00ebris\u00eb\"},\"image\":{\"@id\":\"https:\/\/orthodoxalbania.org\/2020\/#\/schema\/logo\/image\/\"},\"sameAs\":[\"https:\/\/www.facebook.com\/koash1991\"]},{\"@type\":\"Person\",\"@id\":\"https:\/\/orthodoxalbania.org\/2020\/#\/schema\/person\/0c387634a7063ac612d7ed9ce71c7e86\",\"name\":\"Kisha Orthodhokse\",\"image\":{\"@type\":\"ImageObject\",\"inLanguage\":\"en-US\",\"@id\":\"https:\/\/secure.gravatar.com\/avatar\/596e7c417251e30f2fbb9c00e026fce61a695a00e51c889caded71c96cbbdde5?s=96&d=mm&r=g\",\"url\":\"https:\/\/secure.gravatar.com\/avatar\/596e7c417251e30f2fbb9c00e026fce61a695a00e51c889caded71c96cbbdde5?s=96&d=mm&r=g\",\"contentUrl\":\"https:\/\/secure.gravatar.com\/avatar\/596e7c417251e30f2fbb9c00e026fce61a695a00e51c889caded71c96cbbdde5?s=96&d=mm&r=g\",\"caption\":\"Kisha Orthodhokse\"}}]}<\/script>\n<!-- \/ Yoast SEO plugin. -->","yoast_head_json":{"title":"Urimi i Kryepiskopit Anastas n\u00eb Drek\u00ebn Zyrtare, Tiran\u00eb, 29.4.2018 - Kisha Orthodh\u03bfkse Autoqefale e Shqip\u00ebris\u00eb","robots":{"index":"index","follow":"follow","max-snippet":"max-snippet:-1","max-image-preview":"max-image-preview:large","max-video-preview":"max-video-preview:-1"},"canonical":"https:\/\/orthodoxalbania.org\/2020\/2018\/04\/29\/urimi-i-kryepiskopit-anastas-ne-dreken-zyrtare-tirane-29-4-2018\/","og_locale":"en_US","og_type":"article","og_title":"Urimi i Kryepiskopit Anastas n\u00eb Drek\u00ebn Zyrtare, Tiran\u00eb, 29.4.2018 - Kisha Orthodh\u03bfkse Autoqefale e Shqip\u00ebris\u00eb","og_description":"KISHA ORTHODHOKSE AUTOQEFALE E SHQIP\u00cbRIS\u00cb &nbsp; VIZITA ZYRTARE E SHENJT\u00cbRIS\u00cb S\u00cb TIJ, PATRIARKUT T\u00cb MOSK\u00cbS DHE T\u00cb GJITH\u00cb RUSIVE, KIRILLIT, N\u00cb KISH\u00cbN ORTHODHOKSE AUTOQEFALE T\u00cb SHQIP\u00cbRIS\u00cb &nbsp; Dreka Zyrtare shtruar nga Kisha Orthodhokse Autoqefale e Shqip\u00ebris\u00eb n\u00eb \u201cMak Albania Hotel\u201d &nbsp; E diel, 29 prill 2018 &nbsp; FJALA E URIMIT Nga Fortlumturia e Tij, Kryepiskopi i Tiran\u00ebs, Durr\u00ebsit dhe i Gjith\u00eb Shqip\u00ebris\u00eb, Anastasi &nbsp; &nbsp;","og_url":"https:\/\/orthodoxalbania.org\/2020\/2018\/04\/29\/urimi-i-kryepiskopit-anastas-ne-dreken-zyrtare-tirane-29-4-2018\/","og_site_name":"Kisha Orthodh\u03bfkse Autoqefale e Shqip\u00ebris\u00eb","article_publisher":"https:\/\/www.facebook.com\/koash1991","article_published_time":"2018-04-29T18:36:46+00:00","article_modified_time":"2020-04-06T19:58:09+00:00","og_image":[{"width":1024,"height":684,"url":"https:\/\/orthodoxalbania.org\/2020\/wp-content\/uploads\/2020\/04\/DSC_0153.JPG","type":"image\/jpeg"}],"author":"Kisha Orthodhokse","twitter_card":"summary_large_image","twitter_misc":{"Written by":"Kisha Orthodhokse","Est. reading time":"3 minutes"},"schema":{"@context":"https:\/\/schema.org","@graph":[{"@type":"Article","@id":"https:\/\/orthodoxalbania.org\/2020\/2018\/04\/29\/urimi-i-kryepiskopit-anastas-ne-dreken-zyrtare-tirane-29-4-2018\/#article","isPartOf":{"@id":"https:\/\/orthodoxalbania.org\/2020\/2018\/04\/29\/urimi-i-kryepiskopit-anastas-ne-dreken-zyrtare-tirane-29-4-2018\/"},"author":{"name":"Kisha Orthodhokse","@id":"https:\/\/orthodoxalbania.org\/2020\/#\/schema\/person\/0c387634a7063ac612d7ed9ce71c7e86"},"headline":"Urimi i Kryepiskopit Anastas n\u00eb Drek\u00ebn Zyrtare, Tiran\u00eb, 29.4.2018","datePublished":"2018-04-29T18:36:46+00:00","dateModified":"2020-04-06T19:58:09+00:00","mainEntityOfPage":{"@id":"https:\/\/orthodoxalbania.org\/2020\/2018\/04\/29\/urimi-i-kryepiskopit-anastas-ne-dreken-zyrtare-tirane-29-4-2018\/"},"wordCount":541,"commentCount":0,"publisher":{"@id":"https:\/\/orthodoxalbania.org\/2020\/#organization"},"image":{"@id":"https:\/\/orthodoxalbania.org\/2020\/2018\/04\/29\/urimi-i-kryepiskopit-anastas-ne-dreken-zyrtare-tirane-29-4-2018\/#primaryimage"},"thumbnailUrl":"https:\/\/orthodoxalbania.org\/2020\/wp-content\/uploads\/2020\/04\/DSC_0153.JPG","keywords":["2018","Deklarata - Njoftime Zyrtare","Dreka Zyrtare","Kryepiskopata Tiran\u00eb","Kryepiskopi Anastas","lajme"],"articleSection":["Lajme"],"inLanguage":"en-US"},{"@type":"WebPage","@id":"https:\/\/orthodoxalbania.org\/2020\/2018\/04\/29\/urimi-i-kryepiskopit-anastas-ne-dreken-zyrtare-tirane-29-4-2018\/","url":"https:\/\/orthodoxalbania.org\/2020\/2018\/04\/29\/urimi-i-kryepiskopit-anastas-ne-dreken-zyrtare-tirane-29-4-2018\/","name":"Urimi i Kryepiskopit Anastas n\u00eb Drek\u00ebn Zyrtare, Tiran\u00eb, 29.4.2018 - Kisha Orthodh\u03bfkse Autoqefale e Shqip\u00ebris\u00eb","isPartOf":{"@id":"https:\/\/orthodoxalbania.org\/2020\/#website"},"primaryImageOfPage":{"@id":"https:\/\/orthodoxalbania.org\/2020\/2018\/04\/29\/urimi-i-kryepiskopit-anastas-ne-dreken-zyrtare-tirane-29-4-2018\/#primaryimage"},"image":{"@id":"https:\/\/orthodoxalbania.org\/2020\/2018\/04\/29\/urimi-i-kryepiskopit-anastas-ne-dreken-zyrtare-tirane-29-4-2018\/#primaryimage"},"thumbnailUrl":"https:\/\/orthodoxalbania.org\/2020\/wp-content\/uploads\/2020\/04\/DSC_0153.JPG","datePublished":"2018-04-29T18:36:46+00:00","dateModified":"2020-04-06T19:58:09+00:00","breadcrumb":{"@id":"https:\/\/orthodoxalbania.org\/2020\/2018\/04\/29\/urimi-i-kryepiskopit-anastas-ne-dreken-zyrtare-tirane-29-4-2018\/#breadcrumb"},"inLanguage":"en-US","potentialAction":[{"@type":"ReadAction","target":["https:\/\/orthodoxalbania.org\/2020\/2018\/04\/29\/urimi-i-kryepiskopit-anastas-ne-dreken-zyrtare-tirane-29-4-2018\/"]}]},{"@type":"ImageObject","inLanguage":"en-US","@id":"https:\/\/orthodoxalbania.org\/2020\/2018\/04\/29\/urimi-i-kryepiskopit-anastas-ne-dreken-zyrtare-tirane-29-4-2018\/#primaryimage","url":"https:\/\/orthodoxalbania.org\/2020\/wp-content\/uploads\/2020\/04\/DSC_0153.JPG","contentUrl":"https:\/\/orthodoxalbania.org\/2020\/wp-content\/uploads\/2020\/04\/DSC_0153.JPG","width":1024,"height":684},{"@type":"BreadcrumbList","@id":"https:\/\/orthodoxalbania.org\/2020\/2018\/04\/29\/urimi-i-kryepiskopit-anastas-ne-dreken-zyrtare-tirane-29-4-2018\/#breadcrumb","itemListElement":[{"@type":"ListItem","position":1,"name":"Home","item":"https:\/\/orthodoxalbania.org\/2020\/"},{"@type":"ListItem","position":2,"name":"Urimi i Kryepiskopit Anastas n\u00eb Drek\u00ebn Zyrtare, Tiran\u00eb, 29.4.2018"}]},{"@type":"WebSite","@id":"https:\/\/orthodoxalbania.org\/2020\/#website","url":"https:\/\/orthodoxalbania.org\/2020\/","name":"Kisha Orthodh\u03bfkse Autoqefale e Shqip\u00ebris\u00eb","description":"Fqja Zyrtare e Kish\u00ebs Orthodhokse Autoqefale e Shqip\u00ebris\u00eb me lajmet edhe informacionet zyrtare p\u00ebr struktur\u00ebn edhe veprimtarin e saj.","publisher":{"@id":"https:\/\/orthodoxalbania.org\/2020\/#organization"},"potentialAction":[{"@type":"SearchAction","target":{"@type":"EntryPoint","urlTemplate":"https:\/\/orthodoxalbania.org\/2020\/?s={search_term_string}"},"query-input":{"@type":"PropertyValueSpecification","valueRequired":true,"valueName":"search_term_string"}}],"inLanguage":"en-US"},{"@type":"Organization","@id":"https:\/\/orthodoxalbania.org\/2020\/#organization","name":"Kisha Orthodhokse Autoqefale e Shqip\u00ebris\u00eb","url":"https:\/\/orthodoxalbania.org\/2020\/","logo":{"@type":"ImageObject","inLanguage":"en-US","@id":"https:\/\/orthodoxalbania.org\/2020\/#\/schema\/logo\/image\/","url":"https:\/\/orthodoxalbania.org\/2020\/wp-content\/uploads\/2020\/05\/albania.jpeg","contentUrl":"https:\/\/orthodoxalbania.org\/2020\/wp-content\/uploads\/2020\/05\/albania.jpeg","width":540,"height":540,"caption":"Kisha Orthodhokse Autoqefale e Shqip\u00ebris\u00eb"},"image":{"@id":"https:\/\/orthodoxalbania.org\/2020\/#\/schema\/logo\/image\/"},"sameAs":["https:\/\/www.facebook.com\/koash1991"]},{"@type":"Person","@id":"https:\/\/orthodoxalbania.org\/2020\/#\/schema\/person\/0c387634a7063ac612d7ed9ce71c7e86","name":"Kisha Orthodhokse","image":{"@type":"ImageObject","inLanguage":"en-US","@id":"https:\/\/secure.gravatar.com\/avatar\/596e7c417251e30f2fbb9c00e026fce61a695a00e51c889caded71c96cbbdde5?s=96&d=mm&r=g","url":"https:\/\/secure.gravatar.com\/avatar\/596e7c417251e30f2fbb9c00e026fce61a695a00e51c889caded71c96cbbdde5?s=96&d=mm&r=g","contentUrl":"https:\/\/secure.gravatar.com\/avatar\/596e7c417251e30f2fbb9c00e026fce61a695a00e51c889caded71c96cbbdde5?s=96&d=mm&r=g","caption":"Kisha Orthodhokse"}}]}},"_links":{"self":[{"href":"https:\/\/orthodoxalbania.org\/2020\/wp-json\/wp\/v2\/posts\/6558","targetHints":{"allow":["GET"]}}],"collection":[{"href":"https:\/\/orthodoxalbania.org\/2020\/wp-json\/wp\/v2\/posts"}],"about":[{"href":"https:\/\/orthodoxalbania.org\/2020\/wp-json\/wp\/v2\/types\/post"}],"author":[{"embeddable":true,"href":"https:\/\/orthodoxalbania.org\/2020\/wp-json\/wp\/v2\/users\/1"}],"replies":[{"embeddable":true,"href":"https:\/\/orthodoxalbania.org\/2020\/wp-json\/wp\/v2\/comments?post=6558"}],"version-history":[{"count":1,"href":"https:\/\/orthodoxalbania.org\/2020\/wp-json\/wp\/v2\/posts\/6558\/revisions"}],"predecessor-version":[{"id":14781,"href":"https:\/\/orthodoxalbania.org\/2020\/wp-json\/wp\/v2\/posts\/6558\/revisions\/14781"}],"wp:featuredmedia":[{"embeddable":true,"href":"https:\/\/orthodoxalbania.org\/2020\/wp-json\/wp\/v2\/media\/6557"}],"wp:attachment":[{"href":"https:\/\/orthodoxalbania.org\/2020\/wp-json\/wp\/v2\/media?parent=6558"}],"wp:term":[{"taxonomy":"category","embeddable":true,"href":"https:\/\/orthodoxalbania.org\/2020\/wp-json\/wp\/v2\/categories?post=6558"},{"taxonomy":"post_tag","embeddable":true,"href":"https:\/\/orthodoxalbania.org\/2020\/wp-json\/wp\/v2\/tags?post=6558"}],"curies":[{"name":"wp","href":"https:\/\/api.w.org\/{rel}","templated":true}]}}