{"id":6554,"date":"2018-04-29T15:10:16","date_gmt":"2018-04-29T15:10:16","guid":{"rendered":""},"modified":"2020-04-06T21:58:09","modified_gmt":"2020-04-06T19:58:09","slug":"urimi-i-patriarkut-kirill-ne-dreken-zyrtare-tirane-29-4-2018","status":"publish","type":"post","link":"https:\/\/orthodoxalbania.org\/2020\/2018\/04\/29\/urimi-i-patriarkut-kirill-ne-dreken-zyrtare-tirane-29-4-2018\/","title":{"rendered":"Urimi i Patriarkut Kirill n\u00eb Drek\u00ebn Zyrtare, Tiran\u00eb, 29.4.2018"},"content":{"rendered":"<p style=\"text-align: justify;\"> <\/p>\n<p style=\"text-align: justify;\">&nbsp;<\/p>\n<p style=\"text-align: center;\"><span style=\"font-size: 12pt; font-family: helvetica; color: #000000;\">Fortlumturia Juaj,<\/span><\/p>\n<p style=\"text-align: center;\"><span style=\"font-size: 12pt; font-family: helvetica; color: #000000;\">Kryepiskopi i Tiran\u00ebs dhe i gjith\u00eb Shqip\u00ebris\u00eb Anastas!<\/span><\/p>\n<p style=\"text-align: center;\"><span style=\"font-size: 12pt; font-family: helvetica; color: #000000;\">Hir\u00ebsit\u00eb dhe Shk\u00eblqesit\u00eb Tuaja!<\/span><\/p>\n<p style=\"text-align: center;\"><span style=\"font-size: 12pt; font-family: helvetica; color: #000000;\">E nderuar mbledhja e lart\u00eb!<\/span><\/p>\n<p style=\"text-align: justify;\">&nbsp;<\/p>\n<p style=\"text-align: justify;\"><span style=\"font-size: 12pt; font-family: helvetica; color: #000000;\">&nbsp; &nbsp; Do t\u00eb doja t\u00eb fal\u00ebnderoja p\u00ebrzem\u00ebrsisht Fortlumturin\u00eb Tuaj p\u00ebr ftes\u00ebn Tuaj t\u00ebngroht\u00eb p\u00ebr t\u00eb vizituar Shqip\u00ebrin\u00eb, si edhe p\u00ebr mikpritjen e Abrahamitq\u00eb Ju ofruat p\u00ebr mua dhe p\u00ebr bashkudh\u00ebtar\u00ebt e mi. T\u00eb rrethuar nga dashuria Juaj, ne ndiejm\u00eb nj\u00eb g\u00ebzim t\u00eb ve\u00e7ant\u00eb tani q\u00eb vazhdojm\u00ebt\u00eb kremtojm\u00eb Pashk\u00ebt dhe Ngjalljen e Krishtit dhe t\u00eb shijojm\u00eb komunikimin me v\u00ebllez\u00ebrit tan\u00eb shqiptar\u00eb.<\/span><\/p>\n<p style=\"text-align: justify;\"><span style=\"font-size: 12pt; font-family: helvetica; color: #000000;\">&nbsp; &nbsp;Megjith\u00ebse vizita ime \u00ebsht\u00eb vizita e par\u00eb n\u00eb histori e kreut t\u00eb Kish\u00ebs Orthodhokse Ruse n\u00eb Kish\u00ebn Orthodhokse Autoqefale t\u00eb Shqip\u00ebris\u00eb, delegacione t\u00eb larta t\u00eb Kish\u00ebs Ruse kan\u00eb zhvilluaredhe m\u00eb par\u00eb vizita n\u00eb tok\u00ebn shqiptare. Nj\u00eb nga delegacionet mori pjes\u00eb n\u00eb hirotonin\u00eb n\u00eb episkop t\u00eb Imzot Paisit, Primatit t\u00eb ardhsh\u00ebm t\u00eb Kish\u00ebs Orthodhokse Autoqefale t\u00eb Shqip\u00ebris\u00eb. Por, mes atyre vizitave dhe k\u00ebsaj t\u00eb sotmeska nj\u00eb periudh\u00eb t\u00eb gjat\u00eb kohore prej 70 vitesh, gjat\u00eb s\u00eb cilave Kisha Shqiptare p\u00ebrjetoi persekutime t\u00eb pashoqe p\u00ebr nga brutaliteti.<\/span><\/p>\n<p style=\"text-align: justify;\"><span style=\"font-size: 12pt; font-family: helvetica; color: #000000;\">&nbsp; &nbsp; P\u00ebrndjekjeve iu n\u00ebnshtruan gjithashtu mysliman\u00ebt, bektashinjt\u00eb dhe katolik\u00ebt, pra t\u00eb gjith\u00eb ata q\u00eb besojn\u00eb n\u00eb Zot. \u00c7do shprehje e ndjenj\u00ebs fetare, \u00e7do p\u00ebrdorim i simboleve fetare ishin rrept\u00ebsisht t\u00eb ndaluara. Lavdi Zotit, e gjitha kjo tashm\u00eb \u00ebsht\u00eb l\u00ebn\u00eb prapa. N\u00eb Shqip\u00ebrin\u00eb e sotme liria fetare \u00ebsht\u00eb rivendosur dhe p\u00ebrfaq\u00ebsues t\u00eb besimeve t\u00eb ndryshme bashk\u00ebjetojn\u00eb n\u00eb paqen\u00eb k\u00ebt\u00eb vend shum\u00ebfetar.<\/span><\/p>\n<p style=\"text-align: justify;\"><span style=\"font-size: 12pt; font-family: helvetica; color: #000000;\">&nbsp; &nbsp; N\u00eb k\u00ebt\u00eb sh\u00ebrbes\u00eb t\u00eb p\u00ebrbashk\u00ebt q\u00eb kryem sot n\u00eb katedralen e re \u201cNgjallja e Krishtit\u201d un\u00eb shoh nj\u00eb shenj\u00eb t\u00eb m\u00ebshir\u00ebs s\u00eb Zotit, e cila u mish\u00ebrua n\u00eb ringjalljen e Kish\u00ebs Shqiptare dhe n\u00eb mund\u00ebsin\u00eb e rikthyer p\u00ebr t\u00eb zhvilluar jet\u00ebn kishtare n\u00eb vendin e vet dhe p\u00ebr t\u00eb konsoliduar marr\u00ebdh\u00ebniet v\u00ebllaz\u00ebrore me Kishat Orthodhokse Lokale. Ju uroj me gjith\u00eb zem\u00ebr q\u00eb Zoti i Gjith\u00ebpushtetsh\u00ebm t\u2019i bekoj\u00eb gjithmon\u00eb veprat Tuaja dhe t\u00eb atyre q\u00eb Ju ndihmojn\u00eb, t\u2019Ju jap\u00eb gjithnj\u00ebe m\u00eb shum\u00eb forc\u00eb dhe t\u2019i dhuroj\u00eb Kish\u00ebs Orthodhokse Autoqefale t\u00eb Shqip\u00ebris\u00eb paqe dhe prosperitet.<\/span><\/p>\n<p style=\"text-align: justify;\">&nbsp;<\/p>\n<p style=\"text-align: justify;\"><span style=\"font-size: 12pt; font-family: helvetica; color: #000000;\">KRISHTI U NGJALL!<\/span><\/p>\n<p style=\"text-align: justify;\">&nbsp;<\/p>\n<p style=\"text-align: center;\"><img class=\"lazyload\" decoding=\"async\" src=\"data:image\/svg+xml,%3Csvg%20xmlns%3D%27http%3A%2F%2Fwww.w3.org%2F2000%2Fsvg%27%20width%3D%27500%27%20height%3D%27334%27%20viewBox%3D%270%200%20500%20334%27%3E%3Crect%20width%3D%27500%27%20height%3D%27334%27%20fill-opacity%3D%220%22%2F%3E%3C%2Fsvg%3E\" data-orig-src=\"https:\/\/orthodoxalbania.org\/2020\/wp-content\/uploads\/2020\/04\/DSC_0170.JPG\" width=\"500\" height=\"334\" style=\"display: block; margin: 10px auto; border: 1px solid #000000;\" \/><\/p>\n","protected":false},"excerpt":{"rendered":"<p>&nbsp; Fortlumturia Juaj, Kryepiskopi i Tiran\u00ebs dhe i gjith\u00eb Shqip\u00ebris\u00eb Anastas! Hir\u00ebsit\u00eb dhe Shk\u00eblqesit\u00eb Tuaja! E nderuar mbledhja e lart\u00eb! &nbsp; &nbsp; &nbsp; Do t\u00eb doja t\u00eb fal\u00ebnderoja p\u00ebrzem\u00ebrsisht Fortlumturin\u00eb Tuaj p\u00ebr ftes\u00ebn Tuaj t\u00ebngroht\u00eb p\u00ebr t\u00eb vizituar Shqip\u00ebrin\u00eb, si edhe p\u00ebr mikpritjen e Abrahamitq\u00eb Ju ofruat p\u00ebr mua dhe p\u00ebr bashkudh\u00ebtar\u00ebt e mi. T\u00eb rrethuar nga dashuria Juaj, ne ndiejm\u00eb nj\u00eb g\u00ebzim t\u00eb ve\u00e7ant\u00eb<\/p>\n","protected":false},"author":1,"featured_media":6555,"comment_status":"open","ping_status":"open","sticky":false,"template":"","format":"standard","meta":{"_acf_changed":false,"pagelayer_contact_templates":[],"_pagelayer_content":"","inline_featured_image":false,"fifu_image_url":"","fifu_image_alt":"","footnotes":""},"categories":[108],"tags":[220,153,237,196,212,235],"class_list":["post-6554","post","type-post","status-publish","format-standard","has-post-thumbnail","hentry","category-lajme","tag-220","tag-deklarata-njoftime-zyrtare-d75","tag-dreka-zyrtare","tag-tirane","tag-lajme-d27","tag-patriku-kirill"],"acf":[],"yoast_head":"<!-- This site is optimized with the Yoast SEO plugin v27.2 - https:\/\/yoast.com\/product\/yoast-seo-wordpress\/ -->\n<title>Urimi i Patriarkut Kirill n\u00eb Drek\u00ebn Zyrtare, Tiran\u00eb, 29.4.2018 - Kisha Orthodh\u03bfkse Autoqefale e Shqip\u00ebris\u00eb<\/title>\n<meta name=\"robots\" content=\"index, follow, max-snippet:-1, max-image-preview:large, max-video-preview:-1\" \/>\n<link rel=\"canonical\" href=\"https:\/\/orthodoxalbania.org\/2020\/2018\/04\/29\/urimi-i-patriarkut-kirill-ne-dreken-zyrtare-tirane-29-4-2018\/\" \/>\n<meta property=\"og:locale\" content=\"en_US\" \/>\n<meta property=\"og:type\" content=\"article\" \/>\n<meta property=\"og:title\" content=\"Urimi i Patriarkut Kirill n\u00eb Drek\u00ebn Zyrtare, Tiran\u00eb, 29.4.2018 - Kisha Orthodh\u03bfkse Autoqefale e Shqip\u00ebris\u00eb\" \/>\n<meta property=\"og:description\" content=\"&nbsp; Fortlumturia Juaj, Kryepiskopi i Tiran\u00ebs dhe i gjith\u00eb Shqip\u00ebris\u00eb Anastas! Hir\u00ebsit\u00eb dhe Shk\u00eblqesit\u00eb Tuaja! E nderuar mbledhja e lart\u00eb! &nbsp; &nbsp; &nbsp; Do t\u00eb doja t\u00eb fal\u00ebnderoja p\u00ebrzem\u00ebrsisht Fortlumturin\u00eb Tuaj p\u00ebr ftes\u00ebn Tuaj t\u00ebngroht\u00eb p\u00ebr t\u00eb vizituar Shqip\u00ebrin\u00eb, si edhe p\u00ebr mikpritjen e Abrahamitq\u00eb Ju ofruat p\u00ebr mua dhe p\u00ebr bashkudh\u00ebtar\u00ebt e mi. T\u00eb rrethuar nga dashuria Juaj, ne ndiejm\u00eb nj\u00eb g\u00ebzim t\u00eb ve\u00e7ant\u00eb\" \/>\n<meta property=\"og:url\" content=\"https:\/\/orthodoxalbania.org\/2020\/2018\/04\/29\/urimi-i-patriarkut-kirill-ne-dreken-zyrtare-tirane-29-4-2018\/\" \/>\n<meta property=\"og:site_name\" content=\"Kisha Orthodh\u03bfkse Autoqefale e Shqip\u00ebris\u00eb\" \/>\n<meta property=\"article:publisher\" content=\"https:\/\/www.facebook.com\/koash1991\" \/>\n<meta property=\"article:published_time\" content=\"2018-04-29T15:10:16+00:00\" \/>\n<meta property=\"article:modified_time\" content=\"2020-04-06T19:58:09+00:00\" \/>\n<meta property=\"og:image\" content=\"https:\/\/orthodoxalbania.org\/2020\/wp-content\/uploads\/2020\/04\/DSC_0170.JPG\" \/>\n\t<meta property=\"og:image:width\" content=\"1024\" \/>\n\t<meta property=\"og:image:height\" content=\"684\" \/>\n\t<meta property=\"og:image:type\" content=\"image\/jpeg\" \/>\n<meta name=\"author\" content=\"Kisha Orthodhokse\" \/>\n<meta name=\"twitter:card\" content=\"summary_large_image\" \/>\n<meta name=\"twitter:label1\" content=\"Written by\" \/>\n\t<meta name=\"twitter:data1\" content=\"Kisha Orthodhokse\" \/>\n\t<meta name=\"twitter:label2\" content=\"Est. reading time\" \/>\n\t<meta name=\"twitter:data2\" content=\"2 minutes\" \/>\n<script type=\"application\/ld+json\" class=\"yoast-schema-graph\">{\"@context\":\"https:\/\/schema.org\",\"@graph\":[{\"@type\":\"Article\",\"@id\":\"https:\/\/orthodoxalbania.org\/2020\/2018\/04\/29\/urimi-i-patriarkut-kirill-ne-dreken-zyrtare-tirane-29-4-2018\/#article\",\"isPartOf\":{\"@id\":\"https:\/\/orthodoxalbania.org\/2020\/2018\/04\/29\/urimi-i-patriarkut-kirill-ne-dreken-zyrtare-tirane-29-4-2018\/\"},\"author\":{\"name\":\"Kisha Orthodhokse\",\"@id\":\"https:\/\/orthodoxalbania.org\/2020\/#\/schema\/person\/0c387634a7063ac612d7ed9ce71c7e86\"},\"headline\":\"Urimi i Patriarkut Kirill n\u00eb Drek\u00ebn Zyrtare, Tiran\u00eb, 29.4.2018\",\"datePublished\":\"2018-04-29T15:10:16+00:00\",\"dateModified\":\"2020-04-06T19:58:09+00:00\",\"mainEntityOfPage\":{\"@id\":\"https:\/\/orthodoxalbania.org\/2020\/2018\/04\/29\/urimi-i-patriarkut-kirill-ne-dreken-zyrtare-tirane-29-4-2018\/\"},\"wordCount\":411,\"commentCount\":0,\"publisher\":{\"@id\":\"https:\/\/orthodoxalbania.org\/2020\/#organization\"},\"image\":{\"@id\":\"https:\/\/orthodoxalbania.org\/2020\/2018\/04\/29\/urimi-i-patriarkut-kirill-ne-dreken-zyrtare-tirane-29-4-2018\/#primaryimage\"},\"thumbnailUrl\":\"https:\/\/orthodoxalbania.org\/2020\/wp-content\/uploads\/2020\/04\/DSC_0170.JPG\",\"keywords\":[\"2018\",\"Deklarata - Njoftime Zyrtare\",\"Dreka Zyrtare\",\"Kryepiskopata Tiran\u00eb\",\"lajme\",\"Patriku Kirill\"],\"articleSection\":[\"Lajme\"],\"inLanguage\":\"en-US\"},{\"@type\":\"WebPage\",\"@id\":\"https:\/\/orthodoxalbania.org\/2020\/2018\/04\/29\/urimi-i-patriarkut-kirill-ne-dreken-zyrtare-tirane-29-4-2018\/\",\"url\":\"https:\/\/orthodoxalbania.org\/2020\/2018\/04\/29\/urimi-i-patriarkut-kirill-ne-dreken-zyrtare-tirane-29-4-2018\/\",\"name\":\"Urimi i Patriarkut Kirill n\u00eb Drek\u00ebn Zyrtare, Tiran\u00eb, 29.4.2018 - Kisha Orthodh\u03bfkse Autoqefale e Shqip\u00ebris\u00eb\",\"isPartOf\":{\"@id\":\"https:\/\/orthodoxalbania.org\/2020\/#website\"},\"primaryImageOfPage\":{\"@id\":\"https:\/\/orthodoxalbania.org\/2020\/2018\/04\/29\/urimi-i-patriarkut-kirill-ne-dreken-zyrtare-tirane-29-4-2018\/#primaryimage\"},\"image\":{\"@id\":\"https:\/\/orthodoxalbania.org\/2020\/2018\/04\/29\/urimi-i-patriarkut-kirill-ne-dreken-zyrtare-tirane-29-4-2018\/#primaryimage\"},\"thumbnailUrl\":\"https:\/\/orthodoxalbania.org\/2020\/wp-content\/uploads\/2020\/04\/DSC_0170.JPG\",\"datePublished\":\"2018-04-29T15:10:16+00:00\",\"dateModified\":\"2020-04-06T19:58:09+00:00\",\"breadcrumb\":{\"@id\":\"https:\/\/orthodoxalbania.org\/2020\/2018\/04\/29\/urimi-i-patriarkut-kirill-ne-dreken-zyrtare-tirane-29-4-2018\/#breadcrumb\"},\"inLanguage\":\"en-US\",\"potentialAction\":[{\"@type\":\"ReadAction\",\"target\":[\"https:\/\/orthodoxalbania.org\/2020\/2018\/04\/29\/urimi-i-patriarkut-kirill-ne-dreken-zyrtare-tirane-29-4-2018\/\"]}]},{\"@type\":\"ImageObject\",\"inLanguage\":\"en-US\",\"@id\":\"https:\/\/orthodoxalbania.org\/2020\/2018\/04\/29\/urimi-i-patriarkut-kirill-ne-dreken-zyrtare-tirane-29-4-2018\/#primaryimage\",\"url\":\"https:\/\/orthodoxalbania.org\/2020\/wp-content\/uploads\/2020\/04\/DSC_0170.JPG\",\"contentUrl\":\"https:\/\/orthodoxalbania.org\/2020\/wp-content\/uploads\/2020\/04\/DSC_0170.JPG\",\"width\":1024,\"height\":684},{\"@type\":\"BreadcrumbList\",\"@id\":\"https:\/\/orthodoxalbania.org\/2020\/2018\/04\/29\/urimi-i-patriarkut-kirill-ne-dreken-zyrtare-tirane-29-4-2018\/#breadcrumb\",\"itemListElement\":[{\"@type\":\"ListItem\",\"position\":1,\"name\":\"Home\",\"item\":\"https:\/\/orthodoxalbania.org\/2020\/\"},{\"@type\":\"ListItem\",\"position\":2,\"name\":\"Urimi i Patriarkut Kirill n\u00eb Drek\u00ebn Zyrtare, Tiran\u00eb, 29.4.2018\"}]},{\"@type\":\"WebSite\",\"@id\":\"https:\/\/orthodoxalbania.org\/2020\/#website\",\"url\":\"https:\/\/orthodoxalbania.org\/2020\/\",\"name\":\"Kisha Orthodh\u03bfkse Autoqefale e Shqip\u00ebris\u00eb\",\"description\":\"Fqja Zyrtare e Kish\u00ebs Orthodhokse Autoqefale e Shqip\u00ebris\u00eb me lajmet edhe informacionet zyrtare p\u00ebr struktur\u00ebn edhe veprimtarin e saj.\",\"publisher\":{\"@id\":\"https:\/\/orthodoxalbania.org\/2020\/#organization\"},\"potentialAction\":[{\"@type\":\"SearchAction\",\"target\":{\"@type\":\"EntryPoint\",\"urlTemplate\":\"https:\/\/orthodoxalbania.org\/2020\/?s={search_term_string}\"},\"query-input\":{\"@type\":\"PropertyValueSpecification\",\"valueRequired\":true,\"valueName\":\"search_term_string\"}}],\"inLanguage\":\"en-US\"},{\"@type\":\"Organization\",\"@id\":\"https:\/\/orthodoxalbania.org\/2020\/#organization\",\"name\":\"Kisha Orthodhokse Autoqefale e Shqip\u00ebris\u00eb\",\"url\":\"https:\/\/orthodoxalbania.org\/2020\/\",\"logo\":{\"@type\":\"ImageObject\",\"inLanguage\":\"en-US\",\"@id\":\"https:\/\/orthodoxalbania.org\/2020\/#\/schema\/logo\/image\/\",\"url\":\"https:\/\/orthodoxalbania.org\/2020\/wp-content\/uploads\/2020\/05\/albania.jpeg\",\"contentUrl\":\"https:\/\/orthodoxalbania.org\/2020\/wp-content\/uploads\/2020\/05\/albania.jpeg\",\"width\":540,\"height\":540,\"caption\":\"Kisha Orthodhokse Autoqefale e Shqip\u00ebris\u00eb\"},\"image\":{\"@id\":\"https:\/\/orthodoxalbania.org\/2020\/#\/schema\/logo\/image\/\"},\"sameAs\":[\"https:\/\/www.facebook.com\/koash1991\"]},{\"@type\":\"Person\",\"@id\":\"https:\/\/orthodoxalbania.org\/2020\/#\/schema\/person\/0c387634a7063ac612d7ed9ce71c7e86\",\"name\":\"Kisha Orthodhokse\",\"image\":{\"@type\":\"ImageObject\",\"inLanguage\":\"en-US\",\"@id\":\"https:\/\/secure.gravatar.com\/avatar\/596e7c417251e30f2fbb9c00e026fce61a695a00e51c889caded71c96cbbdde5?s=96&d=mm&r=g\",\"url\":\"https:\/\/secure.gravatar.com\/avatar\/596e7c417251e30f2fbb9c00e026fce61a695a00e51c889caded71c96cbbdde5?s=96&d=mm&r=g\",\"contentUrl\":\"https:\/\/secure.gravatar.com\/avatar\/596e7c417251e30f2fbb9c00e026fce61a695a00e51c889caded71c96cbbdde5?s=96&d=mm&r=g\",\"caption\":\"Kisha Orthodhokse\"}}]}<\/script>\n<!-- \/ Yoast SEO plugin. -->","yoast_head_json":{"title":"Urimi i Patriarkut Kirill n\u00eb Drek\u00ebn Zyrtare, Tiran\u00eb, 29.4.2018 - Kisha Orthodh\u03bfkse Autoqefale e Shqip\u00ebris\u00eb","robots":{"index":"index","follow":"follow","max-snippet":"max-snippet:-1","max-image-preview":"max-image-preview:large","max-video-preview":"max-video-preview:-1"},"canonical":"https:\/\/orthodoxalbania.org\/2020\/2018\/04\/29\/urimi-i-patriarkut-kirill-ne-dreken-zyrtare-tirane-29-4-2018\/","og_locale":"en_US","og_type":"article","og_title":"Urimi i Patriarkut Kirill n\u00eb Drek\u00ebn Zyrtare, Tiran\u00eb, 29.4.2018 - Kisha Orthodh\u03bfkse Autoqefale e Shqip\u00ebris\u00eb","og_description":"&nbsp; Fortlumturia Juaj, Kryepiskopi i Tiran\u00ebs dhe i gjith\u00eb Shqip\u00ebris\u00eb Anastas! Hir\u00ebsit\u00eb dhe Shk\u00eblqesit\u00eb Tuaja! E nderuar mbledhja e lart\u00eb! &nbsp; &nbsp; &nbsp; Do t\u00eb doja t\u00eb fal\u00ebnderoja p\u00ebrzem\u00ebrsisht Fortlumturin\u00eb Tuaj p\u00ebr ftes\u00ebn Tuaj t\u00ebngroht\u00eb p\u00ebr t\u00eb vizituar Shqip\u00ebrin\u00eb, si edhe p\u00ebr mikpritjen e Abrahamitq\u00eb Ju ofruat p\u00ebr mua dhe p\u00ebr bashkudh\u00ebtar\u00ebt e mi. T\u00eb rrethuar nga dashuria Juaj, ne ndiejm\u00eb nj\u00eb g\u00ebzim t\u00eb ve\u00e7ant\u00eb","og_url":"https:\/\/orthodoxalbania.org\/2020\/2018\/04\/29\/urimi-i-patriarkut-kirill-ne-dreken-zyrtare-tirane-29-4-2018\/","og_site_name":"Kisha Orthodh\u03bfkse Autoqefale e Shqip\u00ebris\u00eb","article_publisher":"https:\/\/www.facebook.com\/koash1991","article_published_time":"2018-04-29T15:10:16+00:00","article_modified_time":"2020-04-06T19:58:09+00:00","og_image":[{"width":1024,"height":684,"url":"https:\/\/orthodoxalbania.org\/2020\/wp-content\/uploads\/2020\/04\/DSC_0170.JPG","type":"image\/jpeg"}],"author":"Kisha Orthodhokse","twitter_card":"summary_large_image","twitter_misc":{"Written by":"Kisha Orthodhokse","Est. reading time":"2 minutes"},"schema":{"@context":"https:\/\/schema.org","@graph":[{"@type":"Article","@id":"https:\/\/orthodoxalbania.org\/2020\/2018\/04\/29\/urimi-i-patriarkut-kirill-ne-dreken-zyrtare-tirane-29-4-2018\/#article","isPartOf":{"@id":"https:\/\/orthodoxalbania.org\/2020\/2018\/04\/29\/urimi-i-patriarkut-kirill-ne-dreken-zyrtare-tirane-29-4-2018\/"},"author":{"name":"Kisha Orthodhokse","@id":"https:\/\/orthodoxalbania.org\/2020\/#\/schema\/person\/0c387634a7063ac612d7ed9ce71c7e86"},"headline":"Urimi i Patriarkut Kirill n\u00eb Drek\u00ebn Zyrtare, Tiran\u00eb, 29.4.2018","datePublished":"2018-04-29T15:10:16+00:00","dateModified":"2020-04-06T19:58:09+00:00","mainEntityOfPage":{"@id":"https:\/\/orthodoxalbania.org\/2020\/2018\/04\/29\/urimi-i-patriarkut-kirill-ne-dreken-zyrtare-tirane-29-4-2018\/"},"wordCount":411,"commentCount":0,"publisher":{"@id":"https:\/\/orthodoxalbania.org\/2020\/#organization"},"image":{"@id":"https:\/\/orthodoxalbania.org\/2020\/2018\/04\/29\/urimi-i-patriarkut-kirill-ne-dreken-zyrtare-tirane-29-4-2018\/#primaryimage"},"thumbnailUrl":"https:\/\/orthodoxalbania.org\/2020\/wp-content\/uploads\/2020\/04\/DSC_0170.JPG","keywords":["2018","Deklarata - Njoftime Zyrtare","Dreka Zyrtare","Kryepiskopata Tiran\u00eb","lajme","Patriku Kirill"],"articleSection":["Lajme"],"inLanguage":"en-US"},{"@type":"WebPage","@id":"https:\/\/orthodoxalbania.org\/2020\/2018\/04\/29\/urimi-i-patriarkut-kirill-ne-dreken-zyrtare-tirane-29-4-2018\/","url":"https:\/\/orthodoxalbania.org\/2020\/2018\/04\/29\/urimi-i-patriarkut-kirill-ne-dreken-zyrtare-tirane-29-4-2018\/","name":"Urimi i Patriarkut Kirill n\u00eb Drek\u00ebn Zyrtare, Tiran\u00eb, 29.4.2018 - Kisha Orthodh\u03bfkse Autoqefale e Shqip\u00ebris\u00eb","isPartOf":{"@id":"https:\/\/orthodoxalbania.org\/2020\/#website"},"primaryImageOfPage":{"@id":"https:\/\/orthodoxalbania.org\/2020\/2018\/04\/29\/urimi-i-patriarkut-kirill-ne-dreken-zyrtare-tirane-29-4-2018\/#primaryimage"},"image":{"@id":"https:\/\/orthodoxalbania.org\/2020\/2018\/04\/29\/urimi-i-patriarkut-kirill-ne-dreken-zyrtare-tirane-29-4-2018\/#primaryimage"},"thumbnailUrl":"https:\/\/orthodoxalbania.org\/2020\/wp-content\/uploads\/2020\/04\/DSC_0170.JPG","datePublished":"2018-04-29T15:10:16+00:00","dateModified":"2020-04-06T19:58:09+00:00","breadcrumb":{"@id":"https:\/\/orthodoxalbania.org\/2020\/2018\/04\/29\/urimi-i-patriarkut-kirill-ne-dreken-zyrtare-tirane-29-4-2018\/#breadcrumb"},"inLanguage":"en-US","potentialAction":[{"@type":"ReadAction","target":["https:\/\/orthodoxalbania.org\/2020\/2018\/04\/29\/urimi-i-patriarkut-kirill-ne-dreken-zyrtare-tirane-29-4-2018\/"]}]},{"@type":"ImageObject","inLanguage":"en-US","@id":"https:\/\/orthodoxalbania.org\/2020\/2018\/04\/29\/urimi-i-patriarkut-kirill-ne-dreken-zyrtare-tirane-29-4-2018\/#primaryimage","url":"https:\/\/orthodoxalbania.org\/2020\/wp-content\/uploads\/2020\/04\/DSC_0170.JPG","contentUrl":"https:\/\/orthodoxalbania.org\/2020\/wp-content\/uploads\/2020\/04\/DSC_0170.JPG","width":1024,"height":684},{"@type":"BreadcrumbList","@id":"https:\/\/orthodoxalbania.org\/2020\/2018\/04\/29\/urimi-i-patriarkut-kirill-ne-dreken-zyrtare-tirane-29-4-2018\/#breadcrumb","itemListElement":[{"@type":"ListItem","position":1,"name":"Home","item":"https:\/\/orthodoxalbania.org\/2020\/"},{"@type":"ListItem","position":2,"name":"Urimi i Patriarkut Kirill n\u00eb Drek\u00ebn Zyrtare, Tiran\u00eb, 29.4.2018"}]},{"@type":"WebSite","@id":"https:\/\/orthodoxalbania.org\/2020\/#website","url":"https:\/\/orthodoxalbania.org\/2020\/","name":"Kisha Orthodh\u03bfkse Autoqefale e Shqip\u00ebris\u00eb","description":"Fqja Zyrtare e Kish\u00ebs Orthodhokse Autoqefale e Shqip\u00ebris\u00eb me lajmet edhe informacionet zyrtare p\u00ebr struktur\u00ebn edhe veprimtarin e saj.","publisher":{"@id":"https:\/\/orthodoxalbania.org\/2020\/#organization"},"potentialAction":[{"@type":"SearchAction","target":{"@type":"EntryPoint","urlTemplate":"https:\/\/orthodoxalbania.org\/2020\/?s={search_term_string}"},"query-input":{"@type":"PropertyValueSpecification","valueRequired":true,"valueName":"search_term_string"}}],"inLanguage":"en-US"},{"@type":"Organization","@id":"https:\/\/orthodoxalbania.org\/2020\/#organization","name":"Kisha Orthodhokse Autoqefale e Shqip\u00ebris\u00eb","url":"https:\/\/orthodoxalbania.org\/2020\/","logo":{"@type":"ImageObject","inLanguage":"en-US","@id":"https:\/\/orthodoxalbania.org\/2020\/#\/schema\/logo\/image\/","url":"https:\/\/orthodoxalbania.org\/2020\/wp-content\/uploads\/2020\/05\/albania.jpeg","contentUrl":"https:\/\/orthodoxalbania.org\/2020\/wp-content\/uploads\/2020\/05\/albania.jpeg","width":540,"height":540,"caption":"Kisha Orthodhokse Autoqefale e Shqip\u00ebris\u00eb"},"image":{"@id":"https:\/\/orthodoxalbania.org\/2020\/#\/schema\/logo\/image\/"},"sameAs":["https:\/\/www.facebook.com\/koash1991"]},{"@type":"Person","@id":"https:\/\/orthodoxalbania.org\/2020\/#\/schema\/person\/0c387634a7063ac612d7ed9ce71c7e86","name":"Kisha Orthodhokse","image":{"@type":"ImageObject","inLanguage":"en-US","@id":"https:\/\/secure.gravatar.com\/avatar\/596e7c417251e30f2fbb9c00e026fce61a695a00e51c889caded71c96cbbdde5?s=96&d=mm&r=g","url":"https:\/\/secure.gravatar.com\/avatar\/596e7c417251e30f2fbb9c00e026fce61a695a00e51c889caded71c96cbbdde5?s=96&d=mm&r=g","contentUrl":"https:\/\/secure.gravatar.com\/avatar\/596e7c417251e30f2fbb9c00e026fce61a695a00e51c889caded71c96cbbdde5?s=96&d=mm&r=g","caption":"Kisha Orthodhokse"}}]}},"_links":{"self":[{"href":"https:\/\/orthodoxalbania.org\/2020\/wp-json\/wp\/v2\/posts\/6554","targetHints":{"allow":["GET"]}}],"collection":[{"href":"https:\/\/orthodoxalbania.org\/2020\/wp-json\/wp\/v2\/posts"}],"about":[{"href":"https:\/\/orthodoxalbania.org\/2020\/wp-json\/wp\/v2\/types\/post"}],"author":[{"embeddable":true,"href":"https:\/\/orthodoxalbania.org\/2020\/wp-json\/wp\/v2\/users\/1"}],"replies":[{"embeddable":true,"href":"https:\/\/orthodoxalbania.org\/2020\/wp-json\/wp\/v2\/comments?post=6554"}],"version-history":[{"count":1,"href":"https:\/\/orthodoxalbania.org\/2020\/wp-json\/wp\/v2\/posts\/6554\/revisions"}],"predecessor-version":[{"id":14782,"href":"https:\/\/orthodoxalbania.org\/2020\/wp-json\/wp\/v2\/posts\/6554\/revisions\/14782"}],"wp:featuredmedia":[{"embeddable":true,"href":"https:\/\/orthodoxalbania.org\/2020\/wp-json\/wp\/v2\/media\/6555"}],"wp:attachment":[{"href":"https:\/\/orthodoxalbania.org\/2020\/wp-json\/wp\/v2\/media?parent=6554"}],"wp:term":[{"taxonomy":"category","embeddable":true,"href":"https:\/\/orthodoxalbania.org\/2020\/wp-json\/wp\/v2\/categories?post=6554"},{"taxonomy":"post_tag","embeddable":true,"href":"https:\/\/orthodoxalbania.org\/2020\/wp-json\/wp\/v2\/tags?post=6554"}],"curies":[{"name":"wp","href":"https:\/\/api.w.org\/{rel}","templated":true}]}}