{"id":6553,"date":"2018-04-29T14:55:04","date_gmt":"2018-04-29T14:55:04","guid":{"rendered":""},"modified":"2020-04-06T21:58:09","modified_gmt":"2020-04-06T19:58:09","slug":"fjala-e-kryepiskopit-anastas-ne-liturgjine-hyjnore-tirane-29-4-2018","status":"publish","type":"post","link":"https:\/\/orthodoxalbania.org\/2020\/2018\/04\/29\/fjala-e-kryepiskopit-anastas-ne-liturgjine-hyjnore-tirane-29-4-2018\/","title":{"rendered":"Fjala e Kryepiskopit Anastas n\u00eb Liturgjin\u00eb Hyjnore, Tiran\u00eb, 29.4.2018"},"content":{"rendered":"<p style=\"text-align: justify;\">\n\t&nbsp;<\/p>\n<p> <\/p>\n<p>\n\t&nbsp;<\/p>\n<p style=\"text-align: center;\">\n\t<span style=\"font-size: 10pt;\"><img class=\"lazyload\" decoding=\"async\" height=\"51\" src=\"data:image\/svg+xml,%3Csvg%20xmlns%3D%27http%3A%2F%2Fwww.w3.org%2F2000%2Fsvg%27%20width%3D%2751%27%20height%3D%2751%27%20viewBox%3D%270%200%2051%2051%27%3E%3Crect%20width%3D%2751%27%20height%3D%2751%27%20fill-opacity%3D%220%22%2F%3E%3C%2Fsvg%3E\" data-orig-src=\"https:\/\/lh4.googleusercontent.com\/-p6oTSlUmOrM\/U0UABsfjknI\/AAAAAAAAATs\/zlJeoFRksRE\/s577-no\/logo.png\" style=\"display: block; margin: 10px auto; border: initial;\" width=\"51\" \/><\/span><\/p>\n<p style=\"text-align: center;\">\n\t<span style=\"font-size: 12pt; color: #000000; font-family: helvetica;\">KISHA ORTHODHOKSE AUTOQEFALE E SHQIP\u00cbRIS\u00cb<\/span><\/p>\n<p style=\"text-align: center;\">\n\t&nbsp;<\/p>\n<p style=\"text-align: center;\">\n\t<span style=\"font-size: 12pt; color: #000000; font-family: helvetica;\">VIZITA ZYRTARE E SHENJT\u00cbRIS\u00cb S\u00cb TIJ,<\/span><br \/>\n\t<span style=\"font-size: 12pt; color: #000000; font-family: helvetica;\">PATRIARKUT T\u00cb MOSK\u00cbS DHE T\u00cb GJITH\u00cb RUSIVE, KIRILLIT,<\/span><br \/>\n\t<span style=\"font-size: 12pt; color: #000000; font-family: helvetica;\">N\u00cb KISH\u00cbN ORTHODHOKSE AUTOQEFALE T\u00cb SHQIP\u00cbRIS\u00cb<\/span><\/p>\n<p style=\"text-align: center;\">\n\t&nbsp;<\/p>\n<p style=\"text-align: center;\">\n\t<span style=\"font-size: 12pt; color: #000000; font-family: helvetica;\"><strong>Mesh\u00eb e p\u00ebrbashk\u00ebt<\/strong><\/span><br \/>\n\t<span style=\"font-size: 12pt; color: #000000; font-family: helvetica;\"><strong>n\u00eb Kish\u00ebn e Hirshme Katedrale \u201cNgjallja e Krishtit\u201d, Tiran\u00eb<\/strong><\/span><\/p>\n<p style=\"text-align: center;\">\n\t&nbsp;<\/p>\n<p style=\"text-align: center;\">\n\t<span style=\"font-size: 12pt; color: #000000; font-family: helvetica;\">E Diel, 29 prill 2018<\/span><\/p>\n<p style=\"text-align: center;\">\n\t&nbsp;<\/p>\n<p style=\"text-align: center;\">\n\t<span style=\"font-size: 12pt; color: #000000; font-family: helvetica;\">Fjala e Fortlumturis\u00eb s\u00eb Tij, Kryepiskopit t\u00eb Tiran\u00ebs, Durr\u00ebsit<\/span><br \/>\n\t<span style=\"font-size: 12pt; color: #000000; font-family: helvetica;\">dhe t\u00eb Gjith\u00eb Shqip\u00ebris\u00eb, Anastasit<\/span><\/p>\n<p style=\"text-align: justify;\">\n\t&nbsp;<\/p>\n<p style=\"text-align: left;\">\n\t<span style=\"font-size: 12pt; color: #000000; font-family: helvetica;\">&nbsp; &nbsp; Krishti u Ngjall! \u03a7\u03c1\u03b9\u03c3\u03c4\u03cc\u03c2 \u0391\u03bd\u03ad\u03c3\u03c4\u03b7! \u0425\u0440\u0438\u0441\u0442\u043e\u0441 \u0412\u043e\u0441\u043a\u0440\u0435\u0441\u0435!<\/span><\/p>\n<p style=\"text-align: justify;\">\n\t&nbsp;<\/p>\n<p style=\"text-align: right;\">\n\t<span style=\"font-size: 12pt; color: #000000; font-family: helvetica;\"><em>\u201cBeko Zotin, o shpirti im,<\/em><\/span><br \/>\n\t<span style=\"font-size: 12pt; color: #000000; font-family: helvetica;\"><em>dhe gjith\u00e7ka brenda meje, emrin e tij t\u00eb shenjt\u00eb\u201d<\/em><\/span><br \/>\n\t<span style=\"font-size: 12pt; color: #000000; font-family: helvetica;\"><em>(Ps. 102:1)<\/em><\/span><\/p>\n<p style=\"text-align: justify;\">\n\t&nbsp;<\/p>\n<p style=\"text-align: justify;\">\n\t<span style=\"font-size: 12pt; color: #000000; font-family: helvetica;\">&nbsp; &nbsp; Ngaz\u00ebllimi paskal dhe fal\u00ebnderimi kan\u00eb mbushur zemrat e ne t\u00eb gjith\u00ebve, gjat\u00eb vizit\u00ebs Suaj t\u00eb par\u00eb zyrtare n\u00eb Shqip\u00ebri, Fortlumturi, V\u00eblla i Shenjt\u00eb n\u00eb Krishtin, Patriark i Mosk\u00ebs dhe i gjith\u00eb Rusive, z. Kirill. Ky g\u00ebzim i sinqert\u00eb kulmoi me bashk\u00ebmeshimin e sot\u00ebm, q\u00eb shpreh mbi t\u00eb gjitha unitetin e Orthodhoksis\u00eb. Mir\u00ebnjohja jon\u00eb buron e t\u00ebr\u00ebshpirtshme p\u00ebr Per\u00ebndin\u00eb Triadik p\u00ebr dhurat\u00ebn paskale t\u00eb pranis\u00eb Suaj k\u00ebtu.<\/span><\/p>\n<p style=\"text-align: justify;\">\n\t<span style=\"font-size: 12pt; color: #000000; font-family: helvetica;\">&nbsp; &nbsp; Dje, gjat\u00eb Dhoksologjis\u00eb, p\u00ebrmenda bashk\u00ebpunimin ton\u00eb t\u00eb par\u00eb, n\u00eb fillim t\u00eb viteve \u201870, n\u00eb Organizmin Bot\u00ebror t\u00eb Rinis\u00eb Orthodhokse \u201cSyndesmos\u201d, ku sh\u00ebrbyem si Z\u00ebvend\u00ebspresident\u00eb. Ju, si p\u00ebrfaq\u00ebsues i brezit t\u00eb ri dinamik t\u00eb Bashkimit Sovjetik t\u00eb asaj kohe, dhe fol\u00ebsi, si veteran i \u201cSyndesmos\u201d, p\u00ebrgjegj\u00ebs p\u00ebr sektorin e Hierapostullimit t\u00eb Jasht\u00ebm t\u00eb Qendr\u00ebs Nd\u00ebrorthodhokse \u201cPorefthendes\u201d. N\u00eb at\u00eb koh\u00eb, Kisha e Rusis\u00eb vuante ende trysnin\u00eb antifetare, nd\u00ebrsa Kisha e Shqip\u00ebris\u00eb kishte mb\u00ebrritur n\u00eb fund t\u00eb gremin\u00ebs s\u00eb persekutimit komunist dhe ishte shkat\u00ebrruar krejt\u00ebsisht.<\/span><\/p>\n<p style=\"text-align: justify;\">\n\t<span style=\"font-size: 12pt; color: #000000; font-family: helvetica;\">&nbsp; &nbsp; Shpesh sjell n\u00eb mendje periudh\u00ebn e pjes\u00ebmarrjes son\u00eb aktive n\u00eb veprimtarit\u00eb e Rinis\u00eb Mbarorthodhokse, sepse, si\u00e7 e dini, n\u00eb m\u00ebnyr\u00eb diakronike, k\u00ebt\u00eb sektor e konsideroj t\u00eb vyer dhe shum\u00eb t\u00eb domosdosh\u00ebm n\u00eb jet\u00ebn e Orthodhoksis\u00eb. Bindja ime e pal\u00ebkundur \u00ebsht\u00eb se t\u00eb rinjt\u00eb, q\u00eb k\u00ebrkojn\u00eb liri, drejt\u00ebsi, dashuri, kan\u00eb p\u00ebr ta gjetur pasurin\u00eb e jet\u00ebs q\u00eb d\u00ebshirojn\u00eb n\u00eb Kish\u00ebn e Atij, i Cili \u00ebsht\u00eb e v\u00ebrteta dhe jeta. P\u00ebr Kish\u00ebn e Shqip\u00ebris\u00eb, gjithnj\u00eb e theksojm\u00eb se t\u00eb rinjt\u00eb nuk p\u00ebrb\u00ebjn\u00eb thjesht \u201ct\u00eb ardhmen\u201d e saj, por edhe t\u00eb tashmen dinamike.<\/span><\/p>\n<p style=\"text-align: justify;\">\n\t<span style=\"font-size: 12pt; color: #000000; font-family: helvetica;\">&nbsp; &nbsp; N\u00eb periudh\u00ebn e pasluft\u00ebs, kur filloi L\u00ebvizja Ekumenike, t\u00eb rinjt\u00eb orthodhoks\u00eb, theolog\u00eb laik\u00eb dhe klerik\u00eb e intensifikuan z\u00ebrin e tyre p\u00ebr m\u00eb shum\u00eb unitet, kryesisht brenda Orthodhoksis\u00eb. Nj\u00eb fraz\u00eb-\u00e7el\u00ebs jona n\u00eb vitet \u201860, q\u00eb nuk reshti s\u00eb p\u00ebrs\u00ebrituri q\u00eb nga ajo koh\u00eb, ishte: \u201cKisha Orthodhokse nuk \u00ebsht\u00eb Konfederat\u00eb Kishash lokale, por \u00ebsht\u00eb Nj\u00eb Kish\u00eb, e Shenjt\u00eb, Katholike dhe Apostolike\u201d.<\/span><\/p>\n<p style=\"text-align: justify;\">\n\t<span style=\"font-size: 12pt; color: #000000; font-family: helvetica;\">&nbsp; &nbsp; Paralelisht me d\u00ebshir\u00ebn ton\u00eb t\u00eb madhe p\u00ebr unitetin panorthodhoks n\u00eb fillim, u zhvillua m\u00eb tej edhe ndjesia e fort\u00eb e detyrimit p\u00ebr t\u00eb d\u00ebshmuar Orthodhoksin\u00eb n\u00eb kufij t\u00eb rinj, ve\u00e7an\u00ebrisht n\u00eb kontinentin afrikan, si edhe p\u00ebr riungjill\u00ebzimin e vendeve q\u00eb kishin p\u00ebsuar persekutimin e r\u00ebnd\u00eb antifetar.<\/span><\/p>\n<p style=\"text-align: justify;\">\n\t<span style=\"font-size: 12pt; color: #000000; font-family: helvetica;\">&nbsp; &nbsp; E di mir\u00eb, V\u00eblla shum\u00eb i Dashur dhe i Shenjt\u00eb, se, gjat\u00eb gjith\u00eb k\u00ebtyre k\u00ebrkimeve dhe p\u00ebrpjekjeve, keni qen\u00eb n\u00eb vij\u00ebn e par\u00eb, me t\u00eb nj\u00ebjtin zell dhe fjal\u00eb t\u00eb fuqishme. Nuk e harroj pranin\u00eb Tuaj dinamike &#8211; si President i Departamentit t\u00eb \u00c7\u00ebshtjeve t\u00eb Jashtme t\u00eb Kish\u00ebs s\u00eb Rusis\u00eb &#8211; n\u00eb Asamblet\u00eb, Komisionet, por edhe n\u00eb organet e tjera t\u00eb K\u00ebshillit Bot\u00ebror t\u00eb Kishave, t\u00eb K\u00ebshillit t\u00eb Kishave Evropiane, t\u00eb Komisionit Evropian t\u00eb Udh\u00ebheq\u00ebsve Fetar\u00eb. N\u00eb dy dhjet\u00ebvje\u00e7ar\u00ebt e fundit, n\u00eb Mbledhjet e Primat\u00ebve t\u00eb Kishave Orthodhokse Autoqefale, gjithmon\u00eb jam g\u00ebzuar n\u00eb m\u00ebnyr\u00eb t\u00eb ve\u00e7ant\u00eb p\u00ebr bashk\u00ebpunimin ton\u00eb v\u00ebllaz\u00ebror dhe t\u00eb frytsh\u00ebm.<\/span><\/p>\n<p style=\"text-align: justify;\">\n\t<span style=\"font-size: 12pt; color: #000000; font-family: helvetica;\">&nbsp; &nbsp; Gjat\u00eb shekullit t\u00eb 21-t\u00eb, p\u00ebr Kish\u00ebn ton\u00eb vazhdojn\u00eb t\u00eb mbeten jetike k\u00ebto \u00e7\u00ebshtje: a) Thellimi i unitetit t\u00eb Kishave Orthodhokse n\u00eb vende t\u00eb ndryshme, duke theksuar gjithmon\u00eb karakterin e tij misterial dhe sotiriologjik, kultivimin thelb\u00ebsor shpirt\u00ebror t\u00eb an\u00ebtar\u00ebve t\u00eb saj, duke iu referuar Shkrimit t\u00eb Shenjt\u00eb dhe tradit\u00ebs s\u00eb Et\u00ebrve t\u00eb Kish\u00ebs, duke fuqizuar vet\u00ebnd\u00ebrgjegj\u00ebsimin se Kisha \u00ebsht\u00eb \u201cTrupi i Krishtit\u201d, \u201cplot\u00ebsia e atij, q\u00eb i plot\u00ebson t\u00eb gjitha n\u00eb t\u00eb gjith\u00eb\u201d (Efes. 1:22-23). b) D\u00ebshmia dinamike Orthodhokse n\u00eb bot\u00ebn e sotme. Me sigurin\u00eb se Kisha q\u00eb \u00ebsht\u00eb Nj\u00eb, e Shenjt\u00eb, Katholike dhe Apostolike, s\u00eb cil\u00ebs i takojm\u00eb, nuk jeton vet\u00ebm p\u00ebr veten e saj, por \u00e7do gj\u00eb q\u00eb \u00ebsht\u00eb dhe q\u00eb ka, \u00ebsht\u00eb e destinuar p\u00ebr mbar\u00eb njer\u00ebzimin. c) Kontributi p\u00ebr bashk\u00ebjetes\u00ebn paq\u00ebsore dhe bashk\u00ebpunimin harmonik t\u00eb komuniteteve fetare n\u00eb vende t\u00eb ndryshme, duke u p\u00ebrpjekur q\u00eb t\u00eb nd\u00ebrtohen ura mbi kund\u00ebrshtit\u00eb, midis komuniteteve t\u00eb ndryshme t\u00eb krishtera dhe duke pasur si q\u00ebllim bashk\u00ebjetes\u00ebn paq\u00ebsore me njer\u00ebz t\u00eb bindjeve t\u00eb tjera fetare.<\/span><\/p>\n<p style=\"text-align: justify;\">\n\t<span style=\"font-size: 12pt; color: #000000; font-family: helvetica;\">&nbsp; &nbsp; N\u00eb nj\u00eb koh\u00eb kur dyshimet, polarizimet dhe konfliktet luftarake trazojn\u00eb planetin, Kisha duhet t\u00eb jet\u00eb faktor paqeje dhe bashk\u00ebpunimi harmonik. Para disa vitesh, n\u00eb nj\u00eb Simpozium Nd\u00ebrfetar (q\u00eb u mbajt n\u00eb Tiran\u00eb me tem\u00eb: \u201cA \u00ebsht\u00eb e mundur paqja bot\u00ebrore?\u201d), k\u00ebmb\u00ebngula n\u00eb tez\u00ebn se: N\u00eb analiz\u00eb t\u00eb fundit, e kund\u00ebrta e paqes nuk \u00ebsht\u00eb lufta, por egocentrizmi, individual, kolektiv, etnik, racor, fetar. Ai mobilizon format e ndryshme t\u00eb dhun\u00ebs, q\u00eb vrasin paqen me m\u00ebnyra t\u00eb ndryshme.<\/span><\/p>\n<p style=\"text-align: justify;\">\n\t<span style=\"font-size: 12pt; color: #000000; font-family: helvetica;\">&nbsp; &nbsp; Antidoti p\u00ebr egocentrizmin nuk jan\u00eb sugjerimet p\u00ebrgjith\u00ebsuese morale, as formulimet juridike dhe mekanizmat e shtypjes, por nevoj\u00eb urgjente \u00ebsht\u00eb fuqizimi i nj\u00eb dashurie, q\u00eb shprehet n\u00eb praktik\u00eb dhe q\u00eb \u00ebsht\u00eb shum\u00ebdimensionale, q\u00eb nuk kufizohet nga kufij, paragjykime e dallime. K\u00ebtu q\u00ebndron mund\u00ebsia dhe p\u00ebrgjegj\u00ebsia e jasht\u00ebzakonshme e nd\u00ebrgjegjes s\u00eb sh\u00ebndetshme fetare. Edhe n\u00eb kushtet e konflikteve shum\u00ebvje\u00e7are, kjo dhuron mund\u00ebsin\u00eb e faljes dhe t\u00eb pajtimit. Fuqia dhe pushteti i dashuris\u00eb duhet dhe mund ta mposht\u00eb d\u00ebshir\u00ebn p\u00ebr t\u00eb qen\u00eb i fuqish\u00ebm, e cila po e shkat\u00ebrron paqen. Kisha, si Trup Mistik i Krishtit, i Kryetarit t\u00eb paqes dhe t\u00eb dashuris\u00eb, funksionon gjithnj\u00eb si punishte dhe mbart\u00ebse e k\u00ebsaj fuqie t\u00eb jasht\u00ebzakonshme.<\/span><\/p>\n<p style=\"text-align: justify;\">\n\t<span style=\"font-size: 12pt; color: #000000; font-family: helvetica;\">&nbsp; &nbsp; M\u00ebnyra orthodhokse e realizimit t\u00eb k\u00ebtij detyrimi u p\u00ebrcaktua nga Themeluesi dhe Kryetari i Kish\u00ebs, Jisu Krishti. Pas Ngjalljes s\u00eb Tij t\u00eb triditshme, n\u00eb takimin e par\u00eb me nx\u00ebn\u00ebsit e Tij t\u00eb shkurajuar dhe pas p\u00ebrsh\u00ebndetjes \u201cPaqe mbi ju\u201d, Ai shtoi: \u201cSi\u00e7 m\u00eb d\u00ebrgoi Ati, edhe un\u00eb ju d\u00ebrgoj ju\u201d (Jn. 20:21). Krishti i Ngjallur nuk u kufizua vet\u00ebm duke u shpallur fitoren e Tij mbi padrejt\u00ebsin\u00eb, d\u00ebshp\u00ebrimin dhe vdekjen, por i ftoi n\u00eb di\u00e7ka unikale: T\u00eb marrin pjes\u00eb n\u00eb vepr\u00ebn e Tij, t\u00eb vazhdojn\u00eb p\u00ebrpjekjen e Tij q\u00eb t\u00eb mbizot\u00ebrojn\u00eb e v\u00ebrteta, pajtimi, dinjiteti, reciprociteti, paqja e v\u00ebrtet\u00eb. Jo me fuqin\u00eb dhe kriteret e pushtetit shtet\u00ebror dhe ekonomik, por me fuqin\u00eb e dashuris\u00eb s\u00eb painters, t\u00eb p\u00ebrul\u00ebsis\u00eb s\u00eb kthjell\u00ebt dhe t\u00eb p\u00ebrgjegjshm\u00ebris\u00eb s\u00eb paepur. Do t\u00eb jeni faktor\u00eb paqeje, pajtimi, krijimi me ndri\u00e7imin dhe veprimin e Shpirtit t\u00eb Shenjt\u00eb.<\/span><\/p>\n<p style=\"text-align: justify;\">\n\t<span style=\"font-size: 12pt; color: #000000; font-family: helvetica;\">&nbsp; &nbsp; P\u00ebrul\u00ebsin\u00eb e skajshme t\u00eb Krishtit, e cila vazhdon n\u00eb m\u00ebnyr\u00eb mistike, frytet e sakrific\u00ebs s\u00eb Kryqit dhe pasojat e Pashk\u00ebs s\u00eb re, ne orthodhoks\u00ebt i p\u00ebrjetojm\u00eb n\u00eb Misterin e Eukaristis\u00eb Hyjnore, q\u00eb e kryem pak m\u00eb par\u00eb. Fuqia e Kryqit dhe ngaz\u00ebllimi i Ngjalljes s\u00eb Krishtit e shnd\u00ebrrojn\u00eb p\u00ebrdit\u00ebsin\u00eb ton\u00eb, shpesh shum\u00eb t\u00eb mundimshme, n\u00eb \u201cliturgji pas Liturgjis\u00eb Hyjnore\u201d, me frym\u00eb paskale dhe rrezatim t\u00eb p\u00ebrvoj\u00ebs s\u00eb Ngjalljes n\u00eb mjedisin ton\u00eb.<\/span><\/p>\n<p style=\"text-align: justify;\">\n\t<span style=\"font-size: 12pt; color: #000000; font-family: helvetica;\">&nbsp; &nbsp; Fortlumturi dhe V\u00eblla fort i Shenjt\u00eb, duke shprehur edhe nj\u00ebher\u00eb g\u00ebzimin v\u00ebllaz\u00ebror dhe fal\u00ebnderimin ton\u00eb p\u00ebr bashk\u00ebmeshimin e sot\u00ebm, Ju urojm\u00eb: sh\u00ebndet t\u00eb fort\u00eb, vite t\u00eb shumta me m\u00eb tep\u00ebr entuziaz\u00ebm dhe frym\u00ebzim t\u00eb Shpirtit t\u00eb Shenjt\u00eb, q\u00eb, duke i p\u00ebrdorur dhuratat dhe mund\u00ebsit\u00eb q\u00eb Per\u00ebndia ju ka falur Juve dhe vendit Tuaj, t\u00eb baritoni Kish\u00ebn e Shenjt\u00eb t\u00eb Rusis\u00eb me urt\u00ebsi largpam\u00ebse dhe t\u00eb rrezatoni n\u00eb koh\u00ebn e sotme drit\u00ebn e Kryqit dhe t\u00eb Ngjalljes, drit\u00ebn e paper\u00ebndueshme paskale, q\u00eb i fal jet\u00ebs kuptim, shpres\u00eb dhe pasuri dashurie.<\/span><\/p>\n<p style=\"text-align: justify;\">\n\t&nbsp;<\/p>\n<p style=\"text-align: justify;\">\n\t<span style=\"font-size: 12pt; color: #000000; font-family: helvetica;\">&nbsp; &nbsp; \u0425\u0440\u0438\u0441\u0442\u043e\u0441 \u0412\u043e\u0441\u043a\u0440\u0435\u0441\u0435! Krishti u Ngjall! \u03a7\u03c1\u03b9\u03c3\u03c4\u03cc\u03c2 \u0391\u03bd\u03ad\u03c3\u03c4\u03b7!<\/span><\/p>\n<p style=\"text-align: justify;\">\n\t&nbsp;<\/p>\n<p style=\"text-align: center;\">\n\t<img class=\"lazyload\" decoding=\"async\" height=\"333\" src=\"data:image\/svg+xml,%3Csvg%20xmlns%3D%27http%3A%2F%2Fwww.w3.org%2F2000%2Fsvg%27%20width%3D%27500%27%20height%3D%27333%27%20viewBox%3D%270%200%20500%20333%27%3E%3Crect%20width%3D%27500%27%20height%3D%27333%27%20fill-opacity%3D%220%22%2F%3E%3C%2Fsvg%3E\" data-orig-src=\"https:\/\/orthodoxalbania.org\/2020\/wp-content\/uploads\/2020\/04\/0048.jpg\" style=\"display: block; margin: 10px auto; border: 1px solid #000000;\" width=\"500\" \/><\/p>\n<p style=\"text-align: center;\">\n\t<iframe allow=\"autoplay; encrypted-media\" allowfullscreen=\"\" frameborder=\"0\" height=\"333\" src=\"https:\/\/www.youtube.com\/embed\/TyeVUhQyyXg?rel=0\" width=\"500\"><\/iframe><\/p>\n","protected":false},"excerpt":{"rendered":"<p>&nbsp; &nbsp; KISHA ORTHODHOKSE AUTOQEFALE E SHQIP\u00cbRIS\u00cb &nbsp; VIZITA ZYRTARE E SHENJT\u00cbRIS\u00cb S\u00cb TIJ, PATRIARKUT T\u00cb MOSK\u00cbS DHE T\u00cb GJITH\u00cb RUSIVE, KIRILLIT, N\u00cb KISH\u00cbN ORTHODHOKSE AUTOQEFALE T\u00cb SHQIP\u00cbRIS\u00cb &nbsp; Mesh\u00eb e p\u00ebrbashk\u00ebt n\u00eb Kish\u00ebn e Hirshme Katedrale \u201cNgjallja e Krishtit\u201d, Tiran\u00eb &nbsp; E Diel, 29 prill 2018 &nbsp; Fjala e Fortlumturis\u00eb s\u00eb Tij, Kryepiskopit t\u00eb Tiran\u00ebs, Durr\u00ebsit dhe t\u00eb Gjith\u00eb Shqip\u00ebris\u00eb, Anastasit &nbsp; &nbsp; &nbsp;<\/p>\n","protected":false},"author":1,"featured_media":0,"comment_status":"open","ping_status":"open","sticky":false,"template":"","format":"standard","meta":{"_acf_changed":false,"pagelayer_contact_templates":[],"_pagelayer_content":"","inline_featured_image":false,"fifu_image_url":"","fifu_image_alt":"","footnotes":""},"categories":[108],"tags":[220,153,196,201,212],"class_list":["post-6553","post","type-post","status-publish","format-standard","hentry","category-lajme","tag-220","tag-deklarata-njoftime-zyrtare-d75","tag-tirane","tag-kryepiskopi-anastas","tag-lajme-d27"],"acf":[],"yoast_head":"<!-- This site is optimized with the Yoast SEO plugin v27.2 - https:\/\/yoast.com\/product\/yoast-seo-wordpress\/ -->\n<title>Fjala e Kryepiskopit Anastas n\u00eb Liturgjin\u00eb Hyjnore, Tiran\u00eb, 29.4.2018 - Kisha Orthodh\u03bfkse Autoqefale e Shqip\u00ebris\u00eb<\/title>\n<meta name=\"robots\" content=\"index, follow, max-snippet:-1, max-image-preview:large, max-video-preview:-1\" \/>\n<link rel=\"canonical\" href=\"https:\/\/orthodoxalbania.org\/2020\/2018\/04\/29\/fjala-e-kryepiskopit-anastas-ne-liturgjine-hyjnore-tirane-29-4-2018\/\" \/>\n<meta property=\"og:locale\" content=\"en_US\" \/>\n<meta property=\"og:type\" content=\"article\" \/>\n<meta property=\"og:title\" content=\"Fjala e Kryepiskopit Anastas n\u00eb Liturgjin\u00eb Hyjnore, Tiran\u00eb, 29.4.2018 - Kisha Orthodh\u03bfkse Autoqefale e Shqip\u00ebris\u00eb\" \/>\n<meta property=\"og:description\" content=\"&nbsp; &nbsp; KISHA ORTHODHOKSE AUTOQEFALE E SHQIP\u00cbRIS\u00cb &nbsp; VIZITA ZYRTARE E SHENJT\u00cbRIS\u00cb S\u00cb TIJ, PATRIARKUT T\u00cb MOSK\u00cbS DHE T\u00cb GJITH\u00cb RUSIVE, KIRILLIT, N\u00cb KISH\u00cbN ORTHODHOKSE AUTOQEFALE T\u00cb SHQIP\u00cbRIS\u00cb &nbsp; Mesh\u00eb e p\u00ebrbashk\u00ebt n\u00eb Kish\u00ebn e Hirshme Katedrale \u201cNgjallja e Krishtit\u201d, Tiran\u00eb &nbsp; E Diel, 29 prill 2018 &nbsp; Fjala e Fortlumturis\u00eb s\u00eb Tij, Kryepiskopit t\u00eb Tiran\u00ebs, Durr\u00ebsit dhe t\u00eb Gjith\u00eb Shqip\u00ebris\u00eb, Anastasit &nbsp; &nbsp; &nbsp;\" \/>\n<meta property=\"og:url\" content=\"https:\/\/orthodoxalbania.org\/2020\/2018\/04\/29\/fjala-e-kryepiskopit-anastas-ne-liturgjine-hyjnore-tirane-29-4-2018\/\" \/>\n<meta property=\"og:site_name\" content=\"Kisha Orthodh\u03bfkse Autoqefale e Shqip\u00ebris\u00eb\" \/>\n<meta property=\"article:publisher\" content=\"https:\/\/www.facebook.com\/koash1991\" \/>\n<meta property=\"article:published_time\" content=\"2018-04-29T14:55:04+00:00\" \/>\n<meta property=\"article:modified_time\" content=\"2020-04-06T19:58:09+00:00\" \/>\n<meta property=\"og:image\" content=\"https:\/\/lh4.googleusercontent.com\/-p6oTSlUmOrM\/U0UABsfjknI\/AAAAAAAAATs\/zlJeoFRksRE\/s577-no\/logo.png\" \/>\n<meta name=\"author\" content=\"Kisha Orthodhokse\" \/>\n<meta name=\"twitter:card\" content=\"summary_large_image\" \/>\n<meta name=\"twitter:label1\" content=\"Written by\" \/>\n\t<meta name=\"twitter:data1\" content=\"Kisha Orthodhokse\" \/>\n\t<meta name=\"twitter:label2\" content=\"Est. reading time\" \/>\n\t<meta name=\"twitter:data2\" content=\"7 minutes\" \/>\n<script type=\"application\/ld+json\" class=\"yoast-schema-graph\">{\"@context\":\"https:\/\/schema.org\",\"@graph\":[{\"@type\":\"Article\",\"@id\":\"https:\/\/orthodoxalbania.org\/2020\/2018\/04\/29\/fjala-e-kryepiskopit-anastas-ne-liturgjine-hyjnore-tirane-29-4-2018\/#article\",\"isPartOf\":{\"@id\":\"https:\/\/orthodoxalbania.org\/2020\/2018\/04\/29\/fjala-e-kryepiskopit-anastas-ne-liturgjine-hyjnore-tirane-29-4-2018\/\"},\"author\":{\"name\":\"Kisha Orthodhokse\",\"@id\":\"https:\/\/orthodoxalbania.org\/2020\/#\/schema\/person\/0c387634a7063ac612d7ed9ce71c7e86\"},\"headline\":\"Fjala e Kryepiskopit Anastas n\u00eb Liturgjin\u00eb Hyjnore, Tiran\u00eb, 29.4.2018\",\"datePublished\":\"2018-04-29T14:55:04+00:00\",\"dateModified\":\"2020-04-06T19:58:09+00:00\",\"mainEntityOfPage\":{\"@id\":\"https:\/\/orthodoxalbania.org\/2020\/2018\/04\/29\/fjala-e-kryepiskopit-anastas-ne-liturgjine-hyjnore-tirane-29-4-2018\/\"},\"wordCount\":1469,\"commentCount\":0,\"publisher\":{\"@id\":\"https:\/\/orthodoxalbania.org\/2020\/#organization\"},\"image\":{\"@id\":\"https:\/\/orthodoxalbania.org\/2020\/2018\/04\/29\/fjala-e-kryepiskopit-anastas-ne-liturgjine-hyjnore-tirane-29-4-2018\/#primaryimage\"},\"thumbnailUrl\":\"https:\/\/lh4.googleusercontent.com\/-p6oTSlUmOrM\/U0UABsfjknI\/AAAAAAAAATs\/zlJeoFRksRE\/s577-no\/logo.png\",\"keywords\":[\"2018\",\"Deklarata - Njoftime Zyrtare\",\"Kryepiskopata Tiran\u00eb\",\"Kryepiskopi Anastas\",\"lajme\"],\"articleSection\":[\"Lajme\"],\"inLanguage\":\"en-US\"},{\"@type\":\"WebPage\",\"@id\":\"https:\/\/orthodoxalbania.org\/2020\/2018\/04\/29\/fjala-e-kryepiskopit-anastas-ne-liturgjine-hyjnore-tirane-29-4-2018\/\",\"url\":\"https:\/\/orthodoxalbania.org\/2020\/2018\/04\/29\/fjala-e-kryepiskopit-anastas-ne-liturgjine-hyjnore-tirane-29-4-2018\/\",\"name\":\"Fjala e Kryepiskopit Anastas n\u00eb Liturgjin\u00eb Hyjnore, Tiran\u00eb, 29.4.2018 - Kisha Orthodh\u03bfkse Autoqefale e Shqip\u00ebris\u00eb\",\"isPartOf\":{\"@id\":\"https:\/\/orthodoxalbania.org\/2020\/#website\"},\"primaryImageOfPage\":{\"@id\":\"https:\/\/orthodoxalbania.org\/2020\/2018\/04\/29\/fjala-e-kryepiskopit-anastas-ne-liturgjine-hyjnore-tirane-29-4-2018\/#primaryimage\"},\"image\":{\"@id\":\"https:\/\/orthodoxalbania.org\/2020\/2018\/04\/29\/fjala-e-kryepiskopit-anastas-ne-liturgjine-hyjnore-tirane-29-4-2018\/#primaryimage\"},\"thumbnailUrl\":\"https:\/\/lh4.googleusercontent.com\/-p6oTSlUmOrM\/U0UABsfjknI\/AAAAAAAAATs\/zlJeoFRksRE\/s577-no\/logo.png\",\"datePublished\":\"2018-04-29T14:55:04+00:00\",\"dateModified\":\"2020-04-06T19:58:09+00:00\",\"breadcrumb\":{\"@id\":\"https:\/\/orthodoxalbania.org\/2020\/2018\/04\/29\/fjala-e-kryepiskopit-anastas-ne-liturgjine-hyjnore-tirane-29-4-2018\/#breadcrumb\"},\"inLanguage\":\"en-US\",\"potentialAction\":[{\"@type\":\"ReadAction\",\"target\":[\"https:\/\/orthodoxalbania.org\/2020\/2018\/04\/29\/fjala-e-kryepiskopit-anastas-ne-liturgjine-hyjnore-tirane-29-4-2018\/\"]}]},{\"@type\":\"ImageObject\",\"inLanguage\":\"en-US\",\"@id\":\"https:\/\/orthodoxalbania.org\/2020\/2018\/04\/29\/fjala-e-kryepiskopit-anastas-ne-liturgjine-hyjnore-tirane-29-4-2018\/#primaryimage\",\"url\":\"https:\/\/lh4.googleusercontent.com\/-p6oTSlUmOrM\/U0UABsfjknI\/AAAAAAAAATs\/zlJeoFRksRE\/s577-no\/logo.png\",\"contentUrl\":\"https:\/\/lh4.googleusercontent.com\/-p6oTSlUmOrM\/U0UABsfjknI\/AAAAAAAAATs\/zlJeoFRksRE\/s577-no\/logo.png\"},{\"@type\":\"BreadcrumbList\",\"@id\":\"https:\/\/orthodoxalbania.org\/2020\/2018\/04\/29\/fjala-e-kryepiskopit-anastas-ne-liturgjine-hyjnore-tirane-29-4-2018\/#breadcrumb\",\"itemListElement\":[{\"@type\":\"ListItem\",\"position\":1,\"name\":\"Home\",\"item\":\"https:\/\/orthodoxalbania.org\/2020\/\"},{\"@type\":\"ListItem\",\"position\":2,\"name\":\"Fjala e Kryepiskopit Anastas n\u00eb Liturgjin\u00eb Hyjnore, Tiran\u00eb, 29.4.2018\"}]},{\"@type\":\"WebSite\",\"@id\":\"https:\/\/orthodoxalbania.org\/2020\/#website\",\"url\":\"https:\/\/orthodoxalbania.org\/2020\/\",\"name\":\"Kisha Orthodh\u03bfkse Autoqefale e Shqip\u00ebris\u00eb\",\"description\":\"Fqja Zyrtare e Kish\u00ebs Orthodhokse Autoqefale e Shqip\u00ebris\u00eb me lajmet edhe informacionet zyrtare p\u00ebr struktur\u00ebn edhe veprimtarin e saj.\",\"publisher\":{\"@id\":\"https:\/\/orthodoxalbania.org\/2020\/#organization\"},\"potentialAction\":[{\"@type\":\"SearchAction\",\"target\":{\"@type\":\"EntryPoint\",\"urlTemplate\":\"https:\/\/orthodoxalbania.org\/2020\/?s={search_term_string}\"},\"query-input\":{\"@type\":\"PropertyValueSpecification\",\"valueRequired\":true,\"valueName\":\"search_term_string\"}}],\"inLanguage\":\"en-US\"},{\"@type\":\"Organization\",\"@id\":\"https:\/\/orthodoxalbania.org\/2020\/#organization\",\"name\":\"Kisha Orthodhokse Autoqefale e Shqip\u00ebris\u00eb\",\"url\":\"https:\/\/orthodoxalbania.org\/2020\/\",\"logo\":{\"@type\":\"ImageObject\",\"inLanguage\":\"en-US\",\"@id\":\"https:\/\/orthodoxalbania.org\/2020\/#\/schema\/logo\/image\/\",\"url\":\"https:\/\/orthodoxalbania.org\/2020\/wp-content\/uploads\/2020\/05\/albania.jpeg\",\"contentUrl\":\"https:\/\/orthodoxalbania.org\/2020\/wp-content\/uploads\/2020\/05\/albania.jpeg\",\"width\":540,\"height\":540,\"caption\":\"Kisha Orthodhokse Autoqefale e Shqip\u00ebris\u00eb\"},\"image\":{\"@id\":\"https:\/\/orthodoxalbania.org\/2020\/#\/schema\/logo\/image\/\"},\"sameAs\":[\"https:\/\/www.facebook.com\/koash1991\"]},{\"@type\":\"Person\",\"@id\":\"https:\/\/orthodoxalbania.org\/2020\/#\/schema\/person\/0c387634a7063ac612d7ed9ce71c7e86\",\"name\":\"Kisha Orthodhokse\",\"image\":{\"@type\":\"ImageObject\",\"inLanguage\":\"en-US\",\"@id\":\"https:\/\/secure.gravatar.com\/avatar\/596e7c417251e30f2fbb9c00e026fce61a695a00e51c889caded71c96cbbdde5?s=96&d=mm&r=g\",\"url\":\"https:\/\/secure.gravatar.com\/avatar\/596e7c417251e30f2fbb9c00e026fce61a695a00e51c889caded71c96cbbdde5?s=96&d=mm&r=g\",\"contentUrl\":\"https:\/\/secure.gravatar.com\/avatar\/596e7c417251e30f2fbb9c00e026fce61a695a00e51c889caded71c96cbbdde5?s=96&d=mm&r=g\",\"caption\":\"Kisha Orthodhokse\"}}]}<\/script>\n<!-- \/ Yoast SEO plugin. -->","yoast_head_json":{"title":"Fjala e Kryepiskopit Anastas n\u00eb Liturgjin\u00eb Hyjnore, Tiran\u00eb, 29.4.2018 - Kisha Orthodh\u03bfkse Autoqefale e Shqip\u00ebris\u00eb","robots":{"index":"index","follow":"follow","max-snippet":"max-snippet:-1","max-image-preview":"max-image-preview:large","max-video-preview":"max-video-preview:-1"},"canonical":"https:\/\/orthodoxalbania.org\/2020\/2018\/04\/29\/fjala-e-kryepiskopit-anastas-ne-liturgjine-hyjnore-tirane-29-4-2018\/","og_locale":"en_US","og_type":"article","og_title":"Fjala e Kryepiskopit Anastas n\u00eb Liturgjin\u00eb Hyjnore, Tiran\u00eb, 29.4.2018 - Kisha Orthodh\u03bfkse Autoqefale e Shqip\u00ebris\u00eb","og_description":"&nbsp; &nbsp; KISHA ORTHODHOKSE AUTOQEFALE E SHQIP\u00cbRIS\u00cb &nbsp; VIZITA ZYRTARE E SHENJT\u00cbRIS\u00cb S\u00cb TIJ, PATRIARKUT T\u00cb MOSK\u00cbS DHE T\u00cb GJITH\u00cb RUSIVE, KIRILLIT, N\u00cb KISH\u00cbN ORTHODHOKSE AUTOQEFALE T\u00cb SHQIP\u00cbRIS\u00cb &nbsp; Mesh\u00eb e p\u00ebrbashk\u00ebt n\u00eb Kish\u00ebn e Hirshme Katedrale \u201cNgjallja e Krishtit\u201d, Tiran\u00eb &nbsp; E Diel, 29 prill 2018 &nbsp; Fjala e Fortlumturis\u00eb s\u00eb Tij, Kryepiskopit t\u00eb Tiran\u00ebs, Durr\u00ebsit dhe t\u00eb Gjith\u00eb Shqip\u00ebris\u00eb, Anastasit &nbsp; &nbsp; &nbsp;","og_url":"https:\/\/orthodoxalbania.org\/2020\/2018\/04\/29\/fjala-e-kryepiskopit-anastas-ne-liturgjine-hyjnore-tirane-29-4-2018\/","og_site_name":"Kisha Orthodh\u03bfkse Autoqefale e Shqip\u00ebris\u00eb","article_publisher":"https:\/\/www.facebook.com\/koash1991","article_published_time":"2018-04-29T14:55:04+00:00","article_modified_time":"2020-04-06T19:58:09+00:00","og_image":[{"url":"https:\/\/lh4.googleusercontent.com\/-p6oTSlUmOrM\/U0UABsfjknI\/AAAAAAAAATs\/zlJeoFRksRE\/s577-no\/logo.png","type":"","width":"","height":""}],"author":"Kisha Orthodhokse","twitter_card":"summary_large_image","twitter_misc":{"Written by":"Kisha Orthodhokse","Est. reading time":"7 minutes"},"schema":{"@context":"https:\/\/schema.org","@graph":[{"@type":"Article","@id":"https:\/\/orthodoxalbania.org\/2020\/2018\/04\/29\/fjala-e-kryepiskopit-anastas-ne-liturgjine-hyjnore-tirane-29-4-2018\/#article","isPartOf":{"@id":"https:\/\/orthodoxalbania.org\/2020\/2018\/04\/29\/fjala-e-kryepiskopit-anastas-ne-liturgjine-hyjnore-tirane-29-4-2018\/"},"author":{"name":"Kisha Orthodhokse","@id":"https:\/\/orthodoxalbania.org\/2020\/#\/schema\/person\/0c387634a7063ac612d7ed9ce71c7e86"},"headline":"Fjala e Kryepiskopit Anastas n\u00eb Liturgjin\u00eb Hyjnore, Tiran\u00eb, 29.4.2018","datePublished":"2018-04-29T14:55:04+00:00","dateModified":"2020-04-06T19:58:09+00:00","mainEntityOfPage":{"@id":"https:\/\/orthodoxalbania.org\/2020\/2018\/04\/29\/fjala-e-kryepiskopit-anastas-ne-liturgjine-hyjnore-tirane-29-4-2018\/"},"wordCount":1469,"commentCount":0,"publisher":{"@id":"https:\/\/orthodoxalbania.org\/2020\/#organization"},"image":{"@id":"https:\/\/orthodoxalbania.org\/2020\/2018\/04\/29\/fjala-e-kryepiskopit-anastas-ne-liturgjine-hyjnore-tirane-29-4-2018\/#primaryimage"},"thumbnailUrl":"https:\/\/lh4.googleusercontent.com\/-p6oTSlUmOrM\/U0UABsfjknI\/AAAAAAAAATs\/zlJeoFRksRE\/s577-no\/logo.png","keywords":["2018","Deklarata - Njoftime Zyrtare","Kryepiskopata Tiran\u00eb","Kryepiskopi Anastas","lajme"],"articleSection":["Lajme"],"inLanguage":"en-US"},{"@type":"WebPage","@id":"https:\/\/orthodoxalbania.org\/2020\/2018\/04\/29\/fjala-e-kryepiskopit-anastas-ne-liturgjine-hyjnore-tirane-29-4-2018\/","url":"https:\/\/orthodoxalbania.org\/2020\/2018\/04\/29\/fjala-e-kryepiskopit-anastas-ne-liturgjine-hyjnore-tirane-29-4-2018\/","name":"Fjala e Kryepiskopit Anastas n\u00eb Liturgjin\u00eb Hyjnore, Tiran\u00eb, 29.4.2018 - Kisha Orthodh\u03bfkse Autoqefale e Shqip\u00ebris\u00eb","isPartOf":{"@id":"https:\/\/orthodoxalbania.org\/2020\/#website"},"primaryImageOfPage":{"@id":"https:\/\/orthodoxalbania.org\/2020\/2018\/04\/29\/fjala-e-kryepiskopit-anastas-ne-liturgjine-hyjnore-tirane-29-4-2018\/#primaryimage"},"image":{"@id":"https:\/\/orthodoxalbania.org\/2020\/2018\/04\/29\/fjala-e-kryepiskopit-anastas-ne-liturgjine-hyjnore-tirane-29-4-2018\/#primaryimage"},"thumbnailUrl":"https:\/\/lh4.googleusercontent.com\/-p6oTSlUmOrM\/U0UABsfjknI\/AAAAAAAAATs\/zlJeoFRksRE\/s577-no\/logo.png","datePublished":"2018-04-29T14:55:04+00:00","dateModified":"2020-04-06T19:58:09+00:00","breadcrumb":{"@id":"https:\/\/orthodoxalbania.org\/2020\/2018\/04\/29\/fjala-e-kryepiskopit-anastas-ne-liturgjine-hyjnore-tirane-29-4-2018\/#breadcrumb"},"inLanguage":"en-US","potentialAction":[{"@type":"ReadAction","target":["https:\/\/orthodoxalbania.org\/2020\/2018\/04\/29\/fjala-e-kryepiskopit-anastas-ne-liturgjine-hyjnore-tirane-29-4-2018\/"]}]},{"@type":"ImageObject","inLanguage":"en-US","@id":"https:\/\/orthodoxalbania.org\/2020\/2018\/04\/29\/fjala-e-kryepiskopit-anastas-ne-liturgjine-hyjnore-tirane-29-4-2018\/#primaryimage","url":"https:\/\/lh4.googleusercontent.com\/-p6oTSlUmOrM\/U0UABsfjknI\/AAAAAAAAATs\/zlJeoFRksRE\/s577-no\/logo.png","contentUrl":"https:\/\/lh4.googleusercontent.com\/-p6oTSlUmOrM\/U0UABsfjknI\/AAAAAAAAATs\/zlJeoFRksRE\/s577-no\/logo.png"},{"@type":"BreadcrumbList","@id":"https:\/\/orthodoxalbania.org\/2020\/2018\/04\/29\/fjala-e-kryepiskopit-anastas-ne-liturgjine-hyjnore-tirane-29-4-2018\/#breadcrumb","itemListElement":[{"@type":"ListItem","position":1,"name":"Home","item":"https:\/\/orthodoxalbania.org\/2020\/"},{"@type":"ListItem","position":2,"name":"Fjala e Kryepiskopit Anastas n\u00eb Liturgjin\u00eb Hyjnore, Tiran\u00eb, 29.4.2018"}]},{"@type":"WebSite","@id":"https:\/\/orthodoxalbania.org\/2020\/#website","url":"https:\/\/orthodoxalbania.org\/2020\/","name":"Kisha Orthodh\u03bfkse Autoqefale e Shqip\u00ebris\u00eb","description":"Fqja Zyrtare e Kish\u00ebs Orthodhokse Autoqefale e Shqip\u00ebris\u00eb me lajmet edhe informacionet zyrtare p\u00ebr struktur\u00ebn edhe veprimtarin e saj.","publisher":{"@id":"https:\/\/orthodoxalbania.org\/2020\/#organization"},"potentialAction":[{"@type":"SearchAction","target":{"@type":"EntryPoint","urlTemplate":"https:\/\/orthodoxalbania.org\/2020\/?s={search_term_string}"},"query-input":{"@type":"PropertyValueSpecification","valueRequired":true,"valueName":"search_term_string"}}],"inLanguage":"en-US"},{"@type":"Organization","@id":"https:\/\/orthodoxalbania.org\/2020\/#organization","name":"Kisha Orthodhokse Autoqefale e Shqip\u00ebris\u00eb","url":"https:\/\/orthodoxalbania.org\/2020\/","logo":{"@type":"ImageObject","inLanguage":"en-US","@id":"https:\/\/orthodoxalbania.org\/2020\/#\/schema\/logo\/image\/","url":"https:\/\/orthodoxalbania.org\/2020\/wp-content\/uploads\/2020\/05\/albania.jpeg","contentUrl":"https:\/\/orthodoxalbania.org\/2020\/wp-content\/uploads\/2020\/05\/albania.jpeg","width":540,"height":540,"caption":"Kisha Orthodhokse Autoqefale e Shqip\u00ebris\u00eb"},"image":{"@id":"https:\/\/orthodoxalbania.org\/2020\/#\/schema\/logo\/image\/"},"sameAs":["https:\/\/www.facebook.com\/koash1991"]},{"@type":"Person","@id":"https:\/\/orthodoxalbania.org\/2020\/#\/schema\/person\/0c387634a7063ac612d7ed9ce71c7e86","name":"Kisha Orthodhokse","image":{"@type":"ImageObject","inLanguage":"en-US","@id":"https:\/\/secure.gravatar.com\/avatar\/596e7c417251e30f2fbb9c00e026fce61a695a00e51c889caded71c96cbbdde5?s=96&d=mm&r=g","url":"https:\/\/secure.gravatar.com\/avatar\/596e7c417251e30f2fbb9c00e026fce61a695a00e51c889caded71c96cbbdde5?s=96&d=mm&r=g","contentUrl":"https:\/\/secure.gravatar.com\/avatar\/596e7c417251e30f2fbb9c00e026fce61a695a00e51c889caded71c96cbbdde5?s=96&d=mm&r=g","caption":"Kisha Orthodhokse"}}]}},"_links":{"self":[{"href":"https:\/\/orthodoxalbania.org\/2020\/wp-json\/wp\/v2\/posts\/6553","targetHints":{"allow":["GET"]}}],"collection":[{"href":"https:\/\/orthodoxalbania.org\/2020\/wp-json\/wp\/v2\/posts"}],"about":[{"href":"https:\/\/orthodoxalbania.org\/2020\/wp-json\/wp\/v2\/types\/post"}],"author":[{"embeddable":true,"href":"https:\/\/orthodoxalbania.org\/2020\/wp-json\/wp\/v2\/users\/1"}],"replies":[{"embeddable":true,"href":"https:\/\/orthodoxalbania.org\/2020\/wp-json\/wp\/v2\/comments?post=6553"}],"version-history":[{"count":1,"href":"https:\/\/orthodoxalbania.org\/2020\/wp-json\/wp\/v2\/posts\/6553\/revisions"}],"predecessor-version":[{"id":14783,"href":"https:\/\/orthodoxalbania.org\/2020\/wp-json\/wp\/v2\/posts\/6553\/revisions\/14783"}],"wp:attachment":[{"href":"https:\/\/orthodoxalbania.org\/2020\/wp-json\/wp\/v2\/media?parent=6553"}],"wp:term":[{"taxonomy":"category","embeddable":true,"href":"https:\/\/orthodoxalbania.org\/2020\/wp-json\/wp\/v2\/categories?post=6553"},{"taxonomy":"post_tag","embeddable":true,"href":"https:\/\/orthodoxalbania.org\/2020\/wp-json\/wp\/v2\/tags?post=6553"}],"curies":[{"name":"wp","href":"https:\/\/api.w.org\/{rel}","templated":true}]}}